{"id":8861,"date":"2021-11-11T11:00:00","date_gmt":"2021-11-11T14:00:00","guid":{"rendered":"https:\/\/www.agenciainfra.com\/blog\/?p=8861"},"modified":"2021-11-10T10:48:02","modified_gmt":"2021-11-10T13:48:02","slug":"infradebate-a-adocao-do-querosene-de-aviacao-jet-a-no-brasil-e-um-alento-para-a-industria-nacional","status":"publish","type":"post","link":"https:\/\/agenciainfra.com\/blog\/infradebate-a-adocao-do-querosene-de-aviacao-jet-a-no-brasil-e-um-alento-para-a-industria-nacional\/","title":{"rendered":"iNFRADebate: A ado\u00e7\u00e3o do querosene de avia\u00e7\u00e3o JET-A no Brasil \u00e9 um alento para a ind\u00fastria nacional"},"content":{"rendered":"\n<p class=\"has-text-align-right\"><strong>Dany de Oliveira*<\/strong><\/p>\n\n\n\n<p>Recentemente a ind\u00fastria de avia\u00e7\u00e3o brasileira p\u00f4de vislumbrar uma tr\u00e9gua, ap\u00f3s meses de turbul\u00eancia e instabilidade devido aos desafios que o setor global enfrenta desde o in\u00edcio da pandemia. O que muita gente n\u00e3o sabe, ou pode ter esquecido, \u00e9 que muito antes da pandemia j\u00e1 existiam alguns gargalos que impediam a ind\u00fastria de avia\u00e7\u00e3o nacional atingir seu potencial total. E o querosene de avia\u00e7\u00e3o \u00e9 um deles.<\/p>\n\n\n\n<p>Agora a ANP (Ag\u00eancia Nacional do Petr\u00f3leo, G\u00e1s Natural e Biocombust\u00edveis) editou a nova Resolu\u00e7\u00e3o ANP n\u00ba 856, de 21 de outubro de 2021, que estabelece as especifica\u00e7\u00f5es dos querosenes de avia\u00e7\u00e3o f\u00f3sseis e alternativos e autoriza a introdu\u00e7\u00e3o do querosene de avia\u00e7\u00e3o JET-A no pa\u00eds. O Brasil atualmente comercializa somente o JET-A1.<\/p>\n\n\n\n<p>A decis\u00e3o representa um passo fundamental rumo \u00e0s mudan\u00e7as necess\u00e1rias na cadeia de valor dos combust\u00edveis de avia\u00e7\u00e3o, permitindo a amplia\u00e7\u00e3o de poss\u00edveis origens de importa\u00e7\u00e3o e aumentando o potencial para futuras redu\u00e7\u00f5es de custos \u2014 por meio de uma abordagem abrangente e que impulsione maior concorr\u00eancia.<\/p>\n\n\n\n<p>Como o JET-A \u00e9 o \u00fanico combust\u00edvel dispon\u00edvel em diversos pa\u00edses das Am\u00e9ricas, incluindo os EUA, seu uso no Brasil poder\u00e1 estimular a importa\u00e7\u00e3o e gerar uma economia de ao menos 10 milh\u00f5es de d\u00f3lares por ano \u00e0s companhias a\u00e9reas que operam no pa\u00eds. Este \u00e9 um grande passo para o mercado a\u00e9reo no pa\u00eds e coloca o Brasil ao lado dos maiores mercados produtores mundiais. Cabe ainda lembrar que a gera\u00e7\u00e3o de efici\u00eancias pode refletir positivamente ao longo da etapa de retomada da conectividade devido \u00e0 retomada p\u00f3s-pandemia.<\/p>\n\n\n\n<p>A diferen\u00e7a entre o JET-A e o JET-A1 \u00e9 essencialmente o ponto de congelamento, sendo o primeiro de -40\u00b0C, contra -47\u00b0 do segundo. Em outras palavras: o uso do JET-A1 \u00e9 relevante para voos em rotas transpolares, especialmente durante os meses de inverno, caracter\u00edsticas n\u00e3o enfrentadas nos voos comerciais partindo do Brasil. Em suma, o JET-A&nbsp;\u00e9 apropriado e seguro para todos os voos comerciais partindo ou chegando ao pa\u00eds.<\/p>\n\n\n\n<p>A resolu\u00e7\u00e3o tamb\u00e9m reconhece os padr\u00f5es do Combust\u00edvel Sustent\u00e1vel de Avia\u00e7\u00e3o (SAF, na sigla original em ingl\u00eas para Sustainable Aviation Fuel) sob os padr\u00f5es da ATSM 7566 (American Society for Testing and Materials), que permitir\u00e1 sua comercializa\u00e7\u00e3o no mercado brasileiro. O SAF desempenha um papel fundamental para a ind\u00fastria da avia\u00e7\u00e3o atingir a meta de neutralizar emiss\u00f5es de carbono at\u00e9 2050, compromisso assumido pelas companhias a\u00e9reas durante a 77\u00aa Assembleia Geral Anual da Iata (Associa\u00e7\u00e3o Internacional de Transporte A\u00e9reo), realizada em Boston no in\u00edcio do m\u00eas.<\/p>\n\n\n\n<p>A iniciativa da ANP \u00e9 a base necess\u00e1ria rumo \u00e0 transforma\u00e7\u00e3o no curto prazo da realidade do setor no Brasil e merece toda a admira\u00e7\u00e3o das empresas a\u00e9reas. Contudo, est\u00e1 nas m\u00e3os da Petrobras tomar as decis\u00f5es estrat\u00e9gicas que viabilizem a modifica\u00e7\u00e3o de sua produ\u00e7\u00e3o e adotem o JET-A como padr\u00e3o de fornecimento de combust\u00edveis de avia\u00e7\u00e3o, permitindo o repasse dessa redu\u00e7\u00e3o de custos ao setor \u2014 medida necess\u00e1ria e positiva para atender \u00e0s necessidades de uma atividade econ\u00f4mica altamente impactante na gera\u00e7\u00e3o de empregos, riqueza e oportunidades de desenvolvimento da economia nacional e que tem pressa de promover a recupera\u00e7\u00e3o p\u00f3s pandemia.<\/p>\n\n\n\n<p>Outra quest\u00e3o fundamental a ser considerada para o desenvolvimento do setor a\u00e9reo no Brasil, e h\u00e1 muito&nbsp;tempo defendida pela ind\u00fastria, \u00e9 a transpar\u00eancia na precifica\u00e7\u00e3o dos distintos elementos da cadeia de valor, incluindo a necessidade de acesso aberto e justo sob regras claras para infraestrutura de combust\u00edvel. Isso permitir\u00e1 o aumento da concorr\u00eancia no mercado e uma abordagem abrangente para impostos de combust\u00edvel no Brasil. O pre\u00e7o do QAV (querosene de avia\u00e7\u00e3o) no Brasil \u00e9 um dos mais elevados do planeta, sendo urgente a ado\u00e7\u00e3o de reformas para redu\u00e7\u00e3o do custo fiscal imposto ao combust\u00edvel e sua precifica\u00e7\u00e3o. &nbsp;<\/p>\n\n\n\n<p>Dados os volumes atuais no Brasil, cada centavo a mais por gal\u00e3o (cag) no pre\u00e7o do combust\u00edvel tem um impacto anual de 20 milh\u00f5es de d\u00f3lares na ind\u00fastria. O efeito \u00e9 domin\u00f3 e afeta todo o tr\u00e1fego a\u00e9reo, j\u00e1 que o combust\u00edvel representa o custo operacional mais relevante para as companhias a\u00e9reas \u2014 mais de 30% contra menos de 25% para as americanas.<\/p>\n\n\n\n<p>Medidas que buscam aumentar a competitividade, efici\u00eancia e sustentabilidade da ind\u00fastria do transporte a\u00e9reo no longo prazo n\u00e3o s\u00e3o somente bem-vindas, s\u00e3o necess\u00e1rias para que a avia\u00e7\u00e3o consiga cumprir seu papel de estimular o desenvolvimento e a democratiza\u00e7\u00e3o do transporte a\u00e9reo, al\u00e9m de agir como indutora do crescimento econ\u00f4mico. Agora, mais do que nunca, cada passo rumo \u00e0s melhores pr\u00e1ticas internacionais deve ser celebrado e estimulado.<\/p>\n\n\n\n<h6 class=\"wp-block-heading\" id=\"block-aa9ff8cf-f9c2-435f-85ff-56a599c37bc9\"><strong>*Dany de Oliveira \u00e9 diretor-geral da Iata (Associa\u00e7\u00e3o Internacional de Transporte A\u00e9reo)<\/strong>.<\/h6>\n\n\n\n<h5 class=\"wp-block-heading\" id=\"block-d67878ff-7627-4f15-b175-8f58269174ff\">O iNFRADebate \u00e9 o espa\u00e7o de artigos da Ag\u00eancia iNFRA com opini\u00f5es de seus atores que n\u00e3o refletem necessariamente o pensamento da Ag\u00eancia iNFRA, sendo de total responsabilidade do autor as informa\u00e7\u00f5es, ju\u00edzos de valor e conceitos descritos no texto.<\/h5>\n","protected":false},"excerpt":{"rendered":"<p>Dany de Oliveira* Recentemente a ind\u00fastria de avia\u00e7\u00e3o brasileira p\u00f4de vislumbrar uma tr\u00e9gua, ap\u00f3s meses de turbul\u00eancia e instabilidade devido aos desafios que o setor global enfrenta desde o in\u00edcio da pandemia. O que muita gente n\u00e3o sabe, ou pode ter esquecido, \u00e9 que muito antes da pandemia j\u00e1 existiam alguns gargalos que impediam a [&hellip;]<\/p>\n","protected":false},"author":1,"featured_media":8863,"comment_status":"closed","ping_status":"closed","sticky":false,"template":"","format":"standard","meta":{"_monsterinsights_skip_tracking":false,"_monsterinsights_sitenote_active":false,"_monsterinsights_sitenote_note":"","_monsterinsights_sitenote_category":0,"footnotes":""},"categories":[1,11],"tags":[1101,236,314,1390,5101,5100,1512,5099,362,235],"class_list":["post-8861","post","type-post","status-publish","format-standard","has-post-thumbnail","hentry","category-geral","category-infradebate","tag-anp","tag-aviacao","tag-combustiveis","tag-iata","tag-industria-nacional","tag-jet-a","tag-qav","tag-querosene","tag-transporte-aereo","tag-voos"],"yoast_head":"<!-- This site is optimized with the Yoast SEO Premium plugin v25.4 (Yoast SEO v26.0) - https:\/\/yoast.com\/wordpress\/plugins\/seo\/ -->\n<title>iNFRADebate: A ado\u00e7\u00e3o do querosene de avia\u00e7\u00e3o JET-A no Brasil \u00e9 um alento para a ind\u00fastria nacional - Ag\u00eancia iNFRA<\/title>\n<meta name=\"robots\" content=\"index, follow, max-snippet:-1, max-image-preview:large, max-video-preview:-1\" \/>\n<link rel=\"canonical\" href=\"https:\/\/agenciainfra.com\/blog\/infradebate-a-adocao-do-querosene-de-aviacao-jet-a-no-brasil-e-um-alento-para-a-industria-nacional\/\" \/>\n<meta property=\"og:locale\" content=\"pt_BR\" \/>\n<meta property=\"og:type\" content=\"article\" \/>\n<meta property=\"og:title\" content=\"iNFRADebate: A ado\u00e7\u00e3o do querosene de avia\u00e7\u00e3o JET-A no Brasil \u00e9 um alento para a ind\u00fastria nacional\" \/>\n<meta property=\"og:description\" content=\"Dany de Oliveira* Recentemente a ind\u00fastria de avia\u00e7\u00e3o brasileira p\u00f4de vislumbrar uma tr\u00e9gua, ap\u00f3s meses de turbul\u00eancia e instabilidade devido aos desafios que o setor global enfrenta desde o in\u00edcio da pandemia. O que muita gente n\u00e3o sabe, ou pode ter esquecido, \u00e9 que muito antes da pandemia j\u00e1 existiam alguns gargalos que impediam a [&hellip;]\" \/>\n<meta property=\"og:url\" content=\"https:\/\/agenciainfra.com\/blog\/infradebate-a-adocao-do-querosene-de-aviacao-jet-a-no-brasil-e-um-alento-para-a-industria-nacional\/\" \/>\n<meta property=\"og:site_name\" content=\"Ag\u00eancia iNFRA\" \/>\n<meta property=\"article:publisher\" content=\"https:\/\/www.facebook.com\/ageninfra\" \/>\n<meta property=\"article:published_time\" content=\"2021-11-11T14:00:00+00:00\" \/>\n<meta property=\"og:image\" content=\"https:\/\/agenciainfra.com\/blog\/wp-content\/uploads\/2021\/11\/qav-combustivel-aviacao-foto-petrobras-divulgacao.png\" \/>\n\t<meta property=\"og:image:width\" content=\"1280\" \/>\n\t<meta property=\"og:image:height\" content=\"848\" \/>\n\t<meta property=\"og:image:type\" content=\"image\/png\" \/>\n<meta name=\"author\" content=\"Ag\u00eancia iNFRA\" \/>\n<meta name=\"twitter:card\" content=\"summary_large_image\" \/>\n<meta name=\"twitter:creator\" content=\"@agencia_infra\" \/>\n<meta name=\"twitter:site\" content=\"@agencia_infra\" \/>\n<meta name=\"twitter:label1\" content=\"Escrito por\" \/>\n\t<meta name=\"twitter:data1\" content=\"Ag\u00eancia iNFRA\" \/>\n\t<meta name=\"twitter:label2\" content=\"Est. tempo de leitura\" \/>\n\t<meta name=\"twitter:data2\" content=\"5 minutos\" \/>\n<script type=\"application\/ld+json\" class=\"yoast-schema-graph\">{\"@context\":\"https:\/\/schema.org\",\"@graph\":[{\"@type\":\"Article\",\"@id\":\"https:\/\/agenciainfra.com\/blog\/infradebate-a-adocao-do-querosene-de-aviacao-jet-a-no-brasil-e-um-alento-para-a-industria-nacional\/#article\",\"isPartOf\":{\"@id\":\"https:\/\/agenciainfra.com\/blog\/infradebate-a-adocao-do-querosene-de-aviacao-jet-a-no-brasil-e-um-alento-para-a-industria-nacional\/\"},\"author\":{\"name\":\"Ag\u00eancia iNFRA\",\"@id\":\"https:\/\/agenciainfra.com\/blog\/#\/schema\/person\/34af08dff6adea4cb22b06612ba7acfa\"},\"headline\":\"iNFRADebate: A ado\u00e7\u00e3o do querosene de avia\u00e7\u00e3o JET-A no Brasil \u00e9 um alento para a ind\u00fastria nacional\",\"datePublished\":\"2021-11-11T14:00:00+00:00\",\"mainEntityOfPage\":{\"@id\":\"https:\/\/agenciainfra.com\/blog\/infradebate-a-adocao-do-querosene-de-aviacao-jet-a-no-brasil-e-um-alento-para-a-industria-nacional\/\"},\"wordCount\":925,\"publisher\":{\"@id\":\"https:\/\/agenciainfra.com\/blog\/#organization\"},\"image\":{\"@id\":\"https:\/\/agenciainfra.com\/blog\/infradebate-a-adocao-do-querosene-de-aviacao-jet-a-no-brasil-e-um-alento-para-a-industria-nacional\/#primaryimage\"},\"thumbnailUrl\":\"https:\/\/agenciainfra.com\/blog\/wp-content\/uploads\/2021\/11\/qav-combustivel-aviacao-foto-petrobras-divulgacao.png\",\"keywords\":[\"ANP\",\"avia\u00e7\u00e3o\",\"combust\u00edveis\",\"IATA\",\"ind\u00fastria nacional\",\"JET-A\",\"QAV\",\"querosene\",\"transporte a\u00e9reo\",\"voos\"],\"articleSection\":[\"Geral\",\"iNFRADebate\"],\"inLanguage\":\"pt-BR\",\"copyrightYear\":\"2021\",\"copyrightHolder\":{\"@id\":\"https:\/\/agenciainfra.com\/blog\/#organization\"}},{\"@type\":\"WebPage\",\"@id\":\"https:\/\/agenciainfra.com\/blog\/infradebate-a-adocao-do-querosene-de-aviacao-jet-a-no-brasil-e-um-alento-para-a-industria-nacional\/\",\"url\":\"https:\/\/agenciainfra.com\/blog\/infradebate-a-adocao-do-querosene-de-aviacao-jet-a-no-brasil-e-um-alento-para-a-industria-nacional\/\",\"name\":\"iNFRADebate: A ado\u00e7\u00e3o do querosene de avia\u00e7\u00e3o JET-A no Brasil \u00e9 um alento para a ind\u00fastria nacional - Ag\u00eancia iNFRA\",\"isPartOf\":{\"@id\":\"https:\/\/agenciainfra.com\/blog\/#website\"},\"primaryImageOfPage\":{\"@id\":\"https:\/\/agenciainfra.com\/blog\/infradebate-a-adocao-do-querosene-de-aviacao-jet-a-no-brasil-e-um-alento-para-a-industria-nacional\/#primaryimage\"},\"image\":{\"@id\":\"https:\/\/agenciainfra.com\/blog\/infradebate-a-adocao-do-querosene-de-aviacao-jet-a-no-brasil-e-um-alento-para-a-industria-nacional\/#primaryimage\"},\"thumbnailUrl\":\"https:\/\/agenciainfra.com\/blog\/wp-content\/uploads\/2021\/11\/qav-combustivel-aviacao-foto-petrobras-divulgacao.png\",\"datePublished\":\"2021-11-11T14:00:00+00:00\",\"breadcrumb\":{\"@id\":\"https:\/\/agenciainfra.com\/blog\/infradebate-a-adocao-do-querosene-de-aviacao-jet-a-no-brasil-e-um-alento-para-a-industria-nacional\/#breadcrumb\"},\"inLanguage\":\"pt-BR\",\"potentialAction\":[{\"@type\":\"ReadAction\",\"target\":[\"https:\/\/agenciainfra.com\/blog\/infradebate-a-adocao-do-querosene-de-aviacao-jet-a-no-brasil-e-um-alento-para-a-industria-nacional\/\"]}]},{\"@type\":\"ImageObject\",\"inLanguage\":\"pt-BR\",\"@id\":\"https:\/\/agenciainfra.com\/blog\/infradebate-a-adocao-do-querosene-de-aviacao-jet-a-no-brasil-e-um-alento-para-a-industria-nacional\/#primaryimage\",\"url\":\"https:\/\/agenciainfra.com\/blog\/wp-content\/uploads\/2021\/11\/qav-combustivel-aviacao-foto-petrobras-divulgacao.png\",\"contentUrl\":\"https:\/\/agenciainfra.com\/blog\/wp-content\/uploads\/2021\/11\/qav-combustivel-aviacao-foto-petrobras-divulgacao.png\",\"width\":1280,\"height\":848,\"caption\":\"Foto: Petrobras\/Divulga\u00e7\u00e3o\"},{\"@type\":\"BreadcrumbList\",\"@id\":\"https:\/\/agenciainfra.com\/blog\/infradebate-a-adocao-do-querosene-de-aviacao-jet-a-no-brasil-e-um-alento-para-a-industria-nacional\/#breadcrumb\",\"itemListElement\":[{\"@type\":\"ListItem\",\"position\":1,\"name\":\"In\u00edcio\",\"item\":\"https:\/\/agenciainfra.com\/blog\/\"},{\"@type\":\"ListItem\",\"position\":2,\"name\":\"iNFRADebate: A ado\u00e7\u00e3o do querosene de avia\u00e7\u00e3o JET-A no Brasil \u00e9 um alento para a ind\u00fastria nacional\"}]},{\"@type\":\"WebSite\",\"@id\":\"https:\/\/agenciainfra.com\/blog\/#website\",\"url\":\"https:\/\/agenciainfra.com\/blog\/\",\"name\":\"Ag\u00eancia iNFRA\",\"description\":\"Multiplataforma de informa\u00e7\u00e3o jornal\u00edstica refer\u00eancia na \u00e1rea de infraestrutura no Brasil!\",\"publisher\":{\"@id\":\"https:\/\/agenciainfra.com\/blog\/#organization\"},\"potentialAction\":[{\"@type\":\"SearchAction\",\"target\":{\"@type\":\"EntryPoint\",\"urlTemplate\":\"https:\/\/agenciainfra.com\/blog\/?s={search_term_string}\"},\"query-input\":{\"@type\":\"PropertyValueSpecification\",\"valueRequired\":true,\"valueName\":\"search_term_string\"}}],\"inLanguage\":\"pt-BR\"},{\"@type\":\"Organization\",\"@id\":\"https:\/\/agenciainfra.com\/blog\/#organization\",\"name\":\"Ag\u00eancia iNFRA\",\"url\":\"https:\/\/agenciainfra.com\/blog\/\",\"logo\":{\"@type\":\"ImageObject\",\"inLanguage\":\"pt-BR\",\"@id\":\"https:\/\/agenciainfra.com\/blog\/#\/schema\/logo\/image\/\",\"url\":\"https:\/\/agenciainfra.com\/blog\/wp-content\/uploads\/2023\/09\/iNFRA_5-e1761735885940.png\",\"contentUrl\":\"https:\/\/agenciainfra.com\/blog\/wp-content\/uploads\/2023\/09\/iNFRA_5-e1761735885940.png\",\"width\":1672,\"height\":454,\"caption\":\"Ag\u00eancia iNFRA\"},\"image\":{\"@id\":\"https:\/\/agenciainfra.com\/blog\/#\/schema\/logo\/image\/\"},\"sameAs\":[\"https:\/\/www.facebook.com\/ageninfra\",\"https:\/\/x.com\/agencia_infra\",\"https:\/\/www.linkedin.com\/company\/ag\u00eanciainfra\/\",\"https:\/\/www.instagram.com\/agenciainfra\/\"]},{\"@type\":\"Person\",\"@id\":\"https:\/\/agenciainfra.com\/blog\/#\/schema\/person\/34af08dff6adea4cb22b06612ba7acfa\",\"name\":\"Ag\u00eancia iNFRA\",\"image\":{\"@type\":\"ImageObject\",\"inLanguage\":\"pt-BR\",\"@id\":\"https:\/\/agenciainfra.com\/blog\/#\/schema\/person\/image\/\",\"url\":\"https:\/\/secure.gravatar.com\/avatar\/d189e01678f06d8eb84d4e01f08eb848b3fffe3f8443818d3c356c66892f5be8?s=96&d=mm&r=g\",\"contentUrl\":\"https:\/\/secure.gravatar.com\/avatar\/d189e01678f06d8eb84d4e01f08eb848b3fffe3f8443818d3c356c66892f5be8?s=96&d=mm&r=g\",\"caption\":\"Ag\u00eancia iNFRA\"},\"url\":\"https:\/\/agenciainfra.com\/blog\/author\/admin\/\"}]}<\/script>\n<!-- \/ Yoast SEO Premium plugin. -->","yoast_head_json":{"title":"iNFRADebate: A ado\u00e7\u00e3o do querosene de avia\u00e7\u00e3o JET-A no Brasil \u00e9 um alento para a ind\u00fastria nacional - Ag\u00eancia iNFRA","robots":{"index":"index","follow":"follow","max-snippet":"max-snippet:-1","max-image-preview":"max-image-preview:large","max-video-preview":"max-video-preview:-1"},"canonical":"https:\/\/agenciainfra.com\/blog\/infradebate-a-adocao-do-querosene-de-aviacao-jet-a-no-brasil-e-um-alento-para-a-industria-nacional\/","og_locale":"pt_BR","og_type":"article","og_title":"iNFRADebate: A ado\u00e7\u00e3o do querosene de avia\u00e7\u00e3o JET-A no Brasil \u00e9 um alento para a ind\u00fastria nacional","og_description":"Dany de Oliveira* Recentemente a ind\u00fastria de avia\u00e7\u00e3o brasileira p\u00f4de vislumbrar uma tr\u00e9gua, ap\u00f3s meses de turbul\u00eancia e instabilidade devido aos desafios que o setor global enfrenta desde o in\u00edcio da pandemia. O que muita gente n\u00e3o sabe, ou pode ter esquecido, \u00e9 que muito antes da pandemia j\u00e1 existiam alguns gargalos que impediam a [&hellip;]","og_url":"https:\/\/agenciainfra.com\/blog\/infradebate-a-adocao-do-querosene-de-aviacao-jet-a-no-brasil-e-um-alento-para-a-industria-nacional\/","og_site_name":"Ag\u00eancia iNFRA","article_publisher":"https:\/\/www.facebook.com\/ageninfra","article_published_time":"2021-11-11T14:00:00+00:00","og_image":[{"width":1280,"height":848,"url":"https:\/\/agenciainfra.com\/blog\/wp-content\/uploads\/2021\/11\/qav-combustivel-aviacao-foto-petrobras-divulgacao.png","type":"image\/png"}],"author":"Ag\u00eancia iNFRA","twitter_card":"summary_large_image","twitter_creator":"@agencia_infra","twitter_site":"@agencia_infra","twitter_misc":{"Escrito por":"Ag\u00eancia iNFRA","Est. tempo de leitura":"5 minutos"},"schema":{"@context":"https:\/\/schema.org","@graph":[{"@type":"Article","@id":"https:\/\/agenciainfra.com\/blog\/infradebate-a-adocao-do-querosene-de-aviacao-jet-a-no-brasil-e-um-alento-para-a-industria-nacional\/#article","isPartOf":{"@id":"https:\/\/agenciainfra.com\/blog\/infradebate-a-adocao-do-querosene-de-aviacao-jet-a-no-brasil-e-um-alento-para-a-industria-nacional\/"},"author":{"name":"Ag\u00eancia iNFRA","@id":"https:\/\/agenciainfra.com\/blog\/#\/schema\/person\/34af08dff6adea4cb22b06612ba7acfa"},"headline":"iNFRADebate: A ado\u00e7\u00e3o do querosene de avia\u00e7\u00e3o JET-A no Brasil \u00e9 um alento para a ind\u00fastria nacional","datePublished":"2021-11-11T14:00:00+00:00","mainEntityOfPage":{"@id":"https:\/\/agenciainfra.com\/blog\/infradebate-a-adocao-do-querosene-de-aviacao-jet-a-no-brasil-e-um-alento-para-a-industria-nacional\/"},"wordCount":925,"publisher":{"@id":"https:\/\/agenciainfra.com\/blog\/#organization"},"image":{"@id":"https:\/\/agenciainfra.com\/blog\/infradebate-a-adocao-do-querosene-de-aviacao-jet-a-no-brasil-e-um-alento-para-a-industria-nacional\/#primaryimage"},"thumbnailUrl":"https:\/\/agenciainfra.com\/blog\/wp-content\/uploads\/2021\/11\/qav-combustivel-aviacao-foto-petrobras-divulgacao.png","keywords":["ANP","avia\u00e7\u00e3o","combust\u00edveis","IATA","ind\u00fastria nacional","JET-A","QAV","querosene","transporte a\u00e9reo","voos"],"articleSection":["Geral","iNFRADebate"],"inLanguage":"pt-BR","copyrightYear":"2021","copyrightHolder":{"@id":"https:\/\/agenciainfra.com\/blog\/#organization"}},{"@type":"WebPage","@id":"https:\/\/agenciainfra.com\/blog\/infradebate-a-adocao-do-querosene-de-aviacao-jet-a-no-brasil-e-um-alento-para-a-industria-nacional\/","url":"https:\/\/agenciainfra.com\/blog\/infradebate-a-adocao-do-querosene-de-aviacao-jet-a-no-brasil-e-um-alento-para-a-industria-nacional\/","name":"iNFRADebate: A ado\u00e7\u00e3o do querosene de avia\u00e7\u00e3o JET-A no Brasil \u00e9 um alento para a ind\u00fastria nacional - Ag\u00eancia iNFRA","isPartOf":{"@id":"https:\/\/agenciainfra.com\/blog\/#website"},"primaryImageOfPage":{"@id":"https:\/\/agenciainfra.com\/blog\/infradebate-a-adocao-do-querosene-de-aviacao-jet-a-no-brasil-e-um-alento-para-a-industria-nacional\/#primaryimage"},"image":{"@id":"https:\/\/agenciainfra.com\/blog\/infradebate-a-adocao-do-querosene-de-aviacao-jet-a-no-brasil-e-um-alento-para-a-industria-nacional\/#primaryimage"},"thumbnailUrl":"https:\/\/agenciainfra.com\/blog\/wp-content\/uploads\/2021\/11\/qav-combustivel-aviacao-foto-petrobras-divulgacao.png","datePublished":"2021-11-11T14:00:00+00:00","breadcrumb":{"@id":"https:\/\/agenciainfra.com\/blog\/infradebate-a-adocao-do-querosene-de-aviacao-jet-a-no-brasil-e-um-alento-para-a-industria-nacional\/#breadcrumb"},"inLanguage":"pt-BR","potentialAction":[{"@type":"ReadAction","target":["https:\/\/agenciainfra.com\/blog\/infradebate-a-adocao-do-querosene-de-aviacao-jet-a-no-brasil-e-um-alento-para-a-industria-nacional\/"]}]},{"@type":"ImageObject","inLanguage":"pt-BR","@id":"https:\/\/agenciainfra.com\/blog\/infradebate-a-adocao-do-querosene-de-aviacao-jet-a-no-brasil-e-um-alento-para-a-industria-nacional\/#primaryimage","url":"https:\/\/agenciainfra.com\/blog\/wp-content\/uploads\/2021\/11\/qav-combustivel-aviacao-foto-petrobras-divulgacao.png","contentUrl":"https:\/\/agenciainfra.com\/blog\/wp-content\/uploads\/2021\/11\/qav-combustivel-aviacao-foto-petrobras-divulgacao.png","width":1280,"height":848,"caption":"Foto: Petrobras\/Divulga\u00e7\u00e3o"},{"@type":"BreadcrumbList","@id":"https:\/\/agenciainfra.com\/blog\/infradebate-a-adocao-do-querosene-de-aviacao-jet-a-no-brasil-e-um-alento-para-a-industria-nacional\/#breadcrumb","itemListElement":[{"@type":"ListItem","position":1,"name":"In\u00edcio","item":"https:\/\/agenciainfra.com\/blog\/"},{"@type":"ListItem","position":2,"name":"iNFRADebate: A ado\u00e7\u00e3o do querosene de avia\u00e7\u00e3o JET-A no Brasil \u00e9 um alento para a ind\u00fastria nacional"}]},{"@type":"WebSite","@id":"https:\/\/agenciainfra.com\/blog\/#website","url":"https:\/\/agenciainfra.com\/blog\/","name":"Ag\u00eancia iNFRA","description":"Multiplataforma de informa\u00e7\u00e3o jornal\u00edstica refer\u00eancia na \u00e1rea de infraestrutura no Brasil!","publisher":{"@id":"https:\/\/agenciainfra.com\/blog\/#organization"},"potentialAction":[{"@type":"SearchAction","target":{"@type":"EntryPoint","urlTemplate":"https:\/\/agenciainfra.com\/blog\/?s={search_term_string}"},"query-input":{"@type":"PropertyValueSpecification","valueRequired":true,"valueName":"search_term_string"}}],"inLanguage":"pt-BR"},{"@type":"Organization","@id":"https:\/\/agenciainfra.com\/blog\/#organization","name":"Ag\u00eancia iNFRA","url":"https:\/\/agenciainfra.com\/blog\/","logo":{"@type":"ImageObject","inLanguage":"pt-BR","@id":"https:\/\/agenciainfra.com\/blog\/#\/schema\/logo\/image\/","url":"https:\/\/agenciainfra.com\/blog\/wp-content\/uploads\/2023\/09\/iNFRA_5-e1761735885940.png","contentUrl":"https:\/\/agenciainfra.com\/blog\/wp-content\/uploads\/2023\/09\/iNFRA_5-e1761735885940.png","width":1672,"height":454,"caption":"Ag\u00eancia iNFRA"},"image":{"@id":"https:\/\/agenciainfra.com\/blog\/#\/schema\/logo\/image\/"},"sameAs":["https:\/\/www.facebook.com\/ageninfra","https:\/\/x.com\/agencia_infra","https:\/\/www.linkedin.com\/company\/ag\u00eanciainfra\/","https:\/\/www.instagram.com\/agenciainfra\/"]},{"@type":"Person","@id":"https:\/\/agenciainfra.com\/blog\/#\/schema\/person\/34af08dff6adea4cb22b06612ba7acfa","name":"Ag\u00eancia iNFRA","image":{"@type":"ImageObject","inLanguage":"pt-BR","@id":"https:\/\/agenciainfra.com\/blog\/#\/schema\/person\/image\/","url":"https:\/\/secure.gravatar.com\/avatar\/d189e01678f06d8eb84d4e01f08eb848b3fffe3f8443818d3c356c66892f5be8?s=96&d=mm&r=g","contentUrl":"https:\/\/secure.gravatar.com\/avatar\/d189e01678f06d8eb84d4e01f08eb848b3fffe3f8443818d3c356c66892f5be8?s=96&d=mm&r=g","caption":"Ag\u00eancia iNFRA"},"url":"https:\/\/agenciainfra.com\/blog\/author\/admin\/"}]}},"_links":{"self":[{"href":"https:\/\/agenciainfra.com\/blog\/wp-json\/wp\/v2\/posts\/8861","targetHints":{"allow":["GET"]}}],"collection":[{"href":"https:\/\/agenciainfra.com\/blog\/wp-json\/wp\/v2\/posts"}],"about":[{"href":"https:\/\/agenciainfra.com\/blog\/wp-json\/wp\/v2\/types\/post"}],"author":[{"embeddable":true,"href":"https:\/\/agenciainfra.com\/blog\/wp-json\/wp\/v2\/users\/1"}],"replies":[{"embeddable":true,"href":"https:\/\/agenciainfra.com\/blog\/wp-json\/wp\/v2\/comments?post=8861"}],"version-history":[{"count":0,"href":"https:\/\/agenciainfra.com\/blog\/wp-json\/wp\/v2\/posts\/8861\/revisions"}],"wp:featuredmedia":[{"embeddable":true,"href":"https:\/\/agenciainfra.com\/blog\/wp-json\/wp\/v2\/media\/8863"}],"wp:attachment":[{"href":"https:\/\/agenciainfra.com\/blog\/wp-json\/wp\/v2\/media?parent=8861"}],"wp:term":[{"taxonomy":"category","embeddable":true,"href":"https:\/\/agenciainfra.com\/blog\/wp-json\/wp\/v2\/categories?post=8861"},{"taxonomy":"post_tag","embeddable":true,"href":"https:\/\/agenciainfra.com\/blog\/wp-json\/wp\/v2\/tags?post=8861"}],"curies":[{"name":"wp","href":"https:\/\/api.w.org\/{rel}","templated":true}]}}