{"id":8868,"date":"2021-11-10T11:00:00","date_gmt":"2021-11-10T14:00:00","guid":{"rendered":"https:\/\/www.agenciainfra.com\/blog\/?p=8868"},"modified":"2021-11-10T10:39:47","modified_gmt":"2021-11-10T13:39:47","slug":"ministro-da-infraestrutura-confirma-presenca-na-abertura-do-p3c-em-sao-paulo","status":"publish","type":"post","link":"https:\/\/agenciainfra.com\/blog\/ministro-da-infraestrutura-confirma-presenca-na-abertura-do-p3c-em-sao-paulo\/","title":{"rendered":"Ministro da Infraestrutura confirma presen\u00e7a na abertura do P3C, em S\u00e3o Paulo"},"content":{"rendered":"\n<p class=\"has-text-align-right\"><strong>da Ag\u00eancia iNFRA<\/strong><\/p>\n\n\n\n<p>O ministro da Infraestrutura, Tarc\u00edsio de Freitas, confirmou participa\u00e7\u00e3o na abertura da 1\u00aa edi\u00e7\u00e3o da&nbsp;Confer\u00eancia P3C &#8211; PPPs e Concess\u00f5es \u2013 Investimentos em Infraestrutura no Brasil, que ser\u00e1 realizada nos dias 23 e 24 de novembro. Tarc\u00edsio ser\u00e1 keynote speaker nacional e participar\u00e1 junto ao professor de economia Paul Milgrom, ganhador do Pr\u00eamio Nobel e cofundador da Auctionomics, ambos por tel\u00e3o, em tempo real.<\/p>\n\n\n\n<p>As palestras, os pain\u00e9is de debates e a entrega dos pr\u00eamios ser\u00e3o transmitidos ao vivo pela B3. O acesso \u00e0 transmiss\u00e3o \u00e9 poss\u00edvel mediante inscri\u00e7\u00e3o. Assinantes da&nbsp;<strong>Ag\u00eancia iNFRA,&nbsp;<\/strong>que acessarem as inscri\u00e7\u00f5es por meio&nbsp;<a href=\"https:\/\/agenciainfra.us14.list-manage.com\/track\/click?u=d460dd1bcf9ba0ae040e1fc0f&amp;id=7a70c7133d&amp;e=8d54f1ad19\" target=\"_blank\" rel=\"noreferrer noopener\">deste link<\/a>, t\u00eam um desconto especial nas inscri\u00e7\u00f5es, somente at\u00e9 hoje (10).<\/p>\n\n\n\n<p>O evento conceder\u00e1 o &#8220;Pr\u00eamio Cumprimento de Contratos de Concess\u00e3o e PPP durante a Pandemia&#8221; a ente p\u00fablico ou ag\u00eancia reguladora que garantiu, por meio de suas iniciativas, o cumprimento dos contratos de concess\u00e3o e PPPs (parcerias p\u00fablico-privadas) no per\u00edodo da pandemia de Covid-19. Seu intuito \u00e9 reconhecer o empenho e as dilig\u00eancias tomadas pelas entidades, essenciais em garantir a seguran\u00e7a jur\u00eddica no setor de infraestrutura e a estabilidade econ\u00f4mico-financeira dos contratos. &nbsp;<\/p>\n\n\n\n<p>As inscri\u00e7\u00f5es para concorrer ao pr\u00eamio encerraram-se nesta ter\u00e7a-feira (9). Os organizadores selecionar\u00e3o as iniciativas indicadas a cada categoria de premia\u00e7\u00e3o, para que a comiss\u00e3o avaliadora eleja, por meio de vota\u00e7\u00e3o, as ganhadoras, entre os dias 10 e 15 de novembro. As categorias ser\u00e3o baseadas no n\u00famero de iniciativas inscritas, dando destaque a fatores como &nbsp;transpar\u00eancia, agilidade, inova\u00e7\u00e3o, entre outros.<\/p>\n\n\n\n<p>A cerim\u00f4nia de entrega dos pr\u00eamios ocorrer\u00e1 no dia 24 de novembro, em S\u00e3o Paulo, na sede da B3, a bolsa de valores do Brasil, que, juntamente com a empresa Necta, faz parte da correaliza\u00e7\u00e3o do evento, contando ainda com o apoio da&nbsp;<strong>Ag\u00eancia iNFRA<\/strong>.&nbsp;Mais informa\u00e7\u00f5es est\u00e3o dispon\u00edveis no&nbsp;<a href=\"https:\/\/agenciainfra.us14.list-manage.com\/track\/click?u=d460dd1bcf9ba0ae040e1fc0f&amp;id=69715d3f10&amp;e=8d54f1ad19\" target=\"_blank\" rel=\"noreferrer noopener\">site da P3C<\/a>.<\/p>\n","protected":false},"excerpt":{"rendered":"<p>da Ag\u00eancia iNFRA O ministro da Infraestrutura, Tarc\u00edsio de Freitas, confirmou participa\u00e7\u00e3o na abertura da 1\u00aa edi\u00e7\u00e3o da&nbsp;Confer\u00eancia P3C &#8211; PPPs e Concess\u00f5es \u2013 Investimentos em Infraestrutura no Brasil, que ser\u00e1 realizada nos dias 23 e 24 de novembro. Tarc\u00edsio ser\u00e1 keynote speaker nacional e participar\u00e1 junto ao professor de economia Paul Milgrom, ganhador do [&hellip;]<\/p>\n","protected":false},"author":1,"featured_media":4616,"comment_status":"closed","ping_status":"closed","sticky":false,"template":"","format":"standard","meta":{"_monsterinsights_skip_tracking":false,"_monsterinsights_sitenote_active":false,"_monsterinsights_sitenote_note":"","_monsterinsights_sitenote_category":0,"footnotes":""},"categories":[1,2053],"tags":[78,4840,34,775,5089,1936,406,2449,448],"class_list":["post-8868","post","type-post","status-publish","format-standard","has-post-thumbnail","hentry","category-geral","category-infraliveventos","tag-concessoes","tag-contratos-de-concessao","tag-infraestrutura","tag-ministerio-da-infraestrutura","tag-p3c","tag-pandemia","tag-ppps","tag-seguranca-juridica","tag-tarcisio-de-freitas"],"yoast_head":"<!-- This site is optimized with the Yoast SEO Premium plugin v25.4 (Yoast SEO v26.0) - https:\/\/yoast.com\/wordpress\/plugins\/seo\/ -->\n<title>Ministro da Infraestrutura confirma presen\u00e7a na abertura do P3C, em S\u00e3o Paulo - Ag\u00eancia iNFRA<\/title>\n<meta name=\"robots\" content=\"index, follow, max-snippet:-1, max-image-preview:large, max-video-preview:-1\" \/>\n<link rel=\"canonical\" href=\"https:\/\/agenciainfra.com\/blog\/ministro-da-infraestrutura-confirma-presenca-na-abertura-do-p3c-em-sao-paulo\/\" \/>\n<meta property=\"og:locale\" content=\"pt_BR\" \/>\n<meta property=\"og:type\" content=\"article\" \/>\n<meta property=\"og:title\" content=\"Ministro da Infraestrutura confirma presen\u00e7a na abertura do P3C, em S\u00e3o Paulo\" \/>\n<meta property=\"og:description\" content=\"da Ag\u00eancia iNFRA O ministro da Infraestrutura, Tarc\u00edsio de Freitas, confirmou participa\u00e7\u00e3o na abertura da 1\u00aa edi\u00e7\u00e3o da&nbsp;Confer\u00eancia P3C &#8211; PPPs e Concess\u00f5es \u2013 Investimentos em Infraestrutura no Brasil, que ser\u00e1 realizada nos dias 23 e 24 de novembro. Tarc\u00edsio ser\u00e1 keynote speaker nacional e participar\u00e1 junto ao professor de economia Paul Milgrom, ganhador do [&hellip;]\" \/>\n<meta property=\"og:url\" content=\"https:\/\/agenciainfra.com\/blog\/ministro-da-infraestrutura-confirma-presenca-na-abertura-do-p3c-em-sao-paulo\/\" \/>\n<meta property=\"og:site_name\" content=\"Ag\u00eancia iNFRA\" \/>\n<meta property=\"article:publisher\" content=\"https:\/\/www.facebook.com\/ageninfra\" \/>\n<meta property=\"article:published_time\" content=\"2021-11-10T14:00:00+00:00\" \/>\n<meta property=\"og:image\" content=\"https:\/\/agenciainfra.com\/blog\/wp-content\/uploads\/2020\/03\/tarcisio-de-freitas-foto-ricardo-botelho-minfra.jpg\" \/>\n\t<meta property=\"og:image:width\" content=\"1280\" \/>\n\t<meta property=\"og:image:height\" content=\"854\" \/>\n\t<meta property=\"og:image:type\" content=\"image\/jpeg\" \/>\n<meta name=\"author\" content=\"Ag\u00eancia iNFRA\" \/>\n<meta name=\"twitter:card\" content=\"summary_large_image\" \/>\n<meta name=\"twitter:creator\" content=\"@agencia_infra\" \/>\n<meta name=\"twitter:site\" content=\"@agencia_infra\" \/>\n<meta name=\"twitter:label1\" content=\"Escrito por\" \/>\n\t<meta name=\"twitter:data1\" content=\"Ag\u00eancia iNFRA\" \/>\n\t<meta name=\"twitter:label2\" content=\"Est. tempo de leitura\" \/>\n\t<meta name=\"twitter:data2\" content=\"2 minutos\" \/>\n<script type=\"application\/ld+json\" class=\"yoast-schema-graph\">{\"@context\":\"https:\/\/schema.org\",\"@graph\":[{\"@type\":\"Article\",\"@id\":\"https:\/\/agenciainfra.com\/blog\/ministro-da-infraestrutura-confirma-presenca-na-abertura-do-p3c-em-sao-paulo\/#article\",\"isPartOf\":{\"@id\":\"https:\/\/agenciainfra.com\/blog\/ministro-da-infraestrutura-confirma-presenca-na-abertura-do-p3c-em-sao-paulo\/\"},\"author\":{\"name\":\"Ag\u00eancia iNFRA\",\"@id\":\"https:\/\/agenciainfra.com\/blog\/#\/schema\/person\/34af08dff6adea4cb22b06612ba7acfa\"},\"headline\":\"Ministro da Infraestrutura confirma presen\u00e7a na abertura do P3C, em S\u00e3o Paulo\",\"datePublished\":\"2021-11-10T14:00:00+00:00\",\"mainEntityOfPage\":{\"@id\":\"https:\/\/agenciainfra.com\/blog\/ministro-da-infraestrutura-confirma-presenca-na-abertura-do-p3c-em-sao-paulo\/\"},\"wordCount\":363,\"publisher\":{\"@id\":\"https:\/\/agenciainfra.com\/blog\/#organization\"},\"image\":{\"@id\":\"https:\/\/agenciainfra.com\/blog\/ministro-da-infraestrutura-confirma-presenca-na-abertura-do-p3c-em-sao-paulo\/#primaryimage\"},\"thumbnailUrl\":\"https:\/\/agenciainfra.com\/blog\/wp-content\/uploads\/2020\/03\/tarcisio-de-freitas-foto-ricardo-botelho-minfra.jpg\",\"keywords\":[\"concess\u00f5es\",\"contratos de concess\u00e3o\",\"Infraestrutura\",\"Minist\u00e9rio da Infraestrutura\",\"P3C\",\"pandemia\",\"PPPs\",\"seguran\u00e7a jur\u00eddica\",\"Tarc\u00edsio de Freitas\"],\"articleSection\":[\"Geral\",\"iNFRALive e Eventos\"],\"inLanguage\":\"pt-BR\",\"copyrightYear\":\"2021\",\"copyrightHolder\":{\"@id\":\"https:\/\/agenciainfra.com\/blog\/#organization\"}},{\"@type\":\"WebPage\",\"@id\":\"https:\/\/agenciainfra.com\/blog\/ministro-da-infraestrutura-confirma-presenca-na-abertura-do-p3c-em-sao-paulo\/\",\"url\":\"https:\/\/agenciainfra.com\/blog\/ministro-da-infraestrutura-confirma-presenca-na-abertura-do-p3c-em-sao-paulo\/\",\"name\":\"Ministro da Infraestrutura confirma presen\u00e7a na abertura do P3C, em S\u00e3o Paulo - Ag\u00eancia iNFRA\",\"isPartOf\":{\"@id\":\"https:\/\/agenciainfra.com\/blog\/#website\"},\"primaryImageOfPage\":{\"@id\":\"https:\/\/agenciainfra.com\/blog\/ministro-da-infraestrutura-confirma-presenca-na-abertura-do-p3c-em-sao-paulo\/#primaryimage\"},\"image\":{\"@id\":\"https:\/\/agenciainfra.com\/blog\/ministro-da-infraestrutura-confirma-presenca-na-abertura-do-p3c-em-sao-paulo\/#primaryimage\"},\"thumbnailUrl\":\"https:\/\/agenciainfra.com\/blog\/wp-content\/uploads\/2020\/03\/tarcisio-de-freitas-foto-ricardo-botelho-minfra.jpg\",\"datePublished\":\"2021-11-10T14:00:00+00:00\",\"breadcrumb\":{\"@id\":\"https:\/\/agenciainfra.com\/blog\/ministro-da-infraestrutura-confirma-presenca-na-abertura-do-p3c-em-sao-paulo\/#breadcrumb\"},\"inLanguage\":\"pt-BR\",\"potentialAction\":[{\"@type\":\"ReadAction\",\"target\":[\"https:\/\/agenciainfra.com\/blog\/ministro-da-infraestrutura-confirma-presenca-na-abertura-do-p3c-em-sao-paulo\/\"]}]},{\"@type\":\"ImageObject\",\"inLanguage\":\"pt-BR\",\"@id\":\"https:\/\/agenciainfra.com\/blog\/ministro-da-infraestrutura-confirma-presenca-na-abertura-do-p3c-em-sao-paulo\/#primaryimage\",\"url\":\"https:\/\/agenciainfra.com\/blog\/wp-content\/uploads\/2020\/03\/tarcisio-de-freitas-foto-ricardo-botelho-minfra.jpg\",\"contentUrl\":\"https:\/\/agenciainfra.com\/blog\/wp-content\/uploads\/2020\/03\/tarcisio-de-freitas-foto-ricardo-botelho-minfra.jpg\",\"width\":1280,\"height\":854},{\"@type\":\"BreadcrumbList\",\"@id\":\"https:\/\/agenciainfra.com\/blog\/ministro-da-infraestrutura-confirma-presenca-na-abertura-do-p3c-em-sao-paulo\/#breadcrumb\",\"itemListElement\":[{\"@type\":\"ListItem\",\"position\":1,\"name\":\"In\u00edcio\",\"item\":\"https:\/\/agenciainfra.com\/blog\/\"},{\"@type\":\"ListItem\",\"position\":2,\"name\":\"Ministro da Infraestrutura confirma presen\u00e7a na abertura do P3C, em S\u00e3o Paulo\"}]},{\"@type\":\"WebSite\",\"@id\":\"https:\/\/agenciainfra.com\/blog\/#website\",\"url\":\"https:\/\/agenciainfra.com\/blog\/\",\"name\":\"Ag\u00eancia iNFRA\",\"description\":\"Multiplataforma de informa\u00e7\u00e3o jornal\u00edstica refer\u00eancia na \u00e1rea de infraestrutura no Brasil!\",\"publisher\":{\"@id\":\"https:\/\/agenciainfra.com\/blog\/#organization\"},\"potentialAction\":[{\"@type\":\"SearchAction\",\"target\":{\"@type\":\"EntryPoint\",\"urlTemplate\":\"https:\/\/agenciainfra.com\/blog\/?s={search_term_string}\"},\"query-input\":{\"@type\":\"PropertyValueSpecification\",\"valueRequired\":true,\"valueName\":\"search_term_string\"}}],\"inLanguage\":\"pt-BR\"},{\"@type\":\"Organization\",\"@id\":\"https:\/\/agenciainfra.com\/blog\/#organization\",\"name\":\"Ag\u00eancia iNFRA\",\"url\":\"https:\/\/agenciainfra.com\/blog\/\",\"logo\":{\"@type\":\"ImageObject\",\"inLanguage\":\"pt-BR\",\"@id\":\"https:\/\/agenciainfra.com\/blog\/#\/schema\/logo\/image\/\",\"url\":\"https:\/\/agenciainfra.com\/blog\/wp-content\/uploads\/2023\/09\/iNFRA_5-e1761735885940.png\",\"contentUrl\":\"https:\/\/agenciainfra.com\/blog\/wp-content\/uploads\/2023\/09\/iNFRA_5-e1761735885940.png\",\"width\":1672,\"height\":454,\"caption\":\"Ag\u00eancia iNFRA\"},\"image\":{\"@id\":\"https:\/\/agenciainfra.com\/blog\/#\/schema\/logo\/image\/\"},\"sameAs\":[\"https:\/\/www.facebook.com\/ageninfra\",\"https:\/\/x.com\/agencia_infra\",\"https:\/\/www.linkedin.com\/company\/ag\u00eanciainfra\/\",\"https:\/\/www.instagram.com\/agenciainfra\/\"]},{\"@type\":\"Person\",\"@id\":\"https:\/\/agenciainfra.com\/blog\/#\/schema\/person\/34af08dff6adea4cb22b06612ba7acfa\",\"name\":\"Ag\u00eancia iNFRA\",\"image\":{\"@type\":\"ImageObject\",\"inLanguage\":\"pt-BR\",\"@id\":\"https:\/\/agenciainfra.com\/blog\/#\/schema\/person\/image\/\",\"url\":\"https:\/\/secure.gravatar.com\/avatar\/d189e01678f06d8eb84d4e01f08eb848b3fffe3f8443818d3c356c66892f5be8?s=96&d=mm&r=g\",\"contentUrl\":\"https:\/\/secure.gravatar.com\/avatar\/d189e01678f06d8eb84d4e01f08eb848b3fffe3f8443818d3c356c66892f5be8?s=96&d=mm&r=g\",\"caption\":\"Ag\u00eancia iNFRA\"},\"url\":\"https:\/\/agenciainfra.com\/blog\/author\/admin\/\"}]}<\/script>\n<!-- \/ Yoast SEO Premium plugin. -->","yoast_head_json":{"title":"Ministro da Infraestrutura confirma presen\u00e7a na abertura do P3C, em S\u00e3o Paulo - Ag\u00eancia iNFRA","robots":{"index":"index","follow":"follow","max-snippet":"max-snippet:-1","max-image-preview":"max-image-preview:large","max-video-preview":"max-video-preview:-1"},"canonical":"https:\/\/agenciainfra.com\/blog\/ministro-da-infraestrutura-confirma-presenca-na-abertura-do-p3c-em-sao-paulo\/","og_locale":"pt_BR","og_type":"article","og_title":"Ministro da Infraestrutura confirma presen\u00e7a na abertura do P3C, em S\u00e3o Paulo","og_description":"da Ag\u00eancia iNFRA O ministro da Infraestrutura, Tarc\u00edsio de Freitas, confirmou participa\u00e7\u00e3o na abertura da 1\u00aa edi\u00e7\u00e3o da&nbsp;Confer\u00eancia P3C &#8211; PPPs e Concess\u00f5es \u2013 Investimentos em Infraestrutura no Brasil, que ser\u00e1 realizada nos dias 23 e 24 de novembro. Tarc\u00edsio ser\u00e1 keynote speaker nacional e participar\u00e1 junto ao professor de economia Paul Milgrom, ganhador do [&hellip;]","og_url":"https:\/\/agenciainfra.com\/blog\/ministro-da-infraestrutura-confirma-presenca-na-abertura-do-p3c-em-sao-paulo\/","og_site_name":"Ag\u00eancia iNFRA","article_publisher":"https:\/\/www.facebook.com\/ageninfra","article_published_time":"2021-11-10T14:00:00+00:00","og_image":[{"width":1280,"height":854,"url":"https:\/\/agenciainfra.com\/blog\/wp-content\/uploads\/2020\/03\/tarcisio-de-freitas-foto-ricardo-botelho-minfra.jpg","type":"image\/jpeg"}],"author":"Ag\u00eancia iNFRA","twitter_card":"summary_large_image","twitter_creator":"@agencia_infra","twitter_site":"@agencia_infra","twitter_misc":{"Escrito por":"Ag\u00eancia iNFRA","Est. tempo de leitura":"2 minutos"},"schema":{"@context":"https:\/\/schema.org","@graph":[{"@type":"Article","@id":"https:\/\/agenciainfra.com\/blog\/ministro-da-infraestrutura-confirma-presenca-na-abertura-do-p3c-em-sao-paulo\/#article","isPartOf":{"@id":"https:\/\/agenciainfra.com\/blog\/ministro-da-infraestrutura-confirma-presenca-na-abertura-do-p3c-em-sao-paulo\/"},"author":{"name":"Ag\u00eancia iNFRA","@id":"https:\/\/agenciainfra.com\/blog\/#\/schema\/person\/34af08dff6adea4cb22b06612ba7acfa"},"headline":"Ministro da Infraestrutura confirma presen\u00e7a na abertura do P3C, em S\u00e3o Paulo","datePublished":"2021-11-10T14:00:00+00:00","mainEntityOfPage":{"@id":"https:\/\/agenciainfra.com\/blog\/ministro-da-infraestrutura-confirma-presenca-na-abertura-do-p3c-em-sao-paulo\/"},"wordCount":363,"publisher":{"@id":"https:\/\/agenciainfra.com\/blog\/#organization"},"image":{"@id":"https:\/\/agenciainfra.com\/blog\/ministro-da-infraestrutura-confirma-presenca-na-abertura-do-p3c-em-sao-paulo\/#primaryimage"},"thumbnailUrl":"https:\/\/agenciainfra.com\/blog\/wp-content\/uploads\/2020\/03\/tarcisio-de-freitas-foto-ricardo-botelho-minfra.jpg","keywords":["concess\u00f5es","contratos de concess\u00e3o","Infraestrutura","Minist\u00e9rio da Infraestrutura","P3C","pandemia","PPPs","seguran\u00e7a jur\u00eddica","Tarc\u00edsio de Freitas"],"articleSection":["Geral","iNFRALive e Eventos"],"inLanguage":"pt-BR","copyrightYear":"2021","copyrightHolder":{"@id":"https:\/\/agenciainfra.com\/blog\/#organization"}},{"@type":"WebPage","@id":"https:\/\/agenciainfra.com\/blog\/ministro-da-infraestrutura-confirma-presenca-na-abertura-do-p3c-em-sao-paulo\/","url":"https:\/\/agenciainfra.com\/blog\/ministro-da-infraestrutura-confirma-presenca-na-abertura-do-p3c-em-sao-paulo\/","name":"Ministro da Infraestrutura confirma presen\u00e7a na abertura do P3C, em S\u00e3o Paulo - Ag\u00eancia iNFRA","isPartOf":{"@id":"https:\/\/agenciainfra.com\/blog\/#website"},"primaryImageOfPage":{"@id":"https:\/\/agenciainfra.com\/blog\/ministro-da-infraestrutura-confirma-presenca-na-abertura-do-p3c-em-sao-paulo\/#primaryimage"},"image":{"@id":"https:\/\/agenciainfra.com\/blog\/ministro-da-infraestrutura-confirma-presenca-na-abertura-do-p3c-em-sao-paulo\/#primaryimage"},"thumbnailUrl":"https:\/\/agenciainfra.com\/blog\/wp-content\/uploads\/2020\/03\/tarcisio-de-freitas-foto-ricardo-botelho-minfra.jpg","datePublished":"2021-11-10T14:00:00+00:00","breadcrumb":{"@id":"https:\/\/agenciainfra.com\/blog\/ministro-da-infraestrutura-confirma-presenca-na-abertura-do-p3c-em-sao-paulo\/#breadcrumb"},"inLanguage":"pt-BR","potentialAction":[{"@type":"ReadAction","target":["https:\/\/agenciainfra.com\/blog\/ministro-da-infraestrutura-confirma-presenca-na-abertura-do-p3c-em-sao-paulo\/"]}]},{"@type":"ImageObject","inLanguage":"pt-BR","@id":"https:\/\/agenciainfra.com\/blog\/ministro-da-infraestrutura-confirma-presenca-na-abertura-do-p3c-em-sao-paulo\/#primaryimage","url":"https:\/\/agenciainfra.com\/blog\/wp-content\/uploads\/2020\/03\/tarcisio-de-freitas-foto-ricardo-botelho-minfra.jpg","contentUrl":"https:\/\/agenciainfra.com\/blog\/wp-content\/uploads\/2020\/03\/tarcisio-de-freitas-foto-ricardo-botelho-minfra.jpg","width":1280,"height":854},{"@type":"BreadcrumbList","@id":"https:\/\/agenciainfra.com\/blog\/ministro-da-infraestrutura-confirma-presenca-na-abertura-do-p3c-em-sao-paulo\/#breadcrumb","itemListElement":[{"@type":"ListItem","position":1,"name":"In\u00edcio","item":"https:\/\/agenciainfra.com\/blog\/"},{"@type":"ListItem","position":2,"name":"Ministro da Infraestrutura confirma presen\u00e7a na abertura do P3C, em S\u00e3o Paulo"}]},{"@type":"WebSite","@id":"https:\/\/agenciainfra.com\/blog\/#website","url":"https:\/\/agenciainfra.com\/blog\/","name":"Ag\u00eancia iNFRA","description":"Multiplataforma de informa\u00e7\u00e3o jornal\u00edstica refer\u00eancia na \u00e1rea de infraestrutura no Brasil!","publisher":{"@id":"https:\/\/agenciainfra.com\/blog\/#organization"},"potentialAction":[{"@type":"SearchAction","target":{"@type":"EntryPoint","urlTemplate":"https:\/\/agenciainfra.com\/blog\/?s={search_term_string}"},"query-input":{"@type":"PropertyValueSpecification","valueRequired":true,"valueName":"search_term_string"}}],"inLanguage":"pt-BR"},{"@type":"Organization","@id":"https:\/\/agenciainfra.com\/blog\/#organization","name":"Ag\u00eancia iNFRA","url":"https:\/\/agenciainfra.com\/blog\/","logo":{"@type":"ImageObject","inLanguage":"pt-BR","@id":"https:\/\/agenciainfra.com\/blog\/#\/schema\/logo\/image\/","url":"https:\/\/agenciainfra.com\/blog\/wp-content\/uploads\/2023\/09\/iNFRA_5-e1761735885940.png","contentUrl":"https:\/\/agenciainfra.com\/blog\/wp-content\/uploads\/2023\/09\/iNFRA_5-e1761735885940.png","width":1672,"height":454,"caption":"Ag\u00eancia iNFRA"},"image":{"@id":"https:\/\/agenciainfra.com\/blog\/#\/schema\/logo\/image\/"},"sameAs":["https:\/\/www.facebook.com\/ageninfra","https:\/\/x.com\/agencia_infra","https:\/\/www.linkedin.com\/company\/ag\u00eanciainfra\/","https:\/\/www.instagram.com\/agenciainfra\/"]},{"@type":"Person","@id":"https:\/\/agenciainfra.com\/blog\/#\/schema\/person\/34af08dff6adea4cb22b06612ba7acfa","name":"Ag\u00eancia iNFRA","image":{"@type":"ImageObject","inLanguage":"pt-BR","@id":"https:\/\/agenciainfra.com\/blog\/#\/schema\/person\/image\/","url":"https:\/\/secure.gravatar.com\/avatar\/d189e01678f06d8eb84d4e01f08eb848b3fffe3f8443818d3c356c66892f5be8?s=96&d=mm&r=g","contentUrl":"https:\/\/secure.gravatar.com\/avatar\/d189e01678f06d8eb84d4e01f08eb848b3fffe3f8443818d3c356c66892f5be8?s=96&d=mm&r=g","caption":"Ag\u00eancia iNFRA"},"url":"https:\/\/agenciainfra.com\/blog\/author\/admin\/"}]}},"_links":{"self":[{"href":"https:\/\/agenciainfra.com\/blog\/wp-json\/wp\/v2\/posts\/8868","targetHints":{"allow":["GET"]}}],"collection":[{"href":"https:\/\/agenciainfra.com\/blog\/wp-json\/wp\/v2\/posts"}],"about":[{"href":"https:\/\/agenciainfra.com\/blog\/wp-json\/wp\/v2\/types\/post"}],"author":[{"embeddable":true,"href":"https:\/\/agenciainfra.com\/blog\/wp-json\/wp\/v2\/users\/1"}],"replies":[{"embeddable":true,"href":"https:\/\/agenciainfra.com\/blog\/wp-json\/wp\/v2\/comments?post=8868"}],"version-history":[{"count":0,"href":"https:\/\/agenciainfra.com\/blog\/wp-json\/wp\/v2\/posts\/8868\/revisions"}],"wp:featuredmedia":[{"embeddable":true,"href":"https:\/\/agenciainfra.com\/blog\/wp-json\/wp\/v2\/media\/4616"}],"wp:attachment":[{"href":"https:\/\/agenciainfra.com\/blog\/wp-json\/wp\/v2\/media?parent=8868"}],"wp:term":[{"taxonomy":"category","embeddable":true,"href":"https:\/\/agenciainfra.com\/blog\/wp-json\/wp\/v2\/categories?post=8868"},{"taxonomy":"post_tag","embeddable":true,"href":"https:\/\/agenciainfra.com\/blog\/wp-json\/wp\/v2\/tags?post=8868"}],"curies":[{"name":"wp","href":"https:\/\/api.w.org\/{rel}","templated":true}]}}