{"id":8870,"date":"2021-11-12T08:00:00","date_gmt":"2021-11-12T11:00:00","guid":{"rendered":"https:\/\/www.agenciainfra.com\/blog\/?p=8870"},"modified":"2021-11-10T10:52:19","modified_gmt":"2021-11-10T13:52:19","slug":"resposta-do-minfra-ao-relatorio-da-secretaria-do-tcu-indica-convergencia-para-desestatizacao-da-codesa","status":"publish","type":"post","link":"https:\/\/agenciainfra.com\/blog\/resposta-do-minfra-ao-relatorio-da-secretaria-do-tcu-indica-convergencia-para-desestatizacao-da-codesa\/","title":{"rendered":"Resposta do Minfra ao relat\u00f3rio da Secretaria do TCU indica converg\u00eancia para desestatiza\u00e7\u00e3o da Codesa"},"content":{"rendered":"\n<p class=\"has-text-align-right\"><strong>Dimmi Amora, da&nbsp;Ag\u00eancia iNFRA<\/strong><\/p>\n\n\n\n<p>A resposta final do Minist\u00e9rio da Infraestrutura \u00e0 proposta dos auditores do TCU (Tribunal de Contas da Uni\u00e3o) sobre relat\u00f3rio de an\u00e1lise dos estudos para a desestatiza\u00e7\u00e3o da Codesa (Companhia Docas do Esp\u00edrito Santo) mostrou que h\u00e1 elevado grau de alinhamento para a aprova\u00e7\u00e3o do modelo proposto para a primeira concess\u00e3o de uma autoridade portu\u00e1ria do pa\u00eds.<\/p>\n\n\n\n<p>Adiantado pelo servi\u00e7o de alertas da\u00a0<strong>Ag\u00eancia iNFRA<\/strong>\u00a0na \u00faltima ter\u00e7a-feira (9), o relat\u00f3rio foi entregue no fim da semana passada pela secretaria de Portos e Transportes Aquavi\u00e1rios do minist\u00e9rio \u00e0 Secretaria de Infraestrutura de Portos e Ferrovias do TCU, que dever\u00e1, ap\u00f3s a leitura do documento, encaminhar sua proposta final ao relator do processo, ministro Bruno Dantas.<\/p>\n\n\n\n<p>O documento indica quais s\u00e3o as determina\u00e7\u00f5es, recomenda\u00e7\u00f5es e alertas que os auditores pretendem sugerir ao relator, ap\u00f3s suas an\u00e1lises dos estudos encaminhados pelo minist\u00e9rio, e pede para que o governo apresente justificativas e coment\u00e1rios antes da proposi\u00e7\u00e3o final. O procedimento \u00e9 corriqueiro nesse tipo de an\u00e1lise no TCU.<\/p>\n\n\n\n<p>Apesar do alinhamento na maior parte dos pontos, com diverg\u00eancias que indicam ser pontuais em temas t\u00e9cnicos, a an\u00e1lise dos auditores d\u00e1 uma dire\u00e7\u00e3o sobre processos futuros de desestatiza\u00e7\u00e3o de companhias Docas, com informa\u00e7\u00e3o de que o da Codesa teve audi\u00eancias p\u00fablicas iniciadas sem a consist\u00eancia adequada, o que ser\u00e1 sugerido que seja alterado para os futuros processos desse tipo.<\/p>\n\n\n\n<p>Nos processos de an\u00e1lise de estudos para desestatiza\u00e7\u00e3o por parte do TCU, o \u00f3rg\u00e3o pode fazer&nbsp;determina\u00e7\u00f5es, recomenda\u00e7\u00f5es e alertas ao governo. As determina\u00e7\u00f5es devem ser cumpridas antes que o processo tenha o edital publicado. As recomenda\u00e7\u00f5es podem ser atendidas ou n\u00e3o, mas, se n\u00e3o forem, devem ser feitas com justificativa. E os alertas servem para futuros processos.<\/p>\n\n\n\n<p><strong>Transpar\u00eancia<\/strong><br>No caso da Codesa, os auditores do \u00f3rg\u00e3o de controle indicaram que v\u00e3o sugerir aos ministros que fa\u00e7am determina\u00e7\u00f5es sobre alguns itens, um deles a transpar\u00eancia do processo, que deve ter documenta\u00e7\u00e3o aberta para an\u00e1lise dos interessados. Na resposta, o minist\u00e9rio diz que vai aceitar a sugest\u00e3o.<\/p>\n\n\n\n<p>Em outro caso de sugest\u00e3o de determina\u00e7\u00e3o ao relator, um item sobre a forma como foi calculada a dispers\u00e3o tarif\u00e1ria que ser\u00e1 usada pela futura autoridade portu\u00e1ria privada nas tarifas cobradas. Nessa parte, o governo apresentou uma justificativa tentando manter o formato que foi apresentado, que sofreu cr\u00edtica&nbsp;dos auditores.<\/p>\n\n\n\n<p>A tentativa de altera\u00e7\u00e3o desse item \u00e9 um dos indicativos de uma elevada preocupa\u00e7\u00e3o dos auditores com o poder do concession\u00e1rio de estabelecer as tarifas e pre\u00e7os no porto. V\u00e1rios itens de sugest\u00e3o de determina\u00e7\u00e3o e recomenda\u00e7\u00e3o s\u00e3o no sentido de tentar evitar abusos por parte do futuro administrador.<\/p>\n\n\n\n<p>Entre eles est\u00e1 a forma como o governo pretende prevenir a escalada de pre\u00e7os de alugu\u00e9is de \u00e1reas nos portos. N\u00e3o h\u00e1, no entanto, nenhum indicativo de que os auditores poder\u00e3o indicar algum veto ao modelo que o governo pretende apresentar para a transi\u00e7\u00e3o entre os atuais contratos de arrendamento de modelo p\u00fablico para o de modelo privado, o que foi uma forte preocupa\u00e7\u00e3o de agentes do mercado ao longo do processo.<\/p>\n\n\n\n<p><strong>Mitiga\u00e7\u00e3o de riscos<\/strong><br>Na sua resposta, o Minist\u00e9rio da Infraestrutura relembra v\u00e1rios itens das minutas de edital e de contrato feitos para tentar mitigar o risco dos abusos do futuro concession\u00e1rio. No caso da transi\u00e7\u00e3o dos contratos dos arrendat\u00e1rios, a pe\u00e7a indica que ser\u00e3o dadas garantias para que os arrendat\u00e1rios atuais mantenham as regras do contrato vigente e que a transi\u00e7\u00e3o tenha o que est\u00e1 sendo chamado de um &#8220;c\u00f3digo de conduta&#8221; que ter\u00e1 que ser observado pela concession\u00e1ria para evitar condutas abusivas.<\/p>\n\n\n\n<p>No caso dos alertas para as pr\u00f3ximas concess\u00f5es, ficou evidente o desconforto dos t\u00e9cnicos com a forma como os estudos foram levados \u00e0 audi\u00eancia p\u00fablica e depois submetidos ao TCU.&nbsp;Segundo eles, os trabalhos estavam &#8220;sem a devida fundamenta\u00e7\u00e3o&#8221;, &#8220;incompletos&#8221;, &#8220;imprecisos&#8221; e &#8220;inconsistentes&#8221;.<\/p>\n\n\n\n<p>\u00c9 um indicativo forte de que o governo ter\u00e1 que apresentar estudos mais robustos para as pr\u00f3ximas desestatiza\u00e7\u00f5es de autoridades portu\u00e1rias, especialmente a do Porto de Santos (SP), a pr\u00f3xima da fila. Nesse caso, o governo chegou a anunciar que abriria audi\u00eancia p\u00fablica em outubro, mas recuou e est\u00e1 melhorando a documenta\u00e7\u00e3o antes de chegar a essa etapa.<\/p>\n\n\n\n<p><strong>Ineditismo<\/strong><br>Nas respostas, o minist\u00e9rio ressaltou o ineditismo do projeto para justificar as inconsist\u00eancias apontadas e pediu para que ficasse ressaltado no relat\u00f3rio final que os problemas foram solucionados ao longo da an\u00e1lise feita pelo tribunal.<\/p>\n\n\n\n<p>Nos processos do TCU, o relat\u00f3rio, que \u00e9 encaminhado pela secretaria ao relator, neste caso o ministro Bruno Dantas, pode ou n\u00e3o ser seguido por ele. O relator apresenta sua proposta ao plen\u00e1rio, que&nbsp;decide se a concess\u00e3o vai ser liberada ou n\u00e3o e em quais condi\u00e7\u00f5es.<\/p>\n\n\n\n<p>As poucas diverg\u00eancias com a secretaria, a maior parte sobre itens t\u00e9cnicos do processo, levam o governo a confiar que seja poss\u00edvel ter um relat\u00f3rio final levado ao plen\u00e1rio pelo ministro ainda neste ano, o que abriria a possibilidade de lan\u00e7ar o edital da Codesa para um leil\u00e3o no primeiro trimestre de 2022.<\/p>\n","protected":false},"excerpt":{"rendered":"<p>Dimmi Amora, da&nbsp;Ag\u00eancia iNFRA A resposta final do Minist\u00e9rio da Infraestrutura \u00e0 proposta dos auditores do TCU (Tribunal de Contas da Uni\u00e3o) sobre relat\u00f3rio de an\u00e1lise dos estudos para a desestatiza\u00e7\u00e3o da Codesa (Companhia Docas do Esp\u00edrito Santo) mostrou que h\u00e1 elevado grau de alinhamento para a aprova\u00e7\u00e3o do modelo proposto para a primeira concess\u00e3o [&hellip;]<\/p>\n","protected":false},"author":1,"featured_media":8871,"comment_status":"closed","ping_status":"closed","sticky":false,"template":"","format":"standard","meta":{"_monsterinsights_skip_tracking":false,"_monsterinsights_sitenote_active":false,"_monsterinsights_sitenote_note":"","_monsterinsights_sitenote_category":0,"footnotes":""},"categories":[1,7],"tags":[1146,5104,3853,1726,3882,260,5103,1246,18,70],"class_list":["post-8870","post","type-post","status-publish","format-standard","has-post-thumbnail","hentry","category-geral","category-infratransporte","tag-codesa","tag-codigo-de-conduta","tag-infraestrutura-ferroviaria","tag-infraestrutura-portuaria","tag-minfra","tag-porto-de-santos","tag-secretaria-de-infraestrutura-de-portos-e-ferrovias","tag-secretaria-de-portos-e-transportes-aquaviarios","tag-tcu","tag-transportes"],"yoast_head":"<!-- This site is optimized with the Yoast SEO Premium plugin v25.4 (Yoast SEO v26.0) - https:\/\/yoast.com\/wordpress\/plugins\/seo\/ -->\n<title>Resposta do Minfra ao relat\u00f3rio da Secretaria do TCU indica converg\u00eancia para desestatiza\u00e7\u00e3o da Codesa - Ag\u00eancia iNFRA<\/title>\n<meta name=\"robots\" content=\"index, follow, max-snippet:-1, max-image-preview:large, max-video-preview:-1\" \/>\n<link rel=\"canonical\" href=\"https:\/\/agenciainfra.com\/blog\/resposta-do-minfra-ao-relatorio-da-secretaria-do-tcu-indica-convergencia-para-desestatizacao-da-codesa\/\" \/>\n<meta property=\"og:locale\" content=\"pt_BR\" \/>\n<meta property=\"og:type\" content=\"article\" \/>\n<meta property=\"og:title\" content=\"Resposta do Minfra ao relat\u00f3rio da Secretaria do TCU indica converg\u00eancia para desestatiza\u00e7\u00e3o da Codesa\" \/>\n<meta property=\"og:description\" content=\"Dimmi Amora, da&nbsp;Ag\u00eancia iNFRA A resposta final do Minist\u00e9rio da Infraestrutura \u00e0 proposta dos auditores do TCU (Tribunal de Contas da Uni\u00e3o) sobre relat\u00f3rio de an\u00e1lise dos estudos para a desestatiza\u00e7\u00e3o da Codesa (Companhia Docas do Esp\u00edrito Santo) mostrou que h\u00e1 elevado grau de alinhamento para a aprova\u00e7\u00e3o do modelo proposto para a primeira concess\u00e3o [&hellip;]\" \/>\n<meta property=\"og:url\" content=\"https:\/\/agenciainfra.com\/blog\/resposta-do-minfra-ao-relatorio-da-secretaria-do-tcu-indica-convergencia-para-desestatizacao-da-codesa\/\" \/>\n<meta property=\"og:site_name\" content=\"Ag\u00eancia iNFRA\" \/>\n<meta property=\"article:publisher\" content=\"https:\/\/www.facebook.com\/ageninfra\" \/>\n<meta property=\"article:published_time\" content=\"2021-11-12T11:00:00+00:00\" \/>\n<meta property=\"og:image\" content=\"https:\/\/agenciainfra.com\/blog\/wp-content\/uploads\/2021\/11\/bruno-dantas-e-tarcisio-freitas-foto-tcu.jpg\" \/>\n\t<meta property=\"og:image:width\" content=\"2048\" \/>\n\t<meta property=\"og:image:height\" content=\"1365\" \/>\n\t<meta property=\"og:image:type\" content=\"image\/jpeg\" \/>\n<meta name=\"author\" content=\"Ag\u00eancia iNFRA\" \/>\n<meta name=\"twitter:card\" content=\"summary_large_image\" \/>\n<meta name=\"twitter:creator\" content=\"@agencia_infra\" \/>\n<meta name=\"twitter:site\" content=\"@agencia_infra\" \/>\n<meta name=\"twitter:label1\" content=\"Escrito por\" \/>\n\t<meta name=\"twitter:data1\" content=\"Ag\u00eancia iNFRA\" \/>\n\t<meta name=\"twitter:label2\" content=\"Est. tempo de leitura\" \/>\n\t<meta name=\"twitter:data2\" content=\"5 minutos\" \/>\n<script type=\"application\/ld+json\" class=\"yoast-schema-graph\">{\"@context\":\"https:\/\/schema.org\",\"@graph\":[{\"@type\":\"Article\",\"@id\":\"https:\/\/agenciainfra.com\/blog\/resposta-do-minfra-ao-relatorio-da-secretaria-do-tcu-indica-convergencia-para-desestatizacao-da-codesa\/#article\",\"isPartOf\":{\"@id\":\"https:\/\/agenciainfra.com\/blog\/resposta-do-minfra-ao-relatorio-da-secretaria-do-tcu-indica-convergencia-para-desestatizacao-da-codesa\/\"},\"author\":{\"name\":\"Ag\u00eancia iNFRA\",\"@id\":\"https:\/\/agenciainfra.com\/blog\/#\/schema\/person\/34af08dff6adea4cb22b06612ba7acfa\"},\"headline\":\"Resposta do Minfra ao relat\u00f3rio da Secretaria do TCU indica converg\u00eancia para desestatiza\u00e7\u00e3o da Codesa\",\"datePublished\":\"2021-11-12T11:00:00+00:00\",\"mainEntityOfPage\":{\"@id\":\"https:\/\/agenciainfra.com\/blog\/resposta-do-minfra-ao-relatorio-da-secretaria-do-tcu-indica-convergencia-para-desestatizacao-da-codesa\/\"},\"wordCount\":959,\"publisher\":{\"@id\":\"https:\/\/agenciainfra.com\/blog\/#organization\"},\"image\":{\"@id\":\"https:\/\/agenciainfra.com\/blog\/resposta-do-minfra-ao-relatorio-da-secretaria-do-tcu-indica-convergencia-para-desestatizacao-da-codesa\/#primaryimage\"},\"thumbnailUrl\":\"https:\/\/agenciainfra.com\/blog\/wp-content\/uploads\/2021\/11\/bruno-dantas-e-tarcisio-freitas-foto-tcu.jpg\",\"keywords\":[\"Codesa\",\"c\u00f3digo de conduta\",\"infraestrutura ferrovi\u00e1ria\",\"infraestrutura portu\u00e1ria\",\"Minfra\",\"Porto de Santos\",\"Secretaria de Infraestrutura de Portos e Ferrovias\",\"Secretaria de Portos e Transportes Aquavi\u00e1rios\",\"TCU\",\"transportes\"],\"articleSection\":[\"Geral\",\"iNFRATransporte\"],\"inLanguage\":\"pt-BR\",\"copyrightYear\":\"2021\",\"copyrightHolder\":{\"@id\":\"https:\/\/agenciainfra.com\/blog\/#organization\"}},{\"@type\":\"WebPage\",\"@id\":\"https:\/\/agenciainfra.com\/blog\/resposta-do-minfra-ao-relatorio-da-secretaria-do-tcu-indica-convergencia-para-desestatizacao-da-codesa\/\",\"url\":\"https:\/\/agenciainfra.com\/blog\/resposta-do-minfra-ao-relatorio-da-secretaria-do-tcu-indica-convergencia-para-desestatizacao-da-codesa\/\",\"name\":\"Resposta do Minfra ao relat\u00f3rio da Secretaria do TCU indica converg\u00eancia para desestatiza\u00e7\u00e3o da Codesa - Ag\u00eancia iNFRA\",\"isPartOf\":{\"@id\":\"https:\/\/agenciainfra.com\/blog\/#website\"},\"primaryImageOfPage\":{\"@id\":\"https:\/\/agenciainfra.com\/blog\/resposta-do-minfra-ao-relatorio-da-secretaria-do-tcu-indica-convergencia-para-desestatizacao-da-codesa\/#primaryimage\"},\"image\":{\"@id\":\"https:\/\/agenciainfra.com\/blog\/resposta-do-minfra-ao-relatorio-da-secretaria-do-tcu-indica-convergencia-para-desestatizacao-da-codesa\/#primaryimage\"},\"thumbnailUrl\":\"https:\/\/agenciainfra.com\/blog\/wp-content\/uploads\/2021\/11\/bruno-dantas-e-tarcisio-freitas-foto-tcu.jpg\",\"datePublished\":\"2021-11-12T11:00:00+00:00\",\"breadcrumb\":{\"@id\":\"https:\/\/agenciainfra.com\/blog\/resposta-do-minfra-ao-relatorio-da-secretaria-do-tcu-indica-convergencia-para-desestatizacao-da-codesa\/#breadcrumb\"},\"inLanguage\":\"pt-BR\",\"potentialAction\":[{\"@type\":\"ReadAction\",\"target\":[\"https:\/\/agenciainfra.com\/blog\/resposta-do-minfra-ao-relatorio-da-secretaria-do-tcu-indica-convergencia-para-desestatizacao-da-codesa\/\"]}]},{\"@type\":\"ImageObject\",\"inLanguage\":\"pt-BR\",\"@id\":\"https:\/\/agenciainfra.com\/blog\/resposta-do-minfra-ao-relatorio-da-secretaria-do-tcu-indica-convergencia-para-desestatizacao-da-codesa\/#primaryimage\",\"url\":\"https:\/\/agenciainfra.com\/blog\/wp-content\/uploads\/2021\/11\/bruno-dantas-e-tarcisio-freitas-foto-tcu.jpg\",\"contentUrl\":\"https:\/\/agenciainfra.com\/blog\/wp-content\/uploads\/2021\/11\/bruno-dantas-e-tarcisio-freitas-foto-tcu.jpg\",\"width\":2048,\"height\":1365},{\"@type\":\"BreadcrumbList\",\"@id\":\"https:\/\/agenciainfra.com\/blog\/resposta-do-minfra-ao-relatorio-da-secretaria-do-tcu-indica-convergencia-para-desestatizacao-da-codesa\/#breadcrumb\",\"itemListElement\":[{\"@type\":\"ListItem\",\"position\":1,\"name\":\"In\u00edcio\",\"item\":\"https:\/\/agenciainfra.com\/blog\/\"},{\"@type\":\"ListItem\",\"position\":2,\"name\":\"Resposta do Minfra ao relat\u00f3rio da Secretaria do TCU indica converg\u00eancia para desestatiza\u00e7\u00e3o da Codesa\"}]},{\"@type\":\"WebSite\",\"@id\":\"https:\/\/agenciainfra.com\/blog\/#website\",\"url\":\"https:\/\/agenciainfra.com\/blog\/\",\"name\":\"Ag\u00eancia iNFRA\",\"description\":\"Multiplataforma de informa\u00e7\u00e3o jornal\u00edstica refer\u00eancia na \u00e1rea de infraestrutura no Brasil!\",\"publisher\":{\"@id\":\"https:\/\/agenciainfra.com\/blog\/#organization\"},\"potentialAction\":[{\"@type\":\"SearchAction\",\"target\":{\"@type\":\"EntryPoint\",\"urlTemplate\":\"https:\/\/agenciainfra.com\/blog\/?s={search_term_string}\"},\"query-input\":{\"@type\":\"PropertyValueSpecification\",\"valueRequired\":true,\"valueName\":\"search_term_string\"}}],\"inLanguage\":\"pt-BR\"},{\"@type\":\"Organization\",\"@id\":\"https:\/\/agenciainfra.com\/blog\/#organization\",\"name\":\"Ag\u00eancia iNFRA\",\"url\":\"https:\/\/agenciainfra.com\/blog\/\",\"logo\":{\"@type\":\"ImageObject\",\"inLanguage\":\"pt-BR\",\"@id\":\"https:\/\/agenciainfra.com\/blog\/#\/schema\/logo\/image\/\",\"url\":\"https:\/\/agenciainfra.com\/blog\/wp-content\/uploads\/2023\/09\/iNFRA_5-e1761735885940.png\",\"contentUrl\":\"https:\/\/agenciainfra.com\/blog\/wp-content\/uploads\/2023\/09\/iNFRA_5-e1761735885940.png\",\"width\":1672,\"height\":454,\"caption\":\"Ag\u00eancia iNFRA\"},\"image\":{\"@id\":\"https:\/\/agenciainfra.com\/blog\/#\/schema\/logo\/image\/\"},\"sameAs\":[\"https:\/\/www.facebook.com\/ageninfra\",\"https:\/\/x.com\/agencia_infra\",\"https:\/\/www.linkedin.com\/company\/ag\u00eanciainfra\/\",\"https:\/\/www.instagram.com\/agenciainfra\/\"]},{\"@type\":\"Person\",\"@id\":\"https:\/\/agenciainfra.com\/blog\/#\/schema\/person\/34af08dff6adea4cb22b06612ba7acfa\",\"name\":\"Ag\u00eancia iNFRA\",\"image\":{\"@type\":\"ImageObject\",\"inLanguage\":\"pt-BR\",\"@id\":\"https:\/\/agenciainfra.com\/blog\/#\/schema\/person\/image\/\",\"url\":\"https:\/\/secure.gravatar.com\/avatar\/d189e01678f06d8eb84d4e01f08eb848b3fffe3f8443818d3c356c66892f5be8?s=96&d=mm&r=g\",\"contentUrl\":\"https:\/\/secure.gravatar.com\/avatar\/d189e01678f06d8eb84d4e01f08eb848b3fffe3f8443818d3c356c66892f5be8?s=96&d=mm&r=g\",\"caption\":\"Ag\u00eancia iNFRA\"},\"url\":\"https:\/\/agenciainfra.com\/blog\/author\/admin\/\"}]}<\/script>\n<!-- \/ Yoast SEO Premium plugin. -->","yoast_head_json":{"title":"Resposta do Minfra ao relat\u00f3rio da Secretaria do TCU indica converg\u00eancia para desestatiza\u00e7\u00e3o da Codesa - Ag\u00eancia iNFRA","robots":{"index":"index","follow":"follow","max-snippet":"max-snippet:-1","max-image-preview":"max-image-preview:large","max-video-preview":"max-video-preview:-1"},"canonical":"https:\/\/agenciainfra.com\/blog\/resposta-do-minfra-ao-relatorio-da-secretaria-do-tcu-indica-convergencia-para-desestatizacao-da-codesa\/","og_locale":"pt_BR","og_type":"article","og_title":"Resposta do Minfra ao relat\u00f3rio da Secretaria do TCU indica converg\u00eancia para desestatiza\u00e7\u00e3o da Codesa","og_description":"Dimmi Amora, da&nbsp;Ag\u00eancia iNFRA A resposta final do Minist\u00e9rio da Infraestrutura \u00e0 proposta dos auditores do TCU (Tribunal de Contas da Uni\u00e3o) sobre relat\u00f3rio de an\u00e1lise dos estudos para a desestatiza\u00e7\u00e3o da Codesa (Companhia Docas do Esp\u00edrito Santo) mostrou que h\u00e1 elevado grau de alinhamento para a aprova\u00e7\u00e3o do modelo proposto para a primeira concess\u00e3o [&hellip;]","og_url":"https:\/\/agenciainfra.com\/blog\/resposta-do-minfra-ao-relatorio-da-secretaria-do-tcu-indica-convergencia-para-desestatizacao-da-codesa\/","og_site_name":"Ag\u00eancia iNFRA","article_publisher":"https:\/\/www.facebook.com\/ageninfra","article_published_time":"2021-11-12T11:00:00+00:00","og_image":[{"width":2048,"height":1365,"url":"https:\/\/agenciainfra.com\/blog\/wp-content\/uploads\/2021\/11\/bruno-dantas-e-tarcisio-freitas-foto-tcu.jpg","type":"image\/jpeg"}],"author":"Ag\u00eancia iNFRA","twitter_card":"summary_large_image","twitter_creator":"@agencia_infra","twitter_site":"@agencia_infra","twitter_misc":{"Escrito por":"Ag\u00eancia iNFRA","Est. tempo de leitura":"5 minutos"},"schema":{"@context":"https:\/\/schema.org","@graph":[{"@type":"Article","@id":"https:\/\/agenciainfra.com\/blog\/resposta-do-minfra-ao-relatorio-da-secretaria-do-tcu-indica-convergencia-para-desestatizacao-da-codesa\/#article","isPartOf":{"@id":"https:\/\/agenciainfra.com\/blog\/resposta-do-minfra-ao-relatorio-da-secretaria-do-tcu-indica-convergencia-para-desestatizacao-da-codesa\/"},"author":{"name":"Ag\u00eancia iNFRA","@id":"https:\/\/agenciainfra.com\/blog\/#\/schema\/person\/34af08dff6adea4cb22b06612ba7acfa"},"headline":"Resposta do Minfra ao relat\u00f3rio da Secretaria do TCU indica converg\u00eancia para desestatiza\u00e7\u00e3o da Codesa","datePublished":"2021-11-12T11:00:00+00:00","mainEntityOfPage":{"@id":"https:\/\/agenciainfra.com\/blog\/resposta-do-minfra-ao-relatorio-da-secretaria-do-tcu-indica-convergencia-para-desestatizacao-da-codesa\/"},"wordCount":959,"publisher":{"@id":"https:\/\/agenciainfra.com\/blog\/#organization"},"image":{"@id":"https:\/\/agenciainfra.com\/blog\/resposta-do-minfra-ao-relatorio-da-secretaria-do-tcu-indica-convergencia-para-desestatizacao-da-codesa\/#primaryimage"},"thumbnailUrl":"https:\/\/agenciainfra.com\/blog\/wp-content\/uploads\/2021\/11\/bruno-dantas-e-tarcisio-freitas-foto-tcu.jpg","keywords":["Codesa","c\u00f3digo de conduta","infraestrutura ferrovi\u00e1ria","infraestrutura portu\u00e1ria","Minfra","Porto de Santos","Secretaria de Infraestrutura de Portos e Ferrovias","Secretaria de Portos e Transportes Aquavi\u00e1rios","TCU","transportes"],"articleSection":["Geral","iNFRATransporte"],"inLanguage":"pt-BR","copyrightYear":"2021","copyrightHolder":{"@id":"https:\/\/agenciainfra.com\/blog\/#organization"}},{"@type":"WebPage","@id":"https:\/\/agenciainfra.com\/blog\/resposta-do-minfra-ao-relatorio-da-secretaria-do-tcu-indica-convergencia-para-desestatizacao-da-codesa\/","url":"https:\/\/agenciainfra.com\/blog\/resposta-do-minfra-ao-relatorio-da-secretaria-do-tcu-indica-convergencia-para-desestatizacao-da-codesa\/","name":"Resposta do Minfra ao relat\u00f3rio da Secretaria do TCU indica converg\u00eancia para desestatiza\u00e7\u00e3o da Codesa - Ag\u00eancia iNFRA","isPartOf":{"@id":"https:\/\/agenciainfra.com\/blog\/#website"},"primaryImageOfPage":{"@id":"https:\/\/agenciainfra.com\/blog\/resposta-do-minfra-ao-relatorio-da-secretaria-do-tcu-indica-convergencia-para-desestatizacao-da-codesa\/#primaryimage"},"image":{"@id":"https:\/\/agenciainfra.com\/blog\/resposta-do-minfra-ao-relatorio-da-secretaria-do-tcu-indica-convergencia-para-desestatizacao-da-codesa\/#primaryimage"},"thumbnailUrl":"https:\/\/agenciainfra.com\/blog\/wp-content\/uploads\/2021\/11\/bruno-dantas-e-tarcisio-freitas-foto-tcu.jpg","datePublished":"2021-11-12T11:00:00+00:00","breadcrumb":{"@id":"https:\/\/agenciainfra.com\/blog\/resposta-do-minfra-ao-relatorio-da-secretaria-do-tcu-indica-convergencia-para-desestatizacao-da-codesa\/#breadcrumb"},"inLanguage":"pt-BR","potentialAction":[{"@type":"ReadAction","target":["https:\/\/agenciainfra.com\/blog\/resposta-do-minfra-ao-relatorio-da-secretaria-do-tcu-indica-convergencia-para-desestatizacao-da-codesa\/"]}]},{"@type":"ImageObject","inLanguage":"pt-BR","@id":"https:\/\/agenciainfra.com\/blog\/resposta-do-minfra-ao-relatorio-da-secretaria-do-tcu-indica-convergencia-para-desestatizacao-da-codesa\/#primaryimage","url":"https:\/\/agenciainfra.com\/blog\/wp-content\/uploads\/2021\/11\/bruno-dantas-e-tarcisio-freitas-foto-tcu.jpg","contentUrl":"https:\/\/agenciainfra.com\/blog\/wp-content\/uploads\/2021\/11\/bruno-dantas-e-tarcisio-freitas-foto-tcu.jpg","width":2048,"height":1365},{"@type":"BreadcrumbList","@id":"https:\/\/agenciainfra.com\/blog\/resposta-do-minfra-ao-relatorio-da-secretaria-do-tcu-indica-convergencia-para-desestatizacao-da-codesa\/#breadcrumb","itemListElement":[{"@type":"ListItem","position":1,"name":"In\u00edcio","item":"https:\/\/agenciainfra.com\/blog\/"},{"@type":"ListItem","position":2,"name":"Resposta do Minfra ao relat\u00f3rio da Secretaria do TCU indica converg\u00eancia para desestatiza\u00e7\u00e3o da Codesa"}]},{"@type":"WebSite","@id":"https:\/\/agenciainfra.com\/blog\/#website","url":"https:\/\/agenciainfra.com\/blog\/","name":"Ag\u00eancia iNFRA","description":"Multiplataforma de informa\u00e7\u00e3o jornal\u00edstica refer\u00eancia na \u00e1rea de infraestrutura no Brasil!","publisher":{"@id":"https:\/\/agenciainfra.com\/blog\/#organization"},"potentialAction":[{"@type":"SearchAction","target":{"@type":"EntryPoint","urlTemplate":"https:\/\/agenciainfra.com\/blog\/?s={search_term_string}"},"query-input":{"@type":"PropertyValueSpecification","valueRequired":true,"valueName":"search_term_string"}}],"inLanguage":"pt-BR"},{"@type":"Organization","@id":"https:\/\/agenciainfra.com\/blog\/#organization","name":"Ag\u00eancia iNFRA","url":"https:\/\/agenciainfra.com\/blog\/","logo":{"@type":"ImageObject","inLanguage":"pt-BR","@id":"https:\/\/agenciainfra.com\/blog\/#\/schema\/logo\/image\/","url":"https:\/\/agenciainfra.com\/blog\/wp-content\/uploads\/2023\/09\/iNFRA_5-e1761735885940.png","contentUrl":"https:\/\/agenciainfra.com\/blog\/wp-content\/uploads\/2023\/09\/iNFRA_5-e1761735885940.png","width":1672,"height":454,"caption":"Ag\u00eancia iNFRA"},"image":{"@id":"https:\/\/agenciainfra.com\/blog\/#\/schema\/logo\/image\/"},"sameAs":["https:\/\/www.facebook.com\/ageninfra","https:\/\/x.com\/agencia_infra","https:\/\/www.linkedin.com\/company\/ag\u00eanciainfra\/","https:\/\/www.instagram.com\/agenciainfra\/"]},{"@type":"Person","@id":"https:\/\/agenciainfra.com\/blog\/#\/schema\/person\/34af08dff6adea4cb22b06612ba7acfa","name":"Ag\u00eancia iNFRA","image":{"@type":"ImageObject","inLanguage":"pt-BR","@id":"https:\/\/agenciainfra.com\/blog\/#\/schema\/person\/image\/","url":"https:\/\/secure.gravatar.com\/avatar\/d189e01678f06d8eb84d4e01f08eb848b3fffe3f8443818d3c356c66892f5be8?s=96&d=mm&r=g","contentUrl":"https:\/\/secure.gravatar.com\/avatar\/d189e01678f06d8eb84d4e01f08eb848b3fffe3f8443818d3c356c66892f5be8?s=96&d=mm&r=g","caption":"Ag\u00eancia iNFRA"},"url":"https:\/\/agenciainfra.com\/blog\/author\/admin\/"}]}},"_links":{"self":[{"href":"https:\/\/agenciainfra.com\/blog\/wp-json\/wp\/v2\/posts\/8870","targetHints":{"allow":["GET"]}}],"collection":[{"href":"https:\/\/agenciainfra.com\/blog\/wp-json\/wp\/v2\/posts"}],"about":[{"href":"https:\/\/agenciainfra.com\/blog\/wp-json\/wp\/v2\/types\/post"}],"author":[{"embeddable":true,"href":"https:\/\/agenciainfra.com\/blog\/wp-json\/wp\/v2\/users\/1"}],"replies":[{"embeddable":true,"href":"https:\/\/agenciainfra.com\/blog\/wp-json\/wp\/v2\/comments?post=8870"}],"version-history":[{"count":0,"href":"https:\/\/agenciainfra.com\/blog\/wp-json\/wp\/v2\/posts\/8870\/revisions"}],"wp:featuredmedia":[{"embeddable":true,"href":"https:\/\/agenciainfra.com\/blog\/wp-json\/wp\/v2\/media\/8871"}],"wp:attachment":[{"href":"https:\/\/agenciainfra.com\/blog\/wp-json\/wp\/v2\/media?parent=8870"}],"wp:term":[{"taxonomy":"category","embeddable":true,"href":"https:\/\/agenciainfra.com\/blog\/wp-json\/wp\/v2\/categories?post=8870"},{"taxonomy":"post_tag","embeddable":true,"href":"https:\/\/agenciainfra.com\/blog\/wp-json\/wp\/v2\/tags?post=8870"}],"curies":[{"name":"wp","href":"https:\/\/api.w.org\/{rel}","templated":true}]}}