{"id":8887,"date":"2021-11-12T10:00:00","date_gmt":"2021-11-12T13:00:00","guid":{"rendered":"https:\/\/www.agenciainfra.com\/blog\/?p=8887"},"modified":"2021-11-12T08:08:23","modified_gmt":"2021-11-12T11:08:23","slug":"secretario-do-minfra-estara-em-debate-no-segundo-dia-do-p3c","status":"publish","type":"post","link":"https:\/\/agenciainfra.com\/blog\/secretario-do-minfra-estara-em-debate-no-segundo-dia-do-p3c\/","title":{"rendered":"Secret\u00e1rio do Minfra estar\u00e1 em debate no segundo dia do P3C"},"content":{"rendered":"\n<p class=\"has-text-align-right\"><strong>da Ag\u00eancia iNFRA<\/strong><\/p>\n\n\n\n<p>A P3C realiza, entre os dias 23 e 24 de novembro, a confer\u00eancia \u201cPPPs e Concess\u00f5es &#8211; Investimentos em Infraestrutura no Brasil\u201d. No segundo dia de evento (24), as palestras e pain\u00e9is contar\u00e3o com a participa\u00e7\u00e3o de, entre outros, o secret\u00e1rio nacional de avia\u00e7\u00e3o civil do Minist\u00e9rio da Infraestrutura, Ronei Glanzmann, e o diretor da ANAC (Ag\u00eancia Nacional de Avia\u00e7\u00e3o Civil) Tiago Pereira para tratar de temas do setor de infraestrutura e transportes.<\/p>\n\n\n\n<p>Os dois primeiros pain\u00e9is do dia acontecem simultaneamente, entre 9h e 10h30. Na primeira mesa, a subsecret\u00e1ria de Parcerias do Governo do Estado de S\u00e3o Paulo, Tarcila Reis, e os diretores jur\u00eddicos da EcoRodovias e da CCR, Marcelo Lucon e Roberto Penna, respectivamente, discutem os acordos para reestruturar concess\u00f5es, equacionar passivos e viabilizar investimentos. J\u00e1 a segunda palestra ter\u00e1 como tema os \u201cRankings &amp; pr\u00eamios para melhorar o ambiente de neg\u00f3cios\u201d.<\/p>\n\n\n\n<p>Em seguida, das 11h \u00e0s 12h30, o painel ser\u00e1 sobre o gerenciamento da crise energ\u00e9tica de 2001. No mesmo hor\u00e1rio, em outra mesa, ser\u00e3o discutidas as concess\u00f5es aeroportu\u00e1rias, contando com a participa\u00e7\u00e3o de Ronei Glanzmann e Tiago Pereira.<\/p>\n\n\n\n<p>Das 14h \u00e0s 15h30, a palestra sobre ajustes no Marco Legal do Saneamento B\u00e1sico ser\u00e1 apresentada pelo professor da FGV-SP e presidente do conselho de administra\u00e7\u00e3o da Sabesp e da Corsan \u2013 as companhias de saneamento b\u00e1sico de S\u00e3o Paulo e do Rio Grande do Sul \u2013, Mario Engler Pinto Jr., e pelo diretor-executivo da Abcon Sindcon (Associa\u00e7\u00e3o e Sindicato Nacional das Concession\u00e1rias Privadas de Servi\u00e7os P\u00fablicos de \u00c1gua e Esgoto), Percy Soares.<\/p>\n\n\n\n<p>No mesmo hor\u00e1rio, a mesa com o superintendente de Governo e de Relacionamento Institucional do BNDES, Pedro Bruno, o CEO da Opy Health, Otavio Silveira, e o diretor da OEC (Odebrecht Engenharia e Constru\u00e7\u00e3o), Cl\u00e9bio Batista, tratar\u00e1 de infraestrutura social.<\/p>\n\n\n\n<p>Entre 15h30 e 17h, s\u00e3o apresentados os dois \u00faltimos pain\u00e9is do dia. Uma das palestras \u00e9 sobre as preocupa\u00e7\u00f5es e poss\u00edveis dire\u00e7\u00f5es quanto ao compliance no setor da infraestrutura, e conta com a participa\u00e7\u00e3o de Viviane Moura, superintendente de parcerias e concess\u00f5es do Governo do Piau\u00ed, e modera\u00e7\u00e3o do professor da USP (Universidade de S\u00e3o Paulo) Jean-Paul Veiga da Rocha. A outra ser\u00e1 sobre a agenda estrat\u00e9gica do governo federal.<\/p>\n\n\n\n<p>O encerramento do evento \u00e9 marcado pela entrega do Pr\u00eamio Cumprimento de Contratos de Concess\u00e3o e PPP Durante a Pandemia. Os ganhadores ser\u00e3o conhecidos no momento da cerim\u00f4nia, que durar\u00e1 das 17h30 \u00e0s 19h.<\/p>\n\n\n\n<p>O evento ser\u00e1 realizado pela P3C, em parceria com a Necta e a B3, bolsa de valores do Brasil, e com o apoio da&nbsp;<strong>Ag\u00eancia iNFRA<\/strong>. As palestras, os pain\u00e9is de debates e a entrega dos pr\u00eamios ser\u00e3o transmitidos ao vivo pela B3. O acesso \u00e0 transmiss\u00e3o \u00e9 poss\u00edvel mediante inscri\u00e7\u00e3o, que pode ser feita por meio&nbsp;<a href=\"https:\/\/agenciainfra.us14.list-manage.com\/track\/click?u=d460dd1bcf9ba0ae040e1fc0f&amp;id=95338737de&amp;e=8d54f1ad19\" target=\"_blank\" rel=\"noreferrer noopener\">deste link<\/a>. Mais informa\u00e7\u00f5es est\u00e3o dispon\u00edveis no&nbsp;<a href=\"https:\/\/agenciainfra.us14.list-manage.com\/track\/click?u=d460dd1bcf9ba0ae040e1fc0f&amp;id=5746b51bf0&amp;e=8d54f1ad19\" target=\"_blank\" rel=\"noreferrer noopener\">site da P3C<\/a>.<\/p>\n","protected":false},"excerpt":{"rendered":"<p>da Ag\u00eancia iNFRA A P3C realiza, entre os dias 23 e 24 de novembro, a confer\u00eancia \u201cPPPs e Concess\u00f5es &#8211; Investimentos em Infraestrutura no Brasil\u201d. No segundo dia de evento (24), as palestras e pain\u00e9is contar\u00e3o com a participa\u00e7\u00e3o de, entre outros, o secret\u00e1rio nacional de avia\u00e7\u00e3o civil do Minist\u00e9rio da Infraestrutura, Ronei Glanzmann, e [&hellip;]<\/p>\n","protected":false},"author":1,"featured_media":6982,"comment_status":"closed","ping_status":"closed","sticky":false,"template":"","format":"standard","meta":{"_monsterinsights_skip_tracking":false,"_monsterinsights_sitenote_active":false,"_monsterinsights_sitenote_note":"","_monsterinsights_sitenote_category":0,"footnotes":""},"categories":[1,2053],"tags":[242,4840,4379,34,3882,775,5089,406,1763,70],"class_list":["post-8887","post","type-post","status-publish","format-standard","has-post-thumbnail","hentry","category-geral","category-infraliveventos","tag-anac","tag-contratos-de-concessao","tag-crise-energetica","tag-infraestrutura","tag-minfra","tag-ministerio-da-infraestrutura","tag-p3c","tag-ppps","tag-ronei-glanzmann","tag-transportes"],"yoast_head":"<!-- This site is optimized with the Yoast SEO Premium plugin v25.4 (Yoast SEO v26.0) - https:\/\/yoast.com\/wordpress\/plugins\/seo\/ -->\n<title>Secret\u00e1rio do Minfra estar\u00e1 em debate no segundo dia do P3C - Ag\u00eancia iNFRA<\/title>\n<meta name=\"robots\" content=\"index, follow, max-snippet:-1, max-image-preview:large, max-video-preview:-1\" \/>\n<link rel=\"canonical\" href=\"https:\/\/agenciainfra.com\/blog\/secretario-do-minfra-estara-em-debate-no-segundo-dia-do-p3c\/\" \/>\n<meta property=\"og:locale\" content=\"pt_BR\" \/>\n<meta property=\"og:type\" content=\"article\" \/>\n<meta property=\"og:title\" content=\"Secret\u00e1rio do Minfra estar\u00e1 em debate no segundo dia do P3C\" \/>\n<meta property=\"og:description\" content=\"da Ag\u00eancia iNFRA A P3C realiza, entre os dias 23 e 24 de novembro, a confer\u00eancia \u201cPPPs e Concess\u00f5es &#8211; Investimentos em Infraestrutura no Brasil\u201d. No segundo dia de evento (24), as palestras e pain\u00e9is contar\u00e3o com a participa\u00e7\u00e3o de, entre outros, o secret\u00e1rio nacional de avia\u00e7\u00e3o civil do Minist\u00e9rio da Infraestrutura, Ronei Glanzmann, e [&hellip;]\" \/>\n<meta property=\"og:url\" content=\"https:\/\/agenciainfra.com\/blog\/secretario-do-minfra-estara-em-debate-no-segundo-dia-do-p3c\/\" \/>\n<meta property=\"og:site_name\" content=\"Ag\u00eancia iNFRA\" \/>\n<meta property=\"article:publisher\" content=\"https:\/\/www.facebook.com\/ageninfra\" \/>\n<meta property=\"article:published_time\" content=\"2021-11-12T13:00:00+00:00\" \/>\n<meta property=\"og:image\" content=\"https:\/\/agenciainfra.com\/blog\/wp-content\/uploads\/2021\/03\/ronei-glanzmann-foto-tania-rego-agencia-brasil.jpeg\" \/>\n\t<meta property=\"og:image:width\" content=\"1280\" \/>\n\t<meta property=\"og:image:height\" content=\"811\" \/>\n\t<meta property=\"og:image:type\" content=\"image\/jpeg\" \/>\n<meta name=\"author\" content=\"Ag\u00eancia iNFRA\" \/>\n<meta name=\"twitter:card\" content=\"summary_large_image\" \/>\n<meta name=\"twitter:creator\" content=\"@agencia_infra\" \/>\n<meta name=\"twitter:site\" content=\"@agencia_infra\" \/>\n<meta name=\"twitter:label1\" content=\"Escrito por\" \/>\n\t<meta name=\"twitter:data1\" content=\"Ag\u00eancia iNFRA\" \/>\n\t<meta name=\"twitter:label2\" content=\"Est. tempo de leitura\" \/>\n\t<meta name=\"twitter:data2\" content=\"3 minutos\" \/>\n<script type=\"application\/ld+json\" class=\"yoast-schema-graph\">{\"@context\":\"https:\/\/schema.org\",\"@graph\":[{\"@type\":\"Article\",\"@id\":\"https:\/\/agenciainfra.com\/blog\/secretario-do-minfra-estara-em-debate-no-segundo-dia-do-p3c\/#article\",\"isPartOf\":{\"@id\":\"https:\/\/agenciainfra.com\/blog\/secretario-do-minfra-estara-em-debate-no-segundo-dia-do-p3c\/\"},\"author\":{\"name\":\"Ag\u00eancia iNFRA\",\"@id\":\"https:\/\/agenciainfra.com\/blog\/#\/schema\/person\/34af08dff6adea4cb22b06612ba7acfa\"},\"headline\":\"Secret\u00e1rio do Minfra estar\u00e1 em debate no segundo dia do P3C\",\"datePublished\":\"2021-11-12T13:00:00+00:00\",\"mainEntityOfPage\":{\"@id\":\"https:\/\/agenciainfra.com\/blog\/secretario-do-minfra-estara-em-debate-no-segundo-dia-do-p3c\/\"},\"wordCount\":537,\"publisher\":{\"@id\":\"https:\/\/agenciainfra.com\/blog\/#organization\"},\"image\":{\"@id\":\"https:\/\/agenciainfra.com\/blog\/secretario-do-minfra-estara-em-debate-no-segundo-dia-do-p3c\/#primaryimage\"},\"thumbnailUrl\":\"https:\/\/agenciainfra.com\/blog\/wp-content\/uploads\/2021\/03\/ronei-glanzmann-foto-tania-rego-agencia-brasil.jpeg\",\"keywords\":[\"ANAC\",\"contratos de concess\u00e3o\",\"crise energ\u00e9tica\",\"Infraestrutura\",\"Minfra\",\"Minist\u00e9rio da Infraestrutura\",\"P3C\",\"PPPs\",\"Ronei Glanzmann\",\"transportes\"],\"articleSection\":[\"Geral\",\"iNFRALive e Eventos\"],\"inLanguage\":\"pt-BR\",\"copyrightYear\":\"2021\",\"copyrightHolder\":{\"@id\":\"https:\/\/agenciainfra.com\/blog\/#organization\"}},{\"@type\":\"WebPage\",\"@id\":\"https:\/\/agenciainfra.com\/blog\/secretario-do-minfra-estara-em-debate-no-segundo-dia-do-p3c\/\",\"url\":\"https:\/\/agenciainfra.com\/blog\/secretario-do-minfra-estara-em-debate-no-segundo-dia-do-p3c\/\",\"name\":\"Secret\u00e1rio do Minfra estar\u00e1 em debate no segundo dia do P3C - Ag\u00eancia iNFRA\",\"isPartOf\":{\"@id\":\"https:\/\/agenciainfra.com\/blog\/#website\"},\"primaryImageOfPage\":{\"@id\":\"https:\/\/agenciainfra.com\/blog\/secretario-do-minfra-estara-em-debate-no-segundo-dia-do-p3c\/#primaryimage\"},\"image\":{\"@id\":\"https:\/\/agenciainfra.com\/blog\/secretario-do-minfra-estara-em-debate-no-segundo-dia-do-p3c\/#primaryimage\"},\"thumbnailUrl\":\"https:\/\/agenciainfra.com\/blog\/wp-content\/uploads\/2021\/03\/ronei-glanzmann-foto-tania-rego-agencia-brasil.jpeg\",\"datePublished\":\"2021-11-12T13:00:00+00:00\",\"breadcrumb\":{\"@id\":\"https:\/\/agenciainfra.com\/blog\/secretario-do-minfra-estara-em-debate-no-segundo-dia-do-p3c\/#breadcrumb\"},\"inLanguage\":\"pt-BR\",\"potentialAction\":[{\"@type\":\"ReadAction\",\"target\":[\"https:\/\/agenciainfra.com\/blog\/secretario-do-minfra-estara-em-debate-no-segundo-dia-do-p3c\/\"]}]},{\"@type\":\"ImageObject\",\"inLanguage\":\"pt-BR\",\"@id\":\"https:\/\/agenciainfra.com\/blog\/secretario-do-minfra-estara-em-debate-no-segundo-dia-do-p3c\/#primaryimage\",\"url\":\"https:\/\/agenciainfra.com\/blog\/wp-content\/uploads\/2021\/03\/ronei-glanzmann-foto-tania-rego-agencia-brasil.jpeg\",\"contentUrl\":\"https:\/\/agenciainfra.com\/blog\/wp-content\/uploads\/2021\/03\/ronei-glanzmann-foto-tania-rego-agencia-brasil.jpeg\",\"width\":1280,\"height\":811,\"caption\":\"Foto: T\u00e2nia Rego\/Ag\u00eancia Brasil\"},{\"@type\":\"BreadcrumbList\",\"@id\":\"https:\/\/agenciainfra.com\/blog\/secretario-do-minfra-estara-em-debate-no-segundo-dia-do-p3c\/#breadcrumb\",\"itemListElement\":[{\"@type\":\"ListItem\",\"position\":1,\"name\":\"In\u00edcio\",\"item\":\"https:\/\/agenciainfra.com\/blog\/\"},{\"@type\":\"ListItem\",\"position\":2,\"name\":\"Secret\u00e1rio do Minfra estar\u00e1 em debate no segundo dia do P3C\"}]},{\"@type\":\"WebSite\",\"@id\":\"https:\/\/agenciainfra.com\/blog\/#website\",\"url\":\"https:\/\/agenciainfra.com\/blog\/\",\"name\":\"Ag\u00eancia iNFRA\",\"description\":\"Multiplataforma de informa\u00e7\u00e3o jornal\u00edstica refer\u00eancia na \u00e1rea de infraestrutura no Brasil!\",\"publisher\":{\"@id\":\"https:\/\/agenciainfra.com\/blog\/#organization\"},\"potentialAction\":[{\"@type\":\"SearchAction\",\"target\":{\"@type\":\"EntryPoint\",\"urlTemplate\":\"https:\/\/agenciainfra.com\/blog\/?s={search_term_string}\"},\"query-input\":{\"@type\":\"PropertyValueSpecification\",\"valueRequired\":true,\"valueName\":\"search_term_string\"}}],\"inLanguage\":\"pt-BR\"},{\"@type\":\"Organization\",\"@id\":\"https:\/\/agenciainfra.com\/blog\/#organization\",\"name\":\"Ag\u00eancia iNFRA\",\"url\":\"https:\/\/agenciainfra.com\/blog\/\",\"logo\":{\"@type\":\"ImageObject\",\"inLanguage\":\"pt-BR\",\"@id\":\"https:\/\/agenciainfra.com\/blog\/#\/schema\/logo\/image\/\",\"url\":\"https:\/\/agenciainfra.com\/blog\/wp-content\/uploads\/2023\/09\/iNFRA_5-e1761735885940.png\",\"contentUrl\":\"https:\/\/agenciainfra.com\/blog\/wp-content\/uploads\/2023\/09\/iNFRA_5-e1761735885940.png\",\"width\":1672,\"height\":454,\"caption\":\"Ag\u00eancia iNFRA\"},\"image\":{\"@id\":\"https:\/\/agenciainfra.com\/blog\/#\/schema\/logo\/image\/\"},\"sameAs\":[\"https:\/\/www.facebook.com\/ageninfra\",\"https:\/\/x.com\/agencia_infra\",\"https:\/\/www.linkedin.com\/company\/ag\u00eanciainfra\/\",\"https:\/\/www.instagram.com\/agenciainfra\/\"]},{\"@type\":\"Person\",\"@id\":\"https:\/\/agenciainfra.com\/blog\/#\/schema\/person\/34af08dff6adea4cb22b06612ba7acfa\",\"name\":\"Ag\u00eancia iNFRA\",\"image\":{\"@type\":\"ImageObject\",\"inLanguage\":\"pt-BR\",\"@id\":\"https:\/\/agenciainfra.com\/blog\/#\/schema\/person\/image\/\",\"url\":\"https:\/\/secure.gravatar.com\/avatar\/d189e01678f06d8eb84d4e01f08eb848b3fffe3f8443818d3c356c66892f5be8?s=96&d=mm&r=g\",\"contentUrl\":\"https:\/\/secure.gravatar.com\/avatar\/d189e01678f06d8eb84d4e01f08eb848b3fffe3f8443818d3c356c66892f5be8?s=96&d=mm&r=g\",\"caption\":\"Ag\u00eancia iNFRA\"},\"url\":\"https:\/\/agenciainfra.com\/blog\/author\/admin\/\"}]}<\/script>\n<!-- \/ Yoast SEO Premium plugin. -->","yoast_head_json":{"title":"Secret\u00e1rio do Minfra estar\u00e1 em debate no segundo dia do P3C - Ag\u00eancia iNFRA","robots":{"index":"index","follow":"follow","max-snippet":"max-snippet:-1","max-image-preview":"max-image-preview:large","max-video-preview":"max-video-preview:-1"},"canonical":"https:\/\/agenciainfra.com\/blog\/secretario-do-minfra-estara-em-debate-no-segundo-dia-do-p3c\/","og_locale":"pt_BR","og_type":"article","og_title":"Secret\u00e1rio do Minfra estar\u00e1 em debate no segundo dia do P3C","og_description":"da Ag\u00eancia iNFRA A P3C realiza, entre os dias 23 e 24 de novembro, a confer\u00eancia \u201cPPPs e Concess\u00f5es &#8211; Investimentos em Infraestrutura no Brasil\u201d. No segundo dia de evento (24), as palestras e pain\u00e9is contar\u00e3o com a participa\u00e7\u00e3o de, entre outros, o secret\u00e1rio nacional de avia\u00e7\u00e3o civil do Minist\u00e9rio da Infraestrutura, Ronei Glanzmann, e [&hellip;]","og_url":"https:\/\/agenciainfra.com\/blog\/secretario-do-minfra-estara-em-debate-no-segundo-dia-do-p3c\/","og_site_name":"Ag\u00eancia iNFRA","article_publisher":"https:\/\/www.facebook.com\/ageninfra","article_published_time":"2021-11-12T13:00:00+00:00","og_image":[{"width":1280,"height":811,"url":"https:\/\/agenciainfra.com\/blog\/wp-content\/uploads\/2021\/03\/ronei-glanzmann-foto-tania-rego-agencia-brasil.jpeg","type":"image\/jpeg"}],"author":"Ag\u00eancia iNFRA","twitter_card":"summary_large_image","twitter_creator":"@agencia_infra","twitter_site":"@agencia_infra","twitter_misc":{"Escrito por":"Ag\u00eancia iNFRA","Est. tempo de leitura":"3 minutos"},"schema":{"@context":"https:\/\/schema.org","@graph":[{"@type":"Article","@id":"https:\/\/agenciainfra.com\/blog\/secretario-do-minfra-estara-em-debate-no-segundo-dia-do-p3c\/#article","isPartOf":{"@id":"https:\/\/agenciainfra.com\/blog\/secretario-do-minfra-estara-em-debate-no-segundo-dia-do-p3c\/"},"author":{"name":"Ag\u00eancia iNFRA","@id":"https:\/\/agenciainfra.com\/blog\/#\/schema\/person\/34af08dff6adea4cb22b06612ba7acfa"},"headline":"Secret\u00e1rio do Minfra estar\u00e1 em debate no segundo dia do P3C","datePublished":"2021-11-12T13:00:00+00:00","mainEntityOfPage":{"@id":"https:\/\/agenciainfra.com\/blog\/secretario-do-minfra-estara-em-debate-no-segundo-dia-do-p3c\/"},"wordCount":537,"publisher":{"@id":"https:\/\/agenciainfra.com\/blog\/#organization"},"image":{"@id":"https:\/\/agenciainfra.com\/blog\/secretario-do-minfra-estara-em-debate-no-segundo-dia-do-p3c\/#primaryimage"},"thumbnailUrl":"https:\/\/agenciainfra.com\/blog\/wp-content\/uploads\/2021\/03\/ronei-glanzmann-foto-tania-rego-agencia-brasil.jpeg","keywords":["ANAC","contratos de concess\u00e3o","crise energ\u00e9tica","Infraestrutura","Minfra","Minist\u00e9rio da Infraestrutura","P3C","PPPs","Ronei Glanzmann","transportes"],"articleSection":["Geral","iNFRALive e Eventos"],"inLanguage":"pt-BR","copyrightYear":"2021","copyrightHolder":{"@id":"https:\/\/agenciainfra.com\/blog\/#organization"}},{"@type":"WebPage","@id":"https:\/\/agenciainfra.com\/blog\/secretario-do-minfra-estara-em-debate-no-segundo-dia-do-p3c\/","url":"https:\/\/agenciainfra.com\/blog\/secretario-do-minfra-estara-em-debate-no-segundo-dia-do-p3c\/","name":"Secret\u00e1rio do Minfra estar\u00e1 em debate no segundo dia do P3C - Ag\u00eancia iNFRA","isPartOf":{"@id":"https:\/\/agenciainfra.com\/blog\/#website"},"primaryImageOfPage":{"@id":"https:\/\/agenciainfra.com\/blog\/secretario-do-minfra-estara-em-debate-no-segundo-dia-do-p3c\/#primaryimage"},"image":{"@id":"https:\/\/agenciainfra.com\/blog\/secretario-do-minfra-estara-em-debate-no-segundo-dia-do-p3c\/#primaryimage"},"thumbnailUrl":"https:\/\/agenciainfra.com\/blog\/wp-content\/uploads\/2021\/03\/ronei-glanzmann-foto-tania-rego-agencia-brasil.jpeg","datePublished":"2021-11-12T13:00:00+00:00","breadcrumb":{"@id":"https:\/\/agenciainfra.com\/blog\/secretario-do-minfra-estara-em-debate-no-segundo-dia-do-p3c\/#breadcrumb"},"inLanguage":"pt-BR","potentialAction":[{"@type":"ReadAction","target":["https:\/\/agenciainfra.com\/blog\/secretario-do-minfra-estara-em-debate-no-segundo-dia-do-p3c\/"]}]},{"@type":"ImageObject","inLanguage":"pt-BR","@id":"https:\/\/agenciainfra.com\/blog\/secretario-do-minfra-estara-em-debate-no-segundo-dia-do-p3c\/#primaryimage","url":"https:\/\/agenciainfra.com\/blog\/wp-content\/uploads\/2021\/03\/ronei-glanzmann-foto-tania-rego-agencia-brasil.jpeg","contentUrl":"https:\/\/agenciainfra.com\/blog\/wp-content\/uploads\/2021\/03\/ronei-glanzmann-foto-tania-rego-agencia-brasil.jpeg","width":1280,"height":811,"caption":"Foto: T\u00e2nia Rego\/Ag\u00eancia Brasil"},{"@type":"BreadcrumbList","@id":"https:\/\/agenciainfra.com\/blog\/secretario-do-minfra-estara-em-debate-no-segundo-dia-do-p3c\/#breadcrumb","itemListElement":[{"@type":"ListItem","position":1,"name":"In\u00edcio","item":"https:\/\/agenciainfra.com\/blog\/"},{"@type":"ListItem","position":2,"name":"Secret\u00e1rio do Minfra estar\u00e1 em debate no segundo dia do P3C"}]},{"@type":"WebSite","@id":"https:\/\/agenciainfra.com\/blog\/#website","url":"https:\/\/agenciainfra.com\/blog\/","name":"Ag\u00eancia iNFRA","description":"Multiplataforma de informa\u00e7\u00e3o jornal\u00edstica refer\u00eancia na \u00e1rea de infraestrutura no Brasil!","publisher":{"@id":"https:\/\/agenciainfra.com\/blog\/#organization"},"potentialAction":[{"@type":"SearchAction","target":{"@type":"EntryPoint","urlTemplate":"https:\/\/agenciainfra.com\/blog\/?s={search_term_string}"},"query-input":{"@type":"PropertyValueSpecification","valueRequired":true,"valueName":"search_term_string"}}],"inLanguage":"pt-BR"},{"@type":"Organization","@id":"https:\/\/agenciainfra.com\/blog\/#organization","name":"Ag\u00eancia iNFRA","url":"https:\/\/agenciainfra.com\/blog\/","logo":{"@type":"ImageObject","inLanguage":"pt-BR","@id":"https:\/\/agenciainfra.com\/blog\/#\/schema\/logo\/image\/","url":"https:\/\/agenciainfra.com\/blog\/wp-content\/uploads\/2023\/09\/iNFRA_5-e1761735885940.png","contentUrl":"https:\/\/agenciainfra.com\/blog\/wp-content\/uploads\/2023\/09\/iNFRA_5-e1761735885940.png","width":1672,"height":454,"caption":"Ag\u00eancia iNFRA"},"image":{"@id":"https:\/\/agenciainfra.com\/blog\/#\/schema\/logo\/image\/"},"sameAs":["https:\/\/www.facebook.com\/ageninfra","https:\/\/x.com\/agencia_infra","https:\/\/www.linkedin.com\/company\/ag\u00eanciainfra\/","https:\/\/www.instagram.com\/agenciainfra\/"]},{"@type":"Person","@id":"https:\/\/agenciainfra.com\/blog\/#\/schema\/person\/34af08dff6adea4cb22b06612ba7acfa","name":"Ag\u00eancia iNFRA","image":{"@type":"ImageObject","inLanguage":"pt-BR","@id":"https:\/\/agenciainfra.com\/blog\/#\/schema\/person\/image\/","url":"https:\/\/secure.gravatar.com\/avatar\/d189e01678f06d8eb84d4e01f08eb848b3fffe3f8443818d3c356c66892f5be8?s=96&d=mm&r=g","contentUrl":"https:\/\/secure.gravatar.com\/avatar\/d189e01678f06d8eb84d4e01f08eb848b3fffe3f8443818d3c356c66892f5be8?s=96&d=mm&r=g","caption":"Ag\u00eancia iNFRA"},"url":"https:\/\/agenciainfra.com\/blog\/author\/admin\/"}]}},"_links":{"self":[{"href":"https:\/\/agenciainfra.com\/blog\/wp-json\/wp\/v2\/posts\/8887","targetHints":{"allow":["GET"]}}],"collection":[{"href":"https:\/\/agenciainfra.com\/blog\/wp-json\/wp\/v2\/posts"}],"about":[{"href":"https:\/\/agenciainfra.com\/blog\/wp-json\/wp\/v2\/types\/post"}],"author":[{"embeddable":true,"href":"https:\/\/agenciainfra.com\/blog\/wp-json\/wp\/v2\/users\/1"}],"replies":[{"embeddable":true,"href":"https:\/\/agenciainfra.com\/blog\/wp-json\/wp\/v2\/comments?post=8887"}],"version-history":[{"count":0,"href":"https:\/\/agenciainfra.com\/blog\/wp-json\/wp\/v2\/posts\/8887\/revisions"}],"wp:featuredmedia":[{"embeddable":true,"href":"https:\/\/agenciainfra.com\/blog\/wp-json\/wp\/v2\/media\/6982"}],"wp:attachment":[{"href":"https:\/\/agenciainfra.com\/blog\/wp-json\/wp\/v2\/media?parent=8887"}],"wp:term":[{"taxonomy":"category","embeddable":true,"href":"https:\/\/agenciainfra.com\/blog\/wp-json\/wp\/v2\/categories?post=8887"},{"taxonomy":"post_tag","embeddable":true,"href":"https:\/\/agenciainfra.com\/blog\/wp-json\/wp\/v2\/tags?post=8887"}],"curies":[{"name":"wp","href":"https:\/\/api.w.org\/{rel}","templated":true}]}}