{"id":8907,"date":"2021-11-16T11:00:00","date_gmt":"2021-11-16T14:00:00","guid":{"rendered":"https:\/\/www.agenciainfra.com\/blog\/?p=8907"},"modified":"2021-11-16T19:40:36","modified_gmt":"2021-11-16T22:40:36","slug":"custo-de-credito-mais-alto-pode-levar-projetos-de-geracao-a-mortalidade","status":"publish","type":"post","link":"https:\/\/agenciainfra.com\/blog\/custo-de-credito-mais-alto-pode-levar-projetos-de-geracao-a-mortalidade\/","title":{"rendered":"Custo de cr\u00e9dito mais alto pode levar projetos de gera\u00e7\u00e3o \u00e0 mortalidade"},"content":{"rendered":"\n<p class=\"has-text-align-right\"><strong>Roberto Rockmann, colunista da&nbsp;Ag\u00eancia iNFRA*<\/strong><\/p>\n\n\n\n<p>O custo de cr\u00e9dito pode se tornar um obst\u00e1culo a mais para novos projetos de gera\u00e7\u00e3o no fim deste ano, ao longo de 2022 e no in\u00edcio de 2023. Investidores enfrentam&nbsp;infla\u00e7\u00e3o em dois d\u00edgitos, crise pol\u00edtica e ru\u00eddos sobre a austeridade&nbsp;fiscal, al\u00e9m do&nbsp;real em baixa e riscos setoriais.<\/p>\n\n\n\n<p>Existem ainda incertezas a respeito do que poder\u00e1 ocorrer com o modelo el\u00e9trico, a depender das elei\u00e7\u00f5es presidenciais, sem contar os problemas globais que levam inclusive a dificuldades em&nbsp;obter equipamentos, como na cadeia de gera\u00e7\u00e3o solar.<\/p>\n\n\n\n<p><strong>Risco maior refletir\u00e1 no custo<\/strong><br>\u201cA realidade mudou: os custos ser\u00e3o mais altos que antes da pandemia. Sil\u00edcio, a\u00e7o e outras mat\u00e9rias primas mudaram de patamar, assim como o c\u00e2mbio. As incertezas pol\u00edticas pressionam ainda mais o capex e isso ter\u00e1 de estar no retorno\u201d, diz um desenvolvedor de projetos de energia e\u00f3lica&nbsp;e solar.<\/p>\n\n\n\n<p>&#8220;Caso se confirmem as expectativas do mercado, a Selic subir\u00e1 ao longo de 2022 e isso se refletir\u00e1 no custo de financiamento&#8221;, diz Daniel Keller, s\u00f3cio da UNA Partners.<\/p>\n\n\n\n<p>Isso poder\u00e1 levar \u00e0 mortalidade de v\u00e1rios projetos de fontes renov\u00e1veis que est\u00e3o na corrida das outorgas da ANEEL (Ag\u00eancia Nacional de Energia El\u00e9trica),&nbsp;ou exigir mais retorno de projetos a serem licitados nos pr\u00f3ximos meses. \u00c9 uma p\u00e9ssima not\u00edcia tamb\u00e9m para quem tiver de ir a mercado nos pr\u00f3ximos meses, seja para refinanciar d\u00edvidas ou para captar dinheiro para novos projetos.<\/p>\n\n\n\n<p>No in\u00edcio de 2021, a taxa b\u00e1sica de juros estava em 2% ao ano. Hoje atingiu 7,75%. Em 2021, poder\u00e1 superar 11,5%. A infla\u00e7\u00e3o poder\u00e1 rondar 10% neste ano, em 2022 e 2023. Os ru\u00eddos sobre a pol\u00edtica fiscal e a tend\u00eancia de pol\u00edticas populistas \u00e0s v\u00e9speras da elei\u00e7\u00e3o no pr\u00f3ximo ano&nbsp;t\u00eam feito a curva futura de juros tamb\u00e9m subir entre 2023 e 2029. Resultado: as taxas de retorno ter\u00e3o de acompanhar a incerteza e os pr\u00eamios maiores dos t\u00edtulos do Tesouro, cuja liquidez \u00e9 alta.<\/p>\n\n\n\n<p><strong>IPCA + 8,5%<\/strong><br>\u201c\u00c9 dif\u00edcil imaginar que algu\u00e9m vai emprestar para o setor de infraestrutura a uma taxa inferior a IPCA mais 8,5%, uma taxa dif\u00edcil mesmo para um bom tomador de cr\u00e9dito. Isso faz com que a rentabilidade seja mudada\u201d, afirma Gabriel Galipolo, ex-presidente do banco Fator e agora \u00e0 frente de sua pr\u00f3pria consultoria.<\/p>\n\n\n\n<p><strong>Contrato em d\u00f3lar<\/strong><br>Apesar das incertezas, h\u00e1 novidades. Nesses \u00faltimos dias, a AES Brasil anunciou a assinatura de um contrato de compra e venda de energia em d\u00f3lar com a Alcoa. Para exportadores, que t\u00eam sua opera\u00e7\u00e3o como hedge natural, essa dever\u00e1 ser uma sa\u00edda cada vez mais usada nesses momentos de turbul\u00eancias.<\/p>\n\n\n\n<p>O tema do cr\u00e9dito j\u00e1 come\u00e7a a ganhar espa\u00e7o na agenda das associa\u00e7\u00f5es setoriais que est\u00e3o elaborando seus programas de infraestrutura para a corrida presidencial de 2022. O papel dos bancos p\u00fablicos tamb\u00e9m voltar\u00e1 a estar no centro dos debates. A mudan\u00e7a de papel do BNDES a partir de 2017 se deu em um cen\u00e1rio de queda de juros. Agora inverteu-se a curva.<\/p>\n\n\n\n<h6 class=\"wp-block-heading\" id=\"block-f323f59b-51bf-4eed-b17b-3c7d3b917007\">*Roberto Rockmann \u00e9 escritor e jornalista. Coautor do livro \u201cCurto-Circuito, quando o Brasil quase ficou \u00e0s escuras\u201d e produtor do podcast quinzenal \u201cGiro Energia\u201d sobre o setor el\u00e9trico. Organizou em 2018 o livro de 20 anos do mercado livre de energia el\u00e9trica, editado pela CCEE (C\u00e2mara de Comercializa\u00e7\u00e3o de Energia El\u00e9trica), al\u00e9m de v\u00e1rios outros livros e trabalhos premiados.<\/h6>\n\n\n\n<h5 class=\"wp-block-heading\" id=\"block-5ef42db3-2ed1-4178-8ab5-7a7f312ba102\">As opini\u00f5es dos autores n\u00e3o refletem necessariamente o pensamento da Ag\u00eancia iNFRA, sendo de total responsabilidade do autor as informa\u00e7\u00f5es, ju\u00edzos de valor e conceitos descritos no texto.<\/h5>\n","protected":false},"excerpt":{"rendered":"<p>Roberto Rockmann, colunista da&nbsp;Ag\u00eancia iNFRA* O custo de cr\u00e9dito pode se tornar um obst\u00e1culo a mais para novos projetos de gera\u00e7\u00e3o no fim deste ano, ao longo de 2022 e no in\u00edcio de 2023. Investidores enfrentam&nbsp;infla\u00e7\u00e3o em dois d\u00edgitos, crise pol\u00edtica e ru\u00eddos sobre a austeridade&nbsp;fiscal, al\u00e9m do&nbsp;real em baixa e riscos setoriais. Existem ainda [&hellip;]<\/p>\n","protected":false},"author":1,"featured_media":4452,"comment_status":"closed","ping_status":"closed","sticky":false,"template":"","format":"standard","meta":{"_monsterinsights_skip_tracking":false,"_monsterinsights_sitenote_active":false,"_monsterinsights_sitenote_note":"","_monsterinsights_sitenote_category":0,"footnotes":""},"categories":[1],"tags":[5108,1082,282,1275,1093,2803,34,287,5035,5040],"class_list":["post-8907","post","type-post","status-publish","format-standard","has-post-thumbnail","hentry","category-geral","tag-custo-de-credito","tag-distribuicao-de-energia","tag-energia-eletrica","tag-energia-eolica","tag-energia-solar","tag-geracao-de-energia","tag-infraestrutura","tag-licitacoes","tag-projetos-de-geracao-de-energia","tag-taxas-portuarias"],"yoast_head":"<!-- This site is optimized with the Yoast SEO Premium plugin v25.4 (Yoast SEO v26.0) - https:\/\/yoast.com\/wordpress\/plugins\/seo\/ -->\n<title>Custo de cr\u00e9dito mais alto pode levar projetos de gera\u00e7\u00e3o \u00e0 mortalidade - Ag\u00eancia iNFRA<\/title>\n<meta name=\"robots\" content=\"index, follow, max-snippet:-1, max-image-preview:large, max-video-preview:-1\" \/>\n<link rel=\"canonical\" href=\"https:\/\/agenciainfra.com\/blog\/custo-de-credito-mais-alto-pode-levar-projetos-de-geracao-a-mortalidade\/\" \/>\n<meta property=\"og:locale\" content=\"pt_BR\" \/>\n<meta property=\"og:type\" content=\"article\" \/>\n<meta property=\"og:title\" content=\"Custo de cr\u00e9dito mais alto pode levar projetos de gera\u00e7\u00e3o \u00e0 mortalidade\" \/>\n<meta property=\"og:description\" content=\"Roberto Rockmann, colunista da&nbsp;Ag\u00eancia iNFRA* O custo de cr\u00e9dito pode se tornar um obst\u00e1culo a mais para novos projetos de gera\u00e7\u00e3o no fim deste ano, ao longo de 2022 e no in\u00edcio de 2023. Investidores enfrentam&nbsp;infla\u00e7\u00e3o em dois d\u00edgitos, crise pol\u00edtica e ru\u00eddos sobre a austeridade&nbsp;fiscal, al\u00e9m do&nbsp;real em baixa e riscos setoriais. Existem ainda [&hellip;]\" \/>\n<meta property=\"og:url\" content=\"https:\/\/agenciainfra.com\/blog\/custo-de-credito-mais-alto-pode-levar-projetos-de-geracao-a-mortalidade\/\" \/>\n<meta property=\"og:site_name\" content=\"Ag\u00eancia iNFRA\" \/>\n<meta property=\"article:publisher\" content=\"https:\/\/www.facebook.com\/ageninfra\" \/>\n<meta property=\"article:published_time\" content=\"2021-11-16T14:00:00+00:00\" \/>\n<meta property=\"article:modified_time\" content=\"2021-11-16T22:40:36+00:00\" \/>\n<meta property=\"og:image\" content=\"https:\/\/agenciainfra.com\/blog\/wp-content\/uploads\/2020\/02\/painel-solar-foto-dominio-publico.jpg\" \/>\n\t<meta property=\"og:image:width\" content=\"1280\" \/>\n\t<meta property=\"og:image:height\" content=\"720\" \/>\n\t<meta property=\"og:image:type\" content=\"image\/jpeg\" \/>\n<meta name=\"author\" content=\"Ag\u00eancia iNFRA\" \/>\n<meta name=\"twitter:card\" content=\"summary_large_image\" \/>\n<meta name=\"twitter:creator\" content=\"@agencia_infra\" \/>\n<meta name=\"twitter:site\" content=\"@agencia_infra\" \/>\n<meta name=\"twitter:label1\" content=\"Escrito por\" \/>\n\t<meta name=\"twitter:data1\" content=\"Ag\u00eancia iNFRA\" \/>\n\t<meta name=\"twitter:label2\" content=\"Est. tempo de leitura\" \/>\n\t<meta name=\"twitter:data2\" content=\"3 minutos\" \/>\n<script type=\"application\/ld+json\" class=\"yoast-schema-graph\">{\"@context\":\"https:\/\/schema.org\",\"@graph\":[{\"@type\":\"Article\",\"@id\":\"https:\/\/agenciainfra.com\/blog\/custo-de-credito-mais-alto-pode-levar-projetos-de-geracao-a-mortalidade\/#article\",\"isPartOf\":{\"@id\":\"https:\/\/agenciainfra.com\/blog\/custo-de-credito-mais-alto-pode-levar-projetos-de-geracao-a-mortalidade\/\"},\"author\":{\"name\":\"Ag\u00eancia iNFRA\",\"@id\":\"https:\/\/agenciainfra.com\/blog\/#\/schema\/person\/34af08dff6adea4cb22b06612ba7acfa\"},\"headline\":\"Custo de cr\u00e9dito mais alto pode levar projetos de gera\u00e7\u00e3o \u00e0 mortalidade\",\"datePublished\":\"2021-11-16T14:00:00+00:00\",\"dateModified\":\"2021-11-16T22:40:36+00:00\",\"mainEntityOfPage\":{\"@id\":\"https:\/\/agenciainfra.com\/blog\/custo-de-credito-mais-alto-pode-levar-projetos-de-geracao-a-mortalidade\/\"},\"wordCount\":660,\"publisher\":{\"@id\":\"https:\/\/agenciainfra.com\/blog\/#organization\"},\"image\":{\"@id\":\"https:\/\/agenciainfra.com\/blog\/custo-de-credito-mais-alto-pode-levar-projetos-de-geracao-a-mortalidade\/#primaryimage\"},\"thumbnailUrl\":\"https:\/\/agenciainfra.com\/blog\/wp-content\/uploads\/2020\/02\/painel-solar-foto-dominio-publico.jpg\",\"keywords\":[\"custo de cr\u00e9dito\",\"distribui\u00e7\u00e3o de energia\",\"energia el\u00e9trica\",\"energia e\u00f3lica\",\"energia solar\",\"gera\u00e7\u00e3o de energia\",\"Infraestrutura\",\"licita\u00e7\u00f5es\",\"projetos de gera\u00e7\u00e3o de energia\",\"taxas portu\u00e1rias\"],\"articleSection\":[\"Geral\"],\"inLanguage\":\"pt-BR\",\"copyrightYear\":\"2021\",\"copyrightHolder\":{\"@id\":\"https:\/\/agenciainfra.com\/blog\/#organization\"}},{\"@type\":\"WebPage\",\"@id\":\"https:\/\/agenciainfra.com\/blog\/custo-de-credito-mais-alto-pode-levar-projetos-de-geracao-a-mortalidade\/\",\"url\":\"https:\/\/agenciainfra.com\/blog\/custo-de-credito-mais-alto-pode-levar-projetos-de-geracao-a-mortalidade\/\",\"name\":\"Custo de cr\u00e9dito mais alto pode levar projetos de gera\u00e7\u00e3o \u00e0 mortalidade - Ag\u00eancia iNFRA\",\"isPartOf\":{\"@id\":\"https:\/\/agenciainfra.com\/blog\/#website\"},\"primaryImageOfPage\":{\"@id\":\"https:\/\/agenciainfra.com\/blog\/custo-de-credito-mais-alto-pode-levar-projetos-de-geracao-a-mortalidade\/#primaryimage\"},\"image\":{\"@id\":\"https:\/\/agenciainfra.com\/blog\/custo-de-credito-mais-alto-pode-levar-projetos-de-geracao-a-mortalidade\/#primaryimage\"},\"thumbnailUrl\":\"https:\/\/agenciainfra.com\/blog\/wp-content\/uploads\/2020\/02\/painel-solar-foto-dominio-publico.jpg\",\"datePublished\":\"2021-11-16T14:00:00+00:00\",\"dateModified\":\"2021-11-16T22:40:36+00:00\",\"breadcrumb\":{\"@id\":\"https:\/\/agenciainfra.com\/blog\/custo-de-credito-mais-alto-pode-levar-projetos-de-geracao-a-mortalidade\/#breadcrumb\"},\"inLanguage\":\"pt-BR\",\"potentialAction\":[{\"@type\":\"ReadAction\",\"target\":[\"https:\/\/agenciainfra.com\/blog\/custo-de-credito-mais-alto-pode-levar-projetos-de-geracao-a-mortalidade\/\"]}]},{\"@type\":\"ImageObject\",\"inLanguage\":\"pt-BR\",\"@id\":\"https:\/\/agenciainfra.com\/blog\/custo-de-credito-mais-alto-pode-levar-projetos-de-geracao-a-mortalidade\/#primaryimage\",\"url\":\"https:\/\/agenciainfra.com\/blog\/wp-content\/uploads\/2020\/02\/painel-solar-foto-dominio-publico.jpg\",\"contentUrl\":\"https:\/\/agenciainfra.com\/blog\/wp-content\/uploads\/2020\/02\/painel-solar-foto-dominio-publico.jpg\",\"width\":1280,\"height\":720,\"caption\":\"Foto: Dom\u00ednio P\u00fablico\"},{\"@type\":\"BreadcrumbList\",\"@id\":\"https:\/\/agenciainfra.com\/blog\/custo-de-credito-mais-alto-pode-levar-projetos-de-geracao-a-mortalidade\/#breadcrumb\",\"itemListElement\":[{\"@type\":\"ListItem\",\"position\":1,\"name\":\"In\u00edcio\",\"item\":\"https:\/\/agenciainfra.com\/blog\/\"},{\"@type\":\"ListItem\",\"position\":2,\"name\":\"Custo de cr\u00e9dito mais alto pode levar projetos de gera\u00e7\u00e3o \u00e0 mortalidade\"}]},{\"@type\":\"WebSite\",\"@id\":\"https:\/\/agenciainfra.com\/blog\/#website\",\"url\":\"https:\/\/agenciainfra.com\/blog\/\",\"name\":\"Ag\u00eancia iNFRA\",\"description\":\"Multiplataforma de informa\u00e7\u00e3o jornal\u00edstica refer\u00eancia na \u00e1rea de infraestrutura no Brasil!\",\"publisher\":{\"@id\":\"https:\/\/agenciainfra.com\/blog\/#organization\"},\"potentialAction\":[{\"@type\":\"SearchAction\",\"target\":{\"@type\":\"EntryPoint\",\"urlTemplate\":\"https:\/\/agenciainfra.com\/blog\/?s={search_term_string}\"},\"query-input\":{\"@type\":\"PropertyValueSpecification\",\"valueRequired\":true,\"valueName\":\"search_term_string\"}}],\"inLanguage\":\"pt-BR\"},{\"@type\":\"Organization\",\"@id\":\"https:\/\/agenciainfra.com\/blog\/#organization\",\"name\":\"Ag\u00eancia iNFRA\",\"url\":\"https:\/\/agenciainfra.com\/blog\/\",\"logo\":{\"@type\":\"ImageObject\",\"inLanguage\":\"pt-BR\",\"@id\":\"https:\/\/agenciainfra.com\/blog\/#\/schema\/logo\/image\/\",\"url\":\"https:\/\/agenciainfra.com\/blog\/wp-content\/uploads\/2023\/09\/iNFRA_5-e1761735885940.png\",\"contentUrl\":\"https:\/\/agenciainfra.com\/blog\/wp-content\/uploads\/2023\/09\/iNFRA_5-e1761735885940.png\",\"width\":1672,\"height\":454,\"caption\":\"Ag\u00eancia iNFRA\"},\"image\":{\"@id\":\"https:\/\/agenciainfra.com\/blog\/#\/schema\/logo\/image\/\"},\"sameAs\":[\"https:\/\/www.facebook.com\/ageninfra\",\"https:\/\/x.com\/agencia_infra\",\"https:\/\/www.linkedin.com\/company\/ag\u00eanciainfra\/\",\"https:\/\/www.instagram.com\/agenciainfra\/\"]},{\"@type\":\"Person\",\"@id\":\"https:\/\/agenciainfra.com\/blog\/#\/schema\/person\/34af08dff6adea4cb22b06612ba7acfa\",\"name\":\"Ag\u00eancia iNFRA\",\"image\":{\"@type\":\"ImageObject\",\"inLanguage\":\"pt-BR\",\"@id\":\"https:\/\/agenciainfra.com\/blog\/#\/schema\/person\/image\/\",\"url\":\"https:\/\/secure.gravatar.com\/avatar\/d189e01678f06d8eb84d4e01f08eb848b3fffe3f8443818d3c356c66892f5be8?s=96&d=mm&r=g\",\"contentUrl\":\"https:\/\/secure.gravatar.com\/avatar\/d189e01678f06d8eb84d4e01f08eb848b3fffe3f8443818d3c356c66892f5be8?s=96&d=mm&r=g\",\"caption\":\"Ag\u00eancia iNFRA\"},\"url\":\"https:\/\/agenciainfra.com\/blog\/author\/admin\/\"}]}<\/script>\n<!-- \/ Yoast SEO Premium plugin. -->","yoast_head_json":{"title":"Custo de cr\u00e9dito mais alto pode levar projetos de gera\u00e7\u00e3o \u00e0 mortalidade - Ag\u00eancia iNFRA","robots":{"index":"index","follow":"follow","max-snippet":"max-snippet:-1","max-image-preview":"max-image-preview:large","max-video-preview":"max-video-preview:-1"},"canonical":"https:\/\/agenciainfra.com\/blog\/custo-de-credito-mais-alto-pode-levar-projetos-de-geracao-a-mortalidade\/","og_locale":"pt_BR","og_type":"article","og_title":"Custo de cr\u00e9dito mais alto pode levar projetos de gera\u00e7\u00e3o \u00e0 mortalidade","og_description":"Roberto Rockmann, colunista da&nbsp;Ag\u00eancia iNFRA* O custo de cr\u00e9dito pode se tornar um obst\u00e1culo a mais para novos projetos de gera\u00e7\u00e3o no fim deste ano, ao longo de 2022 e no in\u00edcio de 2023. Investidores enfrentam&nbsp;infla\u00e7\u00e3o em dois d\u00edgitos, crise pol\u00edtica e ru\u00eddos sobre a austeridade&nbsp;fiscal, al\u00e9m do&nbsp;real em baixa e riscos setoriais. Existem ainda [&hellip;]","og_url":"https:\/\/agenciainfra.com\/blog\/custo-de-credito-mais-alto-pode-levar-projetos-de-geracao-a-mortalidade\/","og_site_name":"Ag\u00eancia iNFRA","article_publisher":"https:\/\/www.facebook.com\/ageninfra","article_published_time":"2021-11-16T14:00:00+00:00","article_modified_time":"2021-11-16T22:40:36+00:00","og_image":[{"width":1280,"height":720,"url":"https:\/\/agenciainfra.com\/blog\/wp-content\/uploads\/2020\/02\/painel-solar-foto-dominio-publico.jpg","type":"image\/jpeg"}],"author":"Ag\u00eancia iNFRA","twitter_card":"summary_large_image","twitter_creator":"@agencia_infra","twitter_site":"@agencia_infra","twitter_misc":{"Escrito por":"Ag\u00eancia iNFRA","Est. tempo de leitura":"3 minutos"},"schema":{"@context":"https:\/\/schema.org","@graph":[{"@type":"Article","@id":"https:\/\/agenciainfra.com\/blog\/custo-de-credito-mais-alto-pode-levar-projetos-de-geracao-a-mortalidade\/#article","isPartOf":{"@id":"https:\/\/agenciainfra.com\/blog\/custo-de-credito-mais-alto-pode-levar-projetos-de-geracao-a-mortalidade\/"},"author":{"name":"Ag\u00eancia iNFRA","@id":"https:\/\/agenciainfra.com\/blog\/#\/schema\/person\/34af08dff6adea4cb22b06612ba7acfa"},"headline":"Custo de cr\u00e9dito mais alto pode levar projetos de gera\u00e7\u00e3o \u00e0 mortalidade","datePublished":"2021-11-16T14:00:00+00:00","dateModified":"2021-11-16T22:40:36+00:00","mainEntityOfPage":{"@id":"https:\/\/agenciainfra.com\/blog\/custo-de-credito-mais-alto-pode-levar-projetos-de-geracao-a-mortalidade\/"},"wordCount":660,"publisher":{"@id":"https:\/\/agenciainfra.com\/blog\/#organization"},"image":{"@id":"https:\/\/agenciainfra.com\/blog\/custo-de-credito-mais-alto-pode-levar-projetos-de-geracao-a-mortalidade\/#primaryimage"},"thumbnailUrl":"https:\/\/agenciainfra.com\/blog\/wp-content\/uploads\/2020\/02\/painel-solar-foto-dominio-publico.jpg","keywords":["custo de cr\u00e9dito","distribui\u00e7\u00e3o de energia","energia el\u00e9trica","energia e\u00f3lica","energia solar","gera\u00e7\u00e3o de energia","Infraestrutura","licita\u00e7\u00f5es","projetos de gera\u00e7\u00e3o de energia","taxas portu\u00e1rias"],"articleSection":["Geral"],"inLanguage":"pt-BR","copyrightYear":"2021","copyrightHolder":{"@id":"https:\/\/agenciainfra.com\/blog\/#organization"}},{"@type":"WebPage","@id":"https:\/\/agenciainfra.com\/blog\/custo-de-credito-mais-alto-pode-levar-projetos-de-geracao-a-mortalidade\/","url":"https:\/\/agenciainfra.com\/blog\/custo-de-credito-mais-alto-pode-levar-projetos-de-geracao-a-mortalidade\/","name":"Custo de cr\u00e9dito mais alto pode levar projetos de gera\u00e7\u00e3o \u00e0 mortalidade - Ag\u00eancia iNFRA","isPartOf":{"@id":"https:\/\/agenciainfra.com\/blog\/#website"},"primaryImageOfPage":{"@id":"https:\/\/agenciainfra.com\/blog\/custo-de-credito-mais-alto-pode-levar-projetos-de-geracao-a-mortalidade\/#primaryimage"},"image":{"@id":"https:\/\/agenciainfra.com\/blog\/custo-de-credito-mais-alto-pode-levar-projetos-de-geracao-a-mortalidade\/#primaryimage"},"thumbnailUrl":"https:\/\/agenciainfra.com\/blog\/wp-content\/uploads\/2020\/02\/painel-solar-foto-dominio-publico.jpg","datePublished":"2021-11-16T14:00:00+00:00","dateModified":"2021-11-16T22:40:36+00:00","breadcrumb":{"@id":"https:\/\/agenciainfra.com\/blog\/custo-de-credito-mais-alto-pode-levar-projetos-de-geracao-a-mortalidade\/#breadcrumb"},"inLanguage":"pt-BR","potentialAction":[{"@type":"ReadAction","target":["https:\/\/agenciainfra.com\/blog\/custo-de-credito-mais-alto-pode-levar-projetos-de-geracao-a-mortalidade\/"]}]},{"@type":"ImageObject","inLanguage":"pt-BR","@id":"https:\/\/agenciainfra.com\/blog\/custo-de-credito-mais-alto-pode-levar-projetos-de-geracao-a-mortalidade\/#primaryimage","url":"https:\/\/agenciainfra.com\/blog\/wp-content\/uploads\/2020\/02\/painel-solar-foto-dominio-publico.jpg","contentUrl":"https:\/\/agenciainfra.com\/blog\/wp-content\/uploads\/2020\/02\/painel-solar-foto-dominio-publico.jpg","width":1280,"height":720,"caption":"Foto: Dom\u00ednio P\u00fablico"},{"@type":"BreadcrumbList","@id":"https:\/\/agenciainfra.com\/blog\/custo-de-credito-mais-alto-pode-levar-projetos-de-geracao-a-mortalidade\/#breadcrumb","itemListElement":[{"@type":"ListItem","position":1,"name":"In\u00edcio","item":"https:\/\/agenciainfra.com\/blog\/"},{"@type":"ListItem","position":2,"name":"Custo de cr\u00e9dito mais alto pode levar projetos de gera\u00e7\u00e3o \u00e0 mortalidade"}]},{"@type":"WebSite","@id":"https:\/\/agenciainfra.com\/blog\/#website","url":"https:\/\/agenciainfra.com\/blog\/","name":"Ag\u00eancia iNFRA","description":"Multiplataforma de informa\u00e7\u00e3o jornal\u00edstica refer\u00eancia na \u00e1rea de infraestrutura no Brasil!","publisher":{"@id":"https:\/\/agenciainfra.com\/blog\/#organization"},"potentialAction":[{"@type":"SearchAction","target":{"@type":"EntryPoint","urlTemplate":"https:\/\/agenciainfra.com\/blog\/?s={search_term_string}"},"query-input":{"@type":"PropertyValueSpecification","valueRequired":true,"valueName":"search_term_string"}}],"inLanguage":"pt-BR"},{"@type":"Organization","@id":"https:\/\/agenciainfra.com\/blog\/#organization","name":"Ag\u00eancia iNFRA","url":"https:\/\/agenciainfra.com\/blog\/","logo":{"@type":"ImageObject","inLanguage":"pt-BR","@id":"https:\/\/agenciainfra.com\/blog\/#\/schema\/logo\/image\/","url":"https:\/\/agenciainfra.com\/blog\/wp-content\/uploads\/2023\/09\/iNFRA_5-e1761735885940.png","contentUrl":"https:\/\/agenciainfra.com\/blog\/wp-content\/uploads\/2023\/09\/iNFRA_5-e1761735885940.png","width":1672,"height":454,"caption":"Ag\u00eancia iNFRA"},"image":{"@id":"https:\/\/agenciainfra.com\/blog\/#\/schema\/logo\/image\/"},"sameAs":["https:\/\/www.facebook.com\/ageninfra","https:\/\/x.com\/agencia_infra","https:\/\/www.linkedin.com\/company\/ag\u00eanciainfra\/","https:\/\/www.instagram.com\/agenciainfra\/"]},{"@type":"Person","@id":"https:\/\/agenciainfra.com\/blog\/#\/schema\/person\/34af08dff6adea4cb22b06612ba7acfa","name":"Ag\u00eancia iNFRA","image":{"@type":"ImageObject","inLanguage":"pt-BR","@id":"https:\/\/agenciainfra.com\/blog\/#\/schema\/person\/image\/","url":"https:\/\/secure.gravatar.com\/avatar\/d189e01678f06d8eb84d4e01f08eb848b3fffe3f8443818d3c356c66892f5be8?s=96&d=mm&r=g","contentUrl":"https:\/\/secure.gravatar.com\/avatar\/d189e01678f06d8eb84d4e01f08eb848b3fffe3f8443818d3c356c66892f5be8?s=96&d=mm&r=g","caption":"Ag\u00eancia iNFRA"},"url":"https:\/\/agenciainfra.com\/blog\/author\/admin\/"}]}},"_links":{"self":[{"href":"https:\/\/agenciainfra.com\/blog\/wp-json\/wp\/v2\/posts\/8907","targetHints":{"allow":["GET"]}}],"collection":[{"href":"https:\/\/agenciainfra.com\/blog\/wp-json\/wp\/v2\/posts"}],"about":[{"href":"https:\/\/agenciainfra.com\/blog\/wp-json\/wp\/v2\/types\/post"}],"author":[{"embeddable":true,"href":"https:\/\/agenciainfra.com\/blog\/wp-json\/wp\/v2\/users\/1"}],"replies":[{"embeddable":true,"href":"https:\/\/agenciainfra.com\/blog\/wp-json\/wp\/v2\/comments?post=8907"}],"version-history":[{"count":0,"href":"https:\/\/agenciainfra.com\/blog\/wp-json\/wp\/v2\/posts\/8907\/revisions"}],"wp:featuredmedia":[{"embeddable":true,"href":"https:\/\/agenciainfra.com\/blog\/wp-json\/wp\/v2\/media\/4452"}],"wp:attachment":[{"href":"https:\/\/agenciainfra.com\/blog\/wp-json\/wp\/v2\/media?parent=8907"}],"wp:term":[{"taxonomy":"category","embeddable":true,"href":"https:\/\/agenciainfra.com\/blog\/wp-json\/wp\/v2\/categories?post=8907"},{"taxonomy":"post_tag","embeddable":true,"href":"https:\/\/agenciainfra.com\/blog\/wp-json\/wp\/v2\/tags?post=8907"}],"curies":[{"name":"wp","href":"https:\/\/api.w.org\/{rel}","templated":true}]}}