{"id":8918,"date":"2021-11-17T10:00:00","date_gmt":"2021-11-17T13:00:00","guid":{"rendered":"https:\/\/www.agenciainfra.com\/blog\/?p=8918"},"modified":"2021-11-17T10:45:42","modified_gmt":"2021-11-17T13:45:42","slug":"p3c-conheca-os-convidados-que-participarao-do-evento","status":"publish","type":"post","link":"https:\/\/agenciainfra.com\/blog\/p3c-conheca-os-convidados-que-participarao-do-evento\/","title":{"rendered":"P3C: Conhe\u00e7a os convidados que participar\u00e3o do evento"},"content":{"rendered":"\n<p class=\"has-text-align-right\"><strong>da Ag\u00eancia iNFRA<\/strong><\/p>\n\n\n\n<p>A plataforma P3C realiza, entre os dias 23 e 24 de novembro, sua 1\u00aa confer\u00eancia, que ter\u00e1 como tema: \u201cPPPs e Concess\u00f5es &#8211; Investimentos em Infraestrutura no Brasil\u201d. O evento contar\u00e1 com a presen\u00e7a h\u00edbrida (online e presencial) de especialistas para debater temas do setor de infraestrutura, e promover\u00e1 a entrega do Pr\u00eamio Cumprimento de Contratos de Concess\u00e3o e PPP Durante a Pandemia ao ente p\u00fablico ou ag\u00eancia reguladora vencedora.<\/p>\n\n\n\n<p>Dentre os convidados, o Nobel de economia em 2020, Paul Milgrom, ser\u00e1 o keynote speaker internacional, ao lado do ministro da Infraestrutura, Tarc\u00edsio de Freitas, como keynote speaker nacional, participando da primeira mesa do dia 23, composta tamb\u00e9m por Daniel Sonder, CEO da B3; Paula Faria, CEO da Necta; Mauricio Portugal, da Portugal Ribeiro Advogados; Eduardo Camargo, presidente da CCR LamVia; e Guilherme Xavier, da Oliver Wyman.<\/p>\n\n\n\n<p>Em seguida, no painel \u201cComo melhorar os leil\u00f5es de concess\u00f5es e PPPs no Brasil\u201d, o superintendente de processos licitat\u00f3rios da B3, Guilherme Peixoto, juntamente com o ex-presidente da EBP (Estruturadora Brasileira de Projetos), Helcio Tokeshi, o superintendente de estrutura\u00e7\u00e3o de parcerias de investimentos do BNDES, Cleverson Aroeira, e o economista-chefe e s\u00f3cio da Stone Co Inc, Vinicius Carrasco, discutem o tema.<\/p>\n\n\n\n<p>O painel &#8220;Reajuste e reequil\u00edbrio de contratos de concess\u00e3o e PPP&#8221; recebe Luiz Guilherme Schymura (FGV Ibre), Rafaella Pe\u00e7anha Guzela (Secretaria de Desenvolvimento da Infraestrutura\/Minist\u00e9rio da Economia), Lucilaine Ten\u00f3rio de Medeiros (Aegea Saneamento) e Daniela Sandoval (BRK Ambiental), com modera\u00e7\u00e3o de Oscar Cordeiro Netto, diretor da ANA (Ag\u00eancia Nacional de \u00c1guas e Saneamento B\u00e1sico).<\/p>\n\n\n\n<p>Com o tema \u201cAvaliando os contratos de concess\u00e3o brasileiros de rodovias\u201d, painel re\u00fane o conselheiro-presidente da Agergs (Ag\u00eancia Reguladora do Estado do Rio Grande do Sul), Luiz Afonso Senna; o secret\u00e1rio da Seinfra de Minas Gerais, Fernando Marcato; o CEO da CCR-SP, F\u00e1bio Russo; e o especialista em PPPs (parcerias p\u00fablico-privadas) do BID (Banco Interamericano de Desenvolvimento), Marcos Siqueira; com modera\u00e7\u00e3o de Viviane Esse, assessora do Minist\u00e9rio da Economia.<\/p>\n\n\n\n<p>Encerrando o primeiro dia, Mario Engler Pinto Jr., presidente do conselho de administra\u00e7\u00e3o da Sabesp e da Corsan, ser\u00e1 moderador do debate sobre desregula\u00e7\u00e3o estrutural, com palestras de Mauricio Portugal Ribeiro e Eduardo Jord\u00e3o.<\/p>\n\n\n\n<p>O segundo dia (24) se inicia com painel que discute os acordos para reestruturar concess\u00f5es, equacionar passivos e viabilizar investimentos, apresentado por Adriano Maia, s\u00f3cio da VMB Jur\u00eddica; a gerente de processos licitat\u00f3rios da B3, M\u00f4nica Salles; a subsecret\u00e1ria de parcerias do Governo do Estado de S\u00e3o Paulo, Tarcila Reis; a s\u00f3cia da Sundfeld Advogados e professora na FGV Direito SP, Vera Cristina Caspari Monteiro; e os diretores jur\u00eddicos da EcoRodovias e da CCR, Marcelo Lucon e Roberto Penna, respectivamente. Simultaneamente, o painel \u201cRankings e pr\u00eamios para melhorar o ambiente de neg\u00f3cios\u201d \u00e9 apresentado pelo diretor comercial e de marketing da Urban Systems Brasil, Willian Rigon; o economista M\u00e1rcio Zanetti; o diretor da CLP (Centro de Lideran\u00e7a P\u00fablica), Tadeu Barros; Mauricio Portugal, da Portugal Ribeiro Advogados; e Paula Faria, CEO da Necta.<\/p>\n\n\n\n<p>Em seguida, ser\u00e3o discutidas as concess\u00f5es aeroportu\u00e1rias, com palestras do diretor da ANAC (Ag\u00eancia Nacional de Avia\u00e7\u00e3o Civil), Tiago Pereira; do secret\u00e1rio nacional de Avia\u00e7\u00e3o Civil do Minist\u00e9rio da Infraestrutura, Ronei Saggioro Glanzmann; do diretor regional de aeroportos das Am\u00e9ricas da Iata (Associa\u00e7\u00e3o do Transporte A\u00e9reo Internacional), Filipe Pereira dos Reis; do CEO do Zurich Airport Brasil, Ricardo Gesse, e da CEO da CCR Airports, Cristiane Gomes; moderadas pelo advogado Ricardo Fenelon e o vice-presidente da Modern Logistics, Adalberto Febeliano.<\/p>\n\n\n\n<p>No mesmo hor\u00e1rio, em outra mesa, Roberto Rockmann, colunista da&nbsp;<strong>Ag\u00eancia iNFRA<\/strong>, discute a crise energ\u00e9tica de 2001 e seu gerenciamento, com a participa\u00e7\u00e3o do conselheiro da Eneva, Evoltz, Igu\u00e1 e Orizon, Jerson Kelman; o ex-presidente da ANP (Ag\u00eancia Nacional do Petr\u00f3leo, G\u00e1s Natural e Biocombust\u00edveis), David Zylbersztajn; o s\u00f3cio e cofundador da eB Capital, Pedro Parente; e o CEO da PRS Solu\u00e7\u00f5es e Consultoria em Energia, Mario Veiga Ferraz.<\/p>\n\n\n\n<p>Paralelo aos dois eventos, a secret\u00e1ria-executiva de Parcerias do Estado de S\u00e3o Paulo, Gabriela Engler, far\u00e1 a modera\u00e7\u00e3o do painel sobre &#8220;A desestatiza\u00e7\u00e3o de ativos de mobilidade urbana: de onde viemos e para onde vamos?&#8221;, com palestras de Marcela Costa (CCR S\/A) e Antonio Carlos Sanches (Supervia).<\/p>\n\n\n\n<p>Logo ap\u00f3s, o professor da FGV-SP e presidente do conselho de administra\u00e7\u00e3o da Sabesp e Corsan, Mario Engler Pinto Jr., apresenta palestra sobre regula\u00e7\u00e3o&nbsp;do Novo Marco de Saneamento, ao lado do diretor-executivo da Abcon Sindcon (Associa\u00e7\u00e3o e Sindicato Nacional das Concession\u00e1rias Privadas de Servi\u00e7os P\u00fablicos de \u00c1gua e Esgoto), Percy Soares, e de Karla Bertocco Trindade, da Mau\u00e1 Capital, com modera\u00e7\u00e3o do s\u00f3cio da Siglasul Consultores, Sebastian Butto. No mesmo hor\u00e1rio, a mesa com o superintendente de Governo e de Relacionamento Institucional do BNDES, Pedro Bruno; o CEO da Opy Health, Otavio Silveira; e o diretor da OEC (Odebrecht Engenharia e Constru\u00e7\u00e3o), Cl\u00e9bio Batista, tratar\u00e1 de infraestrutura social, com modera\u00e7\u00e3o de Mauricio Portugal Ribeiro.<br>Em mesa sobre o tema das ferrovias, o assessor especial do Minist\u00e9rio da Infraestrutura, Marcos Kleber Ribeiro Felix, o diretor de Assuntos Regulat\u00f3rios e Institucionais da Rumo, Guilherme Penin, e o diretor de Neg\u00f3cios da Valec Engenharia, Alex Trevizan, participam de debate com modera\u00e7\u00e3o do s\u00f3cio-diretor da&nbsp;<strong>Ag\u00eancia iNFRA<\/strong>, Dimmi Amora.<\/p>\n\n\n\n<p>Painel sobre as preocupa\u00e7\u00f5es e poss\u00edveis dire\u00e7\u00f5es quanto ao compliance no setor da infraestrutura, \u00e9 apresentado pela superintendente de Parcerias e Concess\u00f5es do Governo do Piau\u00ed, Viviane Moura; pelo superintendente de Sustentabilidade da B3, Cesar Tarabay Sanches; e moderado pelo professor da USP (Universidade de S\u00e3o Paulo) Jean-Paul Veiga da Rocha.<\/p>\n\n\n\n<p>\u00c9 realizada ainda a aula inaugural do MBA PPP e Concess\u00f5es, com palestras de Mauricio&nbsp;Portugal Ribeiro (Portugal Ribeiro Advogados), Guilherme Peixoto (B3), Carlos Nascimento (MBA PPP e Concess\u00f5es) e Gabriel Muricca Gal\u00edpolo (Gal\u00edpolo Consultoria).<\/p>\n\n\n\n<p>A entrega do Pr\u00eamio Cumprimento de Contratos de Concess\u00e3o e PPP Durante a Pandemia \u00e9 feita no encerramento do evento. Os ganhadores ser\u00e3o conhecidos no momento da cerim\u00f4nia.<\/p>\n\n\n\n<p>O evento ser\u00e1 realizado pela P3C, em parceria com a Necta e a B3, bolsa de valores do Brasil, e com o apoio da&nbsp;<strong>Ag\u00eancia iNFRA<\/strong>. As palestras, os pain\u00e9is de debates e a entrega dos pr\u00eamios ser\u00e3o transmitidos ao vivo pela B3. O acesso \u00e0 transmiss\u00e3o \u00e9 poss\u00edvel mediante inscri\u00e7\u00e3o, que pode ser feita por meio&nbsp;<a href=\"https:\/\/www.sympla.com.br\/p3c--ppps-e-concessoes---investimentos-em-infraestrutura-no-brasil__1353418\" target=\"_blank\" rel=\"noreferrer noopener\">deste link<\/a>. Mais informa\u00e7\u00f5es est\u00e3o dispon\u00edveis no&nbsp;<a href=\"https:\/\/p3c.com.br\/\" target=\"_blank\" rel=\"noreferrer noopener\">site da P3C<\/a>.<\/p>\n","protected":false},"excerpt":{"rendered":"<p>da Ag\u00eancia iNFRA A plataforma P3C realiza, entre os dias 23 e 24 de novembro, sua 1\u00aa confer\u00eancia, que ter\u00e1 como tema: \u201cPPPs e Concess\u00f5es &#8211; Investimentos em Infraestrutura no Brasil\u201d. O evento contar\u00e1 com a presen\u00e7a h\u00edbrida (online e presencial) de especialistas para debater temas do setor de infraestrutura, e promover\u00e1 a entrega do [&hellip;]<\/p>\n","protected":false},"author":1,"featured_media":8922,"comment_status":"closed","ping_status":"closed","sticky":false,"template":"","format":"standard","meta":{"_monsterinsights_skip_tracking":false,"_monsterinsights_sitenote_active":false,"_monsterinsights_sitenote_note":"","_monsterinsights_sitenote_category":0,"footnotes":""},"categories":[1,2053],"tags":[4822,78,34,32,4755,287,66,5089,406,70],"class_list":["post-8918","post","type-post","status-publish","format-standard","has-post-thumbnail","hentry","category-geral","category-infraliveventos","tag-b3","tag-concessoes","tag-infraestrutura","tag-investimentos","tag-leilao-de-concessao","tag-licitacoes","tag-logistica","tag-p3c","tag-ppps","tag-transportes"],"yoast_head":"<!-- This site is optimized with the Yoast SEO Premium plugin v25.4 (Yoast SEO v26.0) - https:\/\/yoast.com\/wordpress\/plugins\/seo\/ -->\n<title>P3C: Conhe\u00e7a os convidados que participar\u00e3o do evento - Ag\u00eancia iNFRA<\/title>\n<meta name=\"robots\" content=\"index, follow, max-snippet:-1, max-image-preview:large, max-video-preview:-1\" \/>\n<link rel=\"canonical\" href=\"https:\/\/agenciainfra.com\/blog\/p3c-conheca-os-convidados-que-participarao-do-evento\/\" \/>\n<meta property=\"og:locale\" content=\"pt_BR\" \/>\n<meta property=\"og:type\" content=\"article\" \/>\n<meta property=\"og:title\" content=\"P3C: Conhe\u00e7a os convidados que participar\u00e3o do evento\" \/>\n<meta property=\"og:description\" content=\"da Ag\u00eancia iNFRA A plataforma P3C realiza, entre os dias 23 e 24 de novembro, sua 1\u00aa confer\u00eancia, que ter\u00e1 como tema: \u201cPPPs e Concess\u00f5es &#8211; Investimentos em Infraestrutura no Brasil\u201d. O evento contar\u00e1 com a presen\u00e7a h\u00edbrida (online e presencial) de especialistas para debater temas do setor de infraestrutura, e promover\u00e1 a entrega do [&hellip;]\" \/>\n<meta property=\"og:url\" content=\"https:\/\/agenciainfra.com\/blog\/p3c-conheca-os-convidados-que-participarao-do-evento\/\" \/>\n<meta property=\"og:site_name\" content=\"Ag\u00eancia iNFRA\" \/>\n<meta property=\"article:publisher\" content=\"https:\/\/www.facebook.com\/ageninfra\" \/>\n<meta property=\"article:published_time\" content=\"2021-11-17T13:00:00+00:00\" \/>\n<meta property=\"article:modified_time\" content=\"2021-11-17T13:45:42+00:00\" \/>\n<meta property=\"og:image\" content=\"https:\/\/agenciainfra.com\/blog\/wp-content\/uploads\/2021\/11\/tarcisio-de-freitas-foto-alberto-ruy-minfra.jpg\" \/>\n\t<meta property=\"og:image:width\" content=\"1600\" \/>\n\t<meta property=\"og:image:height\" content=\"1067\" \/>\n\t<meta property=\"og:image:type\" content=\"image\/jpeg\" \/>\n<meta name=\"author\" content=\"Ag\u00eancia iNFRA\" \/>\n<meta name=\"twitter:card\" content=\"summary_large_image\" \/>\n<meta name=\"twitter:creator\" content=\"@agencia_infra\" \/>\n<meta name=\"twitter:site\" content=\"@agencia_infra\" \/>\n<meta name=\"twitter:label1\" content=\"Escrito por\" \/>\n\t<meta name=\"twitter:data1\" content=\"Ag\u00eancia iNFRA\" \/>\n\t<meta name=\"twitter:label2\" content=\"Est. tempo de leitura\" \/>\n\t<meta name=\"twitter:data2\" content=\"6 minutos\" \/>\n<script type=\"application\/ld+json\" class=\"yoast-schema-graph\">{\"@context\":\"https:\/\/schema.org\",\"@graph\":[{\"@type\":\"Article\",\"@id\":\"https:\/\/agenciainfra.com\/blog\/p3c-conheca-os-convidados-que-participarao-do-evento\/#article\",\"isPartOf\":{\"@id\":\"https:\/\/agenciainfra.com\/blog\/p3c-conheca-os-convidados-que-participarao-do-evento\/\"},\"author\":{\"name\":\"Ag\u00eancia iNFRA\",\"@id\":\"https:\/\/agenciainfra.com\/blog\/#\/schema\/person\/34af08dff6adea4cb22b06612ba7acfa\"},\"headline\":\"P3C: Conhe\u00e7a os convidados que participar\u00e3o do evento\",\"datePublished\":\"2021-11-17T13:00:00+00:00\",\"dateModified\":\"2021-11-17T13:45:42+00:00\",\"mainEntityOfPage\":{\"@id\":\"https:\/\/agenciainfra.com\/blog\/p3c-conheca-os-convidados-que-participarao-do-evento\/\"},\"wordCount\":1160,\"publisher\":{\"@id\":\"https:\/\/agenciainfra.com\/blog\/#organization\"},\"image\":{\"@id\":\"https:\/\/agenciainfra.com\/blog\/p3c-conheca-os-convidados-que-participarao-do-evento\/#primaryimage\"},\"thumbnailUrl\":\"https:\/\/agenciainfra.com\/blog\/wp-content\/uploads\/2021\/11\/tarcisio-de-freitas-foto-alberto-ruy-minfra.jpg\",\"keywords\":[\"B3\",\"concess\u00f5es\",\"Infraestrutura\",\"Investimentos\",\"leil\u00e3o de concess\u00e3o\",\"licita\u00e7\u00f5es\",\"log\u00edstica\",\"P3C\",\"PPPs\",\"transportes\"],\"articleSection\":[\"Geral\",\"iNFRALive e Eventos\"],\"inLanguage\":\"pt-BR\",\"copyrightYear\":\"2021\",\"copyrightHolder\":{\"@id\":\"https:\/\/agenciainfra.com\/blog\/#organization\"}},{\"@type\":\"WebPage\",\"@id\":\"https:\/\/agenciainfra.com\/blog\/p3c-conheca-os-convidados-que-participarao-do-evento\/\",\"url\":\"https:\/\/agenciainfra.com\/blog\/p3c-conheca-os-convidados-que-participarao-do-evento\/\",\"name\":\"P3C: Conhe\u00e7a os convidados que participar\u00e3o do evento - Ag\u00eancia iNFRA\",\"isPartOf\":{\"@id\":\"https:\/\/agenciainfra.com\/blog\/#website\"},\"primaryImageOfPage\":{\"@id\":\"https:\/\/agenciainfra.com\/blog\/p3c-conheca-os-convidados-que-participarao-do-evento\/#primaryimage\"},\"image\":{\"@id\":\"https:\/\/agenciainfra.com\/blog\/p3c-conheca-os-convidados-que-participarao-do-evento\/#primaryimage\"},\"thumbnailUrl\":\"https:\/\/agenciainfra.com\/blog\/wp-content\/uploads\/2021\/11\/tarcisio-de-freitas-foto-alberto-ruy-minfra.jpg\",\"datePublished\":\"2021-11-17T13:00:00+00:00\",\"dateModified\":\"2021-11-17T13:45:42+00:00\",\"breadcrumb\":{\"@id\":\"https:\/\/agenciainfra.com\/blog\/p3c-conheca-os-convidados-que-participarao-do-evento\/#breadcrumb\"},\"inLanguage\":\"pt-BR\",\"potentialAction\":[{\"@type\":\"ReadAction\",\"target\":[\"https:\/\/agenciainfra.com\/blog\/p3c-conheca-os-convidados-que-participarao-do-evento\/\"]}]},{\"@type\":\"ImageObject\",\"inLanguage\":\"pt-BR\",\"@id\":\"https:\/\/agenciainfra.com\/blog\/p3c-conheca-os-convidados-que-participarao-do-evento\/#primaryimage\",\"url\":\"https:\/\/agenciainfra.com\/blog\/wp-content\/uploads\/2021\/11\/tarcisio-de-freitas-foto-alberto-ruy-minfra.jpg\",\"contentUrl\":\"https:\/\/agenciainfra.com\/blog\/wp-content\/uploads\/2021\/11\/tarcisio-de-freitas-foto-alberto-ruy-minfra.jpg\",\"width\":1600,\"height\":1067},{\"@type\":\"BreadcrumbList\",\"@id\":\"https:\/\/agenciainfra.com\/blog\/p3c-conheca-os-convidados-que-participarao-do-evento\/#breadcrumb\",\"itemListElement\":[{\"@type\":\"ListItem\",\"position\":1,\"name\":\"In\u00edcio\",\"item\":\"https:\/\/agenciainfra.com\/blog\/\"},{\"@type\":\"ListItem\",\"position\":2,\"name\":\"P3C: Conhe\u00e7a os convidados que participar\u00e3o do evento\"}]},{\"@type\":\"WebSite\",\"@id\":\"https:\/\/agenciainfra.com\/blog\/#website\",\"url\":\"https:\/\/agenciainfra.com\/blog\/\",\"name\":\"Ag\u00eancia iNFRA\",\"description\":\"Multiplataforma de informa\u00e7\u00e3o jornal\u00edstica refer\u00eancia na \u00e1rea de infraestrutura no Brasil!\",\"publisher\":{\"@id\":\"https:\/\/agenciainfra.com\/blog\/#organization\"},\"potentialAction\":[{\"@type\":\"SearchAction\",\"target\":{\"@type\":\"EntryPoint\",\"urlTemplate\":\"https:\/\/agenciainfra.com\/blog\/?s={search_term_string}\"},\"query-input\":{\"@type\":\"PropertyValueSpecification\",\"valueRequired\":true,\"valueName\":\"search_term_string\"}}],\"inLanguage\":\"pt-BR\"},{\"@type\":\"Organization\",\"@id\":\"https:\/\/agenciainfra.com\/blog\/#organization\",\"name\":\"Ag\u00eancia iNFRA\",\"url\":\"https:\/\/agenciainfra.com\/blog\/\",\"logo\":{\"@type\":\"ImageObject\",\"inLanguage\":\"pt-BR\",\"@id\":\"https:\/\/agenciainfra.com\/blog\/#\/schema\/logo\/image\/\",\"url\":\"https:\/\/agenciainfra.com\/blog\/wp-content\/uploads\/2023\/09\/iNFRA_5-e1761735885940.png\",\"contentUrl\":\"https:\/\/agenciainfra.com\/blog\/wp-content\/uploads\/2023\/09\/iNFRA_5-e1761735885940.png\",\"width\":1672,\"height\":454,\"caption\":\"Ag\u00eancia iNFRA\"},\"image\":{\"@id\":\"https:\/\/agenciainfra.com\/blog\/#\/schema\/logo\/image\/\"},\"sameAs\":[\"https:\/\/www.facebook.com\/ageninfra\",\"https:\/\/x.com\/agencia_infra\",\"https:\/\/www.linkedin.com\/company\/ag\u00eanciainfra\/\",\"https:\/\/www.instagram.com\/agenciainfra\/\"]},{\"@type\":\"Person\",\"@id\":\"https:\/\/agenciainfra.com\/blog\/#\/schema\/person\/34af08dff6adea4cb22b06612ba7acfa\",\"name\":\"Ag\u00eancia iNFRA\",\"image\":{\"@type\":\"ImageObject\",\"inLanguage\":\"pt-BR\",\"@id\":\"https:\/\/agenciainfra.com\/blog\/#\/schema\/person\/image\/\",\"url\":\"https:\/\/secure.gravatar.com\/avatar\/d189e01678f06d8eb84d4e01f08eb848b3fffe3f8443818d3c356c66892f5be8?s=96&d=mm&r=g\",\"contentUrl\":\"https:\/\/secure.gravatar.com\/avatar\/d189e01678f06d8eb84d4e01f08eb848b3fffe3f8443818d3c356c66892f5be8?s=96&d=mm&r=g\",\"caption\":\"Ag\u00eancia iNFRA\"},\"url\":\"https:\/\/agenciainfra.com\/blog\/author\/admin\/\"}]}<\/script>\n<!-- \/ Yoast SEO Premium plugin. -->","yoast_head_json":{"title":"P3C: Conhe\u00e7a os convidados que participar\u00e3o do evento - Ag\u00eancia iNFRA","robots":{"index":"index","follow":"follow","max-snippet":"max-snippet:-1","max-image-preview":"max-image-preview:large","max-video-preview":"max-video-preview:-1"},"canonical":"https:\/\/agenciainfra.com\/blog\/p3c-conheca-os-convidados-que-participarao-do-evento\/","og_locale":"pt_BR","og_type":"article","og_title":"P3C: Conhe\u00e7a os convidados que participar\u00e3o do evento","og_description":"da Ag\u00eancia iNFRA A plataforma P3C realiza, entre os dias 23 e 24 de novembro, sua 1\u00aa confer\u00eancia, que ter\u00e1 como tema: \u201cPPPs e Concess\u00f5es &#8211; Investimentos em Infraestrutura no Brasil\u201d. O evento contar\u00e1 com a presen\u00e7a h\u00edbrida (online e presencial) de especialistas para debater temas do setor de infraestrutura, e promover\u00e1 a entrega do [&hellip;]","og_url":"https:\/\/agenciainfra.com\/blog\/p3c-conheca-os-convidados-que-participarao-do-evento\/","og_site_name":"Ag\u00eancia iNFRA","article_publisher":"https:\/\/www.facebook.com\/ageninfra","article_published_time":"2021-11-17T13:00:00+00:00","article_modified_time":"2021-11-17T13:45:42+00:00","og_image":[{"width":1600,"height":1067,"url":"https:\/\/agenciainfra.com\/blog\/wp-content\/uploads\/2021\/11\/tarcisio-de-freitas-foto-alberto-ruy-minfra.jpg","type":"image\/jpeg"}],"author":"Ag\u00eancia iNFRA","twitter_card":"summary_large_image","twitter_creator":"@agencia_infra","twitter_site":"@agencia_infra","twitter_misc":{"Escrito por":"Ag\u00eancia iNFRA","Est. tempo de leitura":"6 minutos"},"schema":{"@context":"https:\/\/schema.org","@graph":[{"@type":"Article","@id":"https:\/\/agenciainfra.com\/blog\/p3c-conheca-os-convidados-que-participarao-do-evento\/#article","isPartOf":{"@id":"https:\/\/agenciainfra.com\/blog\/p3c-conheca-os-convidados-que-participarao-do-evento\/"},"author":{"name":"Ag\u00eancia iNFRA","@id":"https:\/\/agenciainfra.com\/blog\/#\/schema\/person\/34af08dff6adea4cb22b06612ba7acfa"},"headline":"P3C: Conhe\u00e7a os convidados que participar\u00e3o do evento","datePublished":"2021-11-17T13:00:00+00:00","dateModified":"2021-11-17T13:45:42+00:00","mainEntityOfPage":{"@id":"https:\/\/agenciainfra.com\/blog\/p3c-conheca-os-convidados-que-participarao-do-evento\/"},"wordCount":1160,"publisher":{"@id":"https:\/\/agenciainfra.com\/blog\/#organization"},"image":{"@id":"https:\/\/agenciainfra.com\/blog\/p3c-conheca-os-convidados-que-participarao-do-evento\/#primaryimage"},"thumbnailUrl":"https:\/\/agenciainfra.com\/blog\/wp-content\/uploads\/2021\/11\/tarcisio-de-freitas-foto-alberto-ruy-minfra.jpg","keywords":["B3","concess\u00f5es","Infraestrutura","Investimentos","leil\u00e3o de concess\u00e3o","licita\u00e7\u00f5es","log\u00edstica","P3C","PPPs","transportes"],"articleSection":["Geral","iNFRALive e Eventos"],"inLanguage":"pt-BR","copyrightYear":"2021","copyrightHolder":{"@id":"https:\/\/agenciainfra.com\/blog\/#organization"}},{"@type":"WebPage","@id":"https:\/\/agenciainfra.com\/blog\/p3c-conheca-os-convidados-que-participarao-do-evento\/","url":"https:\/\/agenciainfra.com\/blog\/p3c-conheca-os-convidados-que-participarao-do-evento\/","name":"P3C: Conhe\u00e7a os convidados que participar\u00e3o do evento - Ag\u00eancia iNFRA","isPartOf":{"@id":"https:\/\/agenciainfra.com\/blog\/#website"},"primaryImageOfPage":{"@id":"https:\/\/agenciainfra.com\/blog\/p3c-conheca-os-convidados-que-participarao-do-evento\/#primaryimage"},"image":{"@id":"https:\/\/agenciainfra.com\/blog\/p3c-conheca-os-convidados-que-participarao-do-evento\/#primaryimage"},"thumbnailUrl":"https:\/\/agenciainfra.com\/blog\/wp-content\/uploads\/2021\/11\/tarcisio-de-freitas-foto-alberto-ruy-minfra.jpg","datePublished":"2021-11-17T13:00:00+00:00","dateModified":"2021-11-17T13:45:42+00:00","breadcrumb":{"@id":"https:\/\/agenciainfra.com\/blog\/p3c-conheca-os-convidados-que-participarao-do-evento\/#breadcrumb"},"inLanguage":"pt-BR","potentialAction":[{"@type":"ReadAction","target":["https:\/\/agenciainfra.com\/blog\/p3c-conheca-os-convidados-que-participarao-do-evento\/"]}]},{"@type":"ImageObject","inLanguage":"pt-BR","@id":"https:\/\/agenciainfra.com\/blog\/p3c-conheca-os-convidados-que-participarao-do-evento\/#primaryimage","url":"https:\/\/agenciainfra.com\/blog\/wp-content\/uploads\/2021\/11\/tarcisio-de-freitas-foto-alberto-ruy-minfra.jpg","contentUrl":"https:\/\/agenciainfra.com\/blog\/wp-content\/uploads\/2021\/11\/tarcisio-de-freitas-foto-alberto-ruy-minfra.jpg","width":1600,"height":1067},{"@type":"BreadcrumbList","@id":"https:\/\/agenciainfra.com\/blog\/p3c-conheca-os-convidados-que-participarao-do-evento\/#breadcrumb","itemListElement":[{"@type":"ListItem","position":1,"name":"In\u00edcio","item":"https:\/\/agenciainfra.com\/blog\/"},{"@type":"ListItem","position":2,"name":"P3C: Conhe\u00e7a os convidados que participar\u00e3o do evento"}]},{"@type":"WebSite","@id":"https:\/\/agenciainfra.com\/blog\/#website","url":"https:\/\/agenciainfra.com\/blog\/","name":"Ag\u00eancia iNFRA","description":"Multiplataforma de informa\u00e7\u00e3o jornal\u00edstica refer\u00eancia na \u00e1rea de infraestrutura no Brasil!","publisher":{"@id":"https:\/\/agenciainfra.com\/blog\/#organization"},"potentialAction":[{"@type":"SearchAction","target":{"@type":"EntryPoint","urlTemplate":"https:\/\/agenciainfra.com\/blog\/?s={search_term_string}"},"query-input":{"@type":"PropertyValueSpecification","valueRequired":true,"valueName":"search_term_string"}}],"inLanguage":"pt-BR"},{"@type":"Organization","@id":"https:\/\/agenciainfra.com\/blog\/#organization","name":"Ag\u00eancia iNFRA","url":"https:\/\/agenciainfra.com\/blog\/","logo":{"@type":"ImageObject","inLanguage":"pt-BR","@id":"https:\/\/agenciainfra.com\/blog\/#\/schema\/logo\/image\/","url":"https:\/\/agenciainfra.com\/blog\/wp-content\/uploads\/2023\/09\/iNFRA_5-e1761735885940.png","contentUrl":"https:\/\/agenciainfra.com\/blog\/wp-content\/uploads\/2023\/09\/iNFRA_5-e1761735885940.png","width":1672,"height":454,"caption":"Ag\u00eancia iNFRA"},"image":{"@id":"https:\/\/agenciainfra.com\/blog\/#\/schema\/logo\/image\/"},"sameAs":["https:\/\/www.facebook.com\/ageninfra","https:\/\/x.com\/agencia_infra","https:\/\/www.linkedin.com\/company\/ag\u00eanciainfra\/","https:\/\/www.instagram.com\/agenciainfra\/"]},{"@type":"Person","@id":"https:\/\/agenciainfra.com\/blog\/#\/schema\/person\/34af08dff6adea4cb22b06612ba7acfa","name":"Ag\u00eancia iNFRA","image":{"@type":"ImageObject","inLanguage":"pt-BR","@id":"https:\/\/agenciainfra.com\/blog\/#\/schema\/person\/image\/","url":"https:\/\/secure.gravatar.com\/avatar\/d189e01678f06d8eb84d4e01f08eb848b3fffe3f8443818d3c356c66892f5be8?s=96&d=mm&r=g","contentUrl":"https:\/\/secure.gravatar.com\/avatar\/d189e01678f06d8eb84d4e01f08eb848b3fffe3f8443818d3c356c66892f5be8?s=96&d=mm&r=g","caption":"Ag\u00eancia iNFRA"},"url":"https:\/\/agenciainfra.com\/blog\/author\/admin\/"}]}},"_links":{"self":[{"href":"https:\/\/agenciainfra.com\/blog\/wp-json\/wp\/v2\/posts\/8918","targetHints":{"allow":["GET"]}}],"collection":[{"href":"https:\/\/agenciainfra.com\/blog\/wp-json\/wp\/v2\/posts"}],"about":[{"href":"https:\/\/agenciainfra.com\/blog\/wp-json\/wp\/v2\/types\/post"}],"author":[{"embeddable":true,"href":"https:\/\/agenciainfra.com\/blog\/wp-json\/wp\/v2\/users\/1"}],"replies":[{"embeddable":true,"href":"https:\/\/agenciainfra.com\/blog\/wp-json\/wp\/v2\/comments?post=8918"}],"version-history":[{"count":0,"href":"https:\/\/agenciainfra.com\/blog\/wp-json\/wp\/v2\/posts\/8918\/revisions"}],"wp:featuredmedia":[{"embeddable":true,"href":"https:\/\/agenciainfra.com\/blog\/wp-json\/wp\/v2\/media\/8922"}],"wp:attachment":[{"href":"https:\/\/agenciainfra.com\/blog\/wp-json\/wp\/v2\/media?parent=8918"}],"wp:term":[{"taxonomy":"category","embeddable":true,"href":"https:\/\/agenciainfra.com\/blog\/wp-json\/wp\/v2\/categories?post=8918"},{"taxonomy":"post_tag","embeddable":true,"href":"https:\/\/agenciainfra.com\/blog\/wp-json\/wp\/v2\/tags?post=8918"}],"curies":[{"name":"wp","href":"https:\/\/api.w.org\/{rel}","templated":true}]}}