{"id":8926,"date":"2021-11-19T11:00:00","date_gmt":"2021-11-19T14:00:00","guid":{"rendered":"https:\/\/www.agenciainfra.com\/blog\/?p=8926"},"modified":"2021-11-18T11:33:30","modified_gmt":"2021-11-18T14:33:30","slug":"infradebate-brechas-de-seguranca-cibernetica-em-infraestrutura-publica","status":"publish","type":"post","link":"https:\/\/agenciainfra.com\/blog\/infradebate-brechas-de-seguranca-cibernetica-em-infraestrutura-publica\/","title":{"rendered":"iNFRADebate: Brechas de seguran\u00e7a cibern\u00e9tica em infraestrutura p\u00fablica"},"content":{"rendered":"\n<p class=\"has-text-align-right\"><strong>Rodrigo Milo*<\/strong><\/p>\n\n\n\n<p>Embora os especialistas em seguran\u00e7a cibern\u00e9tica venham alertando h\u00e1 muito tempo sobre as amea\u00e7as \u00e0 infraestrutura cr\u00edtica dos pa\u00edses, os incidentes recentes est\u00e3o abrindo os olhos de l\u00edderes pol\u00edticos e empresariais para os riscos do ecossistema das redes de servi\u00e7os p\u00fablicos, redes de energia e outros servi\u00e7os essenciais. Eliminar essas brechas de seguran\u00e7a exigir\u00e1 estrat\u00e9gias colaborativas entre empresas, governos e o setor de tecnologia, para tentar corrigir os pontos fracos do ecossistema que podem causar grandes interrup\u00e7\u00f5es, danos financeiros ou perda de vidas.<\/p>\n\n\n\n<p>Apesar de o setor e os governos terem investido fortemente em seguran\u00e7a cibern\u00e9tica, definindo diretrizes de seguran\u00e7a nacional para os setores nacionais \u2014 menos aten\u00e7\u00e3o \u00e9 dada aos riscos gerados pela rede de infraestrutura interconectada crescente. Muitos operadores de infraestrutura adotaram a inova\u00e7\u00e3o para gerenciar melhor as opera\u00e7\u00f5es e reduzir custos, incluindo a capacidade de opera\u00e7\u00e3o remota, para que o ativo de produ\u00e7\u00e3o de uma empresa possa ser gerenciado de um local central ou mesmo remoto (a qualquer hora, em qualquer lugar).<\/p>\n\n\n\n<p>Essa inova\u00e7\u00e3o e mobilidade de acesso podem trazer benef\u00edcios significativos. No entanto, isso muitas vezes desafiou as equipes de tecnologia de opera\u00e7\u00f5es que estavam focadas na prote\u00e7\u00e3o f\u00edsica dos ativos, e n\u00e3o nos riscos cibern\u00e9ticos externos emergentes. Embora muitos sistemas de neg\u00f3cios sejam vigilantes contra amea\u00e7as cibern\u00e9ticas, os sistemas operativos nem sempre tiveram o mesmo escrut\u00ednio de seguran\u00e7a. Ademais, com o aumento da interconectividade entre uma empresa com clientes, fornecedores e at\u00e9 mesmo parceiros governamentais, as amea\u00e7as cibern\u00e9ticas podem chegar de muitas fontes, gerando consequ\u00eancias inesperadas, pr\u00f3ximas e distantes.<\/p>\n\n\n\n<p>Apesar dos esfor\u00e7os das empresas l\u00edderes para proteger sistemas, ainda h\u00e1 muito trabalho a ser feito. Diversos ataques de&nbsp;<em>ransomware<\/em>&nbsp;(programa criado para bloquear o acesso a um sistema de computador at\u00e9 que seja pago um valor em dinheiro como resgate)&nbsp;conhecidos poderiam ter sido evitados ou pelo menos reduzidos. E muitas organiza\u00e7\u00f5es ainda n\u00e3o atingiram um n\u00edvel m\u00ednimo de seguran\u00e7a cibern\u00e9tica para evit\u00e1-los.&nbsp;&nbsp;&nbsp;&nbsp;&nbsp;<\/p>\n\n\n\n<p>Tamb\u00e9m devemos perguntar se as empresas est\u00e3o investindo o suficiente para manter ambientes operativos atualizados e enfrentar os custos de substitui\u00e7\u00e3o de sistemas legados; se o fato de evitar paradas de manuten\u00e7\u00e3o programadas que poderiam afetar a produ\u00e7\u00e3o gerou problemas; ou se as organiza\u00e7\u00f5es deveriam fazer mais para pressionar fornecedores de tecnologia a fornecer atualiza\u00e7\u00f5es adequadas para sistemas industriais antigos. Seja qual for a resposta a estas perguntas, aparentemente muitos sistemas operativos definham com funcionalidades desatualizadas e n\u00e3o contam com as atualiza\u00e7\u00f5es de seguran\u00e7a necess\u00e1rias.<\/p>\n\n\n\n<p>Al\u00e9m disso, uma cultura inadequada de pessoas em muitas organiza\u00e7\u00f5es pode paralisar os esfor\u00e7os de seguran\u00e7a cibern\u00e9tica. Embora as equipes de opera\u00e7\u00f5es possam n\u00e3o ter conhecimento cibern\u00e9tico ou ao menos conhecer algo, o problema pode ter origem no n\u00edvel de supervis\u00e3o e da gest\u00e3o, em que os gestores desse ambiente n\u00e3o est\u00e3o familiarizados com os pr\u00f3prios ativos operativos nem entendem as depend\u00eancias do ecossistema. Essa cultura pode se estender aos profissionais da linha de frente que n\u00e3o s\u00e3o adequadamente treinados nas pr\u00e1ticas b\u00e1sicas de seguran\u00e7a cibern\u00e9tica nem s\u00e3o incentivados a comunicar problemas operacionais ou falhas que criam vulnerabilidades para poss\u00edveis ataques cibern\u00e9ticos.<\/p>\n\n\n\n<p>Al\u00e9m de conscientiza\u00e7\u00e3o e controles internos, h\u00e1 necessidade de um planejamento mais abrangente para enfrentar a fragilidade do ecossistema. Ainda que os governos nacionais ou regionais possam fornecer essa supervis\u00e3o e coordena\u00e7\u00e3o de estrat\u00e9gias de seguran\u00e7a cibern\u00e9tica para setores cr\u00edticos, poucos governos abra\u00e7aram essa tarefa.<\/p>\n\n\n\n<p>Diante desse cen\u00e1rio, o papel fundamental da prote\u00e7\u00e3o do ecossistema pode depender da colabora\u00e7\u00e3o do setor, com lideran\u00e7a fornecida pelas maiores empresas de infraestrutura e tecnologia, que podem trazer contrapartes \u00e0 mesa para definir princ\u00edpios e pr\u00e1ticas comuns. Esse consenso poderia, em \u00faltima an\u00e1lise, estimular a atividade regulat\u00f3ria correspondente.<\/p>\n\n\n\n<p>Atualmente, a maioria das empresas pode desligar rapidamente os pr\u00f3prios ambientes operativos, se um problema ocorrer, e reverter para processos alternativos. Essa mentalidade de \u201cposso fazer\u201d deve ser estendida no n\u00edvel do ecossistema, de modo que os riscos relacionados ao labirinto de depend\u00eancias de um setor sejam identificados, solu\u00e7\u00f5es alternativas sejam desenvolvidas e planos de&nbsp;<em>backup<\/em>&nbsp;sejam testados e praticados em conjunto por empresas, setores, tecnologias e reguladores. Embora demande tempo e comprometimento para que as partes interessadas desenvolvam abordagens eficazes para gerenciar os riscos incorporados nos seus ecossistemas, \u00e9 encorajador observar que os participantes do setor est\u00e3o hoje dando os primeiros passos.<\/p>\n\n\n\n<p>Como qualquer grande desafio, isso deve come\u00e7ar com a conscientiza\u00e7\u00e3o, e os ataques cibern\u00e9ticos recentes est\u00e3o levando os l\u00edderes da empresa e os chefes de Estado a perguntarem o seguinte: \u201cQuais s\u00e3o os nossos ativos?\u201d, \u201cQual \u00e9 o nosso n\u00edvel de maturidade em tecnologia operacional?\u201d e \u201cComo o ecossistema pode afetar nossa capacidade de operar?\u201d A pr\u00f3xima etapa \u00e9 a colabora\u00e7\u00e3o do setor, do governo e da tecnologia (fornecedores e prestadores) para pensar de maneira inovadora e proteger a infraestrutura cr\u00edtica&nbsp;da qual todos n\u00f3s dependemos.<\/p>\n\n\n\n<h6 class=\"wp-block-heading\" id=\"block-aa9ff8cf-f9c2-435f-85ff-56a599c37bc9\"><strong>*Rodrigo Milo \u00e9 <\/strong>s\u00f3cio de seguran\u00e7a cibern\u00e9tica da KPMG. <\/h6>\n\n\n\n<p><strong>O iNFRADebate \u00e9 o espa\u00e7o de artigos da Ag\u00eancia iNFRA com opini\u00f5es de seus atores que n\u00e3o refletem necessariamente o pensamento da Ag\u00eancia iNFRA, sendo de total responsabilidade do autor as informa\u00e7\u00f5es, ju\u00edzos de valor e conceitos descritos no texto.<\/strong><\/p>\n","protected":false},"excerpt":{"rendered":"<p>Rodrigo Milo* Embora os especialistas em seguran\u00e7a cibern\u00e9tica venham alertando h\u00e1 muito tempo sobre as amea\u00e7as \u00e0 infraestrutura cr\u00edtica dos pa\u00edses, os incidentes recentes est\u00e3o abrindo os olhos de l\u00edderes pol\u00edticos e empresariais para os riscos do ecossistema das redes de servi\u00e7os p\u00fablicos, redes de energia e outros servi\u00e7os essenciais. Eliminar essas brechas de seguran\u00e7a [&hellip;]<\/p>\n","protected":false},"author":1,"featured_media":8927,"comment_status":"closed","ping_status":"closed","sticky":false,"template":"","format":"standard","meta":{"_monsterinsights_skip_tracking":false,"_monsterinsights_sitenote_active":false,"_monsterinsights_sitenote_note":"","_monsterinsights_sitenote_category":0,"footnotes":""},"categories":[1,11],"tags":[5113,5110,5048,34,5109,5112,4122,3008,1568],"class_list":["post-8926","post","type-post","status-publish","format-standard","has-post-thumbnail","hentry","category-geral","category-infradebate","tag-cibernetica","tag-ecossistema","tag-gestao-de-dados","tag-infraestrutura","tag-infraestrutura-publica","tag-redes-de-energia","tag-seguranca","tag-servicos-publicos","tag-tecnologia"],"yoast_head":"<!-- This site is optimized with the Yoast SEO Premium plugin v25.4 (Yoast SEO v26.0) - https:\/\/yoast.com\/wordpress\/plugins\/seo\/ -->\n<title>iNFRADebate: Brechas de seguran\u00e7a cibern\u00e9tica em infraestrutura p\u00fablica - Ag\u00eancia iNFRA<\/title>\n<meta name=\"robots\" content=\"index, follow, max-snippet:-1, max-image-preview:large, max-video-preview:-1\" \/>\n<link rel=\"canonical\" href=\"https:\/\/agenciainfra.com\/blog\/infradebate-brechas-de-seguranca-cibernetica-em-infraestrutura-publica\/\" \/>\n<meta property=\"og:locale\" content=\"pt_BR\" \/>\n<meta property=\"og:type\" content=\"article\" \/>\n<meta property=\"og:title\" content=\"iNFRADebate: Brechas de seguran\u00e7a cibern\u00e9tica em infraestrutura p\u00fablica\" \/>\n<meta property=\"og:description\" content=\"Rodrigo Milo* Embora os especialistas em seguran\u00e7a cibern\u00e9tica venham alertando h\u00e1 muito tempo sobre as amea\u00e7as \u00e0 infraestrutura cr\u00edtica dos pa\u00edses, os incidentes recentes est\u00e3o abrindo os olhos de l\u00edderes pol\u00edticos e empresariais para os riscos do ecossistema das redes de servi\u00e7os p\u00fablicos, redes de energia e outros servi\u00e7os essenciais. Eliminar essas brechas de seguran\u00e7a [&hellip;]\" \/>\n<meta property=\"og:url\" content=\"https:\/\/agenciainfra.com\/blog\/infradebate-brechas-de-seguranca-cibernetica-em-infraestrutura-publica\/\" \/>\n<meta property=\"og:site_name\" content=\"Ag\u00eancia iNFRA\" \/>\n<meta property=\"article:publisher\" content=\"https:\/\/www.facebook.com\/ageninfra\" \/>\n<meta property=\"article:published_time\" content=\"2021-11-19T14:00:00+00:00\" \/>\n<meta property=\"og:image\" content=\"https:\/\/agenciainfra.com\/blog\/wp-content\/uploads\/2021\/11\/rodrigo-milo-foto-kpmg.png\" \/>\n\t<meta property=\"og:image:width\" content=\"1280\" \/>\n\t<meta property=\"og:image:height\" content=\"862\" \/>\n\t<meta property=\"og:image:type\" content=\"image\/png\" \/>\n<meta name=\"author\" content=\"Ag\u00eancia iNFRA\" \/>\n<meta name=\"twitter:card\" content=\"summary_large_image\" \/>\n<meta name=\"twitter:creator\" content=\"@agencia_infra\" \/>\n<meta name=\"twitter:site\" content=\"@agencia_infra\" \/>\n<meta name=\"twitter:label1\" content=\"Escrito por\" \/>\n\t<meta name=\"twitter:data1\" content=\"Ag\u00eancia iNFRA\" \/>\n\t<meta name=\"twitter:label2\" content=\"Est. tempo de leitura\" \/>\n\t<meta name=\"twitter:data2\" content=\"5 minutos\" \/>\n<script type=\"application\/ld+json\" class=\"yoast-schema-graph\">{\"@context\":\"https:\/\/schema.org\",\"@graph\":[{\"@type\":\"Article\",\"@id\":\"https:\/\/agenciainfra.com\/blog\/infradebate-brechas-de-seguranca-cibernetica-em-infraestrutura-publica\/#article\",\"isPartOf\":{\"@id\":\"https:\/\/agenciainfra.com\/blog\/infradebate-brechas-de-seguranca-cibernetica-em-infraestrutura-publica\/\"},\"author\":{\"name\":\"Ag\u00eancia iNFRA\",\"@id\":\"https:\/\/agenciainfra.com\/blog\/#\/schema\/person\/34af08dff6adea4cb22b06612ba7acfa\"},\"headline\":\"iNFRADebate: Brechas de seguran\u00e7a cibern\u00e9tica em infraestrutura p\u00fablica\",\"datePublished\":\"2021-11-19T14:00:00+00:00\",\"mainEntityOfPage\":{\"@id\":\"https:\/\/agenciainfra.com\/blog\/infradebate-brechas-de-seguranca-cibernetica-em-infraestrutura-publica\/\"},\"wordCount\":977,\"publisher\":{\"@id\":\"https:\/\/agenciainfra.com\/blog\/#organization\"},\"image\":{\"@id\":\"https:\/\/agenciainfra.com\/blog\/infradebate-brechas-de-seguranca-cibernetica-em-infraestrutura-publica\/#primaryimage\"},\"thumbnailUrl\":\"https:\/\/agenciainfra.com\/blog\/wp-content\/uploads\/2021\/11\/rodrigo-milo-foto-kpmg.png\",\"keywords\":[\"cibern\u00e9tica\",\"ecossistema\",\"gest\u00e3o de dados\",\"Infraestrutura\",\"infraestrutura p\u00fablica\",\"redes de energia\",\"seguran\u00e7a\",\"servi\u00e7os p\u00fablicos\",\"tecnologia\"],\"articleSection\":[\"Geral\",\"iNFRADebate\"],\"inLanguage\":\"pt-BR\",\"copyrightYear\":\"2021\",\"copyrightHolder\":{\"@id\":\"https:\/\/agenciainfra.com\/blog\/#organization\"}},{\"@type\":\"WebPage\",\"@id\":\"https:\/\/agenciainfra.com\/blog\/infradebate-brechas-de-seguranca-cibernetica-em-infraestrutura-publica\/\",\"url\":\"https:\/\/agenciainfra.com\/blog\/infradebate-brechas-de-seguranca-cibernetica-em-infraestrutura-publica\/\",\"name\":\"iNFRADebate: Brechas de seguran\u00e7a cibern\u00e9tica em infraestrutura p\u00fablica - Ag\u00eancia iNFRA\",\"isPartOf\":{\"@id\":\"https:\/\/agenciainfra.com\/blog\/#website\"},\"primaryImageOfPage\":{\"@id\":\"https:\/\/agenciainfra.com\/blog\/infradebate-brechas-de-seguranca-cibernetica-em-infraestrutura-publica\/#primaryimage\"},\"image\":{\"@id\":\"https:\/\/agenciainfra.com\/blog\/infradebate-brechas-de-seguranca-cibernetica-em-infraestrutura-publica\/#primaryimage\"},\"thumbnailUrl\":\"https:\/\/agenciainfra.com\/blog\/wp-content\/uploads\/2021\/11\/rodrigo-milo-foto-kpmg.png\",\"datePublished\":\"2021-11-19T14:00:00+00:00\",\"breadcrumb\":{\"@id\":\"https:\/\/agenciainfra.com\/blog\/infradebate-brechas-de-seguranca-cibernetica-em-infraestrutura-publica\/#breadcrumb\"},\"inLanguage\":\"pt-BR\",\"potentialAction\":[{\"@type\":\"ReadAction\",\"target\":[\"https:\/\/agenciainfra.com\/blog\/infradebate-brechas-de-seguranca-cibernetica-em-infraestrutura-publica\/\"]}]},{\"@type\":\"ImageObject\",\"inLanguage\":\"pt-BR\",\"@id\":\"https:\/\/agenciainfra.com\/blog\/infradebate-brechas-de-seguranca-cibernetica-em-infraestrutura-publica\/#primaryimage\",\"url\":\"https:\/\/agenciainfra.com\/blog\/wp-content\/uploads\/2021\/11\/rodrigo-milo-foto-kpmg.png\",\"contentUrl\":\"https:\/\/agenciainfra.com\/blog\/wp-content\/uploads\/2021\/11\/rodrigo-milo-foto-kpmg.png\",\"width\":1280,\"height\":862},{\"@type\":\"BreadcrumbList\",\"@id\":\"https:\/\/agenciainfra.com\/blog\/infradebate-brechas-de-seguranca-cibernetica-em-infraestrutura-publica\/#breadcrumb\",\"itemListElement\":[{\"@type\":\"ListItem\",\"position\":1,\"name\":\"In\u00edcio\",\"item\":\"https:\/\/agenciainfra.com\/blog\/\"},{\"@type\":\"ListItem\",\"position\":2,\"name\":\"iNFRADebate: Brechas de seguran\u00e7a cibern\u00e9tica em infraestrutura p\u00fablica\"}]},{\"@type\":\"WebSite\",\"@id\":\"https:\/\/agenciainfra.com\/blog\/#website\",\"url\":\"https:\/\/agenciainfra.com\/blog\/\",\"name\":\"Ag\u00eancia iNFRA\",\"description\":\"Multiplataforma de informa\u00e7\u00e3o jornal\u00edstica refer\u00eancia na \u00e1rea de infraestrutura no Brasil!\",\"publisher\":{\"@id\":\"https:\/\/agenciainfra.com\/blog\/#organization\"},\"potentialAction\":[{\"@type\":\"SearchAction\",\"target\":{\"@type\":\"EntryPoint\",\"urlTemplate\":\"https:\/\/agenciainfra.com\/blog\/?s={search_term_string}\"},\"query-input\":{\"@type\":\"PropertyValueSpecification\",\"valueRequired\":true,\"valueName\":\"search_term_string\"}}],\"inLanguage\":\"pt-BR\"},{\"@type\":\"Organization\",\"@id\":\"https:\/\/agenciainfra.com\/blog\/#organization\",\"name\":\"Ag\u00eancia iNFRA\",\"url\":\"https:\/\/agenciainfra.com\/blog\/\",\"logo\":{\"@type\":\"ImageObject\",\"inLanguage\":\"pt-BR\",\"@id\":\"https:\/\/agenciainfra.com\/blog\/#\/schema\/logo\/image\/\",\"url\":\"https:\/\/agenciainfra.com\/blog\/wp-content\/uploads\/2023\/09\/iNFRA_5-e1761735885940.png\",\"contentUrl\":\"https:\/\/agenciainfra.com\/blog\/wp-content\/uploads\/2023\/09\/iNFRA_5-e1761735885940.png\",\"width\":1672,\"height\":454,\"caption\":\"Ag\u00eancia iNFRA\"},\"image\":{\"@id\":\"https:\/\/agenciainfra.com\/blog\/#\/schema\/logo\/image\/\"},\"sameAs\":[\"https:\/\/www.facebook.com\/ageninfra\",\"https:\/\/x.com\/agencia_infra\",\"https:\/\/www.linkedin.com\/company\/ag\u00eanciainfra\/\",\"https:\/\/www.instagram.com\/agenciainfra\/\"]},{\"@type\":\"Person\",\"@id\":\"https:\/\/agenciainfra.com\/blog\/#\/schema\/person\/34af08dff6adea4cb22b06612ba7acfa\",\"name\":\"Ag\u00eancia iNFRA\",\"image\":{\"@type\":\"ImageObject\",\"inLanguage\":\"pt-BR\",\"@id\":\"https:\/\/agenciainfra.com\/blog\/#\/schema\/person\/image\/\",\"url\":\"https:\/\/secure.gravatar.com\/avatar\/d189e01678f06d8eb84d4e01f08eb848b3fffe3f8443818d3c356c66892f5be8?s=96&d=mm&r=g\",\"contentUrl\":\"https:\/\/secure.gravatar.com\/avatar\/d189e01678f06d8eb84d4e01f08eb848b3fffe3f8443818d3c356c66892f5be8?s=96&d=mm&r=g\",\"caption\":\"Ag\u00eancia iNFRA\"},\"url\":\"https:\/\/agenciainfra.com\/blog\/author\/admin\/\"}]}<\/script>\n<!-- \/ Yoast SEO Premium plugin. -->","yoast_head_json":{"title":"iNFRADebate: Brechas de seguran\u00e7a cibern\u00e9tica em infraestrutura p\u00fablica - Ag\u00eancia iNFRA","robots":{"index":"index","follow":"follow","max-snippet":"max-snippet:-1","max-image-preview":"max-image-preview:large","max-video-preview":"max-video-preview:-1"},"canonical":"https:\/\/agenciainfra.com\/blog\/infradebate-brechas-de-seguranca-cibernetica-em-infraestrutura-publica\/","og_locale":"pt_BR","og_type":"article","og_title":"iNFRADebate: Brechas de seguran\u00e7a cibern\u00e9tica em infraestrutura p\u00fablica","og_description":"Rodrigo Milo* Embora os especialistas em seguran\u00e7a cibern\u00e9tica venham alertando h\u00e1 muito tempo sobre as amea\u00e7as \u00e0 infraestrutura cr\u00edtica dos pa\u00edses, os incidentes recentes est\u00e3o abrindo os olhos de l\u00edderes pol\u00edticos e empresariais para os riscos do ecossistema das redes de servi\u00e7os p\u00fablicos, redes de energia e outros servi\u00e7os essenciais. Eliminar essas brechas de seguran\u00e7a [&hellip;]","og_url":"https:\/\/agenciainfra.com\/blog\/infradebate-brechas-de-seguranca-cibernetica-em-infraestrutura-publica\/","og_site_name":"Ag\u00eancia iNFRA","article_publisher":"https:\/\/www.facebook.com\/ageninfra","article_published_time":"2021-11-19T14:00:00+00:00","og_image":[{"width":1280,"height":862,"url":"https:\/\/agenciainfra.com\/blog\/wp-content\/uploads\/2021\/11\/rodrigo-milo-foto-kpmg.png","type":"image\/png"}],"author":"Ag\u00eancia iNFRA","twitter_card":"summary_large_image","twitter_creator":"@agencia_infra","twitter_site":"@agencia_infra","twitter_misc":{"Escrito por":"Ag\u00eancia iNFRA","Est. tempo de leitura":"5 minutos"},"schema":{"@context":"https:\/\/schema.org","@graph":[{"@type":"Article","@id":"https:\/\/agenciainfra.com\/blog\/infradebate-brechas-de-seguranca-cibernetica-em-infraestrutura-publica\/#article","isPartOf":{"@id":"https:\/\/agenciainfra.com\/blog\/infradebate-brechas-de-seguranca-cibernetica-em-infraestrutura-publica\/"},"author":{"name":"Ag\u00eancia iNFRA","@id":"https:\/\/agenciainfra.com\/blog\/#\/schema\/person\/34af08dff6adea4cb22b06612ba7acfa"},"headline":"iNFRADebate: Brechas de seguran\u00e7a cibern\u00e9tica em infraestrutura p\u00fablica","datePublished":"2021-11-19T14:00:00+00:00","mainEntityOfPage":{"@id":"https:\/\/agenciainfra.com\/blog\/infradebate-brechas-de-seguranca-cibernetica-em-infraestrutura-publica\/"},"wordCount":977,"publisher":{"@id":"https:\/\/agenciainfra.com\/blog\/#organization"},"image":{"@id":"https:\/\/agenciainfra.com\/blog\/infradebate-brechas-de-seguranca-cibernetica-em-infraestrutura-publica\/#primaryimage"},"thumbnailUrl":"https:\/\/agenciainfra.com\/blog\/wp-content\/uploads\/2021\/11\/rodrigo-milo-foto-kpmg.png","keywords":["cibern\u00e9tica","ecossistema","gest\u00e3o de dados","Infraestrutura","infraestrutura p\u00fablica","redes de energia","seguran\u00e7a","servi\u00e7os p\u00fablicos","tecnologia"],"articleSection":["Geral","iNFRADebate"],"inLanguage":"pt-BR","copyrightYear":"2021","copyrightHolder":{"@id":"https:\/\/agenciainfra.com\/blog\/#organization"}},{"@type":"WebPage","@id":"https:\/\/agenciainfra.com\/blog\/infradebate-brechas-de-seguranca-cibernetica-em-infraestrutura-publica\/","url":"https:\/\/agenciainfra.com\/blog\/infradebate-brechas-de-seguranca-cibernetica-em-infraestrutura-publica\/","name":"iNFRADebate: Brechas de seguran\u00e7a cibern\u00e9tica em infraestrutura p\u00fablica - Ag\u00eancia iNFRA","isPartOf":{"@id":"https:\/\/agenciainfra.com\/blog\/#website"},"primaryImageOfPage":{"@id":"https:\/\/agenciainfra.com\/blog\/infradebate-brechas-de-seguranca-cibernetica-em-infraestrutura-publica\/#primaryimage"},"image":{"@id":"https:\/\/agenciainfra.com\/blog\/infradebate-brechas-de-seguranca-cibernetica-em-infraestrutura-publica\/#primaryimage"},"thumbnailUrl":"https:\/\/agenciainfra.com\/blog\/wp-content\/uploads\/2021\/11\/rodrigo-milo-foto-kpmg.png","datePublished":"2021-11-19T14:00:00+00:00","breadcrumb":{"@id":"https:\/\/agenciainfra.com\/blog\/infradebate-brechas-de-seguranca-cibernetica-em-infraestrutura-publica\/#breadcrumb"},"inLanguage":"pt-BR","potentialAction":[{"@type":"ReadAction","target":["https:\/\/agenciainfra.com\/blog\/infradebate-brechas-de-seguranca-cibernetica-em-infraestrutura-publica\/"]}]},{"@type":"ImageObject","inLanguage":"pt-BR","@id":"https:\/\/agenciainfra.com\/blog\/infradebate-brechas-de-seguranca-cibernetica-em-infraestrutura-publica\/#primaryimage","url":"https:\/\/agenciainfra.com\/blog\/wp-content\/uploads\/2021\/11\/rodrigo-milo-foto-kpmg.png","contentUrl":"https:\/\/agenciainfra.com\/blog\/wp-content\/uploads\/2021\/11\/rodrigo-milo-foto-kpmg.png","width":1280,"height":862},{"@type":"BreadcrumbList","@id":"https:\/\/agenciainfra.com\/blog\/infradebate-brechas-de-seguranca-cibernetica-em-infraestrutura-publica\/#breadcrumb","itemListElement":[{"@type":"ListItem","position":1,"name":"In\u00edcio","item":"https:\/\/agenciainfra.com\/blog\/"},{"@type":"ListItem","position":2,"name":"iNFRADebate: Brechas de seguran\u00e7a cibern\u00e9tica em infraestrutura p\u00fablica"}]},{"@type":"WebSite","@id":"https:\/\/agenciainfra.com\/blog\/#website","url":"https:\/\/agenciainfra.com\/blog\/","name":"Ag\u00eancia iNFRA","description":"Multiplataforma de informa\u00e7\u00e3o jornal\u00edstica refer\u00eancia na \u00e1rea de infraestrutura no Brasil!","publisher":{"@id":"https:\/\/agenciainfra.com\/blog\/#organization"},"potentialAction":[{"@type":"SearchAction","target":{"@type":"EntryPoint","urlTemplate":"https:\/\/agenciainfra.com\/blog\/?s={search_term_string}"},"query-input":{"@type":"PropertyValueSpecification","valueRequired":true,"valueName":"search_term_string"}}],"inLanguage":"pt-BR"},{"@type":"Organization","@id":"https:\/\/agenciainfra.com\/blog\/#organization","name":"Ag\u00eancia iNFRA","url":"https:\/\/agenciainfra.com\/blog\/","logo":{"@type":"ImageObject","inLanguage":"pt-BR","@id":"https:\/\/agenciainfra.com\/blog\/#\/schema\/logo\/image\/","url":"https:\/\/agenciainfra.com\/blog\/wp-content\/uploads\/2023\/09\/iNFRA_5-e1761735885940.png","contentUrl":"https:\/\/agenciainfra.com\/blog\/wp-content\/uploads\/2023\/09\/iNFRA_5-e1761735885940.png","width":1672,"height":454,"caption":"Ag\u00eancia iNFRA"},"image":{"@id":"https:\/\/agenciainfra.com\/blog\/#\/schema\/logo\/image\/"},"sameAs":["https:\/\/www.facebook.com\/ageninfra","https:\/\/x.com\/agencia_infra","https:\/\/www.linkedin.com\/company\/ag\u00eanciainfra\/","https:\/\/www.instagram.com\/agenciainfra\/"]},{"@type":"Person","@id":"https:\/\/agenciainfra.com\/blog\/#\/schema\/person\/34af08dff6adea4cb22b06612ba7acfa","name":"Ag\u00eancia iNFRA","image":{"@type":"ImageObject","inLanguage":"pt-BR","@id":"https:\/\/agenciainfra.com\/blog\/#\/schema\/person\/image\/","url":"https:\/\/secure.gravatar.com\/avatar\/d189e01678f06d8eb84d4e01f08eb848b3fffe3f8443818d3c356c66892f5be8?s=96&d=mm&r=g","contentUrl":"https:\/\/secure.gravatar.com\/avatar\/d189e01678f06d8eb84d4e01f08eb848b3fffe3f8443818d3c356c66892f5be8?s=96&d=mm&r=g","caption":"Ag\u00eancia iNFRA"},"url":"https:\/\/agenciainfra.com\/blog\/author\/admin\/"}]}},"_links":{"self":[{"href":"https:\/\/agenciainfra.com\/blog\/wp-json\/wp\/v2\/posts\/8926","targetHints":{"allow":["GET"]}}],"collection":[{"href":"https:\/\/agenciainfra.com\/blog\/wp-json\/wp\/v2\/posts"}],"about":[{"href":"https:\/\/agenciainfra.com\/blog\/wp-json\/wp\/v2\/types\/post"}],"author":[{"embeddable":true,"href":"https:\/\/agenciainfra.com\/blog\/wp-json\/wp\/v2\/users\/1"}],"replies":[{"embeddable":true,"href":"https:\/\/agenciainfra.com\/blog\/wp-json\/wp\/v2\/comments?post=8926"}],"version-history":[{"count":0,"href":"https:\/\/agenciainfra.com\/blog\/wp-json\/wp\/v2\/posts\/8926\/revisions"}],"wp:featuredmedia":[{"embeddable":true,"href":"https:\/\/agenciainfra.com\/blog\/wp-json\/wp\/v2\/media\/8927"}],"wp:attachment":[{"href":"https:\/\/agenciainfra.com\/blog\/wp-json\/wp\/v2\/media?parent=8926"}],"wp:term":[{"taxonomy":"category","embeddable":true,"href":"https:\/\/agenciainfra.com\/blog\/wp-json\/wp\/v2\/categories?post=8926"},{"taxonomy":"post_tag","embeddable":true,"href":"https:\/\/agenciainfra.com\/blog\/wp-json\/wp\/v2\/tags?post=8926"}],"curies":[{"name":"wp","href":"https:\/\/api.w.org\/{rel}","templated":true}]}}