{"id":8945,"date":"2021-11-22T09:00:00","date_gmt":"2021-11-22T12:00:00","guid":{"rendered":"https:\/\/www.agenciainfra.com\/blog\/?p=8945"},"modified":"2021-11-19T13:34:49","modified_gmt":"2021-11-19T16:34:49","slug":"rachada-diretoria-da-antt-decide-revisar-proposta-e-fazer-nova-audiencia-sobre-regulamentacao-do-trip","status":"publish","type":"post","link":"https:\/\/agenciainfra.com\/blog\/rachada-diretoria-da-antt-decide-revisar-proposta-e-fazer-nova-audiencia-sobre-regulamentacao-do-trip\/","title":{"rendered":"Rachada, diretoria da ANTT decide revisar proposta e fazer nova audi\u00eancia sobre regulamenta\u00e7\u00e3o do Trip"},"content":{"rendered":"\n<p class=\"has-text-align-right\"><strong>Tales Silveira, da&nbsp;Ag\u00eancia iNFRA<\/strong><\/p>\n\n\n\n<p>Com um racha na diretoria, a ANTT (Ag\u00eancia Nacional de Transportes Terrestres) decidiu, na \u00faltima quinta-feira (18), revisar a proposta de regulamenta\u00e7\u00e3o do\u00a0Trip\u00a0(Transporte Rodovi\u00e1rio Interestadual de Passageiros), abrindo nova etapa da audi\u00eancia p\u00fablica sobre o tema,\u00a0num prazo de 180 dias.<br><br>A decis\u00e3o aconteceu ap\u00f3s o diretor-geral da ag\u00eancia, Rafael Vitale, alegar fragilidades nos procedimentos adotados para elabora\u00e7\u00e3o e apresenta\u00e7\u00e3o da proposta de\u00a0norma que foi apresentada pelo diretor Davi Barreto, al\u00e9m de cr\u00edticas ao conte\u00fado. Houve um empate entre a proposta de Vitale de rever o processo e a de Barreto para decidir por uma nova regra sobre o tema. A do diretor-geral venceu por causa do voto qualificado dele. A reuni\u00e3o completa est\u00e1 dispon\u00edvel\u00a0<a rel=\"noreferrer noopener\" href=\"https:\/\/agenciainfra.us14.list-manage.com\/track\/click?u=d460dd1bcf9ba0ae040e1fc0f&amp;id=eafa670647&amp;e=8d54f1ad19\" target=\"_blank\">neste link<\/a>.<br><br>Na exposi\u00e7\u00e3o\u00a0do seu voto, o diretor-geral exp\u00f4s a guerra interna que tem sido travada na tramita\u00e7\u00e3o desse processo. Uma maior abertura do mercado para maior competi\u00e7\u00e3o\u00a0\u00e9 defendida por parte dos t\u00e9cnicos da ag\u00eancia. Mas a proposta \u00e9 bombardeada pelas empresas do setor, que t\u00eam trabalhado contra o modelo, alegando que ele traz inseguran\u00e7a para os passageiros.<br><br>Vitale afirmou que servidores, em especial a ex-superintendente da \u00e1rea de passageiros, Sylvia Vasconcellos, tentaram constrang\u00ea-lo durante o processo de tramita\u00e7\u00e3o do relat\u00f3rio final da proposta de regulamenta\u00e7\u00e3o do setor.<br><br>\u201cDa noite para o dia a superintendente abriu uma nota t\u00e9cnica e conduziu sozinha a conclus\u00e3o da audi\u00eancia [p\u00fablica]. Soa mais como um ato de rep\u00fadio e deslealdade institucional, tendo o \u00fanico objetivo de constranger a diretoria colegiada rec\u00e9m-nomeada\u201d, afirmou Vitale, lembrando que a atitude foi tomada ap\u00f3s ela ser comunicada que seria substitu\u00edda.<br><br>Vitale argumentou que os encaminhamentos dados pela ex-superintendente criaram interfer\u00eancias na tramita\u00e7\u00e3o do processo, o que poderia trazer problemas relacionados \u00e0 lisura.<br><br>\u201cO processo do marco regulat\u00f3rio foi reaberto no dia 29 de julho, \u00e0s 19h08. A minuta de resolu\u00e7\u00e3o foi assinada em 30 de julho, \u00e0s 11h20. A nota t\u00e9cnica foi assinada no mesmo dia, \u00e0s 12h08. O relat\u00f3rio de encaminhamento \u00e0 diretoria foi assinado um minuto depois. E, por fim, a minuta de delibera\u00e7\u00e3o foi assinada tamb\u00e9m no dia 30 de julho, no mesmo hor\u00e1rio, \u00e0s 12h09. E o processo foi remetido ao apoio do gabinete um minuto depois\u201d, ressaltou.<br><br><strong>Interesses<\/strong><br>A regulamenta\u00e7\u00e3o do Trip interferiu diretamente na nomea\u00e7\u00e3o dos novos diretores da ag\u00eancia. At\u00e9 o ano passado, o\u00a0escolhido do governo para ocupar o cargo de diretor-geral era o diretor Davi Barreto, que vinha relatando o processo do Trip, apoiando os servidores que defendem a maior abertura do mercado, o que tamb\u00e9m era defendido pelo ministro da Infraestrutura, Tarc\u00edsio de Freitas, e pelos \u00f3rg\u00e3os de defesa da concorr\u00eancia do Minist\u00e9rio da Economia.<br><br>Um grupo de senadores ligados \u00e0s empresas do setor de transporte rodovi\u00e1rio de passageiros embarreirou a nomea\u00e7\u00e3o de Barreto e outros diretores da ag\u00eancia at\u00e9 que o governo trocasse os nomes, o que ocorreu neste ano. O nome de Davi foi trocado pelo de Vitale.\u00a0Os senadores tamb\u00e9m indicaram o nome de Guilherme Sampaio, que trabalhava na CNT\u00a0(Confedera\u00e7\u00e3o Nacional do Transporte).<br><br>A chegada dos novos diretores na ANTT trouxe um clima de insatisfa\u00e7\u00e3o em parte do \u00f3rg\u00e3o. Em agosto deste ano, servidores entraram com uma\u00a0<a rel=\"noreferrer noopener\" href=\"https:\/\/agenciainfra.us14.list-manage.com\/track\/click?u=d460dd1bcf9ba0ae040e1fc0f&amp;id=1289da6832&amp;e=8d54f1ad19\" target=\"_blank\">ADI<\/a>\u00a0(A\u00e7\u00e3o Direta de Inconstitucionalidade) no STF (Supremo Tribunal Federal) contra a nomea\u00e7\u00e3o de Guilherme Sampaio, apontando conflito de interesses, uma vez que, at\u00e9 dois dias antes de sua indica\u00e7\u00e3o, ele ainda era do quadro da CNT.<br><br>Em sua fala, o diretor-geral tratou do assunto da exonera\u00e7\u00e3o dos servidores da Supas afirmando que, na \u00e9poca, chegou a ser pressionado internamente a manter a superintendente no cargo. Al\u00e9m disso, acusou os servidores de vazamentos no intuito de criar \u201cum cunho\u201d pol\u00edtico para a sua gest\u00e3o.<br><br>\u201cFui informado, em tom do que defino como verdadeira chantagem, de que, caso eu exonerasse a superintendente, haveria uma debandada da Supas. Diferentemente da amea\u00e7a, somente dois ou tr\u00eas pediram exonera\u00e7\u00e3o, registrando em of\u00edcio que havia interfer\u00eancia pol\u00edtica na ag\u00eancia. N\u00e3o satisfeitos, vazaram o of\u00edcio \u00e0 imprensa, na tentativa de imprimir uma narrativa mentirosa de que havia interesse no comando da Supas. A estrat\u00e9gia n\u00e3o deu certo\u201d, disse.<br><br><strong>Parecer<\/strong><br>Antes do pedido de encaminhamento do diretor-geral, o relator, diretor Davi Barreto, apresentou o seu parecer favor\u00e1vel \u00e0 norma. Em seu voto, de mais de 500 p\u00e1ginas, Barreto informou que fez uma an\u00e1lise sobre todos os incisos e suas raz\u00f5es para cada dispositivo apresentado na proposta do novo Marco Regulat\u00f3rio. Para o diretor, o marco tenta adequar os normativos da ag\u00eancia \u00e0 legisla\u00e7\u00e3o aprovada para o Trip pelo Congresso em 2014, de forma a reduzir as barreiras de entrada.<br><br>\u201cO ponto mais importante aqui \u00e9 a migra\u00e7\u00e3o do sistema cartorial, que institui barreiras de entrada ao servi\u00e7o, por um sistema de avalia\u00e7\u00e3o do desempenho, com mecanismos efetivos de monitora\u00e7\u00e3o e avalia\u00e7\u00e3o que possibilitem a sa\u00edda de operadores que n\u00e3o atendam \u00e0s condi\u00e7\u00f5es m\u00ednimas de servi\u00e7o\u201d, disse.<br><br>Ao todo, a proposta cont\u00e9m 209 artigos distribu\u00eddos em nove cap\u00edtulos. Eles tratam da habilita\u00e7\u00e3o; cadastro; autoriza\u00e7\u00e3o; regras de viagem; rela\u00e7\u00e3o com usu\u00e1rios; previs\u00e3o de indicadores e avalia\u00e7\u00e3o de desempenho; aspectos de ordem econ\u00f4mica; rela\u00e7\u00e3o com os \u00f3rg\u00e3os de defesa da concorr\u00eancia; disposi\u00e7\u00f5es transit\u00f3rias e disposi\u00e7\u00f5es finais.<br><br><strong>Diverg\u00eancias<\/strong><br>Durante a fase de discuss\u00f5es, Barreto tentou rebater afirma\u00e7\u00f5es feitas por Vitale de falhas no processo de tramita\u00e7\u00e3o da proposta. Argumentou ainda contra outras quest\u00f5es apontadas pelo diretor-geral, como a falta de an\u00e1lises sobre os apontamentos feitos pelo TCU (Tribunal de Contas da Uni\u00e3o) durante Reuni\u00e3o Participativa 5\/2021 da ANTT, em setembro deste ano.<br><br>\u201cDe fato, este \u00e9 um dos processos mais pol\u00eamicos que j\u00e1 passaram pela ag\u00eancia. Mas n\u00e3o vi nenhuma irregularidade formal. Todos os pontos do processo de participa\u00e7\u00e3o social foram seguidos. As manifesta\u00e7\u00f5es da nota t\u00e9cnica da Supas e na reuni\u00e3o participativa foram analisadas no voto. Algumas foram acatadas ou n\u00e3o\u201d, argumentou Barreto, qualificando a proposta como a &#8220;mais debatida da hist\u00f3ria da ag\u00eancia&#8221;.<br><br>Barreto tamb\u00e9m refutou a tese apontada por Vitale de que, por ter sido bastante alterada ao longo de sua tramita\u00e7\u00e3o, a nova minuta deveria ser posta em nova audi\u00eancia p\u00fablica.<br><br>\u201cEm que medida elementos adicionais dirigidos ao longo do processo de controle social, seja por sugest\u00e3o da empresa, associa\u00e7\u00e3o ou servidor, podem gerar um dever a determinado agente de alterar a minuta? \u00c9 muito comum as decis\u00f5es da ag\u00eancia serem alteradas ap\u00f3s a audi\u00eancia p\u00fablica. Vide as concess\u00f5es de infraestrutura\u201d, afirmou.<br><br>Vitale voltou a argumentar que o encaminhamento pela revis\u00e3o da minuta acontece pelo questionamento acerca do processo de tramita\u00e7\u00e3o. O objetivo \u00e9 fazer com que a proposta seja colocada em audi\u00eancia p\u00fablica para que seja mantida a lisura do processo e garantir a seguran\u00e7a jur\u00eddica, segundo ele.<br><br><strong>Vota\u00e7\u00e3o<\/strong><br>O voto de encaminhamento de Vitale foi acompanhado pelo diretor Guilherme Sampaio. J\u00e1 o parecer de Barreto teve voto favor\u00e1vel do diretor F\u00e1bio Rog\u00e9rio Carvalho. Como a ag\u00eancia est\u00e1 sem um dos cinco diretores por n\u00e3o ter havido convoca\u00e7\u00e3o do substituto, Vitale deu voto qualificado e sua proposta saiu vencedora.<br><br>Desde outubro, Barreto vem cobrando a nomea\u00e7\u00e3o do diretor substituto para preencher a vaga de Alexandre Porto, que renunciou ao mandato. O primeiro da lista \u00e9 o superintendente Murshed Menezes. Mas Vitale se recusou a fazer a nomea\u00e7\u00e3o, alegando haver uma diverg\u00eancia de entendimento sobre se \u00e9 dever ou n\u00e3o da diretoria nomear o substituto, conforme mostrou a edi\u00e7\u00e3o 1.146 da\u00a0<strong>Ag\u00eancia iNFRA<\/strong>.<br><br>O diretor-geral\u00a0tamb\u00e9m fez uma nova lista para a troca dos atuais substitutos, o que vai acontecer no fim deste ano por causa do prazo, sugerindo ao governo que o atual superintendente da Supas, indicado por ele, fosse o primeiro da lista. Os outros diretores n\u00e3o concordaram e a lista foi modificada.<br><br>Se a delibera\u00e7\u00e3o do Trip for feita ap\u00f3s o novo per\u00edodo de audi\u00eancia previsto, a diretoria atual j\u00e1 estar\u00e1 mudada. Al\u00e9m de um\u00a0novo diretor, que poder\u00e1 ser\u00a0escolhido para a vaga de Alexandre Porto, o diretor F\u00e1bio Rog\u00e9rio Carvalho tamb\u00e9m dever\u00e1 deixar o cargo em fevereiro, com o fim de seu mandato.<\/p>\n","protected":false},"excerpt":{"rendered":"<p>Tales Silveira, da&nbsp;Ag\u00eancia iNFRA Com um racha na diretoria, a ANTT (Ag\u00eancia Nacional de Transportes Terrestres) decidiu, na \u00faltima quinta-feira (18), revisar a proposta de regulamenta\u00e7\u00e3o do\u00a0Trip\u00a0(Transporte Rodovi\u00e1rio Interestadual de Passageiros), abrindo nova etapa da audi\u00eancia p\u00fablica sobre o tema,\u00a0num prazo de 180 dias. A decis\u00e3o aconteceu ap\u00f3s o diretor-geral da ag\u00eancia, Rafael Vitale, alegar [&hellip;]<\/p>\n","protected":false},"author":1,"featured_media":6176,"comment_status":"closed","ping_status":"closed","sticky":false,"template":"","format":"standard","meta":{"_monsterinsights_skip_tracking":false,"_monsterinsights_sitenote_active":false,"_monsterinsights_sitenote_note":"","_monsterinsights_sitenote_category":0,"footnotes":""},"categories":[1,7],"tags":[19,127,4610,4611,2656,2526,902,1070,70,2622],"class_list":["post-8945","post","type-post","status-publish","format-standard","has-post-thumbnail","hentry","category-geral","category-infratransporte","tag-antt","tag-cnt","tag-diretoria","tag-rafael-vitale","tag-regulamentacao","tag-transporte-de-passageiros","tag-transporte-rodoviario","tag-transporte-rodoviario-interestadual-de-passageiros","tag-transportes","tag-trip"],"yoast_head":"<!-- This site is optimized with the Yoast SEO Premium plugin v25.4 (Yoast SEO v26.0) - https:\/\/yoast.com\/wordpress\/plugins\/seo\/ -->\n<title>Rachada, diretoria da ANTT decide revisar proposta e fazer nova audi\u00eancia sobre regulamenta\u00e7\u00e3o do Trip - Ag\u00eancia iNFRA<\/title>\n<meta name=\"robots\" content=\"index, follow, max-snippet:-1, max-image-preview:large, max-video-preview:-1\" \/>\n<link rel=\"canonical\" href=\"https:\/\/agenciainfra.com\/blog\/rachada-diretoria-da-antt-decide-revisar-proposta-e-fazer-nova-audiencia-sobre-regulamentacao-do-trip\/\" \/>\n<meta property=\"og:locale\" content=\"pt_BR\" \/>\n<meta property=\"og:type\" content=\"article\" \/>\n<meta property=\"og:title\" content=\"Rachada, diretoria da ANTT decide revisar proposta e fazer nova audi\u00eancia sobre regulamenta\u00e7\u00e3o do Trip\" \/>\n<meta property=\"og:description\" content=\"Tales Silveira, da&nbsp;Ag\u00eancia iNFRA Com um racha na diretoria, a ANTT (Ag\u00eancia Nacional de Transportes Terrestres) decidiu, na \u00faltima quinta-feira (18), revisar a proposta de regulamenta\u00e7\u00e3o do\u00a0Trip\u00a0(Transporte Rodovi\u00e1rio Interestadual de Passageiros), abrindo nova etapa da audi\u00eancia p\u00fablica sobre o tema,\u00a0num prazo de 180 dias. A decis\u00e3o aconteceu ap\u00f3s o diretor-geral da ag\u00eancia, Rafael Vitale, alegar [&hellip;]\" \/>\n<meta property=\"og:url\" content=\"https:\/\/agenciainfra.com\/blog\/rachada-diretoria-da-antt-decide-revisar-proposta-e-fazer-nova-audiencia-sobre-regulamentacao-do-trip\/\" \/>\n<meta property=\"og:site_name\" content=\"Ag\u00eancia iNFRA\" \/>\n<meta property=\"article:publisher\" content=\"https:\/\/www.facebook.com\/ageninfra\" \/>\n<meta property=\"article:published_time\" content=\"2021-11-22T12:00:00+00:00\" \/>\n<meta property=\"og:image\" content=\"https:\/\/agenciainfra.com\/blog\/wp-content\/uploads\/2020\/10\/onibus-interestadual-foto-agerba.jpg\" \/>\n\t<meta property=\"og:image:width\" content=\"1280\" \/>\n\t<meta property=\"og:image:height\" content=\"720\" \/>\n\t<meta property=\"og:image:type\" content=\"image\/jpeg\" \/>\n<meta name=\"author\" content=\"Ag\u00eancia iNFRA\" \/>\n<meta name=\"twitter:card\" content=\"summary_large_image\" \/>\n<meta name=\"twitter:creator\" content=\"@agencia_infra\" \/>\n<meta name=\"twitter:site\" content=\"@agencia_infra\" \/>\n<meta name=\"twitter:label1\" content=\"Escrito por\" \/>\n\t<meta name=\"twitter:data1\" content=\"Ag\u00eancia iNFRA\" \/>\n\t<meta name=\"twitter:label2\" content=\"Est. tempo de leitura\" \/>\n\t<meta name=\"twitter:data2\" content=\"7 minutos\" \/>\n<script type=\"application\/ld+json\" class=\"yoast-schema-graph\">{\"@context\":\"https:\/\/schema.org\",\"@graph\":[{\"@type\":\"Article\",\"@id\":\"https:\/\/agenciainfra.com\/blog\/rachada-diretoria-da-antt-decide-revisar-proposta-e-fazer-nova-audiencia-sobre-regulamentacao-do-trip\/#article\",\"isPartOf\":{\"@id\":\"https:\/\/agenciainfra.com\/blog\/rachada-diretoria-da-antt-decide-revisar-proposta-e-fazer-nova-audiencia-sobre-regulamentacao-do-trip\/\"},\"author\":{\"name\":\"Ag\u00eancia iNFRA\",\"@id\":\"https:\/\/agenciainfra.com\/blog\/#\/schema\/person\/34af08dff6adea4cb22b06612ba7acfa\"},\"headline\":\"Rachada, diretoria da ANTT decide revisar proposta e fazer nova audi\u00eancia sobre regulamenta\u00e7\u00e3o do Trip\",\"datePublished\":\"2021-11-22T12:00:00+00:00\",\"mainEntityOfPage\":{\"@id\":\"https:\/\/agenciainfra.com\/blog\/rachada-diretoria-da-antt-decide-revisar-proposta-e-fazer-nova-audiencia-sobre-regulamentacao-do-trip\/\"},\"wordCount\":1484,\"publisher\":{\"@id\":\"https:\/\/agenciainfra.com\/blog\/#organization\"},\"image\":{\"@id\":\"https:\/\/agenciainfra.com\/blog\/rachada-diretoria-da-antt-decide-revisar-proposta-e-fazer-nova-audiencia-sobre-regulamentacao-do-trip\/#primaryimage\"},\"thumbnailUrl\":\"https:\/\/agenciainfra.com\/blog\/wp-content\/uploads\/2020\/10\/onibus-interestadual-foto-agerba.jpg\",\"keywords\":[\"ANTT\",\"CNT\",\"diretoria\",\"Rafael Vitale\",\"regulamenta\u00e7\u00e3o\",\"transporte de passageiros\",\"transporte rodovi\u00e1rio\",\"transporte rodovi\u00e1rio interestadual de passageiros\",\"transportes\",\"Trip\"],\"articleSection\":[\"Geral\",\"iNFRATransporte\"],\"inLanguage\":\"pt-BR\",\"copyrightYear\":\"2021\",\"copyrightHolder\":{\"@id\":\"https:\/\/agenciainfra.com\/blog\/#organization\"}},{\"@type\":\"WebPage\",\"@id\":\"https:\/\/agenciainfra.com\/blog\/rachada-diretoria-da-antt-decide-revisar-proposta-e-fazer-nova-audiencia-sobre-regulamentacao-do-trip\/\",\"url\":\"https:\/\/agenciainfra.com\/blog\/rachada-diretoria-da-antt-decide-revisar-proposta-e-fazer-nova-audiencia-sobre-regulamentacao-do-trip\/\",\"name\":\"Rachada, diretoria da ANTT decide revisar proposta e fazer nova audi\u00eancia sobre regulamenta\u00e7\u00e3o do Trip - Ag\u00eancia iNFRA\",\"isPartOf\":{\"@id\":\"https:\/\/agenciainfra.com\/blog\/#website\"},\"primaryImageOfPage\":{\"@id\":\"https:\/\/agenciainfra.com\/blog\/rachada-diretoria-da-antt-decide-revisar-proposta-e-fazer-nova-audiencia-sobre-regulamentacao-do-trip\/#primaryimage\"},\"image\":{\"@id\":\"https:\/\/agenciainfra.com\/blog\/rachada-diretoria-da-antt-decide-revisar-proposta-e-fazer-nova-audiencia-sobre-regulamentacao-do-trip\/#primaryimage\"},\"thumbnailUrl\":\"https:\/\/agenciainfra.com\/blog\/wp-content\/uploads\/2020\/10\/onibus-interestadual-foto-agerba.jpg\",\"datePublished\":\"2021-11-22T12:00:00+00:00\",\"breadcrumb\":{\"@id\":\"https:\/\/agenciainfra.com\/blog\/rachada-diretoria-da-antt-decide-revisar-proposta-e-fazer-nova-audiencia-sobre-regulamentacao-do-trip\/#breadcrumb\"},\"inLanguage\":\"pt-BR\",\"potentialAction\":[{\"@type\":\"ReadAction\",\"target\":[\"https:\/\/agenciainfra.com\/blog\/rachada-diretoria-da-antt-decide-revisar-proposta-e-fazer-nova-audiencia-sobre-regulamentacao-do-trip\/\"]}]},{\"@type\":\"ImageObject\",\"inLanguage\":\"pt-BR\",\"@id\":\"https:\/\/agenciainfra.com\/blog\/rachada-diretoria-da-antt-decide-revisar-proposta-e-fazer-nova-audiencia-sobre-regulamentacao-do-trip\/#primaryimage\",\"url\":\"https:\/\/agenciainfra.com\/blog\/wp-content\/uploads\/2020\/10\/onibus-interestadual-foto-agerba.jpg\",\"contentUrl\":\"https:\/\/agenciainfra.com\/blog\/wp-content\/uploads\/2020\/10\/onibus-interestadual-foto-agerba.jpg\",\"width\":1280,\"height\":720,\"caption\":\"Foto: Agerba\"},{\"@type\":\"BreadcrumbList\",\"@id\":\"https:\/\/agenciainfra.com\/blog\/rachada-diretoria-da-antt-decide-revisar-proposta-e-fazer-nova-audiencia-sobre-regulamentacao-do-trip\/#breadcrumb\",\"itemListElement\":[{\"@type\":\"ListItem\",\"position\":1,\"name\":\"In\u00edcio\",\"item\":\"https:\/\/agenciainfra.com\/blog\/\"},{\"@type\":\"ListItem\",\"position\":2,\"name\":\"Rachada, diretoria da ANTT decide revisar proposta e fazer nova audi\u00eancia sobre regulamenta\u00e7\u00e3o do Trip\"}]},{\"@type\":\"WebSite\",\"@id\":\"https:\/\/agenciainfra.com\/blog\/#website\",\"url\":\"https:\/\/agenciainfra.com\/blog\/\",\"name\":\"Ag\u00eancia iNFRA\",\"description\":\"Multiplataforma de informa\u00e7\u00e3o jornal\u00edstica refer\u00eancia na \u00e1rea de infraestrutura no Brasil!\",\"publisher\":{\"@id\":\"https:\/\/agenciainfra.com\/blog\/#organization\"},\"potentialAction\":[{\"@type\":\"SearchAction\",\"target\":{\"@type\":\"EntryPoint\",\"urlTemplate\":\"https:\/\/agenciainfra.com\/blog\/?s={search_term_string}\"},\"query-input\":{\"@type\":\"PropertyValueSpecification\",\"valueRequired\":true,\"valueName\":\"search_term_string\"}}],\"inLanguage\":\"pt-BR\"},{\"@type\":\"Organization\",\"@id\":\"https:\/\/agenciainfra.com\/blog\/#organization\",\"name\":\"Ag\u00eancia iNFRA\",\"url\":\"https:\/\/agenciainfra.com\/blog\/\",\"logo\":{\"@type\":\"ImageObject\",\"inLanguage\":\"pt-BR\",\"@id\":\"https:\/\/agenciainfra.com\/blog\/#\/schema\/logo\/image\/\",\"url\":\"https:\/\/agenciainfra.com\/blog\/wp-content\/uploads\/2023\/09\/iNFRA_5-e1761735885940.png\",\"contentUrl\":\"https:\/\/agenciainfra.com\/blog\/wp-content\/uploads\/2023\/09\/iNFRA_5-e1761735885940.png\",\"width\":1672,\"height\":454,\"caption\":\"Ag\u00eancia iNFRA\"},\"image\":{\"@id\":\"https:\/\/agenciainfra.com\/blog\/#\/schema\/logo\/image\/\"},\"sameAs\":[\"https:\/\/www.facebook.com\/ageninfra\",\"https:\/\/x.com\/agencia_infra\",\"https:\/\/www.linkedin.com\/company\/ag\u00eanciainfra\/\",\"https:\/\/www.instagram.com\/agenciainfra\/\"]},{\"@type\":\"Person\",\"@id\":\"https:\/\/agenciainfra.com\/blog\/#\/schema\/person\/34af08dff6adea4cb22b06612ba7acfa\",\"name\":\"Ag\u00eancia iNFRA\",\"image\":{\"@type\":\"ImageObject\",\"inLanguage\":\"pt-BR\",\"@id\":\"https:\/\/agenciainfra.com\/blog\/#\/schema\/person\/image\/\",\"url\":\"https:\/\/secure.gravatar.com\/avatar\/d189e01678f06d8eb84d4e01f08eb848b3fffe3f8443818d3c356c66892f5be8?s=96&d=mm&r=g\",\"contentUrl\":\"https:\/\/secure.gravatar.com\/avatar\/d189e01678f06d8eb84d4e01f08eb848b3fffe3f8443818d3c356c66892f5be8?s=96&d=mm&r=g\",\"caption\":\"Ag\u00eancia iNFRA\"},\"url\":\"https:\/\/agenciainfra.com\/blog\/author\/admin\/\"}]}<\/script>\n<!-- \/ Yoast SEO Premium plugin. -->","yoast_head_json":{"title":"Rachada, diretoria da ANTT decide revisar proposta e fazer nova audi\u00eancia sobre regulamenta\u00e7\u00e3o do Trip - Ag\u00eancia iNFRA","robots":{"index":"index","follow":"follow","max-snippet":"max-snippet:-1","max-image-preview":"max-image-preview:large","max-video-preview":"max-video-preview:-1"},"canonical":"https:\/\/agenciainfra.com\/blog\/rachada-diretoria-da-antt-decide-revisar-proposta-e-fazer-nova-audiencia-sobre-regulamentacao-do-trip\/","og_locale":"pt_BR","og_type":"article","og_title":"Rachada, diretoria da ANTT decide revisar proposta e fazer nova audi\u00eancia sobre regulamenta\u00e7\u00e3o do Trip","og_description":"Tales Silveira, da&nbsp;Ag\u00eancia iNFRA Com um racha na diretoria, a ANTT (Ag\u00eancia Nacional de Transportes Terrestres) decidiu, na \u00faltima quinta-feira (18), revisar a proposta de regulamenta\u00e7\u00e3o do\u00a0Trip\u00a0(Transporte Rodovi\u00e1rio Interestadual de Passageiros), abrindo nova etapa da audi\u00eancia p\u00fablica sobre o tema,\u00a0num prazo de 180 dias. A decis\u00e3o aconteceu ap\u00f3s o diretor-geral da ag\u00eancia, Rafael Vitale, alegar [&hellip;]","og_url":"https:\/\/agenciainfra.com\/blog\/rachada-diretoria-da-antt-decide-revisar-proposta-e-fazer-nova-audiencia-sobre-regulamentacao-do-trip\/","og_site_name":"Ag\u00eancia iNFRA","article_publisher":"https:\/\/www.facebook.com\/ageninfra","article_published_time":"2021-11-22T12:00:00+00:00","og_image":[{"width":1280,"height":720,"url":"https:\/\/agenciainfra.com\/blog\/wp-content\/uploads\/2020\/10\/onibus-interestadual-foto-agerba.jpg","type":"image\/jpeg"}],"author":"Ag\u00eancia iNFRA","twitter_card":"summary_large_image","twitter_creator":"@agencia_infra","twitter_site":"@agencia_infra","twitter_misc":{"Escrito por":"Ag\u00eancia iNFRA","Est. tempo de leitura":"7 minutos"},"schema":{"@context":"https:\/\/schema.org","@graph":[{"@type":"Article","@id":"https:\/\/agenciainfra.com\/blog\/rachada-diretoria-da-antt-decide-revisar-proposta-e-fazer-nova-audiencia-sobre-regulamentacao-do-trip\/#article","isPartOf":{"@id":"https:\/\/agenciainfra.com\/blog\/rachada-diretoria-da-antt-decide-revisar-proposta-e-fazer-nova-audiencia-sobre-regulamentacao-do-trip\/"},"author":{"name":"Ag\u00eancia iNFRA","@id":"https:\/\/agenciainfra.com\/blog\/#\/schema\/person\/34af08dff6adea4cb22b06612ba7acfa"},"headline":"Rachada, diretoria da ANTT decide revisar proposta e fazer nova audi\u00eancia sobre regulamenta\u00e7\u00e3o do Trip","datePublished":"2021-11-22T12:00:00+00:00","mainEntityOfPage":{"@id":"https:\/\/agenciainfra.com\/blog\/rachada-diretoria-da-antt-decide-revisar-proposta-e-fazer-nova-audiencia-sobre-regulamentacao-do-trip\/"},"wordCount":1484,"publisher":{"@id":"https:\/\/agenciainfra.com\/blog\/#organization"},"image":{"@id":"https:\/\/agenciainfra.com\/blog\/rachada-diretoria-da-antt-decide-revisar-proposta-e-fazer-nova-audiencia-sobre-regulamentacao-do-trip\/#primaryimage"},"thumbnailUrl":"https:\/\/agenciainfra.com\/blog\/wp-content\/uploads\/2020\/10\/onibus-interestadual-foto-agerba.jpg","keywords":["ANTT","CNT","diretoria","Rafael Vitale","regulamenta\u00e7\u00e3o","transporte de passageiros","transporte rodovi\u00e1rio","transporte rodovi\u00e1rio interestadual de passageiros","transportes","Trip"],"articleSection":["Geral","iNFRATransporte"],"inLanguage":"pt-BR","copyrightYear":"2021","copyrightHolder":{"@id":"https:\/\/agenciainfra.com\/blog\/#organization"}},{"@type":"WebPage","@id":"https:\/\/agenciainfra.com\/blog\/rachada-diretoria-da-antt-decide-revisar-proposta-e-fazer-nova-audiencia-sobre-regulamentacao-do-trip\/","url":"https:\/\/agenciainfra.com\/blog\/rachada-diretoria-da-antt-decide-revisar-proposta-e-fazer-nova-audiencia-sobre-regulamentacao-do-trip\/","name":"Rachada, diretoria da ANTT decide revisar proposta e fazer nova audi\u00eancia sobre regulamenta\u00e7\u00e3o do Trip - Ag\u00eancia iNFRA","isPartOf":{"@id":"https:\/\/agenciainfra.com\/blog\/#website"},"primaryImageOfPage":{"@id":"https:\/\/agenciainfra.com\/blog\/rachada-diretoria-da-antt-decide-revisar-proposta-e-fazer-nova-audiencia-sobre-regulamentacao-do-trip\/#primaryimage"},"image":{"@id":"https:\/\/agenciainfra.com\/blog\/rachada-diretoria-da-antt-decide-revisar-proposta-e-fazer-nova-audiencia-sobre-regulamentacao-do-trip\/#primaryimage"},"thumbnailUrl":"https:\/\/agenciainfra.com\/blog\/wp-content\/uploads\/2020\/10\/onibus-interestadual-foto-agerba.jpg","datePublished":"2021-11-22T12:00:00+00:00","breadcrumb":{"@id":"https:\/\/agenciainfra.com\/blog\/rachada-diretoria-da-antt-decide-revisar-proposta-e-fazer-nova-audiencia-sobre-regulamentacao-do-trip\/#breadcrumb"},"inLanguage":"pt-BR","potentialAction":[{"@type":"ReadAction","target":["https:\/\/agenciainfra.com\/blog\/rachada-diretoria-da-antt-decide-revisar-proposta-e-fazer-nova-audiencia-sobre-regulamentacao-do-trip\/"]}]},{"@type":"ImageObject","inLanguage":"pt-BR","@id":"https:\/\/agenciainfra.com\/blog\/rachada-diretoria-da-antt-decide-revisar-proposta-e-fazer-nova-audiencia-sobre-regulamentacao-do-trip\/#primaryimage","url":"https:\/\/agenciainfra.com\/blog\/wp-content\/uploads\/2020\/10\/onibus-interestadual-foto-agerba.jpg","contentUrl":"https:\/\/agenciainfra.com\/blog\/wp-content\/uploads\/2020\/10\/onibus-interestadual-foto-agerba.jpg","width":1280,"height":720,"caption":"Foto: Agerba"},{"@type":"BreadcrumbList","@id":"https:\/\/agenciainfra.com\/blog\/rachada-diretoria-da-antt-decide-revisar-proposta-e-fazer-nova-audiencia-sobre-regulamentacao-do-trip\/#breadcrumb","itemListElement":[{"@type":"ListItem","position":1,"name":"In\u00edcio","item":"https:\/\/agenciainfra.com\/blog\/"},{"@type":"ListItem","position":2,"name":"Rachada, diretoria da ANTT decide revisar proposta e fazer nova audi\u00eancia sobre regulamenta\u00e7\u00e3o do Trip"}]},{"@type":"WebSite","@id":"https:\/\/agenciainfra.com\/blog\/#website","url":"https:\/\/agenciainfra.com\/blog\/","name":"Ag\u00eancia iNFRA","description":"Multiplataforma de informa\u00e7\u00e3o jornal\u00edstica refer\u00eancia na \u00e1rea de infraestrutura no Brasil!","publisher":{"@id":"https:\/\/agenciainfra.com\/blog\/#organization"},"potentialAction":[{"@type":"SearchAction","target":{"@type":"EntryPoint","urlTemplate":"https:\/\/agenciainfra.com\/blog\/?s={search_term_string}"},"query-input":{"@type":"PropertyValueSpecification","valueRequired":true,"valueName":"search_term_string"}}],"inLanguage":"pt-BR"},{"@type":"Organization","@id":"https:\/\/agenciainfra.com\/blog\/#organization","name":"Ag\u00eancia iNFRA","url":"https:\/\/agenciainfra.com\/blog\/","logo":{"@type":"ImageObject","inLanguage":"pt-BR","@id":"https:\/\/agenciainfra.com\/blog\/#\/schema\/logo\/image\/","url":"https:\/\/agenciainfra.com\/blog\/wp-content\/uploads\/2023\/09\/iNFRA_5-e1761735885940.png","contentUrl":"https:\/\/agenciainfra.com\/blog\/wp-content\/uploads\/2023\/09\/iNFRA_5-e1761735885940.png","width":1672,"height":454,"caption":"Ag\u00eancia iNFRA"},"image":{"@id":"https:\/\/agenciainfra.com\/blog\/#\/schema\/logo\/image\/"},"sameAs":["https:\/\/www.facebook.com\/ageninfra","https:\/\/x.com\/agencia_infra","https:\/\/www.linkedin.com\/company\/ag\u00eanciainfra\/","https:\/\/www.instagram.com\/agenciainfra\/"]},{"@type":"Person","@id":"https:\/\/agenciainfra.com\/blog\/#\/schema\/person\/34af08dff6adea4cb22b06612ba7acfa","name":"Ag\u00eancia iNFRA","image":{"@type":"ImageObject","inLanguage":"pt-BR","@id":"https:\/\/agenciainfra.com\/blog\/#\/schema\/person\/image\/","url":"https:\/\/secure.gravatar.com\/avatar\/d189e01678f06d8eb84d4e01f08eb848b3fffe3f8443818d3c356c66892f5be8?s=96&d=mm&r=g","contentUrl":"https:\/\/secure.gravatar.com\/avatar\/d189e01678f06d8eb84d4e01f08eb848b3fffe3f8443818d3c356c66892f5be8?s=96&d=mm&r=g","caption":"Ag\u00eancia iNFRA"},"url":"https:\/\/agenciainfra.com\/blog\/author\/admin\/"}]}},"_links":{"self":[{"href":"https:\/\/agenciainfra.com\/blog\/wp-json\/wp\/v2\/posts\/8945","targetHints":{"allow":["GET"]}}],"collection":[{"href":"https:\/\/agenciainfra.com\/blog\/wp-json\/wp\/v2\/posts"}],"about":[{"href":"https:\/\/agenciainfra.com\/blog\/wp-json\/wp\/v2\/types\/post"}],"author":[{"embeddable":true,"href":"https:\/\/agenciainfra.com\/blog\/wp-json\/wp\/v2\/users\/1"}],"replies":[{"embeddable":true,"href":"https:\/\/agenciainfra.com\/blog\/wp-json\/wp\/v2\/comments?post=8945"}],"version-history":[{"count":0,"href":"https:\/\/agenciainfra.com\/blog\/wp-json\/wp\/v2\/posts\/8945\/revisions"}],"wp:featuredmedia":[{"embeddable":true,"href":"https:\/\/agenciainfra.com\/blog\/wp-json\/wp\/v2\/media\/6176"}],"wp:attachment":[{"href":"https:\/\/agenciainfra.com\/blog\/wp-json\/wp\/v2\/media?parent=8945"}],"wp:term":[{"taxonomy":"category","embeddable":true,"href":"https:\/\/agenciainfra.com\/blog\/wp-json\/wp\/v2\/categories?post=8945"},{"taxonomy":"post_tag","embeddable":true,"href":"https:\/\/agenciainfra.com\/blog\/wp-json\/wp\/v2\/tags?post=8945"}],"curies":[{"name":"wp","href":"https:\/\/api.w.org\/{rel}","templated":true}]}}