{"id":9032,"date":"2021-11-27T08:00:00","date_gmt":"2021-11-27T11:00:00","guid":{"rendered":"https:\/\/www.agenciainfra.com\/blog\/?p=9032"},"modified":"2021-11-25T11:29:40","modified_gmt":"2021-11-25T14:29:40","slug":"ferrovias-por-autorizacao-podem-gerar-beneficios-mesmo-se-nao-forem-construidas-diz-assessor-do-minfra","status":"publish","type":"post","link":"https:\/\/agenciainfra.com\/blog\/ferrovias-por-autorizacao-podem-gerar-beneficios-mesmo-se-nao-forem-construidas-diz-assessor-do-minfra\/","title":{"rendered":"Ferrovias por autoriza\u00e7\u00e3o podem gerar benef\u00edcios mesmo se n\u00e3o forem constru\u00eddas, diz assessor do Minfra"},"content":{"rendered":"\n<p class=\"has-text-align-right\"><strong>da&nbsp;Ag\u00eancia iNFRA<\/strong><\/p>\n\n\n\n<p>A abertura do mercado ferrovi\u00e1rio para projetos autorizados poder\u00e1 ter um efeito positivo para a economia mesmo que n\u00e3o seja&nbsp;constru\u00edda&nbsp;nenhuma nova ferrovia no pa\u00eds pelo novo modelo.&nbsp;<\/p>\n\n\n\n<p>\u00c9 o que defendeu o assessor especial do Minist\u00e9rio da Infraestrutura Marcos Kl\u00e9ber F\u00e9lix, principal respons\u00e1vel pelo tema na pasta atualmente, no evento P3C: Concess\u00f5es e PPPs, realizado na \u00faltima quarta-feira (24), em S\u00e3o Paulo.<\/p>\n\n\n\n<p>De acordo com F\u00e9lix, que participava das discuss\u00f5es sobre autoriza\u00e7\u00f5es ferrovi\u00e1rias ainda como consultor legislativo no Senado em 2018, a possibilidade de empresas de grande porte poderem construir trechos ferrovi\u00e1rios no modelo de autoriza\u00e7\u00e3o aumenta seu poder de barganha junto \u00e0s concession\u00e1rias de ferrovias, que hoje operam em sistema de monop\u00f3lio.<\/p>\n\n\n\n<p>Com isso, segundo ele, as concession\u00e1rias tendem a buscar solu\u00e7\u00f5es log\u00edsticas de custo&nbsp;mais baixo para seus clientes, evitando que os projetos que eles possam fazer tenham viabilidade frente ao sistema de transporte por trilho que j\u00e1 existe.<\/p>\n\n\n\n<p>&#8220;Com abertura, em si, vem um fen\u00f4meno que pode gerar, sem a constru\u00e7\u00e3o de um metro de trilho, custos mais baixos para aqueles usu\u00e1rios que s\u00e3o dependentes, dando a eles poder de barganha&#8221;, resumiu F\u00e9lix.<\/p>\n\n\n\n<p>A defesa do assessor do ministro vem num contexto em que ele apresentou o modelo de autoriza\u00e7\u00f5es ferrovi\u00e1rias como uma forma eficiente de gerar competi\u00e7\u00e3o no mercado ferrovi\u00e1rio e, com isso, mais desenvolvimento no setor&nbsp;que ficou estagnado por um s\u00e9culo, na vis\u00e3o dele.<\/p>\n\n\n\n<p>O painel foi mediado pelo editor da&nbsp;<strong>Ag\u00eancia iNFRA<\/strong>, Dimmi Amora, que informou que representantes de tr\u00eas das maiores concession\u00e1rias de ferrovias do pa\u00eds, Rumo, VLI e MRS, foram convidados para o evento, mas declinaram dos convites.<\/p>\n\n\n\n<p><strong>Desafio construtivo<\/strong><br>O outro convidado da mesa, o presidente da estatal ferrovi\u00e1ria Valec, Andr\u00e9 Kuhn, explicou sobre o grande desafio que ser\u00e1 para as empresas privadas constru\u00edrem&nbsp;ferrovias no pa\u00eds, anunciando que a empresa poder\u00e1 dar consultoria a interessados em temas sobre os quais ela adquiriu expertise ao longo dos anos com a implementa\u00e7\u00e3o&nbsp;de ferrovias, as desapropria\u00e7\u00f5es e licen\u00e7as.<\/p>\n\n\n\n<p>Ele lembrou que empresas ou polos industriais avaliam que seria mais vantajoso transportar suas cargas de modo ferrovi\u00e1rio. Mas t\u00eam dificuldade para fazer an\u00e1lises&nbsp;de custos e prazos para a implementa\u00e7\u00e3o dos projetos, o que pode ser solucionado com a consultoria da estatal.<\/p>\n\n\n\n<p>Kuhn afirmou ainda que confia que os projetos privados v\u00e3o ser feitos buscando o m\u00e1ximo de efici\u00eancia, respondendo a questionamento do mediador sobre se as empresas poderiam, por dificuldades com licenciamentos, desapropria\u00e7\u00f5es e realiza\u00e7\u00e3o de&nbsp;obras, construir ferrovias de baixa efici\u00eancia&nbsp;no pa\u00eds.<\/p>\n\n\n\n<p>&#8220;N\u00e3o acredito [em inefici\u00eancia].&nbsp;Se for economizar, nessas an\u00e1lises pr\u00e9vias ser simplista, vai perder dinheiro&#8221;, afirmou Kuhn, lembrando que \u00e9 necess\u00e1rio buscar o menor custo de opera\u00e7\u00e3o para as ferrovias, que segundo ele t\u00eam custos de implementa\u00e7\u00e3o de R$ 5 milh\u00f5es a R$ 10 milh\u00f5es por quil\u00f4metro no pa\u00eds.<\/p>\n\n\n\n<p><strong>Trechos id\u00eanticos<\/strong><br>O assessor Marcos F\u00e9lix defendeu o formato apresentado pelo governo para autorizar as ferrovias, no qual n\u00e3o h\u00e1 uma an\u00e1lise sobre viabilidade, e a diretriz \u00e9 dar autoriza\u00e7\u00f5es para todos os pedidos feitos, mesmo os que foram em regi\u00f5es id\u00eanticas. F\u00e9lix e Kuhn&nbsp;utilizaram v\u00e1rios exemplos de ferrovias de diferentes operadores que funcionam em trechos id\u00eanticos nos Estados Unidos para defender que \u00e9 vi\u00e1vel permitir mais de uma ferrovia para atender a uma mesma regi\u00e3o.<\/p>\n\n\n\n<p>F\u00e9lix citou que a \u00e1rea t\u00e9cnica do TCU (Tribunal de Contas da Uni\u00e3o) entendeu que o modelo de mais de uma autoriza\u00e7\u00e3o \u00e9 vi\u00e1vel. Ele tamb\u00e9m explicou que nas ferrovias n\u00e3o se justifica&nbsp;a etapa de abertura de an\u00fancio p\u00fablico, como \u00e9 feito para autoriza\u00e7\u00f5es de terminais portu\u00e1rios privados.<\/p>\n\n\n\n<p>Segundo o assessor, no setor portu\u00e1rio o empreendedor j\u00e1 tem o terreno e o an\u00fancio p\u00fablico serve para avaliar se h\u00e1 mais de um interessado em usar o espelho d&#8217;\u00e1gua, que n\u00e3o pode ser de propriedade privada, e, por isso, h\u00e1 a necessidade de se avaliar se h\u00e1 outros interessados no uso da \u00e1gua.<\/p>\n\n\n\n<p>Para ele, o procedimento de an\u00fancio&nbsp;n\u00e3o \u00e9 necess\u00e1rio no setor ferrovi\u00e1rio porque pode haver solu\u00e7\u00f5es de engenharia para mais de uma ferrovia fazer&nbsp;um trajeto entre dois pontos. O assessor afirmou ainda que foram empresas do setor que pediram para que n\u00e3o houvesse a etapa no modelo de autoriza\u00e7\u00e3o ferrovi\u00e1ria.<\/p>\n\n\n\n<p>Andr\u00e9 Kuhn&nbsp;defendeu ainda que n\u00e3o h\u00e1 nenhuma ilegalidade no crit\u00e9rio que o governo escolheu para dar as autoriza\u00e7\u00f5es com prioridade a quem pediu primeiro, nos casos de mais de um pedido para a mesma \u00e1rea. Ele lembrou que isso j\u00e1 \u00e9 feito na \u00e1rea de minera\u00e7\u00e3o, sem nunca ter havido contesta\u00e7\u00f5es.<\/p>\n\n\n\n<p><strong>Passageiros<\/strong><br>A volta do transporte ferrovi\u00e1rio de passageiros tamb\u00e9m foi defendida como poss\u00edvel pelos dois painelistas. Kuhn&nbsp;acredita que seria necess\u00e1rio&nbsp;utilizar trechos hoje fora de opera\u00e7\u00e3o em modelagens de PPP (parceria p\u00fablico-privada)&nbsp;com a participa\u00e7\u00e3o de estados e munic\u00edpios.&nbsp;<\/p>\n\n\n\n<p>Para F\u00e9lix, h\u00e1 como viabilizar o transporte ferrovi\u00e1rio de passageiros por meio&nbsp;de projetos imobili\u00e1rios que podem ser associados \u00e0s linhas, o que segundo ele retoma modelos com os quais as primeiras linhas de passageiros no mundo foram feitas, em Londres, na Inglaterra.&nbsp;<\/p>\n\n\n\n<p>O evento foi realizado na sede da B3&nbsp;pela Necta&nbsp;&#8211; Conex\u00f5es com Prop\u00f3sito e pela Portugal Ribeiro Advogados, com correaliza\u00e7\u00e3o da B3 e apoio da&nbsp;<strong>Ag\u00eancia iNFRA<\/strong>. O acesso \u00e0 transmiss\u00e3o \u00e9 poss\u00edvel mediante inscri\u00e7\u00e3o, que pode ser feita por meio&nbsp;<a href=\"https:\/\/agenciainfra.us14.list-manage.com\/track\/click?u=d460dd1bcf9ba0ae040e1fc0f&amp;id=5a862ea975&amp;e=8d54f1ad19\" target=\"_blank\" rel=\"noreferrer noopener\">deste link<\/a>. Mais informa\u00e7\u00f5es est\u00e3o dispon\u00edveis no&nbsp;<a href=\"https:\/\/agenciainfra.us14.list-manage.com\/track\/click?u=d460dd1bcf9ba0ae040e1fc0f&amp;id=85172f430e&amp;e=8d54f1ad19\" target=\"_blank\" rel=\"noreferrer noopener\">site da P3C<\/a>.<\/p>\n","protected":false},"excerpt":{"rendered":"<p>da&nbsp;Ag\u00eancia iNFRA A abertura do mercado ferrovi\u00e1rio para projetos autorizados poder\u00e1 ter um efeito positivo para a economia mesmo que n\u00e3o seja&nbsp;constru\u00edda&nbsp;nenhuma nova ferrovia no pa\u00eds pelo novo modelo.&nbsp; \u00c9 o que defendeu o assessor especial do Minist\u00e9rio da Infraestrutura Marcos Kl\u00e9ber F\u00e9lix, principal respons\u00e1vel pelo tema na pasta atualmente, no evento P3C: Concess\u00f5es e [&hellip;]<\/p>\n","protected":false},"author":1,"featured_media":8238,"comment_status":"closed","ping_status":"closed","sticky":false,"template":"","format":"standard","meta":{"_monsterinsights_skip_tracking":false,"_monsterinsights_sitenote_active":false,"_monsterinsights_sitenote_note":"","_monsterinsights_sitenote_category":0,"footnotes":""},"categories":[1,7],"tags":[2521,4651,120,5131,775,5089,97,18,70,160],"class_list":["post-9032","post","type-post","status-publish","format-standard","has-post-thumbnail","hentry","category-geral","category-infratransporte","tag-andre-kuhn","tag-autorizacoes-ferroviarias","tag-ferrovias","tag-marcos-felix","tag-ministerio-da-infraestrutura","tag-p3c","tag-ppp","tag-tcu","tag-transportes","tag-valec"],"yoast_head":"<!-- This site is optimized with the Yoast SEO Premium plugin v25.4 (Yoast SEO v26.0) - https:\/\/yoast.com\/wordpress\/plugins\/seo\/ -->\n<title>Ferrovias por autoriza\u00e7\u00e3o podem gerar benef\u00edcios mesmo se n\u00e3o forem constru\u00eddas, diz assessor do Minfra - Ag\u00eancia iNFRA<\/title>\n<meta name=\"robots\" content=\"index, follow, max-snippet:-1, max-image-preview:large, max-video-preview:-1\" \/>\n<link rel=\"canonical\" href=\"https:\/\/agenciainfra.com\/blog\/ferrovias-por-autorizacao-podem-gerar-beneficios-mesmo-se-nao-forem-construidas-diz-assessor-do-minfra\/\" \/>\n<meta property=\"og:locale\" content=\"pt_BR\" \/>\n<meta property=\"og:type\" content=\"article\" \/>\n<meta property=\"og:title\" content=\"Ferrovias por autoriza\u00e7\u00e3o podem gerar benef\u00edcios mesmo se n\u00e3o forem constru\u00eddas, diz assessor do Minfra\" \/>\n<meta property=\"og:description\" content=\"da&nbsp;Ag\u00eancia iNFRA A abertura do mercado ferrovi\u00e1rio para projetos autorizados poder\u00e1 ter um efeito positivo para a economia mesmo que n\u00e3o seja&nbsp;constru\u00edda&nbsp;nenhuma nova ferrovia no pa\u00eds pelo novo modelo.&nbsp; \u00c9 o que defendeu o assessor especial do Minist\u00e9rio da Infraestrutura Marcos Kl\u00e9ber F\u00e9lix, principal respons\u00e1vel pelo tema na pasta atualmente, no evento P3C: Concess\u00f5es e [&hellip;]\" \/>\n<meta property=\"og:url\" content=\"https:\/\/agenciainfra.com\/blog\/ferrovias-por-autorizacao-podem-gerar-beneficios-mesmo-se-nao-forem-construidas-diz-assessor-do-minfra\/\" \/>\n<meta property=\"og:site_name\" content=\"Ag\u00eancia iNFRA\" \/>\n<meta property=\"article:publisher\" content=\"https:\/\/www.facebook.com\/ageninfra\" \/>\n<meta property=\"article:published_time\" content=\"2021-11-27T11:00:00+00:00\" \/>\n<meta property=\"og:image\" content=\"https:\/\/agenciainfra.com\/blog\/wp-content\/uploads\/2021\/09\/rumo-foto-rumo.jpg\" \/>\n\t<meta property=\"og:image:width\" content=\"1725\" \/>\n\t<meta property=\"og:image:height\" content=\"1050\" \/>\n\t<meta property=\"og:image:type\" content=\"image\/jpeg\" \/>\n<meta name=\"author\" content=\"Ag\u00eancia iNFRA\" \/>\n<meta name=\"twitter:card\" content=\"summary_large_image\" \/>\n<meta name=\"twitter:creator\" content=\"@agencia_infra\" \/>\n<meta name=\"twitter:site\" content=\"@agencia_infra\" \/>\n<meta name=\"twitter:label1\" content=\"Escrito por\" \/>\n\t<meta name=\"twitter:data1\" content=\"Ag\u00eancia iNFRA\" \/>\n\t<meta name=\"twitter:label2\" content=\"Est. tempo de leitura\" \/>\n\t<meta name=\"twitter:data2\" content=\"5 minutos\" \/>\n<script type=\"application\/ld+json\" class=\"yoast-schema-graph\">{\"@context\":\"https:\/\/schema.org\",\"@graph\":[{\"@type\":\"Article\",\"@id\":\"https:\/\/agenciainfra.com\/blog\/ferrovias-por-autorizacao-podem-gerar-beneficios-mesmo-se-nao-forem-construidas-diz-assessor-do-minfra\/#article\",\"isPartOf\":{\"@id\":\"https:\/\/agenciainfra.com\/blog\/ferrovias-por-autorizacao-podem-gerar-beneficios-mesmo-se-nao-forem-construidas-diz-assessor-do-minfra\/\"},\"author\":{\"name\":\"Ag\u00eancia iNFRA\",\"@id\":\"https:\/\/agenciainfra.com\/blog\/#\/schema\/person\/34af08dff6adea4cb22b06612ba7acfa\"},\"headline\":\"Ferrovias por autoriza\u00e7\u00e3o podem gerar benef\u00edcios mesmo se n\u00e3o forem constru\u00eddas, diz assessor do Minfra\",\"datePublished\":\"2021-11-27T11:00:00+00:00\",\"mainEntityOfPage\":{\"@id\":\"https:\/\/agenciainfra.com\/blog\/ferrovias-por-autorizacao-podem-gerar-beneficios-mesmo-se-nao-forem-construidas-diz-assessor-do-minfra\/\"},\"wordCount\":1049,\"publisher\":{\"@id\":\"https:\/\/agenciainfra.com\/blog\/#organization\"},\"image\":{\"@id\":\"https:\/\/agenciainfra.com\/blog\/ferrovias-por-autorizacao-podem-gerar-beneficios-mesmo-se-nao-forem-construidas-diz-assessor-do-minfra\/#primaryimage\"},\"thumbnailUrl\":\"https:\/\/agenciainfra.com\/blog\/wp-content\/uploads\/2021\/09\/rumo-foto-rumo.jpg\",\"keywords\":[\"Andr\u00e9 Kuhn\",\"autoriza\u00e7\u00f5es ferrovi\u00e1rias\",\"Ferrovias\",\"Marcos F\u00e9lix\",\"Minist\u00e9rio da Infraestrutura\",\"P3C\",\"PPP\",\"TCU\",\"transportes\",\"Valec\"],\"articleSection\":[\"Geral\",\"iNFRATransporte\"],\"inLanguage\":\"pt-BR\",\"copyrightYear\":\"2021\",\"copyrightHolder\":{\"@id\":\"https:\/\/agenciainfra.com\/blog\/#organization\"}},{\"@type\":\"WebPage\",\"@id\":\"https:\/\/agenciainfra.com\/blog\/ferrovias-por-autorizacao-podem-gerar-beneficios-mesmo-se-nao-forem-construidas-diz-assessor-do-minfra\/\",\"url\":\"https:\/\/agenciainfra.com\/blog\/ferrovias-por-autorizacao-podem-gerar-beneficios-mesmo-se-nao-forem-construidas-diz-assessor-do-minfra\/\",\"name\":\"Ferrovias por autoriza\u00e7\u00e3o podem gerar benef\u00edcios mesmo se n\u00e3o forem constru\u00eddas, diz assessor do Minfra - Ag\u00eancia iNFRA\",\"isPartOf\":{\"@id\":\"https:\/\/agenciainfra.com\/blog\/#website\"},\"primaryImageOfPage\":{\"@id\":\"https:\/\/agenciainfra.com\/blog\/ferrovias-por-autorizacao-podem-gerar-beneficios-mesmo-se-nao-forem-construidas-diz-assessor-do-minfra\/#primaryimage\"},\"image\":{\"@id\":\"https:\/\/agenciainfra.com\/blog\/ferrovias-por-autorizacao-podem-gerar-beneficios-mesmo-se-nao-forem-construidas-diz-assessor-do-minfra\/#primaryimage\"},\"thumbnailUrl\":\"https:\/\/agenciainfra.com\/blog\/wp-content\/uploads\/2021\/09\/rumo-foto-rumo.jpg\",\"datePublished\":\"2021-11-27T11:00:00+00:00\",\"breadcrumb\":{\"@id\":\"https:\/\/agenciainfra.com\/blog\/ferrovias-por-autorizacao-podem-gerar-beneficios-mesmo-se-nao-forem-construidas-diz-assessor-do-minfra\/#breadcrumb\"},\"inLanguage\":\"pt-BR\",\"potentialAction\":[{\"@type\":\"ReadAction\",\"target\":[\"https:\/\/agenciainfra.com\/blog\/ferrovias-por-autorizacao-podem-gerar-beneficios-mesmo-se-nao-forem-construidas-diz-assessor-do-minfra\/\"]}]},{\"@type\":\"ImageObject\",\"inLanguage\":\"pt-BR\",\"@id\":\"https:\/\/agenciainfra.com\/blog\/ferrovias-por-autorizacao-podem-gerar-beneficios-mesmo-se-nao-forem-construidas-diz-assessor-do-minfra\/#primaryimage\",\"url\":\"https:\/\/agenciainfra.com\/blog\/wp-content\/uploads\/2021\/09\/rumo-foto-rumo.jpg\",\"contentUrl\":\"https:\/\/agenciainfra.com\/blog\/wp-content\/uploads\/2021\/09\/rumo-foto-rumo.jpg\",\"width\":1725,\"height\":1050},{\"@type\":\"BreadcrumbList\",\"@id\":\"https:\/\/agenciainfra.com\/blog\/ferrovias-por-autorizacao-podem-gerar-beneficios-mesmo-se-nao-forem-construidas-diz-assessor-do-minfra\/#breadcrumb\",\"itemListElement\":[{\"@type\":\"ListItem\",\"position\":1,\"name\":\"In\u00edcio\",\"item\":\"https:\/\/agenciainfra.com\/blog\/\"},{\"@type\":\"ListItem\",\"position\":2,\"name\":\"Ferrovias por autoriza\u00e7\u00e3o podem gerar benef\u00edcios mesmo se n\u00e3o forem constru\u00eddas, diz assessor do Minfra\"}]},{\"@type\":\"WebSite\",\"@id\":\"https:\/\/agenciainfra.com\/blog\/#website\",\"url\":\"https:\/\/agenciainfra.com\/blog\/\",\"name\":\"Ag\u00eancia iNFRA\",\"description\":\"Multiplataforma de informa\u00e7\u00e3o jornal\u00edstica refer\u00eancia na \u00e1rea de infraestrutura no Brasil!\",\"publisher\":{\"@id\":\"https:\/\/agenciainfra.com\/blog\/#organization\"},\"potentialAction\":[{\"@type\":\"SearchAction\",\"target\":{\"@type\":\"EntryPoint\",\"urlTemplate\":\"https:\/\/agenciainfra.com\/blog\/?s={search_term_string}\"},\"query-input\":{\"@type\":\"PropertyValueSpecification\",\"valueRequired\":true,\"valueName\":\"search_term_string\"}}],\"inLanguage\":\"pt-BR\"},{\"@type\":\"Organization\",\"@id\":\"https:\/\/agenciainfra.com\/blog\/#organization\",\"name\":\"Ag\u00eancia iNFRA\",\"url\":\"https:\/\/agenciainfra.com\/blog\/\",\"logo\":{\"@type\":\"ImageObject\",\"inLanguage\":\"pt-BR\",\"@id\":\"https:\/\/agenciainfra.com\/blog\/#\/schema\/logo\/image\/\",\"url\":\"https:\/\/agenciainfra.com\/blog\/wp-content\/uploads\/2023\/09\/iNFRA_5-e1761735885940.png\",\"contentUrl\":\"https:\/\/agenciainfra.com\/blog\/wp-content\/uploads\/2023\/09\/iNFRA_5-e1761735885940.png\",\"width\":1672,\"height\":454,\"caption\":\"Ag\u00eancia iNFRA\"},\"image\":{\"@id\":\"https:\/\/agenciainfra.com\/blog\/#\/schema\/logo\/image\/\"},\"sameAs\":[\"https:\/\/www.facebook.com\/ageninfra\",\"https:\/\/x.com\/agencia_infra\",\"https:\/\/www.linkedin.com\/company\/ag\u00eanciainfra\/\",\"https:\/\/www.instagram.com\/agenciainfra\/\"]},{\"@type\":\"Person\",\"@id\":\"https:\/\/agenciainfra.com\/blog\/#\/schema\/person\/34af08dff6adea4cb22b06612ba7acfa\",\"name\":\"Ag\u00eancia iNFRA\",\"image\":{\"@type\":\"ImageObject\",\"inLanguage\":\"pt-BR\",\"@id\":\"https:\/\/agenciainfra.com\/blog\/#\/schema\/person\/image\/\",\"url\":\"https:\/\/secure.gravatar.com\/avatar\/d189e01678f06d8eb84d4e01f08eb848b3fffe3f8443818d3c356c66892f5be8?s=96&d=mm&r=g\",\"contentUrl\":\"https:\/\/secure.gravatar.com\/avatar\/d189e01678f06d8eb84d4e01f08eb848b3fffe3f8443818d3c356c66892f5be8?s=96&d=mm&r=g\",\"caption\":\"Ag\u00eancia iNFRA\"},\"url\":\"https:\/\/agenciainfra.com\/blog\/author\/admin\/\"}]}<\/script>\n<!-- \/ Yoast SEO Premium plugin. -->","yoast_head_json":{"title":"Ferrovias por autoriza\u00e7\u00e3o podem gerar benef\u00edcios mesmo se n\u00e3o forem constru\u00eddas, diz assessor do Minfra - Ag\u00eancia iNFRA","robots":{"index":"index","follow":"follow","max-snippet":"max-snippet:-1","max-image-preview":"max-image-preview:large","max-video-preview":"max-video-preview:-1"},"canonical":"https:\/\/agenciainfra.com\/blog\/ferrovias-por-autorizacao-podem-gerar-beneficios-mesmo-se-nao-forem-construidas-diz-assessor-do-minfra\/","og_locale":"pt_BR","og_type":"article","og_title":"Ferrovias por autoriza\u00e7\u00e3o podem gerar benef\u00edcios mesmo se n\u00e3o forem constru\u00eddas, diz assessor do Minfra","og_description":"da&nbsp;Ag\u00eancia iNFRA A abertura do mercado ferrovi\u00e1rio para projetos autorizados poder\u00e1 ter um efeito positivo para a economia mesmo que n\u00e3o seja&nbsp;constru\u00edda&nbsp;nenhuma nova ferrovia no pa\u00eds pelo novo modelo.&nbsp; \u00c9 o que defendeu o assessor especial do Minist\u00e9rio da Infraestrutura Marcos Kl\u00e9ber F\u00e9lix, principal respons\u00e1vel pelo tema na pasta atualmente, no evento P3C: Concess\u00f5es e [&hellip;]","og_url":"https:\/\/agenciainfra.com\/blog\/ferrovias-por-autorizacao-podem-gerar-beneficios-mesmo-se-nao-forem-construidas-diz-assessor-do-minfra\/","og_site_name":"Ag\u00eancia iNFRA","article_publisher":"https:\/\/www.facebook.com\/ageninfra","article_published_time":"2021-11-27T11:00:00+00:00","og_image":[{"width":1725,"height":1050,"url":"https:\/\/agenciainfra.com\/blog\/wp-content\/uploads\/2021\/09\/rumo-foto-rumo.jpg","type":"image\/jpeg"}],"author":"Ag\u00eancia iNFRA","twitter_card":"summary_large_image","twitter_creator":"@agencia_infra","twitter_site":"@agencia_infra","twitter_misc":{"Escrito por":"Ag\u00eancia iNFRA","Est. tempo de leitura":"5 minutos"},"schema":{"@context":"https:\/\/schema.org","@graph":[{"@type":"Article","@id":"https:\/\/agenciainfra.com\/blog\/ferrovias-por-autorizacao-podem-gerar-beneficios-mesmo-se-nao-forem-construidas-diz-assessor-do-minfra\/#article","isPartOf":{"@id":"https:\/\/agenciainfra.com\/blog\/ferrovias-por-autorizacao-podem-gerar-beneficios-mesmo-se-nao-forem-construidas-diz-assessor-do-minfra\/"},"author":{"name":"Ag\u00eancia iNFRA","@id":"https:\/\/agenciainfra.com\/blog\/#\/schema\/person\/34af08dff6adea4cb22b06612ba7acfa"},"headline":"Ferrovias por autoriza\u00e7\u00e3o podem gerar benef\u00edcios mesmo se n\u00e3o forem constru\u00eddas, diz assessor do Minfra","datePublished":"2021-11-27T11:00:00+00:00","mainEntityOfPage":{"@id":"https:\/\/agenciainfra.com\/blog\/ferrovias-por-autorizacao-podem-gerar-beneficios-mesmo-se-nao-forem-construidas-diz-assessor-do-minfra\/"},"wordCount":1049,"publisher":{"@id":"https:\/\/agenciainfra.com\/blog\/#organization"},"image":{"@id":"https:\/\/agenciainfra.com\/blog\/ferrovias-por-autorizacao-podem-gerar-beneficios-mesmo-se-nao-forem-construidas-diz-assessor-do-minfra\/#primaryimage"},"thumbnailUrl":"https:\/\/agenciainfra.com\/blog\/wp-content\/uploads\/2021\/09\/rumo-foto-rumo.jpg","keywords":["Andr\u00e9 Kuhn","autoriza\u00e7\u00f5es ferrovi\u00e1rias","Ferrovias","Marcos F\u00e9lix","Minist\u00e9rio da Infraestrutura","P3C","PPP","TCU","transportes","Valec"],"articleSection":["Geral","iNFRATransporte"],"inLanguage":"pt-BR","copyrightYear":"2021","copyrightHolder":{"@id":"https:\/\/agenciainfra.com\/blog\/#organization"}},{"@type":"WebPage","@id":"https:\/\/agenciainfra.com\/blog\/ferrovias-por-autorizacao-podem-gerar-beneficios-mesmo-se-nao-forem-construidas-diz-assessor-do-minfra\/","url":"https:\/\/agenciainfra.com\/blog\/ferrovias-por-autorizacao-podem-gerar-beneficios-mesmo-se-nao-forem-construidas-diz-assessor-do-minfra\/","name":"Ferrovias por autoriza\u00e7\u00e3o podem gerar benef\u00edcios mesmo se n\u00e3o forem constru\u00eddas, diz assessor do Minfra - Ag\u00eancia iNFRA","isPartOf":{"@id":"https:\/\/agenciainfra.com\/blog\/#website"},"primaryImageOfPage":{"@id":"https:\/\/agenciainfra.com\/blog\/ferrovias-por-autorizacao-podem-gerar-beneficios-mesmo-se-nao-forem-construidas-diz-assessor-do-minfra\/#primaryimage"},"image":{"@id":"https:\/\/agenciainfra.com\/blog\/ferrovias-por-autorizacao-podem-gerar-beneficios-mesmo-se-nao-forem-construidas-diz-assessor-do-minfra\/#primaryimage"},"thumbnailUrl":"https:\/\/agenciainfra.com\/blog\/wp-content\/uploads\/2021\/09\/rumo-foto-rumo.jpg","datePublished":"2021-11-27T11:00:00+00:00","breadcrumb":{"@id":"https:\/\/agenciainfra.com\/blog\/ferrovias-por-autorizacao-podem-gerar-beneficios-mesmo-se-nao-forem-construidas-diz-assessor-do-minfra\/#breadcrumb"},"inLanguage":"pt-BR","potentialAction":[{"@type":"ReadAction","target":["https:\/\/agenciainfra.com\/blog\/ferrovias-por-autorizacao-podem-gerar-beneficios-mesmo-se-nao-forem-construidas-diz-assessor-do-minfra\/"]}]},{"@type":"ImageObject","inLanguage":"pt-BR","@id":"https:\/\/agenciainfra.com\/blog\/ferrovias-por-autorizacao-podem-gerar-beneficios-mesmo-se-nao-forem-construidas-diz-assessor-do-minfra\/#primaryimage","url":"https:\/\/agenciainfra.com\/blog\/wp-content\/uploads\/2021\/09\/rumo-foto-rumo.jpg","contentUrl":"https:\/\/agenciainfra.com\/blog\/wp-content\/uploads\/2021\/09\/rumo-foto-rumo.jpg","width":1725,"height":1050},{"@type":"BreadcrumbList","@id":"https:\/\/agenciainfra.com\/blog\/ferrovias-por-autorizacao-podem-gerar-beneficios-mesmo-se-nao-forem-construidas-diz-assessor-do-minfra\/#breadcrumb","itemListElement":[{"@type":"ListItem","position":1,"name":"In\u00edcio","item":"https:\/\/agenciainfra.com\/blog\/"},{"@type":"ListItem","position":2,"name":"Ferrovias por autoriza\u00e7\u00e3o podem gerar benef\u00edcios mesmo se n\u00e3o forem constru\u00eddas, diz assessor do Minfra"}]},{"@type":"WebSite","@id":"https:\/\/agenciainfra.com\/blog\/#website","url":"https:\/\/agenciainfra.com\/blog\/","name":"Ag\u00eancia iNFRA","description":"Multiplataforma de informa\u00e7\u00e3o jornal\u00edstica refer\u00eancia na \u00e1rea de infraestrutura no Brasil!","publisher":{"@id":"https:\/\/agenciainfra.com\/blog\/#organization"},"potentialAction":[{"@type":"SearchAction","target":{"@type":"EntryPoint","urlTemplate":"https:\/\/agenciainfra.com\/blog\/?s={search_term_string}"},"query-input":{"@type":"PropertyValueSpecification","valueRequired":true,"valueName":"search_term_string"}}],"inLanguage":"pt-BR"},{"@type":"Organization","@id":"https:\/\/agenciainfra.com\/blog\/#organization","name":"Ag\u00eancia iNFRA","url":"https:\/\/agenciainfra.com\/blog\/","logo":{"@type":"ImageObject","inLanguage":"pt-BR","@id":"https:\/\/agenciainfra.com\/blog\/#\/schema\/logo\/image\/","url":"https:\/\/agenciainfra.com\/blog\/wp-content\/uploads\/2023\/09\/iNFRA_5-e1761735885940.png","contentUrl":"https:\/\/agenciainfra.com\/blog\/wp-content\/uploads\/2023\/09\/iNFRA_5-e1761735885940.png","width":1672,"height":454,"caption":"Ag\u00eancia iNFRA"},"image":{"@id":"https:\/\/agenciainfra.com\/blog\/#\/schema\/logo\/image\/"},"sameAs":["https:\/\/www.facebook.com\/ageninfra","https:\/\/x.com\/agencia_infra","https:\/\/www.linkedin.com\/company\/ag\u00eanciainfra\/","https:\/\/www.instagram.com\/agenciainfra\/"]},{"@type":"Person","@id":"https:\/\/agenciainfra.com\/blog\/#\/schema\/person\/34af08dff6adea4cb22b06612ba7acfa","name":"Ag\u00eancia iNFRA","image":{"@type":"ImageObject","inLanguage":"pt-BR","@id":"https:\/\/agenciainfra.com\/blog\/#\/schema\/person\/image\/","url":"https:\/\/secure.gravatar.com\/avatar\/d189e01678f06d8eb84d4e01f08eb848b3fffe3f8443818d3c356c66892f5be8?s=96&d=mm&r=g","contentUrl":"https:\/\/secure.gravatar.com\/avatar\/d189e01678f06d8eb84d4e01f08eb848b3fffe3f8443818d3c356c66892f5be8?s=96&d=mm&r=g","caption":"Ag\u00eancia iNFRA"},"url":"https:\/\/agenciainfra.com\/blog\/author\/admin\/"}]}},"_links":{"self":[{"href":"https:\/\/agenciainfra.com\/blog\/wp-json\/wp\/v2\/posts\/9032","targetHints":{"allow":["GET"]}}],"collection":[{"href":"https:\/\/agenciainfra.com\/blog\/wp-json\/wp\/v2\/posts"}],"about":[{"href":"https:\/\/agenciainfra.com\/blog\/wp-json\/wp\/v2\/types\/post"}],"author":[{"embeddable":true,"href":"https:\/\/agenciainfra.com\/blog\/wp-json\/wp\/v2\/users\/1"}],"replies":[{"embeddable":true,"href":"https:\/\/agenciainfra.com\/blog\/wp-json\/wp\/v2\/comments?post=9032"}],"version-history":[{"count":0,"href":"https:\/\/agenciainfra.com\/blog\/wp-json\/wp\/v2\/posts\/9032\/revisions"}],"wp:featuredmedia":[{"embeddable":true,"href":"https:\/\/agenciainfra.com\/blog\/wp-json\/wp\/v2\/media\/8238"}],"wp:attachment":[{"href":"https:\/\/agenciainfra.com\/blog\/wp-json\/wp\/v2\/media?parent=9032"}],"wp:term":[{"taxonomy":"category","embeddable":true,"href":"https:\/\/agenciainfra.com\/blog\/wp-json\/wp\/v2\/categories?post=9032"},{"taxonomy":"post_tag","embeddable":true,"href":"https:\/\/agenciainfra.com\/blog\/wp-json\/wp\/v2\/tags?post=9032"}],"curies":[{"name":"wp","href":"https:\/\/api.w.org\/{rel}","templated":true}]}}