{"id":9057,"date":"2021-11-29T10:00:00","date_gmt":"2021-11-29T13:00:00","guid":{"rendered":"https:\/\/www.agenciainfra.com\/blog\/?p=9057"},"modified":"2021-11-29T10:59:13","modified_gmt":"2021-11-29T13:59:13","slug":"periodo-umido-se-antecipa-e-derruba-pld-para-r50-mas-cotacoes-podem-ter-forte-alta-em-2022","status":"publish","type":"post","link":"https:\/\/agenciainfra.com\/blog\/periodo-umido-se-antecipa-e-derruba-pld-para-r50-mas-cotacoes-podem-ter-forte-alta-em-2022\/","title":{"rendered":"Per\u00edodo \u00famido se antecipa e derruba PLD para R$ 50, mas cota\u00e7\u00f5es podem ter forte alta em 2022"},"content":{"rendered":"\n<p class=\"has-text-align-right\"><strong>Roberto Rockmann, colunista da&nbsp;Ag\u00eancia iNFRA*<\/strong><\/p>\n\n\n\n<p>Depois de atingir quase R$ 600 o MWh em setembro, o PLD (Pre\u00e7o de Liquida\u00e7\u00e3o de Diferen\u00e7as) para a primeira semana de dezembro caiu para R$ 50\/MWh com as chuvas que t\u00eam atingido as regi\u00f5es Sudeste e Nordeste.<\/p>\n\n\n\n<p>Nesse cen\u00e1rio \u2013 mesmo com alerta de consultores de que o per\u00edodo \u00famido pode ter sido antecipado, que os reservat\u00f3rios ainda est\u00e3o em n\u00edveis baixos e que as cota\u00e7\u00f5es poder\u00e3o ter forte alta em 2022 \u2013, algumas empresas consumidoras de energia est\u00e3o esperando para contratar energia ainda mais barata no fim do m\u00eas ou in\u00edcio de janeiro e fevereiro, quando boa parte das chuvas de ver\u00e3o \u00e9 esperada.<\/p>\n\n\n\n<p>De setembro para c\u00e1, S\u00e3o Pedro ajudou a melhorar a situa\u00e7\u00e3o, mas os reservat\u00f3rios no Sudeste ainda est\u00e3o abaixo de 20% e o setor continua usando t\u00e9rmicas que despacham energia a quase R$ 2.000 o MWh. Esse \u00e9 um sinal de como o modelo de pre\u00e7os est\u00e1 errado.<\/p>\n\n\n\n<p>Grosso modo, os reservat\u00f3rios est\u00e3o sendo esvaziados com hidrel\u00e9tricas a R$ 100 o MWh, enquanto s\u00e3o enchidos com t\u00e9rmicas a mais de R$ 2.000 o MWh. A conta \u00e9 paga em boa parte no mercado cativo, mas tamb\u00e9m respinga no mercado livre. Os encargos hoje s\u00e3o um dos problemas que os grandes consumidores t\u00eam de explicar \u00e0 dire\u00e7\u00e3o \u2013 em alguns casos superam R$ 100 o MWh.<\/p>\n\n\n\n<p>Sem mudan\u00e7as, correm-se riscos dessas flutua\u00e7\u00f5es bruscas de pre\u00e7os produzirem problemas nas comercializadoras nos pr\u00f3ximos meses. Frise-se que o aperfei\u00e7oamento das regras de seguran\u00e7a do mercado ainda \u00e9 assunto em discuss\u00e3o desde 2019 pelo governo, CCEE (C\u00e2mara de Comercializa\u00e7\u00e3o de Energia El\u00e9trica) e ANEEL (Ag\u00eancia Nacional de Energia El\u00e9trica). H\u00e1 notas t\u00e9cnicas recentes da CCEE sobre o tema, mas sem avan\u00e7os concretos.<\/p>\n\n\n\n<p>Sem altera\u00e7\u00f5es nesse modelo, o risco de assistir a sustos como o vivenciado entre junho e setembro tamb\u00e9m continuar\u00e1 presente. Um novo modelo que precifique corretamente a \u00e1gua nos reservat\u00f3rios das hidrel\u00e9tricas \u00e9 essencial.<\/p>\n\n\n\n<p>Nos bastidores, comercializadoras j\u00e1 indicam para a ag\u00eancia reguladora a necessidade urgente de se mudar o sistema de precifica\u00e7\u00e3o. J\u00e1 publicamente a Abrace (Associa\u00e7\u00e3o Brasileira dos Grandes Consumidores de Energia) defendeu que a CREG (C\u00e2mara de Regras Excepcionais para Gest\u00e3o Hidroenerg\u00e9tica), agora extinta, deveria ter criado limites contra a varia\u00e7\u00e3o de pre\u00e7os em contextos excepcionais.<\/p>\n\n\n\n<p>A ajuda dos c\u00e9us foi providencial, mas sem m\u00e3os humanas as disfuncionalidades continuar\u00e3o criando perdas para muitos e ganhos para alguns.<\/p>\n\n\n\n<h6 class=\"wp-block-heading\" id=\"block-f323f59b-51bf-4eed-b17b-3c7d3b917007\">*Roberto Rockmann \u00e9 escritor e jornalista. Coautor do livro \u201cCurto-Circuito, quando o Brasil quase ficou \u00e0s escuras\u201d e produtor do podcast quinzenal \u201cGiro Energia\u201d sobre o setor el\u00e9trico. Organizou em 2018 o livro de 20 anos do mercado livre de energia el\u00e9trica, editado pela CCEE (C\u00e2mara de Comercializa\u00e7\u00e3o de Energia El\u00e9trica), al\u00e9m de v\u00e1rios outros livros e trabalhos premiados.<\/h6>\n\n\n\n<p><strong>As opini\u00f5es dos autores n\u00e3o refletem necessariamente o pensamento da Ag\u00eancia iNFRA, sendo de total responsabilidade do autor as informa\u00e7\u00f5es, ju\u00edzos de valor e conceitos descritos no texto.<\/strong><\/p>\n","protected":false},"excerpt":{"rendered":"<p>Roberto Rockmann, colunista da&nbsp;Ag\u00eancia iNFRA* Depois de atingir quase R$ 600 o MWh em setembro, o PLD (Pre\u00e7o de Liquida\u00e7\u00e3o de Diferen\u00e7as) para a primeira semana de dezembro caiu para R$ 50\/MWh com as chuvas que t\u00eam atingido as regi\u00f5es Sudeste e Nordeste. Nesse cen\u00e1rio \u2013 mesmo com alerta de consultores de que o per\u00edodo [&hellip;]<\/p>\n","protected":false},"author":1,"featured_media":9059,"comment_status":"closed","ping_status":"closed","sticky":false,"template":"","format":"standard","meta":{"_monsterinsights_skip_tracking":false,"_monsterinsights_sitenote_active":false,"_monsterinsights_sitenote_note":"","_monsterinsights_sitenote_category":0,"footnotes":""},"categories":[1],"tags":[41,53,742,13,4625,4379,3487,282,635,1169],"class_list":["post-9057","post","type-post","status-publish","format-standard","has-post-thumbnail","hentry","category-geral","tag-abrace","tag-aneel","tag-chuvas","tag-consumo-de-energia","tag-creg","tag-crise-energetica","tag-crise-hidrica","tag-energia-eletrica","tag-hidreletricas","tag-pld"],"yoast_head":"<!-- This site is optimized with the Yoast SEO Premium plugin v25.4 (Yoast SEO v26.0) - https:\/\/yoast.com\/wordpress\/plugins\/seo\/ -->\n<title>Per\u00edodo \u00famido se antecipa e derruba PLD para R$ 50, mas cota\u00e7\u00f5es podem ter forte alta em 2022 - Ag\u00eancia iNFRA<\/title>\n<meta name=\"robots\" content=\"index, follow, max-snippet:-1, max-image-preview:large, max-video-preview:-1\" \/>\n<link rel=\"canonical\" href=\"https:\/\/agenciainfra.com\/blog\/periodo-umido-se-antecipa-e-derruba-pld-para-r50-mas-cotacoes-podem-ter-forte-alta-em-2022\/\" \/>\n<meta property=\"og:locale\" content=\"pt_BR\" \/>\n<meta property=\"og:type\" content=\"article\" \/>\n<meta property=\"og:title\" content=\"Per\u00edodo \u00famido se antecipa e derruba PLD para R$ 50, mas cota\u00e7\u00f5es podem ter forte alta em 2022\" \/>\n<meta property=\"og:description\" content=\"Roberto Rockmann, colunista da&nbsp;Ag\u00eancia iNFRA* Depois de atingir quase R$ 600 o MWh em setembro, o PLD (Pre\u00e7o de Liquida\u00e7\u00e3o de Diferen\u00e7as) para a primeira semana de dezembro caiu para R$ 50\/MWh com as chuvas que t\u00eam atingido as regi\u00f5es Sudeste e Nordeste. Nesse cen\u00e1rio \u2013 mesmo com alerta de consultores de que o per\u00edodo [&hellip;]\" \/>\n<meta property=\"og:url\" content=\"https:\/\/agenciainfra.com\/blog\/periodo-umido-se-antecipa-e-derruba-pld-para-r50-mas-cotacoes-podem-ter-forte-alta-em-2022\/\" \/>\n<meta property=\"og:site_name\" content=\"Ag\u00eancia iNFRA\" \/>\n<meta property=\"article:publisher\" content=\"https:\/\/www.facebook.com\/ageninfra\" \/>\n<meta property=\"article:published_time\" content=\"2021-11-29T13:00:00+00:00\" \/>\n<meta property=\"article:modified_time\" content=\"2021-11-29T13:59:13+00:00\" \/>\n<meta property=\"og:image\" content=\"https:\/\/agenciainfra.com\/blog\/wp-content\/uploads\/2021\/11\/chuvas-foto-gilson-abreu-aen.jpeg\" \/>\n\t<meta property=\"og:image:width\" content=\"1920\" \/>\n\t<meta property=\"og:image:height\" content=\"1280\" \/>\n\t<meta property=\"og:image:type\" content=\"image\/jpeg\" \/>\n<meta name=\"author\" content=\"Ag\u00eancia iNFRA\" \/>\n<meta name=\"twitter:card\" content=\"summary_large_image\" \/>\n<meta name=\"twitter:creator\" content=\"@agencia_infra\" \/>\n<meta name=\"twitter:site\" content=\"@agencia_infra\" \/>\n<meta name=\"twitter:label1\" content=\"Escrito por\" \/>\n\t<meta name=\"twitter:data1\" content=\"Ag\u00eancia iNFRA\" \/>\n\t<meta name=\"twitter:label2\" content=\"Est. tempo de leitura\" \/>\n\t<meta name=\"twitter:data2\" content=\"3 minutos\" \/>\n<script type=\"application\/ld+json\" class=\"yoast-schema-graph\">{\"@context\":\"https:\/\/schema.org\",\"@graph\":[{\"@type\":\"Article\",\"@id\":\"https:\/\/agenciainfra.com\/blog\/periodo-umido-se-antecipa-e-derruba-pld-para-r50-mas-cotacoes-podem-ter-forte-alta-em-2022\/#article\",\"isPartOf\":{\"@id\":\"https:\/\/agenciainfra.com\/blog\/periodo-umido-se-antecipa-e-derruba-pld-para-r50-mas-cotacoes-podem-ter-forte-alta-em-2022\/\"},\"author\":{\"name\":\"Ag\u00eancia iNFRA\",\"@id\":\"https:\/\/agenciainfra.com\/blog\/#\/schema\/person\/34af08dff6adea4cb22b06612ba7acfa\"},\"headline\":\"Per\u00edodo \u00famido se antecipa e derruba PLD para R$ 50, mas cota\u00e7\u00f5es podem ter forte alta em 2022\",\"datePublished\":\"2021-11-29T13:00:00+00:00\",\"dateModified\":\"2021-11-29T13:59:13+00:00\",\"mainEntityOfPage\":{\"@id\":\"https:\/\/agenciainfra.com\/blog\/periodo-umido-se-antecipa-e-derruba-pld-para-r50-mas-cotacoes-podem-ter-forte-alta-em-2022\/\"},\"wordCount\":558,\"publisher\":{\"@id\":\"https:\/\/agenciainfra.com\/blog\/#organization\"},\"image\":{\"@id\":\"https:\/\/agenciainfra.com\/blog\/periodo-umido-se-antecipa-e-derruba-pld-para-r50-mas-cotacoes-podem-ter-forte-alta-em-2022\/#primaryimage\"},\"thumbnailUrl\":\"https:\/\/agenciainfra.com\/blog\/wp-content\/uploads\/2021\/11\/chuvas-foto-gilson-abreu-aen-e1765899225898.jpeg\",\"keywords\":[\"Abrace\",\"ANEEL\",\"chuvas\",\"consumo de energia\",\"Creg\",\"crise energ\u00e9tica\",\"crise h\u00eddrica\",\"energia el\u00e9trica\",\"Hidrel\u00e9tricas\",\"PLD\"],\"articleSection\":[\"Geral\"],\"inLanguage\":\"pt-BR\",\"copyrightYear\":\"2021\",\"copyrightHolder\":{\"@id\":\"https:\/\/agenciainfra.com\/blog\/#organization\"}},{\"@type\":\"WebPage\",\"@id\":\"https:\/\/agenciainfra.com\/blog\/periodo-umido-se-antecipa-e-derruba-pld-para-r50-mas-cotacoes-podem-ter-forte-alta-em-2022\/\",\"url\":\"https:\/\/agenciainfra.com\/blog\/periodo-umido-se-antecipa-e-derruba-pld-para-r50-mas-cotacoes-podem-ter-forte-alta-em-2022\/\",\"name\":\"Per\u00edodo \u00famido se antecipa e derruba PLD para R$ 50, mas cota\u00e7\u00f5es podem ter forte alta em 2022 - Ag\u00eancia iNFRA\",\"isPartOf\":{\"@id\":\"https:\/\/agenciainfra.com\/blog\/#website\"},\"primaryImageOfPage\":{\"@id\":\"https:\/\/agenciainfra.com\/blog\/periodo-umido-se-antecipa-e-derruba-pld-para-r50-mas-cotacoes-podem-ter-forte-alta-em-2022\/#primaryimage\"},\"image\":{\"@id\":\"https:\/\/agenciainfra.com\/blog\/periodo-umido-se-antecipa-e-derruba-pld-para-r50-mas-cotacoes-podem-ter-forte-alta-em-2022\/#primaryimage\"},\"thumbnailUrl\":\"https:\/\/agenciainfra.com\/blog\/wp-content\/uploads\/2021\/11\/chuvas-foto-gilson-abreu-aen-e1765899225898.jpeg\",\"datePublished\":\"2021-11-29T13:00:00+00:00\",\"dateModified\":\"2021-11-29T13:59:13+00:00\",\"breadcrumb\":{\"@id\":\"https:\/\/agenciainfra.com\/blog\/periodo-umido-se-antecipa-e-derruba-pld-para-r50-mas-cotacoes-podem-ter-forte-alta-em-2022\/#breadcrumb\"},\"inLanguage\":\"pt-BR\",\"potentialAction\":[{\"@type\":\"ReadAction\",\"target\":[\"https:\/\/agenciainfra.com\/blog\/periodo-umido-se-antecipa-e-derruba-pld-para-r50-mas-cotacoes-podem-ter-forte-alta-em-2022\/\"]}]},{\"@type\":\"ImageObject\",\"inLanguage\":\"pt-BR\",\"@id\":\"https:\/\/agenciainfra.com\/blog\/periodo-umido-se-antecipa-e-derruba-pld-para-r50-mas-cotacoes-podem-ter-forte-alta-em-2022\/#primaryimage\",\"url\":\"https:\/\/agenciainfra.com\/blog\/wp-content\/uploads\/2021\/11\/chuvas-foto-gilson-abreu-aen-e1765899225898.jpeg\",\"contentUrl\":\"https:\/\/agenciainfra.com\/blog\/wp-content\/uploads\/2021\/11\/chuvas-foto-gilson-abreu-aen-e1765899225898.jpeg\",\"width\":1280,\"height\":774,\"caption\":\"Foto: Gilson Abreu\/AEN-PR\"},{\"@type\":\"BreadcrumbList\",\"@id\":\"https:\/\/agenciainfra.com\/blog\/periodo-umido-se-antecipa-e-derruba-pld-para-r50-mas-cotacoes-podem-ter-forte-alta-em-2022\/#breadcrumb\",\"itemListElement\":[{\"@type\":\"ListItem\",\"position\":1,\"name\":\"In\u00edcio\",\"item\":\"https:\/\/agenciainfra.com\/blog\/\"},{\"@type\":\"ListItem\",\"position\":2,\"name\":\"Per\u00edodo \u00famido se antecipa e derruba PLD para R$ 50, mas cota\u00e7\u00f5es podem ter forte alta em 2022\"}]},{\"@type\":\"WebSite\",\"@id\":\"https:\/\/agenciainfra.com\/blog\/#website\",\"url\":\"https:\/\/agenciainfra.com\/blog\/\",\"name\":\"Ag\u00eancia iNFRA\",\"description\":\"Multiplataforma de informa\u00e7\u00e3o jornal\u00edstica refer\u00eancia na \u00e1rea de infraestrutura no Brasil!\",\"publisher\":{\"@id\":\"https:\/\/agenciainfra.com\/blog\/#organization\"},\"potentialAction\":[{\"@type\":\"SearchAction\",\"target\":{\"@type\":\"EntryPoint\",\"urlTemplate\":\"https:\/\/agenciainfra.com\/blog\/?s={search_term_string}\"},\"query-input\":{\"@type\":\"PropertyValueSpecification\",\"valueRequired\":true,\"valueName\":\"search_term_string\"}}],\"inLanguage\":\"pt-BR\"},{\"@type\":\"Organization\",\"@id\":\"https:\/\/agenciainfra.com\/blog\/#organization\",\"name\":\"Ag\u00eancia iNFRA\",\"url\":\"https:\/\/agenciainfra.com\/blog\/\",\"logo\":{\"@type\":\"ImageObject\",\"inLanguage\":\"pt-BR\",\"@id\":\"https:\/\/agenciainfra.com\/blog\/#\/schema\/logo\/image\/\",\"url\":\"https:\/\/agenciainfra.com\/blog\/wp-content\/uploads\/2023\/09\/iNFRA_5-e1761735885940.png\",\"contentUrl\":\"https:\/\/agenciainfra.com\/blog\/wp-content\/uploads\/2023\/09\/iNFRA_5-e1761735885940.png\",\"width\":1672,\"height\":454,\"caption\":\"Ag\u00eancia iNFRA\"},\"image\":{\"@id\":\"https:\/\/agenciainfra.com\/blog\/#\/schema\/logo\/image\/\"},\"sameAs\":[\"https:\/\/www.facebook.com\/ageninfra\",\"https:\/\/x.com\/agencia_infra\",\"https:\/\/www.linkedin.com\/company\/ag\u00eanciainfra\/\",\"https:\/\/www.instagram.com\/agenciainfra\/\"]},{\"@type\":\"Person\",\"@id\":\"https:\/\/agenciainfra.com\/blog\/#\/schema\/person\/34af08dff6adea4cb22b06612ba7acfa\",\"name\":\"Ag\u00eancia iNFRA\",\"image\":{\"@type\":\"ImageObject\",\"inLanguage\":\"pt-BR\",\"@id\":\"https:\/\/agenciainfra.com\/blog\/#\/schema\/person\/image\/\",\"url\":\"https:\/\/secure.gravatar.com\/avatar\/d189e01678f06d8eb84d4e01f08eb848b3fffe3f8443818d3c356c66892f5be8?s=96&d=mm&r=g\",\"contentUrl\":\"https:\/\/secure.gravatar.com\/avatar\/d189e01678f06d8eb84d4e01f08eb848b3fffe3f8443818d3c356c66892f5be8?s=96&d=mm&r=g\",\"caption\":\"Ag\u00eancia iNFRA\"},\"url\":\"https:\/\/agenciainfra.com\/blog\/author\/admin\/\"}]}<\/script>\n<!-- \/ Yoast SEO Premium plugin. -->","yoast_head_json":{"title":"Per\u00edodo \u00famido se antecipa e derruba PLD para R$ 50, mas cota\u00e7\u00f5es podem ter forte alta em 2022 - Ag\u00eancia iNFRA","robots":{"index":"index","follow":"follow","max-snippet":"max-snippet:-1","max-image-preview":"max-image-preview:large","max-video-preview":"max-video-preview:-1"},"canonical":"https:\/\/agenciainfra.com\/blog\/periodo-umido-se-antecipa-e-derruba-pld-para-r50-mas-cotacoes-podem-ter-forte-alta-em-2022\/","og_locale":"pt_BR","og_type":"article","og_title":"Per\u00edodo \u00famido se antecipa e derruba PLD para R$ 50, mas cota\u00e7\u00f5es podem ter forte alta em 2022","og_description":"Roberto Rockmann, colunista da&nbsp;Ag\u00eancia iNFRA* Depois de atingir quase R$ 600 o MWh em setembro, o PLD (Pre\u00e7o de Liquida\u00e7\u00e3o de Diferen\u00e7as) para a primeira semana de dezembro caiu para R$ 50\/MWh com as chuvas que t\u00eam atingido as regi\u00f5es Sudeste e Nordeste. Nesse cen\u00e1rio \u2013 mesmo com alerta de consultores de que o per\u00edodo [&hellip;]","og_url":"https:\/\/agenciainfra.com\/blog\/periodo-umido-se-antecipa-e-derruba-pld-para-r50-mas-cotacoes-podem-ter-forte-alta-em-2022\/","og_site_name":"Ag\u00eancia iNFRA","article_publisher":"https:\/\/www.facebook.com\/ageninfra","article_published_time":"2021-11-29T13:00:00+00:00","article_modified_time":"2021-11-29T13:59:13+00:00","og_image":[{"width":1920,"height":1280,"url":"https:\/\/agenciainfra.com\/blog\/wp-content\/uploads\/2021\/11\/chuvas-foto-gilson-abreu-aen.jpeg","type":"image\/jpeg"}],"author":"Ag\u00eancia iNFRA","twitter_card":"summary_large_image","twitter_creator":"@agencia_infra","twitter_site":"@agencia_infra","twitter_misc":{"Escrito por":"Ag\u00eancia iNFRA","Est. tempo de leitura":"3 minutos"},"schema":{"@context":"https:\/\/schema.org","@graph":[{"@type":"Article","@id":"https:\/\/agenciainfra.com\/blog\/periodo-umido-se-antecipa-e-derruba-pld-para-r50-mas-cotacoes-podem-ter-forte-alta-em-2022\/#article","isPartOf":{"@id":"https:\/\/agenciainfra.com\/blog\/periodo-umido-se-antecipa-e-derruba-pld-para-r50-mas-cotacoes-podem-ter-forte-alta-em-2022\/"},"author":{"name":"Ag\u00eancia iNFRA","@id":"https:\/\/agenciainfra.com\/blog\/#\/schema\/person\/34af08dff6adea4cb22b06612ba7acfa"},"headline":"Per\u00edodo \u00famido se antecipa e derruba PLD para R$ 50, mas cota\u00e7\u00f5es podem ter forte alta em 2022","datePublished":"2021-11-29T13:00:00+00:00","dateModified":"2021-11-29T13:59:13+00:00","mainEntityOfPage":{"@id":"https:\/\/agenciainfra.com\/blog\/periodo-umido-se-antecipa-e-derruba-pld-para-r50-mas-cotacoes-podem-ter-forte-alta-em-2022\/"},"wordCount":558,"publisher":{"@id":"https:\/\/agenciainfra.com\/blog\/#organization"},"image":{"@id":"https:\/\/agenciainfra.com\/blog\/periodo-umido-se-antecipa-e-derruba-pld-para-r50-mas-cotacoes-podem-ter-forte-alta-em-2022\/#primaryimage"},"thumbnailUrl":"https:\/\/agenciainfra.com\/blog\/wp-content\/uploads\/2021\/11\/chuvas-foto-gilson-abreu-aen-e1765899225898.jpeg","keywords":["Abrace","ANEEL","chuvas","consumo de energia","Creg","crise energ\u00e9tica","crise h\u00eddrica","energia el\u00e9trica","Hidrel\u00e9tricas","PLD"],"articleSection":["Geral"],"inLanguage":"pt-BR","copyrightYear":"2021","copyrightHolder":{"@id":"https:\/\/agenciainfra.com\/blog\/#organization"}},{"@type":"WebPage","@id":"https:\/\/agenciainfra.com\/blog\/periodo-umido-se-antecipa-e-derruba-pld-para-r50-mas-cotacoes-podem-ter-forte-alta-em-2022\/","url":"https:\/\/agenciainfra.com\/blog\/periodo-umido-se-antecipa-e-derruba-pld-para-r50-mas-cotacoes-podem-ter-forte-alta-em-2022\/","name":"Per\u00edodo \u00famido se antecipa e derruba PLD para R$ 50, mas cota\u00e7\u00f5es podem ter forte alta em 2022 - Ag\u00eancia iNFRA","isPartOf":{"@id":"https:\/\/agenciainfra.com\/blog\/#website"},"primaryImageOfPage":{"@id":"https:\/\/agenciainfra.com\/blog\/periodo-umido-se-antecipa-e-derruba-pld-para-r50-mas-cotacoes-podem-ter-forte-alta-em-2022\/#primaryimage"},"image":{"@id":"https:\/\/agenciainfra.com\/blog\/periodo-umido-se-antecipa-e-derruba-pld-para-r50-mas-cotacoes-podem-ter-forte-alta-em-2022\/#primaryimage"},"thumbnailUrl":"https:\/\/agenciainfra.com\/blog\/wp-content\/uploads\/2021\/11\/chuvas-foto-gilson-abreu-aen-e1765899225898.jpeg","datePublished":"2021-11-29T13:00:00+00:00","dateModified":"2021-11-29T13:59:13+00:00","breadcrumb":{"@id":"https:\/\/agenciainfra.com\/blog\/periodo-umido-se-antecipa-e-derruba-pld-para-r50-mas-cotacoes-podem-ter-forte-alta-em-2022\/#breadcrumb"},"inLanguage":"pt-BR","potentialAction":[{"@type":"ReadAction","target":["https:\/\/agenciainfra.com\/blog\/periodo-umido-se-antecipa-e-derruba-pld-para-r50-mas-cotacoes-podem-ter-forte-alta-em-2022\/"]}]},{"@type":"ImageObject","inLanguage":"pt-BR","@id":"https:\/\/agenciainfra.com\/blog\/periodo-umido-se-antecipa-e-derruba-pld-para-r50-mas-cotacoes-podem-ter-forte-alta-em-2022\/#primaryimage","url":"https:\/\/agenciainfra.com\/blog\/wp-content\/uploads\/2021\/11\/chuvas-foto-gilson-abreu-aen-e1765899225898.jpeg","contentUrl":"https:\/\/agenciainfra.com\/blog\/wp-content\/uploads\/2021\/11\/chuvas-foto-gilson-abreu-aen-e1765899225898.jpeg","width":1280,"height":774,"caption":"Foto: Gilson Abreu\/AEN-PR"},{"@type":"BreadcrumbList","@id":"https:\/\/agenciainfra.com\/blog\/periodo-umido-se-antecipa-e-derruba-pld-para-r50-mas-cotacoes-podem-ter-forte-alta-em-2022\/#breadcrumb","itemListElement":[{"@type":"ListItem","position":1,"name":"In\u00edcio","item":"https:\/\/agenciainfra.com\/blog\/"},{"@type":"ListItem","position":2,"name":"Per\u00edodo \u00famido se antecipa e derruba PLD para R$ 50, mas cota\u00e7\u00f5es podem ter forte alta em 2022"}]},{"@type":"WebSite","@id":"https:\/\/agenciainfra.com\/blog\/#website","url":"https:\/\/agenciainfra.com\/blog\/","name":"Ag\u00eancia iNFRA","description":"Multiplataforma de informa\u00e7\u00e3o jornal\u00edstica refer\u00eancia na \u00e1rea de infraestrutura no Brasil!","publisher":{"@id":"https:\/\/agenciainfra.com\/blog\/#organization"},"potentialAction":[{"@type":"SearchAction","target":{"@type":"EntryPoint","urlTemplate":"https:\/\/agenciainfra.com\/blog\/?s={search_term_string}"},"query-input":{"@type":"PropertyValueSpecification","valueRequired":true,"valueName":"search_term_string"}}],"inLanguage":"pt-BR"},{"@type":"Organization","@id":"https:\/\/agenciainfra.com\/blog\/#organization","name":"Ag\u00eancia iNFRA","url":"https:\/\/agenciainfra.com\/blog\/","logo":{"@type":"ImageObject","inLanguage":"pt-BR","@id":"https:\/\/agenciainfra.com\/blog\/#\/schema\/logo\/image\/","url":"https:\/\/agenciainfra.com\/blog\/wp-content\/uploads\/2023\/09\/iNFRA_5-e1761735885940.png","contentUrl":"https:\/\/agenciainfra.com\/blog\/wp-content\/uploads\/2023\/09\/iNFRA_5-e1761735885940.png","width":1672,"height":454,"caption":"Ag\u00eancia iNFRA"},"image":{"@id":"https:\/\/agenciainfra.com\/blog\/#\/schema\/logo\/image\/"},"sameAs":["https:\/\/www.facebook.com\/ageninfra","https:\/\/x.com\/agencia_infra","https:\/\/www.linkedin.com\/company\/ag\u00eanciainfra\/","https:\/\/www.instagram.com\/agenciainfra\/"]},{"@type":"Person","@id":"https:\/\/agenciainfra.com\/blog\/#\/schema\/person\/34af08dff6adea4cb22b06612ba7acfa","name":"Ag\u00eancia iNFRA","image":{"@type":"ImageObject","inLanguage":"pt-BR","@id":"https:\/\/agenciainfra.com\/blog\/#\/schema\/person\/image\/","url":"https:\/\/secure.gravatar.com\/avatar\/d189e01678f06d8eb84d4e01f08eb848b3fffe3f8443818d3c356c66892f5be8?s=96&d=mm&r=g","contentUrl":"https:\/\/secure.gravatar.com\/avatar\/d189e01678f06d8eb84d4e01f08eb848b3fffe3f8443818d3c356c66892f5be8?s=96&d=mm&r=g","caption":"Ag\u00eancia iNFRA"},"url":"https:\/\/agenciainfra.com\/blog\/author\/admin\/"}]}},"_links":{"self":[{"href":"https:\/\/agenciainfra.com\/blog\/wp-json\/wp\/v2\/posts\/9057","targetHints":{"allow":["GET"]}}],"collection":[{"href":"https:\/\/agenciainfra.com\/blog\/wp-json\/wp\/v2\/posts"}],"about":[{"href":"https:\/\/agenciainfra.com\/blog\/wp-json\/wp\/v2\/types\/post"}],"author":[{"embeddable":true,"href":"https:\/\/agenciainfra.com\/blog\/wp-json\/wp\/v2\/users\/1"}],"replies":[{"embeddable":true,"href":"https:\/\/agenciainfra.com\/blog\/wp-json\/wp\/v2\/comments?post=9057"}],"version-history":[{"count":0,"href":"https:\/\/agenciainfra.com\/blog\/wp-json\/wp\/v2\/posts\/9057\/revisions"}],"wp:featuredmedia":[{"embeddable":true,"href":"https:\/\/agenciainfra.com\/blog\/wp-json\/wp\/v2\/media\/9059"}],"wp:attachment":[{"href":"https:\/\/agenciainfra.com\/blog\/wp-json\/wp\/v2\/media?parent=9057"}],"wp:term":[{"taxonomy":"category","embeddable":true,"href":"https:\/\/agenciainfra.com\/blog\/wp-json\/wp\/v2\/categories?post=9057"},{"taxonomy":"post_tag","embeddable":true,"href":"https:\/\/agenciainfra.com\/blog\/wp-json\/wp\/v2\/tags?post=9057"}],"curies":[{"name":"wp","href":"https:\/\/api.w.org\/{rel}","templated":true}]}}