{"id":9061,"date":"2021-11-30T08:00:00","date_gmt":"2021-11-30T11:00:00","guid":{"rendered":"https:\/\/www.agenciainfra.com\/blog\/?p=9061"},"modified":"2021-11-29T11:25:41","modified_gmt":"2021-11-29T14:25:41","slug":"associacoes-ligadas-a-novas-empresas-de-onibus-nao-devem-contestar-novas-audiencias-sobre-o-trip","status":"publish","type":"post","link":"https:\/\/agenciainfra.com\/blog\/associacoes-ligadas-a-novas-empresas-de-onibus-nao-devem-contestar-novas-audiencias-sobre-o-trip\/","title":{"rendered":"Associa\u00e7\u00f5es ligadas a novas empresas de \u00f4nibus n\u00e3o devem contestar novas audi\u00eancias sobre o Trip"},"content":{"rendered":"\n<p class=\"has-text-align-right\"><strong>Tales Silveira, da&nbsp;Ag\u00eancia iNFRA<\/strong><\/p>\n\n\n\n<p>Entidades ligadas a novas empresas do&nbsp;setor de Trip (transporte rodovi\u00e1rio interestadual de passageiros) n\u00e3o dever\u00e3o contestar a decis\u00e3o da ANTT (Ag\u00eancia Nacional de Transportes Terrestres) de revisar a audi\u00eancia p\u00fablica para regulamentar o segmento.<\/p>\n\n\n\n<p>De acordo com apura\u00e7\u00e3o feita pela&nbsp;<strong>Ag\u00eancia iNFRA<\/strong>, h\u00e1 um receio por parte das novas entrantes de questionar a decis\u00e3o, entendendo que a&nbsp;revis\u00e3o do processo \u00e9 o caminho menos doloroso. Uma poss\u00edvel contesta\u00e7\u00e3o poderia fazer com que o PL (Projeto de Lei)&nbsp;<a href=\"https:\/\/agenciainfra.us14.list-manage.com\/track\/click?u=d460dd1bcf9ba0ae040e1fc0f&amp;id=52a6fbcea1&amp;e=8d54f1ad19\" target=\"_blank\" rel=\"noreferrer noopener\">3.819\/2020<\/a>&nbsp;\u2013 que regulamenta o Trip \u2013 voltasse a andar na&nbsp;C\u00e2mara.&nbsp;O projeto teve o regime de urg\u00eancia aprovado em maio.&nbsp;<br><br>H\u00e1 duas semanas, numa sess\u00e3o tumultuada, a ag\u00eancia reguladora decidiu revisar a audi\u00eancia p\u00fablica, conforme reportagem&nbsp;<a href=\"https:\/\/agenciainfra.us14.list-manage.com\/track\/click?u=d460dd1bcf9ba0ae040e1fc0f&amp;id=7e00b4b7c6&amp;e=8d54f1ad19\" target=\"_blank\" rel=\"noreferrer noopener\">neste link<\/a>,&nbsp;abrindo nova etapa&nbsp;sobre o tema, num prazo de 180 dias. Na semana passada, a&nbsp;Aseantt&nbsp;(Associa\u00e7\u00e3o dos Servidores da ANTT) publicou nota de rep\u00fadio contra o diretor-geral da ag\u00eancia, Rafael Vitale, referente \u00e0s suas falas na reuni\u00e3o. A nota est\u00e1&nbsp;<a href=\"https:\/\/agenciainfra.us14.list-manage.com\/track\/click?u=d460dd1bcf9ba0ae040e1fc0f&amp;id=25b268083c&amp;e=8d54f1ad19\" target=\"_blank\" rel=\"noreferrer noopener\">neste link<\/a>.<\/p>\n\n\n\n<p>A principal diverg\u00eancia em rela\u00e7\u00e3o ao Trip&nbsp;gira em torno da forma de presta\u00e7\u00e3o de servi\u00e7o. Associa\u00e7\u00f5es consolidadas no mercado afirmam que \u00e9 preciso cuidado para que o novo regimento preveja regras de qualidade da presta\u00e7\u00e3o de servi\u00e7o e tamb\u00e9m da seguran\u00e7a dos usu\u00e1rios. As associa\u00e7\u00f5es ligadas a empresas novas afirmam que as restri\u00e7\u00f5es pedidas s\u00e3o barreiras para a abertura do mercado \u00e0 maior&nbsp;competi\u00e7\u00e3o.<\/p>\n\n\n\n<p>O diretor-executivo da Amobitec (Associa\u00e7\u00e3o Brasileira de Mobilidade e Tecnologia), Fl\u00e1vio Prol, afirmou que&nbsp;o argumento de falta de lisura no processo da audi\u00eancia p\u00fablica na ANTT&nbsp;n\u00e3o procede, uma vez que o processo de abertura, segundo afirma,&nbsp;foi amplamente discutido pela sociedade.<br><br>\u201cO caminho de autoriza\u00e7\u00e3o \u00e9 perseguido pela ANTT desde 2018 com muita clareza. O novo marco do Trip foi proposto no final do ano passado e caminha neste sentido de maior competitividade e menor pre\u00e7o ao consumidor. No processo inteiro, foram 276 contribui\u00e7\u00f5es, 248 escritas e 18 orais. Todos os atores do setor tiveram diversas oportunidades de se manifestar. Os dados t\u00e9cnicos foram levantados e as instru\u00e7\u00f5es estavam presentes. Ou seja, o resultado apresentado j\u00e1 estava muito bom\u201d, argumentou.<br><br>Sobre a preocupa\u00e7\u00e3o com a qualidade dos servi\u00e7os e de seguran\u00e7a, Fl\u00e1vio Prol afirmou que as empresas interessadas em entrar neste mercado, muitas vezes, possuem um capital social maior que as empresas consolidadas. Tamb\u00e9m explicou que a regulamenta\u00e7\u00e3o proposta j\u00e1 determina que as novas entrantes sejam obrigadas a possuir&nbsp;todos quesitos para melhor presta\u00e7\u00e3o dos servi\u00e7os de transporte.<br><br>\u201cA Amobitec, por exemplo, representa empresas que t\u00eam o capital de investimento provavelmente superior \u00e0s empresas tradicionais de \u00f4nibus. Claro que ser\u00e3o praticados os quesitos de seguran\u00e7a, de qualidade da frota e de servi\u00e7os prestados ao consumidor. Num mercado de competi\u00e7\u00e3o, al\u00e9m do pre\u00e7o, o consumidor enxerga a qualidade do servi\u00e7o prestado\u201d, disse.<br><br>Ainda de acordo com Prol, a determina\u00e7\u00e3o de nova rodada de audi\u00eancia p\u00fablica, apesar de desnecess\u00e1ria, n\u00e3o trar\u00e1 preju\u00edzos. Contudo, \u00e9 preciso que todo o processo que levou \u00e0 constru\u00e7\u00e3o da norma seja respeitado.<br><br>\u201cN\u00e3o era necess\u00e1ria uma nova rodada de audi\u00eancia p\u00fablica. Mas se h\u00e1 o entendimento de que \u00e9 preciso mais um momento de tomada de decis\u00e3o, n\u00e3o vemos como afetando o processo. Acreditamos que o trabalho feito anteriormente ser\u00e1 respeitado. Mas sabemos que esse movimento incomoda as empresas consolidadas que n\u00e3o est\u00e3o acostumadas com o cen\u00e1rio de maior liberdade econ\u00f4mica e de competi\u00e7\u00e3o\u201d, afirmou.<\/p>\n\n\n\n<p>O diretor-executivo da Amobitec disse entender os receios sobre a tramita\u00e7\u00e3o do PL, uma vez que a proposta aprovada no Senado&nbsp;impede avan\u00e7os no processo de abertura do mercado. Para ele, a proposta tem somente o objetivo de manter um monop\u00f3lio do mercado de transportes de passageiros.<br><br>\u201cAcreditamos que h\u00e1 uma rea\u00e7\u00e3o de atores mais consolidados no mercado para tentar impedir avan\u00e7os para uma maior liberdade econ\u00f4mica e competitividade do mercado. Quem est\u00e1 acostumado a ser monopolista n\u00e3o gosta de concorr\u00eancia porque sabem que ter\u00e3o que baixar pre\u00e7os. Isso incomoda&#8221;, afirmou.&nbsp;<\/p>\n\n\n\n<p><strong>Decis\u00e3o acertada<\/strong><br>De acordo com a conselheira fiscal da Abrati (Associa\u00e7\u00e3o Brasileira das Empresas de Transporte Terrestre de Passageiros), Let\u00edcia Pineschi, a decis\u00e3o da ANTT de criar uma nova rodada de audi\u00eancia p\u00fablica foi acertada. Para ela \u00e9 preciso que a proposta defina corretamente quest\u00f5es de seguran\u00e7a, de governan\u00e7a e de isonomia para o mercado de Trip.<br><br>\u201cSe os pilares do modelo estiverem contemplados, o modelo regulament\u00e1rio pouco importa. Hoje j\u00e1 trabalhamos sob o regime de autoriza\u00e7\u00f5es. N\u00e3o somos contra essa quest\u00e3o. Mas \u00e9 preciso que a proposta seja feita de forma respons\u00e1vel. Ou seja, que seja pautada na seguran\u00e7a do passageiro, em modelos de governan\u00e7a transparentes, em conson\u00e2ncia com quest\u00f5es ambientais e com concorr\u00eancia justa e ison\u00f4mica\u201d, disse.<br><br>Pineschi chamou aten\u00e7\u00e3o para o fato de que o mercado j\u00e1 se regula pelo modelo de autoriza\u00e7\u00e3o, de acordo com o estabelecido na&nbsp;<a href=\"https:\/\/agenciainfra.us14.list-manage.com\/track\/click?u=d460dd1bcf9ba0ae040e1fc0f&amp;id=79f1c99c32&amp;e=8d54f1ad19\" target=\"_blank\" rel=\"noreferrer noopener\">Lei 12.996\/2014<\/a>. Contudo, para ela, o novo marco deve trazer respostas a premissas como a viabilidade na opera\u00e7\u00e3o de v\u00e1rias empresas atuando em um mesmo eixo&nbsp;e capacidade econ\u00f4mico-financeira das novas entrantes para suportar indeniza\u00e7\u00f5es e qualidade&nbsp;na presta\u00e7\u00e3o dos servi\u00e7os.&nbsp;<br><br>A fala da conselheira fiscal \u00e9 corroborada pelo conselheiro da Anatrip (Associa\u00e7\u00e3o Nacional das Empresas de Transporte Rodovi\u00e1rio de Passageiro), Paulo Miguel. Ele afirma que o modelo de autoriza\u00e7\u00e3o n\u00e3o incomoda. Contudo, afirma que faltou lisura no processo de encaminhamento na minuta do novo marco.&nbsp;<br><br>\u201cAcho que o diretor-geral foi iluminado ao dar os votos contr\u00e1rios. Esse marco regulat\u00f3rio estava sendo feito a toque de caixa. A mudan\u00e7a de diretoria traz um protocolo que n\u00e3o foi respeitado. Faltava lisura. Esperamos que modifica\u00e7\u00f5es ocorram. O transporte rodovi\u00e1rio sempre foi muito bom no pa\u00eds. Os acidentes que acontecem geralmente s\u00e3o causados por aquelas empresas aventureiras. N\u00e3o queremos exclusividade, mas \u00e9 preciso que o processo seja feito de forma s\u00e9ria e correta\u201d, comentou. &nbsp;<br><br><strong>Explica\u00e7\u00f5es<\/strong><br>O governo dever\u00e1 dar explica\u00e7\u00f5es ao Congresso sobre a nomea\u00e7\u00e3o de substituto para a diretoria, atualmente vaga, bem como sobre as participa\u00e7\u00f5es do diretor Guilherme Sampaio em vota\u00e7\u00f5es. Por n\u00e3o haver mais um diretor na ag\u00eancia, o diretor-geral, Rafael Vitale, deu voto qualificado no caso do Trip, ap\u00f3s empate em dois a dois, e a proposta dele foi aprovada.<br><br>A vice-l\u00edder do PSL, deputada Al\u00ea Silva (MG), protocolou, na \u00faltima quinta-feira (25), o RIC (Requerimento de Informa\u00e7\u00e3o)&nbsp;<a href=\"https:\/\/agenciainfra.us14.list-manage.com\/track\/click?u=d460dd1bcf9ba0ae040e1fc0f&amp;id=5338ed40ee&amp;e=8d54f1ad19\" target=\"_blank\" rel=\"noreferrer noopener\">1.384\/2021<\/a>, na mesa diretora da C\u00e2mara, cobrando explica\u00e7\u00f5es do ministro da Infraestrutura, Tarc\u00edsio de Freitas, acerca da demora na \u00faltima indica\u00e7\u00e3o para ocupar o cargo de diretor.&nbsp; Tamb\u00e9m solicita sobre as participa\u00e7\u00f5es do diretor Guilherme Sampaio em vota\u00e7\u00f5es, cuja nomea\u00e7\u00e3o \u00e9 contestada no \u00e2mbito do STF (Supremo Tribunal Federal).<\/p>\n","protected":false},"excerpt":{"rendered":"<p>Tales Silveira, da&nbsp;Ag\u00eancia iNFRA Entidades ligadas a novas empresas do&nbsp;setor de Trip (transporte rodovi\u00e1rio interestadual de passageiros) n\u00e3o dever\u00e3o contestar a decis\u00e3o da ANTT (Ag\u00eancia Nacional de Transportes Terrestres) de revisar a audi\u00eancia p\u00fablica para regulamentar o segmento. De acordo com apura\u00e7\u00e3o feita pela&nbsp;Ag\u00eancia iNFRA, h\u00e1 um receio por parte das novas entrantes de questionar [&hellip;]<\/p>\n","protected":false},"author":1,"featured_media":2952,"comment_status":"closed","ping_status":"closed","sticky":false,"template":"","format":"standard","meta":{"_monsterinsights_skip_tracking":false,"_monsterinsights_sitenote_active":false,"_monsterinsights_sitenote_note":"","_monsterinsights_sitenote_category":0,"footnotes":""},"categories":[1,7],"tags":[432,19,2933,2621,4611,126,448,2149,902,2622],"class_list":["post-9061","post","type-post","status-publish","format-standard","has-post-thumbnail","hentry","category-geral","category-infratransporte","tag-acidentes","tag-antt","tag-lei-12-996-2014","tag-pl-3-819-2020","tag-rafael-vitale","tag-rodovias","tag-tarcisio-de-freitas","tag-transporte-interestadual-de-passageiros","tag-transporte-rodoviario","tag-trip"],"yoast_head":"<!-- This site is optimized with the Yoast SEO Premium plugin v25.4 (Yoast SEO v26.0) - https:\/\/yoast.com\/wordpress\/plugins\/seo\/ -->\n<title>Associa\u00e7\u00f5es ligadas a novas empresas de \u00f4nibus n\u00e3o devem contestar novas audi\u00eancias sobre o Trip - Ag\u00eancia iNFRA<\/title>\n<meta name=\"robots\" content=\"index, follow, max-snippet:-1, max-image-preview:large, max-video-preview:-1\" \/>\n<link rel=\"canonical\" href=\"https:\/\/agenciainfra.com\/blog\/associacoes-ligadas-a-novas-empresas-de-onibus-nao-devem-contestar-novas-audiencias-sobre-o-trip\/\" \/>\n<meta property=\"og:locale\" content=\"pt_BR\" \/>\n<meta property=\"og:type\" content=\"article\" \/>\n<meta property=\"og:title\" content=\"Associa\u00e7\u00f5es ligadas a novas empresas de \u00f4nibus n\u00e3o devem contestar novas audi\u00eancias sobre o Trip\" \/>\n<meta property=\"og:description\" content=\"Tales Silveira, da&nbsp;Ag\u00eancia iNFRA Entidades ligadas a novas empresas do&nbsp;setor de Trip (transporte rodovi\u00e1rio interestadual de passageiros) n\u00e3o dever\u00e3o contestar a decis\u00e3o da ANTT (Ag\u00eancia Nacional de Transportes Terrestres) de revisar a audi\u00eancia p\u00fablica para regulamentar o segmento. De acordo com apura\u00e7\u00e3o feita pela&nbsp;Ag\u00eancia iNFRA, h\u00e1 um receio por parte das novas entrantes de questionar [&hellip;]\" \/>\n<meta property=\"og:url\" content=\"https:\/\/agenciainfra.com\/blog\/associacoes-ligadas-a-novas-empresas-de-onibus-nao-devem-contestar-novas-audiencias-sobre-o-trip\/\" \/>\n<meta property=\"og:site_name\" content=\"Ag\u00eancia iNFRA\" \/>\n<meta property=\"article:publisher\" content=\"https:\/\/www.facebook.com\/ageninfra\" \/>\n<meta property=\"article:published_time\" content=\"2021-11-30T11:00:00+00:00\" \/>\n<meta property=\"og:image\" content=\"https:\/\/agenciainfra.com\/blog\/wp-content\/uploads\/2019\/02\/onibus-interestadual-arquivo-agencia-brasil-1024x682.jpg\" \/>\n\t<meta property=\"og:image:width\" content=\"1024\" \/>\n\t<meta property=\"og:image:height\" content=\"682\" \/>\n\t<meta property=\"og:image:type\" content=\"image\/jpeg\" \/>\n<meta name=\"author\" content=\"Ag\u00eancia iNFRA\" \/>\n<meta name=\"twitter:card\" content=\"summary_large_image\" \/>\n<meta name=\"twitter:creator\" content=\"@agencia_infra\" \/>\n<meta name=\"twitter:site\" content=\"@agencia_infra\" \/>\n<meta name=\"twitter:label1\" content=\"Escrito por\" \/>\n\t<meta name=\"twitter:data1\" content=\"Ag\u00eancia iNFRA\" \/>\n\t<meta name=\"twitter:label2\" content=\"Est. tempo de leitura\" \/>\n\t<meta name=\"twitter:data2\" content=\"6 minutos\" \/>\n<script type=\"application\/ld+json\" class=\"yoast-schema-graph\">{\"@context\":\"https:\/\/schema.org\",\"@graph\":[{\"@type\":\"Article\",\"@id\":\"https:\/\/agenciainfra.com\/blog\/associacoes-ligadas-a-novas-empresas-de-onibus-nao-devem-contestar-novas-audiencias-sobre-o-trip\/#article\",\"isPartOf\":{\"@id\":\"https:\/\/agenciainfra.com\/blog\/associacoes-ligadas-a-novas-empresas-de-onibus-nao-devem-contestar-novas-audiencias-sobre-o-trip\/\"},\"author\":{\"name\":\"Ag\u00eancia iNFRA\",\"@id\":\"https:\/\/agenciainfra.com\/blog\/#\/schema\/person\/34af08dff6adea4cb22b06612ba7acfa\"},\"headline\":\"Associa\u00e7\u00f5es ligadas a novas empresas de \u00f4nibus n\u00e3o devem contestar novas audi\u00eancias sobre o Trip\",\"datePublished\":\"2021-11-30T11:00:00+00:00\",\"mainEntityOfPage\":{\"@id\":\"https:\/\/agenciainfra.com\/blog\/associacoes-ligadas-a-novas-empresas-de-onibus-nao-devem-contestar-novas-audiencias-sobre-o-trip\/\"},\"wordCount\":1260,\"publisher\":{\"@id\":\"https:\/\/agenciainfra.com\/blog\/#organization\"},\"image\":{\"@id\":\"https:\/\/agenciainfra.com\/blog\/associacoes-ligadas-a-novas-empresas-de-onibus-nao-devem-contestar-novas-audiencias-sobre-o-trip\/#primaryimage\"},\"thumbnailUrl\":\"https:\/\/agenciainfra.com\/blog\/wp-content\/uploads\/2019\/02\/onibus-interestadual-arquivo-agencia-brasil.jpg\",\"keywords\":[\"acidentes\",\"ANTT\",\"Lei 12.996\/2014\",\"PL 3.819\/2020\",\"Rafael Vitale\",\"rodovias\",\"Tarc\u00edsio de Freitas\",\"transporte interestadual de passageiros\",\"transporte rodovi\u00e1rio\",\"Trip\"],\"articleSection\":[\"Geral\",\"iNFRATransporte\"],\"inLanguage\":\"pt-BR\",\"copyrightYear\":\"2021\",\"copyrightHolder\":{\"@id\":\"https:\/\/agenciainfra.com\/blog\/#organization\"}},{\"@type\":\"WebPage\",\"@id\":\"https:\/\/agenciainfra.com\/blog\/associacoes-ligadas-a-novas-empresas-de-onibus-nao-devem-contestar-novas-audiencias-sobre-o-trip\/\",\"url\":\"https:\/\/agenciainfra.com\/blog\/associacoes-ligadas-a-novas-empresas-de-onibus-nao-devem-contestar-novas-audiencias-sobre-o-trip\/\",\"name\":\"Associa\u00e7\u00f5es ligadas a novas empresas de \u00f4nibus n\u00e3o devem contestar novas audi\u00eancias sobre o Trip - Ag\u00eancia iNFRA\",\"isPartOf\":{\"@id\":\"https:\/\/agenciainfra.com\/blog\/#website\"},\"primaryImageOfPage\":{\"@id\":\"https:\/\/agenciainfra.com\/blog\/associacoes-ligadas-a-novas-empresas-de-onibus-nao-devem-contestar-novas-audiencias-sobre-o-trip\/#primaryimage\"},\"image\":{\"@id\":\"https:\/\/agenciainfra.com\/blog\/associacoes-ligadas-a-novas-empresas-de-onibus-nao-devem-contestar-novas-audiencias-sobre-o-trip\/#primaryimage\"},\"thumbnailUrl\":\"https:\/\/agenciainfra.com\/blog\/wp-content\/uploads\/2019\/02\/onibus-interestadual-arquivo-agencia-brasil.jpg\",\"datePublished\":\"2021-11-30T11:00:00+00:00\",\"breadcrumb\":{\"@id\":\"https:\/\/agenciainfra.com\/blog\/associacoes-ligadas-a-novas-empresas-de-onibus-nao-devem-contestar-novas-audiencias-sobre-o-trip\/#breadcrumb\"},\"inLanguage\":\"pt-BR\",\"potentialAction\":[{\"@type\":\"ReadAction\",\"target\":[\"https:\/\/agenciainfra.com\/blog\/associacoes-ligadas-a-novas-empresas-de-onibus-nao-devem-contestar-novas-audiencias-sobre-o-trip\/\"]}]},{\"@type\":\"ImageObject\",\"inLanguage\":\"pt-BR\",\"@id\":\"https:\/\/agenciainfra.com\/blog\/associacoes-ligadas-a-novas-empresas-de-onibus-nao-devem-contestar-novas-audiencias-sobre-o-trip\/#primaryimage\",\"url\":\"https:\/\/agenciainfra.com\/blog\/wp-content\/uploads\/2019\/02\/onibus-interestadual-arquivo-agencia-brasil.jpg\",\"contentUrl\":\"https:\/\/agenciainfra.com\/blog\/wp-content\/uploads\/2019\/02\/onibus-interestadual-arquivo-agencia-brasil.jpg\",\"width\":2661,\"height\":1772,\"caption\":\"Foto:\"},{\"@type\":\"BreadcrumbList\",\"@id\":\"https:\/\/agenciainfra.com\/blog\/associacoes-ligadas-a-novas-empresas-de-onibus-nao-devem-contestar-novas-audiencias-sobre-o-trip\/#breadcrumb\",\"itemListElement\":[{\"@type\":\"ListItem\",\"position\":1,\"name\":\"In\u00edcio\",\"item\":\"https:\/\/agenciainfra.com\/blog\/\"},{\"@type\":\"ListItem\",\"position\":2,\"name\":\"Associa\u00e7\u00f5es ligadas a novas empresas de \u00f4nibus n\u00e3o devem contestar novas audi\u00eancias sobre o Trip\"}]},{\"@type\":\"WebSite\",\"@id\":\"https:\/\/agenciainfra.com\/blog\/#website\",\"url\":\"https:\/\/agenciainfra.com\/blog\/\",\"name\":\"Ag\u00eancia iNFRA\",\"description\":\"Multiplataforma de informa\u00e7\u00e3o jornal\u00edstica refer\u00eancia na \u00e1rea de infraestrutura no Brasil!\",\"publisher\":{\"@id\":\"https:\/\/agenciainfra.com\/blog\/#organization\"},\"potentialAction\":[{\"@type\":\"SearchAction\",\"target\":{\"@type\":\"EntryPoint\",\"urlTemplate\":\"https:\/\/agenciainfra.com\/blog\/?s={search_term_string}\"},\"query-input\":{\"@type\":\"PropertyValueSpecification\",\"valueRequired\":true,\"valueName\":\"search_term_string\"}}],\"inLanguage\":\"pt-BR\"},{\"@type\":\"Organization\",\"@id\":\"https:\/\/agenciainfra.com\/blog\/#organization\",\"name\":\"Ag\u00eancia iNFRA\",\"url\":\"https:\/\/agenciainfra.com\/blog\/\",\"logo\":{\"@type\":\"ImageObject\",\"inLanguage\":\"pt-BR\",\"@id\":\"https:\/\/agenciainfra.com\/blog\/#\/schema\/logo\/image\/\",\"url\":\"https:\/\/agenciainfra.com\/blog\/wp-content\/uploads\/2023\/09\/iNFRA_5-e1761735885940.png\",\"contentUrl\":\"https:\/\/agenciainfra.com\/blog\/wp-content\/uploads\/2023\/09\/iNFRA_5-e1761735885940.png\",\"width\":1672,\"height\":454,\"caption\":\"Ag\u00eancia iNFRA\"},\"image\":{\"@id\":\"https:\/\/agenciainfra.com\/blog\/#\/schema\/logo\/image\/\"},\"sameAs\":[\"https:\/\/www.facebook.com\/ageninfra\",\"https:\/\/x.com\/agencia_infra\",\"https:\/\/www.linkedin.com\/company\/ag\u00eanciainfra\/\",\"https:\/\/www.instagram.com\/agenciainfra\/\"]},{\"@type\":\"Person\",\"@id\":\"https:\/\/agenciainfra.com\/blog\/#\/schema\/person\/34af08dff6adea4cb22b06612ba7acfa\",\"name\":\"Ag\u00eancia iNFRA\",\"image\":{\"@type\":\"ImageObject\",\"inLanguage\":\"pt-BR\",\"@id\":\"https:\/\/agenciainfra.com\/blog\/#\/schema\/person\/image\/\",\"url\":\"https:\/\/secure.gravatar.com\/avatar\/d189e01678f06d8eb84d4e01f08eb848b3fffe3f8443818d3c356c66892f5be8?s=96&d=mm&r=g\",\"contentUrl\":\"https:\/\/secure.gravatar.com\/avatar\/d189e01678f06d8eb84d4e01f08eb848b3fffe3f8443818d3c356c66892f5be8?s=96&d=mm&r=g\",\"caption\":\"Ag\u00eancia iNFRA\"},\"url\":\"https:\/\/agenciainfra.com\/blog\/author\/admin\/\"}]}<\/script>\n<!-- \/ Yoast SEO Premium plugin. -->","yoast_head_json":{"title":"Associa\u00e7\u00f5es ligadas a novas empresas de \u00f4nibus n\u00e3o devem contestar novas audi\u00eancias sobre o Trip - Ag\u00eancia iNFRA","robots":{"index":"index","follow":"follow","max-snippet":"max-snippet:-1","max-image-preview":"max-image-preview:large","max-video-preview":"max-video-preview:-1"},"canonical":"https:\/\/agenciainfra.com\/blog\/associacoes-ligadas-a-novas-empresas-de-onibus-nao-devem-contestar-novas-audiencias-sobre-o-trip\/","og_locale":"pt_BR","og_type":"article","og_title":"Associa\u00e7\u00f5es ligadas a novas empresas de \u00f4nibus n\u00e3o devem contestar novas audi\u00eancias sobre o Trip","og_description":"Tales Silveira, da&nbsp;Ag\u00eancia iNFRA Entidades ligadas a novas empresas do&nbsp;setor de Trip (transporte rodovi\u00e1rio interestadual de passageiros) n\u00e3o dever\u00e3o contestar a decis\u00e3o da ANTT (Ag\u00eancia Nacional de Transportes Terrestres) de revisar a audi\u00eancia p\u00fablica para regulamentar o segmento. De acordo com apura\u00e7\u00e3o feita pela&nbsp;Ag\u00eancia iNFRA, h\u00e1 um receio por parte das novas entrantes de questionar [&hellip;]","og_url":"https:\/\/agenciainfra.com\/blog\/associacoes-ligadas-a-novas-empresas-de-onibus-nao-devem-contestar-novas-audiencias-sobre-o-trip\/","og_site_name":"Ag\u00eancia iNFRA","article_publisher":"https:\/\/www.facebook.com\/ageninfra","article_published_time":"2021-11-30T11:00:00+00:00","og_image":[{"width":1024,"height":682,"url":"https:\/\/agenciainfra.com\/blog\/wp-content\/uploads\/2019\/02\/onibus-interestadual-arquivo-agencia-brasil-1024x682.jpg","type":"image\/jpeg"}],"author":"Ag\u00eancia iNFRA","twitter_card":"summary_large_image","twitter_creator":"@agencia_infra","twitter_site":"@agencia_infra","twitter_misc":{"Escrito por":"Ag\u00eancia iNFRA","Est. tempo de leitura":"6 minutos"},"schema":{"@context":"https:\/\/schema.org","@graph":[{"@type":"Article","@id":"https:\/\/agenciainfra.com\/blog\/associacoes-ligadas-a-novas-empresas-de-onibus-nao-devem-contestar-novas-audiencias-sobre-o-trip\/#article","isPartOf":{"@id":"https:\/\/agenciainfra.com\/blog\/associacoes-ligadas-a-novas-empresas-de-onibus-nao-devem-contestar-novas-audiencias-sobre-o-trip\/"},"author":{"name":"Ag\u00eancia iNFRA","@id":"https:\/\/agenciainfra.com\/blog\/#\/schema\/person\/34af08dff6adea4cb22b06612ba7acfa"},"headline":"Associa\u00e7\u00f5es ligadas a novas empresas de \u00f4nibus n\u00e3o devem contestar novas audi\u00eancias sobre o Trip","datePublished":"2021-11-30T11:00:00+00:00","mainEntityOfPage":{"@id":"https:\/\/agenciainfra.com\/blog\/associacoes-ligadas-a-novas-empresas-de-onibus-nao-devem-contestar-novas-audiencias-sobre-o-trip\/"},"wordCount":1260,"publisher":{"@id":"https:\/\/agenciainfra.com\/blog\/#organization"},"image":{"@id":"https:\/\/agenciainfra.com\/blog\/associacoes-ligadas-a-novas-empresas-de-onibus-nao-devem-contestar-novas-audiencias-sobre-o-trip\/#primaryimage"},"thumbnailUrl":"https:\/\/agenciainfra.com\/blog\/wp-content\/uploads\/2019\/02\/onibus-interestadual-arquivo-agencia-brasil.jpg","keywords":["acidentes","ANTT","Lei 12.996\/2014","PL 3.819\/2020","Rafael Vitale","rodovias","Tarc\u00edsio de Freitas","transporte interestadual de passageiros","transporte rodovi\u00e1rio","Trip"],"articleSection":["Geral","iNFRATransporte"],"inLanguage":"pt-BR","copyrightYear":"2021","copyrightHolder":{"@id":"https:\/\/agenciainfra.com\/blog\/#organization"}},{"@type":"WebPage","@id":"https:\/\/agenciainfra.com\/blog\/associacoes-ligadas-a-novas-empresas-de-onibus-nao-devem-contestar-novas-audiencias-sobre-o-trip\/","url":"https:\/\/agenciainfra.com\/blog\/associacoes-ligadas-a-novas-empresas-de-onibus-nao-devem-contestar-novas-audiencias-sobre-o-trip\/","name":"Associa\u00e7\u00f5es ligadas a novas empresas de \u00f4nibus n\u00e3o devem contestar novas audi\u00eancias sobre o Trip - Ag\u00eancia iNFRA","isPartOf":{"@id":"https:\/\/agenciainfra.com\/blog\/#website"},"primaryImageOfPage":{"@id":"https:\/\/agenciainfra.com\/blog\/associacoes-ligadas-a-novas-empresas-de-onibus-nao-devem-contestar-novas-audiencias-sobre-o-trip\/#primaryimage"},"image":{"@id":"https:\/\/agenciainfra.com\/blog\/associacoes-ligadas-a-novas-empresas-de-onibus-nao-devem-contestar-novas-audiencias-sobre-o-trip\/#primaryimage"},"thumbnailUrl":"https:\/\/agenciainfra.com\/blog\/wp-content\/uploads\/2019\/02\/onibus-interestadual-arquivo-agencia-brasil.jpg","datePublished":"2021-11-30T11:00:00+00:00","breadcrumb":{"@id":"https:\/\/agenciainfra.com\/blog\/associacoes-ligadas-a-novas-empresas-de-onibus-nao-devem-contestar-novas-audiencias-sobre-o-trip\/#breadcrumb"},"inLanguage":"pt-BR","potentialAction":[{"@type":"ReadAction","target":["https:\/\/agenciainfra.com\/blog\/associacoes-ligadas-a-novas-empresas-de-onibus-nao-devem-contestar-novas-audiencias-sobre-o-trip\/"]}]},{"@type":"ImageObject","inLanguage":"pt-BR","@id":"https:\/\/agenciainfra.com\/blog\/associacoes-ligadas-a-novas-empresas-de-onibus-nao-devem-contestar-novas-audiencias-sobre-o-trip\/#primaryimage","url":"https:\/\/agenciainfra.com\/blog\/wp-content\/uploads\/2019\/02\/onibus-interestadual-arquivo-agencia-brasil.jpg","contentUrl":"https:\/\/agenciainfra.com\/blog\/wp-content\/uploads\/2019\/02\/onibus-interestadual-arquivo-agencia-brasil.jpg","width":2661,"height":1772,"caption":"Foto:"},{"@type":"BreadcrumbList","@id":"https:\/\/agenciainfra.com\/blog\/associacoes-ligadas-a-novas-empresas-de-onibus-nao-devem-contestar-novas-audiencias-sobre-o-trip\/#breadcrumb","itemListElement":[{"@type":"ListItem","position":1,"name":"In\u00edcio","item":"https:\/\/agenciainfra.com\/blog\/"},{"@type":"ListItem","position":2,"name":"Associa\u00e7\u00f5es ligadas a novas empresas de \u00f4nibus n\u00e3o devem contestar novas audi\u00eancias sobre o Trip"}]},{"@type":"WebSite","@id":"https:\/\/agenciainfra.com\/blog\/#website","url":"https:\/\/agenciainfra.com\/blog\/","name":"Ag\u00eancia iNFRA","description":"Multiplataforma de informa\u00e7\u00e3o jornal\u00edstica refer\u00eancia na \u00e1rea de infraestrutura no Brasil!","publisher":{"@id":"https:\/\/agenciainfra.com\/blog\/#organization"},"potentialAction":[{"@type":"SearchAction","target":{"@type":"EntryPoint","urlTemplate":"https:\/\/agenciainfra.com\/blog\/?s={search_term_string}"},"query-input":{"@type":"PropertyValueSpecification","valueRequired":true,"valueName":"search_term_string"}}],"inLanguage":"pt-BR"},{"@type":"Organization","@id":"https:\/\/agenciainfra.com\/blog\/#organization","name":"Ag\u00eancia iNFRA","url":"https:\/\/agenciainfra.com\/blog\/","logo":{"@type":"ImageObject","inLanguage":"pt-BR","@id":"https:\/\/agenciainfra.com\/blog\/#\/schema\/logo\/image\/","url":"https:\/\/agenciainfra.com\/blog\/wp-content\/uploads\/2023\/09\/iNFRA_5-e1761735885940.png","contentUrl":"https:\/\/agenciainfra.com\/blog\/wp-content\/uploads\/2023\/09\/iNFRA_5-e1761735885940.png","width":1672,"height":454,"caption":"Ag\u00eancia iNFRA"},"image":{"@id":"https:\/\/agenciainfra.com\/blog\/#\/schema\/logo\/image\/"},"sameAs":["https:\/\/www.facebook.com\/ageninfra","https:\/\/x.com\/agencia_infra","https:\/\/www.linkedin.com\/company\/ag\u00eanciainfra\/","https:\/\/www.instagram.com\/agenciainfra\/"]},{"@type":"Person","@id":"https:\/\/agenciainfra.com\/blog\/#\/schema\/person\/34af08dff6adea4cb22b06612ba7acfa","name":"Ag\u00eancia iNFRA","image":{"@type":"ImageObject","inLanguage":"pt-BR","@id":"https:\/\/agenciainfra.com\/blog\/#\/schema\/person\/image\/","url":"https:\/\/secure.gravatar.com\/avatar\/d189e01678f06d8eb84d4e01f08eb848b3fffe3f8443818d3c356c66892f5be8?s=96&d=mm&r=g","contentUrl":"https:\/\/secure.gravatar.com\/avatar\/d189e01678f06d8eb84d4e01f08eb848b3fffe3f8443818d3c356c66892f5be8?s=96&d=mm&r=g","caption":"Ag\u00eancia iNFRA"},"url":"https:\/\/agenciainfra.com\/blog\/author\/admin\/"}]}},"_links":{"self":[{"href":"https:\/\/agenciainfra.com\/blog\/wp-json\/wp\/v2\/posts\/9061","targetHints":{"allow":["GET"]}}],"collection":[{"href":"https:\/\/agenciainfra.com\/blog\/wp-json\/wp\/v2\/posts"}],"about":[{"href":"https:\/\/agenciainfra.com\/blog\/wp-json\/wp\/v2\/types\/post"}],"author":[{"embeddable":true,"href":"https:\/\/agenciainfra.com\/blog\/wp-json\/wp\/v2\/users\/1"}],"replies":[{"embeddable":true,"href":"https:\/\/agenciainfra.com\/blog\/wp-json\/wp\/v2\/comments?post=9061"}],"version-history":[{"count":0,"href":"https:\/\/agenciainfra.com\/blog\/wp-json\/wp\/v2\/posts\/9061\/revisions"}],"wp:featuredmedia":[{"embeddable":true,"href":"https:\/\/agenciainfra.com\/blog\/wp-json\/wp\/v2\/media\/2952"}],"wp:attachment":[{"href":"https:\/\/agenciainfra.com\/blog\/wp-json\/wp\/v2\/media?parent=9061"}],"wp:term":[{"taxonomy":"category","embeddable":true,"href":"https:\/\/agenciainfra.com\/blog\/wp-json\/wp\/v2\/categories?post=9061"},{"taxonomy":"post_tag","embeddable":true,"href":"https:\/\/agenciainfra.com\/blog\/wp-json\/wp\/v2\/tags?post=9061"}],"curies":[{"name":"wp","href":"https:\/\/api.w.org\/{rel}","templated":true}]}}