{"id":9075,"date":"2021-12-01T11:39:36","date_gmt":"2021-12-01T14:39:36","guid":{"rendered":"https:\/\/www.agenciainfra.com\/blog\/?p=9075"},"modified":"2021-12-01T11:39:39","modified_gmt":"2021-12-01T14:39:39","slug":"gestao-reputacao-o-retorno-da-energia-nuclear-e-a-perspectiva-da-comunicacao","status":"publish","type":"post","link":"https:\/\/agenciainfra.com\/blog\/gestao-reputacao-o-retorno-da-energia-nuclear-e-a-perspectiva-da-comunicacao\/","title":{"rendered":"Gest\u00e3o &#038; Reputa\u00e7\u00e3o: O retorno da energia nuclear e a perspectiva da comunica\u00e7\u00e3o"},"content":{"rendered":"\n<p class=\"has-text-align-right\"><strong>Agnaldo Brito*<\/strong><\/p>\n\n\n\n<p>N\u00e3o foi propriamente o resultado da COP26, Confer\u00eancia das Na\u00e7\u00f5es Unidas para Mudan\u00e7as Clim\u00e1ticas, que produziu uma reconcilia\u00e7\u00e3o do mundo desenvolvido (e o mundo em desenvolvimento) com a energia nuclear. Relat\u00f3rios preocupantes sobre os gases de efeito estufa que se acumulam na atmosfera jogaram luzes para uma quest\u00e3o importante: como abastecer o mundo com eletricidade sem queimar carv\u00e3o ou combust\u00edvel f\u00f3ssil? Pode n\u00e3o parecer, mas h\u00e1 muito da estrat\u00e9gia comunicacional nessa quest\u00e3o.<\/p>\n\n\n\n<p>A descarboniza\u00e7\u00e3o da matriz de gera\u00e7\u00e3o el\u00e9trica no mundo passa necessariamente pelo uso de centrais nucleares, goste-se ou n\u00e3o. Fontes limpas (e\u00f3lica e solar \u00e0 frente) s\u00e3o importantes, mas n\u00e3o resolvem um dilema em qualquer sistema de transmiss\u00e3o e distribui\u00e7\u00e3o de energia \u2013 a garantia da energia firme. Em outras palavras: a certeza de que, independentemente das condi\u00e7\u00f5es clim\u00e1ticas, haver\u00e1 gera\u00e7\u00e3o suficiente para energizar a rede e manter o mundo funcionando.<\/p>\n\n\n\n<p>Chamo a aten\u00e7\u00e3o para a recente reconcilia\u00e7\u00e3o do mundo desenvolvido com a energia gerada em termonucleares por uma raz\u00e3o: uma parte dessa conversa foi gerada por um esfor\u00e7o de comunica\u00e7\u00e3o que recolocou o debate sobre o tema da gera\u00e7\u00e3o termonuclear sob outra perspectiva \u2013 e aqui est\u00e1 a chave. Fran\u00e7a e Alemanha, contumazes usu\u00e1rias da energia nuclear em seus sistemas, abriram o debate e anunciaram que n\u00e3o temos como ignorar o fato de haver uma fonte de energia que n\u00e3o gera gases de efeito estufa na base da produ\u00e7\u00e3o energ\u00e9tica.<\/p>\n\n\n\n<p>Essa discuss\u00e3o para mostrar como a comunica\u00e7\u00e3o no mundo da infraestrutura \u00e9 um tema diverso e repleto de consequ\u00eancias e de perspectivas. Defender a gera\u00e7\u00e3o de energia em centrais termonucleares, sobretudo ap\u00f3s as consequ\u00eancias perigosas do terremoto no Jap\u00e3o \u2013 que impactou gravemente a infraestrutura da usina nuclear de Fukushima \u2013 era algo impens\u00e1vel h\u00e1 bem pouco tempo. A gravidade da situa\u00e7\u00e3o clim\u00e1tica em todo o mundo exigiu uma revis\u00e3o dessa oposi\u00e7\u00e3o.<\/p>\n\n\n\n<p>Retomo o debate sobre o papel da comunica\u00e7\u00e3o e como \u00e9 importante trabalharmos temas complexos do mundo da infraestrutura com clareza e pondera\u00e7\u00e3o. As companhias que est\u00e3o \u00e0 frente desses projetos \u2013 de qualquer projeto, a bem da verdade \u2013 possuem um papel importante nesse trabalho cotidiano, e este n\u00e3o \u00e9 o de esconder problemas e desafios da infraestrutura em quest\u00e3o. No caso espec\u00edfico, jamais caber\u00e1 dizer que n\u00e3o h\u00e1 riscos para o mundo com a energia nuclear, mas cabe sim fomentar o debate sobre como esses projetos devem seguir regras e protocolos, e qual o papel que cumprem na oferta de servi\u00e7os no mundo moderno e altamente demandante de insumos.<\/p>\n\n\n\n<p>A constru\u00e7\u00e3o reputacional de projetos de infraestrutura n\u00e3o \u00e9 uma tarefa simples e jamais ser\u00e1. Envolve a constru\u00e7\u00e3o de um prop\u00f3sito que possua respaldo coletivo e que, sobretudo, tenha o compromisso com a transpar\u00eancia das informa\u00e7\u00f5es e das atitudes. Envolve a mobiliza\u00e7\u00e3o das empresas em dire\u00e7\u00e3o aos p\u00fablicos de interesse na busca de uma interlocu\u00e7\u00e3o madura. Envolve tamb\u00e9m a mobiliza\u00e7\u00e3o do alto comando das companhias na mudan\u00e7a interna de cultura. Em linhas gerais, envolvem todos os temas que temos tratado neste espa\u00e7o nos \u00faltimos meses.<\/p>\n\n\n\n<p>O resgate da energia nuclear como op\u00e7\u00e3o na matriz energ\u00e9tica no mundo revela como a constru\u00e7\u00e3o da comunica\u00e7\u00e3o, como a perspectiva de abordagem de um tema, tem capacidade de influenciar quest\u00f5es complexas e recuperar a posi\u00e7\u00e3o estrat\u00e9gica de uma op\u00e7\u00e3o energ\u00e9tica que parecia, h\u00e1 bem pouco tempo, descartada para sempre.<\/p>\n\n\n\n<p class=\"has-small-font-size\"><strong>*Agnaldo Brito \u00e9 diretor de Comunica\u00e7\u00e3o em Infraestrutura na LLYC (LLORENTE Y CUENCA), consultoria global de gest\u00e3o da reputa\u00e7\u00e3o, presente em 13 pa\u00edses<\/strong>.<\/p>\n\n\n\n<p><strong>As opini\u00f5es dos autores n\u00e3o refletem necessariamente o pensamento da Ag\u00eancia iNFRA, sendo de total responsabilidade do autor as informa\u00e7\u00f5es, ju\u00edzos de valor e conceitos descritos no texto.<\/strong><\/p>\n","protected":false},"excerpt":{"rendered":"<p>Agnaldo Brito* N\u00e3o foi propriamente o resultado da COP26, Confer\u00eancia das Na\u00e7\u00f5es Unidas para Mudan\u00e7as Clim\u00e1ticas, que produziu uma reconcilia\u00e7\u00e3o do mundo desenvolvido (e o mundo em desenvolvimento) com a energia nuclear. Relat\u00f3rios preocupantes sobre os gases de efeito estufa que se acumulam na atmosfera jogaram luzes para uma quest\u00e3o importante: como abastecer o mundo [&hellip;]<\/p>\n","protected":false},"author":9,"featured_media":9076,"comment_status":"closed","ping_status":"closed","sticky":false,"template":"","format":"standard","meta":{"_monsterinsights_skip_tracking":false,"_monsterinsights_sitenote_active":false,"_monsterinsights_sitenote_note":"","_monsterinsights_sitenote_category":0,"footnotes":""},"categories":[1],"tags":[4211,5137,5136,4213,5063,4414,1275,651,1093,34],"class_list":["post-9075","post","type-post","status-publish","format-standard","has-post-thumbnail","hentry","category-geral","tag-agnaldo-brito","tag-centrais-termonucleares","tag-combustivel-fossil","tag-comunicacao","tag-cop26","tag-efeito-estufa","tag-energia-eolica","tag-energia-nuclear","tag-energia-solar","tag-infraestrutura"],"yoast_head":"<!-- This site is optimized with the Yoast SEO Premium plugin v25.4 (Yoast SEO v26.0) - https:\/\/yoast.com\/wordpress\/plugins\/seo\/ -->\n<title>Gest\u00e3o &amp; Reputa\u00e7\u00e3o: O retorno da energia nuclear e a perspectiva da comunica\u00e7\u00e3o - Ag\u00eancia iNFRA<\/title>\n<meta name=\"robots\" content=\"index, follow, max-snippet:-1, max-image-preview:large, max-video-preview:-1\" \/>\n<link rel=\"canonical\" href=\"https:\/\/agenciainfra.com\/blog\/gestao-reputacao-o-retorno-da-energia-nuclear-e-a-perspectiva-da-comunicacao\/\" \/>\n<meta property=\"og:locale\" content=\"pt_BR\" \/>\n<meta property=\"og:type\" content=\"article\" \/>\n<meta property=\"og:title\" content=\"Gest\u00e3o &amp; Reputa\u00e7\u00e3o: O retorno da energia nuclear e a perspectiva da comunica\u00e7\u00e3o\" \/>\n<meta property=\"og:description\" content=\"Agnaldo Brito* N\u00e3o foi propriamente o resultado da COP26, Confer\u00eancia das Na\u00e7\u00f5es Unidas para Mudan\u00e7as Clim\u00e1ticas, que produziu uma reconcilia\u00e7\u00e3o do mundo desenvolvido (e o mundo em desenvolvimento) com a energia nuclear. Relat\u00f3rios preocupantes sobre os gases de efeito estufa que se acumulam na atmosfera jogaram luzes para uma quest\u00e3o importante: como abastecer o mundo [&hellip;]\" \/>\n<meta property=\"og:url\" content=\"https:\/\/agenciainfra.com\/blog\/gestao-reputacao-o-retorno-da-energia-nuclear-e-a-perspectiva-da-comunicacao\/\" \/>\n<meta property=\"og:site_name\" content=\"Ag\u00eancia iNFRA\" \/>\n<meta property=\"article:publisher\" content=\"https:\/\/www.facebook.com\/ageninfra\" \/>\n<meta property=\"article:published_time\" content=\"2021-12-01T14:39:36+00:00\" \/>\n<meta property=\"article:modified_time\" content=\"2021-12-01T14:39:39+00:00\" \/>\n<meta property=\"og:image\" content=\"https:\/\/agenciainfra.com\/blog\/wp-content\/uploads\/2021\/12\/usina-nuclear-foto-dominio-publico.jpeg\" \/>\n\t<meta property=\"og:image:width\" content=\"1280\" \/>\n\t<meta property=\"og:image:height\" content=\"853\" \/>\n\t<meta property=\"og:image:type\" content=\"image\/jpeg\" \/>\n<meta name=\"author\" content=\"Rodrigo Zuquim\" \/>\n<meta name=\"twitter:card\" content=\"summary_large_image\" \/>\n<meta name=\"twitter:creator\" content=\"@agencia_infra\" \/>\n<meta name=\"twitter:site\" content=\"@agencia_infra\" \/>\n<meta name=\"twitter:label1\" content=\"Escrito por\" \/>\n\t<meta name=\"twitter:data1\" content=\"Rodrigo Zuquim\" \/>\n\t<meta name=\"twitter:label2\" content=\"Est. tempo de leitura\" \/>\n\t<meta name=\"twitter:data2\" content=\"3 minutos\" \/>\n<script type=\"application\/ld+json\" class=\"yoast-schema-graph\">{\"@context\":\"https:\/\/schema.org\",\"@graph\":[{\"@type\":\"Article\",\"@id\":\"https:\/\/agenciainfra.com\/blog\/gestao-reputacao-o-retorno-da-energia-nuclear-e-a-perspectiva-da-comunicacao\/#article\",\"isPartOf\":{\"@id\":\"https:\/\/agenciainfra.com\/blog\/gestao-reputacao-o-retorno-da-energia-nuclear-e-a-perspectiva-da-comunicacao\/\"},\"author\":{\"name\":\"Rodrigo Zuquim\",\"@id\":\"https:\/\/agenciainfra.com\/blog\/#\/schema\/person\/04dbb79bd6d8951f063da71f3e4c1eb1\"},\"headline\":\"Gest\u00e3o &#038; Reputa\u00e7\u00e3o: O retorno da energia nuclear e a perspectiva da comunica\u00e7\u00e3o\",\"datePublished\":\"2021-12-01T14:39:36+00:00\",\"dateModified\":\"2021-12-01T14:39:39+00:00\",\"mainEntityOfPage\":{\"@id\":\"https:\/\/agenciainfra.com\/blog\/gestao-reputacao-o-retorno-da-energia-nuclear-e-a-perspectiva-da-comunicacao\/\"},\"wordCount\":695,\"publisher\":{\"@id\":\"https:\/\/agenciainfra.com\/blog\/#organization\"},\"image\":{\"@id\":\"https:\/\/agenciainfra.com\/blog\/gestao-reputacao-o-retorno-da-energia-nuclear-e-a-perspectiva-da-comunicacao\/#primaryimage\"},\"thumbnailUrl\":\"https:\/\/agenciainfra.com\/blog\/wp-content\/uploads\/2021\/12\/usina-nuclear-foto-dominio-publico.jpeg\",\"keywords\":[\"Agnaldo Brito\",\"centrais termonucleares\",\"combust\u00edvel f\u00f3ssil\",\"comunica\u00e7\u00e3o\",\"COP26\",\"efeito estufa\",\"energia e\u00f3lica\",\"Energia Nuclear\",\"energia solar\",\"Infraestrutura\"],\"articleSection\":[\"Geral\"],\"inLanguage\":\"pt-BR\",\"copyrightYear\":\"2021\",\"copyrightHolder\":{\"@id\":\"https:\/\/agenciainfra.com\/blog\/#organization\"}},{\"@type\":\"WebPage\",\"@id\":\"https:\/\/agenciainfra.com\/blog\/gestao-reputacao-o-retorno-da-energia-nuclear-e-a-perspectiva-da-comunicacao\/\",\"url\":\"https:\/\/agenciainfra.com\/blog\/gestao-reputacao-o-retorno-da-energia-nuclear-e-a-perspectiva-da-comunicacao\/\",\"name\":\"Gest\u00e3o & Reputa\u00e7\u00e3o: O retorno da energia nuclear e a perspectiva da comunica\u00e7\u00e3o - Ag\u00eancia iNFRA\",\"isPartOf\":{\"@id\":\"https:\/\/agenciainfra.com\/blog\/#website\"},\"primaryImageOfPage\":{\"@id\":\"https:\/\/agenciainfra.com\/blog\/gestao-reputacao-o-retorno-da-energia-nuclear-e-a-perspectiva-da-comunicacao\/#primaryimage\"},\"image\":{\"@id\":\"https:\/\/agenciainfra.com\/blog\/gestao-reputacao-o-retorno-da-energia-nuclear-e-a-perspectiva-da-comunicacao\/#primaryimage\"},\"thumbnailUrl\":\"https:\/\/agenciainfra.com\/blog\/wp-content\/uploads\/2021\/12\/usina-nuclear-foto-dominio-publico.jpeg\",\"datePublished\":\"2021-12-01T14:39:36+00:00\",\"dateModified\":\"2021-12-01T14:39:39+00:00\",\"breadcrumb\":{\"@id\":\"https:\/\/agenciainfra.com\/blog\/gestao-reputacao-o-retorno-da-energia-nuclear-e-a-perspectiva-da-comunicacao\/#breadcrumb\"},\"inLanguage\":\"pt-BR\",\"potentialAction\":[{\"@type\":\"ReadAction\",\"target\":[\"https:\/\/agenciainfra.com\/blog\/gestao-reputacao-o-retorno-da-energia-nuclear-e-a-perspectiva-da-comunicacao\/\"]}]},{\"@type\":\"ImageObject\",\"inLanguage\":\"pt-BR\",\"@id\":\"https:\/\/agenciainfra.com\/blog\/gestao-reputacao-o-retorno-da-energia-nuclear-e-a-perspectiva-da-comunicacao\/#primaryimage\",\"url\":\"https:\/\/agenciainfra.com\/blog\/wp-content\/uploads\/2021\/12\/usina-nuclear-foto-dominio-publico.jpeg\",\"contentUrl\":\"https:\/\/agenciainfra.com\/blog\/wp-content\/uploads\/2021\/12\/usina-nuclear-foto-dominio-publico.jpeg\",\"width\":1280,\"height\":853,\"caption\":\"Foto: Dom\u00ednio P\u00fablico\"},{\"@type\":\"BreadcrumbList\",\"@id\":\"https:\/\/agenciainfra.com\/blog\/gestao-reputacao-o-retorno-da-energia-nuclear-e-a-perspectiva-da-comunicacao\/#breadcrumb\",\"itemListElement\":[{\"@type\":\"ListItem\",\"position\":1,\"name\":\"In\u00edcio\",\"item\":\"https:\/\/agenciainfra.com\/blog\/\"},{\"@type\":\"ListItem\",\"position\":2,\"name\":\"Gest\u00e3o &#038; Reputa\u00e7\u00e3o: O retorno da energia nuclear e a perspectiva da comunica\u00e7\u00e3o\"}]},{\"@type\":\"WebSite\",\"@id\":\"https:\/\/agenciainfra.com\/blog\/#website\",\"url\":\"https:\/\/agenciainfra.com\/blog\/\",\"name\":\"Ag\u00eancia iNFRA\",\"description\":\"Multiplataforma de informa\u00e7\u00e3o jornal\u00edstica refer\u00eancia na \u00e1rea de infraestrutura no Brasil!\",\"publisher\":{\"@id\":\"https:\/\/agenciainfra.com\/blog\/#organization\"},\"potentialAction\":[{\"@type\":\"SearchAction\",\"target\":{\"@type\":\"EntryPoint\",\"urlTemplate\":\"https:\/\/agenciainfra.com\/blog\/?s={search_term_string}\"},\"query-input\":{\"@type\":\"PropertyValueSpecification\",\"valueRequired\":true,\"valueName\":\"search_term_string\"}}],\"inLanguage\":\"pt-BR\"},{\"@type\":\"Organization\",\"@id\":\"https:\/\/agenciainfra.com\/blog\/#organization\",\"name\":\"Ag\u00eancia iNFRA\",\"url\":\"https:\/\/agenciainfra.com\/blog\/\",\"logo\":{\"@type\":\"ImageObject\",\"inLanguage\":\"pt-BR\",\"@id\":\"https:\/\/agenciainfra.com\/blog\/#\/schema\/logo\/image\/\",\"url\":\"https:\/\/agenciainfra.com\/blog\/wp-content\/uploads\/2023\/09\/iNFRA_5-e1761735885940.png\",\"contentUrl\":\"https:\/\/agenciainfra.com\/blog\/wp-content\/uploads\/2023\/09\/iNFRA_5-e1761735885940.png\",\"width\":1672,\"height\":454,\"caption\":\"Ag\u00eancia iNFRA\"},\"image\":{\"@id\":\"https:\/\/agenciainfra.com\/blog\/#\/schema\/logo\/image\/\"},\"sameAs\":[\"https:\/\/www.facebook.com\/ageninfra\",\"https:\/\/x.com\/agencia_infra\",\"https:\/\/www.linkedin.com\/company\/ag\u00eanciainfra\/\",\"https:\/\/www.instagram.com\/agenciainfra\/\"]},{\"@type\":\"Person\",\"@id\":\"https:\/\/agenciainfra.com\/blog\/#\/schema\/person\/04dbb79bd6d8951f063da71f3e4c1eb1\",\"name\":\"Rodrigo Zuquim\",\"image\":{\"@type\":\"ImageObject\",\"inLanguage\":\"pt-BR\",\"@id\":\"https:\/\/agenciainfra.com\/blog\/#\/schema\/person\/image\/\",\"url\":\"https:\/\/secure.gravatar.com\/avatar\/594abfe82761d620726242ff34ca472a705a4b97f16c790053a6b4c4035274d0?s=96&d=mm&r=g\",\"contentUrl\":\"https:\/\/secure.gravatar.com\/avatar\/594abfe82761d620726242ff34ca472a705a4b97f16c790053a6b4c4035274d0?s=96&d=mm&r=g\",\"caption\":\"Rodrigo Zuquim\"},\"url\":\"https:\/\/agenciainfra.com\/blog\/author\/rodrigo-zuquim\/\"}]}<\/script>\n<!-- \/ Yoast SEO Premium plugin. -->","yoast_head_json":{"title":"Gest\u00e3o & Reputa\u00e7\u00e3o: O retorno da energia nuclear e a perspectiva da comunica\u00e7\u00e3o - Ag\u00eancia iNFRA","robots":{"index":"index","follow":"follow","max-snippet":"max-snippet:-1","max-image-preview":"max-image-preview:large","max-video-preview":"max-video-preview:-1"},"canonical":"https:\/\/agenciainfra.com\/blog\/gestao-reputacao-o-retorno-da-energia-nuclear-e-a-perspectiva-da-comunicacao\/","og_locale":"pt_BR","og_type":"article","og_title":"Gest\u00e3o & Reputa\u00e7\u00e3o: O retorno da energia nuclear e a perspectiva da comunica\u00e7\u00e3o","og_description":"Agnaldo Brito* N\u00e3o foi propriamente o resultado da COP26, Confer\u00eancia das Na\u00e7\u00f5es Unidas para Mudan\u00e7as Clim\u00e1ticas, que produziu uma reconcilia\u00e7\u00e3o do mundo desenvolvido (e o mundo em desenvolvimento) com a energia nuclear. Relat\u00f3rios preocupantes sobre os gases de efeito estufa que se acumulam na atmosfera jogaram luzes para uma quest\u00e3o importante: como abastecer o mundo [&hellip;]","og_url":"https:\/\/agenciainfra.com\/blog\/gestao-reputacao-o-retorno-da-energia-nuclear-e-a-perspectiva-da-comunicacao\/","og_site_name":"Ag\u00eancia iNFRA","article_publisher":"https:\/\/www.facebook.com\/ageninfra","article_published_time":"2021-12-01T14:39:36+00:00","article_modified_time":"2021-12-01T14:39:39+00:00","og_image":[{"width":1280,"height":853,"url":"https:\/\/agenciainfra.com\/blog\/wp-content\/uploads\/2021\/12\/usina-nuclear-foto-dominio-publico.jpeg","type":"image\/jpeg"}],"author":"Rodrigo Zuquim","twitter_card":"summary_large_image","twitter_creator":"@agencia_infra","twitter_site":"@agencia_infra","twitter_misc":{"Escrito por":"Rodrigo Zuquim","Est. tempo de leitura":"3 minutos"},"schema":{"@context":"https:\/\/schema.org","@graph":[{"@type":"Article","@id":"https:\/\/agenciainfra.com\/blog\/gestao-reputacao-o-retorno-da-energia-nuclear-e-a-perspectiva-da-comunicacao\/#article","isPartOf":{"@id":"https:\/\/agenciainfra.com\/blog\/gestao-reputacao-o-retorno-da-energia-nuclear-e-a-perspectiva-da-comunicacao\/"},"author":{"name":"Rodrigo Zuquim","@id":"https:\/\/agenciainfra.com\/blog\/#\/schema\/person\/04dbb79bd6d8951f063da71f3e4c1eb1"},"headline":"Gest\u00e3o &#038; Reputa\u00e7\u00e3o: O retorno da energia nuclear e a perspectiva da comunica\u00e7\u00e3o","datePublished":"2021-12-01T14:39:36+00:00","dateModified":"2021-12-01T14:39:39+00:00","mainEntityOfPage":{"@id":"https:\/\/agenciainfra.com\/blog\/gestao-reputacao-o-retorno-da-energia-nuclear-e-a-perspectiva-da-comunicacao\/"},"wordCount":695,"publisher":{"@id":"https:\/\/agenciainfra.com\/blog\/#organization"},"image":{"@id":"https:\/\/agenciainfra.com\/blog\/gestao-reputacao-o-retorno-da-energia-nuclear-e-a-perspectiva-da-comunicacao\/#primaryimage"},"thumbnailUrl":"https:\/\/agenciainfra.com\/blog\/wp-content\/uploads\/2021\/12\/usina-nuclear-foto-dominio-publico.jpeg","keywords":["Agnaldo Brito","centrais termonucleares","combust\u00edvel f\u00f3ssil","comunica\u00e7\u00e3o","COP26","efeito estufa","energia e\u00f3lica","Energia Nuclear","energia solar","Infraestrutura"],"articleSection":["Geral"],"inLanguage":"pt-BR","copyrightYear":"2021","copyrightHolder":{"@id":"https:\/\/agenciainfra.com\/blog\/#organization"}},{"@type":"WebPage","@id":"https:\/\/agenciainfra.com\/blog\/gestao-reputacao-o-retorno-da-energia-nuclear-e-a-perspectiva-da-comunicacao\/","url":"https:\/\/agenciainfra.com\/blog\/gestao-reputacao-o-retorno-da-energia-nuclear-e-a-perspectiva-da-comunicacao\/","name":"Gest\u00e3o & Reputa\u00e7\u00e3o: O retorno da energia nuclear e a perspectiva da comunica\u00e7\u00e3o - Ag\u00eancia iNFRA","isPartOf":{"@id":"https:\/\/agenciainfra.com\/blog\/#website"},"primaryImageOfPage":{"@id":"https:\/\/agenciainfra.com\/blog\/gestao-reputacao-o-retorno-da-energia-nuclear-e-a-perspectiva-da-comunicacao\/#primaryimage"},"image":{"@id":"https:\/\/agenciainfra.com\/blog\/gestao-reputacao-o-retorno-da-energia-nuclear-e-a-perspectiva-da-comunicacao\/#primaryimage"},"thumbnailUrl":"https:\/\/agenciainfra.com\/blog\/wp-content\/uploads\/2021\/12\/usina-nuclear-foto-dominio-publico.jpeg","datePublished":"2021-12-01T14:39:36+00:00","dateModified":"2021-12-01T14:39:39+00:00","breadcrumb":{"@id":"https:\/\/agenciainfra.com\/blog\/gestao-reputacao-o-retorno-da-energia-nuclear-e-a-perspectiva-da-comunicacao\/#breadcrumb"},"inLanguage":"pt-BR","potentialAction":[{"@type":"ReadAction","target":["https:\/\/agenciainfra.com\/blog\/gestao-reputacao-o-retorno-da-energia-nuclear-e-a-perspectiva-da-comunicacao\/"]}]},{"@type":"ImageObject","inLanguage":"pt-BR","@id":"https:\/\/agenciainfra.com\/blog\/gestao-reputacao-o-retorno-da-energia-nuclear-e-a-perspectiva-da-comunicacao\/#primaryimage","url":"https:\/\/agenciainfra.com\/blog\/wp-content\/uploads\/2021\/12\/usina-nuclear-foto-dominio-publico.jpeg","contentUrl":"https:\/\/agenciainfra.com\/blog\/wp-content\/uploads\/2021\/12\/usina-nuclear-foto-dominio-publico.jpeg","width":1280,"height":853,"caption":"Foto: Dom\u00ednio P\u00fablico"},{"@type":"BreadcrumbList","@id":"https:\/\/agenciainfra.com\/blog\/gestao-reputacao-o-retorno-da-energia-nuclear-e-a-perspectiva-da-comunicacao\/#breadcrumb","itemListElement":[{"@type":"ListItem","position":1,"name":"In\u00edcio","item":"https:\/\/agenciainfra.com\/blog\/"},{"@type":"ListItem","position":2,"name":"Gest\u00e3o &#038; Reputa\u00e7\u00e3o: O retorno da energia nuclear e a perspectiva da comunica\u00e7\u00e3o"}]},{"@type":"WebSite","@id":"https:\/\/agenciainfra.com\/blog\/#website","url":"https:\/\/agenciainfra.com\/blog\/","name":"Ag\u00eancia iNFRA","description":"Multiplataforma de informa\u00e7\u00e3o jornal\u00edstica refer\u00eancia na \u00e1rea de infraestrutura no Brasil!","publisher":{"@id":"https:\/\/agenciainfra.com\/blog\/#organization"},"potentialAction":[{"@type":"SearchAction","target":{"@type":"EntryPoint","urlTemplate":"https:\/\/agenciainfra.com\/blog\/?s={search_term_string}"},"query-input":{"@type":"PropertyValueSpecification","valueRequired":true,"valueName":"search_term_string"}}],"inLanguage":"pt-BR"},{"@type":"Organization","@id":"https:\/\/agenciainfra.com\/blog\/#organization","name":"Ag\u00eancia iNFRA","url":"https:\/\/agenciainfra.com\/blog\/","logo":{"@type":"ImageObject","inLanguage":"pt-BR","@id":"https:\/\/agenciainfra.com\/blog\/#\/schema\/logo\/image\/","url":"https:\/\/agenciainfra.com\/blog\/wp-content\/uploads\/2023\/09\/iNFRA_5-e1761735885940.png","contentUrl":"https:\/\/agenciainfra.com\/blog\/wp-content\/uploads\/2023\/09\/iNFRA_5-e1761735885940.png","width":1672,"height":454,"caption":"Ag\u00eancia iNFRA"},"image":{"@id":"https:\/\/agenciainfra.com\/blog\/#\/schema\/logo\/image\/"},"sameAs":["https:\/\/www.facebook.com\/ageninfra","https:\/\/x.com\/agencia_infra","https:\/\/www.linkedin.com\/company\/ag\u00eanciainfra\/","https:\/\/www.instagram.com\/agenciainfra\/"]},{"@type":"Person","@id":"https:\/\/agenciainfra.com\/blog\/#\/schema\/person\/04dbb79bd6d8951f063da71f3e4c1eb1","name":"Rodrigo Zuquim","image":{"@type":"ImageObject","inLanguage":"pt-BR","@id":"https:\/\/agenciainfra.com\/blog\/#\/schema\/person\/image\/","url":"https:\/\/secure.gravatar.com\/avatar\/594abfe82761d620726242ff34ca472a705a4b97f16c790053a6b4c4035274d0?s=96&d=mm&r=g","contentUrl":"https:\/\/secure.gravatar.com\/avatar\/594abfe82761d620726242ff34ca472a705a4b97f16c790053a6b4c4035274d0?s=96&d=mm&r=g","caption":"Rodrigo Zuquim"},"url":"https:\/\/agenciainfra.com\/blog\/author\/rodrigo-zuquim\/"}]}},"_links":{"self":[{"href":"https:\/\/agenciainfra.com\/blog\/wp-json\/wp\/v2\/posts\/9075","targetHints":{"allow":["GET"]}}],"collection":[{"href":"https:\/\/agenciainfra.com\/blog\/wp-json\/wp\/v2\/posts"}],"about":[{"href":"https:\/\/agenciainfra.com\/blog\/wp-json\/wp\/v2\/types\/post"}],"author":[{"embeddable":true,"href":"https:\/\/agenciainfra.com\/blog\/wp-json\/wp\/v2\/users\/9"}],"replies":[{"embeddable":true,"href":"https:\/\/agenciainfra.com\/blog\/wp-json\/wp\/v2\/comments?post=9075"}],"version-history":[{"count":0,"href":"https:\/\/agenciainfra.com\/blog\/wp-json\/wp\/v2\/posts\/9075\/revisions"}],"wp:featuredmedia":[{"embeddable":true,"href":"https:\/\/agenciainfra.com\/blog\/wp-json\/wp\/v2\/media\/9076"}],"wp:attachment":[{"href":"https:\/\/agenciainfra.com\/blog\/wp-json\/wp\/v2\/media?parent=9075"}],"wp:term":[{"taxonomy":"category","embeddable":true,"href":"https:\/\/agenciainfra.com\/blog\/wp-json\/wp\/v2\/categories?post=9075"},{"taxonomy":"post_tag","embeddable":true,"href":"https:\/\/agenciainfra.com\/blog\/wp-json\/wp\/v2\/tags?post=9075"}],"curies":[{"name":"wp","href":"https:\/\/api.w.org\/{rel}","templated":true}]}}