{"id":9085,"date":"2021-12-04T08:00:00","date_gmt":"2021-12-04T11:00:00","guid":{"rendered":"https:\/\/www.agenciainfra.com\/blog\/?p=9085"},"modified":"2021-12-02T10:45:34","modified_gmt":"2021-12-02T13:45:34","slug":"procurador-junto-ao-tcu-contesta-amenidade-de-relatorio-tecnico-sobre-desestatizacao-da-codesa","status":"publish","type":"post","link":"https:\/\/agenciainfra.com\/blog\/procurador-junto-ao-tcu-contesta-amenidade-de-relatorio-tecnico-sobre-desestatizacao-da-codesa\/","title":{"rendered":"Procurador junto ao TCU contesta &#8220;amenidade&#8221; de relat\u00f3rio t\u00e9cnico sobre desestatiza\u00e7\u00e3o da Codesa"},"content":{"rendered":"\n<hr class=\"wp-block-separator\"\/>\n\n\n\n<p class=\"has-text-align-right\"><strong>Dimmi Amora, da\u00a0Ag\u00eancia iNFRA<\/strong><\/p>\n\n\n\n<p>O procurador junto ao TCU (Tribunal de Contas da Uni\u00e3o) J\u00falio Marcelo de Oliveira deu parecer na \u00faltima quarta-feira (1\u00ba) solicitando ao relator do processo de desestatiza\u00e7\u00e3o da Codesa (Companhia Docas do Esp\u00edrito Santo) no \u00f3rg\u00e3o que determine ao governo uma s\u00e9rie de medidas, entre elas a reabertura de audi\u00eancia p\u00fablica, antes de lan\u00e7ar o edital para o leil\u00e3o da empresa.<\/p>\n\n\n\n<p>O despacho do procurador faz cr\u00edticas aos estudos apresentados pelo Minist\u00e9rio da Infraestrutura para o processo da primeira desestatiza\u00e7\u00e3o de uma autoridade portu\u00e1ria no pa\u00eds, corroborando os achados apresentados pela Secretaria de Infraestrutura do tribunal no processo de an\u00e1lise dos estudos.<\/p>\n\n\n\n<p>Mas ele critica o resultado do trabalho da secretaria do TCU por ter, apesar de apontado uma s\u00e9rie de problemas, feito um encaminhamento pela aprova\u00e7\u00e3o dos estudos, permitindo que corre\u00e7\u00f5es possam ser feitas apenas nos procedimentos seguintes de desestatiza\u00e7\u00e3o portu\u00e1ria. O procurador indica haver uma preocupa\u00e7\u00e3o em n\u00e3o &#8220;barrar&#8221; o processo.<\/p>\n\n\n\n<p>&#8220;Talvez a amenidade da proposta de encaminhamento da equipe de auditores decorra de uma subjacente preocupa\u00e7\u00e3o em n\u00e3o &#8216;barrar&#8217; o processo, todavia, no entendimento do MP [Minist\u00e9rio P\u00fablico]&nbsp;de Contas, o caso enseja, por parte do TCU, como inst\u00e2ncia t\u00e9cnica de fiscaliza\u00e7\u00e3o superior, o encaminhamento de determina\u00e7\u00f5es ao poder concedente para que sejam imediatamente adotadas todas as medidas necess\u00e1rias para dar higidez m\u00ednima \u00e0 ora pretendida desestatiza\u00e7\u00e3o de porto p\u00fablico, antes de qualquer sinaliza\u00e7\u00e3o que autorize os gestores a, a\u00e7odadamente, publicarem o edital da almejada concess\u00e3o&#8221;, escreveu&nbsp;o procurador.<\/p>\n\n\n\n<p>Ap\u00f3s receber o despacho, o relator do processo, ministro Bruno Dantas, encaminhou o documento ao Minist\u00e9rio da Infraestrutura e \u00e0 ANTAQ (Ag\u00eancia Nacional de Transportes Aquavi\u00e1rios) para que apresentem contesta\u00e7\u00e3o em at\u00e9 cinco dias.&nbsp;<\/p>\n\n\n\n<p>H\u00e1 uma expectativa do governo em ver o processo aprovado ainda neste ano.&nbsp;Mas o TCU s\u00f3 dever\u00e1 fazer, no m\u00e1ximo, mais duas sess\u00f5es&nbsp;plen\u00e1ria antes de seu recesso de fim de ano. O posicionamento contr\u00e1rio do Minist\u00e9rio P\u00fablico j\u00e1 era esperado e, na avalia\u00e7\u00e3o de um dos envolvidos no processo, j\u00e1 teve todas as quest\u00f5es levantadas endere\u00e7adas anteriormente entre o minist\u00e9rio e o tribunal.<\/p>\n\n\n\n<p><strong>Inconsist\u00eancias<\/strong><br>O relat\u00f3rio da Secretaria de Infraestrutura do TCU, documento onde os auditores avaliam os estudos de viabilidade apresentados para a concess\u00e3o, teve cr\u00edticas aos procedimentos adotados pelo governo em rela\u00e7\u00e3o ao processo da Codesa, indicando at\u00e9 mesmo que os n\u00fameros apresentados eram inconsistentes, conforme reportagem da\u00a0<strong>Ag\u00eancia iNFRA<\/strong> <a rel=\"noreferrer noopener\" href=\"https:\/\/agenciainfra.us14.list-manage.com\/track\/click?u=d460dd1bcf9ba0ae040e1fc0f&amp;id=db88429dff&amp;e=c099169394\" target=\"_blank\">neste link<\/a>.<\/p>\n\n\n\n<p>Parte dos problemas apontados nos estudos foram corrigidos ainda durante as an\u00e1lises por parte do minist\u00e9rio, o que levou a uma revis\u00e3o em tetos tarif\u00e1rios e valores de outorga, por exemplo, o que foi destacado pelo procurador de forma elogiosa sobre o trabalho dos auditores.<\/p>\n\n\n\n<p>No entanto, foram relevados pelos auditores os apontamentos que indicavam irregularidades nos procedimentos de audi\u00eancia p\u00fablica e transpar\u00eancia. O&nbsp;alerta foi para que, nos futuros processos do g\u00eanero que forem encaminhados ao \u00f3rg\u00e3o, esses procedimentos sejam realizados de forma adequada. O procurador, no entanto, teve entendimento diverso sobre o tema e indicou que essas irregularidades n\u00e3o podem ser corrigidas apenas para processos futuros.<\/p>\n\n\n\n<p>&#8220;\u00c9 inadmiss\u00edvel o encaminhamento no sentido de protelar para os pr\u00f3ximos processos a devida corre\u00e7\u00e3o de certos ind\u00edcios de irregularidades detectadas&#8221;, escreveu Oliveira.<\/p>\n\n\n\n<p><strong>Falta de estudo pr\u00e9vio<\/strong><br>Dois aspectos chamam a aten\u00e7\u00e3o nos pedidos do procurador. O primeiro trata da falta de um estudo pr\u00e9vio por parte do governo para justificar os motivos para fazer a desestatiza\u00e7\u00e3o&nbsp;das autoridades portu\u00e1rias. De acordo com Oliveira, n\u00e3o h\u00e1 justificativa t\u00e9cnica para a decis\u00e3o, com avalia\u00e7\u00e3o que compare as op\u00e7\u00f5es poss\u00edveis para a melhoria da gest\u00e3o dos portos p\u00fablicos e escolha do chamado modelo de land lord privado como o mais adequado.<\/p>\n\n\n\n<p>O procurador alerta que o modelo apresentado tem semelhan\u00e7as com o que foi adotado pelo governo australiano para a desestatiza\u00e7\u00e3o de seus portos, o que levou a severas cr\u00edticas por parte de usu\u00e1rios pelos elevados aumentos de custos provocados pela desestatiza\u00e7\u00e3o.<\/p>\n\n\n\n<p>O Minist\u00e9rio da Infraestrutura tem dito que n\u00e3o seguiu o modelo australiano de forma igual, fazendo adequa\u00e7\u00f5es para corrigir problemas detectados naquele pa\u00eds.&nbsp;Entre as adequa\u00e7\u00f5es, haver\u00e1&nbsp;uma regula\u00e7\u00e3o mais presente da&nbsp;ANTAQ. Mas uma das cr\u00edticas do procurado&nbsp;\u00e9 que a ag\u00eancia tem que apresentar um modelo de regula\u00e7\u00e3o antes de a concess\u00e3o ocorrer.&nbsp;O outro tema tratado como grave pelo procurador foi a falta de transpar\u00eancia em rela\u00e7\u00e3o aos dados dos estudos, que, para ele, n\u00e3o t\u00eam justificativa para ficarem em segredo at\u00e9 o momento.<\/p>\n\n\n\n<p>O advogado C\u00e1ssio Louren\u00e7o Ribeiro, s\u00f3cio da Louren\u00e7o Ribeiro Advogados, disse que foi procurado pela ATP (Associa\u00e7\u00e3o de Terminais Portu\u00e1rios Privados) e outras empresas e entidades que se mostraram&nbsp;preocupadas com a desestatiza\u00e7\u00e3o da Codesa.&nbsp;<\/p>\n\n\n\n<p>&#8220;Temos apontado as inconsist\u00eancias do processo e do modelo, que se afasta das melhores pr\u00e1ticas internacionais e amea\u00e7a sobreonerar a corrente de com\u00e9rcio, em preju\u00edzo \u00e0 gera\u00e7\u00e3o de divisas, investimentos, emprego e renda&#8221;, disse o advogado, que defendeu a posi\u00e7\u00e3o da procuradoria do TCU.<\/p>\n\n\n\n<p><strong>Outros processos<\/strong><br>O procurador J\u00falio Marcelo de Oliveira ainda mostrou preocupa\u00e7\u00e3o com outros processos que j\u00e1 est\u00e3o qualificados para desestatiza\u00e7\u00e3o portu\u00e1ria, para evitar que problemas na Codesa possam influenciar negativamente eles.<\/p>\n\n\n\n<p>&#8220;Vale reiterar: no caso em apre\u00e7o h\u00e1 o agravante de se tratar de um processo pioneiro, que poder\u00e1 ser precipitadamente referendado pelo governo como sendo um \u201csucesso\u201d e, a partir disso, servir de equivocado modelo para as desestatiza\u00e7\u00f5es de portos de maior relevo, estrat\u00e9gicos para o pa\u00eds, tais como os portos de Itaja\u00ed, S\u00e3o Sebasti\u00e3o e Santos&#8221;, afirmou J\u00falio.<\/p>\n\n\n\n<p><strong>Minfra defende que melhorias foram incorporadas<\/strong><br>Em resposta a questionamento da\u00a0<strong>Ag\u00eancia iNFRA<\/strong>\u00a0sobre o parecer do Minist\u00e9rio P\u00fablico junto ao TCU, o Minist\u00e9rio da Infraestrutura informou que a\u00a0entrega do parecer do procurador encerra mais uma etapa do processo, permitindo que a desestatiza\u00e7\u00e3o da Codesa entre em discuss\u00e3o pelo plen\u00e1rio.<br><br>O texto destaca que ocorreram diversas reuni\u00f5es entre as equipes t\u00e9cnicas do Minist\u00e9rio da Infraestrutura, da Codesa, do BNDES, da ANTAQ e do TCU desde agosto de 2021, quando o projeto foi entregue \u00e0 corte de contas, para &#8220;auxiliar os t\u00e9cnicos do Tribunal a compreender melhor o modelo proposto e suas regras, bem como no esclarecimento de eventuais d\u00favidas&#8221;.<br><br>Lembrou tamb\u00e9m que a equipe do TCU realizou dilig\u00eancias espec\u00edficas para esclarecimento da proposta e foram identificadas oportunidades de melhoria da modelagem.\u00a0<br><br>&#8220;Logo, o ganho \u00e9 vis\u00edvel, n\u00e3o s\u00f3 em precis\u00e3o como tamb\u00e9m na clareza das regras propostas que o futuro controlador da Codesa, concession\u00e1rio da explora\u00e7\u00e3o dos Portos de Vit\u00f3ria\/Vila Velha e Barra do Riacho, estar\u00e1 submetido. Essas melhorias foram gradativamente incorporadas ao modelo e apresentadas aos t\u00e9cnicos do tribunal conforme evolu\u00e7\u00e3o das discuss\u00f5es sobre o tema&#8221;, informa o texto.<\/p>\n","protected":false},"excerpt":{"rendered":"<p>Dimmi Amora, da\u00a0Ag\u00eancia iNFRA O procurador junto ao TCU (Tribunal de Contas da Uni\u00e3o) J\u00falio Marcelo de Oliveira deu parecer na \u00faltima quarta-feira (1\u00ba) solicitando ao relator do processo de desestatiza\u00e7\u00e3o da Codesa (Companhia Docas do Esp\u00edrito Santo) no \u00f3rg\u00e3o que determine ao governo uma s\u00e9rie de medidas, entre elas a reabertura de audi\u00eancia p\u00fablica, [&hellip;]<\/p>\n","protected":false},"author":9,"featured_media":9086,"comment_status":"closed","ping_status":"closed","sticky":false,"template":"","format":"standard","meta":{"_monsterinsights_skip_tracking":false,"_monsterinsights_sitenote_active":false,"_monsterinsights_sitenote_note":"","_monsterinsights_sitenote_category":0,"footnotes":""},"categories":[1,7],"tags":[86,396,1146,192,5140,897,775,2929,310,18],"class_list":["post-9085","post","type-post","status-publish","format-standard","has-post-thumbnail","hentry","category-geral","category-infratransporte","tag-antaq","tag-bruno-dantas","tag-codesa","tag-desestatizacao","tag-estudos-de-viabilidade","tag-julio-marcelo-de-oliveira","tag-ministerio-da-infraestrutura","tag-ministerio-publico","tag-portos","tag-tcu"],"yoast_head":"<!-- This site is optimized with the Yoast SEO Premium plugin v25.4 (Yoast SEO v26.0) - https:\/\/yoast.com\/wordpress\/plugins\/seo\/ -->\n<title>Procurador junto ao TCU contesta &quot;amenidade&quot; de relat\u00f3rio t\u00e9cnico sobre desestatiza\u00e7\u00e3o da Codesa - Ag\u00eancia iNFRA<\/title>\n<meta name=\"robots\" content=\"index, follow, max-snippet:-1, max-image-preview:large, max-video-preview:-1\" \/>\n<link rel=\"canonical\" href=\"https:\/\/agenciainfra.com\/blog\/procurador-junto-ao-tcu-contesta-amenidade-de-relatorio-tecnico-sobre-desestatizacao-da-codesa\/\" \/>\n<meta property=\"og:locale\" content=\"pt_BR\" \/>\n<meta property=\"og:type\" content=\"article\" \/>\n<meta property=\"og:title\" content=\"Procurador junto ao TCU contesta &quot;amenidade&quot; de relat\u00f3rio t\u00e9cnico sobre desestatiza\u00e7\u00e3o da Codesa\" \/>\n<meta property=\"og:description\" content=\"Dimmi Amora, da\u00a0Ag\u00eancia iNFRA O procurador junto ao TCU (Tribunal de Contas da Uni\u00e3o) J\u00falio Marcelo de Oliveira deu parecer na \u00faltima quarta-feira (1\u00ba) solicitando ao relator do processo de desestatiza\u00e7\u00e3o da Codesa (Companhia Docas do Esp\u00edrito Santo) no \u00f3rg\u00e3o que determine ao governo uma s\u00e9rie de medidas, entre elas a reabertura de audi\u00eancia p\u00fablica, [&hellip;]\" \/>\n<meta property=\"og:url\" content=\"https:\/\/agenciainfra.com\/blog\/procurador-junto-ao-tcu-contesta-amenidade-de-relatorio-tecnico-sobre-desestatizacao-da-codesa\/\" \/>\n<meta property=\"og:site_name\" content=\"Ag\u00eancia iNFRA\" \/>\n<meta property=\"article:publisher\" content=\"https:\/\/www.facebook.com\/ageninfra\" \/>\n<meta property=\"article:published_time\" content=\"2021-12-04T11:00:00+00:00\" \/>\n<meta property=\"og:image\" content=\"https:\/\/agenciainfra.com\/blog\/wp-content\/uploads\/2021\/12\/porto-vila-velha-codesa-foto-prefeitura-de-vila-velha.jpeg\" \/>\n\t<meta property=\"og:image:width\" content=\"1280\" \/>\n\t<meta property=\"og:image:height\" content=\"851\" \/>\n\t<meta property=\"og:image:type\" content=\"image\/jpeg\" \/>\n<meta name=\"author\" content=\"Rodrigo Zuquim\" \/>\n<meta name=\"twitter:card\" content=\"summary_large_image\" \/>\n<meta name=\"twitter:creator\" content=\"@agencia_infra\" \/>\n<meta name=\"twitter:site\" content=\"@agencia_infra\" \/>\n<meta name=\"twitter:label1\" content=\"Escrito por\" \/>\n\t<meta name=\"twitter:data1\" content=\"Rodrigo Zuquim\" \/>\n\t<meta name=\"twitter:label2\" content=\"Est. tempo de leitura\" \/>\n\t<meta name=\"twitter:data2\" content=\"6 minutos\" \/>\n<script type=\"application\/ld+json\" class=\"yoast-schema-graph\">{\"@context\":\"https:\/\/schema.org\",\"@graph\":[{\"@type\":\"Article\",\"@id\":\"https:\/\/agenciainfra.com\/blog\/procurador-junto-ao-tcu-contesta-amenidade-de-relatorio-tecnico-sobre-desestatizacao-da-codesa\/#article\",\"isPartOf\":{\"@id\":\"https:\/\/agenciainfra.com\/blog\/procurador-junto-ao-tcu-contesta-amenidade-de-relatorio-tecnico-sobre-desestatizacao-da-codesa\/\"},\"author\":{\"name\":\"Rodrigo Zuquim\",\"@id\":\"https:\/\/agenciainfra.com\/blog\/#\/schema\/person\/04dbb79bd6d8951f063da71f3e4c1eb1\"},\"headline\":\"Procurador junto ao TCU contesta &#8220;amenidade&#8221; de relat\u00f3rio t\u00e9cnico sobre desestatiza\u00e7\u00e3o da Codesa\",\"datePublished\":\"2021-12-04T11:00:00+00:00\",\"mainEntityOfPage\":{\"@id\":\"https:\/\/agenciainfra.com\/blog\/procurador-junto-ao-tcu-contesta-amenidade-de-relatorio-tecnico-sobre-desestatizacao-da-codesa\/\"},\"wordCount\":1272,\"publisher\":{\"@id\":\"https:\/\/agenciainfra.com\/blog\/#organization\"},\"image\":{\"@id\":\"https:\/\/agenciainfra.com\/blog\/procurador-junto-ao-tcu-contesta-amenidade-de-relatorio-tecnico-sobre-desestatizacao-da-codesa\/#primaryimage\"},\"thumbnailUrl\":\"https:\/\/agenciainfra.com\/blog\/wp-content\/uploads\/2021\/12\/porto-vila-velha-codesa-foto-prefeitura-de-vila-velha.jpeg\",\"keywords\":[\"ANTAQ\",\"Bruno Dantas\",\"Codesa\",\"desestatiza\u00e7\u00e3o\",\"estudos de viabilidade\",\"J\u00falio Marcelo de Oliveira\",\"Minist\u00e9rio da Infraestrutura\",\"Minist\u00e9rio P\u00fablico\",\"portos\",\"TCU\"],\"articleSection\":[\"Geral\",\"iNFRATransporte\"],\"inLanguage\":\"pt-BR\",\"copyrightYear\":\"2021\",\"copyrightHolder\":{\"@id\":\"https:\/\/agenciainfra.com\/blog\/#organization\"}},{\"@type\":\"WebPage\",\"@id\":\"https:\/\/agenciainfra.com\/blog\/procurador-junto-ao-tcu-contesta-amenidade-de-relatorio-tecnico-sobre-desestatizacao-da-codesa\/\",\"url\":\"https:\/\/agenciainfra.com\/blog\/procurador-junto-ao-tcu-contesta-amenidade-de-relatorio-tecnico-sobre-desestatizacao-da-codesa\/\",\"name\":\"Procurador junto ao TCU contesta \\\"amenidade\\\" de relat\u00f3rio t\u00e9cnico sobre desestatiza\u00e7\u00e3o da Codesa - Ag\u00eancia iNFRA\",\"isPartOf\":{\"@id\":\"https:\/\/agenciainfra.com\/blog\/#website\"},\"primaryImageOfPage\":{\"@id\":\"https:\/\/agenciainfra.com\/blog\/procurador-junto-ao-tcu-contesta-amenidade-de-relatorio-tecnico-sobre-desestatizacao-da-codesa\/#primaryimage\"},\"image\":{\"@id\":\"https:\/\/agenciainfra.com\/blog\/procurador-junto-ao-tcu-contesta-amenidade-de-relatorio-tecnico-sobre-desestatizacao-da-codesa\/#primaryimage\"},\"thumbnailUrl\":\"https:\/\/agenciainfra.com\/blog\/wp-content\/uploads\/2021\/12\/porto-vila-velha-codesa-foto-prefeitura-de-vila-velha.jpeg\",\"datePublished\":\"2021-12-04T11:00:00+00:00\",\"breadcrumb\":{\"@id\":\"https:\/\/agenciainfra.com\/blog\/procurador-junto-ao-tcu-contesta-amenidade-de-relatorio-tecnico-sobre-desestatizacao-da-codesa\/#breadcrumb\"},\"inLanguage\":\"pt-BR\",\"potentialAction\":[{\"@type\":\"ReadAction\",\"target\":[\"https:\/\/agenciainfra.com\/blog\/procurador-junto-ao-tcu-contesta-amenidade-de-relatorio-tecnico-sobre-desestatizacao-da-codesa\/\"]}]},{\"@type\":\"ImageObject\",\"inLanguage\":\"pt-BR\",\"@id\":\"https:\/\/agenciainfra.com\/blog\/procurador-junto-ao-tcu-contesta-amenidade-de-relatorio-tecnico-sobre-desestatizacao-da-codesa\/#primaryimage\",\"url\":\"https:\/\/agenciainfra.com\/blog\/wp-content\/uploads\/2021\/12\/porto-vila-velha-codesa-foto-prefeitura-de-vila-velha.jpeg\",\"contentUrl\":\"https:\/\/agenciainfra.com\/blog\/wp-content\/uploads\/2021\/12\/porto-vila-velha-codesa-foto-prefeitura-de-vila-velha.jpeg\",\"width\":1280,\"height\":851,\"caption\":\"Foto: Prefeitura de Vila Velha\"},{\"@type\":\"BreadcrumbList\",\"@id\":\"https:\/\/agenciainfra.com\/blog\/procurador-junto-ao-tcu-contesta-amenidade-de-relatorio-tecnico-sobre-desestatizacao-da-codesa\/#breadcrumb\",\"itemListElement\":[{\"@type\":\"ListItem\",\"position\":1,\"name\":\"In\u00edcio\",\"item\":\"https:\/\/agenciainfra.com\/blog\/\"},{\"@type\":\"ListItem\",\"position\":2,\"name\":\"Procurador junto ao TCU contesta &#8220;amenidade&#8221; de relat\u00f3rio t\u00e9cnico sobre desestatiza\u00e7\u00e3o da Codesa\"}]},{\"@type\":\"WebSite\",\"@id\":\"https:\/\/agenciainfra.com\/blog\/#website\",\"url\":\"https:\/\/agenciainfra.com\/blog\/\",\"name\":\"Ag\u00eancia iNFRA\",\"description\":\"Multiplataforma de informa\u00e7\u00e3o jornal\u00edstica refer\u00eancia na \u00e1rea de infraestrutura no Brasil!\",\"publisher\":{\"@id\":\"https:\/\/agenciainfra.com\/blog\/#organization\"},\"potentialAction\":[{\"@type\":\"SearchAction\",\"target\":{\"@type\":\"EntryPoint\",\"urlTemplate\":\"https:\/\/agenciainfra.com\/blog\/?s={search_term_string}\"},\"query-input\":{\"@type\":\"PropertyValueSpecification\",\"valueRequired\":true,\"valueName\":\"search_term_string\"}}],\"inLanguage\":\"pt-BR\"},{\"@type\":\"Organization\",\"@id\":\"https:\/\/agenciainfra.com\/blog\/#organization\",\"name\":\"Ag\u00eancia iNFRA\",\"url\":\"https:\/\/agenciainfra.com\/blog\/\",\"logo\":{\"@type\":\"ImageObject\",\"inLanguage\":\"pt-BR\",\"@id\":\"https:\/\/agenciainfra.com\/blog\/#\/schema\/logo\/image\/\",\"url\":\"https:\/\/agenciainfra.com\/blog\/wp-content\/uploads\/2023\/09\/iNFRA_5-e1761735885940.png\",\"contentUrl\":\"https:\/\/agenciainfra.com\/blog\/wp-content\/uploads\/2023\/09\/iNFRA_5-e1761735885940.png\",\"width\":1672,\"height\":454,\"caption\":\"Ag\u00eancia iNFRA\"},\"image\":{\"@id\":\"https:\/\/agenciainfra.com\/blog\/#\/schema\/logo\/image\/\"},\"sameAs\":[\"https:\/\/www.facebook.com\/ageninfra\",\"https:\/\/x.com\/agencia_infra\",\"https:\/\/www.linkedin.com\/company\/ag\u00eanciainfra\/\",\"https:\/\/www.instagram.com\/agenciainfra\/\"]},{\"@type\":\"Person\",\"@id\":\"https:\/\/agenciainfra.com\/blog\/#\/schema\/person\/04dbb79bd6d8951f063da71f3e4c1eb1\",\"name\":\"Rodrigo Zuquim\",\"image\":{\"@type\":\"ImageObject\",\"inLanguage\":\"pt-BR\",\"@id\":\"https:\/\/agenciainfra.com\/blog\/#\/schema\/person\/image\/\",\"url\":\"https:\/\/secure.gravatar.com\/avatar\/594abfe82761d620726242ff34ca472a705a4b97f16c790053a6b4c4035274d0?s=96&d=mm&r=g\",\"contentUrl\":\"https:\/\/secure.gravatar.com\/avatar\/594abfe82761d620726242ff34ca472a705a4b97f16c790053a6b4c4035274d0?s=96&d=mm&r=g\",\"caption\":\"Rodrigo Zuquim\"},\"url\":\"https:\/\/agenciainfra.com\/blog\/author\/rodrigo-zuquim\/\"}]}<\/script>\n<!-- \/ Yoast SEO Premium plugin. -->","yoast_head_json":{"title":"Procurador junto ao TCU contesta \"amenidade\" de relat\u00f3rio t\u00e9cnico sobre desestatiza\u00e7\u00e3o da Codesa - Ag\u00eancia iNFRA","robots":{"index":"index","follow":"follow","max-snippet":"max-snippet:-1","max-image-preview":"max-image-preview:large","max-video-preview":"max-video-preview:-1"},"canonical":"https:\/\/agenciainfra.com\/blog\/procurador-junto-ao-tcu-contesta-amenidade-de-relatorio-tecnico-sobre-desestatizacao-da-codesa\/","og_locale":"pt_BR","og_type":"article","og_title":"Procurador junto ao TCU contesta \"amenidade\" de relat\u00f3rio t\u00e9cnico sobre desestatiza\u00e7\u00e3o da Codesa","og_description":"Dimmi Amora, da\u00a0Ag\u00eancia iNFRA O procurador junto ao TCU (Tribunal de Contas da Uni\u00e3o) J\u00falio Marcelo de Oliveira deu parecer na \u00faltima quarta-feira (1\u00ba) solicitando ao relator do processo de desestatiza\u00e7\u00e3o da Codesa (Companhia Docas do Esp\u00edrito Santo) no \u00f3rg\u00e3o que determine ao governo uma s\u00e9rie de medidas, entre elas a reabertura de audi\u00eancia p\u00fablica, [&hellip;]","og_url":"https:\/\/agenciainfra.com\/blog\/procurador-junto-ao-tcu-contesta-amenidade-de-relatorio-tecnico-sobre-desestatizacao-da-codesa\/","og_site_name":"Ag\u00eancia iNFRA","article_publisher":"https:\/\/www.facebook.com\/ageninfra","article_published_time":"2021-12-04T11:00:00+00:00","og_image":[{"width":1280,"height":851,"url":"https:\/\/agenciainfra.com\/blog\/wp-content\/uploads\/2021\/12\/porto-vila-velha-codesa-foto-prefeitura-de-vila-velha.jpeg","type":"image\/jpeg"}],"author":"Rodrigo Zuquim","twitter_card":"summary_large_image","twitter_creator":"@agencia_infra","twitter_site":"@agencia_infra","twitter_misc":{"Escrito por":"Rodrigo Zuquim","Est. tempo de leitura":"6 minutos"},"schema":{"@context":"https:\/\/schema.org","@graph":[{"@type":"Article","@id":"https:\/\/agenciainfra.com\/blog\/procurador-junto-ao-tcu-contesta-amenidade-de-relatorio-tecnico-sobre-desestatizacao-da-codesa\/#article","isPartOf":{"@id":"https:\/\/agenciainfra.com\/blog\/procurador-junto-ao-tcu-contesta-amenidade-de-relatorio-tecnico-sobre-desestatizacao-da-codesa\/"},"author":{"name":"Rodrigo Zuquim","@id":"https:\/\/agenciainfra.com\/blog\/#\/schema\/person\/04dbb79bd6d8951f063da71f3e4c1eb1"},"headline":"Procurador junto ao TCU contesta &#8220;amenidade&#8221; de relat\u00f3rio t\u00e9cnico sobre desestatiza\u00e7\u00e3o da Codesa","datePublished":"2021-12-04T11:00:00+00:00","mainEntityOfPage":{"@id":"https:\/\/agenciainfra.com\/blog\/procurador-junto-ao-tcu-contesta-amenidade-de-relatorio-tecnico-sobre-desestatizacao-da-codesa\/"},"wordCount":1272,"publisher":{"@id":"https:\/\/agenciainfra.com\/blog\/#organization"},"image":{"@id":"https:\/\/agenciainfra.com\/blog\/procurador-junto-ao-tcu-contesta-amenidade-de-relatorio-tecnico-sobre-desestatizacao-da-codesa\/#primaryimage"},"thumbnailUrl":"https:\/\/agenciainfra.com\/blog\/wp-content\/uploads\/2021\/12\/porto-vila-velha-codesa-foto-prefeitura-de-vila-velha.jpeg","keywords":["ANTAQ","Bruno Dantas","Codesa","desestatiza\u00e7\u00e3o","estudos de viabilidade","J\u00falio Marcelo de Oliveira","Minist\u00e9rio da Infraestrutura","Minist\u00e9rio P\u00fablico","portos","TCU"],"articleSection":["Geral","iNFRATransporte"],"inLanguage":"pt-BR","copyrightYear":"2021","copyrightHolder":{"@id":"https:\/\/agenciainfra.com\/blog\/#organization"}},{"@type":"WebPage","@id":"https:\/\/agenciainfra.com\/blog\/procurador-junto-ao-tcu-contesta-amenidade-de-relatorio-tecnico-sobre-desestatizacao-da-codesa\/","url":"https:\/\/agenciainfra.com\/blog\/procurador-junto-ao-tcu-contesta-amenidade-de-relatorio-tecnico-sobre-desestatizacao-da-codesa\/","name":"Procurador junto ao TCU contesta \"amenidade\" de relat\u00f3rio t\u00e9cnico sobre desestatiza\u00e7\u00e3o da Codesa - Ag\u00eancia iNFRA","isPartOf":{"@id":"https:\/\/agenciainfra.com\/blog\/#website"},"primaryImageOfPage":{"@id":"https:\/\/agenciainfra.com\/blog\/procurador-junto-ao-tcu-contesta-amenidade-de-relatorio-tecnico-sobre-desestatizacao-da-codesa\/#primaryimage"},"image":{"@id":"https:\/\/agenciainfra.com\/blog\/procurador-junto-ao-tcu-contesta-amenidade-de-relatorio-tecnico-sobre-desestatizacao-da-codesa\/#primaryimage"},"thumbnailUrl":"https:\/\/agenciainfra.com\/blog\/wp-content\/uploads\/2021\/12\/porto-vila-velha-codesa-foto-prefeitura-de-vila-velha.jpeg","datePublished":"2021-12-04T11:00:00+00:00","breadcrumb":{"@id":"https:\/\/agenciainfra.com\/blog\/procurador-junto-ao-tcu-contesta-amenidade-de-relatorio-tecnico-sobre-desestatizacao-da-codesa\/#breadcrumb"},"inLanguage":"pt-BR","potentialAction":[{"@type":"ReadAction","target":["https:\/\/agenciainfra.com\/blog\/procurador-junto-ao-tcu-contesta-amenidade-de-relatorio-tecnico-sobre-desestatizacao-da-codesa\/"]}]},{"@type":"ImageObject","inLanguage":"pt-BR","@id":"https:\/\/agenciainfra.com\/blog\/procurador-junto-ao-tcu-contesta-amenidade-de-relatorio-tecnico-sobre-desestatizacao-da-codesa\/#primaryimage","url":"https:\/\/agenciainfra.com\/blog\/wp-content\/uploads\/2021\/12\/porto-vila-velha-codesa-foto-prefeitura-de-vila-velha.jpeg","contentUrl":"https:\/\/agenciainfra.com\/blog\/wp-content\/uploads\/2021\/12\/porto-vila-velha-codesa-foto-prefeitura-de-vila-velha.jpeg","width":1280,"height":851,"caption":"Foto: Prefeitura de Vila Velha"},{"@type":"BreadcrumbList","@id":"https:\/\/agenciainfra.com\/blog\/procurador-junto-ao-tcu-contesta-amenidade-de-relatorio-tecnico-sobre-desestatizacao-da-codesa\/#breadcrumb","itemListElement":[{"@type":"ListItem","position":1,"name":"In\u00edcio","item":"https:\/\/agenciainfra.com\/blog\/"},{"@type":"ListItem","position":2,"name":"Procurador junto ao TCU contesta &#8220;amenidade&#8221; de relat\u00f3rio t\u00e9cnico sobre desestatiza\u00e7\u00e3o da Codesa"}]},{"@type":"WebSite","@id":"https:\/\/agenciainfra.com\/blog\/#website","url":"https:\/\/agenciainfra.com\/blog\/","name":"Ag\u00eancia iNFRA","description":"Multiplataforma de informa\u00e7\u00e3o jornal\u00edstica refer\u00eancia na \u00e1rea de infraestrutura no Brasil!","publisher":{"@id":"https:\/\/agenciainfra.com\/blog\/#organization"},"potentialAction":[{"@type":"SearchAction","target":{"@type":"EntryPoint","urlTemplate":"https:\/\/agenciainfra.com\/blog\/?s={search_term_string}"},"query-input":{"@type":"PropertyValueSpecification","valueRequired":true,"valueName":"search_term_string"}}],"inLanguage":"pt-BR"},{"@type":"Organization","@id":"https:\/\/agenciainfra.com\/blog\/#organization","name":"Ag\u00eancia iNFRA","url":"https:\/\/agenciainfra.com\/blog\/","logo":{"@type":"ImageObject","inLanguage":"pt-BR","@id":"https:\/\/agenciainfra.com\/blog\/#\/schema\/logo\/image\/","url":"https:\/\/agenciainfra.com\/blog\/wp-content\/uploads\/2023\/09\/iNFRA_5-e1761735885940.png","contentUrl":"https:\/\/agenciainfra.com\/blog\/wp-content\/uploads\/2023\/09\/iNFRA_5-e1761735885940.png","width":1672,"height":454,"caption":"Ag\u00eancia iNFRA"},"image":{"@id":"https:\/\/agenciainfra.com\/blog\/#\/schema\/logo\/image\/"},"sameAs":["https:\/\/www.facebook.com\/ageninfra","https:\/\/x.com\/agencia_infra","https:\/\/www.linkedin.com\/company\/ag\u00eanciainfra\/","https:\/\/www.instagram.com\/agenciainfra\/"]},{"@type":"Person","@id":"https:\/\/agenciainfra.com\/blog\/#\/schema\/person\/04dbb79bd6d8951f063da71f3e4c1eb1","name":"Rodrigo Zuquim","image":{"@type":"ImageObject","inLanguage":"pt-BR","@id":"https:\/\/agenciainfra.com\/blog\/#\/schema\/person\/image\/","url":"https:\/\/secure.gravatar.com\/avatar\/594abfe82761d620726242ff34ca472a705a4b97f16c790053a6b4c4035274d0?s=96&d=mm&r=g","contentUrl":"https:\/\/secure.gravatar.com\/avatar\/594abfe82761d620726242ff34ca472a705a4b97f16c790053a6b4c4035274d0?s=96&d=mm&r=g","caption":"Rodrigo Zuquim"},"url":"https:\/\/agenciainfra.com\/blog\/author\/rodrigo-zuquim\/"}]}},"_links":{"self":[{"href":"https:\/\/agenciainfra.com\/blog\/wp-json\/wp\/v2\/posts\/9085","targetHints":{"allow":["GET"]}}],"collection":[{"href":"https:\/\/agenciainfra.com\/blog\/wp-json\/wp\/v2\/posts"}],"about":[{"href":"https:\/\/agenciainfra.com\/blog\/wp-json\/wp\/v2\/types\/post"}],"author":[{"embeddable":true,"href":"https:\/\/agenciainfra.com\/blog\/wp-json\/wp\/v2\/users\/9"}],"replies":[{"embeddable":true,"href":"https:\/\/agenciainfra.com\/blog\/wp-json\/wp\/v2\/comments?post=9085"}],"version-history":[{"count":0,"href":"https:\/\/agenciainfra.com\/blog\/wp-json\/wp\/v2\/posts\/9085\/revisions"}],"wp:featuredmedia":[{"embeddable":true,"href":"https:\/\/agenciainfra.com\/blog\/wp-json\/wp\/v2\/media\/9086"}],"wp:attachment":[{"href":"https:\/\/agenciainfra.com\/blog\/wp-json\/wp\/v2\/media?parent=9085"}],"wp:term":[{"taxonomy":"category","embeddable":true,"href":"https:\/\/agenciainfra.com\/blog\/wp-json\/wp\/v2\/categories?post=9085"},{"taxonomy":"post_tag","embeddable":true,"href":"https:\/\/agenciainfra.com\/blog\/wp-json\/wp\/v2\/tags?post=9085"}],"curies":[{"name":"wp","href":"https:\/\/api.w.org\/{rel}","templated":true}]}}