{"id":9088,"date":"2021-12-04T09:00:00","date_gmt":"2021-12-04T12:00:00","guid":{"rendered":"https:\/\/www.agenciainfra.com\/blog\/?p=9088"},"modified":"2021-12-02T11:06:16","modified_gmt":"2021-12-02T14:06:16","slug":"procurador-diz-que-pressa-em-desestatizacoes-tem-criado-cultura-de-coisas-mal-feitas","status":"publish","type":"post","link":"https:\/\/agenciainfra.com\/blog\/procurador-diz-que-pressa-em-desestatizacoes-tem-criado-cultura-de-coisas-mal-feitas\/","title":{"rendered":"Procurador diz que pressa em desestatiza\u00e7\u00f5es tem criado cultura de coisas mal feitas"},"content":{"rendered":"\n<hr class=\"wp-block-separator\"\/>\n\n\n\n<p class=\"has-text-align-right\"><strong>da&nbsp;Ag\u00eancia iNFRA<\/strong><\/p>\n\n\n\n<p>Em entrevista \u00e0&nbsp;<strong>Ag\u00eancia iNFRA<\/strong>, o procurador J\u00falio&nbsp;Marcelo de Oliveira disse&nbsp;que o sentimento de urg\u00eancia dos processos de desestatiza\u00e7\u00e3o tem levado a processos mal feitos e que o sigilo do caso da Codesa tem &#8220;vi\u00e9s autorit\u00e1rio&#8221;. Os principais trechos da entrevista est\u00e3o abaixo.<br><br><strong>Ag\u00eancia iNFRA &#8211; Por que o senhor acha que houve cr\u00edticas severas ao processo de desestatiza\u00e7\u00e3o da Codesa por parte da Secretaria de Infraestrutura do TCU, mas as indica\u00e7\u00f5es finais foram por relevar os problemas e corrigir apenas para os pr\u00f3ximos processos?<\/strong><br><strong>J\u00falio Marcelo de Oliveira<\/strong>&nbsp;&#8211; Isso tem acontecido em alguns processos de desestatiza\u00e7\u00e3o. Os auditores apontam problemas, mas permitem que as corre\u00e7\u00f5es fiquem para os pr\u00f3ximos. Como se n\u00e3o fosse oportuno, ou necess\u00e1rio, e pudesse ficar para a pr\u00f3xima. H\u00e1 um certo sentimento de urg\u00eancia, para que as coisas sejam feitas de maneira mais r\u00e1pida. Mas elas n\u00e3o podem ser feitas de forma inadequada.<br><br><strong>Por que isso \u00e9 um problema?<\/strong><br>Voc\u00ea vai criando uma cultura de coisas mal feitas, motivadas pela urg\u00eancia. Feitas de maneira mais ou menos, sob o argumento de que o \u00f3timo \u00e9 inimigo do bom. Voc\u00ea faz mais ou menos, que \u00e9 melhor que n\u00e3o fazer nada, e acaba vendendo&nbsp;como sendo o bom apenas aquilo que foi poss\u00edvel fazer. Voc\u00ea aceita uma coisa mais ou menos quando poderia fazer alguma coisa boa.<br><br><strong>Por que acha que isso tem ocorrido?<\/strong><br>Todo governo tem pressa de realizar, de fazer suas entregas. Entendo as quest\u00f5es pol\u00edticas. H\u00e1 tamb\u00e9m uma pressa da sociedade de ter um modelo econ\u00f4mico mais eficiente, que aumente a efici\u00eancia da economia. Mas \u00e9 preciso fazer bem feito. Se faz mal feito, a pressa se volta contra o desenvolvimento. O ganho de efici\u00eancia pode virar uma perda, se o processo for mal feito. \u00c9 isso que est\u00e1 ocorrendo na Austr\u00e1lia, como apontou o relat\u00f3rio t\u00e9cnico. Aumentou os custos de transa\u00e7\u00e3o para toda a sociedade, o que reduziu a efici\u00eancia da economia. N\u00e3o houve ganho, houve perda.<br><br><strong>Qual foi o problema mais preocupante do processo, na sua avalia\u00e7\u00e3o?<\/strong><br>O sigilo. Isso \u00e9 inaceit\u00e1vel. Tem um vi\u00e9s autorit\u00e1rio nisso. Parece que quer atropelar o processo, ao n\u00e3o dar transpar\u00eancia, para n\u00e3o ter que ficar discutindo e fazer celeremente. A\u00ed, quando o processo j\u00e1 est\u00e1 aprovado pelo TCU, n\u00e3o d\u00e1 tempo de ter discuss\u00e3o e \u00e9 levado para leil\u00e3o. Isso \u00e9 ilegal e autorit\u00e1rio. E, em geral, n\u00e3o conduz \u00e0 melhor solu\u00e7\u00e3o, que \u00e9 a que nasce desses embates.<\/p>\n","protected":false},"excerpt":{"rendered":"<p>da&nbsp;Ag\u00eancia iNFRA Em entrevista \u00e0&nbsp;Ag\u00eancia iNFRA, o procurador J\u00falio&nbsp;Marcelo de Oliveira disse&nbsp;que o sentimento de urg\u00eancia dos processos de desestatiza\u00e7\u00e3o tem levado a processos mal feitos e que o sigilo do caso da Codesa tem &#8220;vi\u00e9s autorit\u00e1rio&#8221;. Os principais trechos da entrevista est\u00e3o abaixo. Ag\u00eancia iNFRA &#8211; Por que o senhor acha que houve cr\u00edticas [&hellip;]<\/p>\n","protected":false},"author":9,"featured_media":3433,"comment_status":"closed","ping_status":"closed","sticky":false,"template":"","format":"standard","meta":{"_monsterinsights_skip_tracking":false,"_monsterinsights_sitenote_active":false,"_monsterinsights_sitenote_note":"","_monsterinsights_sitenote_category":0,"footnotes":""},"categories":[1,7],"tags":[1146,2587,897,346,775,2929,310,18,2575,927],"class_list":["post-9088","post","type-post","status-publish","format-standard","has-post-thumbnail","hentry","category-geral","category-infratransporte","tag-codesa","tag-desestatizacoes","tag-julio-marcelo-de-oliveira","tag-leiloes","tag-ministerio-da-infraestrutura","tag-ministerio-publico","tag-portos","tag-tcu","tag-transparencia","tag-tribunal-de-contas-da-uniao"],"yoast_head":"<!-- This site is optimized with the Yoast SEO Premium plugin v25.4 (Yoast SEO v26.0) - https:\/\/yoast.com\/wordpress\/plugins\/seo\/ -->\n<title>Procurador diz que pressa em desestatiza\u00e7\u00f5es tem criado cultura de coisas mal feitas - Ag\u00eancia iNFRA<\/title>\n<meta name=\"robots\" content=\"index, follow, max-snippet:-1, max-image-preview:large, max-video-preview:-1\" \/>\n<link rel=\"canonical\" href=\"https:\/\/agenciainfra.com\/blog\/procurador-diz-que-pressa-em-desestatizacoes-tem-criado-cultura-de-coisas-mal-feitas\/\" \/>\n<meta property=\"og:locale\" content=\"pt_BR\" \/>\n<meta property=\"og:type\" content=\"article\" \/>\n<meta property=\"og:title\" content=\"Procurador diz que pressa em desestatiza\u00e7\u00f5es tem criado cultura de coisas mal feitas\" \/>\n<meta property=\"og:description\" content=\"da&nbsp;Ag\u00eancia iNFRA Em entrevista \u00e0&nbsp;Ag\u00eancia iNFRA, o procurador J\u00falio&nbsp;Marcelo de Oliveira disse&nbsp;que o sentimento de urg\u00eancia dos processos de desestatiza\u00e7\u00e3o tem levado a processos mal feitos e que o sigilo do caso da Codesa tem &#8220;vi\u00e9s autorit\u00e1rio&#8221;. Os principais trechos da entrevista est\u00e3o abaixo. Ag\u00eancia iNFRA &#8211; Por que o senhor acha que houve cr\u00edticas [&hellip;]\" \/>\n<meta property=\"og:url\" content=\"https:\/\/agenciainfra.com\/blog\/procurador-diz-que-pressa-em-desestatizacoes-tem-criado-cultura-de-coisas-mal-feitas\/\" \/>\n<meta property=\"og:site_name\" content=\"Ag\u00eancia iNFRA\" \/>\n<meta property=\"article:publisher\" content=\"https:\/\/www.facebook.com\/ageninfra\" \/>\n<meta property=\"article:published_time\" content=\"2021-12-04T12:00:00+00:00\" \/>\n<meta property=\"og:image\" content=\"https:\/\/agenciainfra.com\/blog\/wp-content\/uploads\/2019\/07\/julio-marcelo-de-oliveira-foto-waldemir-barreto-agencia-senado.jpg\" \/>\n\t<meta property=\"og:image:width\" content=\"2048\" \/>\n\t<meta property=\"og:image:height\" content=\"1365\" \/>\n\t<meta property=\"og:image:type\" content=\"image\/jpeg\" \/>\n<meta name=\"author\" content=\"Rodrigo Zuquim\" \/>\n<meta name=\"twitter:card\" content=\"summary_large_image\" \/>\n<meta name=\"twitter:creator\" content=\"@agencia_infra\" \/>\n<meta name=\"twitter:site\" content=\"@agencia_infra\" \/>\n<meta name=\"twitter:label1\" content=\"Escrito por\" \/>\n\t<meta name=\"twitter:data1\" content=\"Rodrigo Zuquim\" \/>\n\t<meta name=\"twitter:label2\" content=\"Est. tempo de leitura\" \/>\n\t<meta name=\"twitter:data2\" content=\"2 minutos\" \/>\n<script type=\"application\/ld+json\" class=\"yoast-schema-graph\">{\"@context\":\"https:\/\/schema.org\",\"@graph\":[{\"@type\":\"Article\",\"@id\":\"https:\/\/agenciainfra.com\/blog\/procurador-diz-que-pressa-em-desestatizacoes-tem-criado-cultura-de-coisas-mal-feitas\/#article\",\"isPartOf\":{\"@id\":\"https:\/\/agenciainfra.com\/blog\/procurador-diz-que-pressa-em-desestatizacoes-tem-criado-cultura-de-coisas-mal-feitas\/\"},\"author\":{\"name\":\"Rodrigo Zuquim\",\"@id\":\"https:\/\/agenciainfra.com\/blog\/#\/schema\/person\/04dbb79bd6d8951f063da71f3e4c1eb1\"},\"headline\":\"Procurador diz que pressa em desestatiza\u00e7\u00f5es tem criado cultura de coisas mal feitas\",\"datePublished\":\"2021-12-04T12:00:00+00:00\",\"mainEntityOfPage\":{\"@id\":\"https:\/\/agenciainfra.com\/blog\/procurador-diz-que-pressa-em-desestatizacoes-tem-criado-cultura-de-coisas-mal-feitas\/\"},\"wordCount\":471,\"publisher\":{\"@id\":\"https:\/\/agenciainfra.com\/blog\/#organization\"},\"image\":{\"@id\":\"https:\/\/agenciainfra.com\/blog\/procurador-diz-que-pressa-em-desestatizacoes-tem-criado-cultura-de-coisas-mal-feitas\/#primaryimage\"},\"thumbnailUrl\":\"https:\/\/agenciainfra.com\/blog\/wp-content\/uploads\/2019\/07\/julio-marcelo-de-oliveira-foto-waldemir-barreto-agencia-senado.jpg\",\"keywords\":[\"Codesa\",\"desestatiza\u00e7\u00f5es\",\"J\u00falio Marcelo de Oliveira\",\"leil\u00f5es\",\"Minist\u00e9rio da Infraestrutura\",\"Minist\u00e9rio P\u00fablico\",\"portos\",\"TCU\",\"transpar\u00eancia\",\"Tribunal de Contas da Uni\u00e3o\"],\"articleSection\":[\"Geral\",\"iNFRATransporte\"],\"inLanguage\":\"pt-BR\",\"copyrightYear\":\"2021\",\"copyrightHolder\":{\"@id\":\"https:\/\/agenciainfra.com\/blog\/#organization\"}},{\"@type\":\"WebPage\",\"@id\":\"https:\/\/agenciainfra.com\/blog\/procurador-diz-que-pressa-em-desestatizacoes-tem-criado-cultura-de-coisas-mal-feitas\/\",\"url\":\"https:\/\/agenciainfra.com\/blog\/procurador-diz-que-pressa-em-desestatizacoes-tem-criado-cultura-de-coisas-mal-feitas\/\",\"name\":\"Procurador diz que pressa em desestatiza\u00e7\u00f5es tem criado cultura de coisas mal feitas - Ag\u00eancia iNFRA\",\"isPartOf\":{\"@id\":\"https:\/\/agenciainfra.com\/blog\/#website\"},\"primaryImageOfPage\":{\"@id\":\"https:\/\/agenciainfra.com\/blog\/procurador-diz-que-pressa-em-desestatizacoes-tem-criado-cultura-de-coisas-mal-feitas\/#primaryimage\"},\"image\":{\"@id\":\"https:\/\/agenciainfra.com\/blog\/procurador-diz-que-pressa-em-desestatizacoes-tem-criado-cultura-de-coisas-mal-feitas\/#primaryimage\"},\"thumbnailUrl\":\"https:\/\/agenciainfra.com\/blog\/wp-content\/uploads\/2019\/07\/julio-marcelo-de-oliveira-foto-waldemir-barreto-agencia-senado.jpg\",\"datePublished\":\"2021-12-04T12:00:00+00:00\",\"breadcrumb\":{\"@id\":\"https:\/\/agenciainfra.com\/blog\/procurador-diz-que-pressa-em-desestatizacoes-tem-criado-cultura-de-coisas-mal-feitas\/#breadcrumb\"},\"inLanguage\":\"pt-BR\",\"potentialAction\":[{\"@type\":\"ReadAction\",\"target\":[\"https:\/\/agenciainfra.com\/blog\/procurador-diz-que-pressa-em-desestatizacoes-tem-criado-cultura-de-coisas-mal-feitas\/\"]}]},{\"@type\":\"ImageObject\",\"inLanguage\":\"pt-BR\",\"@id\":\"https:\/\/agenciainfra.com\/blog\/procurador-diz-que-pressa-em-desestatizacoes-tem-criado-cultura-de-coisas-mal-feitas\/#primaryimage\",\"url\":\"https:\/\/agenciainfra.com\/blog\/wp-content\/uploads\/2019\/07\/julio-marcelo-de-oliveira-foto-waldemir-barreto-agencia-senado.jpg\",\"contentUrl\":\"https:\/\/agenciainfra.com\/blog\/wp-content\/uploads\/2019\/07\/julio-marcelo-de-oliveira-foto-waldemir-barreto-agencia-senado.jpg\",\"width\":2048,\"height\":1365},{\"@type\":\"BreadcrumbList\",\"@id\":\"https:\/\/agenciainfra.com\/blog\/procurador-diz-que-pressa-em-desestatizacoes-tem-criado-cultura-de-coisas-mal-feitas\/#breadcrumb\",\"itemListElement\":[{\"@type\":\"ListItem\",\"position\":1,\"name\":\"In\u00edcio\",\"item\":\"https:\/\/agenciainfra.com\/blog\/\"},{\"@type\":\"ListItem\",\"position\":2,\"name\":\"Procurador diz que pressa em desestatiza\u00e7\u00f5es tem criado cultura de coisas mal feitas\"}]},{\"@type\":\"WebSite\",\"@id\":\"https:\/\/agenciainfra.com\/blog\/#website\",\"url\":\"https:\/\/agenciainfra.com\/blog\/\",\"name\":\"Ag\u00eancia iNFRA\",\"description\":\"Multiplataforma de informa\u00e7\u00e3o jornal\u00edstica refer\u00eancia na \u00e1rea de infraestrutura no Brasil!\",\"publisher\":{\"@id\":\"https:\/\/agenciainfra.com\/blog\/#organization\"},\"potentialAction\":[{\"@type\":\"SearchAction\",\"target\":{\"@type\":\"EntryPoint\",\"urlTemplate\":\"https:\/\/agenciainfra.com\/blog\/?s={search_term_string}\"},\"query-input\":{\"@type\":\"PropertyValueSpecification\",\"valueRequired\":true,\"valueName\":\"search_term_string\"}}],\"inLanguage\":\"pt-BR\"},{\"@type\":\"Organization\",\"@id\":\"https:\/\/agenciainfra.com\/blog\/#organization\",\"name\":\"Ag\u00eancia iNFRA\",\"url\":\"https:\/\/agenciainfra.com\/blog\/\",\"logo\":{\"@type\":\"ImageObject\",\"inLanguage\":\"pt-BR\",\"@id\":\"https:\/\/agenciainfra.com\/blog\/#\/schema\/logo\/image\/\",\"url\":\"https:\/\/agenciainfra.com\/blog\/wp-content\/uploads\/2023\/09\/iNFRA_5-e1761735885940.png\",\"contentUrl\":\"https:\/\/agenciainfra.com\/blog\/wp-content\/uploads\/2023\/09\/iNFRA_5-e1761735885940.png\",\"width\":1672,\"height\":454,\"caption\":\"Ag\u00eancia iNFRA\"},\"image\":{\"@id\":\"https:\/\/agenciainfra.com\/blog\/#\/schema\/logo\/image\/\"},\"sameAs\":[\"https:\/\/www.facebook.com\/ageninfra\",\"https:\/\/x.com\/agencia_infra\",\"https:\/\/www.linkedin.com\/company\/ag\u00eanciainfra\/\",\"https:\/\/www.instagram.com\/agenciainfra\/\"]},{\"@type\":\"Person\",\"@id\":\"https:\/\/agenciainfra.com\/blog\/#\/schema\/person\/04dbb79bd6d8951f063da71f3e4c1eb1\",\"name\":\"Rodrigo Zuquim\",\"image\":{\"@type\":\"ImageObject\",\"inLanguage\":\"pt-BR\",\"@id\":\"https:\/\/agenciainfra.com\/blog\/#\/schema\/person\/image\/\",\"url\":\"https:\/\/secure.gravatar.com\/avatar\/594abfe82761d620726242ff34ca472a705a4b97f16c790053a6b4c4035274d0?s=96&d=mm&r=g\",\"contentUrl\":\"https:\/\/secure.gravatar.com\/avatar\/594abfe82761d620726242ff34ca472a705a4b97f16c790053a6b4c4035274d0?s=96&d=mm&r=g\",\"caption\":\"Rodrigo Zuquim\"},\"url\":\"https:\/\/agenciainfra.com\/blog\/author\/rodrigo-zuquim\/\"}]}<\/script>\n<!-- \/ Yoast SEO Premium plugin. -->","yoast_head_json":{"title":"Procurador diz que pressa em desestatiza\u00e7\u00f5es tem criado cultura de coisas mal feitas - Ag\u00eancia iNFRA","robots":{"index":"index","follow":"follow","max-snippet":"max-snippet:-1","max-image-preview":"max-image-preview:large","max-video-preview":"max-video-preview:-1"},"canonical":"https:\/\/agenciainfra.com\/blog\/procurador-diz-que-pressa-em-desestatizacoes-tem-criado-cultura-de-coisas-mal-feitas\/","og_locale":"pt_BR","og_type":"article","og_title":"Procurador diz que pressa em desestatiza\u00e7\u00f5es tem criado cultura de coisas mal feitas","og_description":"da&nbsp;Ag\u00eancia iNFRA Em entrevista \u00e0&nbsp;Ag\u00eancia iNFRA, o procurador J\u00falio&nbsp;Marcelo de Oliveira disse&nbsp;que o sentimento de urg\u00eancia dos processos de desestatiza\u00e7\u00e3o tem levado a processos mal feitos e que o sigilo do caso da Codesa tem &#8220;vi\u00e9s autorit\u00e1rio&#8221;. Os principais trechos da entrevista est\u00e3o abaixo. Ag\u00eancia iNFRA &#8211; Por que o senhor acha que houve cr\u00edticas [&hellip;]","og_url":"https:\/\/agenciainfra.com\/blog\/procurador-diz-que-pressa-em-desestatizacoes-tem-criado-cultura-de-coisas-mal-feitas\/","og_site_name":"Ag\u00eancia iNFRA","article_publisher":"https:\/\/www.facebook.com\/ageninfra","article_published_time":"2021-12-04T12:00:00+00:00","og_image":[{"width":2048,"height":1365,"url":"https:\/\/agenciainfra.com\/blog\/wp-content\/uploads\/2019\/07\/julio-marcelo-de-oliveira-foto-waldemir-barreto-agencia-senado.jpg","type":"image\/jpeg"}],"author":"Rodrigo Zuquim","twitter_card":"summary_large_image","twitter_creator":"@agencia_infra","twitter_site":"@agencia_infra","twitter_misc":{"Escrito por":"Rodrigo Zuquim","Est. tempo de leitura":"2 minutos"},"schema":{"@context":"https:\/\/schema.org","@graph":[{"@type":"Article","@id":"https:\/\/agenciainfra.com\/blog\/procurador-diz-que-pressa-em-desestatizacoes-tem-criado-cultura-de-coisas-mal-feitas\/#article","isPartOf":{"@id":"https:\/\/agenciainfra.com\/blog\/procurador-diz-que-pressa-em-desestatizacoes-tem-criado-cultura-de-coisas-mal-feitas\/"},"author":{"name":"Rodrigo Zuquim","@id":"https:\/\/agenciainfra.com\/blog\/#\/schema\/person\/04dbb79bd6d8951f063da71f3e4c1eb1"},"headline":"Procurador diz que pressa em desestatiza\u00e7\u00f5es tem criado cultura de coisas mal feitas","datePublished":"2021-12-04T12:00:00+00:00","mainEntityOfPage":{"@id":"https:\/\/agenciainfra.com\/blog\/procurador-diz-que-pressa-em-desestatizacoes-tem-criado-cultura-de-coisas-mal-feitas\/"},"wordCount":471,"publisher":{"@id":"https:\/\/agenciainfra.com\/blog\/#organization"},"image":{"@id":"https:\/\/agenciainfra.com\/blog\/procurador-diz-que-pressa-em-desestatizacoes-tem-criado-cultura-de-coisas-mal-feitas\/#primaryimage"},"thumbnailUrl":"https:\/\/agenciainfra.com\/blog\/wp-content\/uploads\/2019\/07\/julio-marcelo-de-oliveira-foto-waldemir-barreto-agencia-senado.jpg","keywords":["Codesa","desestatiza\u00e7\u00f5es","J\u00falio Marcelo de Oliveira","leil\u00f5es","Minist\u00e9rio da Infraestrutura","Minist\u00e9rio P\u00fablico","portos","TCU","transpar\u00eancia","Tribunal de Contas da Uni\u00e3o"],"articleSection":["Geral","iNFRATransporte"],"inLanguage":"pt-BR","copyrightYear":"2021","copyrightHolder":{"@id":"https:\/\/agenciainfra.com\/blog\/#organization"}},{"@type":"WebPage","@id":"https:\/\/agenciainfra.com\/blog\/procurador-diz-que-pressa-em-desestatizacoes-tem-criado-cultura-de-coisas-mal-feitas\/","url":"https:\/\/agenciainfra.com\/blog\/procurador-diz-que-pressa-em-desestatizacoes-tem-criado-cultura-de-coisas-mal-feitas\/","name":"Procurador diz que pressa em desestatiza\u00e7\u00f5es tem criado cultura de coisas mal feitas - Ag\u00eancia iNFRA","isPartOf":{"@id":"https:\/\/agenciainfra.com\/blog\/#website"},"primaryImageOfPage":{"@id":"https:\/\/agenciainfra.com\/blog\/procurador-diz-que-pressa-em-desestatizacoes-tem-criado-cultura-de-coisas-mal-feitas\/#primaryimage"},"image":{"@id":"https:\/\/agenciainfra.com\/blog\/procurador-diz-que-pressa-em-desestatizacoes-tem-criado-cultura-de-coisas-mal-feitas\/#primaryimage"},"thumbnailUrl":"https:\/\/agenciainfra.com\/blog\/wp-content\/uploads\/2019\/07\/julio-marcelo-de-oliveira-foto-waldemir-barreto-agencia-senado.jpg","datePublished":"2021-12-04T12:00:00+00:00","breadcrumb":{"@id":"https:\/\/agenciainfra.com\/blog\/procurador-diz-que-pressa-em-desestatizacoes-tem-criado-cultura-de-coisas-mal-feitas\/#breadcrumb"},"inLanguage":"pt-BR","potentialAction":[{"@type":"ReadAction","target":["https:\/\/agenciainfra.com\/blog\/procurador-diz-que-pressa-em-desestatizacoes-tem-criado-cultura-de-coisas-mal-feitas\/"]}]},{"@type":"ImageObject","inLanguage":"pt-BR","@id":"https:\/\/agenciainfra.com\/blog\/procurador-diz-que-pressa-em-desestatizacoes-tem-criado-cultura-de-coisas-mal-feitas\/#primaryimage","url":"https:\/\/agenciainfra.com\/blog\/wp-content\/uploads\/2019\/07\/julio-marcelo-de-oliveira-foto-waldemir-barreto-agencia-senado.jpg","contentUrl":"https:\/\/agenciainfra.com\/blog\/wp-content\/uploads\/2019\/07\/julio-marcelo-de-oliveira-foto-waldemir-barreto-agencia-senado.jpg","width":2048,"height":1365},{"@type":"BreadcrumbList","@id":"https:\/\/agenciainfra.com\/blog\/procurador-diz-que-pressa-em-desestatizacoes-tem-criado-cultura-de-coisas-mal-feitas\/#breadcrumb","itemListElement":[{"@type":"ListItem","position":1,"name":"In\u00edcio","item":"https:\/\/agenciainfra.com\/blog\/"},{"@type":"ListItem","position":2,"name":"Procurador diz que pressa em desestatiza\u00e7\u00f5es tem criado cultura de coisas mal feitas"}]},{"@type":"WebSite","@id":"https:\/\/agenciainfra.com\/blog\/#website","url":"https:\/\/agenciainfra.com\/blog\/","name":"Ag\u00eancia iNFRA","description":"Multiplataforma de informa\u00e7\u00e3o jornal\u00edstica refer\u00eancia na \u00e1rea de infraestrutura no Brasil!","publisher":{"@id":"https:\/\/agenciainfra.com\/blog\/#organization"},"potentialAction":[{"@type":"SearchAction","target":{"@type":"EntryPoint","urlTemplate":"https:\/\/agenciainfra.com\/blog\/?s={search_term_string}"},"query-input":{"@type":"PropertyValueSpecification","valueRequired":true,"valueName":"search_term_string"}}],"inLanguage":"pt-BR"},{"@type":"Organization","@id":"https:\/\/agenciainfra.com\/blog\/#organization","name":"Ag\u00eancia iNFRA","url":"https:\/\/agenciainfra.com\/blog\/","logo":{"@type":"ImageObject","inLanguage":"pt-BR","@id":"https:\/\/agenciainfra.com\/blog\/#\/schema\/logo\/image\/","url":"https:\/\/agenciainfra.com\/blog\/wp-content\/uploads\/2023\/09\/iNFRA_5-e1761735885940.png","contentUrl":"https:\/\/agenciainfra.com\/blog\/wp-content\/uploads\/2023\/09\/iNFRA_5-e1761735885940.png","width":1672,"height":454,"caption":"Ag\u00eancia iNFRA"},"image":{"@id":"https:\/\/agenciainfra.com\/blog\/#\/schema\/logo\/image\/"},"sameAs":["https:\/\/www.facebook.com\/ageninfra","https:\/\/x.com\/agencia_infra","https:\/\/www.linkedin.com\/company\/ag\u00eanciainfra\/","https:\/\/www.instagram.com\/agenciainfra\/"]},{"@type":"Person","@id":"https:\/\/agenciainfra.com\/blog\/#\/schema\/person\/04dbb79bd6d8951f063da71f3e4c1eb1","name":"Rodrigo Zuquim","image":{"@type":"ImageObject","inLanguage":"pt-BR","@id":"https:\/\/agenciainfra.com\/blog\/#\/schema\/person\/image\/","url":"https:\/\/secure.gravatar.com\/avatar\/594abfe82761d620726242ff34ca472a705a4b97f16c790053a6b4c4035274d0?s=96&d=mm&r=g","contentUrl":"https:\/\/secure.gravatar.com\/avatar\/594abfe82761d620726242ff34ca472a705a4b97f16c790053a6b4c4035274d0?s=96&d=mm&r=g","caption":"Rodrigo Zuquim"},"url":"https:\/\/agenciainfra.com\/blog\/author\/rodrigo-zuquim\/"}]}},"_links":{"self":[{"href":"https:\/\/agenciainfra.com\/blog\/wp-json\/wp\/v2\/posts\/9088","targetHints":{"allow":["GET"]}}],"collection":[{"href":"https:\/\/agenciainfra.com\/blog\/wp-json\/wp\/v2\/posts"}],"about":[{"href":"https:\/\/agenciainfra.com\/blog\/wp-json\/wp\/v2\/types\/post"}],"author":[{"embeddable":true,"href":"https:\/\/agenciainfra.com\/blog\/wp-json\/wp\/v2\/users\/9"}],"replies":[{"embeddable":true,"href":"https:\/\/agenciainfra.com\/blog\/wp-json\/wp\/v2\/comments?post=9088"}],"version-history":[{"count":0,"href":"https:\/\/agenciainfra.com\/blog\/wp-json\/wp\/v2\/posts\/9088\/revisions"}],"wp:featuredmedia":[{"embeddable":true,"href":"https:\/\/agenciainfra.com\/blog\/wp-json\/wp\/v2\/media\/3433"}],"wp:attachment":[{"href":"https:\/\/agenciainfra.com\/blog\/wp-json\/wp\/v2\/media?parent=9088"}],"wp:term":[{"taxonomy":"category","embeddable":true,"href":"https:\/\/agenciainfra.com\/blog\/wp-json\/wp\/v2\/categories?post=9088"},{"taxonomy":"post_tag","embeddable":true,"href":"https:\/\/agenciainfra.com\/blog\/wp-json\/wp\/v2\/tags?post=9088"}],"curies":[{"name":"wp","href":"https:\/\/api.w.org\/{rel}","templated":true}]}}