{"id":9103,"date":"2021-12-06T11:00:00","date_gmt":"2021-12-06T14:00:00","guid":{"rendered":"https:\/\/www.agenciainfra.com\/blog\/?p=9103"},"modified":"2021-12-03T13:18:54","modified_gmt":"2021-12-03T16:18:54","slug":"infradebate-santos-dumont-e-uma-das-chaves-para-um-novo-rio","status":"publish","type":"post","link":"https:\/\/agenciainfra.com\/blog\/infradebate-santos-dumont-e-uma-das-chaves-para-um-novo-rio\/","title":{"rendered":"iNFRADebate: Santos Dumont \u00e9 uma das chaves para um novo Rio"},"content":{"rendered":"\n<p class=\"has-text-align-right\"><strong>Tobias Markert*<\/strong><\/p>\n\n\n\n<p>O Brasil chegou \u00e0 s\u00e9tima rodada de concess\u00e3o de aeroportos e traz para a mesa dois importantes ativos para o pa\u00eds: os aeroportos de Congonhas, em S\u00e3o Paulo, e Santos Dumont, no Rio de Janeiro. No geral, a concess\u00e3o de aeroportos mudou a ind\u00fastria de avia\u00e7\u00e3o significativamente. Desde os anos 70 vemos a expans\u00e3o do modelo em todo o mundo, e seus benef\u00edcios para o desenvolvimento do transporte a\u00e9reo e das cidades h\u00e1 muito s\u00e3o percebidos. No Brasil seguimos o mesmo caminho com a decis\u00e3o de conceder ativos aeroportu\u00e1rios a partir de 2011.<\/p>\n\n\n\n<p>Enquanto investidor percebo que a concess\u00e3o de aeroportos precisa ser uma situa\u00e7\u00e3o de ganha-ganha para todos os atores envolvidos. O governo, que busca receitas, qualidade de servi\u00e7o e desenvolvimento da infraestrutura; o mercado, que quer realizar bons investimentos e operar bons ativos; e, sobretudo, o passageiro, que precisa perceber o benef\u00edcio em sua experi\u00eancia como consumidor.&nbsp;<\/p>\n\n\n\n<p>Esse ganha-ganha \u00e9 poss\u00edvel, mas apenas se n\u00f3s permitirmos que o sistema de concess\u00e3o funcione o mais livremente poss\u00edvel. E isso nos leva uma quest\u00e3o que vem sendo discutida no momento aqui no Brasil: o tamanho da liberdade do \u201ccity airport\u201d Santos Dumont como forma de proteger os voos internacionais do Gale\u00e3o. Dois aeroportos de grande potencial que est\u00e3o no Rio de Janeiro, uma das cidades mais tur\u00edsticas do mundo.&nbsp;<\/p>\n\n\n\n<p>Em diversos lugares do mundo vemos como n\u00e3o \u00e9 recomend\u00e1vel restringir aeroportos, por algumas raz\u00f5es simples. A primeira delas \u00e9 a capacidade de processamento de passageiros das cidades. Pensando no caso do Brasil, hoje o mercado do Rio de Janeiro pode absorver dois aeroportos sem limita\u00e7\u00e3o.&nbsp;<\/p>\n\n\n\n<p>Parte da literatura diz que um sistema multiaeroporto precisa de 30 milh\u00f5es de passageiros por ano para a cidade sustentar dois aeroportos, e a cidade mantinha uma m\u00e9dia de cerca de 25 milh\u00f5es de passageiros transportados no pr\u00e9-pandemia, entre Santos Dumont e Gale\u00e3o.&nbsp;<\/p>\n\n\n\n<p>N\u00e3o podemos esquecer que o Rio \u00e9 a s\u00e9tima maior cidade nas Am\u00e9ricas, com um enorme potencial econ\u00f4mico e tur\u00edstico. Como refer\u00eancia, a \u00fanica cidade nos Estados Unidos que \u00e9 maior \u00e9 Nova York, e muitas outras cidades nos Estados Unidos possuem dois ou at\u00e9 tr\u00eas aeroportos.<\/p>\n\n\n\n<p>E em segundo lugar, \u00e9 preciso pensar sempre no potencial que o aeroporto tem para o desenvolvimento da cidade. Aeroportos que s\u00e3o verdadeiros microcosmos urbanos trazem um crescimento org\u00e2nico para os seus arredores, e essa \u00e9 uma das voca\u00e7\u00f5es que o Santos Dumont pode ter.<\/p>\n\n\n\n<p>A cidade de Memphis, nos Estados Unidos, \u00e9 conhecida como &#8220;Aerotr\u00f3pole da Am\u00e9rica\u201d por seu p\u00f3lo industrial e corporativo ao redor do aeroporto. Aeroportos de Istambul, Londres, Frankfurt e Dubai s\u00e3o outros exemplos de como cidades podem se desenvolver e ter centros comerciais criados a partir de seus aeroportos. \u00c9 claro que temos que considerar a realidade de cada pa\u00eds e cidade, mas n\u00e3o tenho d\u00favidas de que o Rio tem esse mesmo potencial.&nbsp;<\/p>\n\n\n\n<p>A nossa base, o Aeroporto de Zurique, est\u00e1 localizado a apenas 8km do centro da cidade, uma grande oportunidade para usar o potencial de ser mais do que um hub de transporte. E l\u00e1 aprendemos uma li\u00e7\u00e3o e come\u00e7amos a colher os frutos.&nbsp;<\/p>\n\n\n\n<p>Hoje o nosso \u201cThe Circle\u201d \u00e9 uma \u00e1rea de 40 mil metros quadrados ligada ao Aeroporto de Zurique com hot\u00e9is, shopping centers, centros m\u00e9dicos e escrit\u00f3rios de multinacionais como a Microsoft. Hoje cerca de 6 mil pessoas trabalham nos arredores do aeroporto, e antes mesmo da abertura do empreendimento, quase todos os espa\u00e7os foram ocupados por empresas e investidores que perceberam a oportunidade que \u00e9 estar conectado a um aeroporto e em um ambiente seguro e inovador.&nbsp;<\/p>\n\n\n\n<p>Santos Dumont fica ainda mais perto do centro da cidade, com apenas 2,5km de dist\u00e2ncia. Assim como fazemos no \u201cThe Circle\u201d, em Zurique, acredito que o Santos Dumont pode alavancar muito seu desenvolvimento se inspirando no princ\u00edpio b\u00e1sico dos bons investimentos: a diversifica\u00e7\u00e3o de receitas com a transforma\u00e7\u00e3o do entorno do aeroporto em \u201cuma cidade dentro da cidade\u201d. \u00c9 bom para os investidores e bom para a gera\u00e7\u00e3o de emprego e renda para os cariocas.<\/p>\n\n\n\n<p>Sabemos que os aeroportos centrais s\u00e3o estrat\u00e9gicos para o desenvolvimento urbano, e a chance que acaba de aparecer no Rio de Janeiro n\u00e3o \u00e9 diferente. Com liga\u00e7\u00e3o por VLT mantida no contrato de concess\u00e3o, ponte a\u00e9rea a 50 minutos da maior cidade da Am\u00e9rica Latina e a proximidade do centro de neg\u00f3cios do Rio, a concess\u00e3o do Aeroporto Santos Dumont pode ser a chave para a revitaliza\u00e7\u00e3o do centro da cidade.&nbsp;<\/p>\n\n\n\n<p>Operadores criativos e experientes certamente olham para esse ativo n\u00e3o apenas pensando em suas opera\u00e7\u00f5es \u2013 e consequente concorr\u00eancia com aeroportos vizinhos \u2013, mas em sua capacidade de gerar receita, novos neg\u00f3cios e melhor atendimento aos passageiros e cidad\u00e3os locais. Com base em nossa experi\u00eancia em todo o mundo posso afirmar que bons projetos geram valor, demandas e oportunidades at\u00e9 ent\u00e3o impens\u00e1veis.&nbsp;<\/p>\n\n\n\n<p>Limitar o Santos Dumont far\u00e1 o oposto de trazer mais voos para o Rio, pois menos rotas significam pre\u00e7os mais elevados, o que pode tornar o voo inalcan\u00e7\u00e1vel para muitos que viriam \u00e0 cidade. Ao mesmo tempo, apenas for\u00e7ar os voos dom\u00e9sticos para o Gale\u00e3o provavelmente n\u00e3o ser\u00e1 suficiente para trazer os voos de longa dist\u00e2ncia que desejamos.&nbsp;<\/p>\n\n\n\n<p>O ganha-ganha que abordei no in\u00edcio \u00e9 poss\u00edvel se o ambiente for livre para que os investimentos venham. Com a concorr\u00eancia e investimentos corajosos teremos um pa\u00eds com infraestrutura aeroportu\u00e1ria modernizada por um modelo que se provou eficaz em todo o mundo. Tamb\u00e9m ganham os investidores que vir\u00e3o realizar melhores neg\u00f3cios e deixar seu legado. E especialmente ganham os passageiros \u2013 com mais op\u00e7\u00f5es de voos, hor\u00e1rios e melhores pre\u00e7os \u2013 e os cidad\u00e3os, com cidades mais pr\u00f3speras e desenvolvidas.&nbsp;<\/p>\n\n\n\n<p>Enquanto entusiasta do crescimento brasileiro, investidor do setor e morador da cidade do Rio, eu acredito que esse \u00e9 o caminho que n\u00f3s precisamos seguir.<\/p>\n\n\n\n<h6 class=\"wp-block-heading\" id=\"block-aa9ff8cf-f9c2-435f-85ff-56a599c37bc9\"><strong>*<\/strong>Tobias Markert \u00e9 CEO da Zurich Airport Latin America.<\/h6>\n\n\n\n<h5 class=\"wp-block-heading\" id=\"block-d67878ff-7627-4f15-b175-8f58269174ff\">O iNFRADebate \u00e9 o espa\u00e7o de artigos da Ag\u00eancia iNFRA com opini\u00f5es de seus atores que n\u00e3o refletem necessariamente o pensamento da Ag\u00eancia iNFRA, sendo de total responsabilidade do autor as informa\u00e7\u00f5es, ju\u00edzos de valor e conceitos descritos no texto.<\/h5>\n","protected":false},"excerpt":{"rendered":"<p>Tobias Markert* O Brasil chegou \u00e0 s\u00e9tima rodada de concess\u00e3o de aeroportos e traz para a mesa dois importantes ativos para o pa\u00eds: os aeroportos de Congonhas, em S\u00e3o Paulo, e Santos Dumont, no Rio de Janeiro. No geral, a concess\u00e3o de aeroportos mudou a ind\u00fastria de avia\u00e7\u00e3o significativamente. Desde os anos 70 vemos a [&hellip;]<\/p>\n","protected":false},"author":9,"featured_media":9107,"comment_status":"closed","ping_status":"closed","sticky":false,"template":"","format":"standard","meta":{"_monsterinsights_skip_tracking":false,"_monsterinsights_sitenote_active":false,"_monsterinsights_sitenote_note":"","_monsterinsights_sitenote_category":0,"footnotes":""},"categories":[1,11],"tags":[107,78,680,3050,5146,34,32,743,5145,362],"class_list":["post-9103","post","type-post","status-publish","format-standard","has-post-thumbnail","hentry","category-geral","category-infradebate","tag-aeroportos","tag-concessoes","tag-congonhas","tag-galeao","tag-industria-de-aviacao","tag-infraestrutura","tag-investimentos","tag-santos-dumont","tag-tobias-markert","tag-transporte-aereo"],"yoast_head":"<!-- This site is optimized with the Yoast SEO Premium plugin v25.4 (Yoast SEO v26.0) - https:\/\/yoast.com\/wordpress\/plugins\/seo\/ -->\n<title>iNFRADebate: Santos Dumont \u00e9 uma das chaves para um novo Rio - Ag\u00eancia iNFRA<\/title>\n<meta name=\"robots\" content=\"index, follow, max-snippet:-1, max-image-preview:large, max-video-preview:-1\" \/>\n<link rel=\"canonical\" href=\"https:\/\/agenciainfra.com\/blog\/infradebate-santos-dumont-e-uma-das-chaves-para-um-novo-rio\/\" \/>\n<meta property=\"og:locale\" content=\"pt_BR\" \/>\n<meta property=\"og:type\" content=\"article\" \/>\n<meta property=\"og:title\" content=\"iNFRADebate: Santos Dumont \u00e9 uma das chaves para um novo Rio\" \/>\n<meta property=\"og:description\" content=\"Tobias Markert* O Brasil chegou \u00e0 s\u00e9tima rodada de concess\u00e3o de aeroportos e traz para a mesa dois importantes ativos para o pa\u00eds: os aeroportos de Congonhas, em S\u00e3o Paulo, e Santos Dumont, no Rio de Janeiro. No geral, a concess\u00e3o de aeroportos mudou a ind\u00fastria de avia\u00e7\u00e3o significativamente. Desde os anos 70 vemos a [&hellip;]\" \/>\n<meta property=\"og:url\" content=\"https:\/\/agenciainfra.com\/blog\/infradebate-santos-dumont-e-uma-das-chaves-para-um-novo-rio\/\" \/>\n<meta property=\"og:site_name\" content=\"Ag\u00eancia iNFRA\" \/>\n<meta property=\"article:publisher\" content=\"https:\/\/www.facebook.com\/ageninfra\" \/>\n<meta property=\"article:published_time\" content=\"2021-12-06T14:00:00+00:00\" \/>\n<meta property=\"og:image\" content=\"https:\/\/agenciainfra.com\/blog\/wp-content\/uploads\/2021\/12\/Tobias-Markert-foto-Felipe-Carneiro.jpeg\" \/>\n\t<meta property=\"og:image:width\" content=\"1280\" \/>\n\t<meta property=\"og:image:height\" content=\"853\" \/>\n\t<meta property=\"og:image:type\" content=\"image\/jpeg\" \/>\n<meta name=\"author\" content=\"Rodrigo Zuquim\" \/>\n<meta name=\"twitter:card\" content=\"summary_large_image\" \/>\n<meta name=\"twitter:creator\" content=\"@agencia_infra\" \/>\n<meta name=\"twitter:site\" content=\"@agencia_infra\" \/>\n<meta name=\"twitter:label1\" content=\"Escrito por\" \/>\n\t<meta name=\"twitter:data1\" content=\"Rodrigo Zuquim\" \/>\n\t<meta name=\"twitter:label2\" content=\"Est. tempo de leitura\" \/>\n\t<meta name=\"twitter:data2\" content=\"6 minutos\" \/>\n<script type=\"application\/ld+json\" class=\"yoast-schema-graph\">{\"@context\":\"https:\/\/schema.org\",\"@graph\":[{\"@type\":\"Article\",\"@id\":\"https:\/\/agenciainfra.com\/blog\/infradebate-santos-dumont-e-uma-das-chaves-para-um-novo-rio\/#article\",\"isPartOf\":{\"@id\":\"https:\/\/agenciainfra.com\/blog\/infradebate-santos-dumont-e-uma-das-chaves-para-um-novo-rio\/\"},\"author\":{\"name\":\"Rodrigo Zuquim\",\"@id\":\"https:\/\/agenciainfra.com\/blog\/#\/schema\/person\/04dbb79bd6d8951f063da71f3e4c1eb1\"},\"headline\":\"iNFRADebate: Santos Dumont \u00e9 uma das chaves para um novo Rio\",\"datePublished\":\"2021-12-06T14:00:00+00:00\",\"mainEntityOfPage\":{\"@id\":\"https:\/\/agenciainfra.com\/blog\/infradebate-santos-dumont-e-uma-das-chaves-para-um-novo-rio\/\"},\"wordCount\":1116,\"publisher\":{\"@id\":\"https:\/\/agenciainfra.com\/blog\/#organization\"},\"image\":{\"@id\":\"https:\/\/agenciainfra.com\/blog\/infradebate-santos-dumont-e-uma-das-chaves-para-um-novo-rio\/#primaryimage\"},\"thumbnailUrl\":\"https:\/\/agenciainfra.com\/blog\/wp-content\/uploads\/2021\/12\/Tobias-Markert-foto-Felipe-Carneiro.jpeg\",\"keywords\":[\"aeroportos\",\"concess\u00f5es\",\"Congonhas\",\"Gale\u00e3o\",\"ind\u00fastria de avia\u00e7\u00e3o\",\"Infraestrutura\",\"Investimentos\",\"Santos Dumont\",\"Tobias Markert\",\"transporte a\u00e9reo\"],\"articleSection\":[\"Geral\",\"iNFRADebate\"],\"inLanguage\":\"pt-BR\",\"copyrightYear\":\"2021\",\"copyrightHolder\":{\"@id\":\"https:\/\/agenciainfra.com\/blog\/#organization\"}},{\"@type\":\"WebPage\",\"@id\":\"https:\/\/agenciainfra.com\/blog\/infradebate-santos-dumont-e-uma-das-chaves-para-um-novo-rio\/\",\"url\":\"https:\/\/agenciainfra.com\/blog\/infradebate-santos-dumont-e-uma-das-chaves-para-um-novo-rio\/\",\"name\":\"iNFRADebate: Santos Dumont \u00e9 uma das chaves para um novo Rio - Ag\u00eancia iNFRA\",\"isPartOf\":{\"@id\":\"https:\/\/agenciainfra.com\/blog\/#website\"},\"primaryImageOfPage\":{\"@id\":\"https:\/\/agenciainfra.com\/blog\/infradebate-santos-dumont-e-uma-das-chaves-para-um-novo-rio\/#primaryimage\"},\"image\":{\"@id\":\"https:\/\/agenciainfra.com\/blog\/infradebate-santos-dumont-e-uma-das-chaves-para-um-novo-rio\/#primaryimage\"},\"thumbnailUrl\":\"https:\/\/agenciainfra.com\/blog\/wp-content\/uploads\/2021\/12\/Tobias-Markert-foto-Felipe-Carneiro.jpeg\",\"datePublished\":\"2021-12-06T14:00:00+00:00\",\"breadcrumb\":{\"@id\":\"https:\/\/agenciainfra.com\/blog\/infradebate-santos-dumont-e-uma-das-chaves-para-um-novo-rio\/#breadcrumb\"},\"inLanguage\":\"pt-BR\",\"potentialAction\":[{\"@type\":\"ReadAction\",\"target\":[\"https:\/\/agenciainfra.com\/blog\/infradebate-santos-dumont-e-uma-das-chaves-para-um-novo-rio\/\"]}]},{\"@type\":\"ImageObject\",\"inLanguage\":\"pt-BR\",\"@id\":\"https:\/\/agenciainfra.com\/blog\/infradebate-santos-dumont-e-uma-das-chaves-para-um-novo-rio\/#primaryimage\",\"url\":\"https:\/\/agenciainfra.com\/blog\/wp-content\/uploads\/2021\/12\/Tobias-Markert-foto-Felipe-Carneiro.jpeg\",\"contentUrl\":\"https:\/\/agenciainfra.com\/blog\/wp-content\/uploads\/2021\/12\/Tobias-Markert-foto-Felipe-Carneiro.jpeg\",\"width\":1280,\"height\":853},{\"@type\":\"BreadcrumbList\",\"@id\":\"https:\/\/agenciainfra.com\/blog\/infradebate-santos-dumont-e-uma-das-chaves-para-um-novo-rio\/#breadcrumb\",\"itemListElement\":[{\"@type\":\"ListItem\",\"position\":1,\"name\":\"In\u00edcio\",\"item\":\"https:\/\/agenciainfra.com\/blog\/\"},{\"@type\":\"ListItem\",\"position\":2,\"name\":\"iNFRADebate: Santos Dumont \u00e9 uma das chaves para um novo Rio\"}]},{\"@type\":\"WebSite\",\"@id\":\"https:\/\/agenciainfra.com\/blog\/#website\",\"url\":\"https:\/\/agenciainfra.com\/blog\/\",\"name\":\"Ag\u00eancia iNFRA\",\"description\":\"Multiplataforma de informa\u00e7\u00e3o jornal\u00edstica refer\u00eancia na \u00e1rea de infraestrutura no Brasil!\",\"publisher\":{\"@id\":\"https:\/\/agenciainfra.com\/blog\/#organization\"},\"potentialAction\":[{\"@type\":\"SearchAction\",\"target\":{\"@type\":\"EntryPoint\",\"urlTemplate\":\"https:\/\/agenciainfra.com\/blog\/?s={search_term_string}\"},\"query-input\":{\"@type\":\"PropertyValueSpecification\",\"valueRequired\":true,\"valueName\":\"search_term_string\"}}],\"inLanguage\":\"pt-BR\"},{\"@type\":\"Organization\",\"@id\":\"https:\/\/agenciainfra.com\/blog\/#organization\",\"name\":\"Ag\u00eancia iNFRA\",\"url\":\"https:\/\/agenciainfra.com\/blog\/\",\"logo\":{\"@type\":\"ImageObject\",\"inLanguage\":\"pt-BR\",\"@id\":\"https:\/\/agenciainfra.com\/blog\/#\/schema\/logo\/image\/\",\"url\":\"https:\/\/agenciainfra.com\/blog\/wp-content\/uploads\/2023\/09\/iNFRA_5-e1761735885940.png\",\"contentUrl\":\"https:\/\/agenciainfra.com\/blog\/wp-content\/uploads\/2023\/09\/iNFRA_5-e1761735885940.png\",\"width\":1672,\"height\":454,\"caption\":\"Ag\u00eancia iNFRA\"},\"image\":{\"@id\":\"https:\/\/agenciainfra.com\/blog\/#\/schema\/logo\/image\/\"},\"sameAs\":[\"https:\/\/www.facebook.com\/ageninfra\",\"https:\/\/x.com\/agencia_infra\",\"https:\/\/www.linkedin.com\/company\/ag\u00eanciainfra\/\",\"https:\/\/www.instagram.com\/agenciainfra\/\"]},{\"@type\":\"Person\",\"@id\":\"https:\/\/agenciainfra.com\/blog\/#\/schema\/person\/04dbb79bd6d8951f063da71f3e4c1eb1\",\"name\":\"Rodrigo Zuquim\",\"image\":{\"@type\":\"ImageObject\",\"inLanguage\":\"pt-BR\",\"@id\":\"https:\/\/agenciainfra.com\/blog\/#\/schema\/person\/image\/\",\"url\":\"https:\/\/secure.gravatar.com\/avatar\/594abfe82761d620726242ff34ca472a705a4b97f16c790053a6b4c4035274d0?s=96&d=mm&r=g\",\"contentUrl\":\"https:\/\/secure.gravatar.com\/avatar\/594abfe82761d620726242ff34ca472a705a4b97f16c790053a6b4c4035274d0?s=96&d=mm&r=g\",\"caption\":\"Rodrigo Zuquim\"},\"url\":\"https:\/\/agenciainfra.com\/blog\/author\/rodrigo-zuquim\/\"}]}<\/script>\n<!-- \/ Yoast SEO Premium plugin. -->","yoast_head_json":{"title":"iNFRADebate: Santos Dumont \u00e9 uma das chaves para um novo Rio - Ag\u00eancia iNFRA","robots":{"index":"index","follow":"follow","max-snippet":"max-snippet:-1","max-image-preview":"max-image-preview:large","max-video-preview":"max-video-preview:-1"},"canonical":"https:\/\/agenciainfra.com\/blog\/infradebate-santos-dumont-e-uma-das-chaves-para-um-novo-rio\/","og_locale":"pt_BR","og_type":"article","og_title":"iNFRADebate: Santos Dumont \u00e9 uma das chaves para um novo Rio","og_description":"Tobias Markert* O Brasil chegou \u00e0 s\u00e9tima rodada de concess\u00e3o de aeroportos e traz para a mesa dois importantes ativos para o pa\u00eds: os aeroportos de Congonhas, em S\u00e3o Paulo, e Santos Dumont, no Rio de Janeiro. No geral, a concess\u00e3o de aeroportos mudou a ind\u00fastria de avia\u00e7\u00e3o significativamente. Desde os anos 70 vemos a [&hellip;]","og_url":"https:\/\/agenciainfra.com\/blog\/infradebate-santos-dumont-e-uma-das-chaves-para-um-novo-rio\/","og_site_name":"Ag\u00eancia iNFRA","article_publisher":"https:\/\/www.facebook.com\/ageninfra","article_published_time":"2021-12-06T14:00:00+00:00","og_image":[{"width":1280,"height":853,"url":"https:\/\/agenciainfra.com\/blog\/wp-content\/uploads\/2021\/12\/Tobias-Markert-foto-Felipe-Carneiro.jpeg","type":"image\/jpeg"}],"author":"Rodrigo Zuquim","twitter_card":"summary_large_image","twitter_creator":"@agencia_infra","twitter_site":"@agencia_infra","twitter_misc":{"Escrito por":"Rodrigo Zuquim","Est. tempo de leitura":"6 minutos"},"schema":{"@context":"https:\/\/schema.org","@graph":[{"@type":"Article","@id":"https:\/\/agenciainfra.com\/blog\/infradebate-santos-dumont-e-uma-das-chaves-para-um-novo-rio\/#article","isPartOf":{"@id":"https:\/\/agenciainfra.com\/blog\/infradebate-santos-dumont-e-uma-das-chaves-para-um-novo-rio\/"},"author":{"name":"Rodrigo Zuquim","@id":"https:\/\/agenciainfra.com\/blog\/#\/schema\/person\/04dbb79bd6d8951f063da71f3e4c1eb1"},"headline":"iNFRADebate: Santos Dumont \u00e9 uma das chaves para um novo Rio","datePublished":"2021-12-06T14:00:00+00:00","mainEntityOfPage":{"@id":"https:\/\/agenciainfra.com\/blog\/infradebate-santos-dumont-e-uma-das-chaves-para-um-novo-rio\/"},"wordCount":1116,"publisher":{"@id":"https:\/\/agenciainfra.com\/blog\/#organization"},"image":{"@id":"https:\/\/agenciainfra.com\/blog\/infradebate-santos-dumont-e-uma-das-chaves-para-um-novo-rio\/#primaryimage"},"thumbnailUrl":"https:\/\/agenciainfra.com\/blog\/wp-content\/uploads\/2021\/12\/Tobias-Markert-foto-Felipe-Carneiro.jpeg","keywords":["aeroportos","concess\u00f5es","Congonhas","Gale\u00e3o","ind\u00fastria de avia\u00e7\u00e3o","Infraestrutura","Investimentos","Santos Dumont","Tobias Markert","transporte a\u00e9reo"],"articleSection":["Geral","iNFRADebate"],"inLanguage":"pt-BR","copyrightYear":"2021","copyrightHolder":{"@id":"https:\/\/agenciainfra.com\/blog\/#organization"}},{"@type":"WebPage","@id":"https:\/\/agenciainfra.com\/blog\/infradebate-santos-dumont-e-uma-das-chaves-para-um-novo-rio\/","url":"https:\/\/agenciainfra.com\/blog\/infradebate-santos-dumont-e-uma-das-chaves-para-um-novo-rio\/","name":"iNFRADebate: Santos Dumont \u00e9 uma das chaves para um novo Rio - Ag\u00eancia iNFRA","isPartOf":{"@id":"https:\/\/agenciainfra.com\/blog\/#website"},"primaryImageOfPage":{"@id":"https:\/\/agenciainfra.com\/blog\/infradebate-santos-dumont-e-uma-das-chaves-para-um-novo-rio\/#primaryimage"},"image":{"@id":"https:\/\/agenciainfra.com\/blog\/infradebate-santos-dumont-e-uma-das-chaves-para-um-novo-rio\/#primaryimage"},"thumbnailUrl":"https:\/\/agenciainfra.com\/blog\/wp-content\/uploads\/2021\/12\/Tobias-Markert-foto-Felipe-Carneiro.jpeg","datePublished":"2021-12-06T14:00:00+00:00","breadcrumb":{"@id":"https:\/\/agenciainfra.com\/blog\/infradebate-santos-dumont-e-uma-das-chaves-para-um-novo-rio\/#breadcrumb"},"inLanguage":"pt-BR","potentialAction":[{"@type":"ReadAction","target":["https:\/\/agenciainfra.com\/blog\/infradebate-santos-dumont-e-uma-das-chaves-para-um-novo-rio\/"]}]},{"@type":"ImageObject","inLanguage":"pt-BR","@id":"https:\/\/agenciainfra.com\/blog\/infradebate-santos-dumont-e-uma-das-chaves-para-um-novo-rio\/#primaryimage","url":"https:\/\/agenciainfra.com\/blog\/wp-content\/uploads\/2021\/12\/Tobias-Markert-foto-Felipe-Carneiro.jpeg","contentUrl":"https:\/\/agenciainfra.com\/blog\/wp-content\/uploads\/2021\/12\/Tobias-Markert-foto-Felipe-Carneiro.jpeg","width":1280,"height":853},{"@type":"BreadcrumbList","@id":"https:\/\/agenciainfra.com\/blog\/infradebate-santos-dumont-e-uma-das-chaves-para-um-novo-rio\/#breadcrumb","itemListElement":[{"@type":"ListItem","position":1,"name":"In\u00edcio","item":"https:\/\/agenciainfra.com\/blog\/"},{"@type":"ListItem","position":2,"name":"iNFRADebate: Santos Dumont \u00e9 uma das chaves para um novo Rio"}]},{"@type":"WebSite","@id":"https:\/\/agenciainfra.com\/blog\/#website","url":"https:\/\/agenciainfra.com\/blog\/","name":"Ag\u00eancia iNFRA","description":"Multiplataforma de informa\u00e7\u00e3o jornal\u00edstica refer\u00eancia na \u00e1rea de infraestrutura no Brasil!","publisher":{"@id":"https:\/\/agenciainfra.com\/blog\/#organization"},"potentialAction":[{"@type":"SearchAction","target":{"@type":"EntryPoint","urlTemplate":"https:\/\/agenciainfra.com\/blog\/?s={search_term_string}"},"query-input":{"@type":"PropertyValueSpecification","valueRequired":true,"valueName":"search_term_string"}}],"inLanguage":"pt-BR"},{"@type":"Organization","@id":"https:\/\/agenciainfra.com\/blog\/#organization","name":"Ag\u00eancia iNFRA","url":"https:\/\/agenciainfra.com\/blog\/","logo":{"@type":"ImageObject","inLanguage":"pt-BR","@id":"https:\/\/agenciainfra.com\/blog\/#\/schema\/logo\/image\/","url":"https:\/\/agenciainfra.com\/blog\/wp-content\/uploads\/2023\/09\/iNFRA_5-e1761735885940.png","contentUrl":"https:\/\/agenciainfra.com\/blog\/wp-content\/uploads\/2023\/09\/iNFRA_5-e1761735885940.png","width":1672,"height":454,"caption":"Ag\u00eancia iNFRA"},"image":{"@id":"https:\/\/agenciainfra.com\/blog\/#\/schema\/logo\/image\/"},"sameAs":["https:\/\/www.facebook.com\/ageninfra","https:\/\/x.com\/agencia_infra","https:\/\/www.linkedin.com\/company\/ag\u00eanciainfra\/","https:\/\/www.instagram.com\/agenciainfra\/"]},{"@type":"Person","@id":"https:\/\/agenciainfra.com\/blog\/#\/schema\/person\/04dbb79bd6d8951f063da71f3e4c1eb1","name":"Rodrigo Zuquim","image":{"@type":"ImageObject","inLanguage":"pt-BR","@id":"https:\/\/agenciainfra.com\/blog\/#\/schema\/person\/image\/","url":"https:\/\/secure.gravatar.com\/avatar\/594abfe82761d620726242ff34ca472a705a4b97f16c790053a6b4c4035274d0?s=96&d=mm&r=g","contentUrl":"https:\/\/secure.gravatar.com\/avatar\/594abfe82761d620726242ff34ca472a705a4b97f16c790053a6b4c4035274d0?s=96&d=mm&r=g","caption":"Rodrigo Zuquim"},"url":"https:\/\/agenciainfra.com\/blog\/author\/rodrigo-zuquim\/"}]}},"_links":{"self":[{"href":"https:\/\/agenciainfra.com\/blog\/wp-json\/wp\/v2\/posts\/9103","targetHints":{"allow":["GET"]}}],"collection":[{"href":"https:\/\/agenciainfra.com\/blog\/wp-json\/wp\/v2\/posts"}],"about":[{"href":"https:\/\/agenciainfra.com\/blog\/wp-json\/wp\/v2\/types\/post"}],"author":[{"embeddable":true,"href":"https:\/\/agenciainfra.com\/blog\/wp-json\/wp\/v2\/users\/9"}],"replies":[{"embeddable":true,"href":"https:\/\/agenciainfra.com\/blog\/wp-json\/wp\/v2\/comments?post=9103"}],"version-history":[{"count":0,"href":"https:\/\/agenciainfra.com\/blog\/wp-json\/wp\/v2\/posts\/9103\/revisions"}],"wp:featuredmedia":[{"embeddable":true,"href":"https:\/\/agenciainfra.com\/blog\/wp-json\/wp\/v2\/media\/9107"}],"wp:attachment":[{"href":"https:\/\/agenciainfra.com\/blog\/wp-json\/wp\/v2\/media?parent=9103"}],"wp:term":[{"taxonomy":"category","embeddable":true,"href":"https:\/\/agenciainfra.com\/blog\/wp-json\/wp\/v2\/categories?post=9103"},{"taxonomy":"post_tag","embeddable":true,"href":"https:\/\/agenciainfra.com\/blog\/wp-json\/wp\/v2\/tags?post=9103"}],"curies":[{"name":"wp","href":"https:\/\/api.w.org\/{rel}","templated":true}]}}