{"id":9115,"date":"2021-12-07T08:00:00","date_gmt":"2021-12-07T11:00:00","guid":{"rendered":"https:\/\/www.agenciainfra.com\/blog\/?p=9115"},"modified":"2021-12-06T12:17:49","modified_gmt":"2021-12-06T15:17:49","slug":"fundo-privado-quer-financiar-concessionarias-para-reduzir-consumo-de-energia-e-agua","status":"publish","type":"post","link":"https:\/\/agenciainfra.com\/blog\/fundo-privado-quer-financiar-concessionarias-para-reduzir-consumo-de-energia-e-agua\/","title":{"rendered":"Fundo privado quer financiar concession\u00e1rias para reduzir consumo de energia e \u00e1gua"},"content":{"rendered":"\n<p class=\"has-text-align-right\"><strong>Dimmi Amora, da\u00a0Ag\u00eancia iNFRA<\/strong><\/p>\n\n\n\n<p>Um fundo com recursos para financiar investimentos que possam reduzir o consumo de \u00e1gua e energia de ind\u00fastrias\u00a0e concession\u00e1rias do setor de infraestrutura. \u00c9 o que o Integral\u00a0Group, gestora de fundos, lan\u00e7ou para ampliar a capacidade das empresas em v\u00e1rios setores de ampliarem a efici\u00eancia.<\/p>\n\n\n\n<p>Igino Zucchi de Mattos, head de Infraestrutura do Integral Group, que administra uma carteira de quase R$ 10 bilh\u00f5es em v\u00e1rios tipos de investimentos, disse que o Fundo Integral Efici\u00eancia ESG vai come\u00e7ar com R$ 100 milh\u00f5es, tendo car\u00eancia de 12 meses e cinco anos para pagar os financiamentos.<\/p>\n\n\n\n<p>A aposta \u00e9 que empresas possam usar os recursos para financiar projetos de m\u00e9dio porte que ajudem a reduzir suas despesas operacionais nessas \u00e1reas e, ao mesmo tempo, as apoiem para alcan\u00e7ar suas metas de ESG previstas. Mattos v\u00ea potenciais em v\u00e1rias \u00e1reas de concess\u00f5es, como por exemplo mais uso de placas solares por concession\u00e1rios de telecomunica\u00e7\u00f5es ou de redu\u00e7\u00e3o do consumo de \u00e1gua por aeroportos.<\/p>\n\n\n\n<p>Outra caracter\u00edstica \u00e9 que o fundo tem parceria com o BID (Banco Interamericano de Desenvolvimento), que, segundo Mattos,&nbsp;j\u00e1 trabalhava na formata\u00e7\u00e3o de um instrumento para apoiar empresas que quisessem fazer investimentos para reduzir o consumo. De acordo com o executivo, o banco vai ter instrumentos&nbsp;de seguros que fazem a cobertura para o caso de metas que forem indicadas no financiamento n\u00e3o sejam totalmente alcan\u00e7adas pelos tomadores.<\/p>\n\n\n\n<p>Mattos fez parte da equipe inicial do PPI (Programa de Parcerias de Investimentos), em 2016, e chegou \u00e0 Integral para estruturar uma \u00e1rea de infraestrutura. O fundo, segundo ele,&nbsp;\u00e9 uma forma de colocar mais um p\u00e9 no setor, onde a institui\u00e7\u00e3o est\u00e1 se preparando para grandes investimentos nos pr\u00f3ximos anos.&nbsp;O executivo&nbsp;afirmou que, no momento, o Integral&nbsp;definiu alguns setores para olhar e est\u00e1 focado em projetos que n\u00e3o sejam muito grandes.<\/p>\n\n\n\n<p>Entre eles, h\u00e1 rodovias estaduais, terminais portu\u00e1rios e algumas das autoridades portu\u00e1rias que o governo federal est\u00e1 lan\u00e7ando para desestatiza\u00e7\u00e3o. Na \u00e1rea de energia, t\u00e9rmicas e gera\u00e7\u00e3o distribu\u00edda tamb\u00e9m est\u00e3o no foco; na infraestrutura urbana, as \u00e1reas de biog\u00e1s e ilumina\u00e7\u00e3o p\u00fablica est\u00e3o no radar para financiamento.<\/p>\n\n\n\n<p>&#8220;Nossa cabe\u00e7a est\u00e1 em pegar esse movimento ascendente da infraestrutura&#8221;, afirmou Mattos.<\/p>\n\n\n\n<p><strong>Mudou de patamar<\/strong><br>Mattos diz que a infraestrutura do pa\u00eds hoje &#8220;mudou de patamar&#8221; e atribui isso \u00e0 reorganiza\u00e7\u00e3o que o PPI fez no sistema de infraestrutura e o direcionamento dado para que o setor privado possa gerir e financiar os grandes investimentos necess\u00e1rios.<\/p>\n\n\n\n<p>&#8220;A agenda de investimentos privados que vem a\u00ed \u00e9 brutal. O transporte, que estava limitado a poucos investimentos, agora tem uma agenda gigante, inclusive com ferrovias, onde os investimentos pareciam imposs\u00edveis&#8221;, disse o executivo, defendendo que o projeto de deb\u00eantures de infraestrutura seja aprovado para ampliar as possibilidades de financiamento do setor.<\/p>\n\n\n\n<p><strong>Custo Brasil<\/strong><br>Ele tamb\u00e9m afirmou que mudan\u00e7as regulat\u00f3rias que est\u00e3o em andamento, como as autoriza\u00e7\u00f5es ferrovi\u00e1rias e o BR do Mar, poder\u00e3o criar uma nova dimens\u00e3o para os investimentos, se aprovadas, al\u00e9m dos programas de concess\u00f5es rodovi\u00e1rias e de autoridades portu\u00e1rias.<\/p>\n\n\n\n<p>&#8220;Hoje ainda n\u00e3o \u00e9 percept\u00edvel. Mas o que est\u00e1 sendo feito vai mudar muito o Custo Brasil nos pr\u00f3ximos cinco anos&#8221;, acredita o gestor.&nbsp;<\/p>\n\n\n\n<p><strong>Gargalos<\/strong><br>O executivo aponta no entanto que h\u00e1 ainda alguns gargalos que, se tiverem uma solu\u00e7\u00e3o, poder\u00e3o levar o pa\u00eds a um patamar ainda mais alto em termos de investimentos em infraestrutura. O maior deles seria acabar com as interfer\u00eancias na gest\u00e3o de garantias de PPPs (parcerias p\u00fablico-privadas).<\/p>\n\n\n\n<p>Para ele, a falta de seguran\u00e7a de que fundos garantidores v\u00e3o efetivamente funcionar e n\u00e3o sofrer\u00e3o interfer\u00eancias ao longo dos anos de contrato com trocas dos governos locais faz com que esse modelo de parceria seja subutilizado no pa\u00eds, dificultando uma maior entrada do setor privado no mercado.<\/p>\n\n\n\n<p>Outro gargalo seria melhorar a qualidade dos trabalhados dos gestores p\u00fablicos de estados e munic\u00edpios na&nbsp;estrutura\u00e7\u00e3o dos projetos do setor. Ele sugere que, especialmente na \u00e1rea de saneamento, haja um modelo estrutural, com uma especie de tool kit, para apoiar as cidades a fazerem projetos na \u00e1rea.<\/p>\n","protected":false},"excerpt":{"rendered":"<p>Dimmi Amora, da\u00a0Ag\u00eancia iNFRA Um fundo com recursos para financiar investimentos que possam reduzir o consumo de \u00e1gua e energia de ind\u00fastrias\u00a0e concession\u00e1rias do setor de infraestrutura. \u00c9 o que o Integral\u00a0Group, gestora de fundos, lan\u00e7ou para ampliar a capacidade das empresas em v\u00e1rios setores de ampliarem a efici\u00eancia. Igino Zucchi de Mattos, head de [&hellip;]<\/p>\n","protected":false},"author":9,"featured_media":9116,"comment_status":"closed","ping_status":"closed","sticky":false,"template":"","format":"standard","meta":{"_monsterinsights_skip_tracking":false,"_monsterinsights_sitenote_active":false,"_monsterinsights_sitenote_note":"","_monsterinsights_sitenote_category":0,"footnotes":""},"categories":[1,7],"tags":[107,660,78,369,880,25,1093,2805,5155,34,5154,32],"class_list":["post-9115","post","type-post","status-publish","format-standard","has-post-thumbnail","hentry","category-geral","category-infratransporte","tag-aeroportos","tag-agua","tag-concessoes","tag-consumo","tag-custo-brasil","tag-energia","tag-energia-solar","tag-esg","tag-igino-zucchi-de-mattos","tag-infraestrutura","tag-integral-group","tag-investimentos"],"yoast_head":"<!-- This site is optimized with the Yoast SEO Premium plugin v25.4 (Yoast SEO v26.0) - https:\/\/yoast.com\/wordpress\/plugins\/seo\/ -->\n<title>Fundo privado quer financiar concession\u00e1rias para reduzir consumo de energia e \u00e1gua - Ag\u00eancia iNFRA<\/title>\n<meta name=\"robots\" content=\"index, follow, max-snippet:-1, max-image-preview:large, max-video-preview:-1\" \/>\n<link rel=\"canonical\" href=\"https:\/\/agenciainfra.com\/blog\/fundo-privado-quer-financiar-concessionarias-para-reduzir-consumo-de-energia-e-agua\/\" \/>\n<meta property=\"og:locale\" content=\"pt_BR\" \/>\n<meta property=\"og:type\" content=\"article\" \/>\n<meta property=\"og:title\" content=\"Fundo privado quer financiar concession\u00e1rias para reduzir consumo de energia e \u00e1gua\" \/>\n<meta property=\"og:description\" content=\"Dimmi Amora, da\u00a0Ag\u00eancia iNFRA Um fundo com recursos para financiar investimentos que possam reduzir o consumo de \u00e1gua e energia de ind\u00fastrias\u00a0e concession\u00e1rias do setor de infraestrutura. \u00c9 o que o Integral\u00a0Group, gestora de fundos, lan\u00e7ou para ampliar a capacidade das empresas em v\u00e1rios setores de ampliarem a efici\u00eancia. Igino Zucchi de Mattos, head de [&hellip;]\" \/>\n<meta property=\"og:url\" content=\"https:\/\/agenciainfra.com\/blog\/fundo-privado-quer-financiar-concessionarias-para-reduzir-consumo-de-energia-e-agua\/\" \/>\n<meta property=\"og:site_name\" content=\"Ag\u00eancia iNFRA\" \/>\n<meta property=\"article:publisher\" content=\"https:\/\/www.facebook.com\/ageninfra\" \/>\n<meta property=\"article:published_time\" content=\"2021-12-07T11:00:00+00:00\" \/>\n<meta property=\"og:image\" content=\"https:\/\/agenciainfra.com\/blog\/wp-content\/uploads\/2021\/12\/usina-solar-foto-inframerica.jpeg\" \/>\n\t<meta property=\"og:image:width\" content=\"1280\" \/>\n\t<meta property=\"og:image:height\" content=\"720\" \/>\n\t<meta property=\"og:image:type\" content=\"image\/jpeg\" \/>\n<meta name=\"author\" content=\"Rodrigo Zuquim\" \/>\n<meta name=\"twitter:card\" content=\"summary_large_image\" \/>\n<meta name=\"twitter:creator\" content=\"@agencia_infra\" \/>\n<meta name=\"twitter:site\" content=\"@agencia_infra\" \/>\n<meta name=\"twitter:label1\" content=\"Escrito por\" \/>\n\t<meta name=\"twitter:data1\" content=\"Rodrigo Zuquim\" \/>\n\t<meta name=\"twitter:label2\" content=\"Est. tempo de leitura\" \/>\n\t<meta name=\"twitter:data2\" content=\"4 minutos\" \/>\n<script type=\"application\/ld+json\" class=\"yoast-schema-graph\">{\"@context\":\"https:\/\/schema.org\",\"@graph\":[{\"@type\":\"Article\",\"@id\":\"https:\/\/agenciainfra.com\/blog\/fundo-privado-quer-financiar-concessionarias-para-reduzir-consumo-de-energia-e-agua\/#article\",\"isPartOf\":{\"@id\":\"https:\/\/agenciainfra.com\/blog\/fundo-privado-quer-financiar-concessionarias-para-reduzir-consumo-de-energia-e-agua\/\"},\"author\":{\"name\":\"Rodrigo Zuquim\",\"@id\":\"https:\/\/agenciainfra.com\/blog\/#\/schema\/person\/04dbb79bd6d8951f063da71f3e4c1eb1\"},\"headline\":\"Fundo privado quer financiar concession\u00e1rias para reduzir consumo de energia e \u00e1gua\",\"datePublished\":\"2021-12-07T11:00:00+00:00\",\"mainEntityOfPage\":{\"@id\":\"https:\/\/agenciainfra.com\/blog\/fundo-privado-quer-financiar-concessionarias-para-reduzir-consumo-de-energia-e-agua\/\"},\"wordCount\":757,\"publisher\":{\"@id\":\"https:\/\/agenciainfra.com\/blog\/#organization\"},\"image\":{\"@id\":\"https:\/\/agenciainfra.com\/blog\/fundo-privado-quer-financiar-concessionarias-para-reduzir-consumo-de-energia-e-agua\/#primaryimage\"},\"thumbnailUrl\":\"https:\/\/agenciainfra.com\/blog\/wp-content\/uploads\/2021\/12\/usina-solar-foto-inframerica.jpeg\",\"keywords\":[\"aeroportos\",\"\u00e1gua\",\"concess\u00f5es\",\"consumo\",\"custo brasil\",\"energia\",\"energia solar\",\"ESG\",\"Igino Zucchi de Mattos\",\"Infraestrutura\",\"Integral Group\",\"Investimentos\"],\"articleSection\":[\"Geral\",\"iNFRATransporte\"],\"inLanguage\":\"pt-BR\",\"copyrightYear\":\"2021\",\"copyrightHolder\":{\"@id\":\"https:\/\/agenciainfra.com\/blog\/#organization\"}},{\"@type\":\"WebPage\",\"@id\":\"https:\/\/agenciainfra.com\/blog\/fundo-privado-quer-financiar-concessionarias-para-reduzir-consumo-de-energia-e-agua\/\",\"url\":\"https:\/\/agenciainfra.com\/blog\/fundo-privado-quer-financiar-concessionarias-para-reduzir-consumo-de-energia-e-agua\/\",\"name\":\"Fundo privado quer financiar concession\u00e1rias para reduzir consumo de energia e \u00e1gua - Ag\u00eancia iNFRA\",\"isPartOf\":{\"@id\":\"https:\/\/agenciainfra.com\/blog\/#website\"},\"primaryImageOfPage\":{\"@id\":\"https:\/\/agenciainfra.com\/blog\/fundo-privado-quer-financiar-concessionarias-para-reduzir-consumo-de-energia-e-agua\/#primaryimage\"},\"image\":{\"@id\":\"https:\/\/agenciainfra.com\/blog\/fundo-privado-quer-financiar-concessionarias-para-reduzir-consumo-de-energia-e-agua\/#primaryimage\"},\"thumbnailUrl\":\"https:\/\/agenciainfra.com\/blog\/wp-content\/uploads\/2021\/12\/usina-solar-foto-inframerica.jpeg\",\"datePublished\":\"2021-12-07T11:00:00+00:00\",\"breadcrumb\":{\"@id\":\"https:\/\/agenciainfra.com\/blog\/fundo-privado-quer-financiar-concessionarias-para-reduzir-consumo-de-energia-e-agua\/#breadcrumb\"},\"inLanguage\":\"pt-BR\",\"potentialAction\":[{\"@type\":\"ReadAction\",\"target\":[\"https:\/\/agenciainfra.com\/blog\/fundo-privado-quer-financiar-concessionarias-para-reduzir-consumo-de-energia-e-agua\/\"]}]},{\"@type\":\"ImageObject\",\"inLanguage\":\"pt-BR\",\"@id\":\"https:\/\/agenciainfra.com\/blog\/fundo-privado-quer-financiar-concessionarias-para-reduzir-consumo-de-energia-e-agua\/#primaryimage\",\"url\":\"https:\/\/agenciainfra.com\/blog\/wp-content\/uploads\/2021\/12\/usina-solar-foto-inframerica.jpeg\",\"contentUrl\":\"https:\/\/agenciainfra.com\/blog\/wp-content\/uploads\/2021\/12\/usina-solar-foto-inframerica.jpeg\",\"width\":1280,\"height\":720},{\"@type\":\"BreadcrumbList\",\"@id\":\"https:\/\/agenciainfra.com\/blog\/fundo-privado-quer-financiar-concessionarias-para-reduzir-consumo-de-energia-e-agua\/#breadcrumb\",\"itemListElement\":[{\"@type\":\"ListItem\",\"position\":1,\"name\":\"In\u00edcio\",\"item\":\"https:\/\/agenciainfra.com\/blog\/\"},{\"@type\":\"ListItem\",\"position\":2,\"name\":\"Fundo privado quer financiar concession\u00e1rias para reduzir consumo de energia e \u00e1gua\"}]},{\"@type\":\"WebSite\",\"@id\":\"https:\/\/agenciainfra.com\/blog\/#website\",\"url\":\"https:\/\/agenciainfra.com\/blog\/\",\"name\":\"Ag\u00eancia iNFRA\",\"description\":\"Multiplataforma de informa\u00e7\u00e3o jornal\u00edstica refer\u00eancia na \u00e1rea de infraestrutura no Brasil!\",\"publisher\":{\"@id\":\"https:\/\/agenciainfra.com\/blog\/#organization\"},\"potentialAction\":[{\"@type\":\"SearchAction\",\"target\":{\"@type\":\"EntryPoint\",\"urlTemplate\":\"https:\/\/agenciainfra.com\/blog\/?s={search_term_string}\"},\"query-input\":{\"@type\":\"PropertyValueSpecification\",\"valueRequired\":true,\"valueName\":\"search_term_string\"}}],\"inLanguage\":\"pt-BR\"},{\"@type\":\"Organization\",\"@id\":\"https:\/\/agenciainfra.com\/blog\/#organization\",\"name\":\"Ag\u00eancia iNFRA\",\"url\":\"https:\/\/agenciainfra.com\/blog\/\",\"logo\":{\"@type\":\"ImageObject\",\"inLanguage\":\"pt-BR\",\"@id\":\"https:\/\/agenciainfra.com\/blog\/#\/schema\/logo\/image\/\",\"url\":\"https:\/\/agenciainfra.com\/blog\/wp-content\/uploads\/2023\/09\/iNFRA_5-e1761735885940.png\",\"contentUrl\":\"https:\/\/agenciainfra.com\/blog\/wp-content\/uploads\/2023\/09\/iNFRA_5-e1761735885940.png\",\"width\":1672,\"height\":454,\"caption\":\"Ag\u00eancia iNFRA\"},\"image\":{\"@id\":\"https:\/\/agenciainfra.com\/blog\/#\/schema\/logo\/image\/\"},\"sameAs\":[\"https:\/\/www.facebook.com\/ageninfra\",\"https:\/\/x.com\/agencia_infra\",\"https:\/\/www.linkedin.com\/company\/ag\u00eanciainfra\/\",\"https:\/\/www.instagram.com\/agenciainfra\/\"]},{\"@type\":\"Person\",\"@id\":\"https:\/\/agenciainfra.com\/blog\/#\/schema\/person\/04dbb79bd6d8951f063da71f3e4c1eb1\",\"name\":\"Rodrigo Zuquim\",\"image\":{\"@type\":\"ImageObject\",\"inLanguage\":\"pt-BR\",\"@id\":\"https:\/\/agenciainfra.com\/blog\/#\/schema\/person\/image\/\",\"url\":\"https:\/\/secure.gravatar.com\/avatar\/594abfe82761d620726242ff34ca472a705a4b97f16c790053a6b4c4035274d0?s=96&d=mm&r=g\",\"contentUrl\":\"https:\/\/secure.gravatar.com\/avatar\/594abfe82761d620726242ff34ca472a705a4b97f16c790053a6b4c4035274d0?s=96&d=mm&r=g\",\"caption\":\"Rodrigo Zuquim\"},\"url\":\"https:\/\/agenciainfra.com\/blog\/author\/rodrigo-zuquim\/\"}]}<\/script>\n<!-- \/ Yoast SEO Premium plugin. -->","yoast_head_json":{"title":"Fundo privado quer financiar concession\u00e1rias para reduzir consumo de energia e \u00e1gua - Ag\u00eancia iNFRA","robots":{"index":"index","follow":"follow","max-snippet":"max-snippet:-1","max-image-preview":"max-image-preview:large","max-video-preview":"max-video-preview:-1"},"canonical":"https:\/\/agenciainfra.com\/blog\/fundo-privado-quer-financiar-concessionarias-para-reduzir-consumo-de-energia-e-agua\/","og_locale":"pt_BR","og_type":"article","og_title":"Fundo privado quer financiar concession\u00e1rias para reduzir consumo de energia e \u00e1gua","og_description":"Dimmi Amora, da\u00a0Ag\u00eancia iNFRA Um fundo com recursos para financiar investimentos que possam reduzir o consumo de \u00e1gua e energia de ind\u00fastrias\u00a0e concession\u00e1rias do setor de infraestrutura. \u00c9 o que o Integral\u00a0Group, gestora de fundos, lan\u00e7ou para ampliar a capacidade das empresas em v\u00e1rios setores de ampliarem a efici\u00eancia. Igino Zucchi de Mattos, head de [&hellip;]","og_url":"https:\/\/agenciainfra.com\/blog\/fundo-privado-quer-financiar-concessionarias-para-reduzir-consumo-de-energia-e-agua\/","og_site_name":"Ag\u00eancia iNFRA","article_publisher":"https:\/\/www.facebook.com\/ageninfra","article_published_time":"2021-12-07T11:00:00+00:00","og_image":[{"width":1280,"height":720,"url":"https:\/\/agenciainfra.com\/blog\/wp-content\/uploads\/2021\/12\/usina-solar-foto-inframerica.jpeg","type":"image\/jpeg"}],"author":"Rodrigo Zuquim","twitter_card":"summary_large_image","twitter_creator":"@agencia_infra","twitter_site":"@agencia_infra","twitter_misc":{"Escrito por":"Rodrigo Zuquim","Est. tempo de leitura":"4 minutos"},"schema":{"@context":"https:\/\/schema.org","@graph":[{"@type":"Article","@id":"https:\/\/agenciainfra.com\/blog\/fundo-privado-quer-financiar-concessionarias-para-reduzir-consumo-de-energia-e-agua\/#article","isPartOf":{"@id":"https:\/\/agenciainfra.com\/blog\/fundo-privado-quer-financiar-concessionarias-para-reduzir-consumo-de-energia-e-agua\/"},"author":{"name":"Rodrigo Zuquim","@id":"https:\/\/agenciainfra.com\/blog\/#\/schema\/person\/04dbb79bd6d8951f063da71f3e4c1eb1"},"headline":"Fundo privado quer financiar concession\u00e1rias para reduzir consumo de energia e \u00e1gua","datePublished":"2021-12-07T11:00:00+00:00","mainEntityOfPage":{"@id":"https:\/\/agenciainfra.com\/blog\/fundo-privado-quer-financiar-concessionarias-para-reduzir-consumo-de-energia-e-agua\/"},"wordCount":757,"publisher":{"@id":"https:\/\/agenciainfra.com\/blog\/#organization"},"image":{"@id":"https:\/\/agenciainfra.com\/blog\/fundo-privado-quer-financiar-concessionarias-para-reduzir-consumo-de-energia-e-agua\/#primaryimage"},"thumbnailUrl":"https:\/\/agenciainfra.com\/blog\/wp-content\/uploads\/2021\/12\/usina-solar-foto-inframerica.jpeg","keywords":["aeroportos","\u00e1gua","concess\u00f5es","consumo","custo brasil","energia","energia solar","ESG","Igino Zucchi de Mattos","Infraestrutura","Integral Group","Investimentos"],"articleSection":["Geral","iNFRATransporte"],"inLanguage":"pt-BR","copyrightYear":"2021","copyrightHolder":{"@id":"https:\/\/agenciainfra.com\/blog\/#organization"}},{"@type":"WebPage","@id":"https:\/\/agenciainfra.com\/blog\/fundo-privado-quer-financiar-concessionarias-para-reduzir-consumo-de-energia-e-agua\/","url":"https:\/\/agenciainfra.com\/blog\/fundo-privado-quer-financiar-concessionarias-para-reduzir-consumo-de-energia-e-agua\/","name":"Fundo privado quer financiar concession\u00e1rias para reduzir consumo de energia e \u00e1gua - Ag\u00eancia iNFRA","isPartOf":{"@id":"https:\/\/agenciainfra.com\/blog\/#website"},"primaryImageOfPage":{"@id":"https:\/\/agenciainfra.com\/blog\/fundo-privado-quer-financiar-concessionarias-para-reduzir-consumo-de-energia-e-agua\/#primaryimage"},"image":{"@id":"https:\/\/agenciainfra.com\/blog\/fundo-privado-quer-financiar-concessionarias-para-reduzir-consumo-de-energia-e-agua\/#primaryimage"},"thumbnailUrl":"https:\/\/agenciainfra.com\/blog\/wp-content\/uploads\/2021\/12\/usina-solar-foto-inframerica.jpeg","datePublished":"2021-12-07T11:00:00+00:00","breadcrumb":{"@id":"https:\/\/agenciainfra.com\/blog\/fundo-privado-quer-financiar-concessionarias-para-reduzir-consumo-de-energia-e-agua\/#breadcrumb"},"inLanguage":"pt-BR","potentialAction":[{"@type":"ReadAction","target":["https:\/\/agenciainfra.com\/blog\/fundo-privado-quer-financiar-concessionarias-para-reduzir-consumo-de-energia-e-agua\/"]}]},{"@type":"ImageObject","inLanguage":"pt-BR","@id":"https:\/\/agenciainfra.com\/blog\/fundo-privado-quer-financiar-concessionarias-para-reduzir-consumo-de-energia-e-agua\/#primaryimage","url":"https:\/\/agenciainfra.com\/blog\/wp-content\/uploads\/2021\/12\/usina-solar-foto-inframerica.jpeg","contentUrl":"https:\/\/agenciainfra.com\/blog\/wp-content\/uploads\/2021\/12\/usina-solar-foto-inframerica.jpeg","width":1280,"height":720},{"@type":"BreadcrumbList","@id":"https:\/\/agenciainfra.com\/blog\/fundo-privado-quer-financiar-concessionarias-para-reduzir-consumo-de-energia-e-agua\/#breadcrumb","itemListElement":[{"@type":"ListItem","position":1,"name":"In\u00edcio","item":"https:\/\/agenciainfra.com\/blog\/"},{"@type":"ListItem","position":2,"name":"Fundo privado quer financiar concession\u00e1rias para reduzir consumo de energia e \u00e1gua"}]},{"@type":"WebSite","@id":"https:\/\/agenciainfra.com\/blog\/#website","url":"https:\/\/agenciainfra.com\/blog\/","name":"Ag\u00eancia iNFRA","description":"Multiplataforma de informa\u00e7\u00e3o jornal\u00edstica refer\u00eancia na \u00e1rea de infraestrutura no Brasil!","publisher":{"@id":"https:\/\/agenciainfra.com\/blog\/#organization"},"potentialAction":[{"@type":"SearchAction","target":{"@type":"EntryPoint","urlTemplate":"https:\/\/agenciainfra.com\/blog\/?s={search_term_string}"},"query-input":{"@type":"PropertyValueSpecification","valueRequired":true,"valueName":"search_term_string"}}],"inLanguage":"pt-BR"},{"@type":"Organization","@id":"https:\/\/agenciainfra.com\/blog\/#organization","name":"Ag\u00eancia iNFRA","url":"https:\/\/agenciainfra.com\/blog\/","logo":{"@type":"ImageObject","inLanguage":"pt-BR","@id":"https:\/\/agenciainfra.com\/blog\/#\/schema\/logo\/image\/","url":"https:\/\/agenciainfra.com\/blog\/wp-content\/uploads\/2023\/09\/iNFRA_5-e1761735885940.png","contentUrl":"https:\/\/agenciainfra.com\/blog\/wp-content\/uploads\/2023\/09\/iNFRA_5-e1761735885940.png","width":1672,"height":454,"caption":"Ag\u00eancia iNFRA"},"image":{"@id":"https:\/\/agenciainfra.com\/blog\/#\/schema\/logo\/image\/"},"sameAs":["https:\/\/www.facebook.com\/ageninfra","https:\/\/x.com\/agencia_infra","https:\/\/www.linkedin.com\/company\/ag\u00eanciainfra\/","https:\/\/www.instagram.com\/agenciainfra\/"]},{"@type":"Person","@id":"https:\/\/agenciainfra.com\/blog\/#\/schema\/person\/04dbb79bd6d8951f063da71f3e4c1eb1","name":"Rodrigo Zuquim","image":{"@type":"ImageObject","inLanguage":"pt-BR","@id":"https:\/\/agenciainfra.com\/blog\/#\/schema\/person\/image\/","url":"https:\/\/secure.gravatar.com\/avatar\/594abfe82761d620726242ff34ca472a705a4b97f16c790053a6b4c4035274d0?s=96&d=mm&r=g","contentUrl":"https:\/\/secure.gravatar.com\/avatar\/594abfe82761d620726242ff34ca472a705a4b97f16c790053a6b4c4035274d0?s=96&d=mm&r=g","caption":"Rodrigo Zuquim"},"url":"https:\/\/agenciainfra.com\/blog\/author\/rodrigo-zuquim\/"}]}},"_links":{"self":[{"href":"https:\/\/agenciainfra.com\/blog\/wp-json\/wp\/v2\/posts\/9115","targetHints":{"allow":["GET"]}}],"collection":[{"href":"https:\/\/agenciainfra.com\/blog\/wp-json\/wp\/v2\/posts"}],"about":[{"href":"https:\/\/agenciainfra.com\/blog\/wp-json\/wp\/v2\/types\/post"}],"author":[{"embeddable":true,"href":"https:\/\/agenciainfra.com\/blog\/wp-json\/wp\/v2\/users\/9"}],"replies":[{"embeddable":true,"href":"https:\/\/agenciainfra.com\/blog\/wp-json\/wp\/v2\/comments?post=9115"}],"version-history":[{"count":0,"href":"https:\/\/agenciainfra.com\/blog\/wp-json\/wp\/v2\/posts\/9115\/revisions"}],"wp:featuredmedia":[{"embeddable":true,"href":"https:\/\/agenciainfra.com\/blog\/wp-json\/wp\/v2\/media\/9116"}],"wp:attachment":[{"href":"https:\/\/agenciainfra.com\/blog\/wp-json\/wp\/v2\/media?parent=9115"}],"wp:term":[{"taxonomy":"category","embeddable":true,"href":"https:\/\/agenciainfra.com\/blog\/wp-json\/wp\/v2\/categories?post=9115"},{"taxonomy":"post_tag","embeddable":true,"href":"https:\/\/agenciainfra.com\/blog\/wp-json\/wp\/v2\/tags?post=9115"}],"curies":[{"name":"wp","href":"https:\/\/api.w.org\/{rel}","templated":true}]}}