{"id":9126,"date":"2021-12-09T08:00:00","date_gmt":"2021-12-09T11:00:00","guid":{"rendered":"https:\/\/www.agenciainfra.com\/blog\/?p=9126"},"modified":"2021-12-08T13:19:52","modified_gmt":"2021-12-08T16:19:52","slug":"novas-concessoes-rodoviarias-terao-classes-diferentes-para-prestacao-de-servico-nas-vias","status":"publish","type":"post","link":"https:\/\/agenciainfra.com\/blog\/novas-concessoes-rodoviarias-terao-classes-diferentes-para-prestacao-de-servico-nas-vias\/","title":{"rendered":"Novas concess\u00f5es rodovi\u00e1rias ter\u00e3o classes diferentes para presta\u00e7\u00e3o de servi\u00e7o nas vias"},"content":{"rendered":"\n<p class=\"has-text-align-right\"><strong>Dimmi Amora, da\u00a0Ag\u00eancia iNFRA<\/strong><\/p>\n\n\n\n<p>O Minist\u00e9rio da Infraestrutura finalizou na \u00faltima ter\u00e7a-feira (7) a proposta para iniciar um processo de concess\u00e3o de quatro lotes de rodovias nos estados de Goi\u00e1s, Mato Grosso e Rond\u00f4nia, com 2,560\u00a0mil quil\u00f4metros de extens\u00e3o.<\/p>\n\n\n\n<p>A modelagem, feita em parceria com o BNDES e que agora vai para a ANTT (Ag\u00eancia Nacional de Transportes Terrestres) colocar em consulta p\u00fablica, prevista para come\u00e7ar ainda neste ano e com prazo de 45 dias, traz algumas novidades em rela\u00e7\u00e3o \u00e0 presta\u00e7\u00e3o de servi\u00e7os nas rodovias que ser\u00e3o administradas pelo setor privado.<\/p>\n\n\n\n<p>Os trechos rodovi\u00e1rios a serem concessionados foram divididos em duas&nbsp;classes, A e B (n\u00e3o s\u00e3o as classes comumente usadas para definir a qualidade dos servi\u00e7os das vias). As \u00e1reas B dentro da concess\u00e3o s\u00e3o em regi\u00f5es com caracter\u00edstica de tr\u00e1fego mais rural, com mais baixo volume de tr\u00e1fego. V\u00e3o ter alguns servi\u00e7os com exig\u00eancia menor que as \u00e1reas A da rodovia, essas com caracter\u00edstica mais urbana e, por isso, maior frequ\u00eancia de tr\u00e1fego.<\/p>\n\n\n\n<p>Al\u00e9m disso, tamb\u00e9m foram flexibilizadas na proposta&nbsp;algumas exig\u00eancias de investimentos no in\u00edcio da concess\u00e3o. Os investimentos iniciais para assun\u00e7\u00e3o da rodovia, que tinham que ser feitos em 12 meses, passam para 24 meses. J\u00e1 o prazo para as obras de recupera\u00e7\u00e3o sobem de cinco anos para nove anos.<\/p>\n\n\n\n<p>A secret\u00e1ria de Planejamento, Fomento e Parcerias do Minist\u00e9rio da Infraestrutura, Nat\u00e1lia Marcassa, afirmou em entrevista \u00e0&nbsp;<strong>Ag\u00eancia iNFRA<\/strong>&nbsp;que os trechos desse grupo, chamado de Centro-Norte, fazem parte de um lote de 6,7 mil quil\u00f4metros de rodovias que o banco est\u00e1 estruturando para o governo.&nbsp;<\/p>\n\n\n\n<p>Entre janeiro e fevereiro, mais cinco ou seis lotes devem ser apresentados para o mercado, com rodovias no Rio Grande Sul e em estados do Nordeste. Outros lotes em Minas Gerais e Bahia, que fazem parte de um trecho em estudos de mais 1,6 mil quil\u00f4metros no banco, devem ter as propostas apresentadas&nbsp;tamb\u00e9m em 2022.<\/p>\n\n\n\n<p><strong>Desafio<\/strong><br>No caso do lote Centro-Norte, Marcassa explicou que havia um desafio do governo, j\u00e1 que as estradas nunca tiveram ped\u00e1gios e est\u00e3o em pontos que s\u00e3o relevantes para o transporte de carga, especialmente do agroneg\u00f3cio, mas apresentam um volume m\u00e9dio di\u00e1rio de tr\u00e1fego abaixo ao de rodovias que j\u00e1 foram pedagiadas, especialmente no Sul e Sudeste do pa\u00eds.<\/p>\n\n\n\n<p>Para que fosse poss\u00edvel incluir uma extens\u00e3o maior&nbsp;de quil\u00f4metros dentro dos lotes, a estrat\u00e9gia foi reduzir os custos operacionais para as concession\u00e1rias. O padr\u00e3o para guincho leve nos trechos A ser\u00e1 de 30 minutos. Nos trechos B, 45 minutos, por exemplo. N\u00e3o haver\u00e1 contudo diferencia\u00e7\u00e3o nas tarifas entre os dois trechos, que est\u00e3o moduladas para a faixa dos R$ 0,11&nbsp;centavos por quil\u00f4metro, valor que ainda vai&nbsp;passar por revis\u00f5es at\u00e9 o edital.<\/p>\n\n\n\n<p><strong>Seguran\u00e7a<\/strong><br>Segundo a secret\u00e1ria, os estudos tamb\u00e9m privilegiaram investimentos em amplia\u00e7\u00e3o de capacidade que fossem voltados para a seguran\u00e7a dos usu\u00e1rios.&nbsp;Por isso, haver\u00e1 duplica\u00e7\u00f5es, constru\u00e7\u00f5es de an\u00e9is vi\u00e1rios e contornos e terceiras faixas, dentro dos padr\u00f5es iRAP, que levam a uma estimativa de investimentos na casa dos R$ 13,6 bilh\u00f5es at\u00e9 o momento, segundo a secret\u00e1ria.<\/p>\n\n\n\n<p>Em rela\u00e7\u00e3o \u00e0 regula\u00e7\u00e3o e ao modelo de leil\u00e3o, a secret\u00e1ria informou que eles v\u00e3o seguir o padr\u00e3o das concess\u00f5es federais que est\u00e3o em andamento, com mecanismos como o DUF (Desconto de Usu\u00e1rios Frequente), desconto para uso de tag, isen\u00e7\u00e3o para motos, recursos para flutua\u00e7\u00f5es cambiais, disputa em modelo h\u00edbrido etc.<\/p>\n\n\n\n<p><strong>&#8220;Grata surpresa&#8221;<\/strong><br>Superintendente da \u00c1rea de Estrutura\u00e7\u00e3o de Parcerias de Investimentos do BNDES, Cleverson Aroeira explicou que a estrutura\u00e7\u00e3o dos lotes dessas tr\u00eas regi\u00f5es foi um desafio para o banco, mas acabou se revelando uma grata surpresa, pelo fato de ter sido poss\u00edvel incluir praticamente todos os trechos rodovi\u00e1rios&nbsp;estudados, mesmo em \u00e1reas remotas ou de tr\u00e1fego mais baixo.<\/p>\n\n\n\n<p>Ele explicou que os estudos indicaram que uma duplica\u00e7\u00e3o completa dessas vias, por exemplo, inviabilizaria&nbsp;a tarifa nos patamares que t\u00eam sido levados a leil\u00e3o.&nbsp;Mas que \u00e9 poss\u00edvel, com essa tarifa, fazer a estrada se manter adequada, com fluidez e qualidade, especialmente para o escoamento de cargas do agroneg\u00f3cio da regi\u00e3o.<\/p>\n\n\n\n<p>Uma extens\u00e3o maior de rodovias concedidas tamb\u00e9m foi buscada, segundo Aroeira, para que se possa ter um benef\u00edcio adicional de reduzir a press\u00e3o do or\u00e7amento p\u00fablico para a conserva\u00e7\u00e3o das&nbsp;rodovias federais a cargo do DNIT (Departamento Nacional de Infraestrutura de Transportes). Marcassa, do Minist\u00e9rio da Infraestrutura, diz que esse tem sido o objetivo da pasta em praticamente todos os processos de concess\u00e3o.<\/p>\n\n\n\n<p>&#8220;O que fazemos aqui \u00e9 para nos desobrigar de utiliza\u00e7\u00e3o do or\u00e7amento da Uni\u00e3o e tentar manter com esse recurso os ativos n\u00e3o&nbsp;desestatiz\u00e1veis&#8221;, explicou Marcassa.<\/p>\n","protected":false},"excerpt":{"rendered":"<p>Dimmi Amora, da\u00a0Ag\u00eancia iNFRA O Minist\u00e9rio da Infraestrutura finalizou na \u00faltima ter\u00e7a-feira (7) a proposta para iniciar um processo de concess\u00e3o de quatro lotes de rodovias nos estados de Goi\u00e1s, Mato Grosso e Rond\u00f4nia, com 2,560\u00a0mil quil\u00f4metros de extens\u00e3o. A modelagem, feita em parceria com o BNDES e que agora vai para a ANTT (Ag\u00eancia [&hellip;]<\/p>\n","protected":false},"author":9,"featured_media":3397,"comment_status":"closed","ping_status":"closed","sticky":false,"template":"","format":"standard","meta":{"_monsterinsights_skip_tracking":false,"_monsterinsights_sitenote_active":false,"_monsterinsights_sitenote_note":"","_monsterinsights_sitenote_category":0,"footnotes":""},"categories":[1,7],"tags":[663,19,103,3504,78,32,775,890,126,940],"class_list":["post-9126","post","type-post","status-publish","format-standard","has-post-thumbnail","hentry","category-geral","category-infratransporte","tag-agronegocio","tag-antt","tag-bndes","tag-cleverson-aroeira","tag-concessoes","tag-investimentos","tag-ministerio-da-infraestrutura","tag-natalia-marcassa","tag-rodovias","tag-transporte-de-carga"],"yoast_head":"<!-- This site is optimized with the Yoast SEO Premium plugin v25.4 (Yoast SEO v26.0) - https:\/\/yoast.com\/wordpress\/plugins\/seo\/ -->\n<title>Novas concess\u00f5es rodovi\u00e1rias ter\u00e3o classes diferentes para presta\u00e7\u00e3o de servi\u00e7o nas vias - Ag\u00eancia iNFRA<\/title>\n<meta name=\"robots\" content=\"index, follow, max-snippet:-1, max-image-preview:large, max-video-preview:-1\" \/>\n<link rel=\"canonical\" href=\"https:\/\/agenciainfra.com\/blog\/novas-concessoes-rodoviarias-terao-classes-diferentes-para-prestacao-de-servico-nas-vias\/\" \/>\n<meta property=\"og:locale\" content=\"pt_BR\" \/>\n<meta property=\"og:type\" content=\"article\" \/>\n<meta property=\"og:title\" content=\"Novas concess\u00f5es rodovi\u00e1rias ter\u00e3o classes diferentes para presta\u00e7\u00e3o de servi\u00e7o nas vias\" \/>\n<meta property=\"og:description\" content=\"Dimmi Amora, da\u00a0Ag\u00eancia iNFRA O Minist\u00e9rio da Infraestrutura finalizou na \u00faltima ter\u00e7a-feira (7) a proposta para iniciar um processo de concess\u00e3o de quatro lotes de rodovias nos estados de Goi\u00e1s, Mato Grosso e Rond\u00f4nia, com 2,560\u00a0mil quil\u00f4metros de extens\u00e3o. A modelagem, feita em parceria com o BNDES e que agora vai para a ANTT (Ag\u00eancia [&hellip;]\" \/>\n<meta property=\"og:url\" content=\"https:\/\/agenciainfra.com\/blog\/novas-concessoes-rodoviarias-terao-classes-diferentes-para-prestacao-de-servico-nas-vias\/\" \/>\n<meta property=\"og:site_name\" content=\"Ag\u00eancia iNFRA\" \/>\n<meta property=\"article:publisher\" content=\"https:\/\/www.facebook.com\/ageninfra\" \/>\n<meta property=\"article:published_time\" content=\"2021-12-09T11:00:00+00:00\" \/>\n<meta property=\"og:image\" content=\"https:\/\/agenciainfra.com\/blog\/wp-content\/uploads\/2019\/07\/rodovia-beth-santos-secretaria-geral-da-presidencia.jpg\" \/>\n\t<meta property=\"og:image:width\" content=\"1280\" \/>\n\t<meta property=\"og:image:height\" content=\"853\" \/>\n\t<meta property=\"og:image:type\" content=\"image\/jpeg\" \/>\n<meta name=\"author\" content=\"Rodrigo Zuquim\" \/>\n<meta name=\"twitter:card\" content=\"summary_large_image\" \/>\n<meta name=\"twitter:creator\" content=\"@agencia_infra\" \/>\n<meta name=\"twitter:site\" content=\"@agencia_infra\" \/>\n<meta name=\"twitter:label1\" content=\"Escrito por\" \/>\n\t<meta name=\"twitter:data1\" content=\"Rodrigo Zuquim\" \/>\n\t<meta name=\"twitter:label2\" content=\"Est. tempo de leitura\" \/>\n\t<meta name=\"twitter:data2\" content=\"4 minutos\" \/>\n<script type=\"application\/ld+json\" class=\"yoast-schema-graph\">{\"@context\":\"https:\/\/schema.org\",\"@graph\":[{\"@type\":\"Article\",\"@id\":\"https:\/\/agenciainfra.com\/blog\/novas-concessoes-rodoviarias-terao-classes-diferentes-para-prestacao-de-servico-nas-vias\/#article\",\"isPartOf\":{\"@id\":\"https:\/\/agenciainfra.com\/blog\/novas-concessoes-rodoviarias-terao-classes-diferentes-para-prestacao-de-servico-nas-vias\/\"},\"author\":{\"name\":\"Rodrigo Zuquim\",\"@id\":\"https:\/\/agenciainfra.com\/blog\/#\/schema\/person\/04dbb79bd6d8951f063da71f3e4c1eb1\"},\"headline\":\"Novas concess\u00f5es rodovi\u00e1rias ter\u00e3o classes diferentes para presta\u00e7\u00e3o de servi\u00e7o nas vias\",\"datePublished\":\"2021-12-09T11:00:00+00:00\",\"mainEntityOfPage\":{\"@id\":\"https:\/\/agenciainfra.com\/blog\/novas-concessoes-rodoviarias-terao-classes-diferentes-para-prestacao-de-servico-nas-vias\/\"},\"wordCount\":891,\"publisher\":{\"@id\":\"https:\/\/agenciainfra.com\/blog\/#organization\"},\"image\":{\"@id\":\"https:\/\/agenciainfra.com\/blog\/novas-concessoes-rodoviarias-terao-classes-diferentes-para-prestacao-de-servico-nas-vias\/#primaryimage\"},\"thumbnailUrl\":\"https:\/\/agenciainfra.com\/blog\/wp-content\/uploads\/2019\/07\/rodovia-beth-santos-secretaria-geral-da-presidencia.jpg\",\"keywords\":[\"agroneg\u00f3cio\",\"ANTT\",\"BNDES\",\"Cleverson Aroeira\",\"concess\u00f5es\",\"Investimentos\",\"Minist\u00e9rio da Infraestrutura\",\"Nat\u00e1lia Marcassa\",\"rodovias\",\"transporte de carga\"],\"articleSection\":[\"Geral\",\"iNFRATransporte\"],\"inLanguage\":\"pt-BR\",\"copyrightYear\":\"2021\",\"copyrightHolder\":{\"@id\":\"https:\/\/agenciainfra.com\/blog\/#organization\"}},{\"@type\":\"WebPage\",\"@id\":\"https:\/\/agenciainfra.com\/blog\/novas-concessoes-rodoviarias-terao-classes-diferentes-para-prestacao-de-servico-nas-vias\/\",\"url\":\"https:\/\/agenciainfra.com\/blog\/novas-concessoes-rodoviarias-terao-classes-diferentes-para-prestacao-de-servico-nas-vias\/\",\"name\":\"Novas concess\u00f5es rodovi\u00e1rias ter\u00e3o classes diferentes para presta\u00e7\u00e3o de servi\u00e7o nas vias - Ag\u00eancia iNFRA\",\"isPartOf\":{\"@id\":\"https:\/\/agenciainfra.com\/blog\/#website\"},\"primaryImageOfPage\":{\"@id\":\"https:\/\/agenciainfra.com\/blog\/novas-concessoes-rodoviarias-terao-classes-diferentes-para-prestacao-de-servico-nas-vias\/#primaryimage\"},\"image\":{\"@id\":\"https:\/\/agenciainfra.com\/blog\/novas-concessoes-rodoviarias-terao-classes-diferentes-para-prestacao-de-servico-nas-vias\/#primaryimage\"},\"thumbnailUrl\":\"https:\/\/agenciainfra.com\/blog\/wp-content\/uploads\/2019\/07\/rodovia-beth-santos-secretaria-geral-da-presidencia.jpg\",\"datePublished\":\"2021-12-09T11:00:00+00:00\",\"breadcrumb\":{\"@id\":\"https:\/\/agenciainfra.com\/blog\/novas-concessoes-rodoviarias-terao-classes-diferentes-para-prestacao-de-servico-nas-vias\/#breadcrumb\"},\"inLanguage\":\"pt-BR\",\"potentialAction\":[{\"@type\":\"ReadAction\",\"target\":[\"https:\/\/agenciainfra.com\/blog\/novas-concessoes-rodoviarias-terao-classes-diferentes-para-prestacao-de-servico-nas-vias\/\"]}]},{\"@type\":\"ImageObject\",\"inLanguage\":\"pt-BR\",\"@id\":\"https:\/\/agenciainfra.com\/blog\/novas-concessoes-rodoviarias-terao-classes-diferentes-para-prestacao-de-servico-nas-vias\/#primaryimage\",\"url\":\"https:\/\/agenciainfra.com\/blog\/wp-content\/uploads\/2019\/07\/rodovia-beth-santos-secretaria-geral-da-presidencia.jpg\",\"contentUrl\":\"https:\/\/agenciainfra.com\/blog\/wp-content\/uploads\/2019\/07\/rodovia-beth-santos-secretaria-geral-da-presidencia.jpg\",\"width\":1280,\"height\":853,\"caption\":\"Foto: Beth Santos\/Secretaria Geral da PR\"},{\"@type\":\"BreadcrumbList\",\"@id\":\"https:\/\/agenciainfra.com\/blog\/novas-concessoes-rodoviarias-terao-classes-diferentes-para-prestacao-de-servico-nas-vias\/#breadcrumb\",\"itemListElement\":[{\"@type\":\"ListItem\",\"position\":1,\"name\":\"In\u00edcio\",\"item\":\"https:\/\/agenciainfra.com\/blog\/\"},{\"@type\":\"ListItem\",\"position\":2,\"name\":\"Novas concess\u00f5es rodovi\u00e1rias ter\u00e3o classes diferentes para presta\u00e7\u00e3o de servi\u00e7o nas vias\"}]},{\"@type\":\"WebSite\",\"@id\":\"https:\/\/agenciainfra.com\/blog\/#website\",\"url\":\"https:\/\/agenciainfra.com\/blog\/\",\"name\":\"Ag\u00eancia iNFRA\",\"description\":\"Multiplataforma de informa\u00e7\u00e3o jornal\u00edstica refer\u00eancia na \u00e1rea de infraestrutura no Brasil!\",\"publisher\":{\"@id\":\"https:\/\/agenciainfra.com\/blog\/#organization\"},\"potentialAction\":[{\"@type\":\"SearchAction\",\"target\":{\"@type\":\"EntryPoint\",\"urlTemplate\":\"https:\/\/agenciainfra.com\/blog\/?s={search_term_string}\"},\"query-input\":{\"@type\":\"PropertyValueSpecification\",\"valueRequired\":true,\"valueName\":\"search_term_string\"}}],\"inLanguage\":\"pt-BR\"},{\"@type\":\"Organization\",\"@id\":\"https:\/\/agenciainfra.com\/blog\/#organization\",\"name\":\"Ag\u00eancia iNFRA\",\"url\":\"https:\/\/agenciainfra.com\/blog\/\",\"logo\":{\"@type\":\"ImageObject\",\"inLanguage\":\"pt-BR\",\"@id\":\"https:\/\/agenciainfra.com\/blog\/#\/schema\/logo\/image\/\",\"url\":\"https:\/\/agenciainfra.com\/blog\/wp-content\/uploads\/2023\/09\/iNFRA_5-e1761735885940.png\",\"contentUrl\":\"https:\/\/agenciainfra.com\/blog\/wp-content\/uploads\/2023\/09\/iNFRA_5-e1761735885940.png\",\"width\":1672,\"height\":454,\"caption\":\"Ag\u00eancia iNFRA\"},\"image\":{\"@id\":\"https:\/\/agenciainfra.com\/blog\/#\/schema\/logo\/image\/\"},\"sameAs\":[\"https:\/\/www.facebook.com\/ageninfra\",\"https:\/\/x.com\/agencia_infra\",\"https:\/\/www.linkedin.com\/company\/ag\u00eanciainfra\/\",\"https:\/\/www.instagram.com\/agenciainfra\/\"]},{\"@type\":\"Person\",\"@id\":\"https:\/\/agenciainfra.com\/blog\/#\/schema\/person\/04dbb79bd6d8951f063da71f3e4c1eb1\",\"name\":\"Rodrigo Zuquim\",\"image\":{\"@type\":\"ImageObject\",\"inLanguage\":\"pt-BR\",\"@id\":\"https:\/\/agenciainfra.com\/blog\/#\/schema\/person\/image\/\",\"url\":\"https:\/\/secure.gravatar.com\/avatar\/594abfe82761d620726242ff34ca472a705a4b97f16c790053a6b4c4035274d0?s=96&d=mm&r=g\",\"contentUrl\":\"https:\/\/secure.gravatar.com\/avatar\/594abfe82761d620726242ff34ca472a705a4b97f16c790053a6b4c4035274d0?s=96&d=mm&r=g\",\"caption\":\"Rodrigo Zuquim\"},\"url\":\"https:\/\/agenciainfra.com\/blog\/author\/rodrigo-zuquim\/\"}]}<\/script>\n<!-- \/ Yoast SEO Premium plugin. -->","yoast_head_json":{"title":"Novas concess\u00f5es rodovi\u00e1rias ter\u00e3o classes diferentes para presta\u00e7\u00e3o de servi\u00e7o nas vias - Ag\u00eancia iNFRA","robots":{"index":"index","follow":"follow","max-snippet":"max-snippet:-1","max-image-preview":"max-image-preview:large","max-video-preview":"max-video-preview:-1"},"canonical":"https:\/\/agenciainfra.com\/blog\/novas-concessoes-rodoviarias-terao-classes-diferentes-para-prestacao-de-servico-nas-vias\/","og_locale":"pt_BR","og_type":"article","og_title":"Novas concess\u00f5es rodovi\u00e1rias ter\u00e3o classes diferentes para presta\u00e7\u00e3o de servi\u00e7o nas vias","og_description":"Dimmi Amora, da\u00a0Ag\u00eancia iNFRA O Minist\u00e9rio da Infraestrutura finalizou na \u00faltima ter\u00e7a-feira (7) a proposta para iniciar um processo de concess\u00e3o de quatro lotes de rodovias nos estados de Goi\u00e1s, Mato Grosso e Rond\u00f4nia, com 2,560\u00a0mil quil\u00f4metros de extens\u00e3o. A modelagem, feita em parceria com o BNDES e que agora vai para a ANTT (Ag\u00eancia [&hellip;]","og_url":"https:\/\/agenciainfra.com\/blog\/novas-concessoes-rodoviarias-terao-classes-diferentes-para-prestacao-de-servico-nas-vias\/","og_site_name":"Ag\u00eancia iNFRA","article_publisher":"https:\/\/www.facebook.com\/ageninfra","article_published_time":"2021-12-09T11:00:00+00:00","og_image":[{"width":1280,"height":853,"url":"https:\/\/agenciainfra.com\/blog\/wp-content\/uploads\/2019\/07\/rodovia-beth-santos-secretaria-geral-da-presidencia.jpg","type":"image\/jpeg"}],"author":"Rodrigo Zuquim","twitter_card":"summary_large_image","twitter_creator":"@agencia_infra","twitter_site":"@agencia_infra","twitter_misc":{"Escrito por":"Rodrigo Zuquim","Est. tempo de leitura":"4 minutos"},"schema":{"@context":"https:\/\/schema.org","@graph":[{"@type":"Article","@id":"https:\/\/agenciainfra.com\/blog\/novas-concessoes-rodoviarias-terao-classes-diferentes-para-prestacao-de-servico-nas-vias\/#article","isPartOf":{"@id":"https:\/\/agenciainfra.com\/blog\/novas-concessoes-rodoviarias-terao-classes-diferentes-para-prestacao-de-servico-nas-vias\/"},"author":{"name":"Rodrigo Zuquim","@id":"https:\/\/agenciainfra.com\/blog\/#\/schema\/person\/04dbb79bd6d8951f063da71f3e4c1eb1"},"headline":"Novas concess\u00f5es rodovi\u00e1rias ter\u00e3o classes diferentes para presta\u00e7\u00e3o de servi\u00e7o nas vias","datePublished":"2021-12-09T11:00:00+00:00","mainEntityOfPage":{"@id":"https:\/\/agenciainfra.com\/blog\/novas-concessoes-rodoviarias-terao-classes-diferentes-para-prestacao-de-servico-nas-vias\/"},"wordCount":891,"publisher":{"@id":"https:\/\/agenciainfra.com\/blog\/#organization"},"image":{"@id":"https:\/\/agenciainfra.com\/blog\/novas-concessoes-rodoviarias-terao-classes-diferentes-para-prestacao-de-servico-nas-vias\/#primaryimage"},"thumbnailUrl":"https:\/\/agenciainfra.com\/blog\/wp-content\/uploads\/2019\/07\/rodovia-beth-santos-secretaria-geral-da-presidencia.jpg","keywords":["agroneg\u00f3cio","ANTT","BNDES","Cleverson Aroeira","concess\u00f5es","Investimentos","Minist\u00e9rio da Infraestrutura","Nat\u00e1lia Marcassa","rodovias","transporte de carga"],"articleSection":["Geral","iNFRATransporte"],"inLanguage":"pt-BR","copyrightYear":"2021","copyrightHolder":{"@id":"https:\/\/agenciainfra.com\/blog\/#organization"}},{"@type":"WebPage","@id":"https:\/\/agenciainfra.com\/blog\/novas-concessoes-rodoviarias-terao-classes-diferentes-para-prestacao-de-servico-nas-vias\/","url":"https:\/\/agenciainfra.com\/blog\/novas-concessoes-rodoviarias-terao-classes-diferentes-para-prestacao-de-servico-nas-vias\/","name":"Novas concess\u00f5es rodovi\u00e1rias ter\u00e3o classes diferentes para presta\u00e7\u00e3o de servi\u00e7o nas vias - Ag\u00eancia iNFRA","isPartOf":{"@id":"https:\/\/agenciainfra.com\/blog\/#website"},"primaryImageOfPage":{"@id":"https:\/\/agenciainfra.com\/blog\/novas-concessoes-rodoviarias-terao-classes-diferentes-para-prestacao-de-servico-nas-vias\/#primaryimage"},"image":{"@id":"https:\/\/agenciainfra.com\/blog\/novas-concessoes-rodoviarias-terao-classes-diferentes-para-prestacao-de-servico-nas-vias\/#primaryimage"},"thumbnailUrl":"https:\/\/agenciainfra.com\/blog\/wp-content\/uploads\/2019\/07\/rodovia-beth-santos-secretaria-geral-da-presidencia.jpg","datePublished":"2021-12-09T11:00:00+00:00","breadcrumb":{"@id":"https:\/\/agenciainfra.com\/blog\/novas-concessoes-rodoviarias-terao-classes-diferentes-para-prestacao-de-servico-nas-vias\/#breadcrumb"},"inLanguage":"pt-BR","potentialAction":[{"@type":"ReadAction","target":["https:\/\/agenciainfra.com\/blog\/novas-concessoes-rodoviarias-terao-classes-diferentes-para-prestacao-de-servico-nas-vias\/"]}]},{"@type":"ImageObject","inLanguage":"pt-BR","@id":"https:\/\/agenciainfra.com\/blog\/novas-concessoes-rodoviarias-terao-classes-diferentes-para-prestacao-de-servico-nas-vias\/#primaryimage","url":"https:\/\/agenciainfra.com\/blog\/wp-content\/uploads\/2019\/07\/rodovia-beth-santos-secretaria-geral-da-presidencia.jpg","contentUrl":"https:\/\/agenciainfra.com\/blog\/wp-content\/uploads\/2019\/07\/rodovia-beth-santos-secretaria-geral-da-presidencia.jpg","width":1280,"height":853,"caption":"Foto: Beth Santos\/Secretaria Geral da PR"},{"@type":"BreadcrumbList","@id":"https:\/\/agenciainfra.com\/blog\/novas-concessoes-rodoviarias-terao-classes-diferentes-para-prestacao-de-servico-nas-vias\/#breadcrumb","itemListElement":[{"@type":"ListItem","position":1,"name":"In\u00edcio","item":"https:\/\/agenciainfra.com\/blog\/"},{"@type":"ListItem","position":2,"name":"Novas concess\u00f5es rodovi\u00e1rias ter\u00e3o classes diferentes para presta\u00e7\u00e3o de servi\u00e7o nas vias"}]},{"@type":"WebSite","@id":"https:\/\/agenciainfra.com\/blog\/#website","url":"https:\/\/agenciainfra.com\/blog\/","name":"Ag\u00eancia iNFRA","description":"Multiplataforma de informa\u00e7\u00e3o jornal\u00edstica refer\u00eancia na \u00e1rea de infraestrutura no Brasil!","publisher":{"@id":"https:\/\/agenciainfra.com\/blog\/#organization"},"potentialAction":[{"@type":"SearchAction","target":{"@type":"EntryPoint","urlTemplate":"https:\/\/agenciainfra.com\/blog\/?s={search_term_string}"},"query-input":{"@type":"PropertyValueSpecification","valueRequired":true,"valueName":"search_term_string"}}],"inLanguage":"pt-BR"},{"@type":"Organization","@id":"https:\/\/agenciainfra.com\/blog\/#organization","name":"Ag\u00eancia iNFRA","url":"https:\/\/agenciainfra.com\/blog\/","logo":{"@type":"ImageObject","inLanguage":"pt-BR","@id":"https:\/\/agenciainfra.com\/blog\/#\/schema\/logo\/image\/","url":"https:\/\/agenciainfra.com\/blog\/wp-content\/uploads\/2023\/09\/iNFRA_5-e1761735885940.png","contentUrl":"https:\/\/agenciainfra.com\/blog\/wp-content\/uploads\/2023\/09\/iNFRA_5-e1761735885940.png","width":1672,"height":454,"caption":"Ag\u00eancia iNFRA"},"image":{"@id":"https:\/\/agenciainfra.com\/blog\/#\/schema\/logo\/image\/"},"sameAs":["https:\/\/www.facebook.com\/ageninfra","https:\/\/x.com\/agencia_infra","https:\/\/www.linkedin.com\/company\/ag\u00eanciainfra\/","https:\/\/www.instagram.com\/agenciainfra\/"]},{"@type":"Person","@id":"https:\/\/agenciainfra.com\/blog\/#\/schema\/person\/04dbb79bd6d8951f063da71f3e4c1eb1","name":"Rodrigo Zuquim","image":{"@type":"ImageObject","inLanguage":"pt-BR","@id":"https:\/\/agenciainfra.com\/blog\/#\/schema\/person\/image\/","url":"https:\/\/secure.gravatar.com\/avatar\/594abfe82761d620726242ff34ca472a705a4b97f16c790053a6b4c4035274d0?s=96&d=mm&r=g","contentUrl":"https:\/\/secure.gravatar.com\/avatar\/594abfe82761d620726242ff34ca472a705a4b97f16c790053a6b4c4035274d0?s=96&d=mm&r=g","caption":"Rodrigo Zuquim"},"url":"https:\/\/agenciainfra.com\/blog\/author\/rodrigo-zuquim\/"}]}},"_links":{"self":[{"href":"https:\/\/agenciainfra.com\/blog\/wp-json\/wp\/v2\/posts\/9126","targetHints":{"allow":["GET"]}}],"collection":[{"href":"https:\/\/agenciainfra.com\/blog\/wp-json\/wp\/v2\/posts"}],"about":[{"href":"https:\/\/agenciainfra.com\/blog\/wp-json\/wp\/v2\/types\/post"}],"author":[{"embeddable":true,"href":"https:\/\/agenciainfra.com\/blog\/wp-json\/wp\/v2\/users\/9"}],"replies":[{"embeddable":true,"href":"https:\/\/agenciainfra.com\/blog\/wp-json\/wp\/v2\/comments?post=9126"}],"version-history":[{"count":0,"href":"https:\/\/agenciainfra.com\/blog\/wp-json\/wp\/v2\/posts\/9126\/revisions"}],"wp:featuredmedia":[{"embeddable":true,"href":"https:\/\/agenciainfra.com\/blog\/wp-json\/wp\/v2\/media\/3397"}],"wp:attachment":[{"href":"https:\/\/agenciainfra.com\/blog\/wp-json\/wp\/v2\/media?parent=9126"}],"wp:term":[{"taxonomy":"category","embeddable":true,"href":"https:\/\/agenciainfra.com\/blog\/wp-json\/wp\/v2\/categories?post=9126"},{"taxonomy":"post_tag","embeddable":true,"href":"https:\/\/agenciainfra.com\/blog\/wp-json\/wp\/v2\/tags?post=9126"}],"curies":[{"name":"wp","href":"https:\/\/api.w.org\/{rel}","templated":true}]}}