{"id":9155,"date":"2021-12-14T08:00:00","date_gmt":"2021-12-14T11:00:00","guid":{"rendered":"https:\/\/www.agenciainfra.com\/blog\/?p=9155"},"modified":"2021-12-13T12:27:06","modified_gmt":"2021-12-13T15:27:06","slug":"industria-do-rj-pede-que-subida-da-serra-de-petropolis-seja-prioridade-em-nova-concessao","status":"publish","type":"post","link":"https:\/\/agenciainfra.com\/blog\/industria-do-rj-pede-que-subida-da-serra-de-petropolis-seja-prioridade-em-nova-concessao\/","title":{"rendered":"Ind\u00fastria do RJ pede que Subida da Serra de Petr\u00f3polis seja prioridade em nova concess\u00e3o"},"content":{"rendered":"\n<p class=\"has-text-align-right\"><strong>Tales Silveira, da&nbsp;Ag\u00eancia iNFRA<\/strong><\/p>\n\n\n\n<p>Representantes das ind\u00fastrias fluminenses pediram que a ANTT (Ag\u00eancia Nacional de Transportes Terrestres) determine que o edital de concess\u00e3o da BR-040\/495\/MG\/RJ tenha como prioridade a constru\u00e7\u00e3o da nova Subida da Serra de Petr\u00f3polis.<br><br>Os pedidos aconteceram na \u00faltima sexta-feira (10), durante a&nbsp;<a href=\"https:\/\/agenciainfra.us14.list-manage.com\/track\/click?u=d460dd1bcf9ba0ae040e1fc0f&amp;id=f247f420b7&amp;e=8d54f1ad19\" target=\"_blank\" rel=\"noreferrer noopener\">audi\u00eancia p\u00fablica<\/a>&nbsp;sobre o processo. O evento teve como objetivo colher sugest\u00f5es e contribui\u00e7\u00f5es \u00e0s minutas de edital e contrato, ao PER (Programa de Explora\u00e7\u00e3o da Rodovia) e ao Evtea (Estudo de Viabilidade T\u00e9cnica, Econ\u00f4mica e Ambiental), que visam a concess\u00e3o para explora\u00e7\u00e3o do sistema rodovi\u00e1rio da BR-040\/495\/MG\/RJ.<br><br>Diversos empres\u00e1rios ligados \u00e0 Firjan (Federa\u00e7\u00e3o das Ind\u00fastrias do Estado do Rio de Janeiro) solicitaram prioridade na constru\u00e7\u00e3o da nova Subida da Serra de Petr\u00f3polis. Ela deveria ter ficado pronta no atual contrato, mas um gigantesco imbr\u00f3glio jur\u00eddico paralisou as obras iniciadas em 2013.<\/p>\n\n\n\n<p>Entre os principais argumentos est\u00e3o a impossibilidade de uso de novas carretas bem como inseguran\u00e7a no trecho e demora no escoamento de cargas. De acordo com o presidente do Conselho Empresarial de Infraestrutura da Firjan, Mauro Viegas, a rodovia possui um dos maiores gargalos de infraestrutura do Brasil, que \u00e9 a pista da Serra de Petr\u00f3polis.<br><br>\u201cO trecho n\u00e3o comporta o atual tr\u00e1fego de ve\u00edculos, tampouco o tamanho dos atuais ve\u00edculos de carga. Sua entrega prevista apenas para o sexto ano da nova concess\u00e3o perpetuar\u00e1 problemas com solu\u00e7\u00e3o inadi\u00e1vel para a sociedade brasileira\u201d, disse.<br><br>Em resposta, a ANTT informou que existem algumas obras de relev\u00e2ncia da concess\u00e3o que criam uma limita\u00e7\u00e3o para a execu\u00e7\u00e3o das obras para a Nova Subida da Serra. Al\u00e9m disso, o trecho necessitar\u00e1 de investimentos de mais de R$ 1&nbsp;bilh\u00e3o em relevos sinuosos. Portanto, a pasta entende que o prazo para a obra necessita de flexibilidades para que a concession\u00e1ria possa fazer o seu planejamento e projeto executivo.<br><br><strong>BR-040\/DF\/GO\/MG<\/strong><br>A audi\u00eancia contou com a presen\u00e7a do diretor regional da ABCR (Associa\u00e7\u00e3o Brasileira de Concession\u00e1rias de Rodovias), Alexandre Barra. Ele parabenizou a iniciativa da ANTT em relicitar o trecho da BR040-RJ\/MG, mas sugeriu que o \u00f3rg\u00e3o promova esclarecimentos pr\u00e9vios sobre o futuro edital de concess\u00e3o da BR-040\/DF\/GO\/MG. Atualmente o trecho mineiro da rodovia est\u00e1 sob administra\u00e7\u00e3o da Via 040, que pediu para entrar no programa de relicita\u00e7\u00e3o.<br><br>\u201cFinalmente vemos o primeiro fruto, ainda que parcial, do conceito de relicita\u00e7\u00e3o. Agora nos perguntamos o que ser\u00e1 feito do outro trecho que liga Bras\u00edlia a Belo Horizonte. Fica a sugest\u00e3o para que a ANTT j\u00e1 aborde essa quest\u00e3o nesta audi\u00eancia, mesmo que ela n\u00e3o tenha esse objeto. Por envolver a Via 040, fica uma interroga\u00e7\u00e3o no setor do que ser\u00e1 feito, quais ser\u00e3o os investimentos e qual o cronograma para esse trecho\u201d, disse.<br><br>Sobre o assunto, a ANTT afirmou que o trecho de Bras\u00edlia-BH tamb\u00e9m ser\u00e1 relicitado. O projeto est\u00e1 atualmente em estrutura\u00e7\u00e3o pela EPL com o recente in\u00edcio dos estudos t\u00e9cnicos. A ideia \u00e9 que a audi\u00eancia p\u00fablica dessa nova concess\u00e3o aconte\u00e7a no ano que vem. A audi\u00eancia tamb\u00e9m foi marcada por receios em rela\u00e7\u00e3o \u00e0s pra\u00e7as de ped\u00e1gio.&nbsp;A principal delas \u00e9 relativa ao deslocamento da pra\u00e7a localizada no munic\u00edpio de Sim\u00e3o Pereira (MG).<\/p>\n","protected":false},"excerpt":{"rendered":"<p>Tales Silveira, da&nbsp;Ag\u00eancia iNFRA Representantes das ind\u00fastrias fluminenses pediram que a ANTT (Ag\u00eancia Nacional de Transportes Terrestres) determine que o edital de concess\u00e3o da BR-040\/495\/MG\/RJ tenha como prioridade a constru\u00e7\u00e3o da nova Subida da Serra de Petr\u00f3polis. Os pedidos aconteceram na \u00faltima sexta-feira (10), durante a&nbsp;audi\u00eancia p\u00fablica&nbsp;sobre o processo. O evento teve como objetivo colher [&hellip;]<\/p>\n","protected":false},"author":1,"featured_media":5438,"comment_status":"closed","ping_status":"closed","sticky":false,"template":"","format":"standard","meta":{"_monsterinsights_skip_tracking":false,"_monsterinsights_sitenote_active":false,"_monsterinsights_sitenote_note":"","_monsterinsights_sitenote_category":0,"footnotes":""},"categories":[1,7],"tags":[613,19,5165,176,2614,2927,507,902,70,1019],"class_list":["post-9155","post","type-post","status-publish","format-standard","has-post-thumbnail","hentry","category-geral","category-infratransporte","tag-abcr","tag-antt","tag-br-040-495-mg-rj","tag-concessoes-rodoviarias","tag-firjan","tag-serra-de-petropolis","tag-subida-da-serra","tag-transporte-rodoviario","tag-transportes","tag-via-040"],"yoast_head":"<!-- This site is optimized with the Yoast SEO Premium plugin v25.4 (Yoast SEO v26.0) - https:\/\/yoast.com\/wordpress\/plugins\/seo\/ -->\n<title>Ind\u00fastria do RJ pede que Subida da Serra de Petr\u00f3polis seja prioridade em nova concess\u00e3o - Ag\u00eancia iNFRA<\/title>\n<meta name=\"robots\" content=\"index, follow, max-snippet:-1, max-image-preview:large, max-video-preview:-1\" \/>\n<link rel=\"canonical\" href=\"https:\/\/agenciainfra.com\/blog\/industria-do-rj-pede-que-subida-da-serra-de-petropolis-seja-prioridade-em-nova-concessao\/\" \/>\n<meta property=\"og:locale\" content=\"pt_BR\" \/>\n<meta property=\"og:type\" content=\"article\" \/>\n<meta property=\"og:title\" content=\"Ind\u00fastria do RJ pede que Subida da Serra de Petr\u00f3polis seja prioridade em nova concess\u00e3o\" \/>\n<meta property=\"og:description\" content=\"Tales Silveira, da&nbsp;Ag\u00eancia iNFRA Representantes das ind\u00fastrias fluminenses pediram que a ANTT (Ag\u00eancia Nacional de Transportes Terrestres) determine que o edital de concess\u00e3o da BR-040\/495\/MG\/RJ tenha como prioridade a constru\u00e7\u00e3o da nova Subida da Serra de Petr\u00f3polis. Os pedidos aconteceram na \u00faltima sexta-feira (10), durante a&nbsp;audi\u00eancia p\u00fablica&nbsp;sobre o processo. O evento teve como objetivo colher [&hellip;]\" \/>\n<meta property=\"og:url\" content=\"https:\/\/agenciainfra.com\/blog\/industria-do-rj-pede-que-subida-da-serra-de-petropolis-seja-prioridade-em-nova-concessao\/\" \/>\n<meta property=\"og:site_name\" content=\"Ag\u00eancia iNFRA\" \/>\n<meta property=\"article:publisher\" content=\"https:\/\/www.facebook.com\/ageninfra\" \/>\n<meta property=\"article:published_time\" content=\"2021-12-14T11:00:00+00:00\" \/>\n<meta property=\"og:image\" content=\"https:\/\/agenciainfra.com\/blog\/wp-content\/uploads\/2020\/07\/br040-foto-antt.jpg\" \/>\n\t<meta property=\"og:image:width\" content=\"1280\" \/>\n\t<meta property=\"og:image:height\" content=\"855\" \/>\n\t<meta property=\"og:image:type\" content=\"image\/jpeg\" \/>\n<meta name=\"author\" content=\"Ag\u00eancia iNFRA\" \/>\n<meta name=\"twitter:card\" content=\"summary_large_image\" \/>\n<meta name=\"twitter:creator\" content=\"@agencia_infra\" \/>\n<meta name=\"twitter:site\" content=\"@agencia_infra\" \/>\n<meta name=\"twitter:label1\" content=\"Escrito por\" \/>\n\t<meta name=\"twitter:data1\" content=\"Ag\u00eancia iNFRA\" \/>\n\t<meta name=\"twitter:label2\" content=\"Est. tempo de leitura\" \/>\n\t<meta name=\"twitter:data2\" content=\"3 minutos\" \/>\n<script type=\"application\/ld+json\" class=\"yoast-schema-graph\">{\"@context\":\"https:\/\/schema.org\",\"@graph\":[{\"@type\":\"Article\",\"@id\":\"https:\/\/agenciainfra.com\/blog\/industria-do-rj-pede-que-subida-da-serra-de-petropolis-seja-prioridade-em-nova-concessao\/#article\",\"isPartOf\":{\"@id\":\"https:\/\/agenciainfra.com\/blog\/industria-do-rj-pede-que-subida-da-serra-de-petropolis-seja-prioridade-em-nova-concessao\/\"},\"author\":{\"name\":\"Ag\u00eancia iNFRA\",\"@id\":\"https:\/\/agenciainfra.com\/blog\/#\/schema\/person\/34af08dff6adea4cb22b06612ba7acfa\"},\"headline\":\"Ind\u00fastria do RJ pede que Subida da Serra de Petr\u00f3polis seja prioridade em nova concess\u00e3o\",\"datePublished\":\"2021-12-14T11:00:00+00:00\",\"mainEntityOfPage\":{\"@id\":\"https:\/\/agenciainfra.com\/blog\/industria-do-rj-pede-que-subida-da-serra-de-petropolis-seja-prioridade-em-nova-concessao\/\"},\"wordCount\":617,\"publisher\":{\"@id\":\"https:\/\/agenciainfra.com\/blog\/#organization\"},\"image\":{\"@id\":\"https:\/\/agenciainfra.com\/blog\/industria-do-rj-pede-que-subida-da-serra-de-petropolis-seja-prioridade-em-nova-concessao\/#primaryimage\"},\"thumbnailUrl\":\"https:\/\/agenciainfra.com\/blog\/wp-content\/uploads\/2020\/07\/br040-foto-antt.jpg\",\"keywords\":[\"abcr\",\"ANTT\",\"BR-040\/495\/MG\/RJ\",\"concess\u00f5es rodovi\u00e1rias\",\"Firjan\",\"Serra de Petr\u00f3polis\",\"Subida da Serra\",\"transporte rodovi\u00e1rio\",\"transportes\",\"Via 040\"],\"articleSection\":[\"Geral\",\"iNFRATransporte\"],\"inLanguage\":\"pt-BR\",\"copyrightYear\":\"2021\",\"copyrightHolder\":{\"@id\":\"https:\/\/agenciainfra.com\/blog\/#organization\"}},{\"@type\":\"WebPage\",\"@id\":\"https:\/\/agenciainfra.com\/blog\/industria-do-rj-pede-que-subida-da-serra-de-petropolis-seja-prioridade-em-nova-concessao\/\",\"url\":\"https:\/\/agenciainfra.com\/blog\/industria-do-rj-pede-que-subida-da-serra-de-petropolis-seja-prioridade-em-nova-concessao\/\",\"name\":\"Ind\u00fastria do RJ pede que Subida da Serra de Petr\u00f3polis seja prioridade em nova concess\u00e3o - Ag\u00eancia iNFRA\",\"isPartOf\":{\"@id\":\"https:\/\/agenciainfra.com\/blog\/#website\"},\"primaryImageOfPage\":{\"@id\":\"https:\/\/agenciainfra.com\/blog\/industria-do-rj-pede-que-subida-da-serra-de-petropolis-seja-prioridade-em-nova-concessao\/#primaryimage\"},\"image\":{\"@id\":\"https:\/\/agenciainfra.com\/blog\/industria-do-rj-pede-que-subida-da-serra-de-petropolis-seja-prioridade-em-nova-concessao\/#primaryimage\"},\"thumbnailUrl\":\"https:\/\/agenciainfra.com\/blog\/wp-content\/uploads\/2020\/07\/br040-foto-antt.jpg\",\"datePublished\":\"2021-12-14T11:00:00+00:00\",\"breadcrumb\":{\"@id\":\"https:\/\/agenciainfra.com\/blog\/industria-do-rj-pede-que-subida-da-serra-de-petropolis-seja-prioridade-em-nova-concessao\/#breadcrumb\"},\"inLanguage\":\"pt-BR\",\"potentialAction\":[{\"@type\":\"ReadAction\",\"target\":[\"https:\/\/agenciainfra.com\/blog\/industria-do-rj-pede-que-subida-da-serra-de-petropolis-seja-prioridade-em-nova-concessao\/\"]}]},{\"@type\":\"ImageObject\",\"inLanguage\":\"pt-BR\",\"@id\":\"https:\/\/agenciainfra.com\/blog\/industria-do-rj-pede-que-subida-da-serra-de-petropolis-seja-prioridade-em-nova-concessao\/#primaryimage\",\"url\":\"https:\/\/agenciainfra.com\/blog\/wp-content\/uploads\/2020\/07\/br040-foto-antt.jpg\",\"contentUrl\":\"https:\/\/agenciainfra.com\/blog\/wp-content\/uploads\/2020\/07\/br040-foto-antt.jpg\",\"width\":1280,\"height\":855},{\"@type\":\"BreadcrumbList\",\"@id\":\"https:\/\/agenciainfra.com\/blog\/industria-do-rj-pede-que-subida-da-serra-de-petropolis-seja-prioridade-em-nova-concessao\/#breadcrumb\",\"itemListElement\":[{\"@type\":\"ListItem\",\"position\":1,\"name\":\"In\u00edcio\",\"item\":\"https:\/\/agenciainfra.com\/blog\/\"},{\"@type\":\"ListItem\",\"position\":2,\"name\":\"Ind\u00fastria do RJ pede que Subida da Serra de Petr\u00f3polis seja prioridade em nova concess\u00e3o\"}]},{\"@type\":\"WebSite\",\"@id\":\"https:\/\/agenciainfra.com\/blog\/#website\",\"url\":\"https:\/\/agenciainfra.com\/blog\/\",\"name\":\"Ag\u00eancia iNFRA\",\"description\":\"Multiplataforma de informa\u00e7\u00e3o jornal\u00edstica refer\u00eancia na \u00e1rea de infraestrutura no Brasil!\",\"publisher\":{\"@id\":\"https:\/\/agenciainfra.com\/blog\/#organization\"},\"potentialAction\":[{\"@type\":\"SearchAction\",\"target\":{\"@type\":\"EntryPoint\",\"urlTemplate\":\"https:\/\/agenciainfra.com\/blog\/?s={search_term_string}\"},\"query-input\":{\"@type\":\"PropertyValueSpecification\",\"valueRequired\":true,\"valueName\":\"search_term_string\"}}],\"inLanguage\":\"pt-BR\"},{\"@type\":\"Organization\",\"@id\":\"https:\/\/agenciainfra.com\/blog\/#organization\",\"name\":\"Ag\u00eancia iNFRA\",\"url\":\"https:\/\/agenciainfra.com\/blog\/\",\"logo\":{\"@type\":\"ImageObject\",\"inLanguage\":\"pt-BR\",\"@id\":\"https:\/\/agenciainfra.com\/blog\/#\/schema\/logo\/image\/\",\"url\":\"https:\/\/agenciainfra.com\/blog\/wp-content\/uploads\/2023\/09\/iNFRA_5-e1761735885940.png\",\"contentUrl\":\"https:\/\/agenciainfra.com\/blog\/wp-content\/uploads\/2023\/09\/iNFRA_5-e1761735885940.png\",\"width\":1672,\"height\":454,\"caption\":\"Ag\u00eancia iNFRA\"},\"image\":{\"@id\":\"https:\/\/agenciainfra.com\/blog\/#\/schema\/logo\/image\/\"},\"sameAs\":[\"https:\/\/www.facebook.com\/ageninfra\",\"https:\/\/x.com\/agencia_infra\",\"https:\/\/www.linkedin.com\/company\/ag\u00eanciainfra\/\",\"https:\/\/www.instagram.com\/agenciainfra\/\"]},{\"@type\":\"Person\",\"@id\":\"https:\/\/agenciainfra.com\/blog\/#\/schema\/person\/34af08dff6adea4cb22b06612ba7acfa\",\"name\":\"Ag\u00eancia iNFRA\",\"image\":{\"@type\":\"ImageObject\",\"inLanguage\":\"pt-BR\",\"@id\":\"https:\/\/agenciainfra.com\/blog\/#\/schema\/person\/image\/\",\"url\":\"https:\/\/secure.gravatar.com\/avatar\/d189e01678f06d8eb84d4e01f08eb848b3fffe3f8443818d3c356c66892f5be8?s=96&d=mm&r=g\",\"contentUrl\":\"https:\/\/secure.gravatar.com\/avatar\/d189e01678f06d8eb84d4e01f08eb848b3fffe3f8443818d3c356c66892f5be8?s=96&d=mm&r=g\",\"caption\":\"Ag\u00eancia iNFRA\"},\"url\":\"https:\/\/agenciainfra.com\/blog\/author\/admin\/\"}]}<\/script>\n<!-- \/ Yoast SEO Premium plugin. -->","yoast_head_json":{"title":"Ind\u00fastria do RJ pede que Subida da Serra de Petr\u00f3polis seja prioridade em nova concess\u00e3o - Ag\u00eancia iNFRA","robots":{"index":"index","follow":"follow","max-snippet":"max-snippet:-1","max-image-preview":"max-image-preview:large","max-video-preview":"max-video-preview:-1"},"canonical":"https:\/\/agenciainfra.com\/blog\/industria-do-rj-pede-que-subida-da-serra-de-petropolis-seja-prioridade-em-nova-concessao\/","og_locale":"pt_BR","og_type":"article","og_title":"Ind\u00fastria do RJ pede que Subida da Serra de Petr\u00f3polis seja prioridade em nova concess\u00e3o","og_description":"Tales Silveira, da&nbsp;Ag\u00eancia iNFRA Representantes das ind\u00fastrias fluminenses pediram que a ANTT (Ag\u00eancia Nacional de Transportes Terrestres) determine que o edital de concess\u00e3o da BR-040\/495\/MG\/RJ tenha como prioridade a constru\u00e7\u00e3o da nova Subida da Serra de Petr\u00f3polis. Os pedidos aconteceram na \u00faltima sexta-feira (10), durante a&nbsp;audi\u00eancia p\u00fablica&nbsp;sobre o processo. O evento teve como objetivo colher [&hellip;]","og_url":"https:\/\/agenciainfra.com\/blog\/industria-do-rj-pede-que-subida-da-serra-de-petropolis-seja-prioridade-em-nova-concessao\/","og_site_name":"Ag\u00eancia iNFRA","article_publisher":"https:\/\/www.facebook.com\/ageninfra","article_published_time":"2021-12-14T11:00:00+00:00","og_image":[{"width":1280,"height":855,"url":"https:\/\/agenciainfra.com\/blog\/wp-content\/uploads\/2020\/07\/br040-foto-antt.jpg","type":"image\/jpeg"}],"author":"Ag\u00eancia iNFRA","twitter_card":"summary_large_image","twitter_creator":"@agencia_infra","twitter_site":"@agencia_infra","twitter_misc":{"Escrito por":"Ag\u00eancia iNFRA","Est. tempo de leitura":"3 minutos"},"schema":{"@context":"https:\/\/schema.org","@graph":[{"@type":"Article","@id":"https:\/\/agenciainfra.com\/blog\/industria-do-rj-pede-que-subida-da-serra-de-petropolis-seja-prioridade-em-nova-concessao\/#article","isPartOf":{"@id":"https:\/\/agenciainfra.com\/blog\/industria-do-rj-pede-que-subida-da-serra-de-petropolis-seja-prioridade-em-nova-concessao\/"},"author":{"name":"Ag\u00eancia iNFRA","@id":"https:\/\/agenciainfra.com\/blog\/#\/schema\/person\/34af08dff6adea4cb22b06612ba7acfa"},"headline":"Ind\u00fastria do RJ pede que Subida da Serra de Petr\u00f3polis seja prioridade em nova concess\u00e3o","datePublished":"2021-12-14T11:00:00+00:00","mainEntityOfPage":{"@id":"https:\/\/agenciainfra.com\/blog\/industria-do-rj-pede-que-subida-da-serra-de-petropolis-seja-prioridade-em-nova-concessao\/"},"wordCount":617,"publisher":{"@id":"https:\/\/agenciainfra.com\/blog\/#organization"},"image":{"@id":"https:\/\/agenciainfra.com\/blog\/industria-do-rj-pede-que-subida-da-serra-de-petropolis-seja-prioridade-em-nova-concessao\/#primaryimage"},"thumbnailUrl":"https:\/\/agenciainfra.com\/blog\/wp-content\/uploads\/2020\/07\/br040-foto-antt.jpg","keywords":["abcr","ANTT","BR-040\/495\/MG\/RJ","concess\u00f5es rodovi\u00e1rias","Firjan","Serra de Petr\u00f3polis","Subida da Serra","transporte rodovi\u00e1rio","transportes","Via 040"],"articleSection":["Geral","iNFRATransporte"],"inLanguage":"pt-BR","copyrightYear":"2021","copyrightHolder":{"@id":"https:\/\/agenciainfra.com\/blog\/#organization"}},{"@type":"WebPage","@id":"https:\/\/agenciainfra.com\/blog\/industria-do-rj-pede-que-subida-da-serra-de-petropolis-seja-prioridade-em-nova-concessao\/","url":"https:\/\/agenciainfra.com\/blog\/industria-do-rj-pede-que-subida-da-serra-de-petropolis-seja-prioridade-em-nova-concessao\/","name":"Ind\u00fastria do RJ pede que Subida da Serra de Petr\u00f3polis seja prioridade em nova concess\u00e3o - Ag\u00eancia iNFRA","isPartOf":{"@id":"https:\/\/agenciainfra.com\/blog\/#website"},"primaryImageOfPage":{"@id":"https:\/\/agenciainfra.com\/blog\/industria-do-rj-pede-que-subida-da-serra-de-petropolis-seja-prioridade-em-nova-concessao\/#primaryimage"},"image":{"@id":"https:\/\/agenciainfra.com\/blog\/industria-do-rj-pede-que-subida-da-serra-de-petropolis-seja-prioridade-em-nova-concessao\/#primaryimage"},"thumbnailUrl":"https:\/\/agenciainfra.com\/blog\/wp-content\/uploads\/2020\/07\/br040-foto-antt.jpg","datePublished":"2021-12-14T11:00:00+00:00","breadcrumb":{"@id":"https:\/\/agenciainfra.com\/blog\/industria-do-rj-pede-que-subida-da-serra-de-petropolis-seja-prioridade-em-nova-concessao\/#breadcrumb"},"inLanguage":"pt-BR","potentialAction":[{"@type":"ReadAction","target":["https:\/\/agenciainfra.com\/blog\/industria-do-rj-pede-que-subida-da-serra-de-petropolis-seja-prioridade-em-nova-concessao\/"]}]},{"@type":"ImageObject","inLanguage":"pt-BR","@id":"https:\/\/agenciainfra.com\/blog\/industria-do-rj-pede-que-subida-da-serra-de-petropolis-seja-prioridade-em-nova-concessao\/#primaryimage","url":"https:\/\/agenciainfra.com\/blog\/wp-content\/uploads\/2020\/07\/br040-foto-antt.jpg","contentUrl":"https:\/\/agenciainfra.com\/blog\/wp-content\/uploads\/2020\/07\/br040-foto-antt.jpg","width":1280,"height":855},{"@type":"BreadcrumbList","@id":"https:\/\/agenciainfra.com\/blog\/industria-do-rj-pede-que-subida-da-serra-de-petropolis-seja-prioridade-em-nova-concessao\/#breadcrumb","itemListElement":[{"@type":"ListItem","position":1,"name":"In\u00edcio","item":"https:\/\/agenciainfra.com\/blog\/"},{"@type":"ListItem","position":2,"name":"Ind\u00fastria do RJ pede que Subida da Serra de Petr\u00f3polis seja prioridade em nova concess\u00e3o"}]},{"@type":"WebSite","@id":"https:\/\/agenciainfra.com\/blog\/#website","url":"https:\/\/agenciainfra.com\/blog\/","name":"Ag\u00eancia iNFRA","description":"Multiplataforma de informa\u00e7\u00e3o jornal\u00edstica refer\u00eancia na \u00e1rea de infraestrutura no Brasil!","publisher":{"@id":"https:\/\/agenciainfra.com\/blog\/#organization"},"potentialAction":[{"@type":"SearchAction","target":{"@type":"EntryPoint","urlTemplate":"https:\/\/agenciainfra.com\/blog\/?s={search_term_string}"},"query-input":{"@type":"PropertyValueSpecification","valueRequired":true,"valueName":"search_term_string"}}],"inLanguage":"pt-BR"},{"@type":"Organization","@id":"https:\/\/agenciainfra.com\/blog\/#organization","name":"Ag\u00eancia iNFRA","url":"https:\/\/agenciainfra.com\/blog\/","logo":{"@type":"ImageObject","inLanguage":"pt-BR","@id":"https:\/\/agenciainfra.com\/blog\/#\/schema\/logo\/image\/","url":"https:\/\/agenciainfra.com\/blog\/wp-content\/uploads\/2023\/09\/iNFRA_5-e1761735885940.png","contentUrl":"https:\/\/agenciainfra.com\/blog\/wp-content\/uploads\/2023\/09\/iNFRA_5-e1761735885940.png","width":1672,"height":454,"caption":"Ag\u00eancia iNFRA"},"image":{"@id":"https:\/\/agenciainfra.com\/blog\/#\/schema\/logo\/image\/"},"sameAs":["https:\/\/www.facebook.com\/ageninfra","https:\/\/x.com\/agencia_infra","https:\/\/www.linkedin.com\/company\/ag\u00eanciainfra\/","https:\/\/www.instagram.com\/agenciainfra\/"]},{"@type":"Person","@id":"https:\/\/agenciainfra.com\/blog\/#\/schema\/person\/34af08dff6adea4cb22b06612ba7acfa","name":"Ag\u00eancia iNFRA","image":{"@type":"ImageObject","inLanguage":"pt-BR","@id":"https:\/\/agenciainfra.com\/blog\/#\/schema\/person\/image\/","url":"https:\/\/secure.gravatar.com\/avatar\/d189e01678f06d8eb84d4e01f08eb848b3fffe3f8443818d3c356c66892f5be8?s=96&d=mm&r=g","contentUrl":"https:\/\/secure.gravatar.com\/avatar\/d189e01678f06d8eb84d4e01f08eb848b3fffe3f8443818d3c356c66892f5be8?s=96&d=mm&r=g","caption":"Ag\u00eancia iNFRA"},"url":"https:\/\/agenciainfra.com\/blog\/author\/admin\/"}]}},"_links":{"self":[{"href":"https:\/\/agenciainfra.com\/blog\/wp-json\/wp\/v2\/posts\/9155","targetHints":{"allow":["GET"]}}],"collection":[{"href":"https:\/\/agenciainfra.com\/blog\/wp-json\/wp\/v2\/posts"}],"about":[{"href":"https:\/\/agenciainfra.com\/blog\/wp-json\/wp\/v2\/types\/post"}],"author":[{"embeddable":true,"href":"https:\/\/agenciainfra.com\/blog\/wp-json\/wp\/v2\/users\/1"}],"replies":[{"embeddable":true,"href":"https:\/\/agenciainfra.com\/blog\/wp-json\/wp\/v2\/comments?post=9155"}],"version-history":[{"count":0,"href":"https:\/\/agenciainfra.com\/blog\/wp-json\/wp\/v2\/posts\/9155\/revisions"}],"wp:featuredmedia":[{"embeddable":true,"href":"https:\/\/agenciainfra.com\/blog\/wp-json\/wp\/v2\/media\/5438"}],"wp:attachment":[{"href":"https:\/\/agenciainfra.com\/blog\/wp-json\/wp\/v2\/media?parent=9155"}],"wp:term":[{"taxonomy":"category","embeddable":true,"href":"https:\/\/agenciainfra.com\/blog\/wp-json\/wp\/v2\/categories?post=9155"},{"taxonomy":"post_tag","embeddable":true,"href":"https:\/\/agenciainfra.com\/blog\/wp-json\/wp\/v2\/tags?post=9155"}],"curies":[{"name":"wp","href":"https:\/\/api.w.org\/{rel}","templated":true}]}}