{"id":9165,"date":"2021-12-14T11:00:00","date_gmt":"2021-12-14T14:00:00","guid":{"rendered":"https:\/\/www.agenciainfra.com\/blog\/?p=9165"},"modified":"2021-12-14T11:21:31","modified_gmt":"2021-12-14T14:21:31","slug":"infradebate-reporto-em-time-que-esta-ganhando-nao-se-mexe","status":"publish","type":"post","link":"https:\/\/agenciainfra.com\/blog\/infradebate-reporto-em-time-que-esta-ganhando-nao-se-mexe\/","title":{"rendered":"iNFRADebate: Reporto \u2013 em time que est\u00e1 ganhando n\u00e3o se mexe"},"content":{"rendered":"\n<p class=\"has-text-align-right\"><strong>Luis Claudio Santana Montenegro*<\/strong><\/p>\n\n\n\n<p>Creio que possamos partir, neste artigo, do princ\u00edpio consensual de que as pol\u00edticas p\u00fablicas que geram incentivos \u00e0 implanta\u00e7\u00e3o de infraestruturas podem gerar est\u00edmulos extremamente importantes, neste momento em que estamos buscando a retomada do nosso desenvolvimento econ\u00f4mico.<\/p>\n\n\n\n<p>A forma\u00e7\u00e3o de pol\u00edticas p\u00fablicas eficazes passa pelo correto planejamento da forma de atua\u00e7\u00e3o do estado, associada \u00e0 meritocracia dos mercados. No caso de infraestruturas, n\u00e3o se conhece experi\u00eancias de pa\u00edses que as tenham implementado sem influ\u00eancia do estado no seu financiamento.<\/p>\n\n\n\n<p>Aqui, \u00e9 importante avaliar os resultados concretos do setor portu\u00e1rio nas duas \u00faltimas d\u00e9cadas, com respostas importantes na efetiva\u00e7\u00e3o de investimentos privados. Esses resultados foram obtidos, principalmente pela evolu\u00e7\u00e3o cont\u00ednua de reformas que buscam o ajuste da atua\u00e7\u00e3o do estado, mas tamb\u00e9m pelos n\u00edveis adequados de incentivos p\u00fablicos.<\/p>\n\n\n\n<p>A palavra de ordem das reformas do setor portu\u00e1rio sempre foi a \u201cmoderniza\u00e7\u00e3o\u201d. Foi assim com a Lei de Moderniza\u00e7\u00e3o dos Portos no in\u00edcio da d\u00e9cada de 90, que transferiu as opera\u00e7\u00f5es portu\u00e1rias do estado para a iniciativa privada. O exemplo mais recente vem ocorrendo no novo marco legal, de 2013, que permitiu avan\u00e7os na efetiva\u00e7\u00e3o dos terminais de uso privado, e agora na concess\u00e3o das fun\u00e7\u00f5es das autoridades portu\u00e1rias.<\/p>\n\n\n\n<p>Tenho dito insistentemente que os dois desafios estruturais do setor portu\u00e1rio est\u00e3o associados: \u00e0 amplia\u00e7\u00e3o da capacidade da sua infraestrutura, evitando a forma\u00e7\u00e3o de filas; e \u00e0 maior efici\u00eancia dos seus processos, reduzindo custos para os usu\u00e1rios.<\/p>\n\n\n\n<p>Pois o Reporto \u00e9 o regime tribut\u00e1rio, institu\u00eddo em 2004, para incentivo \u00e0 moderniza\u00e7\u00e3o e \u00e0 amplia\u00e7\u00e3o da estrutura portu\u00e1ria, perfeitamente alinhado \u00e0s pol\u00edticas p\u00fablicas e \u00e0s necessidades do setor.<\/p>\n\n\n\n<p>O bin\u00f4mio \u201cajuste do papel do estado\u201d e \u201cincentivos corretos para a implanta\u00e7\u00e3o dessas infraestruturas\u201d vem mostrando resultados bastante significativos. No setor de cont\u00eaineres, por exemplo, o pre\u00e7o m\u00e9dio de movimenta\u00e7\u00e3o foi reduzido em mais de 60% nesse per\u00edodo de vig\u00eancia do incentivo, e o tempo de espera para atraca\u00e7\u00e3o de navios a menos da metade. Esse conjunto gerou economias com pagamento de <em>demurrages<\/em> aos navios \u2013 ou multas por sobrestadia \u2013 da ordem de 150 bilh\u00f5es de d\u00f3lares somente no Porto de Santos.&nbsp;<\/p>\n\n\n\n<p>Fato \u00e9 que no in\u00edcio dos anos 2000, a opera\u00e7\u00e3o de retirada de cont\u00eaineres de navios no Brasil ainda funcionava com guindastes de gancho, em que se conectava manualmente, um a um, cabos de a\u00e7o em cada um dos cantos de um cont\u00eainer a ser retirado. Passados menos de 20 anos, os terminais especializados j\u00e1 operam com equipamentos super modernos \u2013 os mesmos utilizados nos principais portos do mundo \u2013 que perfazem a movimenta\u00e7\u00e3o de mais de 100 unidades de cont\u00eaineres por hora.<\/p>\n\n\n\n<p>\u00c9 com base nessa evolu\u00e7\u00e3o que toda a comunidade portu\u00e1ria pode ter, hoje, total seguran\u00e7a em defender sua posi\u00e7\u00e3o na defini\u00e7\u00e3o de prioridades nas pol\u00edticas econ\u00f4micas nacionais.<\/p>\n\n\n\n<p>O Porto de Santos, por exemplo, a partir da abertura do mercado e dos incentivos do Reporto, projeta em seu PDZ (Plano de Desenvolvimento e Zoneamento) investimentos da ordem de R$ 10 bilh\u00f5es e a gera\u00e7\u00e3o de mais de 60 mil empregos nos pr\u00f3ximos cinco anos.\u00a0<\/p>\n\n\n\n<p>Esses investimentos est\u00e3o associados a pelo menos oito novos arrendamentos, forma mais comum de parceria p\u00fablico-privada para investimentos no setor portu\u00e1rio, e investimentos em acessos ferrovi\u00e1rios, que s\u00e3o justamente os dois setores beneficiados pelo Reporto e que, portanto, necessitam da m\u00e1xima seguran\u00e7a jur\u00eddica e estabilidade das regras de incentivo.<\/p>\n\n\n\n<p>Mesmo com toda essa evolu\u00e7\u00e3o, ainda estamos distantes do n\u00edvel de servi\u00e7o que se espera da capacidade e da efici\u00eancia portu\u00e1ria no Brasil. Ainda h\u00e1 muito para evoluir, por exemplo, na implanta\u00e7\u00e3o da integra\u00e7\u00e3o com as infraestruturas de acesso, em tecnologias mais eficientes, na moderniza\u00e7\u00e3o das opera\u00e7\u00f5es e na melhoria dos processos aduaneiros.&nbsp;<\/p>\n\n\n\n<p>Portanto, ainda n\u00e3o \u00e9 hora de interromper o ciclo virtuoso de um setor que vem fazendo o seu dever de casa, tanto na estrutura\u00e7\u00e3o do seu pr\u00f3prio planejamento, quanto na abertura cada vez maior para a atua\u00e7\u00e3o privada.<\/p>\n\n\n\n<p>\u00c9 compreens\u00edvel, diria desej\u00e1vel, que o formulador das pol\u00edticas p\u00fablicas tenha confian\u00e7a nos resultados esperados a partir da decis\u00e3o de continuidade do Reporto. Entendo que o setor portu\u00e1rio est\u00e1 preparado para ser pioneiro no pa\u00eds, na constru\u00e7\u00e3o de metas e compromissos em contrapartida aos incentivos fiscais que recebe.&nbsp;<\/p>\n\n\n\n<p>O hist\u00f3rico recente de excelentes resultados do setor deve ser a principal raz\u00e3o de justificativa para a continuidade do Reporto, incentivo que julgo ser dos mais inteligentes j\u00e1 implementados pelo Estado brasileiro.&nbsp;<\/p>\n\n\n\n<p>Absurdo seria mexer no time que est\u00e1 ganhando, t\u00e3o pr\u00f3ximo que estamos de fazer v\u00e1rios gols no setor portu\u00e1rio.<\/p>\n\n\n\n<h6 class=\"wp-block-heading\" id=\"block-aa9ff8cf-f9c2-435f-85ff-56a599c37bc9\">*Luis Claudio Santana Montenegro \u00e9 mestre em Engenharia de Transportes pelo IME e especialista em Regula\u00e7\u00e3o de Transportes pela UFRJ. Foi presidente do conselho de administra\u00e7\u00e3o da Companhia Docas do Par\u00e1, membro do conselho de administra\u00e7\u00e3o do Porto de Imbituba e do Porto de Vit\u00f3ria, diretor de Planejamento da Companhia Docas de S\u00e3o Paulo, diretor-presidente da Codesa (Companhia Docas do Esp\u00edrito Santo) e assessor parlamentar no Senado Federal. Atualmente, licenciado, atuando como s\u00f3cio-diretor da empresa Neowise Consultoria, Engenharia e Neg\u00f3cios.<\/h6>\n\n\n\n<h5 class=\"wp-block-heading\" id=\"block-d67878ff-7627-4f15-b175-8f58269174ff\">O iNFRADebate \u00e9 o espa\u00e7o de artigos da Ag\u00eancia iNFRA com opini\u00f5es de seus atores que n\u00e3o refletem necessariamente o pensamento da Ag\u00eancia iNFRA, sendo de total responsabilidade do autor as informa\u00e7\u00f5es, ju\u00edzos de valor e conceitos descritos no texto.<\/h5>\n","protected":false},"excerpt":{"rendered":"<p>Luis Claudio Santana Montenegro* Creio que possamos partir, neste artigo, do princ\u00edpio consensual de que as pol\u00edticas p\u00fablicas que geram incentivos \u00e0 implanta\u00e7\u00e3o de infraestruturas podem gerar est\u00edmulos extremamente importantes, neste momento em que estamos buscando a retomada do nosso desenvolvimento econ\u00f4mico. A forma\u00e7\u00e3o de pol\u00edticas p\u00fablicas eficazes passa pelo correto planejamento da forma de [&hellip;]<\/p>\n","protected":false},"author":1,"featured_media":2173,"comment_status":"closed","ping_status":"closed","sticky":false,"template":"","format":"standard","meta":{"_monsterinsights_skip_tracking":false,"_monsterinsights_sitenote_active":false,"_monsterinsights_sitenote_note":"","_monsterinsights_sitenote_category":0,"footnotes":""},"categories":[1,11],"tags":[5018,873,1726,2648,2229,260,2666,1201,623,70],"class_list":["post-9165","post","type-post","status-publish","format-standard","has-post-thumbnail","hentry","category-geral","category-infradebate","tag-concessoes-portuarias","tag-conteineres","tag-infraestrutura-portuaria","tag-modernizacao","tag-pdz","tag-porto-de-santos","tag-reporto","tag-setor-portuario","tag-terminais-portuarios","tag-transportes"],"yoast_head":"<!-- This site is optimized with the Yoast SEO Premium plugin v25.4 (Yoast SEO v26.0) - https:\/\/yoast.com\/wordpress\/plugins\/seo\/ -->\n<title>iNFRADebate: Reporto \u2013 em time que est\u00e1 ganhando n\u00e3o se mexe - Ag\u00eancia iNFRA<\/title>\n<meta name=\"robots\" content=\"index, follow, max-snippet:-1, max-image-preview:large, max-video-preview:-1\" \/>\n<link rel=\"canonical\" href=\"https:\/\/agenciainfra.com\/blog\/infradebate-reporto-em-time-que-esta-ganhando-nao-se-mexe\/\" \/>\n<meta property=\"og:locale\" content=\"pt_BR\" \/>\n<meta property=\"og:type\" content=\"article\" \/>\n<meta property=\"og:title\" content=\"iNFRADebate: Reporto \u2013 em time que est\u00e1 ganhando n\u00e3o se mexe\" \/>\n<meta property=\"og:description\" content=\"Luis Claudio Santana Montenegro* Creio que possamos partir, neste artigo, do princ\u00edpio consensual de que as pol\u00edticas p\u00fablicas que geram incentivos \u00e0 implanta\u00e7\u00e3o de infraestruturas podem gerar est\u00edmulos extremamente importantes, neste momento em que estamos buscando a retomada do nosso desenvolvimento econ\u00f4mico. A forma\u00e7\u00e3o de pol\u00edticas p\u00fablicas eficazes passa pelo correto planejamento da forma de [&hellip;]\" \/>\n<meta property=\"og:url\" content=\"https:\/\/agenciainfra.com\/blog\/infradebate-reporto-em-time-que-esta-ganhando-nao-se-mexe\/\" \/>\n<meta property=\"og:site_name\" content=\"Ag\u00eancia iNFRA\" \/>\n<meta property=\"article:publisher\" content=\"https:\/\/www.facebook.com\/ageninfra\" \/>\n<meta property=\"article:published_time\" content=\"2021-12-14T14:00:00+00:00\" \/>\n<meta property=\"article:modified_time\" content=\"2021-12-14T14:21:31+00:00\" \/>\n<meta property=\"og:image\" content=\"https:\/\/agenciainfra.com\/blog\/wp-content\/uploads\/2018\/07\/porto_de_santos_divulgcao.jpg\" \/>\n\t<meta property=\"og:image:width\" content=\"3200\" \/>\n\t<meta property=\"og:image:height\" content=\"2125\" \/>\n\t<meta property=\"og:image:type\" content=\"image\/jpeg\" \/>\n<meta name=\"author\" content=\"Ag\u00eancia iNFRA\" \/>\n<meta name=\"twitter:card\" content=\"summary_large_image\" \/>\n<meta name=\"twitter:creator\" content=\"@agencia_infra\" \/>\n<meta name=\"twitter:site\" content=\"@agencia_infra\" \/>\n<meta name=\"twitter:label1\" content=\"Escrito por\" \/>\n\t<meta name=\"twitter:data1\" content=\"Ag\u00eancia iNFRA\" \/>\n\t<meta name=\"twitter:label2\" content=\"Est. tempo de leitura\" \/>\n\t<meta name=\"twitter:data2\" content=\"5 minutos\" \/>\n<script type=\"application\/ld+json\" class=\"yoast-schema-graph\">{\"@context\":\"https:\/\/schema.org\",\"@graph\":[{\"@type\":\"Article\",\"@id\":\"https:\/\/agenciainfra.com\/blog\/infradebate-reporto-em-time-que-esta-ganhando-nao-se-mexe\/#article\",\"isPartOf\":{\"@id\":\"https:\/\/agenciainfra.com\/blog\/infradebate-reporto-em-time-que-esta-ganhando-nao-se-mexe\/\"},\"author\":{\"name\":\"Ag\u00eancia iNFRA\",\"@id\":\"https:\/\/agenciainfra.com\/blog\/#\/schema\/person\/34af08dff6adea4cb22b06612ba7acfa\"},\"headline\":\"iNFRADebate: Reporto \u2013 em time que est\u00e1 ganhando n\u00e3o se mexe\",\"datePublished\":\"2021-12-14T14:00:00+00:00\",\"dateModified\":\"2021-12-14T14:21:31+00:00\",\"mainEntityOfPage\":{\"@id\":\"https:\/\/agenciainfra.com\/blog\/infradebate-reporto-em-time-que-esta-ganhando-nao-se-mexe\/\"},\"wordCount\":982,\"publisher\":{\"@id\":\"https:\/\/agenciainfra.com\/blog\/#organization\"},\"image\":{\"@id\":\"https:\/\/agenciainfra.com\/blog\/infradebate-reporto-em-time-que-esta-ganhando-nao-se-mexe\/#primaryimage\"},\"thumbnailUrl\":\"https:\/\/agenciainfra.com\/blog\/wp-content\/uploads\/2018\/07\/porto_de_santos_divulgcao-e1748516106368.jpg\",\"keywords\":[\"concess\u00f5es portu\u00e1rias\",\"cont\u00eaineres\",\"infraestrutura portu\u00e1ria\",\"moderniza\u00e7\u00e3o\",\"PDZ\",\"Porto de Santos\",\"Reporto\",\"setor portu\u00e1rio\",\"terminais portu\u00e1rios\",\"transportes\"],\"articleSection\":[\"Geral\",\"iNFRADebate\"],\"inLanguage\":\"pt-BR\",\"copyrightYear\":\"2021\",\"copyrightHolder\":{\"@id\":\"https:\/\/agenciainfra.com\/blog\/#organization\"}},{\"@type\":\"WebPage\",\"@id\":\"https:\/\/agenciainfra.com\/blog\/infradebate-reporto-em-time-que-esta-ganhando-nao-se-mexe\/\",\"url\":\"https:\/\/agenciainfra.com\/blog\/infradebate-reporto-em-time-que-esta-ganhando-nao-se-mexe\/\",\"name\":\"iNFRADebate: Reporto \u2013 em time que est\u00e1 ganhando n\u00e3o se mexe - Ag\u00eancia iNFRA\",\"isPartOf\":{\"@id\":\"https:\/\/agenciainfra.com\/blog\/#website\"},\"primaryImageOfPage\":{\"@id\":\"https:\/\/agenciainfra.com\/blog\/infradebate-reporto-em-time-que-esta-ganhando-nao-se-mexe\/#primaryimage\"},\"image\":{\"@id\":\"https:\/\/agenciainfra.com\/blog\/infradebate-reporto-em-time-que-esta-ganhando-nao-se-mexe\/#primaryimage\"},\"thumbnailUrl\":\"https:\/\/agenciainfra.com\/blog\/wp-content\/uploads\/2018\/07\/porto_de_santos_divulgcao-e1748516106368.jpg\",\"datePublished\":\"2021-12-14T14:00:00+00:00\",\"dateModified\":\"2021-12-14T14:21:31+00:00\",\"breadcrumb\":{\"@id\":\"https:\/\/agenciainfra.com\/blog\/infradebate-reporto-em-time-que-esta-ganhando-nao-se-mexe\/#breadcrumb\"},\"inLanguage\":\"pt-BR\",\"potentialAction\":[{\"@type\":\"ReadAction\",\"target\":[\"https:\/\/agenciainfra.com\/blog\/infradebate-reporto-em-time-que-esta-ganhando-nao-se-mexe\/\"]}]},{\"@type\":\"ImageObject\",\"inLanguage\":\"pt-BR\",\"@id\":\"https:\/\/agenciainfra.com\/blog\/infradebate-reporto-em-time-que-esta-ganhando-nao-se-mexe\/#primaryimage\",\"url\":\"https:\/\/agenciainfra.com\/blog\/wp-content\/uploads\/2018\/07\/porto_de_santos_divulgcao-e1748516106368.jpg\",\"contentUrl\":\"https:\/\/agenciainfra.com\/blog\/wp-content\/uploads\/2018\/07\/porto_de_santos_divulgcao-e1748516106368.jpg\",\"width\":1280,\"height\":760,\"caption\":\"Divulga\u00e7\u00e3o APS\"},{\"@type\":\"BreadcrumbList\",\"@id\":\"https:\/\/agenciainfra.com\/blog\/infradebate-reporto-em-time-que-esta-ganhando-nao-se-mexe\/#breadcrumb\",\"itemListElement\":[{\"@type\":\"ListItem\",\"position\":1,\"name\":\"In\u00edcio\",\"item\":\"https:\/\/agenciainfra.com\/blog\/\"},{\"@type\":\"ListItem\",\"position\":2,\"name\":\"iNFRADebate: Reporto \u2013 em time que est\u00e1 ganhando n\u00e3o se mexe\"}]},{\"@type\":\"WebSite\",\"@id\":\"https:\/\/agenciainfra.com\/blog\/#website\",\"url\":\"https:\/\/agenciainfra.com\/blog\/\",\"name\":\"Ag\u00eancia iNFRA\",\"description\":\"Multiplataforma de informa\u00e7\u00e3o jornal\u00edstica refer\u00eancia na \u00e1rea de infraestrutura no Brasil!\",\"publisher\":{\"@id\":\"https:\/\/agenciainfra.com\/blog\/#organization\"},\"potentialAction\":[{\"@type\":\"SearchAction\",\"target\":{\"@type\":\"EntryPoint\",\"urlTemplate\":\"https:\/\/agenciainfra.com\/blog\/?s={search_term_string}\"},\"query-input\":{\"@type\":\"PropertyValueSpecification\",\"valueRequired\":true,\"valueName\":\"search_term_string\"}}],\"inLanguage\":\"pt-BR\"},{\"@type\":\"Organization\",\"@id\":\"https:\/\/agenciainfra.com\/blog\/#organization\",\"name\":\"Ag\u00eancia iNFRA\",\"url\":\"https:\/\/agenciainfra.com\/blog\/\",\"logo\":{\"@type\":\"ImageObject\",\"inLanguage\":\"pt-BR\",\"@id\":\"https:\/\/agenciainfra.com\/blog\/#\/schema\/logo\/image\/\",\"url\":\"https:\/\/agenciainfra.com\/blog\/wp-content\/uploads\/2023\/09\/iNFRA_5-e1761735885940.png\",\"contentUrl\":\"https:\/\/agenciainfra.com\/blog\/wp-content\/uploads\/2023\/09\/iNFRA_5-e1761735885940.png\",\"width\":1672,\"height\":454,\"caption\":\"Ag\u00eancia iNFRA\"},\"image\":{\"@id\":\"https:\/\/agenciainfra.com\/blog\/#\/schema\/logo\/image\/\"},\"sameAs\":[\"https:\/\/www.facebook.com\/ageninfra\",\"https:\/\/x.com\/agencia_infra\",\"https:\/\/www.linkedin.com\/company\/ag\u00eanciainfra\/\",\"https:\/\/www.instagram.com\/agenciainfra\/\"]},{\"@type\":\"Person\",\"@id\":\"https:\/\/agenciainfra.com\/blog\/#\/schema\/person\/34af08dff6adea4cb22b06612ba7acfa\",\"name\":\"Ag\u00eancia iNFRA\",\"image\":{\"@type\":\"ImageObject\",\"inLanguage\":\"pt-BR\",\"@id\":\"https:\/\/agenciainfra.com\/blog\/#\/schema\/person\/image\/\",\"url\":\"https:\/\/secure.gravatar.com\/avatar\/d189e01678f06d8eb84d4e01f08eb848b3fffe3f8443818d3c356c66892f5be8?s=96&d=mm&r=g\",\"contentUrl\":\"https:\/\/secure.gravatar.com\/avatar\/d189e01678f06d8eb84d4e01f08eb848b3fffe3f8443818d3c356c66892f5be8?s=96&d=mm&r=g\",\"caption\":\"Ag\u00eancia iNFRA\"},\"url\":\"https:\/\/agenciainfra.com\/blog\/author\/admin\/\"}]}<\/script>\n<!-- \/ Yoast SEO Premium plugin. -->","yoast_head_json":{"title":"iNFRADebate: Reporto \u2013 em time que est\u00e1 ganhando n\u00e3o se mexe - Ag\u00eancia iNFRA","robots":{"index":"index","follow":"follow","max-snippet":"max-snippet:-1","max-image-preview":"max-image-preview:large","max-video-preview":"max-video-preview:-1"},"canonical":"https:\/\/agenciainfra.com\/blog\/infradebate-reporto-em-time-que-esta-ganhando-nao-se-mexe\/","og_locale":"pt_BR","og_type":"article","og_title":"iNFRADebate: Reporto \u2013 em time que est\u00e1 ganhando n\u00e3o se mexe","og_description":"Luis Claudio Santana Montenegro* Creio que possamos partir, neste artigo, do princ\u00edpio consensual de que as pol\u00edticas p\u00fablicas que geram incentivos \u00e0 implanta\u00e7\u00e3o de infraestruturas podem gerar est\u00edmulos extremamente importantes, neste momento em que estamos buscando a retomada do nosso desenvolvimento econ\u00f4mico. A forma\u00e7\u00e3o de pol\u00edticas p\u00fablicas eficazes passa pelo correto planejamento da forma de [&hellip;]","og_url":"https:\/\/agenciainfra.com\/blog\/infradebate-reporto-em-time-que-esta-ganhando-nao-se-mexe\/","og_site_name":"Ag\u00eancia iNFRA","article_publisher":"https:\/\/www.facebook.com\/ageninfra","article_published_time":"2021-12-14T14:00:00+00:00","article_modified_time":"2021-12-14T14:21:31+00:00","og_image":[{"width":3200,"height":2125,"url":"https:\/\/agenciainfra.com\/blog\/wp-content\/uploads\/2018\/07\/porto_de_santos_divulgcao.jpg","type":"image\/jpeg"}],"author":"Ag\u00eancia iNFRA","twitter_card":"summary_large_image","twitter_creator":"@agencia_infra","twitter_site":"@agencia_infra","twitter_misc":{"Escrito por":"Ag\u00eancia iNFRA","Est. tempo de leitura":"5 minutos"},"schema":{"@context":"https:\/\/schema.org","@graph":[{"@type":"Article","@id":"https:\/\/agenciainfra.com\/blog\/infradebate-reporto-em-time-que-esta-ganhando-nao-se-mexe\/#article","isPartOf":{"@id":"https:\/\/agenciainfra.com\/blog\/infradebate-reporto-em-time-que-esta-ganhando-nao-se-mexe\/"},"author":{"name":"Ag\u00eancia iNFRA","@id":"https:\/\/agenciainfra.com\/blog\/#\/schema\/person\/34af08dff6adea4cb22b06612ba7acfa"},"headline":"iNFRADebate: Reporto \u2013 em time que est\u00e1 ganhando n\u00e3o se mexe","datePublished":"2021-12-14T14:00:00+00:00","dateModified":"2021-12-14T14:21:31+00:00","mainEntityOfPage":{"@id":"https:\/\/agenciainfra.com\/blog\/infradebate-reporto-em-time-que-esta-ganhando-nao-se-mexe\/"},"wordCount":982,"publisher":{"@id":"https:\/\/agenciainfra.com\/blog\/#organization"},"image":{"@id":"https:\/\/agenciainfra.com\/blog\/infradebate-reporto-em-time-que-esta-ganhando-nao-se-mexe\/#primaryimage"},"thumbnailUrl":"https:\/\/agenciainfra.com\/blog\/wp-content\/uploads\/2018\/07\/porto_de_santos_divulgcao-e1748516106368.jpg","keywords":["concess\u00f5es portu\u00e1rias","cont\u00eaineres","infraestrutura portu\u00e1ria","moderniza\u00e7\u00e3o","PDZ","Porto de Santos","Reporto","setor portu\u00e1rio","terminais portu\u00e1rios","transportes"],"articleSection":["Geral","iNFRADebate"],"inLanguage":"pt-BR","copyrightYear":"2021","copyrightHolder":{"@id":"https:\/\/agenciainfra.com\/blog\/#organization"}},{"@type":"WebPage","@id":"https:\/\/agenciainfra.com\/blog\/infradebate-reporto-em-time-que-esta-ganhando-nao-se-mexe\/","url":"https:\/\/agenciainfra.com\/blog\/infradebate-reporto-em-time-que-esta-ganhando-nao-se-mexe\/","name":"iNFRADebate: Reporto \u2013 em time que est\u00e1 ganhando n\u00e3o se mexe - Ag\u00eancia iNFRA","isPartOf":{"@id":"https:\/\/agenciainfra.com\/blog\/#website"},"primaryImageOfPage":{"@id":"https:\/\/agenciainfra.com\/blog\/infradebate-reporto-em-time-que-esta-ganhando-nao-se-mexe\/#primaryimage"},"image":{"@id":"https:\/\/agenciainfra.com\/blog\/infradebate-reporto-em-time-que-esta-ganhando-nao-se-mexe\/#primaryimage"},"thumbnailUrl":"https:\/\/agenciainfra.com\/blog\/wp-content\/uploads\/2018\/07\/porto_de_santos_divulgcao-e1748516106368.jpg","datePublished":"2021-12-14T14:00:00+00:00","dateModified":"2021-12-14T14:21:31+00:00","breadcrumb":{"@id":"https:\/\/agenciainfra.com\/blog\/infradebate-reporto-em-time-que-esta-ganhando-nao-se-mexe\/#breadcrumb"},"inLanguage":"pt-BR","potentialAction":[{"@type":"ReadAction","target":["https:\/\/agenciainfra.com\/blog\/infradebate-reporto-em-time-que-esta-ganhando-nao-se-mexe\/"]}]},{"@type":"ImageObject","inLanguage":"pt-BR","@id":"https:\/\/agenciainfra.com\/blog\/infradebate-reporto-em-time-que-esta-ganhando-nao-se-mexe\/#primaryimage","url":"https:\/\/agenciainfra.com\/blog\/wp-content\/uploads\/2018\/07\/porto_de_santos_divulgcao-e1748516106368.jpg","contentUrl":"https:\/\/agenciainfra.com\/blog\/wp-content\/uploads\/2018\/07\/porto_de_santos_divulgcao-e1748516106368.jpg","width":1280,"height":760,"caption":"Divulga\u00e7\u00e3o APS"},{"@type":"BreadcrumbList","@id":"https:\/\/agenciainfra.com\/blog\/infradebate-reporto-em-time-que-esta-ganhando-nao-se-mexe\/#breadcrumb","itemListElement":[{"@type":"ListItem","position":1,"name":"In\u00edcio","item":"https:\/\/agenciainfra.com\/blog\/"},{"@type":"ListItem","position":2,"name":"iNFRADebate: Reporto \u2013 em time que est\u00e1 ganhando n\u00e3o se mexe"}]},{"@type":"WebSite","@id":"https:\/\/agenciainfra.com\/blog\/#website","url":"https:\/\/agenciainfra.com\/blog\/","name":"Ag\u00eancia iNFRA","description":"Multiplataforma de informa\u00e7\u00e3o jornal\u00edstica refer\u00eancia na \u00e1rea de infraestrutura no Brasil!","publisher":{"@id":"https:\/\/agenciainfra.com\/blog\/#organization"},"potentialAction":[{"@type":"SearchAction","target":{"@type":"EntryPoint","urlTemplate":"https:\/\/agenciainfra.com\/blog\/?s={search_term_string}"},"query-input":{"@type":"PropertyValueSpecification","valueRequired":true,"valueName":"search_term_string"}}],"inLanguage":"pt-BR"},{"@type":"Organization","@id":"https:\/\/agenciainfra.com\/blog\/#organization","name":"Ag\u00eancia iNFRA","url":"https:\/\/agenciainfra.com\/blog\/","logo":{"@type":"ImageObject","inLanguage":"pt-BR","@id":"https:\/\/agenciainfra.com\/blog\/#\/schema\/logo\/image\/","url":"https:\/\/agenciainfra.com\/blog\/wp-content\/uploads\/2023\/09\/iNFRA_5-e1761735885940.png","contentUrl":"https:\/\/agenciainfra.com\/blog\/wp-content\/uploads\/2023\/09\/iNFRA_5-e1761735885940.png","width":1672,"height":454,"caption":"Ag\u00eancia iNFRA"},"image":{"@id":"https:\/\/agenciainfra.com\/blog\/#\/schema\/logo\/image\/"},"sameAs":["https:\/\/www.facebook.com\/ageninfra","https:\/\/x.com\/agencia_infra","https:\/\/www.linkedin.com\/company\/ag\u00eanciainfra\/","https:\/\/www.instagram.com\/agenciainfra\/"]},{"@type":"Person","@id":"https:\/\/agenciainfra.com\/blog\/#\/schema\/person\/34af08dff6adea4cb22b06612ba7acfa","name":"Ag\u00eancia iNFRA","image":{"@type":"ImageObject","inLanguage":"pt-BR","@id":"https:\/\/agenciainfra.com\/blog\/#\/schema\/person\/image\/","url":"https:\/\/secure.gravatar.com\/avatar\/d189e01678f06d8eb84d4e01f08eb848b3fffe3f8443818d3c356c66892f5be8?s=96&d=mm&r=g","contentUrl":"https:\/\/secure.gravatar.com\/avatar\/d189e01678f06d8eb84d4e01f08eb848b3fffe3f8443818d3c356c66892f5be8?s=96&d=mm&r=g","caption":"Ag\u00eancia iNFRA"},"url":"https:\/\/agenciainfra.com\/blog\/author\/admin\/"}]}},"_links":{"self":[{"href":"https:\/\/agenciainfra.com\/blog\/wp-json\/wp\/v2\/posts\/9165","targetHints":{"allow":["GET"]}}],"collection":[{"href":"https:\/\/agenciainfra.com\/blog\/wp-json\/wp\/v2\/posts"}],"about":[{"href":"https:\/\/agenciainfra.com\/blog\/wp-json\/wp\/v2\/types\/post"}],"author":[{"embeddable":true,"href":"https:\/\/agenciainfra.com\/blog\/wp-json\/wp\/v2\/users\/1"}],"replies":[{"embeddable":true,"href":"https:\/\/agenciainfra.com\/blog\/wp-json\/wp\/v2\/comments?post=9165"}],"version-history":[{"count":0,"href":"https:\/\/agenciainfra.com\/blog\/wp-json\/wp\/v2\/posts\/9165\/revisions"}],"wp:featuredmedia":[{"embeddable":true,"href":"https:\/\/agenciainfra.com\/blog\/wp-json\/wp\/v2\/media\/2173"}],"wp:attachment":[{"href":"https:\/\/agenciainfra.com\/blog\/wp-json\/wp\/v2\/media?parent=9165"}],"wp:term":[{"taxonomy":"category","embeddable":true,"href":"https:\/\/agenciainfra.com\/blog\/wp-json\/wp\/v2\/categories?post=9165"},{"taxonomy":"post_tag","embeddable":true,"href":"https:\/\/agenciainfra.com\/blog\/wp-json\/wp\/v2\/tags?post=9165"}],"curies":[{"name":"wp","href":"https:\/\/api.w.org\/{rel}","templated":true}]}}