{"id":9169,"date":"2021-12-15T08:00:00","date_gmt":"2021-12-15T11:00:00","guid":{"rendered":"https:\/\/www.agenciainfra.com\/blog\/?p=9169"},"modified":"2021-12-14T11:23:34","modified_gmt":"2021-12-14T14:23:34","slug":"geradoras-enviam-carta-de-apoio-as-garantias-fisicas-da-eletrobras-em-capitalizacao","status":"publish","type":"post","link":"https:\/\/agenciainfra.com\/blog\/geradoras-enviam-carta-de-apoio-as-garantias-fisicas-da-eletrobras-em-capitalizacao\/","title":{"rendered":"Geradoras enviam carta de apoio \u00e0s garantias f\u00edsicas da Eletrobras em capitaliza\u00e7\u00e3o"},"content":{"rendered":"\n<p class=\"has-text-align-right\"><strong>Leila Coimbra e Ludmylla Rocha, da&nbsp;Ag\u00eancia iNFRA<\/strong><\/p>\n\n\n\n<p>As empresas EDP Brasil, Enel Brasil, Neoenergia e Light enviaram na \u00faltima sexta-feira (10) uma&nbsp;<a rel=\"noreferrer noopener\" href=\"https:\/\/agenciainfra.us14.list-manage.com\/track\/click?u=d460dd1bcf9ba0ae040e1fc0f&amp;id=38ce4019a3&amp;e=8d54f1ad19\" target=\"_blank\">carta<\/a>&nbsp;ao Minist\u00e9rio de Minas e Energia, \u00e0 EPE (Empresa de Pesquisa Energ\u00e9tica) e ao TCU (Tribunal de Contas da Uni\u00e3o) afirmando que apoiam as&nbsp;garantias f\u00edsicas das hidrel\u00e9tricas da Eletrobras dentro do processo de capitaliza\u00e7\u00e3o, e que o c\u00e1lculo &#8220;seguiu estritamente as regras vigentes&#8221;. Segundo as companhias, mudan\u00e7as s\u00f3 seriam poss\u00edveis com &#8220;altera\u00e7\u00e3o formal da regra&#8221;.<br><br>O documento \u00e9 uma resposta \u00e0s manifesta\u00e7\u00f5es da Engie Brasil e da Abrace (Associa\u00e7\u00e3o dos Grandes Consumidores Industriais de Energia e de Consumidores Livres), que, na semana passada, questionaram as premissas.<br><br>Na avalia\u00e7\u00e3o da primeira, deveriam ter sido considerados dados de hidrologia de 2020 e 2021, ainda que a garantia f\u00edsica definida em&nbsp;<a rel=\"noreferrer noopener\" href=\"https:\/\/agenciainfra.us14.list-manage.com\/track\/click?u=d460dd1bcf9ba0ae040e1fc0f&amp;id=6532ad4984&amp;e=8d54f1ad19\" target=\"_blank\">portaria<\/a>&nbsp;em agosto tenha uma redu\u00e7\u00e3o de cerca de 7% em rela\u00e7\u00e3o ao montante anterior.<br><br><strong>An\u00e1lise do TCU<\/strong><br>A diverg\u00eancia ocorre \u00e0s v\u00e9speras de o TCU avaliar a primeira parte do processo de capitaliza\u00e7\u00e3o da estatal. A an\u00e1lise, que j\u00e1 sofreu um adiamento na \u00faltima quarta-feira (8), est\u00e1 pautada para a sess\u00e3o plen\u00e1ria de hoje (15).<br><br>Os cr\u00edticos apontam que as garantias f\u00edsicas, como est\u00e3o, prejudicam os consumidores e aumentam o valor de outorga ao governo. Se a Corte avaliar que&nbsp;o rec\u00e1lculo \u00e9 necess\u00e1rio, o processo de desestatiza\u00e7\u00e3o poder\u00e1 ficar comprometido.<br><br><strong>\u201cQuest\u00e3o por tr\u00e1s\u201d<\/strong><br>As empresas que se manifestaram na carta afirmam que, mesmo que 2020 &#8220;tenha sido um ano de hidrologia desfavor\u00e1vel, importa notar que a atualiza\u00e7\u00e3o do hist\u00f3rico de vaz\u00f5es com a inclus\u00e3o do ano de 2020, por si s\u00f3, n\u00e3o traria altera\u00e7\u00f5es relevantes, j\u00e1 que seria apenas a amplia\u00e7\u00e3o de um hist\u00f3rico consolidado de 89 para 90 anos&#8221;.<br><br>Segundo as quatro geradoras, a &#8220;quest\u00e3o por tr\u00e1s&#8221; da discuss\u00e3o &#8220;\u00e9 o interesse de alguns agentes de gera\u00e7\u00e3o na altera\u00e7\u00e3o do per\u00edodo cr\u00edtico oficial usado no c\u00e1lculo de garantia f\u00edsica, que reduziria as garantias f\u00edsicas das usinas hidrel\u00e9tricas da Eletrobras, mas tamb\u00e9m aumentaria a garantia f\u00edsica desses agentes no pr\u00f3ximo processo de revis\u00e3o ordin\u00e1ria&#8221;.<\/p>\n","protected":false},"excerpt":{"rendered":"<p>Leila Coimbra e Ludmylla Rocha, da&nbsp;Ag\u00eancia iNFRA As empresas EDP Brasil, Enel Brasil, Neoenergia e Light enviaram na \u00faltima sexta-feira (10) uma&nbsp;carta&nbsp;ao Minist\u00e9rio de Minas e Energia, \u00e0 EPE (Empresa de Pesquisa Energ\u00e9tica) e ao TCU (Tribunal de Contas da Uni\u00e3o) afirmando que apoiam as&nbsp;garantias f\u00edsicas das hidrel\u00e9tricas da Eletrobras dentro do processo de capitaliza\u00e7\u00e3o, [&hellip;]<\/p>\n","protected":false},"author":1,"featured_media":9170,"comment_status":"closed","ping_status":"closed","sticky":false,"template":"","format":"standard","meta":{"_monsterinsights_skip_tracking":false,"_monsterinsights_sitenote_active":false,"_monsterinsights_sitenote_note":"","_monsterinsights_sitenote_category":0,"footnotes":""},"categories":[1,10],"tags":[1430,4672,13,192,50,282,12,5166,635,18],"class_list":["post-9169","post","type-post","status-publish","format-standard","has-post-thumbnail","hentry","category-geral","category-infraenergia","tag-capitalizacao","tag-capitalizacao-da-eletrobras","tag-consumo-de-energia","tag-desestatizacao","tag-eletrobras","tag-energia-eletrica","tag-epe","tag-garantias-fisicas","tag-hidreletricas","tag-tcu"],"yoast_head":"<!-- This site is optimized with the Yoast SEO Premium plugin v25.4 (Yoast SEO v26.0) - https:\/\/yoast.com\/wordpress\/plugins\/seo\/ -->\n<title>Geradoras enviam carta de apoio \u00e0s garantias f\u00edsicas da Eletrobras em capitaliza\u00e7\u00e3o - Ag\u00eancia iNFRA<\/title>\n<meta name=\"robots\" content=\"index, follow, max-snippet:-1, max-image-preview:large, max-video-preview:-1\" \/>\n<link rel=\"canonical\" href=\"https:\/\/agenciainfra.com\/blog\/geradoras-enviam-carta-de-apoio-as-garantias-fisicas-da-eletrobras-em-capitalizacao\/\" \/>\n<meta property=\"og:locale\" content=\"pt_BR\" \/>\n<meta property=\"og:type\" content=\"article\" \/>\n<meta property=\"og:title\" content=\"Geradoras enviam carta de apoio \u00e0s garantias f\u00edsicas da Eletrobras em capitaliza\u00e7\u00e3o\" \/>\n<meta property=\"og:description\" content=\"Leila Coimbra e Ludmylla Rocha, da&nbsp;Ag\u00eancia iNFRA As empresas EDP Brasil, Enel Brasil, Neoenergia e Light enviaram na \u00faltima sexta-feira (10) uma&nbsp;carta&nbsp;ao Minist\u00e9rio de Minas e Energia, \u00e0 EPE (Empresa de Pesquisa Energ\u00e9tica) e ao TCU (Tribunal de Contas da Uni\u00e3o) afirmando que apoiam as&nbsp;garantias f\u00edsicas das hidrel\u00e9tricas da Eletrobras dentro do processo de capitaliza\u00e7\u00e3o, [&hellip;]\" \/>\n<meta property=\"og:url\" content=\"https:\/\/agenciainfra.com\/blog\/geradoras-enviam-carta-de-apoio-as-garantias-fisicas-da-eletrobras-em-capitalizacao\/\" \/>\n<meta property=\"og:site_name\" content=\"Ag\u00eancia iNFRA\" \/>\n<meta property=\"article:publisher\" content=\"https:\/\/www.facebook.com\/ageninfra\" \/>\n<meta property=\"article:published_time\" content=\"2021-12-15T11:00:00+00:00\" \/>\n<meta property=\"og:image\" content=\"https:\/\/agenciainfra.com\/blog\/wp-content\/uploads\/2021\/12\/furnais-centrais-eletricas-foto.jpg\" \/>\n\t<meta property=\"og:image:width\" content=\"1280\" \/>\n\t<meta property=\"og:image:height\" content=\"850\" \/>\n\t<meta property=\"og:image:type\" content=\"image\/jpeg\" \/>\n<meta name=\"author\" content=\"Ag\u00eancia iNFRA\" \/>\n<meta name=\"twitter:card\" content=\"summary_large_image\" \/>\n<meta name=\"twitter:creator\" content=\"@agencia_infra\" \/>\n<meta name=\"twitter:site\" content=\"@agencia_infra\" \/>\n<meta name=\"twitter:label1\" content=\"Escrito por\" \/>\n\t<meta name=\"twitter:data1\" content=\"Ag\u00eancia iNFRA\" \/>\n\t<meta name=\"twitter:label2\" content=\"Est. tempo de leitura\" \/>\n\t<meta name=\"twitter:data2\" content=\"2 minutos\" \/>\n<script type=\"application\/ld+json\" class=\"yoast-schema-graph\">{\"@context\":\"https:\/\/schema.org\",\"@graph\":[{\"@type\":\"Article\",\"@id\":\"https:\/\/agenciainfra.com\/blog\/geradoras-enviam-carta-de-apoio-as-garantias-fisicas-da-eletrobras-em-capitalizacao\/#article\",\"isPartOf\":{\"@id\":\"https:\/\/agenciainfra.com\/blog\/geradoras-enviam-carta-de-apoio-as-garantias-fisicas-da-eletrobras-em-capitalizacao\/\"},\"author\":{\"name\":\"Ag\u00eancia iNFRA\",\"@id\":\"https:\/\/agenciainfra.com\/blog\/#\/schema\/person\/34af08dff6adea4cb22b06612ba7acfa\"},\"headline\":\"Geradoras enviam carta de apoio \u00e0s garantias f\u00edsicas da Eletrobras em capitaliza\u00e7\u00e3o\",\"datePublished\":\"2021-12-15T11:00:00+00:00\",\"mainEntityOfPage\":{\"@id\":\"https:\/\/agenciainfra.com\/blog\/geradoras-enviam-carta-de-apoio-as-garantias-fisicas-da-eletrobras-em-capitalizacao\/\"},\"wordCount\":403,\"publisher\":{\"@id\":\"https:\/\/agenciainfra.com\/blog\/#organization\"},\"image\":{\"@id\":\"https:\/\/agenciainfra.com\/blog\/geradoras-enviam-carta-de-apoio-as-garantias-fisicas-da-eletrobras-em-capitalizacao\/#primaryimage\"},\"thumbnailUrl\":\"https:\/\/agenciainfra.com\/blog\/wp-content\/uploads\/2021\/12\/furnais-centrais-eletricas-foto.jpg\",\"keywords\":[\"capitaliza\u00e7\u00e3o\",\"capitaliza\u00e7\u00e3o da Eletrobras\",\"consumo de energia\",\"desestatiza\u00e7\u00e3o\",\"Eletrobras\",\"energia el\u00e9trica\",\"epe\",\"garantias f\u00edsicas\",\"Hidrel\u00e9tricas\",\"TCU\"],\"articleSection\":[\"Geral\",\"iNFRAEnergia\"],\"inLanguage\":\"pt-BR\",\"copyrightYear\":\"2021\",\"copyrightHolder\":{\"@id\":\"https:\/\/agenciainfra.com\/blog\/#organization\"}},{\"@type\":\"WebPage\",\"@id\":\"https:\/\/agenciainfra.com\/blog\/geradoras-enviam-carta-de-apoio-as-garantias-fisicas-da-eletrobras-em-capitalizacao\/\",\"url\":\"https:\/\/agenciainfra.com\/blog\/geradoras-enviam-carta-de-apoio-as-garantias-fisicas-da-eletrobras-em-capitalizacao\/\",\"name\":\"Geradoras enviam carta de apoio \u00e0s garantias f\u00edsicas da Eletrobras em capitaliza\u00e7\u00e3o - Ag\u00eancia iNFRA\",\"isPartOf\":{\"@id\":\"https:\/\/agenciainfra.com\/blog\/#website\"},\"primaryImageOfPage\":{\"@id\":\"https:\/\/agenciainfra.com\/blog\/geradoras-enviam-carta-de-apoio-as-garantias-fisicas-da-eletrobras-em-capitalizacao\/#primaryimage\"},\"image\":{\"@id\":\"https:\/\/agenciainfra.com\/blog\/geradoras-enviam-carta-de-apoio-as-garantias-fisicas-da-eletrobras-em-capitalizacao\/#primaryimage\"},\"thumbnailUrl\":\"https:\/\/agenciainfra.com\/blog\/wp-content\/uploads\/2021\/12\/furnais-centrais-eletricas-foto.jpg\",\"datePublished\":\"2021-12-15T11:00:00+00:00\",\"breadcrumb\":{\"@id\":\"https:\/\/agenciainfra.com\/blog\/geradoras-enviam-carta-de-apoio-as-garantias-fisicas-da-eletrobras-em-capitalizacao\/#breadcrumb\"},\"inLanguage\":\"pt-BR\",\"potentialAction\":[{\"@type\":\"ReadAction\",\"target\":[\"https:\/\/agenciainfra.com\/blog\/geradoras-enviam-carta-de-apoio-as-garantias-fisicas-da-eletrobras-em-capitalizacao\/\"]}]},{\"@type\":\"ImageObject\",\"inLanguage\":\"pt-BR\",\"@id\":\"https:\/\/agenciainfra.com\/blog\/geradoras-enviam-carta-de-apoio-as-garantias-fisicas-da-eletrobras-em-capitalizacao\/#primaryimage\",\"url\":\"https:\/\/agenciainfra.com\/blog\/wp-content\/uploads\/2021\/12\/furnais-centrais-eletricas-foto.jpg\",\"contentUrl\":\"https:\/\/agenciainfra.com\/blog\/wp-content\/uploads\/2021\/12\/furnais-centrais-eletricas-foto.jpg\",\"width\":1280,\"height\":850},{\"@type\":\"BreadcrumbList\",\"@id\":\"https:\/\/agenciainfra.com\/blog\/geradoras-enviam-carta-de-apoio-as-garantias-fisicas-da-eletrobras-em-capitalizacao\/#breadcrumb\",\"itemListElement\":[{\"@type\":\"ListItem\",\"position\":1,\"name\":\"In\u00edcio\",\"item\":\"https:\/\/agenciainfra.com\/blog\/\"},{\"@type\":\"ListItem\",\"position\":2,\"name\":\"Geradoras enviam carta de apoio \u00e0s garantias f\u00edsicas da Eletrobras em capitaliza\u00e7\u00e3o\"}]},{\"@type\":\"WebSite\",\"@id\":\"https:\/\/agenciainfra.com\/blog\/#website\",\"url\":\"https:\/\/agenciainfra.com\/blog\/\",\"name\":\"Ag\u00eancia iNFRA\",\"description\":\"Multiplataforma de informa\u00e7\u00e3o jornal\u00edstica refer\u00eancia na \u00e1rea de infraestrutura no Brasil!\",\"publisher\":{\"@id\":\"https:\/\/agenciainfra.com\/blog\/#organization\"},\"potentialAction\":[{\"@type\":\"SearchAction\",\"target\":{\"@type\":\"EntryPoint\",\"urlTemplate\":\"https:\/\/agenciainfra.com\/blog\/?s={search_term_string}\"},\"query-input\":{\"@type\":\"PropertyValueSpecification\",\"valueRequired\":true,\"valueName\":\"search_term_string\"}}],\"inLanguage\":\"pt-BR\"},{\"@type\":\"Organization\",\"@id\":\"https:\/\/agenciainfra.com\/blog\/#organization\",\"name\":\"Ag\u00eancia iNFRA\",\"url\":\"https:\/\/agenciainfra.com\/blog\/\",\"logo\":{\"@type\":\"ImageObject\",\"inLanguage\":\"pt-BR\",\"@id\":\"https:\/\/agenciainfra.com\/blog\/#\/schema\/logo\/image\/\",\"url\":\"https:\/\/agenciainfra.com\/blog\/wp-content\/uploads\/2023\/09\/iNFRA_5-e1761735885940.png\",\"contentUrl\":\"https:\/\/agenciainfra.com\/blog\/wp-content\/uploads\/2023\/09\/iNFRA_5-e1761735885940.png\",\"width\":1672,\"height\":454,\"caption\":\"Ag\u00eancia iNFRA\"},\"image\":{\"@id\":\"https:\/\/agenciainfra.com\/blog\/#\/schema\/logo\/image\/\"},\"sameAs\":[\"https:\/\/www.facebook.com\/ageninfra\",\"https:\/\/x.com\/agencia_infra\",\"https:\/\/www.linkedin.com\/company\/ag\u00eanciainfra\/\",\"https:\/\/www.instagram.com\/agenciainfra\/\"]},{\"@type\":\"Person\",\"@id\":\"https:\/\/agenciainfra.com\/blog\/#\/schema\/person\/34af08dff6adea4cb22b06612ba7acfa\",\"name\":\"Ag\u00eancia iNFRA\",\"image\":{\"@type\":\"ImageObject\",\"inLanguage\":\"pt-BR\",\"@id\":\"https:\/\/agenciainfra.com\/blog\/#\/schema\/person\/image\/\",\"url\":\"https:\/\/secure.gravatar.com\/avatar\/d189e01678f06d8eb84d4e01f08eb848b3fffe3f8443818d3c356c66892f5be8?s=96&d=mm&r=g\",\"contentUrl\":\"https:\/\/secure.gravatar.com\/avatar\/d189e01678f06d8eb84d4e01f08eb848b3fffe3f8443818d3c356c66892f5be8?s=96&d=mm&r=g\",\"caption\":\"Ag\u00eancia iNFRA\"},\"url\":\"https:\/\/agenciainfra.com\/blog\/author\/admin\/\"}]}<\/script>\n<!-- \/ Yoast SEO Premium plugin. -->","yoast_head_json":{"title":"Geradoras enviam carta de apoio \u00e0s garantias f\u00edsicas da Eletrobras em capitaliza\u00e7\u00e3o - Ag\u00eancia iNFRA","robots":{"index":"index","follow":"follow","max-snippet":"max-snippet:-1","max-image-preview":"max-image-preview:large","max-video-preview":"max-video-preview:-1"},"canonical":"https:\/\/agenciainfra.com\/blog\/geradoras-enviam-carta-de-apoio-as-garantias-fisicas-da-eletrobras-em-capitalizacao\/","og_locale":"pt_BR","og_type":"article","og_title":"Geradoras enviam carta de apoio \u00e0s garantias f\u00edsicas da Eletrobras em capitaliza\u00e7\u00e3o","og_description":"Leila Coimbra e Ludmylla Rocha, da&nbsp;Ag\u00eancia iNFRA As empresas EDP Brasil, Enel Brasil, Neoenergia e Light enviaram na \u00faltima sexta-feira (10) uma&nbsp;carta&nbsp;ao Minist\u00e9rio de Minas e Energia, \u00e0 EPE (Empresa de Pesquisa Energ\u00e9tica) e ao TCU (Tribunal de Contas da Uni\u00e3o) afirmando que apoiam as&nbsp;garantias f\u00edsicas das hidrel\u00e9tricas da Eletrobras dentro do processo de capitaliza\u00e7\u00e3o, [&hellip;]","og_url":"https:\/\/agenciainfra.com\/blog\/geradoras-enviam-carta-de-apoio-as-garantias-fisicas-da-eletrobras-em-capitalizacao\/","og_site_name":"Ag\u00eancia iNFRA","article_publisher":"https:\/\/www.facebook.com\/ageninfra","article_published_time":"2021-12-15T11:00:00+00:00","og_image":[{"width":1280,"height":850,"url":"https:\/\/agenciainfra.com\/blog\/wp-content\/uploads\/2021\/12\/furnais-centrais-eletricas-foto.jpg","type":"image\/jpeg"}],"author":"Ag\u00eancia iNFRA","twitter_card":"summary_large_image","twitter_creator":"@agencia_infra","twitter_site":"@agencia_infra","twitter_misc":{"Escrito por":"Ag\u00eancia iNFRA","Est. tempo de leitura":"2 minutos"},"schema":{"@context":"https:\/\/schema.org","@graph":[{"@type":"Article","@id":"https:\/\/agenciainfra.com\/blog\/geradoras-enviam-carta-de-apoio-as-garantias-fisicas-da-eletrobras-em-capitalizacao\/#article","isPartOf":{"@id":"https:\/\/agenciainfra.com\/blog\/geradoras-enviam-carta-de-apoio-as-garantias-fisicas-da-eletrobras-em-capitalizacao\/"},"author":{"name":"Ag\u00eancia iNFRA","@id":"https:\/\/agenciainfra.com\/blog\/#\/schema\/person\/34af08dff6adea4cb22b06612ba7acfa"},"headline":"Geradoras enviam carta de apoio \u00e0s garantias f\u00edsicas da Eletrobras em capitaliza\u00e7\u00e3o","datePublished":"2021-12-15T11:00:00+00:00","mainEntityOfPage":{"@id":"https:\/\/agenciainfra.com\/blog\/geradoras-enviam-carta-de-apoio-as-garantias-fisicas-da-eletrobras-em-capitalizacao\/"},"wordCount":403,"publisher":{"@id":"https:\/\/agenciainfra.com\/blog\/#organization"},"image":{"@id":"https:\/\/agenciainfra.com\/blog\/geradoras-enviam-carta-de-apoio-as-garantias-fisicas-da-eletrobras-em-capitalizacao\/#primaryimage"},"thumbnailUrl":"https:\/\/agenciainfra.com\/blog\/wp-content\/uploads\/2021\/12\/furnais-centrais-eletricas-foto.jpg","keywords":["capitaliza\u00e7\u00e3o","capitaliza\u00e7\u00e3o da Eletrobras","consumo de energia","desestatiza\u00e7\u00e3o","Eletrobras","energia el\u00e9trica","epe","garantias f\u00edsicas","Hidrel\u00e9tricas","TCU"],"articleSection":["Geral","iNFRAEnergia"],"inLanguage":"pt-BR","copyrightYear":"2021","copyrightHolder":{"@id":"https:\/\/agenciainfra.com\/blog\/#organization"}},{"@type":"WebPage","@id":"https:\/\/agenciainfra.com\/blog\/geradoras-enviam-carta-de-apoio-as-garantias-fisicas-da-eletrobras-em-capitalizacao\/","url":"https:\/\/agenciainfra.com\/blog\/geradoras-enviam-carta-de-apoio-as-garantias-fisicas-da-eletrobras-em-capitalizacao\/","name":"Geradoras enviam carta de apoio \u00e0s garantias f\u00edsicas da Eletrobras em capitaliza\u00e7\u00e3o - Ag\u00eancia iNFRA","isPartOf":{"@id":"https:\/\/agenciainfra.com\/blog\/#website"},"primaryImageOfPage":{"@id":"https:\/\/agenciainfra.com\/blog\/geradoras-enviam-carta-de-apoio-as-garantias-fisicas-da-eletrobras-em-capitalizacao\/#primaryimage"},"image":{"@id":"https:\/\/agenciainfra.com\/blog\/geradoras-enviam-carta-de-apoio-as-garantias-fisicas-da-eletrobras-em-capitalizacao\/#primaryimage"},"thumbnailUrl":"https:\/\/agenciainfra.com\/blog\/wp-content\/uploads\/2021\/12\/furnais-centrais-eletricas-foto.jpg","datePublished":"2021-12-15T11:00:00+00:00","breadcrumb":{"@id":"https:\/\/agenciainfra.com\/blog\/geradoras-enviam-carta-de-apoio-as-garantias-fisicas-da-eletrobras-em-capitalizacao\/#breadcrumb"},"inLanguage":"pt-BR","potentialAction":[{"@type":"ReadAction","target":["https:\/\/agenciainfra.com\/blog\/geradoras-enviam-carta-de-apoio-as-garantias-fisicas-da-eletrobras-em-capitalizacao\/"]}]},{"@type":"ImageObject","inLanguage":"pt-BR","@id":"https:\/\/agenciainfra.com\/blog\/geradoras-enviam-carta-de-apoio-as-garantias-fisicas-da-eletrobras-em-capitalizacao\/#primaryimage","url":"https:\/\/agenciainfra.com\/blog\/wp-content\/uploads\/2021\/12\/furnais-centrais-eletricas-foto.jpg","contentUrl":"https:\/\/agenciainfra.com\/blog\/wp-content\/uploads\/2021\/12\/furnais-centrais-eletricas-foto.jpg","width":1280,"height":850},{"@type":"BreadcrumbList","@id":"https:\/\/agenciainfra.com\/blog\/geradoras-enviam-carta-de-apoio-as-garantias-fisicas-da-eletrobras-em-capitalizacao\/#breadcrumb","itemListElement":[{"@type":"ListItem","position":1,"name":"In\u00edcio","item":"https:\/\/agenciainfra.com\/blog\/"},{"@type":"ListItem","position":2,"name":"Geradoras enviam carta de apoio \u00e0s garantias f\u00edsicas da Eletrobras em capitaliza\u00e7\u00e3o"}]},{"@type":"WebSite","@id":"https:\/\/agenciainfra.com\/blog\/#website","url":"https:\/\/agenciainfra.com\/blog\/","name":"Ag\u00eancia iNFRA","description":"Multiplataforma de informa\u00e7\u00e3o jornal\u00edstica refer\u00eancia na \u00e1rea de infraestrutura no Brasil!","publisher":{"@id":"https:\/\/agenciainfra.com\/blog\/#organization"},"potentialAction":[{"@type":"SearchAction","target":{"@type":"EntryPoint","urlTemplate":"https:\/\/agenciainfra.com\/blog\/?s={search_term_string}"},"query-input":{"@type":"PropertyValueSpecification","valueRequired":true,"valueName":"search_term_string"}}],"inLanguage":"pt-BR"},{"@type":"Organization","@id":"https:\/\/agenciainfra.com\/blog\/#organization","name":"Ag\u00eancia iNFRA","url":"https:\/\/agenciainfra.com\/blog\/","logo":{"@type":"ImageObject","inLanguage":"pt-BR","@id":"https:\/\/agenciainfra.com\/blog\/#\/schema\/logo\/image\/","url":"https:\/\/agenciainfra.com\/blog\/wp-content\/uploads\/2023\/09\/iNFRA_5-e1761735885940.png","contentUrl":"https:\/\/agenciainfra.com\/blog\/wp-content\/uploads\/2023\/09\/iNFRA_5-e1761735885940.png","width":1672,"height":454,"caption":"Ag\u00eancia iNFRA"},"image":{"@id":"https:\/\/agenciainfra.com\/blog\/#\/schema\/logo\/image\/"},"sameAs":["https:\/\/www.facebook.com\/ageninfra","https:\/\/x.com\/agencia_infra","https:\/\/www.linkedin.com\/company\/ag\u00eanciainfra\/","https:\/\/www.instagram.com\/agenciainfra\/"]},{"@type":"Person","@id":"https:\/\/agenciainfra.com\/blog\/#\/schema\/person\/34af08dff6adea4cb22b06612ba7acfa","name":"Ag\u00eancia iNFRA","image":{"@type":"ImageObject","inLanguage":"pt-BR","@id":"https:\/\/agenciainfra.com\/blog\/#\/schema\/person\/image\/","url":"https:\/\/secure.gravatar.com\/avatar\/d189e01678f06d8eb84d4e01f08eb848b3fffe3f8443818d3c356c66892f5be8?s=96&d=mm&r=g","contentUrl":"https:\/\/secure.gravatar.com\/avatar\/d189e01678f06d8eb84d4e01f08eb848b3fffe3f8443818d3c356c66892f5be8?s=96&d=mm&r=g","caption":"Ag\u00eancia iNFRA"},"url":"https:\/\/agenciainfra.com\/blog\/author\/admin\/"}]}},"_links":{"self":[{"href":"https:\/\/agenciainfra.com\/blog\/wp-json\/wp\/v2\/posts\/9169","targetHints":{"allow":["GET"]}}],"collection":[{"href":"https:\/\/agenciainfra.com\/blog\/wp-json\/wp\/v2\/posts"}],"about":[{"href":"https:\/\/agenciainfra.com\/blog\/wp-json\/wp\/v2\/types\/post"}],"author":[{"embeddable":true,"href":"https:\/\/agenciainfra.com\/blog\/wp-json\/wp\/v2\/users\/1"}],"replies":[{"embeddable":true,"href":"https:\/\/agenciainfra.com\/blog\/wp-json\/wp\/v2\/comments?post=9169"}],"version-history":[{"count":0,"href":"https:\/\/agenciainfra.com\/blog\/wp-json\/wp\/v2\/posts\/9169\/revisions"}],"wp:featuredmedia":[{"embeddable":true,"href":"https:\/\/agenciainfra.com\/blog\/wp-json\/wp\/v2\/media\/9170"}],"wp:attachment":[{"href":"https:\/\/agenciainfra.com\/blog\/wp-json\/wp\/v2\/media?parent=9169"}],"wp:term":[{"taxonomy":"category","embeddable":true,"href":"https:\/\/agenciainfra.com\/blog\/wp-json\/wp\/v2\/categories?post=9169"},{"taxonomy":"post_tag","embeddable":true,"href":"https:\/\/agenciainfra.com\/blog\/wp-json\/wp\/v2\/tags?post=9169"}],"curies":[{"name":"wp","href":"https:\/\/api.w.org\/{rel}","templated":true}]}}