{"id":9192,"date":"2021-12-15T11:00:00","date_gmt":"2021-12-15T14:00:00","guid":{"rendered":"https:\/\/www.agenciainfra.com\/blog\/?p=9192"},"modified":"2021-12-15T13:11:25","modified_gmt":"2021-12-15T16:11:25","slug":"infradebate-concessoes-aeroportuarias-algo-alem-do-resultado-financeiro","status":"publish","type":"post","link":"https:\/\/agenciainfra.com\/blog\/infradebate-concessoes-aeroportuarias-algo-alem-do-resultado-financeiro\/","title":{"rendered":"iNFRADebate: Concess\u00f5es aeroportu\u00e1rias, algo al\u00e9m do resultado financeiro"},"content":{"rendered":"\n<p class=\"has-text-align-right\"><strong>Delmo Pinho*<\/strong><\/p>\n\n\n\n<p>O Rio de Janeiro sempre foi a porta de entrada para o turismo no Brasil, mas tem sido muito prejudicado pela perda de conectividade entre voos dom\u00e9sticos e internacionais. Uma das pe\u00e7as-chave para um novo Rio est\u00e1 no fortalecimento desta atividade, com grande impacto socioecon\u00f4mico e que pode se consolidar com a cria\u00e7\u00e3o de um hub a\u00e9reo centrado no Gale\u00e3o. Afinal, aeroportos vibrantes e que exploram plenamente o seu potencial s\u00e3o motores de desenvolvimento para suas cidades e \u00e1reas de influ\u00eancia.&nbsp;<\/p>\n\n\n\n<p>Um hub a\u00e9reo internacional na Cidade Maravilhosa \u00e9 uma oportunidade \u00edmpar, que abriria portas para a cria\u00e7\u00e3o de milhares de novos empregos em um momento sens\u00edvel como este em que estamos vivendo. Na pr\u00e9-pandemia, o Aeroporto do Gale\u00e3o gerava 22 mil empregos diretos e impactava 150 mil empregos em ind\u00fastrias, turismo e log\u00edstica. Em 2019, as atividades econ\u00f4micas desenvolvidas no aeroporto geraram R$ 6,6 bilh\u00f5es em receita bruta.&nbsp;<\/p>\n\n\n\n<p>Para que o hub a\u00e9reo se concretize e se traduza em mais emprego e renda, a conectividade a\u00e9rea (dom\u00e9stica e internacional) do Rio de Janeiro tem que estar concentrada no mesmo s\u00edtio aeroportu\u00e1rio, para que os voos internacionais se conectem de forma eficiente com uma malha dom\u00e9stica diversificada. Sendo assim, \u00e9 preciso equilibrar a distribui\u00e7\u00e3o de voos entre os aeroportos SDU (Santos Dumont) e Gale\u00e3o. Ocorre que, atualmente, 64% dos voos do Rio est\u00e3o alocados no Santos Dumont, frente a apenas 36% no Gale\u00e3o.&nbsp;<\/p>\n\n\n\n<p>Este desbalanceamento prejudica a economia do Rio pela perda seguida de voos dom\u00e9sticos, capazes de viabilizar linhas internacionais, o que termina por retirar da capital a condi\u00e7\u00e3o de hub a\u00e9reo.&nbsp;<\/p>\n\n\n\n<p>Em primeiro lugar, \u00e9 preciso destacar que os aeroportos, exercem grande influ\u00eancia para o desenvolvimento da cidade e do estado. Tanto o Santos Dumont quanto o Gale\u00e3o s\u00e3o de suma import\u00e2ncia para a nossa metr\u00f3pole, que possui um grande potencial tur\u00edstico. Entretanto, vale refor\u00e7ar que os dois aeroportos re\u00fanem caracter\u00edsticas distintas, que devem ser levadas em considera\u00e7\u00e3o para que haja um sistema multiaeroportos capaz de funcionar de forma conectada e complementar, o que seria excelente para a economia do Rio de Janeiro e do Brasil.&nbsp;<\/p>\n\n\n\n<p>Recentemente, a ANAC (Ag\u00eancia Nacional de Avia\u00e7\u00e3o Civil) apresentou em audi\u00eancia p\u00fablica a modelagem de concess\u00e3o do Santos Dumont sem tratar da quest\u00e3o do uso e balanceamento dos aeroportos da cidade, desconsiderando os impactos sobre o Gale\u00e3o e sobre as atividades econ\u00f4micas dele decorrentes. Ao mesmo tempo, prop\u00f4s o aumento da capacidade do SDU, de 9,0 para 14,6 milh\u00f5es de passageiros\/ano, ou seja, um aumento de 60% no volume de viajantes e, consequentemente, da opera\u00e7\u00e3o de grandes aeronaves, chegando ao absurdo de propor voos internacionais para o Cone Sul a partir do SDU.&nbsp;&nbsp;<\/p>\n\n\n\n<p>Conceder o Santos Dumont para a iniciativa privada \u00e9 crucial para melhorar a competitividade e a qualidade do atendimento. Mas o modelo proposto pela ANAC e defendido por alguns especialistas, de se maximizar o resultado financeiro no Santos Dumont e de desconsiderar os impactos socioecon\u00f4micos, fragiliza e at\u00e9 inviabiliza por um bom tempo o retorno do Rio \u00e0 condi\u00e7\u00e3o de hub a\u00e9reo nacional. Tal medida pode colocar em risco setores da economia que dependem do transporte a\u00e9reo, tal como o turismo e as ind\u00fastrias de \u00f3leo e g\u00e1s, telecomunica\u00e7\u00f5es, m\u00eddia, farmac\u00eautica e aeron\u00e1utica, pontos que a sociedade fluminense n\u00e3o concorda e n\u00e3o aceita.<\/p>\n\n\n\n<p><strong>Exemplo que deu certo<\/strong><br>O modelo estabelecido em 2005, no Rio e em Belo Horizonte, pelo ent\u00e3o DAC (Departamento de Avia\u00e7\u00e3o Civil), autoridade m\u00e1xima da avia\u00e7\u00e3o civil na \u00e9poca, beneficiou a economia dos dois estados. Minas Gerais formou um hub de avia\u00e7\u00e3o composto por dois aeroportos (Pampulha &#8211; recentemente concessionado pelo estado para a CCR, e Confins &#8211; controlado pelas empresas CCR e Zurich). O resultado \u00e9 que em Minas, os usos e a coordena\u00e7\u00e3o operacional dos aeroportos foram mantidos e ocorrem h\u00e1 16 anos consecutivos com grande sucesso.<\/p>\n\n\n\n<p>O Rio de Janeiro seguia o mesmo caminho, com o Santos Dumont e o Gale\u00e3o e o conjunto de aeroportos do Rio vinha crescendo de forma consistente, um verdadeiro ganha-ganha. Todavia, em 2009, a ANAC cancelou a coordena\u00e7\u00e3o de voos no Rio, liberando o Santos Dumont sem quaisquer restri\u00e7\u00f5es. Os problemas no Rio retornaram. O resultado \u00e9 que atualmente Belo Horizonte conta com 37 destinos dom\u00e9sticos diretos, enquanto o Rio s\u00f3 possui 24 destinos, mesmo sendo a segunda maior economia do pa\u00eds.<\/p>\n\n\n\n<p>Agora, a concess\u00e3o do Santos Dumont pode representar uma corre\u00e7\u00e3o de rota para a forma\u00e7\u00e3o de um hub a\u00e9reo tamb\u00e9m no Rio de Janeiro, ou pode perpetuar a situa\u00e7\u00e3o atual de perdas constantes para a economia do Rio. Importante lembrar que, antes da pandemia, o SDU operava frequentemente acima da capacidade, com salas de embarque e sal\u00f5es repletos, resultando num inadequado n\u00edvel de servi\u00e7o e de conforto para os usu\u00e1rios, o que n\u00e3o \u00e9 aceit\u00e1vel. Com o aumento proposto pela ANAC, o servi\u00e7o vai perder ainda mais em qualidade, sobrecarregando o SDU e deixando o Gale\u00e3o jogado \u00e0s tra\u00e7as por muitos anos.&nbsp;<\/p>\n\n\n\n<p>A situa\u00e7\u00e3o ganha-ganha \u00e9 simples, testada e conhecida: basta limitar a opera\u00e7\u00e3o do Santos Dumont a oito milh\u00f5es de passageiros\/ano (embarcados+desembarcados), e\/ou 80 mil movimentos regulares\/ano (pousos+decolagens), limite que vencer primeiro. Al\u00e9m disso e de forma complementar, vale a pena utilizar recursos de outorgas do SDU e Gale\u00e3o apoiando investimentos em mobilidade urbana sobre trilhos no eixo Est\u00e1cio\/Gale\u00e3o, tornando o deslocamento de usu\u00e1rios r\u00e1pido e seguro, e paralelamente beneficiar milhares de habitantes lindeiros ao trajeto, que tamb\u00e9m v\u00e3o se beneficiar do investimento.&nbsp;<\/p>\n\n\n\n<p>No futuro, quando os aeroportos Santos Dumont e Gale\u00e3o movimentarem em conjunto, um total de 30 milh\u00f5es de passageiros\/ano, por um prazo de cinco anos, da\u00ed seria poss\u00edvel liberar o uso de ambos os terminais, at\u00e9 que atinjam suas capacidades operacionais.&nbsp;<\/p>\n\n\n\n<p>Resumidamente \u00e9 necess\u00e1rio impor limites operacionais ao Santos Dumont, promover a complementaridade entre os dois aeroportos, e agir de forma que o bom senso prevale\u00e7a. Simples assim!<\/p>\n\n\n\n<h6 class=\"wp-block-heading\" id=\"block-aa9ff8cf-f9c2-435f-85ff-56a599c37bc9\">*Delmo Pinho \u00e9 presidente do Conselho de Transportes da ACRJ (Associa\u00e7\u00e3o Comercial do Rio de Janeiro) e ex-secret\u00e1rio estadual de Transportes do Rio de Janeiro.<\/h6>\n\n\n\n<h5 class=\"wp-block-heading\" id=\"block-d67878ff-7627-4f15-b175-8f58269174ff\">O iNFRADebate \u00e9 o espa\u00e7o de artigos da Ag\u00eancia iNFRA com opini\u00f5es de seus atores que n\u00e3o refletem necessariamente o pensamento da Ag\u00eancia iNFRA, sendo de total responsabilidade do autor as informa\u00e7\u00f5es, ju\u00edzos de valor e conceitos descritos no texto.<\/h5>\n","protected":false},"excerpt":{"rendered":"<p>Delmo Pinho* O Rio de Janeiro sempre foi a porta de entrada para o turismo no Brasil, mas tem sido muito prejudicado pela perda de conectividade entre voos dom\u00e9sticos e internacionais. Uma das pe\u00e7as-chave para um novo Rio est\u00e1 no fortalecimento desta atividade, com grande impacto socioecon\u00f4mico e que pode se consolidar com a cria\u00e7\u00e3o [&hellip;]<\/p>\n","protected":false},"author":1,"featured_media":8666,"comment_status":"closed","ping_status":"closed","sticky":false,"template":"","format":"standard","meta":{"_monsterinsights_skip_tracking":false,"_monsterinsights_sitenote_active":false,"_monsterinsights_sitenote_note":"","_monsterinsights_sitenote_category":0,"footnotes":""},"categories":[1,11],"tags":[2128,107,242,2684,5173,34,4021,1654,743,70],"class_list":["post-9192","post","type-post","status-publish","format-standard","has-post-thumbnail","hentry","category-geral","category-infradebate","tag-aeroporto-do-galeao","tag-aeroportos","tag-anac","tag-concessoes-aeroportuarias","tag-hub-aereo","tag-infraestrutura","tag-infraestrutura-aeroportuaria","tag-rio-de-janeiro","tag-santos-dumont","tag-transportes"],"yoast_head":"<!-- This site is optimized with the Yoast SEO Premium plugin v25.4 (Yoast SEO v26.0) - https:\/\/yoast.com\/wordpress\/plugins\/seo\/ -->\n<title>iNFRADebate: Concess\u00f5es aeroportu\u00e1rias, algo al\u00e9m do resultado financeiro - Ag\u00eancia iNFRA<\/title>\n<meta name=\"robots\" content=\"index, follow, max-snippet:-1, max-image-preview:large, max-video-preview:-1\" \/>\n<link rel=\"canonical\" href=\"https:\/\/agenciainfra.com\/blog\/infradebate-concessoes-aeroportuarias-algo-alem-do-resultado-financeiro\/\" \/>\n<meta property=\"og:locale\" content=\"pt_BR\" \/>\n<meta property=\"og:type\" content=\"article\" \/>\n<meta property=\"og:title\" content=\"iNFRADebate: Concess\u00f5es aeroportu\u00e1rias, algo al\u00e9m do resultado financeiro\" \/>\n<meta property=\"og:description\" content=\"Delmo Pinho* O Rio de Janeiro sempre foi a porta de entrada para o turismo no Brasil, mas tem sido muito prejudicado pela perda de conectividade entre voos dom\u00e9sticos e internacionais. Uma das pe\u00e7as-chave para um novo Rio est\u00e1 no fortalecimento desta atividade, com grande impacto socioecon\u00f4mico e que pode se consolidar com a cria\u00e7\u00e3o [&hellip;]\" \/>\n<meta property=\"og:url\" content=\"https:\/\/agenciainfra.com\/blog\/infradebate-concessoes-aeroportuarias-algo-alem-do-resultado-financeiro\/\" \/>\n<meta property=\"og:site_name\" content=\"Ag\u00eancia iNFRA\" \/>\n<meta property=\"article:publisher\" content=\"https:\/\/www.facebook.com\/ageninfra\" \/>\n<meta property=\"article:published_time\" content=\"2021-12-15T14:00:00+00:00\" \/>\n<meta property=\"article:modified_time\" content=\"2021-12-15T16:11:25+00:00\" \/>\n<meta property=\"og:image\" content=\"https:\/\/agenciainfra.com\/blog\/wp-content\/uploads\/2021\/10\/aeroporto-galeao-foto-fernando-frazao-agencia-brasil.jpg\" \/>\n\t<meta property=\"og:image:width\" content=\"1280\" \/>\n\t<meta property=\"og:image:height\" content=\"716\" \/>\n\t<meta property=\"og:image:type\" content=\"image\/jpeg\" \/>\n<meta name=\"author\" content=\"Ag\u00eancia iNFRA\" \/>\n<meta name=\"twitter:card\" content=\"summary_large_image\" \/>\n<meta name=\"twitter:creator\" content=\"@agencia_infra\" \/>\n<meta name=\"twitter:site\" content=\"@agencia_infra\" \/>\n<meta name=\"twitter:label1\" content=\"Escrito por\" \/>\n\t<meta name=\"twitter:data1\" content=\"Ag\u00eancia iNFRA\" \/>\n\t<meta name=\"twitter:label2\" content=\"Est. tempo de leitura\" \/>\n\t<meta name=\"twitter:data2\" content=\"6 minutos\" \/>\n<script type=\"application\/ld+json\" class=\"yoast-schema-graph\">{\"@context\":\"https:\/\/schema.org\",\"@graph\":[{\"@type\":\"Article\",\"@id\":\"https:\/\/agenciainfra.com\/blog\/infradebate-concessoes-aeroportuarias-algo-alem-do-resultado-financeiro\/#article\",\"isPartOf\":{\"@id\":\"https:\/\/agenciainfra.com\/blog\/infradebate-concessoes-aeroportuarias-algo-alem-do-resultado-financeiro\/\"},\"author\":{\"name\":\"Ag\u00eancia iNFRA\",\"@id\":\"https:\/\/agenciainfra.com\/blog\/#\/schema\/person\/34af08dff6adea4cb22b06612ba7acfa\"},\"headline\":\"iNFRADebate: Concess\u00f5es aeroportu\u00e1rias, algo al\u00e9m do resultado financeiro\",\"datePublished\":\"2021-12-15T14:00:00+00:00\",\"dateModified\":\"2021-12-15T16:11:25+00:00\",\"mainEntityOfPage\":{\"@id\":\"https:\/\/agenciainfra.com\/blog\/infradebate-concessoes-aeroportuarias-algo-alem-do-resultado-financeiro\/\"},\"wordCount\":1149,\"publisher\":{\"@id\":\"https:\/\/agenciainfra.com\/blog\/#organization\"},\"image\":{\"@id\":\"https:\/\/agenciainfra.com\/blog\/infradebate-concessoes-aeroportuarias-algo-alem-do-resultado-financeiro\/#primaryimage\"},\"thumbnailUrl\":\"https:\/\/agenciainfra.com\/blog\/wp-content\/uploads\/2021\/10\/aeroporto-galeao-foto-fernando-frazao-agencia-brasil.jpg\",\"keywords\":[\"Aeroporto do Gale\u00e3o\",\"aeroportos\",\"ANAC\",\"concess\u00f5es aeroportu\u00e1rias\",\"hub a\u00e9reo\",\"Infraestrutura\",\"infraestrutura aeroportu\u00e1ria\",\"Rio de Janeiro\",\"Santos Dumont\",\"transportes\"],\"articleSection\":[\"Geral\",\"iNFRADebate\"],\"inLanguage\":\"pt-BR\",\"copyrightYear\":\"2021\",\"copyrightHolder\":{\"@id\":\"https:\/\/agenciainfra.com\/blog\/#organization\"}},{\"@type\":\"WebPage\",\"@id\":\"https:\/\/agenciainfra.com\/blog\/infradebate-concessoes-aeroportuarias-algo-alem-do-resultado-financeiro\/\",\"url\":\"https:\/\/agenciainfra.com\/blog\/infradebate-concessoes-aeroportuarias-algo-alem-do-resultado-financeiro\/\",\"name\":\"iNFRADebate: Concess\u00f5es aeroportu\u00e1rias, algo al\u00e9m do resultado financeiro - Ag\u00eancia iNFRA\",\"isPartOf\":{\"@id\":\"https:\/\/agenciainfra.com\/blog\/#website\"},\"primaryImageOfPage\":{\"@id\":\"https:\/\/agenciainfra.com\/blog\/infradebate-concessoes-aeroportuarias-algo-alem-do-resultado-financeiro\/#primaryimage\"},\"image\":{\"@id\":\"https:\/\/agenciainfra.com\/blog\/infradebate-concessoes-aeroportuarias-algo-alem-do-resultado-financeiro\/#primaryimage\"},\"thumbnailUrl\":\"https:\/\/agenciainfra.com\/blog\/wp-content\/uploads\/2021\/10\/aeroporto-galeao-foto-fernando-frazao-agencia-brasil.jpg\",\"datePublished\":\"2021-12-15T14:00:00+00:00\",\"dateModified\":\"2021-12-15T16:11:25+00:00\",\"breadcrumb\":{\"@id\":\"https:\/\/agenciainfra.com\/blog\/infradebate-concessoes-aeroportuarias-algo-alem-do-resultado-financeiro\/#breadcrumb\"},\"inLanguage\":\"pt-BR\",\"potentialAction\":[{\"@type\":\"ReadAction\",\"target\":[\"https:\/\/agenciainfra.com\/blog\/infradebate-concessoes-aeroportuarias-algo-alem-do-resultado-financeiro\/\"]}]},{\"@type\":\"ImageObject\",\"inLanguage\":\"pt-BR\",\"@id\":\"https:\/\/agenciainfra.com\/blog\/infradebate-concessoes-aeroportuarias-algo-alem-do-resultado-financeiro\/#primaryimage\",\"url\":\"https:\/\/agenciainfra.com\/blog\/wp-content\/uploads\/2021\/10\/aeroporto-galeao-foto-fernando-frazao-agencia-brasil.jpg\",\"contentUrl\":\"https:\/\/agenciainfra.com\/blog\/wp-content\/uploads\/2021\/10\/aeroporto-galeao-foto-fernando-frazao-agencia-brasil.jpg\",\"width\":1280,\"height\":716,\"caption\":\"Foto: Fernando Fraz\u00e3o\/Ag\u00eancia Brasil\"},{\"@type\":\"BreadcrumbList\",\"@id\":\"https:\/\/agenciainfra.com\/blog\/infradebate-concessoes-aeroportuarias-algo-alem-do-resultado-financeiro\/#breadcrumb\",\"itemListElement\":[{\"@type\":\"ListItem\",\"position\":1,\"name\":\"In\u00edcio\",\"item\":\"https:\/\/agenciainfra.com\/blog\/\"},{\"@type\":\"ListItem\",\"position\":2,\"name\":\"iNFRADebate: Concess\u00f5es aeroportu\u00e1rias, algo al\u00e9m do resultado financeiro\"}]},{\"@type\":\"WebSite\",\"@id\":\"https:\/\/agenciainfra.com\/blog\/#website\",\"url\":\"https:\/\/agenciainfra.com\/blog\/\",\"name\":\"Ag\u00eancia iNFRA\",\"description\":\"Multiplataforma de informa\u00e7\u00e3o jornal\u00edstica refer\u00eancia na \u00e1rea de infraestrutura no Brasil!\",\"publisher\":{\"@id\":\"https:\/\/agenciainfra.com\/blog\/#organization\"},\"potentialAction\":[{\"@type\":\"SearchAction\",\"target\":{\"@type\":\"EntryPoint\",\"urlTemplate\":\"https:\/\/agenciainfra.com\/blog\/?s={search_term_string}\"},\"query-input\":{\"@type\":\"PropertyValueSpecification\",\"valueRequired\":true,\"valueName\":\"search_term_string\"}}],\"inLanguage\":\"pt-BR\"},{\"@type\":\"Organization\",\"@id\":\"https:\/\/agenciainfra.com\/blog\/#organization\",\"name\":\"Ag\u00eancia iNFRA\",\"url\":\"https:\/\/agenciainfra.com\/blog\/\",\"logo\":{\"@type\":\"ImageObject\",\"inLanguage\":\"pt-BR\",\"@id\":\"https:\/\/agenciainfra.com\/blog\/#\/schema\/logo\/image\/\",\"url\":\"https:\/\/agenciainfra.com\/blog\/wp-content\/uploads\/2023\/09\/iNFRA_5-e1761735885940.png\",\"contentUrl\":\"https:\/\/agenciainfra.com\/blog\/wp-content\/uploads\/2023\/09\/iNFRA_5-e1761735885940.png\",\"width\":1672,\"height\":454,\"caption\":\"Ag\u00eancia iNFRA\"},\"image\":{\"@id\":\"https:\/\/agenciainfra.com\/blog\/#\/schema\/logo\/image\/\"},\"sameAs\":[\"https:\/\/www.facebook.com\/ageninfra\",\"https:\/\/x.com\/agencia_infra\",\"https:\/\/www.linkedin.com\/company\/ag\u00eanciainfra\/\",\"https:\/\/www.instagram.com\/agenciainfra\/\"]},{\"@type\":\"Person\",\"@id\":\"https:\/\/agenciainfra.com\/blog\/#\/schema\/person\/34af08dff6adea4cb22b06612ba7acfa\",\"name\":\"Ag\u00eancia iNFRA\",\"image\":{\"@type\":\"ImageObject\",\"inLanguage\":\"pt-BR\",\"@id\":\"https:\/\/agenciainfra.com\/blog\/#\/schema\/person\/image\/\",\"url\":\"https:\/\/secure.gravatar.com\/avatar\/d189e01678f06d8eb84d4e01f08eb848b3fffe3f8443818d3c356c66892f5be8?s=96&d=mm&r=g\",\"contentUrl\":\"https:\/\/secure.gravatar.com\/avatar\/d189e01678f06d8eb84d4e01f08eb848b3fffe3f8443818d3c356c66892f5be8?s=96&d=mm&r=g\",\"caption\":\"Ag\u00eancia iNFRA\"},\"url\":\"https:\/\/agenciainfra.com\/blog\/author\/admin\/\"}]}<\/script>\n<!-- \/ Yoast SEO Premium plugin. -->","yoast_head_json":{"title":"iNFRADebate: Concess\u00f5es aeroportu\u00e1rias, algo al\u00e9m do resultado financeiro - Ag\u00eancia iNFRA","robots":{"index":"index","follow":"follow","max-snippet":"max-snippet:-1","max-image-preview":"max-image-preview:large","max-video-preview":"max-video-preview:-1"},"canonical":"https:\/\/agenciainfra.com\/blog\/infradebate-concessoes-aeroportuarias-algo-alem-do-resultado-financeiro\/","og_locale":"pt_BR","og_type":"article","og_title":"iNFRADebate: Concess\u00f5es aeroportu\u00e1rias, algo al\u00e9m do resultado financeiro","og_description":"Delmo Pinho* O Rio de Janeiro sempre foi a porta de entrada para o turismo no Brasil, mas tem sido muito prejudicado pela perda de conectividade entre voos dom\u00e9sticos e internacionais. Uma das pe\u00e7as-chave para um novo Rio est\u00e1 no fortalecimento desta atividade, com grande impacto socioecon\u00f4mico e que pode se consolidar com a cria\u00e7\u00e3o [&hellip;]","og_url":"https:\/\/agenciainfra.com\/blog\/infradebate-concessoes-aeroportuarias-algo-alem-do-resultado-financeiro\/","og_site_name":"Ag\u00eancia iNFRA","article_publisher":"https:\/\/www.facebook.com\/ageninfra","article_published_time":"2021-12-15T14:00:00+00:00","article_modified_time":"2021-12-15T16:11:25+00:00","og_image":[{"width":1280,"height":716,"url":"https:\/\/agenciainfra.com\/blog\/wp-content\/uploads\/2021\/10\/aeroporto-galeao-foto-fernando-frazao-agencia-brasil.jpg","type":"image\/jpeg"}],"author":"Ag\u00eancia iNFRA","twitter_card":"summary_large_image","twitter_creator":"@agencia_infra","twitter_site":"@agencia_infra","twitter_misc":{"Escrito por":"Ag\u00eancia iNFRA","Est. tempo de leitura":"6 minutos"},"schema":{"@context":"https:\/\/schema.org","@graph":[{"@type":"Article","@id":"https:\/\/agenciainfra.com\/blog\/infradebate-concessoes-aeroportuarias-algo-alem-do-resultado-financeiro\/#article","isPartOf":{"@id":"https:\/\/agenciainfra.com\/blog\/infradebate-concessoes-aeroportuarias-algo-alem-do-resultado-financeiro\/"},"author":{"name":"Ag\u00eancia iNFRA","@id":"https:\/\/agenciainfra.com\/blog\/#\/schema\/person\/34af08dff6adea4cb22b06612ba7acfa"},"headline":"iNFRADebate: Concess\u00f5es aeroportu\u00e1rias, algo al\u00e9m do resultado financeiro","datePublished":"2021-12-15T14:00:00+00:00","dateModified":"2021-12-15T16:11:25+00:00","mainEntityOfPage":{"@id":"https:\/\/agenciainfra.com\/blog\/infradebate-concessoes-aeroportuarias-algo-alem-do-resultado-financeiro\/"},"wordCount":1149,"publisher":{"@id":"https:\/\/agenciainfra.com\/blog\/#organization"},"image":{"@id":"https:\/\/agenciainfra.com\/blog\/infradebate-concessoes-aeroportuarias-algo-alem-do-resultado-financeiro\/#primaryimage"},"thumbnailUrl":"https:\/\/agenciainfra.com\/blog\/wp-content\/uploads\/2021\/10\/aeroporto-galeao-foto-fernando-frazao-agencia-brasil.jpg","keywords":["Aeroporto do Gale\u00e3o","aeroportos","ANAC","concess\u00f5es aeroportu\u00e1rias","hub a\u00e9reo","Infraestrutura","infraestrutura aeroportu\u00e1ria","Rio de Janeiro","Santos Dumont","transportes"],"articleSection":["Geral","iNFRADebate"],"inLanguage":"pt-BR","copyrightYear":"2021","copyrightHolder":{"@id":"https:\/\/agenciainfra.com\/blog\/#organization"}},{"@type":"WebPage","@id":"https:\/\/agenciainfra.com\/blog\/infradebate-concessoes-aeroportuarias-algo-alem-do-resultado-financeiro\/","url":"https:\/\/agenciainfra.com\/blog\/infradebate-concessoes-aeroportuarias-algo-alem-do-resultado-financeiro\/","name":"iNFRADebate: Concess\u00f5es aeroportu\u00e1rias, algo al\u00e9m do resultado financeiro - Ag\u00eancia iNFRA","isPartOf":{"@id":"https:\/\/agenciainfra.com\/blog\/#website"},"primaryImageOfPage":{"@id":"https:\/\/agenciainfra.com\/blog\/infradebate-concessoes-aeroportuarias-algo-alem-do-resultado-financeiro\/#primaryimage"},"image":{"@id":"https:\/\/agenciainfra.com\/blog\/infradebate-concessoes-aeroportuarias-algo-alem-do-resultado-financeiro\/#primaryimage"},"thumbnailUrl":"https:\/\/agenciainfra.com\/blog\/wp-content\/uploads\/2021\/10\/aeroporto-galeao-foto-fernando-frazao-agencia-brasil.jpg","datePublished":"2021-12-15T14:00:00+00:00","dateModified":"2021-12-15T16:11:25+00:00","breadcrumb":{"@id":"https:\/\/agenciainfra.com\/blog\/infradebate-concessoes-aeroportuarias-algo-alem-do-resultado-financeiro\/#breadcrumb"},"inLanguage":"pt-BR","potentialAction":[{"@type":"ReadAction","target":["https:\/\/agenciainfra.com\/blog\/infradebate-concessoes-aeroportuarias-algo-alem-do-resultado-financeiro\/"]}]},{"@type":"ImageObject","inLanguage":"pt-BR","@id":"https:\/\/agenciainfra.com\/blog\/infradebate-concessoes-aeroportuarias-algo-alem-do-resultado-financeiro\/#primaryimage","url":"https:\/\/agenciainfra.com\/blog\/wp-content\/uploads\/2021\/10\/aeroporto-galeao-foto-fernando-frazao-agencia-brasil.jpg","contentUrl":"https:\/\/agenciainfra.com\/blog\/wp-content\/uploads\/2021\/10\/aeroporto-galeao-foto-fernando-frazao-agencia-brasil.jpg","width":1280,"height":716,"caption":"Foto: Fernando Fraz\u00e3o\/Ag\u00eancia Brasil"},{"@type":"BreadcrumbList","@id":"https:\/\/agenciainfra.com\/blog\/infradebate-concessoes-aeroportuarias-algo-alem-do-resultado-financeiro\/#breadcrumb","itemListElement":[{"@type":"ListItem","position":1,"name":"In\u00edcio","item":"https:\/\/agenciainfra.com\/blog\/"},{"@type":"ListItem","position":2,"name":"iNFRADebate: Concess\u00f5es aeroportu\u00e1rias, algo al\u00e9m do resultado financeiro"}]},{"@type":"WebSite","@id":"https:\/\/agenciainfra.com\/blog\/#website","url":"https:\/\/agenciainfra.com\/blog\/","name":"Ag\u00eancia iNFRA","description":"Multiplataforma de informa\u00e7\u00e3o jornal\u00edstica refer\u00eancia na \u00e1rea de infraestrutura no Brasil!","publisher":{"@id":"https:\/\/agenciainfra.com\/blog\/#organization"},"potentialAction":[{"@type":"SearchAction","target":{"@type":"EntryPoint","urlTemplate":"https:\/\/agenciainfra.com\/blog\/?s={search_term_string}"},"query-input":{"@type":"PropertyValueSpecification","valueRequired":true,"valueName":"search_term_string"}}],"inLanguage":"pt-BR"},{"@type":"Organization","@id":"https:\/\/agenciainfra.com\/blog\/#organization","name":"Ag\u00eancia iNFRA","url":"https:\/\/agenciainfra.com\/blog\/","logo":{"@type":"ImageObject","inLanguage":"pt-BR","@id":"https:\/\/agenciainfra.com\/blog\/#\/schema\/logo\/image\/","url":"https:\/\/agenciainfra.com\/blog\/wp-content\/uploads\/2023\/09\/iNFRA_5-e1761735885940.png","contentUrl":"https:\/\/agenciainfra.com\/blog\/wp-content\/uploads\/2023\/09\/iNFRA_5-e1761735885940.png","width":1672,"height":454,"caption":"Ag\u00eancia iNFRA"},"image":{"@id":"https:\/\/agenciainfra.com\/blog\/#\/schema\/logo\/image\/"},"sameAs":["https:\/\/www.facebook.com\/ageninfra","https:\/\/x.com\/agencia_infra","https:\/\/www.linkedin.com\/company\/ag\u00eanciainfra\/","https:\/\/www.instagram.com\/agenciainfra\/"]},{"@type":"Person","@id":"https:\/\/agenciainfra.com\/blog\/#\/schema\/person\/34af08dff6adea4cb22b06612ba7acfa","name":"Ag\u00eancia iNFRA","image":{"@type":"ImageObject","inLanguage":"pt-BR","@id":"https:\/\/agenciainfra.com\/blog\/#\/schema\/person\/image\/","url":"https:\/\/secure.gravatar.com\/avatar\/d189e01678f06d8eb84d4e01f08eb848b3fffe3f8443818d3c356c66892f5be8?s=96&d=mm&r=g","contentUrl":"https:\/\/secure.gravatar.com\/avatar\/d189e01678f06d8eb84d4e01f08eb848b3fffe3f8443818d3c356c66892f5be8?s=96&d=mm&r=g","caption":"Ag\u00eancia iNFRA"},"url":"https:\/\/agenciainfra.com\/blog\/author\/admin\/"}]}},"_links":{"self":[{"href":"https:\/\/agenciainfra.com\/blog\/wp-json\/wp\/v2\/posts\/9192","targetHints":{"allow":["GET"]}}],"collection":[{"href":"https:\/\/agenciainfra.com\/blog\/wp-json\/wp\/v2\/posts"}],"about":[{"href":"https:\/\/agenciainfra.com\/blog\/wp-json\/wp\/v2\/types\/post"}],"author":[{"embeddable":true,"href":"https:\/\/agenciainfra.com\/blog\/wp-json\/wp\/v2\/users\/1"}],"replies":[{"embeddable":true,"href":"https:\/\/agenciainfra.com\/blog\/wp-json\/wp\/v2\/comments?post=9192"}],"version-history":[{"count":0,"href":"https:\/\/agenciainfra.com\/blog\/wp-json\/wp\/v2\/posts\/9192\/revisions"}],"wp:featuredmedia":[{"embeddable":true,"href":"https:\/\/agenciainfra.com\/blog\/wp-json\/wp\/v2\/media\/8666"}],"wp:attachment":[{"href":"https:\/\/agenciainfra.com\/blog\/wp-json\/wp\/v2\/media?parent=9192"}],"wp:term":[{"taxonomy":"category","embeddable":true,"href":"https:\/\/agenciainfra.com\/blog\/wp-json\/wp\/v2\/categories?post=9192"},{"taxonomy":"post_tag","embeddable":true,"href":"https:\/\/agenciainfra.com\/blog\/wp-json\/wp\/v2\/tags?post=9192"}],"curies":[{"name":"wp","href":"https:\/\/api.w.org\/{rel}","templated":true}]}}