{"id":9197,"date":"2021-12-16T14:00:00","date_gmt":"2021-12-16T17:00:00","guid":{"rendered":"https:\/\/www.agenciainfra.com\/blog\/?p=9197"},"modified":"2021-12-16T11:57:58","modified_gmt":"2021-12-16T14:57:58","slug":"abdib-experience-2021-setor-de-energia-defende-explorar-potencialidades-sem-trancar-a-rota-do-desenvolvimento","status":"publish","type":"post","link":"https:\/\/agenciainfra.com\/blog\/abdib-experience-2021-setor-de-energia-defende-explorar-potencialidades-sem-trancar-a-rota-do-desenvolvimento\/","title":{"rendered":"Abdib Experience 2021: Setor de energia defende &#8220;explorar potencialidades sem trancar a rota do desenvolvimento&#8221;"},"content":{"rendered":"\n<p class=\"has-text-align-right\"><strong>da Ag\u00eancia iNFRA<\/strong><\/p>\n\n\n\n<p>O painel &#8220;Raio-X da Infraestrutura: Energia&#8221; inaugurou o\u00a0<a rel=\"noreferrer noopener\" href=\"https:\/\/agenciainfra.us14.list-manage.com\/track\/click?u=d460dd1bcf9ba0ae040e1fc0f&amp;id=512f908230&amp;e=c099169394\" target=\"_blank\">segundo dia<\/a>\u00a0de atividades do Abdib Experience 2021, no \u00faltimo dia 8 de dezembro. A perspectiva dos convidados \u00e9 a de que \u00e9 inescap\u00e1vel, para o setor, perseguir um futuro de carbono zero, com menor produ\u00e7\u00e3o de poluentes e impacto ambiental.<\/p>\n\n\n\n<p>Por\u00e9m, n\u00e3o a qualquer pre\u00e7o ou a qualquer tempo. \u00c9 necess\u00e1ria uma transi\u00e7\u00e3o constante, observando tanto as caracter\u00edsticas do Brasil quanto as particularidades do setor instalado, considerando efici\u00eancia e competitividade como atributos essenciais na desejada equa\u00e7\u00e3o verde. Isso para dizer que \u00e9 vital o equil\u00edbrio entre a seguran\u00e7a energ\u00e9tica e a modicidade tarif\u00e1ria.<\/p>\n\n\n\n<p>&#8220;Uma coisa que precisamos ter em mente \u00e9 nunca trancar a rota de desenvolvimento&#8221;, definiu Marcello Cabral da Costa, secret\u00e1rio-adjunto de Planejamento e Desenvolvimento Energ\u00e9tico do MME (Minist\u00e9rio de Minas e Energia), ao defender a ideia de que cada pa\u00eds tem uma solu\u00e7\u00e3o adequada para a sua realidade, embora o objetivo mundial seja o mesmo.<\/p>\n\n\n\n<p>&#8220;O caminho que o minist\u00e9rio adota \u00e9 o biocombust\u00edvel, \u00e9 a eletricidade? N\u00e3o. O caminho \u00e9 chegar em meados de 2050 com 50% de emiss\u00f5es a menos, esse \u00e9 o compromisso. E como chegar nele? N\u00e3o \u00e9 um trilho, \u00e9 uma trilha. Sabemos o destino, mas precisamos ser capazes de entender como chegar l\u00e1 sem desligar a chave-geral&#8221;, comentou.<\/p>\n\n\n\n<p>Desta maneira, entende Costa, n\u00e3o se pode dispensar, a curto prazo, a energia gerada a g\u00e1s ou mesmo a carv\u00e3o. &#8220;N\u00e3o \u00e9 desej\u00e1vel ter uma fonte poluente de energia. No entanto, existe um trade off. O pa\u00eds j\u00e1 conta com uma das matrizes mais limpas do mundo. Quase 50% da matriz energ\u00e9tica \u00e9 renov\u00e1vel, e a matriz el\u00e9trica \u00e9 composta por 85% de energia limpa&#8221;, argumentou.<\/p>\n\n\n\n<p>Por isso, o secret\u00e1rio-adjunto defende a necessidade de se fazer a equa\u00e7\u00e3o entre as fontes dispon\u00edveis nos momentos de necessidade. &#8220;Porque, se \u00e9 caro e \u00e9 ruim despachar t\u00e9rmicas, certamente \u00e9 muito mais caro atender a demanda que eu preciso com energia renov\u00e1vel. O custo acaba sendo impratic\u00e1vel para o consumidor&#8221;, definiu.<\/p>\n\n\n\n<p><strong>Setor bem regulado<\/strong><br>Arthur Pereira, head of Industrial Applications Products da Siemens Energy, concordou com as coloca\u00e7\u00f5es do secret\u00e1rio-adjunto e avaliou o setor de transmiss\u00e3o de energia, classificando-o como \u201cbem regulado\u201d e \u201cum dos maiores sistemas integrados no mundo, com leil\u00f5es de transmiss\u00e3o que s\u00e3o modelo para a Am\u00e9rica Latina\u201d.<\/p>\n\n\n\n<p>Mas apontou que os processos de autoriza\u00e7\u00e3o entre a ANEEL (Ag\u00eancia Nacional de Energia El\u00e9trica) e as concession\u00e1rias podem ser simplificados. Ele tamb\u00e9m observou que um dos maiores desafios que o setor enfrenta \u00e9 a troca da base de ativos na rede.<\/p>\n\n\n\n<p>&#8220;Muitos equipamentos est\u00e3o em final de vida \u00fatil e hoje estamos os substituindo de acordo com a necessidade. Mas, se tivermos uma abordagem mais sist\u00eamica, isso vai trazer ganhos para todos. A substitui\u00e7\u00e3o poder\u00e1 incrementar o monitoramento, diminuir o uso de cabos e permitir uma digitaliza\u00e7\u00e3o mais acelerada do sistema\u201d, argumentou.<\/p>\n\n\n\n<p><strong>Eletricidade: &#8216;Espinha dorsal&#8217;<\/strong><br>Jos\u00e9 Roberto Paiva, country managing director na Hitachi Energy, compartilha da perspectiva. A substitui\u00e7\u00e3o de equipamentos poder\u00e1 tamb\u00e9m ajudar no movimento de transi\u00e7\u00e3o energ\u00e9tica. Para o executivo, a eletricidade ser\u00e1, no futuro, a &#8220;espinha dorsal do sistema de energia&#8221;.<\/p>\n\n\n\n<p>&#8220;A nossa expectativa \u00e9 de que a energia el\u00e9trica responda por 50% do total de energia no mundo&#8221;, apostou.<\/p>\n\n\n\n<p>Um dos sinais nesse sentido \u00e9 a eletrifica\u00e7\u00e3o da mobilidade, que \u00e9 outro desafio j\u00e1 projetado pela empresa desde a atualidade.<\/p>\n\n\n\n<p>&#8220;Estamos focados na eletrifica\u00e7\u00e3o de \u00f4nibus e caminh\u00f5es&#8221;, revelou. &#8220;O carro el\u00e9trico \u00e9 inevit\u00e1vel. Isso traz complexidade ao sistema el\u00e9trico. Precisaremos de mais digitaliza\u00e7\u00e3o e projetar as novas demandas por consumo de energia el\u00e9trica&#8221;, complementou.<\/p>\n\n\n\n<p><strong>Marco regulat\u00f3rio<\/strong><br>O secret\u00e1rio-adjunto do MME disse ainda que para construir um processo de transi\u00e7\u00e3o energ\u00e9tica eficaz aproveitando as vantagens competitivas do Brasil h\u00e1 duas frentes priorit\u00e1rias:&nbsp;\u201cA primeira \u00e9 fortalecer as bases que j\u00e1 temos hoje, incrementando o desenho do mercado, as bases regulat\u00f3rias, atuando com previsibilidade e transpar\u00eancia, deixando os agentes bem informados\u201d.<\/p>\n\n\n\n<p>\u201cO segundo ponto \u00e9 o marco regulat\u00f3rio, para que a gente consiga enxergar o ingresso de novas fontes de energia, de renov\u00e1veis, de novas tecnologias, e dar as respostas adequadas. Isso para que a gente consiga criar um ambiente competitivo, est\u00e1vel, com modelos de neg\u00f3cios que fa\u00e7am o Brasil trilhar o caminho da transi\u00e7\u00e3o energ\u00e9tica sem desperdi\u00e7ar potencial e olhando, inclusive, a qualifica\u00e7\u00e3o de seus profissionais\u201d, finalizou.<\/p>\n\n\n\n<p>O painel &#8220;Raio-X da Infraestrutura: Energia&#8221; foi mediado pela editora de Energia da&nbsp;<strong>Ag\u00eancia iNFRA<\/strong>, Leila Coimbra.<\/p>\n","protected":false},"excerpt":{"rendered":"<p>da Ag\u00eancia iNFRA O painel &#8220;Raio-X da Infraestrutura: Energia&#8221; inaugurou o\u00a0segundo dia\u00a0de atividades do Abdib Experience 2021, no \u00faltimo dia 8 de dezembro. A perspectiva dos convidados \u00e9 a de que \u00e9 inescap\u00e1vel, para o setor, perseguir um futuro de carbono zero, com menor produ\u00e7\u00e3o de poluentes e impacto ambiental. Por\u00e9m, n\u00e3o a qualquer pre\u00e7o [&hellip;]<\/p>\n","protected":false},"author":1,"featured_media":9198,"comment_status":"closed","ping_status":"closed","sticky":false,"template":"","format":"standard","meta":{"_monsterinsights_skip_tracking":false,"_monsterinsights_sitenote_active":false,"_monsterinsights_sitenote_note":"","_monsterinsights_sitenote_category":0,"footnotes":""},"categories":[1,2053],"tags":[5144,53,3165,282,2804,34,4198,71,49,2006],"class_list":["post-9197","post","type-post","status-publish","format-standard","has-post-thumbnail","hentry","category-geral","category-infraliveventos","tag-abdib-experience-2021","tag-aneel","tag-competitividade","tag-energia-eletrica","tag-energia-renovavel","tag-infraestrutura","tag-marco-regulatorio","tag-mme","tag-mobilidade","tag-transicao-energetica"],"yoast_head":"<!-- This site is optimized with the Yoast SEO Premium plugin v25.4 (Yoast SEO v26.0) - https:\/\/yoast.com\/wordpress\/plugins\/seo\/ -->\n<title>Abdib Experience 2021: Setor de energia defende &quot;explorar potencialidades sem trancar a rota do desenvolvimento&quot; - Ag\u00eancia iNFRA<\/title>\n<meta name=\"robots\" content=\"index, follow, max-snippet:-1, max-image-preview:large, max-video-preview:-1\" \/>\n<link rel=\"canonical\" href=\"https:\/\/agenciainfra.com\/blog\/abdib-experience-2021-setor-de-energia-defende-explorar-potencialidades-sem-trancar-a-rota-do-desenvolvimento\/\" \/>\n<meta property=\"og:locale\" content=\"pt_BR\" \/>\n<meta property=\"og:type\" content=\"article\" \/>\n<meta property=\"og:title\" content=\"Abdib Experience 2021: Setor de energia defende &quot;explorar potencialidades sem trancar a rota do desenvolvimento&quot;\" \/>\n<meta property=\"og:description\" content=\"da Ag\u00eancia iNFRA O painel &#8220;Raio-X da Infraestrutura: Energia&#8221; inaugurou o\u00a0segundo dia\u00a0de atividades do Abdib Experience 2021, no \u00faltimo dia 8 de dezembro. A perspectiva dos convidados \u00e9 a de que \u00e9 inescap\u00e1vel, para o setor, perseguir um futuro de carbono zero, com menor produ\u00e7\u00e3o de poluentes e impacto ambiental. Por\u00e9m, n\u00e3o a qualquer pre\u00e7o [&hellip;]\" \/>\n<meta property=\"og:url\" content=\"https:\/\/agenciainfra.com\/blog\/abdib-experience-2021-setor-de-energia-defende-explorar-potencialidades-sem-trancar-a-rota-do-desenvolvimento\/\" \/>\n<meta property=\"og:site_name\" content=\"Ag\u00eancia iNFRA\" \/>\n<meta property=\"article:publisher\" content=\"https:\/\/www.facebook.com\/ageninfra\" \/>\n<meta property=\"article:published_time\" content=\"2021-12-16T17:00:00+00:00\" \/>\n<meta property=\"og:image\" content=\"https:\/\/agenciainfra.com\/blog\/wp-content\/uploads\/2021\/12\/abdib-experience-energia-foto-reproducao.png\" \/>\n\t<meta property=\"og:image:width\" content=\"1280\" \/>\n\t<meta property=\"og:image:height\" content=\"720\" \/>\n\t<meta property=\"og:image:type\" content=\"image\/png\" \/>\n<meta name=\"author\" content=\"Ag\u00eancia iNFRA\" \/>\n<meta name=\"twitter:card\" content=\"summary_large_image\" \/>\n<meta name=\"twitter:creator\" content=\"@agencia_infra\" \/>\n<meta name=\"twitter:site\" content=\"@agencia_infra\" \/>\n<meta name=\"twitter:label1\" content=\"Escrito por\" \/>\n\t<meta name=\"twitter:data1\" content=\"Ag\u00eancia iNFRA\" \/>\n\t<meta name=\"twitter:label2\" content=\"Est. tempo de leitura\" \/>\n\t<meta name=\"twitter:data2\" content=\"4 minutos\" \/>\n<script type=\"application\/ld+json\" class=\"yoast-schema-graph\">{\"@context\":\"https:\/\/schema.org\",\"@graph\":[{\"@type\":\"Article\",\"@id\":\"https:\/\/agenciainfra.com\/blog\/abdib-experience-2021-setor-de-energia-defende-explorar-potencialidades-sem-trancar-a-rota-do-desenvolvimento\/#article\",\"isPartOf\":{\"@id\":\"https:\/\/agenciainfra.com\/blog\/abdib-experience-2021-setor-de-energia-defende-explorar-potencialidades-sem-trancar-a-rota-do-desenvolvimento\/\"},\"author\":{\"name\":\"Ag\u00eancia iNFRA\",\"@id\":\"https:\/\/agenciainfra.com\/blog\/#\/schema\/person\/34af08dff6adea4cb22b06612ba7acfa\"},\"headline\":\"Abdib Experience 2021: Setor de energia defende &#8220;explorar potencialidades sem trancar a rota do desenvolvimento&#8221;\",\"datePublished\":\"2021-12-16T17:00:00+00:00\",\"mainEntityOfPage\":{\"@id\":\"https:\/\/agenciainfra.com\/blog\/abdib-experience-2021-setor-de-energia-defende-explorar-potencialidades-sem-trancar-a-rota-do-desenvolvimento\/\"},\"wordCount\":807,\"publisher\":{\"@id\":\"https:\/\/agenciainfra.com\/blog\/#organization\"},\"image\":{\"@id\":\"https:\/\/agenciainfra.com\/blog\/abdib-experience-2021-setor-de-energia-defende-explorar-potencialidades-sem-trancar-a-rota-do-desenvolvimento\/#primaryimage\"},\"thumbnailUrl\":\"https:\/\/agenciainfra.com\/blog\/wp-content\/uploads\/2021\/12\/abdib-experience-energia-foto-reproducao.png\",\"keywords\":[\"Abdib Experience 2021\",\"ANEEL\",\"competitividade\",\"energia el\u00e9trica\",\"energia renov\u00e1vel\",\"Infraestrutura\",\"marco regulat\u00f3rio\",\"MME\",\"mobilidade\",\"transi\u00e7\u00e3o energ\u00e9tica\"],\"articleSection\":[\"Geral\",\"iNFRALive e Eventos\"],\"inLanguage\":\"pt-BR\",\"copyrightYear\":\"2021\",\"copyrightHolder\":{\"@id\":\"https:\/\/agenciainfra.com\/blog\/#organization\"}},{\"@type\":\"WebPage\",\"@id\":\"https:\/\/agenciainfra.com\/blog\/abdib-experience-2021-setor-de-energia-defende-explorar-potencialidades-sem-trancar-a-rota-do-desenvolvimento\/\",\"url\":\"https:\/\/agenciainfra.com\/blog\/abdib-experience-2021-setor-de-energia-defende-explorar-potencialidades-sem-trancar-a-rota-do-desenvolvimento\/\",\"name\":\"Abdib Experience 2021: Setor de energia defende \\\"explorar potencialidades sem trancar a rota do desenvolvimento\\\" - Ag\u00eancia iNFRA\",\"isPartOf\":{\"@id\":\"https:\/\/agenciainfra.com\/blog\/#website\"},\"primaryImageOfPage\":{\"@id\":\"https:\/\/agenciainfra.com\/blog\/abdib-experience-2021-setor-de-energia-defende-explorar-potencialidades-sem-trancar-a-rota-do-desenvolvimento\/#primaryimage\"},\"image\":{\"@id\":\"https:\/\/agenciainfra.com\/blog\/abdib-experience-2021-setor-de-energia-defende-explorar-potencialidades-sem-trancar-a-rota-do-desenvolvimento\/#primaryimage\"},\"thumbnailUrl\":\"https:\/\/agenciainfra.com\/blog\/wp-content\/uploads\/2021\/12\/abdib-experience-energia-foto-reproducao.png\",\"datePublished\":\"2021-12-16T17:00:00+00:00\",\"breadcrumb\":{\"@id\":\"https:\/\/agenciainfra.com\/blog\/abdib-experience-2021-setor-de-energia-defende-explorar-potencialidades-sem-trancar-a-rota-do-desenvolvimento\/#breadcrumb\"},\"inLanguage\":\"pt-BR\",\"potentialAction\":[{\"@type\":\"ReadAction\",\"target\":[\"https:\/\/agenciainfra.com\/blog\/abdib-experience-2021-setor-de-energia-defende-explorar-potencialidades-sem-trancar-a-rota-do-desenvolvimento\/\"]}]},{\"@type\":\"ImageObject\",\"inLanguage\":\"pt-BR\",\"@id\":\"https:\/\/agenciainfra.com\/blog\/abdib-experience-2021-setor-de-energia-defende-explorar-potencialidades-sem-trancar-a-rota-do-desenvolvimento\/#primaryimage\",\"url\":\"https:\/\/agenciainfra.com\/blog\/wp-content\/uploads\/2021\/12\/abdib-experience-energia-foto-reproducao.png\",\"contentUrl\":\"https:\/\/agenciainfra.com\/blog\/wp-content\/uploads\/2021\/12\/abdib-experience-energia-foto-reproducao.png\",\"width\":1280,\"height\":720},{\"@type\":\"BreadcrumbList\",\"@id\":\"https:\/\/agenciainfra.com\/blog\/abdib-experience-2021-setor-de-energia-defende-explorar-potencialidades-sem-trancar-a-rota-do-desenvolvimento\/#breadcrumb\",\"itemListElement\":[{\"@type\":\"ListItem\",\"position\":1,\"name\":\"In\u00edcio\",\"item\":\"https:\/\/agenciainfra.com\/blog\/\"},{\"@type\":\"ListItem\",\"position\":2,\"name\":\"Abdib Experience 2021: Setor de energia defende &#8220;explorar potencialidades sem trancar a rota do desenvolvimento&#8221;\"}]},{\"@type\":\"WebSite\",\"@id\":\"https:\/\/agenciainfra.com\/blog\/#website\",\"url\":\"https:\/\/agenciainfra.com\/blog\/\",\"name\":\"Ag\u00eancia iNFRA\",\"description\":\"Multiplataforma de informa\u00e7\u00e3o jornal\u00edstica refer\u00eancia na \u00e1rea de infraestrutura no Brasil!\",\"publisher\":{\"@id\":\"https:\/\/agenciainfra.com\/blog\/#organization\"},\"potentialAction\":[{\"@type\":\"SearchAction\",\"target\":{\"@type\":\"EntryPoint\",\"urlTemplate\":\"https:\/\/agenciainfra.com\/blog\/?s={search_term_string}\"},\"query-input\":{\"@type\":\"PropertyValueSpecification\",\"valueRequired\":true,\"valueName\":\"search_term_string\"}}],\"inLanguage\":\"pt-BR\"},{\"@type\":\"Organization\",\"@id\":\"https:\/\/agenciainfra.com\/blog\/#organization\",\"name\":\"Ag\u00eancia iNFRA\",\"url\":\"https:\/\/agenciainfra.com\/blog\/\",\"logo\":{\"@type\":\"ImageObject\",\"inLanguage\":\"pt-BR\",\"@id\":\"https:\/\/agenciainfra.com\/blog\/#\/schema\/logo\/image\/\",\"url\":\"https:\/\/agenciainfra.com\/blog\/wp-content\/uploads\/2023\/09\/iNFRA_5-e1761735885940.png\",\"contentUrl\":\"https:\/\/agenciainfra.com\/blog\/wp-content\/uploads\/2023\/09\/iNFRA_5-e1761735885940.png\",\"width\":1672,\"height\":454,\"caption\":\"Ag\u00eancia iNFRA\"},\"image\":{\"@id\":\"https:\/\/agenciainfra.com\/blog\/#\/schema\/logo\/image\/\"},\"sameAs\":[\"https:\/\/www.facebook.com\/ageninfra\",\"https:\/\/x.com\/agencia_infra\",\"https:\/\/www.linkedin.com\/company\/ag\u00eanciainfra\/\",\"https:\/\/www.instagram.com\/agenciainfra\/\"]},{\"@type\":\"Person\",\"@id\":\"https:\/\/agenciainfra.com\/blog\/#\/schema\/person\/34af08dff6adea4cb22b06612ba7acfa\",\"name\":\"Ag\u00eancia iNFRA\",\"image\":{\"@type\":\"ImageObject\",\"inLanguage\":\"pt-BR\",\"@id\":\"https:\/\/agenciainfra.com\/blog\/#\/schema\/person\/image\/\",\"url\":\"https:\/\/secure.gravatar.com\/avatar\/d189e01678f06d8eb84d4e01f08eb848b3fffe3f8443818d3c356c66892f5be8?s=96&d=mm&r=g\",\"contentUrl\":\"https:\/\/secure.gravatar.com\/avatar\/d189e01678f06d8eb84d4e01f08eb848b3fffe3f8443818d3c356c66892f5be8?s=96&d=mm&r=g\",\"caption\":\"Ag\u00eancia iNFRA\"},\"url\":\"https:\/\/agenciainfra.com\/blog\/author\/admin\/\"}]}<\/script>\n<!-- \/ Yoast SEO Premium plugin. -->","yoast_head_json":{"title":"Abdib Experience 2021: Setor de energia defende \"explorar potencialidades sem trancar a rota do desenvolvimento\" - Ag\u00eancia iNFRA","robots":{"index":"index","follow":"follow","max-snippet":"max-snippet:-1","max-image-preview":"max-image-preview:large","max-video-preview":"max-video-preview:-1"},"canonical":"https:\/\/agenciainfra.com\/blog\/abdib-experience-2021-setor-de-energia-defende-explorar-potencialidades-sem-trancar-a-rota-do-desenvolvimento\/","og_locale":"pt_BR","og_type":"article","og_title":"Abdib Experience 2021: Setor de energia defende \"explorar potencialidades sem trancar a rota do desenvolvimento\"","og_description":"da Ag\u00eancia iNFRA O painel &#8220;Raio-X da Infraestrutura: Energia&#8221; inaugurou o\u00a0segundo dia\u00a0de atividades do Abdib Experience 2021, no \u00faltimo dia 8 de dezembro. A perspectiva dos convidados \u00e9 a de que \u00e9 inescap\u00e1vel, para o setor, perseguir um futuro de carbono zero, com menor produ\u00e7\u00e3o de poluentes e impacto ambiental. Por\u00e9m, n\u00e3o a qualquer pre\u00e7o [&hellip;]","og_url":"https:\/\/agenciainfra.com\/blog\/abdib-experience-2021-setor-de-energia-defende-explorar-potencialidades-sem-trancar-a-rota-do-desenvolvimento\/","og_site_name":"Ag\u00eancia iNFRA","article_publisher":"https:\/\/www.facebook.com\/ageninfra","article_published_time":"2021-12-16T17:00:00+00:00","og_image":[{"width":1280,"height":720,"url":"https:\/\/agenciainfra.com\/blog\/wp-content\/uploads\/2021\/12\/abdib-experience-energia-foto-reproducao.png","type":"image\/png"}],"author":"Ag\u00eancia iNFRA","twitter_card":"summary_large_image","twitter_creator":"@agencia_infra","twitter_site":"@agencia_infra","twitter_misc":{"Escrito por":"Ag\u00eancia iNFRA","Est. tempo de leitura":"4 minutos"},"schema":{"@context":"https:\/\/schema.org","@graph":[{"@type":"Article","@id":"https:\/\/agenciainfra.com\/blog\/abdib-experience-2021-setor-de-energia-defende-explorar-potencialidades-sem-trancar-a-rota-do-desenvolvimento\/#article","isPartOf":{"@id":"https:\/\/agenciainfra.com\/blog\/abdib-experience-2021-setor-de-energia-defende-explorar-potencialidades-sem-trancar-a-rota-do-desenvolvimento\/"},"author":{"name":"Ag\u00eancia iNFRA","@id":"https:\/\/agenciainfra.com\/blog\/#\/schema\/person\/34af08dff6adea4cb22b06612ba7acfa"},"headline":"Abdib Experience 2021: Setor de energia defende &#8220;explorar potencialidades sem trancar a rota do desenvolvimento&#8221;","datePublished":"2021-12-16T17:00:00+00:00","mainEntityOfPage":{"@id":"https:\/\/agenciainfra.com\/blog\/abdib-experience-2021-setor-de-energia-defende-explorar-potencialidades-sem-trancar-a-rota-do-desenvolvimento\/"},"wordCount":807,"publisher":{"@id":"https:\/\/agenciainfra.com\/blog\/#organization"},"image":{"@id":"https:\/\/agenciainfra.com\/blog\/abdib-experience-2021-setor-de-energia-defende-explorar-potencialidades-sem-trancar-a-rota-do-desenvolvimento\/#primaryimage"},"thumbnailUrl":"https:\/\/agenciainfra.com\/blog\/wp-content\/uploads\/2021\/12\/abdib-experience-energia-foto-reproducao.png","keywords":["Abdib Experience 2021","ANEEL","competitividade","energia el\u00e9trica","energia renov\u00e1vel","Infraestrutura","marco regulat\u00f3rio","MME","mobilidade","transi\u00e7\u00e3o energ\u00e9tica"],"articleSection":["Geral","iNFRALive e Eventos"],"inLanguage":"pt-BR","copyrightYear":"2021","copyrightHolder":{"@id":"https:\/\/agenciainfra.com\/blog\/#organization"}},{"@type":"WebPage","@id":"https:\/\/agenciainfra.com\/blog\/abdib-experience-2021-setor-de-energia-defende-explorar-potencialidades-sem-trancar-a-rota-do-desenvolvimento\/","url":"https:\/\/agenciainfra.com\/blog\/abdib-experience-2021-setor-de-energia-defende-explorar-potencialidades-sem-trancar-a-rota-do-desenvolvimento\/","name":"Abdib Experience 2021: Setor de energia defende \"explorar potencialidades sem trancar a rota do desenvolvimento\" - Ag\u00eancia iNFRA","isPartOf":{"@id":"https:\/\/agenciainfra.com\/blog\/#website"},"primaryImageOfPage":{"@id":"https:\/\/agenciainfra.com\/blog\/abdib-experience-2021-setor-de-energia-defende-explorar-potencialidades-sem-trancar-a-rota-do-desenvolvimento\/#primaryimage"},"image":{"@id":"https:\/\/agenciainfra.com\/blog\/abdib-experience-2021-setor-de-energia-defende-explorar-potencialidades-sem-trancar-a-rota-do-desenvolvimento\/#primaryimage"},"thumbnailUrl":"https:\/\/agenciainfra.com\/blog\/wp-content\/uploads\/2021\/12\/abdib-experience-energia-foto-reproducao.png","datePublished":"2021-12-16T17:00:00+00:00","breadcrumb":{"@id":"https:\/\/agenciainfra.com\/blog\/abdib-experience-2021-setor-de-energia-defende-explorar-potencialidades-sem-trancar-a-rota-do-desenvolvimento\/#breadcrumb"},"inLanguage":"pt-BR","potentialAction":[{"@type":"ReadAction","target":["https:\/\/agenciainfra.com\/blog\/abdib-experience-2021-setor-de-energia-defende-explorar-potencialidades-sem-trancar-a-rota-do-desenvolvimento\/"]}]},{"@type":"ImageObject","inLanguage":"pt-BR","@id":"https:\/\/agenciainfra.com\/blog\/abdib-experience-2021-setor-de-energia-defende-explorar-potencialidades-sem-trancar-a-rota-do-desenvolvimento\/#primaryimage","url":"https:\/\/agenciainfra.com\/blog\/wp-content\/uploads\/2021\/12\/abdib-experience-energia-foto-reproducao.png","contentUrl":"https:\/\/agenciainfra.com\/blog\/wp-content\/uploads\/2021\/12\/abdib-experience-energia-foto-reproducao.png","width":1280,"height":720},{"@type":"BreadcrumbList","@id":"https:\/\/agenciainfra.com\/blog\/abdib-experience-2021-setor-de-energia-defende-explorar-potencialidades-sem-trancar-a-rota-do-desenvolvimento\/#breadcrumb","itemListElement":[{"@type":"ListItem","position":1,"name":"In\u00edcio","item":"https:\/\/agenciainfra.com\/blog\/"},{"@type":"ListItem","position":2,"name":"Abdib Experience 2021: Setor de energia defende &#8220;explorar potencialidades sem trancar a rota do desenvolvimento&#8221;"}]},{"@type":"WebSite","@id":"https:\/\/agenciainfra.com\/blog\/#website","url":"https:\/\/agenciainfra.com\/blog\/","name":"Ag\u00eancia iNFRA","description":"Multiplataforma de informa\u00e7\u00e3o jornal\u00edstica refer\u00eancia na \u00e1rea de infraestrutura no Brasil!","publisher":{"@id":"https:\/\/agenciainfra.com\/blog\/#organization"},"potentialAction":[{"@type":"SearchAction","target":{"@type":"EntryPoint","urlTemplate":"https:\/\/agenciainfra.com\/blog\/?s={search_term_string}"},"query-input":{"@type":"PropertyValueSpecification","valueRequired":true,"valueName":"search_term_string"}}],"inLanguage":"pt-BR"},{"@type":"Organization","@id":"https:\/\/agenciainfra.com\/blog\/#organization","name":"Ag\u00eancia iNFRA","url":"https:\/\/agenciainfra.com\/blog\/","logo":{"@type":"ImageObject","inLanguage":"pt-BR","@id":"https:\/\/agenciainfra.com\/blog\/#\/schema\/logo\/image\/","url":"https:\/\/agenciainfra.com\/blog\/wp-content\/uploads\/2023\/09\/iNFRA_5-e1761735885940.png","contentUrl":"https:\/\/agenciainfra.com\/blog\/wp-content\/uploads\/2023\/09\/iNFRA_5-e1761735885940.png","width":1672,"height":454,"caption":"Ag\u00eancia iNFRA"},"image":{"@id":"https:\/\/agenciainfra.com\/blog\/#\/schema\/logo\/image\/"},"sameAs":["https:\/\/www.facebook.com\/ageninfra","https:\/\/x.com\/agencia_infra","https:\/\/www.linkedin.com\/company\/ag\u00eanciainfra\/","https:\/\/www.instagram.com\/agenciainfra\/"]},{"@type":"Person","@id":"https:\/\/agenciainfra.com\/blog\/#\/schema\/person\/34af08dff6adea4cb22b06612ba7acfa","name":"Ag\u00eancia iNFRA","image":{"@type":"ImageObject","inLanguage":"pt-BR","@id":"https:\/\/agenciainfra.com\/blog\/#\/schema\/person\/image\/","url":"https:\/\/secure.gravatar.com\/avatar\/d189e01678f06d8eb84d4e01f08eb848b3fffe3f8443818d3c356c66892f5be8?s=96&d=mm&r=g","contentUrl":"https:\/\/secure.gravatar.com\/avatar\/d189e01678f06d8eb84d4e01f08eb848b3fffe3f8443818d3c356c66892f5be8?s=96&d=mm&r=g","caption":"Ag\u00eancia iNFRA"},"url":"https:\/\/agenciainfra.com\/blog\/author\/admin\/"}]}},"_links":{"self":[{"href":"https:\/\/agenciainfra.com\/blog\/wp-json\/wp\/v2\/posts\/9197","targetHints":{"allow":["GET"]}}],"collection":[{"href":"https:\/\/agenciainfra.com\/blog\/wp-json\/wp\/v2\/posts"}],"about":[{"href":"https:\/\/agenciainfra.com\/blog\/wp-json\/wp\/v2\/types\/post"}],"author":[{"embeddable":true,"href":"https:\/\/agenciainfra.com\/blog\/wp-json\/wp\/v2\/users\/1"}],"replies":[{"embeddable":true,"href":"https:\/\/agenciainfra.com\/blog\/wp-json\/wp\/v2\/comments?post=9197"}],"version-history":[{"count":0,"href":"https:\/\/agenciainfra.com\/blog\/wp-json\/wp\/v2\/posts\/9197\/revisions"}],"wp:featuredmedia":[{"embeddable":true,"href":"https:\/\/agenciainfra.com\/blog\/wp-json\/wp\/v2\/media\/9198"}],"wp:attachment":[{"href":"https:\/\/agenciainfra.com\/blog\/wp-json\/wp\/v2\/media?parent=9197"}],"wp:term":[{"taxonomy":"category","embeddable":true,"href":"https:\/\/agenciainfra.com\/blog\/wp-json\/wp\/v2\/categories?post=9197"},{"taxonomy":"post_tag","embeddable":true,"href":"https:\/\/agenciainfra.com\/blog\/wp-json\/wp\/v2\/tags?post=9197"}],"curies":[{"name":"wp","href":"https:\/\/api.w.org\/{rel}","templated":true}]}}