{"id":9204,"date":"2021-12-17T14:00:00","date_gmt":"2021-12-17T17:00:00","guid":{"rendered":"https:\/\/www.agenciainfra.com\/blog\/?p=9204"},"modified":"2021-12-16T12:26:01","modified_gmt":"2021-12-16T15:26:01","slug":"abdib-experience-2021-marco-do-saneamento-modelagem-das-concessoes-e-adesao-de-municipios-sao-desafios-avalia-secretario","status":"publish","type":"post","link":"https:\/\/agenciainfra.com\/blog\/abdib-experience-2021-marco-do-saneamento-modelagem-das-concessoes-e-adesao-de-municipios-sao-desafios-avalia-secretario\/","title":{"rendered":"Abdib Experience 2021: Marco do Saneamento \u2013 modelagem das concess\u00f5es e ades\u00e3o de munic\u00edpios s\u00e3o desafios, avalia secret\u00e1rio"},"content":{"rendered":"\n<p class=\"has-text-align-right\"><strong>da Ag\u00eancia iNFRA<\/strong><\/p>\n\n\n\n<p>O secret\u00e1rio nacional de Saneamento do Minist\u00e9rio do Desenvolvimento Regional, Pedro Maranh\u00e3o, afirmou que est\u00e1 \u201cpreocupado\u201d com o processo de forma\u00e7\u00e3o de blocos regionais, cuja responsabilidade \u00e9 dos estados, e com a modelagem das concess\u00f5es de saneamento.<\/p>\n\n\n\n<p>\u201cIsso pode atrasar muito. Hoje, praticamente \u00e9 o BNDES que faz essas modelagens, e se a gente fizer uma conta de padeiro \u2013 por estado, tr\u00eas, quatro blocos, tem uns que v\u00e3o ter mais&#8230; \u2013, n\u00f3s temos 80 blocos para modelar, e se for nesse ritmo a\u00ed&#8230; eu estou muito preocupado com isso\u201d, declarou durante o debate \u201cRaio-x da Infraestrutura: Saneamento e Mobilidade Urbana\u201d, realizado no&nbsp;<a href=\"https:\/\/agenciainfra.us14.list-manage.com\/track\/click?u=d460dd1bcf9ba0ae040e1fc0f&amp;id=acd8241eeb&amp;e=c099169394\" target=\"_blank\" rel=\"noreferrer noopener\">\u00faltimo dia<\/a>&nbsp;do Abdib Experience 2021.<\/p>\n\n\n\n<p>O secret\u00e1rio afirmou que estados como Par\u00e1, Tocantins e Mato Grosso do Sul ainda n\u00e3o encaminharam projetos de lei pr\u00f3prios para endere\u00e7ar a quest\u00e3o. Ele disse, no entanto, que o governo federal est\u00e1 em contato com todos eles e auxiliando no encaminhamento dessa quest\u00e3o.<br><br>Como exemplo de estados nos quais algumas cidades est\u00e3o resistindo \u00e0 ades\u00e3o, citou S\u00e3o Paulo e Minas Gerais. Disse, por\u00e9m, que teria reuni\u00f5es no estado paulista para tratar do tema e que as decis\u00f5es podem, inclusive, tornarem-se modelos para o restante do pa\u00eds.<br><br>O secret\u00e1rio defendeu que a melhor estrat\u00e9gia para convencer governos locais a aderirem aos processos do novo marco tem sido convocar entidades representantes do setor industrial para mostrar os n\u00fameros que os estados que est\u00e3o criando blocos regionais e desestatizando o setor apresentam de investimentos e cria\u00e7\u00e3o de empregos, pedindo que os dados sejam levados aos gestores como forma de pression\u00e1-los a aderirem ao modelo.<br><br><strong>Empresas defendem regionaliza\u00e7\u00e3o<\/strong><br>Tamb\u00e9m participaram do debate Carlos Eduardo de Castro, diretor-presidente da Copasa; Daniela Sandoval, vice-presidente de Assuntos Corporativos e Regula\u00e7\u00e3o da BRK Ambiental; e Rog\u00e9rio Tavares, diretor na Aegea. Os tr\u00eas formaram consenso sobre a import\u00e2ncia de que os blocos regionais avancem.<br><br>Segundo Daniela Sandoval, a forma\u00e7\u00e3o desses blocos \u00e9 o &#8220;pulo do gato&#8221; para se ter um saneamento mais l\u00f3gico do ponto de vista da aloca\u00e7\u00e3o de recursos. J\u00e1 Rog\u00e9rio Tavares lembrou que, com a op\u00e7\u00e3o de algumas cidades de n\u00e3o aderir, \u00e9 poss\u00edvel que aquelas que forem menores e mais pobres sejam deixadas de lado.<br><br>O setor defende o modelo de subs\u00eddio cruzado, no qual munic\u00edpios com maior retorno econ\u00f4mico ajudam aqueles nos quais este \u00e9 menos significativo para a concession\u00e1ria. Algumas cidades de maior monta, por\u00e9m, t\u00eam se recusado a aderir aos blocos a despeito de serem punidas com o impedimento de acesso a cr\u00e9ditos federais para uso em saneamento.<br><br>Nesse contexto, o diretor-presidente da Copasa sugeriu a cria\u00e7\u00e3o de incentivos para as cidades que aceitarem formar blocos regionais. O secret\u00e1rio Pedro Maranh\u00e3o disse que o tema pode ser estudado, mas que teme que a iniciativa tenha o efeito inverso: cidades que inicialmente aderiram aos blocos se sentirem lesadas ou que outras atrasem a ades\u00e3o esperando por uma compensa\u00e7\u00e3o.<br><br><strong>Comprova\u00e7\u00e3o de capacidade econ\u00f4mico-financeira<\/strong><br>Outro ponto abordado no debate foi o Decreto 10.710\/2021, que estabelece 31 de dezembro como o prazo final para que as empresas de saneamento comprovem a capacidade econ\u00f4mico-financeira para cumprir as metas de universaliza\u00e7\u00e3o previstas no novo marco legal.<br><br>Carlos Eduardo defendeu que o prazo seja alterado por conta do tempo que o governo levou entre a san\u00e7\u00e3o da lei e a publica\u00e7\u00e3o do decreto. Ele entende que o prazo deveria ser \u201crecomposto\u201d para que as empresas possam cumpri-lo.<br><br>\u201cA Copasa vai cumprir o prazo mesmo que ele n\u00e3o seja dilatado. Outras empresas talvez tenham um pouco mais de dificuldade do ponto de vista da execu\u00e7\u00e3o\u201d, argumentou. A demanda j\u00e1 foi levada para o ministro da Casa Civil, Ciro Nogueira, por associa\u00e7\u00f5es do setor.<br><br>Para Pedro Maranh\u00e3o, por\u00e9m, o prazo n\u00e3o deve ser alterado: \u201cAcho que n\u00e3o tem que adiar decreto nenhum.&nbsp;Quem n\u00e3o conseguir adiar, a gente v\u00ea o que faz\u201d. Ele avaliou que a quest\u00e3o, no entanto, pode ter outro desfecho por quest\u00f5es pol\u00edticas.<br><br><strong>Res\u00edduos s\u00f3lidos<\/strong><br>A discuss\u00e3o abordou ainda o avan\u00e7o da destina\u00e7\u00e3o e aproveitamento dos res\u00edduos s\u00f3lidos no pa\u00eds. Segundo o secret\u00e1rio do Minist\u00e9rio do Desenvolvimento Regional, o governo federal j\u00e1 esteve com 14 estados tratando do assunto nas seguintes frentes: regionaliza\u00e7\u00e3o, cria\u00e7\u00e3o de cons\u00f3rcios, montagem dos aterros e encerramento dos lix\u00f5es.<br><br>Maranh\u00e3o destacou que tem havido maior cobran\u00e7a da sociedade civil em rela\u00e7\u00e3o \u00e0 destina\u00e7\u00e3o correta do lixo e que tem usado como estrat\u00e9gia conversas com \u00f3rg\u00e3os setoriais para que estes mostrem os impactos do avan\u00e7o dessa quest\u00e3o para o estado. Ele afirmou ainda que \u201ctoda a nossa energia \u00e9 voltada para o aproveitamento do lixo\u201d,&nbsp;seja por meio da gera\u00e7\u00e3o de energia, combust\u00edveis, seja por outros meios.<br><br>Rog\u00e9rio Tavares lembrou, por\u00e9m, que \u201cna parte de res\u00edduos a regionaliza\u00e7\u00e3o vai ser diferente dos servi\u00e7os de \u00e1gua e esgoto, porque depende de um equacionamento de dist\u00e2ncia\u201d, o que \u00e9&nbsp;um ponto a ser observado.<br><br>O painel &#8220;Raio-x da Infraestrutura: Saneamento e Mobilidade Urbana&#8221; foi mediado pelo editor-chefe da&nbsp;<strong>Ag\u00eancia iNFRA<\/strong>, Dimmi Amora.<\/p>\n","protected":false},"excerpt":{"rendered":"<p>da Ag\u00eancia iNFRA O secret\u00e1rio nacional de Saneamento do Minist\u00e9rio do Desenvolvimento Regional, Pedro Maranh\u00e3o, afirmou que est\u00e1 \u201cpreocupado\u201d com o processo de forma\u00e7\u00e3o de blocos regionais, cuja responsabilidade \u00e9 dos estados, e com a modelagem das concess\u00f5es de saneamento. \u201cIsso pode atrasar muito. Hoje, praticamente \u00e9 o BNDES que faz essas modelagens, e se [&hellip;]<\/p>\n","protected":false},"author":1,"featured_media":9205,"comment_status":"closed","ping_status":"closed","sticky":false,"template":"","format":"standard","meta":{"_monsterinsights_skip_tracking":false,"_monsterinsights_sitenote_active":false,"_monsterinsights_sitenote_note":"","_monsterinsights_sitenote_category":0,"footnotes":""},"categories":[1,2053],"tags":[5144,5174,34,1397,849,760,2162,2390,2242,73],"class_list":["post-9204","post","type-post","status-publish","format-standard","has-post-thumbnail","hentry","category-geral","category-infraliveventos","tag-abdib-experience-2021","tag-concessoes-de-saneamento","tag-infraestrutura","tag-marco-do-saneamento","tag-meio-ambiente","tag-ministerio-do-desenvolvimento-regional","tag-mobilidade-urbana","tag-pedro-maranhao","tag-regionalizacao","tag-saneamento-basico"],"yoast_head":"<!-- This site is optimized with the Yoast SEO Premium plugin v25.4 (Yoast SEO v26.0) - https:\/\/yoast.com\/wordpress\/plugins\/seo\/ -->\n<title>Abdib Experience 2021: Marco do Saneamento \u2013 modelagem das concess\u00f5es e ades\u00e3o de munic\u00edpios s\u00e3o desafios, avalia secret\u00e1rio - Ag\u00eancia iNFRA<\/title>\n<meta name=\"robots\" content=\"index, follow, max-snippet:-1, max-image-preview:large, max-video-preview:-1\" \/>\n<link rel=\"canonical\" href=\"https:\/\/agenciainfra.com\/blog\/abdib-experience-2021-marco-do-saneamento-modelagem-das-concessoes-e-adesao-de-municipios-sao-desafios-avalia-secretario\/\" \/>\n<meta property=\"og:locale\" content=\"pt_BR\" \/>\n<meta property=\"og:type\" content=\"article\" \/>\n<meta property=\"og:title\" content=\"Abdib Experience 2021: Marco do Saneamento \u2013 modelagem das concess\u00f5es e ades\u00e3o de munic\u00edpios s\u00e3o desafios, avalia secret\u00e1rio\" \/>\n<meta property=\"og:description\" content=\"da Ag\u00eancia iNFRA O secret\u00e1rio nacional de Saneamento do Minist\u00e9rio do Desenvolvimento Regional, Pedro Maranh\u00e3o, afirmou que est\u00e1 \u201cpreocupado\u201d com o processo de forma\u00e7\u00e3o de blocos regionais, cuja responsabilidade \u00e9 dos estados, e com a modelagem das concess\u00f5es de saneamento. \u201cIsso pode atrasar muito. Hoje, praticamente \u00e9 o BNDES que faz essas modelagens, e se [&hellip;]\" \/>\n<meta property=\"og:url\" content=\"https:\/\/agenciainfra.com\/blog\/abdib-experience-2021-marco-do-saneamento-modelagem-das-concessoes-e-adesao-de-municipios-sao-desafios-avalia-secretario\/\" \/>\n<meta property=\"og:site_name\" content=\"Ag\u00eancia iNFRA\" \/>\n<meta property=\"article:publisher\" content=\"https:\/\/www.facebook.com\/ageninfra\" \/>\n<meta property=\"article:published_time\" content=\"2021-12-17T17:00:00+00:00\" \/>\n<meta property=\"og:image\" content=\"https:\/\/agenciainfra.com\/blog\/wp-content\/uploads\/2021\/12\/abdib-painel-saneamento-foto-reproducao.png\" \/>\n\t<meta property=\"og:image:width\" content=\"1280\" \/>\n\t<meta property=\"og:image:height\" content=\"718\" \/>\n\t<meta property=\"og:image:type\" content=\"image\/png\" \/>\n<meta name=\"author\" content=\"Ag\u00eancia iNFRA\" \/>\n<meta name=\"twitter:card\" content=\"summary_large_image\" \/>\n<meta name=\"twitter:creator\" content=\"@agencia_infra\" \/>\n<meta name=\"twitter:site\" content=\"@agencia_infra\" \/>\n<meta name=\"twitter:label1\" content=\"Escrito por\" \/>\n\t<meta name=\"twitter:data1\" content=\"Ag\u00eancia iNFRA\" \/>\n\t<meta name=\"twitter:label2\" content=\"Est. tempo de leitura\" \/>\n\t<meta name=\"twitter:data2\" content=\"5 minutos\" \/>\n<script type=\"application\/ld+json\" class=\"yoast-schema-graph\">{\"@context\":\"https:\/\/schema.org\",\"@graph\":[{\"@type\":\"Article\",\"@id\":\"https:\/\/agenciainfra.com\/blog\/abdib-experience-2021-marco-do-saneamento-modelagem-das-concessoes-e-adesao-de-municipios-sao-desafios-avalia-secretario\/#article\",\"isPartOf\":{\"@id\":\"https:\/\/agenciainfra.com\/blog\/abdib-experience-2021-marco-do-saneamento-modelagem-das-concessoes-e-adesao-de-municipios-sao-desafios-avalia-secretario\/\"},\"author\":{\"name\":\"Ag\u00eancia iNFRA\",\"@id\":\"https:\/\/agenciainfra.com\/blog\/#\/schema\/person\/34af08dff6adea4cb22b06612ba7acfa\"},\"headline\":\"Abdib Experience 2021: Marco do Saneamento \u2013 modelagem das concess\u00f5es e ades\u00e3o de munic\u00edpios s\u00e3o desafios, avalia secret\u00e1rio\",\"datePublished\":\"2021-12-17T17:00:00+00:00\",\"mainEntityOfPage\":{\"@id\":\"https:\/\/agenciainfra.com\/blog\/abdib-experience-2021-marco-do-saneamento-modelagem-das-concessoes-e-adesao-de-municipios-sao-desafios-avalia-secretario\/\"},\"wordCount\":930,\"publisher\":{\"@id\":\"https:\/\/agenciainfra.com\/blog\/#organization\"},\"image\":{\"@id\":\"https:\/\/agenciainfra.com\/blog\/abdib-experience-2021-marco-do-saneamento-modelagem-das-concessoes-e-adesao-de-municipios-sao-desafios-avalia-secretario\/#primaryimage\"},\"thumbnailUrl\":\"https:\/\/agenciainfra.com\/blog\/wp-content\/uploads\/2021\/12\/abdib-painel-saneamento-foto-reproducao.png\",\"keywords\":[\"Abdib Experience 2021\",\"concess\u00f5es de saneamento\",\"Infraestrutura\",\"marco do saneamento\",\"meio ambiente\",\"Minist\u00e9rio do Desenvolvimento Regional\",\"mobilidade urbana\",\"Pedro Maranh\u00e3o\",\"regionaliza\u00e7\u00e3o\",\"Saneamento B\u00e1sico\"],\"articleSection\":[\"Geral\",\"iNFRALive e Eventos\"],\"inLanguage\":\"pt-BR\",\"copyrightYear\":\"2021\",\"copyrightHolder\":{\"@id\":\"https:\/\/agenciainfra.com\/blog\/#organization\"}},{\"@type\":\"WebPage\",\"@id\":\"https:\/\/agenciainfra.com\/blog\/abdib-experience-2021-marco-do-saneamento-modelagem-das-concessoes-e-adesao-de-municipios-sao-desafios-avalia-secretario\/\",\"url\":\"https:\/\/agenciainfra.com\/blog\/abdib-experience-2021-marco-do-saneamento-modelagem-das-concessoes-e-adesao-de-municipios-sao-desafios-avalia-secretario\/\",\"name\":\"Abdib Experience 2021: Marco do Saneamento \u2013 modelagem das concess\u00f5es e ades\u00e3o de munic\u00edpios s\u00e3o desafios, avalia secret\u00e1rio - Ag\u00eancia iNFRA\",\"isPartOf\":{\"@id\":\"https:\/\/agenciainfra.com\/blog\/#website\"},\"primaryImageOfPage\":{\"@id\":\"https:\/\/agenciainfra.com\/blog\/abdib-experience-2021-marco-do-saneamento-modelagem-das-concessoes-e-adesao-de-municipios-sao-desafios-avalia-secretario\/#primaryimage\"},\"image\":{\"@id\":\"https:\/\/agenciainfra.com\/blog\/abdib-experience-2021-marco-do-saneamento-modelagem-das-concessoes-e-adesao-de-municipios-sao-desafios-avalia-secretario\/#primaryimage\"},\"thumbnailUrl\":\"https:\/\/agenciainfra.com\/blog\/wp-content\/uploads\/2021\/12\/abdib-painel-saneamento-foto-reproducao.png\",\"datePublished\":\"2021-12-17T17:00:00+00:00\",\"breadcrumb\":{\"@id\":\"https:\/\/agenciainfra.com\/blog\/abdib-experience-2021-marco-do-saneamento-modelagem-das-concessoes-e-adesao-de-municipios-sao-desafios-avalia-secretario\/#breadcrumb\"},\"inLanguage\":\"pt-BR\",\"potentialAction\":[{\"@type\":\"ReadAction\",\"target\":[\"https:\/\/agenciainfra.com\/blog\/abdib-experience-2021-marco-do-saneamento-modelagem-das-concessoes-e-adesao-de-municipios-sao-desafios-avalia-secretario\/\"]}]},{\"@type\":\"ImageObject\",\"inLanguage\":\"pt-BR\",\"@id\":\"https:\/\/agenciainfra.com\/blog\/abdib-experience-2021-marco-do-saneamento-modelagem-das-concessoes-e-adesao-de-municipios-sao-desafios-avalia-secretario\/#primaryimage\",\"url\":\"https:\/\/agenciainfra.com\/blog\/wp-content\/uploads\/2021\/12\/abdib-painel-saneamento-foto-reproducao.png\",\"contentUrl\":\"https:\/\/agenciainfra.com\/blog\/wp-content\/uploads\/2021\/12\/abdib-painel-saneamento-foto-reproducao.png\",\"width\":1280,\"height\":718},{\"@type\":\"BreadcrumbList\",\"@id\":\"https:\/\/agenciainfra.com\/blog\/abdib-experience-2021-marco-do-saneamento-modelagem-das-concessoes-e-adesao-de-municipios-sao-desafios-avalia-secretario\/#breadcrumb\",\"itemListElement\":[{\"@type\":\"ListItem\",\"position\":1,\"name\":\"In\u00edcio\",\"item\":\"https:\/\/agenciainfra.com\/blog\/\"},{\"@type\":\"ListItem\",\"position\":2,\"name\":\"Abdib Experience 2021: Marco do Saneamento \u2013 modelagem das concess\u00f5es e ades\u00e3o de munic\u00edpios s\u00e3o desafios, avalia secret\u00e1rio\"}]},{\"@type\":\"WebSite\",\"@id\":\"https:\/\/agenciainfra.com\/blog\/#website\",\"url\":\"https:\/\/agenciainfra.com\/blog\/\",\"name\":\"Ag\u00eancia iNFRA\",\"description\":\"Multiplataforma de informa\u00e7\u00e3o jornal\u00edstica refer\u00eancia na \u00e1rea de infraestrutura no Brasil!\",\"publisher\":{\"@id\":\"https:\/\/agenciainfra.com\/blog\/#organization\"},\"potentialAction\":[{\"@type\":\"SearchAction\",\"target\":{\"@type\":\"EntryPoint\",\"urlTemplate\":\"https:\/\/agenciainfra.com\/blog\/?s={search_term_string}\"},\"query-input\":{\"@type\":\"PropertyValueSpecification\",\"valueRequired\":true,\"valueName\":\"search_term_string\"}}],\"inLanguage\":\"pt-BR\"},{\"@type\":\"Organization\",\"@id\":\"https:\/\/agenciainfra.com\/blog\/#organization\",\"name\":\"Ag\u00eancia iNFRA\",\"url\":\"https:\/\/agenciainfra.com\/blog\/\",\"logo\":{\"@type\":\"ImageObject\",\"inLanguage\":\"pt-BR\",\"@id\":\"https:\/\/agenciainfra.com\/blog\/#\/schema\/logo\/image\/\",\"url\":\"https:\/\/agenciainfra.com\/blog\/wp-content\/uploads\/2023\/09\/iNFRA_5-e1761735885940.png\",\"contentUrl\":\"https:\/\/agenciainfra.com\/blog\/wp-content\/uploads\/2023\/09\/iNFRA_5-e1761735885940.png\",\"width\":1672,\"height\":454,\"caption\":\"Ag\u00eancia iNFRA\"},\"image\":{\"@id\":\"https:\/\/agenciainfra.com\/blog\/#\/schema\/logo\/image\/\"},\"sameAs\":[\"https:\/\/www.facebook.com\/ageninfra\",\"https:\/\/x.com\/agencia_infra\",\"https:\/\/www.linkedin.com\/company\/ag\u00eanciainfra\/\",\"https:\/\/www.instagram.com\/agenciainfra\/\"]},{\"@type\":\"Person\",\"@id\":\"https:\/\/agenciainfra.com\/blog\/#\/schema\/person\/34af08dff6adea4cb22b06612ba7acfa\",\"name\":\"Ag\u00eancia iNFRA\",\"image\":{\"@type\":\"ImageObject\",\"inLanguage\":\"pt-BR\",\"@id\":\"https:\/\/agenciainfra.com\/blog\/#\/schema\/person\/image\/\",\"url\":\"https:\/\/secure.gravatar.com\/avatar\/d189e01678f06d8eb84d4e01f08eb848b3fffe3f8443818d3c356c66892f5be8?s=96&d=mm&r=g\",\"contentUrl\":\"https:\/\/secure.gravatar.com\/avatar\/d189e01678f06d8eb84d4e01f08eb848b3fffe3f8443818d3c356c66892f5be8?s=96&d=mm&r=g\",\"caption\":\"Ag\u00eancia iNFRA\"},\"url\":\"https:\/\/agenciainfra.com\/blog\/author\/admin\/\"}]}<\/script>\n<!-- \/ Yoast SEO Premium plugin. -->","yoast_head_json":{"title":"Abdib Experience 2021: Marco do Saneamento \u2013 modelagem das concess\u00f5es e ades\u00e3o de munic\u00edpios s\u00e3o desafios, avalia secret\u00e1rio - Ag\u00eancia iNFRA","robots":{"index":"index","follow":"follow","max-snippet":"max-snippet:-1","max-image-preview":"max-image-preview:large","max-video-preview":"max-video-preview:-1"},"canonical":"https:\/\/agenciainfra.com\/blog\/abdib-experience-2021-marco-do-saneamento-modelagem-das-concessoes-e-adesao-de-municipios-sao-desafios-avalia-secretario\/","og_locale":"pt_BR","og_type":"article","og_title":"Abdib Experience 2021: Marco do Saneamento \u2013 modelagem das concess\u00f5es e ades\u00e3o de munic\u00edpios s\u00e3o desafios, avalia secret\u00e1rio","og_description":"da Ag\u00eancia iNFRA O secret\u00e1rio nacional de Saneamento do Minist\u00e9rio do Desenvolvimento Regional, Pedro Maranh\u00e3o, afirmou que est\u00e1 \u201cpreocupado\u201d com o processo de forma\u00e7\u00e3o de blocos regionais, cuja responsabilidade \u00e9 dos estados, e com a modelagem das concess\u00f5es de saneamento. \u201cIsso pode atrasar muito. Hoje, praticamente \u00e9 o BNDES que faz essas modelagens, e se [&hellip;]","og_url":"https:\/\/agenciainfra.com\/blog\/abdib-experience-2021-marco-do-saneamento-modelagem-das-concessoes-e-adesao-de-municipios-sao-desafios-avalia-secretario\/","og_site_name":"Ag\u00eancia iNFRA","article_publisher":"https:\/\/www.facebook.com\/ageninfra","article_published_time":"2021-12-17T17:00:00+00:00","og_image":[{"width":1280,"height":718,"url":"https:\/\/agenciainfra.com\/blog\/wp-content\/uploads\/2021\/12\/abdib-painel-saneamento-foto-reproducao.png","type":"image\/png"}],"author":"Ag\u00eancia iNFRA","twitter_card":"summary_large_image","twitter_creator":"@agencia_infra","twitter_site":"@agencia_infra","twitter_misc":{"Escrito por":"Ag\u00eancia iNFRA","Est. tempo de leitura":"5 minutos"},"schema":{"@context":"https:\/\/schema.org","@graph":[{"@type":"Article","@id":"https:\/\/agenciainfra.com\/blog\/abdib-experience-2021-marco-do-saneamento-modelagem-das-concessoes-e-adesao-de-municipios-sao-desafios-avalia-secretario\/#article","isPartOf":{"@id":"https:\/\/agenciainfra.com\/blog\/abdib-experience-2021-marco-do-saneamento-modelagem-das-concessoes-e-adesao-de-municipios-sao-desafios-avalia-secretario\/"},"author":{"name":"Ag\u00eancia iNFRA","@id":"https:\/\/agenciainfra.com\/blog\/#\/schema\/person\/34af08dff6adea4cb22b06612ba7acfa"},"headline":"Abdib Experience 2021: Marco do Saneamento \u2013 modelagem das concess\u00f5es e ades\u00e3o de munic\u00edpios s\u00e3o desafios, avalia secret\u00e1rio","datePublished":"2021-12-17T17:00:00+00:00","mainEntityOfPage":{"@id":"https:\/\/agenciainfra.com\/blog\/abdib-experience-2021-marco-do-saneamento-modelagem-das-concessoes-e-adesao-de-municipios-sao-desafios-avalia-secretario\/"},"wordCount":930,"publisher":{"@id":"https:\/\/agenciainfra.com\/blog\/#organization"},"image":{"@id":"https:\/\/agenciainfra.com\/blog\/abdib-experience-2021-marco-do-saneamento-modelagem-das-concessoes-e-adesao-de-municipios-sao-desafios-avalia-secretario\/#primaryimage"},"thumbnailUrl":"https:\/\/agenciainfra.com\/blog\/wp-content\/uploads\/2021\/12\/abdib-painel-saneamento-foto-reproducao.png","keywords":["Abdib Experience 2021","concess\u00f5es de saneamento","Infraestrutura","marco do saneamento","meio ambiente","Minist\u00e9rio do Desenvolvimento Regional","mobilidade urbana","Pedro Maranh\u00e3o","regionaliza\u00e7\u00e3o","Saneamento B\u00e1sico"],"articleSection":["Geral","iNFRALive e Eventos"],"inLanguage":"pt-BR","copyrightYear":"2021","copyrightHolder":{"@id":"https:\/\/agenciainfra.com\/blog\/#organization"}},{"@type":"WebPage","@id":"https:\/\/agenciainfra.com\/blog\/abdib-experience-2021-marco-do-saneamento-modelagem-das-concessoes-e-adesao-de-municipios-sao-desafios-avalia-secretario\/","url":"https:\/\/agenciainfra.com\/blog\/abdib-experience-2021-marco-do-saneamento-modelagem-das-concessoes-e-adesao-de-municipios-sao-desafios-avalia-secretario\/","name":"Abdib Experience 2021: Marco do Saneamento \u2013 modelagem das concess\u00f5es e ades\u00e3o de munic\u00edpios s\u00e3o desafios, avalia secret\u00e1rio - Ag\u00eancia iNFRA","isPartOf":{"@id":"https:\/\/agenciainfra.com\/blog\/#website"},"primaryImageOfPage":{"@id":"https:\/\/agenciainfra.com\/blog\/abdib-experience-2021-marco-do-saneamento-modelagem-das-concessoes-e-adesao-de-municipios-sao-desafios-avalia-secretario\/#primaryimage"},"image":{"@id":"https:\/\/agenciainfra.com\/blog\/abdib-experience-2021-marco-do-saneamento-modelagem-das-concessoes-e-adesao-de-municipios-sao-desafios-avalia-secretario\/#primaryimage"},"thumbnailUrl":"https:\/\/agenciainfra.com\/blog\/wp-content\/uploads\/2021\/12\/abdib-painel-saneamento-foto-reproducao.png","datePublished":"2021-12-17T17:00:00+00:00","breadcrumb":{"@id":"https:\/\/agenciainfra.com\/blog\/abdib-experience-2021-marco-do-saneamento-modelagem-das-concessoes-e-adesao-de-municipios-sao-desafios-avalia-secretario\/#breadcrumb"},"inLanguage":"pt-BR","potentialAction":[{"@type":"ReadAction","target":["https:\/\/agenciainfra.com\/blog\/abdib-experience-2021-marco-do-saneamento-modelagem-das-concessoes-e-adesao-de-municipios-sao-desafios-avalia-secretario\/"]}]},{"@type":"ImageObject","inLanguage":"pt-BR","@id":"https:\/\/agenciainfra.com\/blog\/abdib-experience-2021-marco-do-saneamento-modelagem-das-concessoes-e-adesao-de-municipios-sao-desafios-avalia-secretario\/#primaryimage","url":"https:\/\/agenciainfra.com\/blog\/wp-content\/uploads\/2021\/12\/abdib-painel-saneamento-foto-reproducao.png","contentUrl":"https:\/\/agenciainfra.com\/blog\/wp-content\/uploads\/2021\/12\/abdib-painel-saneamento-foto-reproducao.png","width":1280,"height":718},{"@type":"BreadcrumbList","@id":"https:\/\/agenciainfra.com\/blog\/abdib-experience-2021-marco-do-saneamento-modelagem-das-concessoes-e-adesao-de-municipios-sao-desafios-avalia-secretario\/#breadcrumb","itemListElement":[{"@type":"ListItem","position":1,"name":"In\u00edcio","item":"https:\/\/agenciainfra.com\/blog\/"},{"@type":"ListItem","position":2,"name":"Abdib Experience 2021: Marco do Saneamento \u2013 modelagem das concess\u00f5es e ades\u00e3o de munic\u00edpios s\u00e3o desafios, avalia secret\u00e1rio"}]},{"@type":"WebSite","@id":"https:\/\/agenciainfra.com\/blog\/#website","url":"https:\/\/agenciainfra.com\/blog\/","name":"Ag\u00eancia iNFRA","description":"Multiplataforma de informa\u00e7\u00e3o jornal\u00edstica refer\u00eancia na \u00e1rea de infraestrutura no Brasil!","publisher":{"@id":"https:\/\/agenciainfra.com\/blog\/#organization"},"potentialAction":[{"@type":"SearchAction","target":{"@type":"EntryPoint","urlTemplate":"https:\/\/agenciainfra.com\/blog\/?s={search_term_string}"},"query-input":{"@type":"PropertyValueSpecification","valueRequired":true,"valueName":"search_term_string"}}],"inLanguage":"pt-BR"},{"@type":"Organization","@id":"https:\/\/agenciainfra.com\/blog\/#organization","name":"Ag\u00eancia iNFRA","url":"https:\/\/agenciainfra.com\/blog\/","logo":{"@type":"ImageObject","inLanguage":"pt-BR","@id":"https:\/\/agenciainfra.com\/blog\/#\/schema\/logo\/image\/","url":"https:\/\/agenciainfra.com\/blog\/wp-content\/uploads\/2023\/09\/iNFRA_5-e1761735885940.png","contentUrl":"https:\/\/agenciainfra.com\/blog\/wp-content\/uploads\/2023\/09\/iNFRA_5-e1761735885940.png","width":1672,"height":454,"caption":"Ag\u00eancia iNFRA"},"image":{"@id":"https:\/\/agenciainfra.com\/blog\/#\/schema\/logo\/image\/"},"sameAs":["https:\/\/www.facebook.com\/ageninfra","https:\/\/x.com\/agencia_infra","https:\/\/www.linkedin.com\/company\/ag\u00eanciainfra\/","https:\/\/www.instagram.com\/agenciainfra\/"]},{"@type":"Person","@id":"https:\/\/agenciainfra.com\/blog\/#\/schema\/person\/34af08dff6adea4cb22b06612ba7acfa","name":"Ag\u00eancia iNFRA","image":{"@type":"ImageObject","inLanguage":"pt-BR","@id":"https:\/\/agenciainfra.com\/blog\/#\/schema\/person\/image\/","url":"https:\/\/secure.gravatar.com\/avatar\/d189e01678f06d8eb84d4e01f08eb848b3fffe3f8443818d3c356c66892f5be8?s=96&d=mm&r=g","contentUrl":"https:\/\/secure.gravatar.com\/avatar\/d189e01678f06d8eb84d4e01f08eb848b3fffe3f8443818d3c356c66892f5be8?s=96&d=mm&r=g","caption":"Ag\u00eancia iNFRA"},"url":"https:\/\/agenciainfra.com\/blog\/author\/admin\/"}]}},"_links":{"self":[{"href":"https:\/\/agenciainfra.com\/blog\/wp-json\/wp\/v2\/posts\/9204","targetHints":{"allow":["GET"]}}],"collection":[{"href":"https:\/\/agenciainfra.com\/blog\/wp-json\/wp\/v2\/posts"}],"about":[{"href":"https:\/\/agenciainfra.com\/blog\/wp-json\/wp\/v2\/types\/post"}],"author":[{"embeddable":true,"href":"https:\/\/agenciainfra.com\/blog\/wp-json\/wp\/v2\/users\/1"}],"replies":[{"embeddable":true,"href":"https:\/\/agenciainfra.com\/blog\/wp-json\/wp\/v2\/comments?post=9204"}],"version-history":[{"count":0,"href":"https:\/\/agenciainfra.com\/blog\/wp-json\/wp\/v2\/posts\/9204\/revisions"}],"wp:featuredmedia":[{"embeddable":true,"href":"https:\/\/agenciainfra.com\/blog\/wp-json\/wp\/v2\/media\/9205"}],"wp:attachment":[{"href":"https:\/\/agenciainfra.com\/blog\/wp-json\/wp\/v2\/media?parent=9204"}],"wp:term":[{"taxonomy":"category","embeddable":true,"href":"https:\/\/agenciainfra.com\/blog\/wp-json\/wp\/v2\/categories?post=9204"},{"taxonomy":"post_tag","embeddable":true,"href":"https:\/\/agenciainfra.com\/blog\/wp-json\/wp\/v2\/tags?post=9204"}],"curies":[{"name":"wp","href":"https:\/\/api.w.org\/{rel}","templated":true}]}}