{"id":9208,"date":"2021-12-17T15:00:00","date_gmt":"2021-12-17T18:00:00","guid":{"rendered":"https:\/\/www.agenciainfra.com\/blog\/?p=9208"},"modified":"2021-12-16T12:32:52","modified_gmt":"2021-12-16T15:32:52","slug":"abdib-experience-2021-projetos-bem-estruturados-seguranca-juridica-e-constancia-atraem-investimentos-privados","status":"publish","type":"post","link":"https:\/\/agenciainfra.com\/blog\/abdib-experience-2021-projetos-bem-estruturados-seguranca-juridica-e-constancia-atraem-investimentos-privados\/","title":{"rendered":"Abdib Experience 2021: Projetos bem estruturados, seguran\u00e7a jur\u00eddica e const\u00e2ncia atraem investimentos privados"},"content":{"rendered":"\n<p class=\"has-text-align-right\"><strong>da Ag\u00eancia iNFRA<\/strong><\/p>\n\n\n\n<p>Seguran\u00e7a jur\u00eddica e qualidade dos projetos s\u00e3o aspectos importantes para garantir os investimentos privados. Em painel sobre os &#8220;Fatores-chave para o sucesso de projetos de infraestrutura&#8221;, esses pontos foram lembrados pela secret\u00e1ria especial do PPI (Programa de Parcerias de Investimentos), Martha Seillier, uma das convidadas do&nbsp;<a href=\"https:\/\/agenciainfra.us14.list-manage.com\/track\/click?u=d460dd1bcf9ba0ae040e1fc0f&amp;id=70cb6e61f1&amp;e=c099169394\" target=\"_blank\" rel=\"noreferrer noopener\">encontro<\/a>&nbsp;que encerrou o Abdib Experience &#8211; Edi\u00e7\u00e3o 2021.<\/p>\n\n\n\n<p>O tema foi discutido entre gestores p\u00fablicos, parlamentares e especialistas. Enquanto a secret\u00e1ria do PPI apontava os fatores de interesse para a atra\u00e7\u00e3o dos investimentos, sua colega Nat\u00e1lia Marcassa, secret\u00e1ria de Fomento, Planejamento e Parcerias do Minist\u00e9rio da Infraestrutura, lembrava a import\u00e2ncia dos investimentos privados para a infraestrutura.<\/p>\n\n\n\n<p>Marcassa ressaltou o empenho do minist\u00e9rio nos programas de desestatiza\u00e7\u00e3o e lembrou as limita\u00e7\u00f5es referentes ao or\u00e7amento destinado \u00e0 pasta.&nbsp;\u201cTemos um gap de infraestrutura e um or\u00e7amento de R$ 7 bilh\u00f5es. S\u00f3 de manuten\u00e7\u00e3o de rodovias s\u00e3o necess\u00e1rios R$ 6 bilh\u00f5es\u201d, disse. \u201cOs nossos recursos s\u00e3o limitados e nossos desafios s\u00e3o enormes. Somando o investimento privado aos escassos investimentos p\u00fablicos, teremos um salto de competitividade.\u201d<\/p>\n\n\n\n<p><strong>Desafios<\/strong><br>Se a qualidade dos projetos de infraestrutura \u00e9 um fator de atra\u00e7\u00e3o para fazer com que os investimentos cheguem, o outro lado da moeda, ou seja, a quantidade desses projetos, coloca-se como um desafio na busca por recursos, al\u00e9m dos aumentos na taxa de juros. A opini\u00e3o \u00e9 de Daniel Keller, CEO da UNA Partners, empresa que presta consultoria e assessoria com foco no setor.<\/p>\n\n\n\n<p>&#8220;O grande desafio \u00e9 a amplia\u00e7\u00e3o do n\u00famero de projetos e uma Selic chegando a dois d\u00edgitos. Fica a d\u00favida se teremos a capacidade de financiar esse n\u00famero de projetos, uma vez que fica mais dif\u00edcil de cumprir os \u00edndices de cobertura da&nbsp;d\u00edvida\u201d, exemplificou.<\/p>\n\n\n\n<p>Em contrapartida, o diretor de Concess\u00f5es e Privatiza\u00e7\u00f5es do BNDES (Banco Nacional de Desenvolvimento Econ\u00f4mico e Social), F\u00e1bio Abrah\u00e3o, tamb\u00e9m presente ao evento, afirmou acreditar que, embora os juros gerem impactos negativos, especialmente nos investimentos iniciais dos projetos,&nbsp;os investidores privados entendem que as taxas oscilam e devem baixar no futuro.<\/p>\n\n\n\n<p><strong>Agenda legislativa<\/strong><br>No quesito seguran\u00e7a jur\u00eddica, \u00e9 de especial interesse o acompanhamento de propostas legislativas voltadas ao setor. Para falar do assunto, o deputado federal Arnaldo Jardim (Cidadania-SP) salientou o esfor\u00e7o do Congresso Nacional na aprova\u00e7\u00e3o dessas mat\u00e9rias.<\/p>\n\n\n\n<p>Entre os exemplos recentes, o deputado mencionou a Lei do G\u00e1s e a medida provis\u00f3ria de capitaliza\u00e7\u00e3o da Eletrobras, al\u00e9m do marco da gera\u00e7\u00e3o distribu\u00edda, aprovado no Senado na \u00faltima quarta-feira (15), devendo retornar \u00e0 C\u00e2mara, e do novo marco regulat\u00f3rio de concess\u00f5es e PPPs (parcerias p\u00fablico-privadas), que aguarda an\u00e1lise pelos deputados.<\/p>\n\n\n\n<p>Jardim destacou ainda o PL 3.754\/2021 \u2013 a chamada Lei das Ferrovias \u2013 e o PL 4.199\/2020 \u2013 o BR do Mar \u2013, ambos aprovados na C\u00e2mara dos Deputados nesta semana e enviados \u00e0 san\u00e7\u00e3o presidencial.\u00a0<\/p>\n\n\n\n<p>Sobre o PL das Deb\u00eantures de Infraestrutura (PL 2.646\/2020), que Jardim relatou na C\u00e2mara dos Deputados e agora aguarda delibera\u00e7\u00e3o do Senado, o deputado j\u00e1 n\u00e3o v\u00ea espa\u00e7o para que seja votado ainda neste ano. Esta \u00e9 a \u00faltima semana de sess\u00f5es na C\u00e2mara e no Senado antes do recesso parlamentar. Ele ressaltou que as diferen\u00e7as sobre o tema com o Minist\u00e9rio da Economia est\u00e3o sendo equacionadas.<\/p>\n\n\n\n<p>Por sua vez, o senador Eduardo Gomes (MDB-TO), l\u00edder do governo no Congresso, comentou que o governo federal est\u00e1 priorizando as &#8220;a\u00e7\u00f5es em detrimento de divulga\u00e7\u00f5es&#8221; e tamb\u00e9m fez uma breve an\u00e1lise das aprova\u00e7\u00f5es de proposi\u00e7\u00f5es voltadas para o setor ao longo desta legislatura.<\/p>\n\n\n\n<p>O painel de encerramento do Abdib Experience 2021 foi mediado pelo editor-chefe da&nbsp;<strong>Ag\u00eancia iNFRA<\/strong>, Dimmi Amora.<\/p>\n","protected":false},"excerpt":{"rendered":"<p>da Ag\u00eancia iNFRA Seguran\u00e7a jur\u00eddica e qualidade dos projetos s\u00e3o aspectos importantes para garantir os investimentos privados. Em painel sobre os &#8220;Fatores-chave para o sucesso de projetos de infraestrutura&#8221;, esses pontos foram lembrados pela secret\u00e1ria especial do PPI (Programa de Parcerias de Investimentos), Martha Seillier, uma das convidadas do&nbsp;encontro&nbsp;que encerrou o Abdib Experience &#8211; Edi\u00e7\u00e3o [&hellip;]<\/p>\n","protected":false},"author":1,"featured_media":9209,"comment_status":"closed","ping_status":"closed","sticky":false,"template":"","format":"standard","meta":{"_monsterinsights_skip_tracking":false,"_monsterinsights_sitenote_active":false,"_monsterinsights_sitenote_note":"","_monsterinsights_sitenote_category":0,"footnotes":""},"categories":[1,2053],"tags":[5144,888,3165,3706,3013,34,3303,3836,813,2449],"class_list":["post-9208","post","type-post","status-publish","format-standard","has-post-thumbnail","hentry","category-geral","category-infraliveventos","tag-abdib-experience-2021","tag-arnaldo-jardim","tag-competitividade","tag-estabilidade-regulatoria","tag-estruturacao-de-projetos","tag-infraestrutura","tag-investimentos-privados","tag-investimentos-publicos","tag-martha-seillier","tag-seguranca-juridica"],"yoast_head":"<!-- This site is optimized with the Yoast SEO Premium plugin v25.4 (Yoast SEO v26.0) - https:\/\/yoast.com\/wordpress\/plugins\/seo\/ -->\n<title>Abdib Experience 2021: Projetos bem estruturados, seguran\u00e7a jur\u00eddica e const\u00e2ncia atraem investimentos privados - Ag\u00eancia iNFRA<\/title>\n<meta name=\"robots\" content=\"index, follow, max-snippet:-1, max-image-preview:large, max-video-preview:-1\" \/>\n<link rel=\"canonical\" href=\"https:\/\/agenciainfra.com\/blog\/abdib-experience-2021-projetos-bem-estruturados-seguranca-juridica-e-constancia-atraem-investimentos-privados\/\" \/>\n<meta property=\"og:locale\" content=\"pt_BR\" \/>\n<meta property=\"og:type\" content=\"article\" \/>\n<meta property=\"og:title\" content=\"Abdib Experience 2021: Projetos bem estruturados, seguran\u00e7a jur\u00eddica e const\u00e2ncia atraem investimentos privados\" \/>\n<meta property=\"og:description\" content=\"da Ag\u00eancia iNFRA Seguran\u00e7a jur\u00eddica e qualidade dos projetos s\u00e3o aspectos importantes para garantir os investimentos privados. Em painel sobre os &#8220;Fatores-chave para o sucesso de projetos de infraestrutura&#8221;, esses pontos foram lembrados pela secret\u00e1ria especial do PPI (Programa de Parcerias de Investimentos), Martha Seillier, uma das convidadas do&nbsp;encontro&nbsp;que encerrou o Abdib Experience &#8211; Edi\u00e7\u00e3o [&hellip;]\" \/>\n<meta property=\"og:url\" content=\"https:\/\/agenciainfra.com\/blog\/abdib-experience-2021-projetos-bem-estruturados-seguranca-juridica-e-constancia-atraem-investimentos-privados\/\" \/>\n<meta property=\"og:site_name\" content=\"Ag\u00eancia iNFRA\" \/>\n<meta property=\"article:publisher\" content=\"https:\/\/www.facebook.com\/ageninfra\" \/>\n<meta property=\"article:published_time\" content=\"2021-12-17T18:00:00+00:00\" \/>\n<meta property=\"og:image\" content=\"https:\/\/agenciainfra.com\/blog\/wp-content\/uploads\/2021\/12\/abdib-painel-final-foto-reproducao.png\" \/>\n\t<meta property=\"og:image:width\" content=\"1280\" \/>\n\t<meta property=\"og:image:height\" content=\"720\" \/>\n\t<meta property=\"og:image:type\" content=\"image\/png\" \/>\n<meta name=\"author\" content=\"Ag\u00eancia iNFRA\" \/>\n<meta name=\"twitter:card\" content=\"summary_large_image\" \/>\n<meta name=\"twitter:creator\" content=\"@agencia_infra\" \/>\n<meta name=\"twitter:site\" content=\"@agencia_infra\" \/>\n<meta name=\"twitter:label1\" content=\"Escrito por\" \/>\n\t<meta name=\"twitter:data1\" content=\"Ag\u00eancia iNFRA\" \/>\n\t<meta name=\"twitter:label2\" content=\"Est. tempo de leitura\" \/>\n\t<meta name=\"twitter:data2\" content=\"3 minutos\" \/>\n<script type=\"application\/ld+json\" class=\"yoast-schema-graph\">{\"@context\":\"https:\/\/schema.org\",\"@graph\":[{\"@type\":\"Article\",\"@id\":\"https:\/\/agenciainfra.com\/blog\/abdib-experience-2021-projetos-bem-estruturados-seguranca-juridica-e-constancia-atraem-investimentos-privados\/#article\",\"isPartOf\":{\"@id\":\"https:\/\/agenciainfra.com\/blog\/abdib-experience-2021-projetos-bem-estruturados-seguranca-juridica-e-constancia-atraem-investimentos-privados\/\"},\"author\":{\"name\":\"Ag\u00eancia iNFRA\",\"@id\":\"https:\/\/agenciainfra.com\/blog\/#\/schema\/person\/34af08dff6adea4cb22b06612ba7acfa\"},\"headline\":\"Abdib Experience 2021: Projetos bem estruturados, seguran\u00e7a jur\u00eddica e const\u00e2ncia atraem investimentos privados\",\"datePublished\":\"2021-12-17T18:00:00+00:00\",\"mainEntityOfPage\":{\"@id\":\"https:\/\/agenciainfra.com\/blog\/abdib-experience-2021-projetos-bem-estruturados-seguranca-juridica-e-constancia-atraem-investimentos-privados\/\"},\"wordCount\":667,\"publisher\":{\"@id\":\"https:\/\/agenciainfra.com\/blog\/#organization\"},\"image\":{\"@id\":\"https:\/\/agenciainfra.com\/blog\/abdib-experience-2021-projetos-bem-estruturados-seguranca-juridica-e-constancia-atraem-investimentos-privados\/#primaryimage\"},\"thumbnailUrl\":\"https:\/\/agenciainfra.com\/blog\/wp-content\/uploads\/2021\/12\/abdib-painel-final-foto-reproducao.png\",\"keywords\":[\"Abdib Experience 2021\",\"Arnaldo Jardim\",\"competitividade\",\"estabilidade regulat\u00f3ria\",\"estrutura\u00e7\u00e3o de projetos\",\"Infraestrutura\",\"investimentos privados\",\"investimentos p\u00fablicos\",\"Martha Seillier\",\"seguran\u00e7a jur\u00eddica\"],\"articleSection\":[\"Geral\",\"iNFRALive e Eventos\"],\"inLanguage\":\"pt-BR\",\"copyrightYear\":\"2021\",\"copyrightHolder\":{\"@id\":\"https:\/\/agenciainfra.com\/blog\/#organization\"}},{\"@type\":\"WebPage\",\"@id\":\"https:\/\/agenciainfra.com\/blog\/abdib-experience-2021-projetos-bem-estruturados-seguranca-juridica-e-constancia-atraem-investimentos-privados\/\",\"url\":\"https:\/\/agenciainfra.com\/blog\/abdib-experience-2021-projetos-bem-estruturados-seguranca-juridica-e-constancia-atraem-investimentos-privados\/\",\"name\":\"Abdib Experience 2021: Projetos bem estruturados, seguran\u00e7a jur\u00eddica e const\u00e2ncia atraem investimentos privados - Ag\u00eancia iNFRA\",\"isPartOf\":{\"@id\":\"https:\/\/agenciainfra.com\/blog\/#website\"},\"primaryImageOfPage\":{\"@id\":\"https:\/\/agenciainfra.com\/blog\/abdib-experience-2021-projetos-bem-estruturados-seguranca-juridica-e-constancia-atraem-investimentos-privados\/#primaryimage\"},\"image\":{\"@id\":\"https:\/\/agenciainfra.com\/blog\/abdib-experience-2021-projetos-bem-estruturados-seguranca-juridica-e-constancia-atraem-investimentos-privados\/#primaryimage\"},\"thumbnailUrl\":\"https:\/\/agenciainfra.com\/blog\/wp-content\/uploads\/2021\/12\/abdib-painel-final-foto-reproducao.png\",\"datePublished\":\"2021-12-17T18:00:00+00:00\",\"breadcrumb\":{\"@id\":\"https:\/\/agenciainfra.com\/blog\/abdib-experience-2021-projetos-bem-estruturados-seguranca-juridica-e-constancia-atraem-investimentos-privados\/#breadcrumb\"},\"inLanguage\":\"pt-BR\",\"potentialAction\":[{\"@type\":\"ReadAction\",\"target\":[\"https:\/\/agenciainfra.com\/blog\/abdib-experience-2021-projetos-bem-estruturados-seguranca-juridica-e-constancia-atraem-investimentos-privados\/\"]}]},{\"@type\":\"ImageObject\",\"inLanguage\":\"pt-BR\",\"@id\":\"https:\/\/agenciainfra.com\/blog\/abdib-experience-2021-projetos-bem-estruturados-seguranca-juridica-e-constancia-atraem-investimentos-privados\/#primaryimage\",\"url\":\"https:\/\/agenciainfra.com\/blog\/wp-content\/uploads\/2021\/12\/abdib-painel-final-foto-reproducao.png\",\"contentUrl\":\"https:\/\/agenciainfra.com\/blog\/wp-content\/uploads\/2021\/12\/abdib-painel-final-foto-reproducao.png\",\"width\":1280,\"height\":720},{\"@type\":\"BreadcrumbList\",\"@id\":\"https:\/\/agenciainfra.com\/blog\/abdib-experience-2021-projetos-bem-estruturados-seguranca-juridica-e-constancia-atraem-investimentos-privados\/#breadcrumb\",\"itemListElement\":[{\"@type\":\"ListItem\",\"position\":1,\"name\":\"In\u00edcio\",\"item\":\"https:\/\/agenciainfra.com\/blog\/\"},{\"@type\":\"ListItem\",\"position\":2,\"name\":\"Abdib Experience 2021: Projetos bem estruturados, seguran\u00e7a jur\u00eddica e const\u00e2ncia atraem investimentos privados\"}]},{\"@type\":\"WebSite\",\"@id\":\"https:\/\/agenciainfra.com\/blog\/#website\",\"url\":\"https:\/\/agenciainfra.com\/blog\/\",\"name\":\"Ag\u00eancia iNFRA\",\"description\":\"Multiplataforma de informa\u00e7\u00e3o jornal\u00edstica refer\u00eancia na \u00e1rea de infraestrutura no Brasil!\",\"publisher\":{\"@id\":\"https:\/\/agenciainfra.com\/blog\/#organization\"},\"potentialAction\":[{\"@type\":\"SearchAction\",\"target\":{\"@type\":\"EntryPoint\",\"urlTemplate\":\"https:\/\/agenciainfra.com\/blog\/?s={search_term_string}\"},\"query-input\":{\"@type\":\"PropertyValueSpecification\",\"valueRequired\":true,\"valueName\":\"search_term_string\"}}],\"inLanguage\":\"pt-BR\"},{\"@type\":\"Organization\",\"@id\":\"https:\/\/agenciainfra.com\/blog\/#organization\",\"name\":\"Ag\u00eancia iNFRA\",\"url\":\"https:\/\/agenciainfra.com\/blog\/\",\"logo\":{\"@type\":\"ImageObject\",\"inLanguage\":\"pt-BR\",\"@id\":\"https:\/\/agenciainfra.com\/blog\/#\/schema\/logo\/image\/\",\"url\":\"https:\/\/agenciainfra.com\/blog\/wp-content\/uploads\/2023\/09\/iNFRA_5-e1761735885940.png\",\"contentUrl\":\"https:\/\/agenciainfra.com\/blog\/wp-content\/uploads\/2023\/09\/iNFRA_5-e1761735885940.png\",\"width\":1672,\"height\":454,\"caption\":\"Ag\u00eancia iNFRA\"},\"image\":{\"@id\":\"https:\/\/agenciainfra.com\/blog\/#\/schema\/logo\/image\/\"},\"sameAs\":[\"https:\/\/www.facebook.com\/ageninfra\",\"https:\/\/x.com\/agencia_infra\",\"https:\/\/www.linkedin.com\/company\/ag\u00eanciainfra\/\",\"https:\/\/www.instagram.com\/agenciainfra\/\"]},{\"@type\":\"Person\",\"@id\":\"https:\/\/agenciainfra.com\/blog\/#\/schema\/person\/34af08dff6adea4cb22b06612ba7acfa\",\"name\":\"Ag\u00eancia iNFRA\",\"image\":{\"@type\":\"ImageObject\",\"inLanguage\":\"pt-BR\",\"@id\":\"https:\/\/agenciainfra.com\/blog\/#\/schema\/person\/image\/\",\"url\":\"https:\/\/secure.gravatar.com\/avatar\/d189e01678f06d8eb84d4e01f08eb848b3fffe3f8443818d3c356c66892f5be8?s=96&d=mm&r=g\",\"contentUrl\":\"https:\/\/secure.gravatar.com\/avatar\/d189e01678f06d8eb84d4e01f08eb848b3fffe3f8443818d3c356c66892f5be8?s=96&d=mm&r=g\",\"caption\":\"Ag\u00eancia iNFRA\"},\"url\":\"https:\/\/agenciainfra.com\/blog\/author\/admin\/\"}]}<\/script>\n<!-- \/ Yoast SEO Premium plugin. -->","yoast_head_json":{"title":"Abdib Experience 2021: Projetos bem estruturados, seguran\u00e7a jur\u00eddica e const\u00e2ncia atraem investimentos privados - Ag\u00eancia iNFRA","robots":{"index":"index","follow":"follow","max-snippet":"max-snippet:-1","max-image-preview":"max-image-preview:large","max-video-preview":"max-video-preview:-1"},"canonical":"https:\/\/agenciainfra.com\/blog\/abdib-experience-2021-projetos-bem-estruturados-seguranca-juridica-e-constancia-atraem-investimentos-privados\/","og_locale":"pt_BR","og_type":"article","og_title":"Abdib Experience 2021: Projetos bem estruturados, seguran\u00e7a jur\u00eddica e const\u00e2ncia atraem investimentos privados","og_description":"da Ag\u00eancia iNFRA Seguran\u00e7a jur\u00eddica e qualidade dos projetos s\u00e3o aspectos importantes para garantir os investimentos privados. Em painel sobre os &#8220;Fatores-chave para o sucesso de projetos de infraestrutura&#8221;, esses pontos foram lembrados pela secret\u00e1ria especial do PPI (Programa de Parcerias de Investimentos), Martha Seillier, uma das convidadas do&nbsp;encontro&nbsp;que encerrou o Abdib Experience &#8211; Edi\u00e7\u00e3o [&hellip;]","og_url":"https:\/\/agenciainfra.com\/blog\/abdib-experience-2021-projetos-bem-estruturados-seguranca-juridica-e-constancia-atraem-investimentos-privados\/","og_site_name":"Ag\u00eancia iNFRA","article_publisher":"https:\/\/www.facebook.com\/ageninfra","article_published_time":"2021-12-17T18:00:00+00:00","og_image":[{"width":1280,"height":720,"url":"https:\/\/agenciainfra.com\/blog\/wp-content\/uploads\/2021\/12\/abdib-painel-final-foto-reproducao.png","type":"image\/png"}],"author":"Ag\u00eancia iNFRA","twitter_card":"summary_large_image","twitter_creator":"@agencia_infra","twitter_site":"@agencia_infra","twitter_misc":{"Escrito por":"Ag\u00eancia iNFRA","Est. tempo de leitura":"3 minutos"},"schema":{"@context":"https:\/\/schema.org","@graph":[{"@type":"Article","@id":"https:\/\/agenciainfra.com\/blog\/abdib-experience-2021-projetos-bem-estruturados-seguranca-juridica-e-constancia-atraem-investimentos-privados\/#article","isPartOf":{"@id":"https:\/\/agenciainfra.com\/blog\/abdib-experience-2021-projetos-bem-estruturados-seguranca-juridica-e-constancia-atraem-investimentos-privados\/"},"author":{"name":"Ag\u00eancia iNFRA","@id":"https:\/\/agenciainfra.com\/blog\/#\/schema\/person\/34af08dff6adea4cb22b06612ba7acfa"},"headline":"Abdib Experience 2021: Projetos bem estruturados, seguran\u00e7a jur\u00eddica e const\u00e2ncia atraem investimentos privados","datePublished":"2021-12-17T18:00:00+00:00","mainEntityOfPage":{"@id":"https:\/\/agenciainfra.com\/blog\/abdib-experience-2021-projetos-bem-estruturados-seguranca-juridica-e-constancia-atraem-investimentos-privados\/"},"wordCount":667,"publisher":{"@id":"https:\/\/agenciainfra.com\/blog\/#organization"},"image":{"@id":"https:\/\/agenciainfra.com\/blog\/abdib-experience-2021-projetos-bem-estruturados-seguranca-juridica-e-constancia-atraem-investimentos-privados\/#primaryimage"},"thumbnailUrl":"https:\/\/agenciainfra.com\/blog\/wp-content\/uploads\/2021\/12\/abdib-painel-final-foto-reproducao.png","keywords":["Abdib Experience 2021","Arnaldo Jardim","competitividade","estabilidade regulat\u00f3ria","estrutura\u00e7\u00e3o de projetos","Infraestrutura","investimentos privados","investimentos p\u00fablicos","Martha Seillier","seguran\u00e7a jur\u00eddica"],"articleSection":["Geral","iNFRALive e Eventos"],"inLanguage":"pt-BR","copyrightYear":"2021","copyrightHolder":{"@id":"https:\/\/agenciainfra.com\/blog\/#organization"}},{"@type":"WebPage","@id":"https:\/\/agenciainfra.com\/blog\/abdib-experience-2021-projetos-bem-estruturados-seguranca-juridica-e-constancia-atraem-investimentos-privados\/","url":"https:\/\/agenciainfra.com\/blog\/abdib-experience-2021-projetos-bem-estruturados-seguranca-juridica-e-constancia-atraem-investimentos-privados\/","name":"Abdib Experience 2021: Projetos bem estruturados, seguran\u00e7a jur\u00eddica e const\u00e2ncia atraem investimentos privados - Ag\u00eancia iNFRA","isPartOf":{"@id":"https:\/\/agenciainfra.com\/blog\/#website"},"primaryImageOfPage":{"@id":"https:\/\/agenciainfra.com\/blog\/abdib-experience-2021-projetos-bem-estruturados-seguranca-juridica-e-constancia-atraem-investimentos-privados\/#primaryimage"},"image":{"@id":"https:\/\/agenciainfra.com\/blog\/abdib-experience-2021-projetos-bem-estruturados-seguranca-juridica-e-constancia-atraem-investimentos-privados\/#primaryimage"},"thumbnailUrl":"https:\/\/agenciainfra.com\/blog\/wp-content\/uploads\/2021\/12\/abdib-painel-final-foto-reproducao.png","datePublished":"2021-12-17T18:00:00+00:00","breadcrumb":{"@id":"https:\/\/agenciainfra.com\/blog\/abdib-experience-2021-projetos-bem-estruturados-seguranca-juridica-e-constancia-atraem-investimentos-privados\/#breadcrumb"},"inLanguage":"pt-BR","potentialAction":[{"@type":"ReadAction","target":["https:\/\/agenciainfra.com\/blog\/abdib-experience-2021-projetos-bem-estruturados-seguranca-juridica-e-constancia-atraem-investimentos-privados\/"]}]},{"@type":"ImageObject","inLanguage":"pt-BR","@id":"https:\/\/agenciainfra.com\/blog\/abdib-experience-2021-projetos-bem-estruturados-seguranca-juridica-e-constancia-atraem-investimentos-privados\/#primaryimage","url":"https:\/\/agenciainfra.com\/blog\/wp-content\/uploads\/2021\/12\/abdib-painel-final-foto-reproducao.png","contentUrl":"https:\/\/agenciainfra.com\/blog\/wp-content\/uploads\/2021\/12\/abdib-painel-final-foto-reproducao.png","width":1280,"height":720},{"@type":"BreadcrumbList","@id":"https:\/\/agenciainfra.com\/blog\/abdib-experience-2021-projetos-bem-estruturados-seguranca-juridica-e-constancia-atraem-investimentos-privados\/#breadcrumb","itemListElement":[{"@type":"ListItem","position":1,"name":"In\u00edcio","item":"https:\/\/agenciainfra.com\/blog\/"},{"@type":"ListItem","position":2,"name":"Abdib Experience 2021: Projetos bem estruturados, seguran\u00e7a jur\u00eddica e const\u00e2ncia atraem investimentos privados"}]},{"@type":"WebSite","@id":"https:\/\/agenciainfra.com\/blog\/#website","url":"https:\/\/agenciainfra.com\/blog\/","name":"Ag\u00eancia iNFRA","description":"Multiplataforma de informa\u00e7\u00e3o jornal\u00edstica refer\u00eancia na \u00e1rea de infraestrutura no Brasil!","publisher":{"@id":"https:\/\/agenciainfra.com\/blog\/#organization"},"potentialAction":[{"@type":"SearchAction","target":{"@type":"EntryPoint","urlTemplate":"https:\/\/agenciainfra.com\/blog\/?s={search_term_string}"},"query-input":{"@type":"PropertyValueSpecification","valueRequired":true,"valueName":"search_term_string"}}],"inLanguage":"pt-BR"},{"@type":"Organization","@id":"https:\/\/agenciainfra.com\/blog\/#organization","name":"Ag\u00eancia iNFRA","url":"https:\/\/agenciainfra.com\/blog\/","logo":{"@type":"ImageObject","inLanguage":"pt-BR","@id":"https:\/\/agenciainfra.com\/blog\/#\/schema\/logo\/image\/","url":"https:\/\/agenciainfra.com\/blog\/wp-content\/uploads\/2023\/09\/iNFRA_5-e1761735885940.png","contentUrl":"https:\/\/agenciainfra.com\/blog\/wp-content\/uploads\/2023\/09\/iNFRA_5-e1761735885940.png","width":1672,"height":454,"caption":"Ag\u00eancia iNFRA"},"image":{"@id":"https:\/\/agenciainfra.com\/blog\/#\/schema\/logo\/image\/"},"sameAs":["https:\/\/www.facebook.com\/ageninfra","https:\/\/x.com\/agencia_infra","https:\/\/www.linkedin.com\/company\/ag\u00eanciainfra\/","https:\/\/www.instagram.com\/agenciainfra\/"]},{"@type":"Person","@id":"https:\/\/agenciainfra.com\/blog\/#\/schema\/person\/34af08dff6adea4cb22b06612ba7acfa","name":"Ag\u00eancia iNFRA","image":{"@type":"ImageObject","inLanguage":"pt-BR","@id":"https:\/\/agenciainfra.com\/blog\/#\/schema\/person\/image\/","url":"https:\/\/secure.gravatar.com\/avatar\/d189e01678f06d8eb84d4e01f08eb848b3fffe3f8443818d3c356c66892f5be8?s=96&d=mm&r=g","contentUrl":"https:\/\/secure.gravatar.com\/avatar\/d189e01678f06d8eb84d4e01f08eb848b3fffe3f8443818d3c356c66892f5be8?s=96&d=mm&r=g","caption":"Ag\u00eancia iNFRA"},"url":"https:\/\/agenciainfra.com\/blog\/author\/admin\/"}]}},"_links":{"self":[{"href":"https:\/\/agenciainfra.com\/blog\/wp-json\/wp\/v2\/posts\/9208","targetHints":{"allow":["GET"]}}],"collection":[{"href":"https:\/\/agenciainfra.com\/blog\/wp-json\/wp\/v2\/posts"}],"about":[{"href":"https:\/\/agenciainfra.com\/blog\/wp-json\/wp\/v2\/types\/post"}],"author":[{"embeddable":true,"href":"https:\/\/agenciainfra.com\/blog\/wp-json\/wp\/v2\/users\/1"}],"replies":[{"embeddable":true,"href":"https:\/\/agenciainfra.com\/blog\/wp-json\/wp\/v2\/comments?post=9208"}],"version-history":[{"count":0,"href":"https:\/\/agenciainfra.com\/blog\/wp-json\/wp\/v2\/posts\/9208\/revisions"}],"wp:featuredmedia":[{"embeddable":true,"href":"https:\/\/agenciainfra.com\/blog\/wp-json\/wp\/v2\/media\/9209"}],"wp:attachment":[{"href":"https:\/\/agenciainfra.com\/blog\/wp-json\/wp\/v2\/media?parent=9208"}],"wp:term":[{"taxonomy":"category","embeddable":true,"href":"https:\/\/agenciainfra.com\/blog\/wp-json\/wp\/v2\/categories?post=9208"},{"taxonomy":"post_tag","embeddable":true,"href":"https:\/\/agenciainfra.com\/blog\/wp-json\/wp\/v2\/tags?post=9208"}],"curies":[{"name":"wp","href":"https:\/\/api.w.org\/{rel}","templated":true}]}}