{"id":9228,"date":"2021-12-17T08:00:00","date_gmt":"2021-12-17T11:00:00","guid":{"rendered":"https:\/\/www.agenciainfra.com\/blog\/?p=9228"},"modified":"2021-12-16T12:19:10","modified_gmt":"2021-12-16T15:19:10","slug":"mitigacao-de-risco-inflacionario-nao-vai-criar-novo-custo-para-usuario-de-rodovia-diz-secretaria","status":"publish","type":"post","link":"https:\/\/agenciainfra.com\/blog\/mitigacao-de-risco-inflacionario-nao-vai-criar-novo-custo-para-usuario-de-rodovia-diz-secretaria\/","title":{"rendered":"Mitiga\u00e7\u00e3o de risco inflacion\u00e1rio n\u00e3o vai criar novo custo para usu\u00e1rio de rodovia, diz secret\u00e1ria"},"content":{"rendered":"\n<p class=\"has-text-align-right\"><strong>Dimmi Amora, da&nbsp;Ag\u00eancia iNFRA<\/strong><\/p>\n\n\n\n<p>O TCU (Tribunal de Contas da Uni\u00e3o) aprovou, nesta quarta-feira (15), um novo mecanismo de compartilhamento de risco em concess\u00f5es de rodovias, desta vez do aumento de custos de insumos.<\/p>\n\n\n\n<p>A proposta foi encaminhada dentro do processo que analisa no \u00f3rg\u00e3o de controle os estudos de viabilidade para a concess\u00e3o da BR-381-262\/ES-MG, que foi retirado da pauta de vota\u00e7\u00e3o h\u00e1 duas semanas para avalia\u00e7\u00e3o desse novo mecanismo.&nbsp;<\/p>\n\n\n\n<p>O sistema vai valer para essa concess\u00e3o e tamb\u00e9m para a da Rio-Governador Valadares, que teve o edital suspenso h\u00e1 duas semanas para contemplar esse novo mecanismo e outros, que devem ser introduzidos num novo edital a ser publicado. Os estudos de viabilidade para a concess\u00e3o tamb\u00e9m foram aprovados na \u00faltima sess\u00e3o do TCU.<\/p>\n\n\n\n<p>Em entrevista para a&nbsp;<strong>Ag\u00eancia iNFRA<\/strong>, a secret\u00e1ria de Planejamento, Fomento e Parcerias do Minist\u00e9rio da Infraestrutura, Nat\u00e1lia Marcassa, afirmou que o mecanismo n\u00e3o vai acrescentar mais recursos numa conta de reserva para compartilhamento de riscos que j\u00e1 est\u00e1 prevista nos contratos e tamb\u00e9m n\u00e3o ter\u00e1 impacto na tarifa prevista para os usu\u00e1rios.<\/p>\n\n\n\n<p>&#8220;N\u00e3o vamos onerar os usu\u00e1rios&#8221;, garantiu a secret\u00e1ria.<\/p>\n\n\n\n<p><strong>Cambial ou inflacion\u00e1rio<\/strong><br>H\u00e1 uma caracter\u00edstica que garante que n\u00e3o haver\u00e1 mais repasse aos usu\u00e1rios que os j\u00e1 previstos no contrato. A concession\u00e1ria ter\u00e1 que optar entre esse mecanismo de prote\u00e7\u00e3o e o mecanismo de prote\u00e7\u00e3o cambial, j\u00e1 que o recurso para a compensa\u00e7\u00e3o ser\u00e1 da mesma conta.<\/p>\n\n\n\n<p>Essa conta tem parte de recursos da outorga paga pelas empresas no leil\u00e3o e parte das tarifas dos usu\u00e1rios, que criam uma esp\u00e9cie de &#8220;colch\u00e3o de liquidez&#8221; para compensar custos n\u00e3o previstos e tamb\u00e9m mitigar riscos, at\u00e9 agora apenas o de varia\u00e7\u00f5es cambiais. As empresas ter\u00e3o um ano para fazer a op\u00e7\u00e3o entre a prote\u00e7\u00e3o inflacion\u00e1ria ou cambial.<\/p>\n\n\n\n<p>A compensa\u00e7\u00e3o se dar\u00e1 da seguinte maneira: no momento do reajuste de contrato, a concession\u00e1ria optante vai ter um adicional de 20% a 30%, a depender do contrato, do \u00edndice do IGP-DI no reajuste que j\u00e1 \u00e9 dado pelo IPCA normalmente.<\/p>\n\n\n\n<p>Supondo que o IPCA seja de 10% num per\u00edodo de reajuste, segundo Marcassa, o concession\u00e1rio ganharia um reajuste estimado de 2% a 3% a mais, se optar pela compensa\u00e7\u00e3o inflacion\u00e1ria e o IGP-DI estiver muito acima do IPCA naquele momento. Se estiver muito abaixo, o efeito \u00e9 inverso: o concession\u00e1rio paga. O uso do IGP-DI \u00e9 porque ele consegue captar melhor pre\u00e7os de atacado.<\/p>\n\n\n\n<p>O percentual al\u00e9m do IPCA n\u00e3o vai incidir na tarifa do usu\u00e1rio das rodovias em nenhuma das duas hip\u00f3teses, segundo explicou a secret\u00e1ria. A concession\u00e1ria vai receber ou pagar a conta prevista atualmente no contrato para as compensa\u00e7\u00f5es ao longo do contrato.<\/p>\n\n\n\n<p>Marcassa explicou ainda que o funcionamento do mecanismo ocorrer\u00e1 em tr\u00eas momentos: quando a concession\u00e1ria iniciar a cobran\u00e7a de ped\u00e1gio e nas duas primeiras revis\u00f5es quinquenais. Depois, n\u00e3o poder\u00e1 mais ser usado.<\/p>\n\n\n\n<p><strong>Mais players<\/strong><br>Segundo a secret\u00e1ria, o mecanismo se justifica por causa do descasamento no pre\u00e7o dos insumos essenciais das obras rodovi\u00e1rias. Enquanto o IPCA est\u00e1 em 10% ao ano, alguns insumos como asfalto,&nbsp;a\u00e7o e cimento j\u00e1 subiram mais de 40%. Os estudos n\u00e3o captaram essas varia\u00e7\u00f5es, o que estava sendo apontado como elevado risco para futuras concess\u00f5es.<\/p>\n\n\n\n<p>Segundo Marcassa, outras duas mudan\u00e7as v\u00e3o tentar reduzir o risco das concess\u00f5es rodovi\u00e1rias e tentar atrair um maior n\u00famero de players.&nbsp;A primeira \u00e9 a previs\u00e3o de receitas extraordin\u00e1rias&nbsp;no contrato, que foi reduzida de 3% para 1,5%, o que ocorreu ap\u00f3s decis\u00e3o judicial que proibiu cobran\u00e7a das rodovias de equipamentos para servi\u00e7o p\u00fablico de telecomunica\u00e7\u00f5es.<\/p>\n\n\n\n<p>A outra \u00e9 a divis\u00e3o do aporte de recursos em capital social da concession\u00e1ria, que antes era 100% na assinatura do contrato e agora ser\u00e1 dividido em duas vezes, metade na assinatura e metade no in\u00edcio da cobran\u00e7a de ped\u00e1gio.<\/p>\n\n\n\n<p>&#8220;Queremos atrair mais gente para o jogo&#8221;, afirmou Marcassa.\u00a0<\/p>\n\n\n\n<p><strong>&#8220;Prato feito&#8221;<\/strong><br>A cria\u00e7\u00e3o do novo mecanismo de compensa\u00e7\u00e3o e a forma de seu an\u00fancio foram motivos de cr\u00edtica do presidente da Anut (Associa\u00e7\u00e3o Nacional dos Usu\u00e1rios do Transporte de Carga), Luis Baldez.<\/p>\n\n\n\n<p>Segundo ele, o processo se deu sem transpar\u00eancia, j\u00e1 que n\u00e3o h\u00e1 documenta\u00e7\u00e3o apresentando o novo formato ao p\u00fablico, que n\u00e3o havia sido discutido durante&nbsp;as audi\u00eancias p\u00fablicas de nenhuma das concess\u00f5es.<\/p>\n\n\n\n<p>Baldez afirmou que vai entrar com representa\u00e7\u00e3o no TCU para que o mecanismo passe por um processo transparente de consulta \u00e0 sociedade, j\u00e1 que a mitiga\u00e7\u00e3o de riscos para as concession\u00e1rias levam a custos maiores para os usu\u00e1rios das rodovias que pagam ped\u00e1gio.<\/p>\n\n\n\n<p>&#8220;A gente n\u00e3o quer receber um prato feito&#8221;, reclamou o representante da associa\u00e7\u00e3o, cujos grupos associados movimentam cerca de 400 milh\u00f5es de toneladas de carga n\u00e3o fracionadas ao ano, sendo 60% em rodovias.<\/p>\n\n\n\n<p><strong>Investimentos tempestivos<\/strong><br>Em resposta&nbsp;\u00e0&nbsp;<strong>Ag\u00eancia iNFRA<\/strong>, a ANTT (Ag\u00eancia Nacional de Transportes Terrestres) explicou o funcionamento do mecanismo, defendendo que a maior parte dos riscos continuar\u00e1 com a concession\u00e1ria, mesmo que ela fa\u00e7a a ades\u00e3o, que \u00e9 volunt\u00e1ria.<\/p>\n\n\n\n<p>&#8220;A principal justificativa para a inser\u00e7\u00e3o desse mecanismo \u00e9 assegurar as condi\u00e7\u00f5es contratuais para que os investimentos sejam tempestivamente executados mesmo em um ambiente macroecon\u00f4mico sujeito a perturba\u00e7\u00f5es mais fortes&#8221;, informa o texto, lembrando que ele funcionar\u00e1 nos dois sentidos, podendo haver arrecada\u00e7\u00e3o de recursos na conta.<\/p>\n\n\n\n<p>O texto tamb\u00e9m afirma que o mecanismo vai proteger os usu\u00e1rios; que, por n\u00e3o haver supress\u00e3o de direitos dos usu\u00e1rios, n\u00e3o \u00e9 necess\u00e1ria nova audi\u00eancia p\u00fablica; e que a&nbsp;mudan\u00e7a n\u00e3o \u00e9 significativa para justificar a realiza\u00e7\u00e3o de uma AIR (An\u00e1lise de Impacto Regulat\u00f3rio).<\/p>\n\n\n\n<p><strong>Aprova\u00e7\u00e3o<\/strong><br>A an\u00e1lise da Secretaria de Infraestrutura de Rodovias do TCU sobre o mecanismo j\u00e1 foi realizada, na semana passada, a pedido do relator, ministro Raimundo Carreiro, que participou de sua \u00faltima sess\u00e3o nesta quarta-feira (15), j\u00e1 que est\u00e1 nomeado para ser embaixador em Portugal.<\/p>\n\n\n\n<p>O mecanismo criado foi considerado legal pelos t\u00e9cnicos, que pediram ajustes nas f\u00f3rmulas apresentadas pelo minist\u00e9rio e nos meios para que o ressarcimento seja feito.<\/p>\n","protected":false},"excerpt":{"rendered":"<p>Dimmi Amora, da&nbsp;Ag\u00eancia iNFRA O TCU (Tribunal de Contas da Uni\u00e3o) aprovou, nesta quarta-feira (15), um novo mecanismo de compartilhamento de risco em concess\u00f5es de rodovias, desta vez do aumento de custos de insumos. A proposta foi encaminhada dentro do processo que analisa no \u00f3rg\u00e3o de controle os estudos de viabilidade para a concess\u00e3o da [&hellip;]<\/p>\n","protected":false},"author":1,"featured_media":8208,"comment_status":"closed","ping_status":"closed","sticky":false,"template":"","format":"standard","meta":{"_monsterinsights_skip_tracking":false,"_monsterinsights_sitenote_active":false,"_monsterinsights_sitenote_note":"","_monsterinsights_sitenote_category":0,"footnotes":""},"categories":[1,7],"tags":[19,1778,176,3370,4755,890,126,215,902,70],"class_list":["post-9228","post","type-post","status-publish","format-standard","has-post-thumbnail","hentry","category-geral","category-infratransporte","tag-antt","tag-br-381-262-mg-es","tag-concessoes-rodoviarias","tag-inflacao","tag-leilao-de-concessao","tag-natalia-marcassa","tag-rodovias","tag-tarifas","tag-transporte-rodoviario","tag-transportes"],"yoast_head":"<!-- This site is optimized with the Yoast SEO Premium plugin v25.4 (Yoast SEO v26.0) - https:\/\/yoast.com\/wordpress\/plugins\/seo\/ -->\n<title>Mitiga\u00e7\u00e3o de risco inflacion\u00e1rio n\u00e3o vai criar novo custo para usu\u00e1rio de rodovia, diz secret\u00e1ria - Ag\u00eancia iNFRA<\/title>\n<meta name=\"robots\" content=\"index, follow, max-snippet:-1, max-image-preview:large, max-video-preview:-1\" \/>\n<link rel=\"canonical\" href=\"https:\/\/agenciainfra.com\/blog\/mitigacao-de-risco-inflacionario-nao-vai-criar-novo-custo-para-usuario-de-rodovia-diz-secretaria\/\" \/>\n<meta property=\"og:locale\" content=\"pt_BR\" \/>\n<meta property=\"og:type\" content=\"article\" \/>\n<meta property=\"og:title\" content=\"Mitiga\u00e7\u00e3o de risco inflacion\u00e1rio n\u00e3o vai criar novo custo para usu\u00e1rio de rodovia, diz secret\u00e1ria\" \/>\n<meta property=\"og:description\" content=\"Dimmi Amora, da&nbsp;Ag\u00eancia iNFRA O TCU (Tribunal de Contas da Uni\u00e3o) aprovou, nesta quarta-feira (15), um novo mecanismo de compartilhamento de risco em concess\u00f5es de rodovias, desta vez do aumento de custos de insumos. A proposta foi encaminhada dentro do processo que analisa no \u00f3rg\u00e3o de controle os estudos de viabilidade para a concess\u00e3o da [&hellip;]\" \/>\n<meta property=\"og:url\" content=\"https:\/\/agenciainfra.com\/blog\/mitigacao-de-risco-inflacionario-nao-vai-criar-novo-custo-para-usuario-de-rodovia-diz-secretaria\/\" \/>\n<meta property=\"og:site_name\" content=\"Ag\u00eancia iNFRA\" \/>\n<meta property=\"article:publisher\" content=\"https:\/\/www.facebook.com\/ageninfra\" \/>\n<meta property=\"article:published_time\" content=\"2021-12-17T11:00:00+00:00\" \/>\n<meta property=\"og:image\" content=\"https:\/\/agenciainfra.com\/blog\/wp-content\/uploads\/2021\/09\/br-381-262-mg-es-foto-minfra.jpg\" \/>\n\t<meta property=\"og:image:width\" content=\"1232\" \/>\n\t<meta property=\"og:image:height\" content=\"820\" \/>\n\t<meta property=\"og:image:type\" content=\"image\/jpeg\" \/>\n<meta name=\"author\" content=\"Ag\u00eancia iNFRA\" \/>\n<meta name=\"twitter:card\" content=\"summary_large_image\" \/>\n<meta name=\"twitter:creator\" content=\"@agencia_infra\" \/>\n<meta name=\"twitter:site\" content=\"@agencia_infra\" \/>\n<meta name=\"twitter:label1\" content=\"Escrito por\" \/>\n\t<meta name=\"twitter:data1\" content=\"Ag\u00eancia iNFRA\" \/>\n\t<meta name=\"twitter:label2\" content=\"Est. tempo de leitura\" \/>\n\t<meta name=\"twitter:data2\" content=\"6 minutos\" \/>\n<script type=\"application\/ld+json\" class=\"yoast-schema-graph\">{\"@context\":\"https:\/\/schema.org\",\"@graph\":[{\"@type\":\"Article\",\"@id\":\"https:\/\/agenciainfra.com\/blog\/mitigacao-de-risco-inflacionario-nao-vai-criar-novo-custo-para-usuario-de-rodovia-diz-secretaria\/#article\",\"isPartOf\":{\"@id\":\"https:\/\/agenciainfra.com\/blog\/mitigacao-de-risco-inflacionario-nao-vai-criar-novo-custo-para-usuario-de-rodovia-diz-secretaria\/\"},\"author\":{\"name\":\"Ag\u00eancia iNFRA\",\"@id\":\"https:\/\/agenciainfra.com\/blog\/#\/schema\/person\/34af08dff6adea4cb22b06612ba7acfa\"},\"headline\":\"Mitiga\u00e7\u00e3o de risco inflacion\u00e1rio n\u00e3o vai criar novo custo para usu\u00e1rio de rodovia, diz secret\u00e1ria\",\"datePublished\":\"2021-12-17T11:00:00+00:00\",\"mainEntityOfPage\":{\"@id\":\"https:\/\/agenciainfra.com\/blog\/mitigacao-de-risco-inflacionario-nao-vai-criar-novo-custo-para-usuario-de-rodovia-diz-secretaria\/\"},\"wordCount\":1125,\"publisher\":{\"@id\":\"https:\/\/agenciainfra.com\/blog\/#organization\"},\"image\":{\"@id\":\"https:\/\/agenciainfra.com\/blog\/mitigacao-de-risco-inflacionario-nao-vai-criar-novo-custo-para-usuario-de-rodovia-diz-secretaria\/#primaryimage\"},\"thumbnailUrl\":\"https:\/\/agenciainfra.com\/blog\/wp-content\/uploads\/2021\/09\/br-381-262-mg-es-foto-minfra.jpg\",\"keywords\":[\"ANTT\",\"BR-381-262\/MG-ES\",\"concess\u00f5es rodovi\u00e1rias\",\"infla\u00e7\u00e3o\",\"leil\u00e3o de concess\u00e3o\",\"Nat\u00e1lia Marcassa\",\"rodovias\",\"tarifas\",\"transporte rodovi\u00e1rio\",\"transportes\"],\"articleSection\":[\"Geral\",\"iNFRATransporte\"],\"inLanguage\":\"pt-BR\",\"copyrightYear\":\"2021\",\"copyrightHolder\":{\"@id\":\"https:\/\/agenciainfra.com\/blog\/#organization\"}},{\"@type\":\"WebPage\",\"@id\":\"https:\/\/agenciainfra.com\/blog\/mitigacao-de-risco-inflacionario-nao-vai-criar-novo-custo-para-usuario-de-rodovia-diz-secretaria\/\",\"url\":\"https:\/\/agenciainfra.com\/blog\/mitigacao-de-risco-inflacionario-nao-vai-criar-novo-custo-para-usuario-de-rodovia-diz-secretaria\/\",\"name\":\"Mitiga\u00e7\u00e3o de risco inflacion\u00e1rio n\u00e3o vai criar novo custo para usu\u00e1rio de rodovia, diz secret\u00e1ria - Ag\u00eancia iNFRA\",\"isPartOf\":{\"@id\":\"https:\/\/agenciainfra.com\/blog\/#website\"},\"primaryImageOfPage\":{\"@id\":\"https:\/\/agenciainfra.com\/blog\/mitigacao-de-risco-inflacionario-nao-vai-criar-novo-custo-para-usuario-de-rodovia-diz-secretaria\/#primaryimage\"},\"image\":{\"@id\":\"https:\/\/agenciainfra.com\/blog\/mitigacao-de-risco-inflacionario-nao-vai-criar-novo-custo-para-usuario-de-rodovia-diz-secretaria\/#primaryimage\"},\"thumbnailUrl\":\"https:\/\/agenciainfra.com\/blog\/wp-content\/uploads\/2021\/09\/br-381-262-mg-es-foto-minfra.jpg\",\"datePublished\":\"2021-12-17T11:00:00+00:00\",\"breadcrumb\":{\"@id\":\"https:\/\/agenciainfra.com\/blog\/mitigacao-de-risco-inflacionario-nao-vai-criar-novo-custo-para-usuario-de-rodovia-diz-secretaria\/#breadcrumb\"},\"inLanguage\":\"pt-BR\",\"potentialAction\":[{\"@type\":\"ReadAction\",\"target\":[\"https:\/\/agenciainfra.com\/blog\/mitigacao-de-risco-inflacionario-nao-vai-criar-novo-custo-para-usuario-de-rodovia-diz-secretaria\/\"]}]},{\"@type\":\"ImageObject\",\"inLanguage\":\"pt-BR\",\"@id\":\"https:\/\/agenciainfra.com\/blog\/mitigacao-de-risco-inflacionario-nao-vai-criar-novo-custo-para-usuario-de-rodovia-diz-secretaria\/#primaryimage\",\"url\":\"https:\/\/agenciainfra.com\/blog\/wp-content\/uploads\/2021\/09\/br-381-262-mg-es-foto-minfra.jpg\",\"contentUrl\":\"https:\/\/agenciainfra.com\/blog\/wp-content\/uploads\/2021\/09\/br-381-262-mg-es-foto-minfra.jpg\",\"width\":1232,\"height\":820},{\"@type\":\"BreadcrumbList\",\"@id\":\"https:\/\/agenciainfra.com\/blog\/mitigacao-de-risco-inflacionario-nao-vai-criar-novo-custo-para-usuario-de-rodovia-diz-secretaria\/#breadcrumb\",\"itemListElement\":[{\"@type\":\"ListItem\",\"position\":1,\"name\":\"In\u00edcio\",\"item\":\"https:\/\/agenciainfra.com\/blog\/\"},{\"@type\":\"ListItem\",\"position\":2,\"name\":\"Mitiga\u00e7\u00e3o de risco inflacion\u00e1rio n\u00e3o vai criar novo custo para usu\u00e1rio de rodovia, diz secret\u00e1ria\"}]},{\"@type\":\"WebSite\",\"@id\":\"https:\/\/agenciainfra.com\/blog\/#website\",\"url\":\"https:\/\/agenciainfra.com\/blog\/\",\"name\":\"Ag\u00eancia iNFRA\",\"description\":\"Multiplataforma de informa\u00e7\u00e3o jornal\u00edstica refer\u00eancia na \u00e1rea de infraestrutura no Brasil!\",\"publisher\":{\"@id\":\"https:\/\/agenciainfra.com\/blog\/#organization\"},\"potentialAction\":[{\"@type\":\"SearchAction\",\"target\":{\"@type\":\"EntryPoint\",\"urlTemplate\":\"https:\/\/agenciainfra.com\/blog\/?s={search_term_string}\"},\"query-input\":{\"@type\":\"PropertyValueSpecification\",\"valueRequired\":true,\"valueName\":\"search_term_string\"}}],\"inLanguage\":\"pt-BR\"},{\"@type\":\"Organization\",\"@id\":\"https:\/\/agenciainfra.com\/blog\/#organization\",\"name\":\"Ag\u00eancia iNFRA\",\"url\":\"https:\/\/agenciainfra.com\/blog\/\",\"logo\":{\"@type\":\"ImageObject\",\"inLanguage\":\"pt-BR\",\"@id\":\"https:\/\/agenciainfra.com\/blog\/#\/schema\/logo\/image\/\",\"url\":\"https:\/\/agenciainfra.com\/blog\/wp-content\/uploads\/2023\/09\/iNFRA_5-e1761735885940.png\",\"contentUrl\":\"https:\/\/agenciainfra.com\/blog\/wp-content\/uploads\/2023\/09\/iNFRA_5-e1761735885940.png\",\"width\":1672,\"height\":454,\"caption\":\"Ag\u00eancia iNFRA\"},\"image\":{\"@id\":\"https:\/\/agenciainfra.com\/blog\/#\/schema\/logo\/image\/\"},\"sameAs\":[\"https:\/\/www.facebook.com\/ageninfra\",\"https:\/\/x.com\/agencia_infra\",\"https:\/\/www.linkedin.com\/company\/ag\u00eanciainfra\/\",\"https:\/\/www.instagram.com\/agenciainfra\/\"]},{\"@type\":\"Person\",\"@id\":\"https:\/\/agenciainfra.com\/blog\/#\/schema\/person\/34af08dff6adea4cb22b06612ba7acfa\",\"name\":\"Ag\u00eancia iNFRA\",\"image\":{\"@type\":\"ImageObject\",\"inLanguage\":\"pt-BR\",\"@id\":\"https:\/\/agenciainfra.com\/blog\/#\/schema\/person\/image\/\",\"url\":\"https:\/\/secure.gravatar.com\/avatar\/d189e01678f06d8eb84d4e01f08eb848b3fffe3f8443818d3c356c66892f5be8?s=96&d=mm&r=g\",\"contentUrl\":\"https:\/\/secure.gravatar.com\/avatar\/d189e01678f06d8eb84d4e01f08eb848b3fffe3f8443818d3c356c66892f5be8?s=96&d=mm&r=g\",\"caption\":\"Ag\u00eancia iNFRA\"},\"url\":\"https:\/\/agenciainfra.com\/blog\/author\/admin\/\"}]}<\/script>\n<!-- \/ Yoast SEO Premium plugin. -->","yoast_head_json":{"title":"Mitiga\u00e7\u00e3o de risco inflacion\u00e1rio n\u00e3o vai criar novo custo para usu\u00e1rio de rodovia, diz secret\u00e1ria - Ag\u00eancia iNFRA","robots":{"index":"index","follow":"follow","max-snippet":"max-snippet:-1","max-image-preview":"max-image-preview:large","max-video-preview":"max-video-preview:-1"},"canonical":"https:\/\/agenciainfra.com\/blog\/mitigacao-de-risco-inflacionario-nao-vai-criar-novo-custo-para-usuario-de-rodovia-diz-secretaria\/","og_locale":"pt_BR","og_type":"article","og_title":"Mitiga\u00e7\u00e3o de risco inflacion\u00e1rio n\u00e3o vai criar novo custo para usu\u00e1rio de rodovia, diz secret\u00e1ria","og_description":"Dimmi Amora, da&nbsp;Ag\u00eancia iNFRA O TCU (Tribunal de Contas da Uni\u00e3o) aprovou, nesta quarta-feira (15), um novo mecanismo de compartilhamento de risco em concess\u00f5es de rodovias, desta vez do aumento de custos de insumos. A proposta foi encaminhada dentro do processo que analisa no \u00f3rg\u00e3o de controle os estudos de viabilidade para a concess\u00e3o da [&hellip;]","og_url":"https:\/\/agenciainfra.com\/blog\/mitigacao-de-risco-inflacionario-nao-vai-criar-novo-custo-para-usuario-de-rodovia-diz-secretaria\/","og_site_name":"Ag\u00eancia iNFRA","article_publisher":"https:\/\/www.facebook.com\/ageninfra","article_published_time":"2021-12-17T11:00:00+00:00","og_image":[{"width":1232,"height":820,"url":"https:\/\/agenciainfra.com\/blog\/wp-content\/uploads\/2021\/09\/br-381-262-mg-es-foto-minfra.jpg","type":"image\/jpeg"}],"author":"Ag\u00eancia iNFRA","twitter_card":"summary_large_image","twitter_creator":"@agencia_infra","twitter_site":"@agencia_infra","twitter_misc":{"Escrito por":"Ag\u00eancia iNFRA","Est. tempo de leitura":"6 minutos"},"schema":{"@context":"https:\/\/schema.org","@graph":[{"@type":"Article","@id":"https:\/\/agenciainfra.com\/blog\/mitigacao-de-risco-inflacionario-nao-vai-criar-novo-custo-para-usuario-de-rodovia-diz-secretaria\/#article","isPartOf":{"@id":"https:\/\/agenciainfra.com\/blog\/mitigacao-de-risco-inflacionario-nao-vai-criar-novo-custo-para-usuario-de-rodovia-diz-secretaria\/"},"author":{"name":"Ag\u00eancia iNFRA","@id":"https:\/\/agenciainfra.com\/blog\/#\/schema\/person\/34af08dff6adea4cb22b06612ba7acfa"},"headline":"Mitiga\u00e7\u00e3o de risco inflacion\u00e1rio n\u00e3o vai criar novo custo para usu\u00e1rio de rodovia, diz secret\u00e1ria","datePublished":"2021-12-17T11:00:00+00:00","mainEntityOfPage":{"@id":"https:\/\/agenciainfra.com\/blog\/mitigacao-de-risco-inflacionario-nao-vai-criar-novo-custo-para-usuario-de-rodovia-diz-secretaria\/"},"wordCount":1125,"publisher":{"@id":"https:\/\/agenciainfra.com\/blog\/#organization"},"image":{"@id":"https:\/\/agenciainfra.com\/blog\/mitigacao-de-risco-inflacionario-nao-vai-criar-novo-custo-para-usuario-de-rodovia-diz-secretaria\/#primaryimage"},"thumbnailUrl":"https:\/\/agenciainfra.com\/blog\/wp-content\/uploads\/2021\/09\/br-381-262-mg-es-foto-minfra.jpg","keywords":["ANTT","BR-381-262\/MG-ES","concess\u00f5es rodovi\u00e1rias","infla\u00e7\u00e3o","leil\u00e3o de concess\u00e3o","Nat\u00e1lia Marcassa","rodovias","tarifas","transporte rodovi\u00e1rio","transportes"],"articleSection":["Geral","iNFRATransporte"],"inLanguage":"pt-BR","copyrightYear":"2021","copyrightHolder":{"@id":"https:\/\/agenciainfra.com\/blog\/#organization"}},{"@type":"WebPage","@id":"https:\/\/agenciainfra.com\/blog\/mitigacao-de-risco-inflacionario-nao-vai-criar-novo-custo-para-usuario-de-rodovia-diz-secretaria\/","url":"https:\/\/agenciainfra.com\/blog\/mitigacao-de-risco-inflacionario-nao-vai-criar-novo-custo-para-usuario-de-rodovia-diz-secretaria\/","name":"Mitiga\u00e7\u00e3o de risco inflacion\u00e1rio n\u00e3o vai criar novo custo para usu\u00e1rio de rodovia, diz secret\u00e1ria - Ag\u00eancia iNFRA","isPartOf":{"@id":"https:\/\/agenciainfra.com\/blog\/#website"},"primaryImageOfPage":{"@id":"https:\/\/agenciainfra.com\/blog\/mitigacao-de-risco-inflacionario-nao-vai-criar-novo-custo-para-usuario-de-rodovia-diz-secretaria\/#primaryimage"},"image":{"@id":"https:\/\/agenciainfra.com\/blog\/mitigacao-de-risco-inflacionario-nao-vai-criar-novo-custo-para-usuario-de-rodovia-diz-secretaria\/#primaryimage"},"thumbnailUrl":"https:\/\/agenciainfra.com\/blog\/wp-content\/uploads\/2021\/09\/br-381-262-mg-es-foto-minfra.jpg","datePublished":"2021-12-17T11:00:00+00:00","breadcrumb":{"@id":"https:\/\/agenciainfra.com\/blog\/mitigacao-de-risco-inflacionario-nao-vai-criar-novo-custo-para-usuario-de-rodovia-diz-secretaria\/#breadcrumb"},"inLanguage":"pt-BR","potentialAction":[{"@type":"ReadAction","target":["https:\/\/agenciainfra.com\/blog\/mitigacao-de-risco-inflacionario-nao-vai-criar-novo-custo-para-usuario-de-rodovia-diz-secretaria\/"]}]},{"@type":"ImageObject","inLanguage":"pt-BR","@id":"https:\/\/agenciainfra.com\/blog\/mitigacao-de-risco-inflacionario-nao-vai-criar-novo-custo-para-usuario-de-rodovia-diz-secretaria\/#primaryimage","url":"https:\/\/agenciainfra.com\/blog\/wp-content\/uploads\/2021\/09\/br-381-262-mg-es-foto-minfra.jpg","contentUrl":"https:\/\/agenciainfra.com\/blog\/wp-content\/uploads\/2021\/09\/br-381-262-mg-es-foto-minfra.jpg","width":1232,"height":820},{"@type":"BreadcrumbList","@id":"https:\/\/agenciainfra.com\/blog\/mitigacao-de-risco-inflacionario-nao-vai-criar-novo-custo-para-usuario-de-rodovia-diz-secretaria\/#breadcrumb","itemListElement":[{"@type":"ListItem","position":1,"name":"In\u00edcio","item":"https:\/\/agenciainfra.com\/blog\/"},{"@type":"ListItem","position":2,"name":"Mitiga\u00e7\u00e3o de risco inflacion\u00e1rio n\u00e3o vai criar novo custo para usu\u00e1rio de rodovia, diz secret\u00e1ria"}]},{"@type":"WebSite","@id":"https:\/\/agenciainfra.com\/blog\/#website","url":"https:\/\/agenciainfra.com\/blog\/","name":"Ag\u00eancia iNFRA","description":"Multiplataforma de informa\u00e7\u00e3o jornal\u00edstica refer\u00eancia na \u00e1rea de infraestrutura no Brasil!","publisher":{"@id":"https:\/\/agenciainfra.com\/blog\/#organization"},"potentialAction":[{"@type":"SearchAction","target":{"@type":"EntryPoint","urlTemplate":"https:\/\/agenciainfra.com\/blog\/?s={search_term_string}"},"query-input":{"@type":"PropertyValueSpecification","valueRequired":true,"valueName":"search_term_string"}}],"inLanguage":"pt-BR"},{"@type":"Organization","@id":"https:\/\/agenciainfra.com\/blog\/#organization","name":"Ag\u00eancia iNFRA","url":"https:\/\/agenciainfra.com\/blog\/","logo":{"@type":"ImageObject","inLanguage":"pt-BR","@id":"https:\/\/agenciainfra.com\/blog\/#\/schema\/logo\/image\/","url":"https:\/\/agenciainfra.com\/blog\/wp-content\/uploads\/2023\/09\/iNFRA_5-e1761735885940.png","contentUrl":"https:\/\/agenciainfra.com\/blog\/wp-content\/uploads\/2023\/09\/iNFRA_5-e1761735885940.png","width":1672,"height":454,"caption":"Ag\u00eancia iNFRA"},"image":{"@id":"https:\/\/agenciainfra.com\/blog\/#\/schema\/logo\/image\/"},"sameAs":["https:\/\/www.facebook.com\/ageninfra","https:\/\/x.com\/agencia_infra","https:\/\/www.linkedin.com\/company\/ag\u00eanciainfra\/","https:\/\/www.instagram.com\/agenciainfra\/"]},{"@type":"Person","@id":"https:\/\/agenciainfra.com\/blog\/#\/schema\/person\/34af08dff6adea4cb22b06612ba7acfa","name":"Ag\u00eancia iNFRA","image":{"@type":"ImageObject","inLanguage":"pt-BR","@id":"https:\/\/agenciainfra.com\/blog\/#\/schema\/person\/image\/","url":"https:\/\/secure.gravatar.com\/avatar\/d189e01678f06d8eb84d4e01f08eb848b3fffe3f8443818d3c356c66892f5be8?s=96&d=mm&r=g","contentUrl":"https:\/\/secure.gravatar.com\/avatar\/d189e01678f06d8eb84d4e01f08eb848b3fffe3f8443818d3c356c66892f5be8?s=96&d=mm&r=g","caption":"Ag\u00eancia iNFRA"},"url":"https:\/\/agenciainfra.com\/blog\/author\/admin\/"}]}},"_links":{"self":[{"href":"https:\/\/agenciainfra.com\/blog\/wp-json\/wp\/v2\/posts\/9228","targetHints":{"allow":["GET"]}}],"collection":[{"href":"https:\/\/agenciainfra.com\/blog\/wp-json\/wp\/v2\/posts"}],"about":[{"href":"https:\/\/agenciainfra.com\/blog\/wp-json\/wp\/v2\/types\/post"}],"author":[{"embeddable":true,"href":"https:\/\/agenciainfra.com\/blog\/wp-json\/wp\/v2\/users\/1"}],"replies":[{"embeddable":true,"href":"https:\/\/agenciainfra.com\/blog\/wp-json\/wp\/v2\/comments?post=9228"}],"version-history":[{"count":0,"href":"https:\/\/agenciainfra.com\/blog\/wp-json\/wp\/v2\/posts\/9228\/revisions"}],"wp:featuredmedia":[{"embeddable":true,"href":"https:\/\/agenciainfra.com\/blog\/wp-json\/wp\/v2\/media\/8208"}],"wp:attachment":[{"href":"https:\/\/agenciainfra.com\/blog\/wp-json\/wp\/v2\/media?parent=9228"}],"wp:term":[{"taxonomy":"category","embeddable":true,"href":"https:\/\/agenciainfra.com\/blog\/wp-json\/wp\/v2\/categories?post=9228"},{"taxonomy":"post_tag","embeddable":true,"href":"https:\/\/agenciainfra.com\/blog\/wp-json\/wp\/v2\/tags?post=9228"}],"curies":[{"name":"wp","href":"https:\/\/api.w.org\/{rel}","templated":true}]}}