{"id":9275,"date":"2021-12-20T15:00:00","date_gmt":"2021-12-20T18:00:00","guid":{"rendered":"https:\/\/www.agenciainfra.com\/blog\/?p=9275"},"modified":"2021-12-20T16:28:26","modified_gmt":"2021-12-20T19:28:26","slug":"tecnologia-de-meios-de-pagamento-o-futuro-da-mobilidade-e-debatido-em-evento","status":"publish","type":"post","link":"https:\/\/agenciainfra.com\/blog\/tecnologia-de-meios-de-pagamento-o-futuro-da-mobilidade-e-debatido-em-evento\/","title":{"rendered":"Tecnologia de meios de pagamento: o futuro da mobilidade \u00e9 debatido em evento"},"content":{"rendered":"\n<p class=\"has-text-align-right\"><strong>da&nbsp;Ag\u00eancia iNFRA<\/strong><\/p>\n\n\n\n<p>Nos pr\u00f3ximos cinco anos, o n\u00famero de rodovias concessionadas tende a dobrar. Aos atuais 25 mil quil\u00f4metros, devem se somar mais 26 mil quil\u00f4metros. De acordo com o diretor-presidente da ABCR (Associa\u00e7\u00e3o Brasileira de Concession\u00e1rias de Rodovias), Marco Aur\u00e9lio Barcelos, o Brasil viver\u00e1, em rela\u00e7\u00e3o \u00e0s concess\u00f5es rodovi\u00e1rias, &#8220;25 anos em cinco&#8221;.<\/p>\n\n\n\n<p>A cita\u00e7\u00e3o faz refer\u00eancia ao tempo que o pa\u00eds levou para somar o n\u00famero atual de 74 rodovias concessionadas e \u00e0 proje\u00e7\u00e3o de que nos pr\u00f3ximos anos esse n\u00famero duplicar\u00e1, com o excesso de oferta de novos projetos. Nas palavras do presidente da ABCR, &#8220;vivemos uma oportunidade singular&#8221;, com um cen\u00e1rio muito positivo, mas que traz responsabilidades.<\/p>\n\n\n\n<p>Barcelos foi convidado a abrir, na \u00faltima sexta-feira (17), o evento &#8220;Mobilidade: Interoperabilidade, opera\u00e7\u00f5es e tecnologia de novos meios de pagamentos&#8221;, promovido pelo Centro de Pesquisas Avan\u00e7adas Wernher von Braun e pela Sem Parar, em S\u00e3o Paulo (SP), que contou com o apoio da&nbsp;<strong>Ag\u00eancia iNFRA<\/strong>.<\/p>\n\n\n\n<p>O encontro teve&nbsp;exposi\u00e7\u00f5es do CEO do Centro von Braun, Dario Thober, do CEO da Sem Parar, Carlos Gazaffi, e do superintendente de Arrecada\u00e7\u00e3o da CCR, Cleber Chinelato, sobre os desafios que o cen\u00e1rio atual apresenta, as novas tecnologias e os modelos de neg\u00f3cios que surgem neste contexto.<\/p>\n\n\n\n<p><strong>Uma fronteira a ser transposta<\/strong><br>\u00c9 no cen\u00e1rio &#8220;quantitativo&#8221; apontado por Barcelos que se insere, como &#8220;elemento qualitativo&#8221;, a ind\u00fastria dos meios de pagamentos. Segundo o dirigente, a digitaliza\u00e7\u00e3o das rodovias \u00e9 inevit\u00e1vel, e a quest\u00e3o dos meios de pagamentos de ped\u00e1gio \u00e9 um dos principais desafios, uma &#8220;fronteira a ser transposta&#8221;, junto com a quest\u00e3o da conectividade voltada para a seguran\u00e7a vi\u00e1ria.<\/p>\n\n\n\n<p>A vis\u00e3o do setor \u00e9 de que os meios de pagamento autom\u00e1tico refletem na experi\u00eancia do usu\u00e1rio na rodovia, objetivo final de um projeto de concess\u00e3o. Entre as alternativas de cobran\u00e7a de ped\u00e1gio, Barcelos chamou aten\u00e7\u00e3o para o sistema free flow, de livre passagem, em que n\u00e3o h\u00e1 pra\u00e7as de ped\u00e1gio.<\/p>\n\n\n\n<p>No free flow, os ve\u00edculos s\u00e3o identificados eletronicamente, por meio de sensores posicionados ao longo da rodovia. A cobran\u00e7a \u00e9 feita proporcionalmente ao trecho trafegado pelo usu\u00e1rio. Para Barcelos, o modelo \u00e9 uma &#8220;declara\u00e7\u00e3o de independ\u00eancia das formas anal\u00f3gicas de cobran\u00e7a&#8221;.<\/p>\n\n\n\n<p>Entre as vantagens, al\u00e9m do equil\u00edbrio tarif\u00e1rio resultante do modelo de cobran\u00e7a proporcional, o representante das concession\u00e1rias de rodovias aponta para o menor volume de investimento necess\u00e1rio, uma vez que os p\u00f3rticos \u2013&nbsp;estruturas instaladas nas rodovias para fazer a leitura dos sinais emitidos pelos ve\u00edculos \u2013&nbsp;s\u00e3o mais baratos em termos de capex do que as pra\u00e7as de ped\u00e1gio.<\/p>\n\n\n\n<p><strong>Porta de entrada para a ind\u00fastria de pagamentos<\/strong><br>A Lei 14.157, sancionada neste ano pelo presidente Jair Bolsonaro, estabelece a implanta\u00e7\u00e3o do sistema free flow nas rodovias brasileiras. A rodovia Dutra, administrada pela CCR e cuja concess\u00e3o foi renovada em outubro, ser\u00e1 a primeira concess\u00e3o federal a dispor do modelo. \u00c9 nesse ponto que convergem os setores presentes no evento. Para Barcelos, o free flow \u00e9 &#8220;a porta de entrada para a ind\u00fastria de meios de pagamentos&#8221;.<\/p>\n\n\n\n<p>Mas ainda n\u00e3o se sabe qual tecnologia ser\u00e1 adotada em rela\u00e7\u00e3o \u00e0 emiss\u00e3o do sinal de identifica\u00e7\u00e3o dos ve\u00edculos captado pelos p\u00f3rticos. Uma alternativa apresentada no evento pelo CEO da Sem Parar, Carlos Gazaffi, s\u00e3o os tags virtuais, que, em vez de emitirem o sinal de identifica\u00e7\u00e3o a partir de adesivos colados aos carros, funcionam por meio de um aplicativo instalado no smartphone do usu\u00e1rio.<\/p>\n\n\n\n<p>A tecnologia pode ser integrada \u00e0 dos tags adesivos, que operam no sistema de identifica\u00e7\u00e3o por radiofrequ\u00eancia (RFID), e s\u00e3o vi\u00e1veis tanto para o free flow como para as cabines autom\u00e1ticas. Dario Thober, CEO do Centro von Braun, que trabalha no desenvolvimento dessa tecnologia, ressaltou que o fluxo de dados do tag real \u00e9 o mesmo do tag virtual.<\/p>\n\n\n\n<p>Outro ponto que gera alguma incerteza em rela\u00e7\u00e3o \u00e0 cobran\u00e7a autom\u00e1tica de ped\u00e1gio \u00e9, segundo Cleber Chinelato, da CCR, o desafio de garantir a ades\u00e3o por parte dos usu\u00e1rios. Para a ABCR, o ideal seria que houvesse uma vincula\u00e7\u00e3o entre as novas concess\u00f5es e o mercado de pagamentos autom\u00e1ticos. Segundo Barcelos, que conversou com autoridades de dentro do governo, a solu\u00e7\u00e3o vir\u00e1 em breve.<\/p>\n","protected":false},"excerpt":{"rendered":"<p>da&nbsp;Ag\u00eancia iNFRA Nos pr\u00f3ximos cinco anos, o n\u00famero de rodovias concessionadas tende a dobrar. Aos atuais 25 mil quil\u00f4metros, devem se somar mais 26 mil quil\u00f4metros. De acordo com o diretor-presidente da ABCR (Associa\u00e7\u00e3o Brasileira de Concession\u00e1rias de Rodovias), Marco Aur\u00e9lio Barcelos, o Brasil viver\u00e1, em rela\u00e7\u00e3o \u00e0s concess\u00f5es rodovi\u00e1rias, &#8220;25 anos em cinco&#8221;. A [&hellip;]<\/p>\n","protected":false},"author":1,"featured_media":6830,"comment_status":"closed","ping_status":"closed","sticky":false,"template":"","format":"standard","meta":{"_monsterinsights_skip_tracking":false,"_monsterinsights_sitenote_active":false,"_monsterinsights_sitenote_note":"","_monsterinsights_sitenote_category":0,"footnotes":""},"categories":[1,2053],"tags":[613,853,5168,2162,5176,126,5169,4308,902,70],"class_list":["post-9275","post","type-post","status-publish","format-standard","has-post-thumbnail","hentry","category-geral","category-infraliveventos","tag-abcr","tag-concessao-de-rodovias","tag-interoperabilidade","tag-mobilidade-urbana","tag-pedagios","tag-rodovias","tag-sem-parar","tag-tarifas-de-pedagio","tag-transporte-rodoviario","tag-transportes"],"yoast_head":"<!-- This site is optimized with the Yoast SEO Premium plugin v25.4 (Yoast SEO v26.0) - https:\/\/yoast.com\/wordpress\/plugins\/seo\/ -->\n<title>Tecnologia de meios de pagamento: o futuro da mobilidade \u00e9 debatido em evento - Ag\u00eancia iNFRA<\/title>\n<meta name=\"robots\" content=\"index, follow, max-snippet:-1, max-image-preview:large, max-video-preview:-1\" \/>\n<link rel=\"canonical\" href=\"https:\/\/agenciainfra.com\/blog\/tecnologia-de-meios-de-pagamento-o-futuro-da-mobilidade-e-debatido-em-evento\/\" \/>\n<meta property=\"og:locale\" content=\"pt_BR\" \/>\n<meta property=\"og:type\" content=\"article\" \/>\n<meta property=\"og:title\" content=\"Tecnologia de meios de pagamento: o futuro da mobilidade \u00e9 debatido em evento\" \/>\n<meta property=\"og:description\" content=\"da&nbsp;Ag\u00eancia iNFRA Nos pr\u00f3ximos cinco anos, o n\u00famero de rodovias concessionadas tende a dobrar. Aos atuais 25 mil quil\u00f4metros, devem se somar mais 26 mil quil\u00f4metros. De acordo com o diretor-presidente da ABCR (Associa\u00e7\u00e3o Brasileira de Concession\u00e1rias de Rodovias), Marco Aur\u00e9lio Barcelos, o Brasil viver\u00e1, em rela\u00e7\u00e3o \u00e0s concess\u00f5es rodovi\u00e1rias, &#8220;25 anos em cinco&#8221;. A [&hellip;]\" \/>\n<meta property=\"og:url\" content=\"https:\/\/agenciainfra.com\/blog\/tecnologia-de-meios-de-pagamento-o-futuro-da-mobilidade-e-debatido-em-evento\/\" \/>\n<meta property=\"og:site_name\" content=\"Ag\u00eancia iNFRA\" \/>\n<meta property=\"article:publisher\" content=\"https:\/\/www.facebook.com\/ageninfra\" \/>\n<meta property=\"article:published_time\" content=\"2021-12-20T18:00:00+00:00\" \/>\n<meta property=\"article:modified_time\" content=\"2021-12-20T19:28:26+00:00\" \/>\n<meta property=\"og:image\" content=\"https:\/\/agenciainfra.com\/blog\/wp-content\/uploads\/2021\/02\/CCR-Nova-Dutra-foto-Jair-Xavier-CCRNovaDutra.png\" \/>\n\t<meta property=\"og:image:width\" content=\"1280\" \/>\n\t<meta property=\"og:image:height\" content=\"957\" \/>\n\t<meta property=\"og:image:type\" content=\"image\/png\" \/>\n<meta name=\"author\" content=\"Ag\u00eancia iNFRA\" \/>\n<meta name=\"twitter:card\" content=\"summary_large_image\" \/>\n<meta name=\"twitter:creator\" content=\"@agencia_infra\" \/>\n<meta name=\"twitter:site\" content=\"@agencia_infra\" \/>\n<meta name=\"twitter:label1\" content=\"Escrito por\" \/>\n\t<meta name=\"twitter:data1\" content=\"Ag\u00eancia iNFRA\" \/>\n\t<meta name=\"twitter:label2\" content=\"Est. tempo de leitura\" \/>\n\t<meta name=\"twitter:data2\" content=\"4 minutos\" \/>\n<script type=\"application\/ld+json\" class=\"yoast-schema-graph\">{\"@context\":\"https:\/\/schema.org\",\"@graph\":[{\"@type\":\"Article\",\"@id\":\"https:\/\/agenciainfra.com\/blog\/tecnologia-de-meios-de-pagamento-o-futuro-da-mobilidade-e-debatido-em-evento\/#article\",\"isPartOf\":{\"@id\":\"https:\/\/agenciainfra.com\/blog\/tecnologia-de-meios-de-pagamento-o-futuro-da-mobilidade-e-debatido-em-evento\/\"},\"author\":{\"name\":\"Ag\u00eancia iNFRA\",\"@id\":\"https:\/\/agenciainfra.com\/blog\/#\/schema\/person\/34af08dff6adea4cb22b06612ba7acfa\"},\"headline\":\"Tecnologia de meios de pagamento: o futuro da mobilidade \u00e9 debatido em evento\",\"datePublished\":\"2021-12-20T18:00:00+00:00\",\"dateModified\":\"2021-12-20T19:28:26+00:00\",\"mainEntityOfPage\":{\"@id\":\"https:\/\/agenciainfra.com\/blog\/tecnologia-de-meios-de-pagamento-o-futuro-da-mobilidade-e-debatido-em-evento\/\"},\"wordCount\":776,\"publisher\":{\"@id\":\"https:\/\/agenciainfra.com\/blog\/#organization\"},\"image\":{\"@id\":\"https:\/\/agenciainfra.com\/blog\/tecnologia-de-meios-de-pagamento-o-futuro-da-mobilidade-e-debatido-em-evento\/#primaryimage\"},\"thumbnailUrl\":\"https:\/\/agenciainfra.com\/blog\/wp-content\/uploads\/2021\/02\/CCR-Nova-Dutra-foto-Jair-Xavier-CCRNovaDutra.png\",\"keywords\":[\"abcr\",\"concess\u00e3o de rodovias\",\"interoperabilidade\",\"mobilidade urbana\",\"ped\u00e1gios\",\"rodovias\",\"Sem Parar\",\"tarifas de ped\u00e1gio\",\"transporte rodovi\u00e1rio\",\"transportes\"],\"articleSection\":[\"Geral\",\"iNFRALive e Eventos\"],\"inLanguage\":\"pt-BR\",\"copyrightYear\":\"2021\",\"copyrightHolder\":{\"@id\":\"https:\/\/agenciainfra.com\/blog\/#organization\"}},{\"@type\":\"WebPage\",\"@id\":\"https:\/\/agenciainfra.com\/blog\/tecnologia-de-meios-de-pagamento-o-futuro-da-mobilidade-e-debatido-em-evento\/\",\"url\":\"https:\/\/agenciainfra.com\/blog\/tecnologia-de-meios-de-pagamento-o-futuro-da-mobilidade-e-debatido-em-evento\/\",\"name\":\"Tecnologia de meios de pagamento: o futuro da mobilidade \u00e9 debatido em evento - Ag\u00eancia iNFRA\",\"isPartOf\":{\"@id\":\"https:\/\/agenciainfra.com\/blog\/#website\"},\"primaryImageOfPage\":{\"@id\":\"https:\/\/agenciainfra.com\/blog\/tecnologia-de-meios-de-pagamento-o-futuro-da-mobilidade-e-debatido-em-evento\/#primaryimage\"},\"image\":{\"@id\":\"https:\/\/agenciainfra.com\/blog\/tecnologia-de-meios-de-pagamento-o-futuro-da-mobilidade-e-debatido-em-evento\/#primaryimage\"},\"thumbnailUrl\":\"https:\/\/agenciainfra.com\/blog\/wp-content\/uploads\/2021\/02\/CCR-Nova-Dutra-foto-Jair-Xavier-CCRNovaDutra.png\",\"datePublished\":\"2021-12-20T18:00:00+00:00\",\"dateModified\":\"2021-12-20T19:28:26+00:00\",\"breadcrumb\":{\"@id\":\"https:\/\/agenciainfra.com\/blog\/tecnologia-de-meios-de-pagamento-o-futuro-da-mobilidade-e-debatido-em-evento\/#breadcrumb\"},\"inLanguage\":\"pt-BR\",\"potentialAction\":[{\"@type\":\"ReadAction\",\"target\":[\"https:\/\/agenciainfra.com\/blog\/tecnologia-de-meios-de-pagamento-o-futuro-da-mobilidade-e-debatido-em-evento\/\"]}]},{\"@type\":\"ImageObject\",\"inLanguage\":\"pt-BR\",\"@id\":\"https:\/\/agenciainfra.com\/blog\/tecnologia-de-meios-de-pagamento-o-futuro-da-mobilidade-e-debatido-em-evento\/#primaryimage\",\"url\":\"https:\/\/agenciainfra.com\/blog\/wp-content\/uploads\/2021\/02\/CCR-Nova-Dutra-foto-Jair-Xavier-CCRNovaDutra.png\",\"contentUrl\":\"https:\/\/agenciainfra.com\/blog\/wp-content\/uploads\/2021\/02\/CCR-Nova-Dutra-foto-Jair-Xavier-CCRNovaDutra.png\",\"width\":1280,\"height\":957,\"caption\":\"Foto: Jair Xavier\/CCR Nova Dutra\"},{\"@type\":\"BreadcrumbList\",\"@id\":\"https:\/\/agenciainfra.com\/blog\/tecnologia-de-meios-de-pagamento-o-futuro-da-mobilidade-e-debatido-em-evento\/#breadcrumb\",\"itemListElement\":[{\"@type\":\"ListItem\",\"position\":1,\"name\":\"In\u00edcio\",\"item\":\"https:\/\/agenciainfra.com\/blog\/\"},{\"@type\":\"ListItem\",\"position\":2,\"name\":\"Tecnologia de meios de pagamento: o futuro da mobilidade \u00e9 debatido em evento\"}]},{\"@type\":\"WebSite\",\"@id\":\"https:\/\/agenciainfra.com\/blog\/#website\",\"url\":\"https:\/\/agenciainfra.com\/blog\/\",\"name\":\"Ag\u00eancia iNFRA\",\"description\":\"Multiplataforma de informa\u00e7\u00e3o jornal\u00edstica refer\u00eancia na \u00e1rea de infraestrutura no Brasil!\",\"publisher\":{\"@id\":\"https:\/\/agenciainfra.com\/blog\/#organization\"},\"potentialAction\":[{\"@type\":\"SearchAction\",\"target\":{\"@type\":\"EntryPoint\",\"urlTemplate\":\"https:\/\/agenciainfra.com\/blog\/?s={search_term_string}\"},\"query-input\":{\"@type\":\"PropertyValueSpecification\",\"valueRequired\":true,\"valueName\":\"search_term_string\"}}],\"inLanguage\":\"pt-BR\"},{\"@type\":\"Organization\",\"@id\":\"https:\/\/agenciainfra.com\/blog\/#organization\",\"name\":\"Ag\u00eancia iNFRA\",\"url\":\"https:\/\/agenciainfra.com\/blog\/\",\"logo\":{\"@type\":\"ImageObject\",\"inLanguage\":\"pt-BR\",\"@id\":\"https:\/\/agenciainfra.com\/blog\/#\/schema\/logo\/image\/\",\"url\":\"https:\/\/agenciainfra.com\/blog\/wp-content\/uploads\/2023\/09\/iNFRA_5-e1761735885940.png\",\"contentUrl\":\"https:\/\/agenciainfra.com\/blog\/wp-content\/uploads\/2023\/09\/iNFRA_5-e1761735885940.png\",\"width\":1672,\"height\":454,\"caption\":\"Ag\u00eancia iNFRA\"},\"image\":{\"@id\":\"https:\/\/agenciainfra.com\/blog\/#\/schema\/logo\/image\/\"},\"sameAs\":[\"https:\/\/www.facebook.com\/ageninfra\",\"https:\/\/x.com\/agencia_infra\",\"https:\/\/www.linkedin.com\/company\/ag\u00eanciainfra\/\",\"https:\/\/www.instagram.com\/agenciainfra\/\"]},{\"@type\":\"Person\",\"@id\":\"https:\/\/agenciainfra.com\/blog\/#\/schema\/person\/34af08dff6adea4cb22b06612ba7acfa\",\"name\":\"Ag\u00eancia iNFRA\",\"image\":{\"@type\":\"ImageObject\",\"inLanguage\":\"pt-BR\",\"@id\":\"https:\/\/agenciainfra.com\/blog\/#\/schema\/person\/image\/\",\"url\":\"https:\/\/secure.gravatar.com\/avatar\/d189e01678f06d8eb84d4e01f08eb848b3fffe3f8443818d3c356c66892f5be8?s=96&d=mm&r=g\",\"contentUrl\":\"https:\/\/secure.gravatar.com\/avatar\/d189e01678f06d8eb84d4e01f08eb848b3fffe3f8443818d3c356c66892f5be8?s=96&d=mm&r=g\",\"caption\":\"Ag\u00eancia iNFRA\"},\"url\":\"https:\/\/agenciainfra.com\/blog\/author\/admin\/\"}]}<\/script>\n<!-- \/ Yoast SEO Premium plugin. -->","yoast_head_json":{"title":"Tecnologia de meios de pagamento: o futuro da mobilidade \u00e9 debatido em evento - Ag\u00eancia iNFRA","robots":{"index":"index","follow":"follow","max-snippet":"max-snippet:-1","max-image-preview":"max-image-preview:large","max-video-preview":"max-video-preview:-1"},"canonical":"https:\/\/agenciainfra.com\/blog\/tecnologia-de-meios-de-pagamento-o-futuro-da-mobilidade-e-debatido-em-evento\/","og_locale":"pt_BR","og_type":"article","og_title":"Tecnologia de meios de pagamento: o futuro da mobilidade \u00e9 debatido em evento","og_description":"da&nbsp;Ag\u00eancia iNFRA Nos pr\u00f3ximos cinco anos, o n\u00famero de rodovias concessionadas tende a dobrar. Aos atuais 25 mil quil\u00f4metros, devem se somar mais 26 mil quil\u00f4metros. De acordo com o diretor-presidente da ABCR (Associa\u00e7\u00e3o Brasileira de Concession\u00e1rias de Rodovias), Marco Aur\u00e9lio Barcelos, o Brasil viver\u00e1, em rela\u00e7\u00e3o \u00e0s concess\u00f5es rodovi\u00e1rias, &#8220;25 anos em cinco&#8221;. A [&hellip;]","og_url":"https:\/\/agenciainfra.com\/blog\/tecnologia-de-meios-de-pagamento-o-futuro-da-mobilidade-e-debatido-em-evento\/","og_site_name":"Ag\u00eancia iNFRA","article_publisher":"https:\/\/www.facebook.com\/ageninfra","article_published_time":"2021-12-20T18:00:00+00:00","article_modified_time":"2021-12-20T19:28:26+00:00","og_image":[{"width":1280,"height":957,"url":"https:\/\/agenciainfra.com\/blog\/wp-content\/uploads\/2021\/02\/CCR-Nova-Dutra-foto-Jair-Xavier-CCRNovaDutra.png","type":"image\/png"}],"author":"Ag\u00eancia iNFRA","twitter_card":"summary_large_image","twitter_creator":"@agencia_infra","twitter_site":"@agencia_infra","twitter_misc":{"Escrito por":"Ag\u00eancia iNFRA","Est. tempo de leitura":"4 minutos"},"schema":{"@context":"https:\/\/schema.org","@graph":[{"@type":"Article","@id":"https:\/\/agenciainfra.com\/blog\/tecnologia-de-meios-de-pagamento-o-futuro-da-mobilidade-e-debatido-em-evento\/#article","isPartOf":{"@id":"https:\/\/agenciainfra.com\/blog\/tecnologia-de-meios-de-pagamento-o-futuro-da-mobilidade-e-debatido-em-evento\/"},"author":{"name":"Ag\u00eancia iNFRA","@id":"https:\/\/agenciainfra.com\/blog\/#\/schema\/person\/34af08dff6adea4cb22b06612ba7acfa"},"headline":"Tecnologia de meios de pagamento: o futuro da mobilidade \u00e9 debatido em evento","datePublished":"2021-12-20T18:00:00+00:00","dateModified":"2021-12-20T19:28:26+00:00","mainEntityOfPage":{"@id":"https:\/\/agenciainfra.com\/blog\/tecnologia-de-meios-de-pagamento-o-futuro-da-mobilidade-e-debatido-em-evento\/"},"wordCount":776,"publisher":{"@id":"https:\/\/agenciainfra.com\/blog\/#organization"},"image":{"@id":"https:\/\/agenciainfra.com\/blog\/tecnologia-de-meios-de-pagamento-o-futuro-da-mobilidade-e-debatido-em-evento\/#primaryimage"},"thumbnailUrl":"https:\/\/agenciainfra.com\/blog\/wp-content\/uploads\/2021\/02\/CCR-Nova-Dutra-foto-Jair-Xavier-CCRNovaDutra.png","keywords":["abcr","concess\u00e3o de rodovias","interoperabilidade","mobilidade urbana","ped\u00e1gios","rodovias","Sem Parar","tarifas de ped\u00e1gio","transporte rodovi\u00e1rio","transportes"],"articleSection":["Geral","iNFRALive e Eventos"],"inLanguage":"pt-BR","copyrightYear":"2021","copyrightHolder":{"@id":"https:\/\/agenciainfra.com\/blog\/#organization"}},{"@type":"WebPage","@id":"https:\/\/agenciainfra.com\/blog\/tecnologia-de-meios-de-pagamento-o-futuro-da-mobilidade-e-debatido-em-evento\/","url":"https:\/\/agenciainfra.com\/blog\/tecnologia-de-meios-de-pagamento-o-futuro-da-mobilidade-e-debatido-em-evento\/","name":"Tecnologia de meios de pagamento: o futuro da mobilidade \u00e9 debatido em evento - Ag\u00eancia iNFRA","isPartOf":{"@id":"https:\/\/agenciainfra.com\/blog\/#website"},"primaryImageOfPage":{"@id":"https:\/\/agenciainfra.com\/blog\/tecnologia-de-meios-de-pagamento-o-futuro-da-mobilidade-e-debatido-em-evento\/#primaryimage"},"image":{"@id":"https:\/\/agenciainfra.com\/blog\/tecnologia-de-meios-de-pagamento-o-futuro-da-mobilidade-e-debatido-em-evento\/#primaryimage"},"thumbnailUrl":"https:\/\/agenciainfra.com\/blog\/wp-content\/uploads\/2021\/02\/CCR-Nova-Dutra-foto-Jair-Xavier-CCRNovaDutra.png","datePublished":"2021-12-20T18:00:00+00:00","dateModified":"2021-12-20T19:28:26+00:00","breadcrumb":{"@id":"https:\/\/agenciainfra.com\/blog\/tecnologia-de-meios-de-pagamento-o-futuro-da-mobilidade-e-debatido-em-evento\/#breadcrumb"},"inLanguage":"pt-BR","potentialAction":[{"@type":"ReadAction","target":["https:\/\/agenciainfra.com\/blog\/tecnologia-de-meios-de-pagamento-o-futuro-da-mobilidade-e-debatido-em-evento\/"]}]},{"@type":"ImageObject","inLanguage":"pt-BR","@id":"https:\/\/agenciainfra.com\/blog\/tecnologia-de-meios-de-pagamento-o-futuro-da-mobilidade-e-debatido-em-evento\/#primaryimage","url":"https:\/\/agenciainfra.com\/blog\/wp-content\/uploads\/2021\/02\/CCR-Nova-Dutra-foto-Jair-Xavier-CCRNovaDutra.png","contentUrl":"https:\/\/agenciainfra.com\/blog\/wp-content\/uploads\/2021\/02\/CCR-Nova-Dutra-foto-Jair-Xavier-CCRNovaDutra.png","width":1280,"height":957,"caption":"Foto: Jair Xavier\/CCR Nova Dutra"},{"@type":"BreadcrumbList","@id":"https:\/\/agenciainfra.com\/blog\/tecnologia-de-meios-de-pagamento-o-futuro-da-mobilidade-e-debatido-em-evento\/#breadcrumb","itemListElement":[{"@type":"ListItem","position":1,"name":"In\u00edcio","item":"https:\/\/agenciainfra.com\/blog\/"},{"@type":"ListItem","position":2,"name":"Tecnologia de meios de pagamento: o futuro da mobilidade \u00e9 debatido em evento"}]},{"@type":"WebSite","@id":"https:\/\/agenciainfra.com\/blog\/#website","url":"https:\/\/agenciainfra.com\/blog\/","name":"Ag\u00eancia iNFRA","description":"Multiplataforma de informa\u00e7\u00e3o jornal\u00edstica refer\u00eancia na \u00e1rea de infraestrutura no Brasil!","publisher":{"@id":"https:\/\/agenciainfra.com\/blog\/#organization"},"potentialAction":[{"@type":"SearchAction","target":{"@type":"EntryPoint","urlTemplate":"https:\/\/agenciainfra.com\/blog\/?s={search_term_string}"},"query-input":{"@type":"PropertyValueSpecification","valueRequired":true,"valueName":"search_term_string"}}],"inLanguage":"pt-BR"},{"@type":"Organization","@id":"https:\/\/agenciainfra.com\/blog\/#organization","name":"Ag\u00eancia iNFRA","url":"https:\/\/agenciainfra.com\/blog\/","logo":{"@type":"ImageObject","inLanguage":"pt-BR","@id":"https:\/\/agenciainfra.com\/blog\/#\/schema\/logo\/image\/","url":"https:\/\/agenciainfra.com\/blog\/wp-content\/uploads\/2023\/09\/iNFRA_5-e1761735885940.png","contentUrl":"https:\/\/agenciainfra.com\/blog\/wp-content\/uploads\/2023\/09\/iNFRA_5-e1761735885940.png","width":1672,"height":454,"caption":"Ag\u00eancia iNFRA"},"image":{"@id":"https:\/\/agenciainfra.com\/blog\/#\/schema\/logo\/image\/"},"sameAs":["https:\/\/www.facebook.com\/ageninfra","https:\/\/x.com\/agencia_infra","https:\/\/www.linkedin.com\/company\/ag\u00eanciainfra\/","https:\/\/www.instagram.com\/agenciainfra\/"]},{"@type":"Person","@id":"https:\/\/agenciainfra.com\/blog\/#\/schema\/person\/34af08dff6adea4cb22b06612ba7acfa","name":"Ag\u00eancia iNFRA","image":{"@type":"ImageObject","inLanguage":"pt-BR","@id":"https:\/\/agenciainfra.com\/blog\/#\/schema\/person\/image\/","url":"https:\/\/secure.gravatar.com\/avatar\/d189e01678f06d8eb84d4e01f08eb848b3fffe3f8443818d3c356c66892f5be8?s=96&d=mm&r=g","contentUrl":"https:\/\/secure.gravatar.com\/avatar\/d189e01678f06d8eb84d4e01f08eb848b3fffe3f8443818d3c356c66892f5be8?s=96&d=mm&r=g","caption":"Ag\u00eancia iNFRA"},"url":"https:\/\/agenciainfra.com\/blog\/author\/admin\/"}]}},"_links":{"self":[{"href":"https:\/\/agenciainfra.com\/blog\/wp-json\/wp\/v2\/posts\/9275","targetHints":{"allow":["GET"]}}],"collection":[{"href":"https:\/\/agenciainfra.com\/blog\/wp-json\/wp\/v2\/posts"}],"about":[{"href":"https:\/\/agenciainfra.com\/blog\/wp-json\/wp\/v2\/types\/post"}],"author":[{"embeddable":true,"href":"https:\/\/agenciainfra.com\/blog\/wp-json\/wp\/v2\/users\/1"}],"replies":[{"embeddable":true,"href":"https:\/\/agenciainfra.com\/blog\/wp-json\/wp\/v2\/comments?post=9275"}],"version-history":[{"count":0,"href":"https:\/\/agenciainfra.com\/blog\/wp-json\/wp\/v2\/posts\/9275\/revisions"}],"wp:featuredmedia":[{"embeddable":true,"href":"https:\/\/agenciainfra.com\/blog\/wp-json\/wp\/v2\/media\/6830"}],"wp:attachment":[{"href":"https:\/\/agenciainfra.com\/blog\/wp-json\/wp\/v2\/media?parent=9275"}],"wp:term":[{"taxonomy":"category","embeddable":true,"href":"https:\/\/agenciainfra.com\/blog\/wp-json\/wp\/v2\/categories?post=9275"},{"taxonomy":"post_tag","embeddable":true,"href":"https:\/\/agenciainfra.com\/blog\/wp-json\/wp\/v2\/tags?post=9275"}],"curies":[{"name":"wp","href":"https:\/\/api.w.org\/{rel}","templated":true}]}}