{"id":9282,"date":"2021-12-22T08:00:00","date_gmt":"2021-12-22T11:00:00","guid":{"rendered":"https:\/\/www.agenciainfra.com\/blog\/?p=9282"},"modified":"2021-12-21T08:22:46","modified_gmt":"2021-12-21T11:22:46","slug":"setor-termina-ano-na-expectativa-de-avanco-na-regulamentacao-de-baterias","status":"publish","type":"post","link":"https:\/\/agenciainfra.com\/blog\/setor-termina-ano-na-expectativa-de-avanco-na-regulamentacao-de-baterias\/","title":{"rendered":"Setor termina ano na expectativa de avan\u00e7o na regulamenta\u00e7\u00e3o de baterias"},"content":{"rendered":"\n<p class=\"has-text-align-right\"><strong>Ludmylla Rocha, da\u00a0Ag\u00eancia iNFRA<\/strong><\/p>\n\n\n\n<p>A vota\u00e7\u00e3o do Projeto de Lei 1.917\/15 em comiss\u00e3o especial da C\u00e2mara na \u00faltima semana trouxe expectativas de avan\u00e7o no uso das baterias, para os defensores de sua implanta\u00e7\u00e3o no sistema el\u00e9trico brasileiro. A proposta, que trata da moderniza\u00e7\u00e3o do setor, traz, por exemplo, a autoriza\u00e7\u00e3o de contrata\u00e7\u00e3o de pot\u00eancia de sistemas de armazenamento na qual alas se encaixam.<\/p>\n\n\n\n<p>Ricardo Costa, secret\u00e1rio de assuntos t\u00e9cnicos do INEL (Instituto Nacional de Energia Limpa), afirmou que&nbsp;a legisla\u00e7\u00e3o em vigor n\u00e3o viabiliza a utiliza\u00e7\u00e3o de baterias no setor el\u00e9trico inteiro e que isso est\u00e1 sendo tamb\u00e9m tratado pelo Projeto de Lei&nbsp;1.917\/15. Na avalia\u00e7\u00e3o dele, o texto &#8220;d\u00e1 o comando legal adequado e coerente e que vai permitir que esse tipo de atividade se desenvolva&#8221;.<\/p>\n\n\n\n<p>Ele espera que, em cerca de um ano, haja regulamenta\u00e7\u00f5es que remunerem os poss\u00edveis usos das baterias. O prazo considera uma eventual aprova\u00e7\u00e3o da lei e a regulamenta\u00e7\u00e3o desta por parte da ANEEL (Ag\u00eancia Nacional de Energia El\u00e9trica). A ag\u00eancia reguladora concluiu em mar\u00e7o deste ano uma tomada de subs\u00eddios sobre o tema.<\/p>\n\n\n\n<p>Para Mauricio Moszkowicz, coordenador-executivo do GESEL (Grupo de Estudos do Setor El\u00e9trico do Instituto de Economia da UFRJ &#8211; Universidade Federal do Rio de Janeiro), a inclus\u00e3o das baterias na base de ativos das empresas de energia &#8220;\u00e9 a grande discuss\u00e3o regulat\u00f3ria que precisa ser feita&#8221;. Ele avalia que as baterias s\u00e3o &#8220;elemento fundamental para prover a transi\u00e7\u00e3o do setor el\u00e9trico para um outro patamar&#8221;.<\/p>\n\n\n\n<p>&#8220;A regula\u00e7\u00e3o tem que reconhecer esse investimento, esse \u00e9 o grande desafio regulat\u00f3rio que a gente vai ter que enfrentar, que \u00e9 o reconhecimento desses investimentos na base de ativos das distribuidoras, das transmissoras, como um elemento que at\u00e9 evita investimentos na pr\u00f3pria rede&#8221;, pondera.<\/p>\n\n\n\n<p><strong>Usos e poss\u00edveis compensa\u00e7\u00f5es<\/strong><br>Moszkowicz explica que o tema \u00e9 controverso por conta da possibilidade que a bateria d\u00e1 de adiar determinados investimentos. Ele cita como exemplo um refor\u00e7o de rede de transmiss\u00e3o ou de distribui\u00e7\u00e3o que pode deixar de ser feito com a implanta\u00e7\u00e3o de uma bateria pr\u00f3xima ao ponto de consumo.<\/p>\n\n\n\n<p>Um caso como este teve aval da ag\u00eancia reguladora de energia el\u00e9trica em novembro. Na ocasi\u00e3o, a ANEEL aprovou o primeiro projeto de armazenamento de energia em baterias em larga escala na rede de transmiss\u00e3o do pa\u00eds, que est\u00e1 sendo realizado pela ISA Cteep. A companhia instalar\u00e1 o sistema junto a uma subesta\u00e7\u00e3o em Registro (SP), uma das respons\u00e1veis pelo abastecimento do Litoral Sul do estado.<\/p>\n\n\n\n<p><strong>Complemento de renov\u00e1veis<\/strong><br>Outra possibilidade&nbsp;\u00e9 o uso complementar na gera\u00e7\u00e3o de energia el\u00e9trica. &#8220;Eu vejo a bateria como a viabilizadora do encaixe perfeito das renov\u00e1veis com a carga. Aqui no Brasil a gente tem a felicidade de ter as hidr\u00e1ulicas que, se bem operadas, podem fazer isso em termos sist\u00eamicos por um bom tempo. Vai chegar um momento que a gente vai precisar de refor\u00e7o de bateria&#8221;, sugere Bernardo Sacic, diretor de novos neg\u00f3cios da AES Brasil.<\/p>\n\n\n\n<p>Ele avalia que uma das formas de dar espa\u00e7o para este uso \u00e9 por meio dos leil\u00f5es. &#8220;O sistema poderia tamb\u00e9m, em algum momento, falar &#8216;olha, eu estou precisando contratar pot\u00eancia&#8217; que \u00e9 justamente aquela falta em determinado momento e abrir esse leil\u00e3o de pot\u00eancia n\u00e3o somente para t\u00e9rmicas, n\u00e3o somente para fontes de gera\u00e7\u00e3o espec\u00edfica, mas para a bateria tamb\u00e9m&#8221;.<\/p>\n\n\n\n<p>Sacic avalia que, at\u00e9 o momento, o governo e o \u00f3rg\u00e3o regulador ainda n\u00e3o chegaram a um grau de convencimento de que a bateria seria t\u00e3o competitiva ou t\u00e3o suficiente quanto \u00e0s outras fontes. &#8220;E a\u00ed acaba que esses leil\u00f5es, que s\u00e3o poucos, a gente vai ter um agora, mas eles ainda privilegiam a fonte que vai gerar&#8221;, afirmou em refer\u00eancia ao certame que foi realizado ontem (21).<\/p>\n\n\n\n<p><strong>Descarboniza\u00e7\u00e3o antecipar\u00e1 debate<\/strong><br>Sacic entende, por\u00e9m, que com o avan\u00e7o das tratativas sobre descarboniza\u00e7\u00e3o em todo o planeta, essa discuss\u00e3o tende a avan\u00e7ar.<\/p>\n\n\n\n<p>&#8220;Hoje, ningu\u00e9m no mundo tem d\u00favida sobre a descarboniza\u00e7\u00e3o, at\u00e9 aqueles que n\u00e3o acreditam em aquecimento [global] sabem que descarbonizar \u00e9 bom e concordam com isso. Ent\u00e3o, por que a gente continuar a discutir t\u00e9rmicas se existem solu\u00e7\u00f5es t\u00e9cnicas suficientes para suprir essa n\u00e3o const\u00e2ncia das fontes renov\u00e1veis de uma maneira limpa?&#8221;, questiona.<\/p>\n\n\n\n<p>Moszkowicz concorda. Com a assinatura de compromissos de emiss\u00e3o zero de ind\u00fastrias com atua\u00e7\u00e3o em v\u00e1rios pa\u00edses, avalia, &#8220;esses compromissos v\u00e3o ter repercuss\u00e3o no Brasil&#8221;.<\/p>\n","protected":false},"excerpt":{"rendered":"<p>Ludmylla Rocha, da\u00a0Ag\u00eancia iNFRA A vota\u00e7\u00e3o do Projeto de Lei 1.917\/15 em comiss\u00e3o especial da C\u00e2mara na \u00faltima semana trouxe expectativas de avan\u00e7o no uso das baterias, para os defensores de sua implanta\u00e7\u00e3o no sistema el\u00e9trico brasileiro. A proposta, que trata da moderniza\u00e7\u00e3o do setor, traz, por exemplo, a autoriza\u00e7\u00e3o de contrata\u00e7\u00e3o de pot\u00eancia de [&hellip;]<\/p>\n","protected":false},"author":1,"featured_media":0,"comment_status":"closed","ping_status":"closed","sticky":false,"template":"","format":"standard","meta":{"_monsterinsights_skip_tracking":false,"_monsterinsights_sitenote_active":false,"_monsterinsights_sitenote_note":"","_monsterinsights_sitenote_category":0,"footnotes":""},"categories":[1,10],"tags":[53,5189,282,3416,4603,4876,2656,54,5190,575],"class_list":["post-9282","post","type-post","status-publish","format-standard","hentry","category-geral","category-infraenergia","tag-aneel","tag-baterias","tag-energia-eletrica","tag-energia-limpa","tag-gesel-ufrj","tag-inel","tag-regulamentacao","tag-setor-eletrico","tag-sistema-eletrico-brasileiro","tag-transmissao-de-energia"],"yoast_head":"<!-- This site is optimized with the Yoast SEO Premium plugin v25.4 (Yoast SEO v26.0) - https:\/\/yoast.com\/wordpress\/plugins\/seo\/ -->\n<title>Setor termina ano na expectativa de avan\u00e7o na regulamenta\u00e7\u00e3o de baterias - Ag\u00eancia iNFRA<\/title>\n<meta name=\"robots\" content=\"index, follow, max-snippet:-1, max-image-preview:large, max-video-preview:-1\" \/>\n<link rel=\"canonical\" href=\"https:\/\/agenciainfra.com\/blog\/setor-termina-ano-na-expectativa-de-avanco-na-regulamentacao-de-baterias\/\" \/>\n<meta property=\"og:locale\" content=\"pt_BR\" \/>\n<meta property=\"og:type\" content=\"article\" \/>\n<meta property=\"og:title\" content=\"Setor termina ano na expectativa de avan\u00e7o na regulamenta\u00e7\u00e3o de baterias\" \/>\n<meta property=\"og:description\" content=\"Ludmylla Rocha, da\u00a0Ag\u00eancia iNFRA A vota\u00e7\u00e3o do Projeto de Lei 1.917\/15 em comiss\u00e3o especial da C\u00e2mara na \u00faltima semana trouxe expectativas de avan\u00e7o no uso das baterias, para os defensores de sua implanta\u00e7\u00e3o no sistema el\u00e9trico brasileiro. A proposta, que trata da moderniza\u00e7\u00e3o do setor, traz, por exemplo, a autoriza\u00e7\u00e3o de contrata\u00e7\u00e3o de pot\u00eancia de [&hellip;]\" \/>\n<meta property=\"og:url\" content=\"https:\/\/agenciainfra.com\/blog\/setor-termina-ano-na-expectativa-de-avanco-na-regulamentacao-de-baterias\/\" \/>\n<meta property=\"og:site_name\" content=\"Ag\u00eancia iNFRA\" \/>\n<meta property=\"article:publisher\" content=\"https:\/\/www.facebook.com\/ageninfra\" \/>\n<meta property=\"article:published_time\" content=\"2021-12-22T11:00:00+00:00\" \/>\n<meta property=\"og:image\" content=\"https:\/\/agenciainfra.com\/blog\/wp-content\/uploads\/2021\/12\/baterias-foto-isa-cteep.jpg\" \/>\n\t<meta property=\"og:image:width\" content=\"1680\" \/>\n\t<meta property=\"og:image:height\" content=\"706\" \/>\n\t<meta property=\"og:image:type\" content=\"image\/jpeg\" \/>\n<meta name=\"author\" content=\"Ag\u00eancia iNFRA\" \/>\n<meta name=\"twitter:card\" content=\"summary_large_image\" \/>\n<meta name=\"twitter:creator\" content=\"@agencia_infra\" \/>\n<meta name=\"twitter:site\" content=\"@agencia_infra\" \/>\n<meta name=\"twitter:label1\" content=\"Escrito por\" \/>\n\t<meta name=\"twitter:data1\" content=\"Ag\u00eancia iNFRA\" \/>\n\t<meta name=\"twitter:label2\" content=\"Est. tempo de leitura\" \/>\n\t<meta name=\"twitter:data2\" content=\"4 minutos\" \/>\n<script type=\"application\/ld+json\" class=\"yoast-schema-graph\">{\"@context\":\"https:\/\/schema.org\",\"@graph\":[{\"@type\":\"Article\",\"@id\":\"https:\/\/agenciainfra.com\/blog\/setor-termina-ano-na-expectativa-de-avanco-na-regulamentacao-de-baterias\/#article\",\"isPartOf\":{\"@id\":\"https:\/\/agenciainfra.com\/blog\/setor-termina-ano-na-expectativa-de-avanco-na-regulamentacao-de-baterias\/\"},\"author\":{\"name\":\"Ag\u00eancia iNFRA\",\"@id\":\"https:\/\/agenciainfra.com\/blog\/#\/schema\/person\/34af08dff6adea4cb22b06612ba7acfa\"},\"headline\":\"Setor termina ano na expectativa de avan\u00e7o na regulamenta\u00e7\u00e3o de baterias\",\"datePublished\":\"2021-12-22T11:00:00+00:00\",\"mainEntityOfPage\":{\"@id\":\"https:\/\/agenciainfra.com\/blog\/setor-termina-ano-na-expectativa-de-avanco-na-regulamentacao-de-baterias\/\"},\"wordCount\":826,\"publisher\":{\"@id\":\"https:\/\/agenciainfra.com\/blog\/#organization\"},\"keywords\":[\"ANEEL\",\"baterias\",\"energia el\u00e9trica\",\"energia limpa\",\"Gesel\/UFRJ\",\"Inel\",\"regulamenta\u00e7\u00e3o\",\"Setor El\u00e9trico\",\"sistema el\u00e9trico brasileiro\",\"transmiss\u00e3o de energia\"],\"articleSection\":[\"Geral\",\"iNFRAEnergia\"],\"inLanguage\":\"pt-BR\",\"copyrightYear\":\"2021\",\"copyrightHolder\":{\"@id\":\"https:\/\/agenciainfra.com\/blog\/#organization\"}},{\"@type\":\"WebPage\",\"@id\":\"https:\/\/agenciainfra.com\/blog\/setor-termina-ano-na-expectativa-de-avanco-na-regulamentacao-de-baterias\/\",\"url\":\"https:\/\/agenciainfra.com\/blog\/setor-termina-ano-na-expectativa-de-avanco-na-regulamentacao-de-baterias\/\",\"name\":\"Setor termina ano na expectativa de avan\u00e7o na regulamenta\u00e7\u00e3o de baterias - Ag\u00eancia iNFRA\",\"isPartOf\":{\"@id\":\"https:\/\/agenciainfra.com\/blog\/#website\"},\"datePublished\":\"2021-12-22T11:00:00+00:00\",\"breadcrumb\":{\"@id\":\"https:\/\/agenciainfra.com\/blog\/setor-termina-ano-na-expectativa-de-avanco-na-regulamentacao-de-baterias\/#breadcrumb\"},\"inLanguage\":\"pt-BR\",\"potentialAction\":[{\"@type\":\"ReadAction\",\"target\":[\"https:\/\/agenciainfra.com\/blog\/setor-termina-ano-na-expectativa-de-avanco-na-regulamentacao-de-baterias\/\"]}]},{\"@type\":\"BreadcrumbList\",\"@id\":\"https:\/\/agenciainfra.com\/blog\/setor-termina-ano-na-expectativa-de-avanco-na-regulamentacao-de-baterias\/#breadcrumb\",\"itemListElement\":[{\"@type\":\"ListItem\",\"position\":1,\"name\":\"In\u00edcio\",\"item\":\"https:\/\/agenciainfra.com\/blog\/\"},{\"@type\":\"ListItem\",\"position\":2,\"name\":\"Setor termina ano na expectativa de avan\u00e7o na regulamenta\u00e7\u00e3o de baterias\"}]},{\"@type\":\"WebSite\",\"@id\":\"https:\/\/agenciainfra.com\/blog\/#website\",\"url\":\"https:\/\/agenciainfra.com\/blog\/\",\"name\":\"Ag\u00eancia iNFRA\",\"description\":\"Multiplataforma de informa\u00e7\u00e3o jornal\u00edstica refer\u00eancia na \u00e1rea de infraestrutura no Brasil!\",\"publisher\":{\"@id\":\"https:\/\/agenciainfra.com\/blog\/#organization\"},\"potentialAction\":[{\"@type\":\"SearchAction\",\"target\":{\"@type\":\"EntryPoint\",\"urlTemplate\":\"https:\/\/agenciainfra.com\/blog\/?s={search_term_string}\"},\"query-input\":{\"@type\":\"PropertyValueSpecification\",\"valueRequired\":true,\"valueName\":\"search_term_string\"}}],\"inLanguage\":\"pt-BR\"},{\"@type\":\"Organization\",\"@id\":\"https:\/\/agenciainfra.com\/blog\/#organization\",\"name\":\"Ag\u00eancia iNFRA\",\"url\":\"https:\/\/agenciainfra.com\/blog\/\",\"logo\":{\"@type\":\"ImageObject\",\"inLanguage\":\"pt-BR\",\"@id\":\"https:\/\/agenciainfra.com\/blog\/#\/schema\/logo\/image\/\",\"url\":\"https:\/\/agenciainfra.com\/blog\/wp-content\/uploads\/2023\/09\/iNFRA_5-e1761735885940.png\",\"contentUrl\":\"https:\/\/agenciainfra.com\/blog\/wp-content\/uploads\/2023\/09\/iNFRA_5-e1761735885940.png\",\"width\":1672,\"height\":454,\"caption\":\"Ag\u00eancia iNFRA\"},\"image\":{\"@id\":\"https:\/\/agenciainfra.com\/blog\/#\/schema\/logo\/image\/\"},\"sameAs\":[\"https:\/\/www.facebook.com\/ageninfra\",\"https:\/\/x.com\/agencia_infra\",\"https:\/\/www.linkedin.com\/company\/ag\u00eanciainfra\/\",\"https:\/\/www.instagram.com\/agenciainfra\/\"]},{\"@type\":\"Person\",\"@id\":\"https:\/\/agenciainfra.com\/blog\/#\/schema\/person\/34af08dff6adea4cb22b06612ba7acfa\",\"name\":\"Ag\u00eancia iNFRA\",\"image\":{\"@type\":\"ImageObject\",\"inLanguage\":\"pt-BR\",\"@id\":\"https:\/\/agenciainfra.com\/blog\/#\/schema\/person\/image\/\",\"url\":\"https:\/\/secure.gravatar.com\/avatar\/d189e01678f06d8eb84d4e01f08eb848b3fffe3f8443818d3c356c66892f5be8?s=96&d=mm&r=g\",\"contentUrl\":\"https:\/\/secure.gravatar.com\/avatar\/d189e01678f06d8eb84d4e01f08eb848b3fffe3f8443818d3c356c66892f5be8?s=96&d=mm&r=g\",\"caption\":\"Ag\u00eancia iNFRA\"},\"url\":\"https:\/\/agenciainfra.com\/blog\/author\/admin\/\"}]}<\/script>\n<!-- \/ Yoast SEO Premium plugin. -->","yoast_head_json":{"title":"Setor termina ano na expectativa de avan\u00e7o na regulamenta\u00e7\u00e3o de baterias - Ag\u00eancia iNFRA","robots":{"index":"index","follow":"follow","max-snippet":"max-snippet:-1","max-image-preview":"max-image-preview:large","max-video-preview":"max-video-preview:-1"},"canonical":"https:\/\/agenciainfra.com\/blog\/setor-termina-ano-na-expectativa-de-avanco-na-regulamentacao-de-baterias\/","og_locale":"pt_BR","og_type":"article","og_title":"Setor termina ano na expectativa de avan\u00e7o na regulamenta\u00e7\u00e3o de baterias","og_description":"Ludmylla Rocha, da\u00a0Ag\u00eancia iNFRA A vota\u00e7\u00e3o do Projeto de Lei 1.917\/15 em comiss\u00e3o especial da C\u00e2mara na \u00faltima semana trouxe expectativas de avan\u00e7o no uso das baterias, para os defensores de sua implanta\u00e7\u00e3o no sistema el\u00e9trico brasileiro. A proposta, que trata da moderniza\u00e7\u00e3o do setor, traz, por exemplo, a autoriza\u00e7\u00e3o de contrata\u00e7\u00e3o de pot\u00eancia de [&hellip;]","og_url":"https:\/\/agenciainfra.com\/blog\/setor-termina-ano-na-expectativa-de-avanco-na-regulamentacao-de-baterias\/","og_site_name":"Ag\u00eancia iNFRA","article_publisher":"https:\/\/www.facebook.com\/ageninfra","article_published_time":"2021-12-22T11:00:00+00:00","og_image":[{"width":1680,"height":706,"url":"https:\/\/agenciainfra.com\/blog\/wp-content\/uploads\/2021\/12\/baterias-foto-isa-cteep.jpg","type":"image\/jpeg"}],"author":"Ag\u00eancia iNFRA","twitter_card":"summary_large_image","twitter_creator":"@agencia_infra","twitter_site":"@agencia_infra","twitter_misc":{"Escrito por":"Ag\u00eancia iNFRA","Est. tempo de leitura":"4 minutos"},"schema":{"@context":"https:\/\/schema.org","@graph":[{"@type":"Article","@id":"https:\/\/agenciainfra.com\/blog\/setor-termina-ano-na-expectativa-de-avanco-na-regulamentacao-de-baterias\/#article","isPartOf":{"@id":"https:\/\/agenciainfra.com\/blog\/setor-termina-ano-na-expectativa-de-avanco-na-regulamentacao-de-baterias\/"},"author":{"name":"Ag\u00eancia iNFRA","@id":"https:\/\/agenciainfra.com\/blog\/#\/schema\/person\/34af08dff6adea4cb22b06612ba7acfa"},"headline":"Setor termina ano na expectativa de avan\u00e7o na regulamenta\u00e7\u00e3o de baterias","datePublished":"2021-12-22T11:00:00+00:00","mainEntityOfPage":{"@id":"https:\/\/agenciainfra.com\/blog\/setor-termina-ano-na-expectativa-de-avanco-na-regulamentacao-de-baterias\/"},"wordCount":826,"publisher":{"@id":"https:\/\/agenciainfra.com\/blog\/#organization"},"keywords":["ANEEL","baterias","energia el\u00e9trica","energia limpa","Gesel\/UFRJ","Inel","regulamenta\u00e7\u00e3o","Setor El\u00e9trico","sistema el\u00e9trico brasileiro","transmiss\u00e3o de energia"],"articleSection":["Geral","iNFRAEnergia"],"inLanguage":"pt-BR","copyrightYear":"2021","copyrightHolder":{"@id":"https:\/\/agenciainfra.com\/blog\/#organization"}},{"@type":"WebPage","@id":"https:\/\/agenciainfra.com\/blog\/setor-termina-ano-na-expectativa-de-avanco-na-regulamentacao-de-baterias\/","url":"https:\/\/agenciainfra.com\/blog\/setor-termina-ano-na-expectativa-de-avanco-na-regulamentacao-de-baterias\/","name":"Setor termina ano na expectativa de avan\u00e7o na regulamenta\u00e7\u00e3o de baterias - Ag\u00eancia iNFRA","isPartOf":{"@id":"https:\/\/agenciainfra.com\/blog\/#website"},"datePublished":"2021-12-22T11:00:00+00:00","breadcrumb":{"@id":"https:\/\/agenciainfra.com\/blog\/setor-termina-ano-na-expectativa-de-avanco-na-regulamentacao-de-baterias\/#breadcrumb"},"inLanguage":"pt-BR","potentialAction":[{"@type":"ReadAction","target":["https:\/\/agenciainfra.com\/blog\/setor-termina-ano-na-expectativa-de-avanco-na-regulamentacao-de-baterias\/"]}]},{"@type":"BreadcrumbList","@id":"https:\/\/agenciainfra.com\/blog\/setor-termina-ano-na-expectativa-de-avanco-na-regulamentacao-de-baterias\/#breadcrumb","itemListElement":[{"@type":"ListItem","position":1,"name":"In\u00edcio","item":"https:\/\/agenciainfra.com\/blog\/"},{"@type":"ListItem","position":2,"name":"Setor termina ano na expectativa de avan\u00e7o na regulamenta\u00e7\u00e3o de baterias"}]},{"@type":"WebSite","@id":"https:\/\/agenciainfra.com\/blog\/#website","url":"https:\/\/agenciainfra.com\/blog\/","name":"Ag\u00eancia iNFRA","description":"Multiplataforma de informa\u00e7\u00e3o jornal\u00edstica refer\u00eancia na \u00e1rea de infraestrutura no Brasil!","publisher":{"@id":"https:\/\/agenciainfra.com\/blog\/#organization"},"potentialAction":[{"@type":"SearchAction","target":{"@type":"EntryPoint","urlTemplate":"https:\/\/agenciainfra.com\/blog\/?s={search_term_string}"},"query-input":{"@type":"PropertyValueSpecification","valueRequired":true,"valueName":"search_term_string"}}],"inLanguage":"pt-BR"},{"@type":"Organization","@id":"https:\/\/agenciainfra.com\/blog\/#organization","name":"Ag\u00eancia iNFRA","url":"https:\/\/agenciainfra.com\/blog\/","logo":{"@type":"ImageObject","inLanguage":"pt-BR","@id":"https:\/\/agenciainfra.com\/blog\/#\/schema\/logo\/image\/","url":"https:\/\/agenciainfra.com\/blog\/wp-content\/uploads\/2023\/09\/iNFRA_5-e1761735885940.png","contentUrl":"https:\/\/agenciainfra.com\/blog\/wp-content\/uploads\/2023\/09\/iNFRA_5-e1761735885940.png","width":1672,"height":454,"caption":"Ag\u00eancia iNFRA"},"image":{"@id":"https:\/\/agenciainfra.com\/blog\/#\/schema\/logo\/image\/"},"sameAs":["https:\/\/www.facebook.com\/ageninfra","https:\/\/x.com\/agencia_infra","https:\/\/www.linkedin.com\/company\/ag\u00eanciainfra\/","https:\/\/www.instagram.com\/agenciainfra\/"]},{"@type":"Person","@id":"https:\/\/agenciainfra.com\/blog\/#\/schema\/person\/34af08dff6adea4cb22b06612ba7acfa","name":"Ag\u00eancia iNFRA","image":{"@type":"ImageObject","inLanguage":"pt-BR","@id":"https:\/\/agenciainfra.com\/blog\/#\/schema\/person\/image\/","url":"https:\/\/secure.gravatar.com\/avatar\/d189e01678f06d8eb84d4e01f08eb848b3fffe3f8443818d3c356c66892f5be8?s=96&d=mm&r=g","contentUrl":"https:\/\/secure.gravatar.com\/avatar\/d189e01678f06d8eb84d4e01f08eb848b3fffe3f8443818d3c356c66892f5be8?s=96&d=mm&r=g","caption":"Ag\u00eancia iNFRA"},"url":"https:\/\/agenciainfra.com\/blog\/author\/admin\/"}]}},"_links":{"self":[{"href":"https:\/\/agenciainfra.com\/blog\/wp-json\/wp\/v2\/posts\/9282","targetHints":{"allow":["GET"]}}],"collection":[{"href":"https:\/\/agenciainfra.com\/blog\/wp-json\/wp\/v2\/posts"}],"about":[{"href":"https:\/\/agenciainfra.com\/blog\/wp-json\/wp\/v2\/types\/post"}],"author":[{"embeddable":true,"href":"https:\/\/agenciainfra.com\/blog\/wp-json\/wp\/v2\/users\/1"}],"replies":[{"embeddable":true,"href":"https:\/\/agenciainfra.com\/blog\/wp-json\/wp\/v2\/comments?post=9282"}],"version-history":[{"count":0,"href":"https:\/\/agenciainfra.com\/blog\/wp-json\/wp\/v2\/posts\/9282\/revisions"}],"wp:attachment":[{"href":"https:\/\/agenciainfra.com\/blog\/wp-json\/wp\/v2\/media?parent=9282"}],"wp:term":[{"taxonomy":"category","embeddable":true,"href":"https:\/\/agenciainfra.com\/blog\/wp-json\/wp\/v2\/categories?post=9282"},{"taxonomy":"post_tag","embeddable":true,"href":"https:\/\/agenciainfra.com\/blog\/wp-json\/wp\/v2\/tags?post=9282"}],"curies":[{"name":"wp","href":"https:\/\/api.w.org\/{rel}","templated":true}]}}