{"id":9303,"date":"2021-12-29T09:00:00","date_gmt":"2021-12-29T12:00:00","guid":{"rendered":"https:\/\/www.agenciainfra.com\/blog\/?p=9303"},"modified":"2021-12-23T09:49:50","modified_gmt":"2021-12-23T12:49:50","slug":"em-mes-de-greve-de-caminhoneiros-porto-de-santos-sp-registra-queda-na-movimentacao","status":"publish","type":"post","link":"https:\/\/agenciainfra.com\/blog\/em-mes-de-greve-de-caminhoneiros-porto-de-santos-sp-registra-queda-na-movimentacao\/","title":{"rendered":"Em m\u00eas de greve de caminhoneiros, Porto de Santos (SP) registra queda na movimenta\u00e7\u00e3o"},"content":{"rendered":"\n<p class=\"has-text-align-right\"><strong>da\u00a0Ag\u00eancia iNFRA<\/strong><\/p>\n\n\n\n<p>A movimenta\u00e7\u00e3o de mercadorias no Porto de Santos (SP), o maior do pa\u00eds, registrou queda expressiva no m\u00eas de novembro, se comparada ao mesmo m\u00eas do ano anterior. No in\u00edcio de novembro, caminhoneiros aut\u00f4nomos que operam na regi\u00e3o fizeram uma paralisa\u00e7\u00e3o de uma semana. Os dados de movimenta\u00e7\u00e3o de novembro est\u00e3o&nbsp;<a href=\"https:\/\/agenciainfra.us14.list-manage.com\/track\/click?u=d460dd1bcf9ba0ae040e1fc0f&amp;id=f9c37416db&amp;e=8d54f1ad19\" target=\"_blank\" rel=\"noreferrer noopener\">neste link<\/a>.<\/p>\n\n\n\n<p>Dados divulgados na \u00faltima quarta-feira (22) pela SPA (Autoridade Portu\u00e1ria de Santos) indicam que o movimento geral (embarques e desembarques) caiu 7,3%. Foram 11,2 milh\u00f5es de toneladas movimentadas no m\u00eas em 2021 contra 12,1 milh\u00f5es no mesmo per\u00edodo de\u00a02020. Os embarques ca\u00edram 9,6%. Mais que os desembarques, que tiveram 2% de queda. O fluxo de navios no porto foi 4,7% menor.<\/p>\n\n\n\n<p>A queda mais expressiva foi na movimenta\u00e7\u00e3o de cont\u00eaineres.&nbsp;Em unidades, houve uma queda de 12,9% no m\u00eas. Em 2020, foram 247,8 mil movimenta\u00e7\u00f5es contra 215,8 mil em 2021, ou seja, mais de 30 mil cont\u00eaineres a menos movimentados no m\u00eas em que houve a paralisa\u00e7\u00e3o.<\/p>\n\n\n\n<p>Em nota para a imprensa, a SPA afirmou que &#8220;o&nbsp;forte crescimento de cont\u00eaineres ao longo do ano levou o Porto de Santos a bater o recorde anual de movimenta\u00e7\u00e3o dessa tipologia de carga j\u00e1 em novembro, mesmo diante do recuo no m\u00eas&#8221;.&nbsp;<\/p>\n\n\n\n<p><strong>Limite<\/strong><br>Os 11 primeiros meses de 2021 tiveram 4,4 milh\u00f5es de TEU (cont\u00eainer padr\u00e3o de 20 p\u00e9s), 3,5% superior ao recorde anual de 4,2 milh\u00f5es de TEU registrados nos 12 meses de 2020 e 15,4% acima do mesmo per\u00edodo de 2020.<\/p>\n\n\n\n<p>Outra informa\u00e7\u00e3o divulgada \u00e9 que a Autoridade Portu\u00e1ria&nbsp;projeta encerrar o ano com 4,8 milh\u00f5es de TEU e a capacidade instalada do Porto \u00e9 para 5,3 milh\u00f5es de TEU.<\/p>\n","protected":false},"excerpt":{"rendered":"<p>da\u00a0Ag\u00eancia iNFRA A movimenta\u00e7\u00e3o de mercadorias no Porto de Santos (SP), o maior do pa\u00eds, registrou queda expressiva no m\u00eas de novembro, se comparada ao mesmo m\u00eas do ano anterior. No in\u00edcio de novembro, caminhoneiros aut\u00f4nomos que operam na regi\u00e3o fizeram uma paralisa\u00e7\u00e3o de uma semana. Os dados de movimenta\u00e7\u00e3o de novembro est\u00e3o&nbsp;neste link. Dados [&hellip;]<\/p>\n","protected":false},"author":1,"featured_media":5432,"comment_status":"closed","ping_status":"closed","sticky":false,"template":"","format":"standard","meta":{"_monsterinsights_skip_tracking":false,"_monsterinsights_sitenote_active":false,"_monsterinsights_sitenote_note":"","_monsterinsights_sitenote_category":0,"footnotes":""},"categories":[1,7],"tags":[873,5192,3444,5191,466,260,1201,1941,70],"class_list":["post-9303","post","type-post","status-publish","format-standard","has-post-thumbnail","hentry","category-geral","category-infratransporte","tag-conteineres","tag-mercadorias","tag-movimentacao-de-cargas","tag-navios","tag-paralisacao","tag-porto-de-santos","tag-setor-portuario","tag-spa","tag-transportes"],"yoast_head":"<!-- This site is optimized with the Yoast SEO Premium plugin v25.4 (Yoast SEO v26.0) - https:\/\/yoast.com\/wordpress\/plugins\/seo\/ -->\n<title>Em m\u00eas de greve de caminhoneiros, Porto de Santos (SP) registra queda na movimenta\u00e7\u00e3o - Ag\u00eancia iNFRA<\/title>\n<meta name=\"robots\" content=\"index, follow, max-snippet:-1, max-image-preview:large, max-video-preview:-1\" \/>\n<link rel=\"canonical\" href=\"https:\/\/agenciainfra.com\/blog\/em-mes-de-greve-de-caminhoneiros-porto-de-santos-sp-registra-queda-na-movimentacao\/\" \/>\n<meta property=\"og:locale\" content=\"pt_BR\" \/>\n<meta property=\"og:type\" content=\"article\" \/>\n<meta property=\"og:title\" content=\"Em m\u00eas de greve de caminhoneiros, Porto de Santos (SP) registra queda na movimenta\u00e7\u00e3o\" \/>\n<meta property=\"og:description\" content=\"da\u00a0Ag\u00eancia iNFRA A movimenta\u00e7\u00e3o de mercadorias no Porto de Santos (SP), o maior do pa\u00eds, registrou queda expressiva no m\u00eas de novembro, se comparada ao mesmo m\u00eas do ano anterior. No in\u00edcio de novembro, caminhoneiros aut\u00f4nomos que operam na regi\u00e3o fizeram uma paralisa\u00e7\u00e3o de uma semana. Os dados de movimenta\u00e7\u00e3o de novembro est\u00e3o&nbsp;neste link. Dados [&hellip;]\" \/>\n<meta property=\"og:url\" content=\"https:\/\/agenciainfra.com\/blog\/em-mes-de-greve-de-caminhoneiros-porto-de-santos-sp-registra-queda-na-movimentacao\/\" \/>\n<meta property=\"og:site_name\" content=\"Ag\u00eancia iNFRA\" \/>\n<meta property=\"article:publisher\" content=\"https:\/\/www.facebook.com\/ageninfra\" \/>\n<meta property=\"article:published_time\" content=\"2021-12-29T12:00:00+00:00\" \/>\n<meta property=\"og:image\" content=\"https:\/\/agenciainfra.com\/blog\/wp-content\/uploads\/2020\/07\/porto-santos-foto-sergio-furtado-spa.jpg\" \/>\n\t<meta property=\"og:image:width\" content=\"1280\" \/>\n\t<meta property=\"og:image:height\" content=\"853\" \/>\n\t<meta property=\"og:image:type\" content=\"image\/jpeg\" \/>\n<meta name=\"author\" content=\"Ag\u00eancia iNFRA\" \/>\n<meta name=\"twitter:card\" content=\"summary_large_image\" \/>\n<meta name=\"twitter:creator\" content=\"@agencia_infra\" \/>\n<meta name=\"twitter:site\" content=\"@agencia_infra\" \/>\n<meta name=\"twitter:label1\" content=\"Escrito por\" \/>\n\t<meta name=\"twitter:data1\" content=\"Ag\u00eancia iNFRA\" \/>\n\t<meta name=\"twitter:label2\" content=\"Est. tempo de leitura\" \/>\n\t<meta name=\"twitter:data2\" content=\"1 minuto\" \/>\n<script type=\"application\/ld+json\" class=\"yoast-schema-graph\">{\"@context\":\"https:\/\/schema.org\",\"@graph\":[{\"@type\":\"Article\",\"@id\":\"https:\/\/agenciainfra.com\/blog\/em-mes-de-greve-de-caminhoneiros-porto-de-santos-sp-registra-queda-na-movimentacao\/#article\",\"isPartOf\":{\"@id\":\"https:\/\/agenciainfra.com\/blog\/em-mes-de-greve-de-caminhoneiros-porto-de-santos-sp-registra-queda-na-movimentacao\/\"},\"author\":{\"name\":\"Ag\u00eancia iNFRA\",\"@id\":\"https:\/\/agenciainfra.com\/blog\/#\/schema\/person\/34af08dff6adea4cb22b06612ba7acfa\"},\"headline\":\"Em m\u00eas de greve de caminhoneiros, Porto de Santos (SP) registra queda na movimenta\u00e7\u00e3o\",\"datePublished\":\"2021-12-29T12:00:00+00:00\",\"mainEntityOfPage\":{\"@id\":\"https:\/\/agenciainfra.com\/blog\/em-mes-de-greve-de-caminhoneiros-porto-de-santos-sp-registra-queda-na-movimentacao\/\"},\"wordCount\":306,\"publisher\":{\"@id\":\"https:\/\/agenciainfra.com\/blog\/#organization\"},\"image\":{\"@id\":\"https:\/\/agenciainfra.com\/blog\/em-mes-de-greve-de-caminhoneiros-porto-de-santos-sp-registra-queda-na-movimentacao\/#primaryimage\"},\"thumbnailUrl\":\"https:\/\/agenciainfra.com\/blog\/wp-content\/uploads\/2020\/07\/porto-santos-foto-sergio-furtado-spa.jpg\",\"keywords\":[\"cont\u00eaineres\",\"mercadorias\",\"movimenta\u00e7\u00e3o de cargas\",\"navios\",\"paralisa\u00e7\u00e3o\",\"Porto de Santos\",\"setor portu\u00e1rio\",\"SPA\",\"transportes\"],\"articleSection\":[\"Geral\",\"iNFRATransporte\"],\"inLanguage\":\"pt-BR\",\"copyrightYear\":\"2021\",\"copyrightHolder\":{\"@id\":\"https:\/\/agenciainfra.com\/blog\/#organization\"}},{\"@type\":\"WebPage\",\"@id\":\"https:\/\/agenciainfra.com\/blog\/em-mes-de-greve-de-caminhoneiros-porto-de-santos-sp-registra-queda-na-movimentacao\/\",\"url\":\"https:\/\/agenciainfra.com\/blog\/em-mes-de-greve-de-caminhoneiros-porto-de-santos-sp-registra-queda-na-movimentacao\/\",\"name\":\"Em m\u00eas de greve de caminhoneiros, Porto de Santos (SP) registra queda na movimenta\u00e7\u00e3o - Ag\u00eancia iNFRA\",\"isPartOf\":{\"@id\":\"https:\/\/agenciainfra.com\/blog\/#website\"},\"primaryImageOfPage\":{\"@id\":\"https:\/\/agenciainfra.com\/blog\/em-mes-de-greve-de-caminhoneiros-porto-de-santos-sp-registra-queda-na-movimentacao\/#primaryimage\"},\"image\":{\"@id\":\"https:\/\/agenciainfra.com\/blog\/em-mes-de-greve-de-caminhoneiros-porto-de-santos-sp-registra-queda-na-movimentacao\/#primaryimage\"},\"thumbnailUrl\":\"https:\/\/agenciainfra.com\/blog\/wp-content\/uploads\/2020\/07\/porto-santos-foto-sergio-furtado-spa.jpg\",\"datePublished\":\"2021-12-29T12:00:00+00:00\",\"breadcrumb\":{\"@id\":\"https:\/\/agenciainfra.com\/blog\/em-mes-de-greve-de-caminhoneiros-porto-de-santos-sp-registra-queda-na-movimentacao\/#breadcrumb\"},\"inLanguage\":\"pt-BR\",\"potentialAction\":[{\"@type\":\"ReadAction\",\"target\":[\"https:\/\/agenciainfra.com\/blog\/em-mes-de-greve-de-caminhoneiros-porto-de-santos-sp-registra-queda-na-movimentacao\/\"]}]},{\"@type\":\"ImageObject\",\"inLanguage\":\"pt-BR\",\"@id\":\"https:\/\/agenciainfra.com\/blog\/em-mes-de-greve-de-caminhoneiros-porto-de-santos-sp-registra-queda-na-movimentacao\/#primaryimage\",\"url\":\"https:\/\/agenciainfra.com\/blog\/wp-content\/uploads\/2020\/07\/porto-santos-foto-sergio-furtado-spa.jpg\",\"contentUrl\":\"https:\/\/agenciainfra.com\/blog\/wp-content\/uploads\/2020\/07\/porto-santos-foto-sergio-furtado-spa.jpg\",\"width\":1280,\"height\":853},{\"@type\":\"BreadcrumbList\",\"@id\":\"https:\/\/agenciainfra.com\/blog\/em-mes-de-greve-de-caminhoneiros-porto-de-santos-sp-registra-queda-na-movimentacao\/#breadcrumb\",\"itemListElement\":[{\"@type\":\"ListItem\",\"position\":1,\"name\":\"In\u00edcio\",\"item\":\"https:\/\/agenciainfra.com\/blog\/\"},{\"@type\":\"ListItem\",\"position\":2,\"name\":\"Em m\u00eas de greve de caminhoneiros, Porto de Santos (SP) registra queda na movimenta\u00e7\u00e3o\"}]},{\"@type\":\"WebSite\",\"@id\":\"https:\/\/agenciainfra.com\/blog\/#website\",\"url\":\"https:\/\/agenciainfra.com\/blog\/\",\"name\":\"Ag\u00eancia iNFRA\",\"description\":\"Multiplataforma de informa\u00e7\u00e3o jornal\u00edstica refer\u00eancia na \u00e1rea de infraestrutura no Brasil!\",\"publisher\":{\"@id\":\"https:\/\/agenciainfra.com\/blog\/#organization\"},\"potentialAction\":[{\"@type\":\"SearchAction\",\"target\":{\"@type\":\"EntryPoint\",\"urlTemplate\":\"https:\/\/agenciainfra.com\/blog\/?s={search_term_string}\"},\"query-input\":{\"@type\":\"PropertyValueSpecification\",\"valueRequired\":true,\"valueName\":\"search_term_string\"}}],\"inLanguage\":\"pt-BR\"},{\"@type\":\"Organization\",\"@id\":\"https:\/\/agenciainfra.com\/blog\/#organization\",\"name\":\"Ag\u00eancia iNFRA\",\"url\":\"https:\/\/agenciainfra.com\/blog\/\",\"logo\":{\"@type\":\"ImageObject\",\"inLanguage\":\"pt-BR\",\"@id\":\"https:\/\/agenciainfra.com\/blog\/#\/schema\/logo\/image\/\",\"url\":\"https:\/\/agenciainfra.com\/blog\/wp-content\/uploads\/2023\/09\/iNFRA_5-e1761735885940.png\",\"contentUrl\":\"https:\/\/agenciainfra.com\/blog\/wp-content\/uploads\/2023\/09\/iNFRA_5-e1761735885940.png\",\"width\":1672,\"height\":454,\"caption\":\"Ag\u00eancia iNFRA\"},\"image\":{\"@id\":\"https:\/\/agenciainfra.com\/blog\/#\/schema\/logo\/image\/\"},\"sameAs\":[\"https:\/\/www.facebook.com\/ageninfra\",\"https:\/\/x.com\/agencia_infra\",\"https:\/\/www.linkedin.com\/company\/ag\u00eanciainfra\/\",\"https:\/\/www.instagram.com\/agenciainfra\/\"]},{\"@type\":\"Person\",\"@id\":\"https:\/\/agenciainfra.com\/blog\/#\/schema\/person\/34af08dff6adea4cb22b06612ba7acfa\",\"name\":\"Ag\u00eancia iNFRA\",\"image\":{\"@type\":\"ImageObject\",\"inLanguage\":\"pt-BR\",\"@id\":\"https:\/\/agenciainfra.com\/blog\/#\/schema\/person\/image\/\",\"url\":\"https:\/\/secure.gravatar.com\/avatar\/d189e01678f06d8eb84d4e01f08eb848b3fffe3f8443818d3c356c66892f5be8?s=96&d=mm&r=g\",\"contentUrl\":\"https:\/\/secure.gravatar.com\/avatar\/d189e01678f06d8eb84d4e01f08eb848b3fffe3f8443818d3c356c66892f5be8?s=96&d=mm&r=g\",\"caption\":\"Ag\u00eancia iNFRA\"},\"url\":\"https:\/\/agenciainfra.com\/blog\/author\/admin\/\"}]}<\/script>\n<!-- \/ Yoast SEO Premium plugin. -->","yoast_head_json":{"title":"Em m\u00eas de greve de caminhoneiros, Porto de Santos (SP) registra queda na movimenta\u00e7\u00e3o - Ag\u00eancia iNFRA","robots":{"index":"index","follow":"follow","max-snippet":"max-snippet:-1","max-image-preview":"max-image-preview:large","max-video-preview":"max-video-preview:-1"},"canonical":"https:\/\/agenciainfra.com\/blog\/em-mes-de-greve-de-caminhoneiros-porto-de-santos-sp-registra-queda-na-movimentacao\/","og_locale":"pt_BR","og_type":"article","og_title":"Em m\u00eas de greve de caminhoneiros, Porto de Santos (SP) registra queda na movimenta\u00e7\u00e3o","og_description":"da\u00a0Ag\u00eancia iNFRA A movimenta\u00e7\u00e3o de mercadorias no Porto de Santos (SP), o maior do pa\u00eds, registrou queda expressiva no m\u00eas de novembro, se comparada ao mesmo m\u00eas do ano anterior. No in\u00edcio de novembro, caminhoneiros aut\u00f4nomos que operam na regi\u00e3o fizeram uma paralisa\u00e7\u00e3o de uma semana. Os dados de movimenta\u00e7\u00e3o de novembro est\u00e3o&nbsp;neste link. Dados [&hellip;]","og_url":"https:\/\/agenciainfra.com\/blog\/em-mes-de-greve-de-caminhoneiros-porto-de-santos-sp-registra-queda-na-movimentacao\/","og_site_name":"Ag\u00eancia iNFRA","article_publisher":"https:\/\/www.facebook.com\/ageninfra","article_published_time":"2021-12-29T12:00:00+00:00","og_image":[{"width":1280,"height":853,"url":"https:\/\/agenciainfra.com\/blog\/wp-content\/uploads\/2020\/07\/porto-santos-foto-sergio-furtado-spa.jpg","type":"image\/jpeg"}],"author":"Ag\u00eancia iNFRA","twitter_card":"summary_large_image","twitter_creator":"@agencia_infra","twitter_site":"@agencia_infra","twitter_misc":{"Escrito por":"Ag\u00eancia iNFRA","Est. tempo de leitura":"1 minuto"},"schema":{"@context":"https:\/\/schema.org","@graph":[{"@type":"Article","@id":"https:\/\/agenciainfra.com\/blog\/em-mes-de-greve-de-caminhoneiros-porto-de-santos-sp-registra-queda-na-movimentacao\/#article","isPartOf":{"@id":"https:\/\/agenciainfra.com\/blog\/em-mes-de-greve-de-caminhoneiros-porto-de-santos-sp-registra-queda-na-movimentacao\/"},"author":{"name":"Ag\u00eancia iNFRA","@id":"https:\/\/agenciainfra.com\/blog\/#\/schema\/person\/34af08dff6adea4cb22b06612ba7acfa"},"headline":"Em m\u00eas de greve de caminhoneiros, Porto de Santos (SP) registra queda na movimenta\u00e7\u00e3o","datePublished":"2021-12-29T12:00:00+00:00","mainEntityOfPage":{"@id":"https:\/\/agenciainfra.com\/blog\/em-mes-de-greve-de-caminhoneiros-porto-de-santos-sp-registra-queda-na-movimentacao\/"},"wordCount":306,"publisher":{"@id":"https:\/\/agenciainfra.com\/blog\/#organization"},"image":{"@id":"https:\/\/agenciainfra.com\/blog\/em-mes-de-greve-de-caminhoneiros-porto-de-santos-sp-registra-queda-na-movimentacao\/#primaryimage"},"thumbnailUrl":"https:\/\/agenciainfra.com\/blog\/wp-content\/uploads\/2020\/07\/porto-santos-foto-sergio-furtado-spa.jpg","keywords":["cont\u00eaineres","mercadorias","movimenta\u00e7\u00e3o de cargas","navios","paralisa\u00e7\u00e3o","Porto de Santos","setor portu\u00e1rio","SPA","transportes"],"articleSection":["Geral","iNFRATransporte"],"inLanguage":"pt-BR","copyrightYear":"2021","copyrightHolder":{"@id":"https:\/\/agenciainfra.com\/blog\/#organization"}},{"@type":"WebPage","@id":"https:\/\/agenciainfra.com\/blog\/em-mes-de-greve-de-caminhoneiros-porto-de-santos-sp-registra-queda-na-movimentacao\/","url":"https:\/\/agenciainfra.com\/blog\/em-mes-de-greve-de-caminhoneiros-porto-de-santos-sp-registra-queda-na-movimentacao\/","name":"Em m\u00eas de greve de caminhoneiros, Porto de Santos (SP) registra queda na movimenta\u00e7\u00e3o - Ag\u00eancia iNFRA","isPartOf":{"@id":"https:\/\/agenciainfra.com\/blog\/#website"},"primaryImageOfPage":{"@id":"https:\/\/agenciainfra.com\/blog\/em-mes-de-greve-de-caminhoneiros-porto-de-santos-sp-registra-queda-na-movimentacao\/#primaryimage"},"image":{"@id":"https:\/\/agenciainfra.com\/blog\/em-mes-de-greve-de-caminhoneiros-porto-de-santos-sp-registra-queda-na-movimentacao\/#primaryimage"},"thumbnailUrl":"https:\/\/agenciainfra.com\/blog\/wp-content\/uploads\/2020\/07\/porto-santos-foto-sergio-furtado-spa.jpg","datePublished":"2021-12-29T12:00:00+00:00","breadcrumb":{"@id":"https:\/\/agenciainfra.com\/blog\/em-mes-de-greve-de-caminhoneiros-porto-de-santos-sp-registra-queda-na-movimentacao\/#breadcrumb"},"inLanguage":"pt-BR","potentialAction":[{"@type":"ReadAction","target":["https:\/\/agenciainfra.com\/blog\/em-mes-de-greve-de-caminhoneiros-porto-de-santos-sp-registra-queda-na-movimentacao\/"]}]},{"@type":"ImageObject","inLanguage":"pt-BR","@id":"https:\/\/agenciainfra.com\/blog\/em-mes-de-greve-de-caminhoneiros-porto-de-santos-sp-registra-queda-na-movimentacao\/#primaryimage","url":"https:\/\/agenciainfra.com\/blog\/wp-content\/uploads\/2020\/07\/porto-santos-foto-sergio-furtado-spa.jpg","contentUrl":"https:\/\/agenciainfra.com\/blog\/wp-content\/uploads\/2020\/07\/porto-santos-foto-sergio-furtado-spa.jpg","width":1280,"height":853},{"@type":"BreadcrumbList","@id":"https:\/\/agenciainfra.com\/blog\/em-mes-de-greve-de-caminhoneiros-porto-de-santos-sp-registra-queda-na-movimentacao\/#breadcrumb","itemListElement":[{"@type":"ListItem","position":1,"name":"In\u00edcio","item":"https:\/\/agenciainfra.com\/blog\/"},{"@type":"ListItem","position":2,"name":"Em m\u00eas de greve de caminhoneiros, Porto de Santos (SP) registra queda na movimenta\u00e7\u00e3o"}]},{"@type":"WebSite","@id":"https:\/\/agenciainfra.com\/blog\/#website","url":"https:\/\/agenciainfra.com\/blog\/","name":"Ag\u00eancia iNFRA","description":"Multiplataforma de informa\u00e7\u00e3o jornal\u00edstica refer\u00eancia na \u00e1rea de infraestrutura no Brasil!","publisher":{"@id":"https:\/\/agenciainfra.com\/blog\/#organization"},"potentialAction":[{"@type":"SearchAction","target":{"@type":"EntryPoint","urlTemplate":"https:\/\/agenciainfra.com\/blog\/?s={search_term_string}"},"query-input":{"@type":"PropertyValueSpecification","valueRequired":true,"valueName":"search_term_string"}}],"inLanguage":"pt-BR"},{"@type":"Organization","@id":"https:\/\/agenciainfra.com\/blog\/#organization","name":"Ag\u00eancia iNFRA","url":"https:\/\/agenciainfra.com\/blog\/","logo":{"@type":"ImageObject","inLanguage":"pt-BR","@id":"https:\/\/agenciainfra.com\/blog\/#\/schema\/logo\/image\/","url":"https:\/\/agenciainfra.com\/blog\/wp-content\/uploads\/2023\/09\/iNFRA_5-e1761735885940.png","contentUrl":"https:\/\/agenciainfra.com\/blog\/wp-content\/uploads\/2023\/09\/iNFRA_5-e1761735885940.png","width":1672,"height":454,"caption":"Ag\u00eancia iNFRA"},"image":{"@id":"https:\/\/agenciainfra.com\/blog\/#\/schema\/logo\/image\/"},"sameAs":["https:\/\/www.facebook.com\/ageninfra","https:\/\/x.com\/agencia_infra","https:\/\/www.linkedin.com\/company\/ag\u00eanciainfra\/","https:\/\/www.instagram.com\/agenciainfra\/"]},{"@type":"Person","@id":"https:\/\/agenciainfra.com\/blog\/#\/schema\/person\/34af08dff6adea4cb22b06612ba7acfa","name":"Ag\u00eancia iNFRA","image":{"@type":"ImageObject","inLanguage":"pt-BR","@id":"https:\/\/agenciainfra.com\/blog\/#\/schema\/person\/image\/","url":"https:\/\/secure.gravatar.com\/avatar\/d189e01678f06d8eb84d4e01f08eb848b3fffe3f8443818d3c356c66892f5be8?s=96&d=mm&r=g","contentUrl":"https:\/\/secure.gravatar.com\/avatar\/d189e01678f06d8eb84d4e01f08eb848b3fffe3f8443818d3c356c66892f5be8?s=96&d=mm&r=g","caption":"Ag\u00eancia iNFRA"},"url":"https:\/\/agenciainfra.com\/blog\/author\/admin\/"}]}},"_links":{"self":[{"href":"https:\/\/agenciainfra.com\/blog\/wp-json\/wp\/v2\/posts\/9303","targetHints":{"allow":["GET"]}}],"collection":[{"href":"https:\/\/agenciainfra.com\/blog\/wp-json\/wp\/v2\/posts"}],"about":[{"href":"https:\/\/agenciainfra.com\/blog\/wp-json\/wp\/v2\/types\/post"}],"author":[{"embeddable":true,"href":"https:\/\/agenciainfra.com\/blog\/wp-json\/wp\/v2\/users\/1"}],"replies":[{"embeddable":true,"href":"https:\/\/agenciainfra.com\/blog\/wp-json\/wp\/v2\/comments?post=9303"}],"version-history":[{"count":0,"href":"https:\/\/agenciainfra.com\/blog\/wp-json\/wp\/v2\/posts\/9303\/revisions"}],"wp:featuredmedia":[{"embeddable":true,"href":"https:\/\/agenciainfra.com\/blog\/wp-json\/wp\/v2\/media\/5432"}],"wp:attachment":[{"href":"https:\/\/agenciainfra.com\/blog\/wp-json\/wp\/v2\/media?parent=9303"}],"wp:term":[{"taxonomy":"category","embeddable":true,"href":"https:\/\/agenciainfra.com\/blog\/wp-json\/wp\/v2\/categories?post=9303"},{"taxonomy":"post_tag","embeddable":true,"href":"https:\/\/agenciainfra.com\/blog\/wp-json\/wp\/v2\/tags?post=9303"}],"curies":[{"name":"wp","href":"https:\/\/api.w.org\/{rel}","templated":true}]}}