{"id":9320,"date":"2022-01-06T10:03:15","date_gmt":"2022-01-06T13:03:15","guid":{"rendered":"https:\/\/www.agenciainfra.com\/blog\/?p=9320"},"modified":"2022-01-06T10:03:19","modified_gmt":"2022-01-06T13:03:19","slug":"infradebate-sancao-da-br-do-mar-estimulara-investimentos-na-industria-naval-e-beneficios-a-infraestrutura-brasileira","status":"publish","type":"post","link":"https:\/\/agenciainfra.com\/blog\/infradebate-sancao-da-br-do-mar-estimulara-investimentos-na-industria-naval-e-beneficios-a-infraestrutura-brasileira\/","title":{"rendered":"iNFRADebate: San\u00e7\u00e3o da BR do Mar estimular\u00e1 investimentos na ind\u00fastria naval e benef\u00edcios \u00e0 infraestrutura brasileira"},"content":{"rendered":"\n<p class=\"has-text-align-right\"><strong>Mariana Carvalho*<\/strong><\/p>\n\n\n\n<p>A c\u00e9lere aprecia\u00e7\u00e3o do projeto de lei que institui o programa BR do Mar (PL 4.199\/2020), que retornou do Senado em 25 de novembro e foi aprovado pelos deputados na \u00faltima semana, antes mesmo da finaliza\u00e7\u00e3o de outras proposi\u00e7\u00f5es importantes, evidencia a urg\u00eancia de um programa de est\u00edmulo ao transporte por cabotagem para o governo federal e para as entidades que atuam na \u00e1rea.<\/p>\n\n\n\n<p>O envio da mat\u00e9ria \u00e0 san\u00e7\u00e3o presidencial em t\u00e3o pouco tempo certamente foi influenciado pela proximidade do encerramento da sess\u00e3o legislativa de 2021, por\u00e9m apenas foi alcan\u00e7ado mediante articula\u00e7\u00e3o intensa do Minist\u00e9rio da Infraestrutura e press\u00e3o das entidades ligadas aos mais diferentes setores da economia, ind\u00fastria e agroneg\u00f3cio.<\/p>\n\n\n\n<p>O projeto tem por objetivo principal incentivar a cabotagem, de modo a promover o reequil\u00edbrio da matriz de transporte brasileira, que atualmente vem enfrentando in\u00fameras dificuldades em raz\u00e3o da sua depend\u00eancia em rela\u00e7\u00e3o ao transporte rodovi\u00e1rio.<\/p>\n\n\n\n<p>As medidas propostas colaboram para o est\u00edmulo a esse modelo de transporte mais seguro, eficiente e de baixo custo, ao mesmo tempo em que ajudam a reduzir o volume de acidentes e avarias nas estradas e buscam promover a moderniza\u00e7\u00e3o dos portos do Brasil. Evidente, portanto, o grande potencial positivo de sua proposi\u00e7\u00e3o para a log\u00edstica e a infraestrutura brasileiras.<\/p>\n\n\n\n<p>Tal potencial pode ser refletido nos pr\u00f3prios n\u00fameros informados pelo governo federal, que estima que a cabotagem atualmente representa apenas 11% de participa\u00e7\u00e3o da matriz log\u00edstica do pa\u00eds, projetando o seu crescimento para 30% ap\u00f3s a implementa\u00e7\u00e3o da medida. Na pr\u00e1tica, ainda que essa evolu\u00e7\u00e3o n\u00e3o alcance os patamares projetados, ser\u00e1 poss\u00edvel observar maior facilidade no escoamento da produ\u00e7\u00e3o nacional, reduzindo o custo log\u00edstico de setores extremamente relevantes para a economia \u2013 a exemplo do agroneg\u00f3cio brasileiro \u2013, de modo a aprimorar a sua competitividade.<\/p>\n\n\n\n<p>Por mais que persistam cr\u00edticas direcionadas ao projeto, em raz\u00e3o da manuten\u00e7\u00e3o de alguns requisitos para o afretamento de embarca\u00e7\u00f5es estrangeiras no Brasil, deve ser observado que as discuss\u00f5es que resultaram na finaliza\u00e7\u00e3o do texto buscaram encontrar o equil\u00edbrio entre estimular a concorr\u00eancia nesse transporte, propiciar novos investimentos na ind\u00fastria naval brasileira, bem como manter a empregabilidade dos mar\u00edtimos brasileiros. Cr\u00edticas abordando poss\u00edveis restri\u00e7\u00f5es \u00e0 livre concorr\u00eancia ou mesmo excessiva abertura do mercado seriam esperadas em virtude da natureza e magnitude de um programa de cabotagem.<\/p>\n\n\n\n<p>Portanto, aprovado o programa BR do Mar pelo Congresso Nacional, resta esperar a san\u00e7\u00e3o presidencial nos pr\u00f3ximos dias e observar os seus impactos efetivos na log\u00edstica e infraestrutura brasileiras a partir de 2022.<\/p>\n\n\n\n<h6 class=\"wp-block-heading\" id=\"block-aa9ff8cf-f9c2-435f-85ff-56a599c37bc9\">*Mariana Carvalho Craveiro Teixeira Moreira \u00e9 advogada associada do escrit\u00f3rio Piquet Magaldi e Guedes Advogados e graduada em Direito pela Universidade de Bras\u00edlia.<\/h6>\n\n\n\n<h5 class=\"wp-block-heading\" id=\"block-d67878ff-7627-4f15-b175-8f58269174ff\">O iNFRADebate \u00e9 o espa\u00e7o de artigos da Ag\u00eancia iNFRA com opini\u00f5es de seus atores que n\u00e3o refletem necessariamente o pensamento da Ag\u00eancia iNFRA, sendo de total responsabilidade do autor as informa\u00e7\u00f5es, ju\u00edzos de valor e conceitos descritos no texto.<\/h5>\n","protected":false},"excerpt":{"rendered":"<p>Mariana Carvalho* A c\u00e9lere aprecia\u00e7\u00e3o do projeto de lei que institui o programa BR do Mar (PL 4.199\/2020), que retornou do Senado em 25 de novembro e foi aprovado pelos deputados na \u00faltima semana, antes mesmo da finaliza\u00e7\u00e3o de outras proposi\u00e7\u00f5es importantes, evidencia a urg\u00eancia de um programa de est\u00edmulo ao transporte por cabotagem para [&hellip;]<\/p>\n","protected":false},"author":9,"featured_media":9321,"comment_status":"closed","ping_status":"closed","sticky":false,"template":"","format":"standard","meta":{"_monsterinsights_skip_tracking":false,"_monsterinsights_sitenote_active":false,"_monsterinsights_sitenote_note":"","_monsterinsights_sitenote_category":0,"footnotes":""},"categories":[1,11],"tags":[1245,407,959,34,32,66,2484,3168,70],"class_list":["post-9320","post","type-post","status-publish","format-standard","has-post-thumbnail","hentry","category-geral","category-infradebate","tag-br-do-mar","tag-cabotagem","tag-industria-naval","tag-infraestrutura","tag-investimentos","tag-logistica","tag-pl-4-199-2020","tag-transporte-maritimo","tag-transportes"],"yoast_head":"<!-- This site is optimized with the Yoast SEO Premium plugin v25.4 (Yoast SEO v26.0) - https:\/\/yoast.com\/wordpress\/plugins\/seo\/ -->\n<title>iNFRADebate: San\u00e7\u00e3o da BR do Mar estimular\u00e1 investimentos na ind\u00fastria naval e benef\u00edcios \u00e0 infraestrutura brasileira - Ag\u00eancia iNFRA<\/title>\n<meta name=\"robots\" content=\"index, follow, max-snippet:-1, max-image-preview:large, max-video-preview:-1\" \/>\n<link rel=\"canonical\" href=\"https:\/\/agenciainfra.com\/blog\/infradebate-sancao-da-br-do-mar-estimulara-investimentos-na-industria-naval-e-beneficios-a-infraestrutura-brasileira\/\" \/>\n<meta property=\"og:locale\" content=\"pt_BR\" \/>\n<meta property=\"og:type\" content=\"article\" \/>\n<meta property=\"og:title\" content=\"iNFRADebate: San\u00e7\u00e3o da BR do Mar estimular\u00e1 investimentos na ind\u00fastria naval e benef\u00edcios \u00e0 infraestrutura brasileira\" \/>\n<meta property=\"og:description\" content=\"Mariana Carvalho* A c\u00e9lere aprecia\u00e7\u00e3o do projeto de lei que institui o programa BR do Mar (PL 4.199\/2020), que retornou do Senado em 25 de novembro e foi aprovado pelos deputados na \u00faltima semana, antes mesmo da finaliza\u00e7\u00e3o de outras proposi\u00e7\u00f5es importantes, evidencia a urg\u00eancia de um programa de est\u00edmulo ao transporte por cabotagem para [&hellip;]\" \/>\n<meta property=\"og:url\" content=\"https:\/\/agenciainfra.com\/blog\/infradebate-sancao-da-br-do-mar-estimulara-investimentos-na-industria-naval-e-beneficios-a-infraestrutura-brasileira\/\" \/>\n<meta property=\"og:site_name\" content=\"Ag\u00eancia iNFRA\" \/>\n<meta property=\"article:publisher\" content=\"https:\/\/www.facebook.com\/ageninfra\" \/>\n<meta property=\"article:published_time\" content=\"2022-01-06T13:03:15+00:00\" \/>\n<meta property=\"article:modified_time\" content=\"2022-01-06T13:03:19+00:00\" \/>\n<meta property=\"og:image\" content=\"https:\/\/agenciainfra.com\/blog\/wp-content\/uploads\/2022\/01\/porto-parana-foto-rodrigo-felix-leal-seil-pr.jpeg\" \/>\n\t<meta property=\"og:image:width\" content=\"1280\" \/>\n\t<meta property=\"og:image:height\" content=\"821\" \/>\n\t<meta property=\"og:image:type\" content=\"image\/jpeg\" \/>\n<meta name=\"author\" content=\"Rodrigo Zuquim\" \/>\n<meta name=\"twitter:card\" content=\"summary_large_image\" \/>\n<meta name=\"twitter:creator\" content=\"@agencia_infra\" \/>\n<meta name=\"twitter:site\" content=\"@agencia_infra\" \/>\n<meta name=\"twitter:label1\" content=\"Escrito por\" \/>\n\t<meta name=\"twitter:data1\" content=\"Rodrigo Zuquim\" \/>\n\t<meta name=\"twitter:label2\" content=\"Est. tempo de leitura\" \/>\n\t<meta name=\"twitter:data2\" content=\"3 minutos\" \/>\n<script type=\"application\/ld+json\" class=\"yoast-schema-graph\">{\"@context\":\"https:\/\/schema.org\",\"@graph\":[{\"@type\":\"Article\",\"@id\":\"https:\/\/agenciainfra.com\/blog\/infradebate-sancao-da-br-do-mar-estimulara-investimentos-na-industria-naval-e-beneficios-a-infraestrutura-brasileira\/#article\",\"isPartOf\":{\"@id\":\"https:\/\/agenciainfra.com\/blog\/infradebate-sancao-da-br-do-mar-estimulara-investimentos-na-industria-naval-e-beneficios-a-infraestrutura-brasileira\/\"},\"author\":{\"name\":\"Rodrigo Zuquim\",\"@id\":\"https:\/\/agenciainfra.com\/blog\/#\/schema\/person\/04dbb79bd6d8951f063da71f3e4c1eb1\"},\"headline\":\"iNFRADebate: San\u00e7\u00e3o da BR do Mar estimular\u00e1 investimentos na ind\u00fastria naval e benef\u00edcios \u00e0 infraestrutura brasileira\",\"datePublished\":\"2022-01-06T13:03:15+00:00\",\"dateModified\":\"2022-01-06T13:03:19+00:00\",\"mainEntityOfPage\":{\"@id\":\"https:\/\/agenciainfra.com\/blog\/infradebate-sancao-da-br-do-mar-estimulara-investimentos-na-industria-naval-e-beneficios-a-infraestrutura-brasileira\/\"},\"wordCount\":550,\"publisher\":{\"@id\":\"https:\/\/agenciainfra.com\/blog\/#organization\"},\"image\":{\"@id\":\"https:\/\/agenciainfra.com\/blog\/infradebate-sancao-da-br-do-mar-estimulara-investimentos-na-industria-naval-e-beneficios-a-infraestrutura-brasileira\/#primaryimage\"},\"thumbnailUrl\":\"https:\/\/agenciainfra.com\/blog\/wp-content\/uploads\/2022\/01\/porto-parana-foto-rodrigo-felix-leal-seil-pr.jpeg\",\"keywords\":[\"BR do Mar\",\"cabotagem\",\"ind\u00fastria naval\",\"Infraestrutura\",\"Investimentos\",\"log\u00edstica\",\"PL 4.199\/2020\",\"transporte mar\u00edtimo\",\"transportes\"],\"articleSection\":[\"Geral\",\"iNFRADebate\"],\"inLanguage\":\"pt-BR\",\"copyrightYear\":\"2022\",\"copyrightHolder\":{\"@id\":\"https:\/\/agenciainfra.com\/blog\/#organization\"}},{\"@type\":\"WebPage\",\"@id\":\"https:\/\/agenciainfra.com\/blog\/infradebate-sancao-da-br-do-mar-estimulara-investimentos-na-industria-naval-e-beneficios-a-infraestrutura-brasileira\/\",\"url\":\"https:\/\/agenciainfra.com\/blog\/infradebate-sancao-da-br-do-mar-estimulara-investimentos-na-industria-naval-e-beneficios-a-infraestrutura-brasileira\/\",\"name\":\"iNFRADebate: San\u00e7\u00e3o da BR do Mar estimular\u00e1 investimentos na ind\u00fastria naval e benef\u00edcios \u00e0 infraestrutura brasileira - Ag\u00eancia iNFRA\",\"isPartOf\":{\"@id\":\"https:\/\/agenciainfra.com\/blog\/#website\"},\"primaryImageOfPage\":{\"@id\":\"https:\/\/agenciainfra.com\/blog\/infradebate-sancao-da-br-do-mar-estimulara-investimentos-na-industria-naval-e-beneficios-a-infraestrutura-brasileira\/#primaryimage\"},\"image\":{\"@id\":\"https:\/\/agenciainfra.com\/blog\/infradebate-sancao-da-br-do-mar-estimulara-investimentos-na-industria-naval-e-beneficios-a-infraestrutura-brasileira\/#primaryimage\"},\"thumbnailUrl\":\"https:\/\/agenciainfra.com\/blog\/wp-content\/uploads\/2022\/01\/porto-parana-foto-rodrigo-felix-leal-seil-pr.jpeg\",\"datePublished\":\"2022-01-06T13:03:15+00:00\",\"dateModified\":\"2022-01-06T13:03:19+00:00\",\"breadcrumb\":{\"@id\":\"https:\/\/agenciainfra.com\/blog\/infradebate-sancao-da-br-do-mar-estimulara-investimentos-na-industria-naval-e-beneficios-a-infraestrutura-brasileira\/#breadcrumb\"},\"inLanguage\":\"pt-BR\",\"potentialAction\":[{\"@type\":\"ReadAction\",\"target\":[\"https:\/\/agenciainfra.com\/blog\/infradebate-sancao-da-br-do-mar-estimulara-investimentos-na-industria-naval-e-beneficios-a-infraestrutura-brasileira\/\"]}]},{\"@type\":\"ImageObject\",\"inLanguage\":\"pt-BR\",\"@id\":\"https:\/\/agenciainfra.com\/blog\/infradebate-sancao-da-br-do-mar-estimulara-investimentos-na-industria-naval-e-beneficios-a-infraestrutura-brasileira\/#primaryimage\",\"url\":\"https:\/\/agenciainfra.com\/blog\/wp-content\/uploads\/2022\/01\/porto-parana-foto-rodrigo-felix-leal-seil-pr.jpeg\",\"contentUrl\":\"https:\/\/agenciainfra.com\/blog\/wp-content\/uploads\/2022\/01\/porto-parana-foto-rodrigo-felix-leal-seil-pr.jpeg\",\"width\":1280,\"height\":821},{\"@type\":\"BreadcrumbList\",\"@id\":\"https:\/\/agenciainfra.com\/blog\/infradebate-sancao-da-br-do-mar-estimulara-investimentos-na-industria-naval-e-beneficios-a-infraestrutura-brasileira\/#breadcrumb\",\"itemListElement\":[{\"@type\":\"ListItem\",\"position\":1,\"name\":\"In\u00edcio\",\"item\":\"https:\/\/agenciainfra.com\/blog\/\"},{\"@type\":\"ListItem\",\"position\":2,\"name\":\"iNFRADebate: San\u00e7\u00e3o da BR do Mar estimular\u00e1 investimentos na ind\u00fastria naval e benef\u00edcios \u00e0 infraestrutura brasileira\"}]},{\"@type\":\"WebSite\",\"@id\":\"https:\/\/agenciainfra.com\/blog\/#website\",\"url\":\"https:\/\/agenciainfra.com\/blog\/\",\"name\":\"Ag\u00eancia iNFRA\",\"description\":\"Multiplataforma de informa\u00e7\u00e3o jornal\u00edstica refer\u00eancia na \u00e1rea de infraestrutura no Brasil!\",\"publisher\":{\"@id\":\"https:\/\/agenciainfra.com\/blog\/#organization\"},\"potentialAction\":[{\"@type\":\"SearchAction\",\"target\":{\"@type\":\"EntryPoint\",\"urlTemplate\":\"https:\/\/agenciainfra.com\/blog\/?s={search_term_string}\"},\"query-input\":{\"@type\":\"PropertyValueSpecification\",\"valueRequired\":true,\"valueName\":\"search_term_string\"}}],\"inLanguage\":\"pt-BR\"},{\"@type\":\"Organization\",\"@id\":\"https:\/\/agenciainfra.com\/blog\/#organization\",\"name\":\"Ag\u00eancia iNFRA\",\"url\":\"https:\/\/agenciainfra.com\/blog\/\",\"logo\":{\"@type\":\"ImageObject\",\"inLanguage\":\"pt-BR\",\"@id\":\"https:\/\/agenciainfra.com\/blog\/#\/schema\/logo\/image\/\",\"url\":\"https:\/\/agenciainfra.com\/blog\/wp-content\/uploads\/2023\/09\/iNFRA_5-e1761735885940.png\",\"contentUrl\":\"https:\/\/agenciainfra.com\/blog\/wp-content\/uploads\/2023\/09\/iNFRA_5-e1761735885940.png\",\"width\":1672,\"height\":454,\"caption\":\"Ag\u00eancia iNFRA\"},\"image\":{\"@id\":\"https:\/\/agenciainfra.com\/blog\/#\/schema\/logo\/image\/\"},\"sameAs\":[\"https:\/\/www.facebook.com\/ageninfra\",\"https:\/\/x.com\/agencia_infra\",\"https:\/\/www.linkedin.com\/company\/ag\u00eanciainfra\/\",\"https:\/\/www.instagram.com\/agenciainfra\/\"]},{\"@type\":\"Person\",\"@id\":\"https:\/\/agenciainfra.com\/blog\/#\/schema\/person\/04dbb79bd6d8951f063da71f3e4c1eb1\",\"name\":\"Rodrigo Zuquim\",\"image\":{\"@type\":\"ImageObject\",\"inLanguage\":\"pt-BR\",\"@id\":\"https:\/\/agenciainfra.com\/blog\/#\/schema\/person\/image\/\",\"url\":\"https:\/\/secure.gravatar.com\/avatar\/594abfe82761d620726242ff34ca472a705a4b97f16c790053a6b4c4035274d0?s=96&d=mm&r=g\",\"contentUrl\":\"https:\/\/secure.gravatar.com\/avatar\/594abfe82761d620726242ff34ca472a705a4b97f16c790053a6b4c4035274d0?s=96&d=mm&r=g\",\"caption\":\"Rodrigo Zuquim\"},\"url\":\"https:\/\/agenciainfra.com\/blog\/author\/rodrigo-zuquim\/\"}]}<\/script>\n<!-- \/ Yoast SEO Premium plugin. -->","yoast_head_json":{"title":"iNFRADebate: San\u00e7\u00e3o da BR do Mar estimular\u00e1 investimentos na ind\u00fastria naval e benef\u00edcios \u00e0 infraestrutura brasileira - Ag\u00eancia iNFRA","robots":{"index":"index","follow":"follow","max-snippet":"max-snippet:-1","max-image-preview":"max-image-preview:large","max-video-preview":"max-video-preview:-1"},"canonical":"https:\/\/agenciainfra.com\/blog\/infradebate-sancao-da-br-do-mar-estimulara-investimentos-na-industria-naval-e-beneficios-a-infraestrutura-brasileira\/","og_locale":"pt_BR","og_type":"article","og_title":"iNFRADebate: San\u00e7\u00e3o da BR do Mar estimular\u00e1 investimentos na ind\u00fastria naval e benef\u00edcios \u00e0 infraestrutura brasileira","og_description":"Mariana Carvalho* A c\u00e9lere aprecia\u00e7\u00e3o do projeto de lei que institui o programa BR do Mar (PL 4.199\/2020), que retornou do Senado em 25 de novembro e foi aprovado pelos deputados na \u00faltima semana, antes mesmo da finaliza\u00e7\u00e3o de outras proposi\u00e7\u00f5es importantes, evidencia a urg\u00eancia de um programa de est\u00edmulo ao transporte por cabotagem para [&hellip;]","og_url":"https:\/\/agenciainfra.com\/blog\/infradebate-sancao-da-br-do-mar-estimulara-investimentos-na-industria-naval-e-beneficios-a-infraestrutura-brasileira\/","og_site_name":"Ag\u00eancia iNFRA","article_publisher":"https:\/\/www.facebook.com\/ageninfra","article_published_time":"2022-01-06T13:03:15+00:00","article_modified_time":"2022-01-06T13:03:19+00:00","og_image":[{"width":1280,"height":821,"url":"https:\/\/agenciainfra.com\/blog\/wp-content\/uploads\/2022\/01\/porto-parana-foto-rodrigo-felix-leal-seil-pr.jpeg","type":"image\/jpeg"}],"author":"Rodrigo Zuquim","twitter_card":"summary_large_image","twitter_creator":"@agencia_infra","twitter_site":"@agencia_infra","twitter_misc":{"Escrito por":"Rodrigo Zuquim","Est. tempo de leitura":"3 minutos"},"schema":{"@context":"https:\/\/schema.org","@graph":[{"@type":"Article","@id":"https:\/\/agenciainfra.com\/blog\/infradebate-sancao-da-br-do-mar-estimulara-investimentos-na-industria-naval-e-beneficios-a-infraestrutura-brasileira\/#article","isPartOf":{"@id":"https:\/\/agenciainfra.com\/blog\/infradebate-sancao-da-br-do-mar-estimulara-investimentos-na-industria-naval-e-beneficios-a-infraestrutura-brasileira\/"},"author":{"name":"Rodrigo Zuquim","@id":"https:\/\/agenciainfra.com\/blog\/#\/schema\/person\/04dbb79bd6d8951f063da71f3e4c1eb1"},"headline":"iNFRADebate: San\u00e7\u00e3o da BR do Mar estimular\u00e1 investimentos na ind\u00fastria naval e benef\u00edcios \u00e0 infraestrutura brasileira","datePublished":"2022-01-06T13:03:15+00:00","dateModified":"2022-01-06T13:03:19+00:00","mainEntityOfPage":{"@id":"https:\/\/agenciainfra.com\/blog\/infradebate-sancao-da-br-do-mar-estimulara-investimentos-na-industria-naval-e-beneficios-a-infraestrutura-brasileira\/"},"wordCount":550,"publisher":{"@id":"https:\/\/agenciainfra.com\/blog\/#organization"},"image":{"@id":"https:\/\/agenciainfra.com\/blog\/infradebate-sancao-da-br-do-mar-estimulara-investimentos-na-industria-naval-e-beneficios-a-infraestrutura-brasileira\/#primaryimage"},"thumbnailUrl":"https:\/\/agenciainfra.com\/blog\/wp-content\/uploads\/2022\/01\/porto-parana-foto-rodrigo-felix-leal-seil-pr.jpeg","keywords":["BR do Mar","cabotagem","ind\u00fastria naval","Infraestrutura","Investimentos","log\u00edstica","PL 4.199\/2020","transporte mar\u00edtimo","transportes"],"articleSection":["Geral","iNFRADebate"],"inLanguage":"pt-BR","copyrightYear":"2022","copyrightHolder":{"@id":"https:\/\/agenciainfra.com\/blog\/#organization"}},{"@type":"WebPage","@id":"https:\/\/agenciainfra.com\/blog\/infradebate-sancao-da-br-do-mar-estimulara-investimentos-na-industria-naval-e-beneficios-a-infraestrutura-brasileira\/","url":"https:\/\/agenciainfra.com\/blog\/infradebate-sancao-da-br-do-mar-estimulara-investimentos-na-industria-naval-e-beneficios-a-infraestrutura-brasileira\/","name":"iNFRADebate: San\u00e7\u00e3o da BR do Mar estimular\u00e1 investimentos na ind\u00fastria naval e benef\u00edcios \u00e0 infraestrutura brasileira - Ag\u00eancia iNFRA","isPartOf":{"@id":"https:\/\/agenciainfra.com\/blog\/#website"},"primaryImageOfPage":{"@id":"https:\/\/agenciainfra.com\/blog\/infradebate-sancao-da-br-do-mar-estimulara-investimentos-na-industria-naval-e-beneficios-a-infraestrutura-brasileira\/#primaryimage"},"image":{"@id":"https:\/\/agenciainfra.com\/blog\/infradebate-sancao-da-br-do-mar-estimulara-investimentos-na-industria-naval-e-beneficios-a-infraestrutura-brasileira\/#primaryimage"},"thumbnailUrl":"https:\/\/agenciainfra.com\/blog\/wp-content\/uploads\/2022\/01\/porto-parana-foto-rodrigo-felix-leal-seil-pr.jpeg","datePublished":"2022-01-06T13:03:15+00:00","dateModified":"2022-01-06T13:03:19+00:00","breadcrumb":{"@id":"https:\/\/agenciainfra.com\/blog\/infradebate-sancao-da-br-do-mar-estimulara-investimentos-na-industria-naval-e-beneficios-a-infraestrutura-brasileira\/#breadcrumb"},"inLanguage":"pt-BR","potentialAction":[{"@type":"ReadAction","target":["https:\/\/agenciainfra.com\/blog\/infradebate-sancao-da-br-do-mar-estimulara-investimentos-na-industria-naval-e-beneficios-a-infraestrutura-brasileira\/"]}]},{"@type":"ImageObject","inLanguage":"pt-BR","@id":"https:\/\/agenciainfra.com\/blog\/infradebate-sancao-da-br-do-mar-estimulara-investimentos-na-industria-naval-e-beneficios-a-infraestrutura-brasileira\/#primaryimage","url":"https:\/\/agenciainfra.com\/blog\/wp-content\/uploads\/2022\/01\/porto-parana-foto-rodrigo-felix-leal-seil-pr.jpeg","contentUrl":"https:\/\/agenciainfra.com\/blog\/wp-content\/uploads\/2022\/01\/porto-parana-foto-rodrigo-felix-leal-seil-pr.jpeg","width":1280,"height":821},{"@type":"BreadcrumbList","@id":"https:\/\/agenciainfra.com\/blog\/infradebate-sancao-da-br-do-mar-estimulara-investimentos-na-industria-naval-e-beneficios-a-infraestrutura-brasileira\/#breadcrumb","itemListElement":[{"@type":"ListItem","position":1,"name":"In\u00edcio","item":"https:\/\/agenciainfra.com\/blog\/"},{"@type":"ListItem","position":2,"name":"iNFRADebate: San\u00e7\u00e3o da BR do Mar estimular\u00e1 investimentos na ind\u00fastria naval e benef\u00edcios \u00e0 infraestrutura brasileira"}]},{"@type":"WebSite","@id":"https:\/\/agenciainfra.com\/blog\/#website","url":"https:\/\/agenciainfra.com\/blog\/","name":"Ag\u00eancia iNFRA","description":"Multiplataforma de informa\u00e7\u00e3o jornal\u00edstica refer\u00eancia na \u00e1rea de infraestrutura no Brasil!","publisher":{"@id":"https:\/\/agenciainfra.com\/blog\/#organization"},"potentialAction":[{"@type":"SearchAction","target":{"@type":"EntryPoint","urlTemplate":"https:\/\/agenciainfra.com\/blog\/?s={search_term_string}"},"query-input":{"@type":"PropertyValueSpecification","valueRequired":true,"valueName":"search_term_string"}}],"inLanguage":"pt-BR"},{"@type":"Organization","@id":"https:\/\/agenciainfra.com\/blog\/#organization","name":"Ag\u00eancia iNFRA","url":"https:\/\/agenciainfra.com\/blog\/","logo":{"@type":"ImageObject","inLanguage":"pt-BR","@id":"https:\/\/agenciainfra.com\/blog\/#\/schema\/logo\/image\/","url":"https:\/\/agenciainfra.com\/blog\/wp-content\/uploads\/2023\/09\/iNFRA_5-e1761735885940.png","contentUrl":"https:\/\/agenciainfra.com\/blog\/wp-content\/uploads\/2023\/09\/iNFRA_5-e1761735885940.png","width":1672,"height":454,"caption":"Ag\u00eancia iNFRA"},"image":{"@id":"https:\/\/agenciainfra.com\/blog\/#\/schema\/logo\/image\/"},"sameAs":["https:\/\/www.facebook.com\/ageninfra","https:\/\/x.com\/agencia_infra","https:\/\/www.linkedin.com\/company\/ag\u00eanciainfra\/","https:\/\/www.instagram.com\/agenciainfra\/"]},{"@type":"Person","@id":"https:\/\/agenciainfra.com\/blog\/#\/schema\/person\/04dbb79bd6d8951f063da71f3e4c1eb1","name":"Rodrigo Zuquim","image":{"@type":"ImageObject","inLanguage":"pt-BR","@id":"https:\/\/agenciainfra.com\/blog\/#\/schema\/person\/image\/","url":"https:\/\/secure.gravatar.com\/avatar\/594abfe82761d620726242ff34ca472a705a4b97f16c790053a6b4c4035274d0?s=96&d=mm&r=g","contentUrl":"https:\/\/secure.gravatar.com\/avatar\/594abfe82761d620726242ff34ca472a705a4b97f16c790053a6b4c4035274d0?s=96&d=mm&r=g","caption":"Rodrigo Zuquim"},"url":"https:\/\/agenciainfra.com\/blog\/author\/rodrigo-zuquim\/"}]}},"_links":{"self":[{"href":"https:\/\/agenciainfra.com\/blog\/wp-json\/wp\/v2\/posts\/9320","targetHints":{"allow":["GET"]}}],"collection":[{"href":"https:\/\/agenciainfra.com\/blog\/wp-json\/wp\/v2\/posts"}],"about":[{"href":"https:\/\/agenciainfra.com\/blog\/wp-json\/wp\/v2\/types\/post"}],"author":[{"embeddable":true,"href":"https:\/\/agenciainfra.com\/blog\/wp-json\/wp\/v2\/users\/9"}],"replies":[{"embeddable":true,"href":"https:\/\/agenciainfra.com\/blog\/wp-json\/wp\/v2\/comments?post=9320"}],"version-history":[{"count":0,"href":"https:\/\/agenciainfra.com\/blog\/wp-json\/wp\/v2\/posts\/9320\/revisions"}],"wp:featuredmedia":[{"embeddable":true,"href":"https:\/\/agenciainfra.com\/blog\/wp-json\/wp\/v2\/media\/9321"}],"wp:attachment":[{"href":"https:\/\/agenciainfra.com\/blog\/wp-json\/wp\/v2\/media?parent=9320"}],"wp:term":[{"taxonomy":"category","embeddable":true,"href":"https:\/\/agenciainfra.com\/blog\/wp-json\/wp\/v2\/categories?post=9320"},{"taxonomy":"post_tag","embeddable":true,"href":"https:\/\/agenciainfra.com\/blog\/wp-json\/wp\/v2\/tags?post=9320"}],"curies":[{"name":"wp","href":"https:\/\/api.w.org\/{rel}","templated":true}]}}