{"id":9344,"date":"2022-01-11T08:00:00","date_gmt":"2022-01-11T11:00:00","guid":{"rendered":"https:\/\/www.agenciainfra.com\/blog\/?p=9344"},"modified":"2022-01-10T16:30:24","modified_gmt":"2022-01-10T19:30:24","slug":"busca-por-recursos-para-eficiencia-energetica-experimenta-salto-em-2021","status":"publish","type":"post","link":"https:\/\/agenciainfra.com\/blog\/busca-por-recursos-para-eficiencia-energetica-experimenta-salto-em-2021\/","title":{"rendered":"Busca por recursos para efici\u00eancia energ\u00e9tica experimenta salto em 2021"},"content":{"rendered":"\n<p class=\"has-text-align-right\"><strong>Ant\u00f4nio Carlos Sil, para a Ag\u00eancia iNFRA<\/strong><\/p>\n\n\n\n<p>Principal fonte de financiamentos para empresas que procuram captar dinheiro destinado a projetos para racionalizar o pr\u00f3prio consumo de energia, o BNDES (Banco Nacional de Desenvolvimento Econ\u00f4mico e Social) mais do que duplicou desembolsos em 2021, em rela\u00e7\u00e3o a 2020.<br><br>No ano passado, o banco de fomento liberou R$ 120 milh\u00f5es, contra R$ 54,2 milh\u00f5es ao longo&nbsp;do per\u00edodo anterior. Em opera\u00e7\u00f5es diretas, h\u00e1 hoje em carteira mais R$ 105 milh\u00f5es em an\u00e1lise. J\u00e1 quanto ao montante de pedidos voltados diretamente ao BNDES, estes passaram de R$ 8,3 milh\u00f5es em 2020 a R$ 135 milh\u00f5es em 2021, informou a institui\u00e7\u00e3o, em levantamento feito por solicita\u00e7\u00e3o da&nbsp;<strong>Ag\u00eancia iNFRA<\/strong>.<br><br>S\u00e3o n\u00fameros expressivos, mas, segundo o banco, estimativas de especialistas indicam que exista uma demanda potencial de investimentos para efici\u00eancia energ\u00e9tica \u2013 sem considerar os projetos de gera\u00e7\u00e3o solar distribu\u00edda \u2013 que pode chegar \u00e0 ordem de R$ 1 bilh\u00e3o por ano. Entretanto, para que esses investimentos venham a acontecer, ser\u00e1 necess\u00e1rio mais conhecimento das empresas e bancos sobre o tema e, ainda, maior acesso a cr\u00e9dito para financiamento, assinala a institui\u00e7\u00e3o.<br><br><strong>Gera\u00e7\u00e3o pr\u00f3pria renov\u00e1vel<\/strong><br>De acordo com o BNDES, at\u00e9 o momento, as empresas t\u00eam tido mais interesse em substituir, por gera\u00e7\u00e3o pr\u00f3pria, a partir de fontes renov\u00e1veis, a energia comprada das concession\u00e1rias. Nessa tend\u00eancia, o destaque fica por conta do foco especial em gera\u00e7\u00e3o solar distribu\u00edda. Projetos que visem efici\u00eancia energ\u00e9tica por a\u00e7\u00f5es voltadas \u00e0 racionaliza\u00e7\u00e3o do consumo ainda n\u00e3o s\u00e3o frequentes, mesmo que &nbsp;possam significar maior contribui\u00e7\u00e3o para o meio ambiente e para o setor el\u00e9trico.<br><br>Os projetos de efici\u00eancia energ\u00e9tica propriamente ditos, em que h\u00e1 redu\u00e7\u00e3o de consumo, apresentam economias de energia expressivas, em geral acima de 10%, e os retornos dessas a\u00e7\u00f5es tamb\u00e9m costumam ser muito positivos, assinala a institui\u00e7\u00e3o. Na vis\u00e3o do banco, no entanto, ocorre que h\u00e1 muito desconhecimento sobre o potencial de economia existente em diferentes tecnologias, ou ainda as ind\u00fastrias preferem focar em investimentos mais expressivos do seu neg\u00f3cio principal.<br><br>J\u00e1 as empresas especializadas em servi\u00e7os de energia (Escos) acabam tendo muita dificuldade de acesso ao cr\u00e9dito para realizar os investimentos nos clientes, pois n\u00e3o t\u00eam garantias reais para oferecer aos bancos, avalia o BNDES.<br><br>Assim, al\u00e9m de iniciativas de fomento \u00e0 demanda via MME (Minist\u00e9rio de Minas e Energia) e ANEEL (Ag\u00eancia Nacional de Energia El\u00e9trica) e de sensibiliza\u00e7\u00e3o dos consumidores e fabricantes, por parte do Procel (Programa Nacional de Conserva\u00e7\u00e3o de Energia ), do Inmetro (Instituto Nacional de Metrologia, Qualidade e Tecnologia), da CNI (Confedera\u00e7\u00e3o Nacional da Ind\u00fastria) e da Abesco (Associa\u00e7\u00e3o Brasileira das Empresas de Servi\u00e7os &nbsp;de Conserva\u00e7\u00e3o de Energia), os bancos tamb\u00e9m poderiam contribuir nesse esfor\u00e7o. Criar modelos de an\u00e1lise e aprova\u00e7\u00e3o simplificados para projetos de efici\u00eancia energ\u00e9tica e capacitar as suas equipes s\u00e3o um primeiro passo, sugere o BNDES.<br><br>Na vis\u00e3o do banco de fomento, a maior contribui\u00e7\u00e3o a ser dada ao setor para a promo\u00e7\u00e3o de maior acesso ao cr\u00e9dito seria trabalhar no desenvolvimento de novos instrumentos financeiros que viessem a promover a mitiga\u00e7\u00e3o de riscos dos projetos, de forma a permitir uma flexibiliza\u00e7\u00e3o da exig\u00eancia das garantias usuais por parte do sistema banc\u00e1rio.<br><br>Como exemplo desse esfor\u00e7o, o pr\u00f3prio BNDES criou, em novembro \u00faltimo, o FGEnergia &nbsp;(Programa de Garantias a Cr\u00e9dito para Efici\u00eancia Energ\u00e9tica). Com o FGEnergia, a estimativa \u00e9 que ser\u00e1 poss\u00edvel cobrir 80% do risco de cr\u00e9dito dos financiamentos que venham a ser feitos pelos bancos que aderirem ao programa. A partir disso, espera-se que estes se aproximem mais desse setor, e que seja poss\u00edvel apoiar um grande n\u00famero de projetos que antes n\u00e3o eram implementados por insufici\u00eancia de garantias.<\/p>\n","protected":false},"excerpt":{"rendered":"<p>Ant\u00f4nio Carlos Sil, para a Ag\u00eancia iNFRA Principal fonte de financiamentos para empresas que procuram captar dinheiro destinado a projetos para racionalizar o pr\u00f3prio consumo de energia, o BNDES (Banco Nacional de Desenvolvimento Econ\u00f4mico e Social) mais do que duplicou desembolsos em 2021, em rela\u00e7\u00e3o a 2020. No ano passado, o banco de fomento liberou [&hellip;]<\/p>\n","protected":false},"author":1,"featured_media":5390,"comment_status":"closed","ping_status":"closed","sticky":false,"template":"","format":"standard","meta":{"_monsterinsights_skip_tracking":false,"_monsterinsights_sitenote_active":false,"_monsterinsights_sitenote_note":"","_monsterinsights_sitenote_category":0,"footnotes":""},"categories":[1,10],"tags":[53,103,2601,25,1093,2649,1844,96,54],"class_list":["post-9344","post","type-post","status-publish","format-standard","has-post-thumbnail","hentry","category-geral","category-infraenergia","tag-aneel","tag-bndes","tag-eficiencia-energetica","tag-energia","tag-energia-solar","tag-fontes-renovaveis","tag-inmetro","tag-ministerio-de-minas-e-energia","tag-setor-eletrico"],"yoast_head":"<!-- This site is optimized with the Yoast SEO Premium plugin v25.4 (Yoast SEO v26.0) - https:\/\/yoast.com\/wordpress\/plugins\/seo\/ -->\n<title>Busca por recursos para efici\u00eancia energ\u00e9tica experimenta salto em 2021 - Ag\u00eancia iNFRA<\/title>\n<meta name=\"robots\" content=\"index, follow, max-snippet:-1, max-image-preview:large, max-video-preview:-1\" \/>\n<link rel=\"canonical\" href=\"https:\/\/agenciainfra.com\/blog\/busca-por-recursos-para-eficiencia-energetica-experimenta-salto-em-2021\/\" \/>\n<meta property=\"og:locale\" content=\"pt_BR\" \/>\n<meta property=\"og:type\" content=\"article\" \/>\n<meta property=\"og:title\" content=\"Busca por recursos para efici\u00eancia energ\u00e9tica experimenta salto em 2021\" \/>\n<meta property=\"og:description\" content=\"Ant\u00f4nio Carlos Sil, para a Ag\u00eancia iNFRA Principal fonte de financiamentos para empresas que procuram captar dinheiro destinado a projetos para racionalizar o pr\u00f3prio consumo de energia, o BNDES (Banco Nacional de Desenvolvimento Econ\u00f4mico e Social) mais do que duplicou desembolsos em 2021, em rela\u00e7\u00e3o a 2020. No ano passado, o banco de fomento liberou [&hellip;]\" \/>\n<meta property=\"og:url\" content=\"https:\/\/agenciainfra.com\/blog\/busca-por-recursos-para-eficiencia-energetica-experimenta-salto-em-2021\/\" \/>\n<meta property=\"og:site_name\" content=\"Ag\u00eancia iNFRA\" \/>\n<meta property=\"article:publisher\" content=\"https:\/\/www.facebook.com\/ageninfra\" \/>\n<meta property=\"article:published_time\" content=\"2022-01-11T11:00:00+00:00\" \/>\n<meta property=\"og:image\" content=\"https:\/\/agenciainfra.com\/blog\/wp-content\/uploads\/2020\/07\/energia-eolica-solar-foto-dominio-publico.jpg\" \/>\n\t<meta property=\"og:image:width\" content=\"1200\" \/>\n\t<meta property=\"og:image:height\" content=\"798\" \/>\n\t<meta property=\"og:image:type\" content=\"image\/jpeg\" \/>\n<meta name=\"author\" content=\"Ag\u00eancia iNFRA\" \/>\n<meta name=\"twitter:card\" content=\"summary_large_image\" \/>\n<meta name=\"twitter:creator\" content=\"@agencia_infra\" \/>\n<meta name=\"twitter:site\" content=\"@agencia_infra\" \/>\n<meta name=\"twitter:label1\" content=\"Escrito por\" \/>\n\t<meta name=\"twitter:data1\" content=\"Ag\u00eancia iNFRA\" \/>\n\t<meta name=\"twitter:label2\" content=\"Est. tempo de leitura\" \/>\n\t<meta name=\"twitter:data2\" content=\"3 minutos\" \/>\n<script type=\"application\/ld+json\" class=\"yoast-schema-graph\">{\"@context\":\"https:\/\/schema.org\",\"@graph\":[{\"@type\":\"Article\",\"@id\":\"https:\/\/agenciainfra.com\/blog\/busca-por-recursos-para-eficiencia-energetica-experimenta-salto-em-2021\/#article\",\"isPartOf\":{\"@id\":\"https:\/\/agenciainfra.com\/blog\/busca-por-recursos-para-eficiencia-energetica-experimenta-salto-em-2021\/\"},\"author\":{\"name\":\"Ag\u00eancia iNFRA\",\"@id\":\"https:\/\/agenciainfra.com\/blog\/#\/schema\/person\/34af08dff6adea4cb22b06612ba7acfa\"},\"headline\":\"Busca por recursos para efici\u00eancia energ\u00e9tica experimenta salto em 2021\",\"datePublished\":\"2022-01-11T11:00:00+00:00\",\"mainEntityOfPage\":{\"@id\":\"https:\/\/agenciainfra.com\/blog\/busca-por-recursos-para-eficiencia-energetica-experimenta-salto-em-2021\/\"},\"wordCount\":695,\"publisher\":{\"@id\":\"https:\/\/agenciainfra.com\/blog\/#organization\"},\"image\":{\"@id\":\"https:\/\/agenciainfra.com\/blog\/busca-por-recursos-para-eficiencia-energetica-experimenta-salto-em-2021\/#primaryimage\"},\"thumbnailUrl\":\"https:\/\/agenciainfra.com\/blog\/wp-content\/uploads\/2020\/07\/energia-eolica-solar-foto-dominio-publico.jpg\",\"keywords\":[\"ANEEL\",\"BNDES\",\"Efici\u00eancia Energ\u00e9tica\",\"energia\",\"energia solar\",\"fontes renov\u00e1veis\",\"Inmetro\",\"Minist\u00e9rio de Minas e Energia\",\"Setor El\u00e9trico\"],\"articleSection\":[\"Geral\",\"iNFRAEnergia\"],\"inLanguage\":\"pt-BR\",\"copyrightYear\":\"2022\",\"copyrightHolder\":{\"@id\":\"https:\/\/agenciainfra.com\/blog\/#organization\"}},{\"@type\":\"WebPage\",\"@id\":\"https:\/\/agenciainfra.com\/blog\/busca-por-recursos-para-eficiencia-energetica-experimenta-salto-em-2021\/\",\"url\":\"https:\/\/agenciainfra.com\/blog\/busca-por-recursos-para-eficiencia-energetica-experimenta-salto-em-2021\/\",\"name\":\"Busca por recursos para efici\u00eancia energ\u00e9tica experimenta salto em 2021 - Ag\u00eancia iNFRA\",\"isPartOf\":{\"@id\":\"https:\/\/agenciainfra.com\/blog\/#website\"},\"primaryImageOfPage\":{\"@id\":\"https:\/\/agenciainfra.com\/blog\/busca-por-recursos-para-eficiencia-energetica-experimenta-salto-em-2021\/#primaryimage\"},\"image\":{\"@id\":\"https:\/\/agenciainfra.com\/blog\/busca-por-recursos-para-eficiencia-energetica-experimenta-salto-em-2021\/#primaryimage\"},\"thumbnailUrl\":\"https:\/\/agenciainfra.com\/blog\/wp-content\/uploads\/2020\/07\/energia-eolica-solar-foto-dominio-publico.jpg\",\"datePublished\":\"2022-01-11T11:00:00+00:00\",\"breadcrumb\":{\"@id\":\"https:\/\/agenciainfra.com\/blog\/busca-por-recursos-para-eficiencia-energetica-experimenta-salto-em-2021\/#breadcrumb\"},\"inLanguage\":\"pt-BR\",\"potentialAction\":[{\"@type\":\"ReadAction\",\"target\":[\"https:\/\/agenciainfra.com\/blog\/busca-por-recursos-para-eficiencia-energetica-experimenta-salto-em-2021\/\"]}]},{\"@type\":\"ImageObject\",\"inLanguage\":\"pt-BR\",\"@id\":\"https:\/\/agenciainfra.com\/blog\/busca-por-recursos-para-eficiencia-energetica-experimenta-salto-em-2021\/#primaryimage\",\"url\":\"https:\/\/agenciainfra.com\/blog\/wp-content\/uploads\/2020\/07\/energia-eolica-solar-foto-dominio-publico.jpg\",\"contentUrl\":\"https:\/\/agenciainfra.com\/blog\/wp-content\/uploads\/2020\/07\/energia-eolica-solar-foto-dominio-publico.jpg\",\"width\":1200,\"height\":798,\"caption\":\"Foto: Dom\u00ednio P\u00fablico\"},{\"@type\":\"BreadcrumbList\",\"@id\":\"https:\/\/agenciainfra.com\/blog\/busca-por-recursos-para-eficiencia-energetica-experimenta-salto-em-2021\/#breadcrumb\",\"itemListElement\":[{\"@type\":\"ListItem\",\"position\":1,\"name\":\"In\u00edcio\",\"item\":\"https:\/\/agenciainfra.com\/blog\/\"},{\"@type\":\"ListItem\",\"position\":2,\"name\":\"Busca por recursos para efici\u00eancia energ\u00e9tica experimenta salto em 2021\"}]},{\"@type\":\"WebSite\",\"@id\":\"https:\/\/agenciainfra.com\/blog\/#website\",\"url\":\"https:\/\/agenciainfra.com\/blog\/\",\"name\":\"Ag\u00eancia iNFRA\",\"description\":\"Multiplataforma de informa\u00e7\u00e3o jornal\u00edstica refer\u00eancia na \u00e1rea de infraestrutura no Brasil!\",\"publisher\":{\"@id\":\"https:\/\/agenciainfra.com\/blog\/#organization\"},\"potentialAction\":[{\"@type\":\"SearchAction\",\"target\":{\"@type\":\"EntryPoint\",\"urlTemplate\":\"https:\/\/agenciainfra.com\/blog\/?s={search_term_string}\"},\"query-input\":{\"@type\":\"PropertyValueSpecification\",\"valueRequired\":true,\"valueName\":\"search_term_string\"}}],\"inLanguage\":\"pt-BR\"},{\"@type\":\"Organization\",\"@id\":\"https:\/\/agenciainfra.com\/blog\/#organization\",\"name\":\"Ag\u00eancia iNFRA\",\"url\":\"https:\/\/agenciainfra.com\/blog\/\",\"logo\":{\"@type\":\"ImageObject\",\"inLanguage\":\"pt-BR\",\"@id\":\"https:\/\/agenciainfra.com\/blog\/#\/schema\/logo\/image\/\",\"url\":\"https:\/\/agenciainfra.com\/blog\/wp-content\/uploads\/2023\/09\/iNFRA_5-e1761735885940.png\",\"contentUrl\":\"https:\/\/agenciainfra.com\/blog\/wp-content\/uploads\/2023\/09\/iNFRA_5-e1761735885940.png\",\"width\":1672,\"height\":454,\"caption\":\"Ag\u00eancia iNFRA\"},\"image\":{\"@id\":\"https:\/\/agenciainfra.com\/blog\/#\/schema\/logo\/image\/\"},\"sameAs\":[\"https:\/\/www.facebook.com\/ageninfra\",\"https:\/\/x.com\/agencia_infra\",\"https:\/\/www.linkedin.com\/company\/ag\u00eanciainfra\/\",\"https:\/\/www.instagram.com\/agenciainfra\/\"]},{\"@type\":\"Person\",\"@id\":\"https:\/\/agenciainfra.com\/blog\/#\/schema\/person\/34af08dff6adea4cb22b06612ba7acfa\",\"name\":\"Ag\u00eancia iNFRA\",\"image\":{\"@type\":\"ImageObject\",\"inLanguage\":\"pt-BR\",\"@id\":\"https:\/\/agenciainfra.com\/blog\/#\/schema\/person\/image\/\",\"url\":\"https:\/\/secure.gravatar.com\/avatar\/d189e01678f06d8eb84d4e01f08eb848b3fffe3f8443818d3c356c66892f5be8?s=96&d=mm&r=g\",\"contentUrl\":\"https:\/\/secure.gravatar.com\/avatar\/d189e01678f06d8eb84d4e01f08eb848b3fffe3f8443818d3c356c66892f5be8?s=96&d=mm&r=g\",\"caption\":\"Ag\u00eancia iNFRA\"},\"url\":\"https:\/\/agenciainfra.com\/blog\/author\/admin\/\"}]}<\/script>\n<!-- \/ Yoast SEO Premium plugin. -->","yoast_head_json":{"title":"Busca por recursos para efici\u00eancia energ\u00e9tica experimenta salto em 2021 - Ag\u00eancia iNFRA","robots":{"index":"index","follow":"follow","max-snippet":"max-snippet:-1","max-image-preview":"max-image-preview:large","max-video-preview":"max-video-preview:-1"},"canonical":"https:\/\/agenciainfra.com\/blog\/busca-por-recursos-para-eficiencia-energetica-experimenta-salto-em-2021\/","og_locale":"pt_BR","og_type":"article","og_title":"Busca por recursos para efici\u00eancia energ\u00e9tica experimenta salto em 2021","og_description":"Ant\u00f4nio Carlos Sil, para a Ag\u00eancia iNFRA Principal fonte de financiamentos para empresas que procuram captar dinheiro destinado a projetos para racionalizar o pr\u00f3prio consumo de energia, o BNDES (Banco Nacional de Desenvolvimento Econ\u00f4mico e Social) mais do que duplicou desembolsos em 2021, em rela\u00e7\u00e3o a 2020. No ano passado, o banco de fomento liberou [&hellip;]","og_url":"https:\/\/agenciainfra.com\/blog\/busca-por-recursos-para-eficiencia-energetica-experimenta-salto-em-2021\/","og_site_name":"Ag\u00eancia iNFRA","article_publisher":"https:\/\/www.facebook.com\/ageninfra","article_published_time":"2022-01-11T11:00:00+00:00","og_image":[{"width":1200,"height":798,"url":"https:\/\/agenciainfra.com\/blog\/wp-content\/uploads\/2020\/07\/energia-eolica-solar-foto-dominio-publico.jpg","type":"image\/jpeg"}],"author":"Ag\u00eancia iNFRA","twitter_card":"summary_large_image","twitter_creator":"@agencia_infra","twitter_site":"@agencia_infra","twitter_misc":{"Escrito por":"Ag\u00eancia iNFRA","Est. tempo de leitura":"3 minutos"},"schema":{"@context":"https:\/\/schema.org","@graph":[{"@type":"Article","@id":"https:\/\/agenciainfra.com\/blog\/busca-por-recursos-para-eficiencia-energetica-experimenta-salto-em-2021\/#article","isPartOf":{"@id":"https:\/\/agenciainfra.com\/blog\/busca-por-recursos-para-eficiencia-energetica-experimenta-salto-em-2021\/"},"author":{"name":"Ag\u00eancia iNFRA","@id":"https:\/\/agenciainfra.com\/blog\/#\/schema\/person\/34af08dff6adea4cb22b06612ba7acfa"},"headline":"Busca por recursos para efici\u00eancia energ\u00e9tica experimenta salto em 2021","datePublished":"2022-01-11T11:00:00+00:00","mainEntityOfPage":{"@id":"https:\/\/agenciainfra.com\/blog\/busca-por-recursos-para-eficiencia-energetica-experimenta-salto-em-2021\/"},"wordCount":695,"publisher":{"@id":"https:\/\/agenciainfra.com\/blog\/#organization"},"image":{"@id":"https:\/\/agenciainfra.com\/blog\/busca-por-recursos-para-eficiencia-energetica-experimenta-salto-em-2021\/#primaryimage"},"thumbnailUrl":"https:\/\/agenciainfra.com\/blog\/wp-content\/uploads\/2020\/07\/energia-eolica-solar-foto-dominio-publico.jpg","keywords":["ANEEL","BNDES","Efici\u00eancia Energ\u00e9tica","energia","energia solar","fontes renov\u00e1veis","Inmetro","Minist\u00e9rio de Minas e Energia","Setor El\u00e9trico"],"articleSection":["Geral","iNFRAEnergia"],"inLanguage":"pt-BR","copyrightYear":"2022","copyrightHolder":{"@id":"https:\/\/agenciainfra.com\/blog\/#organization"}},{"@type":"WebPage","@id":"https:\/\/agenciainfra.com\/blog\/busca-por-recursos-para-eficiencia-energetica-experimenta-salto-em-2021\/","url":"https:\/\/agenciainfra.com\/blog\/busca-por-recursos-para-eficiencia-energetica-experimenta-salto-em-2021\/","name":"Busca por recursos para efici\u00eancia energ\u00e9tica experimenta salto em 2021 - Ag\u00eancia iNFRA","isPartOf":{"@id":"https:\/\/agenciainfra.com\/blog\/#website"},"primaryImageOfPage":{"@id":"https:\/\/agenciainfra.com\/blog\/busca-por-recursos-para-eficiencia-energetica-experimenta-salto-em-2021\/#primaryimage"},"image":{"@id":"https:\/\/agenciainfra.com\/blog\/busca-por-recursos-para-eficiencia-energetica-experimenta-salto-em-2021\/#primaryimage"},"thumbnailUrl":"https:\/\/agenciainfra.com\/blog\/wp-content\/uploads\/2020\/07\/energia-eolica-solar-foto-dominio-publico.jpg","datePublished":"2022-01-11T11:00:00+00:00","breadcrumb":{"@id":"https:\/\/agenciainfra.com\/blog\/busca-por-recursos-para-eficiencia-energetica-experimenta-salto-em-2021\/#breadcrumb"},"inLanguage":"pt-BR","potentialAction":[{"@type":"ReadAction","target":["https:\/\/agenciainfra.com\/blog\/busca-por-recursos-para-eficiencia-energetica-experimenta-salto-em-2021\/"]}]},{"@type":"ImageObject","inLanguage":"pt-BR","@id":"https:\/\/agenciainfra.com\/blog\/busca-por-recursos-para-eficiencia-energetica-experimenta-salto-em-2021\/#primaryimage","url":"https:\/\/agenciainfra.com\/blog\/wp-content\/uploads\/2020\/07\/energia-eolica-solar-foto-dominio-publico.jpg","contentUrl":"https:\/\/agenciainfra.com\/blog\/wp-content\/uploads\/2020\/07\/energia-eolica-solar-foto-dominio-publico.jpg","width":1200,"height":798,"caption":"Foto: Dom\u00ednio P\u00fablico"},{"@type":"BreadcrumbList","@id":"https:\/\/agenciainfra.com\/blog\/busca-por-recursos-para-eficiencia-energetica-experimenta-salto-em-2021\/#breadcrumb","itemListElement":[{"@type":"ListItem","position":1,"name":"In\u00edcio","item":"https:\/\/agenciainfra.com\/blog\/"},{"@type":"ListItem","position":2,"name":"Busca por recursos para efici\u00eancia energ\u00e9tica experimenta salto em 2021"}]},{"@type":"WebSite","@id":"https:\/\/agenciainfra.com\/blog\/#website","url":"https:\/\/agenciainfra.com\/blog\/","name":"Ag\u00eancia iNFRA","description":"Multiplataforma de informa\u00e7\u00e3o jornal\u00edstica refer\u00eancia na \u00e1rea de infraestrutura no Brasil!","publisher":{"@id":"https:\/\/agenciainfra.com\/blog\/#organization"},"potentialAction":[{"@type":"SearchAction","target":{"@type":"EntryPoint","urlTemplate":"https:\/\/agenciainfra.com\/blog\/?s={search_term_string}"},"query-input":{"@type":"PropertyValueSpecification","valueRequired":true,"valueName":"search_term_string"}}],"inLanguage":"pt-BR"},{"@type":"Organization","@id":"https:\/\/agenciainfra.com\/blog\/#organization","name":"Ag\u00eancia iNFRA","url":"https:\/\/agenciainfra.com\/blog\/","logo":{"@type":"ImageObject","inLanguage":"pt-BR","@id":"https:\/\/agenciainfra.com\/blog\/#\/schema\/logo\/image\/","url":"https:\/\/agenciainfra.com\/blog\/wp-content\/uploads\/2023\/09\/iNFRA_5-e1761735885940.png","contentUrl":"https:\/\/agenciainfra.com\/blog\/wp-content\/uploads\/2023\/09\/iNFRA_5-e1761735885940.png","width":1672,"height":454,"caption":"Ag\u00eancia iNFRA"},"image":{"@id":"https:\/\/agenciainfra.com\/blog\/#\/schema\/logo\/image\/"},"sameAs":["https:\/\/www.facebook.com\/ageninfra","https:\/\/x.com\/agencia_infra","https:\/\/www.linkedin.com\/company\/ag\u00eanciainfra\/","https:\/\/www.instagram.com\/agenciainfra\/"]},{"@type":"Person","@id":"https:\/\/agenciainfra.com\/blog\/#\/schema\/person\/34af08dff6adea4cb22b06612ba7acfa","name":"Ag\u00eancia iNFRA","image":{"@type":"ImageObject","inLanguage":"pt-BR","@id":"https:\/\/agenciainfra.com\/blog\/#\/schema\/person\/image\/","url":"https:\/\/secure.gravatar.com\/avatar\/d189e01678f06d8eb84d4e01f08eb848b3fffe3f8443818d3c356c66892f5be8?s=96&d=mm&r=g","contentUrl":"https:\/\/secure.gravatar.com\/avatar\/d189e01678f06d8eb84d4e01f08eb848b3fffe3f8443818d3c356c66892f5be8?s=96&d=mm&r=g","caption":"Ag\u00eancia iNFRA"},"url":"https:\/\/agenciainfra.com\/blog\/author\/admin\/"}]}},"_links":{"self":[{"href":"https:\/\/agenciainfra.com\/blog\/wp-json\/wp\/v2\/posts\/9344","targetHints":{"allow":["GET"]}}],"collection":[{"href":"https:\/\/agenciainfra.com\/blog\/wp-json\/wp\/v2\/posts"}],"about":[{"href":"https:\/\/agenciainfra.com\/blog\/wp-json\/wp\/v2\/types\/post"}],"author":[{"embeddable":true,"href":"https:\/\/agenciainfra.com\/blog\/wp-json\/wp\/v2\/users\/1"}],"replies":[{"embeddable":true,"href":"https:\/\/agenciainfra.com\/blog\/wp-json\/wp\/v2\/comments?post=9344"}],"version-history":[{"count":0,"href":"https:\/\/agenciainfra.com\/blog\/wp-json\/wp\/v2\/posts\/9344\/revisions"}],"wp:featuredmedia":[{"embeddable":true,"href":"https:\/\/agenciainfra.com\/blog\/wp-json\/wp\/v2\/media\/5390"}],"wp:attachment":[{"href":"https:\/\/agenciainfra.com\/blog\/wp-json\/wp\/v2\/media?parent=9344"}],"wp:term":[{"taxonomy":"category","embeddable":true,"href":"https:\/\/agenciainfra.com\/blog\/wp-json\/wp\/v2\/categories?post=9344"},{"taxonomy":"post_tag","embeddable":true,"href":"https:\/\/agenciainfra.com\/blog\/wp-json\/wp\/v2\/tags?post=9344"}],"curies":[{"name":"wp","href":"https:\/\/api.w.org\/{rel}","templated":true}]}}