{"id":9373,"date":"2022-01-19T14:00:00","date_gmt":"2022-01-19T17:00:00","guid":{"rendered":"https:\/\/www.agenciainfra.com\/blog\/?p=9373"},"modified":"2022-01-19T13:23:48","modified_gmt":"2022-01-19T16:23:48","slug":"mercado-de-credito-sera-movimentado-por-transmissao-energia-solar-e-reforma-cambial","status":"publish","type":"post","link":"https:\/\/agenciainfra.com\/blog\/mercado-de-credito-sera-movimentado-por-transmissao-energia-solar-e-reforma-cambial\/","title":{"rendered":"Mercado de cr\u00e9dito ser\u00e1 movimentado por transmiss\u00e3o, energia solar e reforma cambial"},"content":{"rendered":"\n<p class=\"has-text-align-right\"><strong>Roberto Rockmann*<\/strong><\/p>\n\n\n\n<p>Leil\u00f5es de transmiss\u00e3o, novo marco regulat\u00f3rio da gera\u00e7\u00e3o distribu\u00edda, reforma cambial, mercado livre, agenda ESG s\u00e3o os principais motores do mercado de cr\u00e9dito \u00e0 energia el\u00e9trica nesse ano.<br><br>Em junho, dever\u00e1 ser realizado o primeiro leil\u00e3o de transmiss\u00e3o do ano, que totalizar\u00e1 4.810 km de linhas de transmiss\u00e3o, 6.030 MVA de pot\u00eancia a ser instalada e cerca de R$ 8 bilh\u00f5es em investimentos, um volume bem superior ao do ano passado, quando os dois leil\u00f5es realizados somaram cerca de R$ 4,2 bilh\u00f5es em obras.<br><br>A proximidade da elei\u00e7\u00e3o n\u00e3o deve alterar o apetite dos investidores. \u201cEm dezembro, vimos os investidores com ofertas de des\u00e1gios de 40% a 50% e esses projetos ir\u00e3o buscar financiamento nesse segundo semestre. O segmento deve continuar competitivo, a regula\u00e7\u00e3o \u00e9 s\u00f3lida\u201d, diz \u00a0Allan Batista Gabriel, Head de energia da \u00e1rea de Project Finance do Ita\u00fa BBA.<br><br>O novo marco regulat\u00f3rio da gera\u00e7\u00e3o distribu\u00edda solar, sancionado na primeira semana de janeiro, dever\u00e1 acelerar a expans\u00e3o do segmento. \u201cCom a incerteza da regula\u00e7\u00e3o, a modelagem poderia mudar e havia uma cautela dos investidores. Agora as d\u00favidas foram eliminadas e a expans\u00e3o dever\u00e1 ser mais acelerada\u201d, aponta o executivo do Ita\u00fa BBA.<br><br>Do lado dos empreendedores solares, h\u00e1 otimismo, mas as medidas de isolamento social anunciadas pelo governo chin\u00eas nesse fim de semana colocam d\u00favidas sobre o custo de importa\u00e7\u00e3o de equipamentos do pa\u00eds asi\u00e1tico e sobre o prazo de entrega deles. \u201cJ\u00e1 h\u00e1 casos de pedido de mudan\u00e7a de cronograma, em especial de solar, por causa da quebra de fornecimento por parte da China\u201d, diz um consultor.<br><br>Sancionada no fim do ano passado, a Lei n\u00ba 14.286 passou a permitir o pagamento em moeda estrangeira para &#8220;os contratos celebrados por exportadores em que a contraparte seja concession\u00e1rio, permission\u00e1rio, autorizat\u00e1rio ou arrendat\u00e1rio nos setores de infraestrutura&#8221;. A lei entrar\u00e1 em vigor em 30\/12\/2022. Como a implanta\u00e7\u00e3o de usinas para gera\u00e7\u00e3o de energia el\u00e9trica com pot\u00eancia superior a 5.000 kW depende de autoriza\u00e7\u00e3o ou concess\u00e3o do poder concedente (nos termos da Lei n\u00ba 9.074\/1995), usinas que atendam a esses requisitos poder\u00e3o celebrar contratos de compra de energia el\u00e9trica (PPAs) com consumidores de energia considerados &#8220;exportadores&#8221;.<br><br>Os dez maiores consumidores livres do Brasil s\u00e3o exportadores. \u201cA legisla\u00e7\u00e3o traz conforto e j\u00e1 vemos consultas incipientes de conglomeradores asi\u00e1ticos que est\u00e3o na cadeia de exporta\u00e7\u00e3o e podem ter uma presen\u00e7a em energia\u201d, diz Pablo Sorj, s\u00f3cio de infraestrutura do Mattos Filho.<\/p>\n\n\n\n<h6 class=\"wp-block-heading\">*Roberto Rockmann \u00e9 escritor e jornalista. Coautor do livro \u201cCurto-Circuito, quando o Brasil quase ficou \u00e0s escuras\u201d e produtor do podcast quinzenal \u201cGiro Energia\u201d sobre o setor el\u00e9trico. Organizou em 2018 o livro de 20 anos do mercado livre de energia el\u00e9trica, editado pela CCEE (C\u00e2mara de Comercializa\u00e7\u00e3o de Energia El\u00e9trica), al\u00e9m de v\u00e1rios outros livros e trabalhos premiados. <\/h6>\n\n\n\n<p><strong>As opini\u00f5es dos autores n\u00e3o refletem necessariamente o pensamento da Ag\u00eancia iNFRA, sendo de total responsabilidade do autor as informa\u00e7\u00f5es, ju\u00edzos de valor e conceitos descritos no texto.<\/strong> <\/p>\n","protected":false},"excerpt":{"rendered":"<p>Roberto Rockmann* Leil\u00f5es de transmiss\u00e3o, novo marco regulat\u00f3rio da gera\u00e7\u00e3o distribu\u00edda, reforma cambial, mercado livre, agenda ESG s\u00e3o os principais motores do mercado de cr\u00e9dito \u00e0 energia el\u00e9trica nesse ano. Em junho, dever\u00e1 ser realizado o primeiro leil\u00e3o de transmiss\u00e3o do ano, que totalizar\u00e1 4.810 km de linhas de transmiss\u00e3o, 6.030 MVA de pot\u00eancia a [&hellip;]<\/p>\n","protected":false},"author":1,"featured_media":3947,"comment_status":"closed","ping_status":"closed","sticky":false,"template":"","format":"standard","meta":{"_monsterinsights_skip_tracking":false,"_monsterinsights_sitenote_active":false,"_monsterinsights_sitenote_note":"","_monsterinsights_sitenote_category":0,"footnotes":""},"categories":[1],"tags":[25,1093,2805,2473,826,4919,4198,55,2969],"class_list":["post-9373","post","type-post","status-publish","format-standard","has-post-thumbnail","hentry","category-geral","tag-energia","tag-energia-solar","tag-esg","tag-leiloes-de-transmissao","tag-linhas-de-transmissao","tag-marco-legal-da-energia-solar","tag-marco-regulatorio","tag-mercado-livre","tag-transmissao"],"yoast_head":"<!-- This site is optimized with the Yoast SEO Premium plugin v25.4 (Yoast SEO v26.0) - https:\/\/yoast.com\/wordpress\/plugins\/seo\/ -->\n<title>Mercado de cr\u00e9dito ser\u00e1 movimentado por transmiss\u00e3o, energia solar e reforma cambial - Ag\u00eancia iNFRA<\/title>\n<meta name=\"robots\" content=\"index, follow, max-snippet:-1, max-image-preview:large, max-video-preview:-1\" \/>\n<link rel=\"canonical\" href=\"https:\/\/agenciainfra.com\/blog\/mercado-de-credito-sera-movimentado-por-transmissao-energia-solar-e-reforma-cambial\/\" \/>\n<meta property=\"og:locale\" content=\"pt_BR\" \/>\n<meta property=\"og:type\" content=\"article\" \/>\n<meta property=\"og:title\" content=\"Mercado de cr\u00e9dito ser\u00e1 movimentado por transmiss\u00e3o, energia solar e reforma cambial\" \/>\n<meta property=\"og:description\" content=\"Roberto Rockmann* Leil\u00f5es de transmiss\u00e3o, novo marco regulat\u00f3rio da gera\u00e7\u00e3o distribu\u00edda, reforma cambial, mercado livre, agenda ESG s\u00e3o os principais motores do mercado de cr\u00e9dito \u00e0 energia el\u00e9trica nesse ano. Em junho, dever\u00e1 ser realizado o primeiro leil\u00e3o de transmiss\u00e3o do ano, que totalizar\u00e1 4.810 km de linhas de transmiss\u00e3o, 6.030 MVA de pot\u00eancia a [&hellip;]\" \/>\n<meta property=\"og:url\" content=\"https:\/\/agenciainfra.com\/blog\/mercado-de-credito-sera-movimentado-por-transmissao-energia-solar-e-reforma-cambial\/\" \/>\n<meta property=\"og:site_name\" content=\"Ag\u00eancia iNFRA\" \/>\n<meta property=\"article:publisher\" content=\"https:\/\/www.facebook.com\/ageninfra\" \/>\n<meta property=\"article:published_time\" content=\"2022-01-19T17:00:00+00:00\" \/>\n<meta property=\"og:image\" content=\"https:\/\/agenciainfra.com\/blog\/wp-content\/uploads\/2019\/10\/linha-de-transmissao-foto-dominio-publico.jpg\" \/>\n\t<meta property=\"og:image:width\" content=\"1200\" \/>\n\t<meta property=\"og:image:height\" content=\"800\" \/>\n\t<meta property=\"og:image:type\" content=\"image\/jpeg\" \/>\n<meta name=\"author\" content=\"Ag\u00eancia iNFRA\" \/>\n<meta name=\"twitter:card\" content=\"summary_large_image\" \/>\n<meta name=\"twitter:creator\" content=\"@agencia_infra\" \/>\n<meta name=\"twitter:site\" content=\"@agencia_infra\" \/>\n<meta name=\"twitter:label1\" content=\"Escrito por\" \/>\n\t<meta name=\"twitter:data1\" content=\"Ag\u00eancia iNFRA\" \/>\n\t<meta name=\"twitter:label2\" content=\"Est. tempo de leitura\" \/>\n\t<meta name=\"twitter:data2\" content=\"3 minutos\" \/>\n<script type=\"application\/ld+json\" class=\"yoast-schema-graph\">{\"@context\":\"https:\/\/schema.org\",\"@graph\":[{\"@type\":\"Article\",\"@id\":\"https:\/\/agenciainfra.com\/blog\/mercado-de-credito-sera-movimentado-por-transmissao-energia-solar-e-reforma-cambial\/#article\",\"isPartOf\":{\"@id\":\"https:\/\/agenciainfra.com\/blog\/mercado-de-credito-sera-movimentado-por-transmissao-energia-solar-e-reforma-cambial\/\"},\"author\":{\"name\":\"Ag\u00eancia iNFRA\",\"@id\":\"https:\/\/agenciainfra.com\/blog\/#\/schema\/person\/34af08dff6adea4cb22b06612ba7acfa\"},\"headline\":\"Mercado de cr\u00e9dito ser\u00e1 movimentado por transmiss\u00e3o, energia solar e reforma cambial\",\"datePublished\":\"2022-01-19T17:00:00+00:00\",\"mainEntityOfPage\":{\"@id\":\"https:\/\/agenciainfra.com\/blog\/mercado-de-credito-sera-movimentado-por-transmissao-energia-solar-e-reforma-cambial\/\"},\"wordCount\":552,\"publisher\":{\"@id\":\"https:\/\/agenciainfra.com\/blog\/#organization\"},\"image\":{\"@id\":\"https:\/\/agenciainfra.com\/blog\/mercado-de-credito-sera-movimentado-por-transmissao-energia-solar-e-reforma-cambial\/#primaryimage\"},\"thumbnailUrl\":\"https:\/\/agenciainfra.com\/blog\/wp-content\/uploads\/2019\/10\/linha-de-transmissao-foto-dominio-publico.jpg\",\"keywords\":[\"energia\",\"energia solar\",\"ESG\",\"leil\u00f5es de transmiss\u00e3o\",\"Linhas de Transmiss\u00e3o\",\"marco legal da energia solar\",\"marco regulat\u00f3rio\",\"mercado livre\",\"transmiss\u00e3o\"],\"articleSection\":[\"Geral\"],\"inLanguage\":\"pt-BR\",\"copyrightYear\":\"2022\",\"copyrightHolder\":{\"@id\":\"https:\/\/agenciainfra.com\/blog\/#organization\"}},{\"@type\":\"WebPage\",\"@id\":\"https:\/\/agenciainfra.com\/blog\/mercado-de-credito-sera-movimentado-por-transmissao-energia-solar-e-reforma-cambial\/\",\"url\":\"https:\/\/agenciainfra.com\/blog\/mercado-de-credito-sera-movimentado-por-transmissao-energia-solar-e-reforma-cambial\/\",\"name\":\"Mercado de cr\u00e9dito ser\u00e1 movimentado por transmiss\u00e3o, energia solar e reforma cambial - Ag\u00eancia iNFRA\",\"isPartOf\":{\"@id\":\"https:\/\/agenciainfra.com\/blog\/#website\"},\"primaryImageOfPage\":{\"@id\":\"https:\/\/agenciainfra.com\/blog\/mercado-de-credito-sera-movimentado-por-transmissao-energia-solar-e-reforma-cambial\/#primaryimage\"},\"image\":{\"@id\":\"https:\/\/agenciainfra.com\/blog\/mercado-de-credito-sera-movimentado-por-transmissao-energia-solar-e-reforma-cambial\/#primaryimage\"},\"thumbnailUrl\":\"https:\/\/agenciainfra.com\/blog\/wp-content\/uploads\/2019\/10\/linha-de-transmissao-foto-dominio-publico.jpg\",\"datePublished\":\"2022-01-19T17:00:00+00:00\",\"breadcrumb\":{\"@id\":\"https:\/\/agenciainfra.com\/blog\/mercado-de-credito-sera-movimentado-por-transmissao-energia-solar-e-reforma-cambial\/#breadcrumb\"},\"inLanguage\":\"pt-BR\",\"potentialAction\":[{\"@type\":\"ReadAction\",\"target\":[\"https:\/\/agenciainfra.com\/blog\/mercado-de-credito-sera-movimentado-por-transmissao-energia-solar-e-reforma-cambial\/\"]}]},{\"@type\":\"ImageObject\",\"inLanguage\":\"pt-BR\",\"@id\":\"https:\/\/agenciainfra.com\/blog\/mercado-de-credito-sera-movimentado-por-transmissao-energia-solar-e-reforma-cambial\/#primaryimage\",\"url\":\"https:\/\/agenciainfra.com\/blog\/wp-content\/uploads\/2019\/10\/linha-de-transmissao-foto-dominio-publico.jpg\",\"contentUrl\":\"https:\/\/agenciainfra.com\/blog\/wp-content\/uploads\/2019\/10\/linha-de-transmissao-foto-dominio-publico.jpg\",\"width\":1200,\"height\":800,\"caption\":\"Foto: Dom\u00ednio p\u00fablico\"},{\"@type\":\"BreadcrumbList\",\"@id\":\"https:\/\/agenciainfra.com\/blog\/mercado-de-credito-sera-movimentado-por-transmissao-energia-solar-e-reforma-cambial\/#breadcrumb\",\"itemListElement\":[{\"@type\":\"ListItem\",\"position\":1,\"name\":\"In\u00edcio\",\"item\":\"https:\/\/agenciainfra.com\/blog\/\"},{\"@type\":\"ListItem\",\"position\":2,\"name\":\"Mercado de cr\u00e9dito ser\u00e1 movimentado por transmiss\u00e3o, energia solar e reforma cambial\"}]},{\"@type\":\"WebSite\",\"@id\":\"https:\/\/agenciainfra.com\/blog\/#website\",\"url\":\"https:\/\/agenciainfra.com\/blog\/\",\"name\":\"Ag\u00eancia iNFRA\",\"description\":\"Multiplataforma de informa\u00e7\u00e3o jornal\u00edstica refer\u00eancia na \u00e1rea de infraestrutura no Brasil!\",\"publisher\":{\"@id\":\"https:\/\/agenciainfra.com\/blog\/#organization\"},\"potentialAction\":[{\"@type\":\"SearchAction\",\"target\":{\"@type\":\"EntryPoint\",\"urlTemplate\":\"https:\/\/agenciainfra.com\/blog\/?s={search_term_string}\"},\"query-input\":{\"@type\":\"PropertyValueSpecification\",\"valueRequired\":true,\"valueName\":\"search_term_string\"}}],\"inLanguage\":\"pt-BR\"},{\"@type\":\"Organization\",\"@id\":\"https:\/\/agenciainfra.com\/blog\/#organization\",\"name\":\"Ag\u00eancia iNFRA\",\"url\":\"https:\/\/agenciainfra.com\/blog\/\",\"logo\":{\"@type\":\"ImageObject\",\"inLanguage\":\"pt-BR\",\"@id\":\"https:\/\/agenciainfra.com\/blog\/#\/schema\/logo\/image\/\",\"url\":\"https:\/\/agenciainfra.com\/blog\/wp-content\/uploads\/2023\/09\/iNFRA_5-e1761735885940.png\",\"contentUrl\":\"https:\/\/agenciainfra.com\/blog\/wp-content\/uploads\/2023\/09\/iNFRA_5-e1761735885940.png\",\"width\":1672,\"height\":454,\"caption\":\"Ag\u00eancia iNFRA\"},\"image\":{\"@id\":\"https:\/\/agenciainfra.com\/blog\/#\/schema\/logo\/image\/\"},\"sameAs\":[\"https:\/\/www.facebook.com\/ageninfra\",\"https:\/\/x.com\/agencia_infra\",\"https:\/\/www.linkedin.com\/company\/ag\u00eanciainfra\/\",\"https:\/\/www.instagram.com\/agenciainfra\/\"]},{\"@type\":\"Person\",\"@id\":\"https:\/\/agenciainfra.com\/blog\/#\/schema\/person\/34af08dff6adea4cb22b06612ba7acfa\",\"name\":\"Ag\u00eancia iNFRA\",\"image\":{\"@type\":\"ImageObject\",\"inLanguage\":\"pt-BR\",\"@id\":\"https:\/\/agenciainfra.com\/blog\/#\/schema\/person\/image\/\",\"url\":\"https:\/\/secure.gravatar.com\/avatar\/d189e01678f06d8eb84d4e01f08eb848b3fffe3f8443818d3c356c66892f5be8?s=96&d=mm&r=g\",\"contentUrl\":\"https:\/\/secure.gravatar.com\/avatar\/d189e01678f06d8eb84d4e01f08eb848b3fffe3f8443818d3c356c66892f5be8?s=96&d=mm&r=g\",\"caption\":\"Ag\u00eancia iNFRA\"},\"url\":\"https:\/\/agenciainfra.com\/blog\/author\/admin\/\"}]}<\/script>\n<!-- \/ Yoast SEO Premium plugin. -->","yoast_head_json":{"title":"Mercado de cr\u00e9dito ser\u00e1 movimentado por transmiss\u00e3o, energia solar e reforma cambial - Ag\u00eancia iNFRA","robots":{"index":"index","follow":"follow","max-snippet":"max-snippet:-1","max-image-preview":"max-image-preview:large","max-video-preview":"max-video-preview:-1"},"canonical":"https:\/\/agenciainfra.com\/blog\/mercado-de-credito-sera-movimentado-por-transmissao-energia-solar-e-reforma-cambial\/","og_locale":"pt_BR","og_type":"article","og_title":"Mercado de cr\u00e9dito ser\u00e1 movimentado por transmiss\u00e3o, energia solar e reforma cambial","og_description":"Roberto Rockmann* Leil\u00f5es de transmiss\u00e3o, novo marco regulat\u00f3rio da gera\u00e7\u00e3o distribu\u00edda, reforma cambial, mercado livre, agenda ESG s\u00e3o os principais motores do mercado de cr\u00e9dito \u00e0 energia el\u00e9trica nesse ano. Em junho, dever\u00e1 ser realizado o primeiro leil\u00e3o de transmiss\u00e3o do ano, que totalizar\u00e1 4.810 km de linhas de transmiss\u00e3o, 6.030 MVA de pot\u00eancia a [&hellip;]","og_url":"https:\/\/agenciainfra.com\/blog\/mercado-de-credito-sera-movimentado-por-transmissao-energia-solar-e-reforma-cambial\/","og_site_name":"Ag\u00eancia iNFRA","article_publisher":"https:\/\/www.facebook.com\/ageninfra","article_published_time":"2022-01-19T17:00:00+00:00","og_image":[{"width":1200,"height":800,"url":"https:\/\/agenciainfra.com\/blog\/wp-content\/uploads\/2019\/10\/linha-de-transmissao-foto-dominio-publico.jpg","type":"image\/jpeg"}],"author":"Ag\u00eancia iNFRA","twitter_card":"summary_large_image","twitter_creator":"@agencia_infra","twitter_site":"@agencia_infra","twitter_misc":{"Escrito por":"Ag\u00eancia iNFRA","Est. tempo de leitura":"3 minutos"},"schema":{"@context":"https:\/\/schema.org","@graph":[{"@type":"Article","@id":"https:\/\/agenciainfra.com\/blog\/mercado-de-credito-sera-movimentado-por-transmissao-energia-solar-e-reforma-cambial\/#article","isPartOf":{"@id":"https:\/\/agenciainfra.com\/blog\/mercado-de-credito-sera-movimentado-por-transmissao-energia-solar-e-reforma-cambial\/"},"author":{"name":"Ag\u00eancia iNFRA","@id":"https:\/\/agenciainfra.com\/blog\/#\/schema\/person\/34af08dff6adea4cb22b06612ba7acfa"},"headline":"Mercado de cr\u00e9dito ser\u00e1 movimentado por transmiss\u00e3o, energia solar e reforma cambial","datePublished":"2022-01-19T17:00:00+00:00","mainEntityOfPage":{"@id":"https:\/\/agenciainfra.com\/blog\/mercado-de-credito-sera-movimentado-por-transmissao-energia-solar-e-reforma-cambial\/"},"wordCount":552,"publisher":{"@id":"https:\/\/agenciainfra.com\/blog\/#organization"},"image":{"@id":"https:\/\/agenciainfra.com\/blog\/mercado-de-credito-sera-movimentado-por-transmissao-energia-solar-e-reforma-cambial\/#primaryimage"},"thumbnailUrl":"https:\/\/agenciainfra.com\/blog\/wp-content\/uploads\/2019\/10\/linha-de-transmissao-foto-dominio-publico.jpg","keywords":["energia","energia solar","ESG","leil\u00f5es de transmiss\u00e3o","Linhas de Transmiss\u00e3o","marco legal da energia solar","marco regulat\u00f3rio","mercado livre","transmiss\u00e3o"],"articleSection":["Geral"],"inLanguage":"pt-BR","copyrightYear":"2022","copyrightHolder":{"@id":"https:\/\/agenciainfra.com\/blog\/#organization"}},{"@type":"WebPage","@id":"https:\/\/agenciainfra.com\/blog\/mercado-de-credito-sera-movimentado-por-transmissao-energia-solar-e-reforma-cambial\/","url":"https:\/\/agenciainfra.com\/blog\/mercado-de-credito-sera-movimentado-por-transmissao-energia-solar-e-reforma-cambial\/","name":"Mercado de cr\u00e9dito ser\u00e1 movimentado por transmiss\u00e3o, energia solar e reforma cambial - Ag\u00eancia iNFRA","isPartOf":{"@id":"https:\/\/agenciainfra.com\/blog\/#website"},"primaryImageOfPage":{"@id":"https:\/\/agenciainfra.com\/blog\/mercado-de-credito-sera-movimentado-por-transmissao-energia-solar-e-reforma-cambial\/#primaryimage"},"image":{"@id":"https:\/\/agenciainfra.com\/blog\/mercado-de-credito-sera-movimentado-por-transmissao-energia-solar-e-reforma-cambial\/#primaryimage"},"thumbnailUrl":"https:\/\/agenciainfra.com\/blog\/wp-content\/uploads\/2019\/10\/linha-de-transmissao-foto-dominio-publico.jpg","datePublished":"2022-01-19T17:00:00+00:00","breadcrumb":{"@id":"https:\/\/agenciainfra.com\/blog\/mercado-de-credito-sera-movimentado-por-transmissao-energia-solar-e-reforma-cambial\/#breadcrumb"},"inLanguage":"pt-BR","potentialAction":[{"@type":"ReadAction","target":["https:\/\/agenciainfra.com\/blog\/mercado-de-credito-sera-movimentado-por-transmissao-energia-solar-e-reforma-cambial\/"]}]},{"@type":"ImageObject","inLanguage":"pt-BR","@id":"https:\/\/agenciainfra.com\/blog\/mercado-de-credito-sera-movimentado-por-transmissao-energia-solar-e-reforma-cambial\/#primaryimage","url":"https:\/\/agenciainfra.com\/blog\/wp-content\/uploads\/2019\/10\/linha-de-transmissao-foto-dominio-publico.jpg","contentUrl":"https:\/\/agenciainfra.com\/blog\/wp-content\/uploads\/2019\/10\/linha-de-transmissao-foto-dominio-publico.jpg","width":1200,"height":800,"caption":"Foto: Dom\u00ednio p\u00fablico"},{"@type":"BreadcrumbList","@id":"https:\/\/agenciainfra.com\/blog\/mercado-de-credito-sera-movimentado-por-transmissao-energia-solar-e-reforma-cambial\/#breadcrumb","itemListElement":[{"@type":"ListItem","position":1,"name":"In\u00edcio","item":"https:\/\/agenciainfra.com\/blog\/"},{"@type":"ListItem","position":2,"name":"Mercado de cr\u00e9dito ser\u00e1 movimentado por transmiss\u00e3o, energia solar e reforma cambial"}]},{"@type":"WebSite","@id":"https:\/\/agenciainfra.com\/blog\/#website","url":"https:\/\/agenciainfra.com\/blog\/","name":"Ag\u00eancia iNFRA","description":"Multiplataforma de informa\u00e7\u00e3o jornal\u00edstica refer\u00eancia na \u00e1rea de infraestrutura no Brasil!","publisher":{"@id":"https:\/\/agenciainfra.com\/blog\/#organization"},"potentialAction":[{"@type":"SearchAction","target":{"@type":"EntryPoint","urlTemplate":"https:\/\/agenciainfra.com\/blog\/?s={search_term_string}"},"query-input":{"@type":"PropertyValueSpecification","valueRequired":true,"valueName":"search_term_string"}}],"inLanguage":"pt-BR"},{"@type":"Organization","@id":"https:\/\/agenciainfra.com\/blog\/#organization","name":"Ag\u00eancia iNFRA","url":"https:\/\/agenciainfra.com\/blog\/","logo":{"@type":"ImageObject","inLanguage":"pt-BR","@id":"https:\/\/agenciainfra.com\/blog\/#\/schema\/logo\/image\/","url":"https:\/\/agenciainfra.com\/blog\/wp-content\/uploads\/2023\/09\/iNFRA_5-e1761735885940.png","contentUrl":"https:\/\/agenciainfra.com\/blog\/wp-content\/uploads\/2023\/09\/iNFRA_5-e1761735885940.png","width":1672,"height":454,"caption":"Ag\u00eancia iNFRA"},"image":{"@id":"https:\/\/agenciainfra.com\/blog\/#\/schema\/logo\/image\/"},"sameAs":["https:\/\/www.facebook.com\/ageninfra","https:\/\/x.com\/agencia_infra","https:\/\/www.linkedin.com\/company\/ag\u00eanciainfra\/","https:\/\/www.instagram.com\/agenciainfra\/"]},{"@type":"Person","@id":"https:\/\/agenciainfra.com\/blog\/#\/schema\/person\/34af08dff6adea4cb22b06612ba7acfa","name":"Ag\u00eancia iNFRA","image":{"@type":"ImageObject","inLanguage":"pt-BR","@id":"https:\/\/agenciainfra.com\/blog\/#\/schema\/person\/image\/","url":"https:\/\/secure.gravatar.com\/avatar\/d189e01678f06d8eb84d4e01f08eb848b3fffe3f8443818d3c356c66892f5be8?s=96&d=mm&r=g","contentUrl":"https:\/\/secure.gravatar.com\/avatar\/d189e01678f06d8eb84d4e01f08eb848b3fffe3f8443818d3c356c66892f5be8?s=96&d=mm&r=g","caption":"Ag\u00eancia iNFRA"},"url":"https:\/\/agenciainfra.com\/blog\/author\/admin\/"}]}},"_links":{"self":[{"href":"https:\/\/agenciainfra.com\/blog\/wp-json\/wp\/v2\/posts\/9373","targetHints":{"allow":["GET"]}}],"collection":[{"href":"https:\/\/agenciainfra.com\/blog\/wp-json\/wp\/v2\/posts"}],"about":[{"href":"https:\/\/agenciainfra.com\/blog\/wp-json\/wp\/v2\/types\/post"}],"author":[{"embeddable":true,"href":"https:\/\/agenciainfra.com\/blog\/wp-json\/wp\/v2\/users\/1"}],"replies":[{"embeddable":true,"href":"https:\/\/agenciainfra.com\/blog\/wp-json\/wp\/v2\/comments?post=9373"}],"version-history":[{"count":0,"href":"https:\/\/agenciainfra.com\/blog\/wp-json\/wp\/v2\/posts\/9373\/revisions"}],"wp:featuredmedia":[{"embeddable":true,"href":"https:\/\/agenciainfra.com\/blog\/wp-json\/wp\/v2\/media\/3947"}],"wp:attachment":[{"href":"https:\/\/agenciainfra.com\/blog\/wp-json\/wp\/v2\/media?parent=9373"}],"wp:term":[{"taxonomy":"category","embeddable":true,"href":"https:\/\/agenciainfra.com\/blog\/wp-json\/wp\/v2\/categories?post=9373"},{"taxonomy":"post_tag","embeddable":true,"href":"https:\/\/agenciainfra.com\/blog\/wp-json\/wp\/v2\/tags?post=9373"}],"curies":[{"name":"wp","href":"https:\/\/api.w.org\/{rel}","templated":true}]}}