{"id":9379,"date":"2022-01-21T10:00:00","date_gmt":"2022-01-21T13:00:00","guid":{"rendered":"https:\/\/www.agenciainfra.com\/blog\/?p=9379"},"modified":"2022-01-20T22:01:37","modified_gmt":"2022-01-21T01:01:37","slug":"infradebate-quase-30-anos-de-concessoes-ferroviarias-o-que-aprendemos-e-como-as-renegociacoes-podem-ser-excelentes-oportunidades","status":"publish","type":"post","link":"https:\/\/agenciainfra.com\/blog\/infradebate-quase-30-anos-de-concessoes-ferroviarias-o-que-aprendemos-e-como-as-renegociacoes-podem-ser-excelentes-oportunidades\/","title":{"rendered":"iNFRADebate: Quase 30 anos de concess\u00f5es ferrovi\u00e1rias &#8211; o que aprendemos e como as renegocia\u00e7\u00f5es podem ser excelentes oportunidades"},"content":{"rendered":"\n<p class=\"has-text-align-right\"><strong>Francisco Gildemir Ferreira Da Silva*<\/strong><\/p>\n\n\n\n<p>Em meados da d\u00e9cada de 1990 o governo federal iniciou concess\u00e3o e privatiza\u00e7\u00e3o de infraestruturas e empresas p\u00fablicas com base no preconizado no art. 175 da constitui\u00e7\u00e3o de 1988. Em novembro de 1993 instaurou-se, pela ent\u00e3o Comiss\u00e3o Diretora, o Programa Nacional de Desestatiza\u00e7\u00e3o, ratificado posteriormente pelo Conselho Nacional de Desestatiza\u00e7\u00e3o. As ferrovias brasileiras tiveram seu primeiro processo de concess\u00e3o iniciados em 1996 e findados, o primeiro lote, em 1998. Com a concess\u00e3o ocorreram mudan\u00e7as administrativas na esfera federal com transforma\u00e7\u00f5es nas rela\u00e7\u00f5es de longo prazo via reforma institucional caracterizados pela substitui\u00e7\u00e3o da Rede Ferrovi\u00e1ria Federal S.A. \u2013 (RFFSA) por operadores privados (Da Silva, 2018) e que acarretou ganhos substanciais de efici\u00eancia e produtividade. \u00c9 fato que muito melhorou: a efici\u00eancia operacional melhorou, a produ\u00e7\u00e3o ferrovi\u00e1ria aumentou, os acidentes diminu\u00edram etc. Contudo, tamb\u00e9m se observa pontos a se ajustar, particularmente na melhoria da qualidade do servi\u00e7o para n\u00e3o s\u00f3cios das empresas detentoras das concess\u00f5es e a redu\u00e7\u00e3o de abandono de trechos n\u00e3o rent\u00e1veis.<br><br>A literatura cient\u00edfica no Brasil e at\u00e9 a internacional, nos prim\u00f3rdios das privatiza\u00e7\u00f5es, induzia ao p\u00fablico acad\u00eamico que haveria ganhos significativos para a sociedade em forma de bem-estar ao se substituir uma empresa p\u00fablica por privada, principalmente em decorr\u00eancia da desconcentra\u00e7\u00e3o e amplia\u00e7\u00e3o de competitividade entre empresas do setor repassadas para iniciativa privada. Supunham que haveria melhoria da produtividade, de setores como os transportes e outros, induzindo a quedas de pre\u00e7os e ganhos de qualidade a exemplo de mercados competitivos. Desde 1970 as concess\u00f5es veem sendo experimentadas pelo mundo com dados e evid\u00eancias que fazem as suposi\u00e7\u00f5es de outrora serem question\u00e1veis, pois, v\u00e1rios trabalhos concluem que h\u00e1 condi\u00e7\u00f5es necess\u00e1rias para algum dos seguintes modelos: concess\u00f5es, administra\u00e7\u00e3o essencialmente p\u00fablica, parcerias entre o p\u00fablico e privado e privatiza\u00e7\u00e3o serem eficientes e garantirem o que se supunha que seria condi\u00e7\u00e3o <em>sine qua non<\/em>.<br><br>No Brasil h\u00e1 registros recentes de tentativas de compreender o desempenho e melhorias acarretadas por concess\u00f5es a exemplo de estudos diversos como: Grilo (2008), Pompermayer e Silva Filho (2016) e DaSilva (2016). Estes estudos d\u00e3o suporte para amadurecer rela\u00e7\u00f5es contratuais nas renova\u00e7\u00f5es dos contratos da d\u00e9cada de 90.<br><br>Al\u00e9m das concess\u00f5es, a Ag\u00eancia Nacional de Transportes Terrestres \u2013 ANTT (ag\u00eancia reguladora do setor ferrovi\u00e1rio) tem tentado dinamizar a rela\u00e7\u00e3o entre operadores de transporte ferrovi\u00e1rio, embarcadores e usu\u00e1rios publicando regulamentos, com destaque a tr\u00eas resolu\u00e7\u00f5es no com intuito de melhorar a competitividade, efici\u00eancia e produtividade do setor, publicadas em 2011.&nbsp;<br><br>De qualquer forma, no que tange aos contratos a literatura reverbera elementos necess\u00e1rios para se tomar em uma renova\u00e7\u00e3o. De forma seminal, Engel, Fischer e Galetovic (2006) alinham condi\u00e7\u00f5es de renegocia\u00e7\u00e3o de contratos que s\u00e3o suportadas por an\u00e1lises para o caso de Ferrovias europeias por Ivaldi (2005) e para Am\u00e9rica Latina por Guasch (2004), inclusive no que tange aos aspectos de produtividade e efici\u00eancia e metas caracterizados no contrato. Registre-se que, para os casos brasileiros, h\u00e1 v\u00e1rias falhas no modelo implantado na d\u00e9cada de 1990 (DaSilva, 2016; DaSilva, Macambira e Rocha, 2019; DaSilva, Oliveira e Marinho, 2020). Estas falhas resultaram em problemas na equa\u00e7\u00e3o econ\u00f4mico-financeira gerando poss\u00edveis vantagens financeiras as concession\u00e1rias e reduzindo o suposto bem-estar que as concess\u00f5es poderiam prover.<br><br>A prorroga\u00e7\u00e3o antecipada das concess\u00f5es depende do Tribunal de Contas da Uni\u00e3o (TCU) e do Minist\u00e9rio P\u00fablico que cobram que indiquem as diferen\u00e7as, objetivamente, entre:&nbsp; antecipa\u00e7\u00e3o, aguardo do fim do contrato e nova licita\u00e7\u00e3o. Adiantando ao processo, Oliveira et. al. (2018) fizeram um estudo pela FGV indicando vantagens e desvantagens na prorroga\u00e7\u00e3o antecipada e as oportunidades na renegocia\u00e7\u00e3o dos contratos. Estabelecer cl\u00e1usulas eficientes em contratos de presta\u00e7\u00e3o de servi\u00e7os para obter resultados positivos aos prestadores de servi\u00e7o e usu\u00e1rios \u00e9 de dif\u00edcil tratamento e um problema na literatura que envolve problemas de Risco Moral e Sele\u00e7\u00e3o Adversa (Tirole, 1999). De fato, j\u00e1 ocorreram as primeiras discuss\u00f5es e at\u00e9 mesmo renova\u00e7\u00f5es de contrato no Brasil\u00b9&#8217;\u00b2, o que torna o problema ainda mais interessante. Estes contratos revistos estabelecem condi\u00e7\u00f5es de reestrutura\u00e7\u00e3o dos mercados, notoriamente os regionais, podendo ser oportunidades de entrada de <em>players <\/em>externos na composi\u00e7\u00e3o do novo contrato ou na inser\u00e7\u00e3o na abertura do mercado \u00e0 competi\u00e7\u00e3o, p\u00f3s 30 anos de observa\u00e7\u00e3o do Estado quanto ao amadurecimento do mercado.&nbsp;<br><br>Neste sentido os trabalhos de DaSilva (2011, 2013, 2016, 2017, 2018, 2019, 2020 e 2021) d\u00e3o insights para uma rodada de renegocia\u00e7\u00e3o de contratos, pois avan\u00e7am na compreens\u00e3o de verticaliza\u00e7\u00e3o do servi\u00e7o, fus\u00f5es, ganhos de escala, efici\u00eancia e produtividade. As propostas s\u00e3o embasadas em evid\u00eancias quantitativas de perda de efici\u00eancia e produtividade. Dos estudos de Da Silva, sugere-se haver considera\u00e7\u00f5es nos contratos de:<br><br>   1. Associar o desempenho de ferrovias a de portos de destino, pois h\u00e1 evid\u00eancias que ferrovias eficientes implicam portos mais eficientes, valendo a rec\u00edproca;<br><br>   2. Delimitar condi\u00e7\u00f5es de fus\u00e3o para evitar abandono de trechos no longo prazo, pois as experi\u00eancias das fus\u00f5es no setor ferrovi\u00e1rio corroboram que fus\u00f5es n\u00e3o delimitadas operacionalmente resultam em considerar aspectos apenas financeiros;<br><br>   3. Apontar san\u00e7\u00f5es espec\u00edficas para abandono de trechos condicionado a amplia\u00e7\u00e3o da produ\u00e7\u00e3o e volume de tr\u00e1fego concentrado em linhas trocais, pois as ferrovias embora mais eficientes e com menos acidentes do que \u00e0 \u00e9poca da RFFSA, apresentam menos densidade e capilaridade, sugerindo-se que o processo de privatiza\u00e7\u00e3o tem reduzido o ciclo de vida das infraestruturas;<br><br>   4. Ado\u00e7\u00e3o de fatores de corre\u00e7\u00e3o das tarifas com base em efici\u00eancia e produtividade, condicionados ao n\u00e3o abandono de trechos;<br><br>   5. Propiciar o acesso ou devolu\u00e7\u00e3o de trechos n\u00e3o usados para desenvolvimento de contratos de transporte em <em>shortlines <\/em>ou de passageiros subsidiadas;<br><br>   6. Ampliar a a\u00e7\u00e3o da concession\u00e1ria, exigindo do desempenho dela a busca de carga, com metas de produ\u00e7\u00e3o analisadas com base em dados hist\u00f3ricos, sendo assim mais fidedigno e real;<br><br>   7. Revisar as tabelas de valores de san\u00e7\u00f5es e multas, pois os valores n\u00e3o reprimem a opera\u00e7\u00e3o em desacordo com o contrato;<br><br>   8. Quantificar e qualificar as multas tipificadas nos primeiros contratos que preclu\u00edram, elencando os motivos dos resultados indesejados, para corre\u00e7\u00e3o das falhas nestas penalidades previstas nos contratos antigos, sendo melhoradas nos contratos renegociados.<br><br>Os 25 anos de concess\u00f5es ferrovi\u00e1rias ampliaram a efici\u00eancia e produtividade de grandes trechos ferrovi\u00e1rios, propiciando o avan\u00e7o da log\u00edstica do transporte de min\u00e9rios e produtos agr\u00edcolas, contudo, observa-se arrefecimento nos n\u00edveis de efici\u00eancia e produtividade bem como abandono de trechos n\u00e3o sustent\u00e1veis economicamente. As propostas indicadas s\u00e3o para reestabelecer o caminho crescente da produtividade, efici\u00eancia e qualidade observado durante os 10 a 15 primeiros anos de concess\u00f5es. As propostas s\u00e3o guiadas por estudos nacionais e internacionais e consideram aspectos como fus\u00f5es que ocorreram nos 30 anos de concess\u00f5es e que reconfiguram o modelo de corredores de desenvolvimento adotado em 1990 para conceder trechos separados da RFFSA e para remodelagens de concess\u00f5es observados na Europa e na Am\u00e9rica Latina. H\u00e1 uma sequ\u00eancia de renova\u00e7\u00f5es de contratos e de novas concess\u00f5es que podem oportunizar avan\u00e7os contratuais com o aprendizado das concess\u00f5es da d\u00e9cada de 90 e longevidade econ\u00f4mica para este setor relevante para o crescimento brasileiro.<\/p>\n\n\n\n<h5 class=\"wp-block-heading\"><strong>Refer\u00eancia<br><\/strong>DASILVA, F. G. F. et al. An\u00e1lise explorat\u00f3ria da efici\u00eancia produtiva dos portos brasileiros. Transportes, v. 19, n. 1, p. 5, 2011.&nbsp;<br><br>DASILVA, F. G. F. et al. Investimentos em transportes terrestres causam crescimento econ\u00f4mico? um estudo quantitativo. Journal of Transport Literature, v. 7, n. 2, p. 124\u2013145, abr. 2013.&nbsp;<br><br>DASILVA, F. G. F. An\u00e1lise De Metas Anuais De Produ\u00e7\u00e3o De Concess\u00f5es Ferrovi\u00e1rias Federais: Uma Proposta Metodol\u00f3gica Com Modelos Arima. Revista ANTT, p. 1\u201311, 2016.&nbsp;<br><br>SILVA, E. V. A.; Betoncini, B. V.; Da Silva, Francisco Gildemir Ferreira. Infraestrutura de transporte e desenvolvimento econ\u00f3mico: uma an\u00e1lise a partir da constru\u00e7\u00e3o da ferrovia Transnordestina. ESPACIOS (CARACAS), v. Vol. 3, p. 38-38, 2017.<br><br>DaSILVA, F. G. F.; PRADO, Marcelo Vinaud; NASCIMENTO, C. F. A REFSA entre 1969 e 1993: Um Estudo Emp\u00edrico. SODEBR\u00c1S, v. 13, p. 33, 2018.<br><br>DASILVA, F. G. F.; MACAMBIRA, J. K.; ROCHA, C. H. Medindo a Efici\u00eancia Produtiva do Transporte por Ferrovias Brasileiras: uma Aplica\u00e7\u00e3o dos Modelos DEA e Tobit. pesquisa e planejamento econ\u00f4mico, v. 49, n. 3, p. 153\u2013186, 2019.&nbsp;<br><br>DaSILVA, F. G. F. Brazilian Railways Relations of Production Density, Scale, Scope and Efficiency 2020<br><br>DASILVA, F. G. F.; OLIVEIRA, R. L. M. DE; MARINOV, M. An Analysis of the Effects on Rail Operational Efficiency Due to a Merger between Brazilian Rail Companies: The Case of RUMO-ALL. Sustainability, v. 12, n. 12, p. 4827, 2020.&nbsp;<br><br>DaSILVA, F. G. F.; MACAMBIRA, J. K. A methodology to classify interventions in ports demand series changes applied to Brazilian ports. International Journal of Shipping and Transport Logistics, v. 13, p. 380, 2021.<br><br>Da Silva, Francisco Gildemir Ferreira and Da Silva, Francisco Gildemir Ferreira, Indirect Effect on Port and Freight Railroad Relations: Some Empirical Evidence for Reciprocal Efficiency (June 29, 2021). Available at SSRN: https:\/\/ssrn.com\/abstract=3876670 or http:\/\/dx.doi.org\/10.2139\/ssrn.3876670<br><br>ENGEL, E.; FISCHER, R.; GALETOVIC, A. Renegotiation Without Holdup: Anticipating Spending in Infrastructure Concessions. Cowles Foundation Discussion Paper, v. 1567, 2006.&nbsp;<br><br>___. Public-Private Partnerships: When and How. p. 78, 2008.&nbsp;<br><br>IVALDI, M. Restructuring Railways: In Theory and Practice. CESifo DICE Report, v. 03, n. 4, p. 3\u20139, 2005.<br><br>Oliveira G, Macato, F. S., Curi, A, Z, Sousa, M. O.M. (2018) Avalia\u00e7\u00e3o Da Pol\u00edtica De Prorroga\u00e7\u00e3o Antecipada Das Concess\u00f5es Ferrovi\u00e1rias &#8211; FGV.<br><br>TIROLE, J. Incomplete contracts: Where do we stand? Econometrica, v. 67, n. 4, p. 741\u2013781, 1999<\/h5>\n\n\n\n<h6 class=\"wp-block-heading\" id=\"block-aa9ff8cf-f9c2-435f-85ff-56a599c37bc9\">*Francisco Gildemir Ferreira da Silva \u00e9 professor da Universidade Federal do Cear\u00e1, Pesquisador do CAEN\/UFC e Pesquisador do Observat\u00f3rio do Federalismo Brasileiro<\/h6>\n\n\n\n<h5 class=\"wp-block-heading\" id=\"block-d67878ff-7627-4f15-b175-8f58269174ff\">O iNFRADebate \u00e9 o espa\u00e7o de artigos da Ag\u00eancia iNFRA com opini\u00f5es de seus atores que n\u00e3o refletem necessariamente o pensamento da Ag\u00eancia iNFRA, sendo de total responsabilidade do autor as informa\u00e7\u00f5es, ju\u00edzos de valor e conceitos descritos no texto.<\/h5>\n","protected":false},"excerpt":{"rendered":"<p>Francisco Gildemir Ferreira Da Silva* Em meados da d\u00e9cada de 1990 o governo federal iniciou concess\u00e3o e privatiza\u00e7\u00e3o de infraestruturas e empresas p\u00fablicas com base no preconizado no art. 175 da constitui\u00e7\u00e3o de 1988. Em novembro de 1993 instaurou-se, pela ent\u00e3o Comiss\u00e3o Diretora, o Programa Nacional de Desestatiza\u00e7\u00e3o, ratificado posteriormente pelo Conselho Nacional de Desestatiza\u00e7\u00e3o. [&hellip;]<\/p>\n","protected":false},"author":1,"featured_media":7047,"comment_status":"closed","ping_status":"closed","sticky":false,"template":"","format":"standard","meta":{"_monsterinsights_skip_tracking":false,"_monsterinsights_sitenote_active":false,"_monsterinsights_sitenote_note":"","_monsterinsights_sitenote_category":0,"footnotes":""},"categories":[1,11],"tags":[19,78,120,34,418,2138,18],"class_list":["post-9379","post","type-post","status-publish","format-standard","has-post-thumbnail","hentry","category-geral","category-infradebate","tag-antt","tag-concessoes","tag-ferrovias","tag-infraestrutura","tag-privatizacoes","tag-rede-ferroviaria-federal","tag-tcu"],"yoast_head":"<!-- This site is optimized with the Yoast SEO Premium plugin v25.4 (Yoast SEO v26.0) - https:\/\/yoast.com\/wordpress\/plugins\/seo\/ -->\n<title>iNFRADebate: Quase 30 anos de concess\u00f5es ferrovi\u00e1rias - o que aprendemos e como as renegocia\u00e7\u00f5es podem ser excelentes oportunidades - Ag\u00eancia iNFRA<\/title>\n<meta name=\"robots\" content=\"index, follow, max-snippet:-1, max-image-preview:large, max-video-preview:-1\" \/>\n<link rel=\"canonical\" href=\"https:\/\/agenciainfra.com\/blog\/infradebate-quase-30-anos-de-concessoes-ferroviarias-o-que-aprendemos-e-como-as-renegociacoes-podem-ser-excelentes-oportunidades\/\" \/>\n<meta property=\"og:locale\" content=\"pt_BR\" \/>\n<meta property=\"og:type\" content=\"article\" \/>\n<meta property=\"og:title\" content=\"iNFRADebate: Quase 30 anos de concess\u00f5es ferrovi\u00e1rias - o que aprendemos e como as renegocia\u00e7\u00f5es podem ser excelentes oportunidades\" \/>\n<meta property=\"og:description\" content=\"Francisco Gildemir Ferreira Da Silva* Em meados da d\u00e9cada de 1990 o governo federal iniciou concess\u00e3o e privatiza\u00e7\u00e3o de infraestruturas e empresas p\u00fablicas com base no preconizado no art. 175 da constitui\u00e7\u00e3o de 1988. Em novembro de 1993 instaurou-se, pela ent\u00e3o Comiss\u00e3o Diretora, o Programa Nacional de Desestatiza\u00e7\u00e3o, ratificado posteriormente pelo Conselho Nacional de Desestatiza\u00e7\u00e3o. [&hellip;]\" \/>\n<meta property=\"og:url\" content=\"https:\/\/agenciainfra.com\/blog\/infradebate-quase-30-anos-de-concessoes-ferroviarias-o-que-aprendemos-e-como-as-renegociacoes-podem-ser-excelentes-oportunidades\/\" \/>\n<meta property=\"og:site_name\" content=\"Ag\u00eancia iNFRA\" \/>\n<meta property=\"article:publisher\" content=\"https:\/\/www.facebook.com\/ageninfra\" \/>\n<meta property=\"article:published_time\" content=\"2022-01-21T13:00:00+00:00\" \/>\n<meta property=\"og:image\" content=\"https:\/\/agenciainfra.com\/blog\/wp-content\/uploads\/2021\/04\/ferrovia-norte-sul-foto-alberto-ruy-minfra.jpeg\" \/>\n\t<meta property=\"og:image:width\" content=\"1280\" \/>\n\t<meta property=\"og:image:height\" content=\"852\" \/>\n\t<meta property=\"og:image:type\" content=\"image\/jpeg\" \/>\n<meta name=\"author\" content=\"Ag\u00eancia iNFRA\" \/>\n<meta name=\"twitter:card\" content=\"summary_large_image\" \/>\n<meta name=\"twitter:creator\" content=\"@agencia_infra\" \/>\n<meta name=\"twitter:site\" content=\"@agencia_infra\" \/>\n<meta name=\"twitter:label1\" content=\"Escrito por\" \/>\n\t<meta name=\"twitter:data1\" content=\"Ag\u00eancia iNFRA\" \/>\n\t<meta name=\"twitter:label2\" content=\"Est. tempo de leitura\" \/>\n\t<meta name=\"twitter:data2\" content=\"9 minutos\" \/>\n<script type=\"application\/ld+json\" class=\"yoast-schema-graph\">{\"@context\":\"https:\/\/schema.org\",\"@graph\":[{\"@type\":\"Article\",\"@id\":\"https:\/\/agenciainfra.com\/blog\/infradebate-quase-30-anos-de-concessoes-ferroviarias-o-que-aprendemos-e-como-as-renegociacoes-podem-ser-excelentes-oportunidades\/#article\",\"isPartOf\":{\"@id\":\"https:\/\/agenciainfra.com\/blog\/infradebate-quase-30-anos-de-concessoes-ferroviarias-o-que-aprendemos-e-como-as-renegociacoes-podem-ser-excelentes-oportunidades\/\"},\"author\":{\"name\":\"Ag\u00eancia iNFRA\",\"@id\":\"https:\/\/agenciainfra.com\/blog\/#\/schema\/person\/34af08dff6adea4cb22b06612ba7acfa\"},\"headline\":\"iNFRADebate: Quase 30 anos de concess\u00f5es ferrovi\u00e1rias &#8211; o que aprendemos e como as renegocia\u00e7\u00f5es podem ser excelentes oportunidades\",\"datePublished\":\"2022-01-21T13:00:00+00:00\",\"mainEntityOfPage\":{\"@id\":\"https:\/\/agenciainfra.com\/blog\/infradebate-quase-30-anos-de-concessoes-ferroviarias-o-que-aprendemos-e-como-as-renegociacoes-podem-ser-excelentes-oportunidades\/\"},\"wordCount\":1749,\"publisher\":{\"@id\":\"https:\/\/agenciainfra.com\/blog\/#organization\"},\"image\":{\"@id\":\"https:\/\/agenciainfra.com\/blog\/infradebate-quase-30-anos-de-concessoes-ferroviarias-o-que-aprendemos-e-como-as-renegociacoes-podem-ser-excelentes-oportunidades\/#primaryimage\"},\"thumbnailUrl\":\"https:\/\/agenciainfra.com\/blog\/wp-content\/uploads\/2021\/04\/ferrovia-norte-sul-foto-alberto-ruy-minfra.jpeg\",\"keywords\":[\"ANTT\",\"concess\u00f5es\",\"Ferrovias\",\"Infraestrutura\",\"privatiza\u00e7\u00f5es\",\"Rede Ferrovi\u00e1ria Federal\",\"TCU\"],\"articleSection\":[\"Geral\",\"iNFRADebate\"],\"inLanguage\":\"pt-BR\",\"copyrightYear\":\"2022\",\"copyrightHolder\":{\"@id\":\"https:\/\/agenciainfra.com\/blog\/#organization\"}},{\"@type\":\"WebPage\",\"@id\":\"https:\/\/agenciainfra.com\/blog\/infradebate-quase-30-anos-de-concessoes-ferroviarias-o-que-aprendemos-e-como-as-renegociacoes-podem-ser-excelentes-oportunidades\/\",\"url\":\"https:\/\/agenciainfra.com\/blog\/infradebate-quase-30-anos-de-concessoes-ferroviarias-o-que-aprendemos-e-como-as-renegociacoes-podem-ser-excelentes-oportunidades\/\",\"name\":\"iNFRADebate: Quase 30 anos de concess\u00f5es ferrovi\u00e1rias - o que aprendemos e como as renegocia\u00e7\u00f5es podem ser excelentes oportunidades - Ag\u00eancia iNFRA\",\"isPartOf\":{\"@id\":\"https:\/\/agenciainfra.com\/blog\/#website\"},\"primaryImageOfPage\":{\"@id\":\"https:\/\/agenciainfra.com\/blog\/infradebate-quase-30-anos-de-concessoes-ferroviarias-o-que-aprendemos-e-como-as-renegociacoes-podem-ser-excelentes-oportunidades\/#primaryimage\"},\"image\":{\"@id\":\"https:\/\/agenciainfra.com\/blog\/infradebate-quase-30-anos-de-concessoes-ferroviarias-o-que-aprendemos-e-como-as-renegociacoes-podem-ser-excelentes-oportunidades\/#primaryimage\"},\"thumbnailUrl\":\"https:\/\/agenciainfra.com\/blog\/wp-content\/uploads\/2021\/04\/ferrovia-norte-sul-foto-alberto-ruy-minfra.jpeg\",\"datePublished\":\"2022-01-21T13:00:00+00:00\",\"breadcrumb\":{\"@id\":\"https:\/\/agenciainfra.com\/blog\/infradebate-quase-30-anos-de-concessoes-ferroviarias-o-que-aprendemos-e-como-as-renegociacoes-podem-ser-excelentes-oportunidades\/#breadcrumb\"},\"inLanguage\":\"pt-BR\",\"potentialAction\":[{\"@type\":\"ReadAction\",\"target\":[\"https:\/\/agenciainfra.com\/blog\/infradebate-quase-30-anos-de-concessoes-ferroviarias-o-que-aprendemos-e-como-as-renegociacoes-podem-ser-excelentes-oportunidades\/\"]}]},{\"@type\":\"ImageObject\",\"inLanguage\":\"pt-BR\",\"@id\":\"https:\/\/agenciainfra.com\/blog\/infradebate-quase-30-anos-de-concessoes-ferroviarias-o-que-aprendemos-e-como-as-renegociacoes-podem-ser-excelentes-oportunidades\/#primaryimage\",\"url\":\"https:\/\/agenciainfra.com\/blog\/wp-content\/uploads\/2021\/04\/ferrovia-norte-sul-foto-alberto-ruy-minfra.jpeg\",\"contentUrl\":\"https:\/\/agenciainfra.com\/blog\/wp-content\/uploads\/2021\/04\/ferrovia-norte-sul-foto-alberto-ruy-minfra.jpeg\",\"width\":1280,\"height\":852,\"caption\":\"Foto: Alberto Ruy\/Minfra\"},{\"@type\":\"BreadcrumbList\",\"@id\":\"https:\/\/agenciainfra.com\/blog\/infradebate-quase-30-anos-de-concessoes-ferroviarias-o-que-aprendemos-e-como-as-renegociacoes-podem-ser-excelentes-oportunidades\/#breadcrumb\",\"itemListElement\":[{\"@type\":\"ListItem\",\"position\":1,\"name\":\"In\u00edcio\",\"item\":\"https:\/\/agenciainfra.com\/blog\/\"},{\"@type\":\"ListItem\",\"position\":2,\"name\":\"iNFRADebate: Quase 30 anos de concess\u00f5es ferrovi\u00e1rias &#8211; o que aprendemos e como as renegocia\u00e7\u00f5es podem ser excelentes oportunidades\"}]},{\"@type\":\"WebSite\",\"@id\":\"https:\/\/agenciainfra.com\/blog\/#website\",\"url\":\"https:\/\/agenciainfra.com\/blog\/\",\"name\":\"Ag\u00eancia iNFRA\",\"description\":\"Multiplataforma de informa\u00e7\u00e3o jornal\u00edstica refer\u00eancia na \u00e1rea de infraestrutura no Brasil!\",\"publisher\":{\"@id\":\"https:\/\/agenciainfra.com\/blog\/#organization\"},\"potentialAction\":[{\"@type\":\"SearchAction\",\"target\":{\"@type\":\"EntryPoint\",\"urlTemplate\":\"https:\/\/agenciainfra.com\/blog\/?s={search_term_string}\"},\"query-input\":{\"@type\":\"PropertyValueSpecification\",\"valueRequired\":true,\"valueName\":\"search_term_string\"}}],\"inLanguage\":\"pt-BR\"},{\"@type\":\"Organization\",\"@id\":\"https:\/\/agenciainfra.com\/blog\/#organization\",\"name\":\"Ag\u00eancia iNFRA\",\"url\":\"https:\/\/agenciainfra.com\/blog\/\",\"logo\":{\"@type\":\"ImageObject\",\"inLanguage\":\"pt-BR\",\"@id\":\"https:\/\/agenciainfra.com\/blog\/#\/schema\/logo\/image\/\",\"url\":\"https:\/\/agenciainfra.com\/blog\/wp-content\/uploads\/2023\/09\/iNFRA_5-e1761735885940.png\",\"contentUrl\":\"https:\/\/agenciainfra.com\/blog\/wp-content\/uploads\/2023\/09\/iNFRA_5-e1761735885940.png\",\"width\":1672,\"height\":454,\"caption\":\"Ag\u00eancia iNFRA\"},\"image\":{\"@id\":\"https:\/\/agenciainfra.com\/blog\/#\/schema\/logo\/image\/\"},\"sameAs\":[\"https:\/\/www.facebook.com\/ageninfra\",\"https:\/\/x.com\/agencia_infra\",\"https:\/\/www.linkedin.com\/company\/ag\u00eanciainfra\/\",\"https:\/\/www.instagram.com\/agenciainfra\/\"]},{\"@type\":\"Person\",\"@id\":\"https:\/\/agenciainfra.com\/blog\/#\/schema\/person\/34af08dff6adea4cb22b06612ba7acfa\",\"name\":\"Ag\u00eancia iNFRA\",\"image\":{\"@type\":\"ImageObject\",\"inLanguage\":\"pt-BR\",\"@id\":\"https:\/\/agenciainfra.com\/blog\/#\/schema\/person\/image\/\",\"url\":\"https:\/\/secure.gravatar.com\/avatar\/d189e01678f06d8eb84d4e01f08eb848b3fffe3f8443818d3c356c66892f5be8?s=96&d=mm&r=g\",\"contentUrl\":\"https:\/\/secure.gravatar.com\/avatar\/d189e01678f06d8eb84d4e01f08eb848b3fffe3f8443818d3c356c66892f5be8?s=96&d=mm&r=g\",\"caption\":\"Ag\u00eancia iNFRA\"},\"url\":\"https:\/\/agenciainfra.com\/blog\/author\/admin\/\"}]}<\/script>\n<!-- \/ Yoast SEO Premium plugin. -->","yoast_head_json":{"title":"iNFRADebate: Quase 30 anos de concess\u00f5es ferrovi\u00e1rias - o que aprendemos e como as renegocia\u00e7\u00f5es podem ser excelentes oportunidades - Ag\u00eancia iNFRA","robots":{"index":"index","follow":"follow","max-snippet":"max-snippet:-1","max-image-preview":"max-image-preview:large","max-video-preview":"max-video-preview:-1"},"canonical":"https:\/\/agenciainfra.com\/blog\/infradebate-quase-30-anos-de-concessoes-ferroviarias-o-que-aprendemos-e-como-as-renegociacoes-podem-ser-excelentes-oportunidades\/","og_locale":"pt_BR","og_type":"article","og_title":"iNFRADebate: Quase 30 anos de concess\u00f5es ferrovi\u00e1rias - o que aprendemos e como as renegocia\u00e7\u00f5es podem ser excelentes oportunidades","og_description":"Francisco Gildemir Ferreira Da Silva* Em meados da d\u00e9cada de 1990 o governo federal iniciou concess\u00e3o e privatiza\u00e7\u00e3o de infraestruturas e empresas p\u00fablicas com base no preconizado no art. 175 da constitui\u00e7\u00e3o de 1988. Em novembro de 1993 instaurou-se, pela ent\u00e3o Comiss\u00e3o Diretora, o Programa Nacional de Desestatiza\u00e7\u00e3o, ratificado posteriormente pelo Conselho Nacional de Desestatiza\u00e7\u00e3o. [&hellip;]","og_url":"https:\/\/agenciainfra.com\/blog\/infradebate-quase-30-anos-de-concessoes-ferroviarias-o-que-aprendemos-e-como-as-renegociacoes-podem-ser-excelentes-oportunidades\/","og_site_name":"Ag\u00eancia iNFRA","article_publisher":"https:\/\/www.facebook.com\/ageninfra","article_published_time":"2022-01-21T13:00:00+00:00","og_image":[{"width":1280,"height":852,"url":"https:\/\/agenciainfra.com\/blog\/wp-content\/uploads\/2021\/04\/ferrovia-norte-sul-foto-alberto-ruy-minfra.jpeg","type":"image\/jpeg"}],"author":"Ag\u00eancia iNFRA","twitter_card":"summary_large_image","twitter_creator":"@agencia_infra","twitter_site":"@agencia_infra","twitter_misc":{"Escrito por":"Ag\u00eancia iNFRA","Est. tempo de leitura":"9 minutos"},"schema":{"@context":"https:\/\/schema.org","@graph":[{"@type":"Article","@id":"https:\/\/agenciainfra.com\/blog\/infradebate-quase-30-anos-de-concessoes-ferroviarias-o-que-aprendemos-e-como-as-renegociacoes-podem-ser-excelentes-oportunidades\/#article","isPartOf":{"@id":"https:\/\/agenciainfra.com\/blog\/infradebate-quase-30-anos-de-concessoes-ferroviarias-o-que-aprendemos-e-como-as-renegociacoes-podem-ser-excelentes-oportunidades\/"},"author":{"name":"Ag\u00eancia iNFRA","@id":"https:\/\/agenciainfra.com\/blog\/#\/schema\/person\/34af08dff6adea4cb22b06612ba7acfa"},"headline":"iNFRADebate: Quase 30 anos de concess\u00f5es ferrovi\u00e1rias &#8211; o que aprendemos e como as renegocia\u00e7\u00f5es podem ser excelentes oportunidades","datePublished":"2022-01-21T13:00:00+00:00","mainEntityOfPage":{"@id":"https:\/\/agenciainfra.com\/blog\/infradebate-quase-30-anos-de-concessoes-ferroviarias-o-que-aprendemos-e-como-as-renegociacoes-podem-ser-excelentes-oportunidades\/"},"wordCount":1749,"publisher":{"@id":"https:\/\/agenciainfra.com\/blog\/#organization"},"image":{"@id":"https:\/\/agenciainfra.com\/blog\/infradebate-quase-30-anos-de-concessoes-ferroviarias-o-que-aprendemos-e-como-as-renegociacoes-podem-ser-excelentes-oportunidades\/#primaryimage"},"thumbnailUrl":"https:\/\/agenciainfra.com\/blog\/wp-content\/uploads\/2021\/04\/ferrovia-norte-sul-foto-alberto-ruy-minfra.jpeg","keywords":["ANTT","concess\u00f5es","Ferrovias","Infraestrutura","privatiza\u00e7\u00f5es","Rede Ferrovi\u00e1ria Federal","TCU"],"articleSection":["Geral","iNFRADebate"],"inLanguage":"pt-BR","copyrightYear":"2022","copyrightHolder":{"@id":"https:\/\/agenciainfra.com\/blog\/#organization"}},{"@type":"WebPage","@id":"https:\/\/agenciainfra.com\/blog\/infradebate-quase-30-anos-de-concessoes-ferroviarias-o-que-aprendemos-e-como-as-renegociacoes-podem-ser-excelentes-oportunidades\/","url":"https:\/\/agenciainfra.com\/blog\/infradebate-quase-30-anos-de-concessoes-ferroviarias-o-que-aprendemos-e-como-as-renegociacoes-podem-ser-excelentes-oportunidades\/","name":"iNFRADebate: Quase 30 anos de concess\u00f5es ferrovi\u00e1rias - o que aprendemos e como as renegocia\u00e7\u00f5es podem ser excelentes oportunidades - Ag\u00eancia iNFRA","isPartOf":{"@id":"https:\/\/agenciainfra.com\/blog\/#website"},"primaryImageOfPage":{"@id":"https:\/\/agenciainfra.com\/blog\/infradebate-quase-30-anos-de-concessoes-ferroviarias-o-que-aprendemos-e-como-as-renegociacoes-podem-ser-excelentes-oportunidades\/#primaryimage"},"image":{"@id":"https:\/\/agenciainfra.com\/blog\/infradebate-quase-30-anos-de-concessoes-ferroviarias-o-que-aprendemos-e-como-as-renegociacoes-podem-ser-excelentes-oportunidades\/#primaryimage"},"thumbnailUrl":"https:\/\/agenciainfra.com\/blog\/wp-content\/uploads\/2021\/04\/ferrovia-norte-sul-foto-alberto-ruy-minfra.jpeg","datePublished":"2022-01-21T13:00:00+00:00","breadcrumb":{"@id":"https:\/\/agenciainfra.com\/blog\/infradebate-quase-30-anos-de-concessoes-ferroviarias-o-que-aprendemos-e-como-as-renegociacoes-podem-ser-excelentes-oportunidades\/#breadcrumb"},"inLanguage":"pt-BR","potentialAction":[{"@type":"ReadAction","target":["https:\/\/agenciainfra.com\/blog\/infradebate-quase-30-anos-de-concessoes-ferroviarias-o-que-aprendemos-e-como-as-renegociacoes-podem-ser-excelentes-oportunidades\/"]}]},{"@type":"ImageObject","inLanguage":"pt-BR","@id":"https:\/\/agenciainfra.com\/blog\/infradebate-quase-30-anos-de-concessoes-ferroviarias-o-que-aprendemos-e-como-as-renegociacoes-podem-ser-excelentes-oportunidades\/#primaryimage","url":"https:\/\/agenciainfra.com\/blog\/wp-content\/uploads\/2021\/04\/ferrovia-norte-sul-foto-alberto-ruy-minfra.jpeg","contentUrl":"https:\/\/agenciainfra.com\/blog\/wp-content\/uploads\/2021\/04\/ferrovia-norte-sul-foto-alberto-ruy-minfra.jpeg","width":1280,"height":852,"caption":"Foto: Alberto Ruy\/Minfra"},{"@type":"BreadcrumbList","@id":"https:\/\/agenciainfra.com\/blog\/infradebate-quase-30-anos-de-concessoes-ferroviarias-o-que-aprendemos-e-como-as-renegociacoes-podem-ser-excelentes-oportunidades\/#breadcrumb","itemListElement":[{"@type":"ListItem","position":1,"name":"In\u00edcio","item":"https:\/\/agenciainfra.com\/blog\/"},{"@type":"ListItem","position":2,"name":"iNFRADebate: Quase 30 anos de concess\u00f5es ferrovi\u00e1rias &#8211; o que aprendemos e como as renegocia\u00e7\u00f5es podem ser excelentes oportunidades"}]},{"@type":"WebSite","@id":"https:\/\/agenciainfra.com\/blog\/#website","url":"https:\/\/agenciainfra.com\/blog\/","name":"Ag\u00eancia iNFRA","description":"Multiplataforma de informa\u00e7\u00e3o jornal\u00edstica refer\u00eancia na \u00e1rea de infraestrutura no Brasil!","publisher":{"@id":"https:\/\/agenciainfra.com\/blog\/#organization"},"potentialAction":[{"@type":"SearchAction","target":{"@type":"EntryPoint","urlTemplate":"https:\/\/agenciainfra.com\/blog\/?s={search_term_string}"},"query-input":{"@type":"PropertyValueSpecification","valueRequired":true,"valueName":"search_term_string"}}],"inLanguage":"pt-BR"},{"@type":"Organization","@id":"https:\/\/agenciainfra.com\/blog\/#organization","name":"Ag\u00eancia iNFRA","url":"https:\/\/agenciainfra.com\/blog\/","logo":{"@type":"ImageObject","inLanguage":"pt-BR","@id":"https:\/\/agenciainfra.com\/blog\/#\/schema\/logo\/image\/","url":"https:\/\/agenciainfra.com\/blog\/wp-content\/uploads\/2023\/09\/iNFRA_5-e1761735885940.png","contentUrl":"https:\/\/agenciainfra.com\/blog\/wp-content\/uploads\/2023\/09\/iNFRA_5-e1761735885940.png","width":1672,"height":454,"caption":"Ag\u00eancia iNFRA"},"image":{"@id":"https:\/\/agenciainfra.com\/blog\/#\/schema\/logo\/image\/"},"sameAs":["https:\/\/www.facebook.com\/ageninfra","https:\/\/x.com\/agencia_infra","https:\/\/www.linkedin.com\/company\/ag\u00eanciainfra\/","https:\/\/www.instagram.com\/agenciainfra\/"]},{"@type":"Person","@id":"https:\/\/agenciainfra.com\/blog\/#\/schema\/person\/34af08dff6adea4cb22b06612ba7acfa","name":"Ag\u00eancia iNFRA","image":{"@type":"ImageObject","inLanguage":"pt-BR","@id":"https:\/\/agenciainfra.com\/blog\/#\/schema\/person\/image\/","url":"https:\/\/secure.gravatar.com\/avatar\/d189e01678f06d8eb84d4e01f08eb848b3fffe3f8443818d3c356c66892f5be8?s=96&d=mm&r=g","contentUrl":"https:\/\/secure.gravatar.com\/avatar\/d189e01678f06d8eb84d4e01f08eb848b3fffe3f8443818d3c356c66892f5be8?s=96&d=mm&r=g","caption":"Ag\u00eancia iNFRA"},"url":"https:\/\/agenciainfra.com\/blog\/author\/admin\/"}]}},"_links":{"self":[{"href":"https:\/\/agenciainfra.com\/blog\/wp-json\/wp\/v2\/posts\/9379","targetHints":{"allow":["GET"]}}],"collection":[{"href":"https:\/\/agenciainfra.com\/blog\/wp-json\/wp\/v2\/posts"}],"about":[{"href":"https:\/\/agenciainfra.com\/blog\/wp-json\/wp\/v2\/types\/post"}],"author":[{"embeddable":true,"href":"https:\/\/agenciainfra.com\/blog\/wp-json\/wp\/v2\/users\/1"}],"replies":[{"embeddable":true,"href":"https:\/\/agenciainfra.com\/blog\/wp-json\/wp\/v2\/comments?post=9379"}],"version-history":[{"count":0,"href":"https:\/\/agenciainfra.com\/blog\/wp-json\/wp\/v2\/posts\/9379\/revisions"}],"wp:featuredmedia":[{"embeddable":true,"href":"https:\/\/agenciainfra.com\/blog\/wp-json\/wp\/v2\/media\/7047"}],"wp:attachment":[{"href":"https:\/\/agenciainfra.com\/blog\/wp-json\/wp\/v2\/media?parent=9379"}],"wp:term":[{"taxonomy":"category","embeddable":true,"href":"https:\/\/agenciainfra.com\/blog\/wp-json\/wp\/v2\/categories?post=9379"},{"taxonomy":"post_tag","embeddable":true,"href":"https:\/\/agenciainfra.com\/blog\/wp-json\/wp\/v2\/tags?post=9379"}],"curies":[{"name":"wp","href":"https:\/\/api.w.org\/{rel}","templated":true}]}}