{"id":9388,"date":"2022-01-24T16:00:00","date_gmt":"2022-01-24T19:00:00","guid":{"rendered":"https:\/\/www.agenciainfra.com\/blog\/?p=9388"},"modified":"2022-01-24T15:52:19","modified_gmt":"2022-01-24T18:52:19","slug":"antt-aprova-relatorio-final-do-tac-da-concessionaria-rota-do-oeste","status":"publish","type":"post","link":"https:\/\/agenciainfra.com\/blog\/antt-aprova-relatorio-final-do-tac-da-concessionaria-rota-do-oeste\/","title":{"rendered":"ANTT aprova relat\u00f3rio final do TAC da concession\u00e1ria Rota do Oeste"},"content":{"rendered":"\n<p class=\"has-text-align-right\"><strong>Jenifer Ribeiro, da\u00a0Ag\u00eancia iNFRA<\/strong><\/p>\n\n\n\n<p>A ANTT (Ag\u00eancia Nacional de Transportes Terrestres) aprovou, na \u00faltima quinta-feira (20), o relat\u00f3rio final e as minutas do TAC (Termo de Ajustamento de Conduta), na modalidade Plano de A\u00e7\u00e3o, da Concession\u00e1ria Rota do Oeste S.A, que administra a BR-163\/MT.<br><br>O diretor-relator, Davi Barreto, recomendou, em seu\u00a0voto proferido na reuni\u00e3o de diretoria da autarquia, que o processo seja interrompido enquanto a Secretaria Especial do PPI (Programa de Parcerias de Investimentos) define sobre a qualifica\u00e7\u00e3o ou n\u00e3o da relicita\u00e7\u00e3o da BR-163\/MT.\u00a0De acordo com Barreto, como a concession\u00e1ria tamb\u00e9m tem um processo de relicita\u00e7\u00e3o e outro de caducidade correndo paralelamente na ag\u00eancia, \u00e9 melhor esperar a decis\u00e3o do PPI sobre a devolu\u00e7\u00e3o do trecho.<br><br>\u201cCaso a proposta de TAC seja arquivada neste momento e a proposta de relicita\u00e7\u00e3o n\u00e3o seja qualificada pelo PPI, a \u00fanica alternativa que restaria seria a caducidade da concess\u00e3o, o que sem sombra de d\u00favidas \u00e9 a pior entre as alternativas\u201d, disse o relator.<br><br>O contrato de concess\u00e3o da rodovia, que foi firmado em 2014 por um per\u00edodo de 30 anos, previa a duplica\u00e7\u00e3o de toda a extens\u00e3o n\u00e3o duplicada nos primeiros cinco anos, a\u00e7\u00e3o que n\u00e3o foi realizada. Ap\u00f3s n\u00e3o conseguir vender o controle da concess\u00e3o para outro grupo, que seria respons\u00e1vel pela execu\u00e7\u00e3o do TAC, a Rota do Oeste decidiu entrar com um processo de devolu\u00e7\u00e3o amig\u00e1vel do ativo, em dezembro de 2021.<br><br><strong>Comiss\u00e3o processante<\/strong><br>Durante a reuni\u00e3o tamb\u00e9m foi deliberado sobre outra a\u00e7\u00e3o envolvendo a concession\u00e1ria. Ao longo do processo de caducidade da concess\u00e3o da BR-163\/MT, que foi iniciado\u00a0pela ANTT em outubro de 2021, a Surod (Superintend\u00eancia de Infraestrutura Rodovi\u00e1ria) identificou que dois membros da comiss\u00e3o processante comp\u00f5em a equipe de fiscaliza\u00e7\u00e3o da Rota do Oeste.<br><br>Segundo o relator do processo, diretor Guilherme Sampaio, ambos os integrantes n\u00e3o promoveram nenhum ato deliberativo e nem ju\u00edzo de m\u00e9rito enquanto exerciam fun\u00e7\u00e3o na comiss\u00e3o e, a fim de manter a isen\u00e7\u00e3o\u00a0do processo, ele aprovou a substitui\u00e7\u00e3o desses dois servidores.<br><br>O diretor Sampaio relatou outro processo relativo a BR-163\/MS,\u00a0administrado pela MSVIA (Concession\u00e1ria de Rodovia Sul &#8211; Matogrossense S.A.). A demanda \u00e9 referente ao segundo Termo Aditivo ao Contrato de Concess\u00e3o da rodovia visando a altera\u00e7\u00e3o de dois anexos do primeiro termo aditivo, que foi assinado em junho do ano passado.<br><br>O Anexo I disserta sobre o PER (Programa de Explora\u00e7\u00e3o da Rodovia) e a modifica\u00e7\u00e3o solicitada pela concession\u00e1ria \u00e9 a de exclus\u00e3o de quaisquer novos investimentos durante o processo de relicita\u00e7\u00e3o da concess\u00e3o. O Anexo II institui procedimentos para as transi\u00e7\u00f5es operacionais dos ativos, a substitui\u00e7\u00e3o pedida \u00e9 que fosse estendido em um m\u00eas o prazo para o envio do relat\u00f3rio de transi\u00e7\u00e3o por parte da concession\u00e1ria. A demanda foi acatada pela diretoria.<br><br><strong>Manual de procedimentos<\/strong><br>A ANTT aprovou um manual de procedimentos de assun\u00e7\u00e3o da rodovia, de fiscaliza\u00e7\u00e3o de trabalhos iniciais e de autoriza\u00e7\u00e3o para o in\u00edcio da cobran\u00e7a da tarifa de ped\u00e1gio no \u00e2mbito dos contratos de concess\u00e3o de infraestrutura rodovi\u00e1ria, elaborado pela Surod.<br><br>O diretor relator do processo, Guilherme Sampaio, julgou que \u00e9 preciso \u201cpadronizar a atua\u00e7\u00e3o da fiscaliza\u00e7\u00e3o da ag\u00eancia, bem como nortear as a\u00e7\u00f5es das concession\u00e1rias para que sejam atendidas as exig\u00eancias contratuais da fase de trabalhos iniciais\u201d e pontuou que o manual garante \u201cmaior previsibilidade e seguran\u00e7a aos procedimentos\u201d.<br><br><strong>Audi\u00eancia p\u00fablica da BR-040\/495\/RJ\/MG<\/strong><br>Ao longo da reuni\u00e3o foi discutido o processo que pedia a troca da servidora indicada para compor, como suplente, a comiss\u00e3o da Audi\u00eancia P\u00fablica 7\/2021, que trata da explora\u00e7\u00e3o das BR-040\/RJ\/MG e BR-495\/RJ. Marcia Lika Mon-Ma foi nomeada para um cargo comissionado na ANA (Ag\u00eancia Nacional de \u00c1guas e Saneamento B\u00e1sico) em dezembro de 2021. Os diretores aceitaram o pedido. No lugar dela ficar\u00e1 a servidora R\u00fabia Fernandes.<br><br>Tamb\u00e9m no decorrer da reuni\u00e3o, o diretor Rafael Vitale decidiu retirar de pauta o recurso administrativo\u00a0\u00a0movido pela Concession\u00e1ria Catarinense de Rodovias S.A\u00a0sobre o indeferimento da solicita\u00e7\u00e3o de recomposi\u00e7\u00e3o do equil\u00edbrio econ\u00f4mico-financeiro decorrente da inclus\u00e3o de segmento vi\u00e1rio n\u00e3o previsto em contrato.<br><br>A ANTT decidiu aprovar o ato de outorga referente \u00e0 concess\u00e3o do trecho da BR-116\/101\/RJ\/SP &#8211; Via Dutra e Rio-Santos -, que foi leiloada\u00a0em outubro do ano passado, e autorizou a assinatura do respectivo contrato, o que deve acontecer no dia 1\u00ba de fevereiro.<br><br><strong>Autoriza\u00e7\u00f5es ferrovi\u00e1rias<\/strong><br>A autarquia tamb\u00e9m aprovou a viabilidade locacional de cinco empresas que pediram para\u00a0construir e explorar novas ferrovias pelo Brasil. Todas foram consideradas constru\u00e7\u00f5es compat\u00edveis, de acordo com a nota t\u00e9cnica da Sufer (Superintend\u00eancia de Transporte Ferrovi\u00e1rio).<br><br>Para a Rumo S.A\u00a0foram viabilizadas duas autoriza\u00e7\u00f5es com o intuito de expans\u00e3o de 809,2 quil\u00f4metros. Os trechos abrangem os munic\u00edpios de Bom Jesus do Araguaia (MT) a \u00c1gua Boa (MT); e Ribeir\u00e3o Cascalheira (MT) a Figueir\u00f3polis (TO).<br><br>A Enefer Consultoria Projetos Ltda pediu para\u00a0construir 198,4 quil\u00f4metros, localizados entre Boa Vista (RR) e Bonfim (RR). Para a Suzano S.A foi concedida a autoriza\u00e7\u00e3o para explorar 231 quil\u00f4metros, entre\u00a0Ribas do Rio Pardo (MS) a Inoc\u00eancia (MS).<br><br>Em rela\u00e7\u00e3o ao pedido da VLI Multimodal S.A., a empresa apresentou dois cen\u00e1rios, mas somente um foi aprovado. A ANTT, ent\u00e3o, decidiu por autorizar o cen\u00e1rio admitido, que permite a constru\u00e7\u00e3o de nove\u00a0quil\u00f4metros entre Cubat\u00e3o (SP) e Santos (SP).\u00a0As delibera\u00e7\u00f5es sobre o tema foram p\u00fablicas no Di\u00e1rio Oficial da Uni\u00e3o e podem ser vistas\u00a0<a rel=\"noreferrer noopener\" href=\"https:\/\/agenciainfra.us14.list-manage.com\/track\/click?u=d460dd1bcf9ba0ae040e1fc0f&amp;id=82dfd3ef61&amp;e=f61741398a\" target=\"_blank\">neste link<\/a>.<br><br><strong>Altera\u00e7\u00e3o no piso do frete\u00a0<\/strong><br>A ANTT aprovou tamb\u00e9m as novas regras, metodologia e coeficientes dos pisos m\u00ednimos de frete rodovi\u00e1rio que v\u00e3o vigorar no primeiro semestre de 2022. Com isso, o reajuste m\u00e9dio para a carga lota\u00e7\u00e3o ser\u00e1 de 8,27% de acordo com o tipo de carga, quantidade de eixos e se a opera\u00e7\u00e3o de transporte \u00e9 caracterizada como alto desempenho.\u00a0A nova tabela est\u00e1 na resolu\u00e7\u00e3o da ag\u00eancia publicada no Di\u00e1rio Oficial da Uni\u00e3o, dispon\u00edvel\u00a0<a rel=\"noreferrer noopener\" href=\"https:\/\/agenciainfra.us14.list-manage.com\/track\/click?u=d460dd1bcf9ba0ae040e1fc0f&amp;id=2d5fcc688e&amp;e=f61741398a\" target=\"_blank\">neste link<\/a>.<br><br>Os demais par\u00e2metros ser\u00e3o atualizados conforme a varia\u00e7\u00e3o do IPCA (\u00cdndice Nacional de Pre\u00e7os ao Consumidor Amplo), que ficou em 2,3781%. A reuni\u00e3o completa est\u00e1 dispon\u00edvel no\u00a0<a rel=\"noreferrer noopener\" href=\"https:\/\/agenciainfra.us14.list-manage.com\/track\/click?u=d460dd1bcf9ba0ae040e1fc0f&amp;id=32231c64b8&amp;e=f61741398a\" target=\"_blank\">Youtube<\/a>\u00a0da ANTT.<\/p>\n","protected":false},"excerpt":{"rendered":"<p>Jenifer Ribeiro, da\u00a0Ag\u00eancia iNFRA A ANTT (Ag\u00eancia Nacional de Transportes Terrestres) aprovou, na \u00faltima quinta-feira (20), o relat\u00f3rio final e as minutas do TAC (Termo de Ajustamento de Conduta), na modalidade Plano de A\u00e7\u00e3o, da Concession\u00e1ria Rota do Oeste S.A, que administra a BR-163\/MT. O diretor-relator, Davi Barreto, recomendou, em seu\u00a0voto proferido na reuni\u00e3o de [&hellip;]<\/p>\n","protected":false},"author":1,"featured_media":6503,"comment_status":"closed","ping_status":"closed","sticky":false,"template":"","format":"standard","meta":{"_monsterinsights_skip_tracking":false,"_monsterinsights_sitenote_active":false,"_monsterinsights_sitenote_note":"","_monsterinsights_sitenote_category":0,"footnotes":""},"categories":[1,7],"tags":[77,19,3020,4651,5165,4640,1049,3683,1050,349,4168,1450,162,36,4611,1027,126,5005,549],"class_list":["post-9388","post","type-post","status-publish","format-standard","has-post-thumbnail","hentry","category-geral","category-infratransporte","tag-ana","tag-antt","tag-audiencia-publica","tag-autorizacoes-ferroviarias","tag-br-040-495-mg-rj","tag-br-116-101-sp-rj","tag-br-163-mt","tag-concessionaria-rota-do-oeste","tag-davi-barreto","tag-frete","tag-guilherme-sampaio","tag-msvia","tag-per","tag-ppi","tag-rafael-vitale","tag-relicitacao","tag-rodovias","tag-surod","tag-tac"],"yoast_head":"<!-- This site is optimized with the Yoast SEO Premium plugin v25.4 (Yoast SEO v26.0) - https:\/\/yoast.com\/wordpress\/plugins\/seo\/ -->\n<title>ANTT aprova relat\u00f3rio final do TAC da concession\u00e1ria Rota do Oeste - Ag\u00eancia iNFRA<\/title>\n<meta name=\"robots\" content=\"index, follow, max-snippet:-1, max-image-preview:large, max-video-preview:-1\" \/>\n<link rel=\"canonical\" href=\"https:\/\/agenciainfra.com\/blog\/antt-aprova-relatorio-final-do-tac-da-concessionaria-rota-do-oeste\/\" \/>\n<meta property=\"og:locale\" content=\"pt_BR\" \/>\n<meta property=\"og:type\" content=\"article\" \/>\n<meta property=\"og:title\" content=\"ANTT aprova relat\u00f3rio final do TAC da concession\u00e1ria Rota do Oeste\" \/>\n<meta property=\"og:description\" content=\"Jenifer Ribeiro, da\u00a0Ag\u00eancia iNFRA A ANTT (Ag\u00eancia Nacional de Transportes Terrestres) aprovou, na \u00faltima quinta-feira (20), o relat\u00f3rio final e as minutas do TAC (Termo de Ajustamento de Conduta), na modalidade Plano de A\u00e7\u00e3o, da Concession\u00e1ria Rota do Oeste S.A, que administra a BR-163\/MT. O diretor-relator, Davi Barreto, recomendou, em seu\u00a0voto proferido na reuni\u00e3o de [&hellip;]\" \/>\n<meta property=\"og:url\" content=\"https:\/\/agenciainfra.com\/blog\/antt-aprova-relatorio-final-do-tac-da-concessionaria-rota-do-oeste\/\" \/>\n<meta property=\"og:site_name\" content=\"Ag\u00eancia iNFRA\" \/>\n<meta property=\"article:publisher\" content=\"https:\/\/www.facebook.com\/ageninfra\" \/>\n<meta property=\"article:published_time\" content=\"2022-01-24T19:00:00+00:00\" \/>\n<meta property=\"og:image\" content=\"https:\/\/agenciainfra.com\/blog\/wp-content\/uploads\/2020\/12\/praca-de-pedagio-foto-rota-do-oeste.jpg\" \/>\n\t<meta property=\"og:image:width\" content=\"1280\" \/>\n\t<meta property=\"og:image:height\" content=\"853\" \/>\n\t<meta property=\"og:image:type\" content=\"image\/jpeg\" \/>\n<meta name=\"author\" content=\"Ag\u00eancia iNFRA\" \/>\n<meta name=\"twitter:card\" content=\"summary_large_image\" \/>\n<meta name=\"twitter:creator\" content=\"@agencia_infra\" \/>\n<meta name=\"twitter:site\" content=\"@agencia_infra\" \/>\n<meta name=\"twitter:label1\" content=\"Escrito por\" \/>\n\t<meta name=\"twitter:data1\" content=\"Ag\u00eancia iNFRA\" \/>\n\t<meta name=\"twitter:label2\" content=\"Est. tempo de leitura\" \/>\n\t<meta name=\"twitter:data2\" content=\"6 minutos\" \/>\n<script type=\"application\/ld+json\" class=\"yoast-schema-graph\">{\"@context\":\"https:\/\/schema.org\",\"@graph\":[{\"@type\":\"Article\",\"@id\":\"https:\/\/agenciainfra.com\/blog\/antt-aprova-relatorio-final-do-tac-da-concessionaria-rota-do-oeste\/#article\",\"isPartOf\":{\"@id\":\"https:\/\/agenciainfra.com\/blog\/antt-aprova-relatorio-final-do-tac-da-concessionaria-rota-do-oeste\/\"},\"author\":{\"name\":\"Ag\u00eancia iNFRA\",\"@id\":\"https:\/\/agenciainfra.com\/blog\/#\/schema\/person\/34af08dff6adea4cb22b06612ba7acfa\"},\"headline\":\"ANTT aprova relat\u00f3rio final do TAC da concession\u00e1ria Rota do Oeste\",\"datePublished\":\"2022-01-24T19:00:00+00:00\",\"mainEntityOfPage\":{\"@id\":\"https:\/\/agenciainfra.com\/blog\/antt-aprova-relatorio-final-do-tac-da-concessionaria-rota-do-oeste\/\"},\"wordCount\":1148,\"publisher\":{\"@id\":\"https:\/\/agenciainfra.com\/blog\/#organization\"},\"image\":{\"@id\":\"https:\/\/agenciainfra.com\/blog\/antt-aprova-relatorio-final-do-tac-da-concessionaria-rota-do-oeste\/#primaryimage\"},\"thumbnailUrl\":\"https:\/\/agenciainfra.com\/blog\/wp-content\/uploads\/2020\/12\/praca-de-pedagio-foto-rota-do-oeste.jpg\",\"keywords\":[\"ANA\",\"ANTT\",\"audi\u00eancia p\u00fablica\",\"autoriza\u00e7\u00f5es ferrovi\u00e1rias\",\"BR-040\/495\/MG\/RJ\",\"BR-116-101\/SP-RJ\",\"BR-163\/MT\",\"Concession\u00e1ria Rota do Oeste\",\"Davi Barreto\",\"frete\",\"Guilherme Sampaio\",\"MSVIA\",\"PER\",\"PPI\",\"Rafael Vitale\",\"relicita\u00e7\u00e3o\",\"rodovias\",\"Surod\",\"TAC\"],\"articleSection\":[\"Geral\",\"iNFRATransporte\"],\"inLanguage\":\"pt-BR\",\"copyrightYear\":\"2022\",\"copyrightHolder\":{\"@id\":\"https:\/\/agenciainfra.com\/blog\/#organization\"}},{\"@type\":\"WebPage\",\"@id\":\"https:\/\/agenciainfra.com\/blog\/antt-aprova-relatorio-final-do-tac-da-concessionaria-rota-do-oeste\/\",\"url\":\"https:\/\/agenciainfra.com\/blog\/antt-aprova-relatorio-final-do-tac-da-concessionaria-rota-do-oeste\/\",\"name\":\"ANTT aprova relat\u00f3rio final do TAC da concession\u00e1ria Rota do Oeste - Ag\u00eancia iNFRA\",\"isPartOf\":{\"@id\":\"https:\/\/agenciainfra.com\/blog\/#website\"},\"primaryImageOfPage\":{\"@id\":\"https:\/\/agenciainfra.com\/blog\/antt-aprova-relatorio-final-do-tac-da-concessionaria-rota-do-oeste\/#primaryimage\"},\"image\":{\"@id\":\"https:\/\/agenciainfra.com\/blog\/antt-aprova-relatorio-final-do-tac-da-concessionaria-rota-do-oeste\/#primaryimage\"},\"thumbnailUrl\":\"https:\/\/agenciainfra.com\/blog\/wp-content\/uploads\/2020\/12\/praca-de-pedagio-foto-rota-do-oeste.jpg\",\"datePublished\":\"2022-01-24T19:00:00+00:00\",\"breadcrumb\":{\"@id\":\"https:\/\/agenciainfra.com\/blog\/antt-aprova-relatorio-final-do-tac-da-concessionaria-rota-do-oeste\/#breadcrumb\"},\"inLanguage\":\"pt-BR\",\"potentialAction\":[{\"@type\":\"ReadAction\",\"target\":[\"https:\/\/agenciainfra.com\/blog\/antt-aprova-relatorio-final-do-tac-da-concessionaria-rota-do-oeste\/\"]}]},{\"@type\":\"ImageObject\",\"inLanguage\":\"pt-BR\",\"@id\":\"https:\/\/agenciainfra.com\/blog\/antt-aprova-relatorio-final-do-tac-da-concessionaria-rota-do-oeste\/#primaryimage\",\"url\":\"https:\/\/agenciainfra.com\/blog\/wp-content\/uploads\/2020\/12\/praca-de-pedagio-foto-rota-do-oeste.jpg\",\"contentUrl\":\"https:\/\/agenciainfra.com\/blog\/wp-content\/uploads\/2020\/12\/praca-de-pedagio-foto-rota-do-oeste.jpg\",\"width\":1280,\"height\":853,\"caption\":\"Foto: Rota do Oeste\"},{\"@type\":\"BreadcrumbList\",\"@id\":\"https:\/\/agenciainfra.com\/blog\/antt-aprova-relatorio-final-do-tac-da-concessionaria-rota-do-oeste\/#breadcrumb\",\"itemListElement\":[{\"@type\":\"ListItem\",\"position\":1,\"name\":\"In\u00edcio\",\"item\":\"https:\/\/agenciainfra.com\/blog\/\"},{\"@type\":\"ListItem\",\"position\":2,\"name\":\"ANTT aprova relat\u00f3rio final do TAC da concession\u00e1ria Rota do Oeste\"}]},{\"@type\":\"WebSite\",\"@id\":\"https:\/\/agenciainfra.com\/blog\/#website\",\"url\":\"https:\/\/agenciainfra.com\/blog\/\",\"name\":\"Ag\u00eancia iNFRA\",\"description\":\"Multiplataforma de informa\u00e7\u00e3o jornal\u00edstica refer\u00eancia na \u00e1rea de infraestrutura no Brasil!\",\"publisher\":{\"@id\":\"https:\/\/agenciainfra.com\/blog\/#organization\"},\"potentialAction\":[{\"@type\":\"SearchAction\",\"target\":{\"@type\":\"EntryPoint\",\"urlTemplate\":\"https:\/\/agenciainfra.com\/blog\/?s={search_term_string}\"},\"query-input\":{\"@type\":\"PropertyValueSpecification\",\"valueRequired\":true,\"valueName\":\"search_term_string\"}}],\"inLanguage\":\"pt-BR\"},{\"@type\":\"Organization\",\"@id\":\"https:\/\/agenciainfra.com\/blog\/#organization\",\"name\":\"Ag\u00eancia iNFRA\",\"url\":\"https:\/\/agenciainfra.com\/blog\/\",\"logo\":{\"@type\":\"ImageObject\",\"inLanguage\":\"pt-BR\",\"@id\":\"https:\/\/agenciainfra.com\/blog\/#\/schema\/logo\/image\/\",\"url\":\"https:\/\/agenciainfra.com\/blog\/wp-content\/uploads\/2023\/09\/iNFRA_5-e1761735885940.png\",\"contentUrl\":\"https:\/\/agenciainfra.com\/blog\/wp-content\/uploads\/2023\/09\/iNFRA_5-e1761735885940.png\",\"width\":1672,\"height\":454,\"caption\":\"Ag\u00eancia iNFRA\"},\"image\":{\"@id\":\"https:\/\/agenciainfra.com\/blog\/#\/schema\/logo\/image\/\"},\"sameAs\":[\"https:\/\/www.facebook.com\/ageninfra\",\"https:\/\/x.com\/agencia_infra\",\"https:\/\/www.linkedin.com\/company\/ag\u00eanciainfra\/\",\"https:\/\/www.instagram.com\/agenciainfra\/\"]},{\"@type\":\"Person\",\"@id\":\"https:\/\/agenciainfra.com\/blog\/#\/schema\/person\/34af08dff6adea4cb22b06612ba7acfa\",\"name\":\"Ag\u00eancia iNFRA\",\"image\":{\"@type\":\"ImageObject\",\"inLanguage\":\"pt-BR\",\"@id\":\"https:\/\/agenciainfra.com\/blog\/#\/schema\/person\/image\/\",\"url\":\"https:\/\/secure.gravatar.com\/avatar\/d189e01678f06d8eb84d4e01f08eb848b3fffe3f8443818d3c356c66892f5be8?s=96&d=mm&r=g\",\"contentUrl\":\"https:\/\/secure.gravatar.com\/avatar\/d189e01678f06d8eb84d4e01f08eb848b3fffe3f8443818d3c356c66892f5be8?s=96&d=mm&r=g\",\"caption\":\"Ag\u00eancia iNFRA\"},\"url\":\"https:\/\/agenciainfra.com\/blog\/author\/admin\/\"}]}<\/script>\n<!-- \/ Yoast SEO Premium plugin. -->","yoast_head_json":{"title":"ANTT aprova relat\u00f3rio final do TAC da concession\u00e1ria Rota do Oeste - Ag\u00eancia iNFRA","robots":{"index":"index","follow":"follow","max-snippet":"max-snippet:-1","max-image-preview":"max-image-preview:large","max-video-preview":"max-video-preview:-1"},"canonical":"https:\/\/agenciainfra.com\/blog\/antt-aprova-relatorio-final-do-tac-da-concessionaria-rota-do-oeste\/","og_locale":"pt_BR","og_type":"article","og_title":"ANTT aprova relat\u00f3rio final do TAC da concession\u00e1ria Rota do Oeste","og_description":"Jenifer Ribeiro, da\u00a0Ag\u00eancia iNFRA A ANTT (Ag\u00eancia Nacional de Transportes Terrestres) aprovou, na \u00faltima quinta-feira (20), o relat\u00f3rio final e as minutas do TAC (Termo de Ajustamento de Conduta), na modalidade Plano de A\u00e7\u00e3o, da Concession\u00e1ria Rota do Oeste S.A, que administra a BR-163\/MT. O diretor-relator, Davi Barreto, recomendou, em seu\u00a0voto proferido na reuni\u00e3o de [&hellip;]","og_url":"https:\/\/agenciainfra.com\/blog\/antt-aprova-relatorio-final-do-tac-da-concessionaria-rota-do-oeste\/","og_site_name":"Ag\u00eancia iNFRA","article_publisher":"https:\/\/www.facebook.com\/ageninfra","article_published_time":"2022-01-24T19:00:00+00:00","og_image":[{"width":1280,"height":853,"url":"https:\/\/agenciainfra.com\/blog\/wp-content\/uploads\/2020\/12\/praca-de-pedagio-foto-rota-do-oeste.jpg","type":"image\/jpeg"}],"author":"Ag\u00eancia iNFRA","twitter_card":"summary_large_image","twitter_creator":"@agencia_infra","twitter_site":"@agencia_infra","twitter_misc":{"Escrito por":"Ag\u00eancia iNFRA","Est. tempo de leitura":"6 minutos"},"schema":{"@context":"https:\/\/schema.org","@graph":[{"@type":"Article","@id":"https:\/\/agenciainfra.com\/blog\/antt-aprova-relatorio-final-do-tac-da-concessionaria-rota-do-oeste\/#article","isPartOf":{"@id":"https:\/\/agenciainfra.com\/blog\/antt-aprova-relatorio-final-do-tac-da-concessionaria-rota-do-oeste\/"},"author":{"name":"Ag\u00eancia iNFRA","@id":"https:\/\/agenciainfra.com\/blog\/#\/schema\/person\/34af08dff6adea4cb22b06612ba7acfa"},"headline":"ANTT aprova relat\u00f3rio final do TAC da concession\u00e1ria Rota do Oeste","datePublished":"2022-01-24T19:00:00+00:00","mainEntityOfPage":{"@id":"https:\/\/agenciainfra.com\/blog\/antt-aprova-relatorio-final-do-tac-da-concessionaria-rota-do-oeste\/"},"wordCount":1148,"publisher":{"@id":"https:\/\/agenciainfra.com\/blog\/#organization"},"image":{"@id":"https:\/\/agenciainfra.com\/blog\/antt-aprova-relatorio-final-do-tac-da-concessionaria-rota-do-oeste\/#primaryimage"},"thumbnailUrl":"https:\/\/agenciainfra.com\/blog\/wp-content\/uploads\/2020\/12\/praca-de-pedagio-foto-rota-do-oeste.jpg","keywords":["ANA","ANTT","audi\u00eancia p\u00fablica","autoriza\u00e7\u00f5es ferrovi\u00e1rias","BR-040\/495\/MG\/RJ","BR-116-101\/SP-RJ","BR-163\/MT","Concession\u00e1ria Rota do Oeste","Davi Barreto","frete","Guilherme Sampaio","MSVIA","PER","PPI","Rafael Vitale","relicita\u00e7\u00e3o","rodovias","Surod","TAC"],"articleSection":["Geral","iNFRATransporte"],"inLanguage":"pt-BR","copyrightYear":"2022","copyrightHolder":{"@id":"https:\/\/agenciainfra.com\/blog\/#organization"}},{"@type":"WebPage","@id":"https:\/\/agenciainfra.com\/blog\/antt-aprova-relatorio-final-do-tac-da-concessionaria-rota-do-oeste\/","url":"https:\/\/agenciainfra.com\/blog\/antt-aprova-relatorio-final-do-tac-da-concessionaria-rota-do-oeste\/","name":"ANTT aprova relat\u00f3rio final do TAC da concession\u00e1ria Rota do Oeste - Ag\u00eancia iNFRA","isPartOf":{"@id":"https:\/\/agenciainfra.com\/blog\/#website"},"primaryImageOfPage":{"@id":"https:\/\/agenciainfra.com\/blog\/antt-aprova-relatorio-final-do-tac-da-concessionaria-rota-do-oeste\/#primaryimage"},"image":{"@id":"https:\/\/agenciainfra.com\/blog\/antt-aprova-relatorio-final-do-tac-da-concessionaria-rota-do-oeste\/#primaryimage"},"thumbnailUrl":"https:\/\/agenciainfra.com\/blog\/wp-content\/uploads\/2020\/12\/praca-de-pedagio-foto-rota-do-oeste.jpg","datePublished":"2022-01-24T19:00:00+00:00","breadcrumb":{"@id":"https:\/\/agenciainfra.com\/blog\/antt-aprova-relatorio-final-do-tac-da-concessionaria-rota-do-oeste\/#breadcrumb"},"inLanguage":"pt-BR","potentialAction":[{"@type":"ReadAction","target":["https:\/\/agenciainfra.com\/blog\/antt-aprova-relatorio-final-do-tac-da-concessionaria-rota-do-oeste\/"]}]},{"@type":"ImageObject","inLanguage":"pt-BR","@id":"https:\/\/agenciainfra.com\/blog\/antt-aprova-relatorio-final-do-tac-da-concessionaria-rota-do-oeste\/#primaryimage","url":"https:\/\/agenciainfra.com\/blog\/wp-content\/uploads\/2020\/12\/praca-de-pedagio-foto-rota-do-oeste.jpg","contentUrl":"https:\/\/agenciainfra.com\/blog\/wp-content\/uploads\/2020\/12\/praca-de-pedagio-foto-rota-do-oeste.jpg","width":1280,"height":853,"caption":"Foto: Rota do Oeste"},{"@type":"BreadcrumbList","@id":"https:\/\/agenciainfra.com\/blog\/antt-aprova-relatorio-final-do-tac-da-concessionaria-rota-do-oeste\/#breadcrumb","itemListElement":[{"@type":"ListItem","position":1,"name":"In\u00edcio","item":"https:\/\/agenciainfra.com\/blog\/"},{"@type":"ListItem","position":2,"name":"ANTT aprova relat\u00f3rio final do TAC da concession\u00e1ria Rota do Oeste"}]},{"@type":"WebSite","@id":"https:\/\/agenciainfra.com\/blog\/#website","url":"https:\/\/agenciainfra.com\/blog\/","name":"Ag\u00eancia iNFRA","description":"Multiplataforma de informa\u00e7\u00e3o jornal\u00edstica refer\u00eancia na \u00e1rea de infraestrutura no Brasil!","publisher":{"@id":"https:\/\/agenciainfra.com\/blog\/#organization"},"potentialAction":[{"@type":"SearchAction","target":{"@type":"EntryPoint","urlTemplate":"https:\/\/agenciainfra.com\/blog\/?s={search_term_string}"},"query-input":{"@type":"PropertyValueSpecification","valueRequired":true,"valueName":"search_term_string"}}],"inLanguage":"pt-BR"},{"@type":"Organization","@id":"https:\/\/agenciainfra.com\/blog\/#organization","name":"Ag\u00eancia iNFRA","url":"https:\/\/agenciainfra.com\/blog\/","logo":{"@type":"ImageObject","inLanguage":"pt-BR","@id":"https:\/\/agenciainfra.com\/blog\/#\/schema\/logo\/image\/","url":"https:\/\/agenciainfra.com\/blog\/wp-content\/uploads\/2023\/09\/iNFRA_5-e1761735885940.png","contentUrl":"https:\/\/agenciainfra.com\/blog\/wp-content\/uploads\/2023\/09\/iNFRA_5-e1761735885940.png","width":1672,"height":454,"caption":"Ag\u00eancia iNFRA"},"image":{"@id":"https:\/\/agenciainfra.com\/blog\/#\/schema\/logo\/image\/"},"sameAs":["https:\/\/www.facebook.com\/ageninfra","https:\/\/x.com\/agencia_infra","https:\/\/www.linkedin.com\/company\/ag\u00eanciainfra\/","https:\/\/www.instagram.com\/agenciainfra\/"]},{"@type":"Person","@id":"https:\/\/agenciainfra.com\/blog\/#\/schema\/person\/34af08dff6adea4cb22b06612ba7acfa","name":"Ag\u00eancia iNFRA","image":{"@type":"ImageObject","inLanguage":"pt-BR","@id":"https:\/\/agenciainfra.com\/blog\/#\/schema\/person\/image\/","url":"https:\/\/secure.gravatar.com\/avatar\/d189e01678f06d8eb84d4e01f08eb848b3fffe3f8443818d3c356c66892f5be8?s=96&d=mm&r=g","contentUrl":"https:\/\/secure.gravatar.com\/avatar\/d189e01678f06d8eb84d4e01f08eb848b3fffe3f8443818d3c356c66892f5be8?s=96&d=mm&r=g","caption":"Ag\u00eancia iNFRA"},"url":"https:\/\/agenciainfra.com\/blog\/author\/admin\/"}]}},"_links":{"self":[{"href":"https:\/\/agenciainfra.com\/blog\/wp-json\/wp\/v2\/posts\/9388","targetHints":{"allow":["GET"]}}],"collection":[{"href":"https:\/\/agenciainfra.com\/blog\/wp-json\/wp\/v2\/posts"}],"about":[{"href":"https:\/\/agenciainfra.com\/blog\/wp-json\/wp\/v2\/types\/post"}],"author":[{"embeddable":true,"href":"https:\/\/agenciainfra.com\/blog\/wp-json\/wp\/v2\/users\/1"}],"replies":[{"embeddable":true,"href":"https:\/\/agenciainfra.com\/blog\/wp-json\/wp\/v2\/comments?post=9388"}],"version-history":[{"count":0,"href":"https:\/\/agenciainfra.com\/blog\/wp-json\/wp\/v2\/posts\/9388\/revisions"}],"wp:featuredmedia":[{"embeddable":true,"href":"https:\/\/agenciainfra.com\/blog\/wp-json\/wp\/v2\/media\/6503"}],"wp:attachment":[{"href":"https:\/\/agenciainfra.com\/blog\/wp-json\/wp\/v2\/media?parent=9388"}],"wp:term":[{"taxonomy":"category","embeddable":true,"href":"https:\/\/agenciainfra.com\/blog\/wp-json\/wp\/v2\/categories?post=9388"},{"taxonomy":"post_tag","embeddable":true,"href":"https:\/\/agenciainfra.com\/blog\/wp-json\/wp\/v2\/tags?post=9388"}],"curies":[{"name":"wp","href":"https:\/\/api.w.org\/{rel}","templated":true}]}}