{"id":9390,"date":"2022-01-25T09:00:00","date_gmt":"2022-01-25T12:00:00","guid":{"rendered":"https:\/\/www.agenciainfra.com\/blog\/?p=9390"},"modified":"2022-01-24T19:53:01","modified_gmt":"2022-01-24T22:53:01","slug":"subsecretaria-defende-que-restricao-espacial-impacta-menos-o-mercado-e-e-modelo-internacional","status":"publish","type":"post","link":"https:\/\/agenciainfra.com\/blog\/subsecretaria-defende-que-restricao-espacial-impacta-menos-o-mercado-e-e-modelo-internacional\/","title":{"rendered":"Subsecret\u00e1ria defende que restri\u00e7\u00e3o espacial impacta menos o mercado e \u00e9 modelo internacional"},"content":{"rendered":"\n<p class=\"has-text-align-right\"><strong>Dimmi Amora, da\u00a0Ag\u00eancia iNFRA<\/strong><\/p>\n\n\n\n<p>A subsecret\u00e1ria de Regula\u00e7\u00e3o e Ambiente de Neg\u00f3cios da Secretaria de Desenvolvimento Econ\u00f4mico da Prefeitura do Rio de Janeiro, Carina de Castro Quirino, \u00e9 a respons\u00e1vel pelos estudos que est\u00e3o subsidiando o governo local em rela\u00e7\u00e3o \u00e0 concess\u00e3o dos aeroportos locais.<br><br>A\u00a0subsecretaria tem oito t\u00e9cnicos, quatro da \u00e1rea de Economia e quatro da \u00e1rea de Direito, todos doutores ou doutorandos, trabalhando no tema h\u00e1 um ano e concentrados especificamente na an\u00e1lise sobre o impacto econ\u00f4mico da concess\u00e3o na cidade.<br><br>Doutora em direito p\u00fablico, Quirino ressalta que mostrar a qualidade dos servidores que est\u00e3o no trabalho \u00e9 importante porque \u00e9 incomum que governos municipais tenham pessoal qualificado para esse tipo de an\u00e1lise, o que ela acredita que tem feito com que as posi\u00e7\u00f5es da cidade estejam sendo desqualificadas no debate.<br><br>&#8220;Se nos propomos a algo que n\u00e3o temos compet\u00eancia, os estudos v\u00e3o por \u00e1gua abaixo. Nossa preocupa\u00e7\u00e3o foi falar que a cidade est\u00e1 em risco com essa modelagem. E n\u00e3o \u00e9 com base no vazio&#8221;, disse Quirino, lembrando que os dados usados s\u00e3o todos da ag\u00eancia reguladora.<br><br><strong>Benchmarkings internacionais<\/strong><br>Ela explicou que, no in\u00edcio dos trabalhos, o grupo foi buscar os benchmarkings internacionais de cidades com sistemas multiaeroporto para avaliar a situa\u00e7\u00e3o do Rio de Janeiro. E segundo ela, o exemplo que mais se assemelha ao da cidade \u00e9 de Nova Iorque (EUA), onde a coordena\u00e7\u00e3o entre os aeroportos \u00e9 espacial.<br><br>Quirino lembrou ainda que os estudos voltaram no tempo para as discuss\u00f5es sobre a coordena\u00e7\u00e3o dos aeroportos no Rio de Janeiro desde o in\u00edcio de 2000, mostrando que o modelo de liberdade n\u00e3o tem funcionado. Ela lembra ainda que o TCU apontou isso em 2018, quando proibiu a reabertura do Aeroporto da Pampulha (MG), em decis\u00e3o do ministro Bruno Dantas.<br><br>A subsecret\u00e1ria tamb\u00e9m aponta que o Evtea apresentado para balizar a concess\u00e3o avaliou de forma superficial o cen\u00e1rio multiaeroportos e, por isso, segue\u00a0sendo contestado. Al\u00e9m disso, segundo ela, a contesta\u00e7\u00e3o \u00e0s propostas apresentadas por outros entes na consulta p\u00fablica s\u00e3o &#8220;superficiais&#8221;.<br><br>Quirino afirmou ainda que, ap\u00f3s as cr\u00edticas que a proposta da prefeitura recebeu de que a restri\u00e7\u00e3o espacial seria um modelo &#8220;elitista&#8221;, foram feitas novas an\u00e1lises. A subsecret\u00e1ria disse que as cr\u00edticas ao trabalho do grupo vieram sem apontar solu\u00e7\u00f5es e que as rean\u00e1lises\u00a0feitas continuam indicando que o melhor caminho \u00e9 a restri\u00e7\u00e3o espacial.<br><br><strong>Menor dano concorrencial<\/strong><br>Ela explicou que os estudos indicaram que a restri\u00e7\u00e3o por n\u00famero de passageiros causa um maior dano concorrencial, interferindo na demanda, o que tende a ter passagens no Santos Dumont mais caras. Segundo ela, os modelos do grupo avaliados indicam que uma restri\u00e7\u00e3o espacial tende a ter uma interfer\u00eancia menor nos pre\u00e7os.<br><br>Quirino defende\u00a0ainda que, pela dimens\u00e3o continental do pa\u00eds, os voos para as regi\u00f5es Norte, Nordeste e Sul t\u00eam mais caracter\u00edsticas de voos internacionais. E tamb\u00e9m atendem a mais passageiros tur\u00edsticos, o que combinaria mais com as voca\u00e7\u00f5es do Gale\u00e3o que do Santos Dumont.<\/p>\n","protected":false},"excerpt":{"rendered":"<p>Dimmi Amora, da\u00a0Ag\u00eancia iNFRA A subsecret\u00e1ria de Regula\u00e7\u00e3o e Ambiente de Neg\u00f3cios da Secretaria de Desenvolvimento Econ\u00f4mico da Prefeitura do Rio de Janeiro, Carina de Castro Quirino, \u00e9 a respons\u00e1vel pelos estudos que est\u00e3o subsidiando o governo local em rela\u00e7\u00e3o \u00e0 concess\u00e3o dos aeroportos locais. A\u00a0subsecretaria tem oito t\u00e9cnicos, quatro da \u00e1rea de Economia e [&hellip;]<\/p>\n","protected":false},"author":1,"featured_media":9105,"comment_status":"closed","ping_status":"closed","sticky":false,"template":"","format":"standard","meta":{"_monsterinsights_skip_tracking":false,"_monsterinsights_sitenote_active":false,"_monsterinsights_sitenote_note":"","_monsterinsights_sitenote_category":0,"footnotes":""},"categories":[1,7],"tags":[859,2128,3068,107,396,600,255,1654],"class_list":["post-9390","post","type-post","status-publish","format-standard","has-post-thumbnail","hentry","category-geral","category-infratransporte","tag-aeroporto-da-pampulha","tag-aeroporto-do-galeao","tag-aeroporto-santos-dumont","tag-aeroportos","tag-bruno-dantas","tag-concessao-aeroportuaria","tag-evtea","tag-rio-de-janeiro"],"yoast_head":"<!-- This site is optimized with the Yoast SEO Premium plugin v25.4 (Yoast SEO v26.0) - https:\/\/yoast.com\/wordpress\/plugins\/seo\/ -->\n<title>Subsecret\u00e1ria defende que restri\u00e7\u00e3o espacial impacta menos o mercado e \u00e9 modelo internacional - Ag\u00eancia iNFRA<\/title>\n<meta name=\"robots\" content=\"index, follow, max-snippet:-1, max-image-preview:large, max-video-preview:-1\" \/>\n<link rel=\"canonical\" href=\"https:\/\/agenciainfra.com\/blog\/subsecretaria-defende-que-restricao-espacial-impacta-menos-o-mercado-e-e-modelo-internacional\/\" \/>\n<meta property=\"og:locale\" content=\"pt_BR\" \/>\n<meta property=\"og:type\" content=\"article\" \/>\n<meta property=\"og:title\" content=\"Subsecret\u00e1ria defende que restri\u00e7\u00e3o espacial impacta menos o mercado e \u00e9 modelo internacional\" \/>\n<meta property=\"og:description\" content=\"Dimmi Amora, da\u00a0Ag\u00eancia iNFRA A subsecret\u00e1ria de Regula\u00e7\u00e3o e Ambiente de Neg\u00f3cios da Secretaria de Desenvolvimento Econ\u00f4mico da Prefeitura do Rio de Janeiro, Carina de Castro Quirino, \u00e9 a respons\u00e1vel pelos estudos que est\u00e3o subsidiando o governo local em rela\u00e7\u00e3o \u00e0 concess\u00e3o dos aeroportos locais. A\u00a0subsecretaria tem oito t\u00e9cnicos, quatro da \u00e1rea de Economia e [&hellip;]\" \/>\n<meta property=\"og:url\" content=\"https:\/\/agenciainfra.com\/blog\/subsecretaria-defende-que-restricao-espacial-impacta-menos-o-mercado-e-e-modelo-internacional\/\" \/>\n<meta property=\"og:site_name\" content=\"Ag\u00eancia iNFRA\" \/>\n<meta property=\"article:publisher\" content=\"https:\/\/www.facebook.com\/ageninfra\" \/>\n<meta property=\"article:published_time\" content=\"2022-01-25T12:00:00+00:00\" \/>\n<meta property=\"og:image\" content=\"https:\/\/agenciainfra.com\/blog\/wp-content\/uploads\/2021\/12\/aeroporto-santos-dumont-foto-infraero.png\" \/>\n\t<meta property=\"og:image:width\" content=\"1280\" \/>\n\t<meta property=\"og:image:height\" content=\"854\" \/>\n\t<meta property=\"og:image:type\" content=\"image\/png\" \/>\n<meta name=\"author\" content=\"Ag\u00eancia iNFRA\" \/>\n<meta name=\"twitter:card\" content=\"summary_large_image\" \/>\n<meta name=\"twitter:creator\" content=\"@agencia_infra\" \/>\n<meta name=\"twitter:site\" content=\"@agencia_infra\" \/>\n<meta name=\"twitter:label1\" content=\"Escrito por\" \/>\n\t<meta name=\"twitter:data1\" content=\"Ag\u00eancia iNFRA\" \/>\n\t<meta name=\"twitter:label2\" content=\"Est. tempo de leitura\" \/>\n\t<meta name=\"twitter:data2\" content=\"3 minutos\" \/>\n<script type=\"application\/ld+json\" class=\"yoast-schema-graph\">{\"@context\":\"https:\/\/schema.org\",\"@graph\":[{\"@type\":\"Article\",\"@id\":\"https:\/\/agenciainfra.com\/blog\/subsecretaria-defende-que-restricao-espacial-impacta-menos-o-mercado-e-e-modelo-internacional\/#article\",\"isPartOf\":{\"@id\":\"https:\/\/agenciainfra.com\/blog\/subsecretaria-defende-que-restricao-espacial-impacta-menos-o-mercado-e-e-modelo-internacional\/\"},\"author\":{\"name\":\"Ag\u00eancia iNFRA\",\"@id\":\"https:\/\/agenciainfra.com\/blog\/#\/schema\/person\/34af08dff6adea4cb22b06612ba7acfa\"},\"headline\":\"Subsecret\u00e1ria defende que restri\u00e7\u00e3o espacial impacta menos o mercado e \u00e9 modelo internacional\",\"datePublished\":\"2022-01-25T12:00:00+00:00\",\"mainEntityOfPage\":{\"@id\":\"https:\/\/agenciainfra.com\/blog\/subsecretaria-defende-que-restricao-espacial-impacta-menos-o-mercado-e-e-modelo-internacional\/\"},\"wordCount\":559,\"publisher\":{\"@id\":\"https:\/\/agenciainfra.com\/blog\/#organization\"},\"image\":{\"@id\":\"https:\/\/agenciainfra.com\/blog\/subsecretaria-defende-que-restricao-espacial-impacta-menos-o-mercado-e-e-modelo-internacional\/#primaryimage\"},\"thumbnailUrl\":\"https:\/\/agenciainfra.com\/blog\/wp-content\/uploads\/2021\/12\/aeroporto-santos-dumont-foto-infraero.png\",\"keywords\":[\"Aeroporto da Pampulha\",\"Aeroporto do Gale\u00e3o\",\"Aeroporto Santos Dumont\",\"aeroportos\",\"Bruno Dantas\",\"concess\u00e3o aeroportu\u00e1ria\",\"EVTEA\",\"Rio de Janeiro\"],\"articleSection\":[\"Geral\",\"iNFRATransporte\"],\"inLanguage\":\"pt-BR\",\"copyrightYear\":\"2022\",\"copyrightHolder\":{\"@id\":\"https:\/\/agenciainfra.com\/blog\/#organization\"}},{\"@type\":\"WebPage\",\"@id\":\"https:\/\/agenciainfra.com\/blog\/subsecretaria-defende-que-restricao-espacial-impacta-menos-o-mercado-e-e-modelo-internacional\/\",\"url\":\"https:\/\/agenciainfra.com\/blog\/subsecretaria-defende-que-restricao-espacial-impacta-menos-o-mercado-e-e-modelo-internacional\/\",\"name\":\"Subsecret\u00e1ria defende que restri\u00e7\u00e3o espacial impacta menos o mercado e \u00e9 modelo internacional - Ag\u00eancia iNFRA\",\"isPartOf\":{\"@id\":\"https:\/\/agenciainfra.com\/blog\/#website\"},\"primaryImageOfPage\":{\"@id\":\"https:\/\/agenciainfra.com\/blog\/subsecretaria-defende-que-restricao-espacial-impacta-menos-o-mercado-e-e-modelo-internacional\/#primaryimage\"},\"image\":{\"@id\":\"https:\/\/agenciainfra.com\/blog\/subsecretaria-defende-que-restricao-espacial-impacta-menos-o-mercado-e-e-modelo-internacional\/#primaryimage\"},\"thumbnailUrl\":\"https:\/\/agenciainfra.com\/blog\/wp-content\/uploads\/2021\/12\/aeroporto-santos-dumont-foto-infraero.png\",\"datePublished\":\"2022-01-25T12:00:00+00:00\",\"breadcrumb\":{\"@id\":\"https:\/\/agenciainfra.com\/blog\/subsecretaria-defende-que-restricao-espacial-impacta-menos-o-mercado-e-e-modelo-internacional\/#breadcrumb\"},\"inLanguage\":\"pt-BR\",\"potentialAction\":[{\"@type\":\"ReadAction\",\"target\":[\"https:\/\/agenciainfra.com\/blog\/subsecretaria-defende-que-restricao-espacial-impacta-menos-o-mercado-e-e-modelo-internacional\/\"]}]},{\"@type\":\"ImageObject\",\"inLanguage\":\"pt-BR\",\"@id\":\"https:\/\/agenciainfra.com\/blog\/subsecretaria-defende-que-restricao-espacial-impacta-menos-o-mercado-e-e-modelo-internacional\/#primaryimage\",\"url\":\"https:\/\/agenciainfra.com\/blog\/wp-content\/uploads\/2021\/12\/aeroporto-santos-dumont-foto-infraero.png\",\"contentUrl\":\"https:\/\/agenciainfra.com\/blog\/wp-content\/uploads\/2021\/12\/aeroporto-santos-dumont-foto-infraero.png\",\"width\":1280,\"height\":854,\"caption\":\"Foto: Infraero\"},{\"@type\":\"BreadcrumbList\",\"@id\":\"https:\/\/agenciainfra.com\/blog\/subsecretaria-defende-que-restricao-espacial-impacta-menos-o-mercado-e-e-modelo-internacional\/#breadcrumb\",\"itemListElement\":[{\"@type\":\"ListItem\",\"position\":1,\"name\":\"In\u00edcio\",\"item\":\"https:\/\/agenciainfra.com\/blog\/\"},{\"@type\":\"ListItem\",\"position\":2,\"name\":\"Subsecret\u00e1ria defende que restri\u00e7\u00e3o espacial impacta menos o mercado e \u00e9 modelo internacional\"}]},{\"@type\":\"WebSite\",\"@id\":\"https:\/\/agenciainfra.com\/blog\/#website\",\"url\":\"https:\/\/agenciainfra.com\/blog\/\",\"name\":\"Ag\u00eancia iNFRA\",\"description\":\"Multiplataforma de informa\u00e7\u00e3o jornal\u00edstica refer\u00eancia na \u00e1rea de infraestrutura no Brasil!\",\"publisher\":{\"@id\":\"https:\/\/agenciainfra.com\/blog\/#organization\"},\"potentialAction\":[{\"@type\":\"SearchAction\",\"target\":{\"@type\":\"EntryPoint\",\"urlTemplate\":\"https:\/\/agenciainfra.com\/blog\/?s={search_term_string}\"},\"query-input\":{\"@type\":\"PropertyValueSpecification\",\"valueRequired\":true,\"valueName\":\"search_term_string\"}}],\"inLanguage\":\"pt-BR\"},{\"@type\":\"Organization\",\"@id\":\"https:\/\/agenciainfra.com\/blog\/#organization\",\"name\":\"Ag\u00eancia iNFRA\",\"url\":\"https:\/\/agenciainfra.com\/blog\/\",\"logo\":{\"@type\":\"ImageObject\",\"inLanguage\":\"pt-BR\",\"@id\":\"https:\/\/agenciainfra.com\/blog\/#\/schema\/logo\/image\/\",\"url\":\"https:\/\/agenciainfra.com\/blog\/wp-content\/uploads\/2023\/09\/iNFRA_5-e1761735885940.png\",\"contentUrl\":\"https:\/\/agenciainfra.com\/blog\/wp-content\/uploads\/2023\/09\/iNFRA_5-e1761735885940.png\",\"width\":1672,\"height\":454,\"caption\":\"Ag\u00eancia iNFRA\"},\"image\":{\"@id\":\"https:\/\/agenciainfra.com\/blog\/#\/schema\/logo\/image\/\"},\"sameAs\":[\"https:\/\/www.facebook.com\/ageninfra\",\"https:\/\/x.com\/agencia_infra\",\"https:\/\/www.linkedin.com\/company\/ag\u00eanciainfra\/\",\"https:\/\/www.instagram.com\/agenciainfra\/\"]},{\"@type\":\"Person\",\"@id\":\"https:\/\/agenciainfra.com\/blog\/#\/schema\/person\/34af08dff6adea4cb22b06612ba7acfa\",\"name\":\"Ag\u00eancia iNFRA\",\"image\":{\"@type\":\"ImageObject\",\"inLanguage\":\"pt-BR\",\"@id\":\"https:\/\/agenciainfra.com\/blog\/#\/schema\/person\/image\/\",\"url\":\"https:\/\/secure.gravatar.com\/avatar\/d189e01678f06d8eb84d4e01f08eb848b3fffe3f8443818d3c356c66892f5be8?s=96&d=mm&r=g\",\"contentUrl\":\"https:\/\/secure.gravatar.com\/avatar\/d189e01678f06d8eb84d4e01f08eb848b3fffe3f8443818d3c356c66892f5be8?s=96&d=mm&r=g\",\"caption\":\"Ag\u00eancia iNFRA\"},\"url\":\"https:\/\/agenciainfra.com\/blog\/author\/admin\/\"}]}<\/script>\n<!-- \/ Yoast SEO Premium plugin. -->","yoast_head_json":{"title":"Subsecret\u00e1ria defende que restri\u00e7\u00e3o espacial impacta menos o mercado e \u00e9 modelo internacional - Ag\u00eancia iNFRA","robots":{"index":"index","follow":"follow","max-snippet":"max-snippet:-1","max-image-preview":"max-image-preview:large","max-video-preview":"max-video-preview:-1"},"canonical":"https:\/\/agenciainfra.com\/blog\/subsecretaria-defende-que-restricao-espacial-impacta-menos-o-mercado-e-e-modelo-internacional\/","og_locale":"pt_BR","og_type":"article","og_title":"Subsecret\u00e1ria defende que restri\u00e7\u00e3o espacial impacta menos o mercado e \u00e9 modelo internacional","og_description":"Dimmi Amora, da\u00a0Ag\u00eancia iNFRA A subsecret\u00e1ria de Regula\u00e7\u00e3o e Ambiente de Neg\u00f3cios da Secretaria de Desenvolvimento Econ\u00f4mico da Prefeitura do Rio de Janeiro, Carina de Castro Quirino, \u00e9 a respons\u00e1vel pelos estudos que est\u00e3o subsidiando o governo local em rela\u00e7\u00e3o \u00e0 concess\u00e3o dos aeroportos locais. A\u00a0subsecretaria tem oito t\u00e9cnicos, quatro da \u00e1rea de Economia e [&hellip;]","og_url":"https:\/\/agenciainfra.com\/blog\/subsecretaria-defende-que-restricao-espacial-impacta-menos-o-mercado-e-e-modelo-internacional\/","og_site_name":"Ag\u00eancia iNFRA","article_publisher":"https:\/\/www.facebook.com\/ageninfra","article_published_time":"2022-01-25T12:00:00+00:00","og_image":[{"width":1280,"height":854,"url":"https:\/\/agenciainfra.com\/blog\/wp-content\/uploads\/2021\/12\/aeroporto-santos-dumont-foto-infraero.png","type":"image\/png"}],"author":"Ag\u00eancia iNFRA","twitter_card":"summary_large_image","twitter_creator":"@agencia_infra","twitter_site":"@agencia_infra","twitter_misc":{"Escrito por":"Ag\u00eancia iNFRA","Est. tempo de leitura":"3 minutos"},"schema":{"@context":"https:\/\/schema.org","@graph":[{"@type":"Article","@id":"https:\/\/agenciainfra.com\/blog\/subsecretaria-defende-que-restricao-espacial-impacta-menos-o-mercado-e-e-modelo-internacional\/#article","isPartOf":{"@id":"https:\/\/agenciainfra.com\/blog\/subsecretaria-defende-que-restricao-espacial-impacta-menos-o-mercado-e-e-modelo-internacional\/"},"author":{"name":"Ag\u00eancia iNFRA","@id":"https:\/\/agenciainfra.com\/blog\/#\/schema\/person\/34af08dff6adea4cb22b06612ba7acfa"},"headline":"Subsecret\u00e1ria defende que restri\u00e7\u00e3o espacial impacta menos o mercado e \u00e9 modelo internacional","datePublished":"2022-01-25T12:00:00+00:00","mainEntityOfPage":{"@id":"https:\/\/agenciainfra.com\/blog\/subsecretaria-defende-que-restricao-espacial-impacta-menos-o-mercado-e-e-modelo-internacional\/"},"wordCount":559,"publisher":{"@id":"https:\/\/agenciainfra.com\/blog\/#organization"},"image":{"@id":"https:\/\/agenciainfra.com\/blog\/subsecretaria-defende-que-restricao-espacial-impacta-menos-o-mercado-e-e-modelo-internacional\/#primaryimage"},"thumbnailUrl":"https:\/\/agenciainfra.com\/blog\/wp-content\/uploads\/2021\/12\/aeroporto-santos-dumont-foto-infraero.png","keywords":["Aeroporto da Pampulha","Aeroporto do Gale\u00e3o","Aeroporto Santos Dumont","aeroportos","Bruno Dantas","concess\u00e3o aeroportu\u00e1ria","EVTEA","Rio de Janeiro"],"articleSection":["Geral","iNFRATransporte"],"inLanguage":"pt-BR","copyrightYear":"2022","copyrightHolder":{"@id":"https:\/\/agenciainfra.com\/blog\/#organization"}},{"@type":"WebPage","@id":"https:\/\/agenciainfra.com\/blog\/subsecretaria-defende-que-restricao-espacial-impacta-menos-o-mercado-e-e-modelo-internacional\/","url":"https:\/\/agenciainfra.com\/blog\/subsecretaria-defende-que-restricao-espacial-impacta-menos-o-mercado-e-e-modelo-internacional\/","name":"Subsecret\u00e1ria defende que restri\u00e7\u00e3o espacial impacta menos o mercado e \u00e9 modelo internacional - Ag\u00eancia iNFRA","isPartOf":{"@id":"https:\/\/agenciainfra.com\/blog\/#website"},"primaryImageOfPage":{"@id":"https:\/\/agenciainfra.com\/blog\/subsecretaria-defende-que-restricao-espacial-impacta-menos-o-mercado-e-e-modelo-internacional\/#primaryimage"},"image":{"@id":"https:\/\/agenciainfra.com\/blog\/subsecretaria-defende-que-restricao-espacial-impacta-menos-o-mercado-e-e-modelo-internacional\/#primaryimage"},"thumbnailUrl":"https:\/\/agenciainfra.com\/blog\/wp-content\/uploads\/2021\/12\/aeroporto-santos-dumont-foto-infraero.png","datePublished":"2022-01-25T12:00:00+00:00","breadcrumb":{"@id":"https:\/\/agenciainfra.com\/blog\/subsecretaria-defende-que-restricao-espacial-impacta-menos-o-mercado-e-e-modelo-internacional\/#breadcrumb"},"inLanguage":"pt-BR","potentialAction":[{"@type":"ReadAction","target":["https:\/\/agenciainfra.com\/blog\/subsecretaria-defende-que-restricao-espacial-impacta-menos-o-mercado-e-e-modelo-internacional\/"]}]},{"@type":"ImageObject","inLanguage":"pt-BR","@id":"https:\/\/agenciainfra.com\/blog\/subsecretaria-defende-que-restricao-espacial-impacta-menos-o-mercado-e-e-modelo-internacional\/#primaryimage","url":"https:\/\/agenciainfra.com\/blog\/wp-content\/uploads\/2021\/12\/aeroporto-santos-dumont-foto-infraero.png","contentUrl":"https:\/\/agenciainfra.com\/blog\/wp-content\/uploads\/2021\/12\/aeroporto-santos-dumont-foto-infraero.png","width":1280,"height":854,"caption":"Foto: Infraero"},{"@type":"BreadcrumbList","@id":"https:\/\/agenciainfra.com\/blog\/subsecretaria-defende-que-restricao-espacial-impacta-menos-o-mercado-e-e-modelo-internacional\/#breadcrumb","itemListElement":[{"@type":"ListItem","position":1,"name":"In\u00edcio","item":"https:\/\/agenciainfra.com\/blog\/"},{"@type":"ListItem","position":2,"name":"Subsecret\u00e1ria defende que restri\u00e7\u00e3o espacial impacta menos o mercado e \u00e9 modelo internacional"}]},{"@type":"WebSite","@id":"https:\/\/agenciainfra.com\/blog\/#website","url":"https:\/\/agenciainfra.com\/blog\/","name":"Ag\u00eancia iNFRA","description":"Multiplataforma de informa\u00e7\u00e3o jornal\u00edstica refer\u00eancia na \u00e1rea de infraestrutura no Brasil!","publisher":{"@id":"https:\/\/agenciainfra.com\/blog\/#organization"},"potentialAction":[{"@type":"SearchAction","target":{"@type":"EntryPoint","urlTemplate":"https:\/\/agenciainfra.com\/blog\/?s={search_term_string}"},"query-input":{"@type":"PropertyValueSpecification","valueRequired":true,"valueName":"search_term_string"}}],"inLanguage":"pt-BR"},{"@type":"Organization","@id":"https:\/\/agenciainfra.com\/blog\/#organization","name":"Ag\u00eancia iNFRA","url":"https:\/\/agenciainfra.com\/blog\/","logo":{"@type":"ImageObject","inLanguage":"pt-BR","@id":"https:\/\/agenciainfra.com\/blog\/#\/schema\/logo\/image\/","url":"https:\/\/agenciainfra.com\/blog\/wp-content\/uploads\/2023\/09\/iNFRA_5-e1761735885940.png","contentUrl":"https:\/\/agenciainfra.com\/blog\/wp-content\/uploads\/2023\/09\/iNFRA_5-e1761735885940.png","width":1672,"height":454,"caption":"Ag\u00eancia iNFRA"},"image":{"@id":"https:\/\/agenciainfra.com\/blog\/#\/schema\/logo\/image\/"},"sameAs":["https:\/\/www.facebook.com\/ageninfra","https:\/\/x.com\/agencia_infra","https:\/\/www.linkedin.com\/company\/ag\u00eanciainfra\/","https:\/\/www.instagram.com\/agenciainfra\/"]},{"@type":"Person","@id":"https:\/\/agenciainfra.com\/blog\/#\/schema\/person\/34af08dff6adea4cb22b06612ba7acfa","name":"Ag\u00eancia iNFRA","image":{"@type":"ImageObject","inLanguage":"pt-BR","@id":"https:\/\/agenciainfra.com\/blog\/#\/schema\/person\/image\/","url":"https:\/\/secure.gravatar.com\/avatar\/d189e01678f06d8eb84d4e01f08eb848b3fffe3f8443818d3c356c66892f5be8?s=96&d=mm&r=g","contentUrl":"https:\/\/secure.gravatar.com\/avatar\/d189e01678f06d8eb84d4e01f08eb848b3fffe3f8443818d3c356c66892f5be8?s=96&d=mm&r=g","caption":"Ag\u00eancia iNFRA"},"url":"https:\/\/agenciainfra.com\/blog\/author\/admin\/"}]}},"_links":{"self":[{"href":"https:\/\/agenciainfra.com\/blog\/wp-json\/wp\/v2\/posts\/9390","targetHints":{"allow":["GET"]}}],"collection":[{"href":"https:\/\/agenciainfra.com\/blog\/wp-json\/wp\/v2\/posts"}],"about":[{"href":"https:\/\/agenciainfra.com\/blog\/wp-json\/wp\/v2\/types\/post"}],"author":[{"embeddable":true,"href":"https:\/\/agenciainfra.com\/blog\/wp-json\/wp\/v2\/users\/1"}],"replies":[{"embeddable":true,"href":"https:\/\/agenciainfra.com\/blog\/wp-json\/wp\/v2\/comments?post=9390"}],"version-history":[{"count":0,"href":"https:\/\/agenciainfra.com\/blog\/wp-json\/wp\/v2\/posts\/9390\/revisions"}],"wp:featuredmedia":[{"embeddable":true,"href":"https:\/\/agenciainfra.com\/blog\/wp-json\/wp\/v2\/media\/9105"}],"wp:attachment":[{"href":"https:\/\/agenciainfra.com\/blog\/wp-json\/wp\/v2\/media?parent=9390"}],"wp:term":[{"taxonomy":"category","embeddable":true,"href":"https:\/\/agenciainfra.com\/blog\/wp-json\/wp\/v2\/categories?post=9390"},{"taxonomy":"post_tag","embeddable":true,"href":"https:\/\/agenciainfra.com\/blog\/wp-json\/wp\/v2\/tags?post=9390"}],"curies":[{"name":"wp","href":"https:\/\/api.w.org\/{rel}","templated":true}]}}