{"id":9422,"date":"2022-01-31T10:00:00","date_gmt":"2022-01-31T13:00:00","guid":{"rendered":"https:\/\/www.agenciainfra.com\/blog\/?p=9422"},"modified":"2022-01-31T09:04:14","modified_gmt":"2022-01-31T12:04:14","slug":"satelites-de-orbita-baixa-devem-revolucionar-infraestrutura-de-dados","status":"publish","type":"post","link":"https:\/\/agenciainfra.com\/blog\/satelites-de-orbita-baixa-devem-revolucionar-infraestrutura-de-dados\/","title":{"rendered":"&#8220;Sat\u00e9lites de \u00f3rbita baixa devem revolucionar infraestrutura de dados&#8221;"},"content":{"rendered":"\n<p class=\"has-text-align-right\"><strong>Luiz Ugeda*<\/strong><\/p>\n\n\n\n<p><em>Marcelo Leite, da Sencinet, acredita que, em poucos anos, redu\u00e7\u00e3o de custos ir\u00e1 massificar internet de alta velocidade.<\/em><\/p>\n\n\n\n<p>Diretor de Portf\u00f3lio e Estrat\u00e9gia da empresa de tecnologia Sencinet, que usa sat\u00e9lites para implantar redes de comunica\u00e7\u00e3o, Marcelo Leite acredita que estamos perto de ver os sat\u00e9lites de \u00f3rbita baixa (LEO, na sigla em ingl\u00eas \u2013 <em>low Earth orbit<\/em>) massificarem o uso da internet de alta velocidade, e que a redu\u00e7\u00e3o de custos das antenas (hoje, o maior entre os equipamentos de terra) ser\u00e1 fundamental para isso: \u201cEsta redu\u00e7\u00e3o deve demorar poucos anos para acontecer e poder massificar o uso deste servi\u00e7o\u201d. Em entrevista ao Geocracia, Leite, que tem mais de 20 anos de experi\u00eancia no mercado de telecomunica\u00e7\u00f5es, mostra-se otimista em rela\u00e7\u00e3o \u00e0 ind\u00fastria aeroespacial brasileira e comenta declara\u00e7\u00e3o em artigo recente, quando chamou de \u201cbal\u00e3o de ensaio\u201d o an\u00fancio de uma parceria entre a Starlink de Elon Musk e o governo brasileiro para usar LEOs e levar Internet a zonas remotas, como a Amaz\u00f4nia. S\u00f3 na sexta feira (28), A Anatel (Ag\u00eancia Nacional de Telecomunica\u00e7\u00f5es) deu aval aos pedidos da Starlink e da Swarm para operar LEOs no Brasil.<\/p>\n\n\n\n<p><strong>Essa n\u00e3o era para ser uma boa not\u00edcia?<\/strong><\/p>\n\n\n\n<p>Referi-me a um bal\u00e3o de ensaio porque a not\u00edcia atraiu a aten\u00e7\u00e3o da m\u00eddia, alavancada pela popularidade de Elon Musk e pela expectativa da chegada da Starlink. Apesar de demonstrar uma inten\u00e7\u00e3o muito boa e que beneficiaria as \u00e1reas mais remotas do Brasil, ao levar internet de mais alta capacidade, esse an\u00fancio n\u00e3o resultou em nenhuma a\u00e7\u00e3o concreta. Nenhum acordo foi assinado e nem mesmo a outorga para que Starlink possa prestar servi\u00e7os no Brasil tinha sido concedida, fato que aconteceu agora nesta sexta-feira. Esta licen\u00e7a permite que que a Starlink comece sua opera\u00e7\u00e3o comercial no pa\u00eds. O ideal seria que o governo brasileiro fosse o primeiro cliente, desenvolvendo programas sociais. Espero que a\u00e7\u00f5es nesse sentido sejam anunciadas em breve.<\/p>\n\n\n\n<p><strong>Como voc\u00ea v\u00ea o papel da Anatel nessa aprova\u00e7\u00e3o?<\/strong><\/p>\n\n\n\n<p>Como \u00f3rg\u00e3o regulador e que precisa zelar pela qualidade do servi\u00e7o, isonomia e competividade no setor de telecomunica\u00e7\u00f5es, a Anatel est\u00e1 diante de um grande desafio. A tecnologia dos LEOs \u00e9 muito recente e inovadora e apresenta caracter\u00edsticas e recursos diferentes dos sat\u00e9lites tradicionais. No caso de frotas do porte da Starlink , a Anatel precisa analisar crit\u00e9rios e condi\u00e7\u00f5es para permitir a coexist\u00eancia harmoniosa de outras frotas de sat\u00e9lite que venham a se estabelecer e operar no Brasil no futuro. Em sendo o primeiro processo de an\u00e1lise de frotas desse porte, \u00e9 natural que seja mais lento, pois parte dessa an\u00e1lise est\u00e1 sendo feita pela primeira vez. Um fato que corrobora que esses crit\u00e9rios e condi\u00e7\u00f5es ainda n\u00e3o est\u00e3o bem claros e definidos \u00e9 que a licen\u00e7a de opera\u00e7\u00e3o da Starlink \u00e9 v\u00e1lida at\u00e9 2027, per\u00edodo em que ser\u00e1 novamente avaliada. Com um prazo mais curto, a Anatel espera poder revisar pontos que n\u00e3o tenham sido considerados nesta an\u00e1lise de agora.<\/p>\n\n\n\n<p><strong>Quais as vantagens dos LEOs, como os fornecidos pela Starlink e Oneweb?<\/strong><\/p>\n\n\n\n<p>As grandes vantagens dos LEOs s\u00e3o a baixa lat\u00eancia e a alta capacidade que eles podem entregar. Esses sat\u00e9lites v\u00e3o orbitar a terra numa altitude entre 500 e 2.000 quil\u00f4metros e permitem utilizar dispositivos menores e mais baratos, o que tamb\u00e9m vai simplificar e facilitar as instala\u00e7\u00e3o dos equipamentos em terra.<\/p>\n\n\n\n<p><strong>Quais as dificuldades das operadoras de telecomunica\u00e7\u00f5es para oferecer esse servi\u00e7o em \u00e1reas remotas a um pre\u00e7o acess\u00edvel com viabilidade comercial?<\/strong><\/p>\n\n\n\n<p>Historicamente, a comunica\u00e7\u00e3o via sat\u00e9lite apresenta um custo superior ao de uma conex\u00e3o terrestre. Isso se deve ao alto investimento para se desenvolver e lan\u00e7ar um sat\u00e9lite, sendo que os sat\u00e9lites t\u00eam uma capacidade de transmiss\u00e3o definida no seu desenho, e as empresas propriet\u00e1rias buscam remunerar seu investimento vendendo essa capacidade. Nos \u00faltimos anos, o desenvolvimento de novas tecnologias vem aumentado a capacidade de transmiss\u00e3o dos sat\u00e9lites, consequentemente reduzindo o custo do Mbps e baixando drasticamente a diferen\u00e7a de custo comparado com servi\u00e7os terrestres. Hoje, temos os sat\u00e9lites de alta capacidade (HTS \u2013 <em>high throughput satellites<\/em>) que j\u00e1 conseguem conectar em altas velocidades e com pre\u00e7os bastante interessantes. Os sat\u00e9lites de baixa \u00f3rbita prometem fechar esse gap e equiparar velocidades e custos ao servi\u00e7os terrestres.<\/p>\n\n\n\n<p><strong>Os mais otimistas dizem que os LEOs podem ser a solu\u00e7\u00e3o de internet de alta qualidade para o planeta inteiro. Acha que isso estaria ainda muito longe?<\/strong><\/p>\n\n\n\n<p>Isso \u00e9 realmente o que esperamos que aconte\u00e7a nos pr\u00f3ximos anos. Os sat\u00e9lites j\u00e1 s\u00e3o uma realidade. Starlink e OneWeb s\u00e3o as frotas mais populares, mas h\u00e1 diversas outras frotas de LEOs sendo lan\u00e7adas para opera\u00e7\u00e3o em nichos de mercado. Com isso, o volume de novos terminais produzidos nos pr\u00f3ximos anos deve crescer em altas taxas, e a produ\u00e7\u00e3o ser grande o suficiente para reduzir o custo das antenas, que hoje s\u00e3o o principal ofensor do custo dos equipamentos de terra. Essa redu\u00e7\u00e3o deve demorar poucos anos para acontecer e poder massificar o uso desse servi\u00e7o.<\/p>\n\n\n\n<p><strong>Alguns especialistas afirmam que, mesmo com trunfos importantes, como a Base de Alc\u00e2ntara, pr\u00f3xima \u00e0 linha do Equador, o Brasil estaria deixando de aproveitar o boom da Era dos Dados e da corrida espacial por falta de regula\u00e7\u00e3o e sugerem que um hub de tecnologia aeroespacial poderia ser criado no entorno de Alc\u00e2ntara para promover as startups tecnol\u00f3gicas brasileiras. Est\u00e1 faltando apoio a um setor estrat\u00e9gico para a economia do s\u00e9culo 21?<\/strong><\/p>\n\n\n\n<p>Entendo que n\u00e3o h\u00e1 problema de regula\u00e7\u00e3o nesta \u00e1rea. A Ag\u00eancia Espacial Brasileira anunciou no come\u00e7o do ano uma s\u00e9rie de a\u00e7\u00f5es para acelerar o programa de desenvolvimento para a Base de Alc\u00e2ntara, mas isso vai levar algum tempo para trazer benef\u00edcios e habilitar a base para ser comercialmente vi\u00e1vel. A boa not\u00edcia \u00e9 que temos um boom de lan\u00e7amentos de sat\u00e9lites com a chegada das frotas de sat\u00e9lites de baixa \u00f3rbita. A Base de Alc\u00e2ntara n\u00e3o vai estar preparada para a primeira onda de lan\u00e7amentos, mas, como esses sat\u00e9lite t\u00eam vida mais curta e demandam constante reposi\u00e7\u00e3o, ela pode vir a ser competitiva para as os lan\u00e7amentos futuros.<\/p>\n\n\n\n<p class=\"has-small-font-size\"><strong>*Luiz Ugeda \u00e9 advogado e ge\u00f3grafo, p\u00f3s-doutor em Direito (UFMG), doutor em Geografia (UnB) e fundador do <a rel=\"noreferrer noopener\" href=\"http:\/\/www.geocracia.com\" data-type=\"URL\" data-id=\"www.geocracia.com\" target=\"_blank\">Geocracia<\/a>.<\/strong><\/p>\n\n\n\n<p><strong>As opini\u00f5es dos autores n\u00e3o refletem necessariamente o pensamento da Ag\u00eancia iNFRA, sendo de total responsabilidade do autor as informa\u00e7\u00f5es, ju\u00edzos de valor e conceitos descritos no texto.<\/strong><\/p>\n","protected":false},"excerpt":{"rendered":"<p>Luiz Ugeda* Marcelo Leite, da Sencinet, acredita que, em poucos anos, redu\u00e7\u00e3o de custos ir\u00e1 massificar internet de alta velocidade. Diretor de Portf\u00f3lio e Estrat\u00e9gia da empresa de tecnologia Sencinet, que usa sat\u00e9lites para implantar redes de comunica\u00e7\u00e3o, Marcelo Leite acredita que estamos perto de ver os sat\u00e9lites de \u00f3rbita baixa (LEO, na sigla em [&hellip;]<\/p>\n","protected":false},"author":9,"featured_media":9423,"comment_status":"closed","ping_status":"closed","sticky":false,"template":"","format":"standard","meta":{"_monsterinsights_skip_tracking":false,"_monsterinsights_sitenote_active":false,"_monsterinsights_sitenote_note":"","_monsterinsights_sitenote_category":0,"footnotes":""},"categories":[1],"tags":[2234,2387,5215,4986,2641,5214,5213,5216,2639],"class_list":["post-9422","post","type-post","status-publish","format-standard","has-post-thumbnail","hentry","category-geral","tag-anatel","tag-base-de-alcantara","tag-elon-musk","tag-infraestrutura-de-dados","tag-internet","tag-low-earth-orbit","tag-satelites-de-orbita-baixa","tag-starlink","tag-telecomunicacoes"],"yoast_head":"<!-- This site is optimized with the Yoast SEO Premium plugin v25.4 (Yoast SEO v26.0) - https:\/\/yoast.com\/wordpress\/plugins\/seo\/ -->\n<title>&quot;Sat\u00e9lites de \u00f3rbita baixa devem revolucionar infraestrutura de dados&quot; - Ag\u00eancia iNFRA<\/title>\n<meta name=\"robots\" content=\"index, follow, max-snippet:-1, max-image-preview:large, max-video-preview:-1\" \/>\n<link rel=\"canonical\" href=\"https:\/\/agenciainfra.com\/blog\/satelites-de-orbita-baixa-devem-revolucionar-infraestrutura-de-dados\/\" \/>\n<meta property=\"og:locale\" content=\"pt_BR\" \/>\n<meta property=\"og:type\" content=\"article\" \/>\n<meta property=\"og:title\" content=\"&quot;Sat\u00e9lites de \u00f3rbita baixa devem revolucionar infraestrutura de dados&quot;\" \/>\n<meta property=\"og:description\" content=\"Luiz Ugeda* Marcelo Leite, da Sencinet, acredita que, em poucos anos, redu\u00e7\u00e3o de custos ir\u00e1 massificar internet de alta velocidade. Diretor de Portf\u00f3lio e Estrat\u00e9gia da empresa de tecnologia Sencinet, que usa sat\u00e9lites para implantar redes de comunica\u00e7\u00e3o, Marcelo Leite acredita que estamos perto de ver os sat\u00e9lites de \u00f3rbita baixa (LEO, na sigla em [&hellip;]\" \/>\n<meta property=\"og:url\" content=\"https:\/\/agenciainfra.com\/blog\/satelites-de-orbita-baixa-devem-revolucionar-infraestrutura-de-dados\/\" \/>\n<meta property=\"og:site_name\" content=\"Ag\u00eancia iNFRA\" \/>\n<meta property=\"article:publisher\" content=\"https:\/\/www.facebook.com\/ageninfra\" \/>\n<meta property=\"article:published_time\" content=\"2022-01-31T13:00:00+00:00\" \/>\n<meta property=\"og:image\" content=\"https:\/\/agenciainfra.com\/blog\/wp-content\/uploads\/2022\/01\/fabio-faria-elon-musk-foto-cleverson-oliveira-min-comunicacoes.png\" \/>\n\t<meta property=\"og:image:width\" content=\"1280\" \/>\n\t<meta property=\"og:image:height\" content=\"853\" \/>\n\t<meta property=\"og:image:type\" content=\"image\/png\" \/>\n<meta name=\"author\" content=\"Rodrigo Zuquim\" \/>\n<meta name=\"twitter:card\" content=\"summary_large_image\" \/>\n<meta name=\"twitter:creator\" content=\"@agencia_infra\" \/>\n<meta name=\"twitter:site\" content=\"@agencia_infra\" \/>\n<meta name=\"twitter:label1\" content=\"Escrito por\" \/>\n\t<meta name=\"twitter:data1\" content=\"Rodrigo Zuquim\" \/>\n\t<meta name=\"twitter:label2\" content=\"Est. tempo de leitura\" \/>\n\t<meta name=\"twitter:data2\" content=\"6 minutos\" \/>\n<script type=\"application\/ld+json\" class=\"yoast-schema-graph\">{\"@context\":\"https:\/\/schema.org\",\"@graph\":[{\"@type\":\"Article\",\"@id\":\"https:\/\/agenciainfra.com\/blog\/satelites-de-orbita-baixa-devem-revolucionar-infraestrutura-de-dados\/#article\",\"isPartOf\":{\"@id\":\"https:\/\/agenciainfra.com\/blog\/satelites-de-orbita-baixa-devem-revolucionar-infraestrutura-de-dados\/\"},\"author\":{\"name\":\"Rodrigo Zuquim\",\"@id\":\"https:\/\/agenciainfra.com\/blog\/#\/schema\/person\/04dbb79bd6d8951f063da71f3e4c1eb1\"},\"headline\":\"&#8220;Sat\u00e9lites de \u00f3rbita baixa devem revolucionar infraestrutura de dados&#8221;\",\"datePublished\":\"2022-01-31T13:00:00+00:00\",\"mainEntityOfPage\":{\"@id\":\"https:\/\/agenciainfra.com\/blog\/satelites-de-orbita-baixa-devem-revolucionar-infraestrutura-de-dados\/\"},\"wordCount\":1174,\"publisher\":{\"@id\":\"https:\/\/agenciainfra.com\/blog\/#organization\"},\"image\":{\"@id\":\"https:\/\/agenciainfra.com\/blog\/satelites-de-orbita-baixa-devem-revolucionar-infraestrutura-de-dados\/#primaryimage\"},\"thumbnailUrl\":\"https:\/\/agenciainfra.com\/blog\/wp-content\/uploads\/2022\/01\/fabio-faria-elon-musk-foto-cleverson-oliveira-min-comunicacoes.png\",\"keywords\":[\"Anatel\",\"Base de Alc\u00e2ntara\",\"Elon Musk\",\"infraestrutura de dados\",\"internet\",\"low Earth orbit\",\"sat\u00e9lites de \u00f3rbita baixa\",\"Starlink\",\"telecomunica\u00e7\u00f5es\"],\"articleSection\":[\"Geral\"],\"inLanguage\":\"pt-BR\",\"copyrightYear\":\"2022\",\"copyrightHolder\":{\"@id\":\"https:\/\/agenciainfra.com\/blog\/#organization\"}},{\"@type\":\"WebPage\",\"@id\":\"https:\/\/agenciainfra.com\/blog\/satelites-de-orbita-baixa-devem-revolucionar-infraestrutura-de-dados\/\",\"url\":\"https:\/\/agenciainfra.com\/blog\/satelites-de-orbita-baixa-devem-revolucionar-infraestrutura-de-dados\/\",\"name\":\"\\\"Sat\u00e9lites de \u00f3rbita baixa devem revolucionar infraestrutura de dados\\\" - Ag\u00eancia iNFRA\",\"isPartOf\":{\"@id\":\"https:\/\/agenciainfra.com\/blog\/#website\"},\"primaryImageOfPage\":{\"@id\":\"https:\/\/agenciainfra.com\/blog\/satelites-de-orbita-baixa-devem-revolucionar-infraestrutura-de-dados\/#primaryimage\"},\"image\":{\"@id\":\"https:\/\/agenciainfra.com\/blog\/satelites-de-orbita-baixa-devem-revolucionar-infraestrutura-de-dados\/#primaryimage\"},\"thumbnailUrl\":\"https:\/\/agenciainfra.com\/blog\/wp-content\/uploads\/2022\/01\/fabio-faria-elon-musk-foto-cleverson-oliveira-min-comunicacoes.png\",\"datePublished\":\"2022-01-31T13:00:00+00:00\",\"breadcrumb\":{\"@id\":\"https:\/\/agenciainfra.com\/blog\/satelites-de-orbita-baixa-devem-revolucionar-infraestrutura-de-dados\/#breadcrumb\"},\"inLanguage\":\"pt-BR\",\"potentialAction\":[{\"@type\":\"ReadAction\",\"target\":[\"https:\/\/agenciainfra.com\/blog\/satelites-de-orbita-baixa-devem-revolucionar-infraestrutura-de-dados\/\"]}]},{\"@type\":\"ImageObject\",\"inLanguage\":\"pt-BR\",\"@id\":\"https:\/\/agenciainfra.com\/blog\/satelites-de-orbita-baixa-devem-revolucionar-infraestrutura-de-dados\/#primaryimage\",\"url\":\"https:\/\/agenciainfra.com\/blog\/wp-content\/uploads\/2022\/01\/fabio-faria-elon-musk-foto-cleverson-oliveira-min-comunicacoes.png\",\"contentUrl\":\"https:\/\/agenciainfra.com\/blog\/wp-content\/uploads\/2022\/01\/fabio-faria-elon-musk-foto-cleverson-oliveira-min-comunicacoes.png\",\"width\":1280,\"height\":853},{\"@type\":\"BreadcrumbList\",\"@id\":\"https:\/\/agenciainfra.com\/blog\/satelites-de-orbita-baixa-devem-revolucionar-infraestrutura-de-dados\/#breadcrumb\",\"itemListElement\":[{\"@type\":\"ListItem\",\"position\":1,\"name\":\"In\u00edcio\",\"item\":\"https:\/\/agenciainfra.com\/blog\/\"},{\"@type\":\"ListItem\",\"position\":2,\"name\":\"&#8220;Sat\u00e9lites de \u00f3rbita baixa devem revolucionar infraestrutura de dados&#8221;\"}]},{\"@type\":\"WebSite\",\"@id\":\"https:\/\/agenciainfra.com\/blog\/#website\",\"url\":\"https:\/\/agenciainfra.com\/blog\/\",\"name\":\"Ag\u00eancia iNFRA\",\"description\":\"Multiplataforma de informa\u00e7\u00e3o jornal\u00edstica refer\u00eancia na \u00e1rea de infraestrutura no Brasil!\",\"publisher\":{\"@id\":\"https:\/\/agenciainfra.com\/blog\/#organization\"},\"potentialAction\":[{\"@type\":\"SearchAction\",\"target\":{\"@type\":\"EntryPoint\",\"urlTemplate\":\"https:\/\/agenciainfra.com\/blog\/?s={search_term_string}\"},\"query-input\":{\"@type\":\"PropertyValueSpecification\",\"valueRequired\":true,\"valueName\":\"search_term_string\"}}],\"inLanguage\":\"pt-BR\"},{\"@type\":\"Organization\",\"@id\":\"https:\/\/agenciainfra.com\/blog\/#organization\",\"name\":\"Ag\u00eancia iNFRA\",\"url\":\"https:\/\/agenciainfra.com\/blog\/\",\"logo\":{\"@type\":\"ImageObject\",\"inLanguage\":\"pt-BR\",\"@id\":\"https:\/\/agenciainfra.com\/blog\/#\/schema\/logo\/image\/\",\"url\":\"https:\/\/agenciainfra.com\/blog\/wp-content\/uploads\/2023\/09\/iNFRA_5-e1761735885940.png\",\"contentUrl\":\"https:\/\/agenciainfra.com\/blog\/wp-content\/uploads\/2023\/09\/iNFRA_5-e1761735885940.png\",\"width\":1672,\"height\":454,\"caption\":\"Ag\u00eancia iNFRA\"},\"image\":{\"@id\":\"https:\/\/agenciainfra.com\/blog\/#\/schema\/logo\/image\/\"},\"sameAs\":[\"https:\/\/www.facebook.com\/ageninfra\",\"https:\/\/x.com\/agencia_infra\",\"https:\/\/www.linkedin.com\/company\/ag\u00eanciainfra\/\",\"https:\/\/www.instagram.com\/agenciainfra\/\"]},{\"@type\":\"Person\",\"@id\":\"https:\/\/agenciainfra.com\/blog\/#\/schema\/person\/04dbb79bd6d8951f063da71f3e4c1eb1\",\"name\":\"Rodrigo Zuquim\",\"image\":{\"@type\":\"ImageObject\",\"inLanguage\":\"pt-BR\",\"@id\":\"https:\/\/agenciainfra.com\/blog\/#\/schema\/person\/image\/\",\"url\":\"https:\/\/secure.gravatar.com\/avatar\/594abfe82761d620726242ff34ca472a705a4b97f16c790053a6b4c4035274d0?s=96&d=mm&r=g\",\"contentUrl\":\"https:\/\/secure.gravatar.com\/avatar\/594abfe82761d620726242ff34ca472a705a4b97f16c790053a6b4c4035274d0?s=96&d=mm&r=g\",\"caption\":\"Rodrigo Zuquim\"},\"url\":\"https:\/\/agenciainfra.com\/blog\/author\/rodrigo-zuquim\/\"}]}<\/script>\n<!-- \/ Yoast SEO Premium plugin. -->","yoast_head_json":{"title":"\"Sat\u00e9lites de \u00f3rbita baixa devem revolucionar infraestrutura de dados\" - Ag\u00eancia iNFRA","robots":{"index":"index","follow":"follow","max-snippet":"max-snippet:-1","max-image-preview":"max-image-preview:large","max-video-preview":"max-video-preview:-1"},"canonical":"https:\/\/agenciainfra.com\/blog\/satelites-de-orbita-baixa-devem-revolucionar-infraestrutura-de-dados\/","og_locale":"pt_BR","og_type":"article","og_title":"\"Sat\u00e9lites de \u00f3rbita baixa devem revolucionar infraestrutura de dados\"","og_description":"Luiz Ugeda* Marcelo Leite, da Sencinet, acredita que, em poucos anos, redu\u00e7\u00e3o de custos ir\u00e1 massificar internet de alta velocidade. Diretor de Portf\u00f3lio e Estrat\u00e9gia da empresa de tecnologia Sencinet, que usa sat\u00e9lites para implantar redes de comunica\u00e7\u00e3o, Marcelo Leite acredita que estamos perto de ver os sat\u00e9lites de \u00f3rbita baixa (LEO, na sigla em [&hellip;]","og_url":"https:\/\/agenciainfra.com\/blog\/satelites-de-orbita-baixa-devem-revolucionar-infraestrutura-de-dados\/","og_site_name":"Ag\u00eancia iNFRA","article_publisher":"https:\/\/www.facebook.com\/ageninfra","article_published_time":"2022-01-31T13:00:00+00:00","og_image":[{"width":1280,"height":853,"url":"https:\/\/agenciainfra.com\/blog\/wp-content\/uploads\/2022\/01\/fabio-faria-elon-musk-foto-cleverson-oliveira-min-comunicacoes.png","type":"image\/png"}],"author":"Rodrigo Zuquim","twitter_card":"summary_large_image","twitter_creator":"@agencia_infra","twitter_site":"@agencia_infra","twitter_misc":{"Escrito por":"Rodrigo Zuquim","Est. tempo de leitura":"6 minutos"},"schema":{"@context":"https:\/\/schema.org","@graph":[{"@type":"Article","@id":"https:\/\/agenciainfra.com\/blog\/satelites-de-orbita-baixa-devem-revolucionar-infraestrutura-de-dados\/#article","isPartOf":{"@id":"https:\/\/agenciainfra.com\/blog\/satelites-de-orbita-baixa-devem-revolucionar-infraestrutura-de-dados\/"},"author":{"name":"Rodrigo Zuquim","@id":"https:\/\/agenciainfra.com\/blog\/#\/schema\/person\/04dbb79bd6d8951f063da71f3e4c1eb1"},"headline":"&#8220;Sat\u00e9lites de \u00f3rbita baixa devem revolucionar infraestrutura de dados&#8221;","datePublished":"2022-01-31T13:00:00+00:00","mainEntityOfPage":{"@id":"https:\/\/agenciainfra.com\/blog\/satelites-de-orbita-baixa-devem-revolucionar-infraestrutura-de-dados\/"},"wordCount":1174,"publisher":{"@id":"https:\/\/agenciainfra.com\/blog\/#organization"},"image":{"@id":"https:\/\/agenciainfra.com\/blog\/satelites-de-orbita-baixa-devem-revolucionar-infraestrutura-de-dados\/#primaryimage"},"thumbnailUrl":"https:\/\/agenciainfra.com\/blog\/wp-content\/uploads\/2022\/01\/fabio-faria-elon-musk-foto-cleverson-oliveira-min-comunicacoes.png","keywords":["Anatel","Base de Alc\u00e2ntara","Elon Musk","infraestrutura de dados","internet","low Earth orbit","sat\u00e9lites de \u00f3rbita baixa","Starlink","telecomunica\u00e7\u00f5es"],"articleSection":["Geral"],"inLanguage":"pt-BR","copyrightYear":"2022","copyrightHolder":{"@id":"https:\/\/agenciainfra.com\/blog\/#organization"}},{"@type":"WebPage","@id":"https:\/\/agenciainfra.com\/blog\/satelites-de-orbita-baixa-devem-revolucionar-infraestrutura-de-dados\/","url":"https:\/\/agenciainfra.com\/blog\/satelites-de-orbita-baixa-devem-revolucionar-infraestrutura-de-dados\/","name":"\"Sat\u00e9lites de \u00f3rbita baixa devem revolucionar infraestrutura de dados\" - Ag\u00eancia iNFRA","isPartOf":{"@id":"https:\/\/agenciainfra.com\/blog\/#website"},"primaryImageOfPage":{"@id":"https:\/\/agenciainfra.com\/blog\/satelites-de-orbita-baixa-devem-revolucionar-infraestrutura-de-dados\/#primaryimage"},"image":{"@id":"https:\/\/agenciainfra.com\/blog\/satelites-de-orbita-baixa-devem-revolucionar-infraestrutura-de-dados\/#primaryimage"},"thumbnailUrl":"https:\/\/agenciainfra.com\/blog\/wp-content\/uploads\/2022\/01\/fabio-faria-elon-musk-foto-cleverson-oliveira-min-comunicacoes.png","datePublished":"2022-01-31T13:00:00+00:00","breadcrumb":{"@id":"https:\/\/agenciainfra.com\/blog\/satelites-de-orbita-baixa-devem-revolucionar-infraestrutura-de-dados\/#breadcrumb"},"inLanguage":"pt-BR","potentialAction":[{"@type":"ReadAction","target":["https:\/\/agenciainfra.com\/blog\/satelites-de-orbita-baixa-devem-revolucionar-infraestrutura-de-dados\/"]}]},{"@type":"ImageObject","inLanguage":"pt-BR","@id":"https:\/\/agenciainfra.com\/blog\/satelites-de-orbita-baixa-devem-revolucionar-infraestrutura-de-dados\/#primaryimage","url":"https:\/\/agenciainfra.com\/blog\/wp-content\/uploads\/2022\/01\/fabio-faria-elon-musk-foto-cleverson-oliveira-min-comunicacoes.png","contentUrl":"https:\/\/agenciainfra.com\/blog\/wp-content\/uploads\/2022\/01\/fabio-faria-elon-musk-foto-cleverson-oliveira-min-comunicacoes.png","width":1280,"height":853},{"@type":"BreadcrumbList","@id":"https:\/\/agenciainfra.com\/blog\/satelites-de-orbita-baixa-devem-revolucionar-infraestrutura-de-dados\/#breadcrumb","itemListElement":[{"@type":"ListItem","position":1,"name":"In\u00edcio","item":"https:\/\/agenciainfra.com\/blog\/"},{"@type":"ListItem","position":2,"name":"&#8220;Sat\u00e9lites de \u00f3rbita baixa devem revolucionar infraestrutura de dados&#8221;"}]},{"@type":"WebSite","@id":"https:\/\/agenciainfra.com\/blog\/#website","url":"https:\/\/agenciainfra.com\/blog\/","name":"Ag\u00eancia iNFRA","description":"Multiplataforma de informa\u00e7\u00e3o jornal\u00edstica refer\u00eancia na \u00e1rea de infraestrutura no Brasil!","publisher":{"@id":"https:\/\/agenciainfra.com\/blog\/#organization"},"potentialAction":[{"@type":"SearchAction","target":{"@type":"EntryPoint","urlTemplate":"https:\/\/agenciainfra.com\/blog\/?s={search_term_string}"},"query-input":{"@type":"PropertyValueSpecification","valueRequired":true,"valueName":"search_term_string"}}],"inLanguage":"pt-BR"},{"@type":"Organization","@id":"https:\/\/agenciainfra.com\/blog\/#organization","name":"Ag\u00eancia iNFRA","url":"https:\/\/agenciainfra.com\/blog\/","logo":{"@type":"ImageObject","inLanguage":"pt-BR","@id":"https:\/\/agenciainfra.com\/blog\/#\/schema\/logo\/image\/","url":"https:\/\/agenciainfra.com\/blog\/wp-content\/uploads\/2023\/09\/iNFRA_5-e1761735885940.png","contentUrl":"https:\/\/agenciainfra.com\/blog\/wp-content\/uploads\/2023\/09\/iNFRA_5-e1761735885940.png","width":1672,"height":454,"caption":"Ag\u00eancia iNFRA"},"image":{"@id":"https:\/\/agenciainfra.com\/blog\/#\/schema\/logo\/image\/"},"sameAs":["https:\/\/www.facebook.com\/ageninfra","https:\/\/x.com\/agencia_infra","https:\/\/www.linkedin.com\/company\/ag\u00eanciainfra\/","https:\/\/www.instagram.com\/agenciainfra\/"]},{"@type":"Person","@id":"https:\/\/agenciainfra.com\/blog\/#\/schema\/person\/04dbb79bd6d8951f063da71f3e4c1eb1","name":"Rodrigo Zuquim","image":{"@type":"ImageObject","inLanguage":"pt-BR","@id":"https:\/\/agenciainfra.com\/blog\/#\/schema\/person\/image\/","url":"https:\/\/secure.gravatar.com\/avatar\/594abfe82761d620726242ff34ca472a705a4b97f16c790053a6b4c4035274d0?s=96&d=mm&r=g","contentUrl":"https:\/\/secure.gravatar.com\/avatar\/594abfe82761d620726242ff34ca472a705a4b97f16c790053a6b4c4035274d0?s=96&d=mm&r=g","caption":"Rodrigo Zuquim"},"url":"https:\/\/agenciainfra.com\/blog\/author\/rodrigo-zuquim\/"}]}},"_links":{"self":[{"href":"https:\/\/agenciainfra.com\/blog\/wp-json\/wp\/v2\/posts\/9422","targetHints":{"allow":["GET"]}}],"collection":[{"href":"https:\/\/agenciainfra.com\/blog\/wp-json\/wp\/v2\/posts"}],"about":[{"href":"https:\/\/agenciainfra.com\/blog\/wp-json\/wp\/v2\/types\/post"}],"author":[{"embeddable":true,"href":"https:\/\/agenciainfra.com\/blog\/wp-json\/wp\/v2\/users\/9"}],"replies":[{"embeddable":true,"href":"https:\/\/agenciainfra.com\/blog\/wp-json\/wp\/v2\/comments?post=9422"}],"version-history":[{"count":0,"href":"https:\/\/agenciainfra.com\/blog\/wp-json\/wp\/v2\/posts\/9422\/revisions"}],"wp:featuredmedia":[{"embeddable":true,"href":"https:\/\/agenciainfra.com\/blog\/wp-json\/wp\/v2\/media\/9423"}],"wp:attachment":[{"href":"https:\/\/agenciainfra.com\/blog\/wp-json\/wp\/v2\/media?parent=9422"}],"wp:term":[{"taxonomy":"category","embeddable":true,"href":"https:\/\/agenciainfra.com\/blog\/wp-json\/wp\/v2\/categories?post=9422"},{"taxonomy":"post_tag","embeddable":true,"href":"https:\/\/agenciainfra.com\/blog\/wp-json\/wp\/v2\/tags?post=9422"}],"curies":[{"name":"wp","href":"https:\/\/api.w.org\/{rel}","templated":true}]}}