{"id":9427,"date":"2022-02-02T08:00:00","date_gmt":"2022-02-02T11:00:00","guid":{"rendered":"https:\/\/www.agenciainfra.com\/blog\/?p=9427"},"modified":"2022-01-31T11:32:43","modified_gmt":"2022-01-31T14:32:43","slug":"ja-tem-gente-batendo-na-porta-para-usar-o-br-do-mar-diz-secretario-de-portos","status":"publish","type":"post","link":"https:\/\/agenciainfra.com\/blog\/ja-tem-gente-batendo-na-porta-para-usar-o-br-do-mar-diz-secretario-de-portos\/","title":{"rendered":"&#8220;J\u00e1 tem gente batendo na porta para usar o BR do Mar&#8221;, diz secret\u00e1rio de Portos"},"content":{"rendered":"\n<p class=\"has-text-align-right\"><strong>Dimmi Amora, da\u00a0Ag\u00eancia iNFRA<\/strong><\/p>\n\n\n\n<p>Empresas j\u00e1 est\u00e3o procurando o Minist\u00e9rio da Infraestrutura para solicitar a ades\u00e3o ao Programa BR do Mar, dentro da modalidade que permite o afretamento a tempo de embarca\u00e7\u00f5es de bandeira estrangeira. Foi o que afirmou o secret\u00e1rio nacional de Portos e Transportes Aquavi\u00e1rios do Minist\u00e9rio da Infraestrutura, Diogo Piloni.<\/p>\n\n\n\n<p>\u201cJ\u00e1 tem gente batendo na porta. Querendo se utilizar dos novos mecanismos de afretamento a tempo com base em lastro em embarca\u00e7\u00e3o\u201d, disse o secret\u00e1rio \u00e0&nbsp;<strong>Ag\u00eancia iNFRA<\/strong>. \u201cIsso desmistifica a conversa fiada que foi dita ao longo do processo, \u2018do jeito que t\u00e1, ningu\u00e9m vai querer [o BR do Mar], baseado em lastro\u2019. J\u00e1 temos procura efetiva, mas n\u00e3o podemos revelar a estrat\u00e9gia de cada uma\u201d.<\/p>\n\n\n\n<p>O afretamento a tempo de embarca\u00e7\u00e3o estrangeira baseada em lastro pode ser feito por empresas que j\u00e1 t\u00eam alguma embarca\u00e7\u00e3o no Brasil, de acordo com as regras aprovadas na lei que instituiu o BR do Mar. O benef\u00edcio dessa modalidade \u00e9 que a empresa poder\u00e1 ter embarca\u00e7\u00e3o estrangeira no Brasil operando com custos estrangeiros, ou seja, sem os custos de colocar a bandeira nacional.<\/p>\n\n\n\n<p>Quando as empresas afretam navios estrangeiros e colocam a bandeira nacional, passam a ter que arcar com custos mais elevados de combust\u00edvel e tripula\u00e7\u00e3o, por exemplo, o que torna a opera\u00e7\u00e3o mais cara e, em geral, pouco competitiva com outros modais.<\/p>\n\n\n\n<p>Mas, apesar da aprova\u00e7\u00e3o da lei, ser\u00e1 necess\u00e1ria uma s\u00e9rie de regulamenta\u00e7\u00f5es infralegais para que possa funcionar. Segundo Piloni, a primeira que vai sair \u00e9 uma portaria para regulamentar como as empresas podem fazer os pedidos para se inscreverem nessa modalidade do programa.<\/p>\n\n\n\n<p>Pela lei aprovada, quem ganhar o benef\u00edcio ter\u00e1 que cumprir com algumas obriga\u00e7\u00f5es enquanto estiver inscrito no BR do Mar, o que s\u00f3 vai ser informado na publica\u00e7\u00e3o da portaria que o secret\u00e1rio diz que&nbsp;ser\u00e1 publicada em fevereiro.<\/p>\n\n\n\n<p>\u201cA inten\u00e7\u00e3o \u00e9 sair na primeira quinzena do m\u00eas\u201d, disse Piloni.<\/p>\n\n\n\n<p>Mas a portaria n\u00e3o \u00e9 o \u00fanico ato. \u00c9 necess\u00e1ria tamb\u00e9m a publica\u00e7\u00e3o de um decreto para regulamentar v\u00e1rios itens da legisla\u00e7\u00e3o. De acordo com o secret\u00e1rio, n\u00e3o h\u00e1 uma ordem para que um seja publicado na frente do outro. Uma minuta de decreto j\u00e1 est\u00e1 pronta, por parte da Infraestrutura, para circular entre os minist\u00e9rios.<\/p>\n\n\n\n<p><strong>EBNi<\/strong><br>Um dos itens que dever\u00e1&nbsp;ser regulamentado no decreto, segundo Piloni, \u00e9 a propor\u00e7\u00e3o. \u00c9 necess\u00e1rio definir&nbsp;que a empresa que pedir para entrar no BR do Mar poder\u00e1 afretar um certo n\u00famero de embarca\u00e7\u00f5es em rela\u00e7\u00e3o ao que ela j\u00e1 possui no Brasil.<\/p>\n\n\n\n<p>Al\u00e9m da procura por afretamento a tempo, Piloni disse que tamb\u00e9m j\u00e1 recebeu empresas interessadas em formar as chamadas EBNi (Empresa Brasileira de Navega\u00e7\u00e3o Investimentos), uma esp\u00e9cie de firma financeira que vai construir navios para depois afret\u00e1-los. Essa tamb\u00e9m foi uma novidade implementada pelo BR do Mar.<\/p>\n\n\n\n<p><strong>Mar\u00edtimos<\/strong><br>O secret\u00e1rio Piloni afirmou que, em rela\u00e7\u00e3o ao veto feito pelo governo na proposta aprovada pelo Congresso, sobre a quantidade de brasileiros que devem ser contratados em navios estrangeiros, isso n\u00e3o ser\u00e1 um problema.<\/p>\n\n\n\n<p>O Congresso aprovou a obriga\u00e7\u00e3o de se ter 2\/3 de brasileiros na tripula\u00e7\u00e3o, o que, para Piloni, tornava a regra mais r\u00edgida que a atual. Com o veto, n\u00e3o h\u00e1 nenhuma quantidade estipulada de brasileiros. Mas, segundo o secret\u00e1rio, uma outra norma, da Comiss\u00e3o Nacional de Imigra\u00e7\u00e3o, exige que haja 1\/3 de brasileiros e isso ter\u00e1 que ser cumprido.<\/p>\n\n\n\n<p>Sem o veto, segundo ele, havia o receio de que a norma deixasse o projeto sem atratividade para as empresas que querem afretar navios e trazer para o Brasil. \u201cCom o veto, isso deixa de ser um problema do ponto de vista de custo para a presta\u00e7\u00e3o dos servi\u00e7os\u201d, disse o secret\u00e1rio.<\/p>\n\n\n\n<p>Na entrevista \u00e0\u00a0<strong>Ag\u00eancia iNFRA<\/strong>, Piloni afirmou que o BR do Mar ser\u00e1 um dos maiores legados que o atual governo vai deixar para o setor de transporte mar\u00edtimo, ao acabar com a vincula\u00e7\u00e3o entre cabotagem e constru\u00e7\u00e3o naval no pa\u00eds. Leia a \u00edntegra da entrevista <a href=\"https:\/\/agenciainfra.com\/blog\/piloni-porto-de-santos-tem-r-13-bi-em-caixa-e-nao-consegue-gastar-por-burocracia\/\" data-type=\"URL\" data-id=\"https:\/\/agenciainfra.com\/blog\/piloni-porto-de-santos-tem-r-13-bi-em-caixa-e-nao-consegue-gastar-por-burocracia\/\" target=\"_blank\" rel=\"noreferrer noopener\">neste link<\/a>.<\/p>\n","protected":false},"excerpt":{"rendered":"<p>Dimmi Amora, da\u00a0Ag\u00eancia iNFRA Empresas j\u00e1 est\u00e3o procurando o Minist\u00e9rio da Infraestrutura para solicitar a ades\u00e3o ao Programa BR do Mar, dentro da modalidade que permite o afretamento a tempo de embarca\u00e7\u00f5es de bandeira estrangeira. Foi o que afirmou o secret\u00e1rio nacional de Portos e Transportes Aquavi\u00e1rios do Minist\u00e9rio da Infraestrutura, Diogo Piloni. \u201cJ\u00e1 tem [&hellip;]<\/p>\n","protected":false},"author":9,"featured_media":7552,"comment_status":"closed","ping_status":"closed","sticky":false,"template":"","format":"standard","meta":{"_monsterinsights_skip_tracking":false,"_monsterinsights_sitenote_active":false,"_monsterinsights_sitenote_note":"","_monsterinsights_sitenote_category":0,"footnotes":""},"categories":[1,7],"tags":[815,1245,407,811,34,775,106,310,3168,70],"class_list":["post-9427","post","type-post","status-publish","format-standard","has-post-thumbnail","hentry","category-geral","category-infratransporte","tag-afretamento","tag-br-do-mar","tag-cabotagem","tag-diogo-piloni","tag-infraestrutura","tag-ministerio-da-infraestrutura","tag-navegacao","tag-portos","tag-transporte-maritimo","tag-transportes"],"yoast_head":"<!-- This site is optimized with the Yoast SEO Premium plugin v25.4 (Yoast SEO v26.0) - https:\/\/yoast.com\/wordpress\/plugins\/seo\/ -->\n<title>&quot;J\u00e1 tem gente batendo na porta para usar o BR do Mar&quot;, diz secret\u00e1rio de Portos - Ag\u00eancia iNFRA<\/title>\n<meta name=\"robots\" content=\"index, follow, max-snippet:-1, max-image-preview:large, max-video-preview:-1\" \/>\n<link rel=\"canonical\" href=\"https:\/\/agenciainfra.com\/blog\/ja-tem-gente-batendo-na-porta-para-usar-o-br-do-mar-diz-secretario-de-portos\/\" \/>\n<meta property=\"og:locale\" content=\"pt_BR\" \/>\n<meta property=\"og:type\" content=\"article\" \/>\n<meta property=\"og:title\" content=\"&quot;J\u00e1 tem gente batendo na porta para usar o BR do Mar&quot;, diz secret\u00e1rio de Portos\" \/>\n<meta property=\"og:description\" content=\"Dimmi Amora, da\u00a0Ag\u00eancia iNFRA Empresas j\u00e1 est\u00e3o procurando o Minist\u00e9rio da Infraestrutura para solicitar a ades\u00e3o ao Programa BR do Mar, dentro da modalidade que permite o afretamento a tempo de embarca\u00e7\u00f5es de bandeira estrangeira. Foi o que afirmou o secret\u00e1rio nacional de Portos e Transportes Aquavi\u00e1rios do Minist\u00e9rio da Infraestrutura, Diogo Piloni. \u201cJ\u00e1 tem [&hellip;]\" \/>\n<meta property=\"og:url\" content=\"https:\/\/agenciainfra.com\/blog\/ja-tem-gente-batendo-na-porta-para-usar-o-br-do-mar-diz-secretario-de-portos\/\" \/>\n<meta property=\"og:site_name\" content=\"Ag\u00eancia iNFRA\" \/>\n<meta property=\"article:publisher\" content=\"https:\/\/www.facebook.com\/ageninfra\" \/>\n<meta property=\"article:published_time\" content=\"2022-02-02T11:00:00+00:00\" \/>\n<meta property=\"og:image\" content=\"https:\/\/agenciainfra.com\/blog\/wp-content\/uploads\/2021\/06\/navio-carga-foto-dominio-publico.jpeg\" \/>\n\t<meta property=\"og:image:width\" content=\"1280\" \/>\n\t<meta property=\"og:image:height\" content=\"853\" \/>\n\t<meta property=\"og:image:type\" content=\"image\/jpeg\" \/>\n<meta name=\"author\" content=\"Rodrigo Zuquim\" \/>\n<meta name=\"twitter:card\" content=\"summary_large_image\" \/>\n<meta name=\"twitter:creator\" content=\"@agencia_infra\" \/>\n<meta name=\"twitter:site\" content=\"@agencia_infra\" \/>\n<meta name=\"twitter:label1\" content=\"Escrito por\" \/>\n\t<meta name=\"twitter:data1\" content=\"Rodrigo Zuquim\" \/>\n\t<meta name=\"twitter:label2\" content=\"Est. tempo de leitura\" \/>\n\t<meta name=\"twitter:data2\" content=\"4 minutos\" \/>\n<script type=\"application\/ld+json\" class=\"yoast-schema-graph\">{\"@context\":\"https:\/\/schema.org\",\"@graph\":[{\"@type\":\"Article\",\"@id\":\"https:\/\/agenciainfra.com\/blog\/ja-tem-gente-batendo-na-porta-para-usar-o-br-do-mar-diz-secretario-de-portos\/#article\",\"isPartOf\":{\"@id\":\"https:\/\/agenciainfra.com\/blog\/ja-tem-gente-batendo-na-porta-para-usar-o-br-do-mar-diz-secretario-de-portos\/\"},\"author\":{\"name\":\"Rodrigo Zuquim\",\"@id\":\"https:\/\/agenciainfra.com\/blog\/#\/schema\/person\/04dbb79bd6d8951f063da71f3e4c1eb1\"},\"headline\":\"&#8220;J\u00e1 tem gente batendo na porta para usar o BR do Mar&#8221;, diz secret\u00e1rio de Portos\",\"datePublished\":\"2022-02-02T11:00:00+00:00\",\"mainEntityOfPage\":{\"@id\":\"https:\/\/agenciainfra.com\/blog\/ja-tem-gente-batendo-na-porta-para-usar-o-br-do-mar-diz-secretario-de-portos\/\"},\"wordCount\":742,\"publisher\":{\"@id\":\"https:\/\/agenciainfra.com\/blog\/#organization\"},\"image\":{\"@id\":\"https:\/\/agenciainfra.com\/blog\/ja-tem-gente-batendo-na-porta-para-usar-o-br-do-mar-diz-secretario-de-portos\/#primaryimage\"},\"thumbnailUrl\":\"https:\/\/agenciainfra.com\/blog\/wp-content\/uploads\/2021\/06\/navio-carga-foto-dominio-publico.jpeg\",\"keywords\":[\"afretamento\",\"BR do Mar\",\"cabotagem\",\"Diogo Piloni\",\"Infraestrutura\",\"Minist\u00e9rio da Infraestrutura\",\"Navega\u00e7\u00e3o\",\"portos\",\"transporte mar\u00edtimo\",\"transportes\"],\"articleSection\":[\"Geral\",\"iNFRATransporte\"],\"inLanguage\":\"pt-BR\",\"copyrightYear\":\"2022\",\"copyrightHolder\":{\"@id\":\"https:\/\/agenciainfra.com\/blog\/#organization\"}},{\"@type\":\"WebPage\",\"@id\":\"https:\/\/agenciainfra.com\/blog\/ja-tem-gente-batendo-na-porta-para-usar-o-br-do-mar-diz-secretario-de-portos\/\",\"url\":\"https:\/\/agenciainfra.com\/blog\/ja-tem-gente-batendo-na-porta-para-usar-o-br-do-mar-diz-secretario-de-portos\/\",\"name\":\"\\\"J\u00e1 tem gente batendo na porta para usar o BR do Mar\\\", diz secret\u00e1rio de Portos - Ag\u00eancia iNFRA\",\"isPartOf\":{\"@id\":\"https:\/\/agenciainfra.com\/blog\/#website\"},\"primaryImageOfPage\":{\"@id\":\"https:\/\/agenciainfra.com\/blog\/ja-tem-gente-batendo-na-porta-para-usar-o-br-do-mar-diz-secretario-de-portos\/#primaryimage\"},\"image\":{\"@id\":\"https:\/\/agenciainfra.com\/blog\/ja-tem-gente-batendo-na-porta-para-usar-o-br-do-mar-diz-secretario-de-portos\/#primaryimage\"},\"thumbnailUrl\":\"https:\/\/agenciainfra.com\/blog\/wp-content\/uploads\/2021\/06\/navio-carga-foto-dominio-publico.jpeg\",\"datePublished\":\"2022-02-02T11:00:00+00:00\",\"breadcrumb\":{\"@id\":\"https:\/\/agenciainfra.com\/blog\/ja-tem-gente-batendo-na-porta-para-usar-o-br-do-mar-diz-secretario-de-portos\/#breadcrumb\"},\"inLanguage\":\"pt-BR\",\"potentialAction\":[{\"@type\":\"ReadAction\",\"target\":[\"https:\/\/agenciainfra.com\/blog\/ja-tem-gente-batendo-na-porta-para-usar-o-br-do-mar-diz-secretario-de-portos\/\"]}]},{\"@type\":\"ImageObject\",\"inLanguage\":\"pt-BR\",\"@id\":\"https:\/\/agenciainfra.com\/blog\/ja-tem-gente-batendo-na-porta-para-usar-o-br-do-mar-diz-secretario-de-portos\/#primaryimage\",\"url\":\"https:\/\/agenciainfra.com\/blog\/wp-content\/uploads\/2021\/06\/navio-carga-foto-dominio-publico.jpeg\",\"contentUrl\":\"https:\/\/agenciainfra.com\/blog\/wp-content\/uploads\/2021\/06\/navio-carga-foto-dominio-publico.jpeg\",\"width\":1280,\"height\":853,\"caption\":\"Foto: Dom\u00ednio P\u00fablico\"},{\"@type\":\"BreadcrumbList\",\"@id\":\"https:\/\/agenciainfra.com\/blog\/ja-tem-gente-batendo-na-porta-para-usar-o-br-do-mar-diz-secretario-de-portos\/#breadcrumb\",\"itemListElement\":[{\"@type\":\"ListItem\",\"position\":1,\"name\":\"In\u00edcio\",\"item\":\"https:\/\/agenciainfra.com\/blog\/\"},{\"@type\":\"ListItem\",\"position\":2,\"name\":\"&#8220;J\u00e1 tem gente batendo na porta para usar o BR do Mar&#8221;, diz secret\u00e1rio de Portos\"}]},{\"@type\":\"WebSite\",\"@id\":\"https:\/\/agenciainfra.com\/blog\/#website\",\"url\":\"https:\/\/agenciainfra.com\/blog\/\",\"name\":\"Ag\u00eancia iNFRA\",\"description\":\"Multiplataforma de informa\u00e7\u00e3o jornal\u00edstica refer\u00eancia na \u00e1rea de infraestrutura no Brasil!\",\"publisher\":{\"@id\":\"https:\/\/agenciainfra.com\/blog\/#organization\"},\"potentialAction\":[{\"@type\":\"SearchAction\",\"target\":{\"@type\":\"EntryPoint\",\"urlTemplate\":\"https:\/\/agenciainfra.com\/blog\/?s={search_term_string}\"},\"query-input\":{\"@type\":\"PropertyValueSpecification\",\"valueRequired\":true,\"valueName\":\"search_term_string\"}}],\"inLanguage\":\"pt-BR\"},{\"@type\":\"Organization\",\"@id\":\"https:\/\/agenciainfra.com\/blog\/#organization\",\"name\":\"Ag\u00eancia iNFRA\",\"url\":\"https:\/\/agenciainfra.com\/blog\/\",\"logo\":{\"@type\":\"ImageObject\",\"inLanguage\":\"pt-BR\",\"@id\":\"https:\/\/agenciainfra.com\/blog\/#\/schema\/logo\/image\/\",\"url\":\"https:\/\/agenciainfra.com\/blog\/wp-content\/uploads\/2023\/09\/iNFRA_5-e1761735885940.png\",\"contentUrl\":\"https:\/\/agenciainfra.com\/blog\/wp-content\/uploads\/2023\/09\/iNFRA_5-e1761735885940.png\",\"width\":1672,\"height\":454,\"caption\":\"Ag\u00eancia iNFRA\"},\"image\":{\"@id\":\"https:\/\/agenciainfra.com\/blog\/#\/schema\/logo\/image\/\"},\"sameAs\":[\"https:\/\/www.facebook.com\/ageninfra\",\"https:\/\/x.com\/agencia_infra\",\"https:\/\/www.linkedin.com\/company\/ag\u00eanciainfra\/\",\"https:\/\/www.instagram.com\/agenciainfra\/\"]},{\"@type\":\"Person\",\"@id\":\"https:\/\/agenciainfra.com\/blog\/#\/schema\/person\/04dbb79bd6d8951f063da71f3e4c1eb1\",\"name\":\"Rodrigo Zuquim\",\"image\":{\"@type\":\"ImageObject\",\"inLanguage\":\"pt-BR\",\"@id\":\"https:\/\/agenciainfra.com\/blog\/#\/schema\/person\/image\/\",\"url\":\"https:\/\/secure.gravatar.com\/avatar\/594abfe82761d620726242ff34ca472a705a4b97f16c790053a6b4c4035274d0?s=96&d=mm&r=g\",\"contentUrl\":\"https:\/\/secure.gravatar.com\/avatar\/594abfe82761d620726242ff34ca472a705a4b97f16c790053a6b4c4035274d0?s=96&d=mm&r=g\",\"caption\":\"Rodrigo Zuquim\"},\"url\":\"https:\/\/agenciainfra.com\/blog\/author\/rodrigo-zuquim\/\"}]}<\/script>\n<!-- \/ Yoast SEO Premium plugin. -->","yoast_head_json":{"title":"\"J\u00e1 tem gente batendo na porta para usar o BR do Mar\", diz secret\u00e1rio de Portos - Ag\u00eancia iNFRA","robots":{"index":"index","follow":"follow","max-snippet":"max-snippet:-1","max-image-preview":"max-image-preview:large","max-video-preview":"max-video-preview:-1"},"canonical":"https:\/\/agenciainfra.com\/blog\/ja-tem-gente-batendo-na-porta-para-usar-o-br-do-mar-diz-secretario-de-portos\/","og_locale":"pt_BR","og_type":"article","og_title":"\"J\u00e1 tem gente batendo na porta para usar o BR do Mar\", diz secret\u00e1rio de Portos","og_description":"Dimmi Amora, da\u00a0Ag\u00eancia iNFRA Empresas j\u00e1 est\u00e3o procurando o Minist\u00e9rio da Infraestrutura para solicitar a ades\u00e3o ao Programa BR do Mar, dentro da modalidade que permite o afretamento a tempo de embarca\u00e7\u00f5es de bandeira estrangeira. Foi o que afirmou o secret\u00e1rio nacional de Portos e Transportes Aquavi\u00e1rios do Minist\u00e9rio da Infraestrutura, Diogo Piloni. \u201cJ\u00e1 tem [&hellip;]","og_url":"https:\/\/agenciainfra.com\/blog\/ja-tem-gente-batendo-na-porta-para-usar-o-br-do-mar-diz-secretario-de-portos\/","og_site_name":"Ag\u00eancia iNFRA","article_publisher":"https:\/\/www.facebook.com\/ageninfra","article_published_time":"2022-02-02T11:00:00+00:00","og_image":[{"width":1280,"height":853,"url":"https:\/\/agenciainfra.com\/blog\/wp-content\/uploads\/2021\/06\/navio-carga-foto-dominio-publico.jpeg","type":"image\/jpeg"}],"author":"Rodrigo Zuquim","twitter_card":"summary_large_image","twitter_creator":"@agencia_infra","twitter_site":"@agencia_infra","twitter_misc":{"Escrito por":"Rodrigo Zuquim","Est. tempo de leitura":"4 minutos"},"schema":{"@context":"https:\/\/schema.org","@graph":[{"@type":"Article","@id":"https:\/\/agenciainfra.com\/blog\/ja-tem-gente-batendo-na-porta-para-usar-o-br-do-mar-diz-secretario-de-portos\/#article","isPartOf":{"@id":"https:\/\/agenciainfra.com\/blog\/ja-tem-gente-batendo-na-porta-para-usar-o-br-do-mar-diz-secretario-de-portos\/"},"author":{"name":"Rodrigo Zuquim","@id":"https:\/\/agenciainfra.com\/blog\/#\/schema\/person\/04dbb79bd6d8951f063da71f3e4c1eb1"},"headline":"&#8220;J\u00e1 tem gente batendo na porta para usar o BR do Mar&#8221;, diz secret\u00e1rio de Portos","datePublished":"2022-02-02T11:00:00+00:00","mainEntityOfPage":{"@id":"https:\/\/agenciainfra.com\/blog\/ja-tem-gente-batendo-na-porta-para-usar-o-br-do-mar-diz-secretario-de-portos\/"},"wordCount":742,"publisher":{"@id":"https:\/\/agenciainfra.com\/blog\/#organization"},"image":{"@id":"https:\/\/agenciainfra.com\/blog\/ja-tem-gente-batendo-na-porta-para-usar-o-br-do-mar-diz-secretario-de-portos\/#primaryimage"},"thumbnailUrl":"https:\/\/agenciainfra.com\/blog\/wp-content\/uploads\/2021\/06\/navio-carga-foto-dominio-publico.jpeg","keywords":["afretamento","BR do Mar","cabotagem","Diogo Piloni","Infraestrutura","Minist\u00e9rio da Infraestrutura","Navega\u00e7\u00e3o","portos","transporte mar\u00edtimo","transportes"],"articleSection":["Geral","iNFRATransporte"],"inLanguage":"pt-BR","copyrightYear":"2022","copyrightHolder":{"@id":"https:\/\/agenciainfra.com\/blog\/#organization"}},{"@type":"WebPage","@id":"https:\/\/agenciainfra.com\/blog\/ja-tem-gente-batendo-na-porta-para-usar-o-br-do-mar-diz-secretario-de-portos\/","url":"https:\/\/agenciainfra.com\/blog\/ja-tem-gente-batendo-na-porta-para-usar-o-br-do-mar-diz-secretario-de-portos\/","name":"\"J\u00e1 tem gente batendo na porta para usar o BR do Mar\", diz secret\u00e1rio de Portos - Ag\u00eancia iNFRA","isPartOf":{"@id":"https:\/\/agenciainfra.com\/blog\/#website"},"primaryImageOfPage":{"@id":"https:\/\/agenciainfra.com\/blog\/ja-tem-gente-batendo-na-porta-para-usar-o-br-do-mar-diz-secretario-de-portos\/#primaryimage"},"image":{"@id":"https:\/\/agenciainfra.com\/blog\/ja-tem-gente-batendo-na-porta-para-usar-o-br-do-mar-diz-secretario-de-portos\/#primaryimage"},"thumbnailUrl":"https:\/\/agenciainfra.com\/blog\/wp-content\/uploads\/2021\/06\/navio-carga-foto-dominio-publico.jpeg","datePublished":"2022-02-02T11:00:00+00:00","breadcrumb":{"@id":"https:\/\/agenciainfra.com\/blog\/ja-tem-gente-batendo-na-porta-para-usar-o-br-do-mar-diz-secretario-de-portos\/#breadcrumb"},"inLanguage":"pt-BR","potentialAction":[{"@type":"ReadAction","target":["https:\/\/agenciainfra.com\/blog\/ja-tem-gente-batendo-na-porta-para-usar-o-br-do-mar-diz-secretario-de-portos\/"]}]},{"@type":"ImageObject","inLanguage":"pt-BR","@id":"https:\/\/agenciainfra.com\/blog\/ja-tem-gente-batendo-na-porta-para-usar-o-br-do-mar-diz-secretario-de-portos\/#primaryimage","url":"https:\/\/agenciainfra.com\/blog\/wp-content\/uploads\/2021\/06\/navio-carga-foto-dominio-publico.jpeg","contentUrl":"https:\/\/agenciainfra.com\/blog\/wp-content\/uploads\/2021\/06\/navio-carga-foto-dominio-publico.jpeg","width":1280,"height":853,"caption":"Foto: Dom\u00ednio P\u00fablico"},{"@type":"BreadcrumbList","@id":"https:\/\/agenciainfra.com\/blog\/ja-tem-gente-batendo-na-porta-para-usar-o-br-do-mar-diz-secretario-de-portos\/#breadcrumb","itemListElement":[{"@type":"ListItem","position":1,"name":"In\u00edcio","item":"https:\/\/agenciainfra.com\/blog\/"},{"@type":"ListItem","position":2,"name":"&#8220;J\u00e1 tem gente batendo na porta para usar o BR do Mar&#8221;, diz secret\u00e1rio de Portos"}]},{"@type":"WebSite","@id":"https:\/\/agenciainfra.com\/blog\/#website","url":"https:\/\/agenciainfra.com\/blog\/","name":"Ag\u00eancia iNFRA","description":"Multiplataforma de informa\u00e7\u00e3o jornal\u00edstica refer\u00eancia na \u00e1rea de infraestrutura no Brasil!","publisher":{"@id":"https:\/\/agenciainfra.com\/blog\/#organization"},"potentialAction":[{"@type":"SearchAction","target":{"@type":"EntryPoint","urlTemplate":"https:\/\/agenciainfra.com\/blog\/?s={search_term_string}"},"query-input":{"@type":"PropertyValueSpecification","valueRequired":true,"valueName":"search_term_string"}}],"inLanguage":"pt-BR"},{"@type":"Organization","@id":"https:\/\/agenciainfra.com\/blog\/#organization","name":"Ag\u00eancia iNFRA","url":"https:\/\/agenciainfra.com\/blog\/","logo":{"@type":"ImageObject","inLanguage":"pt-BR","@id":"https:\/\/agenciainfra.com\/blog\/#\/schema\/logo\/image\/","url":"https:\/\/agenciainfra.com\/blog\/wp-content\/uploads\/2023\/09\/iNFRA_5-e1761735885940.png","contentUrl":"https:\/\/agenciainfra.com\/blog\/wp-content\/uploads\/2023\/09\/iNFRA_5-e1761735885940.png","width":1672,"height":454,"caption":"Ag\u00eancia iNFRA"},"image":{"@id":"https:\/\/agenciainfra.com\/blog\/#\/schema\/logo\/image\/"},"sameAs":["https:\/\/www.facebook.com\/ageninfra","https:\/\/x.com\/agencia_infra","https:\/\/www.linkedin.com\/company\/ag\u00eanciainfra\/","https:\/\/www.instagram.com\/agenciainfra\/"]},{"@type":"Person","@id":"https:\/\/agenciainfra.com\/blog\/#\/schema\/person\/04dbb79bd6d8951f063da71f3e4c1eb1","name":"Rodrigo Zuquim","image":{"@type":"ImageObject","inLanguage":"pt-BR","@id":"https:\/\/agenciainfra.com\/blog\/#\/schema\/person\/image\/","url":"https:\/\/secure.gravatar.com\/avatar\/594abfe82761d620726242ff34ca472a705a4b97f16c790053a6b4c4035274d0?s=96&d=mm&r=g","contentUrl":"https:\/\/secure.gravatar.com\/avatar\/594abfe82761d620726242ff34ca472a705a4b97f16c790053a6b4c4035274d0?s=96&d=mm&r=g","caption":"Rodrigo Zuquim"},"url":"https:\/\/agenciainfra.com\/blog\/author\/rodrigo-zuquim\/"}]}},"_links":{"self":[{"href":"https:\/\/agenciainfra.com\/blog\/wp-json\/wp\/v2\/posts\/9427","targetHints":{"allow":["GET"]}}],"collection":[{"href":"https:\/\/agenciainfra.com\/blog\/wp-json\/wp\/v2\/posts"}],"about":[{"href":"https:\/\/agenciainfra.com\/blog\/wp-json\/wp\/v2\/types\/post"}],"author":[{"embeddable":true,"href":"https:\/\/agenciainfra.com\/blog\/wp-json\/wp\/v2\/users\/9"}],"replies":[{"embeddable":true,"href":"https:\/\/agenciainfra.com\/blog\/wp-json\/wp\/v2\/comments?post=9427"}],"version-history":[{"count":0,"href":"https:\/\/agenciainfra.com\/blog\/wp-json\/wp\/v2\/posts\/9427\/revisions"}],"wp:featuredmedia":[{"embeddable":true,"href":"https:\/\/agenciainfra.com\/blog\/wp-json\/wp\/v2\/media\/7552"}],"wp:attachment":[{"href":"https:\/\/agenciainfra.com\/blog\/wp-json\/wp\/v2\/media?parent=9427"}],"wp:term":[{"taxonomy":"category","embeddable":true,"href":"https:\/\/agenciainfra.com\/blog\/wp-json\/wp\/v2\/categories?post=9427"},{"taxonomy":"post_tag","embeddable":true,"href":"https:\/\/agenciainfra.com\/blog\/wp-json\/wp\/v2\/tags?post=9427"}],"curies":[{"name":"wp","href":"https:\/\/api.w.org\/{rel}","templated":true}]}}