{"id":9445,"date":"2022-02-04T08:00:00","date_gmt":"2022-02-04T11:00:00","guid":{"rendered":"https:\/\/www.agenciainfra.com\/blog\/?p=9445"},"modified":"2022-02-03T09:35:33","modified_gmt":"2022-02-03T12:35:33","slug":"com-fim-da-mp-das-ferrovias-ministerio-estuda-como-autorizar-pedidos-ainda-em-analise","status":"publish","type":"post","link":"https:\/\/agenciainfra.com\/blog\/com-fim-da-mp-das-ferrovias-ministerio-estuda-como-autorizar-pedidos-ainda-em-analise\/","title":{"rendered":"Com fim da MP das Ferrovias, minist\u00e9rio estuda como autorizar pedidos ainda em an\u00e1lise"},"content":{"rendered":"\n<p class=\"has-text-align-right\"><strong>Dimmi Amora, da\u00a0Ag\u00eancia iNFRA<\/strong><\/p>\n\n\n\n<p>No pr\u00f3ximo dia 6 de fevereiro perde validade a Medida Provis\u00f3ria 1.065, o chamado Novo Marco Legal das Ferrovias. N\u00e3o analisada pelos parlamentares (nem sequer teve comiss\u00e3o formada), foi nela em que se basearam 31 empresas para pedir a autoriza\u00e7\u00e3o para construir 79 trechos ferrovi\u00e1rios, que somam 20,7 mil quil\u00f4metros de vias, com estimativa de custos de R$ 240,8 bilh\u00f5es (dados da semana passada).<\/p>\n\n\n\n<p>A MP n\u00e3o foi votada porque, por um acordo entre governo e senadores, deu-se prefer\u00eancia \u00e0 tramita\u00e7\u00e3o de um projeto de lei que j\u00e1 estava no Legislativo e acabou sendo sancionado, na forma da Lei 14.273\/2021, no fim de dezembro.<\/p>\n\n\n\n<p>Mas, afinal, qual legisla\u00e7\u00e3o vale para quem j\u00e1 fez os pedidos? Quem n\u00e3o teve o contrato ainda assinado, ser\u00e1 analisado de que forma? Ser\u00e1 preciso entregar um outro pedido?<\/p>\n\n\n\n<p>&#8220;Tamb\u00e9m fiz essas perguntas e tem um monte de advogados tentando responder a essas d\u00favidas&#8221;, brinca Marcello da Costa, secret\u00e1rio nacional de Transportes Terrestres do Minist\u00e9rio da Infraestrutura, em conversa com a&nbsp;<strong>Ag\u00eancia iNFRA<\/strong>.&nbsp;<\/p>\n\n\n\n<p><strong>Dois grupos<\/strong><br>De acordo com o secret\u00e1rio, os pedidos est\u00e3o sendo separados em dois grupos. O primeiro tem os 21 contratos de autoriza\u00e7\u00e3o j\u00e1 assinados e outros 14 que est\u00e3o prontos para assinar at\u00e9 a data de validade da MP, num total de 35. Para ele, s\u00e3o atos jur\u00eddicos perfeitos e v\u00e3o valer plenamente ap\u00f3s o fim da vig\u00eancia da MP 1.065.<\/p>\n\n\n\n<p>No outro grupo, h\u00e1 pelo menos 44 pedidos (encaminhados at\u00e9 a quinta-feira passada) que chegaram ao minist\u00e9rio, mas ainda n\u00e3o tiveram e n\u00e3o dever\u00e3o ter o processo de autoriza\u00e7\u00e3o finalizado at\u00e9 a pr\u00f3xima semana, quando a MP perde a validade.<\/p>\n\n\n\n<p>Para esse segundo caso, o minist\u00e9rio trabalha com duas possibilidades, em avalia\u00e7\u00e3o pelas procuradorias tanto da pasta&nbsp;como da ag\u00eancia setorial. A primeira \u00e9 seguir com a an\u00e1lise como est\u00e1 e, h\u00e1 hora de fazer o contrato de ades\u00e3o, passar a se referir \u00e0s regras da Lei 14.273, o novo marco legal das ferrovias autorizadas.&nbsp;Segundo Costa, os pedidos n\u00e3o se referem a uma lei espec\u00edfica e, por isso, analisa-se a possibilidade de fazer o contrato dessa forma.<\/p>\n\n\n\n<p>Outra possibilidade seria solicitar que os pedidos fossem refeitos pelos solicitantes para que se adequassem \u00e0 nova lei. O secret\u00e1rio lembrou que s\u00f3 h\u00e1 um requisito na lei que \u00e9 diferente do da MP para fazer o pedido, a necessidade de indicar (n\u00e3o comprovar) a fonte de recursos (se pr\u00f3prio ou de terceiro, com a propor\u00e7\u00e3o).<\/p>\n\n\n\n<p>&#8220;O que era muito diferente, a gente vetou&#8221;, informou&nbsp;Costa, referindo-se ao artigo da Lei 14.273 que determinava apresenta\u00e7\u00e3o de estudo de viabilidade, o que para ele contrariava completamente o esp\u00edrito da abertura ao setor privado.<\/p>\n\n\n\n<p>Para o secret\u00e1rio, em nenhum dos dois casos haver\u00e1 qualquer dificuldade para que os processos possam seguir depois do fim da vig\u00eancia da medida provis\u00f3ria, garantindo assim que os empreendedores possam receber suas autoriza\u00e7\u00f5es.<\/p>\n\n\n\n<p>&#8220;Estamos tranquilos que vamos aproveitar os pedidos que n\u00e3o virarem contratos at\u00e9 o dia 6&#8221;, afirmou o secret\u00e1rio.<\/p>\n\n\n\n<p><strong>ANTT<\/strong><br>Outra mudan\u00e7a da lei em rela\u00e7\u00e3o \u00e0 MP, segundo Costa, foi que o processo de an\u00e1lise passa a correr dentro da ANTT (Ag\u00eancia Nacional de Transportes Terrestres) e n\u00e3o mais praticamente todo no minist\u00e9rio, como est\u00e1 previsto na medida provis\u00f3ria.<\/p>\n\n\n\n<p>A mudan\u00e7a do crit\u00e9rio, segundo ele, faz parte da an\u00e1lise que o governo est\u00e1 produzindo para criar uma nova medida provis\u00f3ria (ou reeditar a atual). Ser\u00e1 analisado se ser\u00e1 mantido o modelo criado pelo Congresso na lei ou se ficar\u00e1 mais parecido com o que est\u00e1 proposto na MP 1.065.<\/p>\n\n\n\n<p>De acordo com Costa, a reda\u00e7\u00e3o da Lei 14.273 traz algumas dificuldades para a execu\u00e7\u00e3o, j\u00e1 que determina que a ANTT fa\u00e7a an\u00e1lise sobre pol\u00edtica p\u00fablica, o que, segundo ele, \u00e9 uma fun\u00e7\u00e3o do minist\u00e9rio. O artigo, no entanto, n\u00e3o foi vetado pela Presid\u00eancia.<\/p>\n\n\n\n<p><strong>Nova MP<\/strong><br>Essa nova medida provis\u00f3ria foi parte do acordo para aprovar, no fim do ano passado, o projeto de lei que tramitou na C\u00e2mara sem altera\u00e7\u00f5es que os deputados queriam fazer em rela\u00e7\u00e3o \u00e0 proposta aprovada no Senado.<\/p>\n\n\n\n<p>Se houvesse mudan\u00e7a, a proposta teria que voltar ao Senado e s\u00f3 seria votada na volta dos parlamentares neste ano, o que era considerado um risco para o seguimento dos pedidos de autoriza\u00e7\u00e3o encaminhados durante a vig\u00eancia da medida provis\u00f3ria. O acordo foi confirmado pelo ministro Tarc\u00edsio de Freitas em entrevistas ap\u00f3s a aprova\u00e7\u00e3o da proposta.<\/p>\n\n\n\n<p>Conforme mostrou a edi\u00e7\u00e3o 1.173 da&nbsp;<strong>Ag\u00eancia iNFRA<\/strong>, essa nova MP dever\u00e1 contemplar, pelo acordo com os deputados, quatro pontos principais:&nbsp;crit\u00e9rio de desempate em pedidos de&nbsp;autoriza\u00e7\u00e3o para trechos iguais;&nbsp;a publicidade dos pedidos de&nbsp;autoriza\u00e7\u00e3o;&nbsp;os pedidos de&nbsp;autoriza\u00e7\u00e3o&nbsp;de trechos em \u00e1reas de influ\u00eancia de concess\u00e3o&nbsp;ferrovi\u00e1ria; e&nbsp;prazo para in\u00edcio de obras de um pedido de&nbsp;autoriza\u00e7\u00e3o.<\/p>\n\n\n\n<p><strong>18 estados<\/strong><br>Costa comemorou o fato de que as ferrovias j\u00e1 pedidas s\u00e3o de 26 novos grupos (e cinco que j\u00e1 t\u00eam concess\u00f5es pediram autoriza\u00e7\u00e3o) e est\u00e3o passando por 18 estados da federa\u00e7\u00e3o, com projetos dos mais diversos tipos, inclusive em \u00e1reas onde hoje n\u00e3o h\u00e1 conex\u00e3o com a malha nacional, como Roraima.<\/p>\n\n\n\n<p>Ele citou ainda o projeto do Porto do A\u00e7u (RJ), que pretende criar um ramal ferrovi\u00e1rio de acesso ao porto, lembrando que em v\u00e1rios momentos houve discuss\u00f5es sobre n\u00e3o ser prioridade a Uni\u00e3o colocar recursos or\u00e7ament\u00e1rios nesse projeto, que agora pode sair com dinheiro privado.<\/p>\n\n\n\n<p>A assinatura aconteceu na \u00faltima segunda-feira (31), durante o evento na regi\u00e3o com\u00a0a presen\u00e7a do presidente Jair Bolsonaro, dos ministros da Infraestrutura, Tarc\u00edsio de Freitas, e de Minas e Energia,\u00a0Bento Albuquerque, e do governador do Rio de Janeiro, Cl\u00e1udio Castro.\u00a0<\/p>\n\n\n\n<p>O empreendimento tem estimativa de&nbsp;41 quil\u00f4metros de extens\u00e3o e o investimento previsto \u00e9 de R$ 610 milh\u00f5es. Estima-se que a estrada de ferro movimente 50 milh\u00f5es de toneladas de carga em dire\u00e7\u00e3o ao porto.<\/p>\n","protected":false},"excerpt":{"rendered":"<p>Dimmi Amora, da\u00a0Ag\u00eancia iNFRA No pr\u00f3ximo dia 6 de fevereiro perde validade a Medida Provis\u00f3ria 1.065, o chamado Novo Marco Legal das Ferrovias. N\u00e3o analisada pelos parlamentares (nem sequer teve comiss\u00e3o formada), foi nela em que se basearam 31 empresas para pedir a autoriza\u00e7\u00e3o para construir 79 trechos ferrovi\u00e1rios, que somam 20,7 mil quil\u00f4metros de [&hellip;]<\/p>\n","protected":false},"author":9,"featured_media":9446,"comment_status":"closed","ping_status":"closed","sticky":false,"template":"","format":"standard","meta":{"_monsterinsights_skip_tracking":false,"_monsterinsights_sitenote_active":false,"_monsterinsights_sitenote_note":"","_monsterinsights_sitenote_category":0,"footnotes":""},"categories":[1,7],"tags":[19,4651,34,5228,1517,3288,775,4970,5227,70],"class_list":["post-9445","post","type-post","status-publish","format-standard","has-post-thumbnail","hentry","category-geral","category-infratransporte","tag-antt","tag-autorizacoes-ferroviarias","tag-infraestrutura","tag-lei-14-273","tag-marcello-da-costa","tag-marco-das-ferrovias","tag-ministerio-da-infraestrutura","tag-mp-1-065","tag-mp-das-ferrovias","tag-transportes"],"yoast_head":"<!-- This site is optimized with the Yoast SEO Premium plugin v25.4 (Yoast SEO v26.0) - https:\/\/yoast.com\/wordpress\/plugins\/seo\/ -->\n<title>Com fim da MP das Ferrovias, minist\u00e9rio estuda como autorizar pedidos ainda em an\u00e1lise - Ag\u00eancia iNFRA<\/title>\n<meta name=\"robots\" content=\"index, follow, max-snippet:-1, max-image-preview:large, max-video-preview:-1\" \/>\n<link rel=\"canonical\" href=\"https:\/\/agenciainfra.com\/blog\/com-fim-da-mp-das-ferrovias-ministerio-estuda-como-autorizar-pedidos-ainda-em-analise\/\" \/>\n<meta property=\"og:locale\" content=\"pt_BR\" \/>\n<meta property=\"og:type\" content=\"article\" \/>\n<meta property=\"og:title\" content=\"Com fim da MP das Ferrovias, minist\u00e9rio estuda como autorizar pedidos ainda em an\u00e1lise\" \/>\n<meta property=\"og:description\" content=\"Dimmi Amora, da\u00a0Ag\u00eancia iNFRA No pr\u00f3ximo dia 6 de fevereiro perde validade a Medida Provis\u00f3ria 1.065, o chamado Novo Marco Legal das Ferrovias. N\u00e3o analisada pelos parlamentares (nem sequer teve comiss\u00e3o formada), foi nela em que se basearam 31 empresas para pedir a autoriza\u00e7\u00e3o para construir 79 trechos ferrovi\u00e1rios, que somam 20,7 mil quil\u00f4metros de [&hellip;]\" \/>\n<meta property=\"og:url\" content=\"https:\/\/agenciainfra.com\/blog\/com-fim-da-mp-das-ferrovias-ministerio-estuda-como-autorizar-pedidos-ainda-em-analise\/\" \/>\n<meta property=\"og:site_name\" content=\"Ag\u00eancia iNFRA\" \/>\n<meta property=\"article:publisher\" content=\"https:\/\/www.facebook.com\/ageninfra\" \/>\n<meta property=\"article:published_time\" content=\"2022-02-04T11:00:00+00:00\" \/>\n<meta property=\"og:image\" content=\"https:\/\/agenciainfra.com\/blog\/wp-content\/uploads\/2022\/02\/marcello-costa-foto-cna.png\" \/>\n\t<meta property=\"og:image:width\" content=\"1280\" \/>\n\t<meta property=\"og:image:height\" content=\"855\" \/>\n\t<meta property=\"og:image:type\" content=\"image\/png\" \/>\n<meta name=\"author\" content=\"Rodrigo Zuquim\" \/>\n<meta name=\"twitter:card\" content=\"summary_large_image\" \/>\n<meta name=\"twitter:creator\" content=\"@agencia_infra\" \/>\n<meta name=\"twitter:site\" content=\"@agencia_infra\" \/>\n<meta name=\"twitter:label1\" content=\"Escrito por\" \/>\n\t<meta name=\"twitter:data1\" content=\"Rodrigo Zuquim\" \/>\n\t<meta name=\"twitter:label2\" content=\"Est. tempo de leitura\" \/>\n\t<meta name=\"twitter:data2\" content=\"5 minutos\" \/>\n<script type=\"application\/ld+json\" class=\"yoast-schema-graph\">{\"@context\":\"https:\/\/schema.org\",\"@graph\":[{\"@type\":\"Article\",\"@id\":\"https:\/\/agenciainfra.com\/blog\/com-fim-da-mp-das-ferrovias-ministerio-estuda-como-autorizar-pedidos-ainda-em-analise\/#article\",\"isPartOf\":{\"@id\":\"https:\/\/agenciainfra.com\/blog\/com-fim-da-mp-das-ferrovias-ministerio-estuda-como-autorizar-pedidos-ainda-em-analise\/\"},\"author\":{\"name\":\"Rodrigo Zuquim\",\"@id\":\"https:\/\/agenciainfra.com\/blog\/#\/schema\/person\/04dbb79bd6d8951f063da71f3e4c1eb1\"},\"headline\":\"Com fim da MP das Ferrovias, minist\u00e9rio estuda como autorizar pedidos ainda em an\u00e1lise\",\"datePublished\":\"2022-02-04T11:00:00+00:00\",\"mainEntityOfPage\":{\"@id\":\"https:\/\/agenciainfra.com\/blog\/com-fim-da-mp-das-ferrovias-ministerio-estuda-como-autorizar-pedidos-ainda-em-analise\/\"},\"wordCount\":1083,\"publisher\":{\"@id\":\"https:\/\/agenciainfra.com\/blog\/#organization\"},\"image\":{\"@id\":\"https:\/\/agenciainfra.com\/blog\/com-fim-da-mp-das-ferrovias-ministerio-estuda-como-autorizar-pedidos-ainda-em-analise\/#primaryimage\"},\"thumbnailUrl\":\"https:\/\/agenciainfra.com\/blog\/wp-content\/uploads\/2022\/02\/marcello-costa-foto-cna.png\",\"keywords\":[\"ANTT\",\"autoriza\u00e7\u00f5es ferrovi\u00e1rias\",\"Infraestrutura\",\"Lei 14.273\",\"Marcello da Costa\",\"Marco das Ferrovias\",\"Minist\u00e9rio da Infraestrutura\",\"MP 1.065\",\"MP das Ferrovias\",\"transportes\"],\"articleSection\":[\"Geral\",\"iNFRATransporte\"],\"inLanguage\":\"pt-BR\",\"copyrightYear\":\"2022\",\"copyrightHolder\":{\"@id\":\"https:\/\/agenciainfra.com\/blog\/#organization\"}},{\"@type\":\"WebPage\",\"@id\":\"https:\/\/agenciainfra.com\/blog\/com-fim-da-mp-das-ferrovias-ministerio-estuda-como-autorizar-pedidos-ainda-em-analise\/\",\"url\":\"https:\/\/agenciainfra.com\/blog\/com-fim-da-mp-das-ferrovias-ministerio-estuda-como-autorizar-pedidos-ainda-em-analise\/\",\"name\":\"Com fim da MP das Ferrovias, minist\u00e9rio estuda como autorizar pedidos ainda em an\u00e1lise - Ag\u00eancia iNFRA\",\"isPartOf\":{\"@id\":\"https:\/\/agenciainfra.com\/blog\/#website\"},\"primaryImageOfPage\":{\"@id\":\"https:\/\/agenciainfra.com\/blog\/com-fim-da-mp-das-ferrovias-ministerio-estuda-como-autorizar-pedidos-ainda-em-analise\/#primaryimage\"},\"image\":{\"@id\":\"https:\/\/agenciainfra.com\/blog\/com-fim-da-mp-das-ferrovias-ministerio-estuda-como-autorizar-pedidos-ainda-em-analise\/#primaryimage\"},\"thumbnailUrl\":\"https:\/\/agenciainfra.com\/blog\/wp-content\/uploads\/2022\/02\/marcello-costa-foto-cna.png\",\"datePublished\":\"2022-02-04T11:00:00+00:00\",\"breadcrumb\":{\"@id\":\"https:\/\/agenciainfra.com\/blog\/com-fim-da-mp-das-ferrovias-ministerio-estuda-como-autorizar-pedidos-ainda-em-analise\/#breadcrumb\"},\"inLanguage\":\"pt-BR\",\"potentialAction\":[{\"@type\":\"ReadAction\",\"target\":[\"https:\/\/agenciainfra.com\/blog\/com-fim-da-mp-das-ferrovias-ministerio-estuda-como-autorizar-pedidos-ainda-em-analise\/\"]}]},{\"@type\":\"ImageObject\",\"inLanguage\":\"pt-BR\",\"@id\":\"https:\/\/agenciainfra.com\/blog\/com-fim-da-mp-das-ferrovias-ministerio-estuda-como-autorizar-pedidos-ainda-em-analise\/#primaryimage\",\"url\":\"https:\/\/agenciainfra.com\/blog\/wp-content\/uploads\/2022\/02\/marcello-costa-foto-cna.png\",\"contentUrl\":\"https:\/\/agenciainfra.com\/blog\/wp-content\/uploads\/2022\/02\/marcello-costa-foto-cna.png\",\"width\":1280,\"height\":855},{\"@type\":\"BreadcrumbList\",\"@id\":\"https:\/\/agenciainfra.com\/blog\/com-fim-da-mp-das-ferrovias-ministerio-estuda-como-autorizar-pedidos-ainda-em-analise\/#breadcrumb\",\"itemListElement\":[{\"@type\":\"ListItem\",\"position\":1,\"name\":\"In\u00edcio\",\"item\":\"https:\/\/agenciainfra.com\/blog\/\"},{\"@type\":\"ListItem\",\"position\":2,\"name\":\"Com fim da MP das Ferrovias, minist\u00e9rio estuda como autorizar pedidos ainda em an\u00e1lise\"}]},{\"@type\":\"WebSite\",\"@id\":\"https:\/\/agenciainfra.com\/blog\/#website\",\"url\":\"https:\/\/agenciainfra.com\/blog\/\",\"name\":\"Ag\u00eancia iNFRA\",\"description\":\"Multiplataforma de informa\u00e7\u00e3o jornal\u00edstica refer\u00eancia na \u00e1rea de infraestrutura no Brasil!\",\"publisher\":{\"@id\":\"https:\/\/agenciainfra.com\/blog\/#organization\"},\"potentialAction\":[{\"@type\":\"SearchAction\",\"target\":{\"@type\":\"EntryPoint\",\"urlTemplate\":\"https:\/\/agenciainfra.com\/blog\/?s={search_term_string}\"},\"query-input\":{\"@type\":\"PropertyValueSpecification\",\"valueRequired\":true,\"valueName\":\"search_term_string\"}}],\"inLanguage\":\"pt-BR\"},{\"@type\":\"Organization\",\"@id\":\"https:\/\/agenciainfra.com\/blog\/#organization\",\"name\":\"Ag\u00eancia iNFRA\",\"url\":\"https:\/\/agenciainfra.com\/blog\/\",\"logo\":{\"@type\":\"ImageObject\",\"inLanguage\":\"pt-BR\",\"@id\":\"https:\/\/agenciainfra.com\/blog\/#\/schema\/logo\/image\/\",\"url\":\"https:\/\/agenciainfra.com\/blog\/wp-content\/uploads\/2023\/09\/iNFRA_5-e1761735885940.png\",\"contentUrl\":\"https:\/\/agenciainfra.com\/blog\/wp-content\/uploads\/2023\/09\/iNFRA_5-e1761735885940.png\",\"width\":1672,\"height\":454,\"caption\":\"Ag\u00eancia iNFRA\"},\"image\":{\"@id\":\"https:\/\/agenciainfra.com\/blog\/#\/schema\/logo\/image\/\"},\"sameAs\":[\"https:\/\/www.facebook.com\/ageninfra\",\"https:\/\/x.com\/agencia_infra\",\"https:\/\/www.linkedin.com\/company\/ag\u00eanciainfra\/\",\"https:\/\/www.instagram.com\/agenciainfra\/\"]},{\"@type\":\"Person\",\"@id\":\"https:\/\/agenciainfra.com\/blog\/#\/schema\/person\/04dbb79bd6d8951f063da71f3e4c1eb1\",\"name\":\"Rodrigo Zuquim\",\"image\":{\"@type\":\"ImageObject\",\"inLanguage\":\"pt-BR\",\"@id\":\"https:\/\/agenciainfra.com\/blog\/#\/schema\/person\/image\/\",\"url\":\"https:\/\/secure.gravatar.com\/avatar\/594abfe82761d620726242ff34ca472a705a4b97f16c790053a6b4c4035274d0?s=96&d=mm&r=g\",\"contentUrl\":\"https:\/\/secure.gravatar.com\/avatar\/594abfe82761d620726242ff34ca472a705a4b97f16c790053a6b4c4035274d0?s=96&d=mm&r=g\",\"caption\":\"Rodrigo Zuquim\"},\"url\":\"https:\/\/agenciainfra.com\/blog\/author\/rodrigo-zuquim\/\"}]}<\/script>\n<!-- \/ Yoast SEO Premium plugin. -->","yoast_head_json":{"title":"Com fim da MP das Ferrovias, minist\u00e9rio estuda como autorizar pedidos ainda em an\u00e1lise - Ag\u00eancia iNFRA","robots":{"index":"index","follow":"follow","max-snippet":"max-snippet:-1","max-image-preview":"max-image-preview:large","max-video-preview":"max-video-preview:-1"},"canonical":"https:\/\/agenciainfra.com\/blog\/com-fim-da-mp-das-ferrovias-ministerio-estuda-como-autorizar-pedidos-ainda-em-analise\/","og_locale":"pt_BR","og_type":"article","og_title":"Com fim da MP das Ferrovias, minist\u00e9rio estuda como autorizar pedidos ainda em an\u00e1lise","og_description":"Dimmi Amora, da\u00a0Ag\u00eancia iNFRA No pr\u00f3ximo dia 6 de fevereiro perde validade a Medida Provis\u00f3ria 1.065, o chamado Novo Marco Legal das Ferrovias. N\u00e3o analisada pelos parlamentares (nem sequer teve comiss\u00e3o formada), foi nela em que se basearam 31 empresas para pedir a autoriza\u00e7\u00e3o para construir 79 trechos ferrovi\u00e1rios, que somam 20,7 mil quil\u00f4metros de [&hellip;]","og_url":"https:\/\/agenciainfra.com\/blog\/com-fim-da-mp-das-ferrovias-ministerio-estuda-como-autorizar-pedidos-ainda-em-analise\/","og_site_name":"Ag\u00eancia iNFRA","article_publisher":"https:\/\/www.facebook.com\/ageninfra","article_published_time":"2022-02-04T11:00:00+00:00","og_image":[{"width":1280,"height":855,"url":"https:\/\/agenciainfra.com\/blog\/wp-content\/uploads\/2022\/02\/marcello-costa-foto-cna.png","type":"image\/png"}],"author":"Rodrigo Zuquim","twitter_card":"summary_large_image","twitter_creator":"@agencia_infra","twitter_site":"@agencia_infra","twitter_misc":{"Escrito por":"Rodrigo Zuquim","Est. tempo de leitura":"5 minutos"},"schema":{"@context":"https:\/\/schema.org","@graph":[{"@type":"Article","@id":"https:\/\/agenciainfra.com\/blog\/com-fim-da-mp-das-ferrovias-ministerio-estuda-como-autorizar-pedidos-ainda-em-analise\/#article","isPartOf":{"@id":"https:\/\/agenciainfra.com\/blog\/com-fim-da-mp-das-ferrovias-ministerio-estuda-como-autorizar-pedidos-ainda-em-analise\/"},"author":{"name":"Rodrigo Zuquim","@id":"https:\/\/agenciainfra.com\/blog\/#\/schema\/person\/04dbb79bd6d8951f063da71f3e4c1eb1"},"headline":"Com fim da MP das Ferrovias, minist\u00e9rio estuda como autorizar pedidos ainda em an\u00e1lise","datePublished":"2022-02-04T11:00:00+00:00","mainEntityOfPage":{"@id":"https:\/\/agenciainfra.com\/blog\/com-fim-da-mp-das-ferrovias-ministerio-estuda-como-autorizar-pedidos-ainda-em-analise\/"},"wordCount":1083,"publisher":{"@id":"https:\/\/agenciainfra.com\/blog\/#organization"},"image":{"@id":"https:\/\/agenciainfra.com\/blog\/com-fim-da-mp-das-ferrovias-ministerio-estuda-como-autorizar-pedidos-ainda-em-analise\/#primaryimage"},"thumbnailUrl":"https:\/\/agenciainfra.com\/blog\/wp-content\/uploads\/2022\/02\/marcello-costa-foto-cna.png","keywords":["ANTT","autoriza\u00e7\u00f5es ferrovi\u00e1rias","Infraestrutura","Lei 14.273","Marcello da Costa","Marco das Ferrovias","Minist\u00e9rio da Infraestrutura","MP 1.065","MP das Ferrovias","transportes"],"articleSection":["Geral","iNFRATransporte"],"inLanguage":"pt-BR","copyrightYear":"2022","copyrightHolder":{"@id":"https:\/\/agenciainfra.com\/blog\/#organization"}},{"@type":"WebPage","@id":"https:\/\/agenciainfra.com\/blog\/com-fim-da-mp-das-ferrovias-ministerio-estuda-como-autorizar-pedidos-ainda-em-analise\/","url":"https:\/\/agenciainfra.com\/blog\/com-fim-da-mp-das-ferrovias-ministerio-estuda-como-autorizar-pedidos-ainda-em-analise\/","name":"Com fim da MP das Ferrovias, minist\u00e9rio estuda como autorizar pedidos ainda em an\u00e1lise - Ag\u00eancia iNFRA","isPartOf":{"@id":"https:\/\/agenciainfra.com\/blog\/#website"},"primaryImageOfPage":{"@id":"https:\/\/agenciainfra.com\/blog\/com-fim-da-mp-das-ferrovias-ministerio-estuda-como-autorizar-pedidos-ainda-em-analise\/#primaryimage"},"image":{"@id":"https:\/\/agenciainfra.com\/blog\/com-fim-da-mp-das-ferrovias-ministerio-estuda-como-autorizar-pedidos-ainda-em-analise\/#primaryimage"},"thumbnailUrl":"https:\/\/agenciainfra.com\/blog\/wp-content\/uploads\/2022\/02\/marcello-costa-foto-cna.png","datePublished":"2022-02-04T11:00:00+00:00","breadcrumb":{"@id":"https:\/\/agenciainfra.com\/blog\/com-fim-da-mp-das-ferrovias-ministerio-estuda-como-autorizar-pedidos-ainda-em-analise\/#breadcrumb"},"inLanguage":"pt-BR","potentialAction":[{"@type":"ReadAction","target":["https:\/\/agenciainfra.com\/blog\/com-fim-da-mp-das-ferrovias-ministerio-estuda-como-autorizar-pedidos-ainda-em-analise\/"]}]},{"@type":"ImageObject","inLanguage":"pt-BR","@id":"https:\/\/agenciainfra.com\/blog\/com-fim-da-mp-das-ferrovias-ministerio-estuda-como-autorizar-pedidos-ainda-em-analise\/#primaryimage","url":"https:\/\/agenciainfra.com\/blog\/wp-content\/uploads\/2022\/02\/marcello-costa-foto-cna.png","contentUrl":"https:\/\/agenciainfra.com\/blog\/wp-content\/uploads\/2022\/02\/marcello-costa-foto-cna.png","width":1280,"height":855},{"@type":"BreadcrumbList","@id":"https:\/\/agenciainfra.com\/blog\/com-fim-da-mp-das-ferrovias-ministerio-estuda-como-autorizar-pedidos-ainda-em-analise\/#breadcrumb","itemListElement":[{"@type":"ListItem","position":1,"name":"In\u00edcio","item":"https:\/\/agenciainfra.com\/blog\/"},{"@type":"ListItem","position":2,"name":"Com fim da MP das Ferrovias, minist\u00e9rio estuda como autorizar pedidos ainda em an\u00e1lise"}]},{"@type":"WebSite","@id":"https:\/\/agenciainfra.com\/blog\/#website","url":"https:\/\/agenciainfra.com\/blog\/","name":"Ag\u00eancia iNFRA","description":"Multiplataforma de informa\u00e7\u00e3o jornal\u00edstica refer\u00eancia na \u00e1rea de infraestrutura no Brasil!","publisher":{"@id":"https:\/\/agenciainfra.com\/blog\/#organization"},"potentialAction":[{"@type":"SearchAction","target":{"@type":"EntryPoint","urlTemplate":"https:\/\/agenciainfra.com\/blog\/?s={search_term_string}"},"query-input":{"@type":"PropertyValueSpecification","valueRequired":true,"valueName":"search_term_string"}}],"inLanguage":"pt-BR"},{"@type":"Organization","@id":"https:\/\/agenciainfra.com\/blog\/#organization","name":"Ag\u00eancia iNFRA","url":"https:\/\/agenciainfra.com\/blog\/","logo":{"@type":"ImageObject","inLanguage":"pt-BR","@id":"https:\/\/agenciainfra.com\/blog\/#\/schema\/logo\/image\/","url":"https:\/\/agenciainfra.com\/blog\/wp-content\/uploads\/2023\/09\/iNFRA_5-e1761735885940.png","contentUrl":"https:\/\/agenciainfra.com\/blog\/wp-content\/uploads\/2023\/09\/iNFRA_5-e1761735885940.png","width":1672,"height":454,"caption":"Ag\u00eancia iNFRA"},"image":{"@id":"https:\/\/agenciainfra.com\/blog\/#\/schema\/logo\/image\/"},"sameAs":["https:\/\/www.facebook.com\/ageninfra","https:\/\/x.com\/agencia_infra","https:\/\/www.linkedin.com\/company\/ag\u00eanciainfra\/","https:\/\/www.instagram.com\/agenciainfra\/"]},{"@type":"Person","@id":"https:\/\/agenciainfra.com\/blog\/#\/schema\/person\/04dbb79bd6d8951f063da71f3e4c1eb1","name":"Rodrigo Zuquim","image":{"@type":"ImageObject","inLanguage":"pt-BR","@id":"https:\/\/agenciainfra.com\/blog\/#\/schema\/person\/image\/","url":"https:\/\/secure.gravatar.com\/avatar\/594abfe82761d620726242ff34ca472a705a4b97f16c790053a6b4c4035274d0?s=96&d=mm&r=g","contentUrl":"https:\/\/secure.gravatar.com\/avatar\/594abfe82761d620726242ff34ca472a705a4b97f16c790053a6b4c4035274d0?s=96&d=mm&r=g","caption":"Rodrigo Zuquim"},"url":"https:\/\/agenciainfra.com\/blog\/author\/rodrigo-zuquim\/"}]}},"_links":{"self":[{"href":"https:\/\/agenciainfra.com\/blog\/wp-json\/wp\/v2\/posts\/9445","targetHints":{"allow":["GET"]}}],"collection":[{"href":"https:\/\/agenciainfra.com\/blog\/wp-json\/wp\/v2\/posts"}],"about":[{"href":"https:\/\/agenciainfra.com\/blog\/wp-json\/wp\/v2\/types\/post"}],"author":[{"embeddable":true,"href":"https:\/\/agenciainfra.com\/blog\/wp-json\/wp\/v2\/users\/9"}],"replies":[{"embeddable":true,"href":"https:\/\/agenciainfra.com\/blog\/wp-json\/wp\/v2\/comments?post=9445"}],"version-history":[{"count":0,"href":"https:\/\/agenciainfra.com\/blog\/wp-json\/wp\/v2\/posts\/9445\/revisions"}],"wp:featuredmedia":[{"embeddable":true,"href":"https:\/\/agenciainfra.com\/blog\/wp-json\/wp\/v2\/media\/9446"}],"wp:attachment":[{"href":"https:\/\/agenciainfra.com\/blog\/wp-json\/wp\/v2\/media?parent=9445"}],"wp:term":[{"taxonomy":"category","embeddable":true,"href":"https:\/\/agenciainfra.com\/blog\/wp-json\/wp\/v2\/categories?post=9445"},{"taxonomy":"post_tag","embeddable":true,"href":"https:\/\/agenciainfra.com\/blog\/wp-json\/wp\/v2\/tags?post=9445"}],"curies":[{"name":"wp","href":"https:\/\/api.w.org\/{rel}","templated":true}]}}