{"id":9451,"date":"2022-02-05T08:00:00","date_gmt":"2022-02-05T11:00:00","guid":{"rendered":"https:\/\/www.agenciainfra.com\/blog\/?p=9451"},"modified":"2022-02-04T09:17:01","modified_gmt":"2022-02-04T12:17:01","slug":"parlamentares-articulam-esforco-concentrado-em-projetos-de-infraestrutura-no-primeiro-semestre","status":"publish","type":"post","link":"https:\/\/agenciainfra.com\/blog\/parlamentares-articulam-esforco-concentrado-em-projetos-de-infraestrutura-no-primeiro-semestre\/","title":{"rendered":"Parlamentares articulam esfor\u00e7o concentrado em projetos de infraestrutura no primeiro semestre"},"content":{"rendered":"\n<p class=\"has-text-align-right\"><strong>Dimmi Amora, da\u00a0Ag\u00eancia iNFRA<\/strong><\/p>\n\n\n\n<p>Um grupo de parlamentares est\u00e1 articulando junto a lideran\u00e7as do setor empresarial e entre lideran\u00e7as partid\u00e1rias no Congresso criar um movimento para votar medidas legislativas ainda no primeiro\u00a0semestre em prol do desenvolvimento do setor de infraestrutura.<br><br>Chamados de &#8220;Medidas Pr\u00f3-Desenvolvimento da Infraestrutura&#8221;, s\u00e3o projetos que est\u00e3o em tramita\u00e7\u00e3o, seja na C\u00e2mara, seja no Senado, que teriam a capacidade de ajudar a ampliar o desenvolvimento do setor, com alto impacto em prazo\u00a0relativamente curto.\u00a0<br><br>A ideia \u00e9 criar uma janela para que os projetos sejam votados em conjunto em uma quinzena de funcionamento do Parlamento, provavelmente j\u00e1 no m\u00eas de abril. De acordo com apura\u00e7\u00e3o da\u00a0<strong>Ag\u00eancia iNFRA<\/strong>, o desejo\u00a0\u00e9 ter poucas propostas, algo entre seis e oito, para que o esfor\u00e7o concentrado possa apresentar resultados.<br><br>Ainda n\u00e3o foram fechadas as propostas para as quais se vai dar prioridade, mas h\u00e1 expectativa que o projeto de amplia\u00e7\u00e3o das deb\u00eantures de infraestrutura, o novo modelo de licenciamento ambiental e o modelo do setor el\u00e9trico possam estar entre os projetos priorizados.<br><br>Os parlamentares conversaram com associa\u00e7\u00f5es de grande porte no setor ao longo de janeiro e tiveram apoio para a ideia e tamb\u00e9m sugest\u00f5es de propostas. As conversas ao longo da \u00faltima semana, com a volta do funcionamento do Parlamento, passou a ser com l\u00edderes de partidos e com os presidentes das duas casas legislativas.<\/p>\n","protected":false},"excerpt":{"rendered":"<p>Dimmi Amora, da\u00a0Ag\u00eancia iNFRA Um grupo de parlamentares est\u00e1 articulando junto a lideran\u00e7as do setor empresarial e entre lideran\u00e7as partid\u00e1rias no Congresso criar um movimento para votar medidas legislativas ainda no primeiro\u00a0semestre em prol do desenvolvimento do setor de infraestrutura. Chamados de &#8220;Medidas Pr\u00f3-Desenvolvimento da Infraestrutura&#8221;, s\u00e3o projetos que est\u00e3o em tramita\u00e7\u00e3o, seja na C\u00e2mara, [&hellip;]<\/p>\n","protected":false},"author":9,"featured_media":9452,"comment_status":"closed","ping_status":"closed","sticky":false,"template":"","format":"standard","meta":{"_monsterinsights_skip_tracking":false,"_monsterinsights_sitenote_active":false,"_monsterinsights_sitenote_note":"","_monsterinsights_sitenote_category":0,"footnotes":""},"categories":[1,7],"tags":[305,779,4336,34,223,5233,4354,54],"class_list":["post-9451","post","type-post","status-publish","format-standard","has-post-thumbnail","hentry","category-geral","category-infratransporte","tag-camara-dos-deputados","tag-congresso-nacional","tag-debentures-de-infraestrutura","tag-infraestrutura","tag-licenciamento-ambiental","tag-medidas-pro-desenvolvimento-da-infraestrutura","tag-senado-federal","tag-setor-eletrico"],"yoast_head":"<!-- This site is optimized with the Yoast SEO Premium plugin v25.4 (Yoast SEO v26.0) - https:\/\/yoast.com\/wordpress\/plugins\/seo\/ -->\n<title>Parlamentares articulam esfor\u00e7o concentrado em projetos de infraestrutura no primeiro semestre - Ag\u00eancia iNFRA<\/title>\n<meta name=\"robots\" content=\"index, follow, max-snippet:-1, max-image-preview:large, max-video-preview:-1\" \/>\n<link rel=\"canonical\" href=\"https:\/\/agenciainfra.com\/blog\/parlamentares-articulam-esforco-concentrado-em-projetos-de-infraestrutura-no-primeiro-semestre\/\" \/>\n<meta property=\"og:locale\" content=\"pt_BR\" \/>\n<meta property=\"og:type\" content=\"article\" \/>\n<meta property=\"og:title\" content=\"Parlamentares articulam esfor\u00e7o concentrado em projetos de infraestrutura no primeiro semestre\" \/>\n<meta property=\"og:description\" content=\"Dimmi Amora, da\u00a0Ag\u00eancia iNFRA Um grupo de parlamentares est\u00e1 articulando junto a lideran\u00e7as do setor empresarial e entre lideran\u00e7as partid\u00e1rias no Congresso criar um movimento para votar medidas legislativas ainda no primeiro\u00a0semestre em prol do desenvolvimento do setor de infraestrutura. Chamados de &#8220;Medidas Pr\u00f3-Desenvolvimento da Infraestrutura&#8221;, s\u00e3o projetos que est\u00e3o em tramita\u00e7\u00e3o, seja na C\u00e2mara, [&hellip;]\" \/>\n<meta property=\"og:url\" content=\"https:\/\/agenciainfra.com\/blog\/parlamentares-articulam-esforco-concentrado-em-projetos-de-infraestrutura-no-primeiro-semestre\/\" \/>\n<meta property=\"og:site_name\" content=\"Ag\u00eancia iNFRA\" \/>\n<meta property=\"article:publisher\" content=\"https:\/\/www.facebook.com\/ageninfra\" \/>\n<meta property=\"article:published_time\" content=\"2022-02-05T11:00:00+00:00\" \/>\n<meta property=\"og:image\" content=\"https:\/\/agenciainfra.com\/blog\/wp-content\/uploads\/2022\/02\/congresso-foto-marcos-oliveira-agencia-senado.jpeg\" \/>\n\t<meta property=\"og:image:width\" content=\"1280\" \/>\n\t<meta property=\"og:image:height\" content=\"854\" \/>\n\t<meta property=\"og:image:type\" content=\"image\/jpeg\" \/>\n<meta name=\"author\" content=\"Rodrigo Zuquim\" \/>\n<meta name=\"twitter:card\" content=\"summary_large_image\" \/>\n<meta name=\"twitter:creator\" content=\"@agencia_infra\" \/>\n<meta name=\"twitter:site\" content=\"@agencia_infra\" \/>\n<meta name=\"twitter:label1\" content=\"Escrito por\" \/>\n\t<meta name=\"twitter:data1\" content=\"Rodrigo Zuquim\" \/>\n\t<meta name=\"twitter:label2\" content=\"Est. tempo de leitura\" \/>\n\t<meta name=\"twitter:data2\" content=\"1 minuto\" \/>\n<script type=\"application\/ld+json\" class=\"yoast-schema-graph\">{\"@context\":\"https:\/\/schema.org\",\"@graph\":[{\"@type\":\"Article\",\"@id\":\"https:\/\/agenciainfra.com\/blog\/parlamentares-articulam-esforco-concentrado-em-projetos-de-infraestrutura-no-primeiro-semestre\/#article\",\"isPartOf\":{\"@id\":\"https:\/\/agenciainfra.com\/blog\/parlamentares-articulam-esforco-concentrado-em-projetos-de-infraestrutura-no-primeiro-semestre\/\"},\"author\":{\"name\":\"Rodrigo Zuquim\",\"@id\":\"https:\/\/agenciainfra.com\/blog\/#\/schema\/person\/04dbb79bd6d8951f063da71f3e4c1eb1\"},\"headline\":\"Parlamentares articulam esfor\u00e7o concentrado em projetos de infraestrutura no primeiro semestre\",\"datePublished\":\"2022-02-05T11:00:00+00:00\",\"mainEntityOfPage\":{\"@id\":\"https:\/\/agenciainfra.com\/blog\/parlamentares-articulam-esforco-concentrado-em-projetos-de-infraestrutura-no-primeiro-semestre\/\"},\"wordCount\":260,\"publisher\":{\"@id\":\"https:\/\/agenciainfra.com\/blog\/#organization\"},\"image\":{\"@id\":\"https:\/\/agenciainfra.com\/blog\/parlamentares-articulam-esforco-concentrado-em-projetos-de-infraestrutura-no-primeiro-semestre\/#primaryimage\"},\"thumbnailUrl\":\"https:\/\/agenciainfra.com\/blog\/wp-content\/uploads\/2022\/02\/congresso-foto-marcos-oliveira-agencia-senado.jpeg\",\"keywords\":[\"C\u00e2mara dos Deputados\",\"Congresso Nacional\",\"deb\u00eantures de infraestrutura\",\"Infraestrutura\",\"Licenciamento ambiental\",\"Medidas Pr\u00f3-Desenvolvimento da Infraestrutura\",\"Senado Federal\",\"Setor El\u00e9trico\"],\"articleSection\":[\"Geral\",\"iNFRATransporte\"],\"inLanguage\":\"pt-BR\",\"copyrightYear\":\"2022\",\"copyrightHolder\":{\"@id\":\"https:\/\/agenciainfra.com\/blog\/#organization\"}},{\"@type\":\"WebPage\",\"@id\":\"https:\/\/agenciainfra.com\/blog\/parlamentares-articulam-esforco-concentrado-em-projetos-de-infraestrutura-no-primeiro-semestre\/\",\"url\":\"https:\/\/agenciainfra.com\/blog\/parlamentares-articulam-esforco-concentrado-em-projetos-de-infraestrutura-no-primeiro-semestre\/\",\"name\":\"Parlamentares articulam esfor\u00e7o concentrado em projetos de infraestrutura no primeiro semestre - Ag\u00eancia iNFRA\",\"isPartOf\":{\"@id\":\"https:\/\/agenciainfra.com\/blog\/#website\"},\"primaryImageOfPage\":{\"@id\":\"https:\/\/agenciainfra.com\/blog\/parlamentares-articulam-esforco-concentrado-em-projetos-de-infraestrutura-no-primeiro-semestre\/#primaryimage\"},\"image\":{\"@id\":\"https:\/\/agenciainfra.com\/blog\/parlamentares-articulam-esforco-concentrado-em-projetos-de-infraestrutura-no-primeiro-semestre\/#primaryimage\"},\"thumbnailUrl\":\"https:\/\/agenciainfra.com\/blog\/wp-content\/uploads\/2022\/02\/congresso-foto-marcos-oliveira-agencia-senado.jpeg\",\"datePublished\":\"2022-02-05T11:00:00+00:00\",\"breadcrumb\":{\"@id\":\"https:\/\/agenciainfra.com\/blog\/parlamentares-articulam-esforco-concentrado-em-projetos-de-infraestrutura-no-primeiro-semestre\/#breadcrumb\"},\"inLanguage\":\"pt-BR\",\"potentialAction\":[{\"@type\":\"ReadAction\",\"target\":[\"https:\/\/agenciainfra.com\/blog\/parlamentares-articulam-esforco-concentrado-em-projetos-de-infraestrutura-no-primeiro-semestre\/\"]}]},{\"@type\":\"ImageObject\",\"inLanguage\":\"pt-BR\",\"@id\":\"https:\/\/agenciainfra.com\/blog\/parlamentares-articulam-esforco-concentrado-em-projetos-de-infraestrutura-no-primeiro-semestre\/#primaryimage\",\"url\":\"https:\/\/agenciainfra.com\/blog\/wp-content\/uploads\/2022\/02\/congresso-foto-marcos-oliveira-agencia-senado.jpeg\",\"contentUrl\":\"https:\/\/agenciainfra.com\/blog\/wp-content\/uploads\/2022\/02\/congresso-foto-marcos-oliveira-agencia-senado.jpeg\",\"width\":1280,\"height\":854,\"caption\":\"Foto: Marcos Oliveira\/Ag\u00eancia Senado\"},{\"@type\":\"BreadcrumbList\",\"@id\":\"https:\/\/agenciainfra.com\/blog\/parlamentares-articulam-esforco-concentrado-em-projetos-de-infraestrutura-no-primeiro-semestre\/#breadcrumb\",\"itemListElement\":[{\"@type\":\"ListItem\",\"position\":1,\"name\":\"In\u00edcio\",\"item\":\"https:\/\/agenciainfra.com\/blog\/\"},{\"@type\":\"ListItem\",\"position\":2,\"name\":\"Parlamentares articulam esfor\u00e7o concentrado em projetos de infraestrutura no primeiro semestre\"}]},{\"@type\":\"WebSite\",\"@id\":\"https:\/\/agenciainfra.com\/blog\/#website\",\"url\":\"https:\/\/agenciainfra.com\/blog\/\",\"name\":\"Ag\u00eancia iNFRA\",\"description\":\"Multiplataforma de informa\u00e7\u00e3o jornal\u00edstica refer\u00eancia na \u00e1rea de infraestrutura no Brasil!\",\"publisher\":{\"@id\":\"https:\/\/agenciainfra.com\/blog\/#organization\"},\"potentialAction\":[{\"@type\":\"SearchAction\",\"target\":{\"@type\":\"EntryPoint\",\"urlTemplate\":\"https:\/\/agenciainfra.com\/blog\/?s={search_term_string}\"},\"query-input\":{\"@type\":\"PropertyValueSpecification\",\"valueRequired\":true,\"valueName\":\"search_term_string\"}}],\"inLanguage\":\"pt-BR\"},{\"@type\":\"Organization\",\"@id\":\"https:\/\/agenciainfra.com\/blog\/#organization\",\"name\":\"Ag\u00eancia iNFRA\",\"url\":\"https:\/\/agenciainfra.com\/blog\/\",\"logo\":{\"@type\":\"ImageObject\",\"inLanguage\":\"pt-BR\",\"@id\":\"https:\/\/agenciainfra.com\/blog\/#\/schema\/logo\/image\/\",\"url\":\"https:\/\/agenciainfra.com\/blog\/wp-content\/uploads\/2023\/09\/iNFRA_5-e1761735885940.png\",\"contentUrl\":\"https:\/\/agenciainfra.com\/blog\/wp-content\/uploads\/2023\/09\/iNFRA_5-e1761735885940.png\",\"width\":1672,\"height\":454,\"caption\":\"Ag\u00eancia iNFRA\"},\"image\":{\"@id\":\"https:\/\/agenciainfra.com\/blog\/#\/schema\/logo\/image\/\"},\"sameAs\":[\"https:\/\/www.facebook.com\/ageninfra\",\"https:\/\/x.com\/agencia_infra\",\"https:\/\/www.linkedin.com\/company\/ag\u00eanciainfra\/\",\"https:\/\/www.instagram.com\/agenciainfra\/\"]},{\"@type\":\"Person\",\"@id\":\"https:\/\/agenciainfra.com\/blog\/#\/schema\/person\/04dbb79bd6d8951f063da71f3e4c1eb1\",\"name\":\"Rodrigo Zuquim\",\"image\":{\"@type\":\"ImageObject\",\"inLanguage\":\"pt-BR\",\"@id\":\"https:\/\/agenciainfra.com\/blog\/#\/schema\/person\/image\/\",\"url\":\"https:\/\/secure.gravatar.com\/avatar\/594abfe82761d620726242ff34ca472a705a4b97f16c790053a6b4c4035274d0?s=96&d=mm&r=g\",\"contentUrl\":\"https:\/\/secure.gravatar.com\/avatar\/594abfe82761d620726242ff34ca472a705a4b97f16c790053a6b4c4035274d0?s=96&d=mm&r=g\",\"caption\":\"Rodrigo Zuquim\"},\"url\":\"https:\/\/agenciainfra.com\/blog\/author\/rodrigo-zuquim\/\"}]}<\/script>\n<!-- \/ Yoast SEO Premium plugin. -->","yoast_head_json":{"title":"Parlamentares articulam esfor\u00e7o concentrado em projetos de infraestrutura no primeiro semestre - Ag\u00eancia iNFRA","robots":{"index":"index","follow":"follow","max-snippet":"max-snippet:-1","max-image-preview":"max-image-preview:large","max-video-preview":"max-video-preview:-1"},"canonical":"https:\/\/agenciainfra.com\/blog\/parlamentares-articulam-esforco-concentrado-em-projetos-de-infraestrutura-no-primeiro-semestre\/","og_locale":"pt_BR","og_type":"article","og_title":"Parlamentares articulam esfor\u00e7o concentrado em projetos de infraestrutura no primeiro semestre","og_description":"Dimmi Amora, da\u00a0Ag\u00eancia iNFRA Um grupo de parlamentares est\u00e1 articulando junto a lideran\u00e7as do setor empresarial e entre lideran\u00e7as partid\u00e1rias no Congresso criar um movimento para votar medidas legislativas ainda no primeiro\u00a0semestre em prol do desenvolvimento do setor de infraestrutura. Chamados de &#8220;Medidas Pr\u00f3-Desenvolvimento da Infraestrutura&#8221;, s\u00e3o projetos que est\u00e3o em tramita\u00e7\u00e3o, seja na C\u00e2mara, [&hellip;]","og_url":"https:\/\/agenciainfra.com\/blog\/parlamentares-articulam-esforco-concentrado-em-projetos-de-infraestrutura-no-primeiro-semestre\/","og_site_name":"Ag\u00eancia iNFRA","article_publisher":"https:\/\/www.facebook.com\/ageninfra","article_published_time":"2022-02-05T11:00:00+00:00","og_image":[{"width":1280,"height":854,"url":"https:\/\/agenciainfra.com\/blog\/wp-content\/uploads\/2022\/02\/congresso-foto-marcos-oliveira-agencia-senado.jpeg","type":"image\/jpeg"}],"author":"Rodrigo Zuquim","twitter_card":"summary_large_image","twitter_creator":"@agencia_infra","twitter_site":"@agencia_infra","twitter_misc":{"Escrito por":"Rodrigo Zuquim","Est. tempo de leitura":"1 minuto"},"schema":{"@context":"https:\/\/schema.org","@graph":[{"@type":"Article","@id":"https:\/\/agenciainfra.com\/blog\/parlamentares-articulam-esforco-concentrado-em-projetos-de-infraestrutura-no-primeiro-semestre\/#article","isPartOf":{"@id":"https:\/\/agenciainfra.com\/blog\/parlamentares-articulam-esforco-concentrado-em-projetos-de-infraestrutura-no-primeiro-semestre\/"},"author":{"name":"Rodrigo Zuquim","@id":"https:\/\/agenciainfra.com\/blog\/#\/schema\/person\/04dbb79bd6d8951f063da71f3e4c1eb1"},"headline":"Parlamentares articulam esfor\u00e7o concentrado em projetos de infraestrutura no primeiro semestre","datePublished":"2022-02-05T11:00:00+00:00","mainEntityOfPage":{"@id":"https:\/\/agenciainfra.com\/blog\/parlamentares-articulam-esforco-concentrado-em-projetos-de-infraestrutura-no-primeiro-semestre\/"},"wordCount":260,"publisher":{"@id":"https:\/\/agenciainfra.com\/blog\/#organization"},"image":{"@id":"https:\/\/agenciainfra.com\/blog\/parlamentares-articulam-esforco-concentrado-em-projetos-de-infraestrutura-no-primeiro-semestre\/#primaryimage"},"thumbnailUrl":"https:\/\/agenciainfra.com\/blog\/wp-content\/uploads\/2022\/02\/congresso-foto-marcos-oliveira-agencia-senado.jpeg","keywords":["C\u00e2mara dos Deputados","Congresso Nacional","deb\u00eantures de infraestrutura","Infraestrutura","Licenciamento ambiental","Medidas Pr\u00f3-Desenvolvimento da Infraestrutura","Senado Federal","Setor El\u00e9trico"],"articleSection":["Geral","iNFRATransporte"],"inLanguage":"pt-BR","copyrightYear":"2022","copyrightHolder":{"@id":"https:\/\/agenciainfra.com\/blog\/#organization"}},{"@type":"WebPage","@id":"https:\/\/agenciainfra.com\/blog\/parlamentares-articulam-esforco-concentrado-em-projetos-de-infraestrutura-no-primeiro-semestre\/","url":"https:\/\/agenciainfra.com\/blog\/parlamentares-articulam-esforco-concentrado-em-projetos-de-infraestrutura-no-primeiro-semestre\/","name":"Parlamentares articulam esfor\u00e7o concentrado em projetos de infraestrutura no primeiro semestre - Ag\u00eancia iNFRA","isPartOf":{"@id":"https:\/\/agenciainfra.com\/blog\/#website"},"primaryImageOfPage":{"@id":"https:\/\/agenciainfra.com\/blog\/parlamentares-articulam-esforco-concentrado-em-projetos-de-infraestrutura-no-primeiro-semestre\/#primaryimage"},"image":{"@id":"https:\/\/agenciainfra.com\/blog\/parlamentares-articulam-esforco-concentrado-em-projetos-de-infraestrutura-no-primeiro-semestre\/#primaryimage"},"thumbnailUrl":"https:\/\/agenciainfra.com\/blog\/wp-content\/uploads\/2022\/02\/congresso-foto-marcos-oliveira-agencia-senado.jpeg","datePublished":"2022-02-05T11:00:00+00:00","breadcrumb":{"@id":"https:\/\/agenciainfra.com\/blog\/parlamentares-articulam-esforco-concentrado-em-projetos-de-infraestrutura-no-primeiro-semestre\/#breadcrumb"},"inLanguage":"pt-BR","potentialAction":[{"@type":"ReadAction","target":["https:\/\/agenciainfra.com\/blog\/parlamentares-articulam-esforco-concentrado-em-projetos-de-infraestrutura-no-primeiro-semestre\/"]}]},{"@type":"ImageObject","inLanguage":"pt-BR","@id":"https:\/\/agenciainfra.com\/blog\/parlamentares-articulam-esforco-concentrado-em-projetos-de-infraestrutura-no-primeiro-semestre\/#primaryimage","url":"https:\/\/agenciainfra.com\/blog\/wp-content\/uploads\/2022\/02\/congresso-foto-marcos-oliveira-agencia-senado.jpeg","contentUrl":"https:\/\/agenciainfra.com\/blog\/wp-content\/uploads\/2022\/02\/congresso-foto-marcos-oliveira-agencia-senado.jpeg","width":1280,"height":854,"caption":"Foto: Marcos Oliveira\/Ag\u00eancia Senado"},{"@type":"BreadcrumbList","@id":"https:\/\/agenciainfra.com\/blog\/parlamentares-articulam-esforco-concentrado-em-projetos-de-infraestrutura-no-primeiro-semestre\/#breadcrumb","itemListElement":[{"@type":"ListItem","position":1,"name":"In\u00edcio","item":"https:\/\/agenciainfra.com\/blog\/"},{"@type":"ListItem","position":2,"name":"Parlamentares articulam esfor\u00e7o concentrado em projetos de infraestrutura no primeiro semestre"}]},{"@type":"WebSite","@id":"https:\/\/agenciainfra.com\/blog\/#website","url":"https:\/\/agenciainfra.com\/blog\/","name":"Ag\u00eancia iNFRA","description":"Multiplataforma de informa\u00e7\u00e3o jornal\u00edstica refer\u00eancia na \u00e1rea de infraestrutura no Brasil!","publisher":{"@id":"https:\/\/agenciainfra.com\/blog\/#organization"},"potentialAction":[{"@type":"SearchAction","target":{"@type":"EntryPoint","urlTemplate":"https:\/\/agenciainfra.com\/blog\/?s={search_term_string}"},"query-input":{"@type":"PropertyValueSpecification","valueRequired":true,"valueName":"search_term_string"}}],"inLanguage":"pt-BR"},{"@type":"Organization","@id":"https:\/\/agenciainfra.com\/blog\/#organization","name":"Ag\u00eancia iNFRA","url":"https:\/\/agenciainfra.com\/blog\/","logo":{"@type":"ImageObject","inLanguage":"pt-BR","@id":"https:\/\/agenciainfra.com\/blog\/#\/schema\/logo\/image\/","url":"https:\/\/agenciainfra.com\/blog\/wp-content\/uploads\/2023\/09\/iNFRA_5-e1761735885940.png","contentUrl":"https:\/\/agenciainfra.com\/blog\/wp-content\/uploads\/2023\/09\/iNFRA_5-e1761735885940.png","width":1672,"height":454,"caption":"Ag\u00eancia iNFRA"},"image":{"@id":"https:\/\/agenciainfra.com\/blog\/#\/schema\/logo\/image\/"},"sameAs":["https:\/\/www.facebook.com\/ageninfra","https:\/\/x.com\/agencia_infra","https:\/\/www.linkedin.com\/company\/ag\u00eanciainfra\/","https:\/\/www.instagram.com\/agenciainfra\/"]},{"@type":"Person","@id":"https:\/\/agenciainfra.com\/blog\/#\/schema\/person\/04dbb79bd6d8951f063da71f3e4c1eb1","name":"Rodrigo Zuquim","image":{"@type":"ImageObject","inLanguage":"pt-BR","@id":"https:\/\/agenciainfra.com\/blog\/#\/schema\/person\/image\/","url":"https:\/\/secure.gravatar.com\/avatar\/594abfe82761d620726242ff34ca472a705a4b97f16c790053a6b4c4035274d0?s=96&d=mm&r=g","contentUrl":"https:\/\/secure.gravatar.com\/avatar\/594abfe82761d620726242ff34ca472a705a4b97f16c790053a6b4c4035274d0?s=96&d=mm&r=g","caption":"Rodrigo Zuquim"},"url":"https:\/\/agenciainfra.com\/blog\/author\/rodrigo-zuquim\/"}]}},"_links":{"self":[{"href":"https:\/\/agenciainfra.com\/blog\/wp-json\/wp\/v2\/posts\/9451","targetHints":{"allow":["GET"]}}],"collection":[{"href":"https:\/\/agenciainfra.com\/blog\/wp-json\/wp\/v2\/posts"}],"about":[{"href":"https:\/\/agenciainfra.com\/blog\/wp-json\/wp\/v2\/types\/post"}],"author":[{"embeddable":true,"href":"https:\/\/agenciainfra.com\/blog\/wp-json\/wp\/v2\/users\/9"}],"replies":[{"embeddable":true,"href":"https:\/\/agenciainfra.com\/blog\/wp-json\/wp\/v2\/comments?post=9451"}],"version-history":[{"count":0,"href":"https:\/\/agenciainfra.com\/blog\/wp-json\/wp\/v2\/posts\/9451\/revisions"}],"wp:featuredmedia":[{"embeddable":true,"href":"https:\/\/agenciainfra.com\/blog\/wp-json\/wp\/v2\/media\/9452"}],"wp:attachment":[{"href":"https:\/\/agenciainfra.com\/blog\/wp-json\/wp\/v2\/media?parent=9451"}],"wp:term":[{"taxonomy":"category","embeddable":true,"href":"https:\/\/agenciainfra.com\/blog\/wp-json\/wp\/v2\/categories?post=9451"},{"taxonomy":"post_tag","embeddable":true,"href":"https:\/\/agenciainfra.com\/blog\/wp-json\/wp\/v2\/tags?post=9451"}],"curies":[{"name":"wp","href":"https:\/\/api.w.org\/{rel}","templated":true}]}}