{"id":9459,"date":"2022-02-08T08:00:00","date_gmt":"2022-02-08T11:00:00","guid":{"rendered":"https:\/\/www.agenciainfra.com\/blog\/?p=9459"},"modified":"2022-02-07T11:15:15","modified_gmt":"2022-02-07T14:15:15","slug":"acao-contra-sse-thc2-transita-em-julgado-no-stj-com-cobranca-considerada-legal","status":"publish","type":"post","link":"https:\/\/agenciainfra.com\/blog\/acao-contra-sse-thc2-transita-em-julgado-no-stj-com-cobranca-considerada-legal\/","title":{"rendered":"A\u00e7\u00e3o contra SSE\/THC2 transita em julgado no STJ, com cobran\u00e7a considerada legal"},"content":{"rendered":"\n<p class=\"has-text-align-right\"><strong>Dimmi Amora, da&nbsp;Ag\u00eancia iNFRA<\/strong><\/p>\n\n\n\n<p>Uma das mais antigas a\u00e7\u00f5es contra a cobran\u00e7a do SSE (Servi\u00e7o de Segrega\u00e7\u00e3o e Entrega), que na \u00e9poca era conhecido apenas pelo nome de THC2, teve seu encerramento no in\u00edcio deste ano no STJ (Superior Tribunal de Justi\u00e7a), com decis\u00e3o favor\u00e1vel \u00e0 permiss\u00e3o da cobran\u00e7a.<br><br>A a\u00e7\u00e3o inicial era uma a\u00e7\u00e3o civil p\u00fablica do ano de 2006, impetrada em Santos (SP) contra v\u00e1rios terminais de cont\u00eaineres que praticam a cobran\u00e7a, pelo Idusp\u00a0(Instituto de Defesa dos Usu\u00e1rios de Servi\u00e7o P\u00fablico). A alega\u00e7\u00e3o era de ilegalidade da cobran\u00e7a, considerada em duplicidade.<br><br>Depois de passar por v\u00e1rios tr\u00e2mites e ser julgada improcedente em todos, o recurso final contra o tema foi avaliado no in\u00edcio do ano pelo ministro Francisco Falc\u00e3o, que decidiu negar todos e considerou o caso transitado em julgado, ou seja, n\u00e3o h\u00e1 mais como fazer apela\u00e7\u00e3o.<br><br>A decis\u00e3o est\u00e1 sendo considerada uma importante vit\u00f3ria dos terminais de cont\u00eaineres &#8220;molhados&#8221; (com acesso aos navios), que fazem a cobran\u00e7a do SSE dos terminais retroalfandegados, que pegam cargas que chegam dos navios para fazer armazenagem e outros servi\u00e7os em suas \u00e1reas.<br><br>Na\u00a0semana passada, os retroalfandegados \u00e9 que\u00a0tinham tido uma decis\u00e3o considerada a seu favor, por parte do Minist\u00e9rio da Economia. Numa avalia\u00e7\u00e3o da Fiarc\u00a0(Frente Intensiva de Avalia\u00e7\u00e3o Regulat\u00f3ria e Concorrencial), feita pela Seae (Secretaria de Acompanhamento Econ\u00f4mico), o SSE foi considerado uma cobran\u00e7a anticoncorrencial e foram pedidas mudan\u00e7as \u00e0 ag\u00eancia reguladora.<br><br>A avalia\u00e7\u00e3o da Fiarc\u00a0foi mais radical que a atual posi\u00e7\u00e3o do Cade (Conselho Administrativo de Defesa Econ\u00f4mica), \u00f3rg\u00e3o do Minist\u00e9rio da Justi\u00e7a, que j\u00e1 trabalha h\u00e1 anos na avalia\u00e7\u00e3o concorrencial do tema e vem tentando convergir para uma posi\u00e7\u00e3o mais pr\u00f3xima \u00e0 da ANTAQ (Ag\u00eancia Nacional de Transportes Aquavi\u00e1rios).<br><br><strong>Tentativa de acordo<\/strong><br>Desde 2019, quando a ANTAQ editou a Resolu\u00e7\u00e3o Normativa 34 considerando o SSE legal e determinando a cria\u00e7\u00e3o de regras para punir casos abusivos, a \u00e1rea t\u00e9cnica do Cade passou a considerar a cobran\u00e7a legal, apesar de entender que ela precisa de regula\u00e7\u00e3o para evitar abusos de posi\u00e7\u00e3o dominante.\u00a0Cade e ANTAQ tentam desde o ano passado um acordo para regular o SSE, ainda n\u00e3o concretizado.<br><br>No caso da decis\u00e3o do STJ, o processo foi longo porque foram necess\u00e1rias avalia\u00e7\u00f5es sobre suspei\u00e7\u00e3o de um dos relatores do processo, o ministro Herman Benjamin. Mas em mar\u00e7o do ano passado, o pr\u00f3prio Benjamin levou o caso \u00e0 2\u00aa Turma entendendo que n\u00e3o havia suspei\u00e7\u00e3o, o que teve a concord\u00e2ncia de todos os ministros.<br><br><strong>Embargo negado<\/strong><br>O \u00faltimo julgamento foi um embargo impetrado pela Usuport-BA (Associa\u00e7\u00e3o dos Usu\u00e1rios de Portos da Bahia), que pediu para ingressar no processo como amicus curiae e tamb\u00e9m pediu embargo sobre a decis\u00e3o de suspei\u00e7\u00e3o. No in\u00edcio de janeiro, o presidente da turma considerou que o recurso era improcedente e decidiu pelo transito em julgado.<br><br>Na decis\u00e3o do Tribunal de Justi\u00e7a de S\u00e3o Paulo, que \u00e9 a que est\u00e1 valendo por n\u00e3o ter sido derrubada no STJ, o desembargador Roberto Mac Cracken escreve que a &#8220;cobran\u00e7a da taxa de segrega\u00e7\u00e3o e entrega de cont\u00eaineres efetuada pelos Operadores Portu\u00e1rios n\u00e3o \u00e9 ilegal&#8221;.<br><br>Diz ainda n\u00e3o haver subordina\u00e7\u00e3o entre operadores portu\u00e1rios e terminais retroalfandegados e que a tarifa n\u00e3o \u00e9 fixada\u00a0livremente ou de forma abusiva, n\u00e3o havendo portanto &#8220;condutas lesivas \u00e0 livre concorr\u00eancia&#8221;.<br><br><strong>Sinaliza\u00e7\u00e3o<\/strong><br>Luciana L\u00f3ssio,\u00a0s\u00f3cia do escrit\u00f3rio Luciana L\u00f3ssio Advogados e que defendeu uma das empresas, a Libra Terminais, diz que o STJ \u00e9 o tribunal que uniformiza o entendimento jurisprudencial do pa\u00eds. Segundo ela, n\u00e3o h\u00e1 nenhuma vincula\u00e7\u00e3o do caso \u00e0s dezenas de outros que tramitam em v\u00e1rias inst\u00e2ncias da Justi\u00e7a pelo pa\u00eds, mas que o tr\u00e2nsito em julgado desse processo deve balizar os caminhos.<br><br>&#8220;Ele sinaliza de forma muito clara o que deve ser decidido&#8221;, defendeu L\u00f3ssio, lembrando que as decis\u00f5es sobre a\u00e7\u00f5es civis p\u00fablicas t\u00eam efeito nacional. &#8220;A decis\u00e3o mostrou que a cobran\u00e7a do SSE n\u00e3o tem natureza lesiva alguma \u00e0 ordem econ\u00f4mica e n\u00e3o \u00e9 anticoncorrencial.&#8221;<\/p>\n","protected":false},"excerpt":{"rendered":"<p>Dimmi Amora, da&nbsp;Ag\u00eancia iNFRA Uma das mais antigas a\u00e7\u00f5es contra a cobran\u00e7a do SSE (Servi\u00e7o de Segrega\u00e7\u00e3o e Entrega), que na \u00e9poca era conhecido apenas pelo nome de THC2, teve seu encerramento no in\u00edcio deste ano no STJ (Superior Tribunal de Justi\u00e7a), com decis\u00e3o favor\u00e1vel \u00e0 permiss\u00e3o da cobran\u00e7a. A a\u00e7\u00e3o inicial era uma a\u00e7\u00e3o [&hellip;]<\/p>\n","protected":false},"author":9,"featured_media":3016,"comment_status":"closed","ping_status":"closed","sticky":false,"template":"","format":"standard","meta":{"_monsterinsights_skip_tracking":false,"_monsterinsights_sitenote_active":false,"_monsterinsights_sitenote_note":"","_monsterinsights_sitenote_category":0,"footnotes":""},"categories":[1,7],"tags":[86,371,5226,5238,310,1828,1717,1489,623,552],"class_list":["post-9459","post","type-post","status-publish","format-standard","has-post-thumbnail","hentry","category-geral","category-infratransporte","tag-antaq","tag-cade","tag-fiarc","tag-idusp","tag-portos","tag-resolucao-normativa-34-da-antaq","tag-sse","tag-stj","tag-terminais-portuarios","tag-thc2"],"yoast_head":"<!-- This site is optimized with the Yoast SEO Premium plugin v25.4 (Yoast SEO v26.0) - https:\/\/yoast.com\/wordpress\/plugins\/seo\/ -->\n<title>A\u00e7\u00e3o contra SSE\/THC2 transita em julgado no STJ, com cobran\u00e7a considerada legal - Ag\u00eancia iNFRA<\/title>\n<meta name=\"robots\" content=\"index, follow, max-snippet:-1, max-image-preview:large, max-video-preview:-1\" \/>\n<link rel=\"canonical\" href=\"https:\/\/agenciainfra.com\/blog\/acao-contra-sse-thc2-transita-em-julgado-no-stj-com-cobranca-considerada-legal\/\" \/>\n<meta property=\"og:locale\" content=\"pt_BR\" \/>\n<meta property=\"og:type\" content=\"article\" \/>\n<meta property=\"og:title\" content=\"A\u00e7\u00e3o contra SSE\/THC2 transita em julgado no STJ, com cobran\u00e7a considerada legal\" \/>\n<meta property=\"og:description\" content=\"Dimmi Amora, da&nbsp;Ag\u00eancia iNFRA Uma das mais antigas a\u00e7\u00f5es contra a cobran\u00e7a do SSE (Servi\u00e7o de Segrega\u00e7\u00e3o e Entrega), que na \u00e9poca era conhecido apenas pelo nome de THC2, teve seu encerramento no in\u00edcio deste ano no STJ (Superior Tribunal de Justi\u00e7a), com decis\u00e3o favor\u00e1vel \u00e0 permiss\u00e3o da cobran\u00e7a. A a\u00e7\u00e3o inicial era uma a\u00e7\u00e3o [&hellip;]\" \/>\n<meta property=\"og:url\" content=\"https:\/\/agenciainfra.com\/blog\/acao-contra-sse-thc2-transita-em-julgado-no-stj-com-cobranca-considerada-legal\/\" \/>\n<meta property=\"og:site_name\" content=\"Ag\u00eancia iNFRA\" \/>\n<meta property=\"article:publisher\" content=\"https:\/\/www.facebook.com\/ageninfra\" \/>\n<meta property=\"article:published_time\" content=\"2022-02-08T11:00:00+00:00\" \/>\n<meta property=\"og:image\" content=\"https:\/\/agenciainfra.com\/blog\/wp-content\/uploads\/2019\/03\/conteineres-jessica-lima-suape.jpg\" \/>\n\t<meta property=\"og:image:width\" content=\"1280\" \/>\n\t<meta property=\"og:image:height\" content=\"720\" \/>\n\t<meta property=\"og:image:type\" content=\"image\/jpeg\" \/>\n<meta name=\"author\" content=\"Rodrigo Zuquim\" \/>\n<meta name=\"twitter:card\" content=\"summary_large_image\" \/>\n<meta name=\"twitter:creator\" content=\"@agencia_infra\" \/>\n<meta name=\"twitter:site\" content=\"@agencia_infra\" \/>\n<meta name=\"twitter:label1\" content=\"Escrito por\" \/>\n\t<meta name=\"twitter:data1\" content=\"Rodrigo Zuquim\" \/>\n\t<meta name=\"twitter:label2\" content=\"Est. tempo de leitura\" \/>\n\t<meta name=\"twitter:data2\" content=\"4 minutos\" \/>\n<script type=\"application\/ld+json\" class=\"yoast-schema-graph\">{\"@context\":\"https:\/\/schema.org\",\"@graph\":[{\"@type\":\"Article\",\"@id\":\"https:\/\/agenciainfra.com\/blog\/acao-contra-sse-thc2-transita-em-julgado-no-stj-com-cobranca-considerada-legal\/#article\",\"isPartOf\":{\"@id\":\"https:\/\/agenciainfra.com\/blog\/acao-contra-sse-thc2-transita-em-julgado-no-stj-com-cobranca-considerada-legal\/\"},\"author\":{\"name\":\"Rodrigo Zuquim\",\"@id\":\"https:\/\/agenciainfra.com\/blog\/#\/schema\/person\/04dbb79bd6d8951f063da71f3e4c1eb1\"},\"headline\":\"A\u00e7\u00e3o contra SSE\/THC2 transita em julgado no STJ, com cobran\u00e7a considerada legal\",\"datePublished\":\"2022-02-08T11:00:00+00:00\",\"mainEntityOfPage\":{\"@id\":\"https:\/\/agenciainfra.com\/blog\/acao-contra-sse-thc2-transita-em-julgado-no-stj-com-cobranca-considerada-legal\/\"},\"wordCount\":766,\"publisher\":{\"@id\":\"https:\/\/agenciainfra.com\/blog\/#organization\"},\"image\":{\"@id\":\"https:\/\/agenciainfra.com\/blog\/acao-contra-sse-thc2-transita-em-julgado-no-stj-com-cobranca-considerada-legal\/#primaryimage\"},\"thumbnailUrl\":\"https:\/\/agenciainfra.com\/blog\/wp-content\/uploads\/2019\/03\/conteineres-jessica-lima-suape.jpg\",\"keywords\":[\"ANTAQ\",\"Cade\",\"Fiarc\",\"Idusp\",\"portos\",\"Resolu\u00e7\u00e3o Normativa 34 da ANTAQ\",\"SSE\",\"STJ\",\"terminais portu\u00e1rios\",\"THC2\"],\"articleSection\":[\"Geral\",\"iNFRATransporte\"],\"inLanguage\":\"pt-BR\",\"copyrightYear\":\"2022\",\"copyrightHolder\":{\"@id\":\"https:\/\/agenciainfra.com\/blog\/#organization\"}},{\"@type\":\"WebPage\",\"@id\":\"https:\/\/agenciainfra.com\/blog\/acao-contra-sse-thc2-transita-em-julgado-no-stj-com-cobranca-considerada-legal\/\",\"url\":\"https:\/\/agenciainfra.com\/blog\/acao-contra-sse-thc2-transita-em-julgado-no-stj-com-cobranca-considerada-legal\/\",\"name\":\"A\u00e7\u00e3o contra SSE\/THC2 transita em julgado no STJ, com cobran\u00e7a considerada legal - Ag\u00eancia iNFRA\",\"isPartOf\":{\"@id\":\"https:\/\/agenciainfra.com\/blog\/#website\"},\"primaryImageOfPage\":{\"@id\":\"https:\/\/agenciainfra.com\/blog\/acao-contra-sse-thc2-transita-em-julgado-no-stj-com-cobranca-considerada-legal\/#primaryimage\"},\"image\":{\"@id\":\"https:\/\/agenciainfra.com\/blog\/acao-contra-sse-thc2-transita-em-julgado-no-stj-com-cobranca-considerada-legal\/#primaryimage\"},\"thumbnailUrl\":\"https:\/\/agenciainfra.com\/blog\/wp-content\/uploads\/2019\/03\/conteineres-jessica-lima-suape.jpg\",\"datePublished\":\"2022-02-08T11:00:00+00:00\",\"breadcrumb\":{\"@id\":\"https:\/\/agenciainfra.com\/blog\/acao-contra-sse-thc2-transita-em-julgado-no-stj-com-cobranca-considerada-legal\/#breadcrumb\"},\"inLanguage\":\"pt-BR\",\"potentialAction\":[{\"@type\":\"ReadAction\",\"target\":[\"https:\/\/agenciainfra.com\/blog\/acao-contra-sse-thc2-transita-em-julgado-no-stj-com-cobranca-considerada-legal\/\"]}]},{\"@type\":\"ImageObject\",\"inLanguage\":\"pt-BR\",\"@id\":\"https:\/\/agenciainfra.com\/blog\/acao-contra-sse-thc2-transita-em-julgado-no-stj-com-cobranca-considerada-legal\/#primaryimage\",\"url\":\"https:\/\/agenciainfra.com\/blog\/wp-content\/uploads\/2019\/03\/conteineres-jessica-lima-suape.jpg\",\"contentUrl\":\"https:\/\/agenciainfra.com\/blog\/wp-content\/uploads\/2019\/03\/conteineres-jessica-lima-suape.jpg\",\"width\":1280,\"height\":720,\"caption\":\"Foto: J\u00e9ssica Lima\/Porto de Suape\"},{\"@type\":\"BreadcrumbList\",\"@id\":\"https:\/\/agenciainfra.com\/blog\/acao-contra-sse-thc2-transita-em-julgado-no-stj-com-cobranca-considerada-legal\/#breadcrumb\",\"itemListElement\":[{\"@type\":\"ListItem\",\"position\":1,\"name\":\"In\u00edcio\",\"item\":\"https:\/\/agenciainfra.com\/blog\/\"},{\"@type\":\"ListItem\",\"position\":2,\"name\":\"A\u00e7\u00e3o contra SSE\/THC2 transita em julgado no STJ, com cobran\u00e7a considerada legal\"}]},{\"@type\":\"WebSite\",\"@id\":\"https:\/\/agenciainfra.com\/blog\/#website\",\"url\":\"https:\/\/agenciainfra.com\/blog\/\",\"name\":\"Ag\u00eancia iNFRA\",\"description\":\"Multiplataforma de informa\u00e7\u00e3o jornal\u00edstica refer\u00eancia na \u00e1rea de infraestrutura no Brasil!\",\"publisher\":{\"@id\":\"https:\/\/agenciainfra.com\/blog\/#organization\"},\"potentialAction\":[{\"@type\":\"SearchAction\",\"target\":{\"@type\":\"EntryPoint\",\"urlTemplate\":\"https:\/\/agenciainfra.com\/blog\/?s={search_term_string}\"},\"query-input\":{\"@type\":\"PropertyValueSpecification\",\"valueRequired\":true,\"valueName\":\"search_term_string\"}}],\"inLanguage\":\"pt-BR\"},{\"@type\":\"Organization\",\"@id\":\"https:\/\/agenciainfra.com\/blog\/#organization\",\"name\":\"Ag\u00eancia iNFRA\",\"url\":\"https:\/\/agenciainfra.com\/blog\/\",\"logo\":{\"@type\":\"ImageObject\",\"inLanguage\":\"pt-BR\",\"@id\":\"https:\/\/agenciainfra.com\/blog\/#\/schema\/logo\/image\/\",\"url\":\"https:\/\/agenciainfra.com\/blog\/wp-content\/uploads\/2023\/09\/iNFRA_5-e1761735885940.png\",\"contentUrl\":\"https:\/\/agenciainfra.com\/blog\/wp-content\/uploads\/2023\/09\/iNFRA_5-e1761735885940.png\",\"width\":1672,\"height\":454,\"caption\":\"Ag\u00eancia iNFRA\"},\"image\":{\"@id\":\"https:\/\/agenciainfra.com\/blog\/#\/schema\/logo\/image\/\"},\"sameAs\":[\"https:\/\/www.facebook.com\/ageninfra\",\"https:\/\/x.com\/agencia_infra\",\"https:\/\/www.linkedin.com\/company\/ag\u00eanciainfra\/\",\"https:\/\/www.instagram.com\/agenciainfra\/\"]},{\"@type\":\"Person\",\"@id\":\"https:\/\/agenciainfra.com\/blog\/#\/schema\/person\/04dbb79bd6d8951f063da71f3e4c1eb1\",\"name\":\"Rodrigo Zuquim\",\"image\":{\"@type\":\"ImageObject\",\"inLanguage\":\"pt-BR\",\"@id\":\"https:\/\/agenciainfra.com\/blog\/#\/schema\/person\/image\/\",\"url\":\"https:\/\/secure.gravatar.com\/avatar\/594abfe82761d620726242ff34ca472a705a4b97f16c790053a6b4c4035274d0?s=96&d=mm&r=g\",\"contentUrl\":\"https:\/\/secure.gravatar.com\/avatar\/594abfe82761d620726242ff34ca472a705a4b97f16c790053a6b4c4035274d0?s=96&d=mm&r=g\",\"caption\":\"Rodrigo Zuquim\"},\"url\":\"https:\/\/agenciainfra.com\/blog\/author\/rodrigo-zuquim\/\"}]}<\/script>\n<!-- \/ Yoast SEO Premium plugin. -->","yoast_head_json":{"title":"A\u00e7\u00e3o contra SSE\/THC2 transita em julgado no STJ, com cobran\u00e7a considerada legal - Ag\u00eancia iNFRA","robots":{"index":"index","follow":"follow","max-snippet":"max-snippet:-1","max-image-preview":"max-image-preview:large","max-video-preview":"max-video-preview:-1"},"canonical":"https:\/\/agenciainfra.com\/blog\/acao-contra-sse-thc2-transita-em-julgado-no-stj-com-cobranca-considerada-legal\/","og_locale":"pt_BR","og_type":"article","og_title":"A\u00e7\u00e3o contra SSE\/THC2 transita em julgado no STJ, com cobran\u00e7a considerada legal","og_description":"Dimmi Amora, da&nbsp;Ag\u00eancia iNFRA Uma das mais antigas a\u00e7\u00f5es contra a cobran\u00e7a do SSE (Servi\u00e7o de Segrega\u00e7\u00e3o e Entrega), que na \u00e9poca era conhecido apenas pelo nome de THC2, teve seu encerramento no in\u00edcio deste ano no STJ (Superior Tribunal de Justi\u00e7a), com decis\u00e3o favor\u00e1vel \u00e0 permiss\u00e3o da cobran\u00e7a. A a\u00e7\u00e3o inicial era uma a\u00e7\u00e3o [&hellip;]","og_url":"https:\/\/agenciainfra.com\/blog\/acao-contra-sse-thc2-transita-em-julgado-no-stj-com-cobranca-considerada-legal\/","og_site_name":"Ag\u00eancia iNFRA","article_publisher":"https:\/\/www.facebook.com\/ageninfra","article_published_time":"2022-02-08T11:00:00+00:00","og_image":[{"width":1280,"height":720,"url":"https:\/\/agenciainfra.com\/blog\/wp-content\/uploads\/2019\/03\/conteineres-jessica-lima-suape.jpg","type":"image\/jpeg"}],"author":"Rodrigo Zuquim","twitter_card":"summary_large_image","twitter_creator":"@agencia_infra","twitter_site":"@agencia_infra","twitter_misc":{"Escrito por":"Rodrigo Zuquim","Est. tempo de leitura":"4 minutos"},"schema":{"@context":"https:\/\/schema.org","@graph":[{"@type":"Article","@id":"https:\/\/agenciainfra.com\/blog\/acao-contra-sse-thc2-transita-em-julgado-no-stj-com-cobranca-considerada-legal\/#article","isPartOf":{"@id":"https:\/\/agenciainfra.com\/blog\/acao-contra-sse-thc2-transita-em-julgado-no-stj-com-cobranca-considerada-legal\/"},"author":{"name":"Rodrigo Zuquim","@id":"https:\/\/agenciainfra.com\/blog\/#\/schema\/person\/04dbb79bd6d8951f063da71f3e4c1eb1"},"headline":"A\u00e7\u00e3o contra SSE\/THC2 transita em julgado no STJ, com cobran\u00e7a considerada legal","datePublished":"2022-02-08T11:00:00+00:00","mainEntityOfPage":{"@id":"https:\/\/agenciainfra.com\/blog\/acao-contra-sse-thc2-transita-em-julgado-no-stj-com-cobranca-considerada-legal\/"},"wordCount":766,"publisher":{"@id":"https:\/\/agenciainfra.com\/blog\/#organization"},"image":{"@id":"https:\/\/agenciainfra.com\/blog\/acao-contra-sse-thc2-transita-em-julgado-no-stj-com-cobranca-considerada-legal\/#primaryimage"},"thumbnailUrl":"https:\/\/agenciainfra.com\/blog\/wp-content\/uploads\/2019\/03\/conteineres-jessica-lima-suape.jpg","keywords":["ANTAQ","Cade","Fiarc","Idusp","portos","Resolu\u00e7\u00e3o Normativa 34 da ANTAQ","SSE","STJ","terminais portu\u00e1rios","THC2"],"articleSection":["Geral","iNFRATransporte"],"inLanguage":"pt-BR","copyrightYear":"2022","copyrightHolder":{"@id":"https:\/\/agenciainfra.com\/blog\/#organization"}},{"@type":"WebPage","@id":"https:\/\/agenciainfra.com\/blog\/acao-contra-sse-thc2-transita-em-julgado-no-stj-com-cobranca-considerada-legal\/","url":"https:\/\/agenciainfra.com\/blog\/acao-contra-sse-thc2-transita-em-julgado-no-stj-com-cobranca-considerada-legal\/","name":"A\u00e7\u00e3o contra SSE\/THC2 transita em julgado no STJ, com cobran\u00e7a considerada legal - Ag\u00eancia iNFRA","isPartOf":{"@id":"https:\/\/agenciainfra.com\/blog\/#website"},"primaryImageOfPage":{"@id":"https:\/\/agenciainfra.com\/blog\/acao-contra-sse-thc2-transita-em-julgado-no-stj-com-cobranca-considerada-legal\/#primaryimage"},"image":{"@id":"https:\/\/agenciainfra.com\/blog\/acao-contra-sse-thc2-transita-em-julgado-no-stj-com-cobranca-considerada-legal\/#primaryimage"},"thumbnailUrl":"https:\/\/agenciainfra.com\/blog\/wp-content\/uploads\/2019\/03\/conteineres-jessica-lima-suape.jpg","datePublished":"2022-02-08T11:00:00+00:00","breadcrumb":{"@id":"https:\/\/agenciainfra.com\/blog\/acao-contra-sse-thc2-transita-em-julgado-no-stj-com-cobranca-considerada-legal\/#breadcrumb"},"inLanguage":"pt-BR","potentialAction":[{"@type":"ReadAction","target":["https:\/\/agenciainfra.com\/blog\/acao-contra-sse-thc2-transita-em-julgado-no-stj-com-cobranca-considerada-legal\/"]}]},{"@type":"ImageObject","inLanguage":"pt-BR","@id":"https:\/\/agenciainfra.com\/blog\/acao-contra-sse-thc2-transita-em-julgado-no-stj-com-cobranca-considerada-legal\/#primaryimage","url":"https:\/\/agenciainfra.com\/blog\/wp-content\/uploads\/2019\/03\/conteineres-jessica-lima-suape.jpg","contentUrl":"https:\/\/agenciainfra.com\/blog\/wp-content\/uploads\/2019\/03\/conteineres-jessica-lima-suape.jpg","width":1280,"height":720,"caption":"Foto: J\u00e9ssica Lima\/Porto de Suape"},{"@type":"BreadcrumbList","@id":"https:\/\/agenciainfra.com\/blog\/acao-contra-sse-thc2-transita-em-julgado-no-stj-com-cobranca-considerada-legal\/#breadcrumb","itemListElement":[{"@type":"ListItem","position":1,"name":"In\u00edcio","item":"https:\/\/agenciainfra.com\/blog\/"},{"@type":"ListItem","position":2,"name":"A\u00e7\u00e3o contra SSE\/THC2 transita em julgado no STJ, com cobran\u00e7a considerada legal"}]},{"@type":"WebSite","@id":"https:\/\/agenciainfra.com\/blog\/#website","url":"https:\/\/agenciainfra.com\/blog\/","name":"Ag\u00eancia iNFRA","description":"Multiplataforma de informa\u00e7\u00e3o jornal\u00edstica refer\u00eancia na \u00e1rea de infraestrutura no Brasil!","publisher":{"@id":"https:\/\/agenciainfra.com\/blog\/#organization"},"potentialAction":[{"@type":"SearchAction","target":{"@type":"EntryPoint","urlTemplate":"https:\/\/agenciainfra.com\/blog\/?s={search_term_string}"},"query-input":{"@type":"PropertyValueSpecification","valueRequired":true,"valueName":"search_term_string"}}],"inLanguage":"pt-BR"},{"@type":"Organization","@id":"https:\/\/agenciainfra.com\/blog\/#organization","name":"Ag\u00eancia iNFRA","url":"https:\/\/agenciainfra.com\/blog\/","logo":{"@type":"ImageObject","inLanguage":"pt-BR","@id":"https:\/\/agenciainfra.com\/blog\/#\/schema\/logo\/image\/","url":"https:\/\/agenciainfra.com\/blog\/wp-content\/uploads\/2023\/09\/iNFRA_5-e1761735885940.png","contentUrl":"https:\/\/agenciainfra.com\/blog\/wp-content\/uploads\/2023\/09\/iNFRA_5-e1761735885940.png","width":1672,"height":454,"caption":"Ag\u00eancia iNFRA"},"image":{"@id":"https:\/\/agenciainfra.com\/blog\/#\/schema\/logo\/image\/"},"sameAs":["https:\/\/www.facebook.com\/ageninfra","https:\/\/x.com\/agencia_infra","https:\/\/www.linkedin.com\/company\/ag\u00eanciainfra\/","https:\/\/www.instagram.com\/agenciainfra\/"]},{"@type":"Person","@id":"https:\/\/agenciainfra.com\/blog\/#\/schema\/person\/04dbb79bd6d8951f063da71f3e4c1eb1","name":"Rodrigo Zuquim","image":{"@type":"ImageObject","inLanguage":"pt-BR","@id":"https:\/\/agenciainfra.com\/blog\/#\/schema\/person\/image\/","url":"https:\/\/secure.gravatar.com\/avatar\/594abfe82761d620726242ff34ca472a705a4b97f16c790053a6b4c4035274d0?s=96&d=mm&r=g","contentUrl":"https:\/\/secure.gravatar.com\/avatar\/594abfe82761d620726242ff34ca472a705a4b97f16c790053a6b4c4035274d0?s=96&d=mm&r=g","caption":"Rodrigo Zuquim"},"url":"https:\/\/agenciainfra.com\/blog\/author\/rodrigo-zuquim\/"}]}},"_links":{"self":[{"href":"https:\/\/agenciainfra.com\/blog\/wp-json\/wp\/v2\/posts\/9459","targetHints":{"allow":["GET"]}}],"collection":[{"href":"https:\/\/agenciainfra.com\/blog\/wp-json\/wp\/v2\/posts"}],"about":[{"href":"https:\/\/agenciainfra.com\/blog\/wp-json\/wp\/v2\/types\/post"}],"author":[{"embeddable":true,"href":"https:\/\/agenciainfra.com\/blog\/wp-json\/wp\/v2\/users\/9"}],"replies":[{"embeddable":true,"href":"https:\/\/agenciainfra.com\/blog\/wp-json\/wp\/v2\/comments?post=9459"}],"version-history":[{"count":0,"href":"https:\/\/agenciainfra.com\/blog\/wp-json\/wp\/v2\/posts\/9459\/revisions"}],"wp:featuredmedia":[{"embeddable":true,"href":"https:\/\/agenciainfra.com\/blog\/wp-json\/wp\/v2\/media\/3016"}],"wp:attachment":[{"href":"https:\/\/agenciainfra.com\/blog\/wp-json\/wp\/v2\/media?parent=9459"}],"wp:term":[{"taxonomy":"category","embeddable":true,"href":"https:\/\/agenciainfra.com\/blog\/wp-json\/wp\/v2\/categories?post=9459"},{"taxonomy":"post_tag","embeddable":true,"href":"https:\/\/agenciainfra.com\/blog\/wp-json\/wp\/v2\/tags?post=9459"}],"curies":[{"name":"wp","href":"https:\/\/api.w.org\/{rel}","templated":true}]}}