{"id":9485,"date":"2022-02-10T09:00:00","date_gmt":"2022-02-10T12:00:00","guid":{"rendered":"https:\/\/www.agenciainfra.com\/blog\/?p=9485"},"modified":"2022-02-09T10:34:30","modified_gmt":"2022-02-09T13:34:30","slug":"distribuidoras-avaliam-que-e-dificil-que-valor-proposto-para-emprestimo-cubra-deficit","status":"publish","type":"post","link":"https:\/\/agenciainfra.com\/blog\/distribuidoras-avaliam-que-e-dificil-que-valor-proposto-para-emprestimo-cubra-deficit\/","title":{"rendered":"Distribuidoras avaliam que \u00e9 &#8220;dif\u00edcil&#8221; que valor proposto para empr\u00e9stimo cubra d\u00e9ficit"},"content":{"rendered":"\n<p class=\"has-text-align-right\"><strong>Ludmylla Rocha&nbsp;e Leila Coimbra, da&nbsp;Ag\u00eancia iNFRA<\/strong><\/p>\n\n\n\n<p>A associa\u00e7\u00e3o que representa as distribuidoras de energia, considera&nbsp;\u201cdif\u00edcil\u201d que o valor previsto pela ANEEL (Ag\u00eancia Nacional de Energia El\u00e9trica) para a primeira tranche do empr\u00e9stimo para cobrir os&nbsp;gastos decorrentes da crise h\u00eddrica, de R$ 5,6 bilh\u00f5es, seja suficiente para sanar o d\u00e9ficit at\u00e9 abril, como previsto.<\/p>\n\n\n\n<p>\u201cComo o valor leva em considera\u00e7\u00e3o uma proje\u00e7\u00e3o de despachos t\u00e9rmicos at\u00e9 o m\u00eas de abril, a possibilidade de acerto no valor \u00e9 muito dif\u00edcil neste momento, porque trata de uma proje\u00e7\u00e3o de cen\u00e1rios de aflu\u00eancia h\u00eddrica. O valor n\u00e3o sana o d\u00e9ficit atual, ele \u00e9 uma previs\u00e3o de como a ANEEL, baseada nos dados projetados pelo ONS [Operador Nacional do Sistema El\u00e9trico] espera que seja o comportamento da conta bandeira at\u00e9 o m\u00eas de abril\u201d, avaliou o presidente da Abradee (Associa\u00e7\u00e3o Brasileira de Distribuidores de Energia El\u00e9trica), Marcos Madureira, \u00e0&nbsp;<strong>Ag\u00eancia iNFRA<\/strong>.<\/p>\n\n\n\n<p>A proposta da ag\u00eancia reguladora est\u00e1&nbsp;<a href=\"https:\/\/agenciainfra.us14.list-manage.com\/track\/click?u=d460dd1bcf9ba0ae040e1fc0f&amp;id=2249d899be&amp;e=8d54f1ad19\" target=\"_blank\" rel=\"noreferrer noopener\">sob consulta p\u00fablica<\/a>. O valor apresentado considera que o saldo da Conta Bandeiras ser\u00e1 negativo em&nbsp;R$ 1,5 bilh\u00e3o em abril, m\u00eas no qual est\u00e1 previsto o fim da cobran\u00e7a da bandeira \u201cEscassez H\u00eddrica\u201d.<\/p>\n\n\n\n<p>Segundo Madureira, no entanto, em dezembro passado&nbsp;o saldo da conta Bandeiras foi deficit\u00e1rio em&nbsp;R$ 10,6 bilh\u00f5es, ou seja, ser\u00e1 preciso que os recursos pagos entre janeiro e abril cubram pouco mais de R$ 9 bilh\u00f5es das despesas com t\u00e9rmicas. As&nbsp;<a href=\"https:\/\/agenciainfra.us14.list-manage.com\/track\/click?u=d460dd1bcf9ba0ae040e1fc0f&amp;id=b4e6afbacc&amp;e=8d54f1ad19\" target=\"_blank\" rel=\"noreferrer noopener\">receitas de novembro e dezembro<\/a>&nbsp;com o acionamento das bandeiras somaram R$ 3,31 bilh\u00f5es.<\/p>\n\n\n\n<p>Para se chegar ao valor do empr\u00e9stimo, ser\u00e3o&nbsp;somados ainda os custos com importa\u00e7\u00e3o de energia em julho e agosto de 2021 (R$ 0,8 bilh\u00e3o), o programa de redu\u00e7\u00e3o volunt\u00e1ria para o mercado cativo (R$ 1,7 bilh\u00e3o) e os diferimentos de 2021 das distribuidoras (R$ 1,6 bilh\u00e3o), totalizando os R$ 5,6 bilh\u00f5es.<\/p>\n\n\n\n<p>A conta da ANEEL considera um teto de custo de R$ 1.000\/MWh para gera\u00e7\u00e3o termel\u00e9trica, e sem gera\u00e7\u00e3o fora da ordem de m\u00e9rito nos subsistemas Nordeste e Norte. A decis\u00e3o mais recente do CMSE (Comit\u00ea de Monitoramento do Setor El\u00e9trico) limitou o pre\u00e7o para o despacho de t\u00e9rmicas de R$ 600\/MWh o CVU (Custo Vari\u00e1vel Unit\u00e1rio) e o despacho em si a 10.000 MWm\u00e9dios.<\/p>\n\n\n\n<p>Madureira lembra que mesmo o valor de dezembro j\u00e1 demonstra um despacho reduzido em rela\u00e7\u00e3o aos meses anteriores: \u201cComo o despacho t\u00e9rmico em dezembro foi menor, o saldo do m\u00eas foi positivo e com isso reduziu o d\u00e9ficit\u201d, explicou.<\/p>\n\n\n\n<p><strong>Velocidade importa<\/strong><br>Madureira explica que as empresas est\u00e3o ansiosas pelas opera\u00e7\u00f5es, j\u00e1 que est\u00e3o arcando com os custos previstos pelo empr\u00e9stimo. \u201cA nossa expectativa sim \u00e9 de que seja o mais pronto poss\u00edvel o financiamento, a ANEEL j\u00e1 est\u00e1 com o final da consulta p\u00fablica para o dia 13 de fevereiro, esperamos que os tr\u00e2mites que t\u00eam que ser tomados a\u00ed com os bancos que est\u00e3o sendo trabalhados paralelamente pelo Minist\u00e9rio de Minas e Energia possam ainda trazer esse custo no m\u00eas de fevereiro. Como a gente j\u00e1 disse, \u00e9 um per\u00edodo j\u00e1 bem adiantado\u201d, declarou.<\/p>\n\n\n\n<p>Ele afirma que, mesmo com a opera\u00e7\u00e3o se iniciando neste m\u00eas, as distribuidoras devem carregar custos pelo menos pelos pr\u00f3ximos dois meses: \u201cAs distribuidoras ainda ter\u00e3o que carregar valores, mesmo que o empr\u00e9stimo saia em fevereiro, at\u00e9 o m\u00eas de abril com amortiza\u00e7\u00f5es mensais do d\u00e9ficit que permanecer\u00e1 pelos valores l\u00edquidos da Conta Bandeiras nos meses de janeiro (ainda por fechar valores), fevereiro, mar\u00e7o e abril\u201d.<\/p>\n\n\n\n<p><strong>Nova tranche<\/strong><br>Na proposta da ANEEL foi aberta a possibilidade de uma nova tranche do empr\u00e9stimo, no valor de R$ 5,2 bilh\u00f5es, ser aprovada at\u00e9 maio mediante nova avalia\u00e7\u00e3o. Segundo o presidente da Abradee, \u201cn\u00e3o h\u00e1 nenhuma previs\u00e3o agora de ela n\u00e3o ser necess\u00e1ria\u201d.<\/p>\n\n\n\n<p>A expectativa \u00e9 que a nova opera\u00e7\u00e3o cubra principalmente os custos das usinas contratadas por meio de Procedimento de Leil\u00e3o Simplificado, realizado em outubro para contrata\u00e7\u00e3o de energia de reserva de capacidade. O suprimento come\u00e7ar\u00e1 em maio e se estende at\u00e9 dezembro de 2025.<\/p>\n","protected":false},"excerpt":{"rendered":"<p>Ludmylla Rocha&nbsp;e Leila Coimbra, da&nbsp;Ag\u00eancia iNFRA A associa\u00e7\u00e3o que representa as distribuidoras de energia, considera&nbsp;\u201cdif\u00edcil\u201d que o valor previsto pela ANEEL (Ag\u00eancia Nacional de Energia El\u00e9trica) para a primeira tranche do empr\u00e9stimo para cobrir os&nbsp;gastos decorrentes da crise h\u00eddrica, de R$ 5,6 bilh\u00f5es, seja suficiente para sanar o d\u00e9ficit at\u00e9 abril, como previsto. \u201cComo o [&hellip;]<\/p>\n","protected":false},"author":1,"featured_media":5694,"comment_status":"closed","ping_status":"closed","sticky":false,"template":"","format":"standard","meta":{"_monsterinsights_skip_tracking":false,"_monsterinsights_sitenote_active":false,"_monsterinsights_sitenote_note":"","_monsterinsights_sitenote_category":0,"footnotes":""},"categories":[1,10],"tags":[494,53,13,4379,3487,5249,1082,282,216,1154],"class_list":["post-9485","post","type-post","status-publish","format-standard","has-post-thumbnail","hentry","category-geral","category-infraenergia","tag-abradee","tag-aneel","tag-consumo-de-energia","tag-crise-energetica","tag-crise-hidrica","tag-deficit","tag-distribuicao-de-energia","tag-energia-eletrica","tag-ons","tag-termeletricas"],"yoast_head":"<!-- This site is optimized with the Yoast SEO Premium plugin v25.4 (Yoast SEO v26.0) - https:\/\/yoast.com\/wordpress\/plugins\/seo\/ -->\n<title>Distribuidoras avaliam que \u00e9 &quot;dif\u00edcil&quot; que valor proposto para empr\u00e9stimo cubra d\u00e9ficit - Ag\u00eancia iNFRA<\/title>\n<meta name=\"robots\" content=\"index, follow, max-snippet:-1, max-image-preview:large, max-video-preview:-1\" \/>\n<link rel=\"canonical\" href=\"https:\/\/agenciainfra.com\/blog\/distribuidoras-avaliam-que-e-dificil-que-valor-proposto-para-emprestimo-cubra-deficit\/\" \/>\n<meta property=\"og:locale\" content=\"pt_BR\" \/>\n<meta property=\"og:type\" content=\"article\" \/>\n<meta property=\"og:title\" content=\"Distribuidoras avaliam que \u00e9 &quot;dif\u00edcil&quot; que valor proposto para empr\u00e9stimo cubra d\u00e9ficit\" \/>\n<meta property=\"og:description\" content=\"Ludmylla Rocha&nbsp;e Leila Coimbra, da&nbsp;Ag\u00eancia iNFRA A associa\u00e7\u00e3o que representa as distribuidoras de energia, considera&nbsp;\u201cdif\u00edcil\u201d que o valor previsto pela ANEEL (Ag\u00eancia Nacional de Energia El\u00e9trica) para a primeira tranche do empr\u00e9stimo para cobrir os&nbsp;gastos decorrentes da crise h\u00eddrica, de R$ 5,6 bilh\u00f5es, seja suficiente para sanar o d\u00e9ficit at\u00e9 abril, como previsto. \u201cComo o [&hellip;]\" \/>\n<meta property=\"og:url\" content=\"https:\/\/agenciainfra.com\/blog\/distribuidoras-avaliam-que-e-dificil-que-valor-proposto-para-emprestimo-cubra-deficit\/\" \/>\n<meta property=\"og:site_name\" content=\"Ag\u00eancia iNFRA\" \/>\n<meta property=\"article:publisher\" content=\"https:\/\/www.facebook.com\/ageninfra\" \/>\n<meta property=\"article:published_time\" content=\"2022-02-10T12:00:00+00:00\" \/>\n<meta property=\"og:image\" content=\"https:\/\/agenciainfra.com\/blog\/wp-content\/uploads\/2020\/08\/marcos-madureira-foto-abradee-divulgacao.jpg\" \/>\n\t<meta property=\"og:image:width\" content=\"1280\" \/>\n\t<meta property=\"og:image:height\" content=\"918\" \/>\n\t<meta property=\"og:image:type\" content=\"image\/jpeg\" \/>\n<meta name=\"author\" content=\"Ag\u00eancia iNFRA\" \/>\n<meta name=\"twitter:card\" content=\"summary_large_image\" \/>\n<meta name=\"twitter:creator\" content=\"@agencia_infra\" \/>\n<meta name=\"twitter:site\" content=\"@agencia_infra\" \/>\n<meta name=\"twitter:label1\" content=\"Escrito por\" \/>\n\t<meta name=\"twitter:data1\" content=\"Ag\u00eancia iNFRA\" \/>\n\t<meta name=\"twitter:label2\" content=\"Est. tempo de leitura\" \/>\n\t<meta name=\"twitter:data2\" content=\"4 minutos\" \/>\n<script type=\"application\/ld+json\" class=\"yoast-schema-graph\">{\"@context\":\"https:\/\/schema.org\",\"@graph\":[{\"@type\":\"Article\",\"@id\":\"https:\/\/agenciainfra.com\/blog\/distribuidoras-avaliam-que-e-dificil-que-valor-proposto-para-emprestimo-cubra-deficit\/#article\",\"isPartOf\":{\"@id\":\"https:\/\/agenciainfra.com\/blog\/distribuidoras-avaliam-que-e-dificil-que-valor-proposto-para-emprestimo-cubra-deficit\/\"},\"author\":{\"name\":\"Ag\u00eancia iNFRA\",\"@id\":\"https:\/\/agenciainfra.com\/blog\/#\/schema\/person\/34af08dff6adea4cb22b06612ba7acfa\"},\"headline\":\"Distribuidoras avaliam que \u00e9 &#8220;dif\u00edcil&#8221; que valor proposto para empr\u00e9stimo cubra d\u00e9ficit\",\"datePublished\":\"2022-02-10T12:00:00+00:00\",\"mainEntityOfPage\":{\"@id\":\"https:\/\/agenciainfra.com\/blog\/distribuidoras-avaliam-que-e-dificil-que-valor-proposto-para-emprestimo-cubra-deficit\/\"},\"wordCount\":750,\"publisher\":{\"@id\":\"https:\/\/agenciainfra.com\/blog\/#organization\"},\"image\":{\"@id\":\"https:\/\/agenciainfra.com\/blog\/distribuidoras-avaliam-que-e-dificil-que-valor-proposto-para-emprestimo-cubra-deficit\/#primaryimage\"},\"thumbnailUrl\":\"https:\/\/agenciainfra.com\/blog\/wp-content\/uploads\/2020\/08\/marcos-madureira-foto-abradee-divulgacao-e1769609083929.jpg\",\"keywords\":[\"Abradee\",\"ANEEL\",\"consumo de energia\",\"crise energ\u00e9tica\",\"crise h\u00eddrica\",\"d\u00e9ficit\",\"distribui\u00e7\u00e3o de energia\",\"energia el\u00e9trica\",\"ONS\",\"termel\u00e9tricas\"],\"articleSection\":[\"Geral\",\"iNFRAEnergia\"],\"inLanguage\":\"pt-BR\",\"copyrightYear\":\"2022\",\"copyrightHolder\":{\"@id\":\"https:\/\/agenciainfra.com\/blog\/#organization\"}},{\"@type\":\"WebPage\",\"@id\":\"https:\/\/agenciainfra.com\/blog\/distribuidoras-avaliam-que-e-dificil-que-valor-proposto-para-emprestimo-cubra-deficit\/\",\"url\":\"https:\/\/agenciainfra.com\/blog\/distribuidoras-avaliam-que-e-dificil-que-valor-proposto-para-emprestimo-cubra-deficit\/\",\"name\":\"Distribuidoras avaliam que \u00e9 \\\"dif\u00edcil\\\" que valor proposto para empr\u00e9stimo cubra d\u00e9ficit - Ag\u00eancia iNFRA\",\"isPartOf\":{\"@id\":\"https:\/\/agenciainfra.com\/blog\/#website\"},\"primaryImageOfPage\":{\"@id\":\"https:\/\/agenciainfra.com\/blog\/distribuidoras-avaliam-que-e-dificil-que-valor-proposto-para-emprestimo-cubra-deficit\/#primaryimage\"},\"image\":{\"@id\":\"https:\/\/agenciainfra.com\/blog\/distribuidoras-avaliam-que-e-dificil-que-valor-proposto-para-emprestimo-cubra-deficit\/#primaryimage\"},\"thumbnailUrl\":\"https:\/\/agenciainfra.com\/blog\/wp-content\/uploads\/2020\/08\/marcos-madureira-foto-abradee-divulgacao-e1769609083929.jpg\",\"datePublished\":\"2022-02-10T12:00:00+00:00\",\"breadcrumb\":{\"@id\":\"https:\/\/agenciainfra.com\/blog\/distribuidoras-avaliam-que-e-dificil-que-valor-proposto-para-emprestimo-cubra-deficit\/#breadcrumb\"},\"inLanguage\":\"pt-BR\",\"potentialAction\":[{\"@type\":\"ReadAction\",\"target\":[\"https:\/\/agenciainfra.com\/blog\/distribuidoras-avaliam-que-e-dificil-que-valor-proposto-para-emprestimo-cubra-deficit\/\"]}]},{\"@type\":\"ImageObject\",\"inLanguage\":\"pt-BR\",\"@id\":\"https:\/\/agenciainfra.com\/blog\/distribuidoras-avaliam-que-e-dificil-que-valor-proposto-para-emprestimo-cubra-deficit\/#primaryimage\",\"url\":\"https:\/\/agenciainfra.com\/blog\/wp-content\/uploads\/2020\/08\/marcos-madureira-foto-abradee-divulgacao-e1769609083929.jpg\",\"contentUrl\":\"https:\/\/agenciainfra.com\/blog\/wp-content\/uploads\/2020\/08\/marcos-madureira-foto-abradee-divulgacao-e1769609083929.jpg\",\"width\":1280,\"height\":804,\"caption\":\"Foto: Abradee\"},{\"@type\":\"BreadcrumbList\",\"@id\":\"https:\/\/agenciainfra.com\/blog\/distribuidoras-avaliam-que-e-dificil-que-valor-proposto-para-emprestimo-cubra-deficit\/#breadcrumb\",\"itemListElement\":[{\"@type\":\"ListItem\",\"position\":1,\"name\":\"In\u00edcio\",\"item\":\"https:\/\/agenciainfra.com\/blog\/\"},{\"@type\":\"ListItem\",\"position\":2,\"name\":\"Distribuidoras avaliam que \u00e9 &#8220;dif\u00edcil&#8221; que valor proposto para empr\u00e9stimo cubra d\u00e9ficit\"}]},{\"@type\":\"WebSite\",\"@id\":\"https:\/\/agenciainfra.com\/blog\/#website\",\"url\":\"https:\/\/agenciainfra.com\/blog\/\",\"name\":\"Ag\u00eancia iNFRA\",\"description\":\"Multiplataforma de informa\u00e7\u00e3o jornal\u00edstica refer\u00eancia na \u00e1rea de infraestrutura no Brasil!\",\"publisher\":{\"@id\":\"https:\/\/agenciainfra.com\/blog\/#organization\"},\"potentialAction\":[{\"@type\":\"SearchAction\",\"target\":{\"@type\":\"EntryPoint\",\"urlTemplate\":\"https:\/\/agenciainfra.com\/blog\/?s={search_term_string}\"},\"query-input\":{\"@type\":\"PropertyValueSpecification\",\"valueRequired\":true,\"valueName\":\"search_term_string\"}}],\"inLanguage\":\"pt-BR\"},{\"@type\":\"Organization\",\"@id\":\"https:\/\/agenciainfra.com\/blog\/#organization\",\"name\":\"Ag\u00eancia iNFRA\",\"url\":\"https:\/\/agenciainfra.com\/blog\/\",\"logo\":{\"@type\":\"ImageObject\",\"inLanguage\":\"pt-BR\",\"@id\":\"https:\/\/agenciainfra.com\/blog\/#\/schema\/logo\/image\/\",\"url\":\"https:\/\/agenciainfra.com\/blog\/wp-content\/uploads\/2023\/09\/iNFRA_5-e1761735885940.png\",\"contentUrl\":\"https:\/\/agenciainfra.com\/blog\/wp-content\/uploads\/2023\/09\/iNFRA_5-e1761735885940.png\",\"width\":1672,\"height\":454,\"caption\":\"Ag\u00eancia iNFRA\"},\"image\":{\"@id\":\"https:\/\/agenciainfra.com\/blog\/#\/schema\/logo\/image\/\"},\"sameAs\":[\"https:\/\/www.facebook.com\/ageninfra\",\"https:\/\/x.com\/agencia_infra\",\"https:\/\/www.linkedin.com\/company\/ag\u00eanciainfra\/\",\"https:\/\/www.instagram.com\/agenciainfra\/\"]},{\"@type\":\"Person\",\"@id\":\"https:\/\/agenciainfra.com\/blog\/#\/schema\/person\/34af08dff6adea4cb22b06612ba7acfa\",\"name\":\"Ag\u00eancia iNFRA\",\"image\":{\"@type\":\"ImageObject\",\"inLanguage\":\"pt-BR\",\"@id\":\"https:\/\/agenciainfra.com\/blog\/#\/schema\/person\/image\/\",\"url\":\"https:\/\/secure.gravatar.com\/avatar\/d189e01678f06d8eb84d4e01f08eb848b3fffe3f8443818d3c356c66892f5be8?s=96&d=mm&r=g\",\"contentUrl\":\"https:\/\/secure.gravatar.com\/avatar\/d189e01678f06d8eb84d4e01f08eb848b3fffe3f8443818d3c356c66892f5be8?s=96&d=mm&r=g\",\"caption\":\"Ag\u00eancia iNFRA\"},\"url\":\"https:\/\/agenciainfra.com\/blog\/author\/admin\/\"}]}<\/script>\n<!-- \/ Yoast SEO Premium plugin. -->","yoast_head_json":{"title":"Distribuidoras avaliam que \u00e9 \"dif\u00edcil\" que valor proposto para empr\u00e9stimo cubra d\u00e9ficit - Ag\u00eancia iNFRA","robots":{"index":"index","follow":"follow","max-snippet":"max-snippet:-1","max-image-preview":"max-image-preview:large","max-video-preview":"max-video-preview:-1"},"canonical":"https:\/\/agenciainfra.com\/blog\/distribuidoras-avaliam-que-e-dificil-que-valor-proposto-para-emprestimo-cubra-deficit\/","og_locale":"pt_BR","og_type":"article","og_title":"Distribuidoras avaliam que \u00e9 \"dif\u00edcil\" que valor proposto para empr\u00e9stimo cubra d\u00e9ficit","og_description":"Ludmylla Rocha&nbsp;e Leila Coimbra, da&nbsp;Ag\u00eancia iNFRA A associa\u00e7\u00e3o que representa as distribuidoras de energia, considera&nbsp;\u201cdif\u00edcil\u201d que o valor previsto pela ANEEL (Ag\u00eancia Nacional de Energia El\u00e9trica) para a primeira tranche do empr\u00e9stimo para cobrir os&nbsp;gastos decorrentes da crise h\u00eddrica, de R$ 5,6 bilh\u00f5es, seja suficiente para sanar o d\u00e9ficit at\u00e9 abril, como previsto. \u201cComo o [&hellip;]","og_url":"https:\/\/agenciainfra.com\/blog\/distribuidoras-avaliam-que-e-dificil-que-valor-proposto-para-emprestimo-cubra-deficit\/","og_site_name":"Ag\u00eancia iNFRA","article_publisher":"https:\/\/www.facebook.com\/ageninfra","article_published_time":"2022-02-10T12:00:00+00:00","og_image":[{"width":1280,"height":918,"url":"https:\/\/agenciainfra.com\/blog\/wp-content\/uploads\/2020\/08\/marcos-madureira-foto-abradee-divulgacao.jpg","type":"image\/jpeg"}],"author":"Ag\u00eancia iNFRA","twitter_card":"summary_large_image","twitter_creator":"@agencia_infra","twitter_site":"@agencia_infra","twitter_misc":{"Escrito por":"Ag\u00eancia iNFRA","Est. tempo de leitura":"4 minutos"},"schema":{"@context":"https:\/\/schema.org","@graph":[{"@type":"Article","@id":"https:\/\/agenciainfra.com\/blog\/distribuidoras-avaliam-que-e-dificil-que-valor-proposto-para-emprestimo-cubra-deficit\/#article","isPartOf":{"@id":"https:\/\/agenciainfra.com\/blog\/distribuidoras-avaliam-que-e-dificil-que-valor-proposto-para-emprestimo-cubra-deficit\/"},"author":{"name":"Ag\u00eancia iNFRA","@id":"https:\/\/agenciainfra.com\/blog\/#\/schema\/person\/34af08dff6adea4cb22b06612ba7acfa"},"headline":"Distribuidoras avaliam que \u00e9 &#8220;dif\u00edcil&#8221; que valor proposto para empr\u00e9stimo cubra d\u00e9ficit","datePublished":"2022-02-10T12:00:00+00:00","mainEntityOfPage":{"@id":"https:\/\/agenciainfra.com\/blog\/distribuidoras-avaliam-que-e-dificil-que-valor-proposto-para-emprestimo-cubra-deficit\/"},"wordCount":750,"publisher":{"@id":"https:\/\/agenciainfra.com\/blog\/#organization"},"image":{"@id":"https:\/\/agenciainfra.com\/blog\/distribuidoras-avaliam-que-e-dificil-que-valor-proposto-para-emprestimo-cubra-deficit\/#primaryimage"},"thumbnailUrl":"https:\/\/agenciainfra.com\/blog\/wp-content\/uploads\/2020\/08\/marcos-madureira-foto-abradee-divulgacao-e1769609083929.jpg","keywords":["Abradee","ANEEL","consumo de energia","crise energ\u00e9tica","crise h\u00eddrica","d\u00e9ficit","distribui\u00e7\u00e3o de energia","energia el\u00e9trica","ONS","termel\u00e9tricas"],"articleSection":["Geral","iNFRAEnergia"],"inLanguage":"pt-BR","copyrightYear":"2022","copyrightHolder":{"@id":"https:\/\/agenciainfra.com\/blog\/#organization"}},{"@type":"WebPage","@id":"https:\/\/agenciainfra.com\/blog\/distribuidoras-avaliam-que-e-dificil-que-valor-proposto-para-emprestimo-cubra-deficit\/","url":"https:\/\/agenciainfra.com\/blog\/distribuidoras-avaliam-que-e-dificil-que-valor-proposto-para-emprestimo-cubra-deficit\/","name":"Distribuidoras avaliam que \u00e9 \"dif\u00edcil\" que valor proposto para empr\u00e9stimo cubra d\u00e9ficit - Ag\u00eancia iNFRA","isPartOf":{"@id":"https:\/\/agenciainfra.com\/blog\/#website"},"primaryImageOfPage":{"@id":"https:\/\/agenciainfra.com\/blog\/distribuidoras-avaliam-que-e-dificil-que-valor-proposto-para-emprestimo-cubra-deficit\/#primaryimage"},"image":{"@id":"https:\/\/agenciainfra.com\/blog\/distribuidoras-avaliam-que-e-dificil-que-valor-proposto-para-emprestimo-cubra-deficit\/#primaryimage"},"thumbnailUrl":"https:\/\/agenciainfra.com\/blog\/wp-content\/uploads\/2020\/08\/marcos-madureira-foto-abradee-divulgacao-e1769609083929.jpg","datePublished":"2022-02-10T12:00:00+00:00","breadcrumb":{"@id":"https:\/\/agenciainfra.com\/blog\/distribuidoras-avaliam-que-e-dificil-que-valor-proposto-para-emprestimo-cubra-deficit\/#breadcrumb"},"inLanguage":"pt-BR","potentialAction":[{"@type":"ReadAction","target":["https:\/\/agenciainfra.com\/blog\/distribuidoras-avaliam-que-e-dificil-que-valor-proposto-para-emprestimo-cubra-deficit\/"]}]},{"@type":"ImageObject","inLanguage":"pt-BR","@id":"https:\/\/agenciainfra.com\/blog\/distribuidoras-avaliam-que-e-dificil-que-valor-proposto-para-emprestimo-cubra-deficit\/#primaryimage","url":"https:\/\/agenciainfra.com\/blog\/wp-content\/uploads\/2020\/08\/marcos-madureira-foto-abradee-divulgacao-e1769609083929.jpg","contentUrl":"https:\/\/agenciainfra.com\/blog\/wp-content\/uploads\/2020\/08\/marcos-madureira-foto-abradee-divulgacao-e1769609083929.jpg","width":1280,"height":804,"caption":"Foto: Abradee"},{"@type":"BreadcrumbList","@id":"https:\/\/agenciainfra.com\/blog\/distribuidoras-avaliam-que-e-dificil-que-valor-proposto-para-emprestimo-cubra-deficit\/#breadcrumb","itemListElement":[{"@type":"ListItem","position":1,"name":"In\u00edcio","item":"https:\/\/agenciainfra.com\/blog\/"},{"@type":"ListItem","position":2,"name":"Distribuidoras avaliam que \u00e9 &#8220;dif\u00edcil&#8221; que valor proposto para empr\u00e9stimo cubra d\u00e9ficit"}]},{"@type":"WebSite","@id":"https:\/\/agenciainfra.com\/blog\/#website","url":"https:\/\/agenciainfra.com\/blog\/","name":"Ag\u00eancia iNFRA","description":"Multiplataforma de informa\u00e7\u00e3o jornal\u00edstica refer\u00eancia na \u00e1rea de infraestrutura no Brasil!","publisher":{"@id":"https:\/\/agenciainfra.com\/blog\/#organization"},"potentialAction":[{"@type":"SearchAction","target":{"@type":"EntryPoint","urlTemplate":"https:\/\/agenciainfra.com\/blog\/?s={search_term_string}"},"query-input":{"@type":"PropertyValueSpecification","valueRequired":true,"valueName":"search_term_string"}}],"inLanguage":"pt-BR"},{"@type":"Organization","@id":"https:\/\/agenciainfra.com\/blog\/#organization","name":"Ag\u00eancia iNFRA","url":"https:\/\/agenciainfra.com\/blog\/","logo":{"@type":"ImageObject","inLanguage":"pt-BR","@id":"https:\/\/agenciainfra.com\/blog\/#\/schema\/logo\/image\/","url":"https:\/\/agenciainfra.com\/blog\/wp-content\/uploads\/2023\/09\/iNFRA_5-e1761735885940.png","contentUrl":"https:\/\/agenciainfra.com\/blog\/wp-content\/uploads\/2023\/09\/iNFRA_5-e1761735885940.png","width":1672,"height":454,"caption":"Ag\u00eancia iNFRA"},"image":{"@id":"https:\/\/agenciainfra.com\/blog\/#\/schema\/logo\/image\/"},"sameAs":["https:\/\/www.facebook.com\/ageninfra","https:\/\/x.com\/agencia_infra","https:\/\/www.linkedin.com\/company\/ag\u00eanciainfra\/","https:\/\/www.instagram.com\/agenciainfra\/"]},{"@type":"Person","@id":"https:\/\/agenciainfra.com\/blog\/#\/schema\/person\/34af08dff6adea4cb22b06612ba7acfa","name":"Ag\u00eancia iNFRA","image":{"@type":"ImageObject","inLanguage":"pt-BR","@id":"https:\/\/agenciainfra.com\/blog\/#\/schema\/person\/image\/","url":"https:\/\/secure.gravatar.com\/avatar\/d189e01678f06d8eb84d4e01f08eb848b3fffe3f8443818d3c356c66892f5be8?s=96&d=mm&r=g","contentUrl":"https:\/\/secure.gravatar.com\/avatar\/d189e01678f06d8eb84d4e01f08eb848b3fffe3f8443818d3c356c66892f5be8?s=96&d=mm&r=g","caption":"Ag\u00eancia iNFRA"},"url":"https:\/\/agenciainfra.com\/blog\/author\/admin\/"}]}},"_links":{"self":[{"href":"https:\/\/agenciainfra.com\/blog\/wp-json\/wp\/v2\/posts\/9485","targetHints":{"allow":["GET"]}}],"collection":[{"href":"https:\/\/agenciainfra.com\/blog\/wp-json\/wp\/v2\/posts"}],"about":[{"href":"https:\/\/agenciainfra.com\/blog\/wp-json\/wp\/v2\/types\/post"}],"author":[{"embeddable":true,"href":"https:\/\/agenciainfra.com\/blog\/wp-json\/wp\/v2\/users\/1"}],"replies":[{"embeddable":true,"href":"https:\/\/agenciainfra.com\/blog\/wp-json\/wp\/v2\/comments?post=9485"}],"version-history":[{"count":0,"href":"https:\/\/agenciainfra.com\/blog\/wp-json\/wp\/v2\/posts\/9485\/revisions"}],"wp:featuredmedia":[{"embeddable":true,"href":"https:\/\/agenciainfra.com\/blog\/wp-json\/wp\/v2\/media\/5694"}],"wp:attachment":[{"href":"https:\/\/agenciainfra.com\/blog\/wp-json\/wp\/v2\/media?parent=9485"}],"wp:term":[{"taxonomy":"category","embeddable":true,"href":"https:\/\/agenciainfra.com\/blog\/wp-json\/wp\/v2\/categories?post=9485"},{"taxonomy":"post_tag","embeddable":true,"href":"https:\/\/agenciainfra.com\/blog\/wp-json\/wp\/v2\/tags?post=9485"}],"curies":[{"name":"wp","href":"https:\/\/api.w.org\/{rel}","templated":true}]}}