{"id":9497,"date":"2022-02-11T10:00:00","date_gmt":"2022-02-11T13:00:00","guid":{"rendered":"https:\/\/www.agenciainfra.com\/blog\/?p=9497"},"modified":"2022-02-11T09:19:35","modified_gmt":"2022-02-11T12:19:35","slug":"infradebate-o-estado-democratico-de-direito-e-a-desestatizacao-do-porto-de-sao-sebastiao","status":"publish","type":"post","link":"https:\/\/agenciainfra.com\/blog\/infradebate-o-estado-democratico-de-direito-e-a-desestatizacao-do-porto-de-sao-sebastiao\/","title":{"rendered":"iNFRADebate: O estado democr\u00e1tico de direito\u00a0e a desestatiza\u00e7\u00e3o do Porto de S\u00e3o Sebasti\u00e3o"},"content":{"rendered":"\n<p class=\"has-text-align-right\"><strong>Patr\u00edcia Lia Brentano*<\/strong><\/p>\n\n\n\n<p>No \u00faltimo dia 7 de fevereiro seria realizada a audi\u00eancia p\u00fablica sobre a desestatiza\u00e7\u00e3o do Porto de S\u00e3o Sebasti\u00e3o, um dos portos escolhidos pelo Governo Federal para altera\u00e7\u00e3o do comando\u00a0da Autoridade Portu\u00e1ria.\u00a0<\/p>\n\n\n\n<p>A comunidade portu\u00e1ria de S\u00e3o Sebasti\u00e3o, apreensiva com a pressa do governo, a falta de&nbsp;respostas para quest\u00f5es fundamentais e o receio de que uma nova autoridade portu\u00e1ria privada&nbsp;(e tamb\u00e9m operadora portu\u00e1ria) pudesse empobrecer a regi\u00e3o e aniquilar com os empregos&nbsp;locais, ingressou com uma a\u00e7\u00e3o com pedido de tutela antecipada pleiteando a suspens\u00e3o da&nbsp;audi\u00eancia e consulta p\u00fablicas.&nbsp;<\/p>\n\n\n\n<p>Ap\u00f3s algumas burocracias processuais que levou o processo at\u00e9 o STJ (Superior Tribunal de Justi\u00e7a) para a defini\u00e7\u00e3o da\u00a0compet\u00eancia, a liminar foi deferida no dia 3 de fevereiro de 2022, ou seja, quatro dias antes da audi\u00eancia p\u00fablica.\u00a0<\/p>\n\n\n\n<p>Decis\u00e3o publicada no dia 4 de fevereiro de 2022, o Governo Federal entrou com pedido de suspens\u00e3o de liminar no plant\u00e3o judici\u00e1rio do TRF (Tribunal Regional Federal) da 3\u00aa Regi\u00e3o no mesmo dia \u00e0 noite. O Tribunal Regional\u00a0Federal indeferiu o pedido de suspens\u00e3o da liminar publicando a decis\u00e3o na tarde do dia 5 de fevereiro de 2022, dois dias antes da audi\u00eancia p\u00fablica.\u00a0<\/p>\n\n\n\n<p>No fundamento da decis\u00e3o foi juntada o seguinte julgado recente do STJ:\u00a0<\/p>\n\n\n\n<p><em>\u201cN\u00e3o se pode olvidar que o deferimento do pedido de suspens\u00e3o est\u00e1\u00a0condicionado \u00e0 cabal demonstra\u00e7\u00e3o de que a manuten\u00e7\u00e3o da decis\u00e3o\u00a0impugnada causa efetiva les\u00e3o ao interesse p\u00fablico. Ademais, a suspens\u00e3o de liminar e de senten\u00e7a \u00e9 medida excepcional que n\u00e3o tem natureza jur\u00eddica de\u00a0recurso, raz\u00e3o pela qual n\u00e3o propicia a devolu\u00e7\u00e3o do conhecimento da mat\u00e9ria\u00a0para eventual reforma. (AgInt na SLS 2.938\/DF, Rel. Ministro HUMBERTO\u00a0MARTINS, CORTE ESPECIAL, julgado em 17\/11\/2021, DJe 24\/11\/2021)\u201d\u00a0<\/em>.<\/p>\n\n\n\n<p>\u00c2nimos tranquilizados pela decis\u00e3o mantida, o momento era de expectativa para os ajustes que deveriam ser feitos pelo Governo Federal no processo licitat\u00f3rio.&nbsp;<\/p>\n\n\n\n<p>Na manh\u00e3 do dia 7 de fevereiro de 2022, apesar de n\u00e3o divulgada na p\u00e1gina da ANTAQ (Ag\u00eancia Nacional de Transportes Aquavi\u00e1rios) a suspens\u00e3o da\u00a0audi\u00eancia p\u00fablica, ao se tentar fazer a inscri\u00e7\u00e3o era informado que a mesma estaria suspensa por decis\u00e3o judicial.\u00a0<\/p>\n\n\n\n<p><strong>Audi\u00eancia p\u00fablica oficialmente suspensa<br><\/strong>\u00c0s 13h57 do dia 7 de fevereiro de 2022 foi recebido por algumas entidades de classe um \u00e1udio de WhatsApp enviado pelo secret\u00e1rio nacional de Portos que a liminar tinha sido derrubada e a audi\u00eancia\u00a0p\u00fablica seria realizada no pr\u00f3prio dia no in\u00edcio da noite. Not\u00edcia confirmada pelo LinkedIn.<\/p>\n\n\n\n<p>Na p\u00e1gina do TRF da 3\u00aa Regi\u00e3o n\u00e3o constava qualquer movimenta\u00e7\u00e3o do processo, ou seja, a&nbsp;liminar continuava v\u00e1lida.&nbsp;<\/p>\n\n\n\n<p>Ao se buscar na p\u00e1gina do Superior Tribunal de Justi\u00e7a foi localizada uma SLS (Suspens\u00e3o de Liminar e de Senten\u00e7a 3063 \u2013 SP, medida prevista na Lei 12.016\/2009 e Lei 8.437\/1992),\u00a0constando apenas a informa\u00e7\u00e3o de que a liminar tinha sido suspensa. A publica\u00e7\u00e3o estava prevista\u00a0apenas para o dia 8 de fevereiro de 2022, portanto, apenas ap\u00f3s a realiza\u00e7\u00e3o da audi\u00eancia p\u00fablica as\u00a0partes envolvidas saberiam o teor da decis\u00e3o.<\/p>\n\n\n\n<p>Esse imbr\u00f3glio jur\u00eddico acarreta inconstitucionalidades substanciais em rela\u00e7\u00e3o ao princ\u00edpio do\u00a0devido processo legal e do processo justo, al\u00e9m dos princ\u00edpios gerais da Administra\u00e7\u00e3o P\u00fablica,\u00a0os quais imp\u00f5em-se na atua\u00e7\u00e3o de qualquer agente do Estado. Fica clara a quebra de isonomia\u00a0processual entre o Governo Federal e a comunidade portu\u00e1ria, uma vez que o litigante particular\u00a0n\u00e3o disp\u00f5e de todos esses meios.\u00a0\u00a0<\/p>\n\n\n\n<p>No dia 8 de fevereiro de 2022, quando enfim foi publicada a decis\u00e3o do STJ, a decep\u00e7\u00e3o foi maior ainda,\u00a0pois o Governo Federal estava mais preocupado em bater meta cumprindo (seu) cronograma do que interessado no bem da coletividade ao ouvir efetivamente a comunidade portu\u00e1ria de S\u00e3o Sebasti\u00e3o (um dos pleitos da liminar concedida).\u00a0<\/p>\n\n\n\n<p>E o mais curioso \u00e9 que contrariou decis\u00e3o anterior do pr\u00f3prio ministro Humberto Martins trazida\u00a0na fundamenta\u00e7\u00e3o para manuten\u00e7\u00e3o da liminar pelo TRF da 3\u00aa Regi\u00e3o transcrita acima,\u00a0demonstrando sua mudan\u00e7a (r\u00e1pida) de entendimento.\u00a0\u00a0<\/p>\n\n\n\n<p>O que surpreende \u00e9 a pressa sem fundamento do Governo Federal. O que custaria adiar em algumas semanas a audi\u00eancia p\u00fablica, atender o pedido da comunidade (e da Justi\u00e7a) e tornar o certame licitat\u00f3rio efetivamente p\u00fablico, transparente e acess\u00edvel a todos?\u00a0<\/p>\n\n\n\n<p>A \u00fanica preocupa\u00e7\u00e3o, como dito na decis\u00e3o do ministro presidente do STJ, \u00e9 com a imagem do pr\u00f3prio Governo, onde <em>\u201ca interfer\u00eancia judicial paralisa todo o processo de forma desarrazoada,\u00a0gerando risco de grave les\u00e3o aos entes p\u00fablicos envolvidos por comprometer todo o cronograma\u00a0pensado ao projeto\u201d<\/em>.<\/p>\n\n\n\n<p>No balan\u00e7o entre os preju\u00edzos financeiros que poderiam ser experimentados, o da coletividade (dos autores da a\u00e7\u00e3o) \u00e9 muito maior do que o do Governo Federal.&nbsp;<\/p>\n\n\n\n<p>Mais uma mentira foi escrita.&nbsp;<\/p>\n\n\n\n<p>Parte da fundamenta\u00e7\u00e3o da SLS proferida pelo presidente do STJ:\u00a0<\/p>\n\n\n\n<p><em>\u201cAdemais, verifica-se les\u00e3o \u00e0 economia p\u00fablica, porquanto, como demonstrado\u00a0na exordial da presente suspens\u00e3o, atrav\u00e9s da Nota T\u00e9cnica 8\/2022\/CGMC SNPTA\/DNOP\/SNPTA, &#8216;a atual administra\u00e7\u00e3o do Porto de S\u00e3o Sebasti\u00e3o vem\u00a0 suportando preju\u00edzos em valor m\u00e9dio de R$11 milh\u00f5es ao ano, destacando ainda\u00a0que o atraso na sua desestatiza\u00e7\u00e3o, particularmente nessa etapa da consulta\u00a0p\u00fablica, p\u00f5e em risco a obten\u00e7\u00e3o de receitas estimadas na ordem de R$ 237\u00a0milh\u00f5es de reais durante a vig\u00eancia do contrato de concess\u00e3o&#8217; (fl. 14).\u201d\u00a0<\/em><\/p>\n\n\n\n<p>Fora o p\u00edfio valor trazido de R$ 11 milh\u00f5es ao ano de preju\u00edzo, que nunca seria motivo para uma\u00a0desestatiza\u00e7\u00e3o, essa receita estimada de R$ 237 milh\u00f5es prevista ao longo de 25 anos de\u00a0concess\u00e3o s\u00f3 existir\u00e1 se o novo concession\u00e1rio quiser, pois n\u00e3o h\u00e1 nenhuma obriga\u00e7\u00e3o\u00a0contratual para que esse investimento seja realizado.\u00a0<\/p>\n\n\n\n<p>Repito: n\u00e3o h\u00e1 no contrato obriga\u00e7\u00e3o alguma de investimentos nos pr\u00f3ximos 25 anos para o arrematante do Porto de S\u00e3o Sebasti\u00e3o. O novo concession\u00e1rio pode n\u00e3o fazer nada durante\u00a0todo o contrato e devolver o porto exatamente como o recebeu. Ent\u00e3o onde est\u00e1 o dito preju\u00edzo financeiro?\u00a0<\/p>\n\n\n\n<p>Esse \u00e9 mais um dos argumentos trazidos (e provados) que possibilitaram a concess\u00e3o da liminar&nbsp;em 1\u00ba e 2\u00ba graus de jurisdi\u00e7\u00e3o.<\/p>\n\n\n\n<p>Levar o assunto para a presid\u00eancia do STJ na mesma manh\u00e3 em que seria realizada a audi\u00eancia\u00a0p\u00fablica e em prazo recorde conseguir suspender a liminar (o pedido foi protocolado pouco depois das 7h da manh\u00e3 e antes das 14h j\u00e1 tinham conseguido \u201cderrubar\u201d a liminar) \u00e9 de uma efici\u00eancia\u00a0do Governo Federal que faz inveja at\u00e9 \u00e0 iniciativa privada.\u00a0<\/p>\n\n\n\n<p>Por que n\u00e3o usam toda essa efici\u00eancia na administra\u00e7\u00e3o dos portos p\u00fablicos brasileiros?&nbsp;&nbsp;<\/p>\n\n\n\n<p>E mais, a liminar n\u00e3o era para impedir a desestatiza\u00e7\u00e3o do Porto de S\u00e3o Sebasti\u00e3o, mas sim para trazer transpar\u00eancia e publicidade ao certame. A pressa do Governo Federal em patrolar quem cruza pelo seu caminho segue assustando, pois nitidamente o que menos importa \u00e9 o bem da\u00a0coletividade.\u00a0<\/p>\n\n\n\n<p>Como dito na decis\u00e3o do ministro Humberto Martins:\u00a0<\/p>\n\n\n\n<p><em>\u201cVerifica-se que a decis\u00e3o impacta nas etapas a serem cumpridas, conforme\u00a0cronograma apresentado pela Secretaria Nacional de Portos e Transportes Aquavi\u00e1rios, comprometendo toda a atividade administrativa em torno do projeto,\u00a0para finaliza\u00e7\u00e3o e remessa ao TCU em tempo razo\u00e1vel a fim de oportunizar a\u00a0publica\u00e7\u00e3o do edital e a realiza\u00e7\u00e3o do leil\u00e3o nos prazos previstos\u201d.\u00a0<\/em><\/p>\n\n\n\n<p>Para o Governo Federal o importante \u00e9 cumprir com seu cronograma (j\u00e1 de olho nas elei\u00e7\u00f5es estaduais e federais) mesmo que para isso sejam vilipendiados os princ\u00edpios da transpar\u00eancia, da publicidade e do interesse da coletividade.\u00a0<\/p>\n\n\n\n<p>E a fun\u00e7\u00e3o basilar da audi\u00eancia p\u00fablica n\u00e3o foi atingida, que era a participa\u00e7\u00e3o efetiva da comunidade (n\u00e3o apenas portu\u00e1ria), pois muitos, diante da \u201cderrubada\u201d da liminar de \u00faltima hora, n\u00e3o conseguiram se programar, e tantos outros nem souberam da sua realiza\u00e7\u00e3o, pois sua\u00a0divulga\u00e7\u00e3o ocorreu timidamente por WhatsApp e LinkedIn.\u00a0<\/p>\n\n\n\n<p>E mesmo assim a ANTAQ, o MInfra (Minist\u00e9rio da Infraestrutura) e o BNDES, \u00e0s 17h10 (antes do hor\u00e1rio programado) do dia\u00a07 de fevereiro de 2022, bateram sua meta e iniciaram a audi\u00eancia p\u00fablica em clima de festa, todos se\u00a0parabenizando pelo sucesso da manuten\u00e7\u00e3o do \u201ccronograma\u201d, mas sem tocar no assunto da\u00a0suspens\u00e3o de horas antes. Faltou apenas o espumante. Foi constrangedor. Talvez\u00a0inconstitucional.<\/p>\n\n\n\n<h6 class=\"wp-block-heading\"> <strong>*Patr\u00edcia Lia Brentano \u00e9 advogada do Grupo de Trabalho de S\u00e3o Sebasti\u00e3o<\/strong>.<\/h6>\n\n\n\n<h5 class=\"wp-block-heading\" id=\"block-d67878ff-7627-4f15-b175-8f58269174ff\">O iNFRADebate \u00e9 o espa\u00e7o de artigos da Ag\u00eancia iNFRA com opini\u00f5es de seus atores que n\u00e3o refletem necessariamente o pensamento da Ag\u00eancia iNFRA, sendo de total responsabilidade do autor as informa\u00e7\u00f5es, ju\u00edzos de valor e conceitos descritos no texto.<\/h5>\n","protected":false},"excerpt":{"rendered":"<p>Patr\u00edcia Lia Brentano* No \u00faltimo dia 7 de fevereiro seria realizada a audi\u00eancia p\u00fablica sobre a desestatiza\u00e7\u00e3o do Porto de S\u00e3o Sebasti\u00e3o, um dos portos escolhidos pelo Governo Federal para altera\u00e7\u00e3o do comando\u00a0da Autoridade Portu\u00e1ria.\u00a0 A comunidade portu\u00e1ria de S\u00e3o Sebasti\u00e3o, apreensiva com a pressa do governo, a falta de&nbsp;respostas para quest\u00f5es fundamentais e o [&hellip;]<\/p>\n","protected":false},"author":1,"featured_media":9500,"comment_status":"closed","ping_status":"closed","sticky":false,"template":"","format":"standard","meta":{"_monsterinsights_skip_tracking":false,"_monsterinsights_sitenote_active":false,"_monsterinsights_sitenote_note":"","_monsterinsights_sitenote_category":0,"footnotes":""},"categories":[1,11],"tags":[86,3434,78,192,3179,287,775,5248,720,889],"class_list":["post-9497","post","type-post","status-publish","format-standard","has-post-thumbnail","hentry","category-geral","category-infradebate","tag-antaq","tag-autoridade-portuaria","tag-concessoes","tag-desestatizacao","tag-humberto-martins","tag-licitacoes","tag-ministerio-da-infraestrutura","tag-porto-de-sao-sebastiao","tag-portos-privados","tag-transportes-aquaviarios"],"yoast_head":"<!-- This site is optimized with the Yoast SEO Premium plugin v25.4 (Yoast SEO v26.0) - https:\/\/yoast.com\/wordpress\/plugins\/seo\/ -->\n<title>iNFRADebate: O estado democr\u00e1tico de direito\u00a0e a desestatiza\u00e7\u00e3o do Porto de S\u00e3o Sebasti\u00e3o - Ag\u00eancia iNFRA<\/title>\n<meta name=\"robots\" content=\"index, follow, max-snippet:-1, max-image-preview:large, max-video-preview:-1\" \/>\n<link rel=\"canonical\" href=\"https:\/\/agenciainfra.com\/blog\/infradebate-o-estado-democratico-de-direito-e-a-desestatizacao-do-porto-de-sao-sebastiao\/\" \/>\n<meta property=\"og:locale\" content=\"pt_BR\" \/>\n<meta property=\"og:type\" content=\"article\" \/>\n<meta property=\"og:title\" content=\"iNFRADebate: O estado democr\u00e1tico de direito\u00a0e a desestatiza\u00e7\u00e3o do Porto de S\u00e3o Sebasti\u00e3o\" \/>\n<meta property=\"og:description\" content=\"Patr\u00edcia Lia Brentano* No \u00faltimo dia 7 de fevereiro seria realizada a audi\u00eancia p\u00fablica sobre a desestatiza\u00e7\u00e3o do Porto de S\u00e3o Sebasti\u00e3o, um dos portos escolhidos pelo Governo Federal para altera\u00e7\u00e3o do comando\u00a0da Autoridade Portu\u00e1ria.\u00a0 A comunidade portu\u00e1ria de S\u00e3o Sebasti\u00e3o, apreensiva com a pressa do governo, a falta de&nbsp;respostas para quest\u00f5es fundamentais e o [&hellip;]\" \/>\n<meta property=\"og:url\" content=\"https:\/\/agenciainfra.com\/blog\/infradebate-o-estado-democratico-de-direito-e-a-desestatizacao-do-porto-de-sao-sebastiao\/\" \/>\n<meta property=\"og:site_name\" content=\"Ag\u00eancia iNFRA\" \/>\n<meta property=\"article:publisher\" content=\"https:\/\/www.facebook.com\/ageninfra\" \/>\n<meta property=\"article:published_time\" content=\"2022-02-11T13:00:00+00:00\" \/>\n<meta property=\"og:image\" content=\"https:\/\/agenciainfra.com\/blog\/wp-content\/uploads\/2022\/02\/porto-de-sao-sebastiao-foto-divulgacao-porto.jpeg\" \/>\n\t<meta property=\"og:image:width\" content=\"1280\" \/>\n\t<meta property=\"og:image:height\" content=\"743\" \/>\n\t<meta property=\"og:image:type\" content=\"image\/jpeg\" \/>\n<meta name=\"author\" content=\"Ag\u00eancia iNFRA\" \/>\n<meta name=\"twitter:card\" content=\"summary_large_image\" \/>\n<meta name=\"twitter:creator\" content=\"@agencia_infra\" \/>\n<meta name=\"twitter:site\" content=\"@agencia_infra\" \/>\n<meta name=\"twitter:label1\" content=\"Escrito por\" \/>\n\t<meta name=\"twitter:data1\" content=\"Ag\u00eancia iNFRA\" \/>\n\t<meta name=\"twitter:label2\" content=\"Est. tempo de leitura\" \/>\n\t<meta name=\"twitter:data2\" content=\"8 minutos\" \/>\n<script type=\"application\/ld+json\" class=\"yoast-schema-graph\">{\"@context\":\"https:\/\/schema.org\",\"@graph\":[{\"@type\":\"Article\",\"@id\":\"https:\/\/agenciainfra.com\/blog\/infradebate-o-estado-democratico-de-direito-e-a-desestatizacao-do-porto-de-sao-sebastiao\/#article\",\"isPartOf\":{\"@id\":\"https:\/\/agenciainfra.com\/blog\/infradebate-o-estado-democratico-de-direito-e-a-desestatizacao-do-porto-de-sao-sebastiao\/\"},\"author\":{\"name\":\"Ag\u00eancia iNFRA\",\"@id\":\"https:\/\/agenciainfra.com\/blog\/#\/schema\/person\/34af08dff6adea4cb22b06612ba7acfa\"},\"headline\":\"iNFRADebate: O estado democr\u00e1tico de direito\u00a0e a desestatiza\u00e7\u00e3o do Porto de S\u00e3o Sebasti\u00e3o\",\"datePublished\":\"2022-02-11T13:00:00+00:00\",\"mainEntityOfPage\":{\"@id\":\"https:\/\/agenciainfra.com\/blog\/infradebate-o-estado-democratico-de-direito-e-a-desestatizacao-do-porto-de-sao-sebastiao\/\"},\"wordCount\":1565,\"publisher\":{\"@id\":\"https:\/\/agenciainfra.com\/blog\/#organization\"},\"image\":{\"@id\":\"https:\/\/agenciainfra.com\/blog\/infradebate-o-estado-democratico-de-direito-e-a-desestatizacao-do-porto-de-sao-sebastiao\/#primaryimage\"},\"thumbnailUrl\":\"https:\/\/agenciainfra.com\/blog\/wp-content\/uploads\/2022\/02\/porto-de-sao-sebastiao-foto-divulgacao-porto.jpeg\",\"keywords\":[\"ANTAQ\",\"autoridade portu\u00e1ria\",\"concess\u00f5es\",\"desestatiza\u00e7\u00e3o\",\"Humberto Martins\",\"licita\u00e7\u00f5es\",\"Minist\u00e9rio da Infraestrutura\",\"Porto de S\u00e3o Sebasti\u00e3o\",\"Portos Privados\",\"transportes aquavi\u00e1rios\"],\"articleSection\":[\"Geral\",\"iNFRADebate\"],\"inLanguage\":\"pt-BR\",\"copyrightYear\":\"2022\",\"copyrightHolder\":{\"@id\":\"https:\/\/agenciainfra.com\/blog\/#organization\"}},{\"@type\":\"WebPage\",\"@id\":\"https:\/\/agenciainfra.com\/blog\/infradebate-o-estado-democratico-de-direito-e-a-desestatizacao-do-porto-de-sao-sebastiao\/\",\"url\":\"https:\/\/agenciainfra.com\/blog\/infradebate-o-estado-democratico-de-direito-e-a-desestatizacao-do-porto-de-sao-sebastiao\/\",\"name\":\"iNFRADebate: O estado democr\u00e1tico de direito\u00a0e a desestatiza\u00e7\u00e3o do Porto de S\u00e3o Sebasti\u00e3o - Ag\u00eancia iNFRA\",\"isPartOf\":{\"@id\":\"https:\/\/agenciainfra.com\/blog\/#website\"},\"primaryImageOfPage\":{\"@id\":\"https:\/\/agenciainfra.com\/blog\/infradebate-o-estado-democratico-de-direito-e-a-desestatizacao-do-porto-de-sao-sebastiao\/#primaryimage\"},\"image\":{\"@id\":\"https:\/\/agenciainfra.com\/blog\/infradebate-o-estado-democratico-de-direito-e-a-desestatizacao-do-porto-de-sao-sebastiao\/#primaryimage\"},\"thumbnailUrl\":\"https:\/\/agenciainfra.com\/blog\/wp-content\/uploads\/2022\/02\/porto-de-sao-sebastiao-foto-divulgacao-porto.jpeg\",\"datePublished\":\"2022-02-11T13:00:00+00:00\",\"breadcrumb\":{\"@id\":\"https:\/\/agenciainfra.com\/blog\/infradebate-o-estado-democratico-de-direito-e-a-desestatizacao-do-porto-de-sao-sebastiao\/#breadcrumb\"},\"inLanguage\":\"pt-BR\",\"potentialAction\":[{\"@type\":\"ReadAction\",\"target\":[\"https:\/\/agenciainfra.com\/blog\/infradebate-o-estado-democratico-de-direito-e-a-desestatizacao-do-porto-de-sao-sebastiao\/\"]}]},{\"@type\":\"ImageObject\",\"inLanguage\":\"pt-BR\",\"@id\":\"https:\/\/agenciainfra.com\/blog\/infradebate-o-estado-democratico-de-direito-e-a-desestatizacao-do-porto-de-sao-sebastiao\/#primaryimage\",\"url\":\"https:\/\/agenciainfra.com\/blog\/wp-content\/uploads\/2022\/02\/porto-de-sao-sebastiao-foto-divulgacao-porto.jpeg\",\"contentUrl\":\"https:\/\/agenciainfra.com\/blog\/wp-content\/uploads\/2022\/02\/porto-de-sao-sebastiao-foto-divulgacao-porto.jpeg\",\"width\":1280,\"height\":743,\"caption\":\"Foto: Companhia Docas de S\u00e3o Sebasti\u00e3o\"},{\"@type\":\"BreadcrumbList\",\"@id\":\"https:\/\/agenciainfra.com\/blog\/infradebate-o-estado-democratico-de-direito-e-a-desestatizacao-do-porto-de-sao-sebastiao\/#breadcrumb\",\"itemListElement\":[{\"@type\":\"ListItem\",\"position\":1,\"name\":\"In\u00edcio\",\"item\":\"https:\/\/agenciainfra.com\/blog\/\"},{\"@type\":\"ListItem\",\"position\":2,\"name\":\"iNFRADebate: O estado democr\u00e1tico de direito\u00a0e a desestatiza\u00e7\u00e3o do Porto de S\u00e3o Sebasti\u00e3o\"}]},{\"@type\":\"WebSite\",\"@id\":\"https:\/\/agenciainfra.com\/blog\/#website\",\"url\":\"https:\/\/agenciainfra.com\/blog\/\",\"name\":\"Ag\u00eancia iNFRA\",\"description\":\"Multiplataforma de informa\u00e7\u00e3o jornal\u00edstica refer\u00eancia na \u00e1rea de infraestrutura no Brasil!\",\"publisher\":{\"@id\":\"https:\/\/agenciainfra.com\/blog\/#organization\"},\"potentialAction\":[{\"@type\":\"SearchAction\",\"target\":{\"@type\":\"EntryPoint\",\"urlTemplate\":\"https:\/\/agenciainfra.com\/blog\/?s={search_term_string}\"},\"query-input\":{\"@type\":\"PropertyValueSpecification\",\"valueRequired\":true,\"valueName\":\"search_term_string\"}}],\"inLanguage\":\"pt-BR\"},{\"@type\":\"Organization\",\"@id\":\"https:\/\/agenciainfra.com\/blog\/#organization\",\"name\":\"Ag\u00eancia iNFRA\",\"url\":\"https:\/\/agenciainfra.com\/blog\/\",\"logo\":{\"@type\":\"ImageObject\",\"inLanguage\":\"pt-BR\",\"@id\":\"https:\/\/agenciainfra.com\/blog\/#\/schema\/logo\/image\/\",\"url\":\"https:\/\/agenciainfra.com\/blog\/wp-content\/uploads\/2023\/09\/iNFRA_5-e1761735885940.png\",\"contentUrl\":\"https:\/\/agenciainfra.com\/blog\/wp-content\/uploads\/2023\/09\/iNFRA_5-e1761735885940.png\",\"width\":1672,\"height\":454,\"caption\":\"Ag\u00eancia iNFRA\"},\"image\":{\"@id\":\"https:\/\/agenciainfra.com\/blog\/#\/schema\/logo\/image\/\"},\"sameAs\":[\"https:\/\/www.facebook.com\/ageninfra\",\"https:\/\/x.com\/agencia_infra\",\"https:\/\/www.linkedin.com\/company\/ag\u00eanciainfra\/\",\"https:\/\/www.instagram.com\/agenciainfra\/\"]},{\"@type\":\"Person\",\"@id\":\"https:\/\/agenciainfra.com\/blog\/#\/schema\/person\/34af08dff6adea4cb22b06612ba7acfa\",\"name\":\"Ag\u00eancia iNFRA\",\"image\":{\"@type\":\"ImageObject\",\"inLanguage\":\"pt-BR\",\"@id\":\"https:\/\/agenciainfra.com\/blog\/#\/schema\/person\/image\/\",\"url\":\"https:\/\/secure.gravatar.com\/avatar\/d189e01678f06d8eb84d4e01f08eb848b3fffe3f8443818d3c356c66892f5be8?s=96&d=mm&r=g\",\"contentUrl\":\"https:\/\/secure.gravatar.com\/avatar\/d189e01678f06d8eb84d4e01f08eb848b3fffe3f8443818d3c356c66892f5be8?s=96&d=mm&r=g\",\"caption\":\"Ag\u00eancia iNFRA\"},\"url\":\"https:\/\/agenciainfra.com\/blog\/author\/admin\/\"}]}<\/script>\n<!-- \/ Yoast SEO Premium plugin. -->","yoast_head_json":{"title":"iNFRADebate: O estado democr\u00e1tico de direito\u00a0e a desestatiza\u00e7\u00e3o do Porto de S\u00e3o Sebasti\u00e3o - Ag\u00eancia iNFRA","robots":{"index":"index","follow":"follow","max-snippet":"max-snippet:-1","max-image-preview":"max-image-preview:large","max-video-preview":"max-video-preview:-1"},"canonical":"https:\/\/agenciainfra.com\/blog\/infradebate-o-estado-democratico-de-direito-e-a-desestatizacao-do-porto-de-sao-sebastiao\/","og_locale":"pt_BR","og_type":"article","og_title":"iNFRADebate: O estado democr\u00e1tico de direito\u00a0e a desestatiza\u00e7\u00e3o do Porto de S\u00e3o Sebasti\u00e3o","og_description":"Patr\u00edcia Lia Brentano* No \u00faltimo dia 7 de fevereiro seria realizada a audi\u00eancia p\u00fablica sobre a desestatiza\u00e7\u00e3o do Porto de S\u00e3o Sebasti\u00e3o, um dos portos escolhidos pelo Governo Federal para altera\u00e7\u00e3o do comando\u00a0da Autoridade Portu\u00e1ria.\u00a0 A comunidade portu\u00e1ria de S\u00e3o Sebasti\u00e3o, apreensiva com a pressa do governo, a falta de&nbsp;respostas para quest\u00f5es fundamentais e o [&hellip;]","og_url":"https:\/\/agenciainfra.com\/blog\/infradebate-o-estado-democratico-de-direito-e-a-desestatizacao-do-porto-de-sao-sebastiao\/","og_site_name":"Ag\u00eancia iNFRA","article_publisher":"https:\/\/www.facebook.com\/ageninfra","article_published_time":"2022-02-11T13:00:00+00:00","og_image":[{"width":1280,"height":743,"url":"https:\/\/agenciainfra.com\/blog\/wp-content\/uploads\/2022\/02\/porto-de-sao-sebastiao-foto-divulgacao-porto.jpeg","type":"image\/jpeg"}],"author":"Ag\u00eancia iNFRA","twitter_card":"summary_large_image","twitter_creator":"@agencia_infra","twitter_site":"@agencia_infra","twitter_misc":{"Escrito por":"Ag\u00eancia iNFRA","Est. tempo de leitura":"8 minutos"},"schema":{"@context":"https:\/\/schema.org","@graph":[{"@type":"Article","@id":"https:\/\/agenciainfra.com\/blog\/infradebate-o-estado-democratico-de-direito-e-a-desestatizacao-do-porto-de-sao-sebastiao\/#article","isPartOf":{"@id":"https:\/\/agenciainfra.com\/blog\/infradebate-o-estado-democratico-de-direito-e-a-desestatizacao-do-porto-de-sao-sebastiao\/"},"author":{"name":"Ag\u00eancia iNFRA","@id":"https:\/\/agenciainfra.com\/blog\/#\/schema\/person\/34af08dff6adea4cb22b06612ba7acfa"},"headline":"iNFRADebate: O estado democr\u00e1tico de direito\u00a0e a desestatiza\u00e7\u00e3o do Porto de S\u00e3o Sebasti\u00e3o","datePublished":"2022-02-11T13:00:00+00:00","mainEntityOfPage":{"@id":"https:\/\/agenciainfra.com\/blog\/infradebate-o-estado-democratico-de-direito-e-a-desestatizacao-do-porto-de-sao-sebastiao\/"},"wordCount":1565,"publisher":{"@id":"https:\/\/agenciainfra.com\/blog\/#organization"},"image":{"@id":"https:\/\/agenciainfra.com\/blog\/infradebate-o-estado-democratico-de-direito-e-a-desestatizacao-do-porto-de-sao-sebastiao\/#primaryimage"},"thumbnailUrl":"https:\/\/agenciainfra.com\/blog\/wp-content\/uploads\/2022\/02\/porto-de-sao-sebastiao-foto-divulgacao-porto.jpeg","keywords":["ANTAQ","autoridade portu\u00e1ria","concess\u00f5es","desestatiza\u00e7\u00e3o","Humberto Martins","licita\u00e7\u00f5es","Minist\u00e9rio da Infraestrutura","Porto de S\u00e3o Sebasti\u00e3o","Portos Privados","transportes aquavi\u00e1rios"],"articleSection":["Geral","iNFRADebate"],"inLanguage":"pt-BR","copyrightYear":"2022","copyrightHolder":{"@id":"https:\/\/agenciainfra.com\/blog\/#organization"}},{"@type":"WebPage","@id":"https:\/\/agenciainfra.com\/blog\/infradebate-o-estado-democratico-de-direito-e-a-desestatizacao-do-porto-de-sao-sebastiao\/","url":"https:\/\/agenciainfra.com\/blog\/infradebate-o-estado-democratico-de-direito-e-a-desestatizacao-do-porto-de-sao-sebastiao\/","name":"iNFRADebate: O estado democr\u00e1tico de direito\u00a0e a desestatiza\u00e7\u00e3o do Porto de S\u00e3o Sebasti\u00e3o - Ag\u00eancia iNFRA","isPartOf":{"@id":"https:\/\/agenciainfra.com\/blog\/#website"},"primaryImageOfPage":{"@id":"https:\/\/agenciainfra.com\/blog\/infradebate-o-estado-democratico-de-direito-e-a-desestatizacao-do-porto-de-sao-sebastiao\/#primaryimage"},"image":{"@id":"https:\/\/agenciainfra.com\/blog\/infradebate-o-estado-democratico-de-direito-e-a-desestatizacao-do-porto-de-sao-sebastiao\/#primaryimage"},"thumbnailUrl":"https:\/\/agenciainfra.com\/blog\/wp-content\/uploads\/2022\/02\/porto-de-sao-sebastiao-foto-divulgacao-porto.jpeg","datePublished":"2022-02-11T13:00:00+00:00","breadcrumb":{"@id":"https:\/\/agenciainfra.com\/blog\/infradebate-o-estado-democratico-de-direito-e-a-desestatizacao-do-porto-de-sao-sebastiao\/#breadcrumb"},"inLanguage":"pt-BR","potentialAction":[{"@type":"ReadAction","target":["https:\/\/agenciainfra.com\/blog\/infradebate-o-estado-democratico-de-direito-e-a-desestatizacao-do-porto-de-sao-sebastiao\/"]}]},{"@type":"ImageObject","inLanguage":"pt-BR","@id":"https:\/\/agenciainfra.com\/blog\/infradebate-o-estado-democratico-de-direito-e-a-desestatizacao-do-porto-de-sao-sebastiao\/#primaryimage","url":"https:\/\/agenciainfra.com\/blog\/wp-content\/uploads\/2022\/02\/porto-de-sao-sebastiao-foto-divulgacao-porto.jpeg","contentUrl":"https:\/\/agenciainfra.com\/blog\/wp-content\/uploads\/2022\/02\/porto-de-sao-sebastiao-foto-divulgacao-porto.jpeg","width":1280,"height":743,"caption":"Foto: Companhia Docas de S\u00e3o Sebasti\u00e3o"},{"@type":"BreadcrumbList","@id":"https:\/\/agenciainfra.com\/blog\/infradebate-o-estado-democratico-de-direito-e-a-desestatizacao-do-porto-de-sao-sebastiao\/#breadcrumb","itemListElement":[{"@type":"ListItem","position":1,"name":"In\u00edcio","item":"https:\/\/agenciainfra.com\/blog\/"},{"@type":"ListItem","position":2,"name":"iNFRADebate: O estado democr\u00e1tico de direito\u00a0e a desestatiza\u00e7\u00e3o do Porto de S\u00e3o Sebasti\u00e3o"}]},{"@type":"WebSite","@id":"https:\/\/agenciainfra.com\/blog\/#website","url":"https:\/\/agenciainfra.com\/blog\/","name":"Ag\u00eancia iNFRA","description":"Multiplataforma de informa\u00e7\u00e3o jornal\u00edstica refer\u00eancia na \u00e1rea de infraestrutura no Brasil!","publisher":{"@id":"https:\/\/agenciainfra.com\/blog\/#organization"},"potentialAction":[{"@type":"SearchAction","target":{"@type":"EntryPoint","urlTemplate":"https:\/\/agenciainfra.com\/blog\/?s={search_term_string}"},"query-input":{"@type":"PropertyValueSpecification","valueRequired":true,"valueName":"search_term_string"}}],"inLanguage":"pt-BR"},{"@type":"Organization","@id":"https:\/\/agenciainfra.com\/blog\/#organization","name":"Ag\u00eancia iNFRA","url":"https:\/\/agenciainfra.com\/blog\/","logo":{"@type":"ImageObject","inLanguage":"pt-BR","@id":"https:\/\/agenciainfra.com\/blog\/#\/schema\/logo\/image\/","url":"https:\/\/agenciainfra.com\/blog\/wp-content\/uploads\/2023\/09\/iNFRA_5-e1761735885940.png","contentUrl":"https:\/\/agenciainfra.com\/blog\/wp-content\/uploads\/2023\/09\/iNFRA_5-e1761735885940.png","width":1672,"height":454,"caption":"Ag\u00eancia iNFRA"},"image":{"@id":"https:\/\/agenciainfra.com\/blog\/#\/schema\/logo\/image\/"},"sameAs":["https:\/\/www.facebook.com\/ageninfra","https:\/\/x.com\/agencia_infra","https:\/\/www.linkedin.com\/company\/ag\u00eanciainfra\/","https:\/\/www.instagram.com\/agenciainfra\/"]},{"@type":"Person","@id":"https:\/\/agenciainfra.com\/blog\/#\/schema\/person\/34af08dff6adea4cb22b06612ba7acfa","name":"Ag\u00eancia iNFRA","image":{"@type":"ImageObject","inLanguage":"pt-BR","@id":"https:\/\/agenciainfra.com\/blog\/#\/schema\/person\/image\/","url":"https:\/\/secure.gravatar.com\/avatar\/d189e01678f06d8eb84d4e01f08eb848b3fffe3f8443818d3c356c66892f5be8?s=96&d=mm&r=g","contentUrl":"https:\/\/secure.gravatar.com\/avatar\/d189e01678f06d8eb84d4e01f08eb848b3fffe3f8443818d3c356c66892f5be8?s=96&d=mm&r=g","caption":"Ag\u00eancia iNFRA"},"url":"https:\/\/agenciainfra.com\/blog\/author\/admin\/"}]}},"_links":{"self":[{"href":"https:\/\/agenciainfra.com\/blog\/wp-json\/wp\/v2\/posts\/9497","targetHints":{"allow":["GET"]}}],"collection":[{"href":"https:\/\/agenciainfra.com\/blog\/wp-json\/wp\/v2\/posts"}],"about":[{"href":"https:\/\/agenciainfra.com\/blog\/wp-json\/wp\/v2\/types\/post"}],"author":[{"embeddable":true,"href":"https:\/\/agenciainfra.com\/blog\/wp-json\/wp\/v2\/users\/1"}],"replies":[{"embeddable":true,"href":"https:\/\/agenciainfra.com\/blog\/wp-json\/wp\/v2\/comments?post=9497"}],"version-history":[{"count":0,"href":"https:\/\/agenciainfra.com\/blog\/wp-json\/wp\/v2\/posts\/9497\/revisions"}],"wp:featuredmedia":[{"embeddable":true,"href":"https:\/\/agenciainfra.com\/blog\/wp-json\/wp\/v2\/media\/9500"}],"wp:attachment":[{"href":"https:\/\/agenciainfra.com\/blog\/wp-json\/wp\/v2\/media?parent=9497"}],"wp:term":[{"taxonomy":"category","embeddable":true,"href":"https:\/\/agenciainfra.com\/blog\/wp-json\/wp\/v2\/categories?post=9497"},{"taxonomy":"post_tag","embeddable":true,"href":"https:\/\/agenciainfra.com\/blog\/wp-json\/wp\/v2\/tags?post=9497"}],"curies":[{"name":"wp","href":"https:\/\/api.w.org\/{rel}","templated":true}]}}