{"id":9512,"date":"2022-02-15T10:00:00","date_gmt":"2022-02-15T13:00:00","guid":{"rendered":"https:\/\/www.agenciainfra.com\/blog\/?p=9512"},"modified":"2022-02-15T08:24:47","modified_gmt":"2022-02-15T11:24:47","slug":"infradebate-desafios-para-a-infraestrutura-no-brasil-este-ano","status":"publish","type":"post","link":"https:\/\/agenciainfra.com\/blog\/infradebate-desafios-para-a-infraestrutura-no-brasil-este-ano\/","title":{"rendered":"iNFRADebate: Desafios para a infraestrutura no Brasil neste ano"},"content":{"rendered":"\n<p class=\"has-text-align-right\"><strong>Leonardo Giusti* e Daniela Macario**<\/strong><\/p>\n\n\n\n<p>A base do desenvolvimento econ\u00f4mico e social de um pa\u00eds est\u00e1 diretamente relacionada \u00e0 capacidade de atrair, direcionar e gerar investimentos em infraestrutura. Entretanto, por aqui, o assunto n\u00e3o tem recebido a devida aten\u00e7\u00e3o. O Brasil tem investido no setor menos que 2,5% do Produto Interno Bruto durante as \u00faltimas duas d\u00e9cadas, quando seriam necess\u00e1rios, no m\u00ednimo, 4% a 5% deste volume.<\/p>\n\n\n\n<p>Este cen\u00e1rio, contudo, vem registrando mudan\u00e7as positivas diante do aumento de investimentos oriundos pela iniciativa privada \u2013 que respondem por quase 80% de todos os recursos do setor, percentual mais alto j\u00e1 alcan\u00e7ado no Brasil. Essa tend\u00eancia vem se consolidando com a execu\u00e7\u00e3o de dezenas de projetos de peso em infraestrutura. Vale citar, por exemplo, os novos empreendimentos no setor ferrovi\u00e1rio, at\u00e9 ent\u00e3o estagnado, que somam quase R$ 25 bilh\u00f5es: a Fiol (Ferrovia de Integra\u00e7\u00e3o Oeste-Leste), que vai interligar os estados de Tocantins, Maranh\u00e3o, Goi\u00e1s e Bahia, e a Ferrogr\u00e3o, que conectar\u00e1 a regi\u00e3o produtora de gr\u00e3os do Centro-Oeste ao estado do Par\u00e1. Tais linhas dever\u00e3o proporcionar efici\u00eancia \u00e0 malha de escoamento log\u00edstico brasileiro, garantindo agilidade, acessibilidade e maior competitividade no custo log\u00edstico.<\/p>\n\n\n\n<p>Analisando a din\u00e2mica hist\u00f3rica do mercado, e acompanhando os movimentos de desburocratiza\u00e7\u00e3o regulat\u00f3ria, \u00e9 poss\u00edvel afirmar que os investimentos no setor log\u00edstico podem alcan\u00e7ar R$ 40 bilh\u00f5es neste ano. Isso significa mais aten\u00e7\u00e3o para a constru\u00e7\u00e3o e manuten\u00e7\u00e3o de rodovias, ferrovias, portos, aeroportos e mobilidade urbana. J\u00e1 no setor de saneamento, que vem ganhando destaque e import\u00e2ncia ap\u00f3s a aprova\u00e7\u00e3o do novo marco regulat\u00f3rio, a previs\u00e3o \u00e9 que sejam investidos cerca de R$ 15 bilh\u00f5es por meio das ofertas de privatiza\u00e7\u00e3o.<\/p>\n\n\n\n<p>Al\u00e9m de prover a maioria dos recursos em infraestrutura, a iniciativa privada contribui ainda com a incorpora\u00e7\u00e3o de conceitos sustent\u00e1veis e de pr\u00e1ticas ESG (sigla em ingl\u00eas para meio ambiente, social e governan\u00e7a). Mais do que nunca, a\u00e7\u00f5es de resposta \u00e0 crise clim\u00e1tica despertam enorme aten\u00e7\u00e3o dos principais tomadores de decis\u00e3o. Nesse contexto, o setor de infraestrutura possui um papel fundamental a desempenhar, especialmente, por meio de mecanismos robustos e pela cria\u00e7\u00e3o de solu\u00e7\u00f5es que considerem o uso da matriz energ\u00e9tica limpa.<\/p>\n\n\n\n<p>Por fim, como em demais setores da ind\u00fastria brasileira, ainda h\u00e1 muito a avan\u00e7ar tanto na ader\u00eancia de novas tecnologias quanto na conjuntura estrutural das organiza\u00e7\u00f5es. A transforma\u00e7\u00e3o digital deve se fazer presente tamb\u00e9m entre as equipes e os processos, principalmente, no setor de infraestrutura, em que se encontra justamente a maior lacuna de produtividade \u2013 em compara\u00e7\u00e3o com \u00e1reas como a ind\u00fastria e a manufatura. J\u00e1 que o conceito 4.0 \u00e9 imprescind\u00edvel, torna-se fundamental que os gestores das empresas busquem gerar valor atrav\u00e9s de sistemas conectados e do uso inteligente de dados, al\u00e9m da capacita\u00e7\u00e3o de funcion\u00e1rios, para manter-se competitivas no mercado.<\/p>\n\n\n\n<h6 class=\"wp-block-heading\"> <strong>*<strong>Leonardo Giusti \u00e9 s\u00f3cio-l\u00edder de infraestrutura, governo e sa\u00fade da KPMG<\/strong><\/strong>.<\/h6>\n\n\n\n<h6 class=\"wp-block-heading\">**<strong><strong>Daniela Macario \u00e9 gerente do segmento de infraestrutura da KPMG no Brasil.<\/strong><\/strong><\/h6>\n\n\n\n<h5 class=\"wp-block-heading\" id=\"block-d67878ff-7627-4f15-b175-8f58269174ff\">O iNFRADebate \u00e9 o espa\u00e7o de artigos da Ag\u00eancia iNFRA com opini\u00f5es de seus atores que n\u00e3o refletem necessariamente o pensamento da Ag\u00eancia iNFRA, sendo de total responsabilidade do autor as informa\u00e7\u00f5es, ju\u00edzos de valor e conceitos descritos no texto.<\/h5>\n","protected":false},"excerpt":{"rendered":"<p>Leonardo Giusti* e Daniela Macario** A base do desenvolvimento econ\u00f4mico e social de um pa\u00eds est\u00e1 diretamente relacionada \u00e0 capacidade de atrair, direcionar e gerar investimentos em infraestrutura. Entretanto, por aqui, o assunto n\u00e3o tem recebido a devida aten\u00e7\u00e3o. O Brasil tem investido no setor menos que 2,5% do Produto Interno Bruto durante as \u00faltimas [&hellip;]<\/p>\n","protected":false},"author":1,"featured_media":6618,"comment_status":"closed","ping_status":"closed","sticky":false,"template":"","format":"standard","meta":{"_monsterinsights_skip_tracking":false,"_monsterinsights_sitenote_active":false,"_monsterinsights_sitenote_note":"","_monsterinsights_sitenote_category":0,"footnotes":""},"categories":[1,11],"tags":[2805,156,34,2538,32,66,476,2162,51,70],"class_list":["post-9512","post","type-post","status-publish","format-standard","has-post-thumbnail","hentry","category-geral","category-infradebate","tag-esg","tag-fiol","tag-infraestrutura","tag-iniciativa-privada","tag-investimentos","tag-logistica","tag-matriz-energetica","tag-mobilidade-urbana","tag-privatizacao","tag-transportes"],"yoast_head":"<!-- This site is optimized with the Yoast SEO Premium plugin v25.4 (Yoast SEO v26.0) - https:\/\/yoast.com\/wordpress\/plugins\/seo\/ -->\n<title>iNFRADebate: Desafios para a infraestrutura no Brasil neste ano - Ag\u00eancia iNFRA<\/title>\n<meta name=\"robots\" content=\"index, follow, max-snippet:-1, max-image-preview:large, max-video-preview:-1\" \/>\n<link rel=\"canonical\" href=\"https:\/\/agenciainfra.com\/blog\/infradebate-desafios-para-a-infraestrutura-no-brasil-este-ano\/\" \/>\n<meta property=\"og:locale\" content=\"pt_BR\" \/>\n<meta property=\"og:type\" content=\"article\" \/>\n<meta property=\"og:title\" content=\"iNFRADebate: Desafios para a infraestrutura no Brasil neste ano\" \/>\n<meta property=\"og:description\" content=\"Leonardo Giusti* e Daniela Macario** A base do desenvolvimento econ\u00f4mico e social de um pa\u00eds est\u00e1 diretamente relacionada \u00e0 capacidade de atrair, direcionar e gerar investimentos em infraestrutura. Entretanto, por aqui, o assunto n\u00e3o tem recebido a devida aten\u00e7\u00e3o. O Brasil tem investido no setor menos que 2,5% do Produto Interno Bruto durante as \u00faltimas [&hellip;]\" \/>\n<meta property=\"og:url\" content=\"https:\/\/agenciainfra.com\/blog\/infradebate-desafios-para-a-infraestrutura-no-brasil-este-ano\/\" \/>\n<meta property=\"og:site_name\" content=\"Ag\u00eancia iNFRA\" \/>\n<meta property=\"article:publisher\" content=\"https:\/\/www.facebook.com\/ageninfra\" \/>\n<meta property=\"article:published_time\" content=\"2022-02-15T13:00:00+00:00\" \/>\n<meta property=\"og:image\" content=\"https:\/\/agenciainfra.com\/blog\/wp-content\/uploads\/2021\/01\/fiol-foto-ricardo-botelho-minfra.jpg\" \/>\n\t<meta property=\"og:image:width\" content=\"1280\" \/>\n\t<meta property=\"og:image:height\" content=\"854\" \/>\n\t<meta property=\"og:image:type\" content=\"image\/jpeg\" \/>\n<meta name=\"author\" content=\"Ag\u00eancia iNFRA\" \/>\n<meta name=\"twitter:card\" content=\"summary_large_image\" \/>\n<meta name=\"twitter:creator\" content=\"@agencia_infra\" \/>\n<meta name=\"twitter:site\" content=\"@agencia_infra\" \/>\n<meta name=\"twitter:label1\" content=\"Escrito por\" \/>\n\t<meta name=\"twitter:data1\" content=\"Ag\u00eancia iNFRA\" \/>\n\t<meta name=\"twitter:label2\" content=\"Est. tempo de leitura\" \/>\n\t<meta name=\"twitter:data2\" content=\"3 minutos\" \/>\n<script type=\"application\/ld+json\" class=\"yoast-schema-graph\">{\"@context\":\"https:\/\/schema.org\",\"@graph\":[{\"@type\":\"Article\",\"@id\":\"https:\/\/agenciainfra.com\/blog\/infradebate-desafios-para-a-infraestrutura-no-brasil-este-ano\/#article\",\"isPartOf\":{\"@id\":\"https:\/\/agenciainfra.com\/blog\/infradebate-desafios-para-a-infraestrutura-no-brasil-este-ano\/\"},\"author\":{\"name\":\"Ag\u00eancia iNFRA\",\"@id\":\"https:\/\/agenciainfra.com\/blog\/#\/schema\/person\/34af08dff6adea4cb22b06612ba7acfa\"},\"headline\":\"iNFRADebate: Desafios para a infraestrutura no Brasil neste ano\",\"datePublished\":\"2022-02-15T13:00:00+00:00\",\"mainEntityOfPage\":{\"@id\":\"https:\/\/agenciainfra.com\/blog\/infradebate-desafios-para-a-infraestrutura-no-brasil-este-ano\/\"},\"wordCount\":588,\"publisher\":{\"@id\":\"https:\/\/agenciainfra.com\/blog\/#organization\"},\"image\":{\"@id\":\"https:\/\/agenciainfra.com\/blog\/infradebate-desafios-para-a-infraestrutura-no-brasil-este-ano\/#primaryimage\"},\"thumbnailUrl\":\"https:\/\/agenciainfra.com\/blog\/wp-content\/uploads\/2021\/01\/fiol-foto-ricardo-botelho-minfra.jpg\",\"keywords\":[\"ESG\",\"FIOL\",\"Infraestrutura\",\"iniciativa privada\",\"Investimentos\",\"log\u00edstica\",\"matriz energ\u00e9tica\",\"mobilidade urbana\",\"Privatiza\u00e7\u00e3o\",\"transportes\"],\"articleSection\":[\"Geral\",\"iNFRADebate\"],\"inLanguage\":\"pt-BR\",\"copyrightYear\":\"2022\",\"copyrightHolder\":{\"@id\":\"https:\/\/agenciainfra.com\/blog\/#organization\"}},{\"@type\":\"WebPage\",\"@id\":\"https:\/\/agenciainfra.com\/blog\/infradebate-desafios-para-a-infraestrutura-no-brasil-este-ano\/\",\"url\":\"https:\/\/agenciainfra.com\/blog\/infradebate-desafios-para-a-infraestrutura-no-brasil-este-ano\/\",\"name\":\"iNFRADebate: Desafios para a infraestrutura no Brasil neste ano - Ag\u00eancia iNFRA\",\"isPartOf\":{\"@id\":\"https:\/\/agenciainfra.com\/blog\/#website\"},\"primaryImageOfPage\":{\"@id\":\"https:\/\/agenciainfra.com\/blog\/infradebate-desafios-para-a-infraestrutura-no-brasil-este-ano\/#primaryimage\"},\"image\":{\"@id\":\"https:\/\/agenciainfra.com\/blog\/infradebate-desafios-para-a-infraestrutura-no-brasil-este-ano\/#primaryimage\"},\"thumbnailUrl\":\"https:\/\/agenciainfra.com\/blog\/wp-content\/uploads\/2021\/01\/fiol-foto-ricardo-botelho-minfra.jpg\",\"datePublished\":\"2022-02-15T13:00:00+00:00\",\"breadcrumb\":{\"@id\":\"https:\/\/agenciainfra.com\/blog\/infradebate-desafios-para-a-infraestrutura-no-brasil-este-ano\/#breadcrumb\"},\"inLanguage\":\"pt-BR\",\"potentialAction\":[{\"@type\":\"ReadAction\",\"target\":[\"https:\/\/agenciainfra.com\/blog\/infradebate-desafios-para-a-infraestrutura-no-brasil-este-ano\/\"]}]},{\"@type\":\"ImageObject\",\"inLanguage\":\"pt-BR\",\"@id\":\"https:\/\/agenciainfra.com\/blog\/infradebate-desafios-para-a-infraestrutura-no-brasil-este-ano\/#primaryimage\",\"url\":\"https:\/\/agenciainfra.com\/blog\/wp-content\/uploads\/2021\/01\/fiol-foto-ricardo-botelho-minfra.jpg\",\"contentUrl\":\"https:\/\/agenciainfra.com\/blog\/wp-content\/uploads\/2021\/01\/fiol-foto-ricardo-botelho-minfra.jpg\",\"width\":1280,\"height\":854,\"caption\":\"Foto: Ricardo Botelho\/Minfra\"},{\"@type\":\"BreadcrumbList\",\"@id\":\"https:\/\/agenciainfra.com\/blog\/infradebate-desafios-para-a-infraestrutura-no-brasil-este-ano\/#breadcrumb\",\"itemListElement\":[{\"@type\":\"ListItem\",\"position\":1,\"name\":\"In\u00edcio\",\"item\":\"https:\/\/agenciainfra.com\/blog\/\"},{\"@type\":\"ListItem\",\"position\":2,\"name\":\"iNFRADebate: Desafios para a infraestrutura no Brasil neste ano\"}]},{\"@type\":\"WebSite\",\"@id\":\"https:\/\/agenciainfra.com\/blog\/#website\",\"url\":\"https:\/\/agenciainfra.com\/blog\/\",\"name\":\"Ag\u00eancia iNFRA\",\"description\":\"Multiplataforma de informa\u00e7\u00e3o jornal\u00edstica refer\u00eancia na \u00e1rea de infraestrutura no Brasil!\",\"publisher\":{\"@id\":\"https:\/\/agenciainfra.com\/blog\/#organization\"},\"potentialAction\":[{\"@type\":\"SearchAction\",\"target\":{\"@type\":\"EntryPoint\",\"urlTemplate\":\"https:\/\/agenciainfra.com\/blog\/?s={search_term_string}\"},\"query-input\":{\"@type\":\"PropertyValueSpecification\",\"valueRequired\":true,\"valueName\":\"search_term_string\"}}],\"inLanguage\":\"pt-BR\"},{\"@type\":\"Organization\",\"@id\":\"https:\/\/agenciainfra.com\/blog\/#organization\",\"name\":\"Ag\u00eancia iNFRA\",\"url\":\"https:\/\/agenciainfra.com\/blog\/\",\"logo\":{\"@type\":\"ImageObject\",\"inLanguage\":\"pt-BR\",\"@id\":\"https:\/\/agenciainfra.com\/blog\/#\/schema\/logo\/image\/\",\"url\":\"https:\/\/agenciainfra.com\/blog\/wp-content\/uploads\/2023\/09\/iNFRA_5-e1761735885940.png\",\"contentUrl\":\"https:\/\/agenciainfra.com\/blog\/wp-content\/uploads\/2023\/09\/iNFRA_5-e1761735885940.png\",\"width\":1672,\"height\":454,\"caption\":\"Ag\u00eancia iNFRA\"},\"image\":{\"@id\":\"https:\/\/agenciainfra.com\/blog\/#\/schema\/logo\/image\/\"},\"sameAs\":[\"https:\/\/www.facebook.com\/ageninfra\",\"https:\/\/x.com\/agencia_infra\",\"https:\/\/www.linkedin.com\/company\/ag\u00eanciainfra\/\",\"https:\/\/www.instagram.com\/agenciainfra\/\"]},{\"@type\":\"Person\",\"@id\":\"https:\/\/agenciainfra.com\/blog\/#\/schema\/person\/34af08dff6adea4cb22b06612ba7acfa\",\"name\":\"Ag\u00eancia iNFRA\",\"image\":{\"@type\":\"ImageObject\",\"inLanguage\":\"pt-BR\",\"@id\":\"https:\/\/agenciainfra.com\/blog\/#\/schema\/person\/image\/\",\"url\":\"https:\/\/secure.gravatar.com\/avatar\/d189e01678f06d8eb84d4e01f08eb848b3fffe3f8443818d3c356c66892f5be8?s=96&d=mm&r=g\",\"contentUrl\":\"https:\/\/secure.gravatar.com\/avatar\/d189e01678f06d8eb84d4e01f08eb848b3fffe3f8443818d3c356c66892f5be8?s=96&d=mm&r=g\",\"caption\":\"Ag\u00eancia iNFRA\"},\"url\":\"https:\/\/agenciainfra.com\/blog\/author\/admin\/\"}]}<\/script>\n<!-- \/ Yoast SEO Premium plugin. -->","yoast_head_json":{"title":"iNFRADebate: Desafios para a infraestrutura no Brasil neste ano - Ag\u00eancia iNFRA","robots":{"index":"index","follow":"follow","max-snippet":"max-snippet:-1","max-image-preview":"max-image-preview:large","max-video-preview":"max-video-preview:-1"},"canonical":"https:\/\/agenciainfra.com\/blog\/infradebate-desafios-para-a-infraestrutura-no-brasil-este-ano\/","og_locale":"pt_BR","og_type":"article","og_title":"iNFRADebate: Desafios para a infraestrutura no Brasil neste ano","og_description":"Leonardo Giusti* e Daniela Macario** A base do desenvolvimento econ\u00f4mico e social de um pa\u00eds est\u00e1 diretamente relacionada \u00e0 capacidade de atrair, direcionar e gerar investimentos em infraestrutura. Entretanto, por aqui, o assunto n\u00e3o tem recebido a devida aten\u00e7\u00e3o. O Brasil tem investido no setor menos que 2,5% do Produto Interno Bruto durante as \u00faltimas [&hellip;]","og_url":"https:\/\/agenciainfra.com\/blog\/infradebate-desafios-para-a-infraestrutura-no-brasil-este-ano\/","og_site_name":"Ag\u00eancia iNFRA","article_publisher":"https:\/\/www.facebook.com\/ageninfra","article_published_time":"2022-02-15T13:00:00+00:00","og_image":[{"width":1280,"height":854,"url":"https:\/\/agenciainfra.com\/blog\/wp-content\/uploads\/2021\/01\/fiol-foto-ricardo-botelho-minfra.jpg","type":"image\/jpeg"}],"author":"Ag\u00eancia iNFRA","twitter_card":"summary_large_image","twitter_creator":"@agencia_infra","twitter_site":"@agencia_infra","twitter_misc":{"Escrito por":"Ag\u00eancia iNFRA","Est. tempo de leitura":"3 minutos"},"schema":{"@context":"https:\/\/schema.org","@graph":[{"@type":"Article","@id":"https:\/\/agenciainfra.com\/blog\/infradebate-desafios-para-a-infraestrutura-no-brasil-este-ano\/#article","isPartOf":{"@id":"https:\/\/agenciainfra.com\/blog\/infradebate-desafios-para-a-infraestrutura-no-brasil-este-ano\/"},"author":{"name":"Ag\u00eancia iNFRA","@id":"https:\/\/agenciainfra.com\/blog\/#\/schema\/person\/34af08dff6adea4cb22b06612ba7acfa"},"headline":"iNFRADebate: Desafios para a infraestrutura no Brasil neste ano","datePublished":"2022-02-15T13:00:00+00:00","mainEntityOfPage":{"@id":"https:\/\/agenciainfra.com\/blog\/infradebate-desafios-para-a-infraestrutura-no-brasil-este-ano\/"},"wordCount":588,"publisher":{"@id":"https:\/\/agenciainfra.com\/blog\/#organization"},"image":{"@id":"https:\/\/agenciainfra.com\/blog\/infradebate-desafios-para-a-infraestrutura-no-brasil-este-ano\/#primaryimage"},"thumbnailUrl":"https:\/\/agenciainfra.com\/blog\/wp-content\/uploads\/2021\/01\/fiol-foto-ricardo-botelho-minfra.jpg","keywords":["ESG","FIOL","Infraestrutura","iniciativa privada","Investimentos","log\u00edstica","matriz energ\u00e9tica","mobilidade urbana","Privatiza\u00e7\u00e3o","transportes"],"articleSection":["Geral","iNFRADebate"],"inLanguage":"pt-BR","copyrightYear":"2022","copyrightHolder":{"@id":"https:\/\/agenciainfra.com\/blog\/#organization"}},{"@type":"WebPage","@id":"https:\/\/agenciainfra.com\/blog\/infradebate-desafios-para-a-infraestrutura-no-brasil-este-ano\/","url":"https:\/\/agenciainfra.com\/blog\/infradebate-desafios-para-a-infraestrutura-no-brasil-este-ano\/","name":"iNFRADebate: Desafios para a infraestrutura no Brasil neste ano - Ag\u00eancia iNFRA","isPartOf":{"@id":"https:\/\/agenciainfra.com\/blog\/#website"},"primaryImageOfPage":{"@id":"https:\/\/agenciainfra.com\/blog\/infradebate-desafios-para-a-infraestrutura-no-brasil-este-ano\/#primaryimage"},"image":{"@id":"https:\/\/agenciainfra.com\/blog\/infradebate-desafios-para-a-infraestrutura-no-brasil-este-ano\/#primaryimage"},"thumbnailUrl":"https:\/\/agenciainfra.com\/blog\/wp-content\/uploads\/2021\/01\/fiol-foto-ricardo-botelho-minfra.jpg","datePublished":"2022-02-15T13:00:00+00:00","breadcrumb":{"@id":"https:\/\/agenciainfra.com\/blog\/infradebate-desafios-para-a-infraestrutura-no-brasil-este-ano\/#breadcrumb"},"inLanguage":"pt-BR","potentialAction":[{"@type":"ReadAction","target":["https:\/\/agenciainfra.com\/blog\/infradebate-desafios-para-a-infraestrutura-no-brasil-este-ano\/"]}]},{"@type":"ImageObject","inLanguage":"pt-BR","@id":"https:\/\/agenciainfra.com\/blog\/infradebate-desafios-para-a-infraestrutura-no-brasil-este-ano\/#primaryimage","url":"https:\/\/agenciainfra.com\/blog\/wp-content\/uploads\/2021\/01\/fiol-foto-ricardo-botelho-minfra.jpg","contentUrl":"https:\/\/agenciainfra.com\/blog\/wp-content\/uploads\/2021\/01\/fiol-foto-ricardo-botelho-minfra.jpg","width":1280,"height":854,"caption":"Foto: Ricardo Botelho\/Minfra"},{"@type":"BreadcrumbList","@id":"https:\/\/agenciainfra.com\/blog\/infradebate-desafios-para-a-infraestrutura-no-brasil-este-ano\/#breadcrumb","itemListElement":[{"@type":"ListItem","position":1,"name":"In\u00edcio","item":"https:\/\/agenciainfra.com\/blog\/"},{"@type":"ListItem","position":2,"name":"iNFRADebate: Desafios para a infraestrutura no Brasil neste ano"}]},{"@type":"WebSite","@id":"https:\/\/agenciainfra.com\/blog\/#website","url":"https:\/\/agenciainfra.com\/blog\/","name":"Ag\u00eancia iNFRA","description":"Multiplataforma de informa\u00e7\u00e3o jornal\u00edstica refer\u00eancia na \u00e1rea de infraestrutura no Brasil!","publisher":{"@id":"https:\/\/agenciainfra.com\/blog\/#organization"},"potentialAction":[{"@type":"SearchAction","target":{"@type":"EntryPoint","urlTemplate":"https:\/\/agenciainfra.com\/blog\/?s={search_term_string}"},"query-input":{"@type":"PropertyValueSpecification","valueRequired":true,"valueName":"search_term_string"}}],"inLanguage":"pt-BR"},{"@type":"Organization","@id":"https:\/\/agenciainfra.com\/blog\/#organization","name":"Ag\u00eancia iNFRA","url":"https:\/\/agenciainfra.com\/blog\/","logo":{"@type":"ImageObject","inLanguage":"pt-BR","@id":"https:\/\/agenciainfra.com\/blog\/#\/schema\/logo\/image\/","url":"https:\/\/agenciainfra.com\/blog\/wp-content\/uploads\/2023\/09\/iNFRA_5-e1761735885940.png","contentUrl":"https:\/\/agenciainfra.com\/blog\/wp-content\/uploads\/2023\/09\/iNFRA_5-e1761735885940.png","width":1672,"height":454,"caption":"Ag\u00eancia iNFRA"},"image":{"@id":"https:\/\/agenciainfra.com\/blog\/#\/schema\/logo\/image\/"},"sameAs":["https:\/\/www.facebook.com\/ageninfra","https:\/\/x.com\/agencia_infra","https:\/\/www.linkedin.com\/company\/ag\u00eanciainfra\/","https:\/\/www.instagram.com\/agenciainfra\/"]},{"@type":"Person","@id":"https:\/\/agenciainfra.com\/blog\/#\/schema\/person\/34af08dff6adea4cb22b06612ba7acfa","name":"Ag\u00eancia iNFRA","image":{"@type":"ImageObject","inLanguage":"pt-BR","@id":"https:\/\/agenciainfra.com\/blog\/#\/schema\/person\/image\/","url":"https:\/\/secure.gravatar.com\/avatar\/d189e01678f06d8eb84d4e01f08eb848b3fffe3f8443818d3c356c66892f5be8?s=96&d=mm&r=g","contentUrl":"https:\/\/secure.gravatar.com\/avatar\/d189e01678f06d8eb84d4e01f08eb848b3fffe3f8443818d3c356c66892f5be8?s=96&d=mm&r=g","caption":"Ag\u00eancia iNFRA"},"url":"https:\/\/agenciainfra.com\/blog\/author\/admin\/"}]}},"_links":{"self":[{"href":"https:\/\/agenciainfra.com\/blog\/wp-json\/wp\/v2\/posts\/9512","targetHints":{"allow":["GET"]}}],"collection":[{"href":"https:\/\/agenciainfra.com\/blog\/wp-json\/wp\/v2\/posts"}],"about":[{"href":"https:\/\/agenciainfra.com\/blog\/wp-json\/wp\/v2\/types\/post"}],"author":[{"embeddable":true,"href":"https:\/\/agenciainfra.com\/blog\/wp-json\/wp\/v2\/users\/1"}],"replies":[{"embeddable":true,"href":"https:\/\/agenciainfra.com\/blog\/wp-json\/wp\/v2\/comments?post=9512"}],"version-history":[{"count":0,"href":"https:\/\/agenciainfra.com\/blog\/wp-json\/wp\/v2\/posts\/9512\/revisions"}],"wp:featuredmedia":[{"embeddable":true,"href":"https:\/\/agenciainfra.com\/blog\/wp-json\/wp\/v2\/media\/6618"}],"wp:attachment":[{"href":"https:\/\/agenciainfra.com\/blog\/wp-json\/wp\/v2\/media?parent=9512"}],"wp:term":[{"taxonomy":"category","embeddable":true,"href":"https:\/\/agenciainfra.com\/blog\/wp-json\/wp\/v2\/categories?post=9512"},{"taxonomy":"post_tag","embeddable":true,"href":"https:\/\/agenciainfra.com\/blog\/wp-json\/wp\/v2\/tags?post=9512"}],"curies":[{"name":"wp","href":"https:\/\/api.w.org\/{rel}","templated":true}]}}