{"id":9515,"date":"2022-02-16T10:00:00","date_gmt":"2022-02-16T13:00:00","guid":{"rendered":"https:\/\/www.agenciainfra.com\/blog\/?p=9515"},"modified":"2022-02-16T08:10:12","modified_gmt":"2022-02-16T11:10:12","slug":"subsolo-o-espaco-invisivel-da-infraestrutura-brasileira","status":"publish","type":"post","link":"https:\/\/agenciainfra.com\/blog\/subsolo-o-espaco-invisivel-da-infraestrutura-brasileira\/","title":{"rendered":"Subsolo, o espa\u00e7o invis\u00edvel da infraestrutura brasileira"},"content":{"rendered":"\n<p class=\"has-text-align-right\"><strong>Luiz Ugeda*<\/strong><\/p>\n\n\n\n<p>O que h\u00e1 no subsolo? Hades, o deus grego respons\u00e1vel pelo mundo inferior, costumava utilizar seu elmo que o tornava invis\u00edvel. Esta habilidade foi empregada na morte de seu pai, Cronos, o deus do tempo. Com esta alegoria, passou-se a inferir que, no subsolo, o tempo n\u00e3o passa, se jaz para a eternidade.&nbsp;<\/p>\n\n\n\n<p>No Brasil, desenvolvemos uma forma peculiar de lidar com esse territ\u00f3rio desconhecido. Foi nosso patrono, o ge\u00f3logo Jos\u00e9 Bonif\u00e1cio de Andrada e Silva, quem descobriu o mineral que produziria o l\u00edtio, t\u00e3o em moda no mundo de hoje. Mais tarde, em 1874, criou-se a Comiss\u00e3o Geol\u00f3gica do Imp\u00e9rio, onde ge\u00f3logos como Orville Derby deram valiosas contribui\u00e7\u00f5es para organizar as cole\u00e7\u00f5es de mineralogia e paleontologia do Museu Nacional do Rio de Janeiro, aquele que pegou fogo em 2018.&nbsp;&nbsp;<\/p>\n\n\n\n<p>Foi apenas a partir do Projeto RADAM, em 1975, que conseguimos sistematizar nossa geologia, geomorfologia, pedologia, vegeta\u00e7\u00e3o e o uso potencial da terra. Com a estrutura\u00e7\u00e3o da Concar (Comiss\u00e3o de Cartografia) integrada na Secretaria de Planejamento da Presid\u00eancia da Rep\u00fablica, come\u00e7ava-se a sistematizar os dados do subsolo de uma forma mais efetiva, tradi\u00e7\u00e3o que foi sucedida principalmente pelo CPRM (Servi\u00e7o Geol\u00f3gico do Brasil) e pela<em> <\/em>ANM (Ag\u00eancia Nacional de Minera\u00e7\u00e3o).<\/p>\n\n\n\n<p>Para as demais autoridades p\u00fablicas brasileiras, no entanto, no subsolo h\u00e1 tudo, nada ou alguma coisa. Depende do enfoque. Para companhias de saneamento, por exemplo, h\u00e1 redes de \u00e1gua e de esgoto. Para companhias metrovi\u00e1rias, h\u00e1 esta\u00e7\u00f5es e linhas. Para companhias de g\u00e1s, h\u00e1 gasodutos. Para distribuidoras de energia el\u00e9trica, alguns trechos de rede de eletricidade. Para os munic\u00edpios, h\u00e1 um enorme escuro refletido pela aus\u00eancia de gest\u00e3o do subsolo.<\/p>\n\n\n\n<p>Os resultados s\u00e3o bem conhecidos dos brasileiros e aqui podemos citar dois exemplos recentes. 1. As obras de duplica\u00e7\u00e3o da rodovia\u00a0PR-445, no trecho de Tamarana a Mau\u00e1 da Serra, no Paran\u00e1, devem atrasar. Com custo de R$ 180 milh\u00f5es, os trabalhos come\u00e7ariam em dezembro, mas, como o licenciamento do Iphan (Instituto do Patrim\u00f4nio Hist\u00f3rico e Art\u00edstico Nacional) n\u00e3o foi concedido por conta de o planejamento da obra n\u00e3o tratar corretamente vest\u00edgios de ocupa\u00e7\u00e3o humana pr\u00e9-hist\u00f3rica na regi\u00e3o, tudo est\u00e1 paralisado. 2. O acidente nas obras da Linha 6 &#8211; Laranja do Metr\u00f4 paulistano provocou o desabamento de parte da pista da Marginal Tiet\u00ea, no in\u00edcio de fevereiro. Independentemente da causa, \u00e9 poss\u00edvel cogitar falha no monitoramento das condi\u00e7\u00f5es do terreno em momentos de altos n\u00edveis de chuva na capital paulista.<\/p>\n\n\n\n<p>Como conhecer melhor nosso subsolo? \u00c9 imperioso retirarmos o elmo da invisibilidade e o analisarmos com muita aten\u00e7\u00e3o. N\u00e3o se trata apenas dos recursos naturais presentes no subsolo, tutelados pelo art. 20, IX, da Constitui\u00e7\u00e3o Federal. \u00c9 sobre como compartilh\u00e1-lo para fins m\u00faltiplos, fazendo com que nossa vis\u00e3o n\u00e3o se limite a apenas uma finalidade espec\u00edfica e limitadora. N\u00e3o existem \u2013 ou ao menos n\u00e3o deveriam existir \u2013 cidades inteligentes sem gest\u00e3o do espa\u00e7o de Hades. Precisamos urgentemente de uma legisla\u00e7\u00e3o que viabilize um eficaz plano diretor de subsolo, sob pena de os entraves do futuro serem museus de grandes novidades.<\/p>\n\n\n\n<p class=\"has-small-font-size\"><strong>*Luiz Ugeda \u00e9 advogado e ge\u00f3grafo, p\u00f3s-doutor em Direito (UFMG), doutor em Geografia (UnB) e fundador do <a rel=\"noreferrer noopener\" href=\"http:\/\/www.geocracia.com\" data-type=\"URL\" data-id=\"www.geocracia.com\" target=\"_blank\">Geocracia<\/a>.<\/strong><\/p>\n\n\n\n<p><strong>As opini\u00f5es dos autores n\u00e3o refletem necessariamente o pensamento da Ag\u00eancia iNFRA, sendo de total responsabilidade do autor as informa\u00e7\u00f5es, ju\u00edzos de valor e conceitos descritos no texto.<\/strong><\/p>\n","protected":false},"excerpt":{"rendered":"<p>Luiz Ugeda* O que h\u00e1 no subsolo? Hades, o deus grego respons\u00e1vel pelo mundo inferior, costumava utilizar seu elmo que o tornava invis\u00edvel. Esta habilidade foi empregada na morte de seu pai, Cronos, o deus do tempo. Com esta alegoria, passou-se a inferir que, no subsolo, o tempo n\u00e3o passa, se jaz para a eternidade.&nbsp; [&hellip;]<\/p>\n","protected":false},"author":1,"featured_media":9517,"comment_status":"closed","ping_status":"closed","sticky":false,"template":"","format":"standard","meta":{"_monsterinsights_skip_tracking":false,"_monsterinsights_sitenote_active":false,"_monsterinsights_sitenote_note":"","_monsterinsights_sitenote_category":0,"footnotes":""},"categories":[1],"tags":[340,5254,4695,661,5252,34,66,839,179,5251],"class_list":["post-9515","post","type-post","status-publish","format-standard","has-post-thumbnail","hentry","category-geral","tag-anm","tag-concar","tag-cprm","tag-esgoto","tag-geologia","tag-infraestrutura","tag-logistica","tag-mineracao","tag-saneamento","tag-subsolo"],"yoast_head":"<!-- This site is optimized with the Yoast SEO Premium plugin v25.4 (Yoast SEO v26.0) - https:\/\/yoast.com\/wordpress\/plugins\/seo\/ -->\n<title>Subsolo, o espa\u00e7o invis\u00edvel da infraestrutura brasileira - Ag\u00eancia iNFRA<\/title>\n<meta name=\"robots\" content=\"index, follow, max-snippet:-1, max-image-preview:large, max-video-preview:-1\" \/>\n<link rel=\"canonical\" href=\"https:\/\/agenciainfra.com\/blog\/subsolo-o-espaco-invisivel-da-infraestrutura-brasileira\/\" \/>\n<meta property=\"og:locale\" content=\"pt_BR\" \/>\n<meta property=\"og:type\" content=\"article\" \/>\n<meta property=\"og:title\" content=\"Subsolo, o espa\u00e7o invis\u00edvel da infraestrutura brasileira\" \/>\n<meta property=\"og:description\" content=\"Luiz Ugeda* O que h\u00e1 no subsolo? Hades, o deus grego respons\u00e1vel pelo mundo inferior, costumava utilizar seu elmo que o tornava invis\u00edvel. Esta habilidade foi empregada na morte de seu pai, Cronos, o deus do tempo. Com esta alegoria, passou-se a inferir que, no subsolo, o tempo n\u00e3o passa, se jaz para a eternidade.&nbsp; [&hellip;]\" \/>\n<meta property=\"og:url\" content=\"https:\/\/agenciainfra.com\/blog\/subsolo-o-espaco-invisivel-da-infraestrutura-brasileira\/\" \/>\n<meta property=\"og:site_name\" content=\"Ag\u00eancia iNFRA\" \/>\n<meta property=\"article:publisher\" content=\"https:\/\/www.facebook.com\/ageninfra\" \/>\n<meta property=\"article:published_time\" content=\"2022-02-16T13:00:00+00:00\" \/>\n<meta property=\"og:image\" content=\"https:\/\/agenciainfra.com\/blog\/wp-content\/uploads\/2022\/02\/foto-manfred-antranias-zimmer-pixabay.jpg\" \/>\n\t<meta property=\"og:image:width\" content=\"1920\" \/>\n\t<meta property=\"og:image:height\" content=\"1186\" \/>\n\t<meta property=\"og:image:type\" content=\"image\/jpeg\" \/>\n<meta name=\"author\" content=\"Ag\u00eancia iNFRA\" \/>\n<meta name=\"twitter:card\" content=\"summary_large_image\" \/>\n<meta name=\"twitter:creator\" content=\"@agencia_infra\" \/>\n<meta name=\"twitter:site\" content=\"@agencia_infra\" \/>\n<meta name=\"twitter:label1\" content=\"Escrito por\" \/>\n\t<meta name=\"twitter:data1\" content=\"Ag\u00eancia iNFRA\" \/>\n\t<meta name=\"twitter:label2\" content=\"Est. tempo de leitura\" \/>\n\t<meta name=\"twitter:data2\" content=\"3 minutos\" \/>\n<script type=\"application\/ld+json\" class=\"yoast-schema-graph\">{\"@context\":\"https:\/\/schema.org\",\"@graph\":[{\"@type\":\"Article\",\"@id\":\"https:\/\/agenciainfra.com\/blog\/subsolo-o-espaco-invisivel-da-infraestrutura-brasileira\/#article\",\"isPartOf\":{\"@id\":\"https:\/\/agenciainfra.com\/blog\/subsolo-o-espaco-invisivel-da-infraestrutura-brasileira\/\"},\"author\":{\"name\":\"Ag\u00eancia iNFRA\",\"@id\":\"https:\/\/agenciainfra.com\/blog\/#\/schema\/person\/34af08dff6adea4cb22b06612ba7acfa\"},\"headline\":\"Subsolo, o espa\u00e7o invis\u00edvel da infraestrutura brasileira\",\"datePublished\":\"2022-02-16T13:00:00+00:00\",\"mainEntityOfPage\":{\"@id\":\"https:\/\/agenciainfra.com\/blog\/subsolo-o-espaco-invisivel-da-infraestrutura-brasileira\/\"},\"wordCount\":619,\"publisher\":{\"@id\":\"https:\/\/agenciainfra.com\/blog\/#organization\"},\"image\":{\"@id\":\"https:\/\/agenciainfra.com\/blog\/subsolo-o-espaco-invisivel-da-infraestrutura-brasileira\/#primaryimage\"},\"thumbnailUrl\":\"https:\/\/agenciainfra.com\/blog\/wp-content\/uploads\/2022\/02\/foto-manfred-antranias-zimmer-pixabay.jpg\",\"keywords\":[\"ANM\",\"Concar\",\"CPRM\",\"esgoto\",\"geologia\",\"Infraestrutura\",\"log\u00edstica\",\"minera\u00e7\u00e3o\",\"saneamento\",\"subsolo\"],\"articleSection\":[\"Geral\"],\"inLanguage\":\"pt-BR\",\"copyrightYear\":\"2022\",\"copyrightHolder\":{\"@id\":\"https:\/\/agenciainfra.com\/blog\/#organization\"}},{\"@type\":\"WebPage\",\"@id\":\"https:\/\/agenciainfra.com\/blog\/subsolo-o-espaco-invisivel-da-infraestrutura-brasileira\/\",\"url\":\"https:\/\/agenciainfra.com\/blog\/subsolo-o-espaco-invisivel-da-infraestrutura-brasileira\/\",\"name\":\"Subsolo, o espa\u00e7o invis\u00edvel da infraestrutura brasileira - Ag\u00eancia iNFRA\",\"isPartOf\":{\"@id\":\"https:\/\/agenciainfra.com\/blog\/#website\"},\"primaryImageOfPage\":{\"@id\":\"https:\/\/agenciainfra.com\/blog\/subsolo-o-espaco-invisivel-da-infraestrutura-brasileira\/#primaryimage\"},\"image\":{\"@id\":\"https:\/\/agenciainfra.com\/blog\/subsolo-o-espaco-invisivel-da-infraestrutura-brasileira\/#primaryimage\"},\"thumbnailUrl\":\"https:\/\/agenciainfra.com\/blog\/wp-content\/uploads\/2022\/02\/foto-manfred-antranias-zimmer-pixabay.jpg\",\"datePublished\":\"2022-02-16T13:00:00+00:00\",\"breadcrumb\":{\"@id\":\"https:\/\/agenciainfra.com\/blog\/subsolo-o-espaco-invisivel-da-infraestrutura-brasileira\/#breadcrumb\"},\"inLanguage\":\"pt-BR\",\"potentialAction\":[{\"@type\":\"ReadAction\",\"target\":[\"https:\/\/agenciainfra.com\/blog\/subsolo-o-espaco-invisivel-da-infraestrutura-brasileira\/\"]}]},{\"@type\":\"ImageObject\",\"inLanguage\":\"pt-BR\",\"@id\":\"https:\/\/agenciainfra.com\/blog\/subsolo-o-espaco-invisivel-da-infraestrutura-brasileira\/#primaryimage\",\"url\":\"https:\/\/agenciainfra.com\/blog\/wp-content\/uploads\/2022\/02\/foto-manfred-antranias-zimmer-pixabay.jpg\",\"contentUrl\":\"https:\/\/agenciainfra.com\/blog\/wp-content\/uploads\/2022\/02\/foto-manfred-antranias-zimmer-pixabay.jpg\",\"width\":1920,\"height\":1186},{\"@type\":\"BreadcrumbList\",\"@id\":\"https:\/\/agenciainfra.com\/blog\/subsolo-o-espaco-invisivel-da-infraestrutura-brasileira\/#breadcrumb\",\"itemListElement\":[{\"@type\":\"ListItem\",\"position\":1,\"name\":\"In\u00edcio\",\"item\":\"https:\/\/agenciainfra.com\/blog\/\"},{\"@type\":\"ListItem\",\"position\":2,\"name\":\"Subsolo, o espa\u00e7o invis\u00edvel da infraestrutura brasileira\"}]},{\"@type\":\"WebSite\",\"@id\":\"https:\/\/agenciainfra.com\/blog\/#website\",\"url\":\"https:\/\/agenciainfra.com\/blog\/\",\"name\":\"Ag\u00eancia iNFRA\",\"description\":\"Multiplataforma de informa\u00e7\u00e3o jornal\u00edstica refer\u00eancia na \u00e1rea de infraestrutura no Brasil!\",\"publisher\":{\"@id\":\"https:\/\/agenciainfra.com\/blog\/#organization\"},\"potentialAction\":[{\"@type\":\"SearchAction\",\"target\":{\"@type\":\"EntryPoint\",\"urlTemplate\":\"https:\/\/agenciainfra.com\/blog\/?s={search_term_string}\"},\"query-input\":{\"@type\":\"PropertyValueSpecification\",\"valueRequired\":true,\"valueName\":\"search_term_string\"}}],\"inLanguage\":\"pt-BR\"},{\"@type\":\"Organization\",\"@id\":\"https:\/\/agenciainfra.com\/blog\/#organization\",\"name\":\"Ag\u00eancia iNFRA\",\"url\":\"https:\/\/agenciainfra.com\/blog\/\",\"logo\":{\"@type\":\"ImageObject\",\"inLanguage\":\"pt-BR\",\"@id\":\"https:\/\/agenciainfra.com\/blog\/#\/schema\/logo\/image\/\",\"url\":\"https:\/\/agenciainfra.com\/blog\/wp-content\/uploads\/2023\/09\/iNFRA_5-e1761735885940.png\",\"contentUrl\":\"https:\/\/agenciainfra.com\/blog\/wp-content\/uploads\/2023\/09\/iNFRA_5-e1761735885940.png\",\"width\":1672,\"height\":454,\"caption\":\"Ag\u00eancia iNFRA\"},\"image\":{\"@id\":\"https:\/\/agenciainfra.com\/blog\/#\/schema\/logo\/image\/\"},\"sameAs\":[\"https:\/\/www.facebook.com\/ageninfra\",\"https:\/\/x.com\/agencia_infra\",\"https:\/\/www.linkedin.com\/company\/ag\u00eanciainfra\/\",\"https:\/\/www.instagram.com\/agenciainfra\/\"]},{\"@type\":\"Person\",\"@id\":\"https:\/\/agenciainfra.com\/blog\/#\/schema\/person\/34af08dff6adea4cb22b06612ba7acfa\",\"name\":\"Ag\u00eancia iNFRA\",\"image\":{\"@type\":\"ImageObject\",\"inLanguage\":\"pt-BR\",\"@id\":\"https:\/\/agenciainfra.com\/blog\/#\/schema\/person\/image\/\",\"url\":\"https:\/\/secure.gravatar.com\/avatar\/d189e01678f06d8eb84d4e01f08eb848b3fffe3f8443818d3c356c66892f5be8?s=96&d=mm&r=g\",\"contentUrl\":\"https:\/\/secure.gravatar.com\/avatar\/d189e01678f06d8eb84d4e01f08eb848b3fffe3f8443818d3c356c66892f5be8?s=96&d=mm&r=g\",\"caption\":\"Ag\u00eancia iNFRA\"},\"url\":\"https:\/\/agenciainfra.com\/blog\/author\/admin\/\"}]}<\/script>\n<!-- \/ Yoast SEO Premium plugin. -->","yoast_head_json":{"title":"Subsolo, o espa\u00e7o invis\u00edvel da infraestrutura brasileira - Ag\u00eancia iNFRA","robots":{"index":"index","follow":"follow","max-snippet":"max-snippet:-1","max-image-preview":"max-image-preview:large","max-video-preview":"max-video-preview:-1"},"canonical":"https:\/\/agenciainfra.com\/blog\/subsolo-o-espaco-invisivel-da-infraestrutura-brasileira\/","og_locale":"pt_BR","og_type":"article","og_title":"Subsolo, o espa\u00e7o invis\u00edvel da infraestrutura brasileira","og_description":"Luiz Ugeda* O que h\u00e1 no subsolo? Hades, o deus grego respons\u00e1vel pelo mundo inferior, costumava utilizar seu elmo que o tornava invis\u00edvel. Esta habilidade foi empregada na morte de seu pai, Cronos, o deus do tempo. Com esta alegoria, passou-se a inferir que, no subsolo, o tempo n\u00e3o passa, se jaz para a eternidade.&nbsp; [&hellip;]","og_url":"https:\/\/agenciainfra.com\/blog\/subsolo-o-espaco-invisivel-da-infraestrutura-brasileira\/","og_site_name":"Ag\u00eancia iNFRA","article_publisher":"https:\/\/www.facebook.com\/ageninfra","article_published_time":"2022-02-16T13:00:00+00:00","og_image":[{"width":1920,"height":1186,"url":"https:\/\/agenciainfra.com\/blog\/wp-content\/uploads\/2022\/02\/foto-manfred-antranias-zimmer-pixabay.jpg","type":"image\/jpeg"}],"author":"Ag\u00eancia iNFRA","twitter_card":"summary_large_image","twitter_creator":"@agencia_infra","twitter_site":"@agencia_infra","twitter_misc":{"Escrito por":"Ag\u00eancia iNFRA","Est. tempo de leitura":"3 minutos"},"schema":{"@context":"https:\/\/schema.org","@graph":[{"@type":"Article","@id":"https:\/\/agenciainfra.com\/blog\/subsolo-o-espaco-invisivel-da-infraestrutura-brasileira\/#article","isPartOf":{"@id":"https:\/\/agenciainfra.com\/blog\/subsolo-o-espaco-invisivel-da-infraestrutura-brasileira\/"},"author":{"name":"Ag\u00eancia iNFRA","@id":"https:\/\/agenciainfra.com\/blog\/#\/schema\/person\/34af08dff6adea4cb22b06612ba7acfa"},"headline":"Subsolo, o espa\u00e7o invis\u00edvel da infraestrutura brasileira","datePublished":"2022-02-16T13:00:00+00:00","mainEntityOfPage":{"@id":"https:\/\/agenciainfra.com\/blog\/subsolo-o-espaco-invisivel-da-infraestrutura-brasileira\/"},"wordCount":619,"publisher":{"@id":"https:\/\/agenciainfra.com\/blog\/#organization"},"image":{"@id":"https:\/\/agenciainfra.com\/blog\/subsolo-o-espaco-invisivel-da-infraestrutura-brasileira\/#primaryimage"},"thumbnailUrl":"https:\/\/agenciainfra.com\/blog\/wp-content\/uploads\/2022\/02\/foto-manfred-antranias-zimmer-pixabay.jpg","keywords":["ANM","Concar","CPRM","esgoto","geologia","Infraestrutura","log\u00edstica","minera\u00e7\u00e3o","saneamento","subsolo"],"articleSection":["Geral"],"inLanguage":"pt-BR","copyrightYear":"2022","copyrightHolder":{"@id":"https:\/\/agenciainfra.com\/blog\/#organization"}},{"@type":"WebPage","@id":"https:\/\/agenciainfra.com\/blog\/subsolo-o-espaco-invisivel-da-infraestrutura-brasileira\/","url":"https:\/\/agenciainfra.com\/blog\/subsolo-o-espaco-invisivel-da-infraestrutura-brasileira\/","name":"Subsolo, o espa\u00e7o invis\u00edvel da infraestrutura brasileira - Ag\u00eancia iNFRA","isPartOf":{"@id":"https:\/\/agenciainfra.com\/blog\/#website"},"primaryImageOfPage":{"@id":"https:\/\/agenciainfra.com\/blog\/subsolo-o-espaco-invisivel-da-infraestrutura-brasileira\/#primaryimage"},"image":{"@id":"https:\/\/agenciainfra.com\/blog\/subsolo-o-espaco-invisivel-da-infraestrutura-brasileira\/#primaryimage"},"thumbnailUrl":"https:\/\/agenciainfra.com\/blog\/wp-content\/uploads\/2022\/02\/foto-manfred-antranias-zimmer-pixabay.jpg","datePublished":"2022-02-16T13:00:00+00:00","breadcrumb":{"@id":"https:\/\/agenciainfra.com\/blog\/subsolo-o-espaco-invisivel-da-infraestrutura-brasileira\/#breadcrumb"},"inLanguage":"pt-BR","potentialAction":[{"@type":"ReadAction","target":["https:\/\/agenciainfra.com\/blog\/subsolo-o-espaco-invisivel-da-infraestrutura-brasileira\/"]}]},{"@type":"ImageObject","inLanguage":"pt-BR","@id":"https:\/\/agenciainfra.com\/blog\/subsolo-o-espaco-invisivel-da-infraestrutura-brasileira\/#primaryimage","url":"https:\/\/agenciainfra.com\/blog\/wp-content\/uploads\/2022\/02\/foto-manfred-antranias-zimmer-pixabay.jpg","contentUrl":"https:\/\/agenciainfra.com\/blog\/wp-content\/uploads\/2022\/02\/foto-manfred-antranias-zimmer-pixabay.jpg","width":1920,"height":1186},{"@type":"BreadcrumbList","@id":"https:\/\/agenciainfra.com\/blog\/subsolo-o-espaco-invisivel-da-infraestrutura-brasileira\/#breadcrumb","itemListElement":[{"@type":"ListItem","position":1,"name":"In\u00edcio","item":"https:\/\/agenciainfra.com\/blog\/"},{"@type":"ListItem","position":2,"name":"Subsolo, o espa\u00e7o invis\u00edvel da infraestrutura brasileira"}]},{"@type":"WebSite","@id":"https:\/\/agenciainfra.com\/blog\/#website","url":"https:\/\/agenciainfra.com\/blog\/","name":"Ag\u00eancia iNFRA","description":"Multiplataforma de informa\u00e7\u00e3o jornal\u00edstica refer\u00eancia na \u00e1rea de infraestrutura no Brasil!","publisher":{"@id":"https:\/\/agenciainfra.com\/blog\/#organization"},"potentialAction":[{"@type":"SearchAction","target":{"@type":"EntryPoint","urlTemplate":"https:\/\/agenciainfra.com\/blog\/?s={search_term_string}"},"query-input":{"@type":"PropertyValueSpecification","valueRequired":true,"valueName":"search_term_string"}}],"inLanguage":"pt-BR"},{"@type":"Organization","@id":"https:\/\/agenciainfra.com\/blog\/#organization","name":"Ag\u00eancia iNFRA","url":"https:\/\/agenciainfra.com\/blog\/","logo":{"@type":"ImageObject","inLanguage":"pt-BR","@id":"https:\/\/agenciainfra.com\/blog\/#\/schema\/logo\/image\/","url":"https:\/\/agenciainfra.com\/blog\/wp-content\/uploads\/2023\/09\/iNFRA_5-e1761735885940.png","contentUrl":"https:\/\/agenciainfra.com\/blog\/wp-content\/uploads\/2023\/09\/iNFRA_5-e1761735885940.png","width":1672,"height":454,"caption":"Ag\u00eancia iNFRA"},"image":{"@id":"https:\/\/agenciainfra.com\/blog\/#\/schema\/logo\/image\/"},"sameAs":["https:\/\/www.facebook.com\/ageninfra","https:\/\/x.com\/agencia_infra","https:\/\/www.linkedin.com\/company\/ag\u00eanciainfra\/","https:\/\/www.instagram.com\/agenciainfra\/"]},{"@type":"Person","@id":"https:\/\/agenciainfra.com\/blog\/#\/schema\/person\/34af08dff6adea4cb22b06612ba7acfa","name":"Ag\u00eancia iNFRA","image":{"@type":"ImageObject","inLanguage":"pt-BR","@id":"https:\/\/agenciainfra.com\/blog\/#\/schema\/person\/image\/","url":"https:\/\/secure.gravatar.com\/avatar\/d189e01678f06d8eb84d4e01f08eb848b3fffe3f8443818d3c356c66892f5be8?s=96&d=mm&r=g","contentUrl":"https:\/\/secure.gravatar.com\/avatar\/d189e01678f06d8eb84d4e01f08eb848b3fffe3f8443818d3c356c66892f5be8?s=96&d=mm&r=g","caption":"Ag\u00eancia iNFRA"},"url":"https:\/\/agenciainfra.com\/blog\/author\/admin\/"}]}},"_links":{"self":[{"href":"https:\/\/agenciainfra.com\/blog\/wp-json\/wp\/v2\/posts\/9515","targetHints":{"allow":["GET"]}}],"collection":[{"href":"https:\/\/agenciainfra.com\/blog\/wp-json\/wp\/v2\/posts"}],"about":[{"href":"https:\/\/agenciainfra.com\/blog\/wp-json\/wp\/v2\/types\/post"}],"author":[{"embeddable":true,"href":"https:\/\/agenciainfra.com\/blog\/wp-json\/wp\/v2\/users\/1"}],"replies":[{"embeddable":true,"href":"https:\/\/agenciainfra.com\/blog\/wp-json\/wp\/v2\/comments?post=9515"}],"version-history":[{"count":0,"href":"https:\/\/agenciainfra.com\/blog\/wp-json\/wp\/v2\/posts\/9515\/revisions"}],"wp:featuredmedia":[{"embeddable":true,"href":"https:\/\/agenciainfra.com\/blog\/wp-json\/wp\/v2\/media\/9517"}],"wp:attachment":[{"href":"https:\/\/agenciainfra.com\/blog\/wp-json\/wp\/v2\/media?parent=9515"}],"wp:term":[{"taxonomy":"category","embeddable":true,"href":"https:\/\/agenciainfra.com\/blog\/wp-json\/wp\/v2\/categories?post=9515"},{"taxonomy":"post_tag","embeddable":true,"href":"https:\/\/agenciainfra.com\/blog\/wp-json\/wp\/v2\/tags?post=9515"}],"curies":[{"name":"wp","href":"https:\/\/api.w.org\/{rel}","templated":true}]}}