{"id":9597,"date":"2022-02-22T08:00:00","date_gmt":"2022-02-22T11:00:00","guid":{"rendered":"https:\/\/www.agenciainfra.com\/blog\/?p=9597"},"modified":"2022-02-21T10:55:55","modified_gmt":"2022-02-21T13:55:55","slug":"ministerio-da-infraestrutura-usa-excedente-de-arrecadacao-para-baixar-pedagio-na-dutra","status":"publish","type":"post","link":"https:\/\/agenciainfra.com\/blog\/ministerio-da-infraestrutura-usa-excedente-de-arrecadacao-para-baixar-pedagio-na-dutra\/","title":{"rendered":"Minist\u00e9rio da Infraestrutura usa excedente de arrecada\u00e7\u00e3o para baixar ped\u00e1gio na Dutra"},"content":{"rendered":"\n<p class=\"has-text-align-right\"><strong>Dimmi Amora, da Ag\u00eancia iNFRA<\/strong><\/p>\n\n\n\n<p>O valor dos ped\u00e1gios da nova concess\u00e3o da Rodovia Presidente Dutra e da BR-101 entre S\u00e3o Paulo e Rio de Janeiro dever\u00e3o ser cerca de 10% mais baixos pelo uso do mecanismo de excedente tarif\u00e1rio utilizado na concess\u00e3o anterior.<\/p>\n\n\n\n<p>Uma reuni\u00e3o da ANTT (Ag\u00eancia Nacional de Transportes Terrestres), que deve acontecer hoje (22), definir\u00e1 o valor final que dever\u00e1 custar o ped\u00e1gio nas pra\u00e7as que v\u00e3o ficar sob a nova administra\u00e7\u00e3o da rodovia. Atualmente o ped\u00e1gio cobrado est\u00e1 entre R$ 3,50 e\u00a0R$ 14,20, de acordo com o\u00a0<a rel=\"noreferrer noopener\" href=\"https:\/\/agenciainfra.us14.list-manage.com\/track\/click?u=d460dd1bcf9ba0ae040e1fc0f&amp;id=26ab616e99&amp;e=8d54f1ad19\" target=\"_blank\">site da concession\u00e1ria<\/a>.<\/p>\n\n\n\n<p>No leil\u00e3o que relicitou&nbsp;a concess\u00e3o da Dutra, no ano passado, a CCR ofertou o m\u00e1ximo do desconto tarif\u00e1rio, que era de 15,3% sobre o pre\u00e7o-teto estabelecido para o ped\u00e1gio (R$ 0,116 por km). Com o desconto, a tarifa quilom\u00e9trica vencedora do leil\u00e3o foi de R$ 0,098.&nbsp;<\/p>\n\n\n\n<p>Mas, como o teto foi estabelecido com valores de refer\u00eancia de 2020, ele seria corrigido pela infla\u00e7\u00e3o do per\u00edodo, acumulada na casa dos 17%.&nbsp;Com isso, quando a CCR iniciasse a cobran\u00e7a no novo contrato, a infla\u00e7\u00e3o comeria praticamente todo o des\u00e1gio do leil\u00e3o e o valor do ped\u00e1gio seria levemente maior que o atual. Nas v\u00e1rias entrevistas que deu sobre a concess\u00e3o, o ministro da Infraestrutura, Tarc\u00edsio de Freitas, prometeu que as tarifas seriam reduzidas.<\/p>\n\n\n\n<p><strong>Pol\u00edtica p\u00fablica<\/strong><br>O diretor da ag\u00eancia Davi Barreto, respons\u00e1vel pelo processo, explicou que o Minist\u00e9rio da Infraestrutura aprovou como diretriz de pol\u00edtica p\u00fablica se utilizar do excedente tarif\u00e1rio que foi arrecadado no per\u00edodo entre o fim do per\u00edodo do contrato da antiga concession\u00e1ria, a CCR Nova Dutra, e o in\u00edcio da nova concess\u00e3o (que apesar de ser do mesmo grupo, ter\u00e1 uma nova empresa constitu\u00edda para administrar a via).<\/p>\n\n\n\n<p>Com isso, a estimativa feita pelo Minist\u00e9rio da Infraestrutura \u00e9 que os ped\u00e1gios ficar\u00e3o em R$ 3,40 (Aruj\u00e1 e Guararema), R$ 6,20 (Jacare\u00ed), R$ 13,00 (Moreira Cesar) e R$ 11,10 (Itatiaia). Os valores est\u00e3o sendo analisados pela ANTT e devem ser decididos hoje.<\/p>\n\n\n\n<p><strong>Excedente<\/strong><br>Esse excedente foi gerado porque a pasta criou a chamada tarifa calculada para o per\u00edodo em que a concession\u00e1ria estava j\u00e1 fora do tempo contratual. \u00c9 uma tarifa que remunera apenas a opera\u00e7\u00e3o da via e n\u00e3o investimentos.&nbsp;Essa tarifa calculada era 40% mais baixa que a tarifa cobrada nas pra\u00e7as de ped\u00e1gio. A justificativa para o modelo foi evitar redu\u00e7\u00f5es e aumentos bruscos quando a nova concession\u00e1ria assumisse.<\/p>\n\n\n\n<p>De acordo com Barreto, essa tarifa gerou, ao longo de cerca de um ano que a concess\u00e3o ficou al\u00e9m do prazo, um montante que est\u00e1 na casa dos R$ 600 milh\u00f5es. A ideia \u00e9 usar uma parte desse recurso, na casa dos R$ 100 milh\u00f5es, para fazer a redu\u00e7\u00e3o das tarifas na casa dos 10% agora.<\/p>\n\n\n\n<p>Barreto explicou que, se o dinheiro do excedente fosse utilizado todo agora, o desconto seria&nbsp;maior. Mas que, ao fim de um ano, haveria o retorno \u00e0 tarifa original, o que provocaria oscila\u00e7\u00e3o brusca no valor pago pelos usu\u00e1rios, o que a ag\u00eancia considera uma pr\u00e1tica tecnicamente n\u00e3o recomendada.<\/p>\n\n\n\n<p>Por isso, a ideia \u00e9 que o recurso arrecadado no excedente de tarifa calculada seja gradualmente usado para novas redu\u00e7\u00f5es de ped\u00e1gio at\u00e9 a primeira revis\u00e3o quinquenal prevista no contrato. Ter recursos nessa conta, de acordo com Barreto, tamb\u00e9m vai proteger a ag\u00eancia nos c\u00e1lculos de haveres e deveres da antiga concess\u00e3o, que ainda est\u00e3o em andamento, no caso de haver valores a devolver \u00e0 concession\u00e1ria.<\/p>\n\n\n\n<p><strong>Vi\u00fava Gra\u00e7a fora<\/strong><br>O valor reduzido do ped\u00e1gio vai valer para as pra\u00e7as da Dutra que ficaram na nova concess\u00e3o, que n\u00e3o inclui a pra\u00e7a de Vi\u00fava Gra\u00e7a, em Serop\u00e9dica, no Rio de Janeiro. Essa pra\u00e7a vai fazer parte da nova concess\u00e3o da Rio-Valadares, que teve o edital lan\u00e7ado na semana passada, para leil\u00e3o em maio.<\/p>\n\n\n\n<p>Segundo Barreto, Vi\u00fava Gra\u00e7a vai cobrar o valor que foi ofertado pela CCR na proposta (estimado em R$ 12,90) at\u00e9 que a nova concession\u00e1ria assuma o trecho, o que s\u00f3 deve acontecer mais para o fim do ano, se o leil\u00e3o for mantido em maio. No caso das pra\u00e7as da BR-101, elas ainda v\u00e3o ser constru\u00eddas e n\u00e3o haver\u00e1 cobran\u00e7a.<\/p>\n","protected":false},"excerpt":{"rendered":"<p>Dimmi Amora, da Ag\u00eancia iNFRA O valor dos ped\u00e1gios da nova concess\u00e3o da Rodovia Presidente Dutra e da BR-101 entre S\u00e3o Paulo e Rio de Janeiro dever\u00e3o ser cerca de 10% mais baixos pelo uso do mecanismo de excedente tarif\u00e1rio utilizado na concess\u00e3o anterior. Uma reuni\u00e3o da ANTT (Ag\u00eancia Nacional de Transportes Terrestres), que deve [&hellip;]<\/p>\n","protected":false},"author":1,"featured_media":7025,"comment_status":"closed","ping_status":"closed","sticky":false,"template":"","format":"standard","meta":{"_monsterinsights_skip_tracking":false,"_monsterinsights_sitenote_active":false,"_monsterinsights_sitenote_note":"","_monsterinsights_sitenote_category":0,"footnotes":""},"categories":[1,7],"tags":[19,588,176,775,1576,126,448,4308,902,70],"class_list":["post-9597","post","type-post","status-publish","format-standard","has-post-thumbnail","hentry","category-geral","category-infratransporte","tag-antt","tag-ccr","tag-concessoes-rodoviarias","tag-ministerio-da-infraestrutura","tag-rodovia-presidente-dutra","tag-rodovias","tag-tarcisio-de-freitas","tag-tarifas-de-pedagio","tag-transporte-rodoviario","tag-transportes"],"yoast_head":"<!-- This site is optimized with the Yoast SEO Premium plugin v25.4 (Yoast SEO v26.0) - https:\/\/yoast.com\/wordpress\/plugins\/seo\/ -->\n<title>Minist\u00e9rio da Infraestrutura usa excedente de arrecada\u00e7\u00e3o para baixar ped\u00e1gio na Dutra - Ag\u00eancia iNFRA<\/title>\n<meta name=\"robots\" content=\"index, follow, max-snippet:-1, max-image-preview:large, max-video-preview:-1\" \/>\n<link rel=\"canonical\" href=\"https:\/\/agenciainfra.com\/blog\/ministerio-da-infraestrutura-usa-excedente-de-arrecadacao-para-baixar-pedagio-na-dutra\/\" \/>\n<meta property=\"og:locale\" content=\"pt_BR\" \/>\n<meta property=\"og:type\" content=\"article\" \/>\n<meta property=\"og:title\" content=\"Minist\u00e9rio da Infraestrutura usa excedente de arrecada\u00e7\u00e3o para baixar ped\u00e1gio na Dutra\" \/>\n<meta property=\"og:description\" content=\"Dimmi Amora, da Ag\u00eancia iNFRA O valor dos ped\u00e1gios da nova concess\u00e3o da Rodovia Presidente Dutra e da BR-101 entre S\u00e3o Paulo e Rio de Janeiro dever\u00e3o ser cerca de 10% mais baixos pelo uso do mecanismo de excedente tarif\u00e1rio utilizado na concess\u00e3o anterior. Uma reuni\u00e3o da ANTT (Ag\u00eancia Nacional de Transportes Terrestres), que deve [&hellip;]\" \/>\n<meta property=\"og:url\" content=\"https:\/\/agenciainfra.com\/blog\/ministerio-da-infraestrutura-usa-excedente-de-arrecadacao-para-baixar-pedagio-na-dutra\/\" \/>\n<meta property=\"og:site_name\" content=\"Ag\u00eancia iNFRA\" \/>\n<meta property=\"article:publisher\" content=\"https:\/\/www.facebook.com\/ageninfra\" \/>\n<meta property=\"article:published_time\" content=\"2022-02-22T11:00:00+00:00\" \/>\n<meta property=\"og:image\" content=\"https:\/\/agenciainfra.com\/blog\/wp-content\/uploads\/2021\/03\/pedagio-via-dutra-foto-ccr-novadutra.jpeg\" \/>\n\t<meta property=\"og:image:width\" content=\"1280\" \/>\n\t<meta property=\"og:image:height\" content=\"853\" \/>\n\t<meta property=\"og:image:type\" content=\"image\/jpeg\" \/>\n<meta name=\"author\" content=\"Ag\u00eancia iNFRA\" \/>\n<meta name=\"twitter:card\" content=\"summary_large_image\" \/>\n<meta name=\"twitter:creator\" content=\"@agencia_infra\" \/>\n<meta name=\"twitter:site\" content=\"@agencia_infra\" \/>\n<meta name=\"twitter:label1\" content=\"Escrito por\" \/>\n\t<meta name=\"twitter:data1\" content=\"Ag\u00eancia iNFRA\" \/>\n\t<meta name=\"twitter:label2\" content=\"Est. tempo de leitura\" \/>\n\t<meta name=\"twitter:data2\" content=\"4 minutos\" \/>\n<script type=\"application\/ld+json\" class=\"yoast-schema-graph\">{\"@context\":\"https:\/\/schema.org\",\"@graph\":[{\"@type\":\"Article\",\"@id\":\"https:\/\/agenciainfra.com\/blog\/ministerio-da-infraestrutura-usa-excedente-de-arrecadacao-para-baixar-pedagio-na-dutra\/#article\",\"isPartOf\":{\"@id\":\"https:\/\/agenciainfra.com\/blog\/ministerio-da-infraestrutura-usa-excedente-de-arrecadacao-para-baixar-pedagio-na-dutra\/\"},\"author\":{\"name\":\"Ag\u00eancia iNFRA\",\"@id\":\"https:\/\/agenciainfra.com\/blog\/#\/schema\/person\/34af08dff6adea4cb22b06612ba7acfa\"},\"headline\":\"Minist\u00e9rio da Infraestrutura usa excedente de arrecada\u00e7\u00e3o para baixar ped\u00e1gio na Dutra\",\"datePublished\":\"2022-02-22T11:00:00+00:00\",\"mainEntityOfPage\":{\"@id\":\"https:\/\/agenciainfra.com\/blog\/ministerio-da-infraestrutura-usa-excedente-de-arrecadacao-para-baixar-pedagio-na-dutra\/\"},\"wordCount\":786,\"publisher\":{\"@id\":\"https:\/\/agenciainfra.com\/blog\/#organization\"},\"image\":{\"@id\":\"https:\/\/agenciainfra.com\/blog\/ministerio-da-infraestrutura-usa-excedente-de-arrecadacao-para-baixar-pedagio-na-dutra\/#primaryimage\"},\"thumbnailUrl\":\"https:\/\/agenciainfra.com\/blog\/wp-content\/uploads\/2021\/03\/pedagio-via-dutra-foto-ccr-novadutra.jpeg\",\"keywords\":[\"ANTT\",\"CCR\",\"concess\u00f5es rodovi\u00e1rias\",\"Minist\u00e9rio da Infraestrutura\",\"Rodovia Presidente Dutra\",\"rodovias\",\"Tarc\u00edsio de Freitas\",\"tarifas de ped\u00e1gio\",\"transporte rodovi\u00e1rio\",\"transportes\"],\"articleSection\":[\"Geral\",\"iNFRATransporte\"],\"inLanguage\":\"pt-BR\",\"copyrightYear\":\"2022\",\"copyrightHolder\":{\"@id\":\"https:\/\/agenciainfra.com\/blog\/#organization\"}},{\"@type\":\"WebPage\",\"@id\":\"https:\/\/agenciainfra.com\/blog\/ministerio-da-infraestrutura-usa-excedente-de-arrecadacao-para-baixar-pedagio-na-dutra\/\",\"url\":\"https:\/\/agenciainfra.com\/blog\/ministerio-da-infraestrutura-usa-excedente-de-arrecadacao-para-baixar-pedagio-na-dutra\/\",\"name\":\"Minist\u00e9rio da Infraestrutura usa excedente de arrecada\u00e7\u00e3o para baixar ped\u00e1gio na Dutra - Ag\u00eancia iNFRA\",\"isPartOf\":{\"@id\":\"https:\/\/agenciainfra.com\/blog\/#website\"},\"primaryImageOfPage\":{\"@id\":\"https:\/\/agenciainfra.com\/blog\/ministerio-da-infraestrutura-usa-excedente-de-arrecadacao-para-baixar-pedagio-na-dutra\/#primaryimage\"},\"image\":{\"@id\":\"https:\/\/agenciainfra.com\/blog\/ministerio-da-infraestrutura-usa-excedente-de-arrecadacao-para-baixar-pedagio-na-dutra\/#primaryimage\"},\"thumbnailUrl\":\"https:\/\/agenciainfra.com\/blog\/wp-content\/uploads\/2021\/03\/pedagio-via-dutra-foto-ccr-novadutra.jpeg\",\"datePublished\":\"2022-02-22T11:00:00+00:00\",\"breadcrumb\":{\"@id\":\"https:\/\/agenciainfra.com\/blog\/ministerio-da-infraestrutura-usa-excedente-de-arrecadacao-para-baixar-pedagio-na-dutra\/#breadcrumb\"},\"inLanguage\":\"pt-BR\",\"potentialAction\":[{\"@type\":\"ReadAction\",\"target\":[\"https:\/\/agenciainfra.com\/blog\/ministerio-da-infraestrutura-usa-excedente-de-arrecadacao-para-baixar-pedagio-na-dutra\/\"]}]},{\"@type\":\"ImageObject\",\"inLanguage\":\"pt-BR\",\"@id\":\"https:\/\/agenciainfra.com\/blog\/ministerio-da-infraestrutura-usa-excedente-de-arrecadacao-para-baixar-pedagio-na-dutra\/#primaryimage\",\"url\":\"https:\/\/agenciainfra.com\/blog\/wp-content\/uploads\/2021\/03\/pedagio-via-dutra-foto-ccr-novadutra.jpeg\",\"contentUrl\":\"https:\/\/agenciainfra.com\/blog\/wp-content\/uploads\/2021\/03\/pedagio-via-dutra-foto-ccr-novadutra.jpeg\",\"width\":1280,\"height\":853},{\"@type\":\"BreadcrumbList\",\"@id\":\"https:\/\/agenciainfra.com\/blog\/ministerio-da-infraestrutura-usa-excedente-de-arrecadacao-para-baixar-pedagio-na-dutra\/#breadcrumb\",\"itemListElement\":[{\"@type\":\"ListItem\",\"position\":1,\"name\":\"In\u00edcio\",\"item\":\"https:\/\/agenciainfra.com\/blog\/\"},{\"@type\":\"ListItem\",\"position\":2,\"name\":\"Minist\u00e9rio da Infraestrutura usa excedente de arrecada\u00e7\u00e3o para baixar ped\u00e1gio na Dutra\"}]},{\"@type\":\"WebSite\",\"@id\":\"https:\/\/agenciainfra.com\/blog\/#website\",\"url\":\"https:\/\/agenciainfra.com\/blog\/\",\"name\":\"Ag\u00eancia iNFRA\",\"description\":\"Multiplataforma de informa\u00e7\u00e3o jornal\u00edstica refer\u00eancia na \u00e1rea de infraestrutura no Brasil!\",\"publisher\":{\"@id\":\"https:\/\/agenciainfra.com\/blog\/#organization\"},\"potentialAction\":[{\"@type\":\"SearchAction\",\"target\":{\"@type\":\"EntryPoint\",\"urlTemplate\":\"https:\/\/agenciainfra.com\/blog\/?s={search_term_string}\"},\"query-input\":{\"@type\":\"PropertyValueSpecification\",\"valueRequired\":true,\"valueName\":\"search_term_string\"}}],\"inLanguage\":\"pt-BR\"},{\"@type\":\"Organization\",\"@id\":\"https:\/\/agenciainfra.com\/blog\/#organization\",\"name\":\"Ag\u00eancia iNFRA\",\"url\":\"https:\/\/agenciainfra.com\/blog\/\",\"logo\":{\"@type\":\"ImageObject\",\"inLanguage\":\"pt-BR\",\"@id\":\"https:\/\/agenciainfra.com\/blog\/#\/schema\/logo\/image\/\",\"url\":\"https:\/\/agenciainfra.com\/blog\/wp-content\/uploads\/2023\/09\/iNFRA_5-e1761735885940.png\",\"contentUrl\":\"https:\/\/agenciainfra.com\/blog\/wp-content\/uploads\/2023\/09\/iNFRA_5-e1761735885940.png\",\"width\":1672,\"height\":454,\"caption\":\"Ag\u00eancia iNFRA\"},\"image\":{\"@id\":\"https:\/\/agenciainfra.com\/blog\/#\/schema\/logo\/image\/\"},\"sameAs\":[\"https:\/\/www.facebook.com\/ageninfra\",\"https:\/\/x.com\/agencia_infra\",\"https:\/\/www.linkedin.com\/company\/ag\u00eanciainfra\/\",\"https:\/\/www.instagram.com\/agenciainfra\/\"]},{\"@type\":\"Person\",\"@id\":\"https:\/\/agenciainfra.com\/blog\/#\/schema\/person\/34af08dff6adea4cb22b06612ba7acfa\",\"name\":\"Ag\u00eancia iNFRA\",\"image\":{\"@type\":\"ImageObject\",\"inLanguage\":\"pt-BR\",\"@id\":\"https:\/\/agenciainfra.com\/blog\/#\/schema\/person\/image\/\",\"url\":\"https:\/\/secure.gravatar.com\/avatar\/d189e01678f06d8eb84d4e01f08eb848b3fffe3f8443818d3c356c66892f5be8?s=96&d=mm&r=g\",\"contentUrl\":\"https:\/\/secure.gravatar.com\/avatar\/d189e01678f06d8eb84d4e01f08eb848b3fffe3f8443818d3c356c66892f5be8?s=96&d=mm&r=g\",\"caption\":\"Ag\u00eancia iNFRA\"},\"url\":\"https:\/\/agenciainfra.com\/blog\/author\/admin\/\"}]}<\/script>\n<!-- \/ Yoast SEO Premium plugin. -->","yoast_head_json":{"title":"Minist\u00e9rio da Infraestrutura usa excedente de arrecada\u00e7\u00e3o para baixar ped\u00e1gio na Dutra - Ag\u00eancia iNFRA","robots":{"index":"index","follow":"follow","max-snippet":"max-snippet:-1","max-image-preview":"max-image-preview:large","max-video-preview":"max-video-preview:-1"},"canonical":"https:\/\/agenciainfra.com\/blog\/ministerio-da-infraestrutura-usa-excedente-de-arrecadacao-para-baixar-pedagio-na-dutra\/","og_locale":"pt_BR","og_type":"article","og_title":"Minist\u00e9rio da Infraestrutura usa excedente de arrecada\u00e7\u00e3o para baixar ped\u00e1gio na Dutra","og_description":"Dimmi Amora, da Ag\u00eancia iNFRA O valor dos ped\u00e1gios da nova concess\u00e3o da Rodovia Presidente Dutra e da BR-101 entre S\u00e3o Paulo e Rio de Janeiro dever\u00e3o ser cerca de 10% mais baixos pelo uso do mecanismo de excedente tarif\u00e1rio utilizado na concess\u00e3o anterior. Uma reuni\u00e3o da ANTT (Ag\u00eancia Nacional de Transportes Terrestres), que deve [&hellip;]","og_url":"https:\/\/agenciainfra.com\/blog\/ministerio-da-infraestrutura-usa-excedente-de-arrecadacao-para-baixar-pedagio-na-dutra\/","og_site_name":"Ag\u00eancia iNFRA","article_publisher":"https:\/\/www.facebook.com\/ageninfra","article_published_time":"2022-02-22T11:00:00+00:00","og_image":[{"width":1280,"height":853,"url":"https:\/\/agenciainfra.com\/blog\/wp-content\/uploads\/2021\/03\/pedagio-via-dutra-foto-ccr-novadutra.jpeg","type":"image\/jpeg"}],"author":"Ag\u00eancia iNFRA","twitter_card":"summary_large_image","twitter_creator":"@agencia_infra","twitter_site":"@agencia_infra","twitter_misc":{"Escrito por":"Ag\u00eancia iNFRA","Est. tempo de leitura":"4 minutos"},"schema":{"@context":"https:\/\/schema.org","@graph":[{"@type":"Article","@id":"https:\/\/agenciainfra.com\/blog\/ministerio-da-infraestrutura-usa-excedente-de-arrecadacao-para-baixar-pedagio-na-dutra\/#article","isPartOf":{"@id":"https:\/\/agenciainfra.com\/blog\/ministerio-da-infraestrutura-usa-excedente-de-arrecadacao-para-baixar-pedagio-na-dutra\/"},"author":{"name":"Ag\u00eancia iNFRA","@id":"https:\/\/agenciainfra.com\/blog\/#\/schema\/person\/34af08dff6adea4cb22b06612ba7acfa"},"headline":"Minist\u00e9rio da Infraestrutura usa excedente de arrecada\u00e7\u00e3o para baixar ped\u00e1gio na Dutra","datePublished":"2022-02-22T11:00:00+00:00","mainEntityOfPage":{"@id":"https:\/\/agenciainfra.com\/blog\/ministerio-da-infraestrutura-usa-excedente-de-arrecadacao-para-baixar-pedagio-na-dutra\/"},"wordCount":786,"publisher":{"@id":"https:\/\/agenciainfra.com\/blog\/#organization"},"image":{"@id":"https:\/\/agenciainfra.com\/blog\/ministerio-da-infraestrutura-usa-excedente-de-arrecadacao-para-baixar-pedagio-na-dutra\/#primaryimage"},"thumbnailUrl":"https:\/\/agenciainfra.com\/blog\/wp-content\/uploads\/2021\/03\/pedagio-via-dutra-foto-ccr-novadutra.jpeg","keywords":["ANTT","CCR","concess\u00f5es rodovi\u00e1rias","Minist\u00e9rio da Infraestrutura","Rodovia Presidente Dutra","rodovias","Tarc\u00edsio de Freitas","tarifas de ped\u00e1gio","transporte rodovi\u00e1rio","transportes"],"articleSection":["Geral","iNFRATransporte"],"inLanguage":"pt-BR","copyrightYear":"2022","copyrightHolder":{"@id":"https:\/\/agenciainfra.com\/blog\/#organization"}},{"@type":"WebPage","@id":"https:\/\/agenciainfra.com\/blog\/ministerio-da-infraestrutura-usa-excedente-de-arrecadacao-para-baixar-pedagio-na-dutra\/","url":"https:\/\/agenciainfra.com\/blog\/ministerio-da-infraestrutura-usa-excedente-de-arrecadacao-para-baixar-pedagio-na-dutra\/","name":"Minist\u00e9rio da Infraestrutura usa excedente de arrecada\u00e7\u00e3o para baixar ped\u00e1gio na Dutra - Ag\u00eancia iNFRA","isPartOf":{"@id":"https:\/\/agenciainfra.com\/blog\/#website"},"primaryImageOfPage":{"@id":"https:\/\/agenciainfra.com\/blog\/ministerio-da-infraestrutura-usa-excedente-de-arrecadacao-para-baixar-pedagio-na-dutra\/#primaryimage"},"image":{"@id":"https:\/\/agenciainfra.com\/blog\/ministerio-da-infraestrutura-usa-excedente-de-arrecadacao-para-baixar-pedagio-na-dutra\/#primaryimage"},"thumbnailUrl":"https:\/\/agenciainfra.com\/blog\/wp-content\/uploads\/2021\/03\/pedagio-via-dutra-foto-ccr-novadutra.jpeg","datePublished":"2022-02-22T11:00:00+00:00","breadcrumb":{"@id":"https:\/\/agenciainfra.com\/blog\/ministerio-da-infraestrutura-usa-excedente-de-arrecadacao-para-baixar-pedagio-na-dutra\/#breadcrumb"},"inLanguage":"pt-BR","potentialAction":[{"@type":"ReadAction","target":["https:\/\/agenciainfra.com\/blog\/ministerio-da-infraestrutura-usa-excedente-de-arrecadacao-para-baixar-pedagio-na-dutra\/"]}]},{"@type":"ImageObject","inLanguage":"pt-BR","@id":"https:\/\/agenciainfra.com\/blog\/ministerio-da-infraestrutura-usa-excedente-de-arrecadacao-para-baixar-pedagio-na-dutra\/#primaryimage","url":"https:\/\/agenciainfra.com\/blog\/wp-content\/uploads\/2021\/03\/pedagio-via-dutra-foto-ccr-novadutra.jpeg","contentUrl":"https:\/\/agenciainfra.com\/blog\/wp-content\/uploads\/2021\/03\/pedagio-via-dutra-foto-ccr-novadutra.jpeg","width":1280,"height":853},{"@type":"BreadcrumbList","@id":"https:\/\/agenciainfra.com\/blog\/ministerio-da-infraestrutura-usa-excedente-de-arrecadacao-para-baixar-pedagio-na-dutra\/#breadcrumb","itemListElement":[{"@type":"ListItem","position":1,"name":"In\u00edcio","item":"https:\/\/agenciainfra.com\/blog\/"},{"@type":"ListItem","position":2,"name":"Minist\u00e9rio da Infraestrutura usa excedente de arrecada\u00e7\u00e3o para baixar ped\u00e1gio na Dutra"}]},{"@type":"WebSite","@id":"https:\/\/agenciainfra.com\/blog\/#website","url":"https:\/\/agenciainfra.com\/blog\/","name":"Ag\u00eancia iNFRA","description":"Multiplataforma de informa\u00e7\u00e3o jornal\u00edstica refer\u00eancia na \u00e1rea de infraestrutura no Brasil!","publisher":{"@id":"https:\/\/agenciainfra.com\/blog\/#organization"},"potentialAction":[{"@type":"SearchAction","target":{"@type":"EntryPoint","urlTemplate":"https:\/\/agenciainfra.com\/blog\/?s={search_term_string}"},"query-input":{"@type":"PropertyValueSpecification","valueRequired":true,"valueName":"search_term_string"}}],"inLanguage":"pt-BR"},{"@type":"Organization","@id":"https:\/\/agenciainfra.com\/blog\/#organization","name":"Ag\u00eancia iNFRA","url":"https:\/\/agenciainfra.com\/blog\/","logo":{"@type":"ImageObject","inLanguage":"pt-BR","@id":"https:\/\/agenciainfra.com\/blog\/#\/schema\/logo\/image\/","url":"https:\/\/agenciainfra.com\/blog\/wp-content\/uploads\/2023\/09\/iNFRA_5-e1761735885940.png","contentUrl":"https:\/\/agenciainfra.com\/blog\/wp-content\/uploads\/2023\/09\/iNFRA_5-e1761735885940.png","width":1672,"height":454,"caption":"Ag\u00eancia iNFRA"},"image":{"@id":"https:\/\/agenciainfra.com\/blog\/#\/schema\/logo\/image\/"},"sameAs":["https:\/\/www.facebook.com\/ageninfra","https:\/\/x.com\/agencia_infra","https:\/\/www.linkedin.com\/company\/ag\u00eanciainfra\/","https:\/\/www.instagram.com\/agenciainfra\/"]},{"@type":"Person","@id":"https:\/\/agenciainfra.com\/blog\/#\/schema\/person\/34af08dff6adea4cb22b06612ba7acfa","name":"Ag\u00eancia iNFRA","image":{"@type":"ImageObject","inLanguage":"pt-BR","@id":"https:\/\/agenciainfra.com\/blog\/#\/schema\/person\/image\/","url":"https:\/\/secure.gravatar.com\/avatar\/d189e01678f06d8eb84d4e01f08eb848b3fffe3f8443818d3c356c66892f5be8?s=96&d=mm&r=g","contentUrl":"https:\/\/secure.gravatar.com\/avatar\/d189e01678f06d8eb84d4e01f08eb848b3fffe3f8443818d3c356c66892f5be8?s=96&d=mm&r=g","caption":"Ag\u00eancia iNFRA"},"url":"https:\/\/agenciainfra.com\/blog\/author\/admin\/"}]}},"_links":{"self":[{"href":"https:\/\/agenciainfra.com\/blog\/wp-json\/wp\/v2\/posts\/9597","targetHints":{"allow":["GET"]}}],"collection":[{"href":"https:\/\/agenciainfra.com\/blog\/wp-json\/wp\/v2\/posts"}],"about":[{"href":"https:\/\/agenciainfra.com\/blog\/wp-json\/wp\/v2\/types\/post"}],"author":[{"embeddable":true,"href":"https:\/\/agenciainfra.com\/blog\/wp-json\/wp\/v2\/users\/1"}],"replies":[{"embeddable":true,"href":"https:\/\/agenciainfra.com\/blog\/wp-json\/wp\/v2\/comments?post=9597"}],"version-history":[{"count":0,"href":"https:\/\/agenciainfra.com\/blog\/wp-json\/wp\/v2\/posts\/9597\/revisions"}],"wp:featuredmedia":[{"embeddable":true,"href":"https:\/\/agenciainfra.com\/blog\/wp-json\/wp\/v2\/media\/7025"}],"wp:attachment":[{"href":"https:\/\/agenciainfra.com\/blog\/wp-json\/wp\/v2\/media?parent=9597"}],"wp:term":[{"taxonomy":"category","embeddable":true,"href":"https:\/\/agenciainfra.com\/blog\/wp-json\/wp\/v2\/categories?post=9597"},{"taxonomy":"post_tag","embeddable":true,"href":"https:\/\/agenciainfra.com\/blog\/wp-json\/wp\/v2\/tags?post=9597"}],"curies":[{"name":"wp","href":"https:\/\/api.w.org\/{rel}","templated":true}]}}