{"id":9603,"date":"2022-02-23T08:00:00","date_gmt":"2022-02-23T11:00:00","guid":{"rendered":"https:\/\/www.agenciainfra.com\/blog\/?p=9603"},"modified":"2022-02-22T10:13:54","modified_gmt":"2022-02-22T13:13:54","slug":"ministerio-e-antt-tentam-se-alinhar-sobre-autorizacoes-ferroviarias-apos-fim-da-mp","status":"publish","type":"post","link":"https:\/\/agenciainfra.com\/blog\/ministerio-e-antt-tentam-se-alinhar-sobre-autorizacoes-ferroviarias-apos-fim-da-mp\/","title":{"rendered":"Minist\u00e9rio e ANTT tentam se alinhar sobre autoriza\u00e7\u00f5es ferrovi\u00e1rias ap\u00f3s fim da MP"},"content":{"rendered":"\n<p class=\"has-text-align-right\"><strong>Dimmi Amora, da&nbsp;Ag\u00eancia iNFRA<\/strong><\/p>\n\n\n\n<p>O Minist\u00e9rio da Infraestrutura e a ANTT (Ag\u00eancia Nacional de Transportes Terrestres) est\u00e3o em tratativas para alinhar uma forma de seguir emitindo autoriza\u00e7\u00f5es para constru\u00e7\u00e3o de ferrovias privadas no pa\u00eds.<\/p>\n\n\n\n<p>At\u00e9 o dia 6 de fevereiro, quando a Medida Provis\u00f3ria 1.065 perdeu a validade, o Minist\u00e9rio da Infraestrutura era o respons\u00e1vel por receber as propostas, analisar e emitir as autoriza\u00e7\u00f5es, ficando a ANTT apenas com uma an\u00e1lise de viabilidade locacional dos pedidos.<\/p>\n\n\n\n<p>Segundo nota do minist\u00e9rio da \u00faltima sexta-feira (18), 27 contratos foram assinados para a implanta\u00e7\u00e3o de novas estradas de ferro no pa\u00eds pelo regime de autoriza\u00e7\u00e3o. A proje\u00e7\u00e3o de recursos privados a serem alocados na implanta\u00e7\u00e3o desses empreendimentos soma R$ 133,24 bilh\u00f5es, em 9,9 mil quil\u00f4metros. Detalhes dos contratos est\u00e3o&nbsp;<a rel=\"noreferrer noopener\" href=\"https:\/\/agenciainfra.us14.list-manage.com\/track\/click?u=d460dd1bcf9ba0ae040e1fc0f&amp;id=38a0561160&amp;e=8d54f1ad19\" target=\"_blank\">neste link<\/a>.<\/p>\n\n\n\n<p>Mas o governo recebeu, segundo o secret\u00e1rio nacional de Transportes Terrestres, Marcello da Costa, 80 pedidos de autoriza\u00e7\u00e3o ferrovi\u00e1ria. Parte dos outros pedidos n\u00e3o chegou a ser analisada pela ANTT dentro do prazo da medida provis\u00f3ria nem teve autoriza\u00e7\u00e3o emitida por parte do minist\u00e9rio.<\/p>\n\n\n\n<p>A MP perdeu a validade, mas foi sancionada a Lei 14.273\/2021, que tem comandos semelhantes ao da medida provis\u00f3ria de autoriza\u00e7\u00e3o ferrovi\u00e1ria, por\u00e9m com&nbsp;uma mudan\u00e7a importante. Agora \u00e9 a ANTT que ser\u00e1 a respons\u00e1vel pelas an\u00e1lise e n\u00e3o mais o Minist\u00e9rio da Infraestrutura, num modelo mais semelhante ao de autoriza\u00e7\u00f5es&nbsp;em outros setores da infraestrutura.<\/p>\n\n\n\n<p><strong>34 pontos a regulamentar<\/strong><br>Segundo Costa, as conversas est\u00e3o em torno de 34 pontos que a ANTT j\u00e1 avaliou que ter\u00e3o&nbsp;que ser motivo de emiss\u00e3o de regulamenta\u00e7\u00f5es por parte da ag\u00eancia para que ela possa criar um processo de autoriza\u00e7\u00e3o e tamb\u00e9m de libera\u00e7\u00e3o da opera\u00e7\u00e3o dessas novas ferrovias.<\/p>\n\n\n\n<p>O trabalho no momento est\u00e1 em identificar quais pontos de regulamenta\u00e7\u00e3o&nbsp;precisam ser implementados&nbsp;para que as autoriza\u00e7\u00f5es ainda n\u00e3o emitidas possam ser dadas pela ANTT sem que o processo seja perdido.<\/p>\n\n\n\n<p>Em entrevista \u00e0&nbsp;<strong>Ag\u00eancia iNFRA<\/strong>&nbsp;em janeiro, Costa informou que n\u00e3o via risco dos concession\u00e1rios que solicitaram durante a vig\u00eancia da MP deixarem de ter o pedido atendido por causa do fim da vig\u00eancia. A entrevista est\u00e1&nbsp;<a href=\"https:\/\/agenciainfra.us14.list-manage.com\/track\/click?u=d460dd1bcf9ba0ae040e1fc0f&amp;id=efa5be4159&amp;e=8d54f1ad19\" target=\"_blank\" rel=\"noreferrer noopener\">neste link<\/a>.<\/p>\n\n\n\n<p><strong>Nova medida provis\u00f3ria<\/strong><br>Sobre a medida provis\u00f3ria em que o governo est\u00e1 trabalhando para corrigir alguns pontos da legisla\u00e7\u00e3o, o secret\u00e1rio informou que ela foi encaminhada pela secretaria \u00e0 consultoria jur\u00eddica do minist\u00e9rio para an\u00e1lise e, ap\u00f3s essa etapa, deve seguir para a Casa Civil.<\/p>\n\n\n\n<p>Segundo o secret\u00e1rio, a proposta deve ser encaminhada com poucos pontos \u2013 visto que alguns temas n\u00e3o podem constar na proposta por j\u00e1 terem sido tratados na MP que venceu, o que pelas regras do Parlamento necessitam de uma car\u00eancia de uma legislatura para serem novamente encaminhados. Ele afirmou ainda que h\u00e1 tratativas para que alguns temas acordados com os parlamentares que n\u00e3o entrarem no texto possam entrar via emenda.&nbsp;<\/p>\n\n\n\n<p>Conforme a&nbsp;<strong>Ag\u00eancia iNFRA<\/strong>&nbsp;mostrou em sua edi\u00e7\u00e3o 1.073, houve um acordo para que o governo encaminhasse uma MP com pontos que a C\u00e2mara queria alterar na proposta aprovada no Senado, j\u00e1 que mudan\u00e7as fariam a lei ter que ser novamente votada por senadores e n\u00e3o haveria tempo de aprov\u00e1-la at\u00e9 o fim da vig\u00eancia da MP 1.065.<\/p>\n\n\n\n<p>Essa&nbsp;nova&nbsp;MP dever\u00e1 contemplar, pelo&nbsp;acordo&nbsp;com os deputados, quatro pontos principais:&nbsp;crit\u00e9rio de desempate em pedidos de&nbsp;autoriza\u00e7\u00e3o para trechos iguais;&nbsp;a publicidade dos pedidos de&nbsp;autoriza\u00e7\u00e3o;&nbsp;os pedidos de&nbsp;autoriza\u00e7\u00e3o&nbsp;de trechos em \u00e1reas de influ\u00eancia de concess\u00e3o&nbsp;ferrovi\u00e1ria; e&nbsp;prazo para in\u00edcio de obras de um pedido de&nbsp;autoriza\u00e7\u00e3o.<\/p>\n","protected":false},"excerpt":{"rendered":"<p>Dimmi Amora, da&nbsp;Ag\u00eancia iNFRA O Minist\u00e9rio da Infraestrutura e a ANTT (Ag\u00eancia Nacional de Transportes Terrestres) est\u00e3o em tratativas para alinhar uma forma de seguir emitindo autoriza\u00e7\u00f5es para constru\u00e7\u00e3o de ferrovias privadas no pa\u00eds. At\u00e9 o dia 6 de fevereiro, quando a Medida Provis\u00f3ria 1.065 perdeu a validade, o Minist\u00e9rio da Infraestrutura era o respons\u00e1vel [&hellip;]<\/p>\n","protected":false},"author":1,"featured_media":9446,"comment_status":"closed","ping_status":"closed","sticky":false,"template":"","format":"standard","meta":{"_monsterinsights_skip_tracking":false,"_monsterinsights_sitenote_active":false,"_monsterinsights_sitenote_note":"","_monsterinsights_sitenote_category":0,"footnotes":""},"categories":[1,7],"tags":[19,4651,563,120,4894,32,5228,775,4970,1518],"class_list":["post-9603","post","type-post","status-publish","format-standard","has-post-thumbnail","hentry","category-geral","category-infratransporte","tag-antt","tag-autorizacoes-ferroviarias","tag-concessoes-ferroviarias","tag-ferrovias","tag-ferrovias-privadas","tag-investimentos","tag-lei-14-273","tag-ministerio-da-infraestrutura","tag-mp-1-065","tag-transportes-terrestres"],"yoast_head":"<!-- This site is optimized with the Yoast SEO Premium plugin v25.4 (Yoast SEO v26.0) - https:\/\/yoast.com\/wordpress\/plugins\/seo\/ -->\n<title>Minist\u00e9rio e ANTT tentam se alinhar sobre autoriza\u00e7\u00f5es ferrovi\u00e1rias ap\u00f3s fim da MP - Ag\u00eancia iNFRA<\/title>\n<meta name=\"robots\" content=\"index, follow, max-snippet:-1, max-image-preview:large, max-video-preview:-1\" \/>\n<link rel=\"canonical\" href=\"https:\/\/agenciainfra.com\/blog\/ministerio-e-antt-tentam-se-alinhar-sobre-autorizacoes-ferroviarias-apos-fim-da-mp\/\" \/>\n<meta property=\"og:locale\" content=\"pt_BR\" \/>\n<meta property=\"og:type\" content=\"article\" \/>\n<meta property=\"og:title\" content=\"Minist\u00e9rio e ANTT tentam se alinhar sobre autoriza\u00e7\u00f5es ferrovi\u00e1rias ap\u00f3s fim da MP\" \/>\n<meta property=\"og:description\" content=\"Dimmi Amora, da&nbsp;Ag\u00eancia iNFRA O Minist\u00e9rio da Infraestrutura e a ANTT (Ag\u00eancia Nacional de Transportes Terrestres) est\u00e3o em tratativas para alinhar uma forma de seguir emitindo autoriza\u00e7\u00f5es para constru\u00e7\u00e3o de ferrovias privadas no pa\u00eds. At\u00e9 o dia 6 de fevereiro, quando a Medida Provis\u00f3ria 1.065 perdeu a validade, o Minist\u00e9rio da Infraestrutura era o respons\u00e1vel [&hellip;]\" \/>\n<meta property=\"og:url\" content=\"https:\/\/agenciainfra.com\/blog\/ministerio-e-antt-tentam-se-alinhar-sobre-autorizacoes-ferroviarias-apos-fim-da-mp\/\" \/>\n<meta property=\"og:site_name\" content=\"Ag\u00eancia iNFRA\" \/>\n<meta property=\"article:publisher\" content=\"https:\/\/www.facebook.com\/ageninfra\" \/>\n<meta property=\"article:published_time\" content=\"2022-02-23T11:00:00+00:00\" \/>\n<meta property=\"og:image\" content=\"https:\/\/agenciainfra.com\/blog\/wp-content\/uploads\/2022\/02\/marcello-costa-foto-cna.png\" \/>\n\t<meta property=\"og:image:width\" content=\"1280\" \/>\n\t<meta property=\"og:image:height\" content=\"855\" \/>\n\t<meta property=\"og:image:type\" content=\"image\/png\" \/>\n<meta name=\"author\" content=\"Ag\u00eancia iNFRA\" \/>\n<meta name=\"twitter:card\" content=\"summary_large_image\" \/>\n<meta name=\"twitter:creator\" content=\"@agencia_infra\" \/>\n<meta name=\"twitter:site\" content=\"@agencia_infra\" \/>\n<meta name=\"twitter:label1\" content=\"Escrito por\" \/>\n\t<meta name=\"twitter:data1\" content=\"Ag\u00eancia iNFRA\" \/>\n\t<meta name=\"twitter:label2\" content=\"Est. tempo de leitura\" \/>\n\t<meta name=\"twitter:data2\" content=\"3 minutos\" \/>\n<script type=\"application\/ld+json\" class=\"yoast-schema-graph\">{\"@context\":\"https:\/\/schema.org\",\"@graph\":[{\"@type\":\"Article\",\"@id\":\"https:\/\/agenciainfra.com\/blog\/ministerio-e-antt-tentam-se-alinhar-sobre-autorizacoes-ferroviarias-apos-fim-da-mp\/#article\",\"isPartOf\":{\"@id\":\"https:\/\/agenciainfra.com\/blog\/ministerio-e-antt-tentam-se-alinhar-sobre-autorizacoes-ferroviarias-apos-fim-da-mp\/\"},\"author\":{\"name\":\"Ag\u00eancia iNFRA\",\"@id\":\"https:\/\/agenciainfra.com\/blog\/#\/schema\/person\/34af08dff6adea4cb22b06612ba7acfa\"},\"headline\":\"Minist\u00e9rio e ANTT tentam se alinhar sobre autoriza\u00e7\u00f5es ferrovi\u00e1rias ap\u00f3s fim da MP\",\"datePublished\":\"2022-02-23T11:00:00+00:00\",\"mainEntityOfPage\":{\"@id\":\"https:\/\/agenciainfra.com\/blog\/ministerio-e-antt-tentam-se-alinhar-sobre-autorizacoes-ferroviarias-apos-fim-da-mp\/\"},\"wordCount\":687,\"publisher\":{\"@id\":\"https:\/\/agenciainfra.com\/blog\/#organization\"},\"image\":{\"@id\":\"https:\/\/agenciainfra.com\/blog\/ministerio-e-antt-tentam-se-alinhar-sobre-autorizacoes-ferroviarias-apos-fim-da-mp\/#primaryimage\"},\"thumbnailUrl\":\"https:\/\/agenciainfra.com\/blog\/wp-content\/uploads\/2022\/02\/marcello-costa-foto-cna.png\",\"keywords\":[\"ANTT\",\"autoriza\u00e7\u00f5es ferrovi\u00e1rias\",\"concess\u00f5es ferrovi\u00e1rias\",\"Ferrovias\",\"ferrovias privadas\",\"Investimentos\",\"Lei 14.273\",\"Minist\u00e9rio da Infraestrutura\",\"MP 1.065\",\"transportes terrestres\"],\"articleSection\":[\"Geral\",\"iNFRATransporte\"],\"inLanguage\":\"pt-BR\",\"copyrightYear\":\"2022\",\"copyrightHolder\":{\"@id\":\"https:\/\/agenciainfra.com\/blog\/#organization\"}},{\"@type\":\"WebPage\",\"@id\":\"https:\/\/agenciainfra.com\/blog\/ministerio-e-antt-tentam-se-alinhar-sobre-autorizacoes-ferroviarias-apos-fim-da-mp\/\",\"url\":\"https:\/\/agenciainfra.com\/blog\/ministerio-e-antt-tentam-se-alinhar-sobre-autorizacoes-ferroviarias-apos-fim-da-mp\/\",\"name\":\"Minist\u00e9rio e ANTT tentam se alinhar sobre autoriza\u00e7\u00f5es ferrovi\u00e1rias ap\u00f3s fim da MP - Ag\u00eancia iNFRA\",\"isPartOf\":{\"@id\":\"https:\/\/agenciainfra.com\/blog\/#website\"},\"primaryImageOfPage\":{\"@id\":\"https:\/\/agenciainfra.com\/blog\/ministerio-e-antt-tentam-se-alinhar-sobre-autorizacoes-ferroviarias-apos-fim-da-mp\/#primaryimage\"},\"image\":{\"@id\":\"https:\/\/agenciainfra.com\/blog\/ministerio-e-antt-tentam-se-alinhar-sobre-autorizacoes-ferroviarias-apos-fim-da-mp\/#primaryimage\"},\"thumbnailUrl\":\"https:\/\/agenciainfra.com\/blog\/wp-content\/uploads\/2022\/02\/marcello-costa-foto-cna.png\",\"datePublished\":\"2022-02-23T11:00:00+00:00\",\"breadcrumb\":{\"@id\":\"https:\/\/agenciainfra.com\/blog\/ministerio-e-antt-tentam-se-alinhar-sobre-autorizacoes-ferroviarias-apos-fim-da-mp\/#breadcrumb\"},\"inLanguage\":\"pt-BR\",\"potentialAction\":[{\"@type\":\"ReadAction\",\"target\":[\"https:\/\/agenciainfra.com\/blog\/ministerio-e-antt-tentam-se-alinhar-sobre-autorizacoes-ferroviarias-apos-fim-da-mp\/\"]}]},{\"@type\":\"ImageObject\",\"inLanguage\":\"pt-BR\",\"@id\":\"https:\/\/agenciainfra.com\/blog\/ministerio-e-antt-tentam-se-alinhar-sobre-autorizacoes-ferroviarias-apos-fim-da-mp\/#primaryimage\",\"url\":\"https:\/\/agenciainfra.com\/blog\/wp-content\/uploads\/2022\/02\/marcello-costa-foto-cna.png\",\"contentUrl\":\"https:\/\/agenciainfra.com\/blog\/wp-content\/uploads\/2022\/02\/marcello-costa-foto-cna.png\",\"width\":1280,\"height\":855},{\"@type\":\"BreadcrumbList\",\"@id\":\"https:\/\/agenciainfra.com\/blog\/ministerio-e-antt-tentam-se-alinhar-sobre-autorizacoes-ferroviarias-apos-fim-da-mp\/#breadcrumb\",\"itemListElement\":[{\"@type\":\"ListItem\",\"position\":1,\"name\":\"In\u00edcio\",\"item\":\"https:\/\/agenciainfra.com\/blog\/\"},{\"@type\":\"ListItem\",\"position\":2,\"name\":\"Minist\u00e9rio e ANTT tentam se alinhar sobre autoriza\u00e7\u00f5es ferrovi\u00e1rias ap\u00f3s fim da MP\"}]},{\"@type\":\"WebSite\",\"@id\":\"https:\/\/agenciainfra.com\/blog\/#website\",\"url\":\"https:\/\/agenciainfra.com\/blog\/\",\"name\":\"Ag\u00eancia iNFRA\",\"description\":\"Multiplataforma de informa\u00e7\u00e3o jornal\u00edstica refer\u00eancia na \u00e1rea de infraestrutura no Brasil!\",\"publisher\":{\"@id\":\"https:\/\/agenciainfra.com\/blog\/#organization\"},\"potentialAction\":[{\"@type\":\"SearchAction\",\"target\":{\"@type\":\"EntryPoint\",\"urlTemplate\":\"https:\/\/agenciainfra.com\/blog\/?s={search_term_string}\"},\"query-input\":{\"@type\":\"PropertyValueSpecification\",\"valueRequired\":true,\"valueName\":\"search_term_string\"}}],\"inLanguage\":\"pt-BR\"},{\"@type\":\"Organization\",\"@id\":\"https:\/\/agenciainfra.com\/blog\/#organization\",\"name\":\"Ag\u00eancia iNFRA\",\"url\":\"https:\/\/agenciainfra.com\/blog\/\",\"logo\":{\"@type\":\"ImageObject\",\"inLanguage\":\"pt-BR\",\"@id\":\"https:\/\/agenciainfra.com\/blog\/#\/schema\/logo\/image\/\",\"url\":\"https:\/\/agenciainfra.com\/blog\/wp-content\/uploads\/2023\/09\/iNFRA_5-e1761735885940.png\",\"contentUrl\":\"https:\/\/agenciainfra.com\/blog\/wp-content\/uploads\/2023\/09\/iNFRA_5-e1761735885940.png\",\"width\":1672,\"height\":454,\"caption\":\"Ag\u00eancia iNFRA\"},\"image\":{\"@id\":\"https:\/\/agenciainfra.com\/blog\/#\/schema\/logo\/image\/\"},\"sameAs\":[\"https:\/\/www.facebook.com\/ageninfra\",\"https:\/\/x.com\/agencia_infra\",\"https:\/\/www.linkedin.com\/company\/ag\u00eanciainfra\/\",\"https:\/\/www.instagram.com\/agenciainfra\/\"]},{\"@type\":\"Person\",\"@id\":\"https:\/\/agenciainfra.com\/blog\/#\/schema\/person\/34af08dff6adea4cb22b06612ba7acfa\",\"name\":\"Ag\u00eancia iNFRA\",\"image\":{\"@type\":\"ImageObject\",\"inLanguage\":\"pt-BR\",\"@id\":\"https:\/\/agenciainfra.com\/blog\/#\/schema\/person\/image\/\",\"url\":\"https:\/\/secure.gravatar.com\/avatar\/d189e01678f06d8eb84d4e01f08eb848b3fffe3f8443818d3c356c66892f5be8?s=96&d=mm&r=g\",\"contentUrl\":\"https:\/\/secure.gravatar.com\/avatar\/d189e01678f06d8eb84d4e01f08eb848b3fffe3f8443818d3c356c66892f5be8?s=96&d=mm&r=g\",\"caption\":\"Ag\u00eancia iNFRA\"},\"url\":\"https:\/\/agenciainfra.com\/blog\/author\/admin\/\"}]}<\/script>\n<!-- \/ Yoast SEO Premium plugin. -->","yoast_head_json":{"title":"Minist\u00e9rio e ANTT tentam se alinhar sobre autoriza\u00e7\u00f5es ferrovi\u00e1rias ap\u00f3s fim da MP - Ag\u00eancia iNFRA","robots":{"index":"index","follow":"follow","max-snippet":"max-snippet:-1","max-image-preview":"max-image-preview:large","max-video-preview":"max-video-preview:-1"},"canonical":"https:\/\/agenciainfra.com\/blog\/ministerio-e-antt-tentam-se-alinhar-sobre-autorizacoes-ferroviarias-apos-fim-da-mp\/","og_locale":"pt_BR","og_type":"article","og_title":"Minist\u00e9rio e ANTT tentam se alinhar sobre autoriza\u00e7\u00f5es ferrovi\u00e1rias ap\u00f3s fim da MP","og_description":"Dimmi Amora, da&nbsp;Ag\u00eancia iNFRA O Minist\u00e9rio da Infraestrutura e a ANTT (Ag\u00eancia Nacional de Transportes Terrestres) est\u00e3o em tratativas para alinhar uma forma de seguir emitindo autoriza\u00e7\u00f5es para constru\u00e7\u00e3o de ferrovias privadas no pa\u00eds. At\u00e9 o dia 6 de fevereiro, quando a Medida Provis\u00f3ria 1.065 perdeu a validade, o Minist\u00e9rio da Infraestrutura era o respons\u00e1vel [&hellip;]","og_url":"https:\/\/agenciainfra.com\/blog\/ministerio-e-antt-tentam-se-alinhar-sobre-autorizacoes-ferroviarias-apos-fim-da-mp\/","og_site_name":"Ag\u00eancia iNFRA","article_publisher":"https:\/\/www.facebook.com\/ageninfra","article_published_time":"2022-02-23T11:00:00+00:00","og_image":[{"width":1280,"height":855,"url":"https:\/\/agenciainfra.com\/blog\/wp-content\/uploads\/2022\/02\/marcello-costa-foto-cna.png","type":"image\/png"}],"author":"Ag\u00eancia iNFRA","twitter_card":"summary_large_image","twitter_creator":"@agencia_infra","twitter_site":"@agencia_infra","twitter_misc":{"Escrito por":"Ag\u00eancia iNFRA","Est. tempo de leitura":"3 minutos"},"schema":{"@context":"https:\/\/schema.org","@graph":[{"@type":"Article","@id":"https:\/\/agenciainfra.com\/blog\/ministerio-e-antt-tentam-se-alinhar-sobre-autorizacoes-ferroviarias-apos-fim-da-mp\/#article","isPartOf":{"@id":"https:\/\/agenciainfra.com\/blog\/ministerio-e-antt-tentam-se-alinhar-sobre-autorizacoes-ferroviarias-apos-fim-da-mp\/"},"author":{"name":"Ag\u00eancia iNFRA","@id":"https:\/\/agenciainfra.com\/blog\/#\/schema\/person\/34af08dff6adea4cb22b06612ba7acfa"},"headline":"Minist\u00e9rio e ANTT tentam se alinhar sobre autoriza\u00e7\u00f5es ferrovi\u00e1rias ap\u00f3s fim da MP","datePublished":"2022-02-23T11:00:00+00:00","mainEntityOfPage":{"@id":"https:\/\/agenciainfra.com\/blog\/ministerio-e-antt-tentam-se-alinhar-sobre-autorizacoes-ferroviarias-apos-fim-da-mp\/"},"wordCount":687,"publisher":{"@id":"https:\/\/agenciainfra.com\/blog\/#organization"},"image":{"@id":"https:\/\/agenciainfra.com\/blog\/ministerio-e-antt-tentam-se-alinhar-sobre-autorizacoes-ferroviarias-apos-fim-da-mp\/#primaryimage"},"thumbnailUrl":"https:\/\/agenciainfra.com\/blog\/wp-content\/uploads\/2022\/02\/marcello-costa-foto-cna.png","keywords":["ANTT","autoriza\u00e7\u00f5es ferrovi\u00e1rias","concess\u00f5es ferrovi\u00e1rias","Ferrovias","ferrovias privadas","Investimentos","Lei 14.273","Minist\u00e9rio da Infraestrutura","MP 1.065","transportes terrestres"],"articleSection":["Geral","iNFRATransporte"],"inLanguage":"pt-BR","copyrightYear":"2022","copyrightHolder":{"@id":"https:\/\/agenciainfra.com\/blog\/#organization"}},{"@type":"WebPage","@id":"https:\/\/agenciainfra.com\/blog\/ministerio-e-antt-tentam-se-alinhar-sobre-autorizacoes-ferroviarias-apos-fim-da-mp\/","url":"https:\/\/agenciainfra.com\/blog\/ministerio-e-antt-tentam-se-alinhar-sobre-autorizacoes-ferroviarias-apos-fim-da-mp\/","name":"Minist\u00e9rio e ANTT tentam se alinhar sobre autoriza\u00e7\u00f5es ferrovi\u00e1rias ap\u00f3s fim da MP - Ag\u00eancia iNFRA","isPartOf":{"@id":"https:\/\/agenciainfra.com\/blog\/#website"},"primaryImageOfPage":{"@id":"https:\/\/agenciainfra.com\/blog\/ministerio-e-antt-tentam-se-alinhar-sobre-autorizacoes-ferroviarias-apos-fim-da-mp\/#primaryimage"},"image":{"@id":"https:\/\/agenciainfra.com\/blog\/ministerio-e-antt-tentam-se-alinhar-sobre-autorizacoes-ferroviarias-apos-fim-da-mp\/#primaryimage"},"thumbnailUrl":"https:\/\/agenciainfra.com\/blog\/wp-content\/uploads\/2022\/02\/marcello-costa-foto-cna.png","datePublished":"2022-02-23T11:00:00+00:00","breadcrumb":{"@id":"https:\/\/agenciainfra.com\/blog\/ministerio-e-antt-tentam-se-alinhar-sobre-autorizacoes-ferroviarias-apos-fim-da-mp\/#breadcrumb"},"inLanguage":"pt-BR","potentialAction":[{"@type":"ReadAction","target":["https:\/\/agenciainfra.com\/blog\/ministerio-e-antt-tentam-se-alinhar-sobre-autorizacoes-ferroviarias-apos-fim-da-mp\/"]}]},{"@type":"ImageObject","inLanguage":"pt-BR","@id":"https:\/\/agenciainfra.com\/blog\/ministerio-e-antt-tentam-se-alinhar-sobre-autorizacoes-ferroviarias-apos-fim-da-mp\/#primaryimage","url":"https:\/\/agenciainfra.com\/blog\/wp-content\/uploads\/2022\/02\/marcello-costa-foto-cna.png","contentUrl":"https:\/\/agenciainfra.com\/blog\/wp-content\/uploads\/2022\/02\/marcello-costa-foto-cna.png","width":1280,"height":855},{"@type":"BreadcrumbList","@id":"https:\/\/agenciainfra.com\/blog\/ministerio-e-antt-tentam-se-alinhar-sobre-autorizacoes-ferroviarias-apos-fim-da-mp\/#breadcrumb","itemListElement":[{"@type":"ListItem","position":1,"name":"In\u00edcio","item":"https:\/\/agenciainfra.com\/blog\/"},{"@type":"ListItem","position":2,"name":"Minist\u00e9rio e ANTT tentam se alinhar sobre autoriza\u00e7\u00f5es ferrovi\u00e1rias ap\u00f3s fim da MP"}]},{"@type":"WebSite","@id":"https:\/\/agenciainfra.com\/blog\/#website","url":"https:\/\/agenciainfra.com\/blog\/","name":"Ag\u00eancia iNFRA","description":"Multiplataforma de informa\u00e7\u00e3o jornal\u00edstica refer\u00eancia na \u00e1rea de infraestrutura no Brasil!","publisher":{"@id":"https:\/\/agenciainfra.com\/blog\/#organization"},"potentialAction":[{"@type":"SearchAction","target":{"@type":"EntryPoint","urlTemplate":"https:\/\/agenciainfra.com\/blog\/?s={search_term_string}"},"query-input":{"@type":"PropertyValueSpecification","valueRequired":true,"valueName":"search_term_string"}}],"inLanguage":"pt-BR"},{"@type":"Organization","@id":"https:\/\/agenciainfra.com\/blog\/#organization","name":"Ag\u00eancia iNFRA","url":"https:\/\/agenciainfra.com\/blog\/","logo":{"@type":"ImageObject","inLanguage":"pt-BR","@id":"https:\/\/agenciainfra.com\/blog\/#\/schema\/logo\/image\/","url":"https:\/\/agenciainfra.com\/blog\/wp-content\/uploads\/2023\/09\/iNFRA_5-e1761735885940.png","contentUrl":"https:\/\/agenciainfra.com\/blog\/wp-content\/uploads\/2023\/09\/iNFRA_5-e1761735885940.png","width":1672,"height":454,"caption":"Ag\u00eancia iNFRA"},"image":{"@id":"https:\/\/agenciainfra.com\/blog\/#\/schema\/logo\/image\/"},"sameAs":["https:\/\/www.facebook.com\/ageninfra","https:\/\/x.com\/agencia_infra","https:\/\/www.linkedin.com\/company\/ag\u00eanciainfra\/","https:\/\/www.instagram.com\/agenciainfra\/"]},{"@type":"Person","@id":"https:\/\/agenciainfra.com\/blog\/#\/schema\/person\/34af08dff6adea4cb22b06612ba7acfa","name":"Ag\u00eancia iNFRA","image":{"@type":"ImageObject","inLanguage":"pt-BR","@id":"https:\/\/agenciainfra.com\/blog\/#\/schema\/person\/image\/","url":"https:\/\/secure.gravatar.com\/avatar\/d189e01678f06d8eb84d4e01f08eb848b3fffe3f8443818d3c356c66892f5be8?s=96&d=mm&r=g","contentUrl":"https:\/\/secure.gravatar.com\/avatar\/d189e01678f06d8eb84d4e01f08eb848b3fffe3f8443818d3c356c66892f5be8?s=96&d=mm&r=g","caption":"Ag\u00eancia iNFRA"},"url":"https:\/\/agenciainfra.com\/blog\/author\/admin\/"}]}},"_links":{"self":[{"href":"https:\/\/agenciainfra.com\/blog\/wp-json\/wp\/v2\/posts\/9603","targetHints":{"allow":["GET"]}}],"collection":[{"href":"https:\/\/agenciainfra.com\/blog\/wp-json\/wp\/v2\/posts"}],"about":[{"href":"https:\/\/agenciainfra.com\/blog\/wp-json\/wp\/v2\/types\/post"}],"author":[{"embeddable":true,"href":"https:\/\/agenciainfra.com\/blog\/wp-json\/wp\/v2\/users\/1"}],"replies":[{"embeddable":true,"href":"https:\/\/agenciainfra.com\/blog\/wp-json\/wp\/v2\/comments?post=9603"}],"version-history":[{"count":0,"href":"https:\/\/agenciainfra.com\/blog\/wp-json\/wp\/v2\/posts\/9603\/revisions"}],"wp:featuredmedia":[{"embeddable":true,"href":"https:\/\/agenciainfra.com\/blog\/wp-json\/wp\/v2\/media\/9446"}],"wp:attachment":[{"href":"https:\/\/agenciainfra.com\/blog\/wp-json\/wp\/v2\/media?parent=9603"}],"wp:term":[{"taxonomy":"category","embeddable":true,"href":"https:\/\/agenciainfra.com\/blog\/wp-json\/wp\/v2\/categories?post=9603"},{"taxonomy":"post_tag","embeddable":true,"href":"https:\/\/agenciainfra.com\/blog\/wp-json\/wp\/v2\/tags?post=9603"}],"curies":[{"name":"wp","href":"https:\/\/api.w.org\/{rel}","templated":true}]}}