{"id":9632,"date":"2022-02-24T09:00:00","date_gmt":"2022-02-24T12:00:00","guid":{"rendered":"https:\/\/www.agenciainfra.com\/blog\/?p=9632"},"modified":"2022-02-24T10:34:53","modified_gmt":"2022-02-24T13:34:53","slug":"suspendam-a-setima-rodada-de-concessoes-de-aeroportos","status":"publish","type":"post","link":"https:\/\/agenciainfra.com\/blog\/suspendam-a-setima-rodada-de-concessoes-de-aeroportos\/","title":{"rendered":"Suspendam a s\u00e9tima rodada de concess\u00f5es de aeroportos!"},"content":{"rendered":"\n<p class=\"has-text-align-right\"><strong>Dario Rais*<\/strong><\/p>\n\n\n\n<p>O programa federal de concess\u00f5es de aeroportos \u00e9, seguramente, uma das iniciativas mais exitosas do estado brasileiro. Desde a primeira (S\u00e3o Gon\u00e7alo do Amarante, 2011) at\u00e9 a sexta rodada (2021) foram in\u00fameros os avan\u00e7os regulat\u00f3rios, de gest\u00e3o contratual, de realoca\u00e7\u00e3o dos riscos e reorganiza\u00e7\u00e3o dos ativos para leil\u00e3o. Parece que, na \u00e2nsia de \u201cconcluir o programa\u201d, o atual Governo Federal est\u00e1 pondo tudo a perder.<\/p>\n\n\n\n<p>Sen\u00e3o vejamos: a come\u00e7ar com a organiza\u00e7\u00e3o dos ativos. O conceito de bloco, que norteou a quinta e sexta rodadas, foi jogado na lata de lixo. Nas citadas rodadas os aeroportos foram agrupados de acordo com caracter\u00edsticas econ\u00f4micas (turismo, agroneg\u00f3cio) ou regionais que possibilitaram sinergias entre os aeroportos menores e o principal. Tendo como base um EVTEA (Estudo de Viabilidade T\u00e9cnica, Econ\u00f4mica e Ambiental) abaixo da cr\u00edtica (dedicarei-me a isso mais adiante), juntou-se aeroportos do interior do Par\u00e1 com o aeroporto de Congonhas!<\/p>\n\n\n\n<p>O bloco ficou com dois aeroportos de S\u00e3o Paulo (Congonhas e Campo de Marte) tr\u00eas do Mato Grosso do Sul (Campo Grande, Corumb\u00e1 e Ponta Por\u00e3) e quatro do interior do Par\u00e1 (Santar\u00e9m, Marab\u00e1, Parauapebas e Altamira).<\/p>\n\n\n\n<p>Ao longo do processo de consulta, segmentos do estado do Rio de Janeiro se organizaram para proteger seus ativos aeroportu\u00e1rios, em especial o aeroporto do Gale\u00e3o. Lograram \u00eaxito, com a posterga\u00e7\u00e3o do leil\u00e3o do aeroporto Santos Dumont, agora em conjunto com o Gale\u00e3o, recentemente devolvido pela concession\u00e1ria atual. Os demais aeroportos que integravam esse bloco foram redistribu\u00eddos \u2013 Jacarepagu\u00e1 (RJ) passou a formar um bloco com o aeroporto Campo de Marte (SP), e os tr\u00eas de Minas Gerais (Uberaba, Uberl\u00e2ndia e Montes Claros) vieram para compor o \u201cbloc\u00e3o\u201d capitaneado por Congonhas.<\/p>\n\n\n\n<p>O principal motivo para essa mexida toda \u00e9 que o EVTEA teria indicado um VPL negativo tanto para o bloco inicial Bel\u00e9m, Macap\u00e1 e os quatro do interior do Par\u00e1, como para os tr\u00eas de Minas Gerais. Por outro lado, o potencial de Congonhas seria suficiente para acomodar a todos&#8230;.<\/p>\n\n\n\n<p>Algumas observa\u00e7\u00f5es:<\/p>\n\n\n\n<ol class=\"wp-block-list\" type=\"1\"><li>\u00c9 leg\u00edtimo que um ente da federa\u00e7\u00e3o defenda os ativos que entende serem de import\u00e2ncia para o desenvolvimento local. O que foi feito no caso do Santos Dumont, no entanto, \u00e9 um equ\u00edvoco. Recomendo o <a rel=\"noreferrer noopener\" href=\"https:\/\/blogs.oglobo.globo.com\/opiniao\/post\/concessao-do-santos-dumont-foi-decisao-tecnica\" data-type=\"URL\" data-id=\"https: \/\/blogs.oglobo.globo.com\/opiniao\/post\/concessao-do-santos-dumont-foi-decisao-tecnica\" target=\"_blank\">artigo<\/a> de Paulo Ganime e Thiago Caldeira no Globo e o coment\u00e1rio de Tobias Markert feito <a rel=\"noreferrer noopener\" href=\"https:\/\/agenciainfra.com\/blog\/ infradebate-santos-dumont-e-uma-das-chaves-para-um-novo-rio\" data-type=\"URL\" data-id=\"https:\/\/agenciainfra.com\/blog\/ infradebate-santos-dumont-e-uma-das-chaves-para-um-novo-rio\" target=\"_blank\">aqui no iNFRADebate<\/a> para uma vis\u00e3o mais precisa da quest\u00e3o;<\/li><li>\u00c9 leg\u00edtimo tamb\u00e9m que um EVTEA seja conservador, para que os resultados dos leil\u00f5es realcem o sucesso da iniciativa. O que n\u00e3o \u00e9 aceit\u00e1vel \u00e9 desprezar investimentos que foram recentemente feitos e que impactam o volume e a distribui\u00e7\u00e3o temporal do capex, como \u00e9 o caso dos aeroportos de Uberl\u00e2ndia e Montes Claros. Eu j\u00e1 tive a oportunidade de ver avalia\u00e7\u00f5es do \u201cbloco Minas Gerais\u201d onde esses investimentos citados foram considerados e o resultado foi um empreendimento com VPL positivo!<\/li><li>O potencial de Congonhas para suportar todos esses aeroportos decorre de outro erro do EVTEA \u2013 considerar a demanda superior a 30 milh\u00f5es de passageiros anuais no aeroporto. N\u00c3O h\u00e1 sistema vi\u00e1rio para isso. A liga\u00e7\u00e3o norte\u2013sul (23 de maio, Washington Lu\u00eds) e a avenida dos Bandeirantes, \u00fanicos acessos, j\u00e1 est\u00e3o no limite de sua capacidade. Imagine o caos com o aumento de 50 % no movimento do aeroporto. E tem gente do Governo Federal que acha que um monotrilho entre o aeroporto e o Shopping Morumbi \u00e9 a solu\u00e7\u00e3o&#8230; A comunidade do entorno N\u00c3O vai aceitar o aumento de voos. Pior ainda quando a estrat\u00e9gia para esse aumento passa pelo fim da avia\u00e7\u00e3o geral no aeroporto, reduzindo a conectividade da cidade.<\/li><\/ol>\n\n\n\n<p>Nessas condi\u00e7\u00f5es, a quem interessa manter a s\u00e9tima rodada? Penso que al\u00e9m do Governo, apenas alguma companhia de concess\u00f5es interessada em adquirir Congonhas por um valor inferior ao que ele efetivamente vale, pois a refer\u00eancia do leil\u00e3o foi contagiada pelos erros do EVTEA e pela montagem de um bloco que desestimula os players atuais e afugenta novos entrantes.<\/p>\n\n\n\n<p>Com esse cen\u00e1rio, n\u00e3o h\u00e1 a menor necessidade da manuten\u00e7\u00e3o do leil\u00e3o com os blocos hoje dispon\u00edveis. Lembrando que os dois aeroportos maiores do Rio de Janeiro j\u00e1 tiveram seu leil\u00e3o postergado, suspenda-se a rodada com a retomada dos estudos de viabilidade. Estudos que considerem os incrementos de capacidade decorrente do que foi investido nos aeroportos a leiloar, as possibilidades das an\u00e1lises de seguran\u00e7a operacional e as restri\u00e7\u00f5es de capacidade (pr\u00f3prias do aeroporto e impostas pelo entorno).<\/p>\n\n\n\n<p>O aeroporto de Congonhas deve ser objeto de uma avalia\u00e7\u00e3o espec\u00edfica. Isso porque ele pode ter um papel diferenciado no desenvolvimento da avia\u00e7\u00e3o civil no pa\u00eds. H\u00e1 muito defendo que o Brasil n\u00e3o pode prescindir de um \u00f3rg\u00e3o p\u00fablico para gest\u00e3o de aeroportos, por dois motivos: um aeroporto gerido por uma empresa p\u00fablica pode operar como uma concession\u00e1ria espelho, auxiliando o poder concedente e a ag\u00eancia reguladora a entender melhor o impacto dos avan\u00e7os da tecnologia na gest\u00e3o do ativo, aspecto de import\u00e2ncia quando se trata de contratos com 30 anos de dura\u00e7\u00e3o. O outro motivo \u00e9 a garantia de capilaridade e cobertura espacial dos servi\u00e7os a\u00e9reos.<\/p>\n\n\n\n<p>O esfor\u00e7o que sucessivos governos t\u00eam feito para melhorar os aeroportos regionais (com significativo avan\u00e7o no atual governo) n\u00e3o pode correr o risco de se perder por uma car\u00eancia gerencial.<\/p>\n\n\n\n<p>Centenas de pequenos aeroportos hoje n\u00e3o t\u00eam como manter um equil\u00edbrio financeiro. Mas s\u00e3o de grande import\u00e2ncia para o sistema de transportes do pa\u00eds. H\u00e1 que se procurar uma alternativa para esse desafio \u2013 o pr\u00f3prio estudo do Governo Federal para viabilizar uma PPP (parceria p\u00fablico-privada) para aeroportos no Amazonas demonstra essa necessidade.<\/p>\n\n\n\n<p>Iniciativas da Infraero para assumir a gest\u00e3o em pequenos aeroportos mostram que essa \u00e9 uma alternativa a analisar \u2013 um aeroporto com grande potencial de resultados mantendo uma rede de pequenos aeroportos espalhados pelo pa\u00eds.<\/p>\n\n\n\n<p>A avia\u00e7\u00e3o civil e, consequentemente, o sistema de mobilidade nacional, s\u00f3 tem a ganhar.<\/p>\n\n\n\n<p class=\"has-small-font-size\"><strong>*Dario Rais Lopes \u00e9 ex-secret\u00e1rio nacional de Avia\u00e7\u00e3o Civil e professor da Escola de Engenharia da Universidade Mackenzie.<\/strong><\/p>\n\n\n\n<p><strong>As opini\u00f5es dos autores n\u00e3o refletem necessariamente o pensamento da Ag\u00eancia iNFRA, sendo de total responsabilidade do autor as informa\u00e7\u00f5es, ju\u00edzos de valor e conceitos descritos no texto.<\/strong><\/p>\n","protected":false},"excerpt":{"rendered":"<p>Dario Rais* O programa federal de concess\u00f5es de aeroportos \u00e9, seguramente, uma das iniciativas mais exitosas do estado brasileiro. Desde a primeira (S\u00e3o Gon\u00e7alo do Amarante, 2011) at\u00e9 a sexta rodada (2021) foram in\u00fameros os avan\u00e7os regulat\u00f3rios, de gest\u00e3o contratual, de realoca\u00e7\u00e3o dos riscos e reorganiza\u00e7\u00e3o dos ativos para leil\u00e3o. Parece que, na \u00e2nsia de [&hellip;]<\/p>\n","protected":false},"author":1,"featured_media":4873,"comment_status":"closed","ping_status":"closed","sticky":false,"template":"","format":"standard","meta":{"_monsterinsights_skip_tracking":false,"_monsterinsights_sitenote_active":false,"_monsterinsights_sitenote_note":"","_monsterinsights_sitenote_category":0,"footnotes":""},"categories":[1],"tags":[2761,1114,107,599,2684,255,49,406,362,70],"class_list":["post-9632","post","type-post","status-publish","format-standard","has-post-thumbnail","hentry","category-geral","tag-7a-rodada-de-concessoes","tag-aeroporto-de-congonhas","tag-aeroportos","tag-aviacao-civil","tag-concessoes-aeroportuarias","tag-evtea","tag-mobilidade","tag-ppps","tag-transporte-aereo","tag-transportes"],"yoast_head":"<!-- This site is optimized with the Yoast SEO Premium plugin v25.4 (Yoast SEO v26.0) - https:\/\/yoast.com\/wordpress\/plugins\/seo\/ -->\n<title>Suspendam a s\u00e9tima rodada de concess\u00f5es de aeroportos! - Ag\u00eancia iNFRA<\/title>\n<meta name=\"robots\" content=\"index, follow, max-snippet:-1, max-image-preview:large, max-video-preview:-1\" \/>\n<link rel=\"canonical\" href=\"https:\/\/agenciainfra.com\/blog\/suspendam-a-setima-rodada-de-concessoes-de-aeroportos\/\" \/>\n<meta property=\"og:locale\" content=\"pt_BR\" \/>\n<meta property=\"og:type\" content=\"article\" \/>\n<meta property=\"og:title\" content=\"Suspendam a s\u00e9tima rodada de concess\u00f5es de aeroportos!\" \/>\n<meta property=\"og:description\" content=\"Dario Rais* O programa federal de concess\u00f5es de aeroportos \u00e9, seguramente, uma das iniciativas mais exitosas do estado brasileiro. Desde a primeira (S\u00e3o Gon\u00e7alo do Amarante, 2011) at\u00e9 a sexta rodada (2021) foram in\u00fameros os avan\u00e7os regulat\u00f3rios, de gest\u00e3o contratual, de realoca\u00e7\u00e3o dos riscos e reorganiza\u00e7\u00e3o dos ativos para leil\u00e3o. Parece que, na \u00e2nsia de [&hellip;]\" \/>\n<meta property=\"og:url\" content=\"https:\/\/agenciainfra.com\/blog\/suspendam-a-setima-rodada-de-concessoes-de-aeroportos\/\" \/>\n<meta property=\"og:site_name\" content=\"Ag\u00eancia iNFRA\" \/>\n<meta property=\"article:publisher\" content=\"https:\/\/www.facebook.com\/ageninfra\" \/>\n<meta property=\"article:published_time\" content=\"2022-02-24T12:00:00+00:00\" \/>\n<meta property=\"article:modified_time\" content=\"2022-02-24T13:34:53+00:00\" \/>\n<meta property=\"og:image\" content=\"https:\/\/agenciainfra.com\/blog\/wp-content\/uploads\/2020\/05\/aviao-voo-dominio-publico.jpg\" \/>\n\t<meta property=\"og:image:width\" content=\"1200\" \/>\n\t<meta property=\"og:image:height\" content=\"800\" \/>\n\t<meta property=\"og:image:type\" content=\"image\/jpeg\" \/>\n<meta name=\"author\" content=\"Ag\u00eancia iNFRA\" \/>\n<meta name=\"twitter:card\" content=\"summary_large_image\" \/>\n<meta name=\"twitter:creator\" content=\"@agencia_infra\" \/>\n<meta name=\"twitter:site\" content=\"@agencia_infra\" \/>\n<meta name=\"twitter:label1\" content=\"Escrito por\" \/>\n\t<meta name=\"twitter:data1\" content=\"Ag\u00eancia iNFRA\" \/>\n\t<meta name=\"twitter:label2\" content=\"Est. tempo de leitura\" \/>\n\t<meta name=\"twitter:data2\" content=\"6 minutos\" \/>\n<script type=\"application\/ld+json\" class=\"yoast-schema-graph\">{\"@context\":\"https:\/\/schema.org\",\"@graph\":[{\"@type\":\"Article\",\"@id\":\"https:\/\/agenciainfra.com\/blog\/suspendam-a-setima-rodada-de-concessoes-de-aeroportos\/#article\",\"isPartOf\":{\"@id\":\"https:\/\/agenciainfra.com\/blog\/suspendam-a-setima-rodada-de-concessoes-de-aeroportos\/\"},\"author\":{\"name\":\"Ag\u00eancia iNFRA\",\"@id\":\"https:\/\/agenciainfra.com\/blog\/#\/schema\/person\/34af08dff6adea4cb22b06612ba7acfa\"},\"headline\":\"Suspendam a s\u00e9tima rodada de concess\u00f5es de aeroportos!\",\"datePublished\":\"2022-02-24T12:00:00+00:00\",\"dateModified\":\"2022-02-24T13:34:53+00:00\",\"mainEntityOfPage\":{\"@id\":\"https:\/\/agenciainfra.com\/blog\/suspendam-a-setima-rodada-de-concessoes-de-aeroportos\/\"},\"wordCount\":1117,\"publisher\":{\"@id\":\"https:\/\/agenciainfra.com\/blog\/#organization\"},\"image\":{\"@id\":\"https:\/\/agenciainfra.com\/blog\/suspendam-a-setima-rodada-de-concessoes-de-aeroportos\/#primaryimage\"},\"thumbnailUrl\":\"https:\/\/agenciainfra.com\/blog\/wp-content\/uploads\/2020\/05\/aviao-voo-dominio-publico.jpg\",\"keywords\":[\"7\u00aa Rodada de Concess\u00f5es\",\"Aeroporto de Congonhas\",\"aeroportos\",\"avia\u00e7\u00e3o civil\",\"concess\u00f5es aeroportu\u00e1rias\",\"EVTEA\",\"mobilidade\",\"PPPs\",\"transporte a\u00e9reo\",\"transportes\"],\"articleSection\":[\"Geral\"],\"inLanguage\":\"pt-BR\",\"copyrightYear\":\"2022\",\"copyrightHolder\":{\"@id\":\"https:\/\/agenciainfra.com\/blog\/#organization\"}},{\"@type\":\"WebPage\",\"@id\":\"https:\/\/agenciainfra.com\/blog\/suspendam-a-setima-rodada-de-concessoes-de-aeroportos\/\",\"url\":\"https:\/\/agenciainfra.com\/blog\/suspendam-a-setima-rodada-de-concessoes-de-aeroportos\/\",\"name\":\"Suspendam a s\u00e9tima rodada de concess\u00f5es de aeroportos! - Ag\u00eancia iNFRA\",\"isPartOf\":{\"@id\":\"https:\/\/agenciainfra.com\/blog\/#website\"},\"primaryImageOfPage\":{\"@id\":\"https:\/\/agenciainfra.com\/blog\/suspendam-a-setima-rodada-de-concessoes-de-aeroportos\/#primaryimage\"},\"image\":{\"@id\":\"https:\/\/agenciainfra.com\/blog\/suspendam-a-setima-rodada-de-concessoes-de-aeroportos\/#primaryimage\"},\"thumbnailUrl\":\"https:\/\/agenciainfra.com\/blog\/wp-content\/uploads\/2020\/05\/aviao-voo-dominio-publico.jpg\",\"datePublished\":\"2022-02-24T12:00:00+00:00\",\"dateModified\":\"2022-02-24T13:34:53+00:00\",\"breadcrumb\":{\"@id\":\"https:\/\/agenciainfra.com\/blog\/suspendam-a-setima-rodada-de-concessoes-de-aeroportos\/#breadcrumb\"},\"inLanguage\":\"pt-BR\",\"potentialAction\":[{\"@type\":\"ReadAction\",\"target\":[\"https:\/\/agenciainfra.com\/blog\/suspendam-a-setima-rodada-de-concessoes-de-aeroportos\/\"]}]},{\"@type\":\"ImageObject\",\"inLanguage\":\"pt-BR\",\"@id\":\"https:\/\/agenciainfra.com\/blog\/suspendam-a-setima-rodada-de-concessoes-de-aeroportos\/#primaryimage\",\"url\":\"https:\/\/agenciainfra.com\/blog\/wp-content\/uploads\/2020\/05\/aviao-voo-dominio-publico.jpg\",\"contentUrl\":\"https:\/\/agenciainfra.com\/blog\/wp-content\/uploads\/2020\/05\/aviao-voo-dominio-publico.jpg\",\"width\":1200,\"height\":800,\"caption\":\"Foto: Dom\u00ednio p\u00fablico\"},{\"@type\":\"BreadcrumbList\",\"@id\":\"https:\/\/agenciainfra.com\/blog\/suspendam-a-setima-rodada-de-concessoes-de-aeroportos\/#breadcrumb\",\"itemListElement\":[{\"@type\":\"ListItem\",\"position\":1,\"name\":\"In\u00edcio\",\"item\":\"https:\/\/agenciainfra.com\/blog\/\"},{\"@type\":\"ListItem\",\"position\":2,\"name\":\"Suspendam a s\u00e9tima rodada de concess\u00f5es de aeroportos!\"}]},{\"@type\":\"WebSite\",\"@id\":\"https:\/\/agenciainfra.com\/blog\/#website\",\"url\":\"https:\/\/agenciainfra.com\/blog\/\",\"name\":\"Ag\u00eancia iNFRA\",\"description\":\"Multiplataforma de informa\u00e7\u00e3o jornal\u00edstica refer\u00eancia na \u00e1rea de infraestrutura no Brasil!\",\"publisher\":{\"@id\":\"https:\/\/agenciainfra.com\/blog\/#organization\"},\"potentialAction\":[{\"@type\":\"SearchAction\",\"target\":{\"@type\":\"EntryPoint\",\"urlTemplate\":\"https:\/\/agenciainfra.com\/blog\/?s={search_term_string}\"},\"query-input\":{\"@type\":\"PropertyValueSpecification\",\"valueRequired\":true,\"valueName\":\"search_term_string\"}}],\"inLanguage\":\"pt-BR\"},{\"@type\":\"Organization\",\"@id\":\"https:\/\/agenciainfra.com\/blog\/#organization\",\"name\":\"Ag\u00eancia iNFRA\",\"url\":\"https:\/\/agenciainfra.com\/blog\/\",\"logo\":{\"@type\":\"ImageObject\",\"inLanguage\":\"pt-BR\",\"@id\":\"https:\/\/agenciainfra.com\/blog\/#\/schema\/logo\/image\/\",\"url\":\"https:\/\/agenciainfra.com\/blog\/wp-content\/uploads\/2023\/09\/iNFRA_5-e1761735885940.png\",\"contentUrl\":\"https:\/\/agenciainfra.com\/blog\/wp-content\/uploads\/2023\/09\/iNFRA_5-e1761735885940.png\",\"width\":1672,\"height\":454,\"caption\":\"Ag\u00eancia iNFRA\"},\"image\":{\"@id\":\"https:\/\/agenciainfra.com\/blog\/#\/schema\/logo\/image\/\"},\"sameAs\":[\"https:\/\/www.facebook.com\/ageninfra\",\"https:\/\/x.com\/agencia_infra\",\"https:\/\/www.linkedin.com\/company\/ag\u00eanciainfra\/\",\"https:\/\/www.instagram.com\/agenciainfra\/\"]},{\"@type\":\"Person\",\"@id\":\"https:\/\/agenciainfra.com\/blog\/#\/schema\/person\/34af08dff6adea4cb22b06612ba7acfa\",\"name\":\"Ag\u00eancia iNFRA\",\"image\":{\"@type\":\"ImageObject\",\"inLanguage\":\"pt-BR\",\"@id\":\"https:\/\/agenciainfra.com\/blog\/#\/schema\/person\/image\/\",\"url\":\"https:\/\/secure.gravatar.com\/avatar\/d189e01678f06d8eb84d4e01f08eb848b3fffe3f8443818d3c356c66892f5be8?s=96&d=mm&r=g\",\"contentUrl\":\"https:\/\/secure.gravatar.com\/avatar\/d189e01678f06d8eb84d4e01f08eb848b3fffe3f8443818d3c356c66892f5be8?s=96&d=mm&r=g\",\"caption\":\"Ag\u00eancia iNFRA\"},\"url\":\"https:\/\/agenciainfra.com\/blog\/author\/admin\/\"}]}<\/script>\n<!-- \/ Yoast SEO Premium plugin. -->","yoast_head_json":{"title":"Suspendam a s\u00e9tima rodada de concess\u00f5es de aeroportos! - Ag\u00eancia iNFRA","robots":{"index":"index","follow":"follow","max-snippet":"max-snippet:-1","max-image-preview":"max-image-preview:large","max-video-preview":"max-video-preview:-1"},"canonical":"https:\/\/agenciainfra.com\/blog\/suspendam-a-setima-rodada-de-concessoes-de-aeroportos\/","og_locale":"pt_BR","og_type":"article","og_title":"Suspendam a s\u00e9tima rodada de concess\u00f5es de aeroportos!","og_description":"Dario Rais* O programa federal de concess\u00f5es de aeroportos \u00e9, seguramente, uma das iniciativas mais exitosas do estado brasileiro. Desde a primeira (S\u00e3o Gon\u00e7alo do Amarante, 2011) at\u00e9 a sexta rodada (2021) foram in\u00fameros os avan\u00e7os regulat\u00f3rios, de gest\u00e3o contratual, de realoca\u00e7\u00e3o dos riscos e reorganiza\u00e7\u00e3o dos ativos para leil\u00e3o. Parece que, na \u00e2nsia de [&hellip;]","og_url":"https:\/\/agenciainfra.com\/blog\/suspendam-a-setima-rodada-de-concessoes-de-aeroportos\/","og_site_name":"Ag\u00eancia iNFRA","article_publisher":"https:\/\/www.facebook.com\/ageninfra","article_published_time":"2022-02-24T12:00:00+00:00","article_modified_time":"2022-02-24T13:34:53+00:00","og_image":[{"width":1200,"height":800,"url":"https:\/\/agenciainfra.com\/blog\/wp-content\/uploads\/2020\/05\/aviao-voo-dominio-publico.jpg","type":"image\/jpeg"}],"author":"Ag\u00eancia iNFRA","twitter_card":"summary_large_image","twitter_creator":"@agencia_infra","twitter_site":"@agencia_infra","twitter_misc":{"Escrito por":"Ag\u00eancia iNFRA","Est. tempo de leitura":"6 minutos"},"schema":{"@context":"https:\/\/schema.org","@graph":[{"@type":"Article","@id":"https:\/\/agenciainfra.com\/blog\/suspendam-a-setima-rodada-de-concessoes-de-aeroportos\/#article","isPartOf":{"@id":"https:\/\/agenciainfra.com\/blog\/suspendam-a-setima-rodada-de-concessoes-de-aeroportos\/"},"author":{"name":"Ag\u00eancia iNFRA","@id":"https:\/\/agenciainfra.com\/blog\/#\/schema\/person\/34af08dff6adea4cb22b06612ba7acfa"},"headline":"Suspendam a s\u00e9tima rodada de concess\u00f5es de aeroportos!","datePublished":"2022-02-24T12:00:00+00:00","dateModified":"2022-02-24T13:34:53+00:00","mainEntityOfPage":{"@id":"https:\/\/agenciainfra.com\/blog\/suspendam-a-setima-rodada-de-concessoes-de-aeroportos\/"},"wordCount":1117,"publisher":{"@id":"https:\/\/agenciainfra.com\/blog\/#organization"},"image":{"@id":"https:\/\/agenciainfra.com\/blog\/suspendam-a-setima-rodada-de-concessoes-de-aeroportos\/#primaryimage"},"thumbnailUrl":"https:\/\/agenciainfra.com\/blog\/wp-content\/uploads\/2020\/05\/aviao-voo-dominio-publico.jpg","keywords":["7\u00aa Rodada de Concess\u00f5es","Aeroporto de Congonhas","aeroportos","avia\u00e7\u00e3o civil","concess\u00f5es aeroportu\u00e1rias","EVTEA","mobilidade","PPPs","transporte a\u00e9reo","transportes"],"articleSection":["Geral"],"inLanguage":"pt-BR","copyrightYear":"2022","copyrightHolder":{"@id":"https:\/\/agenciainfra.com\/blog\/#organization"}},{"@type":"WebPage","@id":"https:\/\/agenciainfra.com\/blog\/suspendam-a-setima-rodada-de-concessoes-de-aeroportos\/","url":"https:\/\/agenciainfra.com\/blog\/suspendam-a-setima-rodada-de-concessoes-de-aeroportos\/","name":"Suspendam a s\u00e9tima rodada de concess\u00f5es de aeroportos! - Ag\u00eancia iNFRA","isPartOf":{"@id":"https:\/\/agenciainfra.com\/blog\/#website"},"primaryImageOfPage":{"@id":"https:\/\/agenciainfra.com\/blog\/suspendam-a-setima-rodada-de-concessoes-de-aeroportos\/#primaryimage"},"image":{"@id":"https:\/\/agenciainfra.com\/blog\/suspendam-a-setima-rodada-de-concessoes-de-aeroportos\/#primaryimage"},"thumbnailUrl":"https:\/\/agenciainfra.com\/blog\/wp-content\/uploads\/2020\/05\/aviao-voo-dominio-publico.jpg","datePublished":"2022-02-24T12:00:00+00:00","dateModified":"2022-02-24T13:34:53+00:00","breadcrumb":{"@id":"https:\/\/agenciainfra.com\/blog\/suspendam-a-setima-rodada-de-concessoes-de-aeroportos\/#breadcrumb"},"inLanguage":"pt-BR","potentialAction":[{"@type":"ReadAction","target":["https:\/\/agenciainfra.com\/blog\/suspendam-a-setima-rodada-de-concessoes-de-aeroportos\/"]}]},{"@type":"ImageObject","inLanguage":"pt-BR","@id":"https:\/\/agenciainfra.com\/blog\/suspendam-a-setima-rodada-de-concessoes-de-aeroportos\/#primaryimage","url":"https:\/\/agenciainfra.com\/blog\/wp-content\/uploads\/2020\/05\/aviao-voo-dominio-publico.jpg","contentUrl":"https:\/\/agenciainfra.com\/blog\/wp-content\/uploads\/2020\/05\/aviao-voo-dominio-publico.jpg","width":1200,"height":800,"caption":"Foto: Dom\u00ednio p\u00fablico"},{"@type":"BreadcrumbList","@id":"https:\/\/agenciainfra.com\/blog\/suspendam-a-setima-rodada-de-concessoes-de-aeroportos\/#breadcrumb","itemListElement":[{"@type":"ListItem","position":1,"name":"In\u00edcio","item":"https:\/\/agenciainfra.com\/blog\/"},{"@type":"ListItem","position":2,"name":"Suspendam a s\u00e9tima rodada de concess\u00f5es de aeroportos!"}]},{"@type":"WebSite","@id":"https:\/\/agenciainfra.com\/blog\/#website","url":"https:\/\/agenciainfra.com\/blog\/","name":"Ag\u00eancia iNFRA","description":"Multiplataforma de informa\u00e7\u00e3o jornal\u00edstica refer\u00eancia na \u00e1rea de infraestrutura no Brasil!","publisher":{"@id":"https:\/\/agenciainfra.com\/blog\/#organization"},"potentialAction":[{"@type":"SearchAction","target":{"@type":"EntryPoint","urlTemplate":"https:\/\/agenciainfra.com\/blog\/?s={search_term_string}"},"query-input":{"@type":"PropertyValueSpecification","valueRequired":true,"valueName":"search_term_string"}}],"inLanguage":"pt-BR"},{"@type":"Organization","@id":"https:\/\/agenciainfra.com\/blog\/#organization","name":"Ag\u00eancia iNFRA","url":"https:\/\/agenciainfra.com\/blog\/","logo":{"@type":"ImageObject","inLanguage":"pt-BR","@id":"https:\/\/agenciainfra.com\/blog\/#\/schema\/logo\/image\/","url":"https:\/\/agenciainfra.com\/blog\/wp-content\/uploads\/2023\/09\/iNFRA_5-e1761735885940.png","contentUrl":"https:\/\/agenciainfra.com\/blog\/wp-content\/uploads\/2023\/09\/iNFRA_5-e1761735885940.png","width":1672,"height":454,"caption":"Ag\u00eancia iNFRA"},"image":{"@id":"https:\/\/agenciainfra.com\/blog\/#\/schema\/logo\/image\/"},"sameAs":["https:\/\/www.facebook.com\/ageninfra","https:\/\/x.com\/agencia_infra","https:\/\/www.linkedin.com\/company\/ag\u00eanciainfra\/","https:\/\/www.instagram.com\/agenciainfra\/"]},{"@type":"Person","@id":"https:\/\/agenciainfra.com\/blog\/#\/schema\/person\/34af08dff6adea4cb22b06612ba7acfa","name":"Ag\u00eancia iNFRA","image":{"@type":"ImageObject","inLanguage":"pt-BR","@id":"https:\/\/agenciainfra.com\/blog\/#\/schema\/person\/image\/","url":"https:\/\/secure.gravatar.com\/avatar\/d189e01678f06d8eb84d4e01f08eb848b3fffe3f8443818d3c356c66892f5be8?s=96&d=mm&r=g","contentUrl":"https:\/\/secure.gravatar.com\/avatar\/d189e01678f06d8eb84d4e01f08eb848b3fffe3f8443818d3c356c66892f5be8?s=96&d=mm&r=g","caption":"Ag\u00eancia iNFRA"},"url":"https:\/\/agenciainfra.com\/blog\/author\/admin\/"}]}},"_links":{"self":[{"href":"https:\/\/agenciainfra.com\/blog\/wp-json\/wp\/v2\/posts\/9632","targetHints":{"allow":["GET"]}}],"collection":[{"href":"https:\/\/agenciainfra.com\/blog\/wp-json\/wp\/v2\/posts"}],"about":[{"href":"https:\/\/agenciainfra.com\/blog\/wp-json\/wp\/v2\/types\/post"}],"author":[{"embeddable":true,"href":"https:\/\/agenciainfra.com\/blog\/wp-json\/wp\/v2\/users\/1"}],"replies":[{"embeddable":true,"href":"https:\/\/agenciainfra.com\/blog\/wp-json\/wp\/v2\/comments?post=9632"}],"version-history":[{"count":0,"href":"https:\/\/agenciainfra.com\/blog\/wp-json\/wp\/v2\/posts\/9632\/revisions"}],"wp:featuredmedia":[{"embeddable":true,"href":"https:\/\/agenciainfra.com\/blog\/wp-json\/wp\/v2\/media\/4873"}],"wp:attachment":[{"href":"https:\/\/agenciainfra.com\/blog\/wp-json\/wp\/v2\/media?parent=9632"}],"wp:term":[{"taxonomy":"category","embeddable":true,"href":"https:\/\/agenciainfra.com\/blog\/wp-json\/wp\/v2\/categories?post=9632"},{"taxonomy":"post_tag","embeddable":true,"href":"https:\/\/agenciainfra.com\/blog\/wp-json\/wp\/v2\/tags?post=9632"}],"curies":[{"name":"wp","href":"https:\/\/api.w.org\/{rel}","templated":true}]}}