{"id":9635,"date":"2022-02-25T10:00:00","date_gmt":"2022-02-25T13:00:00","guid":{"rendered":"https:\/\/www.agenciainfra.com\/blog\/?p=9635"},"modified":"2022-02-24T10:40:52","modified_gmt":"2022-02-24T13:40:52","slug":"infradebate-o-papel-da-chuva-e-chover","status":"publish","type":"post","link":"https:\/\/agenciainfra.com\/blog\/infradebate-o-papel-da-chuva-e-chover\/","title":{"rendered":"iNFRADebate: O papel da chuva \u00e9 chover!"},"content":{"rendered":"\n<p class=\"has-text-align-right\"><strong>Jos\u00e9 Augusto Valente*<\/strong><\/p>\n\n\n\n<p>Entra ano, sai ano, cidades sofrem grandes inunda\u00e7\u00f5es e, em algumas, pedras e argila dos morros deslizam, destruindo total ou parcialmente as vidas de milhares de cidad\u00e3os, cidad\u00e3s e animais ditos irracionais.&nbsp;<\/p>\n\n\n\n<p>Chamam isso de desastres naturais. E sabem quem \u00e9 apontada como respons\u00e1vel por essas imagens do inferno? Acreditem, a chuva!!!<\/p>\n\n\n\n<p>Como qualquer crian\u00e7a sabe, o papel da chuva \u00e9 chover, com maior ou menor intensidade e volume d\u2019\u00e1gua, mas seu papel \u00e9 chover. E esse papel \u00e9 importante para garantir a manuten\u00e7\u00e3o da vida animal e a produ\u00e7\u00e3o de alimentos e flores, entre muitas outras coisas boas.<\/p>\n\n\n\n<p>Mas a chuva n\u00e3o tem culpa se governos \u2013 municipais, estaduais ou nacional \u2013 criam ou permitem situa\u00e7\u00f5es que impedem que as \u00e1guas da chuva possam se infiltrar nos solos \u2013 arenosos em maior ou menor grau \u2013, percolando dignamente para formar os len\u00e7\u00f3is fre\u00e1ticos, fundamentais para a vida dos animais e vegetais deste planeta.<\/p>\n\n\n\n<p>A chuva tamb\u00e9m n\u00e3o tem culpa se governantes criam ou permitem situa\u00e7\u00f5es que impedem que as \u00e1guas das chuvas possam abra\u00e7ar e beijar longa e demoradamente as \u00e1rvores, matas, flores e macegas \u2013 j\u00f3ias raras nas cidades \u2013, e com isso impedir que seus elevados volumes de \u00e1gua se desloquem na velocidade da luz, ladeira abaixo.<\/p>\n\n\n\n<p>A chuva, menos ainda, tem culpa se governantes criam ou permitem situa\u00e7\u00f5es que estimulem que elevados volumes das suas \u00e1guas, ao cair nas ruas, telhados e outras superf\u00edcies imperme\u00e1veis, se desloquem com muita rapidez para rios e canais, que n\u00e3o t\u00eam capacidade para levar esses pequenos oceanos ambulantes at\u00e9 lagos ou oceanos, na mesma velocidade com que os recebem.<\/p>\n\n\n\n<p>Finalmente, mas n\u00e3o menos importante, que culpa tem a chuva, se os governantes criam ou permitem situa\u00e7\u00f5es que facilitam o represamento de suas \u00e1guas nos maci\u00e7os terrosos, provocando forte press\u00e3o de dentro pra fora, que vai gerar os enormes deslizamentos de terra e pedra?<\/p>\n\n\n\n<p>Digo e repito, o papel da chuva n\u00e3o \u00e9 governar, mas chover. J\u00e1 o papel dos governantes n\u00e3o \u00e9 chover, mas governar, fazendo umas poucas coisas, para garantir a seguran\u00e7a e qualidade de vida dos cidad\u00e3os e cidad\u00e3s:<\/p>\n\n\n\n<ul class=\"wp-block-list\"><li>A concentra\u00e7\u00e3o de pavimentos e telhados precisa ser evitada e reprimida, por mais impopular que esta medida seja. A \u00e1gua da chuva \u00e9 chegada a se infiltrar e se dirigir aos len\u00e7\u00f3is fre\u00e1ticos. Para isso, precisa da ajuda dos governantes, que devem evitar a constante impermeabiliza\u00e7\u00e3o que ocorre em grande escala nas cidades.&nbsp;<\/li><li>J\u00e1 o excesso de \u00e1rvores, matas e macegas \u00e9 totalmente desej\u00e1vel, de prefer\u00eancia junto \u00e0s ruas e resid\u00eancias. Afinal, a chuva n\u00e3o tem a m\u00ednima pressa de chegar aos rios, lagos e oceanos.<\/li><li>Embora n\u00e3o d\u00ea um voto, nas elei\u00e7\u00f5es, \u00e9 vital a constru\u00e7\u00e3o de valas e valetas, bem como a coloca\u00e7\u00e3o de tubos, que impe\u00e7am que as \u00e1guas encharquem os maci\u00e7os de terra e pedra \u2013 especialmente os col\u00favios \u2013, mantendo-os est\u00e1veis.<\/li><\/ul>\n\n\n\n<p>O quadro ideal, nas cidades, \u00e9 aquele em que a chuva chove, e suas \u00e1guas se dirigem o mais lentamente poss\u00edvel para dentro do solo, parte indo para os len\u00e7\u00f3is fre\u00e1ticos e parte sendo retirada dos maci\u00e7os encharcados, t\u00e3o logo pare de chover. A \u00e1gua que n\u00e3o se infiltra corre o mais languidamente poss\u00edvel, abra\u00e7ando \u00e1rvores, matas, flores e macegas, at\u00e9 os rios e canais que a levar\u00e1 at\u00e9 o ponto final da viagem.&nbsp;<\/p>\n\n\n\n<p>Simples assim&#8230;&nbsp;<\/p>\n\n\n\n<h6 class=\"wp-block-heading\">*Jos\u00e9 Augusto Valente foi secret\u00e1rio de obras em Angra dos Reis, em 1991\/92, tendo coordenado, neste per\u00edodo, grande parte do que aqui est\u00e1 proposto, acabando com os problemas de deslizamento nos morros do centro da Cidade.<\/h6>\n\n\n\n<h5 class=\"wp-block-heading\" id=\"block-d67878ff-7627-4f15-b175-8f58269174ff\">O iNFRADebate \u00e9 o espa\u00e7o de artigos da Ag\u00eancia iNFRA com opini\u00f5es de seus atores que n\u00e3o refletem necessariamente o pensamento da Ag\u00eancia iNFRA, sendo de total responsabilidade do autor as informa\u00e7\u00f5es, ju\u00edzos de valor e conceitos descritos no texto.<\/h5>\n","protected":false},"excerpt":{"rendered":"<p>Jos\u00e9 Augusto Valente* Entra ano, sai ano, cidades sofrem grandes inunda\u00e7\u00f5es e, em algumas, pedras e argila dos morros deslizam, destruindo total ou parcialmente as vidas de milhares de cidad\u00e3os, cidad\u00e3s e animais ditos irracionais.&nbsp; Chamam isso de desastres naturais. E sabem quem \u00e9 apontada como respons\u00e1vel por essas imagens do inferno? Acreditem, a chuva!!! [&hellip;]<\/p>\n","protected":false},"author":1,"featured_media":9636,"comment_status":"closed","ping_status":"closed","sticky":false,"template":"","format":"standard","meta":{"_monsterinsights_skip_tracking":false,"_monsterinsights_sitenote_active":false,"_monsterinsights_sitenote_note":"","_monsterinsights_sitenote_category":0,"footnotes":""},"categories":[1,11],"tags":[742,5272,3412,5270,5273,5023,4440,34,777],"class_list":["post-9635","post","type-post","status-publish","format-standard","has-post-thumbnail","hentry","category-geral","category-infradebate","tag-chuvas","tag-cidades","tag-conflitos-urbanos","tag-desastres-naturais","tag-gestao-urbana","tag-governanca-ambiental","tag-impactos-ambientais","tag-infraestrutura","tag-regime-de-chuvas"],"yoast_head":"<!-- This site is optimized with the Yoast SEO Premium plugin v25.4 (Yoast SEO v26.0) - https:\/\/yoast.com\/wordpress\/plugins\/seo\/ -->\n<title>iNFRADebate: O papel da chuva \u00e9 chover! - Ag\u00eancia iNFRA<\/title>\n<meta name=\"robots\" content=\"index, follow, max-snippet:-1, max-image-preview:large, max-video-preview:-1\" \/>\n<link rel=\"canonical\" href=\"https:\/\/agenciainfra.com\/blog\/infradebate-o-papel-da-chuva-e-chover\/\" \/>\n<meta property=\"og:locale\" content=\"pt_BR\" \/>\n<meta property=\"og:type\" content=\"article\" \/>\n<meta property=\"og:title\" content=\"iNFRADebate: O papel da chuva \u00e9 chover!\" \/>\n<meta property=\"og:description\" content=\"Jos\u00e9 Augusto Valente* Entra ano, sai ano, cidades sofrem grandes inunda\u00e7\u00f5es e, em algumas, pedras e argila dos morros deslizam, destruindo total ou parcialmente as vidas de milhares de cidad\u00e3os, cidad\u00e3s e animais ditos irracionais.&nbsp; Chamam isso de desastres naturais. E sabem quem \u00e9 apontada como respons\u00e1vel por essas imagens do inferno? Acreditem, a chuva!!! [&hellip;]\" \/>\n<meta property=\"og:url\" content=\"https:\/\/agenciainfra.com\/blog\/infradebate-o-papel-da-chuva-e-chover\/\" \/>\n<meta property=\"og:site_name\" content=\"Ag\u00eancia iNFRA\" \/>\n<meta property=\"article:publisher\" content=\"https:\/\/www.facebook.com\/ageninfra\" \/>\n<meta property=\"article:published_time\" content=\"2022-02-25T13:00:00+00:00\" \/>\n<meta property=\"og:image\" content=\"https:\/\/agenciainfra.com\/blog\/wp-content\/uploads\/2022\/02\/chuvas-petropolis-foto-tania-rego-agencia-brasil.jpeg\" \/>\n\t<meta property=\"og:image:width\" content=\"1280\" \/>\n\t<meta property=\"og:image:height\" content=\"853\" \/>\n\t<meta property=\"og:image:type\" content=\"image\/jpeg\" \/>\n<meta name=\"author\" content=\"Ag\u00eancia iNFRA\" \/>\n<meta name=\"twitter:card\" content=\"summary_large_image\" \/>\n<meta name=\"twitter:creator\" content=\"@agencia_infra\" \/>\n<meta name=\"twitter:site\" content=\"@agencia_infra\" \/>\n<meta name=\"twitter:label1\" content=\"Escrito por\" \/>\n\t<meta name=\"twitter:data1\" content=\"Ag\u00eancia iNFRA\" \/>\n\t<meta name=\"twitter:label2\" content=\"Est. tempo de leitura\" \/>\n\t<meta name=\"twitter:data2\" content=\"3 minutos\" \/>\n<script type=\"application\/ld+json\" class=\"yoast-schema-graph\">{\"@context\":\"https:\/\/schema.org\",\"@graph\":[{\"@type\":\"Article\",\"@id\":\"https:\/\/agenciainfra.com\/blog\/infradebate-o-papel-da-chuva-e-chover\/#article\",\"isPartOf\":{\"@id\":\"https:\/\/agenciainfra.com\/blog\/infradebate-o-papel-da-chuva-e-chover\/\"},\"author\":{\"name\":\"Ag\u00eancia iNFRA\",\"@id\":\"https:\/\/agenciainfra.com\/blog\/#\/schema\/person\/34af08dff6adea4cb22b06612ba7acfa\"},\"headline\":\"iNFRADebate: O papel da chuva \u00e9 chover!\",\"datePublished\":\"2022-02-25T13:00:00+00:00\",\"mainEntityOfPage\":{\"@id\":\"https:\/\/agenciainfra.com\/blog\/infradebate-o-papel-da-chuva-e-chover\/\"},\"wordCount\":687,\"publisher\":{\"@id\":\"https:\/\/agenciainfra.com\/blog\/#organization\"},\"image\":{\"@id\":\"https:\/\/agenciainfra.com\/blog\/infradebate-o-papel-da-chuva-e-chover\/#primaryimage\"},\"thumbnailUrl\":\"https:\/\/agenciainfra.com\/blog\/wp-content\/uploads\/2022\/02\/chuvas-petropolis-foto-tania-rego-agencia-brasil.jpeg\",\"keywords\":[\"chuvas\",\"cidades\",\"conflitos urbanos\",\"desastres naturais\",\"gest\u00e3o urbana\",\"governan\u00e7a ambiental\",\"impactos ambientais\",\"Infraestrutura\",\"regime de chuvas\"],\"articleSection\":[\"Geral\",\"iNFRADebate\"],\"inLanguage\":\"pt-BR\",\"copyrightYear\":\"2022\",\"copyrightHolder\":{\"@id\":\"https:\/\/agenciainfra.com\/blog\/#organization\"}},{\"@type\":\"WebPage\",\"@id\":\"https:\/\/agenciainfra.com\/blog\/infradebate-o-papel-da-chuva-e-chover\/\",\"url\":\"https:\/\/agenciainfra.com\/blog\/infradebate-o-papel-da-chuva-e-chover\/\",\"name\":\"iNFRADebate: O papel da chuva \u00e9 chover! - Ag\u00eancia iNFRA\",\"isPartOf\":{\"@id\":\"https:\/\/agenciainfra.com\/blog\/#website\"},\"primaryImageOfPage\":{\"@id\":\"https:\/\/agenciainfra.com\/blog\/infradebate-o-papel-da-chuva-e-chover\/#primaryimage\"},\"image\":{\"@id\":\"https:\/\/agenciainfra.com\/blog\/infradebate-o-papel-da-chuva-e-chover\/#primaryimage\"},\"thumbnailUrl\":\"https:\/\/agenciainfra.com\/blog\/wp-content\/uploads\/2022\/02\/chuvas-petropolis-foto-tania-rego-agencia-brasil.jpeg\",\"datePublished\":\"2022-02-25T13:00:00+00:00\",\"breadcrumb\":{\"@id\":\"https:\/\/agenciainfra.com\/blog\/infradebate-o-papel-da-chuva-e-chover\/#breadcrumb\"},\"inLanguage\":\"pt-BR\",\"potentialAction\":[{\"@type\":\"ReadAction\",\"target\":[\"https:\/\/agenciainfra.com\/blog\/infradebate-o-papel-da-chuva-e-chover\/\"]}]},{\"@type\":\"ImageObject\",\"inLanguage\":\"pt-BR\",\"@id\":\"https:\/\/agenciainfra.com\/blog\/infradebate-o-papel-da-chuva-e-chover\/#primaryimage\",\"url\":\"https:\/\/agenciainfra.com\/blog\/wp-content\/uploads\/2022\/02\/chuvas-petropolis-foto-tania-rego-agencia-brasil.jpeg\",\"contentUrl\":\"https:\/\/agenciainfra.com\/blog\/wp-content\/uploads\/2022\/02\/chuvas-petropolis-foto-tania-rego-agencia-brasil.jpeg\",\"width\":1280,\"height\":853,\"caption\":\"Foto: Tania Rego\/Ag\u00eancia Brasil\"},{\"@type\":\"BreadcrumbList\",\"@id\":\"https:\/\/agenciainfra.com\/blog\/infradebate-o-papel-da-chuva-e-chover\/#breadcrumb\",\"itemListElement\":[{\"@type\":\"ListItem\",\"position\":1,\"name\":\"In\u00edcio\",\"item\":\"https:\/\/agenciainfra.com\/blog\/\"},{\"@type\":\"ListItem\",\"position\":2,\"name\":\"iNFRADebate: O papel da chuva \u00e9 chover!\"}]},{\"@type\":\"WebSite\",\"@id\":\"https:\/\/agenciainfra.com\/blog\/#website\",\"url\":\"https:\/\/agenciainfra.com\/blog\/\",\"name\":\"Ag\u00eancia iNFRA\",\"description\":\"Multiplataforma de informa\u00e7\u00e3o jornal\u00edstica refer\u00eancia na \u00e1rea de infraestrutura no Brasil!\",\"publisher\":{\"@id\":\"https:\/\/agenciainfra.com\/blog\/#organization\"},\"potentialAction\":[{\"@type\":\"SearchAction\",\"target\":{\"@type\":\"EntryPoint\",\"urlTemplate\":\"https:\/\/agenciainfra.com\/blog\/?s={search_term_string}\"},\"query-input\":{\"@type\":\"PropertyValueSpecification\",\"valueRequired\":true,\"valueName\":\"search_term_string\"}}],\"inLanguage\":\"pt-BR\"},{\"@type\":\"Organization\",\"@id\":\"https:\/\/agenciainfra.com\/blog\/#organization\",\"name\":\"Ag\u00eancia iNFRA\",\"url\":\"https:\/\/agenciainfra.com\/blog\/\",\"logo\":{\"@type\":\"ImageObject\",\"inLanguage\":\"pt-BR\",\"@id\":\"https:\/\/agenciainfra.com\/blog\/#\/schema\/logo\/image\/\",\"url\":\"https:\/\/agenciainfra.com\/blog\/wp-content\/uploads\/2023\/09\/iNFRA_5-e1761735885940.png\",\"contentUrl\":\"https:\/\/agenciainfra.com\/blog\/wp-content\/uploads\/2023\/09\/iNFRA_5-e1761735885940.png\",\"width\":1672,\"height\":454,\"caption\":\"Ag\u00eancia iNFRA\"},\"image\":{\"@id\":\"https:\/\/agenciainfra.com\/blog\/#\/schema\/logo\/image\/\"},\"sameAs\":[\"https:\/\/www.facebook.com\/ageninfra\",\"https:\/\/x.com\/agencia_infra\",\"https:\/\/www.linkedin.com\/company\/ag\u00eanciainfra\/\",\"https:\/\/www.instagram.com\/agenciainfra\/\"]},{\"@type\":\"Person\",\"@id\":\"https:\/\/agenciainfra.com\/blog\/#\/schema\/person\/34af08dff6adea4cb22b06612ba7acfa\",\"name\":\"Ag\u00eancia iNFRA\",\"image\":{\"@type\":\"ImageObject\",\"inLanguage\":\"pt-BR\",\"@id\":\"https:\/\/agenciainfra.com\/blog\/#\/schema\/person\/image\/\",\"url\":\"https:\/\/secure.gravatar.com\/avatar\/d189e01678f06d8eb84d4e01f08eb848b3fffe3f8443818d3c356c66892f5be8?s=96&d=mm&r=g\",\"contentUrl\":\"https:\/\/secure.gravatar.com\/avatar\/d189e01678f06d8eb84d4e01f08eb848b3fffe3f8443818d3c356c66892f5be8?s=96&d=mm&r=g\",\"caption\":\"Ag\u00eancia iNFRA\"},\"url\":\"https:\/\/agenciainfra.com\/blog\/author\/admin\/\"}]}<\/script>\n<!-- \/ Yoast SEO Premium plugin. -->","yoast_head_json":{"title":"iNFRADebate: O papel da chuva \u00e9 chover! - Ag\u00eancia iNFRA","robots":{"index":"index","follow":"follow","max-snippet":"max-snippet:-1","max-image-preview":"max-image-preview:large","max-video-preview":"max-video-preview:-1"},"canonical":"https:\/\/agenciainfra.com\/blog\/infradebate-o-papel-da-chuva-e-chover\/","og_locale":"pt_BR","og_type":"article","og_title":"iNFRADebate: O papel da chuva \u00e9 chover!","og_description":"Jos\u00e9 Augusto Valente* Entra ano, sai ano, cidades sofrem grandes inunda\u00e7\u00f5es e, em algumas, pedras e argila dos morros deslizam, destruindo total ou parcialmente as vidas de milhares de cidad\u00e3os, cidad\u00e3s e animais ditos irracionais.&nbsp; Chamam isso de desastres naturais. E sabem quem \u00e9 apontada como respons\u00e1vel por essas imagens do inferno? Acreditem, a chuva!!! [&hellip;]","og_url":"https:\/\/agenciainfra.com\/blog\/infradebate-o-papel-da-chuva-e-chover\/","og_site_name":"Ag\u00eancia iNFRA","article_publisher":"https:\/\/www.facebook.com\/ageninfra","article_published_time":"2022-02-25T13:00:00+00:00","og_image":[{"width":1280,"height":853,"url":"https:\/\/agenciainfra.com\/blog\/wp-content\/uploads\/2022\/02\/chuvas-petropolis-foto-tania-rego-agencia-brasil.jpeg","type":"image\/jpeg"}],"author":"Ag\u00eancia iNFRA","twitter_card":"summary_large_image","twitter_creator":"@agencia_infra","twitter_site":"@agencia_infra","twitter_misc":{"Escrito por":"Ag\u00eancia iNFRA","Est. tempo de leitura":"3 minutos"},"schema":{"@context":"https:\/\/schema.org","@graph":[{"@type":"Article","@id":"https:\/\/agenciainfra.com\/blog\/infradebate-o-papel-da-chuva-e-chover\/#article","isPartOf":{"@id":"https:\/\/agenciainfra.com\/blog\/infradebate-o-papel-da-chuva-e-chover\/"},"author":{"name":"Ag\u00eancia iNFRA","@id":"https:\/\/agenciainfra.com\/blog\/#\/schema\/person\/34af08dff6adea4cb22b06612ba7acfa"},"headline":"iNFRADebate: O papel da chuva \u00e9 chover!","datePublished":"2022-02-25T13:00:00+00:00","mainEntityOfPage":{"@id":"https:\/\/agenciainfra.com\/blog\/infradebate-o-papel-da-chuva-e-chover\/"},"wordCount":687,"publisher":{"@id":"https:\/\/agenciainfra.com\/blog\/#organization"},"image":{"@id":"https:\/\/agenciainfra.com\/blog\/infradebate-o-papel-da-chuva-e-chover\/#primaryimage"},"thumbnailUrl":"https:\/\/agenciainfra.com\/blog\/wp-content\/uploads\/2022\/02\/chuvas-petropolis-foto-tania-rego-agencia-brasil.jpeg","keywords":["chuvas","cidades","conflitos urbanos","desastres naturais","gest\u00e3o urbana","governan\u00e7a ambiental","impactos ambientais","Infraestrutura","regime de chuvas"],"articleSection":["Geral","iNFRADebate"],"inLanguage":"pt-BR","copyrightYear":"2022","copyrightHolder":{"@id":"https:\/\/agenciainfra.com\/blog\/#organization"}},{"@type":"WebPage","@id":"https:\/\/agenciainfra.com\/blog\/infradebate-o-papel-da-chuva-e-chover\/","url":"https:\/\/agenciainfra.com\/blog\/infradebate-o-papel-da-chuva-e-chover\/","name":"iNFRADebate: O papel da chuva \u00e9 chover! - Ag\u00eancia iNFRA","isPartOf":{"@id":"https:\/\/agenciainfra.com\/blog\/#website"},"primaryImageOfPage":{"@id":"https:\/\/agenciainfra.com\/blog\/infradebate-o-papel-da-chuva-e-chover\/#primaryimage"},"image":{"@id":"https:\/\/agenciainfra.com\/blog\/infradebate-o-papel-da-chuva-e-chover\/#primaryimage"},"thumbnailUrl":"https:\/\/agenciainfra.com\/blog\/wp-content\/uploads\/2022\/02\/chuvas-petropolis-foto-tania-rego-agencia-brasil.jpeg","datePublished":"2022-02-25T13:00:00+00:00","breadcrumb":{"@id":"https:\/\/agenciainfra.com\/blog\/infradebate-o-papel-da-chuva-e-chover\/#breadcrumb"},"inLanguage":"pt-BR","potentialAction":[{"@type":"ReadAction","target":["https:\/\/agenciainfra.com\/blog\/infradebate-o-papel-da-chuva-e-chover\/"]}]},{"@type":"ImageObject","inLanguage":"pt-BR","@id":"https:\/\/agenciainfra.com\/blog\/infradebate-o-papel-da-chuva-e-chover\/#primaryimage","url":"https:\/\/agenciainfra.com\/blog\/wp-content\/uploads\/2022\/02\/chuvas-petropolis-foto-tania-rego-agencia-brasil.jpeg","contentUrl":"https:\/\/agenciainfra.com\/blog\/wp-content\/uploads\/2022\/02\/chuvas-petropolis-foto-tania-rego-agencia-brasil.jpeg","width":1280,"height":853,"caption":"Foto: Tania Rego\/Ag\u00eancia Brasil"},{"@type":"BreadcrumbList","@id":"https:\/\/agenciainfra.com\/blog\/infradebate-o-papel-da-chuva-e-chover\/#breadcrumb","itemListElement":[{"@type":"ListItem","position":1,"name":"In\u00edcio","item":"https:\/\/agenciainfra.com\/blog\/"},{"@type":"ListItem","position":2,"name":"iNFRADebate: O papel da chuva \u00e9 chover!"}]},{"@type":"WebSite","@id":"https:\/\/agenciainfra.com\/blog\/#website","url":"https:\/\/agenciainfra.com\/blog\/","name":"Ag\u00eancia iNFRA","description":"Multiplataforma de informa\u00e7\u00e3o jornal\u00edstica refer\u00eancia na \u00e1rea de infraestrutura no Brasil!","publisher":{"@id":"https:\/\/agenciainfra.com\/blog\/#organization"},"potentialAction":[{"@type":"SearchAction","target":{"@type":"EntryPoint","urlTemplate":"https:\/\/agenciainfra.com\/blog\/?s={search_term_string}"},"query-input":{"@type":"PropertyValueSpecification","valueRequired":true,"valueName":"search_term_string"}}],"inLanguage":"pt-BR"},{"@type":"Organization","@id":"https:\/\/agenciainfra.com\/blog\/#organization","name":"Ag\u00eancia iNFRA","url":"https:\/\/agenciainfra.com\/blog\/","logo":{"@type":"ImageObject","inLanguage":"pt-BR","@id":"https:\/\/agenciainfra.com\/blog\/#\/schema\/logo\/image\/","url":"https:\/\/agenciainfra.com\/blog\/wp-content\/uploads\/2023\/09\/iNFRA_5-e1761735885940.png","contentUrl":"https:\/\/agenciainfra.com\/blog\/wp-content\/uploads\/2023\/09\/iNFRA_5-e1761735885940.png","width":1672,"height":454,"caption":"Ag\u00eancia iNFRA"},"image":{"@id":"https:\/\/agenciainfra.com\/blog\/#\/schema\/logo\/image\/"},"sameAs":["https:\/\/www.facebook.com\/ageninfra","https:\/\/x.com\/agencia_infra","https:\/\/www.linkedin.com\/company\/ag\u00eanciainfra\/","https:\/\/www.instagram.com\/agenciainfra\/"]},{"@type":"Person","@id":"https:\/\/agenciainfra.com\/blog\/#\/schema\/person\/34af08dff6adea4cb22b06612ba7acfa","name":"Ag\u00eancia iNFRA","image":{"@type":"ImageObject","inLanguage":"pt-BR","@id":"https:\/\/agenciainfra.com\/blog\/#\/schema\/person\/image\/","url":"https:\/\/secure.gravatar.com\/avatar\/d189e01678f06d8eb84d4e01f08eb848b3fffe3f8443818d3c356c66892f5be8?s=96&d=mm&r=g","contentUrl":"https:\/\/secure.gravatar.com\/avatar\/d189e01678f06d8eb84d4e01f08eb848b3fffe3f8443818d3c356c66892f5be8?s=96&d=mm&r=g","caption":"Ag\u00eancia iNFRA"},"url":"https:\/\/agenciainfra.com\/blog\/author\/admin\/"}]}},"_links":{"self":[{"href":"https:\/\/agenciainfra.com\/blog\/wp-json\/wp\/v2\/posts\/9635","targetHints":{"allow":["GET"]}}],"collection":[{"href":"https:\/\/agenciainfra.com\/blog\/wp-json\/wp\/v2\/posts"}],"about":[{"href":"https:\/\/agenciainfra.com\/blog\/wp-json\/wp\/v2\/types\/post"}],"author":[{"embeddable":true,"href":"https:\/\/agenciainfra.com\/blog\/wp-json\/wp\/v2\/users\/1"}],"replies":[{"embeddable":true,"href":"https:\/\/agenciainfra.com\/blog\/wp-json\/wp\/v2\/comments?post=9635"}],"version-history":[{"count":0,"href":"https:\/\/agenciainfra.com\/blog\/wp-json\/wp\/v2\/posts\/9635\/revisions"}],"wp:featuredmedia":[{"embeddable":true,"href":"https:\/\/agenciainfra.com\/blog\/wp-json\/wp\/v2\/media\/9636"}],"wp:attachment":[{"href":"https:\/\/agenciainfra.com\/blog\/wp-json\/wp\/v2\/media?parent=9635"}],"wp:term":[{"taxonomy":"category","embeddable":true,"href":"https:\/\/agenciainfra.com\/blog\/wp-json\/wp\/v2\/categories?post=9635"},{"taxonomy":"post_tag","embeddable":true,"href":"https:\/\/agenciainfra.com\/blog\/wp-json\/wp\/v2\/tags?post=9635"}],"curies":[{"name":"wp","href":"https:\/\/api.w.org\/{rel}","templated":true}]}}