{"id":9639,"date":"2022-02-26T10:00:00","date_gmt":"2022-02-26T13:00:00","guid":{"rendered":"https:\/\/www.agenciainfra.com\/blog\/?p=9639"},"modified":"2022-02-25T10:50:16","modified_gmt":"2022-02-25T13:50:16","slug":"air-sobre-servico-adequado-de-concessoes-ferroviarias-entra-em-tomada-de-subsidios-na-antt","status":"publish","type":"post","link":"https:\/\/agenciainfra.com\/blog\/air-sobre-servico-adequado-de-concessoes-ferroviarias-entra-em-tomada-de-subsidios-na-antt\/","title":{"rendered":"AIR sobre servi\u00e7o adequado de concess\u00f5es ferrovi\u00e1rias entra em tomada de subs\u00eddios na ANTT"},"content":{"rendered":"\n<p class=\"has-text-align-right\"><strong>Dimmi Amora, da Ag\u00eancia iNFRA<\/strong><\/p>\n\n\n\n<p>A AIR (An\u00e1lise de Impacto Regulat\u00f3rio) preparada pela ANTT (Ag\u00eancia Nacional de Transportes Terrestres) sobre a regulamenta\u00e7\u00e3o do conceito de servi\u00e7o adequado para as concess\u00f5es ferrovi\u00e1rias vai poder receber contribui\u00e7\u00f5es de interessados a partir de mar\u00e7o.<\/p>\n\n\n\n<p>Na \u00faltima quarta-feira (23), a Superintend\u00eancia de Transportes Ferrovi\u00e1rios da ag\u00eancia publicou aviso de que abrir\u00e1 a Tomada de Subs\u00eddios 3\/2022 para obter contribui\u00e7\u00f5es e informa\u00e7\u00f5es para o Relat\u00f3rio de An\u00e1lise de Impacto Regulat\u00f3rio relativo ao projeto &#8220;Regulamenta\u00e7\u00e3o da presta\u00e7\u00e3o de servi\u00e7o adequado no \u00e2mbito das concess\u00f5es ferrovi\u00e1rias&#8221;. O per\u00edodo para as contribui\u00e7\u00f5es ser\u00e1 de 3 de mar\u00e7o a 4 de abril.\u00a0<\/p>\n\n\n\n<p>O gerente de Regula\u00e7\u00e3o Ferrovi\u00e1ria da ag\u00eancia, Marcelo Amorelli, explicou que o trabalho para definir o conceito de servi\u00e7o adequado das ferrovias se mostrou necess\u00e1rio pela avalia\u00e7\u00e3o de que os contratos da d\u00e9cada de 1990 \u2013 que previam apenas o cumprimento de \u00edndices de produtividade e redu\u00e7\u00e3o de acidentes \u2013 s\u00e3o insuficientes para garantir o que a lei de concess\u00f5es e os pr\u00f3prios contratos preveem em rela\u00e7\u00e3o \u00e0 presta\u00e7\u00e3o do servi\u00e7o aos usu\u00e1rios.&nbsp;<\/p>\n\n\n\n<p>Por isso, segundo ele, os contratos de concess\u00f5es ferrovi\u00e1rias feitos a partir de 2019 e as renova\u00e7\u00f5es dos contratos antigos j\u00e1 foram confeccionados com novas previs\u00f5es de desempenho por parte dos concession\u00e1rios, incluindo como \u00edndices&nbsp;a velocidade dos trens e a satura\u00e7\u00e3o da via, entre outros.<\/p>\n\n\n\n<p><strong>Contratos insuficientes<\/strong><br>Mas, de acordo com o gerente da ag\u00eancia, a ANTT entendeu que as previs\u00f5es contratuais ainda n\u00e3o s\u00e3o suficientes para garantir uma presta\u00e7\u00e3o de servi\u00e7o adequada aos usu\u00e1rios e por isso&nbsp;a necessidade de se fazer uma regulamenta\u00e7\u00e3o espec\u00edfica sobre o assunto.<\/p>\n\n\n\n<p>Amorelli lembrou que o tema vem sendo tratado com cautela pela ag\u00eancia. Uma primeira tomada de subs\u00eddios foi aberta em 2017 (4\/2017), para tratar conceitualmente do t\u00f3pico. Depois, em 2018 (13\/2018), outra para receber contribui\u00e7\u00f5es sobre indicadores que poderiam ser usados para medir a qualidade da presta\u00e7\u00e3o do servi\u00e7o ferrovi\u00e1rio.&nbsp;<\/p>\n\n\n\n<p>Agora, segundo Amorelli, a Tomada de Subs\u00eddios 3\/2022 vai apresentar a AIR confeccionada pela ag\u00eancia sobre o servi\u00e7o adequado, indicando as op\u00e7\u00f5es regulat\u00f3rias que foram estudadas e qual a escolhida pela ag\u00eancia para subsidiar a produ\u00e7\u00e3o da norma que vai regulamentar. Ele afirmou que ainda n\u00e3o \u00e9 poss\u00edvel adiantar quais seriam.<\/p>\n\n\n\n<p><strong>Minuta de resolu\u00e7\u00e3o neste ano<\/strong><br>Em outras regula\u00e7\u00f5es na ag\u00eancia, o mais comum \u00e9 que a AIR seja colocada como subs\u00eddios \u00e0 proposta de minuta de resolu\u00e7\u00e3o que \u00e9 levada \u00e0 consulta p\u00fablica.&nbsp;<\/p>\n\n\n\n<p>Mas, de acordo com o gerente, nesse caso, a ag\u00eancia est\u00e1 atuando com cautela e submetendo a AIR para avalia\u00e7\u00e3o em tomada de subs\u00eddio antes de abrir a consulta p\u00fablica, como forma de aprimorar ainda mais a proposta de resolu\u00e7\u00e3o que ser\u00e1 levada para debate. A ideia \u00e9 que essa proposta de resolu\u00e7\u00e3o esteja pronta neste ano.<\/p>\n\n\n\n<p>&#8220;Queremos dar um passo de cada vez porque nossa inten\u00e7\u00e3o \u00e9 n\u00e3o criar \u00f4nus desnecess\u00e1rio para os concession\u00e1rios&#8221;, afirmou Amorelli.<\/p>\n\n\n\n<p>O gerente da superintend\u00eancia que cuida de ferrovias informou ainda que a regulamenta\u00e7\u00e3o do tema \u00e9 exclusiva para as concession\u00e1rias, n\u00e3o havendo nenhuma rela\u00e7\u00e3o com as ferrovias autorizadas que foram autorizadas recentemente.<\/p>\n","protected":false},"excerpt":{"rendered":"<p>Dimmi Amora, da Ag\u00eancia iNFRA A AIR (An\u00e1lise de Impacto Regulat\u00f3rio) preparada pela ANTT (Ag\u00eancia Nacional de Transportes Terrestres) sobre a regulamenta\u00e7\u00e3o do conceito de servi\u00e7o adequado para as concess\u00f5es ferrovi\u00e1rias vai poder receber contribui\u00e7\u00f5es de interessados a partir de mar\u00e7o. Na \u00faltima quarta-feira (23), a Superintend\u00eancia de Transportes Ferrovi\u00e1rios da ag\u00eancia publicou aviso de [&hellip;]<\/p>\n","protected":false},"author":1,"featured_media":9008,"comment_status":"closed","ping_status":"closed","sticky":false,"template":"","format":"standard","meta":{"_monsterinsights_skip_tracking":false,"_monsterinsights_sitenote_active":false,"_monsterinsights_sitenote_note":"","_monsterinsights_sitenote_category":0,"footnotes":""},"categories":[1,7],"tags":[2173,147,19,4651,563,120,1601,1033,70,1518],"class_list":["post-9639","post","type-post","status-publish","format-standard","has-post-thumbnail","hentry","category-geral","category-infratransporte","tag-air","tag-analise-de-impacto-regulatorio","tag-antt","tag-autorizacoes-ferroviarias","tag-concessoes-ferroviarias","tag-ferrovias","tag-subsidios","tag-transporte-ferroviario","tag-transportes","tag-transportes-terrestres"],"yoast_head":"<!-- This site is optimized with the Yoast SEO Premium plugin v25.4 (Yoast SEO v26.0) - https:\/\/yoast.com\/wordpress\/plugins\/seo\/ -->\n<title>AIR sobre servi\u00e7o adequado de concess\u00f5es ferrovi\u00e1rias entra em tomada de subs\u00eddios na ANTT - Ag\u00eancia iNFRA<\/title>\n<meta name=\"robots\" content=\"index, follow, max-snippet:-1, max-image-preview:large, max-video-preview:-1\" \/>\n<link rel=\"canonical\" href=\"https:\/\/agenciainfra.com\/blog\/air-sobre-servico-adequado-de-concessoes-ferroviarias-entra-em-tomada-de-subsidios-na-antt\/\" \/>\n<meta property=\"og:locale\" content=\"pt_BR\" \/>\n<meta property=\"og:type\" content=\"article\" \/>\n<meta property=\"og:title\" content=\"AIR sobre servi\u00e7o adequado de concess\u00f5es ferrovi\u00e1rias entra em tomada de subs\u00eddios na ANTT\" \/>\n<meta property=\"og:description\" content=\"Dimmi Amora, da Ag\u00eancia iNFRA A AIR (An\u00e1lise de Impacto Regulat\u00f3rio) preparada pela ANTT (Ag\u00eancia Nacional de Transportes Terrestres) sobre a regulamenta\u00e7\u00e3o do conceito de servi\u00e7o adequado para as concess\u00f5es ferrovi\u00e1rias vai poder receber contribui\u00e7\u00f5es de interessados a partir de mar\u00e7o. Na \u00faltima quarta-feira (23), a Superintend\u00eancia de Transportes Ferrovi\u00e1rios da ag\u00eancia publicou aviso de [&hellip;]\" \/>\n<meta property=\"og:url\" content=\"https:\/\/agenciainfra.com\/blog\/air-sobre-servico-adequado-de-concessoes-ferroviarias-entra-em-tomada-de-subsidios-na-antt\/\" \/>\n<meta property=\"og:site_name\" content=\"Ag\u00eancia iNFRA\" \/>\n<meta property=\"article:publisher\" content=\"https:\/\/www.facebook.com\/ageninfra\" \/>\n<meta property=\"article:published_time\" content=\"2022-02-26T13:00:00+00:00\" \/>\n<meta property=\"og:image\" content=\"https:\/\/agenciainfra.com\/blog\/wp-content\/uploads\/2021\/11\/trilhos-ferrovia-foto-vinicius-rosa-minfra.jpeg\" \/>\n\t<meta property=\"og:image:width\" content=\"1280\" \/>\n\t<meta property=\"og:image:height\" content=\"960\" \/>\n\t<meta property=\"og:image:type\" content=\"image\/jpeg\" \/>\n<meta name=\"author\" content=\"Ag\u00eancia iNFRA\" \/>\n<meta name=\"twitter:card\" content=\"summary_large_image\" \/>\n<meta name=\"twitter:creator\" content=\"@agencia_infra\" \/>\n<meta name=\"twitter:site\" content=\"@agencia_infra\" \/>\n<meta name=\"twitter:label1\" content=\"Escrito por\" \/>\n\t<meta name=\"twitter:data1\" content=\"Ag\u00eancia iNFRA\" \/>\n\t<meta name=\"twitter:label2\" content=\"Est. tempo de leitura\" \/>\n\t<meta name=\"twitter:data2\" content=\"3 minutos\" \/>\n<script type=\"application\/ld+json\" class=\"yoast-schema-graph\">{\"@context\":\"https:\/\/schema.org\",\"@graph\":[{\"@type\":\"Article\",\"@id\":\"https:\/\/agenciainfra.com\/blog\/air-sobre-servico-adequado-de-concessoes-ferroviarias-entra-em-tomada-de-subsidios-na-antt\/#article\",\"isPartOf\":{\"@id\":\"https:\/\/agenciainfra.com\/blog\/air-sobre-servico-adequado-de-concessoes-ferroviarias-entra-em-tomada-de-subsidios-na-antt\/\"},\"author\":{\"name\":\"Ag\u00eancia iNFRA\",\"@id\":\"https:\/\/agenciainfra.com\/blog\/#\/schema\/person\/34af08dff6adea4cb22b06612ba7acfa\"},\"headline\":\"AIR sobre servi\u00e7o adequado de concess\u00f5es ferrovi\u00e1rias entra em tomada de subs\u00eddios na ANTT\",\"datePublished\":\"2022-02-26T13:00:00+00:00\",\"mainEntityOfPage\":{\"@id\":\"https:\/\/agenciainfra.com\/blog\/air-sobre-servico-adequado-de-concessoes-ferroviarias-entra-em-tomada-de-subsidios-na-antt\/\"},\"wordCount\":604,\"publisher\":{\"@id\":\"https:\/\/agenciainfra.com\/blog\/#organization\"},\"image\":{\"@id\":\"https:\/\/agenciainfra.com\/blog\/air-sobre-servico-adequado-de-concessoes-ferroviarias-entra-em-tomada-de-subsidios-na-antt\/#primaryimage\"},\"thumbnailUrl\":\"https:\/\/agenciainfra.com\/blog\/wp-content\/uploads\/2021\/11\/trilhos-ferrovia-foto-vinicius-rosa-minfra.jpeg\",\"keywords\":[\"AIR\",\"An\u00e1lise de Impacto Regulat\u00f3rio\",\"ANTT\",\"autoriza\u00e7\u00f5es ferrovi\u00e1rias\",\"concess\u00f5es ferrovi\u00e1rias\",\"Ferrovias\",\"subs\u00eddios\",\"transporte ferrovi\u00e1rio\",\"transportes\",\"transportes terrestres\"],\"articleSection\":[\"Geral\",\"iNFRATransporte\"],\"inLanguage\":\"pt-BR\",\"copyrightYear\":\"2022\",\"copyrightHolder\":{\"@id\":\"https:\/\/agenciainfra.com\/blog\/#organization\"}},{\"@type\":\"WebPage\",\"@id\":\"https:\/\/agenciainfra.com\/blog\/air-sobre-servico-adequado-de-concessoes-ferroviarias-entra-em-tomada-de-subsidios-na-antt\/\",\"url\":\"https:\/\/agenciainfra.com\/blog\/air-sobre-servico-adequado-de-concessoes-ferroviarias-entra-em-tomada-de-subsidios-na-antt\/\",\"name\":\"AIR sobre servi\u00e7o adequado de concess\u00f5es ferrovi\u00e1rias entra em tomada de subs\u00eddios na ANTT - Ag\u00eancia iNFRA\",\"isPartOf\":{\"@id\":\"https:\/\/agenciainfra.com\/blog\/#website\"},\"primaryImageOfPage\":{\"@id\":\"https:\/\/agenciainfra.com\/blog\/air-sobre-servico-adequado-de-concessoes-ferroviarias-entra-em-tomada-de-subsidios-na-antt\/#primaryimage\"},\"image\":{\"@id\":\"https:\/\/agenciainfra.com\/blog\/air-sobre-servico-adequado-de-concessoes-ferroviarias-entra-em-tomada-de-subsidios-na-antt\/#primaryimage\"},\"thumbnailUrl\":\"https:\/\/agenciainfra.com\/blog\/wp-content\/uploads\/2021\/11\/trilhos-ferrovia-foto-vinicius-rosa-minfra.jpeg\",\"datePublished\":\"2022-02-26T13:00:00+00:00\",\"breadcrumb\":{\"@id\":\"https:\/\/agenciainfra.com\/blog\/air-sobre-servico-adequado-de-concessoes-ferroviarias-entra-em-tomada-de-subsidios-na-antt\/#breadcrumb\"},\"inLanguage\":\"pt-BR\",\"potentialAction\":[{\"@type\":\"ReadAction\",\"target\":[\"https:\/\/agenciainfra.com\/blog\/air-sobre-servico-adequado-de-concessoes-ferroviarias-entra-em-tomada-de-subsidios-na-antt\/\"]}]},{\"@type\":\"ImageObject\",\"inLanguage\":\"pt-BR\",\"@id\":\"https:\/\/agenciainfra.com\/blog\/air-sobre-servico-adequado-de-concessoes-ferroviarias-entra-em-tomada-de-subsidios-na-antt\/#primaryimage\",\"url\":\"https:\/\/agenciainfra.com\/blog\/wp-content\/uploads\/2021\/11\/trilhos-ferrovia-foto-vinicius-rosa-minfra.jpeg\",\"contentUrl\":\"https:\/\/agenciainfra.com\/blog\/wp-content\/uploads\/2021\/11\/trilhos-ferrovia-foto-vinicius-rosa-minfra.jpeg\",\"width\":1280,\"height\":960,\"caption\":\"Foto: Vinicius Rosa\/MInfra\"},{\"@type\":\"BreadcrumbList\",\"@id\":\"https:\/\/agenciainfra.com\/blog\/air-sobre-servico-adequado-de-concessoes-ferroviarias-entra-em-tomada-de-subsidios-na-antt\/#breadcrumb\",\"itemListElement\":[{\"@type\":\"ListItem\",\"position\":1,\"name\":\"In\u00edcio\",\"item\":\"https:\/\/agenciainfra.com\/blog\/\"},{\"@type\":\"ListItem\",\"position\":2,\"name\":\"AIR sobre servi\u00e7o adequado de concess\u00f5es ferrovi\u00e1rias entra em tomada de subs\u00eddios na ANTT\"}]},{\"@type\":\"WebSite\",\"@id\":\"https:\/\/agenciainfra.com\/blog\/#website\",\"url\":\"https:\/\/agenciainfra.com\/blog\/\",\"name\":\"Ag\u00eancia iNFRA\",\"description\":\"Multiplataforma de informa\u00e7\u00e3o jornal\u00edstica refer\u00eancia na \u00e1rea de infraestrutura no Brasil!\",\"publisher\":{\"@id\":\"https:\/\/agenciainfra.com\/blog\/#organization\"},\"potentialAction\":[{\"@type\":\"SearchAction\",\"target\":{\"@type\":\"EntryPoint\",\"urlTemplate\":\"https:\/\/agenciainfra.com\/blog\/?s={search_term_string}\"},\"query-input\":{\"@type\":\"PropertyValueSpecification\",\"valueRequired\":true,\"valueName\":\"search_term_string\"}}],\"inLanguage\":\"pt-BR\"},{\"@type\":\"Organization\",\"@id\":\"https:\/\/agenciainfra.com\/blog\/#organization\",\"name\":\"Ag\u00eancia iNFRA\",\"url\":\"https:\/\/agenciainfra.com\/blog\/\",\"logo\":{\"@type\":\"ImageObject\",\"inLanguage\":\"pt-BR\",\"@id\":\"https:\/\/agenciainfra.com\/blog\/#\/schema\/logo\/image\/\",\"url\":\"https:\/\/agenciainfra.com\/blog\/wp-content\/uploads\/2023\/09\/iNFRA_5-e1761735885940.png\",\"contentUrl\":\"https:\/\/agenciainfra.com\/blog\/wp-content\/uploads\/2023\/09\/iNFRA_5-e1761735885940.png\",\"width\":1672,\"height\":454,\"caption\":\"Ag\u00eancia iNFRA\"},\"image\":{\"@id\":\"https:\/\/agenciainfra.com\/blog\/#\/schema\/logo\/image\/\"},\"sameAs\":[\"https:\/\/www.facebook.com\/ageninfra\",\"https:\/\/x.com\/agencia_infra\",\"https:\/\/www.linkedin.com\/company\/ag\u00eanciainfra\/\",\"https:\/\/www.instagram.com\/agenciainfra\/\"]},{\"@type\":\"Person\",\"@id\":\"https:\/\/agenciainfra.com\/blog\/#\/schema\/person\/34af08dff6adea4cb22b06612ba7acfa\",\"name\":\"Ag\u00eancia iNFRA\",\"image\":{\"@type\":\"ImageObject\",\"inLanguage\":\"pt-BR\",\"@id\":\"https:\/\/agenciainfra.com\/blog\/#\/schema\/person\/image\/\",\"url\":\"https:\/\/secure.gravatar.com\/avatar\/d189e01678f06d8eb84d4e01f08eb848b3fffe3f8443818d3c356c66892f5be8?s=96&d=mm&r=g\",\"contentUrl\":\"https:\/\/secure.gravatar.com\/avatar\/d189e01678f06d8eb84d4e01f08eb848b3fffe3f8443818d3c356c66892f5be8?s=96&d=mm&r=g\",\"caption\":\"Ag\u00eancia iNFRA\"},\"url\":\"https:\/\/agenciainfra.com\/blog\/author\/admin\/\"}]}<\/script>\n<!-- \/ Yoast SEO Premium plugin. -->","yoast_head_json":{"title":"AIR sobre servi\u00e7o adequado de concess\u00f5es ferrovi\u00e1rias entra em tomada de subs\u00eddios na ANTT - Ag\u00eancia iNFRA","robots":{"index":"index","follow":"follow","max-snippet":"max-snippet:-1","max-image-preview":"max-image-preview:large","max-video-preview":"max-video-preview:-1"},"canonical":"https:\/\/agenciainfra.com\/blog\/air-sobre-servico-adequado-de-concessoes-ferroviarias-entra-em-tomada-de-subsidios-na-antt\/","og_locale":"pt_BR","og_type":"article","og_title":"AIR sobre servi\u00e7o adequado de concess\u00f5es ferrovi\u00e1rias entra em tomada de subs\u00eddios na ANTT","og_description":"Dimmi Amora, da Ag\u00eancia iNFRA A AIR (An\u00e1lise de Impacto Regulat\u00f3rio) preparada pela ANTT (Ag\u00eancia Nacional de Transportes Terrestres) sobre a regulamenta\u00e7\u00e3o do conceito de servi\u00e7o adequado para as concess\u00f5es ferrovi\u00e1rias vai poder receber contribui\u00e7\u00f5es de interessados a partir de mar\u00e7o. Na \u00faltima quarta-feira (23), a Superintend\u00eancia de Transportes Ferrovi\u00e1rios da ag\u00eancia publicou aviso de [&hellip;]","og_url":"https:\/\/agenciainfra.com\/blog\/air-sobre-servico-adequado-de-concessoes-ferroviarias-entra-em-tomada-de-subsidios-na-antt\/","og_site_name":"Ag\u00eancia iNFRA","article_publisher":"https:\/\/www.facebook.com\/ageninfra","article_published_time":"2022-02-26T13:00:00+00:00","og_image":[{"width":1280,"height":960,"url":"https:\/\/agenciainfra.com\/blog\/wp-content\/uploads\/2021\/11\/trilhos-ferrovia-foto-vinicius-rosa-minfra.jpeg","type":"image\/jpeg"}],"author":"Ag\u00eancia iNFRA","twitter_card":"summary_large_image","twitter_creator":"@agencia_infra","twitter_site":"@agencia_infra","twitter_misc":{"Escrito por":"Ag\u00eancia iNFRA","Est. tempo de leitura":"3 minutos"},"schema":{"@context":"https:\/\/schema.org","@graph":[{"@type":"Article","@id":"https:\/\/agenciainfra.com\/blog\/air-sobre-servico-adequado-de-concessoes-ferroviarias-entra-em-tomada-de-subsidios-na-antt\/#article","isPartOf":{"@id":"https:\/\/agenciainfra.com\/blog\/air-sobre-servico-adequado-de-concessoes-ferroviarias-entra-em-tomada-de-subsidios-na-antt\/"},"author":{"name":"Ag\u00eancia iNFRA","@id":"https:\/\/agenciainfra.com\/blog\/#\/schema\/person\/34af08dff6adea4cb22b06612ba7acfa"},"headline":"AIR sobre servi\u00e7o adequado de concess\u00f5es ferrovi\u00e1rias entra em tomada de subs\u00eddios na ANTT","datePublished":"2022-02-26T13:00:00+00:00","mainEntityOfPage":{"@id":"https:\/\/agenciainfra.com\/blog\/air-sobre-servico-adequado-de-concessoes-ferroviarias-entra-em-tomada-de-subsidios-na-antt\/"},"wordCount":604,"publisher":{"@id":"https:\/\/agenciainfra.com\/blog\/#organization"},"image":{"@id":"https:\/\/agenciainfra.com\/blog\/air-sobre-servico-adequado-de-concessoes-ferroviarias-entra-em-tomada-de-subsidios-na-antt\/#primaryimage"},"thumbnailUrl":"https:\/\/agenciainfra.com\/blog\/wp-content\/uploads\/2021\/11\/trilhos-ferrovia-foto-vinicius-rosa-minfra.jpeg","keywords":["AIR","An\u00e1lise de Impacto Regulat\u00f3rio","ANTT","autoriza\u00e7\u00f5es ferrovi\u00e1rias","concess\u00f5es ferrovi\u00e1rias","Ferrovias","subs\u00eddios","transporte ferrovi\u00e1rio","transportes","transportes terrestres"],"articleSection":["Geral","iNFRATransporte"],"inLanguage":"pt-BR","copyrightYear":"2022","copyrightHolder":{"@id":"https:\/\/agenciainfra.com\/blog\/#organization"}},{"@type":"WebPage","@id":"https:\/\/agenciainfra.com\/blog\/air-sobre-servico-adequado-de-concessoes-ferroviarias-entra-em-tomada-de-subsidios-na-antt\/","url":"https:\/\/agenciainfra.com\/blog\/air-sobre-servico-adequado-de-concessoes-ferroviarias-entra-em-tomada-de-subsidios-na-antt\/","name":"AIR sobre servi\u00e7o adequado de concess\u00f5es ferrovi\u00e1rias entra em tomada de subs\u00eddios na ANTT - Ag\u00eancia iNFRA","isPartOf":{"@id":"https:\/\/agenciainfra.com\/blog\/#website"},"primaryImageOfPage":{"@id":"https:\/\/agenciainfra.com\/blog\/air-sobre-servico-adequado-de-concessoes-ferroviarias-entra-em-tomada-de-subsidios-na-antt\/#primaryimage"},"image":{"@id":"https:\/\/agenciainfra.com\/blog\/air-sobre-servico-adequado-de-concessoes-ferroviarias-entra-em-tomada-de-subsidios-na-antt\/#primaryimage"},"thumbnailUrl":"https:\/\/agenciainfra.com\/blog\/wp-content\/uploads\/2021\/11\/trilhos-ferrovia-foto-vinicius-rosa-minfra.jpeg","datePublished":"2022-02-26T13:00:00+00:00","breadcrumb":{"@id":"https:\/\/agenciainfra.com\/blog\/air-sobre-servico-adequado-de-concessoes-ferroviarias-entra-em-tomada-de-subsidios-na-antt\/#breadcrumb"},"inLanguage":"pt-BR","potentialAction":[{"@type":"ReadAction","target":["https:\/\/agenciainfra.com\/blog\/air-sobre-servico-adequado-de-concessoes-ferroviarias-entra-em-tomada-de-subsidios-na-antt\/"]}]},{"@type":"ImageObject","inLanguage":"pt-BR","@id":"https:\/\/agenciainfra.com\/blog\/air-sobre-servico-adequado-de-concessoes-ferroviarias-entra-em-tomada-de-subsidios-na-antt\/#primaryimage","url":"https:\/\/agenciainfra.com\/blog\/wp-content\/uploads\/2021\/11\/trilhos-ferrovia-foto-vinicius-rosa-minfra.jpeg","contentUrl":"https:\/\/agenciainfra.com\/blog\/wp-content\/uploads\/2021\/11\/trilhos-ferrovia-foto-vinicius-rosa-minfra.jpeg","width":1280,"height":960,"caption":"Foto: Vinicius Rosa\/MInfra"},{"@type":"BreadcrumbList","@id":"https:\/\/agenciainfra.com\/blog\/air-sobre-servico-adequado-de-concessoes-ferroviarias-entra-em-tomada-de-subsidios-na-antt\/#breadcrumb","itemListElement":[{"@type":"ListItem","position":1,"name":"In\u00edcio","item":"https:\/\/agenciainfra.com\/blog\/"},{"@type":"ListItem","position":2,"name":"AIR sobre servi\u00e7o adequado de concess\u00f5es ferrovi\u00e1rias entra em tomada de subs\u00eddios na ANTT"}]},{"@type":"WebSite","@id":"https:\/\/agenciainfra.com\/blog\/#website","url":"https:\/\/agenciainfra.com\/blog\/","name":"Ag\u00eancia iNFRA","description":"Multiplataforma de informa\u00e7\u00e3o jornal\u00edstica refer\u00eancia na \u00e1rea de infraestrutura no Brasil!","publisher":{"@id":"https:\/\/agenciainfra.com\/blog\/#organization"},"potentialAction":[{"@type":"SearchAction","target":{"@type":"EntryPoint","urlTemplate":"https:\/\/agenciainfra.com\/blog\/?s={search_term_string}"},"query-input":{"@type":"PropertyValueSpecification","valueRequired":true,"valueName":"search_term_string"}}],"inLanguage":"pt-BR"},{"@type":"Organization","@id":"https:\/\/agenciainfra.com\/blog\/#organization","name":"Ag\u00eancia iNFRA","url":"https:\/\/agenciainfra.com\/blog\/","logo":{"@type":"ImageObject","inLanguage":"pt-BR","@id":"https:\/\/agenciainfra.com\/blog\/#\/schema\/logo\/image\/","url":"https:\/\/agenciainfra.com\/blog\/wp-content\/uploads\/2023\/09\/iNFRA_5-e1761735885940.png","contentUrl":"https:\/\/agenciainfra.com\/blog\/wp-content\/uploads\/2023\/09\/iNFRA_5-e1761735885940.png","width":1672,"height":454,"caption":"Ag\u00eancia iNFRA"},"image":{"@id":"https:\/\/agenciainfra.com\/blog\/#\/schema\/logo\/image\/"},"sameAs":["https:\/\/www.facebook.com\/ageninfra","https:\/\/x.com\/agencia_infra","https:\/\/www.linkedin.com\/company\/ag\u00eanciainfra\/","https:\/\/www.instagram.com\/agenciainfra\/"]},{"@type":"Person","@id":"https:\/\/agenciainfra.com\/blog\/#\/schema\/person\/34af08dff6adea4cb22b06612ba7acfa","name":"Ag\u00eancia iNFRA","image":{"@type":"ImageObject","inLanguage":"pt-BR","@id":"https:\/\/agenciainfra.com\/blog\/#\/schema\/person\/image\/","url":"https:\/\/secure.gravatar.com\/avatar\/d189e01678f06d8eb84d4e01f08eb848b3fffe3f8443818d3c356c66892f5be8?s=96&d=mm&r=g","contentUrl":"https:\/\/secure.gravatar.com\/avatar\/d189e01678f06d8eb84d4e01f08eb848b3fffe3f8443818d3c356c66892f5be8?s=96&d=mm&r=g","caption":"Ag\u00eancia iNFRA"},"url":"https:\/\/agenciainfra.com\/blog\/author\/admin\/"}]}},"_links":{"self":[{"href":"https:\/\/agenciainfra.com\/blog\/wp-json\/wp\/v2\/posts\/9639","targetHints":{"allow":["GET"]}}],"collection":[{"href":"https:\/\/agenciainfra.com\/blog\/wp-json\/wp\/v2\/posts"}],"about":[{"href":"https:\/\/agenciainfra.com\/blog\/wp-json\/wp\/v2\/types\/post"}],"author":[{"embeddable":true,"href":"https:\/\/agenciainfra.com\/blog\/wp-json\/wp\/v2\/users\/1"}],"replies":[{"embeddable":true,"href":"https:\/\/agenciainfra.com\/blog\/wp-json\/wp\/v2\/comments?post=9639"}],"version-history":[{"count":0,"href":"https:\/\/agenciainfra.com\/blog\/wp-json\/wp\/v2\/posts\/9639\/revisions"}],"wp:featuredmedia":[{"embeddable":true,"href":"https:\/\/agenciainfra.com\/blog\/wp-json\/wp\/v2\/media\/9008"}],"wp:attachment":[{"href":"https:\/\/agenciainfra.com\/blog\/wp-json\/wp\/v2\/media?parent=9639"}],"wp:term":[{"taxonomy":"category","embeddable":true,"href":"https:\/\/agenciainfra.com\/blog\/wp-json\/wp\/v2\/categories?post=9639"},{"taxonomy":"post_tag","embeddable":true,"href":"https:\/\/agenciainfra.com\/blog\/wp-json\/wp\/v2\/tags?post=9639"}],"curies":[{"name":"wp","href":"https:\/\/api.w.org\/{rel}","templated":true}]}}