{"id":9686,"date":"2022-03-04T09:00:00","date_gmt":"2022-03-04T12:00:00","guid":{"rendered":"https:\/\/www.agenciainfra.com\/blog\/?p=9686"},"modified":"2022-03-04T08:32:45","modified_gmt":"2022-03-04T11:32:45","slug":"morre-o-fisico-e-professor-pinguelli-rosa-ex-presidente-da-eletrobras","status":"publish","type":"post","link":"https:\/\/agenciainfra.com\/blog\/morre-o-fisico-e-professor-pinguelli-rosa-ex-presidente-da-eletrobras\/","title":{"rendered":"Morre o f\u00edsico e professor Pinguelli Rosa, ex-presidente da Eletrobras"},"content":{"rendered":"\n<p class=\"has-text-align-right\"><strong>Roberto Rockmann, colunista da Ag\u00eancia iNFRA*<\/strong><\/p>\n\n\n\n<p>Faleceu nesta quinta-feira (3), aos 80 anos, Luiz Pinguelli Rosa, professor em\u00e9rito da UFRJ e ex-presidente da Eletrobras (2003-2004). O f\u00edsico esteve presente em momentos marcantes acad\u00eamicos, cient\u00edficos e do setor el\u00e9trico nacional nas \u00faltimas d\u00e9cadas.<\/p>\n\n\n\n<p>Na UFRJ, contribuiu para tornar a Coppe\/UFRJ, da qual foi diretor v\u00e1rias vezes, centro de pesquisa de n\u00edvel mundial. Em energia el\u00e9trica, envolveu-se no projeto da primeira usina nuclear, Angra 1, e em v\u00e1rios projetos da Eletrobras nas d\u00e9cadas posteriores.<\/p>\n\n\n\n<p>\u201cEra um homem \u00edntegro e correto, foi presidente da Eletrobras em um momento dif\u00edcil. Tivemos muitos contatos, divergimos em alguns temas, mas era de s\u00f3lida forma\u00e7\u00e3o. Contratei-o nos anos 90 quando fizemos o primeiro plano de planejamento de longo prazo da empresa\u201d, disse o tamb\u00e9m ex-presidente da estatal Jos\u00e9 Luiz Alqu\u00e9res (1993-1994).<\/p>\n\n\n\n<p>Outro momento marcante se deu no in\u00edcio dos anos 2000. O racionamento de energia el\u00e9trica, que perdurou de junho de 2001 a fevereiro de 2002, fez o candidato do PT \u00e0 elei\u00e7\u00e3o, Luiz In\u00e1cio Lula da Silva, perceber que o assunto estaria no centro da campanha presidencial de 2002. Lula sugeriu a cria\u00e7\u00e3o de um grupo para entender o porqu\u00ea da crise e alinhar sugest\u00f5es para o programa do PT na \u00e1rea.<\/p>\n\n\n\n<p>Pinguelli Rosa foi o principal coordenador do programa em que se atribu\u00eda \u00e0 pol\u00edtica liberal do governo FHC \u2013 que desde 1995 tinha vendido distribuidoras, tentara privatizar geradoras e havia criado o mercado livre \u2013 parte dos problemas que tinham levado ao racionamento. Acreditava que o estado e as estatais deveriam retomar seu lugar de destaque no setor de energia.<\/p>\n\n\n\n<p>De Pinguelli partiu o convite para a ent\u00e3o secret\u00e1ria de Energia ga\u00facha, Dilma Rousseff, participar do grupo que elaboraria sugest\u00f5es para Lula. \u201cAchei interessante ter uma secret\u00e1ria interessada em energia el\u00e9trica nessa discuss\u00e3o. Foi l\u00e1 que eu a apresentei ao Lula na primeira reuni\u00e3o, eles n\u00e3o se conheciam\u201d, recordou-se em entrevista para a apura\u00e7\u00e3o do livro \u201cCurto-Circuito\u201d.<\/p>\n\n\n\n<p>Quando Lula venceu a elei\u00e7\u00e3o, o f\u00edsico esperava se tornar coordenador da transi\u00e7\u00e3o na \u00e1rea de energia entre o governo FHC e o rec\u00e9m-eleito, mas a c\u00fapula petista tinha outros planos. Dilma foi a escolhida. Pinguelli se colocou \u00e0 disposi\u00e7\u00e3o. \u201cAt\u00e9 montei uma sala de telecomunica\u00e7\u00e3o para que pud\u00e9ssemos interagir, eu no Rio, ela em Bras\u00edlia. A sala nunca operou\u201d, relembrou-se.<\/p>\n\n\n\n<p>Dilma foi al\u00e7ada ministra de Minas e Energia, Pinguelli ganhou o comando da Eletrobras, que logo no in\u00edcio do governo Lula em 2003 foi retirada do PND (Programa Nacional de Desestatiza\u00e7\u00e3o). Ficou quase dois anos \u00e0 frente da estatal. Saiu em meio a diverg\u00eancias com Dilma e com o Minist\u00e9rio da Fazenda. Em sua gest\u00e3o, a Eletrobras voltou a trabalhar na retomada dos grandes projetos hidrel\u00e9tricos na regi\u00e3o Norte.<\/p>\n\n\n\n<p>Recebeu diversos pr\u00eamios, entre eles o de personalidade do ano de 2014 da ANP. Foi ainda secret\u00e1rio-executivo do F\u00f3rum Brasileiro de Mudan\u00e7as Clim\u00e1ticas, \u00f3rg\u00e3o cient\u00edfico do governo brasileiro que estuda o problema do aquecimento global e suas implica\u00e7\u00f5es para o pa\u00eds.<\/p>\n\n\n\n<h6 class=\"wp-block-heading\" id=\"block-f323f59b-51bf-4eed-b17b-3c7d3b917007\">*Roberto Rockmann \u00e9 escritor e jornalista. Coautor do livro \u201cCurto-Circuito, quando o Brasil quase ficou \u00e0s escuras\u201d e produtor do podcast quinzenal \u201cGiro Energia\u201d sobre o setor el\u00e9trico. Organizou em 2018 o livro de 20 anos do mercado livre de energia el\u00e9trica, editado pela CCEE (C\u00e2mara de Comercializa\u00e7\u00e3o de Energia El\u00e9trica), al\u00e9m de v\u00e1rios outros livros e trabalhos premiados.<\/h6>\n\n\n\n<p> <strong>As opini\u00f5es dos autores n\u00e3o refletem necessariamente o pensamento da Ag\u00eancia iNFRA, sendo de total responsabilidade do autor as informa\u00e7\u00f5es, ju\u00edzos de valor e conceitos descritos no texto<\/strong>. <\/p>\n","protected":false},"excerpt":{"rendered":"<p>Roberto Rockmann, colunista da Ag\u00eancia iNFRA* Faleceu nesta quinta-feira (3), aos 80 anos, Luiz Pinguelli Rosa, professor em\u00e9rito da UFRJ e ex-presidente da Eletrobras (2003-2004). O f\u00edsico esteve presente em momentos marcantes acad\u00eamicos, cient\u00edficos e do setor el\u00e9trico nacional nas \u00faltimas d\u00e9cadas. Na UFRJ, contribuiu para tornar a Coppe\/UFRJ, da qual foi diretor v\u00e1rias vezes, [&hellip;]<\/p>\n","protected":false},"author":1,"featured_media":9687,"comment_status":"closed","ping_status":"closed","sticky":false,"template":"","format":"standard","meta":{"_monsterinsights_skip_tracking":false,"_monsterinsights_sitenote_active":false,"_monsterinsights_sitenote_note":"","_monsterinsights_sitenote_category":0,"footnotes":""},"categories":[1],"tags":[929,50,25,282,635,580,4401,5289,165,54],"class_list":["post-9686","post","type-post","status-publish","format-standard","has-post-thumbnail","hentry","category-geral","tag-dilma-rousseff","tag-eletrobras","tag-energia","tag-energia-eletrica","tag-hidreletricas","tag-lula","tag-mudancas-climaticas","tag-pinguelli-rosa","tag-pnd","tag-setor-eletrico"],"yoast_head":"<!-- This site is optimized with the Yoast SEO Premium plugin v25.4 (Yoast SEO v26.0) - https:\/\/yoast.com\/wordpress\/plugins\/seo\/ -->\n<title>Morre o f\u00edsico e professor Pinguelli Rosa, ex-presidente da Eletrobras - Ag\u00eancia iNFRA<\/title>\n<meta name=\"robots\" content=\"index, follow, max-snippet:-1, max-image-preview:large, max-video-preview:-1\" \/>\n<link rel=\"canonical\" href=\"https:\/\/agenciainfra.com\/blog\/morre-o-fisico-e-professor-pinguelli-rosa-ex-presidente-da-eletrobras\/\" \/>\n<meta property=\"og:locale\" content=\"pt_BR\" \/>\n<meta property=\"og:type\" content=\"article\" \/>\n<meta property=\"og:title\" content=\"Morre o f\u00edsico e professor Pinguelli Rosa, ex-presidente da Eletrobras\" \/>\n<meta property=\"og:description\" content=\"Roberto Rockmann, colunista da Ag\u00eancia iNFRA* Faleceu nesta quinta-feira (3), aos 80 anos, Luiz Pinguelli Rosa, professor em\u00e9rito da UFRJ e ex-presidente da Eletrobras (2003-2004). O f\u00edsico esteve presente em momentos marcantes acad\u00eamicos, cient\u00edficos e do setor el\u00e9trico nacional nas \u00faltimas d\u00e9cadas. Na UFRJ, contribuiu para tornar a Coppe\/UFRJ, da qual foi diretor v\u00e1rias vezes, [&hellip;]\" \/>\n<meta property=\"og:url\" content=\"https:\/\/agenciainfra.com\/blog\/morre-o-fisico-e-professor-pinguelli-rosa-ex-presidente-da-eletrobras\/\" \/>\n<meta property=\"og:site_name\" content=\"Ag\u00eancia iNFRA\" \/>\n<meta property=\"article:publisher\" content=\"https:\/\/www.facebook.com\/ageninfra\" \/>\n<meta property=\"article:published_time\" content=\"2022-03-04T12:00:00+00:00\" \/>\n<meta property=\"og:image\" content=\"https:\/\/agenciainfra.com\/blog\/wp-content\/uploads\/2022\/03\/pinguelli-rosa-foto-edilson-rodrigues-agencia-senado.jpg\" \/>\n\t<meta property=\"og:image:width\" content=\"1828\" \/>\n\t<meta property=\"og:image:height\" content=\"1199\" \/>\n\t<meta property=\"og:image:type\" content=\"image\/jpeg\" \/>\n<meta name=\"author\" content=\"Ag\u00eancia iNFRA\" \/>\n<meta name=\"twitter:card\" content=\"summary_large_image\" \/>\n<meta name=\"twitter:creator\" content=\"@agencia_infra\" \/>\n<meta name=\"twitter:site\" content=\"@agencia_infra\" \/>\n<meta name=\"twitter:label1\" content=\"Escrito por\" \/>\n\t<meta name=\"twitter:data1\" content=\"Ag\u00eancia iNFRA\" \/>\n\t<meta name=\"twitter:label2\" content=\"Est. tempo de leitura\" \/>\n\t<meta name=\"twitter:data2\" content=\"3 minutos\" \/>\n<script type=\"application\/ld+json\" class=\"yoast-schema-graph\">{\"@context\":\"https:\/\/schema.org\",\"@graph\":[{\"@type\":\"Article\",\"@id\":\"https:\/\/agenciainfra.com\/blog\/morre-o-fisico-e-professor-pinguelli-rosa-ex-presidente-da-eletrobras\/#article\",\"isPartOf\":{\"@id\":\"https:\/\/agenciainfra.com\/blog\/morre-o-fisico-e-professor-pinguelli-rosa-ex-presidente-da-eletrobras\/\"},\"author\":{\"name\":\"Ag\u00eancia iNFRA\",\"@id\":\"https:\/\/agenciainfra.com\/blog\/#\/schema\/person\/34af08dff6adea4cb22b06612ba7acfa\"},\"headline\":\"Morre o f\u00edsico e professor Pinguelli Rosa, ex-presidente da Eletrobras\",\"datePublished\":\"2022-03-04T12:00:00+00:00\",\"mainEntityOfPage\":{\"@id\":\"https:\/\/agenciainfra.com\/blog\/morre-o-fisico-e-professor-pinguelli-rosa-ex-presidente-da-eletrobras\/\"},\"wordCount\":646,\"publisher\":{\"@id\":\"https:\/\/agenciainfra.com\/blog\/#organization\"},\"image\":{\"@id\":\"https:\/\/agenciainfra.com\/blog\/morre-o-fisico-e-professor-pinguelli-rosa-ex-presidente-da-eletrobras\/#primaryimage\"},\"thumbnailUrl\":\"https:\/\/agenciainfra.com\/blog\/wp-content\/uploads\/2022\/03\/pinguelli-rosa-foto-edilson-rodrigues-agencia-senado.jpg\",\"keywords\":[\"Dilma Rousseff\",\"Eletrobras\",\"energia\",\"energia el\u00e9trica\",\"Hidrel\u00e9tricas\",\"Lula\",\"mudan\u00e7as clim\u00e1ticas\",\"Pinguelli Rosa\",\"PND\",\"Setor El\u00e9trico\"],\"articleSection\":[\"Geral\"],\"inLanguage\":\"pt-BR\",\"copyrightYear\":\"2022\",\"copyrightHolder\":{\"@id\":\"https:\/\/agenciainfra.com\/blog\/#organization\"}},{\"@type\":\"WebPage\",\"@id\":\"https:\/\/agenciainfra.com\/blog\/morre-o-fisico-e-professor-pinguelli-rosa-ex-presidente-da-eletrobras\/\",\"url\":\"https:\/\/agenciainfra.com\/blog\/morre-o-fisico-e-professor-pinguelli-rosa-ex-presidente-da-eletrobras\/\",\"name\":\"Morre o f\u00edsico e professor Pinguelli Rosa, ex-presidente da Eletrobras - Ag\u00eancia iNFRA\",\"isPartOf\":{\"@id\":\"https:\/\/agenciainfra.com\/blog\/#website\"},\"primaryImageOfPage\":{\"@id\":\"https:\/\/agenciainfra.com\/blog\/morre-o-fisico-e-professor-pinguelli-rosa-ex-presidente-da-eletrobras\/#primaryimage\"},\"image\":{\"@id\":\"https:\/\/agenciainfra.com\/blog\/morre-o-fisico-e-professor-pinguelli-rosa-ex-presidente-da-eletrobras\/#primaryimage\"},\"thumbnailUrl\":\"https:\/\/agenciainfra.com\/blog\/wp-content\/uploads\/2022\/03\/pinguelli-rosa-foto-edilson-rodrigues-agencia-senado.jpg\",\"datePublished\":\"2022-03-04T12:00:00+00:00\",\"breadcrumb\":{\"@id\":\"https:\/\/agenciainfra.com\/blog\/morre-o-fisico-e-professor-pinguelli-rosa-ex-presidente-da-eletrobras\/#breadcrumb\"},\"inLanguage\":\"pt-BR\",\"potentialAction\":[{\"@type\":\"ReadAction\",\"target\":[\"https:\/\/agenciainfra.com\/blog\/morre-o-fisico-e-professor-pinguelli-rosa-ex-presidente-da-eletrobras\/\"]}]},{\"@type\":\"ImageObject\",\"inLanguage\":\"pt-BR\",\"@id\":\"https:\/\/agenciainfra.com\/blog\/morre-o-fisico-e-professor-pinguelli-rosa-ex-presidente-da-eletrobras\/#primaryimage\",\"url\":\"https:\/\/agenciainfra.com\/blog\/wp-content\/uploads\/2022\/03\/pinguelli-rosa-foto-edilson-rodrigues-agencia-senado.jpg\",\"contentUrl\":\"https:\/\/agenciainfra.com\/blog\/wp-content\/uploads\/2022\/03\/pinguelli-rosa-foto-edilson-rodrigues-agencia-senado.jpg\",\"width\":1828,\"height\":1199,\"caption\":\"Comiss\u00e3o Mista Permanente sobre Mudan\u00e7as Clim\u00e1ticas (CMMC) realiza audi\u00eancia p\u00fablica interativa para apresenta\u00e7\u00e3o do Projeto do F\u00f3rum Brasileiro de Mudan\u00e7as Clim\u00e1ticas. Em pronunciamento, o secret\u00e1rio executivo do F\u00f3rum Brasileiro de Mudan\u00e7as Clim\u00e1ticas (FBMC), Luiz Pinguelli Rosa. Foto: Edilson Rodrigues\/Ag\u00eancia Senado\"},{\"@type\":\"BreadcrumbList\",\"@id\":\"https:\/\/agenciainfra.com\/blog\/morre-o-fisico-e-professor-pinguelli-rosa-ex-presidente-da-eletrobras\/#breadcrumb\",\"itemListElement\":[{\"@type\":\"ListItem\",\"position\":1,\"name\":\"In\u00edcio\",\"item\":\"https:\/\/agenciainfra.com\/blog\/\"},{\"@type\":\"ListItem\",\"position\":2,\"name\":\"Morre o f\u00edsico e professor Pinguelli Rosa, ex-presidente da Eletrobras\"}]},{\"@type\":\"WebSite\",\"@id\":\"https:\/\/agenciainfra.com\/blog\/#website\",\"url\":\"https:\/\/agenciainfra.com\/blog\/\",\"name\":\"Ag\u00eancia iNFRA\",\"description\":\"Multiplataforma de informa\u00e7\u00e3o jornal\u00edstica refer\u00eancia na \u00e1rea de infraestrutura no Brasil!\",\"publisher\":{\"@id\":\"https:\/\/agenciainfra.com\/blog\/#organization\"},\"potentialAction\":[{\"@type\":\"SearchAction\",\"target\":{\"@type\":\"EntryPoint\",\"urlTemplate\":\"https:\/\/agenciainfra.com\/blog\/?s={search_term_string}\"},\"query-input\":{\"@type\":\"PropertyValueSpecification\",\"valueRequired\":true,\"valueName\":\"search_term_string\"}}],\"inLanguage\":\"pt-BR\"},{\"@type\":\"Organization\",\"@id\":\"https:\/\/agenciainfra.com\/blog\/#organization\",\"name\":\"Ag\u00eancia iNFRA\",\"url\":\"https:\/\/agenciainfra.com\/blog\/\",\"logo\":{\"@type\":\"ImageObject\",\"inLanguage\":\"pt-BR\",\"@id\":\"https:\/\/agenciainfra.com\/blog\/#\/schema\/logo\/image\/\",\"url\":\"https:\/\/agenciainfra.com\/blog\/wp-content\/uploads\/2023\/09\/iNFRA_5-e1761735885940.png\",\"contentUrl\":\"https:\/\/agenciainfra.com\/blog\/wp-content\/uploads\/2023\/09\/iNFRA_5-e1761735885940.png\",\"width\":1672,\"height\":454,\"caption\":\"Ag\u00eancia iNFRA\"},\"image\":{\"@id\":\"https:\/\/agenciainfra.com\/blog\/#\/schema\/logo\/image\/\"},\"sameAs\":[\"https:\/\/www.facebook.com\/ageninfra\",\"https:\/\/x.com\/agencia_infra\",\"https:\/\/www.linkedin.com\/company\/ag\u00eanciainfra\/\",\"https:\/\/www.instagram.com\/agenciainfra\/\"]},{\"@type\":\"Person\",\"@id\":\"https:\/\/agenciainfra.com\/blog\/#\/schema\/person\/34af08dff6adea4cb22b06612ba7acfa\",\"name\":\"Ag\u00eancia iNFRA\",\"image\":{\"@type\":\"ImageObject\",\"inLanguage\":\"pt-BR\",\"@id\":\"https:\/\/agenciainfra.com\/blog\/#\/schema\/person\/image\/\",\"url\":\"https:\/\/secure.gravatar.com\/avatar\/d189e01678f06d8eb84d4e01f08eb848b3fffe3f8443818d3c356c66892f5be8?s=96&d=mm&r=g\",\"contentUrl\":\"https:\/\/secure.gravatar.com\/avatar\/d189e01678f06d8eb84d4e01f08eb848b3fffe3f8443818d3c356c66892f5be8?s=96&d=mm&r=g\",\"caption\":\"Ag\u00eancia iNFRA\"},\"url\":\"https:\/\/agenciainfra.com\/blog\/author\/admin\/\"}]}<\/script>\n<!-- \/ Yoast SEO Premium plugin. -->","yoast_head_json":{"title":"Morre o f\u00edsico e professor Pinguelli Rosa, ex-presidente da Eletrobras - Ag\u00eancia iNFRA","robots":{"index":"index","follow":"follow","max-snippet":"max-snippet:-1","max-image-preview":"max-image-preview:large","max-video-preview":"max-video-preview:-1"},"canonical":"https:\/\/agenciainfra.com\/blog\/morre-o-fisico-e-professor-pinguelli-rosa-ex-presidente-da-eletrobras\/","og_locale":"pt_BR","og_type":"article","og_title":"Morre o f\u00edsico e professor Pinguelli Rosa, ex-presidente da Eletrobras","og_description":"Roberto Rockmann, colunista da Ag\u00eancia iNFRA* Faleceu nesta quinta-feira (3), aos 80 anos, Luiz Pinguelli Rosa, professor em\u00e9rito da UFRJ e ex-presidente da Eletrobras (2003-2004). O f\u00edsico esteve presente em momentos marcantes acad\u00eamicos, cient\u00edficos e do setor el\u00e9trico nacional nas \u00faltimas d\u00e9cadas. Na UFRJ, contribuiu para tornar a Coppe\/UFRJ, da qual foi diretor v\u00e1rias vezes, [&hellip;]","og_url":"https:\/\/agenciainfra.com\/blog\/morre-o-fisico-e-professor-pinguelli-rosa-ex-presidente-da-eletrobras\/","og_site_name":"Ag\u00eancia iNFRA","article_publisher":"https:\/\/www.facebook.com\/ageninfra","article_published_time":"2022-03-04T12:00:00+00:00","og_image":[{"width":1828,"height":1199,"url":"https:\/\/agenciainfra.com\/blog\/wp-content\/uploads\/2022\/03\/pinguelli-rosa-foto-edilson-rodrigues-agencia-senado.jpg","type":"image\/jpeg"}],"author":"Ag\u00eancia iNFRA","twitter_card":"summary_large_image","twitter_creator":"@agencia_infra","twitter_site":"@agencia_infra","twitter_misc":{"Escrito por":"Ag\u00eancia iNFRA","Est. tempo de leitura":"3 minutos"},"schema":{"@context":"https:\/\/schema.org","@graph":[{"@type":"Article","@id":"https:\/\/agenciainfra.com\/blog\/morre-o-fisico-e-professor-pinguelli-rosa-ex-presidente-da-eletrobras\/#article","isPartOf":{"@id":"https:\/\/agenciainfra.com\/blog\/morre-o-fisico-e-professor-pinguelli-rosa-ex-presidente-da-eletrobras\/"},"author":{"name":"Ag\u00eancia iNFRA","@id":"https:\/\/agenciainfra.com\/blog\/#\/schema\/person\/34af08dff6adea4cb22b06612ba7acfa"},"headline":"Morre o f\u00edsico e professor Pinguelli Rosa, ex-presidente da Eletrobras","datePublished":"2022-03-04T12:00:00+00:00","mainEntityOfPage":{"@id":"https:\/\/agenciainfra.com\/blog\/morre-o-fisico-e-professor-pinguelli-rosa-ex-presidente-da-eletrobras\/"},"wordCount":646,"publisher":{"@id":"https:\/\/agenciainfra.com\/blog\/#organization"},"image":{"@id":"https:\/\/agenciainfra.com\/blog\/morre-o-fisico-e-professor-pinguelli-rosa-ex-presidente-da-eletrobras\/#primaryimage"},"thumbnailUrl":"https:\/\/agenciainfra.com\/blog\/wp-content\/uploads\/2022\/03\/pinguelli-rosa-foto-edilson-rodrigues-agencia-senado.jpg","keywords":["Dilma Rousseff","Eletrobras","energia","energia el\u00e9trica","Hidrel\u00e9tricas","Lula","mudan\u00e7as clim\u00e1ticas","Pinguelli Rosa","PND","Setor El\u00e9trico"],"articleSection":["Geral"],"inLanguage":"pt-BR","copyrightYear":"2022","copyrightHolder":{"@id":"https:\/\/agenciainfra.com\/blog\/#organization"}},{"@type":"WebPage","@id":"https:\/\/agenciainfra.com\/blog\/morre-o-fisico-e-professor-pinguelli-rosa-ex-presidente-da-eletrobras\/","url":"https:\/\/agenciainfra.com\/blog\/morre-o-fisico-e-professor-pinguelli-rosa-ex-presidente-da-eletrobras\/","name":"Morre o f\u00edsico e professor Pinguelli Rosa, ex-presidente da Eletrobras - Ag\u00eancia iNFRA","isPartOf":{"@id":"https:\/\/agenciainfra.com\/blog\/#website"},"primaryImageOfPage":{"@id":"https:\/\/agenciainfra.com\/blog\/morre-o-fisico-e-professor-pinguelli-rosa-ex-presidente-da-eletrobras\/#primaryimage"},"image":{"@id":"https:\/\/agenciainfra.com\/blog\/morre-o-fisico-e-professor-pinguelli-rosa-ex-presidente-da-eletrobras\/#primaryimage"},"thumbnailUrl":"https:\/\/agenciainfra.com\/blog\/wp-content\/uploads\/2022\/03\/pinguelli-rosa-foto-edilson-rodrigues-agencia-senado.jpg","datePublished":"2022-03-04T12:00:00+00:00","breadcrumb":{"@id":"https:\/\/agenciainfra.com\/blog\/morre-o-fisico-e-professor-pinguelli-rosa-ex-presidente-da-eletrobras\/#breadcrumb"},"inLanguage":"pt-BR","potentialAction":[{"@type":"ReadAction","target":["https:\/\/agenciainfra.com\/blog\/morre-o-fisico-e-professor-pinguelli-rosa-ex-presidente-da-eletrobras\/"]}]},{"@type":"ImageObject","inLanguage":"pt-BR","@id":"https:\/\/agenciainfra.com\/blog\/morre-o-fisico-e-professor-pinguelli-rosa-ex-presidente-da-eletrobras\/#primaryimage","url":"https:\/\/agenciainfra.com\/blog\/wp-content\/uploads\/2022\/03\/pinguelli-rosa-foto-edilson-rodrigues-agencia-senado.jpg","contentUrl":"https:\/\/agenciainfra.com\/blog\/wp-content\/uploads\/2022\/03\/pinguelli-rosa-foto-edilson-rodrigues-agencia-senado.jpg","width":1828,"height":1199,"caption":"Comiss\u00e3o Mista Permanente sobre Mudan\u00e7as Clim\u00e1ticas (CMMC) realiza audi\u00eancia p\u00fablica interativa para apresenta\u00e7\u00e3o do Projeto do F\u00f3rum Brasileiro de Mudan\u00e7as Clim\u00e1ticas. Em pronunciamento, o secret\u00e1rio executivo do F\u00f3rum Brasileiro de Mudan\u00e7as Clim\u00e1ticas (FBMC), Luiz Pinguelli Rosa. Foto: Edilson Rodrigues\/Ag\u00eancia Senado"},{"@type":"BreadcrumbList","@id":"https:\/\/agenciainfra.com\/blog\/morre-o-fisico-e-professor-pinguelli-rosa-ex-presidente-da-eletrobras\/#breadcrumb","itemListElement":[{"@type":"ListItem","position":1,"name":"In\u00edcio","item":"https:\/\/agenciainfra.com\/blog\/"},{"@type":"ListItem","position":2,"name":"Morre o f\u00edsico e professor Pinguelli Rosa, ex-presidente da Eletrobras"}]},{"@type":"WebSite","@id":"https:\/\/agenciainfra.com\/blog\/#website","url":"https:\/\/agenciainfra.com\/blog\/","name":"Ag\u00eancia iNFRA","description":"Multiplataforma de informa\u00e7\u00e3o jornal\u00edstica refer\u00eancia na \u00e1rea de infraestrutura no Brasil!","publisher":{"@id":"https:\/\/agenciainfra.com\/blog\/#organization"},"potentialAction":[{"@type":"SearchAction","target":{"@type":"EntryPoint","urlTemplate":"https:\/\/agenciainfra.com\/blog\/?s={search_term_string}"},"query-input":{"@type":"PropertyValueSpecification","valueRequired":true,"valueName":"search_term_string"}}],"inLanguage":"pt-BR"},{"@type":"Organization","@id":"https:\/\/agenciainfra.com\/blog\/#organization","name":"Ag\u00eancia iNFRA","url":"https:\/\/agenciainfra.com\/blog\/","logo":{"@type":"ImageObject","inLanguage":"pt-BR","@id":"https:\/\/agenciainfra.com\/blog\/#\/schema\/logo\/image\/","url":"https:\/\/agenciainfra.com\/blog\/wp-content\/uploads\/2023\/09\/iNFRA_5-e1761735885940.png","contentUrl":"https:\/\/agenciainfra.com\/blog\/wp-content\/uploads\/2023\/09\/iNFRA_5-e1761735885940.png","width":1672,"height":454,"caption":"Ag\u00eancia iNFRA"},"image":{"@id":"https:\/\/agenciainfra.com\/blog\/#\/schema\/logo\/image\/"},"sameAs":["https:\/\/www.facebook.com\/ageninfra","https:\/\/x.com\/agencia_infra","https:\/\/www.linkedin.com\/company\/ag\u00eanciainfra\/","https:\/\/www.instagram.com\/agenciainfra\/"]},{"@type":"Person","@id":"https:\/\/agenciainfra.com\/blog\/#\/schema\/person\/34af08dff6adea4cb22b06612ba7acfa","name":"Ag\u00eancia iNFRA","image":{"@type":"ImageObject","inLanguage":"pt-BR","@id":"https:\/\/agenciainfra.com\/blog\/#\/schema\/person\/image\/","url":"https:\/\/secure.gravatar.com\/avatar\/d189e01678f06d8eb84d4e01f08eb848b3fffe3f8443818d3c356c66892f5be8?s=96&d=mm&r=g","contentUrl":"https:\/\/secure.gravatar.com\/avatar\/d189e01678f06d8eb84d4e01f08eb848b3fffe3f8443818d3c356c66892f5be8?s=96&d=mm&r=g","caption":"Ag\u00eancia iNFRA"},"url":"https:\/\/agenciainfra.com\/blog\/author\/admin\/"}]}},"_links":{"self":[{"href":"https:\/\/agenciainfra.com\/blog\/wp-json\/wp\/v2\/posts\/9686","targetHints":{"allow":["GET"]}}],"collection":[{"href":"https:\/\/agenciainfra.com\/blog\/wp-json\/wp\/v2\/posts"}],"about":[{"href":"https:\/\/agenciainfra.com\/blog\/wp-json\/wp\/v2\/types\/post"}],"author":[{"embeddable":true,"href":"https:\/\/agenciainfra.com\/blog\/wp-json\/wp\/v2\/users\/1"}],"replies":[{"embeddable":true,"href":"https:\/\/agenciainfra.com\/blog\/wp-json\/wp\/v2\/comments?post=9686"}],"version-history":[{"count":0,"href":"https:\/\/agenciainfra.com\/blog\/wp-json\/wp\/v2\/posts\/9686\/revisions"}],"wp:featuredmedia":[{"embeddable":true,"href":"https:\/\/agenciainfra.com\/blog\/wp-json\/wp\/v2\/media\/9687"}],"wp:attachment":[{"href":"https:\/\/agenciainfra.com\/blog\/wp-json\/wp\/v2\/media?parent=9686"}],"wp:term":[{"taxonomy":"category","embeddable":true,"href":"https:\/\/agenciainfra.com\/blog\/wp-json\/wp\/v2\/categories?post=9686"},{"taxonomy":"post_tag","embeddable":true,"href":"https:\/\/agenciainfra.com\/blog\/wp-json\/wp\/v2\/tags?post=9686"}],"curies":[{"name":"wp","href":"https:\/\/api.w.org\/{rel}","templated":true}]}}