{"id":9690,"date":"2022-03-07T08:00:00","date_gmt":"2022-03-07T11:00:00","guid":{"rendered":"https:\/\/www.agenciainfra.com\/blog\/?p=9690"},"modified":"2025-05-07T08:23:21","modified_gmt":"2025-05-07T11:23:21","slug":"alteracoes-no-icms-de-combustiveis-sao-muito-importantes-diz-ceo-da-vibra","status":"publish","type":"post","link":"https:\/\/agenciainfra.com\/blog\/alteracoes-no-icms-de-combustiveis-sao-muito-importantes-diz-ceo-da-vibra\/","title":{"rendered":"Altera\u00e7\u00f5es no ICMS de combust\u00edveis &#8220;s\u00e3o muito importantes&#8221;, diz CEO da Vibra"},"content":{"rendered":"\n<p class=\"has-text-align-right\"><strong>Ludmylla Rocha, da&nbsp;Ag\u00eancia iNFRA<\/strong><\/p>\n\n\n\n<p>O presidente da Vibra Energia, Wilson Ferreira Jr., afirmou na \u00faltima quinta-feira (3) que as mudan\u00e7as na cobran\u00e7a de ICMS sobre combust\u00edveis previstas no\u00a0<a rel=\"noreferrer noopener\" href=\"https:\/\/agenciainfra.us14.list-manage.com\/track\/click?u=d460dd1bcf9ba0ae040e1fc0f&amp;id=c352445647&amp;e=8d54f1ad19\" target=\"_blank\">PLP 11\/2020<\/a>, que deve ser votado no Senado nesta semana, &#8220;s\u00e3o muito importantes&#8221; para este mercado e est\u00e3o sendo realizadas num bom momento.<\/p>\n\n\n\n<p>&#8220;Seria o momento certo para fazer, inclusive, agora e parar com essa volatilidade exagerada do pre\u00e7o dos combust\u00edveis&#8221;, disse \u00e0&nbsp;<strong>Ag\u00eancia iNFRA<\/strong>. Ele defendeu que a op\u00e7\u00e3o de cobran\u00e7a por&nbsp;<em>ad rem<\/em>&nbsp;(valor em reais por litro) em vez de&nbsp;<em>ad valorem<\/em>&nbsp;(percentual sobre o pre\u00e7o da venda) contribuir\u00e1 para maior estabilidade nos pre\u00e7os.<\/p>\n\n\n\n<p>\u201cNum momento como este aqui, de grande dificuldade, voc\u00ea deve ter visto que no ano passado todos os estados acabaram tendo arrecada\u00e7\u00e3o maior em grande medida aqui por conta de que a vida voltou, a atividade econ\u00f4mica voltou, consumiu-se combust\u00edvel, o combust\u00edvel subiu e a arrecada\u00e7\u00e3o de imposto subiu na mesma propor\u00e7\u00e3o. Ent\u00e3o se recebia mais. Isso parece ser algo que, num ambiente de recupera\u00e7\u00e3o econ\u00f4mica, claramente n\u00e3o gera efici\u00eancia m\u00e1xima\u201d, opinou.<\/p>\n\n\n\n<p>O ex-presidente da Eletrobras tamb\u00e9m elogiou a iniciativa de cobrar o imposto monofasicamente, apenas do produtor. &#8220;Vai permitir que a gente tenha no tempo pelo menos uma al\u00edquota at\u00e9 menor, mesmo que fixa, se voc\u00ea tiver uma efici\u00eancia maior na arrecada\u00e7\u00e3o. Ent\u00e3o s\u00e3o duas coisas que a gente acredita que v\u00e3o ser muito importantes: o debate e que elas aconte\u00e7am&#8221;, disse, atribuindo o avan\u00e7o \u00e0 queda de sonega\u00e7\u00e3o.<\/p>\n\n\n\n<p><strong>Fundo de estabiliza\u00e7\u00e3o de pre\u00e7os<\/strong><br>Questionado sobre o outro projeto que deve ser pautado sobre o tema, o&nbsp;<a href=\"https:\/\/agenciainfra.us14.list-manage.com\/track\/click?u=d460dd1bcf9ba0ae040e1fc0f&amp;id=f439ff6260&amp;e=8d54f1ad19\" target=\"_blank\" rel=\"noreferrer noopener\">PL 1.472\/2021<\/a>, que cria um fundo de estabiliza\u00e7\u00e3o de pre\u00e7os de combust\u00edveis, Ferreira disse que o tema \u00e9 controverso, e que experi\u00eancias no exterior n\u00e3o t\u00eam sido bem-sucedidas. &#8220;Talvez existam instrumentos melhores para fazer isso&#8221;, avaliou.<\/p>\n\n\n\n<p>Ele considera mais eficientes as iniciativas que foram em parcelas da popula\u00e7\u00e3o que s\u00e3o mais vulner\u00e1veis e, portanto, mais afetadas proporcionalmente pela alta de pre\u00e7os dos combust\u00edveis, \u201csen\u00e3o todo mundo recebe\u201d independentemente da renda.<\/p>\n\n\n\n<p><strong>Oscila\u00e7\u00e3o no pre\u00e7o do petr\u00f3leo<\/strong><br>Para Ferreira, opinar sobre a crise na Ucr\u00e2nia \u00e9 algo muito incerto, mas, caso a guerra termine logo, o pre\u00e7o do barril deve se estabilizar, voltando ao patamar anterior. \u201cO petr\u00f3leo est\u00e1 mais caro, assim como o d\u00f3lar est\u00e1 se valorizando no mundo inteiro, por conta do risco da guerra. Acredito que, obviamente, voc\u00ea est\u00e1 com um cen\u00e1rio que voc\u00ea est\u00e1 com uma conjuntura muito ruim. [&#8230;] Ent\u00e3o trabalho com a hip\u00f3tese de, se a guerra acabar, [&#8230;] isso deve trazer os pre\u00e7os de novo para a normalidade, que seria algo ali normalmente abaixo de US$ 100 [o barril], idealmente pr\u00f3ximo de US$ 80, se fosse uma coisa de equil\u00edbrio, mas abaixo de US$ 100.\u201d<\/p>\n\n\n\n<p>Caso o conflito se estenda, por\u00e9m, ele v\u00ea que a Petrobras deve agir de forma mais incisiva em rela\u00e7\u00e3o aos pre\u00e7os. \u201cA Petrobras n\u00e3o olha s\u00f3 o pre\u00e7o do petr\u00f3leo, ela olha o pre\u00e7o do petr\u00f3leo multiplicado pelo c\u00e2mbio. [O c\u00e2mbio] est\u00e1 permitindo-a segurar um pouco. Se n\u00e3o houver esse arrefecimento, eu acredito que ela v\u00e1 ajustar tanto a gasolina quanto o diesel\u201d, avaliou.<\/p>\n\n\n\n<p>O CEO explicou ainda que essa defini\u00e7\u00e3o, no entanto, n\u00e3o depende s\u00f3 da estatal de petr\u00f3leo. \u201c\u00c9 uma coisa que n\u00e3o \u00e9 da responsabilidade dela. Ela, de alguma maneira, \u00e9 complementada por n\u00f3s. Somos importadores, ent\u00e3o o volume inteiro de combust\u00edvel, de diesel, da gasolina \u00e9 da Petrobras e do volume das distribuidoras que importam. E, obviamente, o pre\u00e7o final \u00e9 decorrente de um mix que a gente est\u00e1 comprando hoje um pouco mais barato da Petrobras do que do mercado internacional, mas est\u00e1 incorporando uma coisa \u00e0 outra.\u201d<\/p>\n\n\n\n<p><strong>Abertura do mercado de energia<\/strong><br>O l\u00edder da companhia tamb\u00e9m comentou o avan\u00e7o da empresa rumo ao mercado de energia el\u00e9trica por meio da assun\u00e7\u00e3o da Comerc e da Targus \u2013 o que criou a maior comercializadora de eletricidade do pa\u00eds. A Comerc&nbsp;<a href=\"https:\/\/agenciainfra.us14.list-manage.com\/track\/click?u=d460dd1bcf9ba0ae040e1fc0f&amp;id=16a7c1e13d&amp;e=8d54f1ad19\" target=\"_blank\" rel=\"noreferrer noopener\">foi notificada<\/a>&nbsp;da inten\u00e7\u00e3o de aquisi\u00e7\u00e3o por parte da Vibra na quarta-feira (2).<\/p>\n\n\n\n<p>Ele explicou que a iniciativa independe do prazo que for fixado pelas novas legisla\u00e7\u00f5es para abertura desse mercado. Para ele, &#8220;\u00e9 uma quest\u00e3o de tempo&#8221;. &#8220;Esse mercado vai sim se abrir porque \u00e9 o que est\u00e1 acontecendo no mundo inteiro&#8221;, completou.<\/p>\n\n\n\n<p>&#8220;Se voc\u00ea me perguntar: voc\u00eas olharam os PLs que est\u00e3o em discuss\u00e3o? \u00d3bvio que a gente deu uma olhada, mas n\u00f3s n\u00e3o tomamos a decis\u00e3o com base nisso&#8221;, disse sobre os dois projetos de lei em tramita\u00e7\u00e3o que tratam do assunto: o&nbsp;<a href=\"https:\/\/agenciainfra.us14.list-manage.com\/track\/click?u=d460dd1bcf9ba0ae040e1fc0f&amp;id=4ea84c1116&amp;e=8d54f1ad19\" target=\"_blank\" rel=\"noreferrer noopener\">PL 414\/2021<\/a>, defendido pelo governo, e o&nbsp;<a href=\"https:\/\/agenciainfra.us14.list-manage.com\/track\/click?u=d460dd1bcf9ba0ae040e1fc0f&amp;id=f942d906b7&amp;e=8d54f1ad19\" target=\"_blank\" rel=\"noreferrer noopener\">PL 1.917\/2015<\/a>, ambos na C\u00e2mara dos Deputados.<\/p>\n\n\n\n<p><strong>Integra\u00e7\u00e3o de clientes<\/strong><br>Ferreira explicou que, inicialmente, a companhia j\u00e1 conta com um mercado pr\u00f3prio de clientes que podem ser incorporados: 18 mil clientes corporativos, 30 milh\u00f5es de consumidores que passam nos postos e os pr\u00f3prios 8.127 postos de combust\u00edveis.<\/p>\n\n\n\n<p>&#8220;N\u00f3s queremos adicionar \u00e0 nossa plataforma de combust\u00edveis, que \u00e9 a maior de todas, as energias que os consumidores v\u00e3o querer daqui pra frente&#8221;, disse. &#8220;[N\u00f3s queremos] continuar crescendo tendo uma perspectiva de longo prazo, e ela significa que a gente precisa diversificar o nosso portf\u00f3lio, aumentar o nosso portf\u00f3lio, para quando o cliente falar que mol\u00e9cula el\u00e9tron quer, onde ele quer, a gente vai originar e entregar&#8221;, completou.<\/p>\n","protected":false},"excerpt":{"rendered":"<p>Ludmylla Rocha, da&nbsp;Ag\u00eancia iNFRA O presidente da Vibra Energia, Wilson Ferreira Jr., afirmou na \u00faltima quinta-feira (3) que as mudan\u00e7as na cobran\u00e7a de ICMS sobre combust\u00edveis previstas no\u00a0PLP 11\/2020, que deve ser votado no Senado nesta semana, &#8220;s\u00e3o muito importantes&#8221; para este mercado e est\u00e3o sendo realizadas num bom momento. &#8220;Seria o momento certo para [&hellip;]<\/p>\n","protected":false},"author":1,"featured_media":9691,"comment_status":"closed","ping_status":"closed","sticky":false,"template":"","format":"standard","meta":{"_monsterinsights_skip_tracking":false,"_monsterinsights_sitenote_active":false,"_monsterinsights_sitenote_note":"","_monsterinsights_sitenote_category":0,"footnotes":""},"categories":[1,10,13271],"tags":[314,5292,1521,38,213,5291,5290,5163,5258,98],"class_list":["post-9690","post","type-post","status-publish","format-standard","has-post-thumbnail","hentry","category-geral","category-infraenergia","category-oleo-gas","tag-combustiveis","tag-guerra-na-ucrania","tag-icms","tag-mercado-de-energia","tag-petroleo","tag-pl-1472-2021","tag-plp-11-2020","tag-preco-dos-combustiveis","tag-vibra-energia","tag-wilson-ferreira"],"yoast_head":"<!-- This site is optimized with the Yoast SEO Premium plugin v25.4 (Yoast SEO v26.0) - https:\/\/yoast.com\/wordpress\/plugins\/seo\/ -->\n<title>Altera\u00e7\u00f5es no ICMS de combust\u00edveis &quot;s\u00e3o muito importantes&quot;, diz CEO da Vibra - Ag\u00eancia iNFRA<\/title>\n<meta name=\"robots\" content=\"index, follow, max-snippet:-1, max-image-preview:large, max-video-preview:-1\" \/>\n<link rel=\"canonical\" href=\"https:\/\/agenciainfra.com\/blog\/alteracoes-no-icms-de-combustiveis-sao-muito-importantes-diz-ceo-da-vibra\/\" \/>\n<meta property=\"og:locale\" content=\"pt_BR\" \/>\n<meta property=\"og:type\" content=\"article\" \/>\n<meta property=\"og:title\" content=\"Altera\u00e7\u00f5es no ICMS de combust\u00edveis &quot;s\u00e3o muito importantes&quot;, diz CEO da Vibra\" \/>\n<meta property=\"og:description\" content=\"Ludmylla Rocha, da&nbsp;Ag\u00eancia iNFRA O presidente da Vibra Energia, Wilson Ferreira Jr., afirmou na \u00faltima quinta-feira (3) que as mudan\u00e7as na cobran\u00e7a de ICMS sobre combust\u00edveis previstas no\u00a0PLP 11\/2020, que deve ser votado no Senado nesta semana, &#8220;s\u00e3o muito importantes&#8221; para este mercado e est\u00e3o sendo realizadas num bom momento. &#8220;Seria o momento certo para [&hellip;]\" \/>\n<meta property=\"og:url\" content=\"https:\/\/agenciainfra.com\/blog\/alteracoes-no-icms-de-combustiveis-sao-muito-importantes-diz-ceo-da-vibra\/\" \/>\n<meta property=\"og:site_name\" content=\"Ag\u00eancia iNFRA\" \/>\n<meta property=\"article:publisher\" content=\"https:\/\/www.facebook.com\/ageninfra\" \/>\n<meta property=\"article:published_time\" content=\"2022-03-07T11:00:00+00:00\" \/>\n<meta property=\"article:modified_time\" content=\"2025-05-07T11:23:21+00:00\" \/>\n<meta property=\"og:image\" content=\"https:\/\/agenciainfra.com\/blog\/wp-content\/uploads\/2022\/03\/wilson-ferreira-junior-foto-tomaz-silva-agencia-brasil.jpg\" \/>\n\t<meta property=\"og:image:width\" content=\"1280\" \/>\n\t<meta property=\"og:image:height\" content=\"766\" \/>\n\t<meta property=\"og:image:type\" content=\"image\/jpeg\" \/>\n<meta name=\"author\" content=\"Ag\u00eancia iNFRA\" \/>\n<meta name=\"twitter:card\" content=\"summary_large_image\" \/>\n<meta name=\"twitter:creator\" content=\"@agencia_infra\" \/>\n<meta name=\"twitter:site\" content=\"@agencia_infra\" \/>\n<meta name=\"twitter:label1\" content=\"Escrito por\" \/>\n\t<meta name=\"twitter:data1\" content=\"Ag\u00eancia iNFRA\" \/>\n\t<meta name=\"twitter:label2\" content=\"Est. tempo de leitura\" \/>\n\t<meta name=\"twitter:data2\" content=\"5 minutos\" \/>\n<script type=\"application\/ld+json\" class=\"yoast-schema-graph\">{\"@context\":\"https:\/\/schema.org\",\"@graph\":[{\"@type\":\"Article\",\"@id\":\"https:\/\/agenciainfra.com\/blog\/alteracoes-no-icms-de-combustiveis-sao-muito-importantes-diz-ceo-da-vibra\/#article\",\"isPartOf\":{\"@id\":\"https:\/\/agenciainfra.com\/blog\/alteracoes-no-icms-de-combustiveis-sao-muito-importantes-diz-ceo-da-vibra\/\"},\"author\":{\"name\":\"Ag\u00eancia iNFRA\",\"@id\":\"https:\/\/agenciainfra.com\/blog\/#\/schema\/person\/34af08dff6adea4cb22b06612ba7acfa\"},\"headline\":\"Altera\u00e7\u00f5es no ICMS de combust\u00edveis &#8220;s\u00e3o muito importantes&#8221;, diz CEO da Vibra\",\"datePublished\":\"2022-03-07T11:00:00+00:00\",\"dateModified\":\"2025-05-07T11:23:21+00:00\",\"mainEntityOfPage\":{\"@id\":\"https:\/\/agenciainfra.com\/blog\/alteracoes-no-icms-de-combustiveis-sao-muito-importantes-diz-ceo-da-vibra\/\"},\"wordCount\":978,\"publisher\":{\"@id\":\"https:\/\/agenciainfra.com\/blog\/#organization\"},\"image\":{\"@id\":\"https:\/\/agenciainfra.com\/blog\/alteracoes-no-icms-de-combustiveis-sao-muito-importantes-diz-ceo-da-vibra\/#primaryimage\"},\"thumbnailUrl\":\"https:\/\/agenciainfra.com\/blog\/wp-content\/uploads\/2022\/03\/wilson-ferreira-junior-foto-tomaz-silva-agencia-brasil.jpg\",\"keywords\":[\"combust\u00edveis\",\"guerra na Ucr\u00e2nia\",\"ICMS\",\"mercado de energia\",\"petr\u00f3leo\",\"PL 1472\/2021\",\"PLP 11\/2020\",\"pre\u00e7o dos combust\u00edveis\",\"Vibra Energia\",\"Wilson Ferreira\"],\"articleSection\":[\"Geral\",\"iNFRAEnergia\",\"\u00d3leo &amp; G\u00e1s\"],\"inLanguage\":\"pt-BR\",\"copyrightYear\":\"2022\",\"copyrightHolder\":{\"@id\":\"https:\/\/agenciainfra.com\/blog\/#organization\"}},{\"@type\":\"WebPage\",\"@id\":\"https:\/\/agenciainfra.com\/blog\/alteracoes-no-icms-de-combustiveis-sao-muito-importantes-diz-ceo-da-vibra\/\",\"url\":\"https:\/\/agenciainfra.com\/blog\/alteracoes-no-icms-de-combustiveis-sao-muito-importantes-diz-ceo-da-vibra\/\",\"name\":\"Altera\u00e7\u00f5es no ICMS de combust\u00edveis \\\"s\u00e3o muito importantes\\\", diz CEO da Vibra - Ag\u00eancia iNFRA\",\"isPartOf\":{\"@id\":\"https:\/\/agenciainfra.com\/blog\/#website\"},\"primaryImageOfPage\":{\"@id\":\"https:\/\/agenciainfra.com\/blog\/alteracoes-no-icms-de-combustiveis-sao-muito-importantes-diz-ceo-da-vibra\/#primaryimage\"},\"image\":{\"@id\":\"https:\/\/agenciainfra.com\/blog\/alteracoes-no-icms-de-combustiveis-sao-muito-importantes-diz-ceo-da-vibra\/#primaryimage\"},\"thumbnailUrl\":\"https:\/\/agenciainfra.com\/blog\/wp-content\/uploads\/2022\/03\/wilson-ferreira-junior-foto-tomaz-silva-agencia-brasil.jpg\",\"datePublished\":\"2022-03-07T11:00:00+00:00\",\"dateModified\":\"2025-05-07T11:23:21+00:00\",\"breadcrumb\":{\"@id\":\"https:\/\/agenciainfra.com\/blog\/alteracoes-no-icms-de-combustiveis-sao-muito-importantes-diz-ceo-da-vibra\/#breadcrumb\"},\"inLanguage\":\"pt-BR\",\"potentialAction\":[{\"@type\":\"ReadAction\",\"target\":[\"https:\/\/agenciainfra.com\/blog\/alteracoes-no-icms-de-combustiveis-sao-muito-importantes-diz-ceo-da-vibra\/\"]}]},{\"@type\":\"ImageObject\",\"inLanguage\":\"pt-BR\",\"@id\":\"https:\/\/agenciainfra.com\/blog\/alteracoes-no-icms-de-combustiveis-sao-muito-importantes-diz-ceo-da-vibra\/#primaryimage\",\"url\":\"https:\/\/agenciainfra.com\/blog\/wp-content\/uploads\/2022\/03\/wilson-ferreira-junior-foto-tomaz-silva-agencia-brasil.jpg\",\"contentUrl\":\"https:\/\/agenciainfra.com\/blog\/wp-content\/uploads\/2022\/03\/wilson-ferreira-junior-foto-tomaz-silva-agencia-brasil.jpg\",\"width\":1280,\"height\":766,\"caption\":\"O presidente da Eletrobras, Wilson Ferreira Junior, apresenta os resultados do segundo trimestre e o andamento do Plano Diretor de Neg\u00f3cios e Gest\u00e3o 2019-2023 da empresa, durante coletiva \u00e0 impresa\"},{\"@type\":\"BreadcrumbList\",\"@id\":\"https:\/\/agenciainfra.com\/blog\/alteracoes-no-icms-de-combustiveis-sao-muito-importantes-diz-ceo-da-vibra\/#breadcrumb\",\"itemListElement\":[{\"@type\":\"ListItem\",\"position\":1,\"name\":\"In\u00edcio\",\"item\":\"https:\/\/agenciainfra.com\/blog\/\"},{\"@type\":\"ListItem\",\"position\":2,\"name\":\"Altera\u00e7\u00f5es no ICMS de combust\u00edveis &#8220;s\u00e3o muito importantes&#8221;, diz CEO da Vibra\"}]},{\"@type\":\"WebSite\",\"@id\":\"https:\/\/agenciainfra.com\/blog\/#website\",\"url\":\"https:\/\/agenciainfra.com\/blog\/\",\"name\":\"Ag\u00eancia iNFRA\",\"description\":\"Multiplataforma de informa\u00e7\u00e3o jornal\u00edstica refer\u00eancia na \u00e1rea de infraestrutura no Brasil!\",\"publisher\":{\"@id\":\"https:\/\/agenciainfra.com\/blog\/#organization\"},\"potentialAction\":[{\"@type\":\"SearchAction\",\"target\":{\"@type\":\"EntryPoint\",\"urlTemplate\":\"https:\/\/agenciainfra.com\/blog\/?s={search_term_string}\"},\"query-input\":{\"@type\":\"PropertyValueSpecification\",\"valueRequired\":true,\"valueName\":\"search_term_string\"}}],\"inLanguage\":\"pt-BR\"},{\"@type\":\"Organization\",\"@id\":\"https:\/\/agenciainfra.com\/blog\/#organization\",\"name\":\"Ag\u00eancia iNFRA\",\"url\":\"https:\/\/agenciainfra.com\/blog\/\",\"logo\":{\"@type\":\"ImageObject\",\"inLanguage\":\"pt-BR\",\"@id\":\"https:\/\/agenciainfra.com\/blog\/#\/schema\/logo\/image\/\",\"url\":\"https:\/\/agenciainfra.com\/blog\/wp-content\/uploads\/2023\/09\/iNFRA_5-e1761735885940.png\",\"contentUrl\":\"https:\/\/agenciainfra.com\/blog\/wp-content\/uploads\/2023\/09\/iNFRA_5-e1761735885940.png\",\"width\":1672,\"height\":454,\"caption\":\"Ag\u00eancia iNFRA\"},\"image\":{\"@id\":\"https:\/\/agenciainfra.com\/blog\/#\/schema\/logo\/image\/\"},\"sameAs\":[\"https:\/\/www.facebook.com\/ageninfra\",\"https:\/\/x.com\/agencia_infra\",\"https:\/\/www.linkedin.com\/company\/ag\u00eanciainfra\/\",\"https:\/\/www.instagram.com\/agenciainfra\/\"]},{\"@type\":\"Person\",\"@id\":\"https:\/\/agenciainfra.com\/blog\/#\/schema\/person\/34af08dff6adea4cb22b06612ba7acfa\",\"name\":\"Ag\u00eancia iNFRA\",\"image\":{\"@type\":\"ImageObject\",\"inLanguage\":\"pt-BR\",\"@id\":\"https:\/\/agenciainfra.com\/blog\/#\/schema\/person\/image\/\",\"url\":\"https:\/\/secure.gravatar.com\/avatar\/d189e01678f06d8eb84d4e01f08eb848b3fffe3f8443818d3c356c66892f5be8?s=96&d=mm&r=g\",\"contentUrl\":\"https:\/\/secure.gravatar.com\/avatar\/d189e01678f06d8eb84d4e01f08eb848b3fffe3f8443818d3c356c66892f5be8?s=96&d=mm&r=g\",\"caption\":\"Ag\u00eancia iNFRA\"},\"url\":\"https:\/\/agenciainfra.com\/blog\/author\/admin\/\"}]}<\/script>\n<!-- \/ Yoast SEO Premium plugin. -->","yoast_head_json":{"title":"Altera\u00e7\u00f5es no ICMS de combust\u00edveis \"s\u00e3o muito importantes\", diz CEO da Vibra - Ag\u00eancia iNFRA","robots":{"index":"index","follow":"follow","max-snippet":"max-snippet:-1","max-image-preview":"max-image-preview:large","max-video-preview":"max-video-preview:-1"},"canonical":"https:\/\/agenciainfra.com\/blog\/alteracoes-no-icms-de-combustiveis-sao-muito-importantes-diz-ceo-da-vibra\/","og_locale":"pt_BR","og_type":"article","og_title":"Altera\u00e7\u00f5es no ICMS de combust\u00edveis \"s\u00e3o muito importantes\", diz CEO da Vibra","og_description":"Ludmylla Rocha, da&nbsp;Ag\u00eancia iNFRA O presidente da Vibra Energia, Wilson Ferreira Jr., afirmou na \u00faltima quinta-feira (3) que as mudan\u00e7as na cobran\u00e7a de ICMS sobre combust\u00edveis previstas no\u00a0PLP 11\/2020, que deve ser votado no Senado nesta semana, &#8220;s\u00e3o muito importantes&#8221; para este mercado e est\u00e3o sendo realizadas num bom momento. &#8220;Seria o momento certo para [&hellip;]","og_url":"https:\/\/agenciainfra.com\/blog\/alteracoes-no-icms-de-combustiveis-sao-muito-importantes-diz-ceo-da-vibra\/","og_site_name":"Ag\u00eancia iNFRA","article_publisher":"https:\/\/www.facebook.com\/ageninfra","article_published_time":"2022-03-07T11:00:00+00:00","article_modified_time":"2025-05-07T11:23:21+00:00","og_image":[{"width":1280,"height":766,"url":"https:\/\/agenciainfra.com\/blog\/wp-content\/uploads\/2022\/03\/wilson-ferreira-junior-foto-tomaz-silva-agencia-brasil.jpg","type":"image\/jpeg"}],"author":"Ag\u00eancia iNFRA","twitter_card":"summary_large_image","twitter_creator":"@agencia_infra","twitter_site":"@agencia_infra","twitter_misc":{"Escrito por":"Ag\u00eancia iNFRA","Est. tempo de leitura":"5 minutos"},"schema":{"@context":"https:\/\/schema.org","@graph":[{"@type":"Article","@id":"https:\/\/agenciainfra.com\/blog\/alteracoes-no-icms-de-combustiveis-sao-muito-importantes-diz-ceo-da-vibra\/#article","isPartOf":{"@id":"https:\/\/agenciainfra.com\/blog\/alteracoes-no-icms-de-combustiveis-sao-muito-importantes-diz-ceo-da-vibra\/"},"author":{"name":"Ag\u00eancia iNFRA","@id":"https:\/\/agenciainfra.com\/blog\/#\/schema\/person\/34af08dff6adea4cb22b06612ba7acfa"},"headline":"Altera\u00e7\u00f5es no ICMS de combust\u00edveis &#8220;s\u00e3o muito importantes&#8221;, diz CEO da Vibra","datePublished":"2022-03-07T11:00:00+00:00","dateModified":"2025-05-07T11:23:21+00:00","mainEntityOfPage":{"@id":"https:\/\/agenciainfra.com\/blog\/alteracoes-no-icms-de-combustiveis-sao-muito-importantes-diz-ceo-da-vibra\/"},"wordCount":978,"publisher":{"@id":"https:\/\/agenciainfra.com\/blog\/#organization"},"image":{"@id":"https:\/\/agenciainfra.com\/blog\/alteracoes-no-icms-de-combustiveis-sao-muito-importantes-diz-ceo-da-vibra\/#primaryimage"},"thumbnailUrl":"https:\/\/agenciainfra.com\/blog\/wp-content\/uploads\/2022\/03\/wilson-ferreira-junior-foto-tomaz-silva-agencia-brasil.jpg","keywords":["combust\u00edveis","guerra na Ucr\u00e2nia","ICMS","mercado de energia","petr\u00f3leo","PL 1472\/2021","PLP 11\/2020","pre\u00e7o dos combust\u00edveis","Vibra Energia","Wilson Ferreira"],"articleSection":["Geral","iNFRAEnergia","\u00d3leo &amp; G\u00e1s"],"inLanguage":"pt-BR","copyrightYear":"2022","copyrightHolder":{"@id":"https:\/\/agenciainfra.com\/blog\/#organization"}},{"@type":"WebPage","@id":"https:\/\/agenciainfra.com\/blog\/alteracoes-no-icms-de-combustiveis-sao-muito-importantes-diz-ceo-da-vibra\/","url":"https:\/\/agenciainfra.com\/blog\/alteracoes-no-icms-de-combustiveis-sao-muito-importantes-diz-ceo-da-vibra\/","name":"Altera\u00e7\u00f5es no ICMS de combust\u00edveis \"s\u00e3o muito importantes\", diz CEO da Vibra - Ag\u00eancia iNFRA","isPartOf":{"@id":"https:\/\/agenciainfra.com\/blog\/#website"},"primaryImageOfPage":{"@id":"https:\/\/agenciainfra.com\/blog\/alteracoes-no-icms-de-combustiveis-sao-muito-importantes-diz-ceo-da-vibra\/#primaryimage"},"image":{"@id":"https:\/\/agenciainfra.com\/blog\/alteracoes-no-icms-de-combustiveis-sao-muito-importantes-diz-ceo-da-vibra\/#primaryimage"},"thumbnailUrl":"https:\/\/agenciainfra.com\/blog\/wp-content\/uploads\/2022\/03\/wilson-ferreira-junior-foto-tomaz-silva-agencia-brasil.jpg","datePublished":"2022-03-07T11:00:00+00:00","dateModified":"2025-05-07T11:23:21+00:00","breadcrumb":{"@id":"https:\/\/agenciainfra.com\/blog\/alteracoes-no-icms-de-combustiveis-sao-muito-importantes-diz-ceo-da-vibra\/#breadcrumb"},"inLanguage":"pt-BR","potentialAction":[{"@type":"ReadAction","target":["https:\/\/agenciainfra.com\/blog\/alteracoes-no-icms-de-combustiveis-sao-muito-importantes-diz-ceo-da-vibra\/"]}]},{"@type":"ImageObject","inLanguage":"pt-BR","@id":"https:\/\/agenciainfra.com\/blog\/alteracoes-no-icms-de-combustiveis-sao-muito-importantes-diz-ceo-da-vibra\/#primaryimage","url":"https:\/\/agenciainfra.com\/blog\/wp-content\/uploads\/2022\/03\/wilson-ferreira-junior-foto-tomaz-silva-agencia-brasil.jpg","contentUrl":"https:\/\/agenciainfra.com\/blog\/wp-content\/uploads\/2022\/03\/wilson-ferreira-junior-foto-tomaz-silva-agencia-brasil.jpg","width":1280,"height":766,"caption":"O presidente da Eletrobras, Wilson Ferreira Junior, apresenta os resultados do segundo trimestre e o andamento do Plano Diretor de Neg\u00f3cios e Gest\u00e3o 2019-2023 da empresa, durante coletiva \u00e0 impresa"},{"@type":"BreadcrumbList","@id":"https:\/\/agenciainfra.com\/blog\/alteracoes-no-icms-de-combustiveis-sao-muito-importantes-diz-ceo-da-vibra\/#breadcrumb","itemListElement":[{"@type":"ListItem","position":1,"name":"In\u00edcio","item":"https:\/\/agenciainfra.com\/blog\/"},{"@type":"ListItem","position":2,"name":"Altera\u00e7\u00f5es no ICMS de combust\u00edveis &#8220;s\u00e3o muito importantes&#8221;, diz CEO da Vibra"}]},{"@type":"WebSite","@id":"https:\/\/agenciainfra.com\/blog\/#website","url":"https:\/\/agenciainfra.com\/blog\/","name":"Ag\u00eancia iNFRA","description":"Multiplataforma de informa\u00e7\u00e3o jornal\u00edstica refer\u00eancia na \u00e1rea de infraestrutura no Brasil!","publisher":{"@id":"https:\/\/agenciainfra.com\/blog\/#organization"},"potentialAction":[{"@type":"SearchAction","target":{"@type":"EntryPoint","urlTemplate":"https:\/\/agenciainfra.com\/blog\/?s={search_term_string}"},"query-input":{"@type":"PropertyValueSpecification","valueRequired":true,"valueName":"search_term_string"}}],"inLanguage":"pt-BR"},{"@type":"Organization","@id":"https:\/\/agenciainfra.com\/blog\/#organization","name":"Ag\u00eancia iNFRA","url":"https:\/\/agenciainfra.com\/blog\/","logo":{"@type":"ImageObject","inLanguage":"pt-BR","@id":"https:\/\/agenciainfra.com\/blog\/#\/schema\/logo\/image\/","url":"https:\/\/agenciainfra.com\/blog\/wp-content\/uploads\/2023\/09\/iNFRA_5-e1761735885940.png","contentUrl":"https:\/\/agenciainfra.com\/blog\/wp-content\/uploads\/2023\/09\/iNFRA_5-e1761735885940.png","width":1672,"height":454,"caption":"Ag\u00eancia iNFRA"},"image":{"@id":"https:\/\/agenciainfra.com\/blog\/#\/schema\/logo\/image\/"},"sameAs":["https:\/\/www.facebook.com\/ageninfra","https:\/\/x.com\/agencia_infra","https:\/\/www.linkedin.com\/company\/ag\u00eanciainfra\/","https:\/\/www.instagram.com\/agenciainfra\/"]},{"@type":"Person","@id":"https:\/\/agenciainfra.com\/blog\/#\/schema\/person\/34af08dff6adea4cb22b06612ba7acfa","name":"Ag\u00eancia iNFRA","image":{"@type":"ImageObject","inLanguage":"pt-BR","@id":"https:\/\/agenciainfra.com\/blog\/#\/schema\/person\/image\/","url":"https:\/\/secure.gravatar.com\/avatar\/d189e01678f06d8eb84d4e01f08eb848b3fffe3f8443818d3c356c66892f5be8?s=96&d=mm&r=g","contentUrl":"https:\/\/secure.gravatar.com\/avatar\/d189e01678f06d8eb84d4e01f08eb848b3fffe3f8443818d3c356c66892f5be8?s=96&d=mm&r=g","caption":"Ag\u00eancia iNFRA"},"url":"https:\/\/agenciainfra.com\/blog\/author\/admin\/"}]}},"_links":{"self":[{"href":"https:\/\/agenciainfra.com\/blog\/wp-json\/wp\/v2\/posts\/9690","targetHints":{"allow":["GET"]}}],"collection":[{"href":"https:\/\/agenciainfra.com\/blog\/wp-json\/wp\/v2\/posts"}],"about":[{"href":"https:\/\/agenciainfra.com\/blog\/wp-json\/wp\/v2\/types\/post"}],"author":[{"embeddable":true,"href":"https:\/\/agenciainfra.com\/blog\/wp-json\/wp\/v2\/users\/1"}],"replies":[{"embeddable":true,"href":"https:\/\/agenciainfra.com\/blog\/wp-json\/wp\/v2\/comments?post=9690"}],"version-history":[{"count":2,"href":"https:\/\/agenciainfra.com\/blog\/wp-json\/wp\/v2\/posts\/9690\/revisions"}],"predecessor-version":[{"id":21442,"href":"https:\/\/agenciainfra.com\/blog\/wp-json\/wp\/v2\/posts\/9690\/revisions\/21442"}],"wp:featuredmedia":[{"embeddable":true,"href":"https:\/\/agenciainfra.com\/blog\/wp-json\/wp\/v2\/media\/9691"}],"wp:attachment":[{"href":"https:\/\/agenciainfra.com\/blog\/wp-json\/wp\/v2\/media?parent=9690"}],"wp:term":[{"taxonomy":"category","embeddable":true,"href":"https:\/\/agenciainfra.com\/blog\/wp-json\/wp\/v2\/categories?post=9690"},{"taxonomy":"post_tag","embeddable":true,"href":"https:\/\/agenciainfra.com\/blog\/wp-json\/wp\/v2\/tags?post=9690"}],"curies":[{"name":"wp","href":"https:\/\/api.w.org\/{rel}","templated":true}]}}